{"id":1002,"date":"2023-07-24T23:14:34","date_gmt":"2023-07-24T21:14:34","guid":{"rendered":"http:\/\/unaymilletras.com\/?p=1002"},"modified":"2023-07-25T00:01:33","modified_gmt":"2023-07-24T22:01:33","slug":"rels-b-estrena-album-para-con-el-que-nos-traslada-a-su-lado-mas-afro","status":"publish","type":"post","link":"https:\/\/unaymilletras.com\/en\/rels-b-estrena-album-para-con-el-que-nos-traslada-a-su-lado-mas-afro\/","title":{"rendered":"Rels B estrena \u00e1lbum, con el que nos traslada a su lado m\u00e1s Afro"},"content":{"rendered":"<div data-elementor-type=\"wp-post\" data-elementor-id=\"1002\" class=\"elementor elementor-1002\">\n\t\t\t\t\t\t<section class=\"elementor-section elementor-top-section elementor-element elementor-element-023d30f elementor-section-boxed elementor-section-height-default elementor-section-height-default\" data-id=\"023d30f\" data-element_type=\"section\" data-e-type=\"section\">\n\t\t\t\t\t\t<div class=\"elementor-container elementor-column-gap-default\">\n\t\t\t\t\t<div class=\"elementor-column elementor-col-100 elementor-top-column elementor-element elementor-element-6620a06\" data-id=\"6620a06\" data-element_type=\"column\" data-e-type=\"column\">\n\t\t\t<div class=\"elementor-widget-wrap elementor-element-populated\">\n\t\t\t\t\t\t<div class=\"elementor-element elementor-element-27d16a1 elementor-widget elementor-widget-text-editor\" data-id=\"27d16a1\" data-element_type=\"widget\" data-e-type=\"widget\" data-widget_type=\"text-editor.default\">\n\t\t\t\t<div class=\"elementor-widget-container\">\n\t\t\t\t\t\t\t\t\t<h2><span style=\"color: #808080;\"><em>9 canciones componen \u201cAfroLOVA\u2019 23\u201d, el nuevo disco de Rels B<\/em><\/span><\/h2>\t\t\t\t\t\t\t\t<\/div>\n\t\t\t\t<\/div>\n\t\t\t\t\t<\/div>\n\t\t<\/div>\n\t\t\t\t\t<\/div>\n\t\t<\/section>\n\t\t\t\t<section class=\"elementor-section elementor-top-section elementor-element elementor-element-7884de2 elementor-section-boxed elementor-section-height-default elementor-section-height-default\" data-id=\"7884de2\" data-element_type=\"section\" data-e-type=\"section\">\n\t\t\t\t\t\t<div class=\"elementor-container elementor-column-gap-default\">\n\t\t\t\t\t<div class=\"elementor-column elementor-col-100 elementor-top-column elementor-element elementor-element-c4c3a01\" data-id=\"c4c3a01\" data-element_type=\"column\" data-e-type=\"column\">\n\t\t\t<div class=\"elementor-widget-wrap elementor-element-populated\">\n\t\t\t\t\t\t<div class=\"elementor-element elementor-element-d65c8bc elementor-widget elementor-widget-text-editor\" data-id=\"d65c8bc\" data-element_type=\"widget\" data-e-type=\"widget\" data-widget_type=\"text-editor.default\">\n\t\t\t\t<div class=\"elementor-widget-container\">\n\t\t\t\t\t\t\t\t\t<p>H<span style=\"color: #808080;\">ace una semana, el rapero <strong>Rels B<\/strong> estrenaba <strong><em><a style=\"color: #808080;\" href=\"https:\/\/open.spotify.com\/track\/5ak67nfN54lbm0ophfLj2t?si=ca03fbd66d21430d\">Un Rodeoooo<\/a><\/em><\/strong>. Ahora, pocos d\u00edas despu\u00e9s estrena <a style=\"color: #808080;\" href=\"https:\/\/open.spotify.com\/album\/4eycRqS93AqCf74BVzj6JP?si=K3L0RlZ8R1KMNQs8fTwEOw\"><strong><em>AfroLOVA\u2019 23<\/em><\/strong> <\/a>el \u00e1lbum completo en el que se encuen<\/span>tra la canci\u00f3n. Con 9 canciones el cantante nos transporta al lado m\u00e1s Afro que ha mostrado hasta el momento.<\/p>\t\t\t\t\t\t\t\t<\/div>\n\t\t\t\t<\/div>\n\t\t\t\t\t<\/div>\n\t\t<\/div>\n\t\t\t\t\t<\/div>\n\t\t<\/section>\n\t\t\t\t<section class=\"elementor-section elementor-top-section elementor-element elementor-element-0cc9930 elementor-section-boxed elementor-section-height-default elementor-section-height-default\" data-id=\"0cc9930\" data-element_type=\"section\" data-e-type=\"section\">\n\t\t\t\t\t\t<div class=\"elementor-container elementor-column-gap-default\">\n\t\t\t\t\t<div class=\"elementor-column elementor-col-100 elementor-top-column elementor-element elementor-element-56e4d7f\" data-id=\"56e4d7f\" data-element_type=\"column\" data-e-type=\"column\">\n\t\t\t<div class=\"elementor-widget-wrap elementor-element-populated\">\n\t\t\t\t\t\t<div class=\"elementor-element elementor-element-5361f9c elementor-widget elementor-widget-image\" data-id=\"5361f9c\" data-element_type=\"widget\" data-e-type=\"widget\" data-widget_type=\"image.default\">\n\t\t\t\t<div class=\"elementor-widget-container\">\n\t\t\t\t\t\t\t\t\t\t\t\t\t\t\t<img fetchpriority=\"high\" decoding=\"async\" width=\"640\" height=\"640\" src=\"https:\/\/unaymilletras.com\/wp-content\/uploads\/2023\/07\/J01v3m_cover-1024x1024.jpg\" class=\"attachment-large size-large wp-image-1004\" alt=\"Rels B\" srcset=\"https:\/\/unaymilletras.com\/wp-content\/uploads\/2023\/07\/J01v3m_cover-1024x1024.jpg 1024w, https:\/\/unaymilletras.com\/wp-content\/uploads\/2023\/07\/J01v3m_cover-scaled-e1690232413546-300x300.jpg 300w, https:\/\/unaymilletras.com\/wp-content\/uploads\/2023\/07\/J01v3m_cover-scaled-e1690232413546-150x150.jpg 150w, https:\/\/unaymilletras.com\/wp-content\/uploads\/2023\/07\/J01v3m_cover-768x768.jpg 768w, https:\/\/unaymilletras.com\/wp-content\/uploads\/2023\/07\/J01v3m_cover-1536x1536.jpg 1536w, https:\/\/unaymilletras.com\/wp-content\/uploads\/2023\/07\/J01v3m_cover-2048x2048.jpg 2048w, https:\/\/unaymilletras.com\/wp-content\/uploads\/2023\/07\/J01v3m_cover-scaled-e1690232413546.jpg 600w\" sizes=\"(max-width: 640px) 100vw, 640px\" \/>\t\t\t\t\t\t\t\t\t\t\t\t\t\t\t<\/div>\n\t\t\t\t<\/div>\n\t\t\t\t\t<\/div>\n\t\t<\/div>\n\t\t\t\t\t<\/div>\n\t\t<\/section>\n\t\t\t\t<section class=\"elementor-section elementor-top-section elementor-element elementor-element-9c8b940 elementor-section-boxed elementor-section-height-default elementor-section-height-default\" data-id=\"9c8b940\" data-element_type=\"section\" data-e-type=\"section\">\n\t\t\t\t\t\t<div class=\"elementor-container elementor-column-gap-default\">\n\t\t\t\t\t<div class=\"elementor-column elementor-col-100 elementor-top-column elementor-element elementor-element-f76f7d5\" data-id=\"f76f7d5\" data-element_type=\"column\" data-e-type=\"column\">\n\t\t\t<div class=\"elementor-widget-wrap elementor-element-populated\">\n\t\t\t\t\t\t<div class=\"elementor-element elementor-element-d26ae92 elementor-widget elementor-widget-text-editor\" data-id=\"d26ae92\" data-element_type=\"widget\" data-e-type=\"widget\" data-widget_type=\"text-editor.default\">\n\t\t\t\t<div class=\"elementor-widget-container\">\n\t\t\t\t\t\t\t\t\t<p>Para este disco, ha trabajado de la mano con productores como <strong>Tempoe<\/strong>, el productor nigeriano que vive en Londres y con el que ha creado canciones que han sido un \u00e9xito dentro del g\u00e9nero Afro. Asimismo, ha colaborado con <strong>Taiko<\/strong> o <strong>Noise<\/strong> <strong>Up<\/strong>. Pero tambi\u00e9n ha contado con la ayuda de sus productores habituales <strong>Itchy &amp; Buco Sounds<\/strong>.<\/p><p>Antes del lanzamiento, el artista ya hab\u00eda es<span style=\"color: #808080;\">trenado <strong><em><a style=\"color: #808080;\" href=\"https:\/\/open.spotify.com\/track\/7fHyvps8HsC8dFO3mQ3Itv?si=649633e9bf4f44ad\">Sin Gato (MIAU!)<\/a><\/em><\/strong>. Esta<\/span> canci\u00f3n tambi\u00e9n se encuentra dentro del nuevo disco y ya ha conseguido acumular m\u00e1s de 25 millones de escuchas en Spotify.<\/p>\t\t\t\t\t\t\t\t<\/div>\n\t\t\t\t<\/div>\n\t\t\t\t\t<\/div>\n\t\t<\/div>\n\t\t\t\t\t<\/div>\n\t\t<\/section>\n\t\t\t\t<section class=\"elementor-section elementor-top-section elementor-element elementor-element-5086001 elementor-section-boxed elementor-section-height-default elementor-section-height-default\" data-id=\"5086001\" data-element_type=\"section\" data-e-type=\"section\">\n\t\t\t\t\t\t<div class=\"elementor-container elementor-column-gap-default\">\n\t\t\t\t\t<div class=\"elementor-column elementor-col-100 elementor-top-column elementor-element elementor-element-d0e4fbc\" data-id=\"d0e4fbc\" data-element_type=\"column\" data-e-type=\"column\">\n\t\t\t<div class=\"elementor-widget-wrap elementor-element-populated\">\n\t\t\t\t\t\t<div class=\"elementor-element elementor-element-4a1d99a elementor-widget-divider--view-line elementor-widget elementor-widget-divider\" data-id=\"4a1d99a\" data-element_type=\"widget\" data-e-type=\"widget\" data-widget_type=\"divider.default\">\n\t\t\t\t<div class=\"elementor-widget-container\">\n\t\t\t\t\t\t\t<div class=\"elementor-divider\">\n\t\t\t<span class=\"elementor-divider-separator\">\n\t\t\t\t\t\t<\/span>\n\t\t<\/div>\n\t\t\t\t\t\t<\/div>\n\t\t\t\t<\/div>\n\t\t\t\t<div class=\"elementor-element elementor-element-303fd20 elementor-widget elementor-widget-text-editor\" data-id=\"303fd20\" data-element_type=\"widget\" data-e-type=\"widget\" data-widget_type=\"text-editor.default\">\n\t\t\t\t<div class=\"elementor-widget-container\">\n\t\t\t\t\t\t\t\t\t<div class=\"layoutArea\"><div class=\"column\"><p><strong>TRACKLIST AFROLOVA\u2019 23<\/strong><\/p><\/div><\/div><div class=\"layoutArea\"><div class=\"column\"><p>1. AfroLOVA\u2019<br \/>2. Un Rodeoooo<br \/>3. Sin Gato (MIAU!) 4. baby BOO<br \/>5. Solita y sueltAAA 6. \u201cUn Tiempo\u201d jajajajja 7. Media Pastiii<br \/>8. No Se Si Tu No<br \/>9. SONRI\u0301E &lt;3<\/p><\/div><\/div>\t\t\t\t\t\t\t\t<\/div>\n\t\t\t\t<\/div>\n\t\t\t\t<div class=\"elementor-element elementor-element-c584085 elementor-widget-divider--view-line elementor-widget elementor-widget-divider\" data-id=\"c584085\" data-element_type=\"widget\" data-e-type=\"widget\" data-widget_type=\"divider.default\">\n\t\t\t\t<div class=\"elementor-widget-container\">\n\t\t\t\t\t\t\t<div class=\"elementor-divider\">\n\t\t\t<span class=\"elementor-divider-separator\">\n\t\t\t\t\t\t<\/span>\n\t\t<\/div>\n\t\t\t\t\t\t<\/div>\n\t\t\t\t<\/div>\n\t\t\t\t\t<\/div>\n\t\t<\/div>\n\t\t\t\t\t<\/div>\n\t\t<\/section>\n\t\t\t\t<section class=\"elementor-section elementor-top-section elementor-element elementor-element-f15c8a2 elementor-section-boxed elementor-section-height-default elementor-section-height-default\" data-id=\"f15c8a2\" data-element_type=\"section\" data-e-type=\"section\">\n\t\t\t\t\t\t<div class=\"elementor-container elementor-column-gap-default\">\n\t\t\t\t\t<div class=\"elementor-column elementor-col-100 elementor-top-column elementor-element elementor-element-c3467f9\" data-id=\"c3467f9\" data-element_type=\"column\" data-e-type=\"column\">\n\t\t\t<div class=\"elementor-widget-wrap elementor-element-populated\">\n\t\t\t\t\t\t<div class=\"elementor-element elementor-element-20998f5 elementor-widget elementor-widget-text-editor\" data-id=\"20998f5\" data-element_type=\"widget\" data-e-type=\"widget\" data-widget_type=\"text-editor.default\">\n\t\t\t\t<div class=\"elementor-widget-container\">\n\t\t\t\t\t\t\t\t\t<p>Adem\u00e1s, la parte visual del disco cuenta con 7 viasualizers en los que Rels B junto a Rose, su robot, viajan por 7 planetas distintos originales de este disco. Estos los ha creado\u00a0<strong>Shxpir<\/strong>, el director creativo asentado en Nueva York y que ha trabajado con artistas como Lil Nas X.<\/p>\t\t\t\t\t\t\t\t<\/div>\n\t\t\t\t<\/div>\n\t\t\t\t\t<\/div>\n\t\t<\/div>\n\t\t\t\t\t<\/div>\n\t\t<\/section>\n\t\t\t\t<section class=\"elementor-section elementor-top-section elementor-element elementor-element-61131cf elementor-section-boxed elementor-section-height-default elementor-section-height-default\" data-id=\"61131cf\" data-element_type=\"section\" data-e-type=\"section\">\n\t\t\t\t\t\t<div class=\"elementor-container elementor-column-gap-default\">\n\t\t\t\t\t<div class=\"elementor-column elementor-col-100 elementor-top-column elementor-element elementor-element-35af8e1\" data-id=\"35af8e1\" data-element_type=\"column\" data-e-type=\"column\">\n\t\t\t<div class=\"elementor-widget-wrap elementor-element-populated\">\n\t\t\t\t\t\t<div class=\"elementor-element elementor-element-3d2fd06 elementor-widget elementor-widget-video\" data-id=\"3d2fd06\" data-element_type=\"widget\" data-e-type=\"widget\" data-settings=\"{&quot;youtube_url&quot;:&quot;https:\\\/\\\/www.youtube.com\\\/watch?v=ELv5pMum1ts&quot;,&quot;video_type&quot;:&quot;youtube&quot;,&quot;controls&quot;:&quot;yes&quot;}\" data-widget_type=\"video.default\">\n\t\t\t\t<div class=\"elementor-widget-container\">\n\t\t\t\t\t\t\t<div class=\"elementor-wrapper elementor-open-inline\">\n\t\t\t<div class=\"elementor-video\"><\/div>\t\t<\/div>\n\t\t\t\t\t\t<\/div>\n\t\t\t\t<\/div>\n\t\t\t\t\t<\/div>\n\t\t<\/div>\n\t\t\t\t\t<\/div>\n\t\t<\/section>\n\t\t\t\t<section class=\"elementor-section elementor-top-section elementor-element elementor-element-f636db1 elementor-section-boxed elementor-section-height-default elementor-section-height-default\" data-id=\"f636db1\" data-element_type=\"section\" data-e-type=\"section\">\n\t\t\t\t\t\t<div class=\"elementor-container elementor-column-gap-default\">\n\t\t\t\t\t<div class=\"elementor-column elementor-col-100 elementor-top-column elementor-element elementor-element-68a0b6e\" data-id=\"68a0b6e\" data-element_type=\"column\" data-e-type=\"column\">\n\t\t\t<div class=\"elementor-widget-wrap elementor-element-populated\">\n\t\t\t\t\t\t<div class=\"elementor-element elementor-element-2dbf4b1 elementor-widget elementor-widget-text-editor\" data-id=\"2dbf4b1\" data-element_type=\"widget\" data-e-type=\"widget\" data-widget_type=\"text-editor.default\">\n\t\t\t\t<div class=\"elementor-widget-container\">\n\t\t\t\t\t\t\t\t\t<p>Con este nuevo \u00e1lbum, el rapero nos demuestra nuevamente su versatilidad y creatividad. En \u00e9l se refleja su capacidad para innovar y experimentar con varios g\u00e9neros. Como el nombre de su disco refleja, tiene como principal el Afrobeat, que lo junta con otros estilos como el R&amp;B o el pop.<\/p><p>Rels B estar\u00e1 presentando este nuevo disco por distintas paradas repartidas entre Espa\u00f1a y Latinoam\u00e9rica. Asturias ha sido el primer lugar en<span style=\"color: #808080;\"> el que ha podido interpretar algunas de sus nuevas canciones durante el <strong><a style=\"color: #808080;\" href=\"http:\/\/unaymilletras.com\/en\/duki-lanza-rockstar-2-0-junto-a-jhayco\/\">Boombastic Festival<\/a><\/strong>. El cantante ha interpretado<\/span> un mix de sus temas m\u00e1s recientes junto a los antiguos ante m\u00e1s de 30.000 personas. Su pr\u00f3ximo destino es <strong>A Coru\u00f1a<\/strong> en el <strong>Morri\u00f1a Festival<\/strong>. Despu\u00e9s pasar\u00e1 por <strong>C\u00e1diz<\/strong> en el <strong>Bah\u00eda Sound<\/strong> y en noviembre volver\u00e1 a Espa\u00f1a para sus dos conciertos en <strong>Barcelona<\/strong> y <strong>Madrid<\/strong>. Mientras tanto, a partir de agosto viajar\u00e1 por <strong>M\u00e9xico<\/strong>, <strong>Per\u00fa<\/strong>, <strong>Chile<\/strong>, <strong>Argentina<\/strong> y <strong>Colombia<\/strong>.<\/p>\t\t\t\t\t\t\t\t<\/div>\n\t\t\t\t<\/div>\n\t\t\t\t\t<\/div>\n\t\t<\/div>\n\t\t\t\t\t<\/div>\n\t\t<\/section>\n\t\t\t\t<section class=\"elementor-section elementor-top-section elementor-element elementor-element-e7b8472 elementor-section-boxed elementor-section-height-default elementor-section-height-default\" data-id=\"e7b8472\" data-element_type=\"section\" data-e-type=\"section\">\n\t\t\t\t\t\t<div class=\"elementor-container elementor-column-gap-default\">\n\t\t\t\t\t<div class=\"elementor-column elementor-col-100 elementor-top-column elementor-element elementor-element-6ac53e9\" data-id=\"6ac53e9\" data-element_type=\"column\" data-e-type=\"column\">\n\t\t\t<div class=\"elementor-widget-wrap elementor-element-populated\">\n\t\t\t\t\t\t<div class=\"elementor-element elementor-element-c0ecce7 elementor-widget elementor-widget-image\" data-id=\"c0ecce7\" data-element_type=\"widget\" data-e-type=\"widget\" data-widget_type=\"image.default\">\n\t\t\t\t<div class=\"elementor-widget-container\">\n\t\t\t\t\t\t\t\t\t\t\t\t\t\t\t<img decoding=\"async\" width=\"576\" height=\"1024\" src=\"https:\/\/unaymilletras.com\/wp-content\/uploads\/2023\/07\/F0IjTLiWcA4DezJ-e1690232786503-576x1024.jpeg\" class=\"attachment-large size-large wp-image-1011\" alt=\"\" srcset=\"https:\/\/unaymilletras.com\/wp-content\/uploads\/2023\/07\/F0IjTLiWcA4DezJ-e1690232786503-576x1024.jpeg 576w, https:\/\/unaymilletras.com\/wp-content\/uploads\/2023\/07\/F0IjTLiWcA4DezJ-e1690232786503-169x300.jpeg 169w, https:\/\/unaymilletras.com\/wp-content\/uploads\/2023\/07\/F0IjTLiWcA4DezJ-e1690232786503.jpeg 600w\" sizes=\"(max-width: 576px) 100vw, 576px\" \/>\t\t\t\t\t\t\t\t\t\t\t\t\t\t\t<\/div>\n\t\t\t\t<\/div>\n\t\t\t\t\t<\/div>\n\t\t<\/div>\n\t\t\t\t\t<\/div>\n\t\t<\/section>\n\t\t\t\t<\/div>","protected":false},"excerpt":{"rendered":"<p>9 canciones componen \u201cAfroLOVA\u2019 23\u201d, el nuevo disco de Rels B Hace una semana, el rapero Rels B estrenaba Un Rodeoooo. Ahora, pocos d\u00edas despu\u00e9s estrena AfroLOVA\u2019 23 el \u00e1lbum completo en el que se encuentra la canci\u00f3n. Con 9 canciones el cantante nos transporta al lado m\u00e1s Afro que ha mostrado hasta el momento. [&hellip;]<\/p>\n","protected":false},"author":1,"featured_media":1004,"comment_status":"open","ping_status":"open","sticky":false,"template":"","format":"standard","meta":{"footnotes":""},"categories":[4],"tags":[],"class_list":["post-1002","post","type-post","status-publish","format-standard","has-post-thumbnail","hentry","category-musica"],"yoast_head":"<!-- This site is optimized with the Yoast SEO plugin v27.4 - https:\/\/yoast.com\/product\/yoast-seo-wordpress\/ -->\n<title>Rels B estrena \u00e1lbum, con el que nos traslada a su lado m\u00e1s Afro &#8902; Una y Mil Letras<\/title>\n<meta name=\"description\" content=\"9 canciones componen \u201cAfroLOVA\u2019 23\u201d, el nuevo disco de Rels B que presentar\u00e1 en una gira por Espa\u00f1a y Latinoam\u00e9rica\" \/>\n<meta name=\"robots\" content=\"index, follow, max-snippet:-1, max-image-preview:large, max-video-preview:-1\" \/>\n<link rel=\"canonical\" href=\"https:\/\/unaymilletras.com\/en\/rels-b-estrena-album-para-con-el-que-nos-traslada-a-su-lado-mas-afro\/\" \/>\n<meta property=\"og:locale\" content=\"en_GB\" \/>\n<meta property=\"og:type\" content=\"article\" \/>\n<meta property=\"og:title\" content=\"Rels B estrena \u00e1lbum, con el que nos traslada a su lado m\u00e1s Afro &#8902; Una y Mil Letras\" \/>\n<meta property=\"og:description\" content=\"9 canciones componen \u201cAfroLOVA\u2019 23\u201d, el nuevo disco de Rels B que presentar\u00e1 en una gira por Espa\u00f1a y Latinoam\u00e9rica\" \/>\n<meta property=\"og:url\" content=\"https:\/\/unaymilletras.com\/en\/rels-b-estrena-album-para-con-el-que-nos-traslada-a-su-lado-mas-afro\/\" \/>\n<meta property=\"og:site_name\" content=\"Una y Mil Letras\" \/>\n<meta property=\"article:published_time\" content=\"2023-07-24T21:14:34+00:00\" \/>\n<meta property=\"article:modified_time\" content=\"2023-07-24T22:01:33+00:00\" \/>\n<meta property=\"og:image\" content=\"https:\/\/unaymilletras.com\/wp-content\/uploads\/2023\/07\/J01v3m_cover-scaled-e1690232413546.jpg\" \/>\n\t<meta property=\"og:image:width\" content=\"600\" \/>\n\t<meta property=\"og:image:height\" content=\"600\" \/>\n\t<meta property=\"og:image:type\" content=\"image\/jpeg\" \/>\n<meta name=\"author\" content=\"Maria Gil Robledo\" \/>\n<meta name=\"twitter:card\" content=\"summary_large_image\" \/>\n<meta name=\"twitter:creator\" content=\"@UnaYMilLetras\" \/>\n<meta name=\"twitter:site\" content=\"@UnaYMilLetras\" \/>\n<meta name=\"twitter:label1\" content=\"Written by\" \/>\n\t<meta name=\"twitter:data1\" content=\"Maria Gil Robledo\" \/>\n\t<meta name=\"twitter:label2\" content=\"Estimated reading time\" \/>\n\t<meta name=\"twitter:data2\" content=\"3 minutes\" \/>\n<script type=\"application\/ld+json\" class=\"yoast-schema-graph\">{\"@context\":\"https:\\\/\\\/schema.org\",\"@graph\":[{\"@type\":\"Article\",\"@id\":\"https:\\\/\\\/unaymilletras.com\\\/rels-b-estrena-album-para-con-el-que-nos-traslada-a-su-lado-mas-afro\\\/#article\",\"isPartOf\":{\"@id\":\"https:\\\/\\\/unaymilletras.com\\\/rels-b-estrena-album-para-con-el-que-nos-traslada-a-su-lado-mas-afro\\\/\"},\"author\":{\"name\":\"Maria Gil Robledo\",\"@id\":\"http:\\\/\\\/unaymilletras.com\\\/#\\\/schema\\\/person\\\/d55ba681b8a4e463d8982dbe36a5dc94\"},\"headline\":\"Rels B estrena \u00e1lbum, con el que nos traslada a su lado m\u00e1s Afro\",\"datePublished\":\"2023-07-24T21:14:34+00:00\",\"dateModified\":\"2023-07-24T22:01:33+00:00\",\"mainEntityOfPage\":{\"@id\":\"https:\\\/\\\/unaymilletras.com\\\/rels-b-estrena-album-para-con-el-que-nos-traslada-a-su-lado-mas-afro\\\/\"},\"wordCount\":416,\"commentCount\":0,\"publisher\":{\"@id\":\"http:\\\/\\\/unaymilletras.com\\\/#organization\"},\"image\":{\"@id\":\"https:\\\/\\\/unaymilletras.com\\\/rels-b-estrena-album-para-con-el-que-nos-traslada-a-su-lado-mas-afro\\\/#primaryimage\"},\"thumbnailUrl\":\"https:\\\/\\\/unaymilletras.com\\\/wp-content\\\/uploads\\\/2023\\\/07\\\/J01v3m_cover-scaled-e1690232413546.jpg\",\"articleSection\":[\"M\u00fasica\"],\"inLanguage\":\"en-GB\",\"potentialAction\":[{\"@type\":\"CommentAction\",\"name\":\"Comment\",\"target\":[\"https:\\\/\\\/unaymilletras.com\\\/rels-b-estrena-album-para-con-el-que-nos-traslada-a-su-lado-mas-afro\\\/#respond\"]}]},{\"@type\":\"WebPage\",\"@id\":\"https:\\\/\\\/unaymilletras.com\\\/rels-b-estrena-album-para-con-el-que-nos-traslada-a-su-lado-mas-afro\\\/\",\"url\":\"https:\\\/\\\/unaymilletras.com\\\/rels-b-estrena-album-para-con-el-que-nos-traslada-a-su-lado-mas-afro\\\/\",\"name\":\"Rels B estrena \u00e1lbum, con el que nos traslada a su lado m\u00e1s Afro &#8902; Una y Mil Letras\",\"isPartOf\":{\"@id\":\"http:\\\/\\\/unaymilletras.com\\\/#website\"},\"primaryImageOfPage\":{\"@id\":\"https:\\\/\\\/unaymilletras.com\\\/rels-b-estrena-album-para-con-el-que-nos-traslada-a-su-lado-mas-afro\\\/#primaryimage\"},\"image\":{\"@id\":\"https:\\\/\\\/unaymilletras.com\\\/rels-b-estrena-album-para-con-el-que-nos-traslada-a-su-lado-mas-afro\\\/#primaryimage\"},\"thumbnailUrl\":\"https:\\\/\\\/unaymilletras.com\\\/wp-content\\\/uploads\\\/2023\\\/07\\\/J01v3m_cover-scaled-e1690232413546.jpg\",\"datePublished\":\"2023-07-24T21:14:34+00:00\",\"dateModified\":\"2023-07-24T22:01:33+00:00\",\"description\":\"9 canciones componen \u201cAfroLOVA\u2019 23\u201d, el nuevo disco de Rels B que presentar\u00e1 en una gira por Espa\u00f1a y Latinoam\u00e9rica\",\"breadcrumb\":{\"@id\":\"https:\\\/\\\/unaymilletras.com\\\/rels-b-estrena-album-para-con-el-que-nos-traslada-a-su-lado-mas-afro\\\/#breadcrumb\"},\"inLanguage\":\"en-GB\",\"potentialAction\":[{\"@type\":\"ReadAction\",\"target\":[\"https:\\\/\\\/unaymilletras.com\\\/rels-b-estrena-album-para-con-el-que-nos-traslada-a-su-lado-mas-afro\\\/\"]}]},{\"@type\":\"ImageObject\",\"inLanguage\":\"en-GB\",\"@id\":\"https:\\\/\\\/unaymilletras.com\\\/rels-b-estrena-album-para-con-el-que-nos-traslada-a-su-lado-mas-afro\\\/#primaryimage\",\"url\":\"https:\\\/\\\/unaymilletras.com\\\/wp-content\\\/uploads\\\/2023\\\/07\\\/J01v3m_cover-scaled-e1690232413546.jpg\",\"contentUrl\":\"https:\\\/\\\/unaymilletras.com\\\/wp-content\\\/uploads\\\/2023\\\/07\\\/J01v3m_cover-scaled-e1690232413546.jpg\",\"width\":600,\"height\":600,\"caption\":\"Rels B\"},{\"@type\":\"BreadcrumbList\",\"@id\":\"https:\\\/\\\/unaymilletras.com\\\/rels-b-estrena-album-para-con-el-que-nos-traslada-a-su-lado-mas-afro\\\/#breadcrumb\",\"itemListElement\":[{\"@type\":\"ListItem\",\"position\":1,\"name\":\"Home\",\"item\":\"http:\\\/\\\/unaymilletras.com\\\/\"},{\"@type\":\"ListItem\",\"position\":2,\"name\":\"Rels B estrena \u00e1lbum, con el que nos traslada a su lado m\u00e1s Afro\"}]},{\"@type\":\"WebSite\",\"@id\":\"http:\\\/\\\/unaymilletras.com\\\/#website\",\"url\":\"http:\\\/\\\/unaymilletras.com\\\/\",\"name\":\"Una y Mil Letras\",\"description\":\"\",\"publisher\":{\"@id\":\"http:\\\/\\\/unaymilletras.com\\\/#organization\"},\"potentialAction\":[{\"@type\":\"SearchAction\",\"target\":{\"@type\":\"EntryPoint\",\"urlTemplate\":\"http:\\\/\\\/unaymilletras.com\\\/?s={search_term_string}\"},\"query-input\":{\"@type\":\"PropertyValueSpecification\",\"valueRequired\":true,\"valueName\":\"search_term_string\"}}],\"inLanguage\":\"en-GB\"},{\"@type\":\"Organization\",\"@id\":\"http:\\\/\\\/unaymilletras.com\\\/#organization\",\"name\":\"Una y Mil Letras\",\"url\":\"http:\\\/\\\/unaymilletras.com\\\/\",\"logo\":{\"@type\":\"ImageObject\",\"inLanguage\":\"en-GB\",\"@id\":\"http:\\\/\\\/unaymilletras.com\\\/#\\\/schema\\\/logo\\\/image\\\/\",\"url\":\"https:\\\/\\\/unaymilletras.com\\\/wp-content\\\/uploads\\\/2024\\\/06\\\/cropped-Logo-removebg-preview.png\",\"contentUrl\":\"https:\\\/\\\/unaymilletras.com\\\/wp-content\\\/uploads\\\/2024\\\/06\\\/cropped-Logo-removebg-preview.png\",\"width\":512,\"height\":512,\"caption\":\"Una y Mil Letras\"},\"image\":{\"@id\":\"http:\\\/\\\/unaymilletras.com\\\/#\\\/schema\\\/logo\\\/image\\\/\"},\"sameAs\":[\"https:\\\/\\\/x.com\\\/UnaYMilLetras\",\"https:\\\/\\\/instagram.com\\\/UnaYMilLetras\"]},{\"@type\":\"Person\",\"@id\":\"http:\\\/\\\/unaymilletras.com\\\/#\\\/schema\\\/person\\\/d55ba681b8a4e463d8982dbe36a5dc94\",\"name\":\"Maria Gil Robledo\",\"image\":{\"@type\":\"ImageObject\",\"inLanguage\":\"en-GB\",\"@id\":\"https:\\\/\\\/secure.gravatar.com\\\/avatar\\\/4b8e5102e0015789407eb4870b12f0f2857952d83ca124058f92b764bd1840c3?s=96&d=mm&r=g\",\"url\":\"https:\\\/\\\/secure.gravatar.com\\\/avatar\\\/4b8e5102e0015789407eb4870b12f0f2857952d83ca124058f92b764bd1840c3?s=96&d=mm&r=g\",\"contentUrl\":\"https:\\\/\\\/secure.gravatar.com\\\/avatar\\\/4b8e5102e0015789407eb4870b12f0f2857952d83ca124058f92b764bd1840c3?s=96&d=mm&r=g\",\"caption\":\"Maria Gil Robledo\"},\"sameAs\":[\"http:\\\/\\\/unaymilletras.com\"],\"url\":\"https:\\\/\\\/unaymilletras.com\\\/en\\\/author\\\/mariiagiil02_\\\/\"}]}<\/script>\n<!-- \/ Yoast SEO plugin. -->","yoast_head_json":{"title":"Rels B estrena \u00e1lbum, con el que nos traslada a su lado m\u00e1s Afro &#8902; Una y Mil Letras","description":"9 canciones componen \u201cAfroLOVA\u2019 23\u201d, el nuevo disco de Rels B que presentar\u00e1 en una gira por Espa\u00f1a y Latinoam\u00e9rica","robots":{"index":"index","follow":"follow","max-snippet":"max-snippet:-1","max-image-preview":"max-image-preview:large","max-video-preview":"max-video-preview:-1"},"canonical":"https:\/\/unaymilletras.com\/en\/rels-b-estrena-album-para-con-el-que-nos-traslada-a-su-lado-mas-afro\/","og_locale":"en_GB","og_type":"article","og_title":"Rels B estrena \u00e1lbum, con el que nos traslada a su lado m\u00e1s Afro &#8902; Una y Mil Letras","og_description":"9 canciones componen \u201cAfroLOVA\u2019 23\u201d, el nuevo disco de Rels B que presentar\u00e1 en una gira por Espa\u00f1a y Latinoam\u00e9rica","og_url":"https:\/\/unaymilletras.com\/en\/rels-b-estrena-album-para-con-el-que-nos-traslada-a-su-lado-mas-afro\/","og_site_name":"Una y Mil Letras","article_published_time":"2023-07-24T21:14:34+00:00","article_modified_time":"2023-07-24T22:01:33+00:00","og_image":[{"width":600,"height":600,"url":"https:\/\/unaymilletras.com\/wp-content\/uploads\/2023\/07\/J01v3m_cover-scaled-e1690232413546.jpg","type":"image\/jpeg"}],"author":"Maria Gil Robledo","twitter_card":"summary_large_image","twitter_creator":"@UnaYMilLetras","twitter_site":"@UnaYMilLetras","twitter_misc":{"Written by":"Maria Gil Robledo","Estimated reading time":"3 minutes"},"schema":{"@context":"https:\/\/schema.org","@graph":[{"@type":"Article","@id":"https:\/\/unaymilletras.com\/rels-b-estrena-album-para-con-el-que-nos-traslada-a-su-lado-mas-afro\/#article","isPartOf":{"@id":"https:\/\/unaymilletras.com\/rels-b-estrena-album-para-con-el-que-nos-traslada-a-su-lado-mas-afro\/"},"author":{"name":"Maria Gil Robledo","@id":"http:\/\/unaymilletras.com\/#\/schema\/person\/d55ba681b8a4e463d8982dbe36a5dc94"},"headline":"Rels B estrena \u00e1lbum, con el que nos traslada a su lado m\u00e1s Afro","datePublished":"2023-07-24T21:14:34+00:00","dateModified":"2023-07-24T22:01:33+00:00","mainEntityOfPage":{"@id":"https:\/\/unaymilletras.com\/rels-b-estrena-album-para-con-el-que-nos-traslada-a-su-lado-mas-afro\/"},"wordCount":416,"commentCount":0,"publisher":{"@id":"http:\/\/unaymilletras.com\/#organization"},"image":{"@id":"https:\/\/unaymilletras.com\/rels-b-estrena-album-para-con-el-que-nos-traslada-a-su-lado-mas-afro\/#primaryimage"},"thumbnailUrl":"https:\/\/unaymilletras.com\/wp-content\/uploads\/2023\/07\/J01v3m_cover-scaled-e1690232413546.jpg","articleSection":["M\u00fasica"],"inLanguage":"en-GB","potentialAction":[{"@type":"CommentAction","name":"Comment","target":["https:\/\/unaymilletras.com\/rels-b-estrena-album-para-con-el-que-nos-traslada-a-su-lado-mas-afro\/#respond"]}]},{"@type":"WebPage","@id":"https:\/\/unaymilletras.com\/rels-b-estrena-album-para-con-el-que-nos-traslada-a-su-lado-mas-afro\/","url":"https:\/\/unaymilletras.com\/rels-b-estrena-album-para-con-el-que-nos-traslada-a-su-lado-mas-afro\/","name":"Rels B estrena \u00e1lbum, con el que nos traslada a su lado m\u00e1s Afro &#8902; Una y Mil Letras","isPartOf":{"@id":"http:\/\/unaymilletras.com\/#website"},"primaryImageOfPage":{"@id":"https:\/\/unaymilletras.com\/rels-b-estrena-album-para-con-el-que-nos-traslada-a-su-lado-mas-afro\/#primaryimage"},"image":{"@id":"https:\/\/unaymilletras.com\/rels-b-estrena-album-para-con-el-que-nos-traslada-a-su-lado-mas-afro\/#primaryimage"},"thumbnailUrl":"https:\/\/unaymilletras.com\/wp-content\/uploads\/2023\/07\/J01v3m_cover-scaled-e1690232413546.jpg","datePublished":"2023-07-24T21:14:34+00:00","dateModified":"2023-07-24T22:01:33+00:00","description":"9 canciones componen \u201cAfroLOVA\u2019 23\u201d, el nuevo disco de Rels B que presentar\u00e1 en una gira por Espa\u00f1a y Latinoam\u00e9rica","breadcrumb":{"@id":"https:\/\/unaymilletras.com\/rels-b-estrena-album-para-con-el-que-nos-traslada-a-su-lado-mas-afro\/#breadcrumb"},"inLanguage":"en-GB","potentialAction":[{"@type":"ReadAction","target":["https:\/\/unaymilletras.com\/rels-b-estrena-album-para-con-el-que-nos-traslada-a-su-lado-mas-afro\/"]}]},{"@type":"ImageObject","inLanguage":"en-GB","@id":"https:\/\/unaymilletras.com\/rels-b-estrena-album-para-con-el-que-nos-traslada-a-su-lado-mas-afro\/#primaryimage","url":"https:\/\/unaymilletras.com\/wp-content\/uploads\/2023\/07\/J01v3m_cover-scaled-e1690232413546.jpg","contentUrl":"https:\/\/unaymilletras.com\/wp-content\/uploads\/2023\/07\/J01v3m_cover-scaled-e1690232413546.jpg","width":600,"height":600,"caption":"Rels B"},{"@type":"BreadcrumbList","@id":"https:\/\/unaymilletras.com\/rels-b-estrena-album-para-con-el-que-nos-traslada-a-su-lado-mas-afro\/#breadcrumb","itemListElement":[{"@type":"ListItem","position":1,"name":"Home","item":"http:\/\/unaymilletras.com\/"},{"@type":"ListItem","position":2,"name":"Rels B estrena \u00e1lbum, con el que nos traslada a su lado m\u00e1s Afro"}]},{"@type":"WebSite","@id":"http:\/\/unaymilletras.com\/#website","url":"http:\/\/unaymilletras.com\/","name":"Una y Mil Letras","description":"","publisher":{"@id":"http:\/\/unaymilletras.com\/#organization"},"potentialAction":[{"@type":"SearchAction","target":{"@type":"EntryPoint","urlTemplate":"http:\/\/unaymilletras.com\/?s={search_term_string}"},"query-input":{"@type":"PropertyValueSpecification","valueRequired":true,"valueName":"search_term_string"}}],"inLanguage":"en-GB"},{"@type":"Organization","@id":"http:\/\/unaymilletras.com\/#organization","name":"Una y Mil Letras","url":"http:\/\/unaymilletras.com\/","logo":{"@type":"ImageObject","inLanguage":"en-GB","@id":"http:\/\/unaymilletras.com\/#\/schema\/logo\/image\/","url":"https:\/\/unaymilletras.com\/wp-content\/uploads\/2024\/06\/cropped-Logo-removebg-preview.png","contentUrl":"https:\/\/unaymilletras.com\/wp-content\/uploads\/2024\/06\/cropped-Logo-removebg-preview.png","width":512,"height":512,"caption":"Una y Mil Letras"},"image":{"@id":"http:\/\/unaymilletras.com\/#\/schema\/logo\/image\/"},"sameAs":["https:\/\/x.com\/UnaYMilLetras","https:\/\/instagram.com\/UnaYMilLetras"]},{"@type":"Person","@id":"http:\/\/unaymilletras.com\/#\/schema\/person\/d55ba681b8a4e463d8982dbe36a5dc94","name":"Maria Gil Robledo","image":{"@type":"ImageObject","inLanguage":"en-GB","@id":"https:\/\/secure.gravatar.com\/avatar\/4b8e5102e0015789407eb4870b12f0f2857952d83ca124058f92b764bd1840c3?s=96&d=mm&r=g","url":"https:\/\/secure.gravatar.com\/avatar\/4b8e5102e0015789407eb4870b12f0f2857952d83ca124058f92b764bd1840c3?s=96&d=mm&r=g","contentUrl":"https:\/\/secure.gravatar.com\/avatar\/4b8e5102e0015789407eb4870b12f0f2857952d83ca124058f92b764bd1840c3?s=96&d=mm&r=g","caption":"Maria Gil Robledo"},"sameAs":["http:\/\/unaymilletras.com"],"url":"https:\/\/unaymilletras.com\/en\/author\/mariiagiil02_\/"}]}},"_links":{"self":[{"href":"https:\/\/unaymilletras.com\/en\/wp-json\/wp\/v2\/posts\/1002","targetHints":{"allow":["GET"]}}],"collection":[{"href":"https:\/\/unaymilletras.com\/en\/wp-json\/wp\/v2\/posts"}],"about":[{"href":"https:\/\/unaymilletras.com\/en\/wp-json\/wp\/v2\/types\/post"}],"author":[{"embeddable":true,"href":"https:\/\/unaymilletras.com\/en\/wp-json\/wp\/v2\/users\/1"}],"replies":[{"embeddable":true,"href":"https:\/\/unaymilletras.com\/en\/wp-json\/wp\/v2\/comments?post=1002"}],"version-history":[{"count":12,"href":"https:\/\/unaymilletras.com\/en\/wp-json\/wp\/v2\/posts\/1002\/revisions"}],"predecessor-version":[{"id":1019,"href":"https:\/\/unaymilletras.com\/en\/wp-json\/wp\/v2\/posts\/1002\/revisions\/1019"}],"wp:featuredmedia":[{"embeddable":true,"href":"https:\/\/unaymilletras.com\/en\/wp-json\/wp\/v2\/media\/1004"}],"wp:attachment":[{"href":"https:\/\/unaymilletras.com\/en\/wp-json\/wp\/v2\/media?parent=1002"}],"wp:term":[{"taxonomy":"category","embeddable":true,"href":"https:\/\/unaymilletras.com\/en\/wp-json\/wp\/v2\/categories?post=1002"},{"taxonomy":"post_tag","embeddable":true,"href":"https:\/\/unaymilletras.com\/en\/wp-json\/wp\/v2\/tags?post=1002"}],"curies":[{"name":"wp","href":"https:\/\/api.w.org\/{rel}","templated":true}]}}