{"id":1021,"date":"2023-07-30T14:31:57","date_gmt":"2023-07-30T12:31:57","guid":{"rendered":"http:\/\/unaymilletras.com\/?p=1021"},"modified":"2023-07-30T14:34:29","modified_gmt":"2023-07-30T12:34:29","slug":"depol-lanza-ella-para-seguir-conquistando-el-panorama-musical","status":"publish","type":"post","link":"https:\/\/unaymilletras.com\/en\/depol-lanza-ella-para-seguir-conquistando-el-panorama-musical\/","title":{"rendered":"Depol lanza \u201cElla\u201d para seguir conquistando el panorama musical"},"content":{"rendered":"<div data-elementor-type=\"wp-post\" data-elementor-id=\"1021\" class=\"elementor elementor-1021\">\n\t\t\t\t\t\t<section class=\"elementor-section elementor-top-section elementor-element elementor-element-69f6b0d elementor-section-boxed elementor-section-height-default elementor-section-height-default\" data-id=\"69f6b0d\" data-element_type=\"section\" data-e-type=\"section\">\n\t\t\t\t\t\t<div class=\"elementor-container elementor-column-gap-default\">\n\t\t\t\t\t<div class=\"elementor-column elementor-col-100 elementor-top-column elementor-element elementor-element-861eedc\" data-id=\"861eedc\" data-element_type=\"column\" data-e-type=\"column\">\n\t\t\t<div class=\"elementor-widget-wrap elementor-element-populated\">\n\t\t\t\t\t\t<div class=\"elementor-element elementor-element-e754aa9 elementor-widget elementor-widget-text-editor\" data-id=\"e754aa9\" data-element_type=\"widget\" data-e-type=\"widget\" data-widget_type=\"text-editor.default\">\n\t\t\t\t<div class=\"elementor-widget-container\">\n\t\t\t\t\t\t\t\t\t<h2><em>\u201cElla\u201d es el nuevo tema veraniego de Depol que ya se puede escuchar en todas las plataformas<\/em><\/h2>\t\t\t\t\t\t\t\t<\/div>\n\t\t\t\t<\/div>\n\t\t\t\t\t<\/div>\n\t\t<\/div>\n\t\t\t\t\t<\/div>\n\t\t<\/section>\n\t\t\t\t<section class=\"elementor-section elementor-top-section elementor-element elementor-element-5ffca14 elementor-section-boxed elementor-section-height-default elementor-section-height-default\" data-id=\"5ffca14\" data-element_type=\"section\" data-e-type=\"section\">\n\t\t\t\t\t\t<div class=\"elementor-container elementor-column-gap-default\">\n\t\t\t\t\t<div class=\"elementor-column elementor-col-100 elementor-top-column elementor-element elementor-element-a4604fb\" data-id=\"a4604fb\" data-element_type=\"column\" data-e-type=\"column\">\n\t\t\t<div class=\"elementor-widget-wrap elementor-element-populated\">\n\t\t\t\t\t\t<div class=\"elementor-element elementor-element-fe6371c elementor-widget elementor-widget-text-editor\" data-id=\"fe6371c\" data-element_type=\"widget\" data-e-type=\"widget\" data-widget_type=\"text-editor.default\">\n\t\t\t\t<div class=\"elementor-widget-container\">\n\t\t\t\t\t\t\t\t\t<p><span style=\"color: #808080;\">Tras triunfar con <strong><em><a style=\"color: #808080;\" href=\"https:\/\/open.spotify.com\/track\/5YpDCc4c7XCcJ3Pj9kd7r8?si=c9db27b951774e2f\">Ibiza<\/a><\/em><\/strong>, su anterior single, ahora <strong>Depol<\/strong> estrena <strong><em><a style=\"color: #808080;\" href=\"https:\/\/open.spotify.com\/album\/6HJLrwl1yMsYq2R1z2kbpA?si=KXdyrzt_Txa2Ari9OLwFNw\">Ella<\/a><\/em><\/strong><em>. <\/em>Se trata de un tema veraniego, un tema pop con un sonido fresco. Compuesto totalmente por \u00e9l y producida y masterizada por <strong>Odisey Ibiza<\/strong>, la letra y el sonido muestran aquello que tanto caracteriza al cantante.<\/span><\/p>\t\t\t\t\t\t\t\t<\/div>\n\t\t\t\t<\/div>\n\t\t\t\t\t<\/div>\n\t\t<\/div>\n\t\t\t\t\t<\/div>\n\t\t<\/section>\n\t\t\t\t<section class=\"elementor-section elementor-top-section elementor-element elementor-element-398ca79 elementor-section-boxed elementor-section-height-default elementor-section-height-default\" data-id=\"398ca79\" data-element_type=\"section\" data-e-type=\"section\">\n\t\t\t\t\t\t<div class=\"elementor-container elementor-column-gap-default\">\n\t\t\t\t\t<div class=\"elementor-column elementor-col-100 elementor-top-column elementor-element elementor-element-a551a5e\" data-id=\"a551a5e\" data-element_type=\"column\" data-e-type=\"column\">\n\t\t\t<div class=\"elementor-widget-wrap elementor-element-populated\">\n\t\t\t\t\t\t<div class=\"elementor-element elementor-element-1554064 elementor-widget elementor-widget-image\" data-id=\"1554064\" data-element_type=\"widget\" data-e-type=\"widget\" data-widget_type=\"image.default\">\n\t\t\t\t<div class=\"elementor-widget-container\">\n\t\t\t\t\t\t\t\t\t\t\t\t\t\t\t<img fetchpriority=\"high\" decoding=\"async\" width=\"640\" height=\"640\" src=\"https:\/\/unaymilletras.com\/wp-content\/uploads\/2023\/07\/Captura-de-Pantalla-2023-07-30-a-las-14.26.11.png\" class=\"attachment-large size-large wp-image-1023\" alt=\"depol\" srcset=\"https:\/\/unaymilletras.com\/wp-content\/uploads\/2023\/07\/Captura-de-Pantalla-2023-07-30-a-las-14.26.11.png 735w, https:\/\/unaymilletras.com\/wp-content\/uploads\/2023\/07\/Captura-de-Pantalla-2023-07-30-a-las-14.26.11-300x300.png 300w, https:\/\/unaymilletras.com\/wp-content\/uploads\/2023\/07\/Captura-de-Pantalla-2023-07-30-a-las-14.26.11-150x150.png 150w\" sizes=\"(max-width: 640px) 100vw, 640px\" \/>\t\t\t\t\t\t\t\t\t\t\t\t\t\t\t<\/div>\n\t\t\t\t<\/div>\n\t\t\t\t\t<\/div>\n\t\t<\/div>\n\t\t\t\t\t<\/div>\n\t\t<\/section>\n\t\t\t\t<section class=\"elementor-section elementor-top-section elementor-element elementor-element-664e035 elementor-section-boxed elementor-section-height-default elementor-section-height-default\" data-id=\"664e035\" data-element_type=\"section\" data-e-type=\"section\">\n\t\t\t\t\t\t<div class=\"elementor-container elementor-column-gap-default\">\n\t\t\t\t\t<div class=\"elementor-column elementor-col-100 elementor-top-column elementor-element elementor-element-3e39560\" data-id=\"3e39560\" data-element_type=\"column\" data-e-type=\"column\">\n\t\t\t<div class=\"elementor-widget-wrap elementor-element-populated\">\n\t\t\t\t\t\t<div class=\"elementor-element elementor-element-26ddf2b elementor-widget elementor-widget-text-editor\" data-id=\"26ddf2b\" data-element_type=\"widget\" data-e-type=\"widget\" data-widget_type=\"text-editor.default\">\n\t\t\t\t<div class=\"elementor-widget-container\">\n\t\t\t\t\t\t\t\t\t<p><span style=\"color: #808080;\">Con este nuevo <a style=\"color: #808080;\" href=\"http:\/\/unaymilletras.com\/en\/rels-b-estrena-album-para-con-el-que-nos-traslada-a-su-lado-mas-afro\/\">estreno<\/a>, Depol quiere seguir triunfando dentro del mundo de la m\u00fasica y sonando en las radios espa\u00f1olas m\u00e1s importantes. <em>Ella<\/em> ya est\u00e1 disponible en todas las plataformas digitales. Asimismo, cuenta con su propio videolyric que se puede ver en el canal de YouTube del artista.<\/span><\/p><p>Depol dio el salto al mundo de la m\u00fasica y a la fama con <em>Qui\u00e9n dir\u00eda<\/em>, un tema que ya acumula m\u00e1s de 20 millones de reproducciones. Tras este, han venido otros, como <em>Que bonita<\/em> e <em>Ibiza<\/em>, los cuales no han parado de sonar en las principales emisoras de radio. Actualmente, Depol acumula m\u00e1s de 1,2 millones de oyentes mensuales en Spotify. Asimismo, durante todo el verano se le podr\u00e1 ver en directo en varios conciertos por toda Espa\u00f1a puesto que forma parte del cartel de diversos festivales.<\/p>\t\t\t\t\t\t\t\t<\/div>\n\t\t\t\t<\/div>\n\t\t\t\t\t<\/div>\n\t\t<\/div>\n\t\t\t\t\t<\/div>\n\t\t<\/section>\n\t\t\t\t<section class=\"elementor-section elementor-top-section elementor-element elementor-element-2d5f2a9 elementor-section-boxed elementor-section-height-default elementor-section-height-default\" data-id=\"2d5f2a9\" data-element_type=\"section\" data-e-type=\"section\">\n\t\t\t\t\t\t<div class=\"elementor-container elementor-column-gap-default\">\n\t\t\t\t\t<div class=\"elementor-column elementor-col-100 elementor-top-column elementor-element elementor-element-2deeec1\" data-id=\"2deeec1\" data-element_type=\"column\" data-e-type=\"column\">\n\t\t\t<div class=\"elementor-widget-wrap elementor-element-populated\">\n\t\t\t\t\t\t<div class=\"elementor-element elementor-element-e96592b elementor-widget elementor-widget-video\" data-id=\"e96592b\" data-element_type=\"widget\" data-e-type=\"widget\" data-settings=\"{&quot;youtube_url&quot;:&quot;https:\\\/\\\/www.youtube.com\\\/watch?v=PE7gYNK8gQg&quot;,&quot;video_type&quot;:&quot;youtube&quot;,&quot;controls&quot;:&quot;yes&quot;}\" data-widget_type=\"video.default\">\n\t\t\t\t<div class=\"elementor-widget-container\">\n\t\t\t\t\t\t\t<div class=\"elementor-wrapper elementor-open-inline\">\n\t\t\t<div class=\"elementor-video\"><\/div>\t\t<\/div>\n\t\t\t\t\t\t<\/div>\n\t\t\t\t<\/div>\n\t\t\t\t\t<\/div>\n\t\t<\/div>\n\t\t\t\t\t<\/div>\n\t\t<\/section>\n\t\t\t\t<section class=\"elementor-section elementor-top-section elementor-element elementor-element-4d2e1db elementor-section-boxed elementor-section-height-default elementor-section-height-default\" data-id=\"4d2e1db\" data-element_type=\"section\" data-e-type=\"section\">\n\t\t\t\t\t\t<div class=\"elementor-container elementor-column-gap-default\">\n\t\t\t\t\t<div class=\"elementor-column elementor-col-100 elementor-top-column elementor-element elementor-element-3cc5331\" data-id=\"3cc5331\" data-element_type=\"column\" data-e-type=\"column\">\n\t\t\t<div class=\"elementor-widget-wrap elementor-element-populated\">\n\t\t\t\t\t\t<div class=\"elementor-element elementor-element-6f69a5d elementor-widget elementor-widget-text-editor\" data-id=\"6f69a5d\" data-element_type=\"widget\" data-e-type=\"widget\" data-widget_type=\"text-editor.default\">\n\t\t\t\t<div class=\"elementor-widget-container\">\n\t\t\t\t\t\t\t\t\t<p>El artista apareci\u00f3 en el programa de <strong>Got Tanlent<\/strong>, llegando a las semifinales. Fue aqu\u00ed donde conoci\u00f3 a David DeMar\u00eda y Antonio Fern\u00e1ndez, dos de los artistas referentes que estar\u00edan dispuestos a impulsar su proyecto. Esto es una muestra del buen ojo que ambos tienen para detectar futuros talentos puesto que el \u00e9xito de Depol es innegable.<\/p>\t\t\t\t\t\t\t\t<\/div>\n\t\t\t\t<\/div>\n\t\t\t\t\t<\/div>\n\t\t<\/div>\n\t\t\t\t\t<\/div>\n\t\t<\/section>\n\t\t\t\t<\/div>","protected":false},"excerpt":{"rendered":"<p>\u201cElla\u201d es el nuevo tema veraniego de Depol que ya se puede escuchar en todas las plataformas Tras triunfar con Ibiza, su anterior single, ahora Depol estrena Ella. Se trata de un tema veraniego, un tema pop con un sonido fresco. Compuesto totalmente por \u00e9l y producida y masterizada por Odisey Ibiza, la letra y [&hellip;]<\/p>\n","protected":false},"author":1,"featured_media":1023,"comment_status":"open","ping_status":"open","sticky":false,"template":"","format":"standard","meta":{"footnotes":""},"categories":[4],"tags":[],"class_list":["post-1021","post","type-post","status-publish","format-standard","has-post-thumbnail","hentry","category-musica"],"yoast_head":"<!-- This site is optimized with the Yoast SEO plugin v27.4 - https:\/\/yoast.com\/product\/yoast-seo-wordpress\/ -->\n<title>Depol lanza \u201cElla\u201d para seguir conquistando el panorama musical &#8902; Una y Mil Letras<\/title>\n<meta name=\"description\" content=\"\u201cElla\u201d es el nuevo tema veraniego de Depol que ya se puede escuchar en todas las plataformas y con el que pretende arrasar despu\u00e9s de &quot;Ibiza&quot;\" \/>\n<meta name=\"robots\" content=\"index, follow, max-snippet:-1, max-image-preview:large, max-video-preview:-1\" \/>\n<link rel=\"canonical\" href=\"https:\/\/unaymilletras.com\/en\/depol-lanza-ella-para-seguir-conquistando-el-panorama-musical\/\" \/>\n<meta property=\"og:locale\" content=\"en_GB\" \/>\n<meta property=\"og:type\" content=\"article\" \/>\n<meta property=\"og:title\" content=\"Depol lanza \u201cElla\u201d para seguir conquistando el panorama musical &#8902; Una y Mil Letras\" \/>\n<meta property=\"og:description\" content=\"\u201cElla\u201d es el nuevo tema veraniego de Depol que ya se puede escuchar en todas las plataformas y con el que pretende arrasar despu\u00e9s de &quot;Ibiza&quot;\" \/>\n<meta property=\"og:url\" content=\"https:\/\/unaymilletras.com\/en\/depol-lanza-ella-para-seguir-conquistando-el-panorama-musical\/\" \/>\n<meta property=\"og:site_name\" content=\"Una y Mil Letras\" \/>\n<meta property=\"article:published_time\" content=\"2023-07-30T12:31:57+00:00\" \/>\n<meta property=\"article:modified_time\" content=\"2023-07-30T12:34:29+00:00\" \/>\n<meta property=\"og:image\" content=\"https:\/\/unaymilletras.com\/wp-content\/uploads\/2023\/07\/Captura-de-Pantalla-2023-07-30-a-las-14.26.11.png\" \/>\n\t<meta property=\"og:image:width\" content=\"735\" \/>\n\t<meta property=\"og:image:height\" content=\"735\" \/>\n\t<meta property=\"og:image:type\" content=\"image\/png\" \/>\n<meta name=\"author\" content=\"Maria Gil Robledo\" \/>\n<meta name=\"twitter:card\" content=\"summary_large_image\" \/>\n<meta name=\"twitter:creator\" content=\"@UnaYMilLetras\" \/>\n<meta name=\"twitter:site\" content=\"@UnaYMilLetras\" \/>\n<meta name=\"twitter:label1\" content=\"Written by\" \/>\n\t<meta name=\"twitter:data1\" content=\"Maria Gil Robledo\" \/>\n\t<meta name=\"twitter:label2\" content=\"Estimated reading time\" \/>\n\t<meta name=\"twitter:data2\" content=\"2 minutes\" \/>\n<script type=\"application\/ld+json\" class=\"yoast-schema-graph\">{\"@context\":\"https:\\\/\\\/schema.org\",\"@graph\":[{\"@type\":\"Article\",\"@id\":\"https:\\\/\\\/unaymilletras.com\\\/depol-lanza-ella-para-seguir-conquistando-el-panorama-musical\\\/#article\",\"isPartOf\":{\"@id\":\"https:\\\/\\\/unaymilletras.com\\\/depol-lanza-ella-para-seguir-conquistando-el-panorama-musical\\\/\"},\"author\":{\"name\":\"Maria Gil Robledo\",\"@id\":\"http:\\\/\\\/unaymilletras.com\\\/#\\\/schema\\\/person\\\/d55ba681b8a4e463d8982dbe36a5dc94\"},\"headline\":\"Depol lanza \u201cElla\u201d para seguir conquistando el panorama musical\",\"datePublished\":\"2023-07-30T12:31:57+00:00\",\"dateModified\":\"2023-07-30T12:34:29+00:00\",\"mainEntityOfPage\":{\"@id\":\"https:\\\/\\\/unaymilletras.com\\\/depol-lanza-ella-para-seguir-conquistando-el-panorama-musical\\\/\"},\"wordCount\":284,\"commentCount\":0,\"publisher\":{\"@id\":\"http:\\\/\\\/unaymilletras.com\\\/#organization\"},\"image\":{\"@id\":\"https:\\\/\\\/unaymilletras.com\\\/depol-lanza-ella-para-seguir-conquistando-el-panorama-musical\\\/#primaryimage\"},\"thumbnailUrl\":\"https:\\\/\\\/unaymilletras.com\\\/wp-content\\\/uploads\\\/2023\\\/07\\\/Captura-de-Pantalla-2023-07-30-a-las-14.26.11.png\",\"articleSection\":[\"M\u00fasica\"],\"inLanguage\":\"en-GB\",\"potentialAction\":[{\"@type\":\"CommentAction\",\"name\":\"Comment\",\"target\":[\"https:\\\/\\\/unaymilletras.com\\\/depol-lanza-ella-para-seguir-conquistando-el-panorama-musical\\\/#respond\"]}]},{\"@type\":\"WebPage\",\"@id\":\"https:\\\/\\\/unaymilletras.com\\\/depol-lanza-ella-para-seguir-conquistando-el-panorama-musical\\\/\",\"url\":\"https:\\\/\\\/unaymilletras.com\\\/depol-lanza-ella-para-seguir-conquistando-el-panorama-musical\\\/\",\"name\":\"Depol lanza \u201cElla\u201d para seguir conquistando el panorama musical &#8902; Una y Mil Letras\",\"isPartOf\":{\"@id\":\"http:\\\/\\\/unaymilletras.com\\\/#website\"},\"primaryImageOfPage\":{\"@id\":\"https:\\\/\\\/unaymilletras.com\\\/depol-lanza-ella-para-seguir-conquistando-el-panorama-musical\\\/#primaryimage\"},\"image\":{\"@id\":\"https:\\\/\\\/unaymilletras.com\\\/depol-lanza-ella-para-seguir-conquistando-el-panorama-musical\\\/#primaryimage\"},\"thumbnailUrl\":\"https:\\\/\\\/unaymilletras.com\\\/wp-content\\\/uploads\\\/2023\\\/07\\\/Captura-de-Pantalla-2023-07-30-a-las-14.26.11.png\",\"datePublished\":\"2023-07-30T12:31:57+00:00\",\"dateModified\":\"2023-07-30T12:34:29+00:00\",\"description\":\"\u201cElla\u201d es el nuevo tema veraniego de Depol que ya se puede escuchar en todas las plataformas y con el que pretende arrasar despu\u00e9s de \\\"Ibiza\\\"\",\"breadcrumb\":{\"@id\":\"https:\\\/\\\/unaymilletras.com\\\/depol-lanza-ella-para-seguir-conquistando-el-panorama-musical\\\/#breadcrumb\"},\"inLanguage\":\"en-GB\",\"potentialAction\":[{\"@type\":\"ReadAction\",\"target\":[\"https:\\\/\\\/unaymilletras.com\\\/depol-lanza-ella-para-seguir-conquistando-el-panorama-musical\\\/\"]}]},{\"@type\":\"ImageObject\",\"inLanguage\":\"en-GB\",\"@id\":\"https:\\\/\\\/unaymilletras.com\\\/depol-lanza-ella-para-seguir-conquistando-el-panorama-musical\\\/#primaryimage\",\"url\":\"https:\\\/\\\/unaymilletras.com\\\/wp-content\\\/uploads\\\/2023\\\/07\\\/Captura-de-Pantalla-2023-07-30-a-las-14.26.11.png\",\"contentUrl\":\"https:\\\/\\\/unaymilletras.com\\\/wp-content\\\/uploads\\\/2023\\\/07\\\/Captura-de-Pantalla-2023-07-30-a-las-14.26.11.png\",\"width\":735,\"height\":735,\"caption\":\"depol\"},{\"@type\":\"BreadcrumbList\",\"@id\":\"https:\\\/\\\/unaymilletras.com\\\/depol-lanza-ella-para-seguir-conquistando-el-panorama-musical\\\/#breadcrumb\",\"itemListElement\":[{\"@type\":\"ListItem\",\"position\":1,\"name\":\"Home\",\"item\":\"http:\\\/\\\/unaymilletras.com\\\/\"},{\"@type\":\"ListItem\",\"position\":2,\"name\":\"Depol lanza \u201cElla\u201d para seguir conquistando el panorama musical\"}]},{\"@type\":\"WebSite\",\"@id\":\"http:\\\/\\\/unaymilletras.com\\\/#website\",\"url\":\"http:\\\/\\\/unaymilletras.com\\\/\",\"name\":\"Una y Mil Letras\",\"description\":\"\",\"publisher\":{\"@id\":\"http:\\\/\\\/unaymilletras.com\\\/#organization\"},\"potentialAction\":[{\"@type\":\"SearchAction\",\"target\":{\"@type\":\"EntryPoint\",\"urlTemplate\":\"http:\\\/\\\/unaymilletras.com\\\/?s={search_term_string}\"},\"query-input\":{\"@type\":\"PropertyValueSpecification\",\"valueRequired\":true,\"valueName\":\"search_term_string\"}}],\"inLanguage\":\"en-GB\"},{\"@type\":\"Organization\",\"@id\":\"http:\\\/\\\/unaymilletras.com\\\/#organization\",\"name\":\"Una y Mil Letras\",\"url\":\"http:\\\/\\\/unaymilletras.com\\\/\",\"logo\":{\"@type\":\"ImageObject\",\"inLanguage\":\"en-GB\",\"@id\":\"http:\\\/\\\/unaymilletras.com\\\/#\\\/schema\\\/logo\\\/image\\\/\",\"url\":\"https:\\\/\\\/unaymilletras.com\\\/wp-content\\\/uploads\\\/2024\\\/06\\\/cropped-Logo-removebg-preview.png\",\"contentUrl\":\"https:\\\/\\\/unaymilletras.com\\\/wp-content\\\/uploads\\\/2024\\\/06\\\/cropped-Logo-removebg-preview.png\",\"width\":512,\"height\":512,\"caption\":\"Una y Mil Letras\"},\"image\":{\"@id\":\"http:\\\/\\\/unaymilletras.com\\\/#\\\/schema\\\/logo\\\/image\\\/\"},\"sameAs\":[\"https:\\\/\\\/x.com\\\/UnaYMilLetras\",\"https:\\\/\\\/instagram.com\\\/UnaYMilLetras\"]},{\"@type\":\"Person\",\"@id\":\"http:\\\/\\\/unaymilletras.com\\\/#\\\/schema\\\/person\\\/d55ba681b8a4e463d8982dbe36a5dc94\",\"name\":\"Maria Gil Robledo\",\"image\":{\"@type\":\"ImageObject\",\"inLanguage\":\"en-GB\",\"@id\":\"https:\\\/\\\/secure.gravatar.com\\\/avatar\\\/4b8e5102e0015789407eb4870b12f0f2857952d83ca124058f92b764bd1840c3?s=96&d=mm&r=g\",\"url\":\"https:\\\/\\\/secure.gravatar.com\\\/avatar\\\/4b8e5102e0015789407eb4870b12f0f2857952d83ca124058f92b764bd1840c3?s=96&d=mm&r=g\",\"contentUrl\":\"https:\\\/\\\/secure.gravatar.com\\\/avatar\\\/4b8e5102e0015789407eb4870b12f0f2857952d83ca124058f92b764bd1840c3?s=96&d=mm&r=g\",\"caption\":\"Maria Gil Robledo\"},\"sameAs\":[\"http:\\\/\\\/unaymilletras.com\"],\"url\":\"https:\\\/\\\/unaymilletras.com\\\/en\\\/author\\\/mariiagiil02_\\\/\"}]}<\/script>\n<!-- \/ Yoast SEO plugin. -->","yoast_head_json":{"title":"Depol lanza \u201cElla\u201d para seguir conquistando el panorama musical &#8902; Una y Mil Letras","description":"\u201cElla\u201d es el nuevo tema veraniego de Depol que ya se puede escuchar en todas las plataformas y con el que pretende arrasar despu\u00e9s de \"Ibiza\"","robots":{"index":"index","follow":"follow","max-snippet":"max-snippet:-1","max-image-preview":"max-image-preview:large","max-video-preview":"max-video-preview:-1"},"canonical":"https:\/\/unaymilletras.com\/en\/depol-lanza-ella-para-seguir-conquistando-el-panorama-musical\/","og_locale":"en_GB","og_type":"article","og_title":"Depol lanza \u201cElla\u201d para seguir conquistando el panorama musical &#8902; Una y Mil Letras","og_description":"\u201cElla\u201d es el nuevo tema veraniego de Depol que ya se puede escuchar en todas las plataformas y con el que pretende arrasar despu\u00e9s de \"Ibiza\"","og_url":"https:\/\/unaymilletras.com\/en\/depol-lanza-ella-para-seguir-conquistando-el-panorama-musical\/","og_site_name":"Una y Mil Letras","article_published_time":"2023-07-30T12:31:57+00:00","article_modified_time":"2023-07-30T12:34:29+00:00","og_image":[{"width":735,"height":735,"url":"https:\/\/unaymilletras.com\/wp-content\/uploads\/2023\/07\/Captura-de-Pantalla-2023-07-30-a-las-14.26.11.png","type":"image\/png"}],"author":"Maria Gil Robledo","twitter_card":"summary_large_image","twitter_creator":"@UnaYMilLetras","twitter_site":"@UnaYMilLetras","twitter_misc":{"Written by":"Maria Gil Robledo","Estimated reading time":"2 minutes"},"schema":{"@context":"https:\/\/schema.org","@graph":[{"@type":"Article","@id":"https:\/\/unaymilletras.com\/depol-lanza-ella-para-seguir-conquistando-el-panorama-musical\/#article","isPartOf":{"@id":"https:\/\/unaymilletras.com\/depol-lanza-ella-para-seguir-conquistando-el-panorama-musical\/"},"author":{"name":"Maria Gil Robledo","@id":"http:\/\/unaymilletras.com\/#\/schema\/person\/d55ba681b8a4e463d8982dbe36a5dc94"},"headline":"Depol lanza \u201cElla\u201d para seguir conquistando el panorama musical","datePublished":"2023-07-30T12:31:57+00:00","dateModified":"2023-07-30T12:34:29+00:00","mainEntityOfPage":{"@id":"https:\/\/unaymilletras.com\/depol-lanza-ella-para-seguir-conquistando-el-panorama-musical\/"},"wordCount":284,"commentCount":0,"publisher":{"@id":"http:\/\/unaymilletras.com\/#organization"},"image":{"@id":"https:\/\/unaymilletras.com\/depol-lanza-ella-para-seguir-conquistando-el-panorama-musical\/#primaryimage"},"thumbnailUrl":"https:\/\/unaymilletras.com\/wp-content\/uploads\/2023\/07\/Captura-de-Pantalla-2023-07-30-a-las-14.26.11.png","articleSection":["M\u00fasica"],"inLanguage":"en-GB","potentialAction":[{"@type":"CommentAction","name":"Comment","target":["https:\/\/unaymilletras.com\/depol-lanza-ella-para-seguir-conquistando-el-panorama-musical\/#respond"]}]},{"@type":"WebPage","@id":"https:\/\/unaymilletras.com\/depol-lanza-ella-para-seguir-conquistando-el-panorama-musical\/","url":"https:\/\/unaymilletras.com\/depol-lanza-ella-para-seguir-conquistando-el-panorama-musical\/","name":"Depol lanza \u201cElla\u201d para seguir conquistando el panorama musical &#8902; Una y Mil Letras","isPartOf":{"@id":"http:\/\/unaymilletras.com\/#website"},"primaryImageOfPage":{"@id":"https:\/\/unaymilletras.com\/depol-lanza-ella-para-seguir-conquistando-el-panorama-musical\/#primaryimage"},"image":{"@id":"https:\/\/unaymilletras.com\/depol-lanza-ella-para-seguir-conquistando-el-panorama-musical\/#primaryimage"},"thumbnailUrl":"https:\/\/unaymilletras.com\/wp-content\/uploads\/2023\/07\/Captura-de-Pantalla-2023-07-30-a-las-14.26.11.png","datePublished":"2023-07-30T12:31:57+00:00","dateModified":"2023-07-30T12:34:29+00:00","description":"\u201cElla\u201d es el nuevo tema veraniego de Depol que ya se puede escuchar en todas las plataformas y con el que pretende arrasar despu\u00e9s de \"Ibiza\"","breadcrumb":{"@id":"https:\/\/unaymilletras.com\/depol-lanza-ella-para-seguir-conquistando-el-panorama-musical\/#breadcrumb"},"inLanguage":"en-GB","potentialAction":[{"@type":"ReadAction","target":["https:\/\/unaymilletras.com\/depol-lanza-ella-para-seguir-conquistando-el-panorama-musical\/"]}]},{"@type":"ImageObject","inLanguage":"en-GB","@id":"https:\/\/unaymilletras.com\/depol-lanza-ella-para-seguir-conquistando-el-panorama-musical\/#primaryimage","url":"https:\/\/unaymilletras.com\/wp-content\/uploads\/2023\/07\/Captura-de-Pantalla-2023-07-30-a-las-14.26.11.png","contentUrl":"https:\/\/unaymilletras.com\/wp-content\/uploads\/2023\/07\/Captura-de-Pantalla-2023-07-30-a-las-14.26.11.png","width":735,"height":735,"caption":"depol"},{"@type":"BreadcrumbList","@id":"https:\/\/unaymilletras.com\/depol-lanza-ella-para-seguir-conquistando-el-panorama-musical\/#breadcrumb","itemListElement":[{"@type":"ListItem","position":1,"name":"Home","item":"http:\/\/unaymilletras.com\/"},{"@type":"ListItem","position":2,"name":"Depol lanza \u201cElla\u201d para seguir conquistando el panorama musical"}]},{"@type":"WebSite","@id":"http:\/\/unaymilletras.com\/#website","url":"http:\/\/unaymilletras.com\/","name":"Una y Mil Letras","description":"","publisher":{"@id":"http:\/\/unaymilletras.com\/#organization"},"potentialAction":[{"@type":"SearchAction","target":{"@type":"EntryPoint","urlTemplate":"http:\/\/unaymilletras.com\/?s={search_term_string}"},"query-input":{"@type":"PropertyValueSpecification","valueRequired":true,"valueName":"search_term_string"}}],"inLanguage":"en-GB"},{"@type":"Organization","@id":"http:\/\/unaymilletras.com\/#organization","name":"Una y Mil Letras","url":"http:\/\/unaymilletras.com\/","logo":{"@type":"ImageObject","inLanguage":"en-GB","@id":"http:\/\/unaymilletras.com\/#\/schema\/logo\/image\/","url":"https:\/\/unaymilletras.com\/wp-content\/uploads\/2024\/06\/cropped-Logo-removebg-preview.png","contentUrl":"https:\/\/unaymilletras.com\/wp-content\/uploads\/2024\/06\/cropped-Logo-removebg-preview.png","width":512,"height":512,"caption":"Una y Mil Letras"},"image":{"@id":"http:\/\/unaymilletras.com\/#\/schema\/logo\/image\/"},"sameAs":["https:\/\/x.com\/UnaYMilLetras","https:\/\/instagram.com\/UnaYMilLetras"]},{"@type":"Person","@id":"http:\/\/unaymilletras.com\/#\/schema\/person\/d55ba681b8a4e463d8982dbe36a5dc94","name":"Maria Gil Robledo","image":{"@type":"ImageObject","inLanguage":"en-GB","@id":"https:\/\/secure.gravatar.com\/avatar\/4b8e5102e0015789407eb4870b12f0f2857952d83ca124058f92b764bd1840c3?s=96&d=mm&r=g","url":"https:\/\/secure.gravatar.com\/avatar\/4b8e5102e0015789407eb4870b12f0f2857952d83ca124058f92b764bd1840c3?s=96&d=mm&r=g","contentUrl":"https:\/\/secure.gravatar.com\/avatar\/4b8e5102e0015789407eb4870b12f0f2857952d83ca124058f92b764bd1840c3?s=96&d=mm&r=g","caption":"Maria Gil Robledo"},"sameAs":["http:\/\/unaymilletras.com"],"url":"https:\/\/unaymilletras.com\/en\/author\/mariiagiil02_\/"}]}},"_links":{"self":[{"href":"https:\/\/unaymilletras.com\/en\/wp-json\/wp\/v2\/posts\/1021","targetHints":{"allow":["GET"]}}],"collection":[{"href":"https:\/\/unaymilletras.com\/en\/wp-json\/wp\/v2\/posts"}],"about":[{"href":"https:\/\/unaymilletras.com\/en\/wp-json\/wp\/v2\/types\/post"}],"author":[{"embeddable":true,"href":"https:\/\/unaymilletras.com\/en\/wp-json\/wp\/v2\/users\/1"}],"replies":[{"embeddable":true,"href":"https:\/\/unaymilletras.com\/en\/wp-json\/wp\/v2\/comments?post=1021"}],"version-history":[{"count":11,"href":"https:\/\/unaymilletras.com\/en\/wp-json\/wp\/v2\/posts\/1021\/revisions"}],"predecessor-version":[{"id":1033,"href":"https:\/\/unaymilletras.com\/en\/wp-json\/wp\/v2\/posts\/1021\/revisions\/1033"}],"wp:featuredmedia":[{"embeddable":true,"href":"https:\/\/unaymilletras.com\/en\/wp-json\/wp\/v2\/media\/1023"}],"wp:attachment":[{"href":"https:\/\/unaymilletras.com\/en\/wp-json\/wp\/v2\/media?parent=1021"}],"wp:term":[{"taxonomy":"category","embeddable":true,"href":"https:\/\/unaymilletras.com\/en\/wp-json\/wp\/v2\/categories?post=1021"},{"taxonomy":"post_tag","embeddable":true,"href":"https:\/\/unaymilletras.com\/en\/wp-json\/wp\/v2\/tags?post=1021"}],"curies":[{"name":"wp","href":"https:\/\/api.w.org\/{rel}","templated":true}]}}