{"id":1034,"date":"2023-07-31T14:28:47","date_gmt":"2023-07-31T12:28:47","guid":{"rendered":"http:\/\/unaymilletras.com\/?p=1034"},"modified":"2023-07-31T14:57:47","modified_gmt":"2023-07-31T12:57:47","slug":"neva-se-pone-colorada","status":"publish","type":"post","link":"https:\/\/unaymilletras.com\/en\/neva-se-pone-colorada\/","title":{"rendered":"Neva se pone \u201cColorada\u201d"},"content":{"rendered":"<div data-elementor-type=\"wp-post\" data-elementor-id=\"1034\" class=\"elementor elementor-1034\">\n\t\t\t\t\t\t<section class=\"elementor-section elementor-top-section elementor-element elementor-element-628c971 elementor-section-boxed elementor-section-height-default elementor-section-height-default\" data-id=\"628c971\" data-element_type=\"section\" data-e-type=\"section\">\n\t\t\t\t\t\t<div class=\"elementor-container elementor-column-gap-default\">\n\t\t\t\t\t<div class=\"elementor-column elementor-col-100 elementor-top-column elementor-element elementor-element-f3c3f83\" data-id=\"f3c3f83\" data-element_type=\"column\" data-e-type=\"column\">\n\t\t\t<div class=\"elementor-widget-wrap elementor-element-populated\">\n\t\t\t\t\t\t<div class=\"elementor-element elementor-element-b82cfe9 elementor-widget elementor-widget-text-editor\" data-id=\"b82cfe9\" data-element_type=\"widget\" data-e-type=\"widget\" data-widget_type=\"text-editor.default\">\n\t\t\t\t<div class=\"elementor-widget-container\">\n\t\t\t\t\t\t\t\t\t<h2><span style=\"color: #808080;\"><em>Inspirada en \u201cMe pongo colorada\u201d, la compositora Neva lanza su nuevo sencillo que ya tiene su propio trend en TikTok<\/em><\/span><\/h2>\t\t\t\t\t\t\t\t<\/div>\n\t\t\t\t<\/div>\n\t\t\t\t\t<\/div>\n\t\t<\/div>\n\t\t\t\t\t<\/div>\n\t\t<\/section>\n\t\t\t\t<section class=\"elementor-section elementor-top-section elementor-element elementor-element-a440cce elementor-section-boxed elementor-section-height-default elementor-section-height-default\" data-id=\"a440cce\" data-element_type=\"section\" data-e-type=\"section\">\n\t\t\t\t\t\t<div class=\"elementor-container elementor-column-gap-default\">\n\t\t\t\t\t<div class=\"elementor-column elementor-col-100 elementor-top-column elementor-element elementor-element-c72325e\" data-id=\"c72325e\" data-element_type=\"column\" data-e-type=\"column\">\n\t\t\t<div class=\"elementor-widget-wrap elementor-element-populated\">\n\t\t\t\t\t\t<div class=\"elementor-element elementor-element-52e4810 elementor-widget elementor-widget-text-editor\" data-id=\"52e4810\" data-element_type=\"widget\" data-e-type=\"widget\" data-widget_type=\"text-editor.default\">\n\t\t\t\t<div class=\"elementor-widget-container\">\n\t\t\t\t\t\t\t\t\t<p><span style=\"color: #808080;\"><strong><em><a style=\"color: #808080;\" href=\"https:\/\/open.spotify.com\/track\/6F4w8B8e2V0khPlD3iT03u?si=b3e044be5e924514\">Colorada<\/a><\/em><\/strong> es el nuevo sencillo de <strong>Neva<\/strong>, un tema ideal para el verano gracias a las buenas vibras que t<\/span>ransmite. Se trata de una canci\u00f3n que habla sobre el no poder disimular que te gusta una persona. \u00abSe me nota en la carita, que se me pone rojita\u00bb, dice el single.<\/p>\t\t\t\t\t\t\t\t<\/div>\n\t\t\t\t<\/div>\n\t\t\t\t\t<\/div>\n\t\t<\/div>\n\t\t\t\t\t<\/div>\n\t\t<\/section>\n\t\t\t\t<section class=\"elementor-section elementor-top-section elementor-element elementor-element-4469df8 elementor-section-boxed elementor-section-height-default elementor-section-height-default\" data-id=\"4469df8\" data-element_type=\"section\" data-e-type=\"section\">\n\t\t\t\t\t\t<div class=\"elementor-container elementor-column-gap-default\">\n\t\t\t\t\t<div class=\"elementor-column elementor-col-100 elementor-top-column elementor-element elementor-element-a0a05df\" data-id=\"a0a05df\" data-element_type=\"column\" data-e-type=\"column\">\n\t\t\t<div class=\"elementor-widget-wrap elementor-element-populated\">\n\t\t\t\t\t\t<div class=\"elementor-element elementor-element-87b95b4 elementor-widget elementor-widget-image\" data-id=\"87b95b4\" data-element_type=\"widget\" data-e-type=\"widget\" data-widget_type=\"image.default\">\n\t\t\t\t<div class=\"elementor-widget-container\">\n\t\t\t\t\t\t\t\t\t\t\t\t\t\t\t<img fetchpriority=\"high\" decoding=\"async\" width=\"640\" height=\"640\" src=\"https:\/\/unaymilletras.com\/wp-content\/uploads\/2023\/07\/colorada-NEVA-1024x1024.jpeg\" class=\"attachment-large size-large wp-image-1036\" alt=\"Neva\" srcset=\"https:\/\/unaymilletras.com\/wp-content\/uploads\/2023\/07\/colorada-NEVA-1024x1024.jpeg 1024w, https:\/\/unaymilletras.com\/wp-content\/uploads\/2023\/07\/colorada-NEVA-e1690806634882-300x300.jpeg 300w, https:\/\/unaymilletras.com\/wp-content\/uploads\/2023\/07\/colorada-NEVA-e1690806634882-150x150.jpeg 150w, https:\/\/unaymilletras.com\/wp-content\/uploads\/2023\/07\/colorada-NEVA-768x768.jpeg 768w, https:\/\/unaymilletras.com\/wp-content\/uploads\/2023\/07\/colorada-NEVA-1536x1536.jpeg 1536w, https:\/\/unaymilletras.com\/wp-content\/uploads\/2023\/07\/colorada-NEVA-e1690806634882.jpeg 600w\" sizes=\"(max-width: 640px) 100vw, 640px\" \/>\t\t\t\t\t\t\t\t\t\t\t\t\t\t\t<\/div>\n\t\t\t\t<\/div>\n\t\t\t\t\t<\/div>\n\t\t<\/div>\n\t\t\t\t\t<\/div>\n\t\t<\/section>\n\t\t\t\t<section class=\"elementor-section elementor-top-section elementor-element elementor-element-29551cd elementor-section-boxed elementor-section-height-default elementor-section-height-default\" data-id=\"29551cd\" data-element_type=\"section\" data-e-type=\"section\">\n\t\t\t\t\t\t<div class=\"elementor-container elementor-column-gap-default\">\n\t\t\t\t\t<div class=\"elementor-column elementor-col-100 elementor-top-column elementor-element elementor-element-70acc3b\" data-id=\"70acc3b\" data-element_type=\"column\" data-e-type=\"column\">\n\t\t\t<div class=\"elementor-widget-wrap elementor-element-populated\">\n\t\t\t\t\t\t<div class=\"elementor-element elementor-element-18f93dc elementor-widget elementor-widget-text-editor\" data-id=\"18f93dc\" data-element_type=\"widget\" data-e-type=\"widget\" data-widget_type=\"text-editor.default\">\n\t\t\t\t<div class=\"elementor-widget-container\">\n\t\t\t\t\t\t\t\t\t<p>Para crear esta canci\u00f3n de pop dance con sonidos electr\u00f3nicos, Neva se ha inspirado en <strong><em>Me pongo colorada<\/em><\/strong>, de <strong>Pap\u00e1 Levante<\/strong>. Seg\u00fan confiesa la artista, un d\u00eda se levant\u00f3 sin parar de cantar el estribillo y as\u00ed surgi\u00f3<span style=\"color: #808080;\"> la idea. \u00a0El tema fue compuesto por ella junto a <strong>Jonathan Burt<\/strong> y <strong>Liam Garner<\/strong>, quien tambi\u00e9n lo ha producido.<\/span><\/p><p><span style=\"color: #808080;\">El <a style=\"color: #808080;\" href=\"http:\/\/unaymilletras.com\/en\/depol-lanza-ella-para-seguir-conquistando-el-panorama-musical\/\">nuevo sencillo<\/a> de Neva ha sido muy bien recibida, especialmente en la plat<\/span>aforma de TikTok, donde la cantante no para de crecer, acumulando ya 54.000 y m\u00e1s de 1,3 millones de likes.<\/p><p>Neva es una compositora gaditana que tiene por costumbre escribir historias con una perspectiva alegre y trasladando a los oyentes situaciones cotidianas. Ha trabajado con artistas como David Bisbal, L\u00e9rica o Ventino entre otros. Ahora, decide lanzarse ella misma a cantar despu\u00e9s de su \u00faltimo tema <em>D\u00e9jame<\/em>.<\/p>\t\t\t\t\t\t\t\t<\/div>\n\t\t\t\t<\/div>\n\t\t\t\t\t<\/div>\n\t\t<\/div>\n\t\t\t\t\t<\/div>\n\t\t<\/section>\n\t\t\t\t<\/div>","protected":false},"excerpt":{"rendered":"<p>Inspirada en \u201cMe pongo colorada\u201d, la compositora Neva lanza su nuevo sencillo que ya tiene su propio trend en TikTok Colorada es el nuevo sencillo de Neva, un tema ideal para el verano gracias a las buenas vibras que transmite. Se trata de una canci\u00f3n que habla sobre el no poder disimular que te gusta [&hellip;]<\/p>\n","protected":false},"author":1,"featured_media":1036,"comment_status":"open","ping_status":"open","sticky":false,"template":"","format":"standard","meta":{"footnotes":""},"categories":[4],"tags":[],"class_list":["post-1034","post","type-post","status-publish","format-standard","has-post-thumbnail","hentry","category-musica"],"yoast_head":"<!-- This site is optimized with the Yoast SEO plugin v27.4 - https:\/\/yoast.com\/product\/yoast-seo-wordpress\/ -->\n<title>Neva se pone \u201cColorada\u201d &#8902; Una y Mil Letras<\/title>\n<meta name=\"description\" content=\"Inspirada en \u201cMe pongo colorada\u201d, la compositora Neva lanza su nuevo sencillo que ya tiene su propio trend en TikTok\" \/>\n<meta name=\"robots\" content=\"index, follow, max-snippet:-1, max-image-preview:large, max-video-preview:-1\" \/>\n<link rel=\"canonical\" href=\"https:\/\/unaymilletras.com\/en\/neva-se-pone-colorada\/\" \/>\n<meta property=\"og:locale\" content=\"en_GB\" \/>\n<meta property=\"og:type\" content=\"article\" \/>\n<meta property=\"og:title\" content=\"Neva se pone \u201cColorada\u201d &#8902; Una y Mil Letras\" \/>\n<meta property=\"og:description\" content=\"Inspirada en \u201cMe pongo colorada\u201d, la compositora Neva lanza su nuevo sencillo que ya tiene su propio trend en TikTok\" \/>\n<meta property=\"og:url\" content=\"https:\/\/unaymilletras.com\/en\/neva-se-pone-colorada\/\" \/>\n<meta property=\"og:site_name\" content=\"Una y Mil Letras\" \/>\n<meta property=\"article:published_time\" content=\"2023-07-31T12:28:47+00:00\" \/>\n<meta property=\"article:modified_time\" content=\"2023-07-31T12:57:47+00:00\" \/>\n<meta property=\"og:image\" content=\"https:\/\/unaymilletras.com\/wp-content\/uploads\/2023\/07\/colorada-NEVA-e1690806634882.jpeg\" \/>\n\t<meta property=\"og:image:width\" content=\"600\" \/>\n\t<meta property=\"og:image:height\" content=\"600\" \/>\n\t<meta property=\"og:image:type\" content=\"image\/jpeg\" \/>\n<meta name=\"author\" content=\"Maria Gil Robledo\" \/>\n<meta name=\"twitter:card\" content=\"summary_large_image\" \/>\n<meta name=\"twitter:creator\" content=\"@UnaYMilLetras\" \/>\n<meta name=\"twitter:site\" content=\"@UnaYMilLetras\" \/>\n<meta name=\"twitter:label1\" content=\"Written by\" \/>\n\t<meta name=\"twitter:data1\" content=\"Maria Gil Robledo\" \/>\n\t<meta name=\"twitter:label2\" content=\"Estimated reading time\" \/>\n\t<meta name=\"twitter:data2\" content=\"2 minutes\" \/>\n<script type=\"application\/ld+json\" class=\"yoast-schema-graph\">{\"@context\":\"https:\\\/\\\/schema.org\",\"@graph\":[{\"@type\":\"Article\",\"@id\":\"https:\\\/\\\/unaymilletras.com\\\/neva-se-pone-colorada\\\/#article\",\"isPartOf\":{\"@id\":\"https:\\\/\\\/unaymilletras.com\\\/neva-se-pone-colorada\\\/\"},\"author\":{\"name\":\"Maria Gil Robledo\",\"@id\":\"http:\\\/\\\/unaymilletras.com\\\/#\\\/schema\\\/person\\\/d55ba681b8a4e463d8982dbe36a5dc94\"},\"headline\":\"Neva se pone \u201cColorada\u201d\",\"datePublished\":\"2023-07-31T12:28:47+00:00\",\"dateModified\":\"2023-07-31T12:57:47+00:00\",\"mainEntityOfPage\":{\"@id\":\"https:\\\/\\\/unaymilletras.com\\\/neva-se-pone-colorada\\\/\"},\"wordCount\":222,\"commentCount\":0,\"publisher\":{\"@id\":\"http:\\\/\\\/unaymilletras.com\\\/#organization\"},\"image\":{\"@id\":\"https:\\\/\\\/unaymilletras.com\\\/neva-se-pone-colorada\\\/#primaryimage\"},\"thumbnailUrl\":\"https:\\\/\\\/unaymilletras.com\\\/wp-content\\\/uploads\\\/2023\\\/07\\\/colorada-NEVA-e1690806634882.jpeg\",\"articleSection\":[\"M\u00fasica\"],\"inLanguage\":\"en-GB\",\"potentialAction\":[{\"@type\":\"CommentAction\",\"name\":\"Comment\",\"target\":[\"https:\\\/\\\/unaymilletras.com\\\/neva-se-pone-colorada\\\/#respond\"]}]},{\"@type\":\"WebPage\",\"@id\":\"https:\\\/\\\/unaymilletras.com\\\/neva-se-pone-colorada\\\/\",\"url\":\"https:\\\/\\\/unaymilletras.com\\\/neva-se-pone-colorada\\\/\",\"name\":\"Neva se pone \u201cColorada\u201d &#8902; Una y Mil Letras\",\"isPartOf\":{\"@id\":\"http:\\\/\\\/unaymilletras.com\\\/#website\"},\"primaryImageOfPage\":{\"@id\":\"https:\\\/\\\/unaymilletras.com\\\/neva-se-pone-colorada\\\/#primaryimage\"},\"image\":{\"@id\":\"https:\\\/\\\/unaymilletras.com\\\/neva-se-pone-colorada\\\/#primaryimage\"},\"thumbnailUrl\":\"https:\\\/\\\/unaymilletras.com\\\/wp-content\\\/uploads\\\/2023\\\/07\\\/colorada-NEVA-e1690806634882.jpeg\",\"datePublished\":\"2023-07-31T12:28:47+00:00\",\"dateModified\":\"2023-07-31T12:57:47+00:00\",\"description\":\"Inspirada en \u201cMe pongo colorada\u201d, la compositora Neva lanza su nuevo sencillo que ya tiene su propio trend en TikTok\",\"breadcrumb\":{\"@id\":\"https:\\\/\\\/unaymilletras.com\\\/neva-se-pone-colorada\\\/#breadcrumb\"},\"inLanguage\":\"en-GB\",\"potentialAction\":[{\"@type\":\"ReadAction\",\"target\":[\"https:\\\/\\\/unaymilletras.com\\\/neva-se-pone-colorada\\\/\"]}]},{\"@type\":\"ImageObject\",\"inLanguage\":\"en-GB\",\"@id\":\"https:\\\/\\\/unaymilletras.com\\\/neva-se-pone-colorada\\\/#primaryimage\",\"url\":\"https:\\\/\\\/unaymilletras.com\\\/wp-content\\\/uploads\\\/2023\\\/07\\\/colorada-NEVA-e1690806634882.jpeg\",\"contentUrl\":\"https:\\\/\\\/unaymilletras.com\\\/wp-content\\\/uploads\\\/2023\\\/07\\\/colorada-NEVA-e1690806634882.jpeg\",\"width\":600,\"height\":600,\"caption\":\"Neva\"},{\"@type\":\"BreadcrumbList\",\"@id\":\"https:\\\/\\\/unaymilletras.com\\\/neva-se-pone-colorada\\\/#breadcrumb\",\"itemListElement\":[{\"@type\":\"ListItem\",\"position\":1,\"name\":\"Home\",\"item\":\"http:\\\/\\\/unaymilletras.com\\\/\"},{\"@type\":\"ListItem\",\"position\":2,\"name\":\"Neva se pone \u201cColorada\u201d\"}]},{\"@type\":\"WebSite\",\"@id\":\"http:\\\/\\\/unaymilletras.com\\\/#website\",\"url\":\"http:\\\/\\\/unaymilletras.com\\\/\",\"name\":\"Una y Mil Letras\",\"description\":\"\",\"publisher\":{\"@id\":\"http:\\\/\\\/unaymilletras.com\\\/#organization\"},\"potentialAction\":[{\"@type\":\"SearchAction\",\"target\":{\"@type\":\"EntryPoint\",\"urlTemplate\":\"http:\\\/\\\/unaymilletras.com\\\/?s={search_term_string}\"},\"query-input\":{\"@type\":\"PropertyValueSpecification\",\"valueRequired\":true,\"valueName\":\"search_term_string\"}}],\"inLanguage\":\"en-GB\"},{\"@type\":\"Organization\",\"@id\":\"http:\\\/\\\/unaymilletras.com\\\/#organization\",\"name\":\"Una y Mil Letras\",\"url\":\"http:\\\/\\\/unaymilletras.com\\\/\",\"logo\":{\"@type\":\"ImageObject\",\"inLanguage\":\"en-GB\",\"@id\":\"http:\\\/\\\/unaymilletras.com\\\/#\\\/schema\\\/logo\\\/image\\\/\",\"url\":\"https:\\\/\\\/unaymilletras.com\\\/wp-content\\\/uploads\\\/2024\\\/06\\\/cropped-Logo-removebg-preview.png\",\"contentUrl\":\"https:\\\/\\\/unaymilletras.com\\\/wp-content\\\/uploads\\\/2024\\\/06\\\/cropped-Logo-removebg-preview.png\",\"width\":512,\"height\":512,\"caption\":\"Una y Mil Letras\"},\"image\":{\"@id\":\"http:\\\/\\\/unaymilletras.com\\\/#\\\/schema\\\/logo\\\/image\\\/\"},\"sameAs\":[\"https:\\\/\\\/x.com\\\/UnaYMilLetras\",\"https:\\\/\\\/instagram.com\\\/UnaYMilLetras\"]},{\"@type\":\"Person\",\"@id\":\"http:\\\/\\\/unaymilletras.com\\\/#\\\/schema\\\/person\\\/d55ba681b8a4e463d8982dbe36a5dc94\",\"name\":\"Maria Gil Robledo\",\"image\":{\"@type\":\"ImageObject\",\"inLanguage\":\"en-GB\",\"@id\":\"https:\\\/\\\/secure.gravatar.com\\\/avatar\\\/4b8e5102e0015789407eb4870b12f0f2857952d83ca124058f92b764bd1840c3?s=96&d=mm&r=g\",\"url\":\"https:\\\/\\\/secure.gravatar.com\\\/avatar\\\/4b8e5102e0015789407eb4870b12f0f2857952d83ca124058f92b764bd1840c3?s=96&d=mm&r=g\",\"contentUrl\":\"https:\\\/\\\/secure.gravatar.com\\\/avatar\\\/4b8e5102e0015789407eb4870b12f0f2857952d83ca124058f92b764bd1840c3?s=96&d=mm&r=g\",\"caption\":\"Maria Gil Robledo\"},\"sameAs\":[\"http:\\\/\\\/unaymilletras.com\"],\"url\":\"https:\\\/\\\/unaymilletras.com\\\/en\\\/author\\\/mariiagiil02_\\\/\"}]}<\/script>\n<!-- \/ Yoast SEO plugin. -->","yoast_head_json":{"title":"Neva se pone \u201cColorada\u201d &#8902; Una y Mil Letras","description":"Inspirada en \u201cMe pongo colorada\u201d, la compositora Neva lanza su nuevo sencillo que ya tiene su propio trend en TikTok","robots":{"index":"index","follow":"follow","max-snippet":"max-snippet:-1","max-image-preview":"max-image-preview:large","max-video-preview":"max-video-preview:-1"},"canonical":"https:\/\/unaymilletras.com\/en\/neva-se-pone-colorada\/","og_locale":"en_GB","og_type":"article","og_title":"Neva se pone \u201cColorada\u201d &#8902; Una y Mil Letras","og_description":"Inspirada en \u201cMe pongo colorada\u201d, la compositora Neva lanza su nuevo sencillo que ya tiene su propio trend en TikTok","og_url":"https:\/\/unaymilletras.com\/en\/neva-se-pone-colorada\/","og_site_name":"Una y Mil Letras","article_published_time":"2023-07-31T12:28:47+00:00","article_modified_time":"2023-07-31T12:57:47+00:00","og_image":[{"width":600,"height":600,"url":"https:\/\/unaymilletras.com\/wp-content\/uploads\/2023\/07\/colorada-NEVA-e1690806634882.jpeg","type":"image\/jpeg"}],"author":"Maria Gil Robledo","twitter_card":"summary_large_image","twitter_creator":"@UnaYMilLetras","twitter_site":"@UnaYMilLetras","twitter_misc":{"Written by":"Maria Gil Robledo","Estimated reading time":"2 minutes"},"schema":{"@context":"https:\/\/schema.org","@graph":[{"@type":"Article","@id":"https:\/\/unaymilletras.com\/neva-se-pone-colorada\/#article","isPartOf":{"@id":"https:\/\/unaymilletras.com\/neva-se-pone-colorada\/"},"author":{"name":"Maria Gil Robledo","@id":"http:\/\/unaymilletras.com\/#\/schema\/person\/d55ba681b8a4e463d8982dbe36a5dc94"},"headline":"Neva se pone \u201cColorada\u201d","datePublished":"2023-07-31T12:28:47+00:00","dateModified":"2023-07-31T12:57:47+00:00","mainEntityOfPage":{"@id":"https:\/\/unaymilletras.com\/neva-se-pone-colorada\/"},"wordCount":222,"commentCount":0,"publisher":{"@id":"http:\/\/unaymilletras.com\/#organization"},"image":{"@id":"https:\/\/unaymilletras.com\/neva-se-pone-colorada\/#primaryimage"},"thumbnailUrl":"https:\/\/unaymilletras.com\/wp-content\/uploads\/2023\/07\/colorada-NEVA-e1690806634882.jpeg","articleSection":["M\u00fasica"],"inLanguage":"en-GB","potentialAction":[{"@type":"CommentAction","name":"Comment","target":["https:\/\/unaymilletras.com\/neva-se-pone-colorada\/#respond"]}]},{"@type":"WebPage","@id":"https:\/\/unaymilletras.com\/neva-se-pone-colorada\/","url":"https:\/\/unaymilletras.com\/neva-se-pone-colorada\/","name":"Neva se pone \u201cColorada\u201d &#8902; Una y Mil Letras","isPartOf":{"@id":"http:\/\/unaymilletras.com\/#website"},"primaryImageOfPage":{"@id":"https:\/\/unaymilletras.com\/neva-se-pone-colorada\/#primaryimage"},"image":{"@id":"https:\/\/unaymilletras.com\/neva-se-pone-colorada\/#primaryimage"},"thumbnailUrl":"https:\/\/unaymilletras.com\/wp-content\/uploads\/2023\/07\/colorada-NEVA-e1690806634882.jpeg","datePublished":"2023-07-31T12:28:47+00:00","dateModified":"2023-07-31T12:57:47+00:00","description":"Inspirada en \u201cMe pongo colorada\u201d, la compositora Neva lanza su nuevo sencillo que ya tiene su propio trend en TikTok","breadcrumb":{"@id":"https:\/\/unaymilletras.com\/neva-se-pone-colorada\/#breadcrumb"},"inLanguage":"en-GB","potentialAction":[{"@type":"ReadAction","target":["https:\/\/unaymilletras.com\/neva-se-pone-colorada\/"]}]},{"@type":"ImageObject","inLanguage":"en-GB","@id":"https:\/\/unaymilletras.com\/neva-se-pone-colorada\/#primaryimage","url":"https:\/\/unaymilletras.com\/wp-content\/uploads\/2023\/07\/colorada-NEVA-e1690806634882.jpeg","contentUrl":"https:\/\/unaymilletras.com\/wp-content\/uploads\/2023\/07\/colorada-NEVA-e1690806634882.jpeg","width":600,"height":600,"caption":"Neva"},{"@type":"BreadcrumbList","@id":"https:\/\/unaymilletras.com\/neva-se-pone-colorada\/#breadcrumb","itemListElement":[{"@type":"ListItem","position":1,"name":"Home","item":"http:\/\/unaymilletras.com\/"},{"@type":"ListItem","position":2,"name":"Neva se pone \u201cColorada\u201d"}]},{"@type":"WebSite","@id":"http:\/\/unaymilletras.com\/#website","url":"http:\/\/unaymilletras.com\/","name":"Una y Mil Letras","description":"","publisher":{"@id":"http:\/\/unaymilletras.com\/#organization"},"potentialAction":[{"@type":"SearchAction","target":{"@type":"EntryPoint","urlTemplate":"http:\/\/unaymilletras.com\/?s={search_term_string}"},"query-input":{"@type":"PropertyValueSpecification","valueRequired":true,"valueName":"search_term_string"}}],"inLanguage":"en-GB"},{"@type":"Organization","@id":"http:\/\/unaymilletras.com\/#organization","name":"Una y Mil Letras","url":"http:\/\/unaymilletras.com\/","logo":{"@type":"ImageObject","inLanguage":"en-GB","@id":"http:\/\/unaymilletras.com\/#\/schema\/logo\/image\/","url":"https:\/\/unaymilletras.com\/wp-content\/uploads\/2024\/06\/cropped-Logo-removebg-preview.png","contentUrl":"https:\/\/unaymilletras.com\/wp-content\/uploads\/2024\/06\/cropped-Logo-removebg-preview.png","width":512,"height":512,"caption":"Una y Mil Letras"},"image":{"@id":"http:\/\/unaymilletras.com\/#\/schema\/logo\/image\/"},"sameAs":["https:\/\/x.com\/UnaYMilLetras","https:\/\/instagram.com\/UnaYMilLetras"]},{"@type":"Person","@id":"http:\/\/unaymilletras.com\/#\/schema\/person\/d55ba681b8a4e463d8982dbe36a5dc94","name":"Maria Gil Robledo","image":{"@type":"ImageObject","inLanguage":"en-GB","@id":"https:\/\/secure.gravatar.com\/avatar\/4b8e5102e0015789407eb4870b12f0f2857952d83ca124058f92b764bd1840c3?s=96&d=mm&r=g","url":"https:\/\/secure.gravatar.com\/avatar\/4b8e5102e0015789407eb4870b12f0f2857952d83ca124058f92b764bd1840c3?s=96&d=mm&r=g","contentUrl":"https:\/\/secure.gravatar.com\/avatar\/4b8e5102e0015789407eb4870b12f0f2857952d83ca124058f92b764bd1840c3?s=96&d=mm&r=g","caption":"Maria Gil Robledo"},"sameAs":["http:\/\/unaymilletras.com"],"url":"https:\/\/unaymilletras.com\/en\/author\/mariiagiil02_\/"}]}},"_links":{"self":[{"href":"https:\/\/unaymilletras.com\/en\/wp-json\/wp\/v2\/posts\/1034","targetHints":{"allow":["GET"]}}],"collection":[{"href":"https:\/\/unaymilletras.com\/en\/wp-json\/wp\/v2\/posts"}],"about":[{"href":"https:\/\/unaymilletras.com\/en\/wp-json\/wp\/v2\/types\/post"}],"author":[{"embeddable":true,"href":"https:\/\/unaymilletras.com\/en\/wp-json\/wp\/v2\/users\/1"}],"replies":[{"embeddable":true,"href":"https:\/\/unaymilletras.com\/en\/wp-json\/wp\/v2\/comments?post=1034"}],"version-history":[{"count":5,"href":"https:\/\/unaymilletras.com\/en\/wp-json\/wp\/v2\/posts\/1034\/revisions"}],"predecessor-version":[{"id":1040,"href":"https:\/\/unaymilletras.com\/en\/wp-json\/wp\/v2\/posts\/1034\/revisions\/1040"}],"wp:featuredmedia":[{"embeddable":true,"href":"https:\/\/unaymilletras.com\/en\/wp-json\/wp\/v2\/media\/1036"}],"wp:attachment":[{"href":"https:\/\/unaymilletras.com\/en\/wp-json\/wp\/v2\/media?parent=1034"}],"wp:term":[{"taxonomy":"category","embeddable":true,"href":"https:\/\/unaymilletras.com\/en\/wp-json\/wp\/v2\/categories?post=1034"},{"taxonomy":"post_tag","embeddable":true,"href":"https:\/\/unaymilletras.com\/en\/wp-json\/wp\/v2\/tags?post=1034"}],"curies":[{"name":"wp","href":"https:\/\/api.w.org\/{rel}","templated":true}]}}