{"id":1057,"date":"2023-08-02T18:13:39","date_gmt":"2023-08-02T16:13:39","guid":{"rendered":"http:\/\/unaymilletras.com\/?p=1057"},"modified":"2023-08-02T18:19:00","modified_gmt":"2023-08-02T16:19:00","slug":"alaina-castillo-comparte-sus-malos-habitos","status":"publish","type":"post","link":"https:\/\/unaymilletras.com\/en\/alaina-castillo-comparte-sus-malos-habitos\/","title":{"rendered":"Alaina Castillo comparte sus \u201cmalos h\u00e1bitos\u201d"},"content":{"rendered":"<div data-elementor-type=\"wp-post\" data-elementor-id=\"1057\" class=\"elementor elementor-1057\">\n\t\t\t\t\t\t<section class=\"elementor-section elementor-top-section elementor-element elementor-element-6ad7054 elementor-section-boxed elementor-section-height-default elementor-section-height-default\" data-id=\"6ad7054\" data-element_type=\"section\" data-e-type=\"section\">\n\t\t\t\t\t\t<div class=\"elementor-container elementor-column-gap-default\">\n\t\t\t\t\t<div class=\"elementor-column elementor-col-100 elementor-top-column elementor-element elementor-element-bc495d9\" data-id=\"bc495d9\" data-element_type=\"column\" data-e-type=\"column\">\n\t\t\t<div class=\"elementor-widget-wrap elementor-element-populated\">\n\t\t\t\t\t\t<div class=\"elementor-element elementor-element-33f7a12 elementor-widget elementor-widget-text-editor\" data-id=\"33f7a12\" data-element_type=\"widget\" data-e-type=\"widget\" data-widget_type=\"text-editor.default\">\n\t\t\t\t<div class=\"elementor-widget-container\">\n\t\t\t\t\t\t\t\t\t<h2><span style=\"color: #808080;\"><em>Ya est\u00e1 disponible el EP que supone el proyecto m\u00e1s distintivo hasta el momento de Alaina Castillo<\/em><\/span><\/h2>\t\t\t\t\t\t\t\t<\/div>\n\t\t\t\t<\/div>\n\t\t\t\t\t<\/div>\n\t\t<\/div>\n\t\t\t\t\t<\/div>\n\t\t<\/section>\n\t\t\t\t<section class=\"elementor-section elementor-top-section elementor-element elementor-element-b15c6ab elementor-section-boxed elementor-section-height-default elementor-section-height-default\" data-id=\"b15c6ab\" data-element_type=\"section\" data-e-type=\"section\">\n\t\t\t\t\t\t<div class=\"elementor-container elementor-column-gap-default\">\n\t\t\t\t\t<div class=\"elementor-column elementor-col-100 elementor-top-column elementor-element elementor-element-2bc92ce\" data-id=\"2bc92ce\" data-element_type=\"column\" data-e-type=\"column\">\n\t\t\t<div class=\"elementor-widget-wrap elementor-element-populated\">\n\t\t\t\t\t\t<div class=\"elementor-element elementor-element-cd79055 elementor-widget elementor-widget-text-editor\" data-id=\"cd79055\" data-element_type=\"widget\" data-e-type=\"widget\" data-widget_type=\"text-editor.default\">\n\t\t\t\t<div class=\"elementor-widget-container\">\n\t\t\t\t\t\t\t\t\t<p><span style=\"color: #808080;\"><em><b><a style=\"color: #808080;\" href=\"https:\/\/open.spotify.com\/album\/6OPuLLyQr6sjyJG98Fd8ZP?si=Vnbwx_VsT0SFRRvDLf8Jig\">malos h\u00e1bitos<\/a><\/b><\/em> es<\/span> el nuevo EP de <b>Alaina Castillo<\/b>. Con \u00e9l, ha querido hacer homenaje a la persona que era ella cuando comenz\u00f3 su carrera. Se trata de un conjunto de 5 canciones, que hablan sobre temas diversos, como el <b>amor<\/b>, el <b>autosabotaje<\/b>, la <b>sanaci\u00f3n<\/b> y el <b>crecimiento<\/b>. Todas las letras esconden reflexiones de la artista sobre el crecimiento que ella misma ha experimentado como mujer y sobre la confianza en s\u00ed misma. Asimismo, Alaina Castillo lo describe como un recordatorio para \u201cvivir el momento y escapar del caos de nuestras mentes\u201d.<\/p>\t\t\t\t\t\t\t\t<\/div>\n\t\t\t\t<\/div>\n\t\t\t\t\t<\/div>\n\t\t<\/div>\n\t\t\t\t\t<\/div>\n\t\t<\/section>\n\t\t\t\t<section class=\"elementor-section elementor-top-section elementor-element elementor-element-6a17e86 elementor-section-boxed elementor-section-height-default elementor-section-height-default\" data-id=\"6a17e86\" data-element_type=\"section\" data-e-type=\"section\">\n\t\t\t\t\t\t<div class=\"elementor-container elementor-column-gap-default\">\n\t\t\t\t\t<div class=\"elementor-column elementor-col-100 elementor-top-column elementor-element elementor-element-7d48fba\" data-id=\"7d48fba\" data-element_type=\"column\" data-e-type=\"column\">\n\t\t\t<div class=\"elementor-widget-wrap elementor-element-populated\">\n\t\t\t\t\t\t<div class=\"elementor-element elementor-element-c4038bd elementor-widget elementor-widget-image\" data-id=\"c4038bd\" data-element_type=\"widget\" data-e-type=\"widget\" data-widget_type=\"image.default\">\n\t\t\t\t<div class=\"elementor-widget-container\">\n\t\t\t\t\t\t\t\t\t\t\t\t\t\t\t<img fetchpriority=\"high\" decoding=\"async\" width=\"640\" height=\"960\" src=\"https:\/\/unaymilletras.com\/wp-content\/uploads\/2023\/08\/WhatsApp-Image-2023-08-02-at-18.15.38-683x1024.jpeg\" class=\"attachment-large size-large wp-image-1061\" alt=\"Alaina Catillo\" srcset=\"https:\/\/unaymilletras.com\/wp-content\/uploads\/2023\/08\/WhatsApp-Image-2023-08-02-at-18.15.38-683x1024.jpeg 683w, https:\/\/unaymilletras.com\/wp-content\/uploads\/2023\/08\/WhatsApp-Image-2023-08-02-at-18.15.38-e1690993132232-200x300.jpeg 200w, https:\/\/unaymilletras.com\/wp-content\/uploads\/2023\/08\/WhatsApp-Image-2023-08-02-at-18.15.38-768x1152.jpeg 768w, https:\/\/unaymilletras.com\/wp-content\/uploads\/2023\/08\/WhatsApp-Image-2023-08-02-at-18.15.38-1024x1536.jpeg 1024w, https:\/\/unaymilletras.com\/wp-content\/uploads\/2023\/08\/WhatsApp-Image-2023-08-02-at-18.15.38-e1690993132232.jpeg 600w\" sizes=\"(max-width: 640px) 100vw, 640px\" \/>\t\t\t\t\t\t\t\t\t\t\t\t\t\t\t<\/div>\n\t\t\t\t<\/div>\n\t\t\t\t\t<\/div>\n\t\t<\/div>\n\t\t\t\t\t<\/div>\n\t\t<\/section>\n\t\t\t\t<section class=\"elementor-section elementor-top-section elementor-element elementor-element-064d9fa elementor-section-boxed elementor-section-height-default elementor-section-height-default\" data-id=\"064d9fa\" data-element_type=\"section\" data-e-type=\"section\">\n\t\t\t\t\t\t<div class=\"elementor-container elementor-column-gap-default\">\n\t\t\t\t\t<div class=\"elementor-column elementor-col-100 elementor-top-column elementor-element elementor-element-5f834f6\" data-id=\"5f834f6\" data-element_type=\"column\" data-e-type=\"column\">\n\t\t\t<div class=\"elementor-widget-wrap elementor-element-populated\">\n\t\t\t\t\t\t<div class=\"elementor-element elementor-element-33d502a elementor-widget elementor-widget-text-editor\" data-id=\"33d502a\" data-element_type=\"widget\" data-e-type=\"widget\" data-widget_type=\"text-editor.default\">\n\t\t\t\t<div class=\"elementor-widget-container\">\n\t\t\t\t\t\t\t\t\t<p>Este EP contiene sonidos de <b>R&amp;B<\/b>. La cantante se sinti\u00f3 inspirada por ellos ya que describ\u00eda la m\u00fasica dance como \u201cun camino que le dio un sentimiento melanc\u00f3lico en el punto m\u00e1s alto del incluso coro\u201d.<\/p><p>Todas l<span style=\"color: #808080;\">as <a style=\"color: #808080;\" href=\"http:\/\/unaymilletras.com\/en\/neva-se-pone-colorada\/\">canciones<\/a> son en espa\u00f1ol y<\/span> cuentan la historia de Alaina Castillo. La artista, aunque naci\u00f3 en <b>Texas<\/b>, aprendi\u00f3 espa\u00f1ol gracias a la m\u00fasica. Esto la ayud\u00f3 a poder conectar con su familia, llegando a sentirse completamente feliz. Con esto tambi\u00e9n quiere demostrar que nunca es demasiado tarde para conectar con tus ra\u00edces<\/p>\t\t\t\t\t\t\t\t<\/div>\n\t\t\t\t<\/div>\n\t\t\t\t\t<\/div>\n\t\t<\/div>\n\t\t\t\t\t<\/div>\n\t\t<\/section>\n\t\t\t\t<section class=\"elementor-section elementor-top-section elementor-element elementor-element-9058a28 elementor-section-boxed elementor-section-height-default elementor-section-height-default\" data-id=\"9058a28\" data-element_type=\"section\" data-e-type=\"section\">\n\t\t\t\t\t\t<div class=\"elementor-container elementor-column-gap-default\">\n\t\t\t\t\t<div class=\"elementor-column elementor-col-50 elementor-top-column elementor-element elementor-element-3faa29d\" data-id=\"3faa29d\" data-element_type=\"column\" data-e-type=\"column\">\n\t\t\t<div class=\"elementor-widget-wrap elementor-element-populated\">\n\t\t\t\t\t\t<div class=\"elementor-element elementor-element-7f4a94e elementor-widget elementor-widget-text-editor\" data-id=\"7f4a94e\" data-element_type=\"widget\" data-e-type=\"widget\" data-widget_type=\"text-editor.default\">\n\t\t\t\t<div class=\"elementor-widget-container\">\n\t\t\t\t\t\t\t\t\t<h3><strong><em><span style=\"color: #800000;\">\u201cTodav\u00eda estoy aprendiendo, pero solo porque no me dieron los recursos cuando era m\u00e1s joven no significa que voy a evitar que me convierta en quien debo ser, y eso implica incluye mi cultura y mi verdadero yo en mi m\u00fasica\u201d, Alaina Castillo<\/span><\/em><\/strong><\/h3>\t\t\t\t\t\t\t\t<\/div>\n\t\t\t\t<\/div>\n\t\t\t\t\t<\/div>\n\t\t<\/div>\n\t\t\t\t<div class=\"elementor-column elementor-col-50 elementor-top-column elementor-element elementor-element-aead930\" data-id=\"aead930\" data-element_type=\"column\" data-e-type=\"column\">\n\t\t\t<div class=\"elementor-widget-wrap elementor-element-populated\">\n\t\t\t\t\t\t<div class=\"elementor-element elementor-element-a3ac44f elementor-widget elementor-widget-image\" data-id=\"a3ac44f\" data-element_type=\"widget\" data-e-type=\"widget\" data-widget_type=\"image.default\">\n\t\t\t\t<div class=\"elementor-widget-container\">\n\t\t\t\t\t\t\t\t\t\t\t\t\t\t\t<img decoding=\"async\" width=\"640\" height=\"960\" src=\"https:\/\/unaymilletras.com\/wp-content\/uploads\/2023\/08\/WhatsApp-Image-2023-08-02-at-17.53.38-683x1024.jpeg\" class=\"attachment-large size-large wp-image-1060\" alt=\"Alaina Castillo\" srcset=\"https:\/\/unaymilletras.com\/wp-content\/uploads\/2023\/08\/WhatsApp-Image-2023-08-02-at-17.53.38-683x1024.jpeg 683w, https:\/\/unaymilletras.com\/wp-content\/uploads\/2023\/08\/WhatsApp-Image-2023-08-02-at-17.53.38-200x300.jpeg 200w, https:\/\/unaymilletras.com\/wp-content\/uploads\/2023\/08\/WhatsApp-Image-2023-08-02-at-17.53.38-768x1152.jpeg 768w, https:\/\/unaymilletras.com\/wp-content\/uploads\/2023\/08\/WhatsApp-Image-2023-08-02-at-17.53.38.jpeg 832w\" sizes=\"(max-width: 640px) 100vw, 640px\" \/>\t\t\t\t\t\t\t\t\t\t\t\t\t\t\t<\/div>\n\t\t\t\t<\/div>\n\t\t\t\t\t<\/div>\n\t\t<\/div>\n\t\t\t\t\t<\/div>\n\t\t<\/section>\n\t\t\t\t<section class=\"elementor-section elementor-top-section elementor-element elementor-element-461e0f2 elementor-section-boxed elementor-section-height-default elementor-section-height-default\" data-id=\"461e0f2\" data-element_type=\"section\" data-e-type=\"section\">\n\t\t\t\t\t\t<div class=\"elementor-container elementor-column-gap-default\">\n\t\t\t\t\t<div class=\"elementor-column elementor-col-100 elementor-top-column elementor-element elementor-element-a173d77\" data-id=\"a173d77\" data-element_type=\"column\" data-e-type=\"column\">\n\t\t\t<div class=\"elementor-widget-wrap elementor-element-populated\">\n\t\t\t\t\t\t<div class=\"elementor-element elementor-element-11b260d elementor-widget elementor-widget-text-editor\" data-id=\"11b260d\" data-element_type=\"widget\" data-e-type=\"widget\" data-widget_type=\"text-editor.default\">\n\t\t\t\t<div class=\"elementor-widget-container\">\n\t\t\t\t\t\t\t\t\t<p><em>malos h\u00e1bitos<\/em> ha sido producido junto a su fiel compa\u00f1ero <b>R\u00d8MANS<\/b>. Asimismo, durante su creaci\u00f3n, viaj\u00f3 a <b>M\u00e9xico<\/b>. Aqu\u00ed, Alaina trabaj\u00f3 con el director creativo <b>Milkman<\/b>, con quien cre\u00f3 un mundo visual que acompa\u00f1a al EP. A todo ello, cabe a\u00f1adir que, para poder componer en espa\u00f1ol, ha contado con la ayuda de los compositores <b>Maye<\/b>, <b>Rolo<\/b>, <b>Timy Ruby<\/b>, <b>Burns<\/b>; y el productor vocal <b>Jean Rodriguez<\/b>.<\/p>\t\t\t\t\t\t\t\t<\/div>\n\t\t\t\t<\/div>\n\t\t\t\t\t<\/div>\n\t\t<\/div>\n\t\t\t\t\t<\/div>\n\t\t<\/section>\n\t\t\t\t<section class=\"elementor-section elementor-top-section elementor-element elementor-element-71483f2 elementor-section-boxed elementor-section-height-default elementor-section-height-default\" data-id=\"71483f2\" data-element_type=\"section\" data-e-type=\"section\">\n\t\t\t\t\t\t<div class=\"elementor-container elementor-column-gap-default\">\n\t\t\t\t\t<div class=\"elementor-column elementor-col-100 elementor-top-column elementor-element elementor-element-76c5e60\" data-id=\"76c5e60\" data-element_type=\"column\" data-e-type=\"column\">\n\t\t\t<div class=\"elementor-widget-wrap elementor-element-populated\">\n\t\t\t\t\t\t<div class=\"elementor-element elementor-element-2b7dbd8 elementor-widget elementor-widget-text-editor\" data-id=\"2b7dbd8\" data-element_type=\"widget\" data-e-type=\"widget\" data-widget_type=\"text-editor.default\">\n\t\t\t\t<div class=\"elementor-widget-container\">\n\t\t\t\t\t\t\t\t\t<p><strong>Canciones de\u00a0<em>malos h\u00e1bitos\u00a0<\/em>y sus significados:<\/strong><\/p><div class=\"page\" title=\"Page 2\"><div class=\"section\"><div class=\"layoutArea\"><div class=\"column\"><p style=\"text-align: center;\"><em><strong>e\u0301xtasis<br \/><\/strong><\/em>\u201ces una cancio\u0301n sobre tener una debilidad por una persona porque te hace sentir como la mejor versio\u0301n de ti\u201d<\/p><p style=\"text-align: center;\"><i><strong>luna de miel<\/strong><br \/><\/i>\u201ces una cancio\u0301n roma\u0301ntica desesperada que habla sobre anhelar la fase de luna de miel todos los di\u0301as y nunca dejar que la luz del amor se desvanezca\u201d<\/p><\/div><\/div><\/div><\/div><div class=\"page\" title=\"Page 3\"><div class=\"section\"><div class=\"layoutArea\"><div class=\"column\"><p style=\"text-align: center;\"><strong><i>hookah envenena<br \/><\/i><\/strong>\u201ces una cancio\u0301n sobre tratar de olvidar a alguien que soli\u0301a consumir todos tus pensamientos ponie\u0301ndote en sentir situaciones to\u0301xicas que no llegari\u0301a a hacerte nada, pero a pesar de todo, siempre te deja anhelando lo u\u0301nico que no puedes tener\u201d<\/p><p style=\"text-align: center;\"><strong><i>saboteo<\/i><br \/><\/strong>\u201ces una cancio\u0301n sobre acostumbrarse tanto a que alguien te trate mal que empieces a creer que te lo mereces. Es una lucha entre saber que te mereces algo mejor y no poder parar porque esta\u0301s muy acostumbrado al caos\u201d<\/p><p style=\"text-align: center;\"><i><strong>me conquistaste<\/strong><br \/><\/i>\u201cesta cancio\u0301n es una cancio\u0301n de amor to\u0301xicos sobre ser completamente dominada por el amor, ya sea dando amor o la necesidad de sentirse amado\u201d<\/p><\/div><\/div><\/div><\/div>\t\t\t\t\t\t\t\t<\/div>\n\t\t\t\t<\/div>\n\t\t\t\t\t<\/div>\n\t\t<\/div>\n\t\t\t\t\t<\/div>\n\t\t<\/section>\n\t\t\t\t<section class=\"elementor-section elementor-top-section elementor-element elementor-element-0ed55b7 elementor-section-boxed elementor-section-height-default elementor-section-height-default\" data-id=\"0ed55b7\" data-element_type=\"section\" data-e-type=\"section\">\n\t\t\t\t\t\t<div class=\"elementor-container elementor-column-gap-default\">\n\t\t\t\t\t<div class=\"elementor-column elementor-col-100 elementor-top-column elementor-element elementor-element-5b5ef87\" data-id=\"5b5ef87\" data-element_type=\"column\" data-e-type=\"column\">\n\t\t\t<div class=\"elementor-widget-wrap elementor-element-populated\">\n\t\t\t\t\t\t<div class=\"elementor-element elementor-element-a508ce4 elementor-widget elementor-widget-video\" data-id=\"a508ce4\" data-element_type=\"widget\" data-e-type=\"widget\" data-settings=\"{&quot;youtube_url&quot;:&quot;https:\\\/\\\/youtu.be\\\/2rMCXcKjS3k&quot;,&quot;video_type&quot;:&quot;youtube&quot;,&quot;controls&quot;:&quot;yes&quot;}\" data-widget_type=\"video.default\">\n\t\t\t\t<div class=\"elementor-widget-container\">\n\t\t\t\t\t\t\t<div class=\"elementor-wrapper elementor-open-inline\">\n\t\t\t<div class=\"elementor-video\"><\/div>\t\t<\/div>\n\t\t\t\t\t\t<\/div>\n\t\t\t\t<\/div>\n\t\t\t\t\t<\/div>\n\t\t<\/div>\n\t\t\t\t\t<\/div>\n\t\t<\/section>\n\t\t\t\t<\/div>","protected":false},"excerpt":{"rendered":"<p>Ya est\u00e1 disponible el EP que supone el proyecto m\u00e1s distintivo hasta el momento de Alaina Castillo malos h\u00e1bitos es el nuevo EP de Alaina Castillo. Con \u00e9l, ha querido hacer homenaje a la persona que era ella cuando comenz\u00f3 su carrera. Se trata de un conjunto de 5 canciones, que hablan sobre temas diversos, [&hellip;]<\/p>\n","protected":false},"author":1,"featured_media":1061,"comment_status":"open","ping_status":"open","sticky":false,"template":"","format":"standard","meta":{"footnotes":""},"categories":[4],"tags":[],"class_list":["post-1057","post","type-post","status-publish","format-standard","has-post-thumbnail","hentry","category-musica"],"yoast_head":"<!-- This site is optimized with the Yoast SEO plugin v27.4 - https:\/\/yoast.com\/product\/yoast-seo-wordpress\/ -->\n<title>Alaina Castillo comparte sus \u201cmalos h\u00e1bitos\u201d &#8902; Una y Mil Letras<\/title>\n<meta name=\"description\" content=\"Ya est\u00e1 disponible el EP que supone el proyecto m\u00e1s distintivo hasta el momento de Alaina Castillo donde cuenta su evoluci\u00f3n personal\" \/>\n<meta name=\"robots\" content=\"index, follow, max-snippet:-1, max-image-preview:large, max-video-preview:-1\" \/>\n<link rel=\"canonical\" href=\"https:\/\/unaymilletras.com\/en\/alaina-castillo-comparte-sus-malos-habitos\/\" \/>\n<meta property=\"og:locale\" content=\"en_GB\" \/>\n<meta property=\"og:type\" content=\"article\" \/>\n<meta property=\"og:title\" content=\"Alaina Castillo comparte sus \u201cmalos h\u00e1bitos\u201d &#8902; Una y Mil Letras\" \/>\n<meta property=\"og:description\" content=\"Ya est\u00e1 disponible el EP que supone el proyecto m\u00e1s distintivo hasta el momento de Alaina Castillo donde cuenta su evoluci\u00f3n personal\" \/>\n<meta property=\"og:url\" content=\"https:\/\/unaymilletras.com\/en\/alaina-castillo-comparte-sus-malos-habitos\/\" \/>\n<meta property=\"og:site_name\" content=\"Una y Mil Letras\" \/>\n<meta property=\"article:published_time\" content=\"2023-08-02T16:13:39+00:00\" \/>\n<meta property=\"article:modified_time\" content=\"2023-08-02T16:19:00+00:00\" \/>\n<meta property=\"og:image\" content=\"https:\/\/unaymilletras.com\/wp-content\/uploads\/2023\/08\/WhatsApp-Image-2023-08-02-at-18.15.38-e1690993132232.jpeg\" \/>\n\t<meta property=\"og:image:width\" content=\"600\" \/>\n\t<meta property=\"og:image:height\" content=\"900\" \/>\n\t<meta property=\"og:image:type\" content=\"image\/jpeg\" \/>\n<meta name=\"author\" content=\"Maria Gil Robledo\" \/>\n<meta name=\"twitter:card\" content=\"summary_large_image\" \/>\n<meta name=\"twitter:creator\" content=\"@UnaYMilLetras\" \/>\n<meta name=\"twitter:site\" content=\"@UnaYMilLetras\" \/>\n<meta name=\"twitter:label1\" content=\"Written by\" \/>\n\t<meta name=\"twitter:data1\" content=\"Maria Gil Robledo\" \/>\n\t<meta name=\"twitter:label2\" content=\"Estimated reading time\" \/>\n\t<meta name=\"twitter:data2\" content=\"3 minutes\" \/>\n<script type=\"application\/ld+json\" class=\"yoast-schema-graph\">{\"@context\":\"https:\\\/\\\/schema.org\",\"@graph\":[{\"@type\":\"Article\",\"@id\":\"https:\\\/\\\/unaymilletras.com\\\/alaina-castillo-comparte-sus-malos-habitos\\\/#article\",\"isPartOf\":{\"@id\":\"https:\\\/\\\/unaymilletras.com\\\/alaina-castillo-comparte-sus-malos-habitos\\\/\"},\"author\":{\"name\":\"Maria Gil Robledo\",\"@id\":\"http:\\\/\\\/unaymilletras.com\\\/#\\\/schema\\\/person\\\/d55ba681b8a4e463d8982dbe36a5dc94\"},\"headline\":\"Alaina Castillo comparte sus \u201cmalos h\u00e1bitos\u201d\",\"datePublished\":\"2023-08-02T16:13:39+00:00\",\"dateModified\":\"2023-08-02T16:19:00+00:00\",\"mainEntityOfPage\":{\"@id\":\"https:\\\/\\\/unaymilletras.com\\\/alaina-castillo-comparte-sus-malos-habitos\\\/\"},\"wordCount\":532,\"commentCount\":0,\"publisher\":{\"@id\":\"http:\\\/\\\/unaymilletras.com\\\/#organization\"},\"image\":{\"@id\":\"https:\\\/\\\/unaymilletras.com\\\/alaina-castillo-comparte-sus-malos-habitos\\\/#primaryimage\"},\"thumbnailUrl\":\"https:\\\/\\\/unaymilletras.com\\\/wp-content\\\/uploads\\\/2023\\\/08\\\/WhatsApp-Image-2023-08-02-at-18.15.38-e1690993132232.jpeg\",\"articleSection\":[\"M\u00fasica\"],\"inLanguage\":\"en-GB\",\"potentialAction\":[{\"@type\":\"CommentAction\",\"name\":\"Comment\",\"target\":[\"https:\\\/\\\/unaymilletras.com\\\/alaina-castillo-comparte-sus-malos-habitos\\\/#respond\"]}]},{\"@type\":\"WebPage\",\"@id\":\"https:\\\/\\\/unaymilletras.com\\\/alaina-castillo-comparte-sus-malos-habitos\\\/\",\"url\":\"https:\\\/\\\/unaymilletras.com\\\/alaina-castillo-comparte-sus-malos-habitos\\\/\",\"name\":\"Alaina Castillo comparte sus \u201cmalos h\u00e1bitos\u201d &#8902; Una y Mil Letras\",\"isPartOf\":{\"@id\":\"http:\\\/\\\/unaymilletras.com\\\/#website\"},\"primaryImageOfPage\":{\"@id\":\"https:\\\/\\\/unaymilletras.com\\\/alaina-castillo-comparte-sus-malos-habitos\\\/#primaryimage\"},\"image\":{\"@id\":\"https:\\\/\\\/unaymilletras.com\\\/alaina-castillo-comparte-sus-malos-habitos\\\/#primaryimage\"},\"thumbnailUrl\":\"https:\\\/\\\/unaymilletras.com\\\/wp-content\\\/uploads\\\/2023\\\/08\\\/WhatsApp-Image-2023-08-02-at-18.15.38-e1690993132232.jpeg\",\"datePublished\":\"2023-08-02T16:13:39+00:00\",\"dateModified\":\"2023-08-02T16:19:00+00:00\",\"description\":\"Ya est\u00e1 disponible el EP que supone el proyecto m\u00e1s distintivo hasta el momento de Alaina Castillo donde cuenta su evoluci\u00f3n personal\",\"breadcrumb\":{\"@id\":\"https:\\\/\\\/unaymilletras.com\\\/alaina-castillo-comparte-sus-malos-habitos\\\/#breadcrumb\"},\"inLanguage\":\"en-GB\",\"potentialAction\":[{\"@type\":\"ReadAction\",\"target\":[\"https:\\\/\\\/unaymilletras.com\\\/alaina-castillo-comparte-sus-malos-habitos\\\/\"]}]},{\"@type\":\"ImageObject\",\"inLanguage\":\"en-GB\",\"@id\":\"https:\\\/\\\/unaymilletras.com\\\/alaina-castillo-comparte-sus-malos-habitos\\\/#primaryimage\",\"url\":\"https:\\\/\\\/unaymilletras.com\\\/wp-content\\\/uploads\\\/2023\\\/08\\\/WhatsApp-Image-2023-08-02-at-18.15.38-e1690993132232.jpeg\",\"contentUrl\":\"https:\\\/\\\/unaymilletras.com\\\/wp-content\\\/uploads\\\/2023\\\/08\\\/WhatsApp-Image-2023-08-02-at-18.15.38-e1690993132232.jpeg\",\"width\":600,\"height\":900,\"caption\":\"Alaina Catillo\"},{\"@type\":\"BreadcrumbList\",\"@id\":\"https:\\\/\\\/unaymilletras.com\\\/alaina-castillo-comparte-sus-malos-habitos\\\/#breadcrumb\",\"itemListElement\":[{\"@type\":\"ListItem\",\"position\":1,\"name\":\"Home\",\"item\":\"http:\\\/\\\/unaymilletras.com\\\/\"},{\"@type\":\"ListItem\",\"position\":2,\"name\":\"Alaina Castillo comparte sus \u201cmalos h\u00e1bitos\u201d\"}]},{\"@type\":\"WebSite\",\"@id\":\"http:\\\/\\\/unaymilletras.com\\\/#website\",\"url\":\"http:\\\/\\\/unaymilletras.com\\\/\",\"name\":\"Una y Mil Letras\",\"description\":\"\",\"publisher\":{\"@id\":\"http:\\\/\\\/unaymilletras.com\\\/#organization\"},\"potentialAction\":[{\"@type\":\"SearchAction\",\"target\":{\"@type\":\"EntryPoint\",\"urlTemplate\":\"http:\\\/\\\/unaymilletras.com\\\/?s={search_term_string}\"},\"query-input\":{\"@type\":\"PropertyValueSpecification\",\"valueRequired\":true,\"valueName\":\"search_term_string\"}}],\"inLanguage\":\"en-GB\"},{\"@type\":\"Organization\",\"@id\":\"http:\\\/\\\/unaymilletras.com\\\/#organization\",\"name\":\"Una y Mil Letras\",\"url\":\"http:\\\/\\\/unaymilletras.com\\\/\",\"logo\":{\"@type\":\"ImageObject\",\"inLanguage\":\"en-GB\",\"@id\":\"http:\\\/\\\/unaymilletras.com\\\/#\\\/schema\\\/logo\\\/image\\\/\",\"url\":\"https:\\\/\\\/unaymilletras.com\\\/wp-content\\\/uploads\\\/2024\\\/06\\\/cropped-Logo-removebg-preview.png\",\"contentUrl\":\"https:\\\/\\\/unaymilletras.com\\\/wp-content\\\/uploads\\\/2024\\\/06\\\/cropped-Logo-removebg-preview.png\",\"width\":512,\"height\":512,\"caption\":\"Una y Mil Letras\"},\"image\":{\"@id\":\"http:\\\/\\\/unaymilletras.com\\\/#\\\/schema\\\/logo\\\/image\\\/\"},\"sameAs\":[\"https:\\\/\\\/x.com\\\/UnaYMilLetras\",\"https:\\\/\\\/instagram.com\\\/UnaYMilLetras\"]},{\"@type\":\"Person\",\"@id\":\"http:\\\/\\\/unaymilletras.com\\\/#\\\/schema\\\/person\\\/d55ba681b8a4e463d8982dbe36a5dc94\",\"name\":\"Maria Gil Robledo\",\"image\":{\"@type\":\"ImageObject\",\"inLanguage\":\"en-GB\",\"@id\":\"https:\\\/\\\/secure.gravatar.com\\\/avatar\\\/4b8e5102e0015789407eb4870b12f0f2857952d83ca124058f92b764bd1840c3?s=96&d=mm&r=g\",\"url\":\"https:\\\/\\\/secure.gravatar.com\\\/avatar\\\/4b8e5102e0015789407eb4870b12f0f2857952d83ca124058f92b764bd1840c3?s=96&d=mm&r=g\",\"contentUrl\":\"https:\\\/\\\/secure.gravatar.com\\\/avatar\\\/4b8e5102e0015789407eb4870b12f0f2857952d83ca124058f92b764bd1840c3?s=96&d=mm&r=g\",\"caption\":\"Maria Gil Robledo\"},\"sameAs\":[\"http:\\\/\\\/unaymilletras.com\"],\"url\":\"https:\\\/\\\/unaymilletras.com\\\/en\\\/author\\\/mariiagiil02_\\\/\"}]}<\/script>\n<!-- \/ Yoast SEO plugin. -->","yoast_head_json":{"title":"Alaina Castillo comparte sus \u201cmalos h\u00e1bitos\u201d &#8902; Una y Mil Letras","description":"Ya est\u00e1 disponible el EP que supone el proyecto m\u00e1s distintivo hasta el momento de Alaina Castillo donde cuenta su evoluci\u00f3n personal","robots":{"index":"index","follow":"follow","max-snippet":"max-snippet:-1","max-image-preview":"max-image-preview:large","max-video-preview":"max-video-preview:-1"},"canonical":"https:\/\/unaymilletras.com\/en\/alaina-castillo-comparte-sus-malos-habitos\/","og_locale":"en_GB","og_type":"article","og_title":"Alaina Castillo comparte sus \u201cmalos h\u00e1bitos\u201d &#8902; Una y Mil Letras","og_description":"Ya est\u00e1 disponible el EP que supone el proyecto m\u00e1s distintivo hasta el momento de Alaina Castillo donde cuenta su evoluci\u00f3n personal","og_url":"https:\/\/unaymilletras.com\/en\/alaina-castillo-comparte-sus-malos-habitos\/","og_site_name":"Una y Mil Letras","article_published_time":"2023-08-02T16:13:39+00:00","article_modified_time":"2023-08-02T16:19:00+00:00","og_image":[{"width":600,"height":900,"url":"https:\/\/unaymilletras.com\/wp-content\/uploads\/2023\/08\/WhatsApp-Image-2023-08-02-at-18.15.38-e1690993132232.jpeg","type":"image\/jpeg"}],"author":"Maria Gil Robledo","twitter_card":"summary_large_image","twitter_creator":"@UnaYMilLetras","twitter_site":"@UnaYMilLetras","twitter_misc":{"Written by":"Maria Gil Robledo","Estimated reading time":"3 minutes"},"schema":{"@context":"https:\/\/schema.org","@graph":[{"@type":"Article","@id":"https:\/\/unaymilletras.com\/alaina-castillo-comparte-sus-malos-habitos\/#article","isPartOf":{"@id":"https:\/\/unaymilletras.com\/alaina-castillo-comparte-sus-malos-habitos\/"},"author":{"name":"Maria Gil Robledo","@id":"http:\/\/unaymilletras.com\/#\/schema\/person\/d55ba681b8a4e463d8982dbe36a5dc94"},"headline":"Alaina Castillo comparte sus \u201cmalos h\u00e1bitos\u201d","datePublished":"2023-08-02T16:13:39+00:00","dateModified":"2023-08-02T16:19:00+00:00","mainEntityOfPage":{"@id":"https:\/\/unaymilletras.com\/alaina-castillo-comparte-sus-malos-habitos\/"},"wordCount":532,"commentCount":0,"publisher":{"@id":"http:\/\/unaymilletras.com\/#organization"},"image":{"@id":"https:\/\/unaymilletras.com\/alaina-castillo-comparte-sus-malos-habitos\/#primaryimage"},"thumbnailUrl":"https:\/\/unaymilletras.com\/wp-content\/uploads\/2023\/08\/WhatsApp-Image-2023-08-02-at-18.15.38-e1690993132232.jpeg","articleSection":["M\u00fasica"],"inLanguage":"en-GB","potentialAction":[{"@type":"CommentAction","name":"Comment","target":["https:\/\/unaymilletras.com\/alaina-castillo-comparte-sus-malos-habitos\/#respond"]}]},{"@type":"WebPage","@id":"https:\/\/unaymilletras.com\/alaina-castillo-comparte-sus-malos-habitos\/","url":"https:\/\/unaymilletras.com\/alaina-castillo-comparte-sus-malos-habitos\/","name":"Alaina Castillo comparte sus \u201cmalos h\u00e1bitos\u201d &#8902; Una y Mil Letras","isPartOf":{"@id":"http:\/\/unaymilletras.com\/#website"},"primaryImageOfPage":{"@id":"https:\/\/unaymilletras.com\/alaina-castillo-comparte-sus-malos-habitos\/#primaryimage"},"image":{"@id":"https:\/\/unaymilletras.com\/alaina-castillo-comparte-sus-malos-habitos\/#primaryimage"},"thumbnailUrl":"https:\/\/unaymilletras.com\/wp-content\/uploads\/2023\/08\/WhatsApp-Image-2023-08-02-at-18.15.38-e1690993132232.jpeg","datePublished":"2023-08-02T16:13:39+00:00","dateModified":"2023-08-02T16:19:00+00:00","description":"Ya est\u00e1 disponible el EP que supone el proyecto m\u00e1s distintivo hasta el momento de Alaina Castillo donde cuenta su evoluci\u00f3n personal","breadcrumb":{"@id":"https:\/\/unaymilletras.com\/alaina-castillo-comparte-sus-malos-habitos\/#breadcrumb"},"inLanguage":"en-GB","potentialAction":[{"@type":"ReadAction","target":["https:\/\/unaymilletras.com\/alaina-castillo-comparte-sus-malos-habitos\/"]}]},{"@type":"ImageObject","inLanguage":"en-GB","@id":"https:\/\/unaymilletras.com\/alaina-castillo-comparte-sus-malos-habitos\/#primaryimage","url":"https:\/\/unaymilletras.com\/wp-content\/uploads\/2023\/08\/WhatsApp-Image-2023-08-02-at-18.15.38-e1690993132232.jpeg","contentUrl":"https:\/\/unaymilletras.com\/wp-content\/uploads\/2023\/08\/WhatsApp-Image-2023-08-02-at-18.15.38-e1690993132232.jpeg","width":600,"height":900,"caption":"Alaina Catillo"},{"@type":"BreadcrumbList","@id":"https:\/\/unaymilletras.com\/alaina-castillo-comparte-sus-malos-habitos\/#breadcrumb","itemListElement":[{"@type":"ListItem","position":1,"name":"Home","item":"http:\/\/unaymilletras.com\/"},{"@type":"ListItem","position":2,"name":"Alaina Castillo comparte sus \u201cmalos h\u00e1bitos\u201d"}]},{"@type":"WebSite","@id":"http:\/\/unaymilletras.com\/#website","url":"http:\/\/unaymilletras.com\/","name":"Una y Mil Letras","description":"","publisher":{"@id":"http:\/\/unaymilletras.com\/#organization"},"potentialAction":[{"@type":"SearchAction","target":{"@type":"EntryPoint","urlTemplate":"http:\/\/unaymilletras.com\/?s={search_term_string}"},"query-input":{"@type":"PropertyValueSpecification","valueRequired":true,"valueName":"search_term_string"}}],"inLanguage":"en-GB"},{"@type":"Organization","@id":"http:\/\/unaymilletras.com\/#organization","name":"Una y Mil Letras","url":"http:\/\/unaymilletras.com\/","logo":{"@type":"ImageObject","inLanguage":"en-GB","@id":"http:\/\/unaymilletras.com\/#\/schema\/logo\/image\/","url":"https:\/\/unaymilletras.com\/wp-content\/uploads\/2024\/06\/cropped-Logo-removebg-preview.png","contentUrl":"https:\/\/unaymilletras.com\/wp-content\/uploads\/2024\/06\/cropped-Logo-removebg-preview.png","width":512,"height":512,"caption":"Una y Mil Letras"},"image":{"@id":"http:\/\/unaymilletras.com\/#\/schema\/logo\/image\/"},"sameAs":["https:\/\/x.com\/UnaYMilLetras","https:\/\/instagram.com\/UnaYMilLetras"]},{"@type":"Person","@id":"http:\/\/unaymilletras.com\/#\/schema\/person\/d55ba681b8a4e463d8982dbe36a5dc94","name":"Maria Gil Robledo","image":{"@type":"ImageObject","inLanguage":"en-GB","@id":"https:\/\/secure.gravatar.com\/avatar\/4b8e5102e0015789407eb4870b12f0f2857952d83ca124058f92b764bd1840c3?s=96&d=mm&r=g","url":"https:\/\/secure.gravatar.com\/avatar\/4b8e5102e0015789407eb4870b12f0f2857952d83ca124058f92b764bd1840c3?s=96&d=mm&r=g","contentUrl":"https:\/\/secure.gravatar.com\/avatar\/4b8e5102e0015789407eb4870b12f0f2857952d83ca124058f92b764bd1840c3?s=96&d=mm&r=g","caption":"Maria Gil Robledo"},"sameAs":["http:\/\/unaymilletras.com"],"url":"https:\/\/unaymilletras.com\/en\/author\/mariiagiil02_\/"}]}},"_links":{"self":[{"href":"https:\/\/unaymilletras.com\/en\/wp-json\/wp\/v2\/posts\/1057","targetHints":{"allow":["GET"]}}],"collection":[{"href":"https:\/\/unaymilletras.com\/en\/wp-json\/wp\/v2\/posts"}],"about":[{"href":"https:\/\/unaymilletras.com\/en\/wp-json\/wp\/v2\/types\/post"}],"author":[{"embeddable":true,"href":"https:\/\/unaymilletras.com\/en\/wp-json\/wp\/v2\/users\/1"}],"replies":[{"embeddable":true,"href":"https:\/\/unaymilletras.com\/en\/wp-json\/wp\/v2\/comments?post=1057"}],"version-history":[{"count":5,"href":"https:\/\/unaymilletras.com\/en\/wp-json\/wp\/v2\/posts\/1057\/revisions"}],"predecessor-version":[{"id":1064,"href":"https:\/\/unaymilletras.com\/en\/wp-json\/wp\/v2\/posts\/1057\/revisions\/1064"}],"wp:featuredmedia":[{"embeddable":true,"href":"https:\/\/unaymilletras.com\/en\/wp-json\/wp\/v2\/media\/1061"}],"wp:attachment":[{"href":"https:\/\/unaymilletras.com\/en\/wp-json\/wp\/v2\/media?parent=1057"}],"wp:term":[{"taxonomy":"category","embeddable":true,"href":"https:\/\/unaymilletras.com\/en\/wp-json\/wp\/v2\/categories?post=1057"},{"taxonomy":"post_tag","embeddable":true,"href":"https:\/\/unaymilletras.com\/en\/wp-json\/wp\/v2\/tags?post=1057"}],"curies":[{"name":"wp","href":"https:\/\/api.w.org\/{rel}","templated":true}]}}