{"id":1087,"date":"2023-08-05T12:30:53","date_gmt":"2023-08-05T10:30:53","guid":{"rendered":"http:\/\/unaymilletras.com\/?p=1087"},"modified":"2023-08-05T01:36:38","modified_gmt":"2023-08-04T23:36:38","slug":"duki-milo-j-y-lit-killah-se-suman-a-bhavi-para-el-remix-de-aerobico","status":"publish","type":"post","link":"https:\/\/unaymilletras.com\/en\/duki-milo-j-y-lit-killah-se-suman-a-bhavi-para-el-remix-de-aerobico\/","title":{"rendered":"Duki, Milo J y Lit Killah se suman a Bhavi para el remix de \u201cAer\u00f3bico\u201d"},"content":{"rendered":"<div data-elementor-type=\"wp-post\" data-elementor-id=\"1087\" class=\"elementor elementor-1087\">\n\t\t\t\t\t\t<section class=\"elementor-section elementor-top-section elementor-element elementor-element-8eb5f46 elementor-section-boxed elementor-section-height-default elementor-section-height-default\" data-id=\"8eb5f46\" data-element_type=\"section\" data-e-type=\"section\">\n\t\t\t\t\t\t<div class=\"elementor-container elementor-column-gap-default\">\n\t\t\t\t\t<div class=\"elementor-column elementor-col-100 elementor-top-column elementor-element elementor-element-b719b73\" data-id=\"b719b73\" data-element_type=\"column\" data-e-type=\"column\">\n\t\t\t<div class=\"elementor-widget-wrap elementor-element-populated\">\n\t\t\t\t\t\t<div class=\"elementor-element elementor-element-85df168 elementor-widget elementor-widget-text-editor\" data-id=\"85df168\" data-element_type=\"widget\" data-e-type=\"widget\" data-widget_type=\"text-editor.default\">\n\t\t\t\t<div class=\"elementor-widget-container\">\n\t\t\t\t\t\t\t\t\t<h2><span style=\"color: #808080;\">\u201cAer\u00f3bico Remix\u201d, la canci\u00f3n de Bhavi ha logrado juntar a cuatro de los artistas m\u00e1s importantes de la escena argentina y con Madrid como el escenario de su videoclip<\/span><\/h2>\t\t\t\t\t\t\t\t<\/div>\n\t\t\t\t<\/div>\n\t\t\t\t\t<\/div>\n\t\t<\/div>\n\t\t\t\t\t<\/div>\n\t\t<\/section>\n\t\t\t\t<section class=\"elementor-section elementor-top-section elementor-element elementor-element-bbf909d elementor-section-boxed elementor-section-height-default elementor-section-height-default\" data-id=\"bbf909d\" data-element_type=\"section\" data-e-type=\"section\">\n\t\t\t\t\t\t<div class=\"elementor-container elementor-column-gap-default\">\n\t\t\t\t\t<div class=\"elementor-column elementor-col-100 elementor-top-column elementor-element elementor-element-49a6d0d\" data-id=\"49a6d0d\" data-element_type=\"column\" data-e-type=\"column\">\n\t\t\t<div class=\"elementor-widget-wrap elementor-element-populated\">\n\t\t\t\t\t\t<div class=\"elementor-element elementor-element-c0d0dc3 elementor-widget elementor-widget-text-editor\" data-id=\"c0d0dc3\" data-element_type=\"widget\" data-e-type=\"widget\" data-widget_type=\"text-editor.default\">\n\t\t\t\t<div class=\"elementor-widget-container\">\n\t\t\t\t\t\t\t\t\t<p><span style=\"color: #808080;\"><b>Bhavi<\/b> ha reunido a <b><a style=\"color: #808080;\" href=\"http:\/\/unaymilletras.com\/en\/duki-llega-a-vigo-el-26-de-agosto\/\">Duki<\/a><\/b>, <b>Milo<\/b> <b>J<\/b> y <b>Lit<\/b> <b>Killah<\/b> para <em><b><a style=\"color: #808080;\" href=\"https:\/\/open.spotify.com\/track\/4I9WKQdCuHMzQSFpP1k6Tu?si=90adf7463f8542bb\">Aer\u00f3bico Remix<\/a><\/b><\/em>.<\/span> Se trata de una nueva versi\u00f3n m\u00e1s energ\u00e9tica que mezcla elementos de la electr\u00f3nica y el trap gracias a las rimas. Se trata de una invitaci\u00f3n al mundo de Bhavi sobre el que cada uno deja su impronta.<\/p>\t\t\t\t\t\t\t\t<\/div>\n\t\t\t\t<\/div>\n\t\t\t\t\t<\/div>\n\t\t<\/div>\n\t\t\t\t\t<\/div>\n\t\t<\/section>\n\t\t\t\t<section class=\"elementor-section elementor-top-section elementor-element elementor-element-7cc64b5 elementor-section-boxed elementor-section-height-default elementor-section-height-default\" data-id=\"7cc64b5\" data-element_type=\"section\" data-e-type=\"section\">\n\t\t\t\t\t\t<div class=\"elementor-container elementor-column-gap-default\">\n\t\t\t\t\t<div class=\"elementor-column elementor-col-100 elementor-top-column elementor-element elementor-element-d8e3836\" data-id=\"d8e3836\" data-element_type=\"column\" data-e-type=\"column\">\n\t\t\t<div class=\"elementor-widget-wrap elementor-element-populated\">\n\t\t\t\t\t\t<div class=\"elementor-element elementor-element-89c3381 elementor-widget elementor-widget-image\" data-id=\"89c3381\" data-element_type=\"widget\" data-e-type=\"widget\" data-widget_type=\"image.default\">\n\t\t\t\t<div class=\"elementor-widget-container\">\n\t\t\t\t\t\t\t\t\t\t\t\t\t\t\t<img fetchpriority=\"high\" decoding=\"async\" width=\"640\" height=\"640\" src=\"https:\/\/unaymilletras.com\/wp-content\/uploads\/2023\/08\/PORTADA_AEROBICO-REMIX_BHAVI-DUKI-MILO-J-LIT-KILLAH-1024x1024.jpg\" class=\"attachment-large size-large wp-image-1089\" alt=\"Bhavi\" srcset=\"https:\/\/unaymilletras.com\/wp-content\/uploads\/2023\/08\/PORTADA_AEROBICO-REMIX_BHAVI-DUKI-MILO-J-LIT-KILLAH-1024x1024.jpg 1024w, https:\/\/unaymilletras.com\/wp-content\/uploads\/2023\/08\/PORTADA_AEROBICO-REMIX_BHAVI-DUKI-MILO-J-LIT-KILLAH-scaled-e1691191785979-300x300.jpg 300w, https:\/\/unaymilletras.com\/wp-content\/uploads\/2023\/08\/PORTADA_AEROBICO-REMIX_BHAVI-DUKI-MILO-J-LIT-KILLAH-scaled-e1691191785979-150x150.jpg 150w, https:\/\/unaymilletras.com\/wp-content\/uploads\/2023\/08\/PORTADA_AEROBICO-REMIX_BHAVI-DUKI-MILO-J-LIT-KILLAH-768x768.jpg 768w, https:\/\/unaymilletras.com\/wp-content\/uploads\/2023\/08\/PORTADA_AEROBICO-REMIX_BHAVI-DUKI-MILO-J-LIT-KILLAH-1536x1536.jpg 1536w, https:\/\/unaymilletras.com\/wp-content\/uploads\/2023\/08\/PORTADA_AEROBICO-REMIX_BHAVI-DUKI-MILO-J-LIT-KILLAH-2048x2048.jpg 2048w, https:\/\/unaymilletras.com\/wp-content\/uploads\/2023\/08\/PORTADA_AEROBICO-REMIX_BHAVI-DUKI-MILO-J-LIT-KILLAH-scaled-e1691191785979.jpg 600w\" sizes=\"(max-width: 640px) 100vw, 640px\" \/>\t\t\t\t\t\t\t\t\t\t\t\t\t\t\t<\/div>\n\t\t\t\t<\/div>\n\t\t\t\t\t<\/div>\n\t\t<\/div>\n\t\t\t\t\t<\/div>\n\t\t<\/section>\n\t\t\t\t<section class=\"elementor-section elementor-top-section elementor-element elementor-element-b357d2a elementor-section-boxed elementor-section-height-default elementor-section-height-default\" data-id=\"b357d2a\" data-element_type=\"section\" data-e-type=\"section\">\n\t\t\t\t\t\t<div class=\"elementor-container elementor-column-gap-default\">\n\t\t\t\t\t<div class=\"elementor-column elementor-col-100 elementor-top-column elementor-element elementor-element-728f98d\" data-id=\"728f98d\" data-element_type=\"column\" data-e-type=\"column\">\n\t\t\t<div class=\"elementor-widget-wrap elementor-element-populated\">\n\t\t\t\t\t\t<div class=\"elementor-element elementor-element-0167b2a elementor-widget elementor-widget-text-editor\" data-id=\"0167b2a\" data-element_type=\"widget\" data-e-type=\"widget\" data-widget_type=\"text-editor.default\">\n\t\t\t\t<div class=\"elementor-widget-container\">\n\t\t\t\t\t\t\t\t\t<p>Este mismo a\u00f1o, Bhavi sorprend\u00eda con el lanzamiento de su nuevo EP, <em><b>Abducci\u00f3n<\/b><\/em>, que cuenta con seis canciones. Con este nuevo trabajo, el artista argentino cerraba la trilog\u00eda cin\u00e9fila que hab\u00eda creado. Con este remix, pretende compartir canciones de \u201ctrap futurista y canciones de otro planeta\u201d.<\/p>\t\t\t\t\t\t\t\t<\/div>\n\t\t\t\t<\/div>\n\t\t\t\t\t<\/div>\n\t\t<\/div>\n\t\t\t\t\t<\/div>\n\t\t<\/section>\n\t\t\t\t<section class=\"elementor-section elementor-top-section elementor-element elementor-element-c21ee28 elementor-section-boxed elementor-section-height-default elementor-section-height-default\" data-id=\"c21ee28\" data-element_type=\"section\" data-e-type=\"section\">\n\t\t\t\t\t\t<div class=\"elementor-container elementor-column-gap-default\">\n\t\t\t\t\t<div class=\"elementor-column elementor-col-50 elementor-top-column elementor-element elementor-element-c65225c\" data-id=\"c65225c\" data-element_type=\"column\" data-e-type=\"column\">\n\t\t\t<div class=\"elementor-widget-wrap elementor-element-populated\">\n\t\t\t\t\t\t<div class=\"elementor-element elementor-element-af23a06 elementor-widget elementor-widget-image\" data-id=\"af23a06\" data-element_type=\"widget\" data-e-type=\"widget\" data-widget_type=\"image.default\">\n\t\t\t\t<div class=\"elementor-widget-container\">\n\t\t\t\t\t\t\t\t\t\t\t\t\t\t\t<img decoding=\"async\" width=\"640\" height=\"427\" src=\"https:\/\/unaymilletras.com\/wp-content\/uploads\/2023\/08\/5-1024x683.jpg\" class=\"attachment-large size-large wp-image-1090\" alt=\"Bhavi\" srcset=\"https:\/\/unaymilletras.com\/wp-content\/uploads\/2023\/08\/5-1024x683.jpg 1024w, https:\/\/unaymilletras.com\/wp-content\/uploads\/2023\/08\/5-e1691191887510-300x200.jpg 300w, https:\/\/unaymilletras.com\/wp-content\/uploads\/2023\/08\/5-768x512.jpg 768w, https:\/\/unaymilletras.com\/wp-content\/uploads\/2023\/08\/5-e1691191887510.jpg 600w\" sizes=\"(max-width: 640px) 100vw, 640px\" \/>\t\t\t\t\t\t\t\t\t\t\t\t\t\t\t<\/div>\n\t\t\t\t<\/div>\n\t\t\t\t\t<\/div>\n\t\t<\/div>\n\t\t\t\t<div class=\"elementor-column elementor-col-50 elementor-top-column elementor-element elementor-element-6b34ada\" data-id=\"6b34ada\" data-element_type=\"column\" data-e-type=\"column\">\n\t\t\t<div class=\"elementor-widget-wrap elementor-element-populated\">\n\t\t\t\t\t\t<div class=\"elementor-element elementor-element-e6b1b6d elementor-widget elementor-widget-text-editor\" data-id=\"e6b1b6d\" data-element_type=\"widget\" data-e-type=\"widget\" data-widget_type=\"text-editor.default\">\n\t\t\t\t<div class=\"elementor-widget-container\">\n\t\t\t\t\t\t\t\t\t<h4><span style=\"color: #99cc00;\"><em>\u201cTiene una energ\u00eda muy linda y muy positiva, eso le trae energ\u00eda positiva a la gente, lo cual para mi es de las cosas m\u00e1s especiales que tiene\u201d<\/em>, Bhavi<\/span><\/h4>\t\t\t\t\t\t\t\t<\/div>\n\t\t\t\t<\/div>\n\t\t\t\t\t<\/div>\n\t\t<\/div>\n\t\t\t\t\t<\/div>\n\t\t<\/section>\n\t\t\t\t<section class=\"elementor-section elementor-top-section elementor-element elementor-element-3fd8f1e elementor-section-boxed elementor-section-height-default elementor-section-height-default\" data-id=\"3fd8f1e\" data-element_type=\"section\" data-e-type=\"section\">\n\t\t\t\t\t\t<div class=\"elementor-container elementor-column-gap-default\">\n\t\t\t\t\t<div class=\"elementor-column elementor-col-100 elementor-top-column elementor-element elementor-element-ecec89f\" data-id=\"ecec89f\" data-element_type=\"column\" data-e-type=\"column\">\n\t\t\t<div class=\"elementor-widget-wrap elementor-element-populated\">\n\t\t\t\t\t\t<div class=\"elementor-element elementor-element-8f4cda1 elementor-widget elementor-widget-text-editor\" data-id=\"8f4cda1\" data-element_type=\"widget\" data-e-type=\"widget\" data-widget_type=\"text-editor.default\">\n\t\t\t\t<div class=\"elementor-widget-container\">\n\t\t\t\t\t\t\t\t\t<p>Tanto la canci\u00f3n como el videoclip se grabaron en <b>Madrid<\/b>. Los cuatro artistas coincidieron en la capital y, como ya hab\u00eda anunciado Lit Killah, colaboraron por primera vez con Milo J. La canci\u00f3n fue producida por <b>Evar<\/b> y <b>Federico<\/b> <b>Cabred<\/b> dirigi\u00f3 el v\u00eddeo.<\/p>\n<p>Seg\u00fan confiesa el propio Bhavi:&nbsp;<br><span style=\"color: var( --e-global-color-text ); font-family: var( --e-global-typography-text-font-family ), Sans-serif; font-weight: var( --e-global-typography-text-font-weight );\">\u201cCada uno de los pibes agreg\u00f3 algo especial: LIT abre el tema, muy fino y le da una apertura panor\u00e1mica. Milo es un artista que no se lo escuch\u00f3 tanto en un trap as\u00ed, bien electr\u00f3nico, entonces le di\u00f3 un tinte completamente distinto al tema, lo hizo muy variado y es como un Milo nuevo, lo cual para mi es un honor y un gusto. El Duko est\u00e1 en su salsa en este tema, la rompi\u00f3, lo cerr\u00f3, fue la frutilla de la torta. Yo, acompa\u00f1ando, tirando la semilla, sembrando, con mucho gusto\u201d.<\/span><\/p>\t\t\t\t\t\t\t\t<\/div>\n\t\t\t\t<\/div>\n\t\t\t\t\t<\/div>\n\t\t<\/div>\n\t\t\t\t\t<\/div>\n\t\t<\/section>\n\t\t\t\t<\/div>","protected":false},"excerpt":{"rendered":"<p>\u201cAer\u00f3bico Remix\u201d, la canci\u00f3n de Bhavi ha logrado juntar a cuatro de los artistas m\u00e1s importantes de la escena argentina y con Madrid como el escenario de su videoclip Bhavi ha reunido a Duki, Milo J y Lit Killah para Aer\u00f3bico Remix. Se trata de una nueva versi\u00f3n m\u00e1s energ\u00e9tica que mezcla elementos de la [&hellip;]<\/p>\n","protected":false},"author":1,"featured_media":1089,"comment_status":"open","ping_status":"open","sticky":false,"template":"","format":"standard","meta":{"footnotes":""},"categories":[4],"tags":[],"class_list":["post-1087","post","type-post","status-publish","format-standard","has-post-thumbnail","hentry","category-musica"],"yoast_head":"<!-- This site is optimized with the Yoast SEO plugin v27.4 - https:\/\/yoast.com\/product\/yoast-seo-wordpress\/ -->\n<title>Duki, Milo J y Lit Killah se suman a Bhavi para el remix de \u201cAer\u00f3bico\u201d &#8902; Una y Mil Letras<\/title>\n<meta name=\"description\" content=\"\u201cAer\u00f3bico Remix\u201d, la canci\u00f3n de Bhavi ha logrado juntar a cuatro de los artistas m\u00e1s importantes de la escena argentina y con Madrid como...\" \/>\n<meta name=\"robots\" content=\"index, follow, max-snippet:-1, max-image-preview:large, max-video-preview:-1\" \/>\n<link rel=\"canonical\" href=\"https:\/\/unaymilletras.com\/en\/duki-milo-j-y-lit-killah-se-suman-a-bhavi-para-el-remix-de-aerobico\/\" \/>\n<meta property=\"og:locale\" content=\"en_GB\" \/>\n<meta property=\"og:type\" content=\"article\" \/>\n<meta property=\"og:title\" content=\"Duki, Milo J y Lit Killah se suman a Bhavi para el remix de \u201cAer\u00f3bico\u201d &#8902; Una y Mil Letras\" \/>\n<meta property=\"og:description\" content=\"\u201cAer\u00f3bico Remix\u201d, la canci\u00f3n de Bhavi ha logrado juntar a cuatro de los artistas m\u00e1s importantes de la escena argentina y con Madrid como...\" \/>\n<meta property=\"og:url\" content=\"https:\/\/unaymilletras.com\/en\/duki-milo-j-y-lit-killah-se-suman-a-bhavi-para-el-remix-de-aerobico\/\" \/>\n<meta property=\"og:site_name\" content=\"Una y Mil Letras\" \/>\n<meta property=\"article:published_time\" content=\"2023-08-05T10:30:53+00:00\" \/>\n<meta property=\"og:image\" content=\"https:\/\/unaymilletras.com\/wp-content\/uploads\/2023\/08\/PORTADA_AEROBICO-REMIX_BHAVI-DUKI-MILO-J-LIT-KILLAH-scaled-e1691191785979.jpg\" \/>\n\t<meta property=\"og:image:width\" content=\"600\" \/>\n\t<meta property=\"og:image:height\" content=\"600\" \/>\n\t<meta property=\"og:image:type\" content=\"image\/jpeg\" \/>\n<meta name=\"author\" content=\"Maria Gil Robledo\" \/>\n<meta name=\"twitter:card\" content=\"summary_large_image\" \/>\n<meta name=\"twitter:creator\" content=\"@UnaYMilLetras\" \/>\n<meta name=\"twitter:site\" content=\"@UnaYMilLetras\" \/>\n<meta name=\"twitter:label1\" content=\"Written by\" \/>\n\t<meta name=\"twitter:data1\" content=\"Maria Gil Robledo\" \/>\n\t<meta name=\"twitter:label2\" content=\"Estimated reading time\" \/>\n\t<meta name=\"twitter:data2\" content=\"2 minutes\" \/>\n<script type=\"application\/ld+json\" class=\"yoast-schema-graph\">{\"@context\":\"https:\\\/\\\/schema.org\",\"@graph\":[{\"@type\":\"Article\",\"@id\":\"https:\\\/\\\/unaymilletras.com\\\/duki-milo-j-y-lit-killah-se-suman-a-bhavi-para-el-remix-de-aerobico\\\/#article\",\"isPartOf\":{\"@id\":\"https:\\\/\\\/unaymilletras.com\\\/duki-milo-j-y-lit-killah-se-suman-a-bhavi-para-el-remix-de-aerobico\\\/\"},\"author\":{\"name\":\"Maria Gil Robledo\",\"@id\":\"http:\\\/\\\/unaymilletras.com\\\/#\\\/schema\\\/person\\\/d55ba681b8a4e463d8982dbe36a5dc94\"},\"headline\":\"Duki, Milo J y Lit Killah se suman a Bhavi para el remix de \u201cAer\u00f3bico\u201d\",\"datePublished\":\"2023-08-05T10:30:53+00:00\",\"mainEntityOfPage\":{\"@id\":\"https:\\\/\\\/unaymilletras.com\\\/duki-milo-j-y-lit-killah-se-suman-a-bhavi-para-el-remix-de-aerobico\\\/\"},\"wordCount\":339,\"commentCount\":0,\"publisher\":{\"@id\":\"http:\\\/\\\/unaymilletras.com\\\/#organization\"},\"image\":{\"@id\":\"https:\\\/\\\/unaymilletras.com\\\/duki-milo-j-y-lit-killah-se-suman-a-bhavi-para-el-remix-de-aerobico\\\/#primaryimage\"},\"thumbnailUrl\":\"https:\\\/\\\/unaymilletras.com\\\/wp-content\\\/uploads\\\/2023\\\/08\\\/PORTADA_AEROBICO-REMIX_BHAVI-DUKI-MILO-J-LIT-KILLAH-scaled-e1691191785979.jpg\",\"articleSection\":[\"M\u00fasica\"],\"inLanguage\":\"en-GB\",\"potentialAction\":[{\"@type\":\"CommentAction\",\"name\":\"Comment\",\"target\":[\"https:\\\/\\\/unaymilletras.com\\\/duki-milo-j-y-lit-killah-se-suman-a-bhavi-para-el-remix-de-aerobico\\\/#respond\"]}]},{\"@type\":\"WebPage\",\"@id\":\"https:\\\/\\\/unaymilletras.com\\\/duki-milo-j-y-lit-killah-se-suman-a-bhavi-para-el-remix-de-aerobico\\\/\",\"url\":\"https:\\\/\\\/unaymilletras.com\\\/duki-milo-j-y-lit-killah-se-suman-a-bhavi-para-el-remix-de-aerobico\\\/\",\"name\":\"Duki, Milo J y Lit Killah se suman a Bhavi para el remix de \u201cAer\u00f3bico\u201d &#8902; Una y Mil Letras\",\"isPartOf\":{\"@id\":\"http:\\\/\\\/unaymilletras.com\\\/#website\"},\"primaryImageOfPage\":{\"@id\":\"https:\\\/\\\/unaymilletras.com\\\/duki-milo-j-y-lit-killah-se-suman-a-bhavi-para-el-remix-de-aerobico\\\/#primaryimage\"},\"image\":{\"@id\":\"https:\\\/\\\/unaymilletras.com\\\/duki-milo-j-y-lit-killah-se-suman-a-bhavi-para-el-remix-de-aerobico\\\/#primaryimage\"},\"thumbnailUrl\":\"https:\\\/\\\/unaymilletras.com\\\/wp-content\\\/uploads\\\/2023\\\/08\\\/PORTADA_AEROBICO-REMIX_BHAVI-DUKI-MILO-J-LIT-KILLAH-scaled-e1691191785979.jpg\",\"datePublished\":\"2023-08-05T10:30:53+00:00\",\"description\":\"\u201cAer\u00f3bico Remix\u201d, la canci\u00f3n de Bhavi ha logrado juntar a cuatro de los artistas m\u00e1s importantes de la escena argentina y con Madrid como...\",\"breadcrumb\":{\"@id\":\"https:\\\/\\\/unaymilletras.com\\\/duki-milo-j-y-lit-killah-se-suman-a-bhavi-para-el-remix-de-aerobico\\\/#breadcrumb\"},\"inLanguage\":\"en-GB\",\"potentialAction\":[{\"@type\":\"ReadAction\",\"target\":[\"https:\\\/\\\/unaymilletras.com\\\/duki-milo-j-y-lit-killah-se-suman-a-bhavi-para-el-remix-de-aerobico\\\/\"]}]},{\"@type\":\"ImageObject\",\"inLanguage\":\"en-GB\",\"@id\":\"https:\\\/\\\/unaymilletras.com\\\/duki-milo-j-y-lit-killah-se-suman-a-bhavi-para-el-remix-de-aerobico\\\/#primaryimage\",\"url\":\"https:\\\/\\\/unaymilletras.com\\\/wp-content\\\/uploads\\\/2023\\\/08\\\/PORTADA_AEROBICO-REMIX_BHAVI-DUKI-MILO-J-LIT-KILLAH-scaled-e1691191785979.jpg\",\"contentUrl\":\"https:\\\/\\\/unaymilletras.com\\\/wp-content\\\/uploads\\\/2023\\\/08\\\/PORTADA_AEROBICO-REMIX_BHAVI-DUKI-MILO-J-LIT-KILLAH-scaled-e1691191785979.jpg\",\"width\":600,\"height\":600,\"caption\":\"Bhavi\"},{\"@type\":\"BreadcrumbList\",\"@id\":\"https:\\\/\\\/unaymilletras.com\\\/duki-milo-j-y-lit-killah-se-suman-a-bhavi-para-el-remix-de-aerobico\\\/#breadcrumb\",\"itemListElement\":[{\"@type\":\"ListItem\",\"position\":1,\"name\":\"Home\",\"item\":\"http:\\\/\\\/unaymilletras.com\\\/\"},{\"@type\":\"ListItem\",\"position\":2,\"name\":\"Duki, Milo J y Lit Killah se suman a Bhavi para el remix de \u201cAer\u00f3bico\u201d\"}]},{\"@type\":\"WebSite\",\"@id\":\"http:\\\/\\\/unaymilletras.com\\\/#website\",\"url\":\"http:\\\/\\\/unaymilletras.com\\\/\",\"name\":\"Una y Mil Letras\",\"description\":\"\",\"publisher\":{\"@id\":\"http:\\\/\\\/unaymilletras.com\\\/#organization\"},\"potentialAction\":[{\"@type\":\"SearchAction\",\"target\":{\"@type\":\"EntryPoint\",\"urlTemplate\":\"http:\\\/\\\/unaymilletras.com\\\/?s={search_term_string}\"},\"query-input\":{\"@type\":\"PropertyValueSpecification\",\"valueRequired\":true,\"valueName\":\"search_term_string\"}}],\"inLanguage\":\"en-GB\"},{\"@type\":\"Organization\",\"@id\":\"http:\\\/\\\/unaymilletras.com\\\/#organization\",\"name\":\"Una y Mil Letras\",\"url\":\"http:\\\/\\\/unaymilletras.com\\\/\",\"logo\":{\"@type\":\"ImageObject\",\"inLanguage\":\"en-GB\",\"@id\":\"http:\\\/\\\/unaymilletras.com\\\/#\\\/schema\\\/logo\\\/image\\\/\",\"url\":\"https:\\\/\\\/unaymilletras.com\\\/wp-content\\\/uploads\\\/2024\\\/06\\\/cropped-Logo-removebg-preview.png\",\"contentUrl\":\"https:\\\/\\\/unaymilletras.com\\\/wp-content\\\/uploads\\\/2024\\\/06\\\/cropped-Logo-removebg-preview.png\",\"width\":512,\"height\":512,\"caption\":\"Una y Mil Letras\"},\"image\":{\"@id\":\"http:\\\/\\\/unaymilletras.com\\\/#\\\/schema\\\/logo\\\/image\\\/\"},\"sameAs\":[\"https:\\\/\\\/x.com\\\/UnaYMilLetras\",\"https:\\\/\\\/instagram.com\\\/UnaYMilLetras\"]},{\"@type\":\"Person\",\"@id\":\"http:\\\/\\\/unaymilletras.com\\\/#\\\/schema\\\/person\\\/d55ba681b8a4e463d8982dbe36a5dc94\",\"name\":\"Maria Gil Robledo\",\"image\":{\"@type\":\"ImageObject\",\"inLanguage\":\"en-GB\",\"@id\":\"https:\\\/\\\/secure.gravatar.com\\\/avatar\\\/4b8e5102e0015789407eb4870b12f0f2857952d83ca124058f92b764bd1840c3?s=96&d=mm&r=g\",\"url\":\"https:\\\/\\\/secure.gravatar.com\\\/avatar\\\/4b8e5102e0015789407eb4870b12f0f2857952d83ca124058f92b764bd1840c3?s=96&d=mm&r=g\",\"contentUrl\":\"https:\\\/\\\/secure.gravatar.com\\\/avatar\\\/4b8e5102e0015789407eb4870b12f0f2857952d83ca124058f92b764bd1840c3?s=96&d=mm&r=g\",\"caption\":\"Maria Gil Robledo\"},\"sameAs\":[\"http:\\\/\\\/unaymilletras.com\"],\"url\":\"https:\\\/\\\/unaymilletras.com\\\/en\\\/author\\\/mariiagiil02_\\\/\"}]}<\/script>\n<!-- \/ Yoast SEO plugin. -->","yoast_head_json":{"title":"Duki, Milo J y Lit Killah se suman a Bhavi para el remix de \u201cAer\u00f3bico\u201d &#8902; Una y Mil Letras","description":"\u201cAer\u00f3bico Remix\u201d, la canci\u00f3n de Bhavi ha logrado juntar a cuatro de los artistas m\u00e1s importantes de la escena argentina y con Madrid como...","robots":{"index":"index","follow":"follow","max-snippet":"max-snippet:-1","max-image-preview":"max-image-preview:large","max-video-preview":"max-video-preview:-1"},"canonical":"https:\/\/unaymilletras.com\/en\/duki-milo-j-y-lit-killah-se-suman-a-bhavi-para-el-remix-de-aerobico\/","og_locale":"en_GB","og_type":"article","og_title":"Duki, Milo J y Lit Killah se suman a Bhavi para el remix de \u201cAer\u00f3bico\u201d &#8902; Una y Mil Letras","og_description":"\u201cAer\u00f3bico Remix\u201d, la canci\u00f3n de Bhavi ha logrado juntar a cuatro de los artistas m\u00e1s importantes de la escena argentina y con Madrid como...","og_url":"https:\/\/unaymilletras.com\/en\/duki-milo-j-y-lit-killah-se-suman-a-bhavi-para-el-remix-de-aerobico\/","og_site_name":"Una y Mil Letras","article_published_time":"2023-08-05T10:30:53+00:00","og_image":[{"width":600,"height":600,"url":"https:\/\/unaymilletras.com\/wp-content\/uploads\/2023\/08\/PORTADA_AEROBICO-REMIX_BHAVI-DUKI-MILO-J-LIT-KILLAH-scaled-e1691191785979.jpg","type":"image\/jpeg"}],"author":"Maria Gil Robledo","twitter_card":"summary_large_image","twitter_creator":"@UnaYMilLetras","twitter_site":"@UnaYMilLetras","twitter_misc":{"Written by":"Maria Gil Robledo","Estimated reading time":"2 minutes"},"schema":{"@context":"https:\/\/schema.org","@graph":[{"@type":"Article","@id":"https:\/\/unaymilletras.com\/duki-milo-j-y-lit-killah-se-suman-a-bhavi-para-el-remix-de-aerobico\/#article","isPartOf":{"@id":"https:\/\/unaymilletras.com\/duki-milo-j-y-lit-killah-se-suman-a-bhavi-para-el-remix-de-aerobico\/"},"author":{"name":"Maria Gil Robledo","@id":"http:\/\/unaymilletras.com\/#\/schema\/person\/d55ba681b8a4e463d8982dbe36a5dc94"},"headline":"Duki, Milo J y Lit Killah se suman a Bhavi para el remix de \u201cAer\u00f3bico\u201d","datePublished":"2023-08-05T10:30:53+00:00","mainEntityOfPage":{"@id":"https:\/\/unaymilletras.com\/duki-milo-j-y-lit-killah-se-suman-a-bhavi-para-el-remix-de-aerobico\/"},"wordCount":339,"commentCount":0,"publisher":{"@id":"http:\/\/unaymilletras.com\/#organization"},"image":{"@id":"https:\/\/unaymilletras.com\/duki-milo-j-y-lit-killah-se-suman-a-bhavi-para-el-remix-de-aerobico\/#primaryimage"},"thumbnailUrl":"https:\/\/unaymilletras.com\/wp-content\/uploads\/2023\/08\/PORTADA_AEROBICO-REMIX_BHAVI-DUKI-MILO-J-LIT-KILLAH-scaled-e1691191785979.jpg","articleSection":["M\u00fasica"],"inLanguage":"en-GB","potentialAction":[{"@type":"CommentAction","name":"Comment","target":["https:\/\/unaymilletras.com\/duki-milo-j-y-lit-killah-se-suman-a-bhavi-para-el-remix-de-aerobico\/#respond"]}]},{"@type":"WebPage","@id":"https:\/\/unaymilletras.com\/duki-milo-j-y-lit-killah-se-suman-a-bhavi-para-el-remix-de-aerobico\/","url":"https:\/\/unaymilletras.com\/duki-milo-j-y-lit-killah-se-suman-a-bhavi-para-el-remix-de-aerobico\/","name":"Duki, Milo J y Lit Killah se suman a Bhavi para el remix de \u201cAer\u00f3bico\u201d &#8902; Una y Mil Letras","isPartOf":{"@id":"http:\/\/unaymilletras.com\/#website"},"primaryImageOfPage":{"@id":"https:\/\/unaymilletras.com\/duki-milo-j-y-lit-killah-se-suman-a-bhavi-para-el-remix-de-aerobico\/#primaryimage"},"image":{"@id":"https:\/\/unaymilletras.com\/duki-milo-j-y-lit-killah-se-suman-a-bhavi-para-el-remix-de-aerobico\/#primaryimage"},"thumbnailUrl":"https:\/\/unaymilletras.com\/wp-content\/uploads\/2023\/08\/PORTADA_AEROBICO-REMIX_BHAVI-DUKI-MILO-J-LIT-KILLAH-scaled-e1691191785979.jpg","datePublished":"2023-08-05T10:30:53+00:00","description":"\u201cAer\u00f3bico Remix\u201d, la canci\u00f3n de Bhavi ha logrado juntar a cuatro de los artistas m\u00e1s importantes de la escena argentina y con Madrid como...","breadcrumb":{"@id":"https:\/\/unaymilletras.com\/duki-milo-j-y-lit-killah-se-suman-a-bhavi-para-el-remix-de-aerobico\/#breadcrumb"},"inLanguage":"en-GB","potentialAction":[{"@type":"ReadAction","target":["https:\/\/unaymilletras.com\/duki-milo-j-y-lit-killah-se-suman-a-bhavi-para-el-remix-de-aerobico\/"]}]},{"@type":"ImageObject","inLanguage":"en-GB","@id":"https:\/\/unaymilletras.com\/duki-milo-j-y-lit-killah-se-suman-a-bhavi-para-el-remix-de-aerobico\/#primaryimage","url":"https:\/\/unaymilletras.com\/wp-content\/uploads\/2023\/08\/PORTADA_AEROBICO-REMIX_BHAVI-DUKI-MILO-J-LIT-KILLAH-scaled-e1691191785979.jpg","contentUrl":"https:\/\/unaymilletras.com\/wp-content\/uploads\/2023\/08\/PORTADA_AEROBICO-REMIX_BHAVI-DUKI-MILO-J-LIT-KILLAH-scaled-e1691191785979.jpg","width":600,"height":600,"caption":"Bhavi"},{"@type":"BreadcrumbList","@id":"https:\/\/unaymilletras.com\/duki-milo-j-y-lit-killah-se-suman-a-bhavi-para-el-remix-de-aerobico\/#breadcrumb","itemListElement":[{"@type":"ListItem","position":1,"name":"Home","item":"http:\/\/unaymilletras.com\/"},{"@type":"ListItem","position":2,"name":"Duki, Milo J y Lit Killah se suman a Bhavi para el remix de \u201cAer\u00f3bico\u201d"}]},{"@type":"WebSite","@id":"http:\/\/unaymilletras.com\/#website","url":"http:\/\/unaymilletras.com\/","name":"Una y Mil Letras","description":"","publisher":{"@id":"http:\/\/unaymilletras.com\/#organization"},"potentialAction":[{"@type":"SearchAction","target":{"@type":"EntryPoint","urlTemplate":"http:\/\/unaymilletras.com\/?s={search_term_string}"},"query-input":{"@type":"PropertyValueSpecification","valueRequired":true,"valueName":"search_term_string"}}],"inLanguage":"en-GB"},{"@type":"Organization","@id":"http:\/\/unaymilletras.com\/#organization","name":"Una y Mil Letras","url":"http:\/\/unaymilletras.com\/","logo":{"@type":"ImageObject","inLanguage":"en-GB","@id":"http:\/\/unaymilletras.com\/#\/schema\/logo\/image\/","url":"https:\/\/unaymilletras.com\/wp-content\/uploads\/2024\/06\/cropped-Logo-removebg-preview.png","contentUrl":"https:\/\/unaymilletras.com\/wp-content\/uploads\/2024\/06\/cropped-Logo-removebg-preview.png","width":512,"height":512,"caption":"Una y Mil Letras"},"image":{"@id":"http:\/\/unaymilletras.com\/#\/schema\/logo\/image\/"},"sameAs":["https:\/\/x.com\/UnaYMilLetras","https:\/\/instagram.com\/UnaYMilLetras"]},{"@type":"Person","@id":"http:\/\/unaymilletras.com\/#\/schema\/person\/d55ba681b8a4e463d8982dbe36a5dc94","name":"Maria Gil Robledo","image":{"@type":"ImageObject","inLanguage":"en-GB","@id":"https:\/\/secure.gravatar.com\/avatar\/4b8e5102e0015789407eb4870b12f0f2857952d83ca124058f92b764bd1840c3?s=96&d=mm&r=g","url":"https:\/\/secure.gravatar.com\/avatar\/4b8e5102e0015789407eb4870b12f0f2857952d83ca124058f92b764bd1840c3?s=96&d=mm&r=g","contentUrl":"https:\/\/secure.gravatar.com\/avatar\/4b8e5102e0015789407eb4870b12f0f2857952d83ca124058f92b764bd1840c3?s=96&d=mm&r=g","caption":"Maria Gil Robledo"},"sameAs":["http:\/\/unaymilletras.com"],"url":"https:\/\/unaymilletras.com\/en\/author\/mariiagiil02_\/"}]}},"_links":{"self":[{"href":"https:\/\/unaymilletras.com\/en\/wp-json\/wp\/v2\/posts\/1087","targetHints":{"allow":["GET"]}}],"collection":[{"href":"https:\/\/unaymilletras.com\/en\/wp-json\/wp\/v2\/posts"}],"about":[{"href":"https:\/\/unaymilletras.com\/en\/wp-json\/wp\/v2\/types\/post"}],"author":[{"embeddable":true,"href":"https:\/\/unaymilletras.com\/en\/wp-json\/wp\/v2\/users\/1"}],"replies":[{"embeddable":true,"href":"https:\/\/unaymilletras.com\/en\/wp-json\/wp\/v2\/comments?post=1087"}],"version-history":[{"count":6,"href":"https:\/\/unaymilletras.com\/en\/wp-json\/wp\/v2\/posts\/1087\/revisions"}],"predecessor-version":[{"id":1095,"href":"https:\/\/unaymilletras.com\/en\/wp-json\/wp\/v2\/posts\/1087\/revisions\/1095"}],"wp:featuredmedia":[{"embeddable":true,"href":"https:\/\/unaymilletras.com\/en\/wp-json\/wp\/v2\/media\/1089"}],"wp:attachment":[{"href":"https:\/\/unaymilletras.com\/en\/wp-json\/wp\/v2\/media?parent=1087"}],"wp:term":[{"taxonomy":"category","embeddable":true,"href":"https:\/\/unaymilletras.com\/en\/wp-json\/wp\/v2\/categories?post=1087"},{"taxonomy":"post_tag","embeddable":true,"href":"https:\/\/unaymilletras.com\/en\/wp-json\/wp\/v2\/tags?post=1087"}],"curies":[{"name":"wp","href":"https:\/\/api.w.org\/{rel}","templated":true}]}}