{"id":1165,"date":"2023-09-08T14:57:21","date_gmt":"2023-09-08T12:57:21","guid":{"rendered":"http:\/\/unaymilletras.com\/?p=1165"},"modified":"2023-09-08T14:57:24","modified_gmt":"2023-09-08T12:57:24","slug":"zahara-se-aleja-de-los-escenarios-espanoles-por-un-tiempo","status":"publish","type":"post","link":"https:\/\/unaymilletras.com\/en\/zahara-se-aleja-de-los-escenarios-espanoles-por-un-tiempo\/","title":{"rendered":"Zahara se aleja de los escenarios espa\u00f1oles por un tiempo"},"content":{"rendered":"<div data-elementor-type=\"wp-post\" data-elementor-id=\"1165\" class=\"elementor elementor-1165\">\n\t\t\t\t\t\t<section class=\"elementor-section elementor-top-section elementor-element elementor-element-bd79266 elementor-section-boxed elementor-section-height-default elementor-section-height-default\" data-id=\"bd79266\" data-element_type=\"section\" data-e-type=\"section\">\n\t\t\t\t\t\t<div class=\"elementor-container elementor-column-gap-default\">\n\t\t\t\t\t<div class=\"elementor-column elementor-col-100 elementor-top-column elementor-element elementor-element-f3cb79c\" data-id=\"f3cb79c\" data-element_type=\"column\" data-e-type=\"column\">\n\t\t\t<div class=\"elementor-widget-wrap elementor-element-populated\">\n\t\t\t\t\t\t<div class=\"elementor-element elementor-element-1688a61 elementor-widget elementor-widget-text-editor\" data-id=\"1688a61\" data-element_type=\"widget\" data-e-type=\"widget\" data-widget_type=\"text-editor.default\">\n\t\t\t\t<div class=\"elementor-widget-container\">\n\t\t\t\t\t\t\t\t\t<h2><span style=\"color: #808080;\"><em>Con un \u00faltimo concierto en Madrid, la artista Zahara se despedir\u00e1 de los escenarios de Espa\u00f1a durante una temporada<\/em><\/span><\/h2>\t\t\t\t\t\t\t\t<\/div>\n\t\t\t\t<\/div>\n\t\t\t\t\t<\/div>\n\t\t<\/div>\n\t\t\t\t\t<\/div>\n\t\t<\/section>\n\t\t\t\t<section class=\"elementor-section elementor-top-section elementor-element elementor-element-5408867 elementor-section-boxed elementor-section-height-default elementor-section-height-default\" data-id=\"5408867\" data-element_type=\"section\" data-e-type=\"section\">\n\t\t\t\t\t\t<div class=\"elementor-container elementor-column-gap-default\">\n\t\t\t\t\t<div class=\"elementor-column elementor-col-100 elementor-top-column elementor-element elementor-element-2ac2309\" data-id=\"2ac2309\" data-element_type=\"column\" data-e-type=\"column\">\n\t\t\t<div class=\"elementor-widget-wrap elementor-element-populated\">\n\t\t\t\t\t\t<div class=\"elementor-element elementor-element-b5ac208 elementor-widget elementor-widget-text-editor\" data-id=\"b5ac208\" data-element_type=\"widget\" data-e-type=\"widget\" data-widget_type=\"text-editor.default\">\n\t\t\t\t<div class=\"elementor-widget-container\">\n\t\t\t\t\t\t\t\t\t<p><strong>Zahara<\/strong> anuncia su \u00faltima fecha de su gira en formato RAVE. Este \u00faltimo concierto tendr\u00e1 lugar el pr\u00f3ximo 16 de noviembre en Las Ventas Live, en <span style=\"color: #808080;\"><strong><a style=\"color: #808080;\" href=\"http:\/\/unaymilletras.com\/en\/pole-llega-al-wizink-center\/\">Madrid<\/a><\/strong><\/span>. Con este anuncio, se despide por un tiempo de los escenarios en Espa\u00f1a.<\/p><p>Las entradas ya est\u00e1n disponibles tanto en <a href=\"https:\/\/www.livenation.es\/show\/1433186\/zahara-rave\/madrid\/2023-11-16\/es\">Live Nation<\/a> como en <a href=\"https:\/\/www.ticketmaster.es\/event\/zahara-rave-entradas\/36645\">Ticketmaster<\/a>. El evento comenzar\u00e1 con un show del <strong>DJ set de Fuentes-Guerra<\/strong>. Continuar\u00e1 con el concierto de la estrella Zahara y culminar\u00e1 con el Live de <strong>Perarnau IV.<\/strong><\/p>\t\t\t\t\t\t\t\t<\/div>\n\t\t\t\t<\/div>\n\t\t\t\t\t<\/div>\n\t\t<\/div>\n\t\t\t\t\t<\/div>\n\t\t<\/section>\n\t\t\t\t<section class=\"elementor-section elementor-top-section elementor-element elementor-element-24c1c9b elementor-section-boxed elementor-section-height-default elementor-section-height-default\" data-id=\"24c1c9b\" data-element_type=\"section\" data-e-type=\"section\">\n\t\t\t\t\t\t<div class=\"elementor-container elementor-column-gap-default\">\n\t\t\t\t\t<div class=\"elementor-column elementor-col-100 elementor-top-column elementor-element elementor-element-f2a9280\" data-id=\"f2a9280\" data-element_type=\"column\" data-e-type=\"column\">\n\t\t\t<div class=\"elementor-widget-wrap elementor-element-populated\">\n\t\t\t\t\t\t<div class=\"elementor-element elementor-element-439cd7a elementor-widget elementor-widget-image\" data-id=\"439cd7a\" data-element_type=\"widget\" data-e-type=\"widget\" data-widget_type=\"image.default\">\n\t\t\t\t<div class=\"elementor-widget-container\">\n\t\t\t\t\t\t\t\t\t\t\t\t\t\t\t<img fetchpriority=\"high\" decoding=\"async\" width=\"640\" height=\"908\" src=\"https:\/\/unaymilletras.com\/wp-content\/uploads\/2023\/09\/9dc671a3-6038-f9fc-0583-bf61b0b75186-722x1024.jpeg\" class=\"attachment-large size-large wp-image-1167\" alt=\"Zahara\" srcset=\"https:\/\/unaymilletras.com\/wp-content\/uploads\/2023\/09\/9dc671a3-6038-f9fc-0583-bf61b0b75186-722x1024.jpeg 722w, https:\/\/unaymilletras.com\/wp-content\/uploads\/2023\/09\/9dc671a3-6038-f9fc-0583-bf61b0b75186-212x300.jpeg 212w, https:\/\/unaymilletras.com\/wp-content\/uploads\/2023\/09\/9dc671a3-6038-f9fc-0583-bf61b0b75186-768x1089.jpeg 768w, https:\/\/unaymilletras.com\/wp-content\/uploads\/2023\/09\/9dc671a3-6038-f9fc-0583-bf61b0b75186.jpeg 840w\" sizes=\"(max-width: 640px) 100vw, 640px\" \/>\t\t\t\t\t\t\t\t\t\t\t\t\t\t\t<\/div>\n\t\t\t\t<\/div>\n\t\t\t\t\t<\/div>\n\t\t<\/div>\n\t\t\t\t\t<\/div>\n\t\t<\/section>\n\t\t\t\t<section class=\"elementor-section elementor-top-section elementor-element elementor-element-55af405 elementor-section-boxed elementor-section-height-default elementor-section-height-default\" data-id=\"55af405\" data-element_type=\"section\" data-e-type=\"section\">\n\t\t\t\t\t\t<div class=\"elementor-container elementor-column-gap-default\">\n\t\t\t\t\t<div class=\"elementor-column elementor-col-100 elementor-top-column elementor-element elementor-element-837ec4c\" data-id=\"837ec4c\" data-element_type=\"column\" data-e-type=\"column\">\n\t\t\t<div class=\"elementor-widget-wrap elementor-element-populated\">\n\t\t\t\t\t\t<div class=\"elementor-element elementor-element-644ad1f elementor-widget elementor-widget-text-editor\" data-id=\"644ad1f\" data-element_type=\"widget\" data-e-type=\"widget\" data-widget_type=\"text-editor.default\">\n\t\t\t\t<div class=\"elementor-widget-container\">\n\t\t\t\t\t\t\t\t\t<p><em>La Puta Rave<\/em> naci\u00f3 con el \u00e1lbum <em>PUTA<\/em>, en el a\u00f1o 2021. Ya forma parte de Zahara, m\u00e1s all\u00e1 de este disco y de este momento. Con este formato se siente libre, y considera que en \u00e9l es posible crear un espacio en el que expresarse y reivindicarse. Con eso, no habla solo de m\u00fasica y baile, sino tambi\u00e9n de reflexi\u00f3n.<\/p>\t\t\t\t\t\t\t\t<\/div>\n\t\t\t\t<\/div>\n\t\t\t\t\t<\/div>\n\t\t<\/div>\n\t\t\t\t\t<\/div>\n\t\t<\/section>\n\t\t\t\t<\/div>","protected":false},"excerpt":{"rendered":"<p>Con un \u00faltimo concierto en Madrid, la artista Zahara se despedir\u00e1 de los escenarios de Espa\u00f1a durante una temporada Zahara anuncia su \u00faltima fecha de su gira en formato RAVE. Este \u00faltimo concierto tendr\u00e1 lugar el pr\u00f3ximo 16 de noviembre en Las Ventas Live, en Madrid. Con este anuncio, se despide por un tiempo de [&hellip;]<\/p>\n","protected":false},"author":1,"featured_media":1167,"comment_status":"open","ping_status":"open","sticky":false,"template":"","format":"standard","meta":{"footnotes":""},"categories":[4],"tags":[],"class_list":["post-1165","post","type-post","status-publish","format-standard","has-post-thumbnail","hentry","category-musica"],"yoast_head":"<!-- This site is optimized with the Yoast SEO plugin v27.4 - https:\/\/yoast.com\/product\/yoast-seo-wordpress\/ -->\n<title>Zahara se aleja de los escenarios espa\u00f1oles por un tiempo &#8902; Una y Mil Letras<\/title>\n<meta name=\"description\" content=\"Con un \u00faltimo concierto en Madrid, la artista Zahara se despedir\u00e1 de los escenarios de Espa\u00f1a durante una temporada\" \/>\n<meta name=\"robots\" content=\"index, follow, max-snippet:-1, max-image-preview:large, max-video-preview:-1\" \/>\n<link rel=\"canonical\" href=\"https:\/\/unaymilletras.com\/en\/zahara-se-aleja-de-los-escenarios-espanoles-por-un-tiempo\/\" \/>\n<meta property=\"og:locale\" content=\"en_GB\" \/>\n<meta property=\"og:type\" content=\"article\" \/>\n<meta property=\"og:title\" content=\"Zahara se aleja de los escenarios espa\u00f1oles por un tiempo &#8902; Una y Mil Letras\" \/>\n<meta property=\"og:description\" content=\"Con un \u00faltimo concierto en Madrid, la artista Zahara se despedir\u00e1 de los escenarios de Espa\u00f1a durante una temporada\" \/>\n<meta property=\"og:url\" content=\"https:\/\/unaymilletras.com\/en\/zahara-se-aleja-de-los-escenarios-espanoles-por-un-tiempo\/\" \/>\n<meta property=\"og:site_name\" content=\"Una y Mil Letras\" \/>\n<meta property=\"article:published_time\" content=\"2023-09-08T12:57:21+00:00\" \/>\n<meta property=\"article:modified_time\" content=\"2023-09-08T12:57:24+00:00\" \/>\n<meta property=\"og:image\" content=\"https:\/\/unaymilletras.com\/wp-content\/uploads\/2023\/09\/9dc671a3-6038-f9fc-0583-bf61b0b75186.jpeg\" \/>\n\t<meta property=\"og:image:width\" content=\"840\" \/>\n\t<meta property=\"og:image:height\" content=\"1191\" \/>\n\t<meta property=\"og:image:type\" content=\"image\/jpeg\" \/>\n<meta name=\"author\" content=\"Maria Gil Robledo\" \/>\n<meta name=\"twitter:card\" content=\"summary_large_image\" \/>\n<meta name=\"twitter:creator\" content=\"@UnaYMilLetras\" \/>\n<meta name=\"twitter:site\" content=\"@UnaYMilLetras\" \/>\n<meta name=\"twitter:label1\" content=\"Written by\" \/>\n\t<meta name=\"twitter:data1\" content=\"Maria Gil Robledo\" \/>\n\t<meta name=\"twitter:label2\" content=\"Estimated reading time\" \/>\n\t<meta name=\"twitter:data2\" content=\"1 minute\" \/>\n<script type=\"application\/ld+json\" class=\"yoast-schema-graph\">{\"@context\":\"https:\\\/\\\/schema.org\",\"@graph\":[{\"@type\":\"Article\",\"@id\":\"https:\\\/\\\/unaymilletras.com\\\/zahara-se-aleja-de-los-escenarios-espanoles-por-un-tiempo\\\/#article\",\"isPartOf\":{\"@id\":\"https:\\\/\\\/unaymilletras.com\\\/zahara-se-aleja-de-los-escenarios-espanoles-por-un-tiempo\\\/\"},\"author\":{\"name\":\"Maria Gil Robledo\",\"@id\":\"http:\\\/\\\/unaymilletras.com\\\/#\\\/schema\\\/person\\\/d55ba681b8a4e463d8982dbe36a5dc94\"},\"headline\":\"Zahara se aleja de los escenarios espa\u00f1oles por un tiempo\",\"datePublished\":\"2023-09-08T12:57:21+00:00\",\"dateModified\":\"2023-09-08T12:57:24+00:00\",\"mainEntityOfPage\":{\"@id\":\"https:\\\/\\\/unaymilletras.com\\\/zahara-se-aleja-de-los-escenarios-espanoles-por-un-tiempo\\\/\"},\"wordCount\":177,\"commentCount\":0,\"publisher\":{\"@id\":\"http:\\\/\\\/unaymilletras.com\\\/#organization\"},\"image\":{\"@id\":\"https:\\\/\\\/unaymilletras.com\\\/zahara-se-aleja-de-los-escenarios-espanoles-por-un-tiempo\\\/#primaryimage\"},\"thumbnailUrl\":\"https:\\\/\\\/unaymilletras.com\\\/wp-content\\\/uploads\\\/2023\\\/09\\\/9dc671a3-6038-f9fc-0583-bf61b0b75186.jpeg\",\"articleSection\":[\"M\u00fasica\"],\"inLanguage\":\"en-GB\",\"potentialAction\":[{\"@type\":\"CommentAction\",\"name\":\"Comment\",\"target\":[\"https:\\\/\\\/unaymilletras.com\\\/zahara-se-aleja-de-los-escenarios-espanoles-por-un-tiempo\\\/#respond\"]}]},{\"@type\":\"WebPage\",\"@id\":\"https:\\\/\\\/unaymilletras.com\\\/zahara-se-aleja-de-los-escenarios-espanoles-por-un-tiempo\\\/\",\"url\":\"https:\\\/\\\/unaymilletras.com\\\/zahara-se-aleja-de-los-escenarios-espanoles-por-un-tiempo\\\/\",\"name\":\"Zahara se aleja de los escenarios espa\u00f1oles por un tiempo &#8902; Una y Mil Letras\",\"isPartOf\":{\"@id\":\"http:\\\/\\\/unaymilletras.com\\\/#website\"},\"primaryImageOfPage\":{\"@id\":\"https:\\\/\\\/unaymilletras.com\\\/zahara-se-aleja-de-los-escenarios-espanoles-por-un-tiempo\\\/#primaryimage\"},\"image\":{\"@id\":\"https:\\\/\\\/unaymilletras.com\\\/zahara-se-aleja-de-los-escenarios-espanoles-por-un-tiempo\\\/#primaryimage\"},\"thumbnailUrl\":\"https:\\\/\\\/unaymilletras.com\\\/wp-content\\\/uploads\\\/2023\\\/09\\\/9dc671a3-6038-f9fc-0583-bf61b0b75186.jpeg\",\"datePublished\":\"2023-09-08T12:57:21+00:00\",\"dateModified\":\"2023-09-08T12:57:24+00:00\",\"description\":\"Con un \u00faltimo concierto en Madrid, la artista Zahara se despedir\u00e1 de los escenarios de Espa\u00f1a durante una temporada\",\"breadcrumb\":{\"@id\":\"https:\\\/\\\/unaymilletras.com\\\/zahara-se-aleja-de-los-escenarios-espanoles-por-un-tiempo\\\/#breadcrumb\"},\"inLanguage\":\"en-GB\",\"potentialAction\":[{\"@type\":\"ReadAction\",\"target\":[\"https:\\\/\\\/unaymilletras.com\\\/zahara-se-aleja-de-los-escenarios-espanoles-por-un-tiempo\\\/\"]}]},{\"@type\":\"ImageObject\",\"inLanguage\":\"en-GB\",\"@id\":\"https:\\\/\\\/unaymilletras.com\\\/zahara-se-aleja-de-los-escenarios-espanoles-por-un-tiempo\\\/#primaryimage\",\"url\":\"https:\\\/\\\/unaymilletras.com\\\/wp-content\\\/uploads\\\/2023\\\/09\\\/9dc671a3-6038-f9fc-0583-bf61b0b75186.jpeg\",\"contentUrl\":\"https:\\\/\\\/unaymilletras.com\\\/wp-content\\\/uploads\\\/2023\\\/09\\\/9dc671a3-6038-f9fc-0583-bf61b0b75186.jpeg\",\"width\":840,\"height\":1191,\"caption\":\"Zahara\"},{\"@type\":\"BreadcrumbList\",\"@id\":\"https:\\\/\\\/unaymilletras.com\\\/zahara-se-aleja-de-los-escenarios-espanoles-por-un-tiempo\\\/#breadcrumb\",\"itemListElement\":[{\"@type\":\"ListItem\",\"position\":1,\"name\":\"Home\",\"item\":\"http:\\\/\\\/unaymilletras.com\\\/\"},{\"@type\":\"ListItem\",\"position\":2,\"name\":\"Zahara se aleja de los escenarios espa\u00f1oles por un tiempo\"}]},{\"@type\":\"WebSite\",\"@id\":\"http:\\\/\\\/unaymilletras.com\\\/#website\",\"url\":\"http:\\\/\\\/unaymilletras.com\\\/\",\"name\":\"Una y Mil Letras\",\"description\":\"\",\"publisher\":{\"@id\":\"http:\\\/\\\/unaymilletras.com\\\/#organization\"},\"potentialAction\":[{\"@type\":\"SearchAction\",\"target\":{\"@type\":\"EntryPoint\",\"urlTemplate\":\"http:\\\/\\\/unaymilletras.com\\\/?s={search_term_string}\"},\"query-input\":{\"@type\":\"PropertyValueSpecification\",\"valueRequired\":true,\"valueName\":\"search_term_string\"}}],\"inLanguage\":\"en-GB\"},{\"@type\":\"Organization\",\"@id\":\"http:\\\/\\\/unaymilletras.com\\\/#organization\",\"name\":\"Una y Mil Letras\",\"url\":\"http:\\\/\\\/unaymilletras.com\\\/\",\"logo\":{\"@type\":\"ImageObject\",\"inLanguage\":\"en-GB\",\"@id\":\"http:\\\/\\\/unaymilletras.com\\\/#\\\/schema\\\/logo\\\/image\\\/\",\"url\":\"https:\\\/\\\/unaymilletras.com\\\/wp-content\\\/uploads\\\/2024\\\/06\\\/cropped-Logo-removebg-preview.png\",\"contentUrl\":\"https:\\\/\\\/unaymilletras.com\\\/wp-content\\\/uploads\\\/2024\\\/06\\\/cropped-Logo-removebg-preview.png\",\"width\":512,\"height\":512,\"caption\":\"Una y Mil Letras\"},\"image\":{\"@id\":\"http:\\\/\\\/unaymilletras.com\\\/#\\\/schema\\\/logo\\\/image\\\/\"},\"sameAs\":[\"https:\\\/\\\/x.com\\\/UnaYMilLetras\",\"https:\\\/\\\/instagram.com\\\/UnaYMilLetras\"]},{\"@type\":\"Person\",\"@id\":\"http:\\\/\\\/unaymilletras.com\\\/#\\\/schema\\\/person\\\/d55ba681b8a4e463d8982dbe36a5dc94\",\"name\":\"Maria Gil Robledo\",\"image\":{\"@type\":\"ImageObject\",\"inLanguage\":\"en-GB\",\"@id\":\"https:\\\/\\\/secure.gravatar.com\\\/avatar\\\/4b8e5102e0015789407eb4870b12f0f2857952d83ca124058f92b764bd1840c3?s=96&d=mm&r=g\",\"url\":\"https:\\\/\\\/secure.gravatar.com\\\/avatar\\\/4b8e5102e0015789407eb4870b12f0f2857952d83ca124058f92b764bd1840c3?s=96&d=mm&r=g\",\"contentUrl\":\"https:\\\/\\\/secure.gravatar.com\\\/avatar\\\/4b8e5102e0015789407eb4870b12f0f2857952d83ca124058f92b764bd1840c3?s=96&d=mm&r=g\",\"caption\":\"Maria Gil Robledo\"},\"sameAs\":[\"http:\\\/\\\/unaymilletras.com\"],\"url\":\"https:\\\/\\\/unaymilletras.com\\\/en\\\/author\\\/mariiagiil02_\\\/\"}]}<\/script>\n<!-- \/ Yoast SEO plugin. -->","yoast_head_json":{"title":"Zahara se aleja de los escenarios espa\u00f1oles por un tiempo &#8902; Una y Mil Letras","description":"Con un \u00faltimo concierto en Madrid, la artista Zahara se despedir\u00e1 de los escenarios de Espa\u00f1a durante una temporada","robots":{"index":"index","follow":"follow","max-snippet":"max-snippet:-1","max-image-preview":"max-image-preview:large","max-video-preview":"max-video-preview:-1"},"canonical":"https:\/\/unaymilletras.com\/en\/zahara-se-aleja-de-los-escenarios-espanoles-por-un-tiempo\/","og_locale":"en_GB","og_type":"article","og_title":"Zahara se aleja de los escenarios espa\u00f1oles por un tiempo &#8902; Una y Mil Letras","og_description":"Con un \u00faltimo concierto en Madrid, la artista Zahara se despedir\u00e1 de los escenarios de Espa\u00f1a durante una temporada","og_url":"https:\/\/unaymilletras.com\/en\/zahara-se-aleja-de-los-escenarios-espanoles-por-un-tiempo\/","og_site_name":"Una y Mil Letras","article_published_time":"2023-09-08T12:57:21+00:00","article_modified_time":"2023-09-08T12:57:24+00:00","og_image":[{"width":840,"height":1191,"url":"https:\/\/unaymilletras.com\/wp-content\/uploads\/2023\/09\/9dc671a3-6038-f9fc-0583-bf61b0b75186.jpeg","type":"image\/jpeg"}],"author":"Maria Gil Robledo","twitter_card":"summary_large_image","twitter_creator":"@UnaYMilLetras","twitter_site":"@UnaYMilLetras","twitter_misc":{"Written by":"Maria Gil Robledo","Estimated reading time":"1 minute"},"schema":{"@context":"https:\/\/schema.org","@graph":[{"@type":"Article","@id":"https:\/\/unaymilletras.com\/zahara-se-aleja-de-los-escenarios-espanoles-por-un-tiempo\/#article","isPartOf":{"@id":"https:\/\/unaymilletras.com\/zahara-se-aleja-de-los-escenarios-espanoles-por-un-tiempo\/"},"author":{"name":"Maria Gil Robledo","@id":"http:\/\/unaymilletras.com\/#\/schema\/person\/d55ba681b8a4e463d8982dbe36a5dc94"},"headline":"Zahara se aleja de los escenarios espa\u00f1oles por un tiempo","datePublished":"2023-09-08T12:57:21+00:00","dateModified":"2023-09-08T12:57:24+00:00","mainEntityOfPage":{"@id":"https:\/\/unaymilletras.com\/zahara-se-aleja-de-los-escenarios-espanoles-por-un-tiempo\/"},"wordCount":177,"commentCount":0,"publisher":{"@id":"http:\/\/unaymilletras.com\/#organization"},"image":{"@id":"https:\/\/unaymilletras.com\/zahara-se-aleja-de-los-escenarios-espanoles-por-un-tiempo\/#primaryimage"},"thumbnailUrl":"https:\/\/unaymilletras.com\/wp-content\/uploads\/2023\/09\/9dc671a3-6038-f9fc-0583-bf61b0b75186.jpeg","articleSection":["M\u00fasica"],"inLanguage":"en-GB","potentialAction":[{"@type":"CommentAction","name":"Comment","target":["https:\/\/unaymilletras.com\/zahara-se-aleja-de-los-escenarios-espanoles-por-un-tiempo\/#respond"]}]},{"@type":"WebPage","@id":"https:\/\/unaymilletras.com\/zahara-se-aleja-de-los-escenarios-espanoles-por-un-tiempo\/","url":"https:\/\/unaymilletras.com\/zahara-se-aleja-de-los-escenarios-espanoles-por-un-tiempo\/","name":"Zahara se aleja de los escenarios espa\u00f1oles por un tiempo &#8902; Una y Mil Letras","isPartOf":{"@id":"http:\/\/unaymilletras.com\/#website"},"primaryImageOfPage":{"@id":"https:\/\/unaymilletras.com\/zahara-se-aleja-de-los-escenarios-espanoles-por-un-tiempo\/#primaryimage"},"image":{"@id":"https:\/\/unaymilletras.com\/zahara-se-aleja-de-los-escenarios-espanoles-por-un-tiempo\/#primaryimage"},"thumbnailUrl":"https:\/\/unaymilletras.com\/wp-content\/uploads\/2023\/09\/9dc671a3-6038-f9fc-0583-bf61b0b75186.jpeg","datePublished":"2023-09-08T12:57:21+00:00","dateModified":"2023-09-08T12:57:24+00:00","description":"Con un \u00faltimo concierto en Madrid, la artista Zahara se despedir\u00e1 de los escenarios de Espa\u00f1a durante una temporada","breadcrumb":{"@id":"https:\/\/unaymilletras.com\/zahara-se-aleja-de-los-escenarios-espanoles-por-un-tiempo\/#breadcrumb"},"inLanguage":"en-GB","potentialAction":[{"@type":"ReadAction","target":["https:\/\/unaymilletras.com\/zahara-se-aleja-de-los-escenarios-espanoles-por-un-tiempo\/"]}]},{"@type":"ImageObject","inLanguage":"en-GB","@id":"https:\/\/unaymilletras.com\/zahara-se-aleja-de-los-escenarios-espanoles-por-un-tiempo\/#primaryimage","url":"https:\/\/unaymilletras.com\/wp-content\/uploads\/2023\/09\/9dc671a3-6038-f9fc-0583-bf61b0b75186.jpeg","contentUrl":"https:\/\/unaymilletras.com\/wp-content\/uploads\/2023\/09\/9dc671a3-6038-f9fc-0583-bf61b0b75186.jpeg","width":840,"height":1191,"caption":"Zahara"},{"@type":"BreadcrumbList","@id":"https:\/\/unaymilletras.com\/zahara-se-aleja-de-los-escenarios-espanoles-por-un-tiempo\/#breadcrumb","itemListElement":[{"@type":"ListItem","position":1,"name":"Home","item":"http:\/\/unaymilletras.com\/"},{"@type":"ListItem","position":2,"name":"Zahara se aleja de los escenarios espa\u00f1oles por un tiempo"}]},{"@type":"WebSite","@id":"http:\/\/unaymilletras.com\/#website","url":"http:\/\/unaymilletras.com\/","name":"Una y Mil Letras","description":"","publisher":{"@id":"http:\/\/unaymilletras.com\/#organization"},"potentialAction":[{"@type":"SearchAction","target":{"@type":"EntryPoint","urlTemplate":"http:\/\/unaymilletras.com\/?s={search_term_string}"},"query-input":{"@type":"PropertyValueSpecification","valueRequired":true,"valueName":"search_term_string"}}],"inLanguage":"en-GB"},{"@type":"Organization","@id":"http:\/\/unaymilletras.com\/#organization","name":"Una y Mil Letras","url":"http:\/\/unaymilletras.com\/","logo":{"@type":"ImageObject","inLanguage":"en-GB","@id":"http:\/\/unaymilletras.com\/#\/schema\/logo\/image\/","url":"https:\/\/unaymilletras.com\/wp-content\/uploads\/2024\/06\/cropped-Logo-removebg-preview.png","contentUrl":"https:\/\/unaymilletras.com\/wp-content\/uploads\/2024\/06\/cropped-Logo-removebg-preview.png","width":512,"height":512,"caption":"Una y Mil Letras"},"image":{"@id":"http:\/\/unaymilletras.com\/#\/schema\/logo\/image\/"},"sameAs":["https:\/\/x.com\/UnaYMilLetras","https:\/\/instagram.com\/UnaYMilLetras"]},{"@type":"Person","@id":"http:\/\/unaymilletras.com\/#\/schema\/person\/d55ba681b8a4e463d8982dbe36a5dc94","name":"Maria Gil Robledo","image":{"@type":"ImageObject","inLanguage":"en-GB","@id":"https:\/\/secure.gravatar.com\/avatar\/4b8e5102e0015789407eb4870b12f0f2857952d83ca124058f92b764bd1840c3?s=96&d=mm&r=g","url":"https:\/\/secure.gravatar.com\/avatar\/4b8e5102e0015789407eb4870b12f0f2857952d83ca124058f92b764bd1840c3?s=96&d=mm&r=g","contentUrl":"https:\/\/secure.gravatar.com\/avatar\/4b8e5102e0015789407eb4870b12f0f2857952d83ca124058f92b764bd1840c3?s=96&d=mm&r=g","caption":"Maria Gil Robledo"},"sameAs":["http:\/\/unaymilletras.com"],"url":"https:\/\/unaymilletras.com\/en\/author\/mariiagiil02_\/"}]}},"_links":{"self":[{"href":"https:\/\/unaymilletras.com\/en\/wp-json\/wp\/v2\/posts\/1165","targetHints":{"allow":["GET"]}}],"collection":[{"href":"https:\/\/unaymilletras.com\/en\/wp-json\/wp\/v2\/posts"}],"about":[{"href":"https:\/\/unaymilletras.com\/en\/wp-json\/wp\/v2\/types\/post"}],"author":[{"embeddable":true,"href":"https:\/\/unaymilletras.com\/en\/wp-json\/wp\/v2\/users\/1"}],"replies":[{"embeddable":true,"href":"https:\/\/unaymilletras.com\/en\/wp-json\/wp\/v2\/comments?post=1165"}],"version-history":[{"count":21,"href":"https:\/\/unaymilletras.com\/en\/wp-json\/wp\/v2\/posts\/1165\/revisions"}],"predecessor-version":[{"id":1187,"href":"https:\/\/unaymilletras.com\/en\/wp-json\/wp\/v2\/posts\/1165\/revisions\/1187"}],"wp:featuredmedia":[{"embeddable":true,"href":"https:\/\/unaymilletras.com\/en\/wp-json\/wp\/v2\/media\/1167"}],"wp:attachment":[{"href":"https:\/\/unaymilletras.com\/en\/wp-json\/wp\/v2\/media?parent=1165"}],"wp:term":[{"taxonomy":"category","embeddable":true,"href":"https:\/\/unaymilletras.com\/en\/wp-json\/wp\/v2\/categories?post=1165"},{"taxonomy":"post_tag","embeddable":true,"href":"https:\/\/unaymilletras.com\/en\/wp-json\/wp\/v2\/tags?post=1165"}],"curies":[{"name":"wp","href":"https:\/\/api.w.org\/{rel}","templated":true}]}}