{"id":1218,"date":"2023-09-21T12:39:48","date_gmt":"2023-09-21T10:39:48","guid":{"rendered":"http:\/\/unaymilletras.com\/?p=1218"},"modified":"2023-09-21T12:40:40","modified_gmt":"2023-09-21T10:40:40","slug":"joaquin-vuelve-a-malaga-para-jugar-en-la-kings-queens-cup-finals","status":"publish","type":"post","link":"https:\/\/unaymilletras.com\/en\/joaquin-vuelve-a-malaga-para-jugar-en-la-kings-queens-cup-finals\/","title":{"rendered":"Joaqu\u00edn vuelve a M\u00e1laga para jugar en la Kings &amp; Queens Cup Finals"},"content":{"rendered":"<div data-elementor-type=\"wp-post\" data-elementor-id=\"1218\" class=\"elementor elementor-1218\">\n\t\t\t\t\t\t<section class=\"elementor-section elementor-top-section elementor-element elementor-element-7cd4a91 elementor-section-boxed elementor-section-height-default elementor-section-height-default\" data-id=\"7cd4a91\" data-element_type=\"section\" data-e-type=\"section\">\n\t\t\t\t\t\t<div class=\"elementor-container elementor-column-gap-default\">\n\t\t\t\t\t<div class=\"elementor-column elementor-col-100 elementor-top-column elementor-element elementor-element-9e8b932\" data-id=\"9e8b932\" data-element_type=\"column\" data-e-type=\"column\">\n\t\t\t<div class=\"elementor-widget-wrap elementor-element-populated\">\n\t\t\t\t\t\t<div class=\"elementor-element elementor-element-547d533 elementor-widget elementor-widget-text-editor\" data-id=\"547d533\" data-element_type=\"widget\" data-e-type=\"widget\" data-widget_type=\"text-editor.default\">\n\t\t\t\t<div class=\"elementor-widget-container\">\n\t\t\t\t\t\t\t\t\t<h2><span style=\"color: #808080;\"><em>La Rosaleda acoger\u00e1 el evento y Joaqu\u00edn se vestir\u00e1 de corto para formar parte de \u00e9l<\/em><\/span><\/h2>\t\t\t\t\t\t\t\t<\/div>\n\t\t\t\t<\/div>\n\t\t\t\t\t<\/div>\n\t\t<\/div>\n\t\t\t\t\t<\/div>\n\t\t<\/section>\n\t\t\t\t<section class=\"elementor-section elementor-top-section elementor-element elementor-element-dca83bc elementor-section-boxed elementor-section-height-default elementor-section-height-default\" data-id=\"dca83bc\" data-element_type=\"section\" data-e-type=\"section\">\n\t\t\t\t\t\t<div class=\"elementor-container elementor-column-gap-default\">\n\t\t\t\t\t<div class=\"elementor-column elementor-col-100 elementor-top-column elementor-element elementor-element-1f57da5\" data-id=\"1f57da5\" data-element_type=\"column\" data-e-type=\"column\">\n\t\t\t<div class=\"elementor-widget-wrap elementor-element-populated\">\n\t\t\t\t\t\t<div class=\"elementor-element elementor-element-a0499fc elementor-widget elementor-widget-text-editor\" data-id=\"a0499fc\" data-element_type=\"widget\" data-e-type=\"widget\" data-widget_type=\"text-editor.default\">\n\t\t\t\t<div class=\"elementor-widget-container\">\n\t\t\t\t\t\t\t\t\t<p>Durante el <strong>After Kings<\/strong> se anunci\u00f3 que <strong>Joaqu\u00edn<\/strong>, el exmalaguista, participar\u00e1 <span style=\"color: #808080;\">en la <strong><a style=\"color: #808080;\" href=\"http:\/\/unaymilletras.com\/en\/jornada-inaugural-de-kings-cup-talentos-emergen-y-oscar-coll-hace-historia\/\">Kings &amp; Queens Cup Finals<\/a><\/strong>. El pr\u00f3ximo 14 de octubre se<\/span> celebrar\u00e1 la final en <strong>La Rosaleda<\/strong>. La que ha sido su casa durante muchos a\u00f1os acoger\u00e1 nuevamente al futbolista, quien ha accedido a volver a vestirse de corto para la ocasi\u00f3n.<\/p>\t\t\t\t\t\t\t\t<\/div>\n\t\t\t\t<\/div>\n\t\t\t\t\t<\/div>\n\t\t<\/div>\n\t\t\t\t\t<\/div>\n\t\t<\/section>\n\t\t\t\t<section class=\"elementor-section elementor-top-section elementor-element elementor-element-a242c84 elementor-section-boxed elementor-section-height-default elementor-section-height-default\" data-id=\"a242c84\" data-element_type=\"section\" data-e-type=\"section\">\n\t\t\t\t\t\t<div class=\"elementor-container elementor-column-gap-default\">\n\t\t\t\t\t<div class=\"elementor-column elementor-col-50 elementor-top-column elementor-element elementor-element-fa4c06f\" data-id=\"fa4c06f\" data-element_type=\"column\" data-e-type=\"column\">\n\t\t\t<div class=\"elementor-widget-wrap elementor-element-populated\">\n\t\t\t\t\t\t<div class=\"elementor-element elementor-element-02ddeb7 elementor-widget elementor-widget-image\" data-id=\"02ddeb7\" data-element_type=\"widget\" data-e-type=\"widget\" data-widget_type=\"image.default\">\n\t\t\t\t<div class=\"elementor-widget-container\">\n\t\t\t\t\t\t\t\t\t\t\t\t\t\t\t<img fetchpriority=\"high\" decoding=\"async\" width=\"640\" height=\"800\" src=\"https:\/\/unaymilletras.com\/wp-content\/uploads\/2023\/09\/joaquin-819x1024.jpeg\" class=\"attachment-large size-large wp-image-1220\" alt=\"Joaqu\u00edn\" srcset=\"https:\/\/unaymilletras.com\/wp-content\/uploads\/2023\/09\/joaquin-819x1024.jpeg 819w, https:\/\/unaymilletras.com\/wp-content\/uploads\/2023\/09\/joaquin-240x300.jpeg 240w, https:\/\/unaymilletras.com\/wp-content\/uploads\/2023\/09\/joaquin-768x960.jpeg 768w, https:\/\/unaymilletras.com\/wp-content\/uploads\/2023\/09\/joaquin-e1695291542450.jpeg 600w\" sizes=\"(max-width: 640px) 100vw, 640px\" \/>\t\t\t\t\t\t\t\t\t\t\t\t\t\t\t<\/div>\n\t\t\t\t<\/div>\n\t\t\t\t\t<\/div>\n\t\t<\/div>\n\t\t\t\t<div class=\"elementor-column elementor-col-50 elementor-top-column elementor-element elementor-element-30eccad\" data-id=\"30eccad\" data-element_type=\"column\" data-e-type=\"column\">\n\t\t\t<div class=\"elementor-widget-wrap elementor-element-populated\">\n\t\t\t\t\t\t<div class=\"elementor-element elementor-element-348de8e elementor-widget elementor-widget-text-editor\" data-id=\"348de8e\" data-element_type=\"widget\" data-e-type=\"widget\" data-widget_type=\"text-editor.default\">\n\t\t\t\t<div class=\"elementor-widget-container\">\n\t\t\t\t\t\t\t\t\t<h3><span style=\"color: #808080;\">\u00abM\u00e1laga es mi segunda casa, viv\u00ed dos a\u00f1os en un sue\u00f1o. Aquel equipo hizo historia y os vais a encontrar un ambiente familiar, de f\u00fatbol. Va a ser una noche especial y vamos a disfrutar\u00bb, Joaquin<\/span><\/h3>\t\t\t\t\t\t\t\t<\/div>\n\t\t\t\t<\/div>\n\t\t\t\t\t<\/div>\n\t\t<\/div>\n\t\t\t\t\t<\/div>\n\t\t<\/section>\n\t\t\t\t<section class=\"elementor-section elementor-top-section elementor-element elementor-element-56e2b83 elementor-section-boxed elementor-section-height-default elementor-section-height-default\" data-id=\"56e2b83\" data-element_type=\"section\" data-e-type=\"section\">\n\t\t\t\t\t\t<div class=\"elementor-container elementor-column-gap-default\">\n\t\t\t\t\t<div class=\"elementor-column elementor-col-100 elementor-top-column elementor-element elementor-element-b13cfe1\" data-id=\"b13cfe1\" data-element_type=\"column\" data-e-type=\"column\">\n\t\t\t<div class=\"elementor-widget-wrap elementor-element-populated\">\n\t\t\t\t\t\t<div class=\"elementor-element elementor-element-e01721e elementor-widget elementor-widget-text-editor\" data-id=\"e01721e\" data-element_type=\"widget\" data-e-type=\"widget\" data-widget_type=\"text-editor.default\">\n\t\t\t\t<div class=\"elementor-widget-container\">\n\t\t\t\t\t\t\t\t\t<p>Para esta sorpresa, los presidentes de los distintos equipos trataron de adivinar qui\u00e9n ser\u00eda el futbolista que formar\u00eda parte del evento. Tras finalizar el juego, Joaqu\u00edn entr\u00f3 al directo mediante videollamada bromeando: \u00abComo ojeadores ten\u00e9is poco futuro. Me he re\u00eddo mucho\u00bb<\/p>\n<p>Con una capacidad de 30.000 asistentes, en las primeras 24h se vendieron 24.000 <a href=\"https:\/\/www.entradas.com\/artist\/kings-queens-cup\/?affiliate=KQL\">entradas<\/a>.<\/p>\t\t\t\t\t\t\t\t<\/div>\n\t\t\t\t<\/div>\n\t\t\t\t\t<\/div>\n\t\t<\/div>\n\t\t\t\t\t<\/div>\n\t\t<\/section>\n\t\t\t\t<section class=\"elementor-section elementor-top-section elementor-element elementor-element-e205772 elementor-section-boxed elementor-section-height-default elementor-section-height-default\" data-id=\"e205772\" data-element_type=\"section\" data-e-type=\"section\">\n\t\t\t\t\t\t<div class=\"elementor-container elementor-column-gap-default\">\n\t\t\t\t\t<div class=\"elementor-column elementor-col-50 elementor-top-column elementor-element elementor-element-b806d57\" data-id=\"b806d57\" data-element_type=\"column\" data-e-type=\"column\">\n\t\t\t<div class=\"elementor-widget-wrap elementor-element-populated\">\n\t\t\t\t\t\t<div class=\"elementor-element elementor-element-4d48dc7 elementor-widget elementor-widget-text-editor\" data-id=\"4d48dc7\" data-element_type=\"widget\" data-e-type=\"widget\" data-widget_type=\"text-editor.default\">\n\t\t\t\t<div class=\"elementor-widget-container\">\n\t\t\t\t\t\t\t\t\t<p>La\u00a0<strong>Kings Cup<\/strong>\u00a0y la\u00a0<strong>Queens Cup Oysho<\/strong>\u00a0son dos nuevas competiciones de\u00a0<strong>Kosmos<\/strong>. Tras la fase de grupos, los cuatro mejores equipos de cada grupo avanzar\u00e1n a los playoffs. Aqu\u00ed, los l\u00edderes de grupo competir\u00e1n por un lugar en la final en La Rosaleda, mientras que los dem\u00e1s luchar\u00e1n en el\u00a0<strong>Cupra Arena<\/strong>. En M\u00e1laga se decidir\u00e1 el segundo. Despu\u00e9s, se coronar\u00e1 al campe\u00f3n de la copa en ambas competiciones.<\/p>\t\t\t\t\t\t\t\t<\/div>\n\t\t\t\t<\/div>\n\t\t\t\t\t<\/div>\n\t\t<\/div>\n\t\t\t\t<div class=\"elementor-column elementor-col-50 elementor-top-column elementor-element elementor-element-1313236\" data-id=\"1313236\" data-element_type=\"column\" data-e-type=\"column\">\n\t\t\t<div class=\"elementor-widget-wrap elementor-element-populated\">\n\t\t\t\t\t\t<div class=\"elementor-element elementor-element-994e983 elementor-widget elementor-widget-image\" data-id=\"994e983\" data-element_type=\"widget\" data-e-type=\"widget\" data-widget_type=\"image.default\">\n\t\t\t\t<div class=\"elementor-widget-container\">\n\t\t\t\t\t\t\t\t\t\t\t\t\t\t\t<img decoding=\"async\" width=\"640\" height=\"800\" src=\"https:\/\/unaymilletras.com\/wp-content\/uploads\/2023\/09\/3087824b-9792-2d3a-88fe-52d7b8908792-819x1024.png\" class=\"attachment-large size-large wp-image-1221\" alt=\"\" srcset=\"https:\/\/unaymilletras.com\/wp-content\/uploads\/2023\/09\/3087824b-9792-2d3a-88fe-52d7b8908792-819x1024.png 819w, https:\/\/unaymilletras.com\/wp-content\/uploads\/2023\/09\/3087824b-9792-2d3a-88fe-52d7b8908792-240x300.png 240w, https:\/\/unaymilletras.com\/wp-content\/uploads\/2023\/09\/3087824b-9792-2d3a-88fe-52d7b8908792-768x960.png 768w, https:\/\/unaymilletras.com\/wp-content\/uploads\/2023\/09\/3087824b-9792-2d3a-88fe-52d7b8908792-1024x1280.png 1024w, https:\/\/unaymilletras.com\/wp-content\/uploads\/2023\/09\/3087824b-9792-2d3a-88fe-52d7b8908792-e1695292650228.png 600w\" sizes=\"(max-width: 640px) 100vw, 640px\" \/>\t\t\t\t\t\t\t\t\t\t\t\t\t\t\t<\/div>\n\t\t\t\t<\/div>\n\t\t\t\t\t<\/div>\n\t\t<\/div>\n\t\t\t\t\t<\/div>\n\t\t<\/section>\n\t\t\t\t<section class=\"elementor-section elementor-top-section elementor-element elementor-element-b8022e5 elementor-section-boxed elementor-section-height-default elementor-section-height-default\" data-id=\"b8022e5\" data-element_type=\"section\" data-e-type=\"section\">\n\t\t\t\t\t\t<div class=\"elementor-container elementor-column-gap-default\">\n\t\t\t\t\t<div class=\"elementor-column elementor-col-100 elementor-top-column elementor-element elementor-element-3d5e5f4\" data-id=\"3d5e5f4\" data-element_type=\"column\" data-e-type=\"column\">\n\t\t\t<div class=\"elementor-widget-wrap elementor-element-populated\">\n\t\t\t\t\t\t<div class=\"elementor-element elementor-element-467ff8a elementor-widget elementor-widget-text-editor\" data-id=\"467ff8a\" data-element_type=\"widget\" data-e-type=\"widget\" data-widget_type=\"text-editor.default\">\n\t\t\t\t<div class=\"elementor-widget-container\">\n\t\t\t\t\t\t\t\t\t<p>El Camp Nou y el Estadio Metropolitano ya han sido testigos de esta competici\u00f3n acogiendo a miles de espectadores. Asimismo, han presenciado actuaciones musicales que han hecho vibrar los estadios. Ahora, es el turno de La Rosaleda, M\u00e1laga.<\/p>\t\t\t\t\t\t\t\t<\/div>\n\t\t\t\t<\/div>\n\t\t\t\t\t<\/div>\n\t\t<\/div>\n\t\t\t\t\t<\/div>\n\t\t<\/section>\n\t\t\t\t<\/div>","protected":false},"excerpt":{"rendered":"<p>La Rosaleda acoger\u00e1 el evento y Joaqu\u00edn se vestir\u00e1 de corto para formar parte de \u00e9l Durante el After Kings se anunci\u00f3 que Joaqu\u00edn, el exmalaguista, participar\u00e1 en la Kings &amp; Queens Cup Finals. El pr\u00f3ximo 14 de octubre se celebrar\u00e1 la final en La Rosaleda. La que ha sido su casa durante muchos a\u00f1os [&hellip;]<\/p>\n","protected":false},"author":1,"featured_media":1220,"comment_status":"open","ping_status":"open","sticky":false,"template":"","format":"standard","meta":{"footnotes":""},"categories":[118,7],"tags":[],"class_list":["post-1218","post","type-post","status-publish","format-standard","has-post-thumbnail","hentry","category-deportes","category-streamers"],"yoast_head":"<!-- This site is optimized with the Yoast SEO plugin v27.4 - https:\/\/yoast.com\/product\/yoast-seo-wordpress\/ -->\n<title>Joaqu\u00edn vuelve a M\u00e1laga para jugar en la Kings &amp; Queens Cup Finals &#8902; Una y Mil Letras<\/title>\n<meta name=\"description\" content=\"La Rosaleda acoger\u00e1 el evento y Joaqu\u00edn se vestir\u00e1 de corto para formar parte de \u00e9l y competir en la final\" \/>\n<meta name=\"robots\" content=\"index, follow, max-snippet:-1, max-image-preview:large, max-video-preview:-1\" \/>\n<link rel=\"canonical\" href=\"https:\/\/unaymilletras.com\/en\/joaquin-vuelve-a-malaga-para-jugar-en-la-kings-queens-cup-finals\/\" \/>\n<meta property=\"og:locale\" content=\"en_GB\" \/>\n<meta property=\"og:type\" content=\"article\" \/>\n<meta property=\"og:title\" content=\"Joaqu\u00edn vuelve a M\u00e1laga para jugar en la Kings &amp; Queens Cup Finals &#8902; Una y Mil Letras\" \/>\n<meta property=\"og:description\" content=\"La Rosaleda acoger\u00e1 el evento y Joaqu\u00edn se vestir\u00e1 de corto para formar parte de \u00e9l y competir en la final\" \/>\n<meta property=\"og:url\" content=\"https:\/\/unaymilletras.com\/en\/joaquin-vuelve-a-malaga-para-jugar-en-la-kings-queens-cup-finals\/\" \/>\n<meta property=\"og:site_name\" content=\"Una y Mil Letras\" \/>\n<meta property=\"article:published_time\" content=\"2023-09-21T10:39:48+00:00\" \/>\n<meta property=\"article:modified_time\" content=\"2023-09-21T10:40:40+00:00\" \/>\n<meta property=\"og:image\" content=\"https:\/\/unaymilletras.com\/wp-content\/uploads\/2023\/09\/joaquin-e1695291542450.jpeg\" \/>\n\t<meta property=\"og:image:width\" content=\"600\" \/>\n\t<meta property=\"og:image:height\" content=\"750\" \/>\n\t<meta property=\"og:image:type\" content=\"image\/jpeg\" \/>\n<meta name=\"author\" content=\"Maria Gil Robledo\" \/>\n<meta name=\"twitter:card\" content=\"summary_large_image\" \/>\n<meta name=\"twitter:creator\" content=\"@UnaYMilLetras\" \/>\n<meta name=\"twitter:site\" content=\"@UnaYMilLetras\" \/>\n<meta name=\"twitter:label1\" content=\"Written by\" \/>\n\t<meta name=\"twitter:data1\" content=\"Maria Gil Robledo\" \/>\n\t<meta name=\"twitter:label2\" content=\"Estimated reading time\" \/>\n\t<meta name=\"twitter:data2\" content=\"2 minutes\" \/>\n<script type=\"application\/ld+json\" class=\"yoast-schema-graph\">{\"@context\":\"https:\\\/\\\/schema.org\",\"@graph\":[{\"@type\":\"Article\",\"@id\":\"https:\\\/\\\/unaymilletras.com\\\/joaquin-vuelve-a-malaga-para-jugar-en-la-kings-queens-cup-finals\\\/#article\",\"isPartOf\":{\"@id\":\"https:\\\/\\\/unaymilletras.com\\\/joaquin-vuelve-a-malaga-para-jugar-en-la-kings-queens-cup-finals\\\/\"},\"author\":{\"name\":\"Maria Gil Robledo\",\"@id\":\"http:\\\/\\\/unaymilletras.com\\\/#\\\/schema\\\/person\\\/d55ba681b8a4e463d8982dbe36a5dc94\"},\"headline\":\"Joaqu\u00edn vuelve a M\u00e1laga para jugar en la Kings &amp; Queens Cup Finals\",\"datePublished\":\"2023-09-21T10:39:48+00:00\",\"dateModified\":\"2023-09-21T10:40:40+00:00\",\"mainEntityOfPage\":{\"@id\":\"https:\\\/\\\/unaymilletras.com\\\/joaquin-vuelve-a-malaga-para-jugar-en-la-kings-queens-cup-finals\\\/\"},\"wordCount\":308,\"commentCount\":0,\"publisher\":{\"@id\":\"http:\\\/\\\/unaymilletras.com\\\/#organization\"},\"image\":{\"@id\":\"https:\\\/\\\/unaymilletras.com\\\/joaquin-vuelve-a-malaga-para-jugar-en-la-kings-queens-cup-finals\\\/#primaryimage\"},\"thumbnailUrl\":\"https:\\\/\\\/unaymilletras.com\\\/wp-content\\\/uploads\\\/2023\\\/09\\\/joaquin-e1695291542450.jpeg\",\"articleSection\":[\"Deportes\",\"Streamers\"],\"inLanguage\":\"en-GB\",\"potentialAction\":[{\"@type\":\"CommentAction\",\"name\":\"Comment\",\"target\":[\"https:\\\/\\\/unaymilletras.com\\\/joaquin-vuelve-a-malaga-para-jugar-en-la-kings-queens-cup-finals\\\/#respond\"]}]},{\"@type\":\"WebPage\",\"@id\":\"https:\\\/\\\/unaymilletras.com\\\/joaquin-vuelve-a-malaga-para-jugar-en-la-kings-queens-cup-finals\\\/\",\"url\":\"https:\\\/\\\/unaymilletras.com\\\/joaquin-vuelve-a-malaga-para-jugar-en-la-kings-queens-cup-finals\\\/\",\"name\":\"Joaqu\u00edn vuelve a M\u00e1laga para jugar en la Kings &amp; Queens Cup Finals &#8902; Una y Mil Letras\",\"isPartOf\":{\"@id\":\"http:\\\/\\\/unaymilletras.com\\\/#website\"},\"primaryImageOfPage\":{\"@id\":\"https:\\\/\\\/unaymilletras.com\\\/joaquin-vuelve-a-malaga-para-jugar-en-la-kings-queens-cup-finals\\\/#primaryimage\"},\"image\":{\"@id\":\"https:\\\/\\\/unaymilletras.com\\\/joaquin-vuelve-a-malaga-para-jugar-en-la-kings-queens-cup-finals\\\/#primaryimage\"},\"thumbnailUrl\":\"https:\\\/\\\/unaymilletras.com\\\/wp-content\\\/uploads\\\/2023\\\/09\\\/joaquin-e1695291542450.jpeg\",\"datePublished\":\"2023-09-21T10:39:48+00:00\",\"dateModified\":\"2023-09-21T10:40:40+00:00\",\"description\":\"La Rosaleda acoger\u00e1 el evento y Joaqu\u00edn se vestir\u00e1 de corto para formar parte de \u00e9l y competir en la final\",\"breadcrumb\":{\"@id\":\"https:\\\/\\\/unaymilletras.com\\\/joaquin-vuelve-a-malaga-para-jugar-en-la-kings-queens-cup-finals\\\/#breadcrumb\"},\"inLanguage\":\"en-GB\",\"potentialAction\":[{\"@type\":\"ReadAction\",\"target\":[\"https:\\\/\\\/unaymilletras.com\\\/joaquin-vuelve-a-malaga-para-jugar-en-la-kings-queens-cup-finals\\\/\"]}]},{\"@type\":\"ImageObject\",\"inLanguage\":\"en-GB\",\"@id\":\"https:\\\/\\\/unaymilletras.com\\\/joaquin-vuelve-a-malaga-para-jugar-en-la-kings-queens-cup-finals\\\/#primaryimage\",\"url\":\"https:\\\/\\\/unaymilletras.com\\\/wp-content\\\/uploads\\\/2023\\\/09\\\/joaquin-e1695291542450.jpeg\",\"contentUrl\":\"https:\\\/\\\/unaymilletras.com\\\/wp-content\\\/uploads\\\/2023\\\/09\\\/joaquin-e1695291542450.jpeg\",\"width\":600,\"height\":750,\"caption\":\"Joaqu\u00edn\"},{\"@type\":\"BreadcrumbList\",\"@id\":\"https:\\\/\\\/unaymilletras.com\\\/joaquin-vuelve-a-malaga-para-jugar-en-la-kings-queens-cup-finals\\\/#breadcrumb\",\"itemListElement\":[{\"@type\":\"ListItem\",\"position\":1,\"name\":\"Home\",\"item\":\"http:\\\/\\\/unaymilletras.com\\\/\"},{\"@type\":\"ListItem\",\"position\":2,\"name\":\"Joaqu\u00edn vuelve a M\u00e1laga para jugar en la Kings &amp; Queens Cup Finals\"}]},{\"@type\":\"WebSite\",\"@id\":\"http:\\\/\\\/unaymilletras.com\\\/#website\",\"url\":\"http:\\\/\\\/unaymilletras.com\\\/\",\"name\":\"Una y Mil Letras\",\"description\":\"\",\"publisher\":{\"@id\":\"http:\\\/\\\/unaymilletras.com\\\/#organization\"},\"potentialAction\":[{\"@type\":\"SearchAction\",\"target\":{\"@type\":\"EntryPoint\",\"urlTemplate\":\"http:\\\/\\\/unaymilletras.com\\\/?s={search_term_string}\"},\"query-input\":{\"@type\":\"PropertyValueSpecification\",\"valueRequired\":true,\"valueName\":\"search_term_string\"}}],\"inLanguage\":\"en-GB\"},{\"@type\":\"Organization\",\"@id\":\"http:\\\/\\\/unaymilletras.com\\\/#organization\",\"name\":\"Una y Mil Letras\",\"url\":\"http:\\\/\\\/unaymilletras.com\\\/\",\"logo\":{\"@type\":\"ImageObject\",\"inLanguage\":\"en-GB\",\"@id\":\"http:\\\/\\\/unaymilletras.com\\\/#\\\/schema\\\/logo\\\/image\\\/\",\"url\":\"https:\\\/\\\/unaymilletras.com\\\/wp-content\\\/uploads\\\/2024\\\/06\\\/cropped-Logo-removebg-preview.png\",\"contentUrl\":\"https:\\\/\\\/unaymilletras.com\\\/wp-content\\\/uploads\\\/2024\\\/06\\\/cropped-Logo-removebg-preview.png\",\"width\":512,\"height\":512,\"caption\":\"Una y Mil Letras\"},\"image\":{\"@id\":\"http:\\\/\\\/unaymilletras.com\\\/#\\\/schema\\\/logo\\\/image\\\/\"},\"sameAs\":[\"https:\\\/\\\/x.com\\\/UnaYMilLetras\",\"https:\\\/\\\/instagram.com\\\/UnaYMilLetras\"]},{\"@type\":\"Person\",\"@id\":\"http:\\\/\\\/unaymilletras.com\\\/#\\\/schema\\\/person\\\/d55ba681b8a4e463d8982dbe36a5dc94\",\"name\":\"Maria Gil Robledo\",\"image\":{\"@type\":\"ImageObject\",\"inLanguage\":\"en-GB\",\"@id\":\"https:\\\/\\\/secure.gravatar.com\\\/avatar\\\/4b8e5102e0015789407eb4870b12f0f2857952d83ca124058f92b764bd1840c3?s=96&d=mm&r=g\",\"url\":\"https:\\\/\\\/secure.gravatar.com\\\/avatar\\\/4b8e5102e0015789407eb4870b12f0f2857952d83ca124058f92b764bd1840c3?s=96&d=mm&r=g\",\"contentUrl\":\"https:\\\/\\\/secure.gravatar.com\\\/avatar\\\/4b8e5102e0015789407eb4870b12f0f2857952d83ca124058f92b764bd1840c3?s=96&d=mm&r=g\",\"caption\":\"Maria Gil Robledo\"},\"sameAs\":[\"http:\\\/\\\/unaymilletras.com\"],\"url\":\"https:\\\/\\\/unaymilletras.com\\\/en\\\/author\\\/mariiagiil02_\\\/\"}]}<\/script>\n<!-- \/ Yoast SEO plugin. -->","yoast_head_json":{"title":"Joaqu\u00edn vuelve a M\u00e1laga para jugar en la Kings &amp; Queens Cup Finals &#8902; Una y Mil Letras","description":"La Rosaleda acoger\u00e1 el evento y Joaqu\u00edn se vestir\u00e1 de corto para formar parte de \u00e9l y competir en la final","robots":{"index":"index","follow":"follow","max-snippet":"max-snippet:-1","max-image-preview":"max-image-preview:large","max-video-preview":"max-video-preview:-1"},"canonical":"https:\/\/unaymilletras.com\/en\/joaquin-vuelve-a-malaga-para-jugar-en-la-kings-queens-cup-finals\/","og_locale":"en_GB","og_type":"article","og_title":"Joaqu\u00edn vuelve a M\u00e1laga para jugar en la Kings &amp; Queens Cup Finals &#8902; Una y Mil Letras","og_description":"La Rosaleda acoger\u00e1 el evento y Joaqu\u00edn se vestir\u00e1 de corto para formar parte de \u00e9l y competir en la final","og_url":"https:\/\/unaymilletras.com\/en\/joaquin-vuelve-a-malaga-para-jugar-en-la-kings-queens-cup-finals\/","og_site_name":"Una y Mil Letras","article_published_time":"2023-09-21T10:39:48+00:00","article_modified_time":"2023-09-21T10:40:40+00:00","og_image":[{"width":600,"height":750,"url":"https:\/\/unaymilletras.com\/wp-content\/uploads\/2023\/09\/joaquin-e1695291542450.jpeg","type":"image\/jpeg"}],"author":"Maria Gil Robledo","twitter_card":"summary_large_image","twitter_creator":"@UnaYMilLetras","twitter_site":"@UnaYMilLetras","twitter_misc":{"Written by":"Maria Gil Robledo","Estimated reading time":"2 minutes"},"schema":{"@context":"https:\/\/schema.org","@graph":[{"@type":"Article","@id":"https:\/\/unaymilletras.com\/joaquin-vuelve-a-malaga-para-jugar-en-la-kings-queens-cup-finals\/#article","isPartOf":{"@id":"https:\/\/unaymilletras.com\/joaquin-vuelve-a-malaga-para-jugar-en-la-kings-queens-cup-finals\/"},"author":{"name":"Maria Gil Robledo","@id":"http:\/\/unaymilletras.com\/#\/schema\/person\/d55ba681b8a4e463d8982dbe36a5dc94"},"headline":"Joaqu\u00edn vuelve a M\u00e1laga para jugar en la Kings &amp; Queens Cup Finals","datePublished":"2023-09-21T10:39:48+00:00","dateModified":"2023-09-21T10:40:40+00:00","mainEntityOfPage":{"@id":"https:\/\/unaymilletras.com\/joaquin-vuelve-a-malaga-para-jugar-en-la-kings-queens-cup-finals\/"},"wordCount":308,"commentCount":0,"publisher":{"@id":"http:\/\/unaymilletras.com\/#organization"},"image":{"@id":"https:\/\/unaymilletras.com\/joaquin-vuelve-a-malaga-para-jugar-en-la-kings-queens-cup-finals\/#primaryimage"},"thumbnailUrl":"https:\/\/unaymilletras.com\/wp-content\/uploads\/2023\/09\/joaquin-e1695291542450.jpeg","articleSection":["Deportes","Streamers"],"inLanguage":"en-GB","potentialAction":[{"@type":"CommentAction","name":"Comment","target":["https:\/\/unaymilletras.com\/joaquin-vuelve-a-malaga-para-jugar-en-la-kings-queens-cup-finals\/#respond"]}]},{"@type":"WebPage","@id":"https:\/\/unaymilletras.com\/joaquin-vuelve-a-malaga-para-jugar-en-la-kings-queens-cup-finals\/","url":"https:\/\/unaymilletras.com\/joaquin-vuelve-a-malaga-para-jugar-en-la-kings-queens-cup-finals\/","name":"Joaqu\u00edn vuelve a M\u00e1laga para jugar en la Kings &amp; Queens Cup Finals &#8902; Una y Mil Letras","isPartOf":{"@id":"http:\/\/unaymilletras.com\/#website"},"primaryImageOfPage":{"@id":"https:\/\/unaymilletras.com\/joaquin-vuelve-a-malaga-para-jugar-en-la-kings-queens-cup-finals\/#primaryimage"},"image":{"@id":"https:\/\/unaymilletras.com\/joaquin-vuelve-a-malaga-para-jugar-en-la-kings-queens-cup-finals\/#primaryimage"},"thumbnailUrl":"https:\/\/unaymilletras.com\/wp-content\/uploads\/2023\/09\/joaquin-e1695291542450.jpeg","datePublished":"2023-09-21T10:39:48+00:00","dateModified":"2023-09-21T10:40:40+00:00","description":"La Rosaleda acoger\u00e1 el evento y Joaqu\u00edn se vestir\u00e1 de corto para formar parte de \u00e9l y competir en la final","breadcrumb":{"@id":"https:\/\/unaymilletras.com\/joaquin-vuelve-a-malaga-para-jugar-en-la-kings-queens-cup-finals\/#breadcrumb"},"inLanguage":"en-GB","potentialAction":[{"@type":"ReadAction","target":["https:\/\/unaymilletras.com\/joaquin-vuelve-a-malaga-para-jugar-en-la-kings-queens-cup-finals\/"]}]},{"@type":"ImageObject","inLanguage":"en-GB","@id":"https:\/\/unaymilletras.com\/joaquin-vuelve-a-malaga-para-jugar-en-la-kings-queens-cup-finals\/#primaryimage","url":"https:\/\/unaymilletras.com\/wp-content\/uploads\/2023\/09\/joaquin-e1695291542450.jpeg","contentUrl":"https:\/\/unaymilletras.com\/wp-content\/uploads\/2023\/09\/joaquin-e1695291542450.jpeg","width":600,"height":750,"caption":"Joaqu\u00edn"},{"@type":"BreadcrumbList","@id":"https:\/\/unaymilletras.com\/joaquin-vuelve-a-malaga-para-jugar-en-la-kings-queens-cup-finals\/#breadcrumb","itemListElement":[{"@type":"ListItem","position":1,"name":"Home","item":"http:\/\/unaymilletras.com\/"},{"@type":"ListItem","position":2,"name":"Joaqu\u00edn vuelve a M\u00e1laga para jugar en la Kings &amp; Queens Cup Finals"}]},{"@type":"WebSite","@id":"http:\/\/unaymilletras.com\/#website","url":"http:\/\/unaymilletras.com\/","name":"Una y Mil Letras","description":"","publisher":{"@id":"http:\/\/unaymilletras.com\/#organization"},"potentialAction":[{"@type":"SearchAction","target":{"@type":"EntryPoint","urlTemplate":"http:\/\/unaymilletras.com\/?s={search_term_string}"},"query-input":{"@type":"PropertyValueSpecification","valueRequired":true,"valueName":"search_term_string"}}],"inLanguage":"en-GB"},{"@type":"Organization","@id":"http:\/\/unaymilletras.com\/#organization","name":"Una y Mil Letras","url":"http:\/\/unaymilletras.com\/","logo":{"@type":"ImageObject","inLanguage":"en-GB","@id":"http:\/\/unaymilletras.com\/#\/schema\/logo\/image\/","url":"https:\/\/unaymilletras.com\/wp-content\/uploads\/2024\/06\/cropped-Logo-removebg-preview.png","contentUrl":"https:\/\/unaymilletras.com\/wp-content\/uploads\/2024\/06\/cropped-Logo-removebg-preview.png","width":512,"height":512,"caption":"Una y Mil Letras"},"image":{"@id":"http:\/\/unaymilletras.com\/#\/schema\/logo\/image\/"},"sameAs":["https:\/\/x.com\/UnaYMilLetras","https:\/\/instagram.com\/UnaYMilLetras"]},{"@type":"Person","@id":"http:\/\/unaymilletras.com\/#\/schema\/person\/d55ba681b8a4e463d8982dbe36a5dc94","name":"Maria Gil Robledo","image":{"@type":"ImageObject","inLanguage":"en-GB","@id":"https:\/\/secure.gravatar.com\/avatar\/4b8e5102e0015789407eb4870b12f0f2857952d83ca124058f92b764bd1840c3?s=96&d=mm&r=g","url":"https:\/\/secure.gravatar.com\/avatar\/4b8e5102e0015789407eb4870b12f0f2857952d83ca124058f92b764bd1840c3?s=96&d=mm&r=g","contentUrl":"https:\/\/secure.gravatar.com\/avatar\/4b8e5102e0015789407eb4870b12f0f2857952d83ca124058f92b764bd1840c3?s=96&d=mm&r=g","caption":"Maria Gil Robledo"},"sameAs":["http:\/\/unaymilletras.com"],"url":"https:\/\/unaymilletras.com\/en\/author\/mariiagiil02_\/"}]}},"_links":{"self":[{"href":"https:\/\/unaymilletras.com\/en\/wp-json\/wp\/v2\/posts\/1218","targetHints":{"allow":["GET"]}}],"collection":[{"href":"https:\/\/unaymilletras.com\/en\/wp-json\/wp\/v2\/posts"}],"about":[{"href":"https:\/\/unaymilletras.com\/en\/wp-json\/wp\/v2\/types\/post"}],"author":[{"embeddable":true,"href":"https:\/\/unaymilletras.com\/en\/wp-json\/wp\/v2\/users\/1"}],"replies":[{"embeddable":true,"href":"https:\/\/unaymilletras.com\/en\/wp-json\/wp\/v2\/comments?post=1218"}],"version-history":[{"count":5,"href":"https:\/\/unaymilletras.com\/en\/wp-json\/wp\/v2\/posts\/1218\/revisions"}],"predecessor-version":[{"id":1225,"href":"https:\/\/unaymilletras.com\/en\/wp-json\/wp\/v2\/posts\/1218\/revisions\/1225"}],"wp:featuredmedia":[{"embeddable":true,"href":"https:\/\/unaymilletras.com\/en\/wp-json\/wp\/v2\/media\/1220"}],"wp:attachment":[{"href":"https:\/\/unaymilletras.com\/en\/wp-json\/wp\/v2\/media?parent=1218"}],"wp:term":[{"taxonomy":"category","embeddable":true,"href":"https:\/\/unaymilletras.com\/en\/wp-json\/wp\/v2\/categories?post=1218"},{"taxonomy":"post_tag","embeddable":true,"href":"https:\/\/unaymilletras.com\/en\/wp-json\/wp\/v2\/tags?post=1218"}],"curies":[{"name":"wp","href":"https:\/\/api.w.org\/{rel}","templated":true}]}}