{"id":1266,"date":"2023-10-02T17:16:53","date_gmt":"2023-10-02T15:16:53","guid":{"rendered":"http:\/\/unaymilletras.com\/?p=1266"},"modified":"2023-10-02T17:16:59","modified_gmt":"2023-10-02T15:16:59","slug":"seven-kayne-reune-a-sus-lobos-en-madrid","status":"publish","type":"post","link":"https:\/\/unaymilletras.com\/en\/seven-kayne-reune-a-sus-lobos-en-madrid\/","title":{"rendered":"Seven Kayne re\u00fane a sus lobos en Madrid"},"content":{"rendered":"<div data-elementor-type=\"wp-post\" data-elementor-id=\"1266\" class=\"elementor elementor-1266\">\n\t\t\t\t\t\t<section class=\"elementor-section elementor-top-section elementor-element elementor-element-2efa90b elementor-section-boxed elementor-section-height-default elementor-section-height-default\" data-id=\"2efa90b\" data-element_type=\"section\" data-e-type=\"section\">\n\t\t\t\t\t\t<div class=\"elementor-container elementor-column-gap-default\">\n\t\t\t\t\t<div class=\"elementor-column elementor-col-100 elementor-top-column elementor-element elementor-element-335639e\" data-id=\"335639e\" data-element_type=\"column\" data-e-type=\"column\">\n\t\t\t<div class=\"elementor-widget-wrap elementor-element-populated\">\n\t\t\t\t\t\t<div class=\"elementor-element elementor-element-aab1d58 elementor-widget elementor-widget-text-editor\" data-id=\"aab1d58\" data-element_type=\"widget\" data-e-type=\"widget\" data-widget_type=\"text-editor.default\">\n\t\t\t\t<div class=\"elementor-widget-container\">\n\t\t\t\t\t\t\t\t\t<h2><span style=\"color: #808080;\"><em>En la juntada, Seven Kayne ha asegurado que ya est\u00e1 preparando sus futuros shows por Espa\u00f1a<\/em><\/span><\/h2>\t\t\t\t\t\t\t\t<\/div>\n\t\t\t\t<\/div>\n\t\t\t\t\t<\/div>\n\t\t<\/div>\n\t\t\t\t\t<\/div>\n\t\t<\/section>\n\t\t\t\t<section class=\"elementor-section elementor-top-section elementor-element elementor-element-f0b93a8 elementor-section-boxed elementor-section-height-default elementor-section-height-default\" data-id=\"f0b93a8\" data-element_type=\"section\" data-e-type=\"section\">\n\t\t\t\t\t\t<div class=\"elementor-container elementor-column-gap-default\">\n\t\t\t\t\t<div class=\"elementor-column elementor-col-100 elementor-top-column elementor-element elementor-element-e4ae4ed\" data-id=\"e4ae4ed\" data-element_type=\"column\" data-e-type=\"column\">\n\t\t\t<div class=\"elementor-widget-wrap elementor-element-populated\">\n\t\t\t\t\t\t<div class=\"elementor-element elementor-element-0419afd elementor-widget elementor-widget-text-editor\" data-id=\"0419afd\" data-element_type=\"widget\" data-e-type=\"widget\" data-widget_type=\"text-editor.default\">\n\t\t\t\t<div class=\"elementor-widget-container\">\n\t\t\t\t\t\t\t\t\t<p>Tras a\u00f1os en la industria musical y con casi dos millones de oyentes mensuales, <strong>Seven Kayne<\/strong> llega a Espa\u00f1a. El artista lleva d\u00edas en el pa\u00eds, visitando distintas ciudades y aprovechando para ver a sus familiares. Adem\u00e1s, en alguna de ellas, como <strong>Barcelona<\/strong>, ha aprovechado tambi\u00e9n para entrar en el estudio y crear temas nuevos.<\/p>\t\t\t\t\t\t\t\t<\/div>\n\t\t\t\t<\/div>\n\t\t\t\t\t<\/div>\n\t\t<\/div>\n\t\t\t\t\t<\/div>\n\t\t<\/section>\n\t\t\t\t<section class=\"elementor-section elementor-top-section elementor-element elementor-element-c1e1621 elementor-section-boxed elementor-section-height-default elementor-section-height-default\" data-id=\"c1e1621\" data-element_type=\"section\" data-e-type=\"section\">\n\t\t\t\t\t\t<div class=\"elementor-container elementor-column-gap-default\">\n\t\t\t\t\t<div class=\"elementor-column elementor-col-50 elementor-top-column elementor-element elementor-element-a2f78f8\" data-id=\"a2f78f8\" data-element_type=\"column\" data-e-type=\"column\">\n\t\t\t<div class=\"elementor-widget-wrap elementor-element-populated\">\n\t\t\t\t\t\t<div class=\"elementor-element elementor-element-99f984e elementor-widget elementor-widget-image\" data-id=\"99f984e\" data-element_type=\"widget\" data-e-type=\"widget\" data-widget_type=\"image.default\">\n\t\t\t\t<div class=\"elementor-widget-container\">\n\t\t\t\t\t\t\t\t\t\t\t\t\t\t\t<img fetchpriority=\"high\" decoding=\"async\" width=\"576\" height=\"1024\" src=\"https:\/\/unaymilletras.com\/wp-content\/uploads\/2023\/10\/IMG_6866-576x1024.jpg\" class=\"attachment-large size-large wp-image-1270\" alt=\"\" srcset=\"https:\/\/unaymilletras.com\/wp-content\/uploads\/2023\/10\/IMG_6866-576x1024.jpg 576w, https:\/\/unaymilletras.com\/wp-content\/uploads\/2023\/10\/IMG_6866-169x300.jpg 169w, https:\/\/unaymilletras.com\/wp-content\/uploads\/2023\/10\/IMG_6866-768x1365.jpg 768w, https:\/\/unaymilletras.com\/wp-content\/uploads\/2023\/10\/IMG_6866-864x1536.jpg 864w, https:\/\/unaymilletras.com\/wp-content\/uploads\/2023\/10\/IMG_6866-1153x2048.jpg 1153w, https:\/\/unaymilletras.com\/wp-content\/uploads\/2023\/10\/IMG_6866-1024x1819.jpg 1024w, https:\/\/unaymilletras.com\/wp-content\/uploads\/2023\/10\/IMG_6866-scaled-e1696259505603.jpg 600w\" sizes=\"(max-width: 576px) 100vw, 576px\" \/>\t\t\t\t\t\t\t\t\t\t\t\t\t\t\t<\/div>\n\t\t\t\t<\/div>\n\t\t\t\t\t<\/div>\n\t\t<\/div>\n\t\t\t\t<div class=\"elementor-column elementor-col-50 elementor-top-column elementor-element elementor-element-bfe84a3\" data-id=\"bfe84a3\" data-element_type=\"column\" data-e-type=\"column\">\n\t\t\t<div class=\"elementor-widget-wrap elementor-element-populated\">\n\t\t\t\t\t\t<div class=\"elementor-element elementor-element-2aedb44 elementor-widget elementor-widget-image\" data-id=\"2aedb44\" data-element_type=\"widget\" data-e-type=\"widget\" data-widget_type=\"image.default\">\n\t\t\t\t<div class=\"elementor-widget-container\">\n\t\t\t\t\t\t\t\t\t\t\t\t\t\t\t<img decoding=\"async\" width=\"576\" height=\"1024\" src=\"https:\/\/unaymilletras.com\/wp-content\/uploads\/2023\/10\/IMG_6868-576x1024.jpg\" class=\"attachment-large size-large wp-image-1269\" alt=\"Seven Kayne\" srcset=\"https:\/\/unaymilletras.com\/wp-content\/uploads\/2023\/10\/IMG_6868-576x1024.jpg 576w, https:\/\/unaymilletras.com\/wp-content\/uploads\/2023\/10\/IMG_6868-169x300.jpg 169w, https:\/\/unaymilletras.com\/wp-content\/uploads\/2023\/10\/IMG_6868-768x1365.jpg 768w, https:\/\/unaymilletras.com\/wp-content\/uploads\/2023\/10\/IMG_6868-864x1536.jpg 864w, https:\/\/unaymilletras.com\/wp-content\/uploads\/2023\/10\/IMG_6868-1153x2048.jpg 1153w, https:\/\/unaymilletras.com\/wp-content\/uploads\/2023\/10\/IMG_6868-1024x1819.jpg 1024w, https:\/\/unaymilletras.com\/wp-content\/uploads\/2023\/10\/IMG_6868-scaled-e1696259476275.jpg 600w\" sizes=\"(max-width: 576px) 100vw, 576px\" \/>\t\t\t\t\t\t\t\t\t\t\t\t\t\t\t<\/div>\n\t\t\t\t<\/div>\n\t\t\t\t\t<\/div>\n\t\t<\/div>\n\t\t\t\t\t<\/div>\n\t\t<\/section>\n\t\t\t\t<section class=\"elementor-section elementor-top-section elementor-element elementor-element-f871799 elementor-section-boxed elementor-section-height-default elementor-section-height-default\" data-id=\"f871799\" data-element_type=\"section\" data-e-type=\"section\">\n\t\t\t\t\t\t<div class=\"elementor-container elementor-column-gap-default\">\n\t\t\t\t\t<div class=\"elementor-column elementor-col-100 elementor-top-column elementor-element elementor-element-01cfb0e\" data-id=\"01cfb0e\" data-element_type=\"column\" data-e-type=\"column\">\n\t\t\t<div class=\"elementor-widget-wrap elementor-element-populated\">\n\t\t\t\t\t\t<div class=\"elementor-element elementor-element-8966f95 elementor-widget elementor-widget-text-editor\" data-id=\"8966f95\" data-element_type=\"widget\" data-e-type=\"widget\" data-widget_type=\"text-editor.default\">\n\t\t\t\t<div class=\"elementor-widget-container\">\n\t\t\t\t\t\t\t\t\t<p>Despu\u00e9s de visitar varias ciudades espa\u00f1olas, el artista anunci\u00f3 en sus redes sociales que estaba pensando en hacer una juntada en la capital. Esta noticia fue muy bien recibida por los lobos, como \u00e9l llama a sus fans, espa\u00f1oles. Pocos d\u00edas despu\u00e9s del c<span style=\"color: #808080;\">it\u00f3 en el <strong><a style=\"color: #808080;\" href=\"https:\/\/teamheretics.com\/es\/\">Heretics Hub<\/a><\/strong> d<\/span>el <strong>centro comercial Islazul<\/strong>, en Madrid.<\/p><p>A las 18:00 comenzaban a pasar el primero de la decena de fans que se acercaron a conoce<span style=\"color: #808080;\">r a <a style=\"color: #808080;\" href=\"http:\/\/unaymilletras.com\/en\/lautaro-lopez-la-promesa-argentina\/\">Seven Kayne<\/a>. El artista<\/span> habl\u00f3 con cada uno de ellos, interes\u00e1ndose por sus canciones favoritas, el tiempo que llevan sigui\u00e9ndole o del lugar del que ven\u00edan. Tras ello, guard\u00f3 sus peticiones para luego cantar las canciones m\u00e1s repetidas en un peque\u00f1o ac\u00fastico.<\/p>\t\t\t\t\t\t\t\t<\/div>\n\t\t\t\t<\/div>\n\t\t\t\t\t<\/div>\n\t\t<\/div>\n\t\t\t\t\t<\/div>\n\t\t<\/section>\n\t\t\t\t<section class=\"elementor-section elementor-top-section elementor-element elementor-element-b1c8068 elementor-section-boxed elementor-section-height-default elementor-section-height-default\" data-id=\"b1c8068\" data-element_type=\"section\" data-e-type=\"section\">\n\t\t\t\t\t\t<div class=\"elementor-container elementor-column-gap-default\">\n\t\t\t\t\t<div class=\"elementor-column elementor-col-100 elementor-top-column elementor-element elementor-element-ce343c4\" data-id=\"ce343c4\" data-element_type=\"column\" data-e-type=\"column\">\n\t\t\t<div class=\"elementor-widget-wrap elementor-element-populated\">\n\t\t\t\t\t\t<div class=\"elementor-element elementor-element-ae2db44 elementor-widget elementor-widget-text-editor\" data-id=\"ae2db44\" data-element_type=\"widget\" data-e-type=\"widget\" data-widget_type=\"text-editor.default\">\n\t\t\t\t<div class=\"elementor-widget-container\">\n\t\t\t\t\t\t\t\t\t<h4><span style=\"color: #ff6600;\">\u201cYa estamos cuadrando fechas, viendo detalles y preparando el show para traerlo a Espa\u00f1a. No s\u00e9 c\u00f3mo he dejado pasar tanto tiempo sin venir\u201d, Seven Kayne.<\/span><\/h4>\t\t\t\t\t\t\t\t<\/div>\n\t\t\t\t<\/div>\n\t\t\t\t\t<\/div>\n\t\t<\/div>\n\t\t\t\t\t<\/div>\n\t\t<\/section>\n\t\t\t\t<section class=\"elementor-section elementor-top-section elementor-element elementor-element-5d18729 elementor-section-boxed elementor-section-height-default elementor-section-height-default\" data-id=\"5d18729\" data-element_type=\"section\" data-e-type=\"section\">\n\t\t\t\t\t\t<div class=\"elementor-container elementor-column-gap-default\">\n\t\t\t\t\t<div class=\"elementor-column elementor-col-100 elementor-top-column elementor-element elementor-element-036c3c4\" data-id=\"036c3c4\" data-element_type=\"column\" data-e-type=\"column\">\n\t\t\t<div class=\"elementor-widget-wrap elementor-element-populated\">\n\t\t\t\t\t\t<div class=\"elementor-element elementor-element-106e2fc elementor-widget elementor-widget-text-editor\" data-id=\"106e2fc\" data-element_type=\"widget\" data-e-type=\"widget\" data-widget_type=\"text-editor.default\">\n\t\t\t\t<div class=\"elementor-widget-container\">\n\t\t\t\t\t\t\t\t\t<p>En su peque\u00f1o show dentro de la tienda, sus fans cantaron a coro junto al argentino todos sus temas. Entre ellos, interpret\u00f3 tanto canciones recientes, como <strong><em>bien x vos<\/em><\/strong> o algunas m\u00e1s antiguas, entre ellas <strong><em>Lento<\/em><\/strong> o <strong><em>Si te lastim\u00e9<\/em><\/strong>. Asimismo, hubo momentos graciosos, como cuando coment\u00f3 la diferencia de palabras entre un pa\u00eds y otro, o el momento en el que le pidieron que continuase cantando.<\/p><p>El cantante tambi\u00e9n habl\u00f3 sobre una futura visita a Espa\u00f1a. Durante el fan meeting, asegur\u00f3 en varias ocasiones que ya est\u00e1 viendo los detalles, buscando lugares y haciendo una planificaci\u00f3n para poder traer su show lo antes posible. \u201cNo s\u00e9 c\u00f3mo he dejado pasar tanto tiempo sin venir a Espa\u00f1a\u201d, asegura Seven Kayne al ver la acogida que estaba recibiendo. Tambi\u00e9n asegur\u00f3 que es un pa\u00eds que le encanta y en el que se ha sentido muy c\u00f3modo.<\/p>\t\t\t\t\t\t\t\t<\/div>\n\t\t\t\t<\/div>\n\t\t\t\t\t<\/div>\n\t\t<\/div>\n\t\t\t\t\t<\/div>\n\t\t<\/section>\n\t\t\t\t<\/div>","protected":false},"excerpt":{"rendered":"<p>En la juntada, Seven Kayne ha asegurado que ya est\u00e1 preparando sus futuros shows por Espa\u00f1a Tras a\u00f1os en la industria musical y con casi dos millones de oyentes mensuales, Seven Kayne llega a Espa\u00f1a. El artista lleva d\u00edas en el pa\u00eds, visitando distintas ciudades y aprovechando para ver a sus familiares. Adem\u00e1s, en alguna [&hellip;]<\/p>\n","protected":false},"author":1,"featured_media":1271,"comment_status":"open","ping_status":"open","sticky":false,"template":"","format":"standard","meta":{"footnotes":""},"categories":[4],"tags":[],"class_list":["post-1266","post","type-post","status-publish","format-standard","has-post-thumbnail","hentry","category-musica"],"yoast_head":"<!-- This site is optimized with the Yoast SEO plugin v27.4 - https:\/\/yoast.com\/product\/yoast-seo-wordpress\/ -->\n<title>Seven Kayne re\u00fane a sus lobos en Madrid &#8902; Una y Mil Letras<\/title>\n<meta name=\"robots\" content=\"index, follow, max-snippet:-1, max-image-preview:large, max-video-preview:-1\" \/>\n<link rel=\"canonical\" href=\"https:\/\/unaymilletras.com\/en\/seven-kayne-reune-a-sus-lobos-en-madrid\/\" \/>\n<meta property=\"og:locale\" content=\"en_GB\" \/>\n<meta property=\"og:type\" content=\"article\" \/>\n<meta property=\"og:title\" content=\"Seven Kayne re\u00fane a sus lobos en Madrid &#8902; Una y Mil Letras\" \/>\n<meta property=\"og:description\" content=\"En la juntada, Seven Kayne ha asegurado que ya est\u00e1 preparando sus futuros shows por Espa\u00f1a Tras a\u00f1os en la industria musical y con casi dos millones de oyentes mensuales, Seven Kayne llega a Espa\u00f1a. El artista lleva d\u00edas en el pa\u00eds, visitando distintas ciudades y aprovechando para ver a sus familiares. Adem\u00e1s, en alguna [&hellip;]\" \/>\n<meta property=\"og:url\" content=\"https:\/\/unaymilletras.com\/en\/seven-kayne-reune-a-sus-lobos-en-madrid\/\" \/>\n<meta property=\"og:site_name\" content=\"Una y Mil Letras\" \/>\n<meta property=\"article:published_time\" content=\"2023-10-02T15:16:53+00:00\" \/>\n<meta property=\"article:modified_time\" content=\"2023-10-02T15:16:59+00:00\" \/>\n<meta property=\"og:image\" content=\"https:\/\/unaymilletras.com\/wp-content\/uploads\/2023\/10\/SK.jpeg\" \/>\n\t<meta property=\"og:image:width\" content=\"900\" \/>\n\t<meta property=\"og:image:height\" content=\"900\" \/>\n\t<meta property=\"og:image:type\" content=\"image\/jpeg\" \/>\n<meta name=\"author\" content=\"Maria Gil Robledo\" \/>\n<meta name=\"twitter:card\" content=\"summary_large_image\" \/>\n<meta name=\"twitter:creator\" content=\"@UnaYMilLetras\" \/>\n<meta name=\"twitter:site\" content=\"@UnaYMilLetras\" \/>\n<meta name=\"twitter:label1\" content=\"Written by\" \/>\n\t<meta name=\"twitter:data1\" content=\"Maria Gil Robledo\" \/>\n\t<meta name=\"twitter:label2\" content=\"Estimated reading time\" \/>\n\t<meta name=\"twitter:data2\" content=\"3 minutes\" \/>\n<script type=\"application\/ld+json\" class=\"yoast-schema-graph\">{\"@context\":\"https:\\\/\\\/schema.org\",\"@graph\":[{\"@type\":\"Article\",\"@id\":\"https:\\\/\\\/unaymilletras.com\\\/seven-kayne-reune-a-sus-lobos-en-madrid\\\/#article\",\"isPartOf\":{\"@id\":\"https:\\\/\\\/unaymilletras.com\\\/seven-kayne-reune-a-sus-lobos-en-madrid\\\/\"},\"author\":{\"name\":\"Maria Gil Robledo\",\"@id\":\"http:\\\/\\\/unaymilletras.com\\\/#\\\/schema\\\/person\\\/d55ba681b8a4e463d8982dbe36a5dc94\"},\"headline\":\"Seven Kayne re\u00fane a sus lobos en Madrid\",\"datePublished\":\"2023-10-02T15:16:53+00:00\",\"dateModified\":\"2023-10-02T15:16:59+00:00\",\"mainEntityOfPage\":{\"@id\":\"https:\\\/\\\/unaymilletras.com\\\/seven-kayne-reune-a-sus-lobos-en-madrid\\\/\"},\"wordCount\":396,\"commentCount\":0,\"publisher\":{\"@id\":\"http:\\\/\\\/unaymilletras.com\\\/#organization\"},\"image\":{\"@id\":\"https:\\\/\\\/unaymilletras.com\\\/seven-kayne-reune-a-sus-lobos-en-madrid\\\/#primaryimage\"},\"thumbnailUrl\":\"https:\\\/\\\/unaymilletras.com\\\/wp-content\\\/uploads\\\/2023\\\/10\\\/SK.jpeg\",\"articleSection\":[\"M\u00fasica\"],\"inLanguage\":\"en-GB\",\"potentialAction\":[{\"@type\":\"CommentAction\",\"name\":\"Comment\",\"target\":[\"https:\\\/\\\/unaymilletras.com\\\/seven-kayne-reune-a-sus-lobos-en-madrid\\\/#respond\"]}]},{\"@type\":\"WebPage\",\"@id\":\"https:\\\/\\\/unaymilletras.com\\\/seven-kayne-reune-a-sus-lobos-en-madrid\\\/\",\"url\":\"https:\\\/\\\/unaymilletras.com\\\/seven-kayne-reune-a-sus-lobos-en-madrid\\\/\",\"name\":\"Seven Kayne re\u00fane a sus lobos en Madrid &#8902; Una y Mil Letras\",\"isPartOf\":{\"@id\":\"http:\\\/\\\/unaymilletras.com\\\/#website\"},\"primaryImageOfPage\":{\"@id\":\"https:\\\/\\\/unaymilletras.com\\\/seven-kayne-reune-a-sus-lobos-en-madrid\\\/#primaryimage\"},\"image\":{\"@id\":\"https:\\\/\\\/unaymilletras.com\\\/seven-kayne-reune-a-sus-lobos-en-madrid\\\/#primaryimage\"},\"thumbnailUrl\":\"https:\\\/\\\/unaymilletras.com\\\/wp-content\\\/uploads\\\/2023\\\/10\\\/SK.jpeg\",\"datePublished\":\"2023-10-02T15:16:53+00:00\",\"dateModified\":\"2023-10-02T15:16:59+00:00\",\"breadcrumb\":{\"@id\":\"https:\\\/\\\/unaymilletras.com\\\/seven-kayne-reune-a-sus-lobos-en-madrid\\\/#breadcrumb\"},\"inLanguage\":\"en-GB\",\"potentialAction\":[{\"@type\":\"ReadAction\",\"target\":[\"https:\\\/\\\/unaymilletras.com\\\/seven-kayne-reune-a-sus-lobos-en-madrid\\\/\"]}]},{\"@type\":\"ImageObject\",\"inLanguage\":\"en-GB\",\"@id\":\"https:\\\/\\\/unaymilletras.com\\\/seven-kayne-reune-a-sus-lobos-en-madrid\\\/#primaryimage\",\"url\":\"https:\\\/\\\/unaymilletras.com\\\/wp-content\\\/uploads\\\/2023\\\/10\\\/SK.jpeg\",\"contentUrl\":\"https:\\\/\\\/unaymilletras.com\\\/wp-content\\\/uploads\\\/2023\\\/10\\\/SK.jpeg\",\"width\":900,\"height\":900},{\"@type\":\"BreadcrumbList\",\"@id\":\"https:\\\/\\\/unaymilletras.com\\\/seven-kayne-reune-a-sus-lobos-en-madrid\\\/#breadcrumb\",\"itemListElement\":[{\"@type\":\"ListItem\",\"position\":1,\"name\":\"Home\",\"item\":\"http:\\\/\\\/unaymilletras.com\\\/\"},{\"@type\":\"ListItem\",\"position\":2,\"name\":\"Seven Kayne re\u00fane a sus lobos en Madrid\"}]},{\"@type\":\"WebSite\",\"@id\":\"http:\\\/\\\/unaymilletras.com\\\/#website\",\"url\":\"http:\\\/\\\/unaymilletras.com\\\/\",\"name\":\"Una y Mil Letras\",\"description\":\"\",\"publisher\":{\"@id\":\"http:\\\/\\\/unaymilletras.com\\\/#organization\"},\"potentialAction\":[{\"@type\":\"SearchAction\",\"target\":{\"@type\":\"EntryPoint\",\"urlTemplate\":\"http:\\\/\\\/unaymilletras.com\\\/?s={search_term_string}\"},\"query-input\":{\"@type\":\"PropertyValueSpecification\",\"valueRequired\":true,\"valueName\":\"search_term_string\"}}],\"inLanguage\":\"en-GB\"},{\"@type\":\"Organization\",\"@id\":\"http:\\\/\\\/unaymilletras.com\\\/#organization\",\"name\":\"Una y Mil Letras\",\"url\":\"http:\\\/\\\/unaymilletras.com\\\/\",\"logo\":{\"@type\":\"ImageObject\",\"inLanguage\":\"en-GB\",\"@id\":\"http:\\\/\\\/unaymilletras.com\\\/#\\\/schema\\\/logo\\\/image\\\/\",\"url\":\"https:\\\/\\\/unaymilletras.com\\\/wp-content\\\/uploads\\\/2024\\\/06\\\/cropped-Logo-removebg-preview.png\",\"contentUrl\":\"https:\\\/\\\/unaymilletras.com\\\/wp-content\\\/uploads\\\/2024\\\/06\\\/cropped-Logo-removebg-preview.png\",\"width\":512,\"height\":512,\"caption\":\"Una y Mil Letras\"},\"image\":{\"@id\":\"http:\\\/\\\/unaymilletras.com\\\/#\\\/schema\\\/logo\\\/image\\\/\"},\"sameAs\":[\"https:\\\/\\\/x.com\\\/UnaYMilLetras\",\"https:\\\/\\\/instagram.com\\\/UnaYMilLetras\"]},{\"@type\":\"Person\",\"@id\":\"http:\\\/\\\/unaymilletras.com\\\/#\\\/schema\\\/person\\\/d55ba681b8a4e463d8982dbe36a5dc94\",\"name\":\"Maria Gil Robledo\",\"image\":{\"@type\":\"ImageObject\",\"inLanguage\":\"en-GB\",\"@id\":\"https:\\\/\\\/secure.gravatar.com\\\/avatar\\\/4b8e5102e0015789407eb4870b12f0f2857952d83ca124058f92b764bd1840c3?s=96&d=mm&r=g\",\"url\":\"https:\\\/\\\/secure.gravatar.com\\\/avatar\\\/4b8e5102e0015789407eb4870b12f0f2857952d83ca124058f92b764bd1840c3?s=96&d=mm&r=g\",\"contentUrl\":\"https:\\\/\\\/secure.gravatar.com\\\/avatar\\\/4b8e5102e0015789407eb4870b12f0f2857952d83ca124058f92b764bd1840c3?s=96&d=mm&r=g\",\"caption\":\"Maria Gil Robledo\"},\"sameAs\":[\"http:\\\/\\\/unaymilletras.com\"],\"url\":\"https:\\\/\\\/unaymilletras.com\\\/en\\\/author\\\/mariiagiil02_\\\/\"}]}<\/script>\n<!-- \/ Yoast SEO plugin. -->","yoast_head_json":{"title":"Seven Kayne re\u00fane a sus lobos en Madrid &#8902; Una y Mil Letras","robots":{"index":"index","follow":"follow","max-snippet":"max-snippet:-1","max-image-preview":"max-image-preview:large","max-video-preview":"max-video-preview:-1"},"canonical":"https:\/\/unaymilletras.com\/en\/seven-kayne-reune-a-sus-lobos-en-madrid\/","og_locale":"en_GB","og_type":"article","og_title":"Seven Kayne re\u00fane a sus lobos en Madrid &#8902; Una y Mil Letras","og_description":"En la juntada, Seven Kayne ha asegurado que ya est\u00e1 preparando sus futuros shows por Espa\u00f1a Tras a\u00f1os en la industria musical y con casi dos millones de oyentes mensuales, Seven Kayne llega a Espa\u00f1a. El artista lleva d\u00edas en el pa\u00eds, visitando distintas ciudades y aprovechando para ver a sus familiares. Adem\u00e1s, en alguna [&hellip;]","og_url":"https:\/\/unaymilletras.com\/en\/seven-kayne-reune-a-sus-lobos-en-madrid\/","og_site_name":"Una y Mil Letras","article_published_time":"2023-10-02T15:16:53+00:00","article_modified_time":"2023-10-02T15:16:59+00:00","og_image":[{"width":900,"height":900,"url":"https:\/\/unaymilletras.com\/wp-content\/uploads\/2023\/10\/SK.jpeg","type":"image\/jpeg"}],"author":"Maria Gil Robledo","twitter_card":"summary_large_image","twitter_creator":"@UnaYMilLetras","twitter_site":"@UnaYMilLetras","twitter_misc":{"Written by":"Maria Gil Robledo","Estimated reading time":"3 minutes"},"schema":{"@context":"https:\/\/schema.org","@graph":[{"@type":"Article","@id":"https:\/\/unaymilletras.com\/seven-kayne-reune-a-sus-lobos-en-madrid\/#article","isPartOf":{"@id":"https:\/\/unaymilletras.com\/seven-kayne-reune-a-sus-lobos-en-madrid\/"},"author":{"name":"Maria Gil Robledo","@id":"http:\/\/unaymilletras.com\/#\/schema\/person\/d55ba681b8a4e463d8982dbe36a5dc94"},"headline":"Seven Kayne re\u00fane a sus lobos en Madrid","datePublished":"2023-10-02T15:16:53+00:00","dateModified":"2023-10-02T15:16:59+00:00","mainEntityOfPage":{"@id":"https:\/\/unaymilletras.com\/seven-kayne-reune-a-sus-lobos-en-madrid\/"},"wordCount":396,"commentCount":0,"publisher":{"@id":"http:\/\/unaymilletras.com\/#organization"},"image":{"@id":"https:\/\/unaymilletras.com\/seven-kayne-reune-a-sus-lobos-en-madrid\/#primaryimage"},"thumbnailUrl":"https:\/\/unaymilletras.com\/wp-content\/uploads\/2023\/10\/SK.jpeg","articleSection":["M\u00fasica"],"inLanguage":"en-GB","potentialAction":[{"@type":"CommentAction","name":"Comment","target":["https:\/\/unaymilletras.com\/seven-kayne-reune-a-sus-lobos-en-madrid\/#respond"]}]},{"@type":"WebPage","@id":"https:\/\/unaymilletras.com\/seven-kayne-reune-a-sus-lobos-en-madrid\/","url":"https:\/\/unaymilletras.com\/seven-kayne-reune-a-sus-lobos-en-madrid\/","name":"Seven Kayne re\u00fane a sus lobos en Madrid &#8902; Una y Mil Letras","isPartOf":{"@id":"http:\/\/unaymilletras.com\/#website"},"primaryImageOfPage":{"@id":"https:\/\/unaymilletras.com\/seven-kayne-reune-a-sus-lobos-en-madrid\/#primaryimage"},"image":{"@id":"https:\/\/unaymilletras.com\/seven-kayne-reune-a-sus-lobos-en-madrid\/#primaryimage"},"thumbnailUrl":"https:\/\/unaymilletras.com\/wp-content\/uploads\/2023\/10\/SK.jpeg","datePublished":"2023-10-02T15:16:53+00:00","dateModified":"2023-10-02T15:16:59+00:00","breadcrumb":{"@id":"https:\/\/unaymilletras.com\/seven-kayne-reune-a-sus-lobos-en-madrid\/#breadcrumb"},"inLanguage":"en-GB","potentialAction":[{"@type":"ReadAction","target":["https:\/\/unaymilletras.com\/seven-kayne-reune-a-sus-lobos-en-madrid\/"]}]},{"@type":"ImageObject","inLanguage":"en-GB","@id":"https:\/\/unaymilletras.com\/seven-kayne-reune-a-sus-lobos-en-madrid\/#primaryimage","url":"https:\/\/unaymilletras.com\/wp-content\/uploads\/2023\/10\/SK.jpeg","contentUrl":"https:\/\/unaymilletras.com\/wp-content\/uploads\/2023\/10\/SK.jpeg","width":900,"height":900},{"@type":"BreadcrumbList","@id":"https:\/\/unaymilletras.com\/seven-kayne-reune-a-sus-lobos-en-madrid\/#breadcrumb","itemListElement":[{"@type":"ListItem","position":1,"name":"Home","item":"http:\/\/unaymilletras.com\/"},{"@type":"ListItem","position":2,"name":"Seven Kayne re\u00fane a sus lobos en Madrid"}]},{"@type":"WebSite","@id":"http:\/\/unaymilletras.com\/#website","url":"http:\/\/unaymilletras.com\/","name":"Una y Mil Letras","description":"","publisher":{"@id":"http:\/\/unaymilletras.com\/#organization"},"potentialAction":[{"@type":"SearchAction","target":{"@type":"EntryPoint","urlTemplate":"http:\/\/unaymilletras.com\/?s={search_term_string}"},"query-input":{"@type":"PropertyValueSpecification","valueRequired":true,"valueName":"search_term_string"}}],"inLanguage":"en-GB"},{"@type":"Organization","@id":"http:\/\/unaymilletras.com\/#organization","name":"Una y Mil Letras","url":"http:\/\/unaymilletras.com\/","logo":{"@type":"ImageObject","inLanguage":"en-GB","@id":"http:\/\/unaymilletras.com\/#\/schema\/logo\/image\/","url":"https:\/\/unaymilletras.com\/wp-content\/uploads\/2024\/06\/cropped-Logo-removebg-preview.png","contentUrl":"https:\/\/unaymilletras.com\/wp-content\/uploads\/2024\/06\/cropped-Logo-removebg-preview.png","width":512,"height":512,"caption":"Una y Mil Letras"},"image":{"@id":"http:\/\/unaymilletras.com\/#\/schema\/logo\/image\/"},"sameAs":["https:\/\/x.com\/UnaYMilLetras","https:\/\/instagram.com\/UnaYMilLetras"]},{"@type":"Person","@id":"http:\/\/unaymilletras.com\/#\/schema\/person\/d55ba681b8a4e463d8982dbe36a5dc94","name":"Maria Gil Robledo","image":{"@type":"ImageObject","inLanguage":"en-GB","@id":"https:\/\/secure.gravatar.com\/avatar\/4b8e5102e0015789407eb4870b12f0f2857952d83ca124058f92b764bd1840c3?s=96&d=mm&r=g","url":"https:\/\/secure.gravatar.com\/avatar\/4b8e5102e0015789407eb4870b12f0f2857952d83ca124058f92b764bd1840c3?s=96&d=mm&r=g","contentUrl":"https:\/\/secure.gravatar.com\/avatar\/4b8e5102e0015789407eb4870b12f0f2857952d83ca124058f92b764bd1840c3?s=96&d=mm&r=g","caption":"Maria Gil Robledo"},"sameAs":["http:\/\/unaymilletras.com"],"url":"https:\/\/unaymilletras.com\/en\/author\/mariiagiil02_\/"}]}},"_links":{"self":[{"href":"https:\/\/unaymilletras.com\/en\/wp-json\/wp\/v2\/posts\/1266","targetHints":{"allow":["GET"]}}],"collection":[{"href":"https:\/\/unaymilletras.com\/en\/wp-json\/wp\/v2\/posts"}],"about":[{"href":"https:\/\/unaymilletras.com\/en\/wp-json\/wp\/v2\/types\/post"}],"author":[{"embeddable":true,"href":"https:\/\/unaymilletras.com\/en\/wp-json\/wp\/v2\/users\/1"}],"replies":[{"embeddable":true,"href":"https:\/\/unaymilletras.com\/en\/wp-json\/wp\/v2\/comments?post=1266"}],"version-history":[{"count":5,"href":"https:\/\/unaymilletras.com\/en\/wp-json\/wp\/v2\/posts\/1266\/revisions"}],"predecessor-version":[{"id":1274,"href":"https:\/\/unaymilletras.com\/en\/wp-json\/wp\/v2\/posts\/1266\/revisions\/1274"}],"wp:featuredmedia":[{"embeddable":true,"href":"https:\/\/unaymilletras.com\/en\/wp-json\/wp\/v2\/media\/1271"}],"wp:attachment":[{"href":"https:\/\/unaymilletras.com\/en\/wp-json\/wp\/v2\/media?parent=1266"}],"wp:term":[{"taxonomy":"category","embeddable":true,"href":"https:\/\/unaymilletras.com\/en\/wp-json\/wp\/v2\/categories?post=1266"},{"taxonomy":"post_tag","embeddable":true,"href":"https:\/\/unaymilletras.com\/en\/wp-json\/wp\/v2\/tags?post=1266"}],"curies":[{"name":"wp","href":"https:\/\/api.w.org\/{rel}","templated":true}]}}