{"id":1276,"date":"2023-10-02T20:29:36","date_gmt":"2023-10-02T18:29:36","guid":{"rendered":"http:\/\/unaymilletras.com\/?p=1276"},"modified":"2023-10-02T20:35:42","modified_gmt":"2023-10-02T18:35:42","slug":"sebastian-yatra-actuara-en-christmas-by-starlite","status":"publish","type":"post","link":"https:\/\/unaymilletras.com\/en\/sebastian-yatra-actuara-en-christmas-by-starlite\/","title":{"rendered":"Sebasti\u00e1n Yatra actuar\u00e1 en Christmas by Starlite"},"content":{"rendered":"<div data-elementor-type=\"wp-post\" data-elementor-id=\"1276\" class=\"elementor elementor-1276\">\n\t\t\t\t\t\t<section class=\"elementor-section elementor-top-section elementor-element elementor-element-a26f9a2 elementor-section-boxed elementor-section-height-default elementor-section-height-default\" data-id=\"a26f9a2\" data-element_type=\"section\" data-e-type=\"section\">\n\t\t\t\t\t\t<div class=\"elementor-container elementor-column-gap-default\">\n\t\t\t\t\t<div class=\"elementor-column elementor-col-100 elementor-top-column elementor-element elementor-element-51d3e58\" data-id=\"51d3e58\" data-element_type=\"column\" data-e-type=\"column\">\n\t\t\t<div class=\"elementor-widget-wrap elementor-element-populated\">\n\t\t\t\t\t\t<div class=\"elementor-element elementor-element-edbddb4 elementor-widget elementor-widget-text-editor\" data-id=\"edbddb4\" data-element_type=\"widget\" data-e-type=\"widget\" data-widget_type=\"text-editor.default\">\n\t\t\t\t<div class=\"elementor-widget-container\">\n\t\t\t\t\t\t\t\t\t<h2><em><span style=\"color: #808080;\">El 20 de diciembre Sebasti\u00e1n Yatra dar\u00e1 su \u00fanico concierto navide\u00f1o en Espa\u00f1a<\/span> <\/em><\/h2>\t\t\t\t\t\t\t\t<\/div>\n\t\t\t\t<\/div>\n\t\t\t\t\t<\/div>\n\t\t<\/div>\n\t\t\t\t\t<\/div>\n\t\t<\/section>\n\t\t\t\t<section class=\"elementor-section elementor-top-section elementor-element elementor-element-0c074c3 elementor-section-boxed elementor-section-height-default elementor-section-height-default\" data-id=\"0c074c3\" data-element_type=\"section\" data-e-type=\"section\">\n\t\t\t\t\t\t<div class=\"elementor-container elementor-column-gap-default\">\n\t\t\t\t\t<div class=\"elementor-column elementor-col-100 elementor-top-column elementor-element elementor-element-4c9c2b9\" data-id=\"4c9c2b9\" data-element_type=\"column\" data-e-type=\"column\">\n\t\t\t<div class=\"elementor-widget-wrap elementor-element-populated\">\n\t\t\t\t\t\t<div class=\"elementor-element elementor-element-8d2277a elementor-widget elementor-widget-text-editor\" data-id=\"8d2277a\" data-element_type=\"widget\" data-e-type=\"widget\" data-widget_type=\"text-editor.default\">\n\t\t\t\t<div class=\"elementor-widget-container\">\n\t\t\t\t\t\t\t\t\t<p>El pr\u00f3ximo mes de diciembre tendr\u00e1 lugar <span style=\"color: #808080;\"><b><a style=\"color: #808080;\" href=\"http:\/\/unaymilletras.com\/en\/christmas-by-starlite-un-festival-musical-madrid\/\">Christmas by Starlite<\/a><\/b><\/span>, en <b>IFEMA<\/b>, <b>Madrid<\/b>. El colombiano <b>Sebasti\u00e1n Yatra<\/b> ha sido uno de los confirmados para el evento, siguiendo a <b>Rod Stewart<\/b>, <b>STING<\/b> y <b>Ricky Martin<\/b>. Su concierto tendr\u00e1 lugar el d\u00eda <b>20 de diciembre<\/b> en el <b>Pabell\u00f3n 12 del recinto<\/b>.<\/p>\t\t\t\t\t\t\t\t<\/div>\n\t\t\t\t<\/div>\n\t\t\t\t\t<\/div>\n\t\t<\/div>\n\t\t\t\t\t<\/div>\n\t\t<\/section>\n\t\t\t\t<section class=\"elementor-section elementor-top-section elementor-element elementor-element-656b30f elementor-section-boxed elementor-section-height-default elementor-section-height-default\" data-id=\"656b30f\" data-element_type=\"section\" data-e-type=\"section\">\n\t\t\t\t\t\t<div class=\"elementor-container elementor-column-gap-default\">\n\t\t\t\t\t<div class=\"elementor-column elementor-col-100 elementor-top-column elementor-element elementor-element-f9f5872\" data-id=\"f9f5872\" data-element_type=\"column\" data-e-type=\"column\">\n\t\t\t<div class=\"elementor-widget-wrap elementor-element-populated\">\n\t\t\t\t\t\t<div class=\"elementor-element elementor-element-4a5ca74 elementor-widget elementor-widget-image\" data-id=\"4a5ca74\" data-element_type=\"widget\" data-e-type=\"widget\" data-widget_type=\"image.default\">\n\t\t\t\t<div class=\"elementor-widget-container\">\n\t\t\t\t\t\t\t\t\t\t\t\t\t\t\t<img fetchpriority=\"high\" decoding=\"async\" width=\"640\" height=\"427\" src=\"https:\/\/unaymilletras.com\/wp-content\/uploads\/2023\/10\/SEBASTIAN-YATRA-EN-STARLITE-OCCIDENT-05.07.23-7-1024x683.jpg\" class=\"attachment-large size-large wp-image-1279\" alt=\"Sebasti\u00e1n Yatra\" srcset=\"https:\/\/unaymilletras.com\/wp-content\/uploads\/2023\/10\/SEBASTIAN-YATRA-EN-STARLITE-OCCIDENT-05.07.23-7-1024x683.jpg 1024w, https:\/\/unaymilletras.com\/wp-content\/uploads\/2023\/10\/SEBASTIAN-YATRA-EN-STARLITE-OCCIDENT-05.07.23-7-300x200.jpg 300w, https:\/\/unaymilletras.com\/wp-content\/uploads\/2023\/10\/SEBASTIAN-YATRA-EN-STARLITE-OCCIDENT-05.07.23-7-768x512.jpg 768w, https:\/\/unaymilletras.com\/wp-content\/uploads\/2023\/10\/SEBASTIAN-YATRA-EN-STARLITE-OCCIDENT-05.07.23-7-1536x1024.jpg 1536w, https:\/\/unaymilletras.com\/wp-content\/uploads\/2023\/10\/SEBASTIAN-YATRA-EN-STARLITE-OCCIDENT-05.07.23-7-2048x1365.jpg 2048w, https:\/\/unaymilletras.com\/wp-content\/uploads\/2023\/10\/SEBASTIAN-YATRA-EN-STARLITE-OCCIDENT-05.07.23-7-scaled-e1696271409333.jpg 600w\" sizes=\"(max-width: 640px) 100vw, 640px\" \/>\t\t\t\t\t\t\t\t\t\t\t\t\t\t\t<\/div>\n\t\t\t\t<\/div>\n\t\t\t\t\t<\/div>\n\t\t<\/div>\n\t\t\t\t\t<\/div>\n\t\t<\/section>\n\t\t\t\t<section class=\"elementor-section elementor-top-section elementor-element elementor-element-b4899b3 elementor-section-boxed elementor-section-height-default elementor-section-height-default\" data-id=\"b4899b3\" data-element_type=\"section\" data-e-type=\"section\">\n\t\t\t\t\t\t<div class=\"elementor-container elementor-column-gap-default\">\n\t\t\t\t\t<div class=\"elementor-column elementor-col-100 elementor-top-column elementor-element elementor-element-3fafd21\" data-id=\"3fafd21\" data-element_type=\"column\" data-e-type=\"column\">\n\t\t\t<div class=\"elementor-widget-wrap elementor-element-populated\">\n\t\t\t\t\t\t<div class=\"elementor-element elementor-element-584ce22 elementor-widget elementor-widget-text-editor\" data-id=\"584ce22\" data-element_type=\"widget\" data-e-type=\"widget\" data-widget_type=\"text-editor.default\">\n\t\t\t\t<div class=\"elementor-widget-container\">\n\t\t\t\t\t\t\t\t\t<p>El artista es uno de los principales participantes en Starlite y ahora se suma al nuevo evento de la compa\u00f1\u00eda en Madrid. En esta entrega, Sebasti\u00e1n Yatra interpretar\u00e1 algunas de sus canciones nuevas como <em><b>Energ\u00eda bacana<\/b><\/em>, <em><b>Una noche sin pensar<\/b><\/em> o <em><b>Vagabundo<\/b><\/em>. Pero los asistentes tambi\u00e9n podr\u00e1n disfrutar de \u00e9xitos cl\u00e1sicos como <em><b>Traicionera<\/b><\/em> o <em><b>Pareja del A\u00f1o<\/b><\/em> entre otras muchas.<\/p>\n<p>Un show \u00fanico y din\u00e1mico en el que Sebasti\u00e1n Yatra canta y lo da todo sobre el escenario. La energ\u00eda que desprende la transmite al p\u00fablico, ofreci\u00e9ndoles una experiencia que todos quieren repetir.<\/p>\t\t\t\t\t\t\t\t<\/div>\n\t\t\t\t<\/div>\n\t\t\t\t\t<\/div>\n\t\t<\/div>\n\t\t\t\t\t<\/div>\n\t\t<\/section>\n\t\t\t\t<section class=\"elementor-section elementor-top-section elementor-element elementor-element-5e22b0d elementor-section-boxed elementor-section-height-default elementor-section-height-default\" data-id=\"5e22b0d\" data-element_type=\"section\" data-e-type=\"section\">\n\t\t\t\t\t\t<div class=\"elementor-container elementor-column-gap-default\">\n\t\t\t\t\t<div class=\"elementor-column elementor-col-50 elementor-top-column elementor-element elementor-element-9f639ab\" data-id=\"9f639ab\" data-element_type=\"column\" data-e-type=\"column\">\n\t\t\t<div class=\"elementor-widget-wrap elementor-element-populated\">\n\t\t\t\t\t\t<div class=\"elementor-element elementor-element-c9fcc93 elementor-widget elementor-widget-image\" data-id=\"c9fcc93\" data-element_type=\"widget\" data-e-type=\"widget\" data-widget_type=\"image.default\">\n\t\t\t\t<div class=\"elementor-widget-container\">\n\t\t\t\t\t\t\t\t\t\t\t\t\t\t\t<img decoding=\"async\" width=\"640\" height=\"800\" src=\"https:\/\/unaymilletras.com\/wp-content\/uploads\/2023\/10\/SEBASTIAN-YATRA-EN-STARLITE-OCCIDENT-05.07.23-6-2-819x1024.jpg\" class=\"attachment-large size-large wp-image-1282\" alt=\"\" srcset=\"https:\/\/unaymilletras.com\/wp-content\/uploads\/2023\/10\/SEBASTIAN-YATRA-EN-STARLITE-OCCIDENT-05.07.23-6-2-819x1024.jpg 819w, https:\/\/unaymilletras.com\/wp-content\/uploads\/2023\/10\/SEBASTIAN-YATRA-EN-STARLITE-OCCIDENT-05.07.23-6-2-240x300.jpg 240w, https:\/\/unaymilletras.com\/wp-content\/uploads\/2023\/10\/SEBASTIAN-YATRA-EN-STARLITE-OCCIDENT-05.07.23-6-2-768x960.jpg 768w, https:\/\/unaymilletras.com\/wp-content\/uploads\/2023\/10\/SEBASTIAN-YATRA-EN-STARLITE-OCCIDENT-05.07.23-6-2-1229x1536.jpg 1229w, https:\/\/unaymilletras.com\/wp-content\/uploads\/2023\/10\/SEBASTIAN-YATRA-EN-STARLITE-OCCIDENT-05.07.23-6-2-1638x2048.jpg 1638w, https:\/\/unaymilletras.com\/wp-content\/uploads\/2023\/10\/SEBASTIAN-YATRA-EN-STARLITE-OCCIDENT-05.07.23-6-2-1024x1280.jpg 1024w, https:\/\/unaymilletras.com\/wp-content\/uploads\/2023\/10\/SEBASTIAN-YATRA-EN-STARLITE-OCCIDENT-05.07.23-6-2-scaled-e1696271474558.jpg 600w\" sizes=\"(max-width: 640px) 100vw, 640px\" \/>\t\t\t\t\t\t\t\t\t\t\t\t\t\t\t<\/div>\n\t\t\t\t<\/div>\n\t\t\t\t\t<\/div>\n\t\t<\/div>\n\t\t\t\t<div class=\"elementor-column elementor-col-50 elementor-top-column elementor-element elementor-element-cc3c862\" data-id=\"cc3c862\" data-element_type=\"column\" data-e-type=\"column\">\n\t\t\t<div class=\"elementor-widget-wrap elementor-element-populated\">\n\t\t\t\t\t\t<div class=\"elementor-element elementor-element-70de1bb elementor-widget elementor-widget-image\" data-id=\"70de1bb\" data-element_type=\"widget\" data-e-type=\"widget\" data-widget_type=\"image.default\">\n\t\t\t\t<div class=\"elementor-widget-container\">\n\t\t\t\t\t\t\t\t\t\t\t\t\t\t\t<img decoding=\"async\" width=\"640\" height=\"960\" src=\"https:\/\/unaymilletras.com\/wp-content\/uploads\/2023\/10\/SEBASTIAN-YATRA-EN-STARLITE-OCCIDENT-05.07.23-4-683x1024.jpg\" class=\"attachment-large size-large wp-image-1283\" alt=\"\" srcset=\"https:\/\/unaymilletras.com\/wp-content\/uploads\/2023\/10\/SEBASTIAN-YATRA-EN-STARLITE-OCCIDENT-05.07.23-4-683x1024.jpg 683w, https:\/\/unaymilletras.com\/wp-content\/uploads\/2023\/10\/SEBASTIAN-YATRA-EN-STARLITE-OCCIDENT-05.07.23-4-200x300.jpg 200w, https:\/\/unaymilletras.com\/wp-content\/uploads\/2023\/10\/SEBASTIAN-YATRA-EN-STARLITE-OCCIDENT-05.07.23-4-768x1152.jpg 768w, https:\/\/unaymilletras.com\/wp-content\/uploads\/2023\/10\/SEBASTIAN-YATRA-EN-STARLITE-OCCIDENT-05.07.23-4-1024x1536.jpg 1024w, https:\/\/unaymilletras.com\/wp-content\/uploads\/2023\/10\/SEBASTIAN-YATRA-EN-STARLITE-OCCIDENT-05.07.23-4-1365x2048.jpg 1365w, https:\/\/unaymilletras.com\/wp-content\/uploads\/2023\/10\/SEBASTIAN-YATRA-EN-STARLITE-OCCIDENT-05.07.23-4-scaled.jpg 1707w\" sizes=\"(max-width: 640px) 100vw, 640px\" \/>\t\t\t\t\t\t\t\t\t\t\t\t\t\t\t<\/div>\n\t\t\t\t<\/div>\n\t\t\t\t\t<\/div>\n\t\t<\/div>\n\t\t\t\t\t<\/div>\n\t\t<\/section>\n\t\t\t\t<section class=\"elementor-section elementor-top-section elementor-element elementor-element-8a66c61 elementor-section-boxed elementor-section-height-default elementor-section-height-default\" data-id=\"8a66c61\" data-element_type=\"section\" data-e-type=\"section\">\n\t\t\t\t\t\t<div class=\"elementor-container elementor-column-gap-default\">\n\t\t\t\t\t<div class=\"elementor-column elementor-col-100 elementor-top-column elementor-element elementor-element-428ed5c\" data-id=\"428ed5c\" data-element_type=\"column\" data-e-type=\"column\">\n\t\t\t<div class=\"elementor-widget-wrap elementor-element-populated\">\n\t\t\t\t\t\t<div class=\"elementor-element elementor-element-e5c8839 elementor-widget elementor-widget-text-editor\" data-id=\"e5c8839\" data-element_type=\"widget\" data-e-type=\"widget\" data-widget_type=\"text-editor.default\">\n\t\t\t\t<div class=\"elementor-widget-container\">\n\t\t\t\t\t\t\t\t\t<p>Siete d\u00edas llenar\u00e1n de m\u00fasica el pabell\u00f3n 12 de IFEMA en la capital. Tecnolog\u00eda innovadora y conciertos \u00fanicos; ocio y gastronom\u00eda se unen en un mismo lugar. Adem\u00e1s de los shows, habr\u00e1 un escenario <b>Sessions<\/b>, donde se dar\u00e1n las mejores fiestas de la temporada. Aqu\u00ed, <b>Juan Mag\u00e1n<\/b> ha sido el primer confirmado y ser\u00e1 el protagonista de una de las noches m\u00e1s divertidas y m\u00e1gicas.<\/p><p>Las <span style=\"color: #808080;\"><a style=\"color: #808080;\" href=\"http:\/\/www.ChristmasbyStarlite.com\"><strong>entradas<\/strong><\/a><\/span> saldr\u00e1n a la venta ma\u00f1ana, 3 de octubre, a las 12h en la p\u00e1gina oficial del evento.<\/p>\t\t\t\t\t\t\t\t<\/div>\n\t\t\t\t<\/div>\n\t\t\t\t\t<\/div>\n\t\t<\/div>\n\t\t\t\t\t<\/div>\n\t\t<\/section>\n\t\t\t\t<\/div>","protected":false},"excerpt":{"rendered":"<p>El 20 de diciembre Sebasti\u00e1n Yatra dar\u00e1 su \u00fanico concierto navide\u00f1o en Espa\u00f1a El pr\u00f3ximo mes de diciembre tendr\u00e1 lugar Christmas by Starlite, en IFEMA, Madrid. El colombiano Sebasti\u00e1n Yatra ha sido uno de los confirmados para el evento, siguiendo a Rod Stewart, STING y Ricky Martin. Su concierto tendr\u00e1 lugar el d\u00eda 20 de [&hellip;]<\/p>\n","protected":false},"author":1,"featured_media":1281,"comment_status":"open","ping_status":"open","sticky":false,"template":"","format":"standard","meta":{"footnotes":""},"categories":[4],"tags":[],"class_list":["post-1276","post","type-post","status-publish","format-standard","has-post-thumbnail","hentry","category-musica"],"yoast_head":"<!-- This site is optimized with the Yoast SEO plugin v27.4 - https:\/\/yoast.com\/product\/yoast-seo-wordpress\/ -->\n<title>Sebasti\u00e1n Yatra actuar\u00e1 en Christmas by Starlite &#8902; Una y Mil Letras<\/title>\n<meta name=\"robots\" content=\"index, follow, max-snippet:-1, max-image-preview:large, max-video-preview:-1\" \/>\n<link rel=\"canonical\" href=\"https:\/\/unaymilletras.com\/en\/sebastian-yatra-actuara-en-christmas-by-starlite\/\" \/>\n<meta property=\"og:locale\" content=\"en_GB\" \/>\n<meta property=\"og:type\" content=\"article\" \/>\n<meta property=\"og:title\" content=\"Sebasti\u00e1n Yatra actuar\u00e1 en Christmas by Starlite &#8902; Una y Mil Letras\" \/>\n<meta property=\"og:description\" content=\"El 20 de diciembre Sebasti\u00e1n Yatra dar\u00e1 su \u00fanico concierto navide\u00f1o en Espa\u00f1a El pr\u00f3ximo mes de diciembre tendr\u00e1 lugar Christmas by Starlite, en IFEMA, Madrid. El colombiano Sebasti\u00e1n Yatra ha sido uno de los confirmados para el evento, siguiendo a Rod Stewart, STING y Ricky Martin. Su concierto tendr\u00e1 lugar el d\u00eda 20 de [&hellip;]\" \/>\n<meta property=\"og:url\" content=\"https:\/\/unaymilletras.com\/en\/sebastian-yatra-actuara-en-christmas-by-starlite\/\" \/>\n<meta property=\"og:site_name\" content=\"Una y Mil Letras\" \/>\n<meta property=\"article:published_time\" content=\"2023-10-02T18:29:36+00:00\" \/>\n<meta property=\"article:modified_time\" content=\"2023-10-02T18:35:42+00:00\" \/>\n<meta property=\"og:image\" content=\"https:\/\/unaymilletras.com\/wp-content\/uploads\/2023\/10\/Sebastian-Yatra_Chritsmas-by-Starlite-2023-3-scaled-e1696271733976.jpg\" \/>\n\t<meta property=\"og:image:width\" content=\"600\" \/>\n\t<meta property=\"og:image:height\" content=\"1067\" \/>\n\t<meta property=\"og:image:type\" content=\"image\/jpeg\" \/>\n<meta name=\"author\" content=\"Maria Gil Robledo\" \/>\n<meta name=\"twitter:card\" content=\"summary_large_image\" \/>\n<meta name=\"twitter:creator\" content=\"@UnaYMilLetras\" \/>\n<meta name=\"twitter:site\" content=\"@UnaYMilLetras\" \/>\n<meta name=\"twitter:label1\" content=\"Written by\" \/>\n\t<meta name=\"twitter:data1\" content=\"Maria Gil Robledo\" \/>\n\t<meta name=\"twitter:label2\" content=\"Estimated reading time\" \/>\n\t<meta name=\"twitter:data2\" content=\"2 minutes\" \/>\n<script type=\"application\/ld+json\" class=\"yoast-schema-graph\">{\"@context\":\"https:\\\/\\\/schema.org\",\"@graph\":[{\"@type\":\"Article\",\"@id\":\"https:\\\/\\\/unaymilletras.com\\\/sebastian-yatra-actuara-en-christmas-by-starlite\\\/#article\",\"isPartOf\":{\"@id\":\"https:\\\/\\\/unaymilletras.com\\\/sebastian-yatra-actuara-en-christmas-by-starlite\\\/\"},\"author\":{\"name\":\"Maria Gil Robledo\",\"@id\":\"http:\\\/\\\/unaymilletras.com\\\/#\\\/schema\\\/person\\\/d55ba681b8a4e463d8982dbe36a5dc94\"},\"headline\":\"Sebasti\u00e1n Yatra actuar\u00e1 en Christmas by Starlite\",\"datePublished\":\"2023-10-02T18:29:36+00:00\",\"dateModified\":\"2023-10-02T18:35:42+00:00\",\"mainEntityOfPage\":{\"@id\":\"https:\\\/\\\/unaymilletras.com\\\/sebastian-yatra-actuara-en-christmas-by-starlite\\\/\"},\"wordCount\":275,\"commentCount\":0,\"publisher\":{\"@id\":\"http:\\\/\\\/unaymilletras.com\\\/#organization\"},\"image\":{\"@id\":\"https:\\\/\\\/unaymilletras.com\\\/sebastian-yatra-actuara-en-christmas-by-starlite\\\/#primaryimage\"},\"thumbnailUrl\":\"https:\\\/\\\/unaymilletras.com\\\/wp-content\\\/uploads\\\/2023\\\/10\\\/Sebastian-Yatra_Chritsmas-by-Starlite-2023-3-scaled-e1696271733976.jpg\",\"articleSection\":[\"M\u00fasica\"],\"inLanguage\":\"en-GB\",\"potentialAction\":[{\"@type\":\"CommentAction\",\"name\":\"Comment\",\"target\":[\"https:\\\/\\\/unaymilletras.com\\\/sebastian-yatra-actuara-en-christmas-by-starlite\\\/#respond\"]}]},{\"@type\":\"WebPage\",\"@id\":\"https:\\\/\\\/unaymilletras.com\\\/sebastian-yatra-actuara-en-christmas-by-starlite\\\/\",\"url\":\"https:\\\/\\\/unaymilletras.com\\\/sebastian-yatra-actuara-en-christmas-by-starlite\\\/\",\"name\":\"Sebasti\u00e1n Yatra actuar\u00e1 en Christmas by Starlite &#8902; Una y Mil Letras\",\"isPartOf\":{\"@id\":\"http:\\\/\\\/unaymilletras.com\\\/#website\"},\"primaryImageOfPage\":{\"@id\":\"https:\\\/\\\/unaymilletras.com\\\/sebastian-yatra-actuara-en-christmas-by-starlite\\\/#primaryimage\"},\"image\":{\"@id\":\"https:\\\/\\\/unaymilletras.com\\\/sebastian-yatra-actuara-en-christmas-by-starlite\\\/#primaryimage\"},\"thumbnailUrl\":\"https:\\\/\\\/unaymilletras.com\\\/wp-content\\\/uploads\\\/2023\\\/10\\\/Sebastian-Yatra_Chritsmas-by-Starlite-2023-3-scaled-e1696271733976.jpg\",\"datePublished\":\"2023-10-02T18:29:36+00:00\",\"dateModified\":\"2023-10-02T18:35:42+00:00\",\"breadcrumb\":{\"@id\":\"https:\\\/\\\/unaymilletras.com\\\/sebastian-yatra-actuara-en-christmas-by-starlite\\\/#breadcrumb\"},\"inLanguage\":\"en-GB\",\"potentialAction\":[{\"@type\":\"ReadAction\",\"target\":[\"https:\\\/\\\/unaymilletras.com\\\/sebastian-yatra-actuara-en-christmas-by-starlite\\\/\"]}]},{\"@type\":\"ImageObject\",\"inLanguage\":\"en-GB\",\"@id\":\"https:\\\/\\\/unaymilletras.com\\\/sebastian-yatra-actuara-en-christmas-by-starlite\\\/#primaryimage\",\"url\":\"https:\\\/\\\/unaymilletras.com\\\/wp-content\\\/uploads\\\/2023\\\/10\\\/Sebastian-Yatra_Chritsmas-by-Starlite-2023-3-scaled-e1696271733976.jpg\",\"contentUrl\":\"https:\\\/\\\/unaymilletras.com\\\/wp-content\\\/uploads\\\/2023\\\/10\\\/Sebastian-Yatra_Chritsmas-by-Starlite-2023-3-scaled-e1696271733976.jpg\",\"width\":600,\"height\":1067},{\"@type\":\"BreadcrumbList\",\"@id\":\"https:\\\/\\\/unaymilletras.com\\\/sebastian-yatra-actuara-en-christmas-by-starlite\\\/#breadcrumb\",\"itemListElement\":[{\"@type\":\"ListItem\",\"position\":1,\"name\":\"Home\",\"item\":\"http:\\\/\\\/unaymilletras.com\\\/\"},{\"@type\":\"ListItem\",\"position\":2,\"name\":\"Sebasti\u00e1n Yatra actuar\u00e1 en Christmas by Starlite\"}]},{\"@type\":\"WebSite\",\"@id\":\"http:\\\/\\\/unaymilletras.com\\\/#website\",\"url\":\"http:\\\/\\\/unaymilletras.com\\\/\",\"name\":\"Una y Mil Letras\",\"description\":\"\",\"publisher\":{\"@id\":\"http:\\\/\\\/unaymilletras.com\\\/#organization\"},\"potentialAction\":[{\"@type\":\"SearchAction\",\"target\":{\"@type\":\"EntryPoint\",\"urlTemplate\":\"http:\\\/\\\/unaymilletras.com\\\/?s={search_term_string}\"},\"query-input\":{\"@type\":\"PropertyValueSpecification\",\"valueRequired\":true,\"valueName\":\"search_term_string\"}}],\"inLanguage\":\"en-GB\"},{\"@type\":\"Organization\",\"@id\":\"http:\\\/\\\/unaymilletras.com\\\/#organization\",\"name\":\"Una y Mil Letras\",\"url\":\"http:\\\/\\\/unaymilletras.com\\\/\",\"logo\":{\"@type\":\"ImageObject\",\"inLanguage\":\"en-GB\",\"@id\":\"http:\\\/\\\/unaymilletras.com\\\/#\\\/schema\\\/logo\\\/image\\\/\",\"url\":\"https:\\\/\\\/unaymilletras.com\\\/wp-content\\\/uploads\\\/2024\\\/06\\\/cropped-Logo-removebg-preview.png\",\"contentUrl\":\"https:\\\/\\\/unaymilletras.com\\\/wp-content\\\/uploads\\\/2024\\\/06\\\/cropped-Logo-removebg-preview.png\",\"width\":512,\"height\":512,\"caption\":\"Una y Mil Letras\"},\"image\":{\"@id\":\"http:\\\/\\\/unaymilletras.com\\\/#\\\/schema\\\/logo\\\/image\\\/\"},\"sameAs\":[\"https:\\\/\\\/x.com\\\/UnaYMilLetras\",\"https:\\\/\\\/instagram.com\\\/UnaYMilLetras\"]},{\"@type\":\"Person\",\"@id\":\"http:\\\/\\\/unaymilletras.com\\\/#\\\/schema\\\/person\\\/d55ba681b8a4e463d8982dbe36a5dc94\",\"name\":\"Maria Gil Robledo\",\"image\":{\"@type\":\"ImageObject\",\"inLanguage\":\"en-GB\",\"@id\":\"https:\\\/\\\/secure.gravatar.com\\\/avatar\\\/4b8e5102e0015789407eb4870b12f0f2857952d83ca124058f92b764bd1840c3?s=96&d=mm&r=g\",\"url\":\"https:\\\/\\\/secure.gravatar.com\\\/avatar\\\/4b8e5102e0015789407eb4870b12f0f2857952d83ca124058f92b764bd1840c3?s=96&d=mm&r=g\",\"contentUrl\":\"https:\\\/\\\/secure.gravatar.com\\\/avatar\\\/4b8e5102e0015789407eb4870b12f0f2857952d83ca124058f92b764bd1840c3?s=96&d=mm&r=g\",\"caption\":\"Maria Gil Robledo\"},\"sameAs\":[\"http:\\\/\\\/unaymilletras.com\"],\"url\":\"https:\\\/\\\/unaymilletras.com\\\/en\\\/author\\\/mariiagiil02_\\\/\"}]}<\/script>\n<!-- \/ Yoast SEO plugin. -->","yoast_head_json":{"title":"Sebasti\u00e1n Yatra actuar\u00e1 en Christmas by Starlite &#8902; Una y Mil Letras","robots":{"index":"index","follow":"follow","max-snippet":"max-snippet:-1","max-image-preview":"max-image-preview:large","max-video-preview":"max-video-preview:-1"},"canonical":"https:\/\/unaymilletras.com\/en\/sebastian-yatra-actuara-en-christmas-by-starlite\/","og_locale":"en_GB","og_type":"article","og_title":"Sebasti\u00e1n Yatra actuar\u00e1 en Christmas by Starlite &#8902; Una y Mil Letras","og_description":"El 20 de diciembre Sebasti\u00e1n Yatra dar\u00e1 su \u00fanico concierto navide\u00f1o en Espa\u00f1a El pr\u00f3ximo mes de diciembre tendr\u00e1 lugar Christmas by Starlite, en IFEMA, Madrid. El colombiano Sebasti\u00e1n Yatra ha sido uno de los confirmados para el evento, siguiendo a Rod Stewart, STING y Ricky Martin. Su concierto tendr\u00e1 lugar el d\u00eda 20 de [&hellip;]","og_url":"https:\/\/unaymilletras.com\/en\/sebastian-yatra-actuara-en-christmas-by-starlite\/","og_site_name":"Una y Mil Letras","article_published_time":"2023-10-02T18:29:36+00:00","article_modified_time":"2023-10-02T18:35:42+00:00","og_image":[{"width":600,"height":1067,"url":"https:\/\/unaymilletras.com\/wp-content\/uploads\/2023\/10\/Sebastian-Yatra_Chritsmas-by-Starlite-2023-3-scaled-e1696271733976.jpg","type":"image\/jpeg"}],"author":"Maria Gil Robledo","twitter_card":"summary_large_image","twitter_creator":"@UnaYMilLetras","twitter_site":"@UnaYMilLetras","twitter_misc":{"Written by":"Maria Gil Robledo","Estimated reading time":"2 minutes"},"schema":{"@context":"https:\/\/schema.org","@graph":[{"@type":"Article","@id":"https:\/\/unaymilletras.com\/sebastian-yatra-actuara-en-christmas-by-starlite\/#article","isPartOf":{"@id":"https:\/\/unaymilletras.com\/sebastian-yatra-actuara-en-christmas-by-starlite\/"},"author":{"name":"Maria Gil Robledo","@id":"http:\/\/unaymilletras.com\/#\/schema\/person\/d55ba681b8a4e463d8982dbe36a5dc94"},"headline":"Sebasti\u00e1n Yatra actuar\u00e1 en Christmas by Starlite","datePublished":"2023-10-02T18:29:36+00:00","dateModified":"2023-10-02T18:35:42+00:00","mainEntityOfPage":{"@id":"https:\/\/unaymilletras.com\/sebastian-yatra-actuara-en-christmas-by-starlite\/"},"wordCount":275,"commentCount":0,"publisher":{"@id":"http:\/\/unaymilletras.com\/#organization"},"image":{"@id":"https:\/\/unaymilletras.com\/sebastian-yatra-actuara-en-christmas-by-starlite\/#primaryimage"},"thumbnailUrl":"https:\/\/unaymilletras.com\/wp-content\/uploads\/2023\/10\/Sebastian-Yatra_Chritsmas-by-Starlite-2023-3-scaled-e1696271733976.jpg","articleSection":["M\u00fasica"],"inLanguage":"en-GB","potentialAction":[{"@type":"CommentAction","name":"Comment","target":["https:\/\/unaymilletras.com\/sebastian-yatra-actuara-en-christmas-by-starlite\/#respond"]}]},{"@type":"WebPage","@id":"https:\/\/unaymilletras.com\/sebastian-yatra-actuara-en-christmas-by-starlite\/","url":"https:\/\/unaymilletras.com\/sebastian-yatra-actuara-en-christmas-by-starlite\/","name":"Sebasti\u00e1n Yatra actuar\u00e1 en Christmas by Starlite &#8902; Una y Mil Letras","isPartOf":{"@id":"http:\/\/unaymilletras.com\/#website"},"primaryImageOfPage":{"@id":"https:\/\/unaymilletras.com\/sebastian-yatra-actuara-en-christmas-by-starlite\/#primaryimage"},"image":{"@id":"https:\/\/unaymilletras.com\/sebastian-yatra-actuara-en-christmas-by-starlite\/#primaryimage"},"thumbnailUrl":"https:\/\/unaymilletras.com\/wp-content\/uploads\/2023\/10\/Sebastian-Yatra_Chritsmas-by-Starlite-2023-3-scaled-e1696271733976.jpg","datePublished":"2023-10-02T18:29:36+00:00","dateModified":"2023-10-02T18:35:42+00:00","breadcrumb":{"@id":"https:\/\/unaymilletras.com\/sebastian-yatra-actuara-en-christmas-by-starlite\/#breadcrumb"},"inLanguage":"en-GB","potentialAction":[{"@type":"ReadAction","target":["https:\/\/unaymilletras.com\/sebastian-yatra-actuara-en-christmas-by-starlite\/"]}]},{"@type":"ImageObject","inLanguage":"en-GB","@id":"https:\/\/unaymilletras.com\/sebastian-yatra-actuara-en-christmas-by-starlite\/#primaryimage","url":"https:\/\/unaymilletras.com\/wp-content\/uploads\/2023\/10\/Sebastian-Yatra_Chritsmas-by-Starlite-2023-3-scaled-e1696271733976.jpg","contentUrl":"https:\/\/unaymilletras.com\/wp-content\/uploads\/2023\/10\/Sebastian-Yatra_Chritsmas-by-Starlite-2023-3-scaled-e1696271733976.jpg","width":600,"height":1067},{"@type":"BreadcrumbList","@id":"https:\/\/unaymilletras.com\/sebastian-yatra-actuara-en-christmas-by-starlite\/#breadcrumb","itemListElement":[{"@type":"ListItem","position":1,"name":"Home","item":"http:\/\/unaymilletras.com\/"},{"@type":"ListItem","position":2,"name":"Sebasti\u00e1n Yatra actuar\u00e1 en Christmas by Starlite"}]},{"@type":"WebSite","@id":"http:\/\/unaymilletras.com\/#website","url":"http:\/\/unaymilletras.com\/","name":"Una y Mil Letras","description":"","publisher":{"@id":"http:\/\/unaymilletras.com\/#organization"},"potentialAction":[{"@type":"SearchAction","target":{"@type":"EntryPoint","urlTemplate":"http:\/\/unaymilletras.com\/?s={search_term_string}"},"query-input":{"@type":"PropertyValueSpecification","valueRequired":true,"valueName":"search_term_string"}}],"inLanguage":"en-GB"},{"@type":"Organization","@id":"http:\/\/unaymilletras.com\/#organization","name":"Una y Mil Letras","url":"http:\/\/unaymilletras.com\/","logo":{"@type":"ImageObject","inLanguage":"en-GB","@id":"http:\/\/unaymilletras.com\/#\/schema\/logo\/image\/","url":"https:\/\/unaymilletras.com\/wp-content\/uploads\/2024\/06\/cropped-Logo-removebg-preview.png","contentUrl":"https:\/\/unaymilletras.com\/wp-content\/uploads\/2024\/06\/cropped-Logo-removebg-preview.png","width":512,"height":512,"caption":"Una y Mil Letras"},"image":{"@id":"http:\/\/unaymilletras.com\/#\/schema\/logo\/image\/"},"sameAs":["https:\/\/x.com\/UnaYMilLetras","https:\/\/instagram.com\/UnaYMilLetras"]},{"@type":"Person","@id":"http:\/\/unaymilletras.com\/#\/schema\/person\/d55ba681b8a4e463d8982dbe36a5dc94","name":"Maria Gil Robledo","image":{"@type":"ImageObject","inLanguage":"en-GB","@id":"https:\/\/secure.gravatar.com\/avatar\/4b8e5102e0015789407eb4870b12f0f2857952d83ca124058f92b764bd1840c3?s=96&d=mm&r=g","url":"https:\/\/secure.gravatar.com\/avatar\/4b8e5102e0015789407eb4870b12f0f2857952d83ca124058f92b764bd1840c3?s=96&d=mm&r=g","contentUrl":"https:\/\/secure.gravatar.com\/avatar\/4b8e5102e0015789407eb4870b12f0f2857952d83ca124058f92b764bd1840c3?s=96&d=mm&r=g","caption":"Maria Gil Robledo"},"sameAs":["http:\/\/unaymilletras.com"],"url":"https:\/\/unaymilletras.com\/en\/author\/mariiagiil02_\/"}]}},"_links":{"self":[{"href":"https:\/\/unaymilletras.com\/en\/wp-json\/wp\/v2\/posts\/1276","targetHints":{"allow":["GET"]}}],"collection":[{"href":"https:\/\/unaymilletras.com\/en\/wp-json\/wp\/v2\/posts"}],"about":[{"href":"https:\/\/unaymilletras.com\/en\/wp-json\/wp\/v2\/types\/post"}],"author":[{"embeddable":true,"href":"https:\/\/unaymilletras.com\/en\/wp-json\/wp\/v2\/users\/1"}],"replies":[{"embeddable":true,"href":"https:\/\/unaymilletras.com\/en\/wp-json\/wp\/v2\/comments?post=1276"}],"version-history":[{"count":5,"href":"https:\/\/unaymilletras.com\/en\/wp-json\/wp\/v2\/posts\/1276\/revisions"}],"predecessor-version":[{"id":1286,"href":"https:\/\/unaymilletras.com\/en\/wp-json\/wp\/v2\/posts\/1276\/revisions\/1286"}],"wp:featuredmedia":[{"embeddable":true,"href":"https:\/\/unaymilletras.com\/en\/wp-json\/wp\/v2\/media\/1281"}],"wp:attachment":[{"href":"https:\/\/unaymilletras.com\/en\/wp-json\/wp\/v2\/media?parent=1276"}],"wp:term":[{"taxonomy":"category","embeddable":true,"href":"https:\/\/unaymilletras.com\/en\/wp-json\/wp\/v2\/categories?post=1276"},{"taxonomy":"post_tag","embeddable":true,"href":"https:\/\/unaymilletras.com\/en\/wp-json\/wp\/v2\/tags?post=1276"}],"curies":[{"name":"wp","href":"https:\/\/api.w.org\/{rel}","templated":true}]}}