{"id":1301,"date":"2023-10-13T12:00:00","date_gmt":"2023-10-13T10:00:00","guid":{"rendered":"https:\/\/unaymilletras.com\/?p=1301"},"modified":"2023-10-13T13:00:20","modified_gmt":"2023-10-13T11:00:20","slug":"serrines-madera-de-actor-se-estrenara-el-proximo-ano","status":"publish","type":"post","link":"https:\/\/unaymilletras.com\/en\/serrines-madera-de-actor-se-estrenara-el-proximo-ano\/","title":{"rendered":"\u00abSerrines, madera de actor\u00bb se estrenar\u00e1 el pr\u00f3ximo a\u00f1o"},"content":{"rendered":"<div data-elementor-type=\"wp-post\" data-elementor-id=\"1301\" class=\"elementor elementor-1301\">\n\t\t\t\t\t\t<section class=\"elementor-section elementor-top-section elementor-element elementor-element-b0e113b elementor-section-boxed elementor-section-height-default elementor-section-height-default\" data-id=\"b0e113b\" data-element_type=\"section\" data-e-type=\"section\">\n\t\t\t\t\t\t<div class=\"elementor-container elementor-column-gap-default\">\n\t\t\t\t\t<div class=\"elementor-column elementor-col-100 elementor-top-column elementor-element elementor-element-f440d5b\" data-id=\"f440d5b\" data-element_type=\"column\" data-e-type=\"column\">\n\t\t\t<div class=\"elementor-widget-wrap elementor-element-populated\">\n\t\t\t\t\t\t<div class=\"elementor-element elementor-element-76463f1 elementor-widget elementor-widget-text-editor\" data-id=\"76463f1\" data-element_type=\"widget\" data-e-type=\"widget\" data-widget_type=\"text-editor.default\">\n\t\t\t\t<div class=\"elementor-widget-container\">\n\t\t\t\t\t\t\t\t\t<h2><span style=\"color: #808080;\"><em>La comedia protagonizada por Antonio Resines deslumbr\u00f3 en su presentaci\u00f3n en el South International Series Festival<\/em><\/span><\/h2>\t\t\t\t\t\t\t\t<\/div>\n\t\t\t\t<\/div>\n\t\t\t\t\t<\/div>\n\t\t<\/div>\n\t\t\t\t\t<\/div>\n\t\t<\/section>\n\t\t\t\t<section class=\"elementor-section elementor-top-section elementor-element elementor-element-1884a3c elementor-section-boxed elementor-section-height-default elementor-section-height-default\" data-id=\"1884a3c\" data-element_type=\"section\" data-e-type=\"section\">\n\t\t\t\t\t\t<div class=\"elementor-container elementor-column-gap-default\">\n\t\t\t\t\t<div class=\"elementor-column elementor-col-100 elementor-top-column elementor-element elementor-element-4f57808\" data-id=\"4f57808\" data-element_type=\"column\" data-e-type=\"column\">\n\t\t\t<div class=\"elementor-widget-wrap elementor-element-populated\">\n\t\t\t\t\t\t<div class=\"elementor-element elementor-element-97c4d78 elementor-widget elementor-widget-text-editor\" data-id=\"97c4d78\" data-element_type=\"widget\" data-e-type=\"widget\" data-widget_type=\"text-editor.default\">\n\t\t\t\t<div class=\"elementor-widget-container\">\n\t\t\t\t\t\t\t\t\t<p><span style=\"color: #808080;\"><b><a style=\"color: #808080;\" href=\"https:\/\/www.primevideo.com\/\">Prime Video<\/a><\/b> h<\/span>a anunciado que tiene previsto lanzar <strong><em>Serrines, Madera de Actor<\/em><\/strong> a principios de <b>2024<\/b>, coincidiendo con la presentaci\u00f3n de la serie en el<b> South International Series Festival<\/b>. Esta comedia gira en torno a la vida de Serrines, protagonizada por Antonio Resines, un veterano actor que obtuvo su fama por su papel en la popular serie <i>Los Tocino<\/i>. A pesar de haber cosechado \u00e9xito, fama y riqueza a trav\u00e9s de este papel, Serrines a\u00fan anhela obtener el reconocimiento de la cr\u00edtica y el respeto de la industria y sus compa\u00f1eros de profesi\u00f3n.<\/p>\t\t\t\t\t\t\t\t<\/div>\n\t\t\t\t<\/div>\n\t\t\t\t\t<\/div>\n\t\t<\/div>\n\t\t\t\t\t<\/div>\n\t\t<\/section>\n\t\t\t\t<section class=\"elementor-section elementor-top-section elementor-element elementor-element-751019a elementor-section-boxed elementor-section-height-default elementor-section-height-default\" data-id=\"751019a\" data-element_type=\"section\" data-e-type=\"section\">\n\t\t\t\t\t\t<div class=\"elementor-container elementor-column-gap-default\">\n\t\t\t\t\t<div class=\"elementor-column elementor-col-100 elementor-top-column elementor-element elementor-element-a96096a\" data-id=\"a96096a\" data-element_type=\"column\" data-e-type=\"column\">\n\t\t\t<div class=\"elementor-widget-wrap elementor-element-populated\">\n\t\t\t\t\t\t<div class=\"elementor-element elementor-element-5cb944f elementor-widget elementor-widget-image\" data-id=\"5cb944f\" data-element_type=\"widget\" data-e-type=\"widget\" data-widget_type=\"image.default\">\n\t\t\t\t<div class=\"elementor-widget-container\">\n\t\t\t\t\t\t\t\t\t\t\t\t\t\t\t<img fetchpriority=\"high\" decoding=\"async\" width=\"640\" height=\"423\" src=\"https:\/\/unaymilletras.com\/wp-content\/uploads\/2023\/10\/Serrines-2-1024x677.jpg\" class=\"attachment-large size-large wp-image-1304\" alt=\"Antonio Resines\" srcset=\"https:\/\/unaymilletras.com\/wp-content\/uploads\/2023\/10\/Serrines-2-1024x677.jpg 1024w, https:\/\/unaymilletras.com\/wp-content\/uploads\/2023\/10\/Serrines-2-300x198.jpg 300w, https:\/\/unaymilletras.com\/wp-content\/uploads\/2023\/10\/Serrines-2-768x508.jpg 768w, https:\/\/unaymilletras.com\/wp-content\/uploads\/2023\/10\/Serrines-2-1536x1016.jpg 1536w, https:\/\/unaymilletras.com\/wp-content\/uploads\/2023\/10\/Serrines-2-2048x1354.jpg 2048w, https:\/\/unaymilletras.com\/wp-content\/uploads\/2023\/10\/Serrines-2-scaled-e1697133591807.jpg 600w\" sizes=\"(max-width: 640px) 100vw, 640px\" \/>\t\t\t\t\t\t\t\t\t\t\t\t\t\t\t<\/div>\n\t\t\t\t<\/div>\n\t\t\t\t\t<\/div>\n\t\t<\/div>\n\t\t\t\t\t<\/div>\n\t\t<\/section>\n\t\t\t\t<section class=\"elementor-section elementor-top-section elementor-element elementor-element-8c10089 elementor-section-boxed elementor-section-height-default elementor-section-height-default\" data-id=\"8c10089\" data-element_type=\"section\" data-e-type=\"section\">\n\t\t\t\t\t\t<div class=\"elementor-container elementor-column-gap-default\">\n\t\t\t\t\t<div class=\"elementor-column elementor-col-100 elementor-top-column elementor-element elementor-element-fb8ff62\" data-id=\"fb8ff62\" data-element_type=\"column\" data-e-type=\"column\">\n\t\t\t<div class=\"elementor-widget-wrap elementor-element-populated\">\n\t\t\t\t\t\t<div class=\"elementor-element elementor-element-3e40999 elementor-widget elementor-widget-text-editor\" data-id=\"3e40999\" data-element_type=\"widget\" data-e-type=\"widget\" data-widget_type=\"text-editor.default\">\n\t\t\t\t<div class=\"elementor-widget-container\">\n\t\t\t\t\t\t\t\t\t<p>El elenco de la serie est\u00e1 compuesto por talentosos actores como <b>Jorge Sanz<\/b>, <b>Luc\u00eda de la Fuente<\/b>, <b>Marta Flich<\/b>, <b>Luis Bermejo<\/b>, <b>Tet\u00e9 Delgado<\/b>, <b>Jaime Pujol<\/b>, <b>Mar\u00eda Morales<\/b>, <b>Gin\u00e9s Garc\u00eda Mill\u00e1n<\/b>, <b>Carmen Ruiz<\/b>, <b>Canco Rodr\u00edguez<\/b>, <b>Jes\u00fas Castej\u00f3n<\/b>, <b>Mar Abascal<\/b> y <b>Ana<\/b> <b>Morgade<\/b>. <i>Serrines, Madera de Actor<\/i>&nbsp;es una creaci\u00f3n original de <b>\u00c1ngel Ca\u00f1as<\/b> y <b>David Cavanilles<\/b>, dirigida por <b>Jaime Botella<\/b>, y el guion est\u00e1 a cargo de <b>Germ\u00e1n Aparicio<\/b> y <b>Javier Aguayo<\/b>.<\/p>\t\t\t\t\t\t\t\t<\/div>\n\t\t\t\t<\/div>\n\t\t\t\t\t<\/div>\n\t\t<\/div>\n\t\t\t\t\t<\/div>\n\t\t<\/section>\n\t\t\t\t<section class=\"elementor-section elementor-top-section elementor-element elementor-element-951ee18 elementor-section-boxed elementor-section-height-default elementor-section-height-default\" data-id=\"951ee18\" data-element_type=\"section\" data-e-type=\"section\">\n\t\t\t\t\t\t<div class=\"elementor-container elementor-column-gap-default\">\n\t\t\t\t\t<div class=\"elementor-column elementor-col-100 elementor-top-column elementor-element elementor-element-301c0c5\" data-id=\"301c0c5\" data-element_type=\"column\" data-e-type=\"column\">\n\t\t\t<div class=\"elementor-widget-wrap elementor-element-populated\">\n\t\t\t\t\t\t<div class=\"elementor-element elementor-element-19cb119 elementor-widget elementor-widget-text-editor\" data-id=\"19cb119\" data-element_type=\"widget\" data-e-type=\"widget\" data-widget_type=\"text-editor.default\">\n\t\t\t\t<div class=\"elementor-widget-container\">\n\t\t\t\t\t\t\t\t\t<p>La trama sigue a Serrines cuando se encuentra a punto de protagonizar el reinicio de la serie que lo catapult\u00f3 a la fama, pero decide dar un giro a su carrera. A pesar de su resistencia previa, contrata a un representante para buscar papeles m\u00e1s desafiantes y que puedan otorgarle el prestigio que ans\u00eda. No obstante, circunstancias inesperadas lo llevar\u00e1n a participar en campa\u00f1as publicitarias y otros trabajos no planificados para poder seguir adelante.<\/p>\t\t\t\t\t\t\t\t<\/div>\n\t\t\t\t<\/div>\n\t\t\t\t\t<\/div>\n\t\t<\/div>\n\t\t\t\t\t<\/div>\n\t\t<\/section>\n\t\t\t\t<section class=\"elementor-section elementor-top-section elementor-element elementor-element-9d58902 elementor-section-boxed elementor-section-height-default elementor-section-height-default\" data-id=\"9d58902\" data-element_type=\"section\" data-e-type=\"section\">\n\t\t\t\t\t\t<div class=\"elementor-container elementor-column-gap-default\">\n\t\t\t\t\t<div class=\"elementor-column elementor-col-50 elementor-top-column elementor-element elementor-element-9d55688\" data-id=\"9d55688\" data-element_type=\"column\" data-e-type=\"column\">\n\t\t\t<div class=\"elementor-widget-wrap elementor-element-populated\">\n\t\t\t\t\t\t<div class=\"elementor-element elementor-element-9dc952c elementor-widget elementor-widget-image\" data-id=\"9dc952c\" data-element_type=\"widget\" data-e-type=\"widget\" data-widget_type=\"image.default\">\n\t\t\t\t<div class=\"elementor-widget-container\">\n\t\t\t\t\t\t\t\t\t\t\t\t\t\t\t<img decoding=\"async\" width=\"640\" height=\"426\" src=\"https:\/\/unaymilletras.com\/wp-content\/uploads\/2023\/10\/Serrines-madera-de-actor--1024x681.jpg\" class=\"attachment-large size-large wp-image-1305\" alt=\"\" srcset=\"https:\/\/unaymilletras.com\/wp-content\/uploads\/2023\/10\/Serrines-madera-de-actor--1024x681.jpg 1024w, https:\/\/unaymilletras.com\/wp-content\/uploads\/2023\/10\/Serrines-madera-de-actor--300x199.jpg 300w, https:\/\/unaymilletras.com\/wp-content\/uploads\/2023\/10\/Serrines-madera-de-actor--768x511.jpg 768w, https:\/\/unaymilletras.com\/wp-content\/uploads\/2023\/10\/Serrines-madera-de-actor--1536x1021.jpg 1536w, https:\/\/unaymilletras.com\/wp-content\/uploads\/2023\/10\/Serrines-madera-de-actor--2048x1361.jpg 2048w, https:\/\/unaymilletras.com\/wp-content\/uploads\/2023\/10\/Serrines-madera-de-actor--scaled-e1697134459452.jpg 600w\" sizes=\"(max-width: 640px) 100vw, 640px\" \/>\t\t\t\t\t\t\t\t\t\t\t\t\t\t\t<\/div>\n\t\t\t\t<\/div>\n\t\t\t\t\t<\/div>\n\t\t<\/div>\n\t\t\t\t<div class=\"elementor-column elementor-col-50 elementor-top-column elementor-element elementor-element-228d7e7\" data-id=\"228d7e7\" data-element_type=\"column\" data-e-type=\"column\">\n\t\t\t<div class=\"elementor-widget-wrap elementor-element-populated\">\n\t\t\t\t\t\t<div class=\"elementor-element elementor-element-117ce9a elementor-widget elementor-widget-image\" data-id=\"117ce9a\" data-element_type=\"widget\" data-e-type=\"widget\" data-widget_type=\"image.default\">\n\t\t\t\t<div class=\"elementor-widget-container\">\n\t\t\t\t\t\t\t\t\t\t\t\t\t\t\t<img decoding=\"async\" width=\"640\" height=\"423\" src=\"https:\/\/unaymilletras.com\/wp-content\/uploads\/2023\/10\/Serrines-1-1024x677.jpg\" class=\"attachment-large size-large wp-image-1306\" alt=\"\" srcset=\"https:\/\/unaymilletras.com\/wp-content\/uploads\/2023\/10\/Serrines-1-1024x677.jpg 1024w, https:\/\/unaymilletras.com\/wp-content\/uploads\/2023\/10\/Serrines-1-300x198.jpg 300w, https:\/\/unaymilletras.com\/wp-content\/uploads\/2023\/10\/Serrines-1-768x508.jpg 768w, https:\/\/unaymilletras.com\/wp-content\/uploads\/2023\/10\/Serrines-1-1536x1016.jpg 1536w, https:\/\/unaymilletras.com\/wp-content\/uploads\/2023\/10\/Serrines-1-2048x1354.jpg 2048w, https:\/\/unaymilletras.com\/wp-content\/uploads\/2023\/10\/Serrines-1-scaled-e1697134475802.jpg 600w\" sizes=\"(max-width: 640px) 100vw, 640px\" \/>\t\t\t\t\t\t\t\t\t\t\t\t\t\t\t<\/div>\n\t\t\t\t<\/div>\n\t\t\t\t\t<\/div>\n\t\t<\/div>\n\t\t\t\t\t<\/div>\n\t\t<\/section>\n\t\t\t\t<section class=\"elementor-section elementor-top-section elementor-element elementor-element-0d67533 elementor-section-boxed elementor-section-height-default elementor-section-height-default\" data-id=\"0d67533\" data-element_type=\"section\" data-e-type=\"section\">\n\t\t\t\t\t\t<div class=\"elementor-container elementor-column-gap-default\">\n\t\t\t\t\t<div class=\"elementor-column elementor-col-100 elementor-top-column elementor-element elementor-element-8078e3b\" data-id=\"8078e3b\" data-element_type=\"column\" data-e-type=\"column\">\n\t\t\t<div class=\"elementor-widget-wrap elementor-element-populated\">\n\t\t\t\t\t\t<div class=\"elementor-element elementor-element-31d5bdd elementor-widget elementor-widget-text-editor\" data-id=\"31d5bdd\" data-element_type=\"widget\" data-e-type=\"widget\" data-widget_type=\"text-editor.default\">\n\t\t\t\t<div class=\"elementor-widget-container\">\n\t\t\t\t\t\t\t\t\t<p>La serie <i>Serrines, Madera de Actor<\/i>\u00a0se une al creciente cat\u00e1logo de conte<span style=\"color: #808080;\">nido original de <a style=\"color: #808080;\" href=\"https:\/\/unaymilletras.com\/en\/rubius-next-level-japon\/\">Prime Video<\/a> y<\/span> promete una trama intrigante y llena de humor, con Antonio Resines en el papel principal. Esta es una serie que sin duda atraer\u00e1 tanto a amantes de la comedia como a aquellos interesados en explorar la vida de un actor veterano en su b\u00fasqueda de reconocimiento. El estreno a principios de 2024 promete una experiencia de visualizaci\u00f3n emocionante y entretenida.<\/p>\t\t\t\t\t\t\t\t<\/div>\n\t\t\t\t<\/div>\n\t\t\t\t\t<\/div>\n\t\t<\/div>\n\t\t\t\t\t<\/div>\n\t\t<\/section>\n\t\t\t\t<\/div>","protected":false},"excerpt":{"rendered":"<p>La comedia protagonizada por Antonio Resines deslumbr\u00f3 en su presentaci\u00f3n en el South International Series Festival Prime Video ha anunciado que tiene previsto lanzar Serrines, Madera de Actor a principios de 2024, coincidiendo con la presentaci\u00f3n de la serie en el South International Series Festival. Esta comedia gira en torno a la vida de Serrines, [&hellip;]<\/p>\n","protected":false},"author":1,"featured_media":1305,"comment_status":"open","ping_status":"open","sticky":false,"template":"","format":"standard","meta":{"footnotes":""},"categories":[117],"tags":[],"class_list":["post-1301","post","type-post","status-publish","format-standard","has-post-thumbnail","hentry","category-peliculas-y-series"],"yoast_head":"<!-- This site is optimized with the Yoast SEO plugin v27.4 - https:\/\/yoast.com\/product\/yoast-seo-wordpress\/ -->\n<title>&quot;Serrines, madera de actor&quot; se estrenar\u00e1 el pr\u00f3ximo a\u00f1o &#8902; Una y Mil Letras<\/title>\n<meta name=\"description\" content=\"La comedia protagonizada por Antonio Resines deslumbr\u00f3 en su presentaci\u00f3n en el South International Series Festival\" \/>\n<meta name=\"robots\" content=\"index, follow, max-snippet:-1, max-image-preview:large, max-video-preview:-1\" \/>\n<link rel=\"canonical\" href=\"https:\/\/unaymilletras.com\/en\/serrines-madera-de-actor-se-estrenara-el-proximo-ano\/\" \/>\n<meta property=\"og:locale\" content=\"en_GB\" \/>\n<meta property=\"og:type\" content=\"article\" \/>\n<meta property=\"og:title\" content=\"&quot;Serrines, madera de actor&quot; se estrenar\u00e1 el pr\u00f3ximo a\u00f1o &#8902; Una y Mil Letras\" \/>\n<meta property=\"og:description\" content=\"La comedia protagonizada por Antonio Resines deslumbr\u00f3 en su presentaci\u00f3n en el South International Series Festival\" \/>\n<meta property=\"og:url\" content=\"https:\/\/unaymilletras.com\/en\/serrines-madera-de-actor-se-estrenara-el-proximo-ano\/\" \/>\n<meta property=\"og:site_name\" content=\"Una y Mil Letras\" \/>\n<meta property=\"article:published_time\" content=\"2023-10-13T10:00:00+00:00\" \/>\n<meta property=\"article:modified_time\" content=\"2023-10-13T11:00:20+00:00\" \/>\n<meta property=\"og:image\" content=\"http:\/\/unaymilletras.com\/wp-content\/uploads\/2023\/10\/Serrines-madera-de-actor--scaled-e1697134459452.jpg\" \/>\n\t<meta property=\"og:image:width\" content=\"600\" \/>\n\t<meta property=\"og:image:height\" content=\"399\" \/>\n\t<meta property=\"og:image:type\" content=\"image\/jpeg\" \/>\n<meta name=\"author\" content=\"Maria Gil Robledo\" \/>\n<meta name=\"twitter:card\" content=\"summary_large_image\" \/>\n<meta name=\"twitter:creator\" content=\"@UnaYMilLetras\" \/>\n<meta name=\"twitter:site\" content=\"@UnaYMilLetras\" \/>\n<meta name=\"twitter:label1\" content=\"Written by\" \/>\n\t<meta name=\"twitter:data1\" content=\"Maria Gil Robledo\" \/>\n\t<meta name=\"twitter:label2\" content=\"Estimated reading time\" \/>\n\t<meta name=\"twitter:data2\" content=\"3 minutes\" \/>\n<script type=\"application\/ld+json\" class=\"yoast-schema-graph\">{\"@context\":\"https:\\\/\\\/schema.org\",\"@graph\":[{\"@type\":\"Article\",\"@id\":\"https:\\\/\\\/unaymilletras.com\\\/serrines-madera-de-actor-se-estrenara-el-proximo-ano\\\/#article\",\"isPartOf\":{\"@id\":\"https:\\\/\\\/unaymilletras.com\\\/serrines-madera-de-actor-se-estrenara-el-proximo-ano\\\/\"},\"author\":{\"name\":\"Maria Gil Robledo\",\"@id\":\"http:\\\/\\\/unaymilletras.com\\\/#\\\/schema\\\/person\\\/d55ba681b8a4e463d8982dbe36a5dc94\"},\"headline\":\"\u00abSerrines, madera de actor\u00bb se estrenar\u00e1 el pr\u00f3ximo a\u00f1o\",\"datePublished\":\"2023-10-13T10:00:00+00:00\",\"dateModified\":\"2023-10-13T11:00:20+00:00\",\"mainEntityOfPage\":{\"@id\":\"https:\\\/\\\/unaymilletras.com\\\/serrines-madera-de-actor-se-estrenara-el-proximo-ano\\\/\"},\"wordCount\":367,\"commentCount\":0,\"publisher\":{\"@id\":\"http:\\\/\\\/unaymilletras.com\\\/#organization\"},\"image\":{\"@id\":\"https:\\\/\\\/unaymilletras.com\\\/serrines-madera-de-actor-se-estrenara-el-proximo-ano\\\/#primaryimage\"},\"thumbnailUrl\":\"https:\\\/\\\/unaymilletras.com\\\/wp-content\\\/uploads\\\/2023\\\/10\\\/Serrines-madera-de-actor--scaled-e1697134459452.jpg\",\"articleSection\":[\"Pel\u00edculas y Series\"],\"inLanguage\":\"en-GB\",\"potentialAction\":[{\"@type\":\"CommentAction\",\"name\":\"Comment\",\"target\":[\"https:\\\/\\\/unaymilletras.com\\\/serrines-madera-de-actor-se-estrenara-el-proximo-ano\\\/#respond\"]}]},{\"@type\":\"WebPage\",\"@id\":\"https:\\\/\\\/unaymilletras.com\\\/serrines-madera-de-actor-se-estrenara-el-proximo-ano\\\/\",\"url\":\"https:\\\/\\\/unaymilletras.com\\\/serrines-madera-de-actor-se-estrenara-el-proximo-ano\\\/\",\"name\":\"\\\"Serrines, madera de actor\\\" se estrenar\u00e1 el pr\u00f3ximo a\u00f1o &#8902; Una y Mil Letras\",\"isPartOf\":{\"@id\":\"http:\\\/\\\/unaymilletras.com\\\/#website\"},\"primaryImageOfPage\":{\"@id\":\"https:\\\/\\\/unaymilletras.com\\\/serrines-madera-de-actor-se-estrenara-el-proximo-ano\\\/#primaryimage\"},\"image\":{\"@id\":\"https:\\\/\\\/unaymilletras.com\\\/serrines-madera-de-actor-se-estrenara-el-proximo-ano\\\/#primaryimage\"},\"thumbnailUrl\":\"https:\\\/\\\/unaymilletras.com\\\/wp-content\\\/uploads\\\/2023\\\/10\\\/Serrines-madera-de-actor--scaled-e1697134459452.jpg\",\"datePublished\":\"2023-10-13T10:00:00+00:00\",\"dateModified\":\"2023-10-13T11:00:20+00:00\",\"description\":\"La comedia protagonizada por Antonio Resines deslumbr\u00f3 en su presentaci\u00f3n en el South International Series Festival\",\"breadcrumb\":{\"@id\":\"https:\\\/\\\/unaymilletras.com\\\/serrines-madera-de-actor-se-estrenara-el-proximo-ano\\\/#breadcrumb\"},\"inLanguage\":\"en-GB\",\"potentialAction\":[{\"@type\":\"ReadAction\",\"target\":[\"https:\\\/\\\/unaymilletras.com\\\/serrines-madera-de-actor-se-estrenara-el-proximo-ano\\\/\"]}]},{\"@type\":\"ImageObject\",\"inLanguage\":\"en-GB\",\"@id\":\"https:\\\/\\\/unaymilletras.com\\\/serrines-madera-de-actor-se-estrenara-el-proximo-ano\\\/#primaryimage\",\"url\":\"https:\\\/\\\/unaymilletras.com\\\/wp-content\\\/uploads\\\/2023\\\/10\\\/Serrines-madera-de-actor--scaled-e1697134459452.jpg\",\"contentUrl\":\"https:\\\/\\\/unaymilletras.com\\\/wp-content\\\/uploads\\\/2023\\\/10\\\/Serrines-madera-de-actor--scaled-e1697134459452.jpg\",\"width\":600,\"height\":399},{\"@type\":\"BreadcrumbList\",\"@id\":\"https:\\\/\\\/unaymilletras.com\\\/serrines-madera-de-actor-se-estrenara-el-proximo-ano\\\/#breadcrumb\",\"itemListElement\":[{\"@type\":\"ListItem\",\"position\":1,\"name\":\"Home\",\"item\":\"http:\\\/\\\/unaymilletras.com\\\/\"},{\"@type\":\"ListItem\",\"position\":2,\"name\":\"\u00abSerrines, madera de actor\u00bb se estrenar\u00e1 el pr\u00f3ximo a\u00f1o\"}]},{\"@type\":\"WebSite\",\"@id\":\"http:\\\/\\\/unaymilletras.com\\\/#website\",\"url\":\"http:\\\/\\\/unaymilletras.com\\\/\",\"name\":\"Una y Mil Letras\",\"description\":\"\",\"publisher\":{\"@id\":\"http:\\\/\\\/unaymilletras.com\\\/#organization\"},\"potentialAction\":[{\"@type\":\"SearchAction\",\"target\":{\"@type\":\"EntryPoint\",\"urlTemplate\":\"http:\\\/\\\/unaymilletras.com\\\/?s={search_term_string}\"},\"query-input\":{\"@type\":\"PropertyValueSpecification\",\"valueRequired\":true,\"valueName\":\"search_term_string\"}}],\"inLanguage\":\"en-GB\"},{\"@type\":\"Organization\",\"@id\":\"http:\\\/\\\/unaymilletras.com\\\/#organization\",\"name\":\"Una y Mil Letras\",\"url\":\"http:\\\/\\\/unaymilletras.com\\\/\",\"logo\":{\"@type\":\"ImageObject\",\"inLanguage\":\"en-GB\",\"@id\":\"http:\\\/\\\/unaymilletras.com\\\/#\\\/schema\\\/logo\\\/image\\\/\",\"url\":\"https:\\\/\\\/unaymilletras.com\\\/wp-content\\\/uploads\\\/2024\\\/06\\\/cropped-Logo-removebg-preview.png\",\"contentUrl\":\"https:\\\/\\\/unaymilletras.com\\\/wp-content\\\/uploads\\\/2024\\\/06\\\/cropped-Logo-removebg-preview.png\",\"width\":512,\"height\":512,\"caption\":\"Una y Mil Letras\"},\"image\":{\"@id\":\"http:\\\/\\\/unaymilletras.com\\\/#\\\/schema\\\/logo\\\/image\\\/\"},\"sameAs\":[\"https:\\\/\\\/x.com\\\/UnaYMilLetras\",\"https:\\\/\\\/instagram.com\\\/UnaYMilLetras\"]},{\"@type\":\"Person\",\"@id\":\"http:\\\/\\\/unaymilletras.com\\\/#\\\/schema\\\/person\\\/d55ba681b8a4e463d8982dbe36a5dc94\",\"name\":\"Maria Gil Robledo\",\"image\":{\"@type\":\"ImageObject\",\"inLanguage\":\"en-GB\",\"@id\":\"https:\\\/\\\/secure.gravatar.com\\\/avatar\\\/4b8e5102e0015789407eb4870b12f0f2857952d83ca124058f92b764bd1840c3?s=96&d=mm&r=g\",\"url\":\"https:\\\/\\\/secure.gravatar.com\\\/avatar\\\/4b8e5102e0015789407eb4870b12f0f2857952d83ca124058f92b764bd1840c3?s=96&d=mm&r=g\",\"contentUrl\":\"https:\\\/\\\/secure.gravatar.com\\\/avatar\\\/4b8e5102e0015789407eb4870b12f0f2857952d83ca124058f92b764bd1840c3?s=96&d=mm&r=g\",\"caption\":\"Maria Gil Robledo\"},\"sameAs\":[\"http:\\\/\\\/unaymilletras.com\"],\"url\":\"https:\\\/\\\/unaymilletras.com\\\/en\\\/author\\\/mariiagiil02_\\\/\"}]}<\/script>\n<!-- \/ Yoast SEO plugin. -->","yoast_head_json":{"title":"\"Serrines, madera de actor\" se estrenar\u00e1 el pr\u00f3ximo a\u00f1o &#8902; Una y Mil Letras","description":"La comedia protagonizada por Antonio Resines deslumbr\u00f3 en su presentaci\u00f3n en el South International Series Festival","robots":{"index":"index","follow":"follow","max-snippet":"max-snippet:-1","max-image-preview":"max-image-preview:large","max-video-preview":"max-video-preview:-1"},"canonical":"https:\/\/unaymilletras.com\/en\/serrines-madera-de-actor-se-estrenara-el-proximo-ano\/","og_locale":"en_GB","og_type":"article","og_title":"\"Serrines, madera de actor\" se estrenar\u00e1 el pr\u00f3ximo a\u00f1o &#8902; Una y Mil Letras","og_description":"La comedia protagonizada por Antonio Resines deslumbr\u00f3 en su presentaci\u00f3n en el South International Series Festival","og_url":"https:\/\/unaymilletras.com\/en\/serrines-madera-de-actor-se-estrenara-el-proximo-ano\/","og_site_name":"Una y Mil Letras","article_published_time":"2023-10-13T10:00:00+00:00","article_modified_time":"2023-10-13T11:00:20+00:00","og_image":[{"width":600,"height":399,"url":"http:\/\/unaymilletras.com\/wp-content\/uploads\/2023\/10\/Serrines-madera-de-actor--scaled-e1697134459452.jpg","type":"image\/jpeg"}],"author":"Maria Gil Robledo","twitter_card":"summary_large_image","twitter_creator":"@UnaYMilLetras","twitter_site":"@UnaYMilLetras","twitter_misc":{"Written by":"Maria Gil Robledo","Estimated reading time":"3 minutes"},"schema":{"@context":"https:\/\/schema.org","@graph":[{"@type":"Article","@id":"https:\/\/unaymilletras.com\/serrines-madera-de-actor-se-estrenara-el-proximo-ano\/#article","isPartOf":{"@id":"https:\/\/unaymilletras.com\/serrines-madera-de-actor-se-estrenara-el-proximo-ano\/"},"author":{"name":"Maria Gil Robledo","@id":"http:\/\/unaymilletras.com\/#\/schema\/person\/d55ba681b8a4e463d8982dbe36a5dc94"},"headline":"\u00abSerrines, madera de actor\u00bb se estrenar\u00e1 el pr\u00f3ximo a\u00f1o","datePublished":"2023-10-13T10:00:00+00:00","dateModified":"2023-10-13T11:00:20+00:00","mainEntityOfPage":{"@id":"https:\/\/unaymilletras.com\/serrines-madera-de-actor-se-estrenara-el-proximo-ano\/"},"wordCount":367,"commentCount":0,"publisher":{"@id":"http:\/\/unaymilletras.com\/#organization"},"image":{"@id":"https:\/\/unaymilletras.com\/serrines-madera-de-actor-se-estrenara-el-proximo-ano\/#primaryimage"},"thumbnailUrl":"https:\/\/unaymilletras.com\/wp-content\/uploads\/2023\/10\/Serrines-madera-de-actor--scaled-e1697134459452.jpg","articleSection":["Pel\u00edculas y Series"],"inLanguage":"en-GB","potentialAction":[{"@type":"CommentAction","name":"Comment","target":["https:\/\/unaymilletras.com\/serrines-madera-de-actor-se-estrenara-el-proximo-ano\/#respond"]}]},{"@type":"WebPage","@id":"https:\/\/unaymilletras.com\/serrines-madera-de-actor-se-estrenara-el-proximo-ano\/","url":"https:\/\/unaymilletras.com\/serrines-madera-de-actor-se-estrenara-el-proximo-ano\/","name":"\"Serrines, madera de actor\" se estrenar\u00e1 el pr\u00f3ximo a\u00f1o &#8902; Una y Mil Letras","isPartOf":{"@id":"http:\/\/unaymilletras.com\/#website"},"primaryImageOfPage":{"@id":"https:\/\/unaymilletras.com\/serrines-madera-de-actor-se-estrenara-el-proximo-ano\/#primaryimage"},"image":{"@id":"https:\/\/unaymilletras.com\/serrines-madera-de-actor-se-estrenara-el-proximo-ano\/#primaryimage"},"thumbnailUrl":"https:\/\/unaymilletras.com\/wp-content\/uploads\/2023\/10\/Serrines-madera-de-actor--scaled-e1697134459452.jpg","datePublished":"2023-10-13T10:00:00+00:00","dateModified":"2023-10-13T11:00:20+00:00","description":"La comedia protagonizada por Antonio Resines deslumbr\u00f3 en su presentaci\u00f3n en el South International Series Festival","breadcrumb":{"@id":"https:\/\/unaymilletras.com\/serrines-madera-de-actor-se-estrenara-el-proximo-ano\/#breadcrumb"},"inLanguage":"en-GB","potentialAction":[{"@type":"ReadAction","target":["https:\/\/unaymilletras.com\/serrines-madera-de-actor-se-estrenara-el-proximo-ano\/"]}]},{"@type":"ImageObject","inLanguage":"en-GB","@id":"https:\/\/unaymilletras.com\/serrines-madera-de-actor-se-estrenara-el-proximo-ano\/#primaryimage","url":"https:\/\/unaymilletras.com\/wp-content\/uploads\/2023\/10\/Serrines-madera-de-actor--scaled-e1697134459452.jpg","contentUrl":"https:\/\/unaymilletras.com\/wp-content\/uploads\/2023\/10\/Serrines-madera-de-actor--scaled-e1697134459452.jpg","width":600,"height":399},{"@type":"BreadcrumbList","@id":"https:\/\/unaymilletras.com\/serrines-madera-de-actor-se-estrenara-el-proximo-ano\/#breadcrumb","itemListElement":[{"@type":"ListItem","position":1,"name":"Home","item":"http:\/\/unaymilletras.com\/"},{"@type":"ListItem","position":2,"name":"\u00abSerrines, madera de actor\u00bb se estrenar\u00e1 el pr\u00f3ximo a\u00f1o"}]},{"@type":"WebSite","@id":"http:\/\/unaymilletras.com\/#website","url":"http:\/\/unaymilletras.com\/","name":"Una y Mil Letras","description":"","publisher":{"@id":"http:\/\/unaymilletras.com\/#organization"},"potentialAction":[{"@type":"SearchAction","target":{"@type":"EntryPoint","urlTemplate":"http:\/\/unaymilletras.com\/?s={search_term_string}"},"query-input":{"@type":"PropertyValueSpecification","valueRequired":true,"valueName":"search_term_string"}}],"inLanguage":"en-GB"},{"@type":"Organization","@id":"http:\/\/unaymilletras.com\/#organization","name":"Una y Mil Letras","url":"http:\/\/unaymilletras.com\/","logo":{"@type":"ImageObject","inLanguage":"en-GB","@id":"http:\/\/unaymilletras.com\/#\/schema\/logo\/image\/","url":"https:\/\/unaymilletras.com\/wp-content\/uploads\/2024\/06\/cropped-Logo-removebg-preview.png","contentUrl":"https:\/\/unaymilletras.com\/wp-content\/uploads\/2024\/06\/cropped-Logo-removebg-preview.png","width":512,"height":512,"caption":"Una y Mil Letras"},"image":{"@id":"http:\/\/unaymilletras.com\/#\/schema\/logo\/image\/"},"sameAs":["https:\/\/x.com\/UnaYMilLetras","https:\/\/instagram.com\/UnaYMilLetras"]},{"@type":"Person","@id":"http:\/\/unaymilletras.com\/#\/schema\/person\/d55ba681b8a4e463d8982dbe36a5dc94","name":"Maria Gil Robledo","image":{"@type":"ImageObject","inLanguage":"en-GB","@id":"https:\/\/secure.gravatar.com\/avatar\/4b8e5102e0015789407eb4870b12f0f2857952d83ca124058f92b764bd1840c3?s=96&d=mm&r=g","url":"https:\/\/secure.gravatar.com\/avatar\/4b8e5102e0015789407eb4870b12f0f2857952d83ca124058f92b764bd1840c3?s=96&d=mm&r=g","contentUrl":"https:\/\/secure.gravatar.com\/avatar\/4b8e5102e0015789407eb4870b12f0f2857952d83ca124058f92b764bd1840c3?s=96&d=mm&r=g","caption":"Maria Gil Robledo"},"sameAs":["http:\/\/unaymilletras.com"],"url":"https:\/\/unaymilletras.com\/en\/author\/mariiagiil02_\/"}]}},"_links":{"self":[{"href":"https:\/\/unaymilletras.com\/en\/wp-json\/wp\/v2\/posts\/1301","targetHints":{"allow":["GET"]}}],"collection":[{"href":"https:\/\/unaymilletras.com\/en\/wp-json\/wp\/v2\/posts"}],"about":[{"href":"https:\/\/unaymilletras.com\/en\/wp-json\/wp\/v2\/types\/post"}],"author":[{"embeddable":true,"href":"https:\/\/unaymilletras.com\/en\/wp-json\/wp\/v2\/users\/1"}],"replies":[{"embeddable":true,"href":"https:\/\/unaymilletras.com\/en\/wp-json\/wp\/v2\/comments?post=1301"}],"version-history":[{"count":6,"href":"https:\/\/unaymilletras.com\/en\/wp-json\/wp\/v2\/posts\/1301\/revisions"}],"predecessor-version":[{"id":1310,"href":"https:\/\/unaymilletras.com\/en\/wp-json\/wp\/v2\/posts\/1301\/revisions\/1310"}],"wp:featuredmedia":[{"embeddable":true,"href":"https:\/\/unaymilletras.com\/en\/wp-json\/wp\/v2\/media\/1305"}],"wp:attachment":[{"href":"https:\/\/unaymilletras.com\/en\/wp-json\/wp\/v2\/media?parent=1301"}],"wp:term":[{"taxonomy":"category","embeddable":true,"href":"https:\/\/unaymilletras.com\/en\/wp-json\/wp\/v2\/categories?post=1301"},{"taxonomy":"post_tag","embeddable":true,"href":"https:\/\/unaymilletras.com\/en\/wp-json\/wp\/v2\/tags?post=1301"}],"curies":[{"name":"wp","href":"https:\/\/api.w.org\/{rel}","templated":true}]}}