{"id":1311,"date":"2023-10-14T12:40:00","date_gmt":"2023-10-14T10:40:00","guid":{"rendered":"https:\/\/unaymilletras.com\/?p=1311"},"modified":"2023-10-14T00:40:50","modified_gmt":"2023-10-13T22:40:50","slug":"elementor-1311","status":"publish","type":"post","link":"https:\/\/unaymilletras.com\/en\/elementor-1311\/","title":{"rendered":"Second Anuncia su \u00daltimo \u00c1lbum en Vivo \u00abPara Todo el Universo\u00bb"},"content":{"rendered":"<div data-elementor-type=\"wp-post\" data-elementor-id=\"1311\" class=\"elementor elementor-1311\">\n\t\t\t\t\t\t<section class=\"elementor-section elementor-top-section elementor-element elementor-element-ede996a elementor-section-boxed elementor-section-height-default elementor-section-height-default\" data-id=\"ede996a\" data-element_type=\"section\" data-e-type=\"section\">\n\t\t\t\t\t\t<div class=\"elementor-container elementor-column-gap-default\">\n\t\t\t\t\t<div class=\"elementor-column elementor-col-100 elementor-top-column elementor-element elementor-element-59ac074\" data-id=\"59ac074\" data-element_type=\"column\" data-e-type=\"column\">\n\t\t\t<div class=\"elementor-widget-wrap elementor-element-populated\">\n\t\t\t\t\t\t<div class=\"elementor-element elementor-element-2273619 elementor-widget elementor-widget-text-editor\" data-id=\"2273619\" data-element_type=\"widget\" data-e-type=\"widget\" data-widget_type=\"text-editor.default\">\n\t\t\t\t<div class=\"elementor-widget-container\">\n\t\t\t\t\t\t\t\t\t<h2><span style=\"color: #808080;\"><em>20 a\u00f1os despu\u00e9s y con 10 discos en la espalda, Second dice adi\u00f3s<\/em><\/span><\/h2>\t\t\t\t\t\t\t\t<\/div>\n\t\t\t\t<\/div>\n\t\t\t\t\t<\/div>\n\t\t<\/div>\n\t\t\t\t\t<\/div>\n\t\t<\/section>\n\t\t\t\t<section class=\"elementor-section elementor-top-section elementor-element elementor-element-10f577f elementor-section-boxed elementor-section-height-default elementor-section-height-default\" data-id=\"10f577f\" data-element_type=\"section\" data-e-type=\"section\">\n\t\t\t\t\t\t<div class=\"elementor-container elementor-column-gap-default\">\n\t\t\t\t\t<div class=\"elementor-column elementor-col-100 elementor-top-column elementor-element elementor-element-8d8d3d0\" data-id=\"8d8d3d0\" data-element_type=\"column\" data-e-type=\"column\">\n\t\t\t<div class=\"elementor-widget-wrap elementor-element-populated\">\n\t\t\t\t\t\t<div class=\"elementor-element elementor-element-55e81a2 elementor-widget elementor-widget-text-editor\" data-id=\"55e81a2\" data-element_type=\"widget\" data-e-type=\"widget\" data-widget_type=\"text-editor.default\">\n\t\t\t\t<div class=\"elementor-widget-container\">\n\t\t\t\t\t\t\t\t\t<p>La ic\u00f3nica banda de rock independiente, <b>Second<\/b>, originaria de Murcia, ha decidido poner punto final a su exitosa trayectoria. Con <b>m\u00e1s de 20 a\u00f1os de historia y 10 \u00e1lbumes publicados<\/b>, la banda ha sido un referente del g\u00e9nero en la escena musical espa\u00f1ola. Conocidos por su elegancia y pasi\u00f3n en el escenario, el grupo ha anunciado su despedida, pero no sin antes ofrecer a sus seguidores un \u00faltimo regalo: un \u00e1lbum en vivo titulado <i>Para Todo el Universo<\/i>.<\/p>\t\t\t\t\t\t\t\t<\/div>\n\t\t\t\t<\/div>\n\t\t\t\t\t<\/div>\n\t\t<\/div>\n\t\t\t\t\t<\/div>\n\t\t<\/section>\n\t\t\t\t<section class=\"elementor-section elementor-top-section elementor-element elementor-element-095f4ec elementor-section-boxed elementor-section-height-default elementor-section-height-default\" data-id=\"095f4ec\" data-element_type=\"section\" data-e-type=\"section\">\n\t\t\t\t\t\t<div class=\"elementor-container elementor-column-gap-default\">\n\t\t\t\t\t<div class=\"elementor-column elementor-col-100 elementor-top-column elementor-element elementor-element-39dea96\" data-id=\"39dea96\" data-element_type=\"column\" data-e-type=\"column\">\n\t\t\t<div class=\"elementor-widget-wrap elementor-element-populated\">\n\t\t\t\t\t\t<div class=\"elementor-element elementor-element-7dfadd1 elementor-widget elementor-widget-image\" data-id=\"7dfadd1\" data-element_type=\"widget\" data-e-type=\"widget\" data-widget_type=\"image.default\">\n\t\t\t\t<div class=\"elementor-widget-container\">\n\t\t\t\t\t\t\t\t\t\t\t\t<figure class=\"wp-caption\">\n\t\t\t\t\t\t\t\t\t\t<img fetchpriority=\"high\" decoding=\"async\" width=\"640\" height=\"426\" src=\"https:\/\/unaymilletras.com\/wp-content\/uploads\/2023\/10\/89e0dab4-1534-57d4-7e52-7583f1ff48cd-1024x682.jpeg\" class=\"attachment-large size-large wp-image-1316\" alt=\"Second\" srcset=\"https:\/\/unaymilletras.com\/wp-content\/uploads\/2023\/10\/89e0dab4-1534-57d4-7e52-7583f1ff48cd-1024x682.jpeg 1024w, https:\/\/unaymilletras.com\/wp-content\/uploads\/2023\/10\/89e0dab4-1534-57d4-7e52-7583f1ff48cd-300x200.jpeg 300w, https:\/\/unaymilletras.com\/wp-content\/uploads\/2023\/10\/89e0dab4-1534-57d4-7e52-7583f1ff48cd-768x512.jpeg 768w, https:\/\/unaymilletras.com\/wp-content\/uploads\/2023\/10\/89e0dab4-1534-57d4-7e52-7583f1ff48cd-1536x1023.jpeg 1536w, https:\/\/unaymilletras.com\/wp-content\/uploads\/2023\/10\/89e0dab4-1534-57d4-7e52-7583f1ff48cd-e1697236293897.jpeg 600w\" sizes=\"(max-width: 640px) 100vw, 640px\" \/>\t\t\t\t\t\t\t\t\t\t\t<figcaption class=\"widget-image-caption wp-caption-text\">Foto: Lourdes Mart\u00ednez\n<\/figcaption>\n\t\t\t\t\t\t\t\t\t\t<\/figure>\n\t\t\t\t\t\t\t\t\t<\/div>\n\t\t\t\t<\/div>\n\t\t\t\t\t<\/div>\n\t\t<\/div>\n\t\t\t\t\t<\/div>\n\t\t<\/section>\n\t\t\t\t<section class=\"elementor-section elementor-top-section elementor-element elementor-element-9e21120 elementor-section-boxed elementor-section-height-default elementor-section-height-default\" data-id=\"9e21120\" data-element_type=\"section\" data-e-type=\"section\">\n\t\t\t\t\t\t<div class=\"elementor-container elementor-column-gap-default\">\n\t\t\t\t\t<div class=\"elementor-column elementor-col-100 elementor-top-column elementor-element elementor-element-8bdfaf1\" data-id=\"8bdfaf1\" data-element_type=\"column\" data-e-type=\"column\">\n\t\t\t<div class=\"elementor-widget-wrap elementor-element-populated\">\n\t\t\t\t\t\t<div class=\"elementor-element elementor-element-fc4bf7e elementor-widget elementor-widget-text-editor\" data-id=\"fc4bf7e\" data-element_type=\"widget\" data-e-type=\"widget\" data-widget_type=\"text-editor.default\">\n\t\t\t\t<div class=\"elementor-widget-container\">\n\t\t\t\t\t\t\t\t\t<p><span style=\"color: #808080;\"><a style=\"color: #808080;\" href=\"https:\/\/second.es\/\">Second<\/a> s<\/span>e form\u00f3 en <b>1997<\/b>, en pleno auge del rock alternativo en Espa\u00f1a. A lo largo de su carrera, la banda ha evolucionado y experimentado con diferentes estilos musicales, pero siempre manteniendo su esencia. Sus letras profundas y su estilo inconfundible han dejado una huella imborrable en la m\u00fasica independiente en espa\u00f1ol. Durante m\u00e1s de dos d\u00e9cadas, Second ha sido un faro para sus seguidores, quienes han encontrado en su m\u00fasica una forma de entender la vida y la m\u00fasica.<\/p><p>El \u00e1lbum <i>Para Todo el Universo<\/i>\u00a0fue grabado en enero de 2023 en el <b>Teatro Circo Price<\/b> d<span style=\"color: #808080;\">e <b><a style=\"color: #808080;\" href=\"https:\/\/unaymilletras.com\/en\/brunch-electronik-madrid-presenta-a-boris-brejcha-in-concert-en-una-edicion-especial-en-ifema\/\">Madrid<\/a><\/b>, un lugar emblem<\/span>\u00e1tico que ha sido testigo de muchas de las actuaciones m\u00e1s memorables de la banda. El \u00e1lbum incluir\u00e1 12 canciones interpretadas en este escenario, acompa\u00f1adas de 5 v\u00eddeos que estar\u00e1n disponibles en plataformas digitales. Esta grabaci\u00f3n en vivo captura la esencia de los inolvidables conciertos de Second y la estrecha conexi\u00f3n con su diverso p\u00fablico a lo largo de los a\u00f1os.<\/p>\t\t\t\t\t\t\t\t<\/div>\n\t\t\t\t<\/div>\n\t\t\t\t\t<\/div>\n\t\t<\/div>\n\t\t\t\t\t<\/div>\n\t\t<\/section>\n\t\t\t\t<section class=\"elementor-section elementor-top-section elementor-element elementor-element-ba8521d elementor-section-boxed elementor-section-height-default elementor-section-height-default\" data-id=\"ba8521d\" data-element_type=\"section\" data-e-type=\"section\">\n\t\t\t\t\t\t<div class=\"elementor-container elementor-column-gap-default\">\n\t\t\t\t\t<div class=\"elementor-column elementor-col-50 elementor-top-column elementor-element elementor-element-b5f2777\" data-id=\"b5f2777\" data-element_type=\"column\" data-e-type=\"column\">\n\t\t\t<div class=\"elementor-widget-wrap elementor-element-populated\">\n\t\t\t\t\t\t<div class=\"elementor-element elementor-element-b313019 elementor-widget elementor-widget-image\" data-id=\"b313019\" data-element_type=\"widget\" data-e-type=\"widget\" data-widget_type=\"image.default\">\n\t\t\t\t<div class=\"elementor-widget-container\">\n\t\t\t\t\t\t\t\t\t\t\t\t\t\t\t<img decoding=\"async\" width=\"640\" height=\"640\" src=\"https:\/\/unaymilletras.com\/wp-content\/uploads\/2023\/10\/5cf754dd-e319-eba4-b825-9d10f4a96c8b-1024x1024.jpg\" class=\"attachment-large size-large wp-image-1317\" alt=\"\" srcset=\"https:\/\/unaymilletras.com\/wp-content\/uploads\/2023\/10\/5cf754dd-e319-eba4-b825-9d10f4a96c8b-1024x1024.jpg 1024w, https:\/\/unaymilletras.com\/wp-content\/uploads\/2023\/10\/5cf754dd-e319-eba4-b825-9d10f4a96c8b-300x300.jpg 300w, https:\/\/unaymilletras.com\/wp-content\/uploads\/2023\/10\/5cf754dd-e319-eba4-b825-9d10f4a96c8b-150x150.jpg 150w, https:\/\/unaymilletras.com\/wp-content\/uploads\/2023\/10\/5cf754dd-e319-eba4-b825-9d10f4a96c8b-768x768.jpg 768w, https:\/\/unaymilletras.com\/wp-content\/uploads\/2023\/10\/5cf754dd-e319-eba4-b825-9d10f4a96c8b-1536x1536.jpg 1536w, https:\/\/unaymilletras.com\/wp-content\/uploads\/2023\/10\/5cf754dd-e319-eba4-b825-9d10f4a96c8b-2048x2048.jpg 2048w, https:\/\/unaymilletras.com\/wp-content\/uploads\/2023\/10\/5cf754dd-e319-eba4-b825-9d10f4a96c8b-scaled-e1697236465538.jpg 600w\" sizes=\"(max-width: 640px) 100vw, 640px\" \/>\t\t\t\t\t\t\t\t\t\t\t\t\t\t\t<\/div>\n\t\t\t\t<\/div>\n\t\t\t\t\t<\/div>\n\t\t<\/div>\n\t\t\t\t<div class=\"elementor-column elementor-col-50 elementor-top-column elementor-element elementor-element-99ea684\" data-id=\"99ea684\" data-element_type=\"column\" data-e-type=\"column\">\n\t\t\t<div class=\"elementor-widget-wrap elementor-element-populated\">\n\t\t\t\t\t\t<div class=\"elementor-element elementor-element-cbf49be elementor-widget elementor-widget-text-editor\" data-id=\"cbf49be\" data-element_type=\"widget\" data-e-type=\"widget\" data-widget_type=\"text-editor.default\">\n\t\t\t\t<div class=\"elementor-widget-container\">\n\t\t\t\t\t\t\t\t\t<p>La despedida de Second ser\u00e1 el <b>30 de diciembre<\/b>, y promete ser un evento inolvidable. La banda ha influenciado a generaciones de m\u00fasicos y seguidores, convirti\u00e9ndose en un referente del rock independiente. Su m\u00fasica ha acompa\u00f1ado a miles de personas en distintos momentos de sus vidas, y <i>Para Todo el Universo<\/i> ser\u00e1 un tributo a esa relaci\u00f3n entre la banda y sus seguidores.<\/p>\t\t\t\t\t\t\t\t<\/div>\n\t\t\t\t<\/div>\n\t\t\t\t\t<\/div>\n\t\t<\/div>\n\t\t\t\t\t<\/div>\n\t\t<\/section>\n\t\t\t\t<section class=\"elementor-section elementor-top-section elementor-element elementor-element-b725746 elementor-section-boxed elementor-section-height-default elementor-section-height-default\" data-id=\"b725746\" data-element_type=\"section\" data-e-type=\"section\">\n\t\t\t\t\t\t<div class=\"elementor-container elementor-column-gap-default\">\n\t\t\t\t\t<div class=\"elementor-column elementor-col-100 elementor-top-column elementor-element elementor-element-ff1522a\" data-id=\"ff1522a\" data-element_type=\"column\" data-e-type=\"column\">\n\t\t\t<div class=\"elementor-widget-wrap elementor-element-populated\">\n\t\t\t\t\t\t<div class=\"elementor-element elementor-element-7d78dd9 elementor-widget elementor-widget-text-editor\" data-id=\"7d78dd9\" data-element_type=\"widget\" data-e-type=\"widget\" data-widget_type=\"text-editor.default\">\n\t\t\t\t<div class=\"elementor-widget-container\">\n\t\t\t\t\t\t\t\t\t<p>La m\u00fasica de Second continuar\u00e1 resonando en los corazones de sus seguidores mucho despu\u00e9s de su despedida, recordando que, como dice una de sus canciones, \u00abven, ven, que ahora viene lo mejor\u00bb. La despedida de Second ser\u00e1 un adi\u00f3s emocionante y una celebraci\u00f3n de una carrera musical llena de pasi\u00f3n y dedicaci\u00f3n.<\/p>\n<p><span style=\"color: var( --e-global-color-text ); font-family: var( --e-global-typography-text-font-family ), Sans-serif; font-weight: var( --e-global-typography-text-font-weight );\">La noticia de su despedida ha conmovido a sus seguidores, quienes han compartido en redes sociales sus recuerdos y aprecio por la banda. \u00abPara Todo el Universo\u00bb promete ser un cierre emotivo para una carrera llena de logros y momentos memorables.<\/span><\/p>\t\t\t\t\t\t\t\t<\/div>\n\t\t\t\t<\/div>\n\t\t\t\t\t<\/div>\n\t\t<\/div>\n\t\t\t\t\t<\/div>\n\t\t<\/section>\n\t\t\t\t<\/div>","protected":false},"excerpt":{"rendered":"<p>20 a\u00f1os despu\u00e9s y con 10 discos en la espalda, Second dice adi\u00f3s La ic\u00f3nica banda de rock independiente, Second, originaria de Murcia, ha decidido poner punto final a su exitosa trayectoria. Con m\u00e1s de 20 a\u00f1os de historia y 10 \u00e1lbumes publicados, la banda ha sido un referente del g\u00e9nero en la escena musical [&hellip;]<\/p>\n","protected":false},"author":1,"featured_media":1316,"comment_status":"open","ping_status":"open","sticky":false,"template":"","format":"standard","meta":{"footnotes":""},"categories":[4],"tags":[],"class_list":["post-1311","post","type-post","status-publish","format-standard","has-post-thumbnail","hentry","category-musica"],"yoast_head":"<!-- This site is optimized with the Yoast SEO plugin v27.4 - https:\/\/yoast.com\/product\/yoast-seo-wordpress\/ -->\n<title>Second Anuncia su \u00daltimo \u00c1lbum en Vivo &quot;Para Todo el Universo&quot; &#8902; Una y Mil Letras<\/title>\n<meta name=\"robots\" content=\"index, follow, max-snippet:-1, max-image-preview:large, max-video-preview:-1\" \/>\n<link rel=\"canonical\" href=\"https:\/\/unaymilletras.com\/en\/elementor-1311\/\" \/>\n<meta property=\"og:locale\" content=\"en_GB\" \/>\n<meta property=\"og:type\" content=\"article\" \/>\n<meta property=\"og:title\" content=\"Second Anuncia su \u00daltimo \u00c1lbum en Vivo &quot;Para Todo el Universo&quot; &#8902; Una y Mil Letras\" \/>\n<meta property=\"og:description\" content=\"20 a\u00f1os despu\u00e9s y con 10 discos en la espalda, Second dice adi\u00f3s La ic\u00f3nica banda de rock independiente, Second, originaria de Murcia, ha decidido poner punto final a su exitosa trayectoria. Con m\u00e1s de 20 a\u00f1os de historia y 10 \u00e1lbumes publicados, la banda ha sido un referente del g\u00e9nero en la escena musical [&hellip;]\" \/>\n<meta property=\"og:url\" content=\"https:\/\/unaymilletras.com\/en\/elementor-1311\/\" \/>\n<meta property=\"og:site_name\" content=\"Una y Mil Letras\" \/>\n<meta property=\"article:published_time\" content=\"2023-10-14T10:40:00+00:00\" \/>\n<meta property=\"og:image\" content=\"https:\/\/unaymilletras.com\/wp-content\/uploads\/2023\/10\/89e0dab4-1534-57d4-7e52-7583f1ff48cd-e1697236293897.jpeg\" \/>\n\t<meta property=\"og:image:width\" content=\"600\" \/>\n\t<meta property=\"og:image:height\" content=\"400\" \/>\n\t<meta property=\"og:image:type\" content=\"image\/jpeg\" \/>\n<meta name=\"author\" content=\"Maria Gil Robledo\" \/>\n<meta name=\"twitter:card\" content=\"summary_large_image\" \/>\n<meta name=\"twitter:creator\" content=\"@UnaYMilLetras\" \/>\n<meta name=\"twitter:site\" content=\"@UnaYMilLetras\" \/>\n<meta name=\"twitter:label1\" content=\"Written by\" \/>\n\t<meta name=\"twitter:data1\" content=\"Maria Gil Robledo\" \/>\n\t<meta name=\"twitter:label2\" content=\"Estimated reading time\" \/>\n\t<meta name=\"twitter:data2\" content=\"3 minutes\" \/>\n<script type=\"application\/ld+json\" class=\"yoast-schema-graph\">{\"@context\":\"https:\\\/\\\/schema.org\",\"@graph\":[{\"@type\":\"Article\",\"@id\":\"https:\\\/\\\/unaymilletras.com\\\/elementor-1311\\\/#article\",\"isPartOf\":{\"@id\":\"https:\\\/\\\/unaymilletras.com\\\/elementor-1311\\\/\"},\"author\":{\"name\":\"Maria Gil Robledo\",\"@id\":\"http:\\\/\\\/unaymilletras.com\\\/#\\\/schema\\\/person\\\/d55ba681b8a4e463d8982dbe36a5dc94\"},\"headline\":\"Second Anuncia su \u00daltimo \u00c1lbum en Vivo \u00abPara Todo el Universo\u00bb\",\"datePublished\":\"2023-10-14T10:40:00+00:00\",\"mainEntityOfPage\":{\"@id\":\"https:\\\/\\\/unaymilletras.com\\\/elementor-1311\\\/\"},\"wordCount\":451,\"commentCount\":0,\"publisher\":{\"@id\":\"http:\\\/\\\/unaymilletras.com\\\/#organization\"},\"image\":{\"@id\":\"https:\\\/\\\/unaymilletras.com\\\/elementor-1311\\\/#primaryimage\"},\"thumbnailUrl\":\"https:\\\/\\\/unaymilletras.com\\\/wp-content\\\/uploads\\\/2023\\\/10\\\/89e0dab4-1534-57d4-7e52-7583f1ff48cd-e1697236293897.jpeg\",\"articleSection\":[\"M\u00fasica\"],\"inLanguage\":\"en-GB\",\"potentialAction\":[{\"@type\":\"CommentAction\",\"name\":\"Comment\",\"target\":[\"https:\\\/\\\/unaymilletras.com\\\/elementor-1311\\\/#respond\"]}]},{\"@type\":\"WebPage\",\"@id\":\"https:\\\/\\\/unaymilletras.com\\\/elementor-1311\\\/\",\"url\":\"https:\\\/\\\/unaymilletras.com\\\/elementor-1311\\\/\",\"name\":\"Second Anuncia su \u00daltimo \u00c1lbum en Vivo \\\"Para Todo el Universo\\\" &#8902; Una y Mil Letras\",\"isPartOf\":{\"@id\":\"http:\\\/\\\/unaymilletras.com\\\/#website\"},\"primaryImageOfPage\":{\"@id\":\"https:\\\/\\\/unaymilletras.com\\\/elementor-1311\\\/#primaryimage\"},\"image\":{\"@id\":\"https:\\\/\\\/unaymilletras.com\\\/elementor-1311\\\/#primaryimage\"},\"thumbnailUrl\":\"https:\\\/\\\/unaymilletras.com\\\/wp-content\\\/uploads\\\/2023\\\/10\\\/89e0dab4-1534-57d4-7e52-7583f1ff48cd-e1697236293897.jpeg\",\"datePublished\":\"2023-10-14T10:40:00+00:00\",\"breadcrumb\":{\"@id\":\"https:\\\/\\\/unaymilletras.com\\\/elementor-1311\\\/#breadcrumb\"},\"inLanguage\":\"en-GB\",\"potentialAction\":[{\"@type\":\"ReadAction\",\"target\":[\"https:\\\/\\\/unaymilletras.com\\\/elementor-1311\\\/\"]}]},{\"@type\":\"ImageObject\",\"inLanguage\":\"en-GB\",\"@id\":\"https:\\\/\\\/unaymilletras.com\\\/elementor-1311\\\/#primaryimage\",\"url\":\"https:\\\/\\\/unaymilletras.com\\\/wp-content\\\/uploads\\\/2023\\\/10\\\/89e0dab4-1534-57d4-7e52-7583f1ff48cd-e1697236293897.jpeg\",\"contentUrl\":\"https:\\\/\\\/unaymilletras.com\\\/wp-content\\\/uploads\\\/2023\\\/10\\\/89e0dab4-1534-57d4-7e52-7583f1ff48cd-e1697236293897.jpeg\",\"width\":600,\"height\":400,\"caption\":\"Foto: Lourdes Mart\u00ednez\"},{\"@type\":\"BreadcrumbList\",\"@id\":\"https:\\\/\\\/unaymilletras.com\\\/elementor-1311\\\/#breadcrumb\",\"itemListElement\":[{\"@type\":\"ListItem\",\"position\":1,\"name\":\"Home\",\"item\":\"http:\\\/\\\/unaymilletras.com\\\/\"},{\"@type\":\"ListItem\",\"position\":2,\"name\":\"Second Anuncia su \u00daltimo \u00c1lbum en Vivo \u00abPara Todo el Universo\u00bb\"}]},{\"@type\":\"WebSite\",\"@id\":\"http:\\\/\\\/unaymilletras.com\\\/#website\",\"url\":\"http:\\\/\\\/unaymilletras.com\\\/\",\"name\":\"Una y Mil Letras\",\"description\":\"\",\"publisher\":{\"@id\":\"http:\\\/\\\/unaymilletras.com\\\/#organization\"},\"potentialAction\":[{\"@type\":\"SearchAction\",\"target\":{\"@type\":\"EntryPoint\",\"urlTemplate\":\"http:\\\/\\\/unaymilletras.com\\\/?s={search_term_string}\"},\"query-input\":{\"@type\":\"PropertyValueSpecification\",\"valueRequired\":true,\"valueName\":\"search_term_string\"}}],\"inLanguage\":\"en-GB\"},{\"@type\":\"Organization\",\"@id\":\"http:\\\/\\\/unaymilletras.com\\\/#organization\",\"name\":\"Una y Mil Letras\",\"url\":\"http:\\\/\\\/unaymilletras.com\\\/\",\"logo\":{\"@type\":\"ImageObject\",\"inLanguage\":\"en-GB\",\"@id\":\"http:\\\/\\\/unaymilletras.com\\\/#\\\/schema\\\/logo\\\/image\\\/\",\"url\":\"https:\\\/\\\/unaymilletras.com\\\/wp-content\\\/uploads\\\/2024\\\/06\\\/cropped-Logo-removebg-preview.png\",\"contentUrl\":\"https:\\\/\\\/unaymilletras.com\\\/wp-content\\\/uploads\\\/2024\\\/06\\\/cropped-Logo-removebg-preview.png\",\"width\":512,\"height\":512,\"caption\":\"Una y Mil Letras\"},\"image\":{\"@id\":\"http:\\\/\\\/unaymilletras.com\\\/#\\\/schema\\\/logo\\\/image\\\/\"},\"sameAs\":[\"https:\\\/\\\/x.com\\\/UnaYMilLetras\",\"https:\\\/\\\/instagram.com\\\/UnaYMilLetras\"]},{\"@type\":\"Person\",\"@id\":\"http:\\\/\\\/unaymilletras.com\\\/#\\\/schema\\\/person\\\/d55ba681b8a4e463d8982dbe36a5dc94\",\"name\":\"Maria Gil Robledo\",\"image\":{\"@type\":\"ImageObject\",\"inLanguage\":\"en-GB\",\"@id\":\"https:\\\/\\\/secure.gravatar.com\\\/avatar\\\/4b8e5102e0015789407eb4870b12f0f2857952d83ca124058f92b764bd1840c3?s=96&d=mm&r=g\",\"url\":\"https:\\\/\\\/secure.gravatar.com\\\/avatar\\\/4b8e5102e0015789407eb4870b12f0f2857952d83ca124058f92b764bd1840c3?s=96&d=mm&r=g\",\"contentUrl\":\"https:\\\/\\\/secure.gravatar.com\\\/avatar\\\/4b8e5102e0015789407eb4870b12f0f2857952d83ca124058f92b764bd1840c3?s=96&d=mm&r=g\",\"caption\":\"Maria Gil Robledo\"},\"sameAs\":[\"http:\\\/\\\/unaymilletras.com\"],\"url\":\"https:\\\/\\\/unaymilletras.com\\\/en\\\/author\\\/mariiagiil02_\\\/\"}]}<\/script>\n<!-- \/ Yoast SEO plugin. -->","yoast_head_json":{"title":"Second Anuncia su \u00daltimo \u00c1lbum en Vivo \"Para Todo el Universo\" &#8902; Una y Mil Letras","robots":{"index":"index","follow":"follow","max-snippet":"max-snippet:-1","max-image-preview":"max-image-preview:large","max-video-preview":"max-video-preview:-1"},"canonical":"https:\/\/unaymilletras.com\/en\/elementor-1311\/","og_locale":"en_GB","og_type":"article","og_title":"Second Anuncia su \u00daltimo \u00c1lbum en Vivo \"Para Todo el Universo\" &#8902; Una y Mil Letras","og_description":"20 a\u00f1os despu\u00e9s y con 10 discos en la espalda, Second dice adi\u00f3s La ic\u00f3nica banda de rock independiente, Second, originaria de Murcia, ha decidido poner punto final a su exitosa trayectoria. Con m\u00e1s de 20 a\u00f1os de historia y 10 \u00e1lbumes publicados, la banda ha sido un referente del g\u00e9nero en la escena musical [&hellip;]","og_url":"https:\/\/unaymilletras.com\/en\/elementor-1311\/","og_site_name":"Una y Mil Letras","article_published_time":"2023-10-14T10:40:00+00:00","og_image":[{"width":600,"height":400,"url":"https:\/\/unaymilletras.com\/wp-content\/uploads\/2023\/10\/89e0dab4-1534-57d4-7e52-7583f1ff48cd-e1697236293897.jpeg","type":"image\/jpeg"}],"author":"Maria Gil Robledo","twitter_card":"summary_large_image","twitter_creator":"@UnaYMilLetras","twitter_site":"@UnaYMilLetras","twitter_misc":{"Written by":"Maria Gil Robledo","Estimated reading time":"3 minutes"},"schema":{"@context":"https:\/\/schema.org","@graph":[{"@type":"Article","@id":"https:\/\/unaymilletras.com\/elementor-1311\/#article","isPartOf":{"@id":"https:\/\/unaymilletras.com\/elementor-1311\/"},"author":{"name":"Maria Gil Robledo","@id":"http:\/\/unaymilletras.com\/#\/schema\/person\/d55ba681b8a4e463d8982dbe36a5dc94"},"headline":"Second Anuncia su \u00daltimo \u00c1lbum en Vivo \u00abPara Todo el Universo\u00bb","datePublished":"2023-10-14T10:40:00+00:00","mainEntityOfPage":{"@id":"https:\/\/unaymilletras.com\/elementor-1311\/"},"wordCount":451,"commentCount":0,"publisher":{"@id":"http:\/\/unaymilletras.com\/#organization"},"image":{"@id":"https:\/\/unaymilletras.com\/elementor-1311\/#primaryimage"},"thumbnailUrl":"https:\/\/unaymilletras.com\/wp-content\/uploads\/2023\/10\/89e0dab4-1534-57d4-7e52-7583f1ff48cd-e1697236293897.jpeg","articleSection":["M\u00fasica"],"inLanguage":"en-GB","potentialAction":[{"@type":"CommentAction","name":"Comment","target":["https:\/\/unaymilletras.com\/elementor-1311\/#respond"]}]},{"@type":"WebPage","@id":"https:\/\/unaymilletras.com\/elementor-1311\/","url":"https:\/\/unaymilletras.com\/elementor-1311\/","name":"Second Anuncia su \u00daltimo \u00c1lbum en Vivo \"Para Todo el Universo\" &#8902; Una y Mil Letras","isPartOf":{"@id":"http:\/\/unaymilletras.com\/#website"},"primaryImageOfPage":{"@id":"https:\/\/unaymilletras.com\/elementor-1311\/#primaryimage"},"image":{"@id":"https:\/\/unaymilletras.com\/elementor-1311\/#primaryimage"},"thumbnailUrl":"https:\/\/unaymilletras.com\/wp-content\/uploads\/2023\/10\/89e0dab4-1534-57d4-7e52-7583f1ff48cd-e1697236293897.jpeg","datePublished":"2023-10-14T10:40:00+00:00","breadcrumb":{"@id":"https:\/\/unaymilletras.com\/elementor-1311\/#breadcrumb"},"inLanguage":"en-GB","potentialAction":[{"@type":"ReadAction","target":["https:\/\/unaymilletras.com\/elementor-1311\/"]}]},{"@type":"ImageObject","inLanguage":"en-GB","@id":"https:\/\/unaymilletras.com\/elementor-1311\/#primaryimage","url":"https:\/\/unaymilletras.com\/wp-content\/uploads\/2023\/10\/89e0dab4-1534-57d4-7e52-7583f1ff48cd-e1697236293897.jpeg","contentUrl":"https:\/\/unaymilletras.com\/wp-content\/uploads\/2023\/10\/89e0dab4-1534-57d4-7e52-7583f1ff48cd-e1697236293897.jpeg","width":600,"height":400,"caption":"Foto: Lourdes Mart\u00ednez"},{"@type":"BreadcrumbList","@id":"https:\/\/unaymilletras.com\/elementor-1311\/#breadcrumb","itemListElement":[{"@type":"ListItem","position":1,"name":"Home","item":"http:\/\/unaymilletras.com\/"},{"@type":"ListItem","position":2,"name":"Second Anuncia su \u00daltimo \u00c1lbum en Vivo \u00abPara Todo el Universo\u00bb"}]},{"@type":"WebSite","@id":"http:\/\/unaymilletras.com\/#website","url":"http:\/\/unaymilletras.com\/","name":"Una y Mil Letras","description":"","publisher":{"@id":"http:\/\/unaymilletras.com\/#organization"},"potentialAction":[{"@type":"SearchAction","target":{"@type":"EntryPoint","urlTemplate":"http:\/\/unaymilletras.com\/?s={search_term_string}"},"query-input":{"@type":"PropertyValueSpecification","valueRequired":true,"valueName":"search_term_string"}}],"inLanguage":"en-GB"},{"@type":"Organization","@id":"http:\/\/unaymilletras.com\/#organization","name":"Una y Mil Letras","url":"http:\/\/unaymilletras.com\/","logo":{"@type":"ImageObject","inLanguage":"en-GB","@id":"http:\/\/unaymilletras.com\/#\/schema\/logo\/image\/","url":"https:\/\/unaymilletras.com\/wp-content\/uploads\/2024\/06\/cropped-Logo-removebg-preview.png","contentUrl":"https:\/\/unaymilletras.com\/wp-content\/uploads\/2024\/06\/cropped-Logo-removebg-preview.png","width":512,"height":512,"caption":"Una y Mil Letras"},"image":{"@id":"http:\/\/unaymilletras.com\/#\/schema\/logo\/image\/"},"sameAs":["https:\/\/x.com\/UnaYMilLetras","https:\/\/instagram.com\/UnaYMilLetras"]},{"@type":"Person","@id":"http:\/\/unaymilletras.com\/#\/schema\/person\/d55ba681b8a4e463d8982dbe36a5dc94","name":"Maria Gil Robledo","image":{"@type":"ImageObject","inLanguage":"en-GB","@id":"https:\/\/secure.gravatar.com\/avatar\/4b8e5102e0015789407eb4870b12f0f2857952d83ca124058f92b764bd1840c3?s=96&d=mm&r=g","url":"https:\/\/secure.gravatar.com\/avatar\/4b8e5102e0015789407eb4870b12f0f2857952d83ca124058f92b764bd1840c3?s=96&d=mm&r=g","contentUrl":"https:\/\/secure.gravatar.com\/avatar\/4b8e5102e0015789407eb4870b12f0f2857952d83ca124058f92b764bd1840c3?s=96&d=mm&r=g","caption":"Maria Gil Robledo"},"sameAs":["http:\/\/unaymilletras.com"],"url":"https:\/\/unaymilletras.com\/en\/author\/mariiagiil02_\/"}]}},"_links":{"self":[{"href":"https:\/\/unaymilletras.com\/en\/wp-json\/wp\/v2\/posts\/1311","targetHints":{"allow":["GET"]}}],"collection":[{"href":"https:\/\/unaymilletras.com\/en\/wp-json\/wp\/v2\/posts"}],"about":[{"href":"https:\/\/unaymilletras.com\/en\/wp-json\/wp\/v2\/types\/post"}],"author":[{"embeddable":true,"href":"https:\/\/unaymilletras.com\/en\/wp-json\/wp\/v2\/users\/1"}],"replies":[{"embeddable":true,"href":"https:\/\/unaymilletras.com\/en\/wp-json\/wp\/v2\/comments?post=1311"}],"version-history":[{"count":8,"href":"https:\/\/unaymilletras.com\/en\/wp-json\/wp\/v2\/posts\/1311\/revisions"}],"predecessor-version":[{"id":1321,"href":"https:\/\/unaymilletras.com\/en\/wp-json\/wp\/v2\/posts\/1311\/revisions\/1321"}],"wp:featuredmedia":[{"embeddable":true,"href":"https:\/\/unaymilletras.com\/en\/wp-json\/wp\/v2\/media\/1316"}],"wp:attachment":[{"href":"https:\/\/unaymilletras.com\/en\/wp-json\/wp\/v2\/media?parent=1311"}],"wp:term":[{"taxonomy":"category","embeddable":true,"href":"https:\/\/unaymilletras.com\/en\/wp-json\/wp\/v2\/categories?post=1311"},{"taxonomy":"post_tag","embeddable":true,"href":"https:\/\/unaymilletras.com\/en\/wp-json\/wp\/v2\/tags?post=1311"}],"curies":[{"name":"wp","href":"https:\/\/api.w.org\/{rel}","templated":true}]}}