{"id":1331,"date":"2023-10-16T12:00:00","date_gmt":"2023-10-16T10:00:00","guid":{"rendered":"https:\/\/unaymilletras.com\/?p=1331"},"modified":"2023-10-16T12:09:58","modified_gmt":"2023-10-16T10:09:58","slug":"felipe-de-lira-lanza-su-primer-ep-caritas-%cb%98-%c2%b3%cb%98%e2%99%a5%ef%b8%8f","status":"publish","type":"post","link":"https:\/\/unaymilletras.com\/en\/felipe-de-lira-lanza-su-primer-ep-caritas-%cb%98-%c2%b3%cb%98%e2%99%a5%ef%b8%8f\/","title":{"rendered":"felipe de lira lanza su primer EP: CARITAS ( \u02d8 \u00b3\u02d8)\u2665\ufe0f"},"content":{"rendered":"<div data-elementor-type=\"wp-post\" data-elementor-id=\"1331\" class=\"elementor elementor-1331\">\n\t\t\t\t\t\t<section class=\"elementor-section elementor-top-section elementor-element elementor-element-fcd05d9 elementor-section-boxed elementor-section-height-default elementor-section-height-default\" data-id=\"fcd05d9\" data-element_type=\"section\" data-e-type=\"section\">\n\t\t\t\t\t\t<div class=\"elementor-container elementor-column-gap-default\">\n\t\t\t\t\t<div class=\"elementor-column elementor-col-100 elementor-top-column elementor-element elementor-element-7d409a7\" data-id=\"7d409a7\" data-element_type=\"column\" data-e-type=\"column\">\n\t\t\t<div class=\"elementor-widget-wrap elementor-element-populated\">\n\t\t\t\t\t\t<div class=\"elementor-element elementor-element-843aca9 elementor-widget elementor-widget-text-editor\" data-id=\"843aca9\" data-element_type=\"widget\" data-e-type=\"widget\" data-widget_type=\"text-editor.default\">\n\t\t\t\t<div class=\"elementor-widget-container\">\n\t\t\t\t\t\t\t\t\t<h2><span style=\"color: #808080;\"><em>Rosal\u00eda, Luna Ki, SZA o Nathy Peluso entre otras han inspirado los trabajos de felipe de lira<\/em><\/span><\/h2>\t\t\t\t\t\t\t\t<\/div>\n\t\t\t\t<\/div>\n\t\t\t\t\t<\/div>\n\t\t<\/div>\n\t\t\t\t\t<\/div>\n\t\t<\/section>\n\t\t\t\t<section class=\"elementor-section elementor-top-section elementor-element elementor-element-17600cf elementor-section-boxed elementor-section-height-default elementor-section-height-default\" data-id=\"17600cf\" data-element_type=\"section\" data-e-type=\"section\">\n\t\t\t\t\t\t<div class=\"elementor-container elementor-column-gap-default\">\n\t\t\t\t\t<div class=\"elementor-column elementor-col-100 elementor-top-column elementor-element elementor-element-fbfdf02\" data-id=\"fbfdf02\" data-element_type=\"column\" data-e-type=\"column\">\n\t\t\t<div class=\"elementor-widget-wrap elementor-element-populated\">\n\t\t\t\t\t\t<div class=\"elementor-element elementor-element-8d6999d elementor-widget elementor-widget-text-editor\" data-id=\"8d6999d\" data-element_type=\"widget\" data-e-type=\"widget\" data-widget_type=\"text-editor.default\">\n\t\t\t\t<div class=\"elementor-widget-container\">\n\t\t\t\t\t\t\t\t\t<p>En 2021, <strong>felipe de lira<\/strong> estrenaba <strong><em>se me est\u00e1 olvidando<\/em><\/strong><em> <strong>tu voz<\/strong><\/em>, una canci\u00f3n de folk-pop melanc\u00f3lico. Con este sencillo daba el salto a la m\u00fasica par, dos a\u00f1os des<span style=\"color: #808080;\">pu\u00e9s, lanzar <a style=\"color: #808080;\" href=\"https:\/\/open.spotify.com\/intl-es\/artist\/2a0VIIRK5cu45SIkhWXcRo?si=7U19qd62TeOm4qFc1LQ5qA\"><strong><em>CARITAS ( \u02d8 \u00b3\u02d8)<\/em><\/strong><strong><em>\u2665\ufe0f<\/em><\/strong><\/a>, su primer EP que ver\u00e1 la luz el pr\u00f3ximo 20 de octubre. Con un e<\/span>stilo, el cantautor se ha inspirado en grandes artistas co<span style=\"color: #808080;\">mo <strong><a style=\"color: #808080;\" href=\"https:\/\/unaymilletras.com\/en\/rosalia-tuya\/\">Rosal\u00eda<\/a><\/strong>, <strong>Nathy Peluso<\/strong> o <strong>SZA<\/strong> en<\/span>tre otras muchas para crear sus trabajos.<\/p>\t\t\t\t\t\t\t\t<\/div>\n\t\t\t\t<\/div>\n\t\t\t\t\t<\/div>\n\t\t<\/div>\n\t\t\t\t\t<\/div>\n\t\t<\/section>\n\t\t\t\t<section class=\"elementor-section elementor-top-section elementor-element elementor-element-6ee3e52 elementor-section-boxed elementor-section-height-default elementor-section-height-default\" data-id=\"6ee3e52\" data-element_type=\"section\" data-e-type=\"section\">\n\t\t\t\t\t\t<div class=\"elementor-container elementor-column-gap-default\">\n\t\t\t\t\t<div class=\"elementor-column elementor-col-100 elementor-top-column elementor-element elementor-element-7a6f728\" data-id=\"7a6f728\" data-element_type=\"column\" data-e-type=\"column\">\n\t\t\t<div class=\"elementor-widget-wrap elementor-element-populated\">\n\t\t\t\t\t\t<div class=\"elementor-element elementor-element-ddfeeb1 elementor-widget elementor-widget-image\" data-id=\"ddfeeb1\" data-element_type=\"widget\" data-e-type=\"widget\" data-widget_type=\"image.default\">\n\t\t\t\t<div class=\"elementor-widget-container\">\n\t\t\t\t\t\t\t\t\t\t\t\t<figure class=\"wp-caption\">\n\t\t\t\t\t\t\t\t\t\t<img fetchpriority=\"high\" decoding=\"async\" width=\"640\" height=\"480\" src=\"https:\/\/unaymilletras.com\/wp-content\/uploads\/2023\/10\/Diseno-sin-titulo-10-1024x768.png\" class=\"attachment-large size-large wp-image-1333\" alt=\"felipe de lira\" srcset=\"https:\/\/unaymilletras.com\/wp-content\/uploads\/2023\/10\/Diseno-sin-titulo-10-1024x768.png 1024w, https:\/\/unaymilletras.com\/wp-content\/uploads\/2023\/10\/Diseno-sin-titulo-10-300x225.png 300w, https:\/\/unaymilletras.com\/wp-content\/uploads\/2023\/10\/Diseno-sin-titulo-10-768x576.png 768w, https:\/\/unaymilletras.com\/wp-content\/uploads\/2023\/10\/Diseno-sin-titulo-10-1536x1152.png 1536w, https:\/\/unaymilletras.com\/wp-content\/uploads\/2023\/10\/Diseno-sin-titulo-10-e1697368642792.png 600w\" sizes=\"(max-width: 640px) 100vw, 640px\" \/>\t\t\t\t\t\t\t\t\t\t\t<figcaption class=\"widget-image-caption wp-caption-text\">Foto: @beibiromeo \/\/ Maquillaje: @sanshine.makeupp<\/figcaption>\n\t\t\t\t\t\t\t\t\t\t<\/figure>\n\t\t\t\t\t\t\t\t\t<\/div>\n\t\t\t\t<\/div>\n\t\t\t\t\t<\/div>\n\t\t<\/div>\n\t\t\t\t\t<\/div>\n\t\t<\/section>\n\t\t\t\t<section class=\"elementor-section elementor-top-section elementor-element elementor-element-2a29f76 elementor-section-boxed elementor-section-height-default elementor-section-height-default\" data-id=\"2a29f76\" data-element_type=\"section\" data-e-type=\"section\">\n\t\t\t\t\t\t<div class=\"elementor-container elementor-column-gap-default\">\n\t\t\t\t\t<div class=\"elementor-column elementor-col-100 elementor-top-column elementor-element elementor-element-558ea7c\" data-id=\"558ea7c\" data-element_type=\"column\" data-e-type=\"column\">\n\t\t\t<div class=\"elementor-widget-wrap elementor-element-populated\">\n\t\t\t\t\t\t<div class=\"elementor-element elementor-element-897b971 elementor-widget elementor-widget-text-editor\" data-id=\"897b971\" data-element_type=\"widget\" data-e-type=\"widget\" data-widget_type=\"text-editor.default\">\n\t\t\t\t<div class=\"elementor-widget-container\">\n\t\t\t\t\t\t\t\t\t<p>El segundo de sus lanzamientos fue <strong><em>PASANDO DE M\u00cd<\/em><\/strong>, siguiendo el estilo pop, pero en el subg\u00e9nero bedroom \/ rock indie. Tras esto llegaron <em><b>carita CUTE &#8211;<\/b><\/em> y <em><b>carita CUTE &#8211; (Remix)<\/b><\/em> con <b>Dasha Boo<\/b>, lo que supuso un cambio en la forma en la que Felipe de lira compon\u00eda. Aqu\u00ed experiment\u00f3 con sonidos nuevos, pero con el pop siempre presente. Fue con estos lanzamientos con los que obtuvo nuevos oyentes gracias a su repercusi\u00f3n en TikTok.<\/p>\n<p>Ahora, el artista estrena su EP del que ya se han podido escuchar tres de las canciones que lo componen: <em><b>carita CUTE &#8211;<\/b><\/em>, <em><b>MD ^-^<\/b><\/em> y <em><b>ew :p<\/b><\/em>. A estas se a\u00f1aden:<\/p>\t\t\t\t\t\t\t\t<\/div>\n\t\t\t\t<\/div>\n\t\t\t\t\t<\/div>\n\t\t<\/div>\n\t\t\t\t\t<\/div>\n\t\t<\/section>\n\t\t\t\t<section class=\"elementor-section elementor-top-section elementor-element elementor-element-f69ce96 elementor-section-boxed elementor-section-height-default elementor-section-height-default\" data-id=\"f69ce96\" data-element_type=\"section\" data-e-type=\"section\">\n\t\t\t\t\t\t<div class=\"elementor-container elementor-column-gap-default\">\n\t\t\t\t\t<div class=\"elementor-column elementor-col-50 elementor-top-column elementor-element elementor-element-9964380\" data-id=\"9964380\" data-element_type=\"column\" data-e-type=\"column\">\n\t\t\t<div class=\"elementor-widget-wrap elementor-element-populated\">\n\t\t\t\t\t\t<div class=\"elementor-element elementor-element-fec14fd elementor-widget elementor-widget-text-editor\" data-id=\"fec14fd\" data-element_type=\"widget\" data-e-type=\"widget\" data-widget_type=\"text-editor.default\">\n\t\t\t\t<div class=\"elementor-widget-container\">\n\t\t\t\t\t\t\t\t\t<p><strong><em>YANOS\u00c9 :\/<\/em><\/strong>: una canci\u00f3n que habla sobre la decepci\u00f3n con varias de las relaciones amorosas de Felipe, mezclado con el miedo a que vuelva a suceder. En el tema se expresa la frustraci\u00f3n y el dolor, incluso se muestra la idea de la venganza. Es una canci\u00f3n con reminiscencias de hyperpop busca divertir, emocionar, y normalizar la ansiedad y los sentimientos de rabia y fracaso.<\/p>\t\t\t\t\t\t\t\t<\/div>\n\t\t\t\t<\/div>\n\t\t\t\t\t<\/div>\n\t\t<\/div>\n\t\t\t\t<div class=\"elementor-column elementor-col-50 elementor-top-column elementor-element elementor-element-0fb4462\" data-id=\"0fb4462\" data-element_type=\"column\" data-e-type=\"column\">\n\t\t\t<div class=\"elementor-widget-wrap elementor-element-populated\">\n\t\t\t\t\t\t<div class=\"elementor-element elementor-element-5d6c5f0 elementor-widget elementor-widget-image\" data-id=\"5d6c5f0\" data-element_type=\"widget\" data-e-type=\"widget\" data-widget_type=\"image.default\">\n\t\t\t\t<div class=\"elementor-widget-container\">\n\t\t\t\t\t\t\t\t\t\t\t\t<figure class=\"wp-caption\">\n\t\t\t\t\t\t\t\t\t\t<img decoding=\"async\" width=\"640\" height=\"640\" src=\"https:\/\/unaymilletras.com\/wp-content\/uploads\/2023\/10\/portada-alt-1024x1024.png\" class=\"attachment-large size-large wp-image-1336\" alt=\"\" srcset=\"https:\/\/unaymilletras.com\/wp-content\/uploads\/2023\/10\/portada-alt-1024x1024.png 1024w, https:\/\/unaymilletras.com\/wp-content\/uploads\/2023\/10\/portada-alt-300x300.png 300w, https:\/\/unaymilletras.com\/wp-content\/uploads\/2023\/10\/portada-alt-150x150.png 150w, https:\/\/unaymilletras.com\/wp-content\/uploads\/2023\/10\/portada-alt-768x768.png 768w, https:\/\/unaymilletras.com\/wp-content\/uploads\/2023\/10\/portada-alt-1536x1536.png 1536w, https:\/\/unaymilletras.com\/wp-content\/uploads\/2023\/10\/portada-alt-2048x2048.png 2048w, https:\/\/unaymilletras.com\/wp-content\/uploads\/2023\/10\/portada-alt-e1697368741431.png 600w\" sizes=\"(max-width: 640px) 100vw, 640px\" \/>\t\t\t\t\t\t\t\t\t\t\t<figcaption class=\"widget-image-caption wp-caption-text\">Foto: @beibiromeo \/\/ Maquillaje: @sanshine.makeupp<\/figcaption>\n\t\t\t\t\t\t\t\t\t\t<\/figure>\n\t\t\t\t\t\t\t\t\t<\/div>\n\t\t\t\t<\/div>\n\t\t\t\t\t<\/div>\n\t\t<\/div>\n\t\t\t\t\t<\/div>\n\t\t<\/section>\n\t\t\t\t<section class=\"elementor-section elementor-top-section elementor-element elementor-element-f48b6e1 elementor-section-boxed elementor-section-height-default elementor-section-height-default\" data-id=\"f48b6e1\" data-element_type=\"section\" data-e-type=\"section\">\n\t\t\t\t\t\t<div class=\"elementor-container elementor-column-gap-default\">\n\t\t\t\t\t<div class=\"elementor-column elementor-col-100 elementor-top-column elementor-element elementor-element-c1262f5\" data-id=\"c1262f5\" data-element_type=\"column\" data-e-type=\"column\">\n\t\t\t<div class=\"elementor-widget-wrap elementor-element-populated\">\n\t\t\t\t\t\t<div class=\"elementor-element elementor-element-86d404e elementor-widget elementor-widget-text-editor\" data-id=\"86d404e\" data-element_type=\"widget\" data-e-type=\"widget\" data-widget_type=\"text-editor.default\">\n\t\t\t\t<div class=\"elementor-widget-container\">\n\t\t\t\t\t\t\t\t\t<p><strong><em>ves -.-<\/em><\/strong>: esta composici\u00f3n refuerza la idea de la anterior, a\u00f1adiendo sonidos de hip-hop y pop. En este tema hay referencias claras a la artista argentina Nathy Peluso.<\/p>\t\t\t\t\t\t\t\t<\/div>\n\t\t\t\t<\/div>\n\t\t\t\t\t<\/div>\n\t\t<\/div>\n\t\t\t\t\t<\/div>\n\t\t<\/section>\n\t\t\t\t<section class=\"elementor-section elementor-top-section elementor-element elementor-element-7dc8e29 elementor-section-boxed elementor-section-height-default elementor-section-height-default\" data-id=\"7dc8e29\" data-element_type=\"section\" data-e-type=\"section\">\n\t\t\t\t\t\t<div class=\"elementor-container elementor-column-gap-default\">\n\t\t\t\t\t<div class=\"elementor-column elementor-col-50 elementor-top-column elementor-element elementor-element-bb4ae6f\" data-id=\"bb4ae6f\" data-element_type=\"column\" data-e-type=\"column\">\n\t\t\t<div class=\"elementor-widget-wrap elementor-element-populated\">\n\t\t\t\t\t\t<div class=\"elementor-element elementor-element-f89b139 elementor-widget elementor-widget-image\" data-id=\"f89b139\" data-element_type=\"widget\" data-e-type=\"widget\" data-widget_type=\"image.default\">\n\t\t\t\t<div class=\"elementor-widget-container\">\n\t\t\t\t\t\t\t\t\t\t\t\t<figure class=\"wp-caption\">\n\t\t\t\t\t\t\t\t\t\t<img decoding=\"async\" width=\"640\" height=\"640\" src=\"https:\/\/unaymilletras.com\/wp-content\/uploads\/2023\/10\/portada-alt3-1024x1024.png\" class=\"attachment-large size-large wp-image-1337\" alt=\"\" srcset=\"https:\/\/unaymilletras.com\/wp-content\/uploads\/2023\/10\/portada-alt3-1024x1024.png 1024w, https:\/\/unaymilletras.com\/wp-content\/uploads\/2023\/10\/portada-alt3-300x300.png 300w, https:\/\/unaymilletras.com\/wp-content\/uploads\/2023\/10\/portada-alt3-150x150.png 150w, https:\/\/unaymilletras.com\/wp-content\/uploads\/2023\/10\/portada-alt3-768x768.png 768w, https:\/\/unaymilletras.com\/wp-content\/uploads\/2023\/10\/portada-alt3-1536x1536.png 1536w, https:\/\/unaymilletras.com\/wp-content\/uploads\/2023\/10\/portada-alt3-2048x2048.png 2048w, https:\/\/unaymilletras.com\/wp-content\/uploads\/2023\/10\/portada-alt3-e1697368802924.png 600w\" sizes=\"(max-width: 640px) 100vw, 640px\" \/>\t\t\t\t\t\t\t\t\t\t\t<figcaption class=\"widget-image-caption wp-caption-text\">Foto: @beibiromeo \/\/ Maquillaje: @sanshine.makeupp<\/figcaption>\n\t\t\t\t\t\t\t\t\t\t<\/figure>\n\t\t\t\t\t\t\t\t\t<\/div>\n\t\t\t\t<\/div>\n\t\t\t\t\t<\/div>\n\t\t<\/div>\n\t\t\t\t<div class=\"elementor-column elementor-col-50 elementor-top-column elementor-element elementor-element-3878cc3\" data-id=\"3878cc3\" data-element_type=\"column\" data-e-type=\"column\">\n\t\t\t<div class=\"elementor-widget-wrap elementor-element-populated\">\n\t\t\t\t\t\t<div class=\"elementor-element elementor-element-30dffc0 elementor-widget elementor-widget-text-editor\" data-id=\"30dffc0\" data-element_type=\"widget\" data-e-type=\"widget\" data-widget_type=\"text-editor.default\">\n\t\t\t\t<div class=\"elementor-widget-container\">\n\t\t\t\t\t\t\t\t\t<p><strong><em>s\u00e9 que nunca lo vas a escuchar :-#<\/em><\/strong>: esta vez hablamos de un audio que sirve de interlude durante un breakdown que felipe de lira tuvo a las tres de la ma\u00f1ana. Con \u00e9l cuenta que se arrepiente de lo dicho en las canciones anteriores y muestra sus ganas de querer volver con la persona. \u00a0Actualmente asegura que le da mucha verg\u00fcenza y que no lo ha vuelto a escuchar nunca.<\/p>\t\t\t\t\t\t\t\t<\/div>\n\t\t\t\t<\/div>\n\t\t\t\t\t<\/div>\n\t\t<\/div>\n\t\t\t\t\t<\/div>\n\t\t<\/section>\n\t\t\t\t<section class=\"elementor-section elementor-top-section elementor-element elementor-element-eac1d3f elementor-section-boxed elementor-section-height-default elementor-section-height-default\" data-id=\"eac1d3f\" data-element_type=\"section\" data-e-type=\"section\">\n\t\t\t\t\t\t<div class=\"elementor-container elementor-column-gap-default\">\n\t\t\t\t\t<div class=\"elementor-column elementor-col-100 elementor-top-column elementor-element elementor-element-1c3fd17\" data-id=\"1c3fd17\" data-element_type=\"column\" data-e-type=\"column\">\n\t\t\t<div class=\"elementor-widget-wrap elementor-element-populated\">\n\t\t\t\t\t\t<div class=\"elementor-element elementor-element-7cecb88 elementor-widget elementor-widget-text-editor\" data-id=\"7cecb88\" data-element_type=\"widget\" data-e-type=\"widget\" data-widget_type=\"text-editor.default\">\n\t\t\t\t<div class=\"elementor-widget-container\">\n\t\t\t\t\t\t\t\t\t<p><strong><em>carita SAD \ud83d\ude41<\/em><\/strong>: una balada con sonidos hyperpop y una letra nost\u00e1lgita y desgarradora. \u201cPosiblemente la canci\u00f3n m\u00e1s triste que haya hecho nunca\u201d, asegura. Las referencias para esta canci\u00f3n <em>Open<\/em> <em>arms<\/em> de SZA, Every rule de Charli xcx y <em>Fuentes de Ortiz<\/em> de Ed Maverick.<\/p>\t\t\t\t\t\t\t\t<\/div>\n\t\t\t\t<\/div>\n\t\t\t\t\t<\/div>\n\t\t<\/div>\n\t\t\t\t\t<\/div>\n\t\t<\/section>\n\t\t\t\t<section class=\"elementor-section elementor-top-section elementor-element elementor-element-2d1e131 elementor-section-boxed elementor-section-height-default elementor-section-height-default\" data-id=\"2d1e131\" data-element_type=\"section\" data-e-type=\"section\">\n\t\t\t\t\t\t<div class=\"elementor-container elementor-column-gap-default\">\n\t\t\t\t\t<div class=\"elementor-column elementor-col-50 elementor-top-column elementor-element elementor-element-4237f49\" data-id=\"4237f49\" data-element_type=\"column\" data-e-type=\"column\">\n\t\t\t<div class=\"elementor-widget-wrap elementor-element-populated\">\n\t\t\t\t\t\t<div class=\"elementor-element elementor-element-1f85dd0 elementor-widget elementor-widget-text-editor\" data-id=\"1f85dd0\" data-element_type=\"widget\" data-e-type=\"widget\" data-widget_type=\"text-editor.default\">\n\t\t\t\t<div class=\"elementor-widget-container\">\n\t\t\t\t\t\t\t\t\t<p>A la hora de escuchar este EP, felipe recomienda hacerlo en orden. Ha querido contar una \u00e9poca de su vida en la que sinti\u00f3 numerosas emociones a trav\u00e9s de sus canciones y solo se podr\u00e1 entender haci\u00e9ndolo de esta manera. Adem\u00e1s, asegura que habr\u00e1 una versi\u00f3n DELUXE que contar\u00e1 con remixes exclusivos y nuevas canciones.<\/p>\t\t\t\t\t\t\t\t<\/div>\n\t\t\t\t<\/div>\n\t\t\t\t\t<\/div>\n\t\t<\/div>\n\t\t\t\t<div class=\"elementor-column elementor-col-50 elementor-top-column elementor-element elementor-element-236d42b\" data-id=\"236d42b\" data-element_type=\"column\" data-e-type=\"column\">\n\t\t\t<div class=\"elementor-widget-wrap elementor-element-populated\">\n\t\t\t\t\t\t<div class=\"elementor-element elementor-element-978b68d elementor-widget elementor-widget-image\" data-id=\"978b68d\" data-element_type=\"widget\" data-e-type=\"widget\" data-widget_type=\"image.default\">\n\t\t\t\t<div class=\"elementor-widget-container\">\n\t\t\t\t\t\t\t\t\t\t\t\t<figure class=\"wp-caption\">\n\t\t\t\t\t\t\t\t\t\t<img loading=\"lazy\" decoding=\"async\" width=\"640\" height=\"640\" src=\"https:\/\/unaymilletras.com\/wp-content\/uploads\/2023\/10\/EJEMPLO-CD-MONTADO-3-1-1024x1024.png\" class=\"attachment-large size-large wp-image-1334\" alt=\"\" srcset=\"https:\/\/unaymilletras.com\/wp-content\/uploads\/2023\/10\/EJEMPLO-CD-MONTADO-3-1-1024x1024.png 1024w, https:\/\/unaymilletras.com\/wp-content\/uploads\/2023\/10\/EJEMPLO-CD-MONTADO-3-1-300x300.png 300w, https:\/\/unaymilletras.com\/wp-content\/uploads\/2023\/10\/EJEMPLO-CD-MONTADO-3-1-150x150.png 150w, https:\/\/unaymilletras.com\/wp-content\/uploads\/2023\/10\/EJEMPLO-CD-MONTADO-3-1-768x768.png 768w, https:\/\/unaymilletras.com\/wp-content\/uploads\/2023\/10\/EJEMPLO-CD-MONTADO-3-1-1536x1536.png 1536w, https:\/\/unaymilletras.com\/wp-content\/uploads\/2023\/10\/EJEMPLO-CD-MONTADO-3-1-2048x2048.png 2048w, https:\/\/unaymilletras.com\/wp-content\/uploads\/2023\/10\/EJEMPLO-CD-MONTADO-3-1-e1697368935672.png 600w\" sizes=\"(max-width: 640px) 100vw, 640px\" \/>\t\t\t\t\t\t\t\t\t\t\t<figcaption class=\"widget-image-caption wp-caption-text\">CD MONTADO<\/figcaption>\n\t\t\t\t\t\t\t\t\t\t<\/figure>\n\t\t\t\t\t\t\t\t\t<\/div>\n\t\t\t\t<\/div>\n\t\t\t\t\t<\/div>\n\t\t<\/div>\n\t\t\t\t\t<\/div>\n\t\t<\/section>\n\t\t\t\t<\/div>","protected":false},"excerpt":{"rendered":"<p>Rosal\u00eda, Luna Ki, SZA o Nathy Peluso entre otras han inspirado los trabajos de felipe de lira En 2021, felipe de lira estrenaba se me est\u00e1 olvidando tu voz, una canci\u00f3n de folk-pop melanc\u00f3lico. Con este sencillo daba el salto a la m\u00fasica par, dos a\u00f1os despu\u00e9s, lanzar CARITAS ( \u02d8 \u00b3\u02d8)\u2665\ufe0f, su primer EP [&hellip;]<\/p>\n","protected":false},"author":1,"featured_media":1333,"comment_status":"open","ping_status":"open","sticky":false,"template":"","format":"standard","meta":{"footnotes":""},"categories":[4],"tags":[],"class_list":["post-1331","post","type-post","status-publish","format-standard","has-post-thumbnail","hentry","category-musica"],"yoast_head":"<!-- This site is optimized with the Yoast SEO plugin v27.4 - https:\/\/yoast.com\/product\/yoast-seo-wordpress\/ -->\n<title>felipe de lira lanza su primer EP: CARITAS ( \u02d8 \u00b3\u02d8)\u2665\ufe0f &#8902; Una y Mil Letras<\/title>\n<meta name=\"description\" content=\"Rosal\u00eda, Luna Ki, SZA o Nathy Peluso entre otras han inspirado los trabajos de felipe de lira\" \/>\n<meta name=\"robots\" content=\"index, follow, max-snippet:-1, max-image-preview:large, max-video-preview:-1\" \/>\n<link rel=\"canonical\" href=\"https:\/\/unaymilletras.com\/en\/felipe-de-lira-lanza-su-primer-ep-caritas-\u02d8-\u00b3\u02d8\u2665\ufe0f\/\" \/>\n<meta property=\"og:locale\" content=\"en_GB\" \/>\n<meta property=\"og:type\" content=\"article\" \/>\n<meta property=\"og:title\" content=\"felipe de lira lanza su primer EP: CARITAS ( \u02d8 \u00b3\u02d8)\u2665\ufe0f &#8902; Una y Mil Letras\" \/>\n<meta property=\"og:description\" content=\"Rosal\u00eda, Luna Ki, SZA o Nathy Peluso entre otras han inspirado los trabajos de felipe de lira\" \/>\n<meta property=\"og:url\" content=\"https:\/\/unaymilletras.com\/en\/felipe-de-lira-lanza-su-primer-ep-caritas-\u02d8-\u00b3\u02d8\u2665\ufe0f\/\" \/>\n<meta property=\"og:site_name\" content=\"Una y Mil Letras\" \/>\n<meta property=\"article:published_time\" content=\"2023-10-16T10:00:00+00:00\" \/>\n<meta property=\"article:modified_time\" content=\"2023-10-16T10:09:58+00:00\" \/>\n<meta property=\"og:image\" content=\"http:\/\/unaymilletras.com\/wp-content\/uploads\/2023\/10\/Diseno-sin-titulo-10-e1697368642792.png\" \/>\n\t<meta property=\"og:image:width\" content=\"600\" \/>\n\t<meta property=\"og:image:height\" content=\"450\" \/>\n\t<meta property=\"og:image:type\" content=\"image\/png\" \/>\n<meta name=\"author\" content=\"Maria Gil Robledo\" \/>\n<meta name=\"twitter:card\" content=\"summary_large_image\" \/>\n<meta name=\"twitter:creator\" content=\"@UnaYMilLetras\" \/>\n<meta name=\"twitter:site\" content=\"@UnaYMilLetras\" \/>\n<meta name=\"twitter:label1\" content=\"Written by\" \/>\n\t<meta name=\"twitter:data1\" content=\"Maria Gil Robledo\" \/>\n\t<meta name=\"twitter:label2\" content=\"Estimated reading time\" \/>\n\t<meta name=\"twitter:data2\" content=\"3 minutes\" \/>\n<script type=\"application\/ld+json\" class=\"yoast-schema-graph\">{\"@context\":\"https:\\\/\\\/schema.org\",\"@graph\":[{\"@type\":\"Article\",\"@id\":\"https:\\\/\\\/unaymilletras.com\\\/felipe-de-lira-lanza-su-primer-ep-caritas-%cb%98-%c2%b3%cb%98%e2%99%a5%ef%b8%8f\\\/#article\",\"isPartOf\":{\"@id\":\"https:\\\/\\\/unaymilletras.com\\\/felipe-de-lira-lanza-su-primer-ep-caritas-%cb%98-%c2%b3%cb%98%e2%99%a5%ef%b8%8f\\\/\"},\"author\":{\"name\":\"Maria Gil Robledo\",\"@id\":\"http:\\\/\\\/unaymilletras.com\\\/#\\\/schema\\\/person\\\/d55ba681b8a4e463d8982dbe36a5dc94\"},\"headline\":\"felipe de lira lanza su primer EP: CARITAS ( \u02d8 \u00b3\u02d8)\u2665\ufe0f\",\"datePublished\":\"2023-10-16T10:00:00+00:00\",\"dateModified\":\"2023-10-16T10:09:58+00:00\",\"mainEntityOfPage\":{\"@id\":\"https:\\\/\\\/unaymilletras.com\\\/felipe-de-lira-lanza-su-primer-ep-caritas-%cb%98-%c2%b3%cb%98%e2%99%a5%ef%b8%8f\\\/\"},\"wordCount\":507,\"commentCount\":0,\"publisher\":{\"@id\":\"http:\\\/\\\/unaymilletras.com\\\/#organization\"},\"image\":{\"@id\":\"https:\\\/\\\/unaymilletras.com\\\/felipe-de-lira-lanza-su-primer-ep-caritas-%cb%98-%c2%b3%cb%98%e2%99%a5%ef%b8%8f\\\/#primaryimage\"},\"thumbnailUrl\":\"https:\\\/\\\/unaymilletras.com\\\/wp-content\\\/uploads\\\/2023\\\/10\\\/Diseno-sin-titulo-10-e1697368642792.png\",\"articleSection\":[\"M\u00fasica\"],\"inLanguage\":\"en-GB\",\"potentialAction\":[{\"@type\":\"CommentAction\",\"name\":\"Comment\",\"target\":[\"https:\\\/\\\/unaymilletras.com\\\/felipe-de-lira-lanza-su-primer-ep-caritas-%cb%98-%c2%b3%cb%98%e2%99%a5%ef%b8%8f\\\/#respond\"]}]},{\"@type\":\"WebPage\",\"@id\":\"https:\\\/\\\/unaymilletras.com\\\/felipe-de-lira-lanza-su-primer-ep-caritas-%cb%98-%c2%b3%cb%98%e2%99%a5%ef%b8%8f\\\/\",\"url\":\"https:\\\/\\\/unaymilletras.com\\\/felipe-de-lira-lanza-su-primer-ep-caritas-%cb%98-%c2%b3%cb%98%e2%99%a5%ef%b8%8f\\\/\",\"name\":\"felipe de lira lanza su primer EP: CARITAS ( \u02d8 \u00b3\u02d8)\u2665\ufe0f &#8902; Una y Mil Letras\",\"isPartOf\":{\"@id\":\"http:\\\/\\\/unaymilletras.com\\\/#website\"},\"primaryImageOfPage\":{\"@id\":\"https:\\\/\\\/unaymilletras.com\\\/felipe-de-lira-lanza-su-primer-ep-caritas-%cb%98-%c2%b3%cb%98%e2%99%a5%ef%b8%8f\\\/#primaryimage\"},\"image\":{\"@id\":\"https:\\\/\\\/unaymilletras.com\\\/felipe-de-lira-lanza-su-primer-ep-caritas-%cb%98-%c2%b3%cb%98%e2%99%a5%ef%b8%8f\\\/#primaryimage\"},\"thumbnailUrl\":\"https:\\\/\\\/unaymilletras.com\\\/wp-content\\\/uploads\\\/2023\\\/10\\\/Diseno-sin-titulo-10-e1697368642792.png\",\"datePublished\":\"2023-10-16T10:00:00+00:00\",\"dateModified\":\"2023-10-16T10:09:58+00:00\",\"description\":\"Rosal\u00eda, Luna Ki, SZA o Nathy Peluso entre otras han inspirado los trabajos de felipe de lira\",\"breadcrumb\":{\"@id\":\"https:\\\/\\\/unaymilletras.com\\\/felipe-de-lira-lanza-su-primer-ep-caritas-%cb%98-%c2%b3%cb%98%e2%99%a5%ef%b8%8f\\\/#breadcrumb\"},\"inLanguage\":\"en-GB\",\"potentialAction\":[{\"@type\":\"ReadAction\",\"target\":[\"https:\\\/\\\/unaymilletras.com\\\/felipe-de-lira-lanza-su-primer-ep-caritas-%cb%98-%c2%b3%cb%98%e2%99%a5%ef%b8%8f\\\/\"]}]},{\"@type\":\"ImageObject\",\"inLanguage\":\"en-GB\",\"@id\":\"https:\\\/\\\/unaymilletras.com\\\/felipe-de-lira-lanza-su-primer-ep-caritas-%cb%98-%c2%b3%cb%98%e2%99%a5%ef%b8%8f\\\/#primaryimage\",\"url\":\"https:\\\/\\\/unaymilletras.com\\\/wp-content\\\/uploads\\\/2023\\\/10\\\/Diseno-sin-titulo-10-e1697368642792.png\",\"contentUrl\":\"https:\\\/\\\/unaymilletras.com\\\/wp-content\\\/uploads\\\/2023\\\/10\\\/Diseno-sin-titulo-10-e1697368642792.png\",\"width\":600,\"height\":450,\"caption\":\"felipe de lira\"},{\"@type\":\"BreadcrumbList\",\"@id\":\"https:\\\/\\\/unaymilletras.com\\\/felipe-de-lira-lanza-su-primer-ep-caritas-%cb%98-%c2%b3%cb%98%e2%99%a5%ef%b8%8f\\\/#breadcrumb\",\"itemListElement\":[{\"@type\":\"ListItem\",\"position\":1,\"name\":\"Home\",\"item\":\"http:\\\/\\\/unaymilletras.com\\\/\"},{\"@type\":\"ListItem\",\"position\":2,\"name\":\"felipe de lira lanza su primer EP: CARITAS ( \u02d8 \u00b3\u02d8)\u2665\ufe0f\"}]},{\"@type\":\"WebSite\",\"@id\":\"http:\\\/\\\/unaymilletras.com\\\/#website\",\"url\":\"http:\\\/\\\/unaymilletras.com\\\/\",\"name\":\"Una y Mil Letras\",\"description\":\"\",\"publisher\":{\"@id\":\"http:\\\/\\\/unaymilletras.com\\\/#organization\"},\"potentialAction\":[{\"@type\":\"SearchAction\",\"target\":{\"@type\":\"EntryPoint\",\"urlTemplate\":\"http:\\\/\\\/unaymilletras.com\\\/?s={search_term_string}\"},\"query-input\":{\"@type\":\"PropertyValueSpecification\",\"valueRequired\":true,\"valueName\":\"search_term_string\"}}],\"inLanguage\":\"en-GB\"},{\"@type\":\"Organization\",\"@id\":\"http:\\\/\\\/unaymilletras.com\\\/#organization\",\"name\":\"Una y Mil Letras\",\"url\":\"http:\\\/\\\/unaymilletras.com\\\/\",\"logo\":{\"@type\":\"ImageObject\",\"inLanguage\":\"en-GB\",\"@id\":\"http:\\\/\\\/unaymilletras.com\\\/#\\\/schema\\\/logo\\\/image\\\/\",\"url\":\"https:\\\/\\\/unaymilletras.com\\\/wp-content\\\/uploads\\\/2024\\\/06\\\/cropped-Logo-removebg-preview.png\",\"contentUrl\":\"https:\\\/\\\/unaymilletras.com\\\/wp-content\\\/uploads\\\/2024\\\/06\\\/cropped-Logo-removebg-preview.png\",\"width\":512,\"height\":512,\"caption\":\"Una y Mil Letras\"},\"image\":{\"@id\":\"http:\\\/\\\/unaymilletras.com\\\/#\\\/schema\\\/logo\\\/image\\\/\"},\"sameAs\":[\"https:\\\/\\\/x.com\\\/UnaYMilLetras\",\"https:\\\/\\\/instagram.com\\\/UnaYMilLetras\"]},{\"@type\":\"Person\",\"@id\":\"http:\\\/\\\/unaymilletras.com\\\/#\\\/schema\\\/person\\\/d55ba681b8a4e463d8982dbe36a5dc94\",\"name\":\"Maria Gil Robledo\",\"image\":{\"@type\":\"ImageObject\",\"inLanguage\":\"en-GB\",\"@id\":\"https:\\\/\\\/secure.gravatar.com\\\/avatar\\\/4b8e5102e0015789407eb4870b12f0f2857952d83ca124058f92b764bd1840c3?s=96&d=mm&r=g\",\"url\":\"https:\\\/\\\/secure.gravatar.com\\\/avatar\\\/4b8e5102e0015789407eb4870b12f0f2857952d83ca124058f92b764bd1840c3?s=96&d=mm&r=g\",\"contentUrl\":\"https:\\\/\\\/secure.gravatar.com\\\/avatar\\\/4b8e5102e0015789407eb4870b12f0f2857952d83ca124058f92b764bd1840c3?s=96&d=mm&r=g\",\"caption\":\"Maria Gil Robledo\"},\"sameAs\":[\"http:\\\/\\\/unaymilletras.com\"],\"url\":\"https:\\\/\\\/unaymilletras.com\\\/en\\\/author\\\/mariiagiil02_\\\/\"}]}<\/script>\n<!-- \/ Yoast SEO plugin. -->","yoast_head_json":{"title":"felipe de lira lanza su primer EP: CARITAS ( \u02d8 \u00b3\u02d8)\u2665\ufe0f &#8902; Una y Mil Letras","description":"Rosal\u00eda, Luna Ki, SZA o Nathy Peluso entre otras han inspirado los trabajos de felipe de lira","robots":{"index":"index","follow":"follow","max-snippet":"max-snippet:-1","max-image-preview":"max-image-preview:large","max-video-preview":"max-video-preview:-1"},"canonical":"https:\/\/unaymilletras.com\/en\/felipe-de-lira-lanza-su-primer-ep-caritas-\u02d8-\u00b3\u02d8\u2665\ufe0f\/","og_locale":"en_GB","og_type":"article","og_title":"felipe de lira lanza su primer EP: CARITAS ( \u02d8 \u00b3\u02d8)\u2665\ufe0f &#8902; Una y Mil Letras","og_description":"Rosal\u00eda, Luna Ki, SZA o Nathy Peluso entre otras han inspirado los trabajos de felipe de lira","og_url":"https:\/\/unaymilletras.com\/en\/felipe-de-lira-lanza-su-primer-ep-caritas-\u02d8-\u00b3\u02d8\u2665\ufe0f\/","og_site_name":"Una y Mil Letras","article_published_time":"2023-10-16T10:00:00+00:00","article_modified_time":"2023-10-16T10:09:58+00:00","og_image":[{"width":600,"height":450,"url":"http:\/\/unaymilletras.com\/wp-content\/uploads\/2023\/10\/Diseno-sin-titulo-10-e1697368642792.png","type":"image\/png"}],"author":"Maria Gil Robledo","twitter_card":"summary_large_image","twitter_creator":"@UnaYMilLetras","twitter_site":"@UnaYMilLetras","twitter_misc":{"Written by":"Maria Gil Robledo","Estimated reading time":"3 minutes"},"schema":{"@context":"https:\/\/schema.org","@graph":[{"@type":"Article","@id":"https:\/\/unaymilletras.com\/felipe-de-lira-lanza-su-primer-ep-caritas-%cb%98-%c2%b3%cb%98%e2%99%a5%ef%b8%8f\/#article","isPartOf":{"@id":"https:\/\/unaymilletras.com\/felipe-de-lira-lanza-su-primer-ep-caritas-%cb%98-%c2%b3%cb%98%e2%99%a5%ef%b8%8f\/"},"author":{"name":"Maria Gil Robledo","@id":"http:\/\/unaymilletras.com\/#\/schema\/person\/d55ba681b8a4e463d8982dbe36a5dc94"},"headline":"felipe de lira lanza su primer EP: CARITAS ( \u02d8 \u00b3\u02d8)\u2665\ufe0f","datePublished":"2023-10-16T10:00:00+00:00","dateModified":"2023-10-16T10:09:58+00:00","mainEntityOfPage":{"@id":"https:\/\/unaymilletras.com\/felipe-de-lira-lanza-su-primer-ep-caritas-%cb%98-%c2%b3%cb%98%e2%99%a5%ef%b8%8f\/"},"wordCount":507,"commentCount":0,"publisher":{"@id":"http:\/\/unaymilletras.com\/#organization"},"image":{"@id":"https:\/\/unaymilletras.com\/felipe-de-lira-lanza-su-primer-ep-caritas-%cb%98-%c2%b3%cb%98%e2%99%a5%ef%b8%8f\/#primaryimage"},"thumbnailUrl":"https:\/\/unaymilletras.com\/wp-content\/uploads\/2023\/10\/Diseno-sin-titulo-10-e1697368642792.png","articleSection":["M\u00fasica"],"inLanguage":"en-GB","potentialAction":[{"@type":"CommentAction","name":"Comment","target":["https:\/\/unaymilletras.com\/felipe-de-lira-lanza-su-primer-ep-caritas-%cb%98-%c2%b3%cb%98%e2%99%a5%ef%b8%8f\/#respond"]}]},{"@type":"WebPage","@id":"https:\/\/unaymilletras.com\/felipe-de-lira-lanza-su-primer-ep-caritas-%cb%98-%c2%b3%cb%98%e2%99%a5%ef%b8%8f\/","url":"https:\/\/unaymilletras.com\/felipe-de-lira-lanza-su-primer-ep-caritas-%cb%98-%c2%b3%cb%98%e2%99%a5%ef%b8%8f\/","name":"felipe de lira lanza su primer EP: CARITAS ( \u02d8 \u00b3\u02d8)\u2665\ufe0f &#8902; Una y Mil Letras","isPartOf":{"@id":"http:\/\/unaymilletras.com\/#website"},"primaryImageOfPage":{"@id":"https:\/\/unaymilletras.com\/felipe-de-lira-lanza-su-primer-ep-caritas-%cb%98-%c2%b3%cb%98%e2%99%a5%ef%b8%8f\/#primaryimage"},"image":{"@id":"https:\/\/unaymilletras.com\/felipe-de-lira-lanza-su-primer-ep-caritas-%cb%98-%c2%b3%cb%98%e2%99%a5%ef%b8%8f\/#primaryimage"},"thumbnailUrl":"https:\/\/unaymilletras.com\/wp-content\/uploads\/2023\/10\/Diseno-sin-titulo-10-e1697368642792.png","datePublished":"2023-10-16T10:00:00+00:00","dateModified":"2023-10-16T10:09:58+00:00","description":"Rosal\u00eda, Luna Ki, SZA o Nathy Peluso entre otras han inspirado los trabajos de felipe de lira","breadcrumb":{"@id":"https:\/\/unaymilletras.com\/felipe-de-lira-lanza-su-primer-ep-caritas-%cb%98-%c2%b3%cb%98%e2%99%a5%ef%b8%8f\/#breadcrumb"},"inLanguage":"en-GB","potentialAction":[{"@type":"ReadAction","target":["https:\/\/unaymilletras.com\/felipe-de-lira-lanza-su-primer-ep-caritas-%cb%98-%c2%b3%cb%98%e2%99%a5%ef%b8%8f\/"]}]},{"@type":"ImageObject","inLanguage":"en-GB","@id":"https:\/\/unaymilletras.com\/felipe-de-lira-lanza-su-primer-ep-caritas-%cb%98-%c2%b3%cb%98%e2%99%a5%ef%b8%8f\/#primaryimage","url":"https:\/\/unaymilletras.com\/wp-content\/uploads\/2023\/10\/Diseno-sin-titulo-10-e1697368642792.png","contentUrl":"https:\/\/unaymilletras.com\/wp-content\/uploads\/2023\/10\/Diseno-sin-titulo-10-e1697368642792.png","width":600,"height":450,"caption":"felipe de lira"},{"@type":"BreadcrumbList","@id":"https:\/\/unaymilletras.com\/felipe-de-lira-lanza-su-primer-ep-caritas-%cb%98-%c2%b3%cb%98%e2%99%a5%ef%b8%8f\/#breadcrumb","itemListElement":[{"@type":"ListItem","position":1,"name":"Home","item":"http:\/\/unaymilletras.com\/"},{"@type":"ListItem","position":2,"name":"felipe de lira lanza su primer EP: CARITAS ( \u02d8 \u00b3\u02d8)\u2665\ufe0f"}]},{"@type":"WebSite","@id":"http:\/\/unaymilletras.com\/#website","url":"http:\/\/unaymilletras.com\/","name":"Una y Mil Letras","description":"","publisher":{"@id":"http:\/\/unaymilletras.com\/#organization"},"potentialAction":[{"@type":"SearchAction","target":{"@type":"EntryPoint","urlTemplate":"http:\/\/unaymilletras.com\/?s={search_term_string}"},"query-input":{"@type":"PropertyValueSpecification","valueRequired":true,"valueName":"search_term_string"}}],"inLanguage":"en-GB"},{"@type":"Organization","@id":"http:\/\/unaymilletras.com\/#organization","name":"Una y Mil Letras","url":"http:\/\/unaymilletras.com\/","logo":{"@type":"ImageObject","inLanguage":"en-GB","@id":"http:\/\/unaymilletras.com\/#\/schema\/logo\/image\/","url":"https:\/\/unaymilletras.com\/wp-content\/uploads\/2024\/06\/cropped-Logo-removebg-preview.png","contentUrl":"https:\/\/unaymilletras.com\/wp-content\/uploads\/2024\/06\/cropped-Logo-removebg-preview.png","width":512,"height":512,"caption":"Una y Mil Letras"},"image":{"@id":"http:\/\/unaymilletras.com\/#\/schema\/logo\/image\/"},"sameAs":["https:\/\/x.com\/UnaYMilLetras","https:\/\/instagram.com\/UnaYMilLetras"]},{"@type":"Person","@id":"http:\/\/unaymilletras.com\/#\/schema\/person\/d55ba681b8a4e463d8982dbe36a5dc94","name":"Maria Gil Robledo","image":{"@type":"ImageObject","inLanguage":"en-GB","@id":"https:\/\/secure.gravatar.com\/avatar\/4b8e5102e0015789407eb4870b12f0f2857952d83ca124058f92b764bd1840c3?s=96&d=mm&r=g","url":"https:\/\/secure.gravatar.com\/avatar\/4b8e5102e0015789407eb4870b12f0f2857952d83ca124058f92b764bd1840c3?s=96&d=mm&r=g","contentUrl":"https:\/\/secure.gravatar.com\/avatar\/4b8e5102e0015789407eb4870b12f0f2857952d83ca124058f92b764bd1840c3?s=96&d=mm&r=g","caption":"Maria Gil Robledo"},"sameAs":["http:\/\/unaymilletras.com"],"url":"https:\/\/unaymilletras.com\/en\/author\/mariiagiil02_\/"}]}},"_links":{"self":[{"href":"https:\/\/unaymilletras.com\/en\/wp-json\/wp\/v2\/posts\/1331","targetHints":{"allow":["GET"]}}],"collection":[{"href":"https:\/\/unaymilletras.com\/en\/wp-json\/wp\/v2\/posts"}],"about":[{"href":"https:\/\/unaymilletras.com\/en\/wp-json\/wp\/v2\/types\/post"}],"author":[{"embeddable":true,"href":"https:\/\/unaymilletras.com\/en\/wp-json\/wp\/v2\/users\/1"}],"replies":[{"embeddable":true,"href":"https:\/\/unaymilletras.com\/en\/wp-json\/wp\/v2\/comments?post=1331"}],"version-history":[{"count":12,"href":"https:\/\/unaymilletras.com\/en\/wp-json\/wp\/v2\/posts\/1331\/revisions"}],"predecessor-version":[{"id":1348,"href":"https:\/\/unaymilletras.com\/en\/wp-json\/wp\/v2\/posts\/1331\/revisions\/1348"}],"wp:featuredmedia":[{"embeddable":true,"href":"https:\/\/unaymilletras.com\/en\/wp-json\/wp\/v2\/media\/1333"}],"wp:attachment":[{"href":"https:\/\/unaymilletras.com\/en\/wp-json\/wp\/v2\/media?parent=1331"}],"wp:term":[{"taxonomy":"category","embeddable":true,"href":"https:\/\/unaymilletras.com\/en\/wp-json\/wp\/v2\/categories?post=1331"},{"taxonomy":"post_tag","embeddable":true,"href":"https:\/\/unaymilletras.com\/en\/wp-json\/wp\/v2\/tags?post=1331"}],"curies":[{"name":"wp","href":"https:\/\/api.w.org\/{rel}","templated":true}]}}