{"id":1349,"date":"2023-10-17T12:30:00","date_gmt":"2023-10-17T10:30:00","guid":{"rendered":"https:\/\/unaymilletras.com\/?p=1349"},"modified":"2023-10-16T14:08:35","modified_gmt":"2023-10-16T12:08:35","slug":"yarea-vuelve-a-su-yo-mas-personal-con-en-que-pienso-cuando-lloro","status":"publish","type":"post","link":"https:\/\/unaymilletras.com\/en\/yarea-vuelve-a-su-yo-mas-personal-con-en-que-pienso-cuando-lloro\/","title":{"rendered":"Yarea vuelve a su \u201cyo\u201d m\u00e1s personal con \u201cEn qu\u00e9 pienso cuando lloro\u201d"},"content":{"rendered":"<div data-elementor-type=\"wp-post\" data-elementor-id=\"1349\" class=\"elementor elementor-1349\">\n\t\t\t\t\t\t<section class=\"elementor-section elementor-top-section elementor-element elementor-element-9937b34 elementor-section-boxed elementor-section-height-default elementor-section-height-default\" data-id=\"9937b34\" data-element_type=\"section\" data-e-type=\"section\">\n\t\t\t\t\t\t<div class=\"elementor-container elementor-column-gap-default\">\n\t\t\t\t\t<div class=\"elementor-column elementor-col-100 elementor-top-column elementor-element elementor-element-fbea12d\" data-id=\"fbea12d\" data-element_type=\"column\" data-e-type=\"column\">\n\t\t\t<div class=\"elementor-widget-wrap elementor-element-populated\">\n\t\t\t\t\t\t<div class=\"elementor-element elementor-element-1f8aeb0 elementor-widget elementor-widget-text-editor\" data-id=\"1f8aeb0\" data-element_type=\"widget\" data-e-type=\"widget\" data-widget_type=\"text-editor.default\">\n\t\t\t\t<div class=\"elementor-widget-container\">\n\t\t\t\t\t\t\t\t\t<h2><span style=\"color: #808080;\"><em>El nuevo EP incluye \u201c22:22\u201d: una definici\u00f3n de todas las cosas que pasan dentro de Yarea<\/em><\/span><\/h2>\t\t\t\t\t\t\t\t<\/div>\n\t\t\t\t<\/div>\n\t\t\t\t\t<\/div>\n\t\t<\/div>\n\t\t\t\t\t<\/div>\n\t\t<\/section>\n\t\t\t\t<section class=\"elementor-section elementor-top-section elementor-element elementor-element-fee5638 elementor-section-boxed elementor-section-height-default elementor-section-height-default\" data-id=\"fee5638\" data-element_type=\"section\" data-e-type=\"section\">\n\t\t\t\t\t\t<div class=\"elementor-container elementor-column-gap-default\">\n\t\t\t\t\t<div class=\"elementor-column elementor-col-100 elementor-top-column elementor-element elementor-element-02bd08b\" data-id=\"02bd08b\" data-element_type=\"column\" data-e-type=\"column\">\n\t\t\t<div class=\"elementor-widget-wrap elementor-element-populated\">\n\t\t\t\t\t\t<div class=\"elementor-element elementor-element-38f1a56 elementor-widget elementor-widget-text-editor\" data-id=\"38f1a56\" data-element_type=\"widget\" data-e-type=\"widget\" data-widget_type=\"text-editor.default\">\n\t\t\t\t<div class=\"elementor-widget-container\">\n\t\t\t\t\t\t\t\t\t<p>Tan solo han pasado siete meses desde que <strong>Yarea<\/strong> publicaba su \u00faltimo \u00e1lbum. Esta vez vuelve con un trabajo en el que muestra su \u201cyo\u201d con un sonido m\u00e1s \u00edntimo y persona<span style=\"color: #808080;\">l: <em><strong><a style=\"color: #808080;\" href=\"https:\/\/open.spotify.com\/intl-es\/album\/2IkrQhvVdddjOMbwiW77nI?si=fO36f5zhSYaENI9PgxqMDQ\">En qu\u00e9 pienso cuando lloro<\/a><\/strong>.<\/em> Con este lanzami<\/span>ento, la artista quiere llegar al mayor n\u00famero de gente. Pero tambi\u00e9n que sus canciones se cuelen en el interior de cada persona que las escucha.<\/p>\t\t\t\t\t\t\t\t<\/div>\n\t\t\t\t<\/div>\n\t\t\t\t\t<\/div>\n\t\t<\/div>\n\t\t\t\t\t<\/div>\n\t\t<\/section>\n\t\t\t\t<section class=\"elementor-section elementor-top-section elementor-element elementor-element-39238f4 elementor-section-boxed elementor-section-height-default elementor-section-height-default\" data-id=\"39238f4\" data-element_type=\"section\" data-e-type=\"section\">\n\t\t\t\t\t\t<div class=\"elementor-container elementor-column-gap-default\">\n\t\t\t\t\t<div class=\"elementor-column elementor-col-50 elementor-top-column elementor-element elementor-element-31825d9\" data-id=\"31825d9\" data-element_type=\"column\" data-e-type=\"column\">\n\t\t\t<div class=\"elementor-widget-wrap elementor-element-populated\">\n\t\t\t\t\t\t<div class=\"elementor-element elementor-element-b9787f2 elementor-widget elementor-widget-text-editor\" data-id=\"b9787f2\" data-element_type=\"widget\" data-e-type=\"widget\" data-widget_type=\"text-editor.default\">\n\t\t\t\t<div class=\"elementor-widget-container\">\n\t\t\t\t\t\t\t\t\t<h3><span style=\"color: #8b82d9;\"><em>\u201cLo cierto es que, si en mi anterior trabajo intentaba &#8216;aparentar&#8217; que no me pasaba nada, en este me desarmo y cuento todo lo que s\u00ed me pasa\u201d<\/em><\/span><\/h3>\t\t\t\t\t\t\t\t<\/div>\n\t\t\t\t<\/div>\n\t\t\t\t\t<\/div>\n\t\t<\/div>\n\t\t\t\t<div class=\"elementor-column elementor-col-50 elementor-top-column elementor-element elementor-element-9aab92d\" data-id=\"9aab92d\" data-element_type=\"column\" data-e-type=\"column\">\n\t\t\t<div class=\"elementor-widget-wrap elementor-element-populated\">\n\t\t\t\t\t\t<div class=\"elementor-element elementor-element-106dc5e elementor-widget elementor-widget-image\" data-id=\"106dc5e\" data-element_type=\"widget\" data-e-type=\"widget\" data-widget_type=\"image.default\">\n\t\t\t\t<div class=\"elementor-widget-container\">\n\t\t\t\t\t\t\t\t\t\t\t\t\t\t\t<img fetchpriority=\"high\" decoding=\"async\" width=\"640\" height=\"536\" src=\"https:\/\/unaymilletras.com\/wp-content\/uploads\/2023\/10\/yarea-1024x858.png\" class=\"attachment-large size-large wp-image-1351\" alt=\"Yarea\" srcset=\"https:\/\/unaymilletras.com\/wp-content\/uploads\/2023\/10\/yarea-1024x858.png 1024w, https:\/\/unaymilletras.com\/wp-content\/uploads\/2023\/10\/yarea-300x251.png 300w, https:\/\/unaymilletras.com\/wp-content\/uploads\/2023\/10\/yarea-768x644.png 768w, https:\/\/unaymilletras.com\/wp-content\/uploads\/2023\/10\/yarea-e1697457591660.png 600w\" sizes=\"(max-width: 640px) 100vw, 640px\" \/>\t\t\t\t\t\t\t\t\t\t\t\t\t\t\t<\/div>\n\t\t\t\t<\/div>\n\t\t\t\t\t<\/div>\n\t\t<\/div>\n\t\t\t\t\t<\/div>\n\t\t<\/section>\n\t\t\t\t<section class=\"elementor-section elementor-top-section elementor-element elementor-element-383a7e2 elementor-section-boxed elementor-section-height-default elementor-section-height-default\" data-id=\"383a7e2\" data-element_type=\"section\" data-e-type=\"section\">\n\t\t\t\t\t\t<div class=\"elementor-container elementor-column-gap-default\">\n\t\t\t\t\t<div class=\"elementor-column elementor-col-100 elementor-top-column elementor-element elementor-element-51b46df\" data-id=\"51b46df\" data-element_type=\"column\" data-e-type=\"column\">\n\t\t\t<div class=\"elementor-widget-wrap elementor-element-populated\">\n\t\t\t\t\t\t<div class=\"elementor-element elementor-element-3633f50 elementor-widget elementor-widget-text-editor\" data-id=\"3633f50\" data-element_type=\"widget\" data-e-type=\"widget\" data-widget_type=\"text-editor.default\">\n\t\t\t\t<div class=\"elementor-widget-container\">\n\t\t\t\t\t\t\t\t\t<p>Cinco canciones son las que componen este <span style=\"color: #808080;\"><a style=\"color: #808080;\" href=\"https:\/\/unaymilletras.com\/en\/felipe-de-lira-lanza-su-primer-ep-caritas-%cb%98-%c2%b3%cb%98%e2%99%a5%ef%b8%8f\/\">EP<\/a><\/span> y permiten a los oyentes conocer m\u00e1s en profundidad a la cantante. Sonidos m\u00e1s minimalistas y letras profundas acompa\u00f1an a portadas sencillas y conceptuales que pretenden transmitir emociones. \u00ab5 canciones, 5 cosas que me pasan y que creo que les pueden pasar a mucha gente y por eso espero que se sientan identificados con las canciones y que las hagan suyas\u00bb, Yarea.<\/p><p><em><b>22:22<\/b> <\/em>es el focus track del EP. Es la definici\u00f3n de todo lo que pasa dentro de Yarea. El tema comienza con una melod\u00eda tranquila para continuar rompiendo con electr\u00f3nica. Este es un nuevo g\u00e9nero en el que la artista no hab\u00eda trabajado nunca.<\/p>\t\t\t\t\t\t\t\t<\/div>\n\t\t\t\t<\/div>\n\t\t\t\t\t<\/div>\n\t\t<\/div>\n\t\t\t\t\t<\/div>\n\t\t<\/section>\n\t\t\t\t<section class=\"elementor-section elementor-top-section elementor-element elementor-element-569e5d8 elementor-section-boxed elementor-section-height-default elementor-section-height-default\" data-id=\"569e5d8\" data-element_type=\"section\" data-e-type=\"section\">\n\t\t\t\t\t\t<div class=\"elementor-container elementor-column-gap-default\">\n\t\t\t\t\t<div class=\"elementor-column elementor-col-100 elementor-top-column elementor-element elementor-element-4d03404\" data-id=\"4d03404\" data-element_type=\"column\" data-e-type=\"column\">\n\t\t\t<div class=\"elementor-widget-wrap elementor-element-populated\">\n\t\t\t\t\t\t<div class=\"elementor-element elementor-element-d979829 elementor-widget elementor-widget-text-editor\" data-id=\"d979829\" data-element_type=\"widget\" data-e-type=\"widget\" data-widget_type=\"text-editor.default\">\n\t\t\t\t<div class=\"elementor-widget-container\">\n\t\t\t\t\t\t\t\t\t<p><strong>Tracklist:<\/strong><\/p><p><em>NI LA MITAD<br \/><\/em><em>SALVAJE OESTE<br \/><\/em><em>TREGUA<br \/><\/em><em>22:22<br \/><\/em><em>CARAVANA<\/em><\/p>\t\t\t\t\t\t\t\t<\/div>\n\t\t\t\t<\/div>\n\t\t\t\t\t<\/div>\n\t\t<\/div>\n\t\t\t\t\t<\/div>\n\t\t<\/section>\n\t\t\t\t<\/div>","protected":false},"excerpt":{"rendered":"<p>El nuevo EP incluye \u201c22:22\u201d: una definici\u00f3n de todas las cosas que pasan dentro de Yarea Tan solo han pasado siete meses desde que Yarea publicaba su \u00faltimo \u00e1lbum. Esta vez vuelve con un trabajo en el que muestra su \u201cyo\u201d con un sonido m\u00e1s \u00edntimo y personal: En qu\u00e9 pienso cuando lloro. Con este [&hellip;]<\/p>\n","protected":false},"author":1,"featured_media":1351,"comment_status":"open","ping_status":"open","sticky":false,"template":"","format":"standard","meta":{"footnotes":""},"categories":[4],"tags":[],"class_list":["post-1349","post","type-post","status-publish","format-standard","has-post-thumbnail","hentry","category-musica"],"yoast_head":"<!-- This site is optimized with the Yoast SEO plugin v27.4 - https:\/\/yoast.com\/product\/yoast-seo-wordpress\/ -->\n<title>Yarea vuelve a su \u201cyo\u201d m\u00e1s personal con \u201cEn qu\u00e9 pienso cuando lloro\u201d &#8902; Una y Mil Letras<\/title>\n<meta name=\"description\" content=\"El nuevo EP incluye \u201c22:22\u201d: una definici\u00f3n de todas las cosas que pasan dentro de Yarea. Ya est\u00e1 disponible...\" \/>\n<meta name=\"robots\" content=\"index, follow, max-snippet:-1, max-image-preview:large, max-video-preview:-1\" \/>\n<link rel=\"canonical\" href=\"https:\/\/unaymilletras.com\/en\/yarea-vuelve-a-su-yo-mas-personal-con-en-que-pienso-cuando-lloro\/\" \/>\n<meta property=\"og:locale\" content=\"en_GB\" \/>\n<meta property=\"og:type\" content=\"article\" \/>\n<meta property=\"og:title\" content=\"Yarea vuelve a su \u201cyo\u201d m\u00e1s personal con \u201cEn qu\u00e9 pienso cuando lloro\u201d &#8902; Una y Mil Letras\" \/>\n<meta property=\"og:description\" content=\"El nuevo EP incluye \u201c22:22\u201d: una definici\u00f3n de todas las cosas que pasan dentro de Yarea. Ya est\u00e1 disponible...\" \/>\n<meta property=\"og:url\" content=\"https:\/\/unaymilletras.com\/en\/yarea-vuelve-a-su-yo-mas-personal-con-en-que-pienso-cuando-lloro\/\" \/>\n<meta property=\"og:site_name\" content=\"Una y Mil Letras\" \/>\n<meta property=\"article:published_time\" content=\"2023-10-17T10:30:00+00:00\" \/>\n<meta property=\"og:image\" content=\"https:\/\/unaymilletras.com\/wp-content\/uploads\/2023\/10\/yarea-e1697457591660.png\" \/>\n\t<meta property=\"og:image:width\" content=\"600\" \/>\n\t<meta property=\"og:image:height\" content=\"503\" \/>\n\t<meta property=\"og:image:type\" content=\"image\/png\" \/>\n<meta name=\"author\" content=\"Maria Gil Robledo\" \/>\n<meta name=\"twitter:card\" content=\"summary_large_image\" \/>\n<meta name=\"twitter:creator\" content=\"@UnaYMilLetras\" \/>\n<meta name=\"twitter:site\" content=\"@UnaYMilLetras\" \/>\n<meta name=\"twitter:label1\" content=\"Written by\" \/>\n\t<meta name=\"twitter:data1\" content=\"Maria Gil Robledo\" \/>\n\t<meta name=\"twitter:label2\" content=\"Estimated reading time\" \/>\n\t<meta name=\"twitter:data2\" content=\"2 minutes\" \/>\n<script type=\"application\/ld+json\" class=\"yoast-schema-graph\">{\"@context\":\"https:\\\/\\\/schema.org\",\"@graph\":[{\"@type\":\"Article\",\"@id\":\"https:\\\/\\\/unaymilletras.com\\\/yarea-vuelve-a-su-yo-mas-personal-con-en-que-pienso-cuando-lloro\\\/#article\",\"isPartOf\":{\"@id\":\"https:\\\/\\\/unaymilletras.com\\\/yarea-vuelve-a-su-yo-mas-personal-con-en-que-pienso-cuando-lloro\\\/\"},\"author\":{\"name\":\"Maria Gil Robledo\",\"@id\":\"http:\\\/\\\/unaymilletras.com\\\/#\\\/schema\\\/person\\\/d55ba681b8a4e463d8982dbe36a5dc94\"},\"headline\":\"Yarea vuelve a su \u201cyo\u201d m\u00e1s personal con \u201cEn qu\u00e9 pienso cuando lloro\u201d\",\"datePublished\":\"2023-10-17T10:30:00+00:00\",\"mainEntityOfPage\":{\"@id\":\"https:\\\/\\\/unaymilletras.com\\\/yarea-vuelve-a-su-yo-mas-personal-con-en-que-pienso-cuando-lloro\\\/\"},\"wordCount\":253,\"commentCount\":0,\"publisher\":{\"@id\":\"http:\\\/\\\/unaymilletras.com\\\/#organization\"},\"image\":{\"@id\":\"https:\\\/\\\/unaymilletras.com\\\/yarea-vuelve-a-su-yo-mas-personal-con-en-que-pienso-cuando-lloro\\\/#primaryimage\"},\"thumbnailUrl\":\"https:\\\/\\\/unaymilletras.com\\\/wp-content\\\/uploads\\\/2023\\\/10\\\/yarea-e1697457591660.png\",\"articleSection\":[\"M\u00fasica\"],\"inLanguage\":\"en-GB\",\"potentialAction\":[{\"@type\":\"CommentAction\",\"name\":\"Comment\",\"target\":[\"https:\\\/\\\/unaymilletras.com\\\/yarea-vuelve-a-su-yo-mas-personal-con-en-que-pienso-cuando-lloro\\\/#respond\"]}]},{\"@type\":\"WebPage\",\"@id\":\"https:\\\/\\\/unaymilletras.com\\\/yarea-vuelve-a-su-yo-mas-personal-con-en-que-pienso-cuando-lloro\\\/\",\"url\":\"https:\\\/\\\/unaymilletras.com\\\/yarea-vuelve-a-su-yo-mas-personal-con-en-que-pienso-cuando-lloro\\\/\",\"name\":\"Yarea vuelve a su \u201cyo\u201d m\u00e1s personal con \u201cEn qu\u00e9 pienso cuando lloro\u201d &#8902; Una y Mil Letras\",\"isPartOf\":{\"@id\":\"http:\\\/\\\/unaymilletras.com\\\/#website\"},\"primaryImageOfPage\":{\"@id\":\"https:\\\/\\\/unaymilletras.com\\\/yarea-vuelve-a-su-yo-mas-personal-con-en-que-pienso-cuando-lloro\\\/#primaryimage\"},\"image\":{\"@id\":\"https:\\\/\\\/unaymilletras.com\\\/yarea-vuelve-a-su-yo-mas-personal-con-en-que-pienso-cuando-lloro\\\/#primaryimage\"},\"thumbnailUrl\":\"https:\\\/\\\/unaymilletras.com\\\/wp-content\\\/uploads\\\/2023\\\/10\\\/yarea-e1697457591660.png\",\"datePublished\":\"2023-10-17T10:30:00+00:00\",\"description\":\"El nuevo EP incluye \u201c22:22\u201d: una definici\u00f3n de todas las cosas que pasan dentro de Yarea. Ya est\u00e1 disponible...\",\"breadcrumb\":{\"@id\":\"https:\\\/\\\/unaymilletras.com\\\/yarea-vuelve-a-su-yo-mas-personal-con-en-que-pienso-cuando-lloro\\\/#breadcrumb\"},\"inLanguage\":\"en-GB\",\"potentialAction\":[{\"@type\":\"ReadAction\",\"target\":[\"https:\\\/\\\/unaymilletras.com\\\/yarea-vuelve-a-su-yo-mas-personal-con-en-que-pienso-cuando-lloro\\\/\"]}]},{\"@type\":\"ImageObject\",\"inLanguage\":\"en-GB\",\"@id\":\"https:\\\/\\\/unaymilletras.com\\\/yarea-vuelve-a-su-yo-mas-personal-con-en-que-pienso-cuando-lloro\\\/#primaryimage\",\"url\":\"https:\\\/\\\/unaymilletras.com\\\/wp-content\\\/uploads\\\/2023\\\/10\\\/yarea-e1697457591660.png\",\"contentUrl\":\"https:\\\/\\\/unaymilletras.com\\\/wp-content\\\/uploads\\\/2023\\\/10\\\/yarea-e1697457591660.png\",\"width\":600,\"height\":503,\"caption\":\"Yarea\"},{\"@type\":\"BreadcrumbList\",\"@id\":\"https:\\\/\\\/unaymilletras.com\\\/yarea-vuelve-a-su-yo-mas-personal-con-en-que-pienso-cuando-lloro\\\/#breadcrumb\",\"itemListElement\":[{\"@type\":\"ListItem\",\"position\":1,\"name\":\"Home\",\"item\":\"http:\\\/\\\/unaymilletras.com\\\/\"},{\"@type\":\"ListItem\",\"position\":2,\"name\":\"Yarea vuelve a su \u201cyo\u201d m\u00e1s personal con \u201cEn qu\u00e9 pienso cuando lloro\u201d\"}]},{\"@type\":\"WebSite\",\"@id\":\"http:\\\/\\\/unaymilletras.com\\\/#website\",\"url\":\"http:\\\/\\\/unaymilletras.com\\\/\",\"name\":\"Una y Mil Letras\",\"description\":\"\",\"publisher\":{\"@id\":\"http:\\\/\\\/unaymilletras.com\\\/#organization\"},\"potentialAction\":[{\"@type\":\"SearchAction\",\"target\":{\"@type\":\"EntryPoint\",\"urlTemplate\":\"http:\\\/\\\/unaymilletras.com\\\/?s={search_term_string}\"},\"query-input\":{\"@type\":\"PropertyValueSpecification\",\"valueRequired\":true,\"valueName\":\"search_term_string\"}}],\"inLanguage\":\"en-GB\"},{\"@type\":\"Organization\",\"@id\":\"http:\\\/\\\/unaymilletras.com\\\/#organization\",\"name\":\"Una y Mil Letras\",\"url\":\"http:\\\/\\\/unaymilletras.com\\\/\",\"logo\":{\"@type\":\"ImageObject\",\"inLanguage\":\"en-GB\",\"@id\":\"http:\\\/\\\/unaymilletras.com\\\/#\\\/schema\\\/logo\\\/image\\\/\",\"url\":\"https:\\\/\\\/unaymilletras.com\\\/wp-content\\\/uploads\\\/2024\\\/06\\\/cropped-Logo-removebg-preview.png\",\"contentUrl\":\"https:\\\/\\\/unaymilletras.com\\\/wp-content\\\/uploads\\\/2024\\\/06\\\/cropped-Logo-removebg-preview.png\",\"width\":512,\"height\":512,\"caption\":\"Una y Mil Letras\"},\"image\":{\"@id\":\"http:\\\/\\\/unaymilletras.com\\\/#\\\/schema\\\/logo\\\/image\\\/\"},\"sameAs\":[\"https:\\\/\\\/x.com\\\/UnaYMilLetras\",\"https:\\\/\\\/instagram.com\\\/UnaYMilLetras\"]},{\"@type\":\"Person\",\"@id\":\"http:\\\/\\\/unaymilletras.com\\\/#\\\/schema\\\/person\\\/d55ba681b8a4e463d8982dbe36a5dc94\",\"name\":\"Maria Gil Robledo\",\"image\":{\"@type\":\"ImageObject\",\"inLanguage\":\"en-GB\",\"@id\":\"https:\\\/\\\/secure.gravatar.com\\\/avatar\\\/4b8e5102e0015789407eb4870b12f0f2857952d83ca124058f92b764bd1840c3?s=96&d=mm&r=g\",\"url\":\"https:\\\/\\\/secure.gravatar.com\\\/avatar\\\/4b8e5102e0015789407eb4870b12f0f2857952d83ca124058f92b764bd1840c3?s=96&d=mm&r=g\",\"contentUrl\":\"https:\\\/\\\/secure.gravatar.com\\\/avatar\\\/4b8e5102e0015789407eb4870b12f0f2857952d83ca124058f92b764bd1840c3?s=96&d=mm&r=g\",\"caption\":\"Maria Gil Robledo\"},\"sameAs\":[\"http:\\\/\\\/unaymilletras.com\"],\"url\":\"https:\\\/\\\/unaymilletras.com\\\/en\\\/author\\\/mariiagiil02_\\\/\"}]}<\/script>\n<!-- \/ Yoast SEO plugin. -->","yoast_head_json":{"title":"Yarea vuelve a su \u201cyo\u201d m\u00e1s personal con \u201cEn qu\u00e9 pienso cuando lloro\u201d &#8902; Una y Mil Letras","description":"El nuevo EP incluye \u201c22:22\u201d: una definici\u00f3n de todas las cosas que pasan dentro de Yarea. Ya est\u00e1 disponible...","robots":{"index":"index","follow":"follow","max-snippet":"max-snippet:-1","max-image-preview":"max-image-preview:large","max-video-preview":"max-video-preview:-1"},"canonical":"https:\/\/unaymilletras.com\/en\/yarea-vuelve-a-su-yo-mas-personal-con-en-que-pienso-cuando-lloro\/","og_locale":"en_GB","og_type":"article","og_title":"Yarea vuelve a su \u201cyo\u201d m\u00e1s personal con \u201cEn qu\u00e9 pienso cuando lloro\u201d &#8902; Una y Mil Letras","og_description":"El nuevo EP incluye \u201c22:22\u201d: una definici\u00f3n de todas las cosas que pasan dentro de Yarea. Ya est\u00e1 disponible...","og_url":"https:\/\/unaymilletras.com\/en\/yarea-vuelve-a-su-yo-mas-personal-con-en-que-pienso-cuando-lloro\/","og_site_name":"Una y Mil Letras","article_published_time":"2023-10-17T10:30:00+00:00","og_image":[{"width":600,"height":503,"url":"https:\/\/unaymilletras.com\/wp-content\/uploads\/2023\/10\/yarea-e1697457591660.png","type":"image\/png"}],"author":"Maria Gil Robledo","twitter_card":"summary_large_image","twitter_creator":"@UnaYMilLetras","twitter_site":"@UnaYMilLetras","twitter_misc":{"Written by":"Maria Gil Robledo","Estimated reading time":"2 minutes"},"schema":{"@context":"https:\/\/schema.org","@graph":[{"@type":"Article","@id":"https:\/\/unaymilletras.com\/yarea-vuelve-a-su-yo-mas-personal-con-en-que-pienso-cuando-lloro\/#article","isPartOf":{"@id":"https:\/\/unaymilletras.com\/yarea-vuelve-a-su-yo-mas-personal-con-en-que-pienso-cuando-lloro\/"},"author":{"name":"Maria Gil Robledo","@id":"http:\/\/unaymilletras.com\/#\/schema\/person\/d55ba681b8a4e463d8982dbe36a5dc94"},"headline":"Yarea vuelve a su \u201cyo\u201d m\u00e1s personal con \u201cEn qu\u00e9 pienso cuando lloro\u201d","datePublished":"2023-10-17T10:30:00+00:00","mainEntityOfPage":{"@id":"https:\/\/unaymilletras.com\/yarea-vuelve-a-su-yo-mas-personal-con-en-que-pienso-cuando-lloro\/"},"wordCount":253,"commentCount":0,"publisher":{"@id":"http:\/\/unaymilletras.com\/#organization"},"image":{"@id":"https:\/\/unaymilletras.com\/yarea-vuelve-a-su-yo-mas-personal-con-en-que-pienso-cuando-lloro\/#primaryimage"},"thumbnailUrl":"https:\/\/unaymilletras.com\/wp-content\/uploads\/2023\/10\/yarea-e1697457591660.png","articleSection":["M\u00fasica"],"inLanguage":"en-GB","potentialAction":[{"@type":"CommentAction","name":"Comment","target":["https:\/\/unaymilletras.com\/yarea-vuelve-a-su-yo-mas-personal-con-en-que-pienso-cuando-lloro\/#respond"]}]},{"@type":"WebPage","@id":"https:\/\/unaymilletras.com\/yarea-vuelve-a-su-yo-mas-personal-con-en-que-pienso-cuando-lloro\/","url":"https:\/\/unaymilletras.com\/yarea-vuelve-a-su-yo-mas-personal-con-en-que-pienso-cuando-lloro\/","name":"Yarea vuelve a su \u201cyo\u201d m\u00e1s personal con \u201cEn qu\u00e9 pienso cuando lloro\u201d &#8902; Una y Mil Letras","isPartOf":{"@id":"http:\/\/unaymilletras.com\/#website"},"primaryImageOfPage":{"@id":"https:\/\/unaymilletras.com\/yarea-vuelve-a-su-yo-mas-personal-con-en-que-pienso-cuando-lloro\/#primaryimage"},"image":{"@id":"https:\/\/unaymilletras.com\/yarea-vuelve-a-su-yo-mas-personal-con-en-que-pienso-cuando-lloro\/#primaryimage"},"thumbnailUrl":"https:\/\/unaymilletras.com\/wp-content\/uploads\/2023\/10\/yarea-e1697457591660.png","datePublished":"2023-10-17T10:30:00+00:00","description":"El nuevo EP incluye \u201c22:22\u201d: una definici\u00f3n de todas las cosas que pasan dentro de Yarea. Ya est\u00e1 disponible...","breadcrumb":{"@id":"https:\/\/unaymilletras.com\/yarea-vuelve-a-su-yo-mas-personal-con-en-que-pienso-cuando-lloro\/#breadcrumb"},"inLanguage":"en-GB","potentialAction":[{"@type":"ReadAction","target":["https:\/\/unaymilletras.com\/yarea-vuelve-a-su-yo-mas-personal-con-en-que-pienso-cuando-lloro\/"]}]},{"@type":"ImageObject","inLanguage":"en-GB","@id":"https:\/\/unaymilletras.com\/yarea-vuelve-a-su-yo-mas-personal-con-en-que-pienso-cuando-lloro\/#primaryimage","url":"https:\/\/unaymilletras.com\/wp-content\/uploads\/2023\/10\/yarea-e1697457591660.png","contentUrl":"https:\/\/unaymilletras.com\/wp-content\/uploads\/2023\/10\/yarea-e1697457591660.png","width":600,"height":503,"caption":"Yarea"},{"@type":"BreadcrumbList","@id":"https:\/\/unaymilletras.com\/yarea-vuelve-a-su-yo-mas-personal-con-en-que-pienso-cuando-lloro\/#breadcrumb","itemListElement":[{"@type":"ListItem","position":1,"name":"Home","item":"http:\/\/unaymilletras.com\/"},{"@type":"ListItem","position":2,"name":"Yarea vuelve a su \u201cyo\u201d m\u00e1s personal con \u201cEn qu\u00e9 pienso cuando lloro\u201d"}]},{"@type":"WebSite","@id":"http:\/\/unaymilletras.com\/#website","url":"http:\/\/unaymilletras.com\/","name":"Una y Mil Letras","description":"","publisher":{"@id":"http:\/\/unaymilletras.com\/#organization"},"potentialAction":[{"@type":"SearchAction","target":{"@type":"EntryPoint","urlTemplate":"http:\/\/unaymilletras.com\/?s={search_term_string}"},"query-input":{"@type":"PropertyValueSpecification","valueRequired":true,"valueName":"search_term_string"}}],"inLanguage":"en-GB"},{"@type":"Organization","@id":"http:\/\/unaymilletras.com\/#organization","name":"Una y Mil Letras","url":"http:\/\/unaymilletras.com\/","logo":{"@type":"ImageObject","inLanguage":"en-GB","@id":"http:\/\/unaymilletras.com\/#\/schema\/logo\/image\/","url":"https:\/\/unaymilletras.com\/wp-content\/uploads\/2024\/06\/cropped-Logo-removebg-preview.png","contentUrl":"https:\/\/unaymilletras.com\/wp-content\/uploads\/2024\/06\/cropped-Logo-removebg-preview.png","width":512,"height":512,"caption":"Una y Mil Letras"},"image":{"@id":"http:\/\/unaymilletras.com\/#\/schema\/logo\/image\/"},"sameAs":["https:\/\/x.com\/UnaYMilLetras","https:\/\/instagram.com\/UnaYMilLetras"]},{"@type":"Person","@id":"http:\/\/unaymilletras.com\/#\/schema\/person\/d55ba681b8a4e463d8982dbe36a5dc94","name":"Maria Gil Robledo","image":{"@type":"ImageObject","inLanguage":"en-GB","@id":"https:\/\/secure.gravatar.com\/avatar\/4b8e5102e0015789407eb4870b12f0f2857952d83ca124058f92b764bd1840c3?s=96&d=mm&r=g","url":"https:\/\/secure.gravatar.com\/avatar\/4b8e5102e0015789407eb4870b12f0f2857952d83ca124058f92b764bd1840c3?s=96&d=mm&r=g","contentUrl":"https:\/\/secure.gravatar.com\/avatar\/4b8e5102e0015789407eb4870b12f0f2857952d83ca124058f92b764bd1840c3?s=96&d=mm&r=g","caption":"Maria Gil Robledo"},"sameAs":["http:\/\/unaymilletras.com"],"url":"https:\/\/unaymilletras.com\/en\/author\/mariiagiil02_\/"}]}},"_links":{"self":[{"href":"https:\/\/unaymilletras.com\/en\/wp-json\/wp\/v2\/posts\/1349","targetHints":{"allow":["GET"]}}],"collection":[{"href":"https:\/\/unaymilletras.com\/en\/wp-json\/wp\/v2\/posts"}],"about":[{"href":"https:\/\/unaymilletras.com\/en\/wp-json\/wp\/v2\/types\/post"}],"author":[{"embeddable":true,"href":"https:\/\/unaymilletras.com\/en\/wp-json\/wp\/v2\/users\/1"}],"replies":[{"embeddable":true,"href":"https:\/\/unaymilletras.com\/en\/wp-json\/wp\/v2\/comments?post=1349"}],"version-history":[{"count":6,"href":"https:\/\/unaymilletras.com\/en\/wp-json\/wp\/v2\/posts\/1349\/revisions"}],"predecessor-version":[{"id":1356,"href":"https:\/\/unaymilletras.com\/en\/wp-json\/wp\/v2\/posts\/1349\/revisions\/1356"}],"wp:featuredmedia":[{"embeddable":true,"href":"https:\/\/unaymilletras.com\/en\/wp-json\/wp\/v2\/media\/1351"}],"wp:attachment":[{"href":"https:\/\/unaymilletras.com\/en\/wp-json\/wp\/v2\/media?parent=1349"}],"wp:term":[{"taxonomy":"category","embeddable":true,"href":"https:\/\/unaymilletras.com\/en\/wp-json\/wp\/v2\/categories?post=1349"},{"taxonomy":"post_tag","embeddable":true,"href":"https:\/\/unaymilletras.com\/en\/wp-json\/wp\/v2\/tags?post=1349"}],"curies":[{"name":"wp","href":"https:\/\/api.w.org\/{rel}","templated":true}]}}