{"id":1357,"date":"2023-10-17T15:41:36","date_gmt":"2023-10-17T13:41:36","guid":{"rendered":"https:\/\/unaymilletras.com\/?p=1357"},"modified":"2023-10-17T15:50:09","modified_gmt":"2023-10-17T13:50:09","slug":"primeras-actuaciones-de-los-latin-grammys-2023-confirmadas","status":"publish","type":"post","link":"https:\/\/unaymilletras.com\/en\/primeras-actuaciones-de-los-latin-grammys-2023-confirmadas\/","title":{"rendered":"Primeras actuaciones de los Latin Grammys 2023 confirmadas"},"content":{"rendered":"<div data-elementor-type=\"wp-post\" data-elementor-id=\"1357\" class=\"elementor elementor-1357\">\n\t\t\t\t\t\t<section class=\"elementor-section elementor-top-section elementor-element elementor-element-e449b47 elementor-section-boxed elementor-section-height-default elementor-section-height-default\" data-id=\"e449b47\" data-element_type=\"section\" data-e-type=\"section\">\n\t\t\t\t\t\t<div class=\"elementor-container elementor-column-gap-default\">\n\t\t\t\t\t<div class=\"elementor-column elementor-col-100 elementor-top-column elementor-element elementor-element-efecdf5\" data-id=\"efecdf5\" data-element_type=\"column\" data-e-type=\"column\">\n\t\t\t<div class=\"elementor-widget-wrap elementor-element-populated\">\n\t\t\t\t\t\t<div class=\"elementor-element elementor-element-6e74d1c elementor-widget elementor-widget-text-editor\" data-id=\"6e74d1c\" data-element_type=\"widget\" data-e-type=\"widget\" data-widget_type=\"text-editor.default\">\n\t\t\t\t<div class=\"elementor-widget-container\">\n\t\t\t\t\t\t\t\t\t<h2><em><span style=\"color: #808080;\">Mar\u00eda Becerra, Bizarrap, Feid, Kany Garc\u00eda, Carin Le\u00f3n, Christian Nodal, Rauw Alejandro y Alejandro Sanz brillar\u00e1n en los Latin Grammys 2023<\/span><\/em><\/h2>\t\t\t\t\t\t\t\t<\/div>\n\t\t\t\t<\/div>\n\t\t\t\t\t<\/div>\n\t\t<\/div>\n\t\t\t\t\t<\/div>\n\t\t<\/section>\n\t\t\t\t<section class=\"elementor-section elementor-top-section elementor-element elementor-element-ac004b8 elementor-section-boxed elementor-section-height-default elementor-section-height-default\" data-id=\"ac004b8\" data-element_type=\"section\" data-e-type=\"section\">\n\t\t\t\t\t\t<div class=\"elementor-container elementor-column-gap-default\">\n\t\t\t\t\t<div class=\"elementor-column elementor-col-100 elementor-top-column elementor-element elementor-element-1352dd5\" data-id=\"1352dd5\" data-element_type=\"column\" data-e-type=\"column\">\n\t\t\t<div class=\"elementor-widget-wrap elementor-element-populated\">\n\t\t\t\t\t\t<div class=\"elementor-element elementor-element-d3633be elementor-widget elementor-widget-text-editor\" data-id=\"d3633be\" data-element_type=\"widget\" data-e-type=\"widget\" data-widget_type=\"text-editor.default\">\n\t\t\t\t<div class=\"elementor-widget-container\">\n\t\t\t\t\t\t\t\t\t<p><b>La Academia de los Latin Grammys \u00ae<\/b> ha desvelado los artistas confirmados para la vigesimocuarta Entrega Anual de los <span style=\"color: #808080;\"><a style=\"color: #808080;\" href=\"https:\/\/www.latingrammy.com\/\">Latin GRAMMY\u00ae<\/a><\/span>. Todos ellos, referentes en sus \u00e1mbitos, prometen elevar la gala a nuevas alturas. Estos son los confirmados hasta el momento:<\/p>\t\t\t\t\t\t\t\t<\/div>\n\t\t\t\t<\/div>\n\t\t\t\t\t<\/div>\n\t\t<\/div>\n\t\t\t\t\t<\/div>\n\t\t<\/section>\n\t\t\t\t<section class=\"elementor-section elementor-top-section elementor-element elementor-element-b69bff7 elementor-section-boxed elementor-section-height-default elementor-section-height-default\" data-id=\"b69bff7\" data-element_type=\"section\" data-e-type=\"section\">\n\t\t\t\t\t\t<div class=\"elementor-container elementor-column-gap-default\">\n\t\t\t\t\t<div class=\"elementor-column elementor-col-50 elementor-top-column elementor-element elementor-element-9047446\" data-id=\"9047446\" data-element_type=\"column\" data-e-type=\"column\">\n\t\t\t<div class=\"elementor-widget-wrap elementor-element-populated\">\n\t\t\t\t\t\t<div class=\"elementor-element elementor-element-5fb2f7a elementor-widget elementor-widget-text-editor\" data-id=\"5fb2f7a\" data-element_type=\"widget\" data-e-type=\"widget\" data-widget_type=\"text-editor.default\">\n\t\t\t\t<div class=\"elementor-widget-container\">\n\t\t\t\t\t\t\t\t\t<p><strong>Rauw Alejandro:<\/strong> Con millones de oyentes mensuales en Spotify,\u00a0 es uno de los artistas m\u00e1s influyentes de la m\u00fasica latina. Su estilo \u00fanico y su capacidad para fusionar diversos g\u00e9neros lo han convertido en un favorito entre los fan\u00e1ticos de todo el mundo. Su nominaci\u00f3n a Mejor \u00c1lbum de M\u00fasica Urbana es un testimonio de su impacto en la industria.<\/p>\t\t\t\t\t\t\t\t<\/div>\n\t\t\t\t<\/div>\n\t\t\t\t\t<\/div>\n\t\t<\/div>\n\t\t\t\t<div class=\"elementor-column elementor-col-50 elementor-top-column elementor-element elementor-element-ffe979e\" data-id=\"ffe979e\" data-element_type=\"column\" data-e-type=\"column\">\n\t\t\t<div class=\"elementor-widget-wrap elementor-element-populated\">\n\t\t\t\t\t\t<div class=\"elementor-element elementor-element-d46b725 elementor-widget elementor-widget-image\" data-id=\"d46b725\" data-element_type=\"widget\" data-e-type=\"widget\" data-widget_type=\"image.default\">\n\t\t\t\t<div class=\"elementor-widget-container\">\n\t\t\t\t\t\t\t\t\t\t\t\t<figure class=\"wp-caption\">\n\t\t\t\t\t\t\t\t\t\t<img fetchpriority=\"high\" decoding=\"async\" width=\"640\" height=\"480\" src=\"https:\/\/unaymilletras.com\/wp-content\/uploads\/2023\/10\/Rauw-Alejandro-durante-Grammys-1024x768.jpg\" class=\"attachment-large size-large wp-image-1361\" alt=\"Latin Grammys\" srcset=\"https:\/\/unaymilletras.com\/wp-content\/uploads\/2023\/10\/Rauw-Alejandro-durante-Grammys-1024x768.jpg 1024w, https:\/\/unaymilletras.com\/wp-content\/uploads\/2023\/10\/Rauw-Alejandro-durante-Grammys-300x225.jpg 300w, https:\/\/unaymilletras.com\/wp-content\/uploads\/2023\/10\/Rauw-Alejandro-durante-Grammys-768x576.jpg 768w, https:\/\/unaymilletras.com\/wp-content\/uploads\/2023\/10\/Rauw-Alejandro-durante-Grammys-1536x1152.jpg 1536w, https:\/\/unaymilletras.com\/wp-content\/uploads\/2023\/10\/Rauw-Alejandro-durante-Grammys-2048x1536.jpg 2048w, https:\/\/unaymilletras.com\/wp-content\/uploads\/2023\/10\/Rauw-Alejandro-durante-Grammys-scaled-e1697549533630.jpg 600w\" sizes=\"(max-width: 640px) 100vw, 640px\" \/>\t\t\t\t\t\t\t\t\t\t\t<figcaption class=\"widget-image-caption wp-caption-text\">Foto: Getty Images<\/figcaption>\n\t\t\t\t\t\t\t\t\t\t<\/figure>\n\t\t\t\t\t\t\t\t\t<\/div>\n\t\t\t\t<\/div>\n\t\t\t\t\t<\/div>\n\t\t<\/div>\n\t\t\t\t\t<\/div>\n\t\t<\/section>\n\t\t\t\t<section class=\"elementor-section elementor-top-section elementor-element elementor-element-6b48065 elementor-section-boxed elementor-section-height-default elementor-section-height-default\" data-id=\"6b48065\" data-element_type=\"section\" data-e-type=\"section\">\n\t\t\t\t\t\t<div class=\"elementor-container elementor-column-gap-default\">\n\t\t\t\t\t<div class=\"elementor-column elementor-col-50 elementor-top-column elementor-element elementor-element-225af4a\" data-id=\"225af4a\" data-element_type=\"column\" data-e-type=\"column\">\n\t\t\t<div class=\"elementor-widget-wrap elementor-element-populated\">\n\t\t\t\t\t\t<div class=\"elementor-element elementor-element-15fc95d elementor-widget elementor-widget-image\" data-id=\"15fc95d\" data-element_type=\"widget\" data-e-type=\"widget\" data-widget_type=\"image.default\">\n\t\t\t\t<div class=\"elementor-widget-container\">\n\t\t\t\t\t\t\t\t\t\t\t\t<figure class=\"wp-caption\">\n\t\t\t\t\t\t\t\t\t\t<img decoding=\"async\" width=\"600\" height=\"399\" src=\"https:\/\/unaymilletras.com\/wp-content\/uploads\/2023\/10\/gettyimages-1352549468-6471f8c53-e1697549699502.jpg\" class=\"attachment-large size-large wp-image-1362\" alt=\"Alejandro Sanz\" \/>\t\t\t\t\t\t\t\t\t\t\t<figcaption class=\"widget-image-caption wp-caption-text\">Foto: JUAN NAHARRO GIMENEZ\/\/GETTY IMAGES<\/figcaption>\n\t\t\t\t\t\t\t\t\t\t<\/figure>\n\t\t\t\t\t\t\t\t\t<\/div>\n\t\t\t\t<\/div>\n\t\t\t\t\t<\/div>\n\t\t<\/div>\n\t\t\t\t<div class=\"elementor-column elementor-col-50 elementor-top-column elementor-element elementor-element-1e50638\" data-id=\"1e50638\" data-element_type=\"column\" data-e-type=\"column\">\n\t\t\t<div class=\"elementor-widget-wrap elementor-element-populated\">\n\t\t\t\t\t\t<div class=\"elementor-element elementor-element-523d983 elementor-widget elementor-widget-text-editor\" data-id=\"523d983\" data-element_type=\"widget\" data-e-type=\"widget\" data-widget_type=\"text-editor.default\">\n\t\t\t\t<div class=\"elementor-widget-container\">\n\t\t\t\t\t\t\t\t\t<p><strong>Alejandro Sanz:<\/strong> El legendario cantante espa\u00f1ol sigue siendo una figura central en la m\u00fasica latina. Con una gran cantidad de oyentes en todo el mundo, sus nominaciones en categor\u00edas como Grabaci\u00f3n del A\u00f1o y Canci\u00f3n del A\u00f1o son un reflejo de su legado y su influencia en la industria.<\/p>\t\t\t\t\t\t\t\t<\/div>\n\t\t\t\t<\/div>\n\t\t\t\t\t<\/div>\n\t\t<\/div>\n\t\t\t\t\t<\/div>\n\t\t<\/section>\n\t\t\t\t<section class=\"elementor-section elementor-top-section elementor-element elementor-element-1c948b2 elementor-section-boxed elementor-section-height-default elementor-section-height-default\" data-id=\"1c948b2\" data-element_type=\"section\" data-e-type=\"section\">\n\t\t\t\t\t\t<div class=\"elementor-container elementor-column-gap-default\">\n\t\t\t\t\t<div class=\"elementor-column elementor-col-50 elementor-top-column elementor-element elementor-element-20895a8\" data-id=\"20895a8\" data-element_type=\"column\" data-e-type=\"column\">\n\t\t\t<div class=\"elementor-widget-wrap elementor-element-populated\">\n\t\t\t\t\t\t<div class=\"elementor-element elementor-element-008e4f5 elementor-widget elementor-widget-text-editor\" data-id=\"008e4f5\" data-element_type=\"widget\" data-e-type=\"widget\" data-widget_type=\"text-editor.default\">\n\t\t\t\t<div class=\"elementor-widget-container\">\n\t\t\t\t\t\t\t\t\t<p><strong>Bizarrap:<\/strong> Este talentoso productor musical y rapero ha ganado renombre gracias a su innovaci\u00f3n en la m\u00fasica urbana. Tras trabajar con numerosos artistas con una gran trayectoria musical,\u00a0 ha sido nominado en categor\u00edas como Grabaci\u00f3n del A\u00f1o y Productor del A\u00f1o, su participaci\u00f3n en la gala ser\u00e1 un punto<\/p>\t\t\t\t\t\t\t\t<\/div>\n\t\t\t\t<\/div>\n\t\t\t\t\t<\/div>\n\t\t<\/div>\n\t\t\t\t<div class=\"elementor-column elementor-col-50 elementor-top-column elementor-element elementor-element-a24d6d2\" data-id=\"a24d6d2\" data-element_type=\"column\" data-e-type=\"column\">\n\t\t\t<div class=\"elementor-widget-wrap elementor-element-populated\">\n\t\t\t\t\t\t<div class=\"elementor-element elementor-element-20380b4 elementor-widget elementor-widget-image\" data-id=\"20380b4\" data-element_type=\"widget\" data-e-type=\"widget\" data-widget_type=\"image.default\">\n\t\t\t\t<div class=\"elementor-widget-container\">\n\t\t\t\t\t\t\t\t\t\t\t\t<figure class=\"wp-caption\">\n\t\t\t\t\t\t\t\t\t\t<img decoding=\"async\" width=\"640\" height=\"360\" src=\"https:\/\/unaymilletras.com\/wp-content\/uploads\/2023\/10\/image-1024x576.jpg\" class=\"attachment-large size-large wp-image-1363\" alt=\"Bizarrap Latin Grammys\" srcset=\"https:\/\/unaymilletras.com\/wp-content\/uploads\/2023\/10\/image-1024x576.jpg 1024w, https:\/\/unaymilletras.com\/wp-content\/uploads\/2023\/10\/image-300x169.jpg 300w, https:\/\/unaymilletras.com\/wp-content\/uploads\/2023\/10\/image-768x432.jpg 768w, https:\/\/unaymilletras.com\/wp-content\/uploads\/2023\/10\/image-1536x864.jpg 1536w, https:\/\/unaymilletras.com\/wp-content\/uploads\/2023\/10\/image-1280x720.jpg 1280w, https:\/\/unaymilletras.com\/wp-content\/uploads\/2023\/10\/image-e1697549776294.jpg 600w\" sizes=\"(max-width: 640px) 100vw, 640px\" \/>\t\t\t\t\t\t\t\t\t\t\t<figcaption class=\"widget-image-caption wp-caption-text\">Foto: @bizarrap<\/figcaption>\n\t\t\t\t\t\t\t\t\t\t<\/figure>\n\t\t\t\t\t\t\t\t\t<\/div>\n\t\t\t\t<\/div>\n\t\t\t\t\t<\/div>\n\t\t<\/div>\n\t\t\t\t\t<\/div>\n\t\t<\/section>\n\t\t\t\t<section class=\"elementor-section elementor-top-section elementor-element elementor-element-665bd6c elementor-section-boxed elementor-section-height-default elementor-section-height-default\" data-id=\"665bd6c\" data-element_type=\"section\" data-e-type=\"section\">\n\t\t\t\t\t\t<div class=\"elementor-container elementor-column-gap-default\">\n\t\t\t\t\t<div class=\"elementor-column elementor-col-50 elementor-top-column elementor-element elementor-element-dd7110b\" data-id=\"dd7110b\" data-element_type=\"column\" data-e-type=\"column\">\n\t\t\t<div class=\"elementor-widget-wrap elementor-element-populated\">\n\t\t\t\t\t\t<div class=\"elementor-element elementor-element-6a102ce elementor-widget elementor-widget-image\" data-id=\"6a102ce\" data-element_type=\"widget\" data-e-type=\"widget\" data-widget_type=\"image.default\">\n\t\t\t\t<div class=\"elementor-widget-container\">\n\t\t\t\t\t\t\t\t\t\t\t\t<figure class=\"wp-caption\">\n\t\t\t\t\t\t\t\t\t\t<img loading=\"lazy\" decoding=\"async\" width=\"640\" height=\"345\" src=\"https:\/\/unaymilletras.com\/wp-content\/uploads\/2023\/10\/cropped-quien-es-kany-garcia-jur-1024x552.jpg\" class=\"attachment-large size-large wp-image-1364\" alt=\"Latin Grammys\" srcset=\"https:\/\/unaymilletras.com\/wp-content\/uploads\/2023\/10\/cropped-quien-es-kany-garcia-jur-1024x552.jpg 1024w, https:\/\/unaymilletras.com\/wp-content\/uploads\/2023\/10\/cropped-quien-es-kany-garcia-jur-300x162.jpg 300w, https:\/\/unaymilletras.com\/wp-content\/uploads\/2023\/10\/cropped-quien-es-kany-garcia-jur-768x414.jpg 768w, https:\/\/unaymilletras.com\/wp-content\/uploads\/2023\/10\/cropped-quien-es-kany-garcia-jur-e1697549870775.jpg 600w\" sizes=\"(max-width: 640px) 100vw, 640px\" \/>\t\t\t\t\t\t\t\t\t\t\t<figcaption class=\"widget-image-caption wp-caption-text\">Foto: Getty Images<\/figcaption>\n\t\t\t\t\t\t\t\t\t\t<\/figure>\n\t\t\t\t\t\t\t\t\t<\/div>\n\t\t\t\t<\/div>\n\t\t\t\t\t<\/div>\n\t\t<\/div>\n\t\t\t\t<div class=\"elementor-column elementor-col-50 elementor-top-column elementor-element elementor-element-392de0d\" data-id=\"392de0d\" data-element_type=\"column\" data-e-type=\"column\">\n\t\t\t<div class=\"elementor-widget-wrap elementor-element-populated\">\n\t\t\t\t\t\t<div class=\"elementor-element elementor-element-57c5951 elementor-widget elementor-widget-text-editor\" data-id=\"57c5951\" data-element_type=\"widget\" data-e-type=\"widget\" data-widget_type=\"text-editor.default\">\n\t\t\t\t<div class=\"elementor-widget-container\">\n\t\t\t\t\t\t\t\t\t<p><strong>Kany Garc\u00eda:<\/strong> Ha dejado una marca indeleble en la m\u00fasica latina. Su estilo \u00fanico y su habilidad para conectar con el p\u00fablico la han convertido en una artista respetada y querida. Su nominaci\u00f3n a Mejor Canci\u00f3n Regional es un reconocimiento a su impacto en la industria.<\/p>\t\t\t\t\t\t\t\t<\/div>\n\t\t\t\t<\/div>\n\t\t\t\t\t<\/div>\n\t\t<\/div>\n\t\t\t\t\t<\/div>\n\t\t<\/section>\n\t\t\t\t<section class=\"elementor-section elementor-top-section elementor-element elementor-element-7e3c23e elementor-section-boxed elementor-section-height-default elementor-section-height-default\" data-id=\"7e3c23e\" data-element_type=\"section\" data-e-type=\"section\">\n\t\t\t\t\t\t<div class=\"elementor-container elementor-column-gap-default\">\n\t\t\t\t\t<div class=\"elementor-column elementor-col-50 elementor-top-column elementor-element elementor-element-57ba6e5\" data-id=\"57ba6e5\" data-element_type=\"column\" data-e-type=\"column\">\n\t\t\t<div class=\"elementor-widget-wrap elementor-element-populated\">\n\t\t\t\t\t\t<div class=\"elementor-element elementor-element-62a3cb5 elementor-widget elementor-widget-text-editor\" data-id=\"62a3cb5\" data-element_type=\"widget\" data-e-type=\"widget\" data-widget_type=\"text-editor.default\">\n\t\t\t\t<div class=\"elementor-widget-container\">\n\t\t\t\t\t\t\t\t\t<p><strong>Feid:<\/strong> El artista ya se ha establecido como uno de los pilares del reggaet\u00f3n y la m\u00fasica urbana. Categor\u00edas como Mejor Interpretaci\u00f3n de Reggaet\u00f3n, Mejor \u00c1lbum de M\u00fasica Urbana y Mejor Canci\u00f3n de Rap\/Hip Hop reconocen su influencia en diversos g\u00e9neros. La audiencia puede esperar una actuaci\u00f3n llena de energ\u00eda y talento<\/p>\t\t\t\t\t\t\t\t<\/div>\n\t\t\t\t<\/div>\n\t\t\t\t\t<\/div>\n\t\t<\/div>\n\t\t\t\t<div class=\"elementor-column elementor-col-50 elementor-top-column elementor-element elementor-element-4c7763f\" data-id=\"4c7763f\" data-element_type=\"column\" data-e-type=\"column\">\n\t\t\t<div class=\"elementor-widget-wrap elementor-element-populated\">\n\t\t\t\t\t\t<div class=\"elementor-element elementor-element-9c7e43f elementor-widget elementor-widget-image\" data-id=\"9c7e43f\" data-element_type=\"widget\" data-e-type=\"widget\" data-widget_type=\"image.default\">\n\t\t\t\t<div class=\"elementor-widget-container\">\n\t\t\t\t\t\t\t\t\t\t\t\t<figure class=\"wp-caption\">\n\t\t\t\t\t\t\t\t\t\t<img loading=\"lazy\" decoding=\"async\" width=\"640\" height=\"360\" src=\"https:\/\/unaymilletras.com\/wp-content\/uploads\/2023\/10\/image-1-1024x576.jpg\" class=\"attachment-large size-large wp-image-1365\" alt=\"Feid\" srcset=\"https:\/\/unaymilletras.com\/wp-content\/uploads\/2023\/10\/image-1-1024x576.jpg 1024w, https:\/\/unaymilletras.com\/wp-content\/uploads\/2023\/10\/image-1-300x169.jpg 300w, https:\/\/unaymilletras.com\/wp-content\/uploads\/2023\/10\/image-1-768x432.jpg 768w, https:\/\/unaymilletras.com\/wp-content\/uploads\/2023\/10\/image-1-e1697549953921.jpg 600w\" sizes=\"(max-width: 640px) 100vw, 640px\" \/>\t\t\t\t\t\t\t\t\t\t\t<figcaption class=\"widget-image-caption wp-caption-text\">Foto: Getty Images<\/figcaption>\n\t\t\t\t\t\t\t\t\t\t<\/figure>\n\t\t\t\t\t\t\t\t\t<\/div>\n\t\t\t\t<\/div>\n\t\t\t\t\t<\/div>\n\t\t<\/div>\n\t\t\t\t\t<\/div>\n\t\t<\/section>\n\t\t\t\t<section class=\"elementor-section elementor-top-section elementor-element elementor-element-ffdc2c7 elementor-section-boxed elementor-section-height-default elementor-section-height-default\" data-id=\"ffdc2c7\" data-element_type=\"section\" data-e-type=\"section\">\n\t\t\t\t\t\t<div class=\"elementor-container elementor-column-gap-default\">\n\t\t\t\t\t<div class=\"elementor-column elementor-col-50 elementor-top-column elementor-element elementor-element-7b4ce89\" data-id=\"7b4ce89\" data-element_type=\"column\" data-e-type=\"column\">\n\t\t\t<div class=\"elementor-widget-wrap elementor-element-populated\">\n\t\t\t\t\t\t<div class=\"elementor-element elementor-element-9de6d78 elementor-widget__width-initial elementor-widget elementor-widget-image\" data-id=\"9de6d78\" data-element_type=\"widget\" data-e-type=\"widget\" data-widget_type=\"image.default\">\n\t\t\t\t<div class=\"elementor-widget-container\">\n\t\t\t\t\t\t\t\t\t\t\t\t\t\t\t<img loading=\"lazy\" decoding=\"async\" width=\"640\" height=\"426\" src=\"https:\/\/unaymilletras.com\/wp-content\/uploads\/2023\/10\/16847547093403.jpg\" class=\"attachment-large size-large wp-image-1366\" alt=\"Latin Grammys\" srcset=\"https:\/\/unaymilletras.com\/wp-content\/uploads\/2023\/10\/16847547093403.jpg 660w, https:\/\/unaymilletras.com\/wp-content\/uploads\/2023\/10\/16847547093403-300x200.jpg 300w\" sizes=\"(max-width: 640px) 100vw, 640px\" \/>\t\t\t\t\t\t\t\t\t\t\t\t\t\t\t<\/div>\n\t\t\t\t<\/div>\n\t\t\t\t\t<\/div>\n\t\t<\/div>\n\t\t\t\t<div class=\"elementor-column elementor-col-50 elementor-top-column elementor-element elementor-element-dfe400d\" data-id=\"dfe400d\" data-element_type=\"column\" data-e-type=\"column\">\n\t\t\t<div class=\"elementor-widget-wrap elementor-element-populated\">\n\t\t\t\t\t\t<div class=\"elementor-element elementor-element-0a6a55c elementor-widget elementor-widget-text-editor\" data-id=\"0a6a55c\" data-element_type=\"widget\" data-e-type=\"widget\" data-widget_type=\"text-editor.default\">\n\t\t\t\t<div class=\"elementor-widget-container\">\n\t\t\t\t\t\t\t\t\t<p><strong>Christian Nodal:<\/strong> Este talentoso artista cuenta con una base s\u00f3lida de oyentes. Con nominaciones a Mejor \u00c1lbum de M\u00fasica Ranchera\/Mariachi y Mejor Canci\u00f3n Regional Mexicana, Christian Nodal sigue siendo una figura central en la m\u00fasica regional mexicana.<\/p>\t\t\t\t\t\t\t\t<\/div>\n\t\t\t\t<\/div>\n\t\t\t\t\t<\/div>\n\t\t<\/div>\n\t\t\t\t\t<\/div>\n\t\t<\/section>\n\t\t\t\t<section class=\"elementor-section elementor-top-section elementor-element elementor-element-0b5b5c6 elementor-section-boxed elementor-section-height-default elementor-section-height-default\" data-id=\"0b5b5c6\" data-element_type=\"section\" data-e-type=\"section\">\n\t\t\t\t\t\t<div class=\"elementor-container elementor-column-gap-default\">\n\t\t\t\t\t<div class=\"elementor-column elementor-col-50 elementor-top-column elementor-element elementor-element-7e7e46f\" data-id=\"7e7e46f\" data-element_type=\"column\" data-e-type=\"column\">\n\t\t\t<div class=\"elementor-widget-wrap elementor-element-populated\">\n\t\t\t\t\t\t<div class=\"elementor-element elementor-element-9a66ef1 elementor-widget elementor-widget-text-editor\" data-id=\"9a66ef1\" data-element_type=\"widget\" data-e-type=\"widget\" data-widget_type=\"text-editor.default\">\n\t\t\t\t<div class=\"elementor-widget-container\">\n\t\t\t\t\t\t\t\t\t<p><strong>Mar\u00eda Becerra:<\/strong> Con millones de seguidores, <span style=\"color: #808080;\"><a style=\"color: #808080;\" href=\"https:\/\/unaymilletras.com\/en\/maria-becerra-llega-a-mexico\/\">Mar\u00eda<\/a> <\/span>es una de las estrellas emergentes m\u00e1s destacadas en la m\u00fasica latina. Sus cuatro nominaciones, que incluyen Canci\u00f3n del A\u00f1o, Mejor Interpretaci\u00f3n de Reggaet\u00f3n y Mejor Canci\u00f3n Urbana, reflejan su crecimiento en la industria<\/p>\t\t\t\t\t\t\t\t<\/div>\n\t\t\t\t<\/div>\n\t\t\t\t\t<\/div>\n\t\t<\/div>\n\t\t\t\t<div class=\"elementor-column elementor-col-50 elementor-top-column elementor-element elementor-element-fea249f\" data-id=\"fea249f\" data-element_type=\"column\" data-e-type=\"column\">\n\t\t\t<div class=\"elementor-widget-wrap elementor-element-populated\">\n\t\t\t\t\t\t<div class=\"elementor-element elementor-element-60dbe0b elementor-widget elementor-widget-image\" data-id=\"60dbe0b\" data-element_type=\"widget\" data-e-type=\"widget\" data-widget_type=\"image.default\">\n\t\t\t\t<div class=\"elementor-widget-container\">\n\t\t\t\t\t\t\t\t\t\t\t\t\t\t\t<img loading=\"lazy\" decoding=\"async\" width=\"580\" height=\"330\" src=\"https:\/\/unaymilletras.com\/wp-content\/uploads\/2023\/10\/RSJOTGOA3RFC3BOZR2DIRNXNKU.jpg\" class=\"attachment-large size-large wp-image-1367\" alt=\"Maria Becerra Latin Grammys\" srcset=\"https:\/\/unaymilletras.com\/wp-content\/uploads\/2023\/10\/RSJOTGOA3RFC3BOZR2DIRNXNKU.jpg 580w, https:\/\/unaymilletras.com\/wp-content\/uploads\/2023\/10\/RSJOTGOA3RFC3BOZR2DIRNXNKU-300x171.jpg 300w\" sizes=\"(max-width: 580px) 100vw, 580px\" \/>\t\t\t\t\t\t\t\t\t\t\t\t\t\t\t<\/div>\n\t\t\t\t<\/div>\n\t\t\t\t\t<\/div>\n\t\t<\/div>\n\t\t\t\t\t<\/div>\n\t\t<\/section>\n\t\t\t\t<section class=\"elementor-section elementor-top-section elementor-element elementor-element-6b229fd elementor-section-boxed elementor-section-height-default elementor-section-height-default\" data-id=\"6b229fd\" data-element_type=\"section\" data-e-type=\"section\">\n\t\t\t\t\t\t<div class=\"elementor-container elementor-column-gap-default\">\n\t\t\t\t\t<div class=\"elementor-column elementor-col-50 elementor-top-column elementor-element elementor-element-819f9da\" data-id=\"819f9da\" data-element_type=\"column\" data-e-type=\"column\">\n\t\t\t<div class=\"elementor-widget-wrap elementor-element-populated\">\n\t\t\t\t\t\t<div class=\"elementor-element elementor-element-779038c elementor-widget elementor-widget-image\" data-id=\"779038c\" data-element_type=\"widget\" data-e-type=\"widget\" data-widget_type=\"image.default\">\n\t\t\t\t<div class=\"elementor-widget-container\">\n\t\t\t\t\t\t\t\t\t\t\t\t\t\t\t<img loading=\"lazy\" decoding=\"async\" width=\"600\" height=\"380\" src=\"https:\/\/unaymilletras.com\/wp-content\/uploads\/2023\/10\/image-2-e1697550208961.jpg\" class=\"attachment-large size-large wp-image-1368\" alt=\"Car\u00edn Le\u00f3n\" \/>\t\t\t\t\t\t\t\t\t\t\t\t\t\t\t<\/div>\n\t\t\t\t<\/div>\n\t\t\t\t\t<\/div>\n\t\t<\/div>\n\t\t\t\t<div class=\"elementor-column elementor-col-50 elementor-top-column elementor-element elementor-element-52063cf\" data-id=\"52063cf\" data-element_type=\"column\" data-e-type=\"column\">\n\t\t\t<div class=\"elementor-widget-wrap elementor-element-populated\">\n\t\t\t\t\t\t<div class=\"elementor-element elementor-element-a0a2ebf elementor-widget elementor-widget-text-editor\" data-id=\"a0a2ebf\" data-element_type=\"widget\" data-e-type=\"widget\" data-widget_type=\"text-editor.default\">\n\t\t\t\t<div class=\"elementor-widget-container\">\n\t\t\t\t\t\t\t\t\t<p><strong>Carin Le\u00f3n:<\/strong> Candidato a Mejor \u00c1lbum de M\u00fasica Norte\u00f1a, Carin Le\u00f3n representa la diversidad de g\u00e9neros dentro de la m\u00fasica latina. Su \u00e9xito en el g\u00e9nero norte\u00f1o ha resonado con audiencias de todas las edades.<\/p>\t\t\t\t\t\t\t\t<\/div>\n\t\t\t\t<\/div>\n\t\t\t\t\t<\/div>\n\t\t<\/div>\n\t\t\t\t\t<\/div>\n\t\t<\/section>\n\t\t\t\t<section class=\"elementor-section elementor-top-section elementor-element elementor-element-6a1e7f0 elementor-section-boxed elementor-section-height-default elementor-section-height-default\" data-id=\"6a1e7f0\" data-element_type=\"section\" data-e-type=\"section\">\n\t\t\t\t\t\t<div class=\"elementor-container elementor-column-gap-default\">\n\t\t\t\t\t<div class=\"elementor-column elementor-col-100 elementor-top-column elementor-element elementor-element-02a5f1f\" data-id=\"02a5f1f\" data-element_type=\"column\" data-e-type=\"column\">\n\t\t\t<div class=\"elementor-widget-wrap elementor-element-populated\">\n\t\t\t\t\t\t<div class=\"elementor-element elementor-element-8674b68 elementor-widget elementor-widget-text-editor\" data-id=\"8674b68\" data-element_type=\"widget\" data-e-type=\"widget\" data-widget_type=\"text-editor.default\">\n\t\t\t\t<div class=\"elementor-widget-container\">\n\t\t\t\t\t\t\t\t\t<p>La 24.a Entrega Anual del Latin GRAMMYS\u00ae se llevar\u00e1 a cabo el 16 de noviembre desde FIBES en Sevilla, Espa\u00f1a. Esta promete ser una noche llena de emocionantes actuaciones, discursos emotivos y momentos memorables. La m\u00fasica en espa\u00f1ol sigue brillando en todo su esplendor en este evento de renombre<\/p>\t\t\t\t\t\t\t\t<\/div>\n\t\t\t\t<\/div>\n\t\t\t\t\t<\/div>\n\t\t<\/div>\n\t\t\t\t\t<\/div>\n\t\t<\/section>\n\t\t\t\t<\/div>","protected":false},"excerpt":{"rendered":"<p>Mar\u00eda Becerra, Bizarrap, Feid, Kany Garc\u00eda, Carin Le\u00f3n, Christian Nodal, Rauw Alejandro y Alejandro Sanz brillar\u00e1n en los Latin Grammys 2023 La Academia de los Latin Grammys \u00ae ha desvelado los artistas confirmados para la vigesimocuarta Entrega Anual de los Latin GRAMMY\u00ae. Todos ellos, referentes en sus \u00e1mbitos, prometen elevar la gala a nuevas alturas. [&hellip;]<\/p>\n","protected":false},"author":1,"featured_media":1369,"comment_status":"open","ping_status":"open","sticky":false,"template":"","format":"standard","meta":{"footnotes":""},"categories":[119,4],"tags":[],"class_list":["post-1357","post","type-post","status-publish","format-standard","has-post-thumbnail","hentry","category-eventos","category-musica"],"yoast_head":"<!-- This site is optimized with the Yoast SEO plugin v27.4 - https:\/\/yoast.com\/product\/yoast-seo-wordpress\/ -->\n<title>Primeras actuaciones de los Latin Grammys 2023 confirmadas &#8902; Una y Mil Letras<\/title>\n<meta name=\"description\" content=\"Mar\u00eda Becerra, Bizarrap, Feid, Kany Garc\u00eda, Carin Le\u00f3n, Christian Nodal, Rauw Alejandro y Alejandro Sanz brillar\u00e1n en los Latin Grammys 2023\" \/>\n<meta name=\"robots\" content=\"index, follow, max-snippet:-1, max-image-preview:large, max-video-preview:-1\" \/>\n<link rel=\"canonical\" href=\"https:\/\/unaymilletras.com\/en\/primeras-actuaciones-de-los-latin-grammys-2023-confirmadas\/\" \/>\n<meta property=\"og:locale\" content=\"en_GB\" \/>\n<meta property=\"og:type\" content=\"article\" \/>\n<meta property=\"og:title\" content=\"Primeras actuaciones de los Latin Grammys 2023 confirmadas &#8902; Una y Mil Letras\" \/>\n<meta property=\"og:description\" content=\"Mar\u00eda Becerra, Bizarrap, Feid, Kany Garc\u00eda, Carin Le\u00f3n, Christian Nodal, Rauw Alejandro y Alejandro Sanz brillar\u00e1n en los Latin Grammys 2023\" \/>\n<meta property=\"og:url\" content=\"https:\/\/unaymilletras.com\/en\/primeras-actuaciones-de-los-latin-grammys-2023-confirmadas\/\" \/>\n<meta property=\"og:site_name\" content=\"Una y Mil Letras\" \/>\n<meta property=\"article:published_time\" content=\"2023-10-17T13:41:36+00:00\" \/>\n<meta property=\"article:modified_time\" content=\"2023-10-17T13:50:09+00:00\" \/>\n<meta property=\"og:image\" content=\"http:\/\/unaymilletras.com\/wp-content\/uploads\/2023\/10\/Thumb_latingrammys_2023-e1697550592999.jpg\" \/>\n\t<meta property=\"og:image:width\" content=\"600\" \/>\n\t<meta property=\"og:image:height\" content=\"450\" \/>\n\t<meta property=\"og:image:type\" content=\"image\/jpeg\" \/>\n<meta name=\"author\" content=\"Maria Gil Robledo\" \/>\n<meta name=\"twitter:card\" content=\"summary_large_image\" \/>\n<meta name=\"twitter:creator\" content=\"@UnaYMilLetras\" \/>\n<meta name=\"twitter:site\" content=\"@UnaYMilLetras\" \/>\n<meta name=\"twitter:label1\" content=\"Written by\" \/>\n\t<meta name=\"twitter:data1\" content=\"Maria Gil Robledo\" \/>\n\t<meta name=\"twitter:label2\" content=\"Estimated reading time\" \/>\n\t<meta name=\"twitter:data2\" content=\"4 minutes\" \/>\n<script type=\"application\/ld+json\" class=\"yoast-schema-graph\">{\"@context\":\"https:\\\/\\\/schema.org\",\"@graph\":[{\"@type\":\"Article\",\"@id\":\"https:\\\/\\\/unaymilletras.com\\\/primeras-actuaciones-de-los-latin-grammys-2023-confirmadas\\\/#article\",\"isPartOf\":{\"@id\":\"https:\\\/\\\/unaymilletras.com\\\/primeras-actuaciones-de-los-latin-grammys-2023-confirmadas\\\/\"},\"author\":{\"name\":\"Maria Gil Robledo\",\"@id\":\"http:\\\/\\\/unaymilletras.com\\\/#\\\/schema\\\/person\\\/d55ba681b8a4e463d8982dbe36a5dc94\"},\"headline\":\"Primeras actuaciones de los Latin Grammys 2023 confirmadas\",\"datePublished\":\"2023-10-17T13:41:36+00:00\",\"dateModified\":\"2023-10-17T13:50:09+00:00\",\"mainEntityOfPage\":{\"@id\":\"https:\\\/\\\/unaymilletras.com\\\/primeras-actuaciones-de-los-latin-grammys-2023-confirmadas\\\/\"},\"wordCount\":566,\"commentCount\":0,\"publisher\":{\"@id\":\"http:\\\/\\\/unaymilletras.com\\\/#organization\"},\"image\":{\"@id\":\"https:\\\/\\\/unaymilletras.com\\\/primeras-actuaciones-de-los-latin-grammys-2023-confirmadas\\\/#primaryimage\"},\"thumbnailUrl\":\"https:\\\/\\\/unaymilletras.com\\\/wp-content\\\/uploads\\\/2023\\\/10\\\/Thumb_latingrammys_2023-e1697550592999.jpg\",\"articleSection\":[\"Eventos\",\"M\u00fasica\"],\"inLanguage\":\"en-GB\",\"potentialAction\":[{\"@type\":\"CommentAction\",\"name\":\"Comment\",\"target\":[\"https:\\\/\\\/unaymilletras.com\\\/primeras-actuaciones-de-los-latin-grammys-2023-confirmadas\\\/#respond\"]}]},{\"@type\":\"WebPage\",\"@id\":\"https:\\\/\\\/unaymilletras.com\\\/primeras-actuaciones-de-los-latin-grammys-2023-confirmadas\\\/\",\"url\":\"https:\\\/\\\/unaymilletras.com\\\/primeras-actuaciones-de-los-latin-grammys-2023-confirmadas\\\/\",\"name\":\"Primeras actuaciones de los Latin Grammys 2023 confirmadas &#8902; Una y Mil Letras\",\"isPartOf\":{\"@id\":\"http:\\\/\\\/unaymilletras.com\\\/#website\"},\"primaryImageOfPage\":{\"@id\":\"https:\\\/\\\/unaymilletras.com\\\/primeras-actuaciones-de-los-latin-grammys-2023-confirmadas\\\/#primaryimage\"},\"image\":{\"@id\":\"https:\\\/\\\/unaymilletras.com\\\/primeras-actuaciones-de-los-latin-grammys-2023-confirmadas\\\/#primaryimage\"},\"thumbnailUrl\":\"https:\\\/\\\/unaymilletras.com\\\/wp-content\\\/uploads\\\/2023\\\/10\\\/Thumb_latingrammys_2023-e1697550592999.jpg\",\"datePublished\":\"2023-10-17T13:41:36+00:00\",\"dateModified\":\"2023-10-17T13:50:09+00:00\",\"description\":\"Mar\u00eda Becerra, Bizarrap, Feid, Kany Garc\u00eda, Carin Le\u00f3n, Christian Nodal, Rauw Alejandro y Alejandro Sanz brillar\u00e1n en los Latin Grammys 2023\",\"breadcrumb\":{\"@id\":\"https:\\\/\\\/unaymilletras.com\\\/primeras-actuaciones-de-los-latin-grammys-2023-confirmadas\\\/#breadcrumb\"},\"inLanguage\":\"en-GB\",\"potentialAction\":[{\"@type\":\"ReadAction\",\"target\":[\"https:\\\/\\\/unaymilletras.com\\\/primeras-actuaciones-de-los-latin-grammys-2023-confirmadas\\\/\"]}]},{\"@type\":\"ImageObject\",\"inLanguage\":\"en-GB\",\"@id\":\"https:\\\/\\\/unaymilletras.com\\\/primeras-actuaciones-de-los-latin-grammys-2023-confirmadas\\\/#primaryimage\",\"url\":\"https:\\\/\\\/unaymilletras.com\\\/wp-content\\\/uploads\\\/2023\\\/10\\\/Thumb_latingrammys_2023-e1697550592999.jpg\",\"contentUrl\":\"https:\\\/\\\/unaymilletras.com\\\/wp-content\\\/uploads\\\/2023\\\/10\\\/Thumb_latingrammys_2023-e1697550592999.jpg\",\"width\":600,\"height\":450},{\"@type\":\"BreadcrumbList\",\"@id\":\"https:\\\/\\\/unaymilletras.com\\\/primeras-actuaciones-de-los-latin-grammys-2023-confirmadas\\\/#breadcrumb\",\"itemListElement\":[{\"@type\":\"ListItem\",\"position\":1,\"name\":\"Home\",\"item\":\"http:\\\/\\\/unaymilletras.com\\\/\"},{\"@type\":\"ListItem\",\"position\":2,\"name\":\"Primeras actuaciones de los Latin Grammys 2023 confirmadas\"}]},{\"@type\":\"WebSite\",\"@id\":\"http:\\\/\\\/unaymilletras.com\\\/#website\",\"url\":\"http:\\\/\\\/unaymilletras.com\\\/\",\"name\":\"Una y Mil Letras\",\"description\":\"\",\"publisher\":{\"@id\":\"http:\\\/\\\/unaymilletras.com\\\/#organization\"},\"potentialAction\":[{\"@type\":\"SearchAction\",\"target\":{\"@type\":\"EntryPoint\",\"urlTemplate\":\"http:\\\/\\\/unaymilletras.com\\\/?s={search_term_string}\"},\"query-input\":{\"@type\":\"PropertyValueSpecification\",\"valueRequired\":true,\"valueName\":\"search_term_string\"}}],\"inLanguage\":\"en-GB\"},{\"@type\":\"Organization\",\"@id\":\"http:\\\/\\\/unaymilletras.com\\\/#organization\",\"name\":\"Una y Mil Letras\",\"url\":\"http:\\\/\\\/unaymilletras.com\\\/\",\"logo\":{\"@type\":\"ImageObject\",\"inLanguage\":\"en-GB\",\"@id\":\"http:\\\/\\\/unaymilletras.com\\\/#\\\/schema\\\/logo\\\/image\\\/\",\"url\":\"https:\\\/\\\/unaymilletras.com\\\/wp-content\\\/uploads\\\/2024\\\/06\\\/cropped-Logo-removebg-preview.png\",\"contentUrl\":\"https:\\\/\\\/unaymilletras.com\\\/wp-content\\\/uploads\\\/2024\\\/06\\\/cropped-Logo-removebg-preview.png\",\"width\":512,\"height\":512,\"caption\":\"Una y Mil Letras\"},\"image\":{\"@id\":\"http:\\\/\\\/unaymilletras.com\\\/#\\\/schema\\\/logo\\\/image\\\/\"},\"sameAs\":[\"https:\\\/\\\/x.com\\\/UnaYMilLetras\",\"https:\\\/\\\/instagram.com\\\/UnaYMilLetras\"]},{\"@type\":\"Person\",\"@id\":\"http:\\\/\\\/unaymilletras.com\\\/#\\\/schema\\\/person\\\/d55ba681b8a4e463d8982dbe36a5dc94\",\"name\":\"Maria Gil Robledo\",\"image\":{\"@type\":\"ImageObject\",\"inLanguage\":\"en-GB\",\"@id\":\"https:\\\/\\\/secure.gravatar.com\\\/avatar\\\/4b8e5102e0015789407eb4870b12f0f2857952d83ca124058f92b764bd1840c3?s=96&d=mm&r=g\",\"url\":\"https:\\\/\\\/secure.gravatar.com\\\/avatar\\\/4b8e5102e0015789407eb4870b12f0f2857952d83ca124058f92b764bd1840c3?s=96&d=mm&r=g\",\"contentUrl\":\"https:\\\/\\\/secure.gravatar.com\\\/avatar\\\/4b8e5102e0015789407eb4870b12f0f2857952d83ca124058f92b764bd1840c3?s=96&d=mm&r=g\",\"caption\":\"Maria Gil Robledo\"},\"sameAs\":[\"http:\\\/\\\/unaymilletras.com\"],\"url\":\"https:\\\/\\\/unaymilletras.com\\\/en\\\/author\\\/mariiagiil02_\\\/\"}]}<\/script>\n<!-- \/ Yoast SEO plugin. -->","yoast_head_json":{"title":"Primeras actuaciones de los Latin Grammys 2023 confirmadas &#8902; Una y Mil Letras","description":"Mar\u00eda Becerra, Bizarrap, Feid, Kany Garc\u00eda, Carin Le\u00f3n, Christian Nodal, Rauw Alejandro y Alejandro Sanz brillar\u00e1n en los Latin Grammys 2023","robots":{"index":"index","follow":"follow","max-snippet":"max-snippet:-1","max-image-preview":"max-image-preview:large","max-video-preview":"max-video-preview:-1"},"canonical":"https:\/\/unaymilletras.com\/en\/primeras-actuaciones-de-los-latin-grammys-2023-confirmadas\/","og_locale":"en_GB","og_type":"article","og_title":"Primeras actuaciones de los Latin Grammys 2023 confirmadas &#8902; Una y Mil Letras","og_description":"Mar\u00eda Becerra, Bizarrap, Feid, Kany Garc\u00eda, Carin Le\u00f3n, Christian Nodal, Rauw Alejandro y Alejandro Sanz brillar\u00e1n en los Latin Grammys 2023","og_url":"https:\/\/unaymilletras.com\/en\/primeras-actuaciones-de-los-latin-grammys-2023-confirmadas\/","og_site_name":"Una y Mil Letras","article_published_time":"2023-10-17T13:41:36+00:00","article_modified_time":"2023-10-17T13:50:09+00:00","og_image":[{"width":600,"height":450,"url":"http:\/\/unaymilletras.com\/wp-content\/uploads\/2023\/10\/Thumb_latingrammys_2023-e1697550592999.jpg","type":"image\/jpeg"}],"author":"Maria Gil Robledo","twitter_card":"summary_large_image","twitter_creator":"@UnaYMilLetras","twitter_site":"@UnaYMilLetras","twitter_misc":{"Written by":"Maria Gil Robledo","Estimated reading time":"4 minutes"},"schema":{"@context":"https:\/\/schema.org","@graph":[{"@type":"Article","@id":"https:\/\/unaymilletras.com\/primeras-actuaciones-de-los-latin-grammys-2023-confirmadas\/#article","isPartOf":{"@id":"https:\/\/unaymilletras.com\/primeras-actuaciones-de-los-latin-grammys-2023-confirmadas\/"},"author":{"name":"Maria Gil Robledo","@id":"http:\/\/unaymilletras.com\/#\/schema\/person\/d55ba681b8a4e463d8982dbe36a5dc94"},"headline":"Primeras actuaciones de los Latin Grammys 2023 confirmadas","datePublished":"2023-10-17T13:41:36+00:00","dateModified":"2023-10-17T13:50:09+00:00","mainEntityOfPage":{"@id":"https:\/\/unaymilletras.com\/primeras-actuaciones-de-los-latin-grammys-2023-confirmadas\/"},"wordCount":566,"commentCount":0,"publisher":{"@id":"http:\/\/unaymilletras.com\/#organization"},"image":{"@id":"https:\/\/unaymilletras.com\/primeras-actuaciones-de-los-latin-grammys-2023-confirmadas\/#primaryimage"},"thumbnailUrl":"https:\/\/unaymilletras.com\/wp-content\/uploads\/2023\/10\/Thumb_latingrammys_2023-e1697550592999.jpg","articleSection":["Eventos","M\u00fasica"],"inLanguage":"en-GB","potentialAction":[{"@type":"CommentAction","name":"Comment","target":["https:\/\/unaymilletras.com\/primeras-actuaciones-de-los-latin-grammys-2023-confirmadas\/#respond"]}]},{"@type":"WebPage","@id":"https:\/\/unaymilletras.com\/primeras-actuaciones-de-los-latin-grammys-2023-confirmadas\/","url":"https:\/\/unaymilletras.com\/primeras-actuaciones-de-los-latin-grammys-2023-confirmadas\/","name":"Primeras actuaciones de los Latin Grammys 2023 confirmadas &#8902; Una y Mil Letras","isPartOf":{"@id":"http:\/\/unaymilletras.com\/#website"},"primaryImageOfPage":{"@id":"https:\/\/unaymilletras.com\/primeras-actuaciones-de-los-latin-grammys-2023-confirmadas\/#primaryimage"},"image":{"@id":"https:\/\/unaymilletras.com\/primeras-actuaciones-de-los-latin-grammys-2023-confirmadas\/#primaryimage"},"thumbnailUrl":"https:\/\/unaymilletras.com\/wp-content\/uploads\/2023\/10\/Thumb_latingrammys_2023-e1697550592999.jpg","datePublished":"2023-10-17T13:41:36+00:00","dateModified":"2023-10-17T13:50:09+00:00","description":"Mar\u00eda Becerra, Bizarrap, Feid, Kany Garc\u00eda, Carin Le\u00f3n, Christian Nodal, Rauw Alejandro y Alejandro Sanz brillar\u00e1n en los Latin Grammys 2023","breadcrumb":{"@id":"https:\/\/unaymilletras.com\/primeras-actuaciones-de-los-latin-grammys-2023-confirmadas\/#breadcrumb"},"inLanguage":"en-GB","potentialAction":[{"@type":"ReadAction","target":["https:\/\/unaymilletras.com\/primeras-actuaciones-de-los-latin-grammys-2023-confirmadas\/"]}]},{"@type":"ImageObject","inLanguage":"en-GB","@id":"https:\/\/unaymilletras.com\/primeras-actuaciones-de-los-latin-grammys-2023-confirmadas\/#primaryimage","url":"https:\/\/unaymilletras.com\/wp-content\/uploads\/2023\/10\/Thumb_latingrammys_2023-e1697550592999.jpg","contentUrl":"https:\/\/unaymilletras.com\/wp-content\/uploads\/2023\/10\/Thumb_latingrammys_2023-e1697550592999.jpg","width":600,"height":450},{"@type":"BreadcrumbList","@id":"https:\/\/unaymilletras.com\/primeras-actuaciones-de-los-latin-grammys-2023-confirmadas\/#breadcrumb","itemListElement":[{"@type":"ListItem","position":1,"name":"Home","item":"http:\/\/unaymilletras.com\/"},{"@type":"ListItem","position":2,"name":"Primeras actuaciones de los Latin Grammys 2023 confirmadas"}]},{"@type":"WebSite","@id":"http:\/\/unaymilletras.com\/#website","url":"http:\/\/unaymilletras.com\/","name":"Una y Mil Letras","description":"","publisher":{"@id":"http:\/\/unaymilletras.com\/#organization"},"potentialAction":[{"@type":"SearchAction","target":{"@type":"EntryPoint","urlTemplate":"http:\/\/unaymilletras.com\/?s={search_term_string}"},"query-input":{"@type":"PropertyValueSpecification","valueRequired":true,"valueName":"search_term_string"}}],"inLanguage":"en-GB"},{"@type":"Organization","@id":"http:\/\/unaymilletras.com\/#organization","name":"Una y Mil Letras","url":"http:\/\/unaymilletras.com\/","logo":{"@type":"ImageObject","inLanguage":"en-GB","@id":"http:\/\/unaymilletras.com\/#\/schema\/logo\/image\/","url":"https:\/\/unaymilletras.com\/wp-content\/uploads\/2024\/06\/cropped-Logo-removebg-preview.png","contentUrl":"https:\/\/unaymilletras.com\/wp-content\/uploads\/2024\/06\/cropped-Logo-removebg-preview.png","width":512,"height":512,"caption":"Una y Mil Letras"},"image":{"@id":"http:\/\/unaymilletras.com\/#\/schema\/logo\/image\/"},"sameAs":["https:\/\/x.com\/UnaYMilLetras","https:\/\/instagram.com\/UnaYMilLetras"]},{"@type":"Person","@id":"http:\/\/unaymilletras.com\/#\/schema\/person\/d55ba681b8a4e463d8982dbe36a5dc94","name":"Maria Gil Robledo","image":{"@type":"ImageObject","inLanguage":"en-GB","@id":"https:\/\/secure.gravatar.com\/avatar\/4b8e5102e0015789407eb4870b12f0f2857952d83ca124058f92b764bd1840c3?s=96&d=mm&r=g","url":"https:\/\/secure.gravatar.com\/avatar\/4b8e5102e0015789407eb4870b12f0f2857952d83ca124058f92b764bd1840c3?s=96&d=mm&r=g","contentUrl":"https:\/\/secure.gravatar.com\/avatar\/4b8e5102e0015789407eb4870b12f0f2857952d83ca124058f92b764bd1840c3?s=96&d=mm&r=g","caption":"Maria Gil Robledo"},"sameAs":["http:\/\/unaymilletras.com"],"url":"https:\/\/unaymilletras.com\/en\/author\/mariiagiil02_\/"}]}},"_links":{"self":[{"href":"https:\/\/unaymilletras.com\/en\/wp-json\/wp\/v2\/posts\/1357","targetHints":{"allow":["GET"]}}],"collection":[{"href":"https:\/\/unaymilletras.com\/en\/wp-json\/wp\/v2\/posts"}],"about":[{"href":"https:\/\/unaymilletras.com\/en\/wp-json\/wp\/v2\/types\/post"}],"author":[{"embeddable":true,"href":"https:\/\/unaymilletras.com\/en\/wp-json\/wp\/v2\/users\/1"}],"replies":[{"embeddable":true,"href":"https:\/\/unaymilletras.com\/en\/wp-json\/wp\/v2\/comments?post=1357"}],"version-history":[{"count":5,"href":"https:\/\/unaymilletras.com\/en\/wp-json\/wp\/v2\/posts\/1357\/revisions"}],"predecessor-version":[{"id":1372,"href":"https:\/\/unaymilletras.com\/en\/wp-json\/wp\/v2\/posts\/1357\/revisions\/1372"}],"wp:featuredmedia":[{"embeddable":true,"href":"https:\/\/unaymilletras.com\/en\/wp-json\/wp\/v2\/media\/1369"}],"wp:attachment":[{"href":"https:\/\/unaymilletras.com\/en\/wp-json\/wp\/v2\/media?parent=1357"}],"wp:term":[{"taxonomy":"category","embeddable":true,"href":"https:\/\/unaymilletras.com\/en\/wp-json\/wp\/v2\/categories?post=1357"},{"taxonomy":"post_tag","embeddable":true,"href":"https:\/\/unaymilletras.com\/en\/wp-json\/wp\/v2\/tags?post=1357"}],"curies":[{"name":"wp","href":"https:\/\/api.w.org\/{rel}","templated":true}]}}