{"id":1373,"date":"2023-10-25T12:30:00","date_gmt":"2023-10-25T10:30:00","guid":{"rendered":"https:\/\/unaymilletras.com\/?p=1373"},"modified":"2023-10-24T21:46:00","modified_gmt":"2023-10-24T19:46:00","slug":"plan-fatal-la-gira-de-dani-fernandez-llega-a-su-fin","status":"publish","type":"post","link":"https:\/\/unaymilletras.com\/en\/plan-fatal-la-gira-de-dani-fernandez-llega-a-su-fin\/","title":{"rendered":"\u201cPlan Fatal\u201d, la gira de Dani Fern\u00e1ndez llega a su fin"},"content":{"rendered":"<div data-elementor-type=\"wp-post\" data-elementor-id=\"1373\" class=\"elementor elementor-1373\">\n\t\t\t\t\t\t<section class=\"elementor-section elementor-top-section elementor-element elementor-element-86cf9b0 elementor-section-boxed elementor-section-height-default elementor-section-height-default\" data-id=\"86cf9b0\" data-element_type=\"section\" data-e-type=\"section\">\n\t\t\t\t\t\t<div class=\"elementor-container elementor-column-gap-default\">\n\t\t\t\t\t<div class=\"elementor-column elementor-col-100 elementor-top-column elementor-element elementor-element-b4fc51d\" data-id=\"b4fc51d\" data-element_type=\"column\" data-e-type=\"column\">\n\t\t\t<div class=\"elementor-widget-wrap elementor-element-populated\">\n\t\t\t\t\t\t<div class=\"elementor-element elementor-element-db9780d elementor-widget elementor-widget-text-editor\" data-id=\"db9780d\" data-element_type=\"widget\" data-e-type=\"widget\" data-widget_type=\"text-editor.default\">\n\t\t\t\t<div class=\"elementor-widget-container\">\n\t\t\t\t\t\t\t\t\t<h2><span style=\"color: #808080;\"><em>Durante dos a\u00f1os Dani Fern\u00e1ndez ha estado recorriendo Espa\u00f1a dando conciertos y agotando entradas por todo el pa\u00eds<\/em><\/span><\/h2>\t\t\t\t\t\t\t\t<\/div>\n\t\t\t\t<\/div>\n\t\t\t\t\t<\/div>\n\t\t<\/div>\n\t\t\t\t\t<\/div>\n\t\t<\/section>\n\t\t\t\t<section class=\"elementor-section elementor-top-section elementor-element elementor-element-1646e26 elementor-section-boxed elementor-section-height-default elementor-section-height-default\" data-id=\"1646e26\" data-element_type=\"section\" data-e-type=\"section\">\n\t\t\t\t\t\t<div class=\"elementor-container elementor-column-gap-default\">\n\t\t\t\t\t<div class=\"elementor-column elementor-col-100 elementor-top-column elementor-element elementor-element-ee7fd89\" data-id=\"ee7fd89\" data-element_type=\"column\" data-e-type=\"column\">\n\t\t\t<div class=\"elementor-widget-wrap elementor-element-populated\">\n\t\t\t\t\t\t<div class=\"elementor-element elementor-element-b9f7982 elementor-widget elementor-widget-text-editor\" data-id=\"b9f7982\" data-element_type=\"widget\" data-e-type=\"widget\" data-widget_type=\"text-editor.default\">\n\t\t\t\t<div class=\"elementor-widget-container\">\n\t\t\t\t\t\t\t\t\t<p>Conciertos y festivales han sido testigos del show de <b>Dani Fern\u00e1ndez<\/b> durante dos a\u00f1os. M\u00e1s de 100 conciertos han formado la gira <b><i>Plan Fatal<\/i><\/b> del artista. Adem\u00e1s, en gran parte de ellos se ha podido ver el cartel de \u201centradas agotadas\u201d gracias a todos los seguidores que han ido a apoyar al cantante.<\/p>\t\t\t\t\t\t\t\t<\/div>\n\t\t\t\t<\/div>\n\t\t\t\t\t<\/div>\n\t\t<\/div>\n\t\t\t\t\t<\/div>\n\t\t<\/section>\n\t\t\t\t<section class=\"elementor-section elementor-top-section elementor-element elementor-element-9cc37fe elementor-section-boxed elementor-section-height-default elementor-section-height-default\" data-id=\"9cc37fe\" data-element_type=\"section\" data-e-type=\"section\">\n\t\t\t\t\t\t<div class=\"elementor-container elementor-column-gap-default\">\n\t\t\t\t\t<div class=\"elementor-column elementor-col-100 elementor-top-column elementor-element elementor-element-f4e69f2\" data-id=\"f4e69f2\" data-element_type=\"column\" data-e-type=\"column\">\n\t\t\t<div class=\"elementor-widget-wrap elementor-element-populated\">\n\t\t\t\t\t\t<div class=\"elementor-element elementor-element-264b6b3 elementor-widget elementor-widget-image\" data-id=\"264b6b3\" data-element_type=\"widget\" data-e-type=\"widget\" data-widget_type=\"image.default\">\n\t\t\t\t<div class=\"elementor-widget-container\">\n\t\t\t\t\t\t\t\t\t\t\t\t\t\t\t<img fetchpriority=\"high\" decoding=\"async\" width=\"640\" height=\"358\" src=\"https:\/\/unaymilletras.com\/wp-content\/uploads\/2023\/10\/DF-1024x573.jpg\" class=\"attachment-large size-large wp-image-1376\" alt=\"Dani Fern\u00e1ndez\" srcset=\"https:\/\/unaymilletras.com\/wp-content\/uploads\/2023\/10\/DF-1024x573.jpg 1024w, https:\/\/unaymilletras.com\/wp-content\/uploads\/2023\/10\/DF-300x168.jpg 300w, https:\/\/unaymilletras.com\/wp-content\/uploads\/2023\/10\/DF-768x430.jpg 768w, https:\/\/unaymilletras.com\/wp-content\/uploads\/2023\/10\/DF-e1698176409917.jpg 600w\" sizes=\"(max-width: 640px) 100vw, 640px\" \/>\t\t\t\t\t\t\t\t\t\t\t\t\t\t\t<\/div>\n\t\t\t\t<\/div>\n\t\t\t\t\t<\/div>\n\t\t<\/div>\n\t\t\t\t\t<\/div>\n\t\t<\/section>\n\t\t\t\t<section class=\"elementor-section elementor-top-section elementor-element elementor-element-33ca90f elementor-section-boxed elementor-section-height-default elementor-section-height-default\" data-id=\"33ca90f\" data-element_type=\"section\" data-e-type=\"section\">\n\t\t\t\t\t\t<div class=\"elementor-container elementor-column-gap-default\">\n\t\t\t\t\t<div class=\"elementor-column elementor-col-100 elementor-top-column elementor-element elementor-element-c24ad38\" data-id=\"c24ad38\" data-element_type=\"column\" data-e-type=\"column\">\n\t\t\t<div class=\"elementor-widget-wrap elementor-element-populated\">\n\t\t\t\t\t\t<div class=\"elementor-element elementor-element-1a7007b elementor-widget elementor-widget-text-editor\" data-id=\"1a7007b\" data-element_type=\"widget\" data-e-type=\"widget\" data-widget_type=\"text-editor.default\">\n\t\t\t\t<div class=\"elementor-widget-container\">\n\t\t\t\t\t\t\t\t\t<p>Dani <span style=\"color: #808080;\">Fern\u00e1ndez ha pasado por <a style=\"color: #808080;\" href=\"https:\/\/unaymilletras.com\/en\/pole-llega-al-wizink-center\/\">salas<\/a>,<\/span> festivales y fiestas nacionales, entre ellas la <b>Fiesta Grande de Bilbao<\/b>. Gracias a ello, el artista se corona como uno de los m\u00e1s consagrados de la escena musical actual.<\/p><p>Tanto 2022 como 2023 han sido<span style=\"color: #808080;\"> a\u00f1os muy ajetreados para <a style=\"color: #808080;\" href=\"https:\/\/www.danifernandezoficial.es\/\">\u00e9l<\/a>, e<\/span>n los que ha podido consolidarse. Con su disco <b><em>Entre las dudas y el azar<\/em> <\/b>se ha convertido en el n\u00famero 1 en ventas. Asimismo, ha obtenido cinco Discos de Platino y acumula m\u00e1s de 300.000 millones de reproducciones.<\/p><p>Ahora, el artista est\u00e1 aprovechando su proceso de composici\u00f3n, producci\u00f3n y grabaci\u00f3n para crear nuevas canciones para su tercer \u00e1lbum. En <b>2024<\/b> ser\u00e1 cuando este nuevo proyecto vea la luz y supondr\u00e1 el inicio de una nueva etapa. Nuevas canciones, m\u00e1s conciertos y muchas metas que cumplir.<\/p>\t\t\t\t\t\t\t\t<\/div>\n\t\t\t\t<\/div>\n\t\t\t\t\t<\/div>\n\t\t<\/div>\n\t\t\t\t\t<\/div>\n\t\t<\/section>\n\t\t\t\t<\/div>","protected":false},"excerpt":{"rendered":"<p>Durante dos a\u00f1os Dani Fern\u00e1ndez ha estado recorriendo Espa\u00f1a dando conciertos y agotando entradas por todo el pa\u00eds Conciertos y festivales han sido testigos del show de Dani Fern\u00e1ndez durante dos a\u00f1os. M\u00e1s de 100 conciertos han formado la gira Plan Fatal del artista. Adem\u00e1s, en gran parte de ellos se ha podido ver el [&hellip;]<\/p>\n","protected":false},"author":1,"featured_media":1376,"comment_status":"open","ping_status":"open","sticky":false,"template":"","format":"standard","meta":{"footnotes":""},"categories":[4],"tags":[],"class_list":["post-1373","post","type-post","status-publish","format-standard","has-post-thumbnail","hentry","category-musica"],"yoast_head":"<!-- This site is optimized with the Yoast SEO plugin v27.4 - https:\/\/yoast.com\/product\/yoast-seo-wordpress\/ -->\n<title>\u201cPlan Fatal\u201d, la gira de Dani Fern\u00e1ndez llega a su fin &#8902; Una y Mil Letras<\/title>\n<meta name=\"description\" content=\"Durante dos a\u00f1os Dani Fern\u00e1ndez ha estado recorriendo Espa\u00f1a dando conciertos y agotando entradas por todo el pa\u00eds\" \/>\n<meta name=\"robots\" content=\"index, follow, max-snippet:-1, max-image-preview:large, max-video-preview:-1\" \/>\n<link rel=\"canonical\" href=\"https:\/\/unaymilletras.com\/en\/plan-fatal-la-gira-de-dani-fernandez-llega-a-su-fin\/\" \/>\n<meta property=\"og:locale\" content=\"en_GB\" \/>\n<meta property=\"og:type\" content=\"article\" \/>\n<meta property=\"og:title\" content=\"\u201cPlan Fatal\u201d, la gira de Dani Fern\u00e1ndez llega a su fin &#8902; Una y Mil Letras\" \/>\n<meta property=\"og:description\" content=\"Durante dos a\u00f1os Dani Fern\u00e1ndez ha estado recorriendo Espa\u00f1a dando conciertos y agotando entradas por todo el pa\u00eds\" \/>\n<meta property=\"og:url\" content=\"https:\/\/unaymilletras.com\/en\/plan-fatal-la-gira-de-dani-fernandez-llega-a-su-fin\/\" \/>\n<meta property=\"og:site_name\" content=\"Una y Mil Letras\" \/>\n<meta property=\"article:published_time\" content=\"2023-10-25T10:30:00+00:00\" \/>\n<meta property=\"og:image\" content=\"https:\/\/unaymilletras.com\/wp-content\/uploads\/2023\/10\/DF-e1698176409917.jpg\" \/>\n\t<meta property=\"og:image:width\" content=\"600\" \/>\n\t<meta property=\"og:image:height\" content=\"336\" \/>\n\t<meta property=\"og:image:type\" content=\"image\/jpeg\" \/>\n<meta name=\"author\" content=\"Maria Gil Robledo\" \/>\n<meta name=\"twitter:card\" content=\"summary_large_image\" \/>\n<meta name=\"twitter:creator\" content=\"@UnaYMilLetras\" \/>\n<meta name=\"twitter:site\" content=\"@UnaYMilLetras\" \/>\n<meta name=\"twitter:label1\" content=\"Written by\" \/>\n\t<meta name=\"twitter:data1\" content=\"Maria Gil Robledo\" \/>\n\t<meta name=\"twitter:label2\" content=\"Estimated reading time\" \/>\n\t<meta name=\"twitter:data2\" content=\"2 minutes\" \/>\n<script type=\"application\/ld+json\" class=\"yoast-schema-graph\">{\"@context\":\"https:\\\/\\\/schema.org\",\"@graph\":[{\"@type\":\"Article\",\"@id\":\"https:\\\/\\\/unaymilletras.com\\\/plan-fatal-la-gira-de-dani-fernandez-llega-a-su-fin\\\/#article\",\"isPartOf\":{\"@id\":\"https:\\\/\\\/unaymilletras.com\\\/plan-fatal-la-gira-de-dani-fernandez-llega-a-su-fin\\\/\"},\"author\":{\"name\":\"Maria Gil Robledo\",\"@id\":\"http:\\\/\\\/unaymilletras.com\\\/#\\\/schema\\\/person\\\/d55ba681b8a4e463d8982dbe36a5dc94\"},\"headline\":\"\u201cPlan Fatal\u201d, la gira de Dani Fern\u00e1ndez llega a su fin\",\"datePublished\":\"2023-10-25T10:30:00+00:00\",\"mainEntityOfPage\":{\"@id\":\"https:\\\/\\\/unaymilletras.com\\\/plan-fatal-la-gira-de-dani-fernandez-llega-a-su-fin\\\/\"},\"wordCount\":226,\"commentCount\":0,\"publisher\":{\"@id\":\"http:\\\/\\\/unaymilletras.com\\\/#organization\"},\"image\":{\"@id\":\"https:\\\/\\\/unaymilletras.com\\\/plan-fatal-la-gira-de-dani-fernandez-llega-a-su-fin\\\/#primaryimage\"},\"thumbnailUrl\":\"https:\\\/\\\/unaymilletras.com\\\/wp-content\\\/uploads\\\/2023\\\/10\\\/DF-e1698176409917.jpg\",\"articleSection\":[\"M\u00fasica\"],\"inLanguage\":\"en-GB\",\"potentialAction\":[{\"@type\":\"CommentAction\",\"name\":\"Comment\",\"target\":[\"https:\\\/\\\/unaymilletras.com\\\/plan-fatal-la-gira-de-dani-fernandez-llega-a-su-fin\\\/#respond\"]}]},{\"@type\":\"WebPage\",\"@id\":\"https:\\\/\\\/unaymilletras.com\\\/plan-fatal-la-gira-de-dani-fernandez-llega-a-su-fin\\\/\",\"url\":\"https:\\\/\\\/unaymilletras.com\\\/plan-fatal-la-gira-de-dani-fernandez-llega-a-su-fin\\\/\",\"name\":\"\u201cPlan Fatal\u201d, la gira de Dani Fern\u00e1ndez llega a su fin &#8902; Una y Mil Letras\",\"isPartOf\":{\"@id\":\"http:\\\/\\\/unaymilletras.com\\\/#website\"},\"primaryImageOfPage\":{\"@id\":\"https:\\\/\\\/unaymilletras.com\\\/plan-fatal-la-gira-de-dani-fernandez-llega-a-su-fin\\\/#primaryimage\"},\"image\":{\"@id\":\"https:\\\/\\\/unaymilletras.com\\\/plan-fatal-la-gira-de-dani-fernandez-llega-a-su-fin\\\/#primaryimage\"},\"thumbnailUrl\":\"https:\\\/\\\/unaymilletras.com\\\/wp-content\\\/uploads\\\/2023\\\/10\\\/DF-e1698176409917.jpg\",\"datePublished\":\"2023-10-25T10:30:00+00:00\",\"description\":\"Durante dos a\u00f1os Dani Fern\u00e1ndez ha estado recorriendo Espa\u00f1a dando conciertos y agotando entradas por todo el pa\u00eds\",\"breadcrumb\":{\"@id\":\"https:\\\/\\\/unaymilletras.com\\\/plan-fatal-la-gira-de-dani-fernandez-llega-a-su-fin\\\/#breadcrumb\"},\"inLanguage\":\"en-GB\",\"potentialAction\":[{\"@type\":\"ReadAction\",\"target\":[\"https:\\\/\\\/unaymilletras.com\\\/plan-fatal-la-gira-de-dani-fernandez-llega-a-su-fin\\\/\"]}]},{\"@type\":\"ImageObject\",\"inLanguage\":\"en-GB\",\"@id\":\"https:\\\/\\\/unaymilletras.com\\\/plan-fatal-la-gira-de-dani-fernandez-llega-a-su-fin\\\/#primaryimage\",\"url\":\"https:\\\/\\\/unaymilletras.com\\\/wp-content\\\/uploads\\\/2023\\\/10\\\/DF-e1698176409917.jpg\",\"contentUrl\":\"https:\\\/\\\/unaymilletras.com\\\/wp-content\\\/uploads\\\/2023\\\/10\\\/DF-e1698176409917.jpg\",\"width\":600,\"height\":336,\"caption\":\"Dani Fern\u00e1ndez\"},{\"@type\":\"BreadcrumbList\",\"@id\":\"https:\\\/\\\/unaymilletras.com\\\/plan-fatal-la-gira-de-dani-fernandez-llega-a-su-fin\\\/#breadcrumb\",\"itemListElement\":[{\"@type\":\"ListItem\",\"position\":1,\"name\":\"Home\",\"item\":\"http:\\\/\\\/unaymilletras.com\\\/\"},{\"@type\":\"ListItem\",\"position\":2,\"name\":\"\u201cPlan Fatal\u201d, la gira de Dani Fern\u00e1ndez llega a su fin\"}]},{\"@type\":\"WebSite\",\"@id\":\"http:\\\/\\\/unaymilletras.com\\\/#website\",\"url\":\"http:\\\/\\\/unaymilletras.com\\\/\",\"name\":\"Una y Mil Letras\",\"description\":\"\",\"publisher\":{\"@id\":\"http:\\\/\\\/unaymilletras.com\\\/#organization\"},\"potentialAction\":[{\"@type\":\"SearchAction\",\"target\":{\"@type\":\"EntryPoint\",\"urlTemplate\":\"http:\\\/\\\/unaymilletras.com\\\/?s={search_term_string}\"},\"query-input\":{\"@type\":\"PropertyValueSpecification\",\"valueRequired\":true,\"valueName\":\"search_term_string\"}}],\"inLanguage\":\"en-GB\"},{\"@type\":\"Organization\",\"@id\":\"http:\\\/\\\/unaymilletras.com\\\/#organization\",\"name\":\"Una y Mil Letras\",\"url\":\"http:\\\/\\\/unaymilletras.com\\\/\",\"logo\":{\"@type\":\"ImageObject\",\"inLanguage\":\"en-GB\",\"@id\":\"http:\\\/\\\/unaymilletras.com\\\/#\\\/schema\\\/logo\\\/image\\\/\",\"url\":\"https:\\\/\\\/unaymilletras.com\\\/wp-content\\\/uploads\\\/2024\\\/06\\\/cropped-Logo-removebg-preview.png\",\"contentUrl\":\"https:\\\/\\\/unaymilletras.com\\\/wp-content\\\/uploads\\\/2024\\\/06\\\/cropped-Logo-removebg-preview.png\",\"width\":512,\"height\":512,\"caption\":\"Una y Mil Letras\"},\"image\":{\"@id\":\"http:\\\/\\\/unaymilletras.com\\\/#\\\/schema\\\/logo\\\/image\\\/\"},\"sameAs\":[\"https:\\\/\\\/x.com\\\/UnaYMilLetras\",\"https:\\\/\\\/instagram.com\\\/UnaYMilLetras\"]},{\"@type\":\"Person\",\"@id\":\"http:\\\/\\\/unaymilletras.com\\\/#\\\/schema\\\/person\\\/d55ba681b8a4e463d8982dbe36a5dc94\",\"name\":\"Maria Gil Robledo\",\"image\":{\"@type\":\"ImageObject\",\"inLanguage\":\"en-GB\",\"@id\":\"https:\\\/\\\/secure.gravatar.com\\\/avatar\\\/4b8e5102e0015789407eb4870b12f0f2857952d83ca124058f92b764bd1840c3?s=96&d=mm&r=g\",\"url\":\"https:\\\/\\\/secure.gravatar.com\\\/avatar\\\/4b8e5102e0015789407eb4870b12f0f2857952d83ca124058f92b764bd1840c3?s=96&d=mm&r=g\",\"contentUrl\":\"https:\\\/\\\/secure.gravatar.com\\\/avatar\\\/4b8e5102e0015789407eb4870b12f0f2857952d83ca124058f92b764bd1840c3?s=96&d=mm&r=g\",\"caption\":\"Maria Gil Robledo\"},\"sameAs\":[\"http:\\\/\\\/unaymilletras.com\"],\"url\":\"https:\\\/\\\/unaymilletras.com\\\/en\\\/author\\\/mariiagiil02_\\\/\"}]}<\/script>\n<!-- \/ Yoast SEO plugin. -->","yoast_head_json":{"title":"\u201cPlan Fatal\u201d, la gira de Dani Fern\u00e1ndez llega a su fin &#8902; Una y Mil Letras","description":"Durante dos a\u00f1os Dani Fern\u00e1ndez ha estado recorriendo Espa\u00f1a dando conciertos y agotando entradas por todo el pa\u00eds","robots":{"index":"index","follow":"follow","max-snippet":"max-snippet:-1","max-image-preview":"max-image-preview:large","max-video-preview":"max-video-preview:-1"},"canonical":"https:\/\/unaymilletras.com\/en\/plan-fatal-la-gira-de-dani-fernandez-llega-a-su-fin\/","og_locale":"en_GB","og_type":"article","og_title":"\u201cPlan Fatal\u201d, la gira de Dani Fern\u00e1ndez llega a su fin &#8902; Una y Mil Letras","og_description":"Durante dos a\u00f1os Dani Fern\u00e1ndez ha estado recorriendo Espa\u00f1a dando conciertos y agotando entradas por todo el pa\u00eds","og_url":"https:\/\/unaymilletras.com\/en\/plan-fatal-la-gira-de-dani-fernandez-llega-a-su-fin\/","og_site_name":"Una y Mil Letras","article_published_time":"2023-10-25T10:30:00+00:00","og_image":[{"width":600,"height":336,"url":"https:\/\/unaymilletras.com\/wp-content\/uploads\/2023\/10\/DF-e1698176409917.jpg","type":"image\/jpeg"}],"author":"Maria Gil Robledo","twitter_card":"summary_large_image","twitter_creator":"@UnaYMilLetras","twitter_site":"@UnaYMilLetras","twitter_misc":{"Written by":"Maria Gil Robledo","Estimated reading time":"2 minutes"},"schema":{"@context":"https:\/\/schema.org","@graph":[{"@type":"Article","@id":"https:\/\/unaymilletras.com\/plan-fatal-la-gira-de-dani-fernandez-llega-a-su-fin\/#article","isPartOf":{"@id":"https:\/\/unaymilletras.com\/plan-fatal-la-gira-de-dani-fernandez-llega-a-su-fin\/"},"author":{"name":"Maria Gil Robledo","@id":"http:\/\/unaymilletras.com\/#\/schema\/person\/d55ba681b8a4e463d8982dbe36a5dc94"},"headline":"\u201cPlan Fatal\u201d, la gira de Dani Fern\u00e1ndez llega a su fin","datePublished":"2023-10-25T10:30:00+00:00","mainEntityOfPage":{"@id":"https:\/\/unaymilletras.com\/plan-fatal-la-gira-de-dani-fernandez-llega-a-su-fin\/"},"wordCount":226,"commentCount":0,"publisher":{"@id":"http:\/\/unaymilletras.com\/#organization"},"image":{"@id":"https:\/\/unaymilletras.com\/plan-fatal-la-gira-de-dani-fernandez-llega-a-su-fin\/#primaryimage"},"thumbnailUrl":"https:\/\/unaymilletras.com\/wp-content\/uploads\/2023\/10\/DF-e1698176409917.jpg","articleSection":["M\u00fasica"],"inLanguage":"en-GB","potentialAction":[{"@type":"CommentAction","name":"Comment","target":["https:\/\/unaymilletras.com\/plan-fatal-la-gira-de-dani-fernandez-llega-a-su-fin\/#respond"]}]},{"@type":"WebPage","@id":"https:\/\/unaymilletras.com\/plan-fatal-la-gira-de-dani-fernandez-llega-a-su-fin\/","url":"https:\/\/unaymilletras.com\/plan-fatal-la-gira-de-dani-fernandez-llega-a-su-fin\/","name":"\u201cPlan Fatal\u201d, la gira de Dani Fern\u00e1ndez llega a su fin &#8902; Una y Mil Letras","isPartOf":{"@id":"http:\/\/unaymilletras.com\/#website"},"primaryImageOfPage":{"@id":"https:\/\/unaymilletras.com\/plan-fatal-la-gira-de-dani-fernandez-llega-a-su-fin\/#primaryimage"},"image":{"@id":"https:\/\/unaymilletras.com\/plan-fatal-la-gira-de-dani-fernandez-llega-a-su-fin\/#primaryimage"},"thumbnailUrl":"https:\/\/unaymilletras.com\/wp-content\/uploads\/2023\/10\/DF-e1698176409917.jpg","datePublished":"2023-10-25T10:30:00+00:00","description":"Durante dos a\u00f1os Dani Fern\u00e1ndez ha estado recorriendo Espa\u00f1a dando conciertos y agotando entradas por todo el pa\u00eds","breadcrumb":{"@id":"https:\/\/unaymilletras.com\/plan-fatal-la-gira-de-dani-fernandez-llega-a-su-fin\/#breadcrumb"},"inLanguage":"en-GB","potentialAction":[{"@type":"ReadAction","target":["https:\/\/unaymilletras.com\/plan-fatal-la-gira-de-dani-fernandez-llega-a-su-fin\/"]}]},{"@type":"ImageObject","inLanguage":"en-GB","@id":"https:\/\/unaymilletras.com\/plan-fatal-la-gira-de-dani-fernandez-llega-a-su-fin\/#primaryimage","url":"https:\/\/unaymilletras.com\/wp-content\/uploads\/2023\/10\/DF-e1698176409917.jpg","contentUrl":"https:\/\/unaymilletras.com\/wp-content\/uploads\/2023\/10\/DF-e1698176409917.jpg","width":600,"height":336,"caption":"Dani Fern\u00e1ndez"},{"@type":"BreadcrumbList","@id":"https:\/\/unaymilletras.com\/plan-fatal-la-gira-de-dani-fernandez-llega-a-su-fin\/#breadcrumb","itemListElement":[{"@type":"ListItem","position":1,"name":"Home","item":"http:\/\/unaymilletras.com\/"},{"@type":"ListItem","position":2,"name":"\u201cPlan Fatal\u201d, la gira de Dani Fern\u00e1ndez llega a su fin"}]},{"@type":"WebSite","@id":"http:\/\/unaymilletras.com\/#website","url":"http:\/\/unaymilletras.com\/","name":"Una y Mil Letras","description":"","publisher":{"@id":"http:\/\/unaymilletras.com\/#organization"},"potentialAction":[{"@type":"SearchAction","target":{"@type":"EntryPoint","urlTemplate":"http:\/\/unaymilletras.com\/?s={search_term_string}"},"query-input":{"@type":"PropertyValueSpecification","valueRequired":true,"valueName":"search_term_string"}}],"inLanguage":"en-GB"},{"@type":"Organization","@id":"http:\/\/unaymilletras.com\/#organization","name":"Una y Mil Letras","url":"http:\/\/unaymilletras.com\/","logo":{"@type":"ImageObject","inLanguage":"en-GB","@id":"http:\/\/unaymilletras.com\/#\/schema\/logo\/image\/","url":"https:\/\/unaymilletras.com\/wp-content\/uploads\/2024\/06\/cropped-Logo-removebg-preview.png","contentUrl":"https:\/\/unaymilletras.com\/wp-content\/uploads\/2024\/06\/cropped-Logo-removebg-preview.png","width":512,"height":512,"caption":"Una y Mil Letras"},"image":{"@id":"http:\/\/unaymilletras.com\/#\/schema\/logo\/image\/"},"sameAs":["https:\/\/x.com\/UnaYMilLetras","https:\/\/instagram.com\/UnaYMilLetras"]},{"@type":"Person","@id":"http:\/\/unaymilletras.com\/#\/schema\/person\/d55ba681b8a4e463d8982dbe36a5dc94","name":"Maria Gil Robledo","image":{"@type":"ImageObject","inLanguage":"en-GB","@id":"https:\/\/secure.gravatar.com\/avatar\/4b8e5102e0015789407eb4870b12f0f2857952d83ca124058f92b764bd1840c3?s=96&d=mm&r=g","url":"https:\/\/secure.gravatar.com\/avatar\/4b8e5102e0015789407eb4870b12f0f2857952d83ca124058f92b764bd1840c3?s=96&d=mm&r=g","contentUrl":"https:\/\/secure.gravatar.com\/avatar\/4b8e5102e0015789407eb4870b12f0f2857952d83ca124058f92b764bd1840c3?s=96&d=mm&r=g","caption":"Maria Gil Robledo"},"sameAs":["http:\/\/unaymilletras.com"],"url":"https:\/\/unaymilletras.com\/en\/author\/mariiagiil02_\/"}]}},"_links":{"self":[{"href":"https:\/\/unaymilletras.com\/en\/wp-json\/wp\/v2\/posts\/1373","targetHints":{"allow":["GET"]}}],"collection":[{"href":"https:\/\/unaymilletras.com\/en\/wp-json\/wp\/v2\/posts"}],"about":[{"href":"https:\/\/unaymilletras.com\/en\/wp-json\/wp\/v2\/types\/post"}],"author":[{"embeddable":true,"href":"https:\/\/unaymilletras.com\/en\/wp-json\/wp\/v2\/users\/1"}],"replies":[{"embeddable":true,"href":"https:\/\/unaymilletras.com\/en\/wp-json\/wp\/v2\/comments?post=1373"}],"version-history":[{"count":6,"href":"https:\/\/unaymilletras.com\/en\/wp-json\/wp\/v2\/posts\/1373\/revisions"}],"predecessor-version":[{"id":1380,"href":"https:\/\/unaymilletras.com\/en\/wp-json\/wp\/v2\/posts\/1373\/revisions\/1380"}],"wp:featuredmedia":[{"embeddable":true,"href":"https:\/\/unaymilletras.com\/en\/wp-json\/wp\/v2\/media\/1376"}],"wp:attachment":[{"href":"https:\/\/unaymilletras.com\/en\/wp-json\/wp\/v2\/media?parent=1373"}],"wp:term":[{"taxonomy":"category","embeddable":true,"href":"https:\/\/unaymilletras.com\/en\/wp-json\/wp\/v2\/categories?post=1373"},{"taxonomy":"post_tag","embeddable":true,"href":"https:\/\/unaymilletras.com\/en\/wp-json\/wp\/v2\/tags?post=1373"}],"curies":[{"name":"wp","href":"https:\/\/api.w.org\/{rel}","templated":true}]}}