{"id":1390,"date":"2023-10-28T13:45:49","date_gmt":"2023-10-28T11:45:49","guid":{"rendered":"https:\/\/unaymilletras.com\/?p=1390"},"modified":"2023-10-28T13:45:58","modified_gmt":"2023-10-28T11:45:58","slug":"mercedes-canas-nos-permite-viajar-por-sus-pensamientos","status":"publish","type":"post","link":"https:\/\/unaymilletras.com\/en\/mercedes-canas-nos-permite-viajar-por-sus-pensamientos\/","title":{"rendered":"Mercedes Ca\u00f1as nos permite viajar por sus pensamientos"},"content":{"rendered":"<div data-elementor-type=\"wp-post\" data-elementor-id=\"1390\" class=\"elementor elementor-1390\">\n\t\t\t\t\t\t<section class=\"elementor-section elementor-top-section elementor-element elementor-element-0945565 elementor-section-boxed elementor-section-height-default elementor-section-height-default\" data-id=\"0945565\" data-element_type=\"section\" data-e-type=\"section\">\n\t\t\t\t\t\t<div class=\"elementor-container elementor-column-gap-default\">\n\t\t\t\t\t<div class=\"elementor-column elementor-col-100 elementor-top-column elementor-element elementor-element-f53ead1\" data-id=\"f53ead1\" data-element_type=\"column\" data-e-type=\"column\">\n\t\t\t<div class=\"elementor-widget-wrap elementor-element-populated\">\n\t\t\t\t\t\t<div class=\"elementor-element elementor-element-7e05a64 elementor-widget elementor-widget-text-editor\" data-id=\"7e05a64\" data-element_type=\"widget\" data-e-type=\"widget\" data-widget_type=\"text-editor.default\">\n\t\t\t\t<div class=\"elementor-widget-container\">\n\t\t\t\t\t\t\t\t\t<h2><span style=\"color: #808080;\"><i>La cantante Mercedes Ca\u00f1as lanza su nuevo \u00e1lbum \u00abQue entren en mi cabeza\u00bb<\/i><\/span><\/h2>\t\t\t\t\t\t\t\t<\/div>\n\t\t\t\t<\/div>\n\t\t\t\t\t<\/div>\n\t\t<\/div>\n\t\t\t\t\t<\/div>\n\t\t<\/section>\n\t\t\t\t<section class=\"elementor-section elementor-top-section elementor-element elementor-element-8e9f01c elementor-section-boxed elementor-section-height-default elementor-section-height-default\" data-id=\"8e9f01c\" data-element_type=\"section\" data-e-type=\"section\">\n\t\t\t\t\t\t<div class=\"elementor-container elementor-column-gap-default\">\n\t\t\t\t\t<div class=\"elementor-column elementor-col-100 elementor-top-column elementor-element elementor-element-bef1757\" data-id=\"bef1757\" data-element_type=\"column\" data-e-type=\"column\">\n\t\t\t<div class=\"elementor-widget-wrap elementor-element-populated\">\n\t\t\t\t\t\t<div class=\"elementor-element elementor-element-d0c0b7f elementor-widget elementor-widget-text-editor\" data-id=\"d0c0b7f\" data-element_type=\"widget\" data-e-type=\"widget\" data-widget_type=\"text-editor.default\">\n\t\t\t\t<div class=\"elementor-widget-container\">\n\t\t\t\t\t\t\t\t\t<p>La cantautora madrile\u00f1a, <b>Mercedes Ca\u00f1as<\/b> presenta su \u00faltimo \u00e1lb<span style=\"color: #808080;\">um, <em><b><a style=\"color: #808080;\" href=\"https:\/\/open.spotify.com\/intl-es\/album\/6GDCV6UWVgWDyiaw8QVQPz?si=0UG2MR38TbmQSiGJleeMfQ\">Que Entren En Mi Cabeza<\/a><\/b>.<\/em> Una obra \u00edntima que nos sum<\/span>erge en su mundo interior. Este \u00e1lbum, con un total de once canciones, combina cinco in\u00e9ditas con seis ya conocidas. Disponible en plataformas digitales y formatos f\u00edsicos en CD y vinilo, <em>Que Entren En Mi Cabeza<\/em> es una experiencia musical \u00fanica.<\/p><p>Uno de los \u00faltimos sencillos de este \u00e1lbum, <i>10 km<\/i>, es un ejemplo de c\u00f3mo Mercedes convierte experiencias personales en composiciones. La canci\u00f3n narra un viaje inc\u00f3modo en coche que se transform\u00f3 en una emotiva canci\u00f3n, como es costumbre en su proceso creativo.<\/p>\t\t\t\t\t\t\t\t<\/div>\n\t\t\t\t<\/div>\n\t\t\t\t\t<\/div>\n\t\t<\/div>\n\t\t\t\t\t<\/div>\n\t\t<\/section>\n\t\t\t\t<section class=\"elementor-section elementor-top-section elementor-element elementor-element-f8e9006 elementor-section-boxed elementor-section-height-default elementor-section-height-default\" data-id=\"f8e9006\" data-element_type=\"section\" data-e-type=\"section\">\n\t\t\t\t\t\t<div class=\"elementor-container elementor-column-gap-default\">\n\t\t\t\t\t<div class=\"elementor-column elementor-col-100 elementor-top-column elementor-element elementor-element-e6872cd\" data-id=\"e6872cd\" data-element_type=\"column\" data-e-type=\"column\">\n\t\t\t<div class=\"elementor-widget-wrap elementor-element-populated\">\n\t\t\t\t\t\t<div class=\"elementor-element elementor-element-6acc942 elementor-widget elementor-widget-image\" data-id=\"6acc942\" data-element_type=\"widget\" data-e-type=\"widget\" data-widget_type=\"image.default\">\n\t\t\t\t<div class=\"elementor-widget-container\">\n\t\t\t\t\t\t\t\t\t\t\t\t\t\t\t<img fetchpriority=\"high\" decoding=\"async\" width=\"640\" height=\"636\" src=\"https:\/\/unaymilletras.com\/wp-content\/uploads\/2023\/10\/portada.jpeg\" class=\"attachment-large size-large wp-image-1393\" alt=\"Mercedes ca\u00f1as\" srcset=\"https:\/\/unaymilletras.com\/wp-content\/uploads\/2023\/10\/portada.jpeg 702w, https:\/\/unaymilletras.com\/wp-content\/uploads\/2023\/10\/portada-300x298.jpeg 300w, https:\/\/unaymilletras.com\/wp-content\/uploads\/2023\/10\/portada-150x150.jpeg 150w\" sizes=\"(max-width: 640px) 100vw, 640px\" \/>\t\t\t\t\t\t\t\t\t\t\t\t\t\t\t<\/div>\n\t\t\t\t<\/div>\n\t\t\t\t\t<\/div>\n\t\t<\/div>\n\t\t\t\t\t<\/div>\n\t\t<\/section>\n\t\t\t\t<section class=\"elementor-section elementor-top-section elementor-element elementor-element-4a8d063 elementor-section-boxed elementor-section-height-default elementor-section-height-default\" data-id=\"4a8d063\" data-element_type=\"section\" data-e-type=\"section\">\n\t\t\t\t\t\t<div class=\"elementor-container elementor-column-gap-default\">\n\t\t\t\t\t<div class=\"elementor-column elementor-col-100 elementor-top-column elementor-element elementor-element-592bc29\" data-id=\"592bc29\" data-element_type=\"column\" data-e-type=\"column\">\n\t\t\t<div class=\"elementor-widget-wrap elementor-element-populated\">\n\t\t\t\t\t\t<div class=\"elementor-element elementor-element-929f6f8 elementor-widget elementor-widget-text-editor\" data-id=\"929f6f8\" data-element_type=\"widget\" data-e-type=\"widget\" data-widget_type=\"text-editor.default\">\n\t\t\t\t<div class=\"elementor-widget-container\">\n\t\t\t\t\t\t\t\t\t<p>Mercedes Ca\u00f1as, una destacada cantautora, ha construido su carrera de manera independiente, compartiendo m\u00fasica a trav\u00e9s de redes sociales y creando sus propias canciones. Su m\u00fasica, con millones de reproducciones en plataformas digitales, la ha establecido como una artista consolidada con una base de seguidores s\u00f3lida y una conexi\u00f3n emocional \u00fanica con su audiencia.<\/p><p><span style=\"color: var( --e-global-color-text ); font-family: var( --e-global-typography-text-font-family ), Sans-serif; font-weight: var( --e-global-typography-text-font-weight );\">En el \u00faltimo a\u00f1o, Mercedes Ca\u00f1as disfrut\u00f3 de una exitosa gira, denominada <\/span><i style=\"color: var( --e-global-color-text ); font-family: var( --e-global-typography-text-font-family ), Sans-serif; font-weight: var( --e-global-typography-text-font-weight );\">Rayo de Luz<\/i><span style=\"color: var( --e-global-color-text ); font-family: var( --e-global-typography-text-font-family ), Sans-serif; font-weight: var( --e-global-typography-text-font-weight );\">, que abarc\u00f3 m\u00e1s de 23 ciudades, con actuaciones agotadas en destacadas localidades como <\/span><b style=\"color: var( --e-global-color-text ); font-family: var( --e-global-typography-text-font-family ), Sans-serif;\">Madrid<\/b><span style=\"color: var( --e-global-color-text ); font-family: var( --e-global-typography-text-font-family ), Sans-serif; font-weight: var( --e-global-typography-text-font-weight );\">, <\/span><b style=\"color: var( --e-global-color-text ); font-family: var( --e-global-typography-text-font-family ), Sans-serif;\">Tenerife<\/b><span style=\"color: var( --e-global-color-text ); font-family: var( --e-global-typography-text-font-family ), Sans-serif; font-weight: var( --e-global-typography-text-font-weight );\">, <\/span><b style=\"color: var( --e-global-color-text ); font-family: var( --e-global-typography-text-font-family ), Sans-serif;\">Sevilla<\/b><span style=\"color: var( --e-global-color-text ); font-family: var( --e-global-typography-text-font-family ), Sans-serif; font-weight: var( --e-global-typography-text-font-weight );\">, <\/span><b style=\"color: var( --e-global-color-text ); font-family: var( --e-global-typography-text-font-family ), Sans-serif;\">Santander<\/b><span style=\"color: var( --e-global-color-text ); font-family: var( --e-global-typography-text-font-family ), Sans-serif; font-weight: var( --e-global-typography-text-font-weight );\">, <\/span><b style=\"color: var( --e-global-color-text ); font-family: var( --e-global-typography-text-font-family ), Sans-serif;\">Barcelona<\/b><span style=\"color: var( --e-global-color-text ); font-family: var( --e-global-typography-text-font-family ), Sans-serif; font-weight: var( --e-global-typography-text-font-weight );\">, <\/span><b style=\"color: var( --e-global-color-text ); font-family: var( --e-global-typography-text-font-family ), Sans-serif;\">Zaragoza<\/b><span style=\"color: var( --e-global-color-text ); font-family: var( --e-global-typography-text-font-family ), Sans-serif; font-weight: var( --e-global-typography-text-font-weight );\"> y <\/span><b style=\"color: var( --e-global-color-text ); font-family: var( --e-global-typography-text-font-family ), Sans-serif;\">Granada<\/b><span style=\"color: var( --e-global-color-text ); font-family: var( --e-global-typography-text-font-family ), Sans-serif; font-weight: var( --e-global-typography-text-font-weight );\">. Su m\u00fasica, emotiva y aut\u00e9ntica, ha cautivado a audiencias de toda Espa\u00f1a y m\u00e1s all\u00e1, preparando el terreno para su prometedor segundo \u00e1lbum y futuras giras internacionales.<\/span><\/p>\t\t\t\t\t\t\t\t<\/div>\n\t\t\t\t<\/div>\n\t\t\t\t\t<\/div>\n\t\t<\/div>\n\t\t\t\t\t<\/div>\n\t\t<\/section>\n\t\t\t\t<section class=\"elementor-section elementor-top-section elementor-element elementor-element-b9d2b4e elementor-section-boxed elementor-section-height-default elementor-section-height-default\" data-id=\"b9d2b4e\" data-element_type=\"section\" data-e-type=\"section\">\n\t\t\t\t\t\t<div class=\"elementor-container elementor-column-gap-default\">\n\t\t\t\t\t<div class=\"elementor-column elementor-col-50 elementor-top-column elementor-element elementor-element-a254dc3\" data-id=\"a254dc3\" data-element_type=\"column\" data-e-type=\"column\">\n\t\t\t<div class=\"elementor-widget-wrap elementor-element-populated\">\n\t\t\t\t\t\t<div class=\"elementor-element elementor-element-e4bb799 elementor-widget elementor-widget-image\" data-id=\"e4bb799\" data-element_type=\"widget\" data-e-type=\"widget\" data-widget_type=\"image.default\">\n\t\t\t\t<div class=\"elementor-widget-container\">\n\t\t\t\t\t\t\t\t\t\t\t\t\t\t\t<img decoding=\"async\" width=\"558\" height=\"704\" src=\"https:\/\/unaymilletras.com\/wp-content\/uploads\/2023\/10\/firmas.jpeg\" class=\"attachment-large size-large wp-image-1394\" alt=\"\" srcset=\"https:\/\/unaymilletras.com\/wp-content\/uploads\/2023\/10\/firmas.jpeg 558w, https:\/\/unaymilletras.com\/wp-content\/uploads\/2023\/10\/firmas-238x300.jpeg 238w\" sizes=\"(max-width: 558px) 100vw, 558px\" \/>\t\t\t\t\t\t\t\t\t\t\t\t\t\t\t<\/div>\n\t\t\t\t<\/div>\n\t\t\t\t\t<\/div>\n\t\t<\/div>\n\t\t\t\t<div class=\"elementor-column elementor-col-50 elementor-top-column elementor-element elementor-element-595a225\" data-id=\"595a225\" data-element_type=\"column\" data-e-type=\"column\">\n\t\t\t<div class=\"elementor-widget-wrap elementor-element-populated\">\n\t\t\t\t\t\t<div class=\"elementor-element elementor-element-65dba88 elementor-widget elementor-widget-text-editor\" data-id=\"65dba88\" data-element_type=\"widget\" data-e-type=\"widget\" data-widget_type=\"text-editor.default\">\n\t\t\t\t<div class=\"elementor-widget-container\">\n\t\t\t\t\t\t\t\t\t<p>Para celebrar este lanzamiento, Mercedes Ca\u00f1as realizar\u00e1 una gira <br>por cinco ciudades <br>espa\u00f1olas con sesiones <br>de firma y showcases en Bilbao, Valencia, Sevilla, Barcelona y Madrid.<\/p>\t\t\t\t\t\t\t\t<\/div>\n\t\t\t\t<\/div>\n\t\t\t\t\t<\/div>\n\t\t<\/div>\n\t\t\t\t\t<\/div>\n\t\t<\/section>\n\t\t\t\t<section class=\"elementor-section elementor-top-section elementor-element elementor-element-21af679 elementor-section-boxed elementor-section-height-default elementor-section-height-default\" data-id=\"21af679\" data-element_type=\"section\" data-e-type=\"section\">\n\t\t\t\t\t\t<div class=\"elementor-container elementor-column-gap-default\">\n\t\t\t\t\t<div class=\"elementor-column elementor-col-100 elementor-top-column elementor-element elementor-element-7cfdd30\" data-id=\"7cfdd30\" data-element_type=\"column\" data-e-type=\"column\">\n\t\t\t<div class=\"elementor-widget-wrap elementor-element-populated\">\n\t\t\t\t\t\t<div class=\"elementor-element elementor-element-91ade52 elementor-widget elementor-widget-text-editor\" data-id=\"91ade52\" data-element_type=\"widget\" data-e-type=\"widget\" data-widget_type=\"text-editor.default\">\n\t\t\t\t<div class=\"elementor-widget-container\">\n\t\t\t\t\t\t\t\t\t<p>El nuevo \u00e1lbum es acom<span style=\"color: #808080;\">pa\u00f1ado por una extensa <a style=\"color: #808080;\" href=\"https:\/\/unaymilletras.com\/en\/plan-fatal-la-gira-de-dani-fernandez-llega-a-su-fin\/\">gira<\/a> q<\/span>ue recibe el mismo nombre, <i>Que Entren En Mi Cabeza<\/i>, que se llevar\u00e1 a cabo a lo largo de 2024. Las entradas ya est\u00e1n disponibles en su p\u00e1gina web para disfrutar de su talento en vivo. En noviembre, cruzar\u00e1 el Atl\u00e1ntico por primera vez con una gira por LATAM que incluye fechas en <b>Buenos Aires<\/b>, <b>Santiago de Chile<\/b>, <b>Ciudad de M\u00e9xico<\/b> y <b>Bogot\u00e1<\/b>. En 2024, regresar\u00e1 a Espa\u00f1a con m\u00e1s de 19 fechas en diversas ciudades, incluyendo Tenerife, Bilbao, Murcia, Valencia, Barcelona, Madrid, Granada y Sevilla. Un emocionante viaje musical que no querr\u00e1s perderte<\/p>\t\t\t\t\t\t\t\t<\/div>\n\t\t\t\t<\/div>\n\t\t\t\t\t<\/div>\n\t\t<\/div>\n\t\t\t\t\t<\/div>\n\t\t<\/section>\n\t\t\t\t<\/div>","protected":false},"excerpt":{"rendered":"<p>La cantante Mercedes Ca\u00f1as lanza su nuevo \u00e1lbum \u00abQue entren en mi cabeza\u00bb La cantautora madrile\u00f1a, Mercedes Ca\u00f1as presenta su \u00faltimo \u00e1lbum, Que Entren En Mi Cabeza. Una obra \u00edntima que nos sumerge en su mundo interior. Este \u00e1lbum, con un total de once canciones, combina cinco in\u00e9ditas con seis ya conocidas. Disponible en plataformas [&hellip;]<\/p>\n","protected":false},"author":1,"featured_media":1393,"comment_status":"open","ping_status":"open","sticky":false,"template":"","format":"standard","meta":{"footnotes":""},"categories":[4],"tags":[],"class_list":["post-1390","post","type-post","status-publish","format-standard","has-post-thumbnail","hentry","category-musica"],"yoast_head":"<!-- This site is optimized with the Yoast SEO plugin v27.4 - https:\/\/yoast.com\/product\/yoast-seo-wordpress\/ -->\n<title>Mercedes Ca\u00f1as nos permite viajar por sus pensamientos &#8902; Una y Mil Letras<\/title>\n<meta name=\"description\" content=\"La cantante Mercedes Ca\u00f1as lanza su nuevo \u00e1lbum &quot;Que entren en mi cabeza&quot; y anuncia firmas de discos y showcases\" \/>\n<meta name=\"robots\" content=\"index, follow, max-snippet:-1, max-image-preview:large, max-video-preview:-1\" \/>\n<link rel=\"canonical\" href=\"https:\/\/unaymilletras.com\/en\/mercedes-canas-nos-permite-viajar-por-sus-pensamientos\/\" \/>\n<meta property=\"og:locale\" content=\"en_GB\" \/>\n<meta property=\"og:type\" content=\"article\" \/>\n<meta property=\"og:title\" content=\"Mercedes Ca\u00f1as nos permite viajar por sus pensamientos &#8902; Una y Mil Letras\" \/>\n<meta property=\"og:description\" content=\"La cantante Mercedes Ca\u00f1as lanza su nuevo \u00e1lbum &quot;Que entren en mi cabeza&quot; y anuncia firmas de discos y showcases\" \/>\n<meta property=\"og:url\" content=\"https:\/\/unaymilletras.com\/en\/mercedes-canas-nos-permite-viajar-por-sus-pensamientos\/\" \/>\n<meta property=\"og:site_name\" content=\"Una y Mil Letras\" \/>\n<meta property=\"article:published_time\" content=\"2023-10-28T11:45:49+00:00\" \/>\n<meta property=\"article:modified_time\" content=\"2023-10-28T11:45:58+00:00\" \/>\n<meta property=\"og:image\" content=\"http:\/\/unaymilletras.com\/wp-content\/uploads\/2023\/10\/portada.jpeg\" \/>\n\t<meta property=\"og:image:width\" content=\"702\" \/>\n\t<meta property=\"og:image:height\" content=\"698\" \/>\n\t<meta property=\"og:image:type\" content=\"image\/jpeg\" \/>\n<meta name=\"author\" content=\"Maria Gil Robledo\" \/>\n<meta name=\"twitter:card\" content=\"summary_large_image\" \/>\n<meta name=\"twitter:creator\" content=\"@UnaYMilLetras\" \/>\n<meta name=\"twitter:site\" content=\"@UnaYMilLetras\" \/>\n<meta name=\"twitter:label1\" content=\"Written by\" \/>\n\t<meta name=\"twitter:data1\" content=\"Maria Gil Robledo\" \/>\n\t<meta name=\"twitter:label2\" content=\"Estimated reading time\" \/>\n\t<meta name=\"twitter:data2\" content=\"3 minutes\" \/>\n<script type=\"application\/ld+json\" class=\"yoast-schema-graph\">{\"@context\":\"https:\\\/\\\/schema.org\",\"@graph\":[{\"@type\":\"Article\",\"@id\":\"https:\\\/\\\/unaymilletras.com\\\/mercedes-canas-nos-permite-viajar-por-sus-pensamientos\\\/#article\",\"isPartOf\":{\"@id\":\"https:\\\/\\\/unaymilletras.com\\\/mercedes-canas-nos-permite-viajar-por-sus-pensamientos\\\/\"},\"author\":{\"name\":\"Maria Gil Robledo\",\"@id\":\"http:\\\/\\\/unaymilletras.com\\\/#\\\/schema\\\/person\\\/d55ba681b8a4e463d8982dbe36a5dc94\"},\"headline\":\"Mercedes Ca\u00f1as nos permite viajar por sus pensamientos\",\"datePublished\":\"2023-10-28T11:45:49+00:00\",\"dateModified\":\"2023-10-28T11:45:58+00:00\",\"mainEntityOfPage\":{\"@id\":\"https:\\\/\\\/unaymilletras.com\\\/mercedes-canas-nos-permite-viajar-por-sus-pensamientos\\\/\"},\"wordCount\":398,\"commentCount\":0,\"publisher\":{\"@id\":\"http:\\\/\\\/unaymilletras.com\\\/#organization\"},\"image\":{\"@id\":\"https:\\\/\\\/unaymilletras.com\\\/mercedes-canas-nos-permite-viajar-por-sus-pensamientos\\\/#primaryimage\"},\"thumbnailUrl\":\"https:\\\/\\\/unaymilletras.com\\\/wp-content\\\/uploads\\\/2023\\\/10\\\/portada.jpeg\",\"articleSection\":[\"M\u00fasica\"],\"inLanguage\":\"en-GB\",\"potentialAction\":[{\"@type\":\"CommentAction\",\"name\":\"Comment\",\"target\":[\"https:\\\/\\\/unaymilletras.com\\\/mercedes-canas-nos-permite-viajar-por-sus-pensamientos\\\/#respond\"]}]},{\"@type\":\"WebPage\",\"@id\":\"https:\\\/\\\/unaymilletras.com\\\/mercedes-canas-nos-permite-viajar-por-sus-pensamientos\\\/\",\"url\":\"https:\\\/\\\/unaymilletras.com\\\/mercedes-canas-nos-permite-viajar-por-sus-pensamientos\\\/\",\"name\":\"Mercedes Ca\u00f1as nos permite viajar por sus pensamientos &#8902; Una y Mil Letras\",\"isPartOf\":{\"@id\":\"http:\\\/\\\/unaymilletras.com\\\/#website\"},\"primaryImageOfPage\":{\"@id\":\"https:\\\/\\\/unaymilletras.com\\\/mercedes-canas-nos-permite-viajar-por-sus-pensamientos\\\/#primaryimage\"},\"image\":{\"@id\":\"https:\\\/\\\/unaymilletras.com\\\/mercedes-canas-nos-permite-viajar-por-sus-pensamientos\\\/#primaryimage\"},\"thumbnailUrl\":\"https:\\\/\\\/unaymilletras.com\\\/wp-content\\\/uploads\\\/2023\\\/10\\\/portada.jpeg\",\"datePublished\":\"2023-10-28T11:45:49+00:00\",\"dateModified\":\"2023-10-28T11:45:58+00:00\",\"description\":\"La cantante Mercedes Ca\u00f1as lanza su nuevo \u00e1lbum \\\"Que entren en mi cabeza\\\" y anuncia firmas de discos y showcases\",\"breadcrumb\":{\"@id\":\"https:\\\/\\\/unaymilletras.com\\\/mercedes-canas-nos-permite-viajar-por-sus-pensamientos\\\/#breadcrumb\"},\"inLanguage\":\"en-GB\",\"potentialAction\":[{\"@type\":\"ReadAction\",\"target\":[\"https:\\\/\\\/unaymilletras.com\\\/mercedes-canas-nos-permite-viajar-por-sus-pensamientos\\\/\"]}]},{\"@type\":\"ImageObject\",\"inLanguage\":\"en-GB\",\"@id\":\"https:\\\/\\\/unaymilletras.com\\\/mercedes-canas-nos-permite-viajar-por-sus-pensamientos\\\/#primaryimage\",\"url\":\"https:\\\/\\\/unaymilletras.com\\\/wp-content\\\/uploads\\\/2023\\\/10\\\/portada.jpeg\",\"contentUrl\":\"https:\\\/\\\/unaymilletras.com\\\/wp-content\\\/uploads\\\/2023\\\/10\\\/portada.jpeg\",\"width\":702,\"height\":698,\"caption\":\"Mercedes ca\u00f1as\"},{\"@type\":\"BreadcrumbList\",\"@id\":\"https:\\\/\\\/unaymilletras.com\\\/mercedes-canas-nos-permite-viajar-por-sus-pensamientos\\\/#breadcrumb\",\"itemListElement\":[{\"@type\":\"ListItem\",\"position\":1,\"name\":\"Home\",\"item\":\"http:\\\/\\\/unaymilletras.com\\\/\"},{\"@type\":\"ListItem\",\"position\":2,\"name\":\"Mercedes Ca\u00f1as nos permite viajar por sus pensamientos\"}]},{\"@type\":\"WebSite\",\"@id\":\"http:\\\/\\\/unaymilletras.com\\\/#website\",\"url\":\"http:\\\/\\\/unaymilletras.com\\\/\",\"name\":\"Una y Mil Letras\",\"description\":\"\",\"publisher\":{\"@id\":\"http:\\\/\\\/unaymilletras.com\\\/#organization\"},\"potentialAction\":[{\"@type\":\"SearchAction\",\"target\":{\"@type\":\"EntryPoint\",\"urlTemplate\":\"http:\\\/\\\/unaymilletras.com\\\/?s={search_term_string}\"},\"query-input\":{\"@type\":\"PropertyValueSpecification\",\"valueRequired\":true,\"valueName\":\"search_term_string\"}}],\"inLanguage\":\"en-GB\"},{\"@type\":\"Organization\",\"@id\":\"http:\\\/\\\/unaymilletras.com\\\/#organization\",\"name\":\"Una y Mil Letras\",\"url\":\"http:\\\/\\\/unaymilletras.com\\\/\",\"logo\":{\"@type\":\"ImageObject\",\"inLanguage\":\"en-GB\",\"@id\":\"http:\\\/\\\/unaymilletras.com\\\/#\\\/schema\\\/logo\\\/image\\\/\",\"url\":\"https:\\\/\\\/unaymilletras.com\\\/wp-content\\\/uploads\\\/2024\\\/06\\\/cropped-Logo-removebg-preview.png\",\"contentUrl\":\"https:\\\/\\\/unaymilletras.com\\\/wp-content\\\/uploads\\\/2024\\\/06\\\/cropped-Logo-removebg-preview.png\",\"width\":512,\"height\":512,\"caption\":\"Una y Mil Letras\"},\"image\":{\"@id\":\"http:\\\/\\\/unaymilletras.com\\\/#\\\/schema\\\/logo\\\/image\\\/\"},\"sameAs\":[\"https:\\\/\\\/x.com\\\/UnaYMilLetras\",\"https:\\\/\\\/instagram.com\\\/UnaYMilLetras\"]},{\"@type\":\"Person\",\"@id\":\"http:\\\/\\\/unaymilletras.com\\\/#\\\/schema\\\/person\\\/d55ba681b8a4e463d8982dbe36a5dc94\",\"name\":\"Maria Gil Robledo\",\"image\":{\"@type\":\"ImageObject\",\"inLanguage\":\"en-GB\",\"@id\":\"https:\\\/\\\/secure.gravatar.com\\\/avatar\\\/4b8e5102e0015789407eb4870b12f0f2857952d83ca124058f92b764bd1840c3?s=96&d=mm&r=g\",\"url\":\"https:\\\/\\\/secure.gravatar.com\\\/avatar\\\/4b8e5102e0015789407eb4870b12f0f2857952d83ca124058f92b764bd1840c3?s=96&d=mm&r=g\",\"contentUrl\":\"https:\\\/\\\/secure.gravatar.com\\\/avatar\\\/4b8e5102e0015789407eb4870b12f0f2857952d83ca124058f92b764bd1840c3?s=96&d=mm&r=g\",\"caption\":\"Maria Gil Robledo\"},\"sameAs\":[\"http:\\\/\\\/unaymilletras.com\"],\"url\":\"https:\\\/\\\/unaymilletras.com\\\/en\\\/author\\\/mariiagiil02_\\\/\"}]}<\/script>\n<!-- \/ Yoast SEO plugin. -->","yoast_head_json":{"title":"Mercedes Ca\u00f1as nos permite viajar por sus pensamientos &#8902; Una y Mil Letras","description":"La cantante Mercedes Ca\u00f1as lanza su nuevo \u00e1lbum \"Que entren en mi cabeza\" y anuncia firmas de discos y showcases","robots":{"index":"index","follow":"follow","max-snippet":"max-snippet:-1","max-image-preview":"max-image-preview:large","max-video-preview":"max-video-preview:-1"},"canonical":"https:\/\/unaymilletras.com\/en\/mercedes-canas-nos-permite-viajar-por-sus-pensamientos\/","og_locale":"en_GB","og_type":"article","og_title":"Mercedes Ca\u00f1as nos permite viajar por sus pensamientos &#8902; Una y Mil Letras","og_description":"La cantante Mercedes Ca\u00f1as lanza su nuevo \u00e1lbum \"Que entren en mi cabeza\" y anuncia firmas de discos y showcases","og_url":"https:\/\/unaymilletras.com\/en\/mercedes-canas-nos-permite-viajar-por-sus-pensamientos\/","og_site_name":"Una y Mil Letras","article_published_time":"2023-10-28T11:45:49+00:00","article_modified_time":"2023-10-28T11:45:58+00:00","og_image":[{"width":702,"height":698,"url":"http:\/\/unaymilletras.com\/wp-content\/uploads\/2023\/10\/portada.jpeg","type":"image\/jpeg"}],"author":"Maria Gil Robledo","twitter_card":"summary_large_image","twitter_creator":"@UnaYMilLetras","twitter_site":"@UnaYMilLetras","twitter_misc":{"Written by":"Maria Gil Robledo","Estimated reading time":"3 minutes"},"schema":{"@context":"https:\/\/schema.org","@graph":[{"@type":"Article","@id":"https:\/\/unaymilletras.com\/mercedes-canas-nos-permite-viajar-por-sus-pensamientos\/#article","isPartOf":{"@id":"https:\/\/unaymilletras.com\/mercedes-canas-nos-permite-viajar-por-sus-pensamientos\/"},"author":{"name":"Maria Gil Robledo","@id":"http:\/\/unaymilletras.com\/#\/schema\/person\/d55ba681b8a4e463d8982dbe36a5dc94"},"headline":"Mercedes Ca\u00f1as nos permite viajar por sus pensamientos","datePublished":"2023-10-28T11:45:49+00:00","dateModified":"2023-10-28T11:45:58+00:00","mainEntityOfPage":{"@id":"https:\/\/unaymilletras.com\/mercedes-canas-nos-permite-viajar-por-sus-pensamientos\/"},"wordCount":398,"commentCount":0,"publisher":{"@id":"http:\/\/unaymilletras.com\/#organization"},"image":{"@id":"https:\/\/unaymilletras.com\/mercedes-canas-nos-permite-viajar-por-sus-pensamientos\/#primaryimage"},"thumbnailUrl":"https:\/\/unaymilletras.com\/wp-content\/uploads\/2023\/10\/portada.jpeg","articleSection":["M\u00fasica"],"inLanguage":"en-GB","potentialAction":[{"@type":"CommentAction","name":"Comment","target":["https:\/\/unaymilletras.com\/mercedes-canas-nos-permite-viajar-por-sus-pensamientos\/#respond"]}]},{"@type":"WebPage","@id":"https:\/\/unaymilletras.com\/mercedes-canas-nos-permite-viajar-por-sus-pensamientos\/","url":"https:\/\/unaymilletras.com\/mercedes-canas-nos-permite-viajar-por-sus-pensamientos\/","name":"Mercedes Ca\u00f1as nos permite viajar por sus pensamientos &#8902; Una y Mil Letras","isPartOf":{"@id":"http:\/\/unaymilletras.com\/#website"},"primaryImageOfPage":{"@id":"https:\/\/unaymilletras.com\/mercedes-canas-nos-permite-viajar-por-sus-pensamientos\/#primaryimage"},"image":{"@id":"https:\/\/unaymilletras.com\/mercedes-canas-nos-permite-viajar-por-sus-pensamientos\/#primaryimage"},"thumbnailUrl":"https:\/\/unaymilletras.com\/wp-content\/uploads\/2023\/10\/portada.jpeg","datePublished":"2023-10-28T11:45:49+00:00","dateModified":"2023-10-28T11:45:58+00:00","description":"La cantante Mercedes Ca\u00f1as lanza su nuevo \u00e1lbum \"Que entren en mi cabeza\" y anuncia firmas de discos y showcases","breadcrumb":{"@id":"https:\/\/unaymilletras.com\/mercedes-canas-nos-permite-viajar-por-sus-pensamientos\/#breadcrumb"},"inLanguage":"en-GB","potentialAction":[{"@type":"ReadAction","target":["https:\/\/unaymilletras.com\/mercedes-canas-nos-permite-viajar-por-sus-pensamientos\/"]}]},{"@type":"ImageObject","inLanguage":"en-GB","@id":"https:\/\/unaymilletras.com\/mercedes-canas-nos-permite-viajar-por-sus-pensamientos\/#primaryimage","url":"https:\/\/unaymilletras.com\/wp-content\/uploads\/2023\/10\/portada.jpeg","contentUrl":"https:\/\/unaymilletras.com\/wp-content\/uploads\/2023\/10\/portada.jpeg","width":702,"height":698,"caption":"Mercedes ca\u00f1as"},{"@type":"BreadcrumbList","@id":"https:\/\/unaymilletras.com\/mercedes-canas-nos-permite-viajar-por-sus-pensamientos\/#breadcrumb","itemListElement":[{"@type":"ListItem","position":1,"name":"Home","item":"http:\/\/unaymilletras.com\/"},{"@type":"ListItem","position":2,"name":"Mercedes Ca\u00f1as nos permite viajar por sus pensamientos"}]},{"@type":"WebSite","@id":"http:\/\/unaymilletras.com\/#website","url":"http:\/\/unaymilletras.com\/","name":"Una y Mil Letras","description":"","publisher":{"@id":"http:\/\/unaymilletras.com\/#organization"},"potentialAction":[{"@type":"SearchAction","target":{"@type":"EntryPoint","urlTemplate":"http:\/\/unaymilletras.com\/?s={search_term_string}"},"query-input":{"@type":"PropertyValueSpecification","valueRequired":true,"valueName":"search_term_string"}}],"inLanguage":"en-GB"},{"@type":"Organization","@id":"http:\/\/unaymilletras.com\/#organization","name":"Una y Mil Letras","url":"http:\/\/unaymilletras.com\/","logo":{"@type":"ImageObject","inLanguage":"en-GB","@id":"http:\/\/unaymilletras.com\/#\/schema\/logo\/image\/","url":"https:\/\/unaymilletras.com\/wp-content\/uploads\/2024\/06\/cropped-Logo-removebg-preview.png","contentUrl":"https:\/\/unaymilletras.com\/wp-content\/uploads\/2024\/06\/cropped-Logo-removebg-preview.png","width":512,"height":512,"caption":"Una y Mil Letras"},"image":{"@id":"http:\/\/unaymilletras.com\/#\/schema\/logo\/image\/"},"sameAs":["https:\/\/x.com\/UnaYMilLetras","https:\/\/instagram.com\/UnaYMilLetras"]},{"@type":"Person","@id":"http:\/\/unaymilletras.com\/#\/schema\/person\/d55ba681b8a4e463d8982dbe36a5dc94","name":"Maria Gil Robledo","image":{"@type":"ImageObject","inLanguage":"en-GB","@id":"https:\/\/secure.gravatar.com\/avatar\/4b8e5102e0015789407eb4870b12f0f2857952d83ca124058f92b764bd1840c3?s=96&d=mm&r=g","url":"https:\/\/secure.gravatar.com\/avatar\/4b8e5102e0015789407eb4870b12f0f2857952d83ca124058f92b764bd1840c3?s=96&d=mm&r=g","contentUrl":"https:\/\/secure.gravatar.com\/avatar\/4b8e5102e0015789407eb4870b12f0f2857952d83ca124058f92b764bd1840c3?s=96&d=mm&r=g","caption":"Maria Gil Robledo"},"sameAs":["http:\/\/unaymilletras.com"],"url":"https:\/\/unaymilletras.com\/en\/author\/mariiagiil02_\/"}]}},"_links":{"self":[{"href":"https:\/\/unaymilletras.com\/en\/wp-json\/wp\/v2\/posts\/1390","targetHints":{"allow":["GET"]}}],"collection":[{"href":"https:\/\/unaymilletras.com\/en\/wp-json\/wp\/v2\/posts"}],"about":[{"href":"https:\/\/unaymilletras.com\/en\/wp-json\/wp\/v2\/types\/post"}],"author":[{"embeddable":true,"href":"https:\/\/unaymilletras.com\/en\/wp-json\/wp\/v2\/users\/1"}],"replies":[{"embeddable":true,"href":"https:\/\/unaymilletras.com\/en\/wp-json\/wp\/v2\/comments?post=1390"}],"version-history":[{"count":14,"href":"https:\/\/unaymilletras.com\/en\/wp-json\/wp\/v2\/posts\/1390\/revisions"}],"predecessor-version":[{"id":1406,"href":"https:\/\/unaymilletras.com\/en\/wp-json\/wp\/v2\/posts\/1390\/revisions\/1406"}],"wp:featuredmedia":[{"embeddable":true,"href":"https:\/\/unaymilletras.com\/en\/wp-json\/wp\/v2\/media\/1393"}],"wp:attachment":[{"href":"https:\/\/unaymilletras.com\/en\/wp-json\/wp\/v2\/media?parent=1390"}],"wp:term":[{"taxonomy":"category","embeddable":true,"href":"https:\/\/unaymilletras.com\/en\/wp-json\/wp\/v2\/categories?post=1390"},{"taxonomy":"post_tag","embeddable":true,"href":"https:\/\/unaymilletras.com\/en\/wp-json\/wp\/v2\/tags?post=1390"}],"curies":[{"name":"wp","href":"https:\/\/api.w.org\/{rel}","templated":true}]}}