{"id":1407,"date":"2023-10-29T16:02:11","date_gmt":"2023-10-29T15:02:11","guid":{"rendered":"https:\/\/unaymilletras.com\/?p=1407"},"modified":"2023-10-29T16:07:01","modified_gmt":"2023-10-29T15:07:01","slug":"manuel-carrasco-primer-artista-nacional-en-agotar-el-santiago-bernabeu","status":"publish","type":"post","link":"https:\/\/unaymilletras.com\/en\/manuel-carrasco-primer-artista-nacional-en-agotar-el-santiago-bernabeu\/","title":{"rendered":"Manuel Carrasco, primer artista nacional en agotar el Santiago Bernab\u00e9u"},"content":{"rendered":"<div data-elementor-type=\"wp-post\" data-elementor-id=\"1407\" class=\"elementor elementor-1407\">\n\t\t\t\t\t\t<section class=\"elementor-section elementor-top-section elementor-element elementor-element-a10daf2 elementor-section-boxed elementor-section-height-default elementor-section-height-default\" data-id=\"a10daf2\" data-element_type=\"section\" data-e-type=\"section\">\n\t\t\t\t\t\t<div class=\"elementor-container elementor-column-gap-default\">\n\t\t\t\t\t<div class=\"elementor-column elementor-col-100 elementor-top-column elementor-element elementor-element-d169b4d\" data-id=\"d169b4d\" data-element_type=\"column\" data-e-type=\"column\">\n\t\t\t<div class=\"elementor-widget-wrap elementor-element-populated\">\n\t\t\t\t\t\t<div class=\"elementor-element elementor-element-c29b33b elementor-widget elementor-widget-text-editor\" data-id=\"c29b33b\" data-element_type=\"widget\" data-e-type=\"widget\" data-widget_type=\"text-editor.default\">\n\t\t\t\t<div class=\"elementor-widget-container\">\n\t\t\t\t\t\t\t\t\t<h2><span style=\"color: #808080;\"><em>A\u00fan quedan ocho meses para el concierto y Manuel Carrasco ha colgado el cartel de \u00abentradas agotadas\u00bb en el ic\u00f3nico estadio<\/em><\/span><\/h2>\t\t\t\t\t\t\t\t<\/div>\n\t\t\t\t<\/div>\n\t\t\t\t\t<\/div>\n\t\t<\/div>\n\t\t\t\t\t<\/div>\n\t\t<\/section>\n\t\t\t\t<section class=\"elementor-section elementor-top-section elementor-element elementor-element-9160cfa elementor-section-boxed elementor-section-height-default elementor-section-height-default\" data-id=\"9160cfa\" data-element_type=\"section\" data-e-type=\"section\">\n\t\t\t\t\t\t<div class=\"elementor-container elementor-column-gap-default\">\n\t\t\t\t\t<div class=\"elementor-column elementor-col-100 elementor-top-column elementor-element elementor-element-4f0c396\" data-id=\"4f0c396\" data-element_type=\"column\" data-e-type=\"column\">\n\t\t\t<div class=\"elementor-widget-wrap elementor-element-populated\">\n\t\t\t\t\t\t<div class=\"elementor-element elementor-element-acbfa67 elementor-widget elementor-widget-text-editor\" data-id=\"acbfa67\" data-element_type=\"widget\" data-e-type=\"widget\" data-widget_type=\"text-editor.default\">\n\t\t\t\t<div class=\"elementor-widget-container\">\n\t\t\t\t\t\t\t\t\t<p><b>Manuel Carrasco<\/b> se ha convertido en el primer artista nacional en hacer <em>sold out<\/em> en el <span style=\"color: #808080;\"><a style=\"color: #808080;\" href=\"https:\/\/unaymilletras.com\/en\/duki-dispuesto-a-conquistar-el-estudio-santiago-bernabeu\/\"><b>Estadio Santiago Bernab\u00e9u<\/b>.<\/a><\/span> Tras el anuncio de este nuevo show se compraron gran parte de las entradas disponibles. Ahora, a ocho meses del evento, el cantante cuelga el cartel de \u201centradas agotadas\u201d en el templo del Real Madrid.<\/p>\t\t\t\t\t\t\t\t<\/div>\n\t\t\t\t<\/div>\n\t\t\t\t\t<\/div>\n\t\t<\/div>\n\t\t\t\t\t<\/div>\n\t\t<\/section>\n\t\t\t\t<section class=\"elementor-section elementor-top-section elementor-element elementor-element-36a280b elementor-section-boxed elementor-section-height-default elementor-section-height-default\" data-id=\"36a280b\" data-element_type=\"section\" data-e-type=\"section\">\n\t\t\t\t\t\t<div class=\"elementor-container elementor-column-gap-default\">\n\t\t\t\t\t<div class=\"elementor-column elementor-col-50 elementor-top-column elementor-element elementor-element-15ee5e2\" data-id=\"15ee5e2\" data-element_type=\"column\" data-e-type=\"column\">\n\t\t\t<div class=\"elementor-widget-wrap elementor-element-populated\">\n\t\t\t\t\t\t<div class=\"elementor-element elementor-element-c309336 elementor-widget elementor-widget-image\" data-id=\"c309336\" data-element_type=\"widget\" data-e-type=\"widget\" data-widget_type=\"image.default\">\n\t\t\t\t<div class=\"elementor-widget-container\">\n\t\t\t\t\t\t\t\t\t\t\t\t\t\t\t<img fetchpriority=\"high\" decoding=\"async\" width=\"640\" height=\"900\" src=\"https:\/\/unaymilletras.com\/wp-content\/uploads\/2023\/10\/MC.jpeg\" class=\"attachment-large size-large wp-image-1410\" alt=\"Manuel Carrasco\" srcset=\"https:\/\/unaymilletras.com\/wp-content\/uploads\/2023\/10\/MC.jpeg 660w, https:\/\/unaymilletras.com\/wp-content\/uploads\/2023\/10\/MC-213x300.jpeg 213w\" sizes=\"(max-width: 640px) 100vw, 640px\" \/>\t\t\t\t\t\t\t\t\t\t\t\t\t\t\t<\/div>\n\t\t\t\t<\/div>\n\t\t\t\t\t<\/div>\n\t\t<\/div>\n\t\t\t\t<div class=\"elementor-column elementor-col-50 elementor-top-column elementor-element elementor-element-a5abfb4\" data-id=\"a5abfb4\" data-element_type=\"column\" data-e-type=\"column\">\n\t\t\t<div class=\"elementor-widget-wrap elementor-element-populated\">\n\t\t\t\t\t\t<div class=\"elementor-element elementor-element-23e804a elementor-widget elementor-widget-text-editor\" data-id=\"23e804a\" data-element_type=\"widget\" data-e-type=\"widget\" data-widget_type=\"text-editor.default\">\n\t\t\t\t<div class=\"elementor-widget-container\">\n\t\t\t\t\t\t\t\t\t<p>Este gran logro llega tras multitud de fechas hechas con su <span style=\"color: #808080;\"><a style=\"color: #808080;\" href=\"https:\/\/www.instagram.com\/tourcorazonyflecha\/\"><em><b>Coraz\u00f3n y Flecha Tour<\/b><\/em><\/a><\/span>, que est\u00e1 a punto de terminar. Adem\u00e1s, viendo la trayectoria de esta gira y la gran cantidad de entradas vendidas, puede llegar a convertirse en la que m\u00e1s asistencia ha tenido este 2023.<\/p><p>Una gira que comenz\u00f3 con un doble sold out en el Estadio La Cartuja de Sevilla. Acogi\u00f3 a m\u00e1s de 140.000 personas durante ambos d\u00edas. Este fue el pistoletazo de salida de las 30 fechas en las que Manuel Carrasco actuar\u00eda en lugares de toda Esta\u00f1a, con casi todas las entradas agotadas.<\/p>\t\t\t\t\t\t\t\t<\/div>\n\t\t\t\t<\/div>\n\t\t\t\t\t<\/div>\n\t\t<\/div>\n\t\t\t\t\t<\/div>\n\t\t<\/section>\n\t\t\t\t<section class=\"elementor-section elementor-top-section elementor-element elementor-element-87fc855 elementor-section-boxed elementor-section-height-default elementor-section-height-default\" data-id=\"87fc855\" data-element_type=\"section\" data-e-type=\"section\">\n\t\t\t\t\t\t<div class=\"elementor-container elementor-column-gap-default\">\n\t\t\t\t\t<div class=\"elementor-column elementor-col-100 elementor-top-column elementor-element elementor-element-34c4d3e\" data-id=\"34c4d3e\" data-element_type=\"column\" data-e-type=\"column\">\n\t\t\t<div class=\"elementor-widget-wrap elementor-element-populated\">\n\t\t\t\t\t\t<div class=\"elementor-element elementor-element-6b02a77 elementor-widget elementor-widget-text-editor\" data-id=\"6b02a77\" data-element_type=\"widget\" data-e-type=\"widget\" data-widget_type=\"text-editor.default\">\n\t\t\t\t<div class=\"elementor-widget-container\">\n\t\t\t\t\t\t\t\t\t<p>Este nuevo concierto en el Estadio Santiago Bernab\u00e9u tambi\u00e9n formar\u00e1 parte de <em>Coraz\u00f3n y Flecha Tour<\/em>. La gira de un disco con el que Manuel Carrasco ha estado n\u00famero uno en ventas durante cuatro semanas seguidas, y al que han nominado a un Latin Grammy.<\/p><p>El pr\u00f3ximo 29 de junio se vivir\u00e1 en la capital un hecho hist\u00f3rico que marcar\u00e1 la historia musical de este pa\u00eds. Manuel Carrasco dar\u00e1 un concierto inolvidable en un espacio destinado para \u201csuperestrellas\u201d internacionales. Cada show del cantante es \u00fanico, pero en todos ellos pone su energ\u00eda y sus ganas. Un evento lleno de emociones y, sobre todo, un gran ambiente creado por la magia que desprende Manuel Carrasco sobre el escenario. El artista promete un espect\u00e1culo inigualable con una producci\u00f3n sin precedentes.<\/p>\t\t\t\t\t\t\t\t<\/div>\n\t\t\t\t<\/div>\n\t\t\t\t\t<\/div>\n\t\t<\/div>\n\t\t\t\t\t<\/div>\n\t\t<\/section>\n\t\t\t\t<\/div>","protected":false},"excerpt":{"rendered":"<p>A\u00fan quedan ocho meses para el concierto y Manuel Carrasco ha colgado el cartel de \u00abentradas agotadas\u00bb en el ic\u00f3nico estadio Manuel Carrasco se ha convertido en el primer artista nacional en hacer sold out en el Estadio Santiago Bernab\u00e9u. Tras el anuncio de este nuevo show se compraron gran parte de las entradas disponibles. [&hellip;]<\/p>\n","protected":false},"author":1,"featured_media":1410,"comment_status":"open","ping_status":"open","sticky":false,"template":"","format":"standard","meta":{"footnotes":""},"categories":[119,4],"tags":[],"class_list":["post-1407","post","type-post","status-publish","format-standard","has-post-thumbnail","hentry","category-eventos","category-musica"],"yoast_head":"<!-- This site is optimized with the Yoast SEO plugin v27.4 - https:\/\/yoast.com\/product\/yoast-seo-wordpress\/ -->\n<title>Manuel Carrasco, primer artista nacional en agotar el Santiago Bernab\u00e9u &#8902; Una y Mil Letras<\/title>\n<meta name=\"description\" content=\"A\u00fan quedan ocho meses para el concierto y Manuel Carrasco ha colgado el cartel de &quot;entradas agotadas&quot; en el ic\u00f3nico estadio\" \/>\n<meta name=\"robots\" content=\"index, follow, max-snippet:-1, max-image-preview:large, max-video-preview:-1\" \/>\n<link rel=\"canonical\" href=\"https:\/\/unaymilletras.com\/en\/manuel-carrasco-primer-artista-nacional-en-agotar-el-santiago-bernabeu\/\" \/>\n<meta property=\"og:locale\" content=\"en_GB\" \/>\n<meta property=\"og:type\" content=\"article\" \/>\n<meta property=\"og:title\" content=\"Manuel Carrasco, primer artista nacional en agotar el Santiago Bernab\u00e9u &#8902; Una y Mil Letras\" \/>\n<meta property=\"og:description\" content=\"A\u00fan quedan ocho meses para el concierto y Manuel Carrasco ha colgado el cartel de &quot;entradas agotadas&quot; en el ic\u00f3nico estadio\" \/>\n<meta property=\"og:url\" content=\"https:\/\/unaymilletras.com\/en\/manuel-carrasco-primer-artista-nacional-en-agotar-el-santiago-bernabeu\/\" \/>\n<meta property=\"og:site_name\" content=\"Una y Mil Letras\" \/>\n<meta property=\"article:published_time\" content=\"2023-10-29T15:02:11+00:00\" \/>\n<meta property=\"article:modified_time\" content=\"2023-10-29T15:07:01+00:00\" \/>\n<meta property=\"og:image\" content=\"http:\/\/unaymilletras.com\/wp-content\/uploads\/2023\/10\/MC.jpeg\" \/>\n\t<meta property=\"og:image:width\" content=\"660\" \/>\n\t<meta property=\"og:image:height\" content=\"928\" \/>\n\t<meta property=\"og:image:type\" content=\"image\/jpeg\" \/>\n<meta name=\"author\" content=\"Maria Gil Robledo\" \/>\n<meta name=\"twitter:card\" content=\"summary_large_image\" \/>\n<meta name=\"twitter:creator\" content=\"@UnaYMilLetras\" \/>\n<meta name=\"twitter:site\" content=\"@UnaYMilLetras\" \/>\n<meta name=\"twitter:label1\" content=\"Written by\" \/>\n\t<meta name=\"twitter:data1\" content=\"Maria Gil Robledo\" \/>\n\t<meta name=\"twitter:label2\" content=\"Estimated reading time\" \/>\n\t<meta name=\"twitter:data2\" content=\"2 minutes\" \/>\n<script type=\"application\/ld+json\" class=\"yoast-schema-graph\">{\"@context\":\"https:\\\/\\\/schema.org\",\"@graph\":[{\"@type\":\"Article\",\"@id\":\"https:\\\/\\\/unaymilletras.com\\\/manuel-carrasco-primer-artista-nacional-en-agotar-el-santiago-bernabeu\\\/#article\",\"isPartOf\":{\"@id\":\"https:\\\/\\\/unaymilletras.com\\\/manuel-carrasco-primer-artista-nacional-en-agotar-el-santiago-bernabeu\\\/\"},\"author\":{\"name\":\"Maria Gil Robledo\",\"@id\":\"http:\\\/\\\/unaymilletras.com\\\/#\\\/schema\\\/person\\\/d55ba681b8a4e463d8982dbe36a5dc94\"},\"headline\":\"Manuel Carrasco, primer artista nacional en agotar el Santiago Bernab\u00e9u\",\"datePublished\":\"2023-10-29T15:02:11+00:00\",\"dateModified\":\"2023-10-29T15:07:01+00:00\",\"mainEntityOfPage\":{\"@id\":\"https:\\\/\\\/unaymilletras.com\\\/manuel-carrasco-primer-artista-nacional-en-agotar-el-santiago-bernabeu\\\/\"},\"wordCount\":330,\"commentCount\":0,\"publisher\":{\"@id\":\"http:\\\/\\\/unaymilletras.com\\\/#organization\"},\"image\":{\"@id\":\"https:\\\/\\\/unaymilletras.com\\\/manuel-carrasco-primer-artista-nacional-en-agotar-el-santiago-bernabeu\\\/#primaryimage\"},\"thumbnailUrl\":\"https:\\\/\\\/unaymilletras.com\\\/wp-content\\\/uploads\\\/2023\\\/10\\\/MC.jpeg\",\"articleSection\":[\"Eventos\",\"M\u00fasica\"],\"inLanguage\":\"en-GB\",\"potentialAction\":[{\"@type\":\"CommentAction\",\"name\":\"Comment\",\"target\":[\"https:\\\/\\\/unaymilletras.com\\\/manuel-carrasco-primer-artista-nacional-en-agotar-el-santiago-bernabeu\\\/#respond\"]}]},{\"@type\":\"WebPage\",\"@id\":\"https:\\\/\\\/unaymilletras.com\\\/manuel-carrasco-primer-artista-nacional-en-agotar-el-santiago-bernabeu\\\/\",\"url\":\"https:\\\/\\\/unaymilletras.com\\\/manuel-carrasco-primer-artista-nacional-en-agotar-el-santiago-bernabeu\\\/\",\"name\":\"Manuel Carrasco, primer artista nacional en agotar el Santiago Bernab\u00e9u &#8902; Una y Mil Letras\",\"isPartOf\":{\"@id\":\"http:\\\/\\\/unaymilletras.com\\\/#website\"},\"primaryImageOfPage\":{\"@id\":\"https:\\\/\\\/unaymilletras.com\\\/manuel-carrasco-primer-artista-nacional-en-agotar-el-santiago-bernabeu\\\/#primaryimage\"},\"image\":{\"@id\":\"https:\\\/\\\/unaymilletras.com\\\/manuel-carrasco-primer-artista-nacional-en-agotar-el-santiago-bernabeu\\\/#primaryimage\"},\"thumbnailUrl\":\"https:\\\/\\\/unaymilletras.com\\\/wp-content\\\/uploads\\\/2023\\\/10\\\/MC.jpeg\",\"datePublished\":\"2023-10-29T15:02:11+00:00\",\"dateModified\":\"2023-10-29T15:07:01+00:00\",\"description\":\"A\u00fan quedan ocho meses para el concierto y Manuel Carrasco ha colgado el cartel de \\\"entradas agotadas\\\" en el ic\u00f3nico estadio\",\"breadcrumb\":{\"@id\":\"https:\\\/\\\/unaymilletras.com\\\/manuel-carrasco-primer-artista-nacional-en-agotar-el-santiago-bernabeu\\\/#breadcrumb\"},\"inLanguage\":\"en-GB\",\"potentialAction\":[{\"@type\":\"ReadAction\",\"target\":[\"https:\\\/\\\/unaymilletras.com\\\/manuel-carrasco-primer-artista-nacional-en-agotar-el-santiago-bernabeu\\\/\"]}]},{\"@type\":\"ImageObject\",\"inLanguage\":\"en-GB\",\"@id\":\"https:\\\/\\\/unaymilletras.com\\\/manuel-carrasco-primer-artista-nacional-en-agotar-el-santiago-bernabeu\\\/#primaryimage\",\"url\":\"https:\\\/\\\/unaymilletras.com\\\/wp-content\\\/uploads\\\/2023\\\/10\\\/MC.jpeg\",\"contentUrl\":\"https:\\\/\\\/unaymilletras.com\\\/wp-content\\\/uploads\\\/2023\\\/10\\\/MC.jpeg\",\"width\":660,\"height\":928,\"caption\":\"Manuel Carrasco\"},{\"@type\":\"BreadcrumbList\",\"@id\":\"https:\\\/\\\/unaymilletras.com\\\/manuel-carrasco-primer-artista-nacional-en-agotar-el-santiago-bernabeu\\\/#breadcrumb\",\"itemListElement\":[{\"@type\":\"ListItem\",\"position\":1,\"name\":\"Home\",\"item\":\"http:\\\/\\\/unaymilletras.com\\\/\"},{\"@type\":\"ListItem\",\"position\":2,\"name\":\"Manuel Carrasco, primer artista nacional en agotar el Santiago Bernab\u00e9u\"}]},{\"@type\":\"WebSite\",\"@id\":\"http:\\\/\\\/unaymilletras.com\\\/#website\",\"url\":\"http:\\\/\\\/unaymilletras.com\\\/\",\"name\":\"Una y Mil Letras\",\"description\":\"\",\"publisher\":{\"@id\":\"http:\\\/\\\/unaymilletras.com\\\/#organization\"},\"potentialAction\":[{\"@type\":\"SearchAction\",\"target\":{\"@type\":\"EntryPoint\",\"urlTemplate\":\"http:\\\/\\\/unaymilletras.com\\\/?s={search_term_string}\"},\"query-input\":{\"@type\":\"PropertyValueSpecification\",\"valueRequired\":true,\"valueName\":\"search_term_string\"}}],\"inLanguage\":\"en-GB\"},{\"@type\":\"Organization\",\"@id\":\"http:\\\/\\\/unaymilletras.com\\\/#organization\",\"name\":\"Una y Mil Letras\",\"url\":\"http:\\\/\\\/unaymilletras.com\\\/\",\"logo\":{\"@type\":\"ImageObject\",\"inLanguage\":\"en-GB\",\"@id\":\"http:\\\/\\\/unaymilletras.com\\\/#\\\/schema\\\/logo\\\/image\\\/\",\"url\":\"https:\\\/\\\/unaymilletras.com\\\/wp-content\\\/uploads\\\/2024\\\/06\\\/cropped-Logo-removebg-preview.png\",\"contentUrl\":\"https:\\\/\\\/unaymilletras.com\\\/wp-content\\\/uploads\\\/2024\\\/06\\\/cropped-Logo-removebg-preview.png\",\"width\":512,\"height\":512,\"caption\":\"Una y Mil Letras\"},\"image\":{\"@id\":\"http:\\\/\\\/unaymilletras.com\\\/#\\\/schema\\\/logo\\\/image\\\/\"},\"sameAs\":[\"https:\\\/\\\/x.com\\\/UnaYMilLetras\",\"https:\\\/\\\/instagram.com\\\/UnaYMilLetras\"]},{\"@type\":\"Person\",\"@id\":\"http:\\\/\\\/unaymilletras.com\\\/#\\\/schema\\\/person\\\/d55ba681b8a4e463d8982dbe36a5dc94\",\"name\":\"Maria Gil Robledo\",\"image\":{\"@type\":\"ImageObject\",\"inLanguage\":\"en-GB\",\"@id\":\"https:\\\/\\\/secure.gravatar.com\\\/avatar\\\/4b8e5102e0015789407eb4870b12f0f2857952d83ca124058f92b764bd1840c3?s=96&d=mm&r=g\",\"url\":\"https:\\\/\\\/secure.gravatar.com\\\/avatar\\\/4b8e5102e0015789407eb4870b12f0f2857952d83ca124058f92b764bd1840c3?s=96&d=mm&r=g\",\"contentUrl\":\"https:\\\/\\\/secure.gravatar.com\\\/avatar\\\/4b8e5102e0015789407eb4870b12f0f2857952d83ca124058f92b764bd1840c3?s=96&d=mm&r=g\",\"caption\":\"Maria Gil Robledo\"},\"sameAs\":[\"http:\\\/\\\/unaymilletras.com\"],\"url\":\"https:\\\/\\\/unaymilletras.com\\\/en\\\/author\\\/mariiagiil02_\\\/\"}]}<\/script>\n<!-- \/ Yoast SEO plugin. -->","yoast_head_json":{"title":"Manuel Carrasco, primer artista nacional en agotar el Santiago Bernab\u00e9u &#8902; Una y Mil Letras","description":"A\u00fan quedan ocho meses para el concierto y Manuel Carrasco ha colgado el cartel de \"entradas agotadas\" en el ic\u00f3nico estadio","robots":{"index":"index","follow":"follow","max-snippet":"max-snippet:-1","max-image-preview":"max-image-preview:large","max-video-preview":"max-video-preview:-1"},"canonical":"https:\/\/unaymilletras.com\/en\/manuel-carrasco-primer-artista-nacional-en-agotar-el-santiago-bernabeu\/","og_locale":"en_GB","og_type":"article","og_title":"Manuel Carrasco, primer artista nacional en agotar el Santiago Bernab\u00e9u &#8902; Una y Mil Letras","og_description":"A\u00fan quedan ocho meses para el concierto y Manuel Carrasco ha colgado el cartel de \"entradas agotadas\" en el ic\u00f3nico estadio","og_url":"https:\/\/unaymilletras.com\/en\/manuel-carrasco-primer-artista-nacional-en-agotar-el-santiago-bernabeu\/","og_site_name":"Una y Mil Letras","article_published_time":"2023-10-29T15:02:11+00:00","article_modified_time":"2023-10-29T15:07:01+00:00","og_image":[{"width":660,"height":928,"url":"http:\/\/unaymilletras.com\/wp-content\/uploads\/2023\/10\/MC.jpeg","type":"image\/jpeg"}],"author":"Maria Gil Robledo","twitter_card":"summary_large_image","twitter_creator":"@UnaYMilLetras","twitter_site":"@UnaYMilLetras","twitter_misc":{"Written by":"Maria Gil Robledo","Estimated reading time":"2 minutes"},"schema":{"@context":"https:\/\/schema.org","@graph":[{"@type":"Article","@id":"https:\/\/unaymilletras.com\/manuel-carrasco-primer-artista-nacional-en-agotar-el-santiago-bernabeu\/#article","isPartOf":{"@id":"https:\/\/unaymilletras.com\/manuel-carrasco-primer-artista-nacional-en-agotar-el-santiago-bernabeu\/"},"author":{"name":"Maria Gil Robledo","@id":"http:\/\/unaymilletras.com\/#\/schema\/person\/d55ba681b8a4e463d8982dbe36a5dc94"},"headline":"Manuel Carrasco, primer artista nacional en agotar el Santiago Bernab\u00e9u","datePublished":"2023-10-29T15:02:11+00:00","dateModified":"2023-10-29T15:07:01+00:00","mainEntityOfPage":{"@id":"https:\/\/unaymilletras.com\/manuel-carrasco-primer-artista-nacional-en-agotar-el-santiago-bernabeu\/"},"wordCount":330,"commentCount":0,"publisher":{"@id":"http:\/\/unaymilletras.com\/#organization"},"image":{"@id":"https:\/\/unaymilletras.com\/manuel-carrasco-primer-artista-nacional-en-agotar-el-santiago-bernabeu\/#primaryimage"},"thumbnailUrl":"https:\/\/unaymilletras.com\/wp-content\/uploads\/2023\/10\/MC.jpeg","articleSection":["Eventos","M\u00fasica"],"inLanguage":"en-GB","potentialAction":[{"@type":"CommentAction","name":"Comment","target":["https:\/\/unaymilletras.com\/manuel-carrasco-primer-artista-nacional-en-agotar-el-santiago-bernabeu\/#respond"]}]},{"@type":"WebPage","@id":"https:\/\/unaymilletras.com\/manuel-carrasco-primer-artista-nacional-en-agotar-el-santiago-bernabeu\/","url":"https:\/\/unaymilletras.com\/manuel-carrasco-primer-artista-nacional-en-agotar-el-santiago-bernabeu\/","name":"Manuel Carrasco, primer artista nacional en agotar el Santiago Bernab\u00e9u &#8902; Una y Mil Letras","isPartOf":{"@id":"http:\/\/unaymilletras.com\/#website"},"primaryImageOfPage":{"@id":"https:\/\/unaymilletras.com\/manuel-carrasco-primer-artista-nacional-en-agotar-el-santiago-bernabeu\/#primaryimage"},"image":{"@id":"https:\/\/unaymilletras.com\/manuel-carrasco-primer-artista-nacional-en-agotar-el-santiago-bernabeu\/#primaryimage"},"thumbnailUrl":"https:\/\/unaymilletras.com\/wp-content\/uploads\/2023\/10\/MC.jpeg","datePublished":"2023-10-29T15:02:11+00:00","dateModified":"2023-10-29T15:07:01+00:00","description":"A\u00fan quedan ocho meses para el concierto y Manuel Carrasco ha colgado el cartel de \"entradas agotadas\" en el ic\u00f3nico estadio","breadcrumb":{"@id":"https:\/\/unaymilletras.com\/manuel-carrasco-primer-artista-nacional-en-agotar-el-santiago-bernabeu\/#breadcrumb"},"inLanguage":"en-GB","potentialAction":[{"@type":"ReadAction","target":["https:\/\/unaymilletras.com\/manuel-carrasco-primer-artista-nacional-en-agotar-el-santiago-bernabeu\/"]}]},{"@type":"ImageObject","inLanguage":"en-GB","@id":"https:\/\/unaymilletras.com\/manuel-carrasco-primer-artista-nacional-en-agotar-el-santiago-bernabeu\/#primaryimage","url":"https:\/\/unaymilletras.com\/wp-content\/uploads\/2023\/10\/MC.jpeg","contentUrl":"https:\/\/unaymilletras.com\/wp-content\/uploads\/2023\/10\/MC.jpeg","width":660,"height":928,"caption":"Manuel Carrasco"},{"@type":"BreadcrumbList","@id":"https:\/\/unaymilletras.com\/manuel-carrasco-primer-artista-nacional-en-agotar-el-santiago-bernabeu\/#breadcrumb","itemListElement":[{"@type":"ListItem","position":1,"name":"Home","item":"http:\/\/unaymilletras.com\/"},{"@type":"ListItem","position":2,"name":"Manuel Carrasco, primer artista nacional en agotar el Santiago Bernab\u00e9u"}]},{"@type":"WebSite","@id":"http:\/\/unaymilletras.com\/#website","url":"http:\/\/unaymilletras.com\/","name":"Una y Mil Letras","description":"","publisher":{"@id":"http:\/\/unaymilletras.com\/#organization"},"potentialAction":[{"@type":"SearchAction","target":{"@type":"EntryPoint","urlTemplate":"http:\/\/unaymilletras.com\/?s={search_term_string}"},"query-input":{"@type":"PropertyValueSpecification","valueRequired":true,"valueName":"search_term_string"}}],"inLanguage":"en-GB"},{"@type":"Organization","@id":"http:\/\/unaymilletras.com\/#organization","name":"Una y Mil Letras","url":"http:\/\/unaymilletras.com\/","logo":{"@type":"ImageObject","inLanguage":"en-GB","@id":"http:\/\/unaymilletras.com\/#\/schema\/logo\/image\/","url":"https:\/\/unaymilletras.com\/wp-content\/uploads\/2024\/06\/cropped-Logo-removebg-preview.png","contentUrl":"https:\/\/unaymilletras.com\/wp-content\/uploads\/2024\/06\/cropped-Logo-removebg-preview.png","width":512,"height":512,"caption":"Una y Mil Letras"},"image":{"@id":"http:\/\/unaymilletras.com\/#\/schema\/logo\/image\/"},"sameAs":["https:\/\/x.com\/UnaYMilLetras","https:\/\/instagram.com\/UnaYMilLetras"]},{"@type":"Person","@id":"http:\/\/unaymilletras.com\/#\/schema\/person\/d55ba681b8a4e463d8982dbe36a5dc94","name":"Maria Gil Robledo","image":{"@type":"ImageObject","inLanguage":"en-GB","@id":"https:\/\/secure.gravatar.com\/avatar\/4b8e5102e0015789407eb4870b12f0f2857952d83ca124058f92b764bd1840c3?s=96&d=mm&r=g","url":"https:\/\/secure.gravatar.com\/avatar\/4b8e5102e0015789407eb4870b12f0f2857952d83ca124058f92b764bd1840c3?s=96&d=mm&r=g","contentUrl":"https:\/\/secure.gravatar.com\/avatar\/4b8e5102e0015789407eb4870b12f0f2857952d83ca124058f92b764bd1840c3?s=96&d=mm&r=g","caption":"Maria Gil Robledo"},"sameAs":["http:\/\/unaymilletras.com"],"url":"https:\/\/unaymilletras.com\/en\/author\/mariiagiil02_\/"}]}},"_links":{"self":[{"href":"https:\/\/unaymilletras.com\/en\/wp-json\/wp\/v2\/posts\/1407","targetHints":{"allow":["GET"]}}],"collection":[{"href":"https:\/\/unaymilletras.com\/en\/wp-json\/wp\/v2\/posts"}],"about":[{"href":"https:\/\/unaymilletras.com\/en\/wp-json\/wp\/v2\/types\/post"}],"author":[{"embeddable":true,"href":"https:\/\/unaymilletras.com\/en\/wp-json\/wp\/v2\/users\/1"}],"replies":[{"embeddable":true,"href":"https:\/\/unaymilletras.com\/en\/wp-json\/wp\/v2\/comments?post=1407"}],"version-history":[{"count":5,"href":"https:\/\/unaymilletras.com\/en\/wp-json\/wp\/v2\/posts\/1407\/revisions"}],"predecessor-version":[{"id":1413,"href":"https:\/\/unaymilletras.com\/en\/wp-json\/wp\/v2\/posts\/1407\/revisions\/1413"}],"wp:featuredmedia":[{"embeddable":true,"href":"https:\/\/unaymilletras.com\/en\/wp-json\/wp\/v2\/media\/1410"}],"wp:attachment":[{"href":"https:\/\/unaymilletras.com\/en\/wp-json\/wp\/v2\/media?parent=1407"}],"wp:term":[{"taxonomy":"category","embeddable":true,"href":"https:\/\/unaymilletras.com\/en\/wp-json\/wp\/v2\/categories?post=1407"},{"taxonomy":"post_tag","embeddable":true,"href":"https:\/\/unaymilletras.com\/en\/wp-json\/wp\/v2\/tags?post=1407"}],"curies":[{"name":"wp","href":"https:\/\/api.w.org\/{rel}","templated":true}]}}