{"id":1414,"date":"2023-10-30T18:29:22","date_gmt":"2023-10-30T17:29:22","guid":{"rendered":"https:\/\/unaymilletras.com\/?p=1414"},"modified":"2023-10-30T18:29:51","modified_gmt":"2023-10-30T17:29:51","slug":"rels-b-agota-madrid-y-barcelona-tras-un-verano-lleno-de-festivales","status":"publish","type":"post","link":"https:\/\/unaymilletras.com\/en\/rels-b-agota-madrid-y-barcelona-tras-un-verano-lleno-de-festivales\/","title":{"rendered":"Rels B agota Madrid y Barcelona tras un verano lleno de festivales"},"content":{"rendered":"<div data-elementor-type=\"wp-post\" data-elementor-id=\"1414\" class=\"elementor elementor-1414\">\n\t\t\t\t\t\t<section class=\"elementor-section elementor-top-section elementor-element elementor-element-e18794d elementor-section-boxed elementor-section-height-default elementor-section-height-default\" data-id=\"e18794d\" data-element_type=\"section\" data-e-type=\"section\">\n\t\t\t\t\t\t<div class=\"elementor-container elementor-column-gap-default\">\n\t\t\t\t\t<div class=\"elementor-column elementor-col-100 elementor-top-column elementor-element elementor-element-8eb697b\" data-id=\"8eb697b\" data-element_type=\"column\" data-e-type=\"column\">\n\t\t\t<div class=\"elementor-widget-wrap elementor-element-populated\">\n\t\t\t\t\t\t<div class=\"elementor-element elementor-element-e4e5010 elementor-widget elementor-widget-text-editor\" data-id=\"e4e5010\" data-element_type=\"widget\" data-e-type=\"widget\" data-widget_type=\"text-editor.default\">\n\t\t\t\t<div class=\"elementor-widget-container\">\n\t\t\t\t\t\t\t\t\t<h2><span style=\"color: #808080;\"><em>Tras terminar su gira por Latinoam\u00e9rica, Rels B se prepara para actuar en el WiZink Center y en el Palau Sant Jordi con todo agotado<\/em><\/span><\/h2>\t\t\t\t\t\t\t\t<\/div>\n\t\t\t\t<\/div>\n\t\t\t\t\t<\/div>\n\t\t<\/div>\n\t\t\t\t\t<\/div>\n\t\t<\/section>\n\t\t\t\t<section class=\"elementor-section elementor-top-section elementor-element elementor-element-ca82d13 elementor-section-boxed elementor-section-height-default elementor-section-height-default\" data-id=\"ca82d13\" data-element_type=\"section\" data-e-type=\"section\">\n\t\t\t\t\t\t<div class=\"elementor-container elementor-column-gap-default\">\n\t\t\t\t\t<div class=\"elementor-column elementor-col-100 elementor-top-column elementor-element elementor-element-d58cbf8\" data-id=\"d58cbf8\" data-element_type=\"column\" data-e-type=\"column\">\n\t\t\t<div class=\"elementor-widget-wrap elementor-element-populated\">\n\t\t\t\t\t\t<div class=\"elementor-element elementor-element-5b82033 elementor-widget elementor-widget-text-editor\" data-id=\"5b82033\" data-element_type=\"widget\" data-e-type=\"widget\" data-widget_type=\"text-editor.default\">\n\t\t\t\t<div class=\"elementor-widget-container\">\n\t\t\t\t\t\t\t\t\t<p><b>Madrid<\/b> y <b>Barcelona<\/b> son las pr\u00f3ximas paradas de <b>Rels B<\/b>. Tras terminar su gira por <b>M\u00e9xico<\/b>, <b>Argentina<\/b>, <b>Chile<\/b>, <b>Per\u00fa<\/b>, <b>Colombia<\/b> y <b>Ecuador<\/b> llega su gira por Espa\u00f1a. En ambas fechas, el artista ha logrado vender todas las entradas para un show en el que presen<span style=\"color: #808080;\">tar\u00e1 temas su \u00e1lbum\u00a0<em><b><a style=\"color: #808080;\" href=\"https:\/\/open.spotify.com\/intl-es\/album\/4eycRqS93AqCf74BVzj6JP?si=nkJumFuJSxmcUYd227MElg\">AfroLOVA\u201923<\/a><\/b><\/em>.<\/span><\/p>\t\t\t\t\t\t\t\t<\/div>\n\t\t\t\t<\/div>\n\t\t\t\t\t<\/div>\n\t\t<\/div>\n\t\t\t\t\t<\/div>\n\t\t<\/section>\n\t\t\t\t<section class=\"elementor-section elementor-top-section elementor-element elementor-element-8fe49a5 elementor-section-boxed elementor-section-height-default elementor-section-height-default\" data-id=\"8fe49a5\" data-element_type=\"section\" data-e-type=\"section\">\n\t\t\t\t\t\t<div class=\"elementor-container elementor-column-gap-default\">\n\t\t\t\t\t<div class=\"elementor-column elementor-col-100 elementor-top-column elementor-element elementor-element-3132cf9\" data-id=\"3132cf9\" data-element_type=\"column\" data-e-type=\"column\">\n\t\t\t<div class=\"elementor-widget-wrap elementor-element-populated\">\n\t\t\t\t\t\t<div class=\"elementor-element elementor-element-b7d863d elementor-widget elementor-widget-image\" data-id=\"b7d863d\" data-element_type=\"widget\" data-e-type=\"widget\" data-widget_type=\"image.default\">\n\t\t\t\t<div class=\"elementor-widget-container\">\n\t\t\t\t\t\t\t\t\t\t\t\t\t\t\t<img fetchpriority=\"high\" decoding=\"async\" width=\"600\" height=\"479\" src=\"https:\/\/unaymilletras.com\/wp-content\/uploads\/2023\/10\/rels.jpeg\" class=\"attachment-large size-large wp-image-1416\" alt=\"Rels B\" srcset=\"https:\/\/unaymilletras.com\/wp-content\/uploads\/2023\/10\/rels.jpeg 600w, https:\/\/unaymilletras.com\/wp-content\/uploads\/2023\/10\/rels-300x240.jpeg 300w\" sizes=\"(max-width: 600px) 100vw, 600px\" \/>\t\t\t\t\t\t\t\t\t\t\t\t\t\t\t<\/div>\n\t\t\t\t<\/div>\n\t\t\t\t\t<\/div>\n\t\t<\/div>\n\t\t\t\t\t<\/div>\n\t\t<\/section>\n\t\t\t\t<section class=\"elementor-section elementor-top-section elementor-element elementor-element-2df4932 elementor-section-boxed elementor-section-height-default elementor-section-height-default\" data-id=\"2df4932\" data-element_type=\"section\" data-e-type=\"section\">\n\t\t\t\t\t\t<div class=\"elementor-container elementor-column-gap-default\">\n\t\t\t\t\t<div class=\"elementor-column elementor-col-100 elementor-top-column elementor-element elementor-element-a450394\" data-id=\"a450394\" data-element_type=\"column\" data-e-type=\"column\">\n\t\t\t<div class=\"elementor-widget-wrap elementor-element-populated\">\n\t\t\t\t\t\t<div class=\"elementor-element elementor-element-b99988f elementor-widget elementor-widget-text-editor\" data-id=\"b99988f\" data-element_type=\"widget\" data-e-type=\"widget\" data-widget_type=\"text-editor.default\">\n\t\t\t\t<div class=\"elementor-widget-container\">\n\t\t\t\t\t\t\t\t\t<p>El 10 de noviembre dar\u00e1 un concierto en el <b>Palau Sant Jordi <\/b>de Barcelona y el 12 de noviembre en el <b>WiZink Center<\/b> de Madrid. Estas son las dos fechas con las que se pondr\u00e1 el broche final a una gira hist\u00f3rica en la carrera del artista.<\/p>\n<p>Este a\u00f1o ha sido crucial en la carrera del cantante. Ha logrado llenar el Foro Sol de M\u00e9xico, con un aforo de 65.000 personas. Adem\u00e1s, Rels B tambi\u00e9n pas\u00f3 recientemente por Argentina, present\u00e1ndose en Mendoza, C\u00f3rdoba y Buenos Aires, con un sold out en esta \u00faltima ciudad ante 20 mil personas en el m\u00edtico Hip\u00f3dromo de Palermo. Asimismo, ha actuado en otros muchos recintos relevantes en Latinoam\u00e9rica.<\/p>\t\t\t\t\t\t\t\t<\/div>\n\t\t\t\t<\/div>\n\t\t\t\t\t<\/div>\n\t\t<\/div>\n\t\t\t\t\t<\/div>\n\t\t<\/section>\n\t\t\t\t<section class=\"elementor-section elementor-top-section elementor-element elementor-element-f99ef7c elementor-section-boxed elementor-section-height-default elementor-section-height-default\" data-id=\"f99ef7c\" data-element_type=\"section\" data-e-type=\"section\">\n\t\t\t\t\t\t<div class=\"elementor-container elementor-column-gap-default\">\n\t\t\t\t\t<div class=\"elementor-column elementor-col-100 elementor-top-column elementor-element elementor-element-14bfdfd\" data-id=\"14bfdfd\" data-element_type=\"column\" data-e-type=\"column\">\n\t\t\t<div class=\"elementor-widget-wrap elementor-element-populated\">\n\t\t\t\t\t\t<div class=\"elementor-element elementor-element-bbb5644 elementor-widget elementor-widget-image\" data-id=\"bbb5644\" data-element_type=\"widget\" data-e-type=\"widget\" data-widget_type=\"image.default\">\n\t\t\t\t<div class=\"elementor-widget-container\">\n\t\t\t\t\t\t\t\t\t\t\t\t\t\t\t<img decoding=\"async\" width=\"600\" height=\"400\" src=\"https:\/\/unaymilletras.com\/wp-content\/uploads\/2023\/10\/rels-2.jpeg\" class=\"attachment-large size-large wp-image-1417\" alt=\"\" srcset=\"https:\/\/unaymilletras.com\/wp-content\/uploads\/2023\/10\/rels-2.jpeg 600w, https:\/\/unaymilletras.com\/wp-content\/uploads\/2023\/10\/rels-2-300x200.jpeg 300w\" sizes=\"(max-width: 600px) 100vw, 600px\" \/>\t\t\t\t\t\t\t\t\t\t\t\t\t\t\t<\/div>\n\t\t\t\t<\/div>\n\t\t\t\t\t<\/div>\n\t\t<\/div>\n\t\t\t\t\t<\/div>\n\t\t<\/section>\n\t\t\t\t<section class=\"elementor-section elementor-top-section elementor-element elementor-element-20020d2 elementor-section-boxed elementor-section-height-default elementor-section-height-default\" data-id=\"20020d2\" data-element_type=\"section\" data-e-type=\"section\">\n\t\t\t\t\t\t<div class=\"elementor-container elementor-column-gap-default\">\n\t\t\t\t\t<div class=\"elementor-column elementor-col-100 elementor-top-column elementor-element elementor-element-e1e92dc\" data-id=\"e1e92dc\" data-element_type=\"column\" data-e-type=\"column\">\n\t\t\t<div class=\"elementor-widget-wrap elementor-element-populated\">\n\t\t\t\t\t\t<div class=\"elementor-element elementor-element-ea1fb5d elementor-widget elementor-widget-text-editor\" data-id=\"ea1fb5d\" data-element_type=\"widget\" data-e-type=\"widget\" data-widget_type=\"text-editor.default\">\n\t\t\t\t<div class=\"elementor-widget-container\">\n\t\t\t\t\t\t\t\t\t<p>Su \u00faltimo disco,<span style=\"color: #808080;\"> <em><a style=\"color: #808080;\" href=\"https:\/\/unaymilletras.com\/en\/rels-b-estrena-album-para-con-el-que-nos-traslada-a-su-lado-mas-afro\/\">AfroLOVA\u201923<\/a><\/em>, ya ha obtenido m\u00e1s<\/span> de dos millones de reproducciones en las distintas plataformas digitales. En \u00e9l, se ha manifestado un estilo musical innovador donde tambi\u00e9n ha demostrado su versatilidad. Un reflejo de su talento como compositor. El alcance global y la popularidad ascendente del \u00e1lbum demuestran el impacto significativo de Rels B en la m\u00fasica contempor\u00e1nea.<\/p><p>Adem\u00e1s, el mallorqu\u00edn ha tenido numerosos reconocimientos durante este a\u00f1o tras convertirse en <b>Disco de Platino<\/b> tanto en Espa\u00f1a como en Argentina, M\u00e9xico, Colombia y Per\u00fa. A d\u00eda de hoy contin\u00faa demostrando su talento y ense\u00f1ando que su carrera no para de crecer. Ahora, Rels B se prepara para conquistar sus pr\u00f3ximos shows. \u00a0<\/p>\t\t\t\t\t\t\t\t<\/div>\n\t\t\t\t<\/div>\n\t\t\t\t\t<\/div>\n\t\t<\/div>\n\t\t\t\t\t<\/div>\n\t\t<\/section>\n\t\t\t\t<\/div>","protected":false},"excerpt":{"rendered":"<p>Tras terminar su gira por Latinoam\u00e9rica, Rels B se prepara para actuar en el WiZink Center y en el Palau Sant Jordi con todo agotado Madrid y Barcelona son las pr\u00f3ximas paradas de Rels B. Tras terminar su gira por M\u00e9xico, Argentina, Chile, Per\u00fa, Colombia y Ecuador llega su gira por Espa\u00f1a. En ambas fechas, [&hellip;]<\/p>\n","protected":false},"author":1,"featured_media":1417,"comment_status":"open","ping_status":"open","sticky":false,"template":"","format":"standard","meta":{"footnotes":""},"categories":[4],"tags":[],"class_list":["post-1414","post","type-post","status-publish","format-standard","has-post-thumbnail","hentry","category-musica"],"yoast_head":"<!-- This site is optimized with the Yoast SEO plugin v27.4 - https:\/\/yoast.com\/product\/yoast-seo-wordpress\/ -->\n<title>Rels B agota Madrid y Barcelona tras un verano lleno de festivales &#8902; Una y Mil Letras<\/title>\n<meta name=\"description\" content=\"Tras terminar su gira por Latinoam\u00e9rica, Rels B se prepara para actuar en el WiZink Center y en el Palau Sant Jordi con todo agotado\" \/>\n<meta name=\"robots\" content=\"index, follow, max-snippet:-1, max-image-preview:large, max-video-preview:-1\" \/>\n<link rel=\"canonical\" href=\"https:\/\/unaymilletras.com\/en\/rels-b-agota-madrid-y-barcelona-tras-un-verano-lleno-de-festivales\/\" \/>\n<meta property=\"og:locale\" content=\"en_GB\" \/>\n<meta property=\"og:type\" content=\"article\" \/>\n<meta property=\"og:title\" content=\"Rels B agota Madrid y Barcelona tras un verano lleno de festivales &#8902; Una y Mil Letras\" \/>\n<meta property=\"og:description\" content=\"Tras terminar su gira por Latinoam\u00e9rica, Rels B se prepara para actuar en el WiZink Center y en el Palau Sant Jordi con todo agotado\" \/>\n<meta property=\"og:url\" content=\"https:\/\/unaymilletras.com\/en\/rels-b-agota-madrid-y-barcelona-tras-un-verano-lleno-de-festivales\/\" \/>\n<meta property=\"og:site_name\" content=\"Una y Mil Letras\" \/>\n<meta property=\"article:published_time\" content=\"2023-10-30T17:29:22+00:00\" \/>\n<meta property=\"article:modified_time\" content=\"2023-10-30T17:29:51+00:00\" \/>\n<meta property=\"og:image\" content=\"http:\/\/unaymilletras.com\/wp-content\/uploads\/2023\/10\/rels-2.jpeg\" \/>\n\t<meta property=\"og:image:width\" content=\"600\" \/>\n\t<meta property=\"og:image:height\" content=\"400\" \/>\n\t<meta property=\"og:image:type\" content=\"image\/jpeg\" \/>\n<meta name=\"author\" content=\"Maria Gil Robledo\" \/>\n<meta name=\"twitter:card\" content=\"summary_large_image\" \/>\n<meta name=\"twitter:creator\" content=\"@UnaYMilLetras\" \/>\n<meta name=\"twitter:site\" content=\"@UnaYMilLetras\" \/>\n<meta name=\"twitter:label1\" content=\"Written by\" \/>\n\t<meta name=\"twitter:data1\" content=\"Maria Gil Robledo\" \/>\n\t<meta name=\"twitter:label2\" content=\"Estimated reading time\" \/>\n\t<meta name=\"twitter:data2\" content=\"2 minutes\" \/>\n<script type=\"application\/ld+json\" class=\"yoast-schema-graph\">{\"@context\":\"https:\\\/\\\/schema.org\",\"@graph\":[{\"@type\":\"Article\",\"@id\":\"https:\\\/\\\/unaymilletras.com\\\/rels-b-agota-madrid-y-barcelona-tras-un-verano-lleno-de-festivales\\\/#article\",\"isPartOf\":{\"@id\":\"https:\\\/\\\/unaymilletras.com\\\/rels-b-agota-madrid-y-barcelona-tras-un-verano-lleno-de-festivales\\\/\"},\"author\":{\"name\":\"Maria Gil Robledo\",\"@id\":\"http:\\\/\\\/unaymilletras.com\\\/#\\\/schema\\\/person\\\/d55ba681b8a4e463d8982dbe36a5dc94\"},\"headline\":\"Rels B agota Madrid y Barcelona tras un verano lleno de festivales\",\"datePublished\":\"2023-10-30T17:29:22+00:00\",\"dateModified\":\"2023-10-30T17:29:51+00:00\",\"mainEntityOfPage\":{\"@id\":\"https:\\\/\\\/unaymilletras.com\\\/rels-b-agota-madrid-y-barcelona-tras-un-verano-lleno-de-festivales\\\/\"},\"wordCount\":336,\"commentCount\":0,\"publisher\":{\"@id\":\"http:\\\/\\\/unaymilletras.com\\\/#organization\"},\"image\":{\"@id\":\"https:\\\/\\\/unaymilletras.com\\\/rels-b-agota-madrid-y-barcelona-tras-un-verano-lleno-de-festivales\\\/#primaryimage\"},\"thumbnailUrl\":\"https:\\\/\\\/unaymilletras.com\\\/wp-content\\\/uploads\\\/2023\\\/10\\\/rels-2.jpeg\",\"articleSection\":[\"M\u00fasica\"],\"inLanguage\":\"en-GB\",\"potentialAction\":[{\"@type\":\"CommentAction\",\"name\":\"Comment\",\"target\":[\"https:\\\/\\\/unaymilletras.com\\\/rels-b-agota-madrid-y-barcelona-tras-un-verano-lleno-de-festivales\\\/#respond\"]}]},{\"@type\":\"WebPage\",\"@id\":\"https:\\\/\\\/unaymilletras.com\\\/rels-b-agota-madrid-y-barcelona-tras-un-verano-lleno-de-festivales\\\/\",\"url\":\"https:\\\/\\\/unaymilletras.com\\\/rels-b-agota-madrid-y-barcelona-tras-un-verano-lleno-de-festivales\\\/\",\"name\":\"Rels B agota Madrid y Barcelona tras un verano lleno de festivales &#8902; Una y Mil Letras\",\"isPartOf\":{\"@id\":\"http:\\\/\\\/unaymilletras.com\\\/#website\"},\"primaryImageOfPage\":{\"@id\":\"https:\\\/\\\/unaymilletras.com\\\/rels-b-agota-madrid-y-barcelona-tras-un-verano-lleno-de-festivales\\\/#primaryimage\"},\"image\":{\"@id\":\"https:\\\/\\\/unaymilletras.com\\\/rels-b-agota-madrid-y-barcelona-tras-un-verano-lleno-de-festivales\\\/#primaryimage\"},\"thumbnailUrl\":\"https:\\\/\\\/unaymilletras.com\\\/wp-content\\\/uploads\\\/2023\\\/10\\\/rels-2.jpeg\",\"datePublished\":\"2023-10-30T17:29:22+00:00\",\"dateModified\":\"2023-10-30T17:29:51+00:00\",\"description\":\"Tras terminar su gira por Latinoam\u00e9rica, Rels B se prepara para actuar en el WiZink Center y en el Palau Sant Jordi con todo agotado\",\"breadcrumb\":{\"@id\":\"https:\\\/\\\/unaymilletras.com\\\/rels-b-agota-madrid-y-barcelona-tras-un-verano-lleno-de-festivales\\\/#breadcrumb\"},\"inLanguage\":\"en-GB\",\"potentialAction\":[{\"@type\":\"ReadAction\",\"target\":[\"https:\\\/\\\/unaymilletras.com\\\/rels-b-agota-madrid-y-barcelona-tras-un-verano-lleno-de-festivales\\\/\"]}]},{\"@type\":\"ImageObject\",\"inLanguage\":\"en-GB\",\"@id\":\"https:\\\/\\\/unaymilletras.com\\\/rels-b-agota-madrid-y-barcelona-tras-un-verano-lleno-de-festivales\\\/#primaryimage\",\"url\":\"https:\\\/\\\/unaymilletras.com\\\/wp-content\\\/uploads\\\/2023\\\/10\\\/rels-2.jpeg\",\"contentUrl\":\"https:\\\/\\\/unaymilletras.com\\\/wp-content\\\/uploads\\\/2023\\\/10\\\/rels-2.jpeg\",\"width\":600,\"height\":400},{\"@type\":\"BreadcrumbList\",\"@id\":\"https:\\\/\\\/unaymilletras.com\\\/rels-b-agota-madrid-y-barcelona-tras-un-verano-lleno-de-festivales\\\/#breadcrumb\",\"itemListElement\":[{\"@type\":\"ListItem\",\"position\":1,\"name\":\"Home\",\"item\":\"http:\\\/\\\/unaymilletras.com\\\/\"},{\"@type\":\"ListItem\",\"position\":2,\"name\":\"Rels B agota Madrid y Barcelona tras un verano lleno de festivales\"}]},{\"@type\":\"WebSite\",\"@id\":\"http:\\\/\\\/unaymilletras.com\\\/#website\",\"url\":\"http:\\\/\\\/unaymilletras.com\\\/\",\"name\":\"Una y Mil Letras\",\"description\":\"\",\"publisher\":{\"@id\":\"http:\\\/\\\/unaymilletras.com\\\/#organization\"},\"potentialAction\":[{\"@type\":\"SearchAction\",\"target\":{\"@type\":\"EntryPoint\",\"urlTemplate\":\"http:\\\/\\\/unaymilletras.com\\\/?s={search_term_string}\"},\"query-input\":{\"@type\":\"PropertyValueSpecification\",\"valueRequired\":true,\"valueName\":\"search_term_string\"}}],\"inLanguage\":\"en-GB\"},{\"@type\":\"Organization\",\"@id\":\"http:\\\/\\\/unaymilletras.com\\\/#organization\",\"name\":\"Una y Mil Letras\",\"url\":\"http:\\\/\\\/unaymilletras.com\\\/\",\"logo\":{\"@type\":\"ImageObject\",\"inLanguage\":\"en-GB\",\"@id\":\"http:\\\/\\\/unaymilletras.com\\\/#\\\/schema\\\/logo\\\/image\\\/\",\"url\":\"https:\\\/\\\/unaymilletras.com\\\/wp-content\\\/uploads\\\/2024\\\/06\\\/cropped-Logo-removebg-preview.png\",\"contentUrl\":\"https:\\\/\\\/unaymilletras.com\\\/wp-content\\\/uploads\\\/2024\\\/06\\\/cropped-Logo-removebg-preview.png\",\"width\":512,\"height\":512,\"caption\":\"Una y Mil Letras\"},\"image\":{\"@id\":\"http:\\\/\\\/unaymilletras.com\\\/#\\\/schema\\\/logo\\\/image\\\/\"},\"sameAs\":[\"https:\\\/\\\/x.com\\\/UnaYMilLetras\",\"https:\\\/\\\/instagram.com\\\/UnaYMilLetras\"]},{\"@type\":\"Person\",\"@id\":\"http:\\\/\\\/unaymilletras.com\\\/#\\\/schema\\\/person\\\/d55ba681b8a4e463d8982dbe36a5dc94\",\"name\":\"Maria Gil Robledo\",\"image\":{\"@type\":\"ImageObject\",\"inLanguage\":\"en-GB\",\"@id\":\"https:\\\/\\\/secure.gravatar.com\\\/avatar\\\/4b8e5102e0015789407eb4870b12f0f2857952d83ca124058f92b764bd1840c3?s=96&d=mm&r=g\",\"url\":\"https:\\\/\\\/secure.gravatar.com\\\/avatar\\\/4b8e5102e0015789407eb4870b12f0f2857952d83ca124058f92b764bd1840c3?s=96&d=mm&r=g\",\"contentUrl\":\"https:\\\/\\\/secure.gravatar.com\\\/avatar\\\/4b8e5102e0015789407eb4870b12f0f2857952d83ca124058f92b764bd1840c3?s=96&d=mm&r=g\",\"caption\":\"Maria Gil Robledo\"},\"sameAs\":[\"http:\\\/\\\/unaymilletras.com\"],\"url\":\"https:\\\/\\\/unaymilletras.com\\\/en\\\/author\\\/mariiagiil02_\\\/\"}]}<\/script>\n<!-- \/ Yoast SEO plugin. -->","yoast_head_json":{"title":"Rels B agota Madrid y Barcelona tras un verano lleno de festivales &#8902; Una y Mil Letras","description":"Tras terminar su gira por Latinoam\u00e9rica, Rels B se prepara para actuar en el WiZink Center y en el Palau Sant Jordi con todo agotado","robots":{"index":"index","follow":"follow","max-snippet":"max-snippet:-1","max-image-preview":"max-image-preview:large","max-video-preview":"max-video-preview:-1"},"canonical":"https:\/\/unaymilletras.com\/en\/rels-b-agota-madrid-y-barcelona-tras-un-verano-lleno-de-festivales\/","og_locale":"en_GB","og_type":"article","og_title":"Rels B agota Madrid y Barcelona tras un verano lleno de festivales &#8902; Una y Mil Letras","og_description":"Tras terminar su gira por Latinoam\u00e9rica, Rels B se prepara para actuar en el WiZink Center y en el Palau Sant Jordi con todo agotado","og_url":"https:\/\/unaymilletras.com\/en\/rels-b-agota-madrid-y-barcelona-tras-un-verano-lleno-de-festivales\/","og_site_name":"Una y Mil Letras","article_published_time":"2023-10-30T17:29:22+00:00","article_modified_time":"2023-10-30T17:29:51+00:00","og_image":[{"width":600,"height":400,"url":"http:\/\/unaymilletras.com\/wp-content\/uploads\/2023\/10\/rels-2.jpeg","type":"image\/jpeg"}],"author":"Maria Gil Robledo","twitter_card":"summary_large_image","twitter_creator":"@UnaYMilLetras","twitter_site":"@UnaYMilLetras","twitter_misc":{"Written by":"Maria Gil Robledo","Estimated reading time":"2 minutes"},"schema":{"@context":"https:\/\/schema.org","@graph":[{"@type":"Article","@id":"https:\/\/unaymilletras.com\/rels-b-agota-madrid-y-barcelona-tras-un-verano-lleno-de-festivales\/#article","isPartOf":{"@id":"https:\/\/unaymilletras.com\/rels-b-agota-madrid-y-barcelona-tras-un-verano-lleno-de-festivales\/"},"author":{"name":"Maria Gil Robledo","@id":"http:\/\/unaymilletras.com\/#\/schema\/person\/d55ba681b8a4e463d8982dbe36a5dc94"},"headline":"Rels B agota Madrid y Barcelona tras un verano lleno de festivales","datePublished":"2023-10-30T17:29:22+00:00","dateModified":"2023-10-30T17:29:51+00:00","mainEntityOfPage":{"@id":"https:\/\/unaymilletras.com\/rels-b-agota-madrid-y-barcelona-tras-un-verano-lleno-de-festivales\/"},"wordCount":336,"commentCount":0,"publisher":{"@id":"http:\/\/unaymilletras.com\/#organization"},"image":{"@id":"https:\/\/unaymilletras.com\/rels-b-agota-madrid-y-barcelona-tras-un-verano-lleno-de-festivales\/#primaryimage"},"thumbnailUrl":"https:\/\/unaymilletras.com\/wp-content\/uploads\/2023\/10\/rels-2.jpeg","articleSection":["M\u00fasica"],"inLanguage":"en-GB","potentialAction":[{"@type":"CommentAction","name":"Comment","target":["https:\/\/unaymilletras.com\/rels-b-agota-madrid-y-barcelona-tras-un-verano-lleno-de-festivales\/#respond"]}]},{"@type":"WebPage","@id":"https:\/\/unaymilletras.com\/rels-b-agota-madrid-y-barcelona-tras-un-verano-lleno-de-festivales\/","url":"https:\/\/unaymilletras.com\/rels-b-agota-madrid-y-barcelona-tras-un-verano-lleno-de-festivales\/","name":"Rels B agota Madrid y Barcelona tras un verano lleno de festivales &#8902; Una y Mil Letras","isPartOf":{"@id":"http:\/\/unaymilletras.com\/#website"},"primaryImageOfPage":{"@id":"https:\/\/unaymilletras.com\/rels-b-agota-madrid-y-barcelona-tras-un-verano-lleno-de-festivales\/#primaryimage"},"image":{"@id":"https:\/\/unaymilletras.com\/rels-b-agota-madrid-y-barcelona-tras-un-verano-lleno-de-festivales\/#primaryimage"},"thumbnailUrl":"https:\/\/unaymilletras.com\/wp-content\/uploads\/2023\/10\/rels-2.jpeg","datePublished":"2023-10-30T17:29:22+00:00","dateModified":"2023-10-30T17:29:51+00:00","description":"Tras terminar su gira por Latinoam\u00e9rica, Rels B se prepara para actuar en el WiZink Center y en el Palau Sant Jordi con todo agotado","breadcrumb":{"@id":"https:\/\/unaymilletras.com\/rels-b-agota-madrid-y-barcelona-tras-un-verano-lleno-de-festivales\/#breadcrumb"},"inLanguage":"en-GB","potentialAction":[{"@type":"ReadAction","target":["https:\/\/unaymilletras.com\/rels-b-agota-madrid-y-barcelona-tras-un-verano-lleno-de-festivales\/"]}]},{"@type":"ImageObject","inLanguage":"en-GB","@id":"https:\/\/unaymilletras.com\/rels-b-agota-madrid-y-barcelona-tras-un-verano-lleno-de-festivales\/#primaryimage","url":"https:\/\/unaymilletras.com\/wp-content\/uploads\/2023\/10\/rels-2.jpeg","contentUrl":"https:\/\/unaymilletras.com\/wp-content\/uploads\/2023\/10\/rels-2.jpeg","width":600,"height":400},{"@type":"BreadcrumbList","@id":"https:\/\/unaymilletras.com\/rels-b-agota-madrid-y-barcelona-tras-un-verano-lleno-de-festivales\/#breadcrumb","itemListElement":[{"@type":"ListItem","position":1,"name":"Home","item":"http:\/\/unaymilletras.com\/"},{"@type":"ListItem","position":2,"name":"Rels B agota Madrid y Barcelona tras un verano lleno de festivales"}]},{"@type":"WebSite","@id":"http:\/\/unaymilletras.com\/#website","url":"http:\/\/unaymilletras.com\/","name":"Una y Mil Letras","description":"","publisher":{"@id":"http:\/\/unaymilletras.com\/#organization"},"potentialAction":[{"@type":"SearchAction","target":{"@type":"EntryPoint","urlTemplate":"http:\/\/unaymilletras.com\/?s={search_term_string}"},"query-input":{"@type":"PropertyValueSpecification","valueRequired":true,"valueName":"search_term_string"}}],"inLanguage":"en-GB"},{"@type":"Organization","@id":"http:\/\/unaymilletras.com\/#organization","name":"Una y Mil Letras","url":"http:\/\/unaymilletras.com\/","logo":{"@type":"ImageObject","inLanguage":"en-GB","@id":"http:\/\/unaymilletras.com\/#\/schema\/logo\/image\/","url":"https:\/\/unaymilletras.com\/wp-content\/uploads\/2024\/06\/cropped-Logo-removebg-preview.png","contentUrl":"https:\/\/unaymilletras.com\/wp-content\/uploads\/2024\/06\/cropped-Logo-removebg-preview.png","width":512,"height":512,"caption":"Una y Mil Letras"},"image":{"@id":"http:\/\/unaymilletras.com\/#\/schema\/logo\/image\/"},"sameAs":["https:\/\/x.com\/UnaYMilLetras","https:\/\/instagram.com\/UnaYMilLetras"]},{"@type":"Person","@id":"http:\/\/unaymilletras.com\/#\/schema\/person\/d55ba681b8a4e463d8982dbe36a5dc94","name":"Maria Gil Robledo","image":{"@type":"ImageObject","inLanguage":"en-GB","@id":"https:\/\/secure.gravatar.com\/avatar\/4b8e5102e0015789407eb4870b12f0f2857952d83ca124058f92b764bd1840c3?s=96&d=mm&r=g","url":"https:\/\/secure.gravatar.com\/avatar\/4b8e5102e0015789407eb4870b12f0f2857952d83ca124058f92b764bd1840c3?s=96&d=mm&r=g","contentUrl":"https:\/\/secure.gravatar.com\/avatar\/4b8e5102e0015789407eb4870b12f0f2857952d83ca124058f92b764bd1840c3?s=96&d=mm&r=g","caption":"Maria Gil Robledo"},"sameAs":["http:\/\/unaymilletras.com"],"url":"https:\/\/unaymilletras.com\/en\/author\/mariiagiil02_\/"}]}},"_links":{"self":[{"href":"https:\/\/unaymilletras.com\/en\/wp-json\/wp\/v2\/posts\/1414","targetHints":{"allow":["GET"]}}],"collection":[{"href":"https:\/\/unaymilletras.com\/en\/wp-json\/wp\/v2\/posts"}],"about":[{"href":"https:\/\/unaymilletras.com\/en\/wp-json\/wp\/v2\/types\/post"}],"author":[{"embeddable":true,"href":"https:\/\/unaymilletras.com\/en\/wp-json\/wp\/v2\/users\/1"}],"replies":[{"embeddable":true,"href":"https:\/\/unaymilletras.com\/en\/wp-json\/wp\/v2\/comments?post=1414"}],"version-history":[{"count":11,"href":"https:\/\/unaymilletras.com\/en\/wp-json\/wp\/v2\/posts\/1414\/revisions"}],"predecessor-version":[{"id":1427,"href":"https:\/\/unaymilletras.com\/en\/wp-json\/wp\/v2\/posts\/1414\/revisions\/1427"}],"wp:featuredmedia":[{"embeddable":true,"href":"https:\/\/unaymilletras.com\/en\/wp-json\/wp\/v2\/media\/1417"}],"wp:attachment":[{"href":"https:\/\/unaymilletras.com\/en\/wp-json\/wp\/v2\/media?parent=1414"}],"wp:term":[{"taxonomy":"category","embeddable":true,"href":"https:\/\/unaymilletras.com\/en\/wp-json\/wp\/v2\/categories?post=1414"},{"taxonomy":"post_tag","embeddable":true,"href":"https:\/\/unaymilletras.com\/en\/wp-json\/wp\/v2\/tags?post=1414"}],"curies":[{"name":"wp","href":"https:\/\/api.w.org\/{rel}","templated":true}]}}