{"id":1428,"date":"2023-10-31T19:00:00","date_gmt":"2023-10-31T18:00:00","guid":{"rendered":"https:\/\/unaymilletras.com\/?p=1428"},"modified":"2023-10-30T19:02:17","modified_gmt":"2023-10-30T18:02:17","slug":"premios-tiktok-2023-celebrando-la-creatividad-en-espana","status":"publish","type":"post","link":"https:\/\/unaymilletras.com\/en\/premios-tiktok-2023-celebrando-la-creatividad-en-espana\/","title":{"rendered":"Premios TikTok 2023: Celebrando la Creatividad en Espa\u00f1a"},"content":{"rendered":"<div data-elementor-type=\"wp-post\" data-elementor-id=\"1428\" class=\"elementor elementor-1428\">\n\t\t\t\t\t\t<section class=\"elementor-section elementor-top-section elementor-element elementor-element-6f94db2 elementor-section-boxed elementor-section-height-default elementor-section-height-default\" data-id=\"6f94db2\" data-element_type=\"section\" data-e-type=\"section\">\n\t\t\t\t\t\t<div class=\"elementor-container elementor-column-gap-default\">\n\t\t\t\t\t<div class=\"elementor-column elementor-col-100 elementor-top-column elementor-element elementor-element-0dc30cd\" data-id=\"0dc30cd\" data-element_type=\"column\" data-e-type=\"column\">\n\t\t\t<div class=\"elementor-widget-wrap elementor-element-populated\">\n\t\t\t\t\t\t<div class=\"elementor-element elementor-element-af7547e elementor-widget elementor-widget-text-editor\" data-id=\"af7547e\" data-element_type=\"widget\" data-e-type=\"widget\" data-widget_type=\"text-editor.default\">\n\t\t\t\t<div class=\"elementor-widget-container\">\n\t\t\t\t\t\t\t\t\t<h2><span style=\"color: #808080;\"><em>Los Premios TikTok 2023, un reconociendo el talento, la diversidad y la autenticidad de la Comunidad en Espa\u00f1a<\/em><\/span><\/h2>\t\t\t\t\t\t\t\t<\/div>\n\t\t\t\t<\/div>\n\t\t\t\t\t<\/div>\n\t\t<\/div>\n\t\t\t\t\t<\/div>\n\t\t<\/section>\n\t\t\t\t<section class=\"elementor-section elementor-top-section elementor-element elementor-element-43315fb elementor-section-boxed elementor-section-height-default elementor-section-height-default\" data-id=\"43315fb\" data-element_type=\"section\" data-e-type=\"section\">\n\t\t\t\t\t\t<div class=\"elementor-container elementor-column-gap-default\">\n\t\t\t\t\t<div class=\"elementor-column elementor-col-100 elementor-top-column elementor-element elementor-element-74da921\" data-id=\"74da921\" data-element_type=\"column\" data-e-type=\"column\">\n\t\t\t<div class=\"elementor-widget-wrap elementor-element-populated\">\n\t\t\t\t\t\t<div class=\"elementor-element elementor-element-d06004f elementor-widget elementor-widget-text-editor\" data-id=\"d06004f\" data-element_type=\"widget\" data-e-type=\"widget\" data-widget_type=\"text-editor.default\">\n\t\t\t\t<div class=\"elementor-widget-container\">\n\t\t\t\t\t\t\t\t\t<p>Los <b>Premios TikTok 2023<\/b> han llegado a su tercera edici\u00f3n y la plataforma de redes sociales est\u00e1 invitando al p\u00fablico a votar para reconocer a los talentosos creadores, marcas y artistas que forman parte de la comunida<span style=\"color: #808080;\">d <a style=\"color: #808080;\" href=\"https:\/\/www.tiktok.com\/\">TikTok<\/a> en <b>Espa\u00f1a<\/b>. Estos premio<\/span>s est\u00e1n destinados a celebrar la <b>diversidad<\/b>, la <b>creatividad<\/b> y la <b>autenticidad<\/b> que caracterizan a la comunidad de TikTok y brindan la oportunidad de destacar el <b>talento local<\/b>.<\/p>\t\t\t\t\t\t\t\t<\/div>\n\t\t\t\t<\/div>\n\t\t\t\t\t<\/div>\n\t\t<\/div>\n\t\t\t\t\t<\/div>\n\t\t<\/section>\n\t\t\t\t<section class=\"elementor-section elementor-top-section elementor-element elementor-element-1ea07d3 elementor-section-boxed elementor-section-height-default elementor-section-height-default\" data-id=\"1ea07d3\" data-element_type=\"section\" data-e-type=\"section\">\n\t\t\t\t\t\t<div class=\"elementor-container elementor-column-gap-default\">\n\t\t\t\t\t<div class=\"elementor-column elementor-col-100 elementor-top-column elementor-element elementor-element-2d21ab9\" data-id=\"2d21ab9\" data-element_type=\"column\" data-e-type=\"column\">\n\t\t\t<div class=\"elementor-widget-wrap elementor-element-populated\">\n\t\t\t\t\t\t<div class=\"elementor-element elementor-element-b3f0a4d elementor-widget elementor-widget-image\" data-id=\"b3f0a4d\" data-element_type=\"widget\" data-e-type=\"widget\" data-widget_type=\"image.default\">\n\t\t\t\t<div class=\"elementor-widget-container\">\n\t\t\t\t\t\t\t\t\t\t\t\t\t\t\t<img fetchpriority=\"high\" decoding=\"async\" width=\"640\" height=\"333\" src=\"https:\/\/unaymilletras.com\/wp-content\/uploads\/2023\/10\/tt-1024x533.jpeg\" class=\"attachment-large size-large wp-image-1431\" alt=\"Premios TikTok 2023\" srcset=\"https:\/\/unaymilletras.com\/wp-content\/uploads\/2023\/10\/tt-1024x533.jpeg 1024w, https:\/\/unaymilletras.com\/wp-content\/uploads\/2023\/10\/tt-300x156.jpeg 300w, https:\/\/unaymilletras.com\/wp-content\/uploads\/2023\/10\/tt-768x400.jpeg 768w, https:\/\/unaymilletras.com\/wp-content\/uploads\/2023\/10\/tt-e1698688541602.jpeg 600w\" sizes=\"(max-width: 640px) 100vw, 640px\" \/>\t\t\t\t\t\t\t\t\t\t\t\t\t\t\t<\/div>\n\t\t\t\t<\/div>\n\t\t\t\t\t<\/div>\n\t\t<\/div>\n\t\t\t\t\t<\/div>\n\t\t<\/section>\n\t\t\t\t<section class=\"elementor-section elementor-top-section elementor-element elementor-element-adfb693 elementor-section-boxed elementor-section-height-default elementor-section-height-default\" data-id=\"adfb693\" data-element_type=\"section\" data-e-type=\"section\">\n\t\t\t\t\t\t<div class=\"elementor-container elementor-column-gap-default\">\n\t\t\t\t\t<div class=\"elementor-column elementor-col-100 elementor-top-column elementor-element elementor-element-676605d\" data-id=\"676605d\" data-element_type=\"column\" data-e-type=\"column\">\n\t\t\t<div class=\"elementor-widget-wrap elementor-element-populated\">\n\t\t\t\t\t\t<div class=\"elementor-element elementor-element-75f2899 elementor-widget elementor-widget-text-editor\" data-id=\"75f2899\" data-element_type=\"widget\" data-e-type=\"widget\" data-widget_type=\"text-editor.default\">\n\t\t\t\t<div class=\"elementor-widget-container\">\n\t\t\t\t\t\t\t\t\t<p>Los usuarios pueden emitir sus votos por sus creadores, marcas y artistas favoritos en diversas categor\u00edas, como <b>entretenimiento<\/b>, <b>deportes<\/b>, <b>comedia<\/b>, <b>moda<\/b> y <b>belleza<\/b>, entre otras. La ceremonia de entrega de premios se llevar\u00e1 a cabo el 22 de noviembre y se transmitir\u00e1 en vivo a trav\u00e9s de TikTok. Los Premios TikTok 2023 son una celebraci\u00f3n de la comunidad y de aquellos que contribuyen con su contenido en forma de entretenimiento, divulgaci\u00f3n o impacto social.&nbsp;<\/p>\n<p>Estos premios buscan reconocer a los creadores que inspiran a una audiencia diversa y aut\u00e9ntica a trav\u00e9s de su contenido \u00fanico. A trav\u00e9s del <b>Centro de Votaci\u00f3n<\/b> de los Premios TikTok 2023, los usuarios tienen la oportunidad de mostrar su respaldo a sus creadores preferidos y celebrar la creatividad que florece en TikTok.<\/p>\t\t\t\t\t\t\t\t<\/div>\n\t\t\t\t<\/div>\n\t\t\t\t\t<\/div>\n\t\t<\/div>\n\t\t\t\t\t<\/div>\n\t\t<\/section>\n\t\t\t\t<section class=\"elementor-section elementor-top-section elementor-element elementor-element-da5a7d7 elementor-section-boxed elementor-section-height-default elementor-section-height-default\" data-id=\"da5a7d7\" data-element_type=\"section\" data-e-type=\"section\">\n\t\t\t\t\t\t<div class=\"elementor-container elementor-column-gap-default\">\n\t\t\t\t\t<div class=\"elementor-column elementor-col-50 elementor-top-column elementor-element elementor-element-613518c\" data-id=\"613518c\" data-element_type=\"column\" data-e-type=\"column\">\n\t\t\t<div class=\"elementor-widget-wrap elementor-element-populated\">\n\t\t\t\t\t\t<div class=\"elementor-element elementor-element-c656edd elementor-widget elementor-widget-image\" data-id=\"c656edd\" data-element_type=\"widget\" data-e-type=\"widget\" data-widget_type=\"image.default\">\n\t\t\t\t<div class=\"elementor-widget-container\">\n\t\t\t\t\t\t\t\t\t\t\t\t\t\t\t<img decoding=\"async\" width=\"638\" height=\"638\" src=\"https:\/\/unaymilletras.com\/wp-content\/uploads\/2023\/10\/tt-awards.jpeg\" class=\"attachment-large size-large wp-image-1432\" alt=\"Premios TikTok 2023\" srcset=\"https:\/\/unaymilletras.com\/wp-content\/uploads\/2023\/10\/tt-awards.jpeg 638w, https:\/\/unaymilletras.com\/wp-content\/uploads\/2023\/10\/tt-awards-300x300.jpeg 300w, https:\/\/unaymilletras.com\/wp-content\/uploads\/2023\/10\/tt-awards-150x150.jpeg 150w\" sizes=\"(max-width: 638px) 100vw, 638px\" \/>\t\t\t\t\t\t\t\t\t\t\t\t\t\t\t<\/div>\n\t\t\t\t<\/div>\n\t\t\t\t\t<\/div>\n\t\t<\/div>\n\t\t\t\t<div class=\"elementor-column elementor-col-50 elementor-top-column elementor-element elementor-element-060def5\" data-id=\"060def5\" data-element_type=\"column\" data-e-type=\"column\">\n\t\t\t<div class=\"elementor-widget-wrap elementor-element-populated\">\n\t\t\t\t\t\t<div class=\"elementor-element elementor-element-6d14338 elementor-widget elementor-widget-text-editor\" data-id=\"6d14338\" data-element_type=\"widget\" data-e-type=\"widget\" data-widget_type=\"text-editor.default\">\n\t\t\t\t<div class=\"elementor-widget-container\">\n\t\t\t\t\t\t\t\t\t<p>TikTok no solo fomenta la expresi\u00f3n creativa a nivel individual, sino que tambi\u00e9n pone de relieve a aquellos que inspiran y conectan con los valores positivos de la plataforma, abogando por la diversidad y la autenticidad en su creciente comunidad.<\/p>\t\t\t\t\t\t\t\t<\/div>\n\t\t\t\t<\/div>\n\t\t\t\t\t<\/div>\n\t\t<\/div>\n\t\t\t\t\t<\/div>\n\t\t<\/section>\n\t\t\t\t<section class=\"elementor-section elementor-top-section elementor-element elementor-element-a1bbdc0 elementor-section-boxed elementor-section-height-default elementor-section-height-default\" data-id=\"a1bbdc0\" data-element_type=\"section\" data-e-type=\"section\">\n\t\t\t\t\t\t<div class=\"elementor-container elementor-column-gap-default\">\n\t\t\t\t\t<div class=\"elementor-column elementor-col-100 elementor-top-column elementor-element elementor-element-1dc9d06\" data-id=\"1dc9d06\" data-element_type=\"column\" data-e-type=\"column\">\n\t\t\t<div class=\"elementor-widget-wrap elementor-element-populated\">\n\t\t\t\t\t\t<div class=\"elementor-element elementor-element-8b9c1cb elementor-widget elementor-widget-text-editor\" data-id=\"8b9c1cb\" data-element_type=\"widget\" data-e-type=\"widget\" data-widget_type=\"text-editor.default\">\n\t\t\t\t<div class=\"elementor-widget-container\">\n\t\t\t\t\t\t\t\t\t<p>La plataforma demuestra su compromiso continuo en el desarrollo de la sociedad digital en Espa\u00f1a, como se pone de manifiesto a trav\u00e9s de la entrega de los TikTok Ad Awards y los Premios TikTok 2023, dos iniciativas destinadas a honrar la excelencia en TikTok en una variedad de categor\u00edas.<\/p>\t\t\t\t\t\t\t\t<\/div>\n\t\t\t\t<\/div>\n\t\t\t\t\t<\/div>\n\t\t<\/div>\n\t\t\t\t\t<\/div>\n\t\t<\/section>\n\t\t\t\t<\/div>","protected":false},"excerpt":{"rendered":"<p>Los Premios TikTok 2023, un reconociendo el talento, la diversidad y la autenticidad de la Comunidad en Espa\u00f1a Los Premios TikTok 2023 han llegado a su tercera edici\u00f3n y la plataforma de redes sociales est\u00e1 invitando al p\u00fablico a votar para reconocer a los talentosos creadores, marcas y artistas que forman parte de la comunidad [&hellip;]<\/p>\n","protected":false},"author":1,"featured_media":1432,"comment_status":"open","ping_status":"open","sticky":false,"template":"","format":"standard","meta":{"footnotes":""},"categories":[119],"tags":[],"class_list":["post-1428","post","type-post","status-publish","format-standard","has-post-thumbnail","hentry","category-eventos"],"yoast_head":"<!-- This site is optimized with the Yoast SEO plugin v27.4 - https:\/\/yoast.com\/product\/yoast-seo-wordpress\/ -->\n<title>Premios TikTok 2023: Celebrando la Creatividad en Espa\u00f1a &#8902; Una y Mil Letras<\/title>\n<meta name=\"description\" content=\"Los Premios TikTok 2023, un reconociendo el talento, la diversidad y la autenticidad de la Comunidad en Espa\u00f1a\" \/>\n<meta name=\"robots\" content=\"index, follow, max-snippet:-1, max-image-preview:large, max-video-preview:-1\" \/>\n<link rel=\"canonical\" href=\"https:\/\/unaymilletras.com\/en\/premios-tiktok-2023-celebrando-la-creatividad-en-espana\/\" \/>\n<meta property=\"og:locale\" content=\"en_GB\" \/>\n<meta property=\"og:type\" content=\"article\" \/>\n<meta property=\"og:title\" content=\"Premios TikTok 2023: Celebrando la Creatividad en Espa\u00f1a &#8902; Una y Mil Letras\" \/>\n<meta property=\"og:description\" content=\"Los Premios TikTok 2023, un reconociendo el talento, la diversidad y la autenticidad de la Comunidad en Espa\u00f1a\" \/>\n<meta property=\"og:url\" content=\"https:\/\/unaymilletras.com\/en\/premios-tiktok-2023-celebrando-la-creatividad-en-espana\/\" \/>\n<meta property=\"og:site_name\" content=\"Una y Mil Letras\" \/>\n<meta property=\"article:published_time\" content=\"2023-10-31T18:00:00+00:00\" \/>\n<meta property=\"og:image\" content=\"https:\/\/unaymilletras.com\/wp-content\/uploads\/2023\/10\/tt-awards.jpeg\" \/>\n\t<meta property=\"og:image:width\" content=\"638\" \/>\n\t<meta property=\"og:image:height\" content=\"638\" \/>\n\t<meta property=\"og:image:type\" content=\"image\/jpeg\" \/>\n<meta name=\"author\" content=\"Maria Gil Robledo\" \/>\n<meta name=\"twitter:card\" content=\"summary_large_image\" \/>\n<meta name=\"twitter:creator\" content=\"@UnaYMilLetras\" \/>\n<meta name=\"twitter:site\" content=\"@UnaYMilLetras\" \/>\n<meta name=\"twitter:label1\" content=\"Written by\" \/>\n\t<meta name=\"twitter:data1\" content=\"Maria Gil Robledo\" \/>\n\t<meta name=\"twitter:label2\" content=\"Estimated reading time\" \/>\n\t<meta name=\"twitter:data2\" content=\"2 minutes\" \/>\n<script type=\"application\/ld+json\" class=\"yoast-schema-graph\">{\"@context\":\"https:\\\/\\\/schema.org\",\"@graph\":[{\"@type\":\"Article\",\"@id\":\"https:\\\/\\\/unaymilletras.com\\\/premios-tiktok-2023-celebrando-la-creatividad-en-espana\\\/#article\",\"isPartOf\":{\"@id\":\"https:\\\/\\\/unaymilletras.com\\\/premios-tiktok-2023-celebrando-la-creatividad-en-espana\\\/\"},\"author\":{\"name\":\"Maria Gil Robledo\",\"@id\":\"http:\\\/\\\/unaymilletras.com\\\/#\\\/schema\\\/person\\\/d55ba681b8a4e463d8982dbe36a5dc94\"},\"headline\":\"Premios TikTok 2023: Celebrando la Creatividad en Espa\u00f1a\",\"datePublished\":\"2023-10-31T18:00:00+00:00\",\"mainEntityOfPage\":{\"@id\":\"https:\\\/\\\/unaymilletras.com\\\/premios-tiktok-2023-celebrando-la-creatividad-en-espana\\\/\"},\"wordCount\":324,\"commentCount\":0,\"publisher\":{\"@id\":\"http:\\\/\\\/unaymilletras.com\\\/#organization\"},\"image\":{\"@id\":\"https:\\\/\\\/unaymilletras.com\\\/premios-tiktok-2023-celebrando-la-creatividad-en-espana\\\/#primaryimage\"},\"thumbnailUrl\":\"https:\\\/\\\/unaymilletras.com\\\/wp-content\\\/uploads\\\/2023\\\/10\\\/tt-awards.jpeg\",\"articleSection\":[\"Eventos\"],\"inLanguage\":\"en-GB\",\"potentialAction\":[{\"@type\":\"CommentAction\",\"name\":\"Comment\",\"target\":[\"https:\\\/\\\/unaymilletras.com\\\/premios-tiktok-2023-celebrando-la-creatividad-en-espana\\\/#respond\"]}]},{\"@type\":\"WebPage\",\"@id\":\"https:\\\/\\\/unaymilletras.com\\\/premios-tiktok-2023-celebrando-la-creatividad-en-espana\\\/\",\"url\":\"https:\\\/\\\/unaymilletras.com\\\/premios-tiktok-2023-celebrando-la-creatividad-en-espana\\\/\",\"name\":\"Premios TikTok 2023: Celebrando la Creatividad en Espa\u00f1a &#8902; Una y Mil Letras\",\"isPartOf\":{\"@id\":\"http:\\\/\\\/unaymilletras.com\\\/#website\"},\"primaryImageOfPage\":{\"@id\":\"https:\\\/\\\/unaymilletras.com\\\/premios-tiktok-2023-celebrando-la-creatividad-en-espana\\\/#primaryimage\"},\"image\":{\"@id\":\"https:\\\/\\\/unaymilletras.com\\\/premios-tiktok-2023-celebrando-la-creatividad-en-espana\\\/#primaryimage\"},\"thumbnailUrl\":\"https:\\\/\\\/unaymilletras.com\\\/wp-content\\\/uploads\\\/2023\\\/10\\\/tt-awards.jpeg\",\"datePublished\":\"2023-10-31T18:00:00+00:00\",\"description\":\"Los Premios TikTok 2023, un reconociendo el talento, la diversidad y la autenticidad de la Comunidad en Espa\u00f1a\",\"breadcrumb\":{\"@id\":\"https:\\\/\\\/unaymilletras.com\\\/premios-tiktok-2023-celebrando-la-creatividad-en-espana\\\/#breadcrumb\"},\"inLanguage\":\"en-GB\",\"potentialAction\":[{\"@type\":\"ReadAction\",\"target\":[\"https:\\\/\\\/unaymilletras.com\\\/premios-tiktok-2023-celebrando-la-creatividad-en-espana\\\/\"]}]},{\"@type\":\"ImageObject\",\"inLanguage\":\"en-GB\",\"@id\":\"https:\\\/\\\/unaymilletras.com\\\/premios-tiktok-2023-celebrando-la-creatividad-en-espana\\\/#primaryimage\",\"url\":\"https:\\\/\\\/unaymilletras.com\\\/wp-content\\\/uploads\\\/2023\\\/10\\\/tt-awards.jpeg\",\"contentUrl\":\"https:\\\/\\\/unaymilletras.com\\\/wp-content\\\/uploads\\\/2023\\\/10\\\/tt-awards.jpeg\",\"width\":638,\"height\":638,\"caption\":\"Premios TikTok 2023\"},{\"@type\":\"BreadcrumbList\",\"@id\":\"https:\\\/\\\/unaymilletras.com\\\/premios-tiktok-2023-celebrando-la-creatividad-en-espana\\\/#breadcrumb\",\"itemListElement\":[{\"@type\":\"ListItem\",\"position\":1,\"name\":\"Home\",\"item\":\"http:\\\/\\\/unaymilletras.com\\\/\"},{\"@type\":\"ListItem\",\"position\":2,\"name\":\"Premios TikTok 2023: Celebrando la Creatividad en Espa\u00f1a\"}]},{\"@type\":\"WebSite\",\"@id\":\"http:\\\/\\\/unaymilletras.com\\\/#website\",\"url\":\"http:\\\/\\\/unaymilletras.com\\\/\",\"name\":\"Una y Mil Letras\",\"description\":\"\",\"publisher\":{\"@id\":\"http:\\\/\\\/unaymilletras.com\\\/#organization\"},\"potentialAction\":[{\"@type\":\"SearchAction\",\"target\":{\"@type\":\"EntryPoint\",\"urlTemplate\":\"http:\\\/\\\/unaymilletras.com\\\/?s={search_term_string}\"},\"query-input\":{\"@type\":\"PropertyValueSpecification\",\"valueRequired\":true,\"valueName\":\"search_term_string\"}}],\"inLanguage\":\"en-GB\"},{\"@type\":\"Organization\",\"@id\":\"http:\\\/\\\/unaymilletras.com\\\/#organization\",\"name\":\"Una y Mil Letras\",\"url\":\"http:\\\/\\\/unaymilletras.com\\\/\",\"logo\":{\"@type\":\"ImageObject\",\"inLanguage\":\"en-GB\",\"@id\":\"http:\\\/\\\/unaymilletras.com\\\/#\\\/schema\\\/logo\\\/image\\\/\",\"url\":\"https:\\\/\\\/unaymilletras.com\\\/wp-content\\\/uploads\\\/2024\\\/06\\\/cropped-Logo-removebg-preview.png\",\"contentUrl\":\"https:\\\/\\\/unaymilletras.com\\\/wp-content\\\/uploads\\\/2024\\\/06\\\/cropped-Logo-removebg-preview.png\",\"width\":512,\"height\":512,\"caption\":\"Una y Mil Letras\"},\"image\":{\"@id\":\"http:\\\/\\\/unaymilletras.com\\\/#\\\/schema\\\/logo\\\/image\\\/\"},\"sameAs\":[\"https:\\\/\\\/x.com\\\/UnaYMilLetras\",\"https:\\\/\\\/instagram.com\\\/UnaYMilLetras\"]},{\"@type\":\"Person\",\"@id\":\"http:\\\/\\\/unaymilletras.com\\\/#\\\/schema\\\/person\\\/d55ba681b8a4e463d8982dbe36a5dc94\",\"name\":\"Maria Gil Robledo\",\"image\":{\"@type\":\"ImageObject\",\"inLanguage\":\"en-GB\",\"@id\":\"https:\\\/\\\/secure.gravatar.com\\\/avatar\\\/4b8e5102e0015789407eb4870b12f0f2857952d83ca124058f92b764bd1840c3?s=96&d=mm&r=g\",\"url\":\"https:\\\/\\\/secure.gravatar.com\\\/avatar\\\/4b8e5102e0015789407eb4870b12f0f2857952d83ca124058f92b764bd1840c3?s=96&d=mm&r=g\",\"contentUrl\":\"https:\\\/\\\/secure.gravatar.com\\\/avatar\\\/4b8e5102e0015789407eb4870b12f0f2857952d83ca124058f92b764bd1840c3?s=96&d=mm&r=g\",\"caption\":\"Maria Gil Robledo\"},\"sameAs\":[\"http:\\\/\\\/unaymilletras.com\"],\"url\":\"https:\\\/\\\/unaymilletras.com\\\/en\\\/author\\\/mariiagiil02_\\\/\"}]}<\/script>\n<!-- \/ Yoast SEO plugin. -->","yoast_head_json":{"title":"Premios TikTok 2023: Celebrando la Creatividad en Espa\u00f1a &#8902; Una y Mil Letras","description":"Los Premios TikTok 2023, un reconociendo el talento, la diversidad y la autenticidad de la Comunidad en Espa\u00f1a","robots":{"index":"index","follow":"follow","max-snippet":"max-snippet:-1","max-image-preview":"max-image-preview:large","max-video-preview":"max-video-preview:-1"},"canonical":"https:\/\/unaymilletras.com\/en\/premios-tiktok-2023-celebrando-la-creatividad-en-espana\/","og_locale":"en_GB","og_type":"article","og_title":"Premios TikTok 2023: Celebrando la Creatividad en Espa\u00f1a &#8902; Una y Mil Letras","og_description":"Los Premios TikTok 2023, un reconociendo el talento, la diversidad y la autenticidad de la Comunidad en Espa\u00f1a","og_url":"https:\/\/unaymilletras.com\/en\/premios-tiktok-2023-celebrando-la-creatividad-en-espana\/","og_site_name":"Una y Mil Letras","article_published_time":"2023-10-31T18:00:00+00:00","og_image":[{"width":638,"height":638,"url":"https:\/\/unaymilletras.com\/wp-content\/uploads\/2023\/10\/tt-awards.jpeg","type":"image\/jpeg"}],"author":"Maria Gil Robledo","twitter_card":"summary_large_image","twitter_creator":"@UnaYMilLetras","twitter_site":"@UnaYMilLetras","twitter_misc":{"Written by":"Maria Gil Robledo","Estimated reading time":"2 minutes"},"schema":{"@context":"https:\/\/schema.org","@graph":[{"@type":"Article","@id":"https:\/\/unaymilletras.com\/premios-tiktok-2023-celebrando-la-creatividad-en-espana\/#article","isPartOf":{"@id":"https:\/\/unaymilletras.com\/premios-tiktok-2023-celebrando-la-creatividad-en-espana\/"},"author":{"name":"Maria Gil Robledo","@id":"http:\/\/unaymilletras.com\/#\/schema\/person\/d55ba681b8a4e463d8982dbe36a5dc94"},"headline":"Premios TikTok 2023: Celebrando la Creatividad en Espa\u00f1a","datePublished":"2023-10-31T18:00:00+00:00","mainEntityOfPage":{"@id":"https:\/\/unaymilletras.com\/premios-tiktok-2023-celebrando-la-creatividad-en-espana\/"},"wordCount":324,"commentCount":0,"publisher":{"@id":"http:\/\/unaymilletras.com\/#organization"},"image":{"@id":"https:\/\/unaymilletras.com\/premios-tiktok-2023-celebrando-la-creatividad-en-espana\/#primaryimage"},"thumbnailUrl":"https:\/\/unaymilletras.com\/wp-content\/uploads\/2023\/10\/tt-awards.jpeg","articleSection":["Eventos"],"inLanguage":"en-GB","potentialAction":[{"@type":"CommentAction","name":"Comment","target":["https:\/\/unaymilletras.com\/premios-tiktok-2023-celebrando-la-creatividad-en-espana\/#respond"]}]},{"@type":"WebPage","@id":"https:\/\/unaymilletras.com\/premios-tiktok-2023-celebrando-la-creatividad-en-espana\/","url":"https:\/\/unaymilletras.com\/premios-tiktok-2023-celebrando-la-creatividad-en-espana\/","name":"Premios TikTok 2023: Celebrando la Creatividad en Espa\u00f1a &#8902; Una y Mil Letras","isPartOf":{"@id":"http:\/\/unaymilletras.com\/#website"},"primaryImageOfPage":{"@id":"https:\/\/unaymilletras.com\/premios-tiktok-2023-celebrando-la-creatividad-en-espana\/#primaryimage"},"image":{"@id":"https:\/\/unaymilletras.com\/premios-tiktok-2023-celebrando-la-creatividad-en-espana\/#primaryimage"},"thumbnailUrl":"https:\/\/unaymilletras.com\/wp-content\/uploads\/2023\/10\/tt-awards.jpeg","datePublished":"2023-10-31T18:00:00+00:00","description":"Los Premios TikTok 2023, un reconociendo el talento, la diversidad y la autenticidad de la Comunidad en Espa\u00f1a","breadcrumb":{"@id":"https:\/\/unaymilletras.com\/premios-tiktok-2023-celebrando-la-creatividad-en-espana\/#breadcrumb"},"inLanguage":"en-GB","potentialAction":[{"@type":"ReadAction","target":["https:\/\/unaymilletras.com\/premios-tiktok-2023-celebrando-la-creatividad-en-espana\/"]}]},{"@type":"ImageObject","inLanguage":"en-GB","@id":"https:\/\/unaymilletras.com\/premios-tiktok-2023-celebrando-la-creatividad-en-espana\/#primaryimage","url":"https:\/\/unaymilletras.com\/wp-content\/uploads\/2023\/10\/tt-awards.jpeg","contentUrl":"https:\/\/unaymilletras.com\/wp-content\/uploads\/2023\/10\/tt-awards.jpeg","width":638,"height":638,"caption":"Premios TikTok 2023"},{"@type":"BreadcrumbList","@id":"https:\/\/unaymilletras.com\/premios-tiktok-2023-celebrando-la-creatividad-en-espana\/#breadcrumb","itemListElement":[{"@type":"ListItem","position":1,"name":"Home","item":"http:\/\/unaymilletras.com\/"},{"@type":"ListItem","position":2,"name":"Premios TikTok 2023: Celebrando la Creatividad en Espa\u00f1a"}]},{"@type":"WebSite","@id":"http:\/\/unaymilletras.com\/#website","url":"http:\/\/unaymilletras.com\/","name":"Una y Mil Letras","description":"","publisher":{"@id":"http:\/\/unaymilletras.com\/#organization"},"potentialAction":[{"@type":"SearchAction","target":{"@type":"EntryPoint","urlTemplate":"http:\/\/unaymilletras.com\/?s={search_term_string}"},"query-input":{"@type":"PropertyValueSpecification","valueRequired":true,"valueName":"search_term_string"}}],"inLanguage":"en-GB"},{"@type":"Organization","@id":"http:\/\/unaymilletras.com\/#organization","name":"Una y Mil Letras","url":"http:\/\/unaymilletras.com\/","logo":{"@type":"ImageObject","inLanguage":"en-GB","@id":"http:\/\/unaymilletras.com\/#\/schema\/logo\/image\/","url":"https:\/\/unaymilletras.com\/wp-content\/uploads\/2024\/06\/cropped-Logo-removebg-preview.png","contentUrl":"https:\/\/unaymilletras.com\/wp-content\/uploads\/2024\/06\/cropped-Logo-removebg-preview.png","width":512,"height":512,"caption":"Una y Mil Letras"},"image":{"@id":"http:\/\/unaymilletras.com\/#\/schema\/logo\/image\/"},"sameAs":["https:\/\/x.com\/UnaYMilLetras","https:\/\/instagram.com\/UnaYMilLetras"]},{"@type":"Person","@id":"http:\/\/unaymilletras.com\/#\/schema\/person\/d55ba681b8a4e463d8982dbe36a5dc94","name":"Maria Gil Robledo","image":{"@type":"ImageObject","inLanguage":"en-GB","@id":"https:\/\/secure.gravatar.com\/avatar\/4b8e5102e0015789407eb4870b12f0f2857952d83ca124058f92b764bd1840c3?s=96&d=mm&r=g","url":"https:\/\/secure.gravatar.com\/avatar\/4b8e5102e0015789407eb4870b12f0f2857952d83ca124058f92b764bd1840c3?s=96&d=mm&r=g","contentUrl":"https:\/\/secure.gravatar.com\/avatar\/4b8e5102e0015789407eb4870b12f0f2857952d83ca124058f92b764bd1840c3?s=96&d=mm&r=g","caption":"Maria Gil Robledo"},"sameAs":["http:\/\/unaymilletras.com"],"url":"https:\/\/unaymilletras.com\/en\/author\/mariiagiil02_\/"}]}},"_links":{"self":[{"href":"https:\/\/unaymilletras.com\/en\/wp-json\/wp\/v2\/posts\/1428","targetHints":{"allow":["GET"]}}],"collection":[{"href":"https:\/\/unaymilletras.com\/en\/wp-json\/wp\/v2\/posts"}],"about":[{"href":"https:\/\/unaymilletras.com\/en\/wp-json\/wp\/v2\/types\/post"}],"author":[{"embeddable":true,"href":"https:\/\/unaymilletras.com\/en\/wp-json\/wp\/v2\/users\/1"}],"replies":[{"embeddable":true,"href":"https:\/\/unaymilletras.com\/en\/wp-json\/wp\/v2\/comments?post=1428"}],"version-history":[{"count":6,"href":"https:\/\/unaymilletras.com\/en\/wp-json\/wp\/v2\/posts\/1428\/revisions"}],"predecessor-version":[{"id":1436,"href":"https:\/\/unaymilletras.com\/en\/wp-json\/wp\/v2\/posts\/1428\/revisions\/1436"}],"wp:featuredmedia":[{"embeddable":true,"href":"https:\/\/unaymilletras.com\/en\/wp-json\/wp\/v2\/media\/1432"}],"wp:attachment":[{"href":"https:\/\/unaymilletras.com\/en\/wp-json\/wp\/v2\/media?parent=1428"}],"wp:term":[{"taxonomy":"category","embeddable":true,"href":"https:\/\/unaymilletras.com\/en\/wp-json\/wp\/v2\/categories?post=1428"},{"taxonomy":"post_tag","embeddable":true,"href":"https:\/\/unaymilletras.com\/en\/wp-json\/wp\/v2\/tags?post=1428"}],"curies":[{"name":"wp","href":"https:\/\/api.w.org\/{rel}","templated":true}]}}