{"id":1437,"date":"2023-11-02T11:38:46","date_gmt":"2023-11-02T10:38:46","guid":{"rendered":"https:\/\/unaymilletras.com\/?p=1437"},"modified":"2023-11-02T11:41:19","modified_gmt":"2023-11-02T10:41:19","slug":"walls-actuara-en-madrid-con-todo-agotado","status":"publish","type":"post","link":"https:\/\/unaymilletras.com\/en\/walls-actuara-en-madrid-con-todo-agotado\/","title":{"rendered":"Walls actuar\u00e1 en Madrid con todo agotado"},"content":{"rendered":"<div data-elementor-type=\"wp-post\" data-elementor-id=\"1437\" class=\"elementor elementor-1437\">\n\t\t\t\t\t\t<section class=\"elementor-section elementor-top-section elementor-element elementor-element-ca880fd elementor-section-boxed elementor-section-height-default elementor-section-height-default\" data-id=\"ca880fd\" data-element_type=\"section\" data-e-type=\"section\">\n\t\t\t\t\t\t<div class=\"elementor-container elementor-column-gap-default\">\n\t\t\t\t\t<div class=\"elementor-column elementor-col-100 elementor-top-column elementor-element elementor-element-a777d9d\" data-id=\"a777d9d\" data-element_type=\"column\" data-e-type=\"column\">\n\t\t\t<div class=\"elementor-widget-wrap elementor-element-populated\">\n\t\t\t\t\t\t<div class=\"elementor-element elementor-element-9c19318 elementor-widget elementor-widget-text-editor\" data-id=\"9c19318\" data-element_type=\"widget\" data-e-type=\"widget\" data-widget_type=\"text-editor.default\">\n\t\t\t\t<div class=\"elementor-widget-container\">\n\t\t\t\t\t\t\t\t\t<h2><span style=\"color: #808080;\"><em>\u201cLuna 18\u201d ser\u00e1 el pr\u00f3ximo \u00e1lbum de Walls y la primera fecha anunciada ha sido en la sala La Paqui de la capital<\/em><\/span><\/h2>\t\t\t\t\t\t\t\t<\/div>\n\t\t\t\t<\/div>\n\t\t\t\t\t<\/div>\n\t\t<\/div>\n\t\t\t\t\t<\/div>\n\t\t<\/section>\n\t\t\t\t<section class=\"elementor-section elementor-top-section elementor-element elementor-element-ab17c0e elementor-section-boxed elementor-section-height-default elementor-section-height-default\" data-id=\"ab17c0e\" data-element_type=\"section\" data-e-type=\"section\">\n\t\t\t\t\t\t<div class=\"elementor-container elementor-column-gap-default\">\n\t\t\t\t\t<div class=\"elementor-column elementor-col-100 elementor-top-column elementor-element elementor-element-4ec4599\" data-id=\"4ec4599\" data-element_type=\"column\" data-e-type=\"column\">\n\t\t\t<div class=\"elementor-widget-wrap elementor-element-populated\">\n\t\t\t\t\t\t<div class=\"elementor-element elementor-element-50464b3 elementor-widget elementor-widget-text-editor\" data-id=\"50464b3\" data-element_type=\"widget\" data-e-type=\"widget\" data-widget_type=\"text-editor.default\">\n\t\t\t\t<div class=\"elementor-widget-container\">\n\t\t\t\t\t\t\t\t\t<p><span style=\"text-align: justify;\">El <b>8 de marzo <\/b>el artista murciano presentar\u00e1 su nuevo disco en <b>Madrid<\/b>. Hace<\/span><\/p>\t\t\t\t\t\t\t\t<\/div>\n\t\t\t\t<\/div>\n\t\t\t\t\t<\/div>\n\t\t<\/div>\n\t\t\t\t\t<\/div>\n\t\t<\/section>\n\t\t\t\t<section class=\"elementor-section elementor-top-section elementor-element elementor-element-b5825ff elementor-section-boxed elementor-section-height-default elementor-section-height-default\" data-id=\"b5825ff\" data-element_type=\"section\" data-e-type=\"section\">\n\t\t\t\t\t\t<div class=\"elementor-container elementor-column-gap-default\">\n\t\t\t\t\t<div class=\"elementor-column elementor-col-50 elementor-top-column elementor-element elementor-element-5e158c2\" data-id=\"5e158c2\" data-element_type=\"column\" data-e-type=\"column\">\n\t\t\t<div class=\"elementor-widget-wrap elementor-element-populated\">\n\t\t\t\t\t\t<div class=\"elementor-element elementor-element-f192e9e elementor-widget elementor-widget-image\" data-id=\"f192e9e\" data-element_type=\"widget\" data-e-type=\"widget\" data-widget_type=\"image.default\">\n\t\t\t\t<div class=\"elementor-widget-container\">\n\t\t\t\t\t\t\t\t\t\t\t\t\t\t\t<img fetchpriority=\"high\" decoding=\"async\" width=\"640\" height=\"910\" src=\"https:\/\/unaymilletras.com\/wp-content\/uploads\/2023\/11\/IMG_7890-720x1024.jpeg\" class=\"attachment-large size-large wp-image-1439\" alt=\"Walls\" srcset=\"https:\/\/unaymilletras.com\/wp-content\/uploads\/2023\/11\/IMG_7890-720x1024.jpeg 720w, https:\/\/unaymilletras.com\/wp-content\/uploads\/2023\/11\/IMG_7890-211x300.jpeg 211w, https:\/\/unaymilletras.com\/wp-content\/uploads\/2023\/11\/IMG_7890-768x1092.jpeg 768w, https:\/\/unaymilletras.com\/wp-content\/uploads\/2023\/11\/IMG_7890-1080x1536.jpeg 1080w, https:\/\/unaymilletras.com\/wp-content\/uploads\/2023\/11\/IMG_7890-1024x1456.jpeg 1024w, https:\/\/unaymilletras.com\/wp-content\/uploads\/2023\/11\/IMG_7890-e1698915730226.jpeg 600w\" sizes=\"(max-width: 640px) 100vw, 640px\" \/>\t\t\t\t\t\t\t\t\t\t\t\t\t\t\t<\/div>\n\t\t\t\t<\/div>\n\t\t\t\t\t<\/div>\n\t\t<\/div>\n\t\t\t\t<div class=\"elementor-column elementor-col-50 elementor-top-column elementor-element elementor-element-ec64868\" data-id=\"ec64868\" data-element_type=\"column\" data-e-type=\"column\">\n\t\t\t<div class=\"elementor-widget-wrap elementor-element-populated\">\n\t\t\t\t\t\t<div class=\"elementor-element elementor-element-83d8939 elementor-widget elementor-widget-text-editor\" data-id=\"83d8939\" data-element_type=\"widget\" data-e-type=\"widget\" data-widget_type=\"text-editor.default\">\n\t\t\t\t<div class=\"elementor-widget-container\">\n\t\t\t\t\t\t\t\t\t<p>apenas una semana <b>Walls<\/b> anunciaba <em><b>Luna 18<\/b><\/em>, el que ser\u00e1 su pr\u00f3ximo disco. Poco tiempo despu\u00e9s soltaba la fecha de su primer concierto en La Paqui y del cual en un solo d\u00eda ya se han vendido todas las entradas.<\/p><p>Walls se ha convertido en uno de los m\u00e1ximos representantes de la nueva generaci\u00f3n del pop en espa\u00f1ol, conocido como la nueva ola. En 2022 lanzaba <span style=\"color: #808080;\"><a style=\"color: #808080;\" href=\"https:\/\/open.spotify.com\/playlist\/76sE8kpMfDH28Z2sqHedur?si=9be61f8521434c93\"><em><b>Los Ni\u00f1os Del Parque<\/b><\/em><\/a><\/span> su segundo \u00e1lbum que fue todo un \u00e9xito y que conten\u00eda temas como <em>Tan Vac\u00edo<\/em>, junto a <span style=\"color: #808080;\"><b><a style=\"color: #808080;\" href=\"https:\/\/unaymilletras.com\/en\/hens-anuncia-el-no-me-odio-tanto-tour\/\">Hens<\/a><\/b><\/span>.<\/p>\t\t\t\t\t\t\t\t<\/div>\n\t\t\t\t<\/div>\n\t\t\t\t\t<\/div>\n\t\t<\/div>\n\t\t\t\t\t<\/div>\n\t\t<\/section>\n\t\t\t\t<section class=\"elementor-section elementor-top-section elementor-element elementor-element-561bbfa elementor-section-boxed elementor-section-height-default elementor-section-height-default\" data-id=\"561bbfa\" data-element_type=\"section\" data-e-type=\"section\">\n\t\t\t\t\t\t<div class=\"elementor-container elementor-column-gap-default\">\n\t\t\t\t\t<div class=\"elementor-column elementor-col-100 elementor-top-column elementor-element elementor-element-05e3eb8\" data-id=\"05e3eb8\" data-element_type=\"column\" data-e-type=\"column\">\n\t\t\t<div class=\"elementor-widget-wrap elementor-element-populated\">\n\t\t\t\t\t\t<div class=\"elementor-element elementor-element-84471c7 elementor-widget elementor-widget-text-editor\" data-id=\"84471c7\" data-element_type=\"widget\" data-e-type=\"widget\" data-widget_type=\"text-editor.default\">\n\t\t\t\t<div class=\"elementor-widget-container\">\n\t\t\t\t\t\t\t\t\t<p>Ahora llega <em>Luna 18<\/em>, con un sonido y una personalidad mucho m\u00e1s definida. Seg\u00fan el propio artista ha asegurado en redes sociales, habr\u00e1 una gran variedad de canciones dentro de este nuevo trabajo. Pop, rock y funk se juntar\u00e1n en sinton\u00eda en estas nuevas canciones, se\u00f1alando el estilo \u00fanico del murciano. Por ahora ya se ha podido escucha un adelanto: <em><b>A Mi Lao<\/b><\/em>.<\/p><p>Para este nuevo \u00e1lbum, Walls ha trabajado con <b>Pablo Rouss<\/b> y <b>Evlay<\/b>. Gracias a ambos productores, se ver\u00e1 la esencia gamberra y vanguardista tan peculiar del cantante. Canciones donde la bater\u00eda y la guitarra hacen compa\u00f1\u00eda a un cantante que busca liberarse, dejar atr\u00e1s las cadenas del qu\u00e9 dir\u00e1n y qu\u00e9 debo hacer para encontrar su propio destino.<\/p>\t\t\t\t\t\t\t\t<\/div>\n\t\t\t\t<\/div>\n\t\t\t\t\t<\/div>\n\t\t<\/div>\n\t\t\t\t\t<\/div>\n\t\t<\/section>\n\t\t\t\t<section class=\"elementor-section elementor-top-section elementor-element elementor-element-675a938 elementor-section-boxed elementor-section-height-default elementor-section-height-default\" data-id=\"675a938\" data-element_type=\"section\" data-e-type=\"section\">\n\t\t\t\t\t\t<div class=\"elementor-container elementor-column-gap-default\">\n\t\t\t\t\t<div class=\"elementor-column elementor-col-100 elementor-top-column elementor-element elementor-element-a24d4e8\" data-id=\"a24d4e8\" data-element_type=\"column\" data-e-type=\"column\">\n\t\t\t<div class=\"elementor-widget-wrap elementor-element-populated\">\n\t\t\t\t\t\t<div class=\"elementor-element elementor-element-9ff860d elementor-widget elementor-widget-video\" data-id=\"9ff860d\" data-element_type=\"widget\" data-e-type=\"widget\" data-settings=\"{&quot;youtube_url&quot;:&quot;https:\\\/\\\/www.youtube.com\\\/watch?v=1wp7tqaLitc&amp;pp=ygUKd2FsbHMgaGVucw%3D%3D&quot;,&quot;video_type&quot;:&quot;youtube&quot;,&quot;controls&quot;:&quot;yes&quot;}\" data-widget_type=\"video.default\">\n\t\t\t\t<div class=\"elementor-widget-container\">\n\t\t\t\t\t\t\t<div class=\"elementor-wrapper elementor-open-inline\">\n\t\t\t<div class=\"elementor-video\"><\/div>\t\t<\/div>\n\t\t\t\t\t\t<\/div>\n\t\t\t\t<\/div>\n\t\t\t\t\t<\/div>\n\t\t<\/div>\n\t\t\t\t\t<\/div>\n\t\t<\/section>\n\t\t\t\t<section class=\"elementor-section elementor-top-section elementor-element elementor-element-bc9ac2f elementor-section-boxed elementor-section-height-default elementor-section-height-default\" data-id=\"bc9ac2f\" data-element_type=\"section\" data-e-type=\"section\">\n\t\t\t\t\t\t<div class=\"elementor-container elementor-column-gap-default\">\n\t\t\t\t\t<div class=\"elementor-column elementor-col-100 elementor-top-column elementor-element elementor-element-e66fa39\" data-id=\"e66fa39\" data-element_type=\"column\" data-e-type=\"column\">\n\t\t\t<div class=\"elementor-widget-wrap elementor-element-populated\">\n\t\t\t\t\t\t<div class=\"elementor-element elementor-element-bf80345 elementor-widget elementor-widget-text-editor\" data-id=\"bf80345\" data-element_type=\"widget\" data-e-type=\"widget\" data-widget_type=\"text-editor.default\">\n\t\t\t\t<div class=\"elementor-widget-container\">\n\t\t\t\t\t\t\t\t\t<p>Adem\u00e1s, en este nuevo \u00e1lbum tambi\u00e9n hay sorpresas. Walls ha contado con la cantante mexicana <b>Bruses<\/b>, <b>Leo Rizzi<\/b> y <b>Costa<\/b> para colaborar con ellos en este nuevo proyecto. Todos ellos le aportar\u00e1n variedad al disco en el cual el cantante refleja cambios en sus estados de \u00e1nimo. Todas tendr\u00e1n diferentes ambientes entre si, pero s\u00ed que compartir\u00e1n un mismo guion.<\/p>\t\t\t\t\t\t\t\t<\/div>\n\t\t\t\t<\/div>\n\t\t\t\t\t<\/div>\n\t\t<\/div>\n\t\t\t\t\t<\/div>\n\t\t<\/section>\n\t\t\t\t<\/div>","protected":false},"excerpt":{"rendered":"<p>\u201cLuna 18\u201d ser\u00e1 el pr\u00f3ximo \u00e1lbum de Walls y la primera fecha anunciada ha sido en la sala La Paqui de la capital El 8 de marzo el artista murciano presentar\u00e1 su nuevo disco en Madrid. Hace apenas una semana Walls anunciaba Luna 18, el que ser\u00e1 su pr\u00f3ximo disco. Poco tiempo despu\u00e9s soltaba la [&hellip;]<\/p>\n","protected":false},"author":1,"featured_media":1439,"comment_status":"open","ping_status":"open","sticky":false,"template":"","format":"standard","meta":{"footnotes":""},"categories":[119,4],"tags":[],"class_list":["post-1437","post","type-post","status-publish","format-standard","has-post-thumbnail","hentry","category-eventos","category-musica"],"yoast_head":"<!-- This site is optimized with the Yoast SEO plugin v27.4 - https:\/\/yoast.com\/product\/yoast-seo-wordpress\/ -->\n<title>Walls actuar\u00e1 en Madrid con todo agotado &#8902; Una y Mil Letras<\/title>\n<meta name=\"description\" content=\"\u201cLuna 18\u201d ser\u00e1 el pr\u00f3ximo \u00e1lbum de Walls y la primera fecha anunciada ha sido en la sala La Paqui de la capital\" \/>\n<meta name=\"robots\" content=\"index, follow, max-snippet:-1, max-image-preview:large, max-video-preview:-1\" \/>\n<link rel=\"canonical\" href=\"https:\/\/unaymilletras.com\/en\/walls-actuara-en-madrid-con-todo-agotado\/\" \/>\n<meta property=\"og:locale\" content=\"en_GB\" \/>\n<meta property=\"og:type\" content=\"article\" \/>\n<meta property=\"og:title\" content=\"Walls actuar\u00e1 en Madrid con todo agotado &#8902; Una y Mil Letras\" \/>\n<meta property=\"og:description\" content=\"\u201cLuna 18\u201d ser\u00e1 el pr\u00f3ximo \u00e1lbum de Walls y la primera fecha anunciada ha sido en la sala La Paqui de la capital\" \/>\n<meta property=\"og:url\" content=\"https:\/\/unaymilletras.com\/en\/walls-actuara-en-madrid-con-todo-agotado\/\" \/>\n<meta property=\"og:site_name\" content=\"Una y Mil Letras\" \/>\n<meta property=\"article:published_time\" content=\"2023-11-02T10:38:46+00:00\" \/>\n<meta property=\"article:modified_time\" content=\"2023-11-02T10:41:19+00:00\" \/>\n<meta property=\"og:image\" content=\"http:\/\/unaymilletras.com\/wp-content\/uploads\/2023\/11\/IMG_7890-e1698915730226.jpeg\" \/>\n\t<meta property=\"og:image:width\" content=\"600\" \/>\n\t<meta property=\"og:image:height\" content=\"853\" \/>\n\t<meta property=\"og:image:type\" content=\"image\/jpeg\" \/>\n<meta name=\"author\" content=\"Maria Gil Robledo\" \/>\n<meta name=\"twitter:card\" content=\"summary_large_image\" \/>\n<meta name=\"twitter:creator\" content=\"@UnaYMilLetras\" \/>\n<meta name=\"twitter:site\" content=\"@UnaYMilLetras\" \/>\n<meta name=\"twitter:label1\" content=\"Written by\" \/>\n\t<meta name=\"twitter:data1\" content=\"Maria Gil Robledo\" \/>\n\t<meta name=\"twitter:label2\" content=\"Estimated reading time\" \/>\n\t<meta name=\"twitter:data2\" content=\"2 minutes\" \/>\n<script type=\"application\/ld+json\" class=\"yoast-schema-graph\">{\"@context\":\"https:\\\/\\\/schema.org\",\"@graph\":[{\"@type\":\"Article\",\"@id\":\"https:\\\/\\\/unaymilletras.com\\\/walls-actuara-en-madrid-con-todo-agotado\\\/#article\",\"isPartOf\":{\"@id\":\"https:\\\/\\\/unaymilletras.com\\\/walls-actuara-en-madrid-con-todo-agotado\\\/\"},\"author\":{\"name\":\"Maria Gil Robledo\",\"@id\":\"http:\\\/\\\/unaymilletras.com\\\/#\\\/schema\\\/person\\\/d55ba681b8a4e463d8982dbe36a5dc94\"},\"headline\":\"Walls actuar\u00e1 en Madrid con todo agotado\",\"datePublished\":\"2023-11-02T10:38:46+00:00\",\"dateModified\":\"2023-11-02T10:41:19+00:00\",\"mainEntityOfPage\":{\"@id\":\"https:\\\/\\\/unaymilletras.com\\\/walls-actuara-en-madrid-con-todo-agotado\\\/\"},\"wordCount\":344,\"commentCount\":0,\"publisher\":{\"@id\":\"http:\\\/\\\/unaymilletras.com\\\/#organization\"},\"image\":{\"@id\":\"https:\\\/\\\/unaymilletras.com\\\/walls-actuara-en-madrid-con-todo-agotado\\\/#primaryimage\"},\"thumbnailUrl\":\"https:\\\/\\\/unaymilletras.com\\\/wp-content\\\/uploads\\\/2023\\\/11\\\/IMG_7890-e1698915730226.jpeg\",\"articleSection\":[\"Eventos\",\"M\u00fasica\"],\"inLanguage\":\"en-GB\",\"potentialAction\":[{\"@type\":\"CommentAction\",\"name\":\"Comment\",\"target\":[\"https:\\\/\\\/unaymilletras.com\\\/walls-actuara-en-madrid-con-todo-agotado\\\/#respond\"]}]},{\"@type\":\"WebPage\",\"@id\":\"https:\\\/\\\/unaymilletras.com\\\/walls-actuara-en-madrid-con-todo-agotado\\\/\",\"url\":\"https:\\\/\\\/unaymilletras.com\\\/walls-actuara-en-madrid-con-todo-agotado\\\/\",\"name\":\"Walls actuar\u00e1 en Madrid con todo agotado &#8902; Una y Mil Letras\",\"isPartOf\":{\"@id\":\"http:\\\/\\\/unaymilletras.com\\\/#website\"},\"primaryImageOfPage\":{\"@id\":\"https:\\\/\\\/unaymilletras.com\\\/walls-actuara-en-madrid-con-todo-agotado\\\/#primaryimage\"},\"image\":{\"@id\":\"https:\\\/\\\/unaymilletras.com\\\/walls-actuara-en-madrid-con-todo-agotado\\\/#primaryimage\"},\"thumbnailUrl\":\"https:\\\/\\\/unaymilletras.com\\\/wp-content\\\/uploads\\\/2023\\\/11\\\/IMG_7890-e1698915730226.jpeg\",\"datePublished\":\"2023-11-02T10:38:46+00:00\",\"dateModified\":\"2023-11-02T10:41:19+00:00\",\"description\":\"\u201cLuna 18\u201d ser\u00e1 el pr\u00f3ximo \u00e1lbum de Walls y la primera fecha anunciada ha sido en la sala La Paqui de la capital\",\"breadcrumb\":{\"@id\":\"https:\\\/\\\/unaymilletras.com\\\/walls-actuara-en-madrid-con-todo-agotado\\\/#breadcrumb\"},\"inLanguage\":\"en-GB\",\"potentialAction\":[{\"@type\":\"ReadAction\",\"target\":[\"https:\\\/\\\/unaymilletras.com\\\/walls-actuara-en-madrid-con-todo-agotado\\\/\"]}]},{\"@type\":\"ImageObject\",\"inLanguage\":\"en-GB\",\"@id\":\"https:\\\/\\\/unaymilletras.com\\\/walls-actuara-en-madrid-con-todo-agotado\\\/#primaryimage\",\"url\":\"https:\\\/\\\/unaymilletras.com\\\/wp-content\\\/uploads\\\/2023\\\/11\\\/IMG_7890-e1698915730226.jpeg\",\"contentUrl\":\"https:\\\/\\\/unaymilletras.com\\\/wp-content\\\/uploads\\\/2023\\\/11\\\/IMG_7890-e1698915730226.jpeg\",\"width\":600,\"height\":853,\"caption\":\"Walls\"},{\"@type\":\"BreadcrumbList\",\"@id\":\"https:\\\/\\\/unaymilletras.com\\\/walls-actuara-en-madrid-con-todo-agotado\\\/#breadcrumb\",\"itemListElement\":[{\"@type\":\"ListItem\",\"position\":1,\"name\":\"Home\",\"item\":\"http:\\\/\\\/unaymilletras.com\\\/\"},{\"@type\":\"ListItem\",\"position\":2,\"name\":\"Walls actuar\u00e1 en Madrid con todo agotado\"}]},{\"@type\":\"WebSite\",\"@id\":\"http:\\\/\\\/unaymilletras.com\\\/#website\",\"url\":\"http:\\\/\\\/unaymilletras.com\\\/\",\"name\":\"Una y Mil Letras\",\"description\":\"\",\"publisher\":{\"@id\":\"http:\\\/\\\/unaymilletras.com\\\/#organization\"},\"potentialAction\":[{\"@type\":\"SearchAction\",\"target\":{\"@type\":\"EntryPoint\",\"urlTemplate\":\"http:\\\/\\\/unaymilletras.com\\\/?s={search_term_string}\"},\"query-input\":{\"@type\":\"PropertyValueSpecification\",\"valueRequired\":true,\"valueName\":\"search_term_string\"}}],\"inLanguage\":\"en-GB\"},{\"@type\":\"Organization\",\"@id\":\"http:\\\/\\\/unaymilletras.com\\\/#organization\",\"name\":\"Una y Mil Letras\",\"url\":\"http:\\\/\\\/unaymilletras.com\\\/\",\"logo\":{\"@type\":\"ImageObject\",\"inLanguage\":\"en-GB\",\"@id\":\"http:\\\/\\\/unaymilletras.com\\\/#\\\/schema\\\/logo\\\/image\\\/\",\"url\":\"https:\\\/\\\/unaymilletras.com\\\/wp-content\\\/uploads\\\/2024\\\/06\\\/cropped-Logo-removebg-preview.png\",\"contentUrl\":\"https:\\\/\\\/unaymilletras.com\\\/wp-content\\\/uploads\\\/2024\\\/06\\\/cropped-Logo-removebg-preview.png\",\"width\":512,\"height\":512,\"caption\":\"Una y Mil Letras\"},\"image\":{\"@id\":\"http:\\\/\\\/unaymilletras.com\\\/#\\\/schema\\\/logo\\\/image\\\/\"},\"sameAs\":[\"https:\\\/\\\/x.com\\\/UnaYMilLetras\",\"https:\\\/\\\/instagram.com\\\/UnaYMilLetras\"]},{\"@type\":\"Person\",\"@id\":\"http:\\\/\\\/unaymilletras.com\\\/#\\\/schema\\\/person\\\/d55ba681b8a4e463d8982dbe36a5dc94\",\"name\":\"Maria Gil Robledo\",\"image\":{\"@type\":\"ImageObject\",\"inLanguage\":\"en-GB\",\"@id\":\"https:\\\/\\\/secure.gravatar.com\\\/avatar\\\/4b8e5102e0015789407eb4870b12f0f2857952d83ca124058f92b764bd1840c3?s=96&d=mm&r=g\",\"url\":\"https:\\\/\\\/secure.gravatar.com\\\/avatar\\\/4b8e5102e0015789407eb4870b12f0f2857952d83ca124058f92b764bd1840c3?s=96&d=mm&r=g\",\"contentUrl\":\"https:\\\/\\\/secure.gravatar.com\\\/avatar\\\/4b8e5102e0015789407eb4870b12f0f2857952d83ca124058f92b764bd1840c3?s=96&d=mm&r=g\",\"caption\":\"Maria Gil Robledo\"},\"sameAs\":[\"http:\\\/\\\/unaymilletras.com\"],\"url\":\"https:\\\/\\\/unaymilletras.com\\\/en\\\/author\\\/mariiagiil02_\\\/\"}]}<\/script>\n<!-- \/ Yoast SEO plugin. -->","yoast_head_json":{"title":"Walls actuar\u00e1 en Madrid con todo agotado &#8902; Una y Mil Letras","description":"\u201cLuna 18\u201d ser\u00e1 el pr\u00f3ximo \u00e1lbum de Walls y la primera fecha anunciada ha sido en la sala La Paqui de la capital","robots":{"index":"index","follow":"follow","max-snippet":"max-snippet:-1","max-image-preview":"max-image-preview:large","max-video-preview":"max-video-preview:-1"},"canonical":"https:\/\/unaymilletras.com\/en\/walls-actuara-en-madrid-con-todo-agotado\/","og_locale":"en_GB","og_type":"article","og_title":"Walls actuar\u00e1 en Madrid con todo agotado &#8902; Una y Mil Letras","og_description":"\u201cLuna 18\u201d ser\u00e1 el pr\u00f3ximo \u00e1lbum de Walls y la primera fecha anunciada ha sido en la sala La Paqui de la capital","og_url":"https:\/\/unaymilletras.com\/en\/walls-actuara-en-madrid-con-todo-agotado\/","og_site_name":"Una y Mil Letras","article_published_time":"2023-11-02T10:38:46+00:00","article_modified_time":"2023-11-02T10:41:19+00:00","og_image":[{"width":600,"height":853,"url":"http:\/\/unaymilletras.com\/wp-content\/uploads\/2023\/11\/IMG_7890-e1698915730226.jpeg","type":"image\/jpeg"}],"author":"Maria Gil Robledo","twitter_card":"summary_large_image","twitter_creator":"@UnaYMilLetras","twitter_site":"@UnaYMilLetras","twitter_misc":{"Written by":"Maria Gil Robledo","Estimated reading time":"2 minutes"},"schema":{"@context":"https:\/\/schema.org","@graph":[{"@type":"Article","@id":"https:\/\/unaymilletras.com\/walls-actuara-en-madrid-con-todo-agotado\/#article","isPartOf":{"@id":"https:\/\/unaymilletras.com\/walls-actuara-en-madrid-con-todo-agotado\/"},"author":{"name":"Maria Gil Robledo","@id":"http:\/\/unaymilletras.com\/#\/schema\/person\/d55ba681b8a4e463d8982dbe36a5dc94"},"headline":"Walls actuar\u00e1 en Madrid con todo agotado","datePublished":"2023-11-02T10:38:46+00:00","dateModified":"2023-11-02T10:41:19+00:00","mainEntityOfPage":{"@id":"https:\/\/unaymilletras.com\/walls-actuara-en-madrid-con-todo-agotado\/"},"wordCount":344,"commentCount":0,"publisher":{"@id":"http:\/\/unaymilletras.com\/#organization"},"image":{"@id":"https:\/\/unaymilletras.com\/walls-actuara-en-madrid-con-todo-agotado\/#primaryimage"},"thumbnailUrl":"https:\/\/unaymilletras.com\/wp-content\/uploads\/2023\/11\/IMG_7890-e1698915730226.jpeg","articleSection":["Eventos","M\u00fasica"],"inLanguage":"en-GB","potentialAction":[{"@type":"CommentAction","name":"Comment","target":["https:\/\/unaymilletras.com\/walls-actuara-en-madrid-con-todo-agotado\/#respond"]}]},{"@type":"WebPage","@id":"https:\/\/unaymilletras.com\/walls-actuara-en-madrid-con-todo-agotado\/","url":"https:\/\/unaymilletras.com\/walls-actuara-en-madrid-con-todo-agotado\/","name":"Walls actuar\u00e1 en Madrid con todo agotado &#8902; Una y Mil Letras","isPartOf":{"@id":"http:\/\/unaymilletras.com\/#website"},"primaryImageOfPage":{"@id":"https:\/\/unaymilletras.com\/walls-actuara-en-madrid-con-todo-agotado\/#primaryimage"},"image":{"@id":"https:\/\/unaymilletras.com\/walls-actuara-en-madrid-con-todo-agotado\/#primaryimage"},"thumbnailUrl":"https:\/\/unaymilletras.com\/wp-content\/uploads\/2023\/11\/IMG_7890-e1698915730226.jpeg","datePublished":"2023-11-02T10:38:46+00:00","dateModified":"2023-11-02T10:41:19+00:00","description":"\u201cLuna 18\u201d ser\u00e1 el pr\u00f3ximo \u00e1lbum de Walls y la primera fecha anunciada ha sido en la sala La Paqui de la capital","breadcrumb":{"@id":"https:\/\/unaymilletras.com\/walls-actuara-en-madrid-con-todo-agotado\/#breadcrumb"},"inLanguage":"en-GB","potentialAction":[{"@type":"ReadAction","target":["https:\/\/unaymilletras.com\/walls-actuara-en-madrid-con-todo-agotado\/"]}]},{"@type":"ImageObject","inLanguage":"en-GB","@id":"https:\/\/unaymilletras.com\/walls-actuara-en-madrid-con-todo-agotado\/#primaryimage","url":"https:\/\/unaymilletras.com\/wp-content\/uploads\/2023\/11\/IMG_7890-e1698915730226.jpeg","contentUrl":"https:\/\/unaymilletras.com\/wp-content\/uploads\/2023\/11\/IMG_7890-e1698915730226.jpeg","width":600,"height":853,"caption":"Walls"},{"@type":"BreadcrumbList","@id":"https:\/\/unaymilletras.com\/walls-actuara-en-madrid-con-todo-agotado\/#breadcrumb","itemListElement":[{"@type":"ListItem","position":1,"name":"Home","item":"http:\/\/unaymilletras.com\/"},{"@type":"ListItem","position":2,"name":"Walls actuar\u00e1 en Madrid con todo agotado"}]},{"@type":"WebSite","@id":"http:\/\/unaymilletras.com\/#website","url":"http:\/\/unaymilletras.com\/","name":"Una y Mil Letras","description":"","publisher":{"@id":"http:\/\/unaymilletras.com\/#organization"},"potentialAction":[{"@type":"SearchAction","target":{"@type":"EntryPoint","urlTemplate":"http:\/\/unaymilletras.com\/?s={search_term_string}"},"query-input":{"@type":"PropertyValueSpecification","valueRequired":true,"valueName":"search_term_string"}}],"inLanguage":"en-GB"},{"@type":"Organization","@id":"http:\/\/unaymilletras.com\/#organization","name":"Una y Mil Letras","url":"http:\/\/unaymilletras.com\/","logo":{"@type":"ImageObject","inLanguage":"en-GB","@id":"http:\/\/unaymilletras.com\/#\/schema\/logo\/image\/","url":"https:\/\/unaymilletras.com\/wp-content\/uploads\/2024\/06\/cropped-Logo-removebg-preview.png","contentUrl":"https:\/\/unaymilletras.com\/wp-content\/uploads\/2024\/06\/cropped-Logo-removebg-preview.png","width":512,"height":512,"caption":"Una y Mil Letras"},"image":{"@id":"http:\/\/unaymilletras.com\/#\/schema\/logo\/image\/"},"sameAs":["https:\/\/x.com\/UnaYMilLetras","https:\/\/instagram.com\/UnaYMilLetras"]},{"@type":"Person","@id":"http:\/\/unaymilletras.com\/#\/schema\/person\/d55ba681b8a4e463d8982dbe36a5dc94","name":"Maria Gil Robledo","image":{"@type":"ImageObject","inLanguage":"en-GB","@id":"https:\/\/secure.gravatar.com\/avatar\/4b8e5102e0015789407eb4870b12f0f2857952d83ca124058f92b764bd1840c3?s=96&d=mm&r=g","url":"https:\/\/secure.gravatar.com\/avatar\/4b8e5102e0015789407eb4870b12f0f2857952d83ca124058f92b764bd1840c3?s=96&d=mm&r=g","contentUrl":"https:\/\/secure.gravatar.com\/avatar\/4b8e5102e0015789407eb4870b12f0f2857952d83ca124058f92b764bd1840c3?s=96&d=mm&r=g","caption":"Maria Gil Robledo"},"sameAs":["http:\/\/unaymilletras.com"],"url":"https:\/\/unaymilletras.com\/en\/author\/mariiagiil02_\/"}]}},"_links":{"self":[{"href":"https:\/\/unaymilletras.com\/en\/wp-json\/wp\/v2\/posts\/1437","targetHints":{"allow":["GET"]}}],"collection":[{"href":"https:\/\/unaymilletras.com\/en\/wp-json\/wp\/v2\/posts"}],"about":[{"href":"https:\/\/unaymilletras.com\/en\/wp-json\/wp\/v2\/types\/post"}],"author":[{"embeddable":true,"href":"https:\/\/unaymilletras.com\/en\/wp-json\/wp\/v2\/users\/1"}],"replies":[{"embeddable":true,"href":"https:\/\/unaymilletras.com\/en\/wp-json\/wp\/v2\/comments?post=1437"}],"version-history":[{"count":8,"href":"https:\/\/unaymilletras.com\/en\/wp-json\/wp\/v2\/posts\/1437\/revisions"}],"predecessor-version":[{"id":1446,"href":"https:\/\/unaymilletras.com\/en\/wp-json\/wp\/v2\/posts\/1437\/revisions\/1446"}],"wp:featuredmedia":[{"embeddable":true,"href":"https:\/\/unaymilletras.com\/en\/wp-json\/wp\/v2\/media\/1439"}],"wp:attachment":[{"href":"https:\/\/unaymilletras.com\/en\/wp-json\/wp\/v2\/media?parent=1437"}],"wp:term":[{"taxonomy":"category","embeddable":true,"href":"https:\/\/unaymilletras.com\/en\/wp-json\/wp\/v2\/categories?post=1437"},{"taxonomy":"post_tag","embeddable":true,"href":"https:\/\/unaymilletras.com\/en\/wp-json\/wp\/v2\/tags?post=1437"}],"curies":[{"name":"wp","href":"https:\/\/api.w.org\/{rel}","templated":true}]}}