{"id":1468,"date":"2023-11-06T13:22:21","date_gmt":"2023-11-06T12:22:21","guid":{"rendered":"https:\/\/unaymilletras.com\/?p=1468"},"modified":"2023-11-06T13:25:26","modified_gmt":"2023-11-06T12:25:26","slug":"alex-ubago-lleva-20-anos-a-latinoamerica","status":"publish","type":"post","link":"https:\/\/unaymilletras.com\/en\/alex-ubago-lleva-20-anos-a-latinoamerica\/","title":{"rendered":"Alex Ubago lleva \u201c20 a\u00f1os\u201d a Latinoam\u00e9rica"},"content":{"rendered":"<div data-elementor-type=\"wp-post\" data-elementor-id=\"1468\" class=\"elementor elementor-1468\">\n\t\t\t\t\t\t<section class=\"elementor-section elementor-top-section elementor-element elementor-element-72d2ed5 elementor-section-boxed elementor-section-height-default elementor-section-height-default\" data-id=\"72d2ed5\" data-element_type=\"section\" data-e-type=\"section\">\n\t\t\t\t\t\t<div class=\"elementor-container elementor-column-gap-default\">\n\t\t\t\t\t<div class=\"elementor-column elementor-col-100 elementor-top-column elementor-element elementor-element-ce373b0\" data-id=\"ce373b0\" data-element_type=\"column\" data-e-type=\"column\">\n\t\t\t<div class=\"elementor-widget-wrap elementor-element-populated\">\n\t\t\t\t\t\t<div class=\"elementor-element elementor-element-0bfcb9a elementor-widget elementor-widget-text-editor\" data-id=\"0bfcb9a\" data-element_type=\"widget\" data-e-type=\"widget\" data-widget_type=\"text-editor.default\">\n\t\t\t\t<div class=\"elementor-widget-container\">\n\t\t\t\t\t\t\t\t\t<h2><span style=\"color: #808080;\"><em>Argentina, Uruguay, Chile, Per\u00fa, Venezuela, Costa Rica esperan a Alex Ubago con las entradas pr\u00e1cticamente agotadas<\/em><\/span><\/h2>\t\t\t\t\t\t\t\t<\/div>\n\t\t\t\t<\/div>\n\t\t\t\t\t<\/div>\n\t\t<\/div>\n\t\t\t\t\t<\/div>\n\t\t<\/section>\n\t\t\t\t<section class=\"elementor-section elementor-top-section elementor-element elementor-element-4ecaae9 elementor-section-boxed elementor-section-height-default elementor-section-height-default\" data-id=\"4ecaae9\" data-element_type=\"section\" data-e-type=\"section\">\n\t\t\t\t\t\t<div class=\"elementor-container elementor-column-gap-default\">\n\t\t\t\t\t<div class=\"elementor-column elementor-col-100 elementor-top-column elementor-element elementor-element-1b364b3\" data-id=\"1b364b3\" data-element_type=\"column\" data-e-type=\"column\">\n\t\t\t<div class=\"elementor-widget-wrap elementor-element-populated\">\n\t\t\t\t\t\t<div class=\"elementor-element elementor-element-4b0c814 elementor-widget elementor-widget-text-editor\" data-id=\"4b0c814\" data-element_type=\"widget\" data-e-type=\"widget\" data-widget_type=\"text-editor.default\">\n\t\t\t\t<div class=\"elementor-widget-container\">\n\t\t\t\t\t\t\t\t\t<p><b>\u00c1lex Ubago<\/b>, se encuentra inmerso en su gira <b><i>20 A\u00f1os<\/i><\/b>&nbsp;por Latinoam\u00e9rica, un camino que est\u00e1 dejando un rastro de \u00e9xito y emoci\u00f3n a su paso. En casi cada ciudad que pisa, ha logrado colgar el cartel de \u00abEntradas agotadas\u00bb, demostrando su s\u00f3lida base de seguidores y su capacidad para cautivar al p\u00fablico de la regi\u00f3n.<\/p>\t\t\t\t\t\t\t\t<\/div>\n\t\t\t\t<\/div>\n\t\t\t\t\t<\/div>\n\t\t<\/div>\n\t\t\t\t\t<\/div>\n\t\t<\/section>\n\t\t\t\t<section class=\"elementor-section elementor-top-section elementor-element elementor-element-1861a1d elementor-section-boxed elementor-section-height-default elementor-section-height-default\" data-id=\"1861a1d\" data-element_type=\"section\" data-e-type=\"section\">\n\t\t\t\t\t\t<div class=\"elementor-container elementor-column-gap-default\">\n\t\t\t\t\t<div class=\"elementor-column elementor-col-100 elementor-top-column elementor-element elementor-element-6bb9f7a\" data-id=\"6bb9f7a\" data-element_type=\"column\" data-e-type=\"column\">\n\t\t\t<div class=\"elementor-widget-wrap elementor-element-populated\">\n\t\t\t\t\t\t<div class=\"elementor-element elementor-element-6b97264 elementor-widget elementor-widget-image\" data-id=\"6b97264\" data-element_type=\"widget\" data-e-type=\"widget\" data-widget_type=\"image.default\">\n\t\t\t\t<div class=\"elementor-widget-container\">\n\t\t\t\t\t\t\t\t\t\t\t\t\t\t\t<img fetchpriority=\"high\" decoding=\"async\" width=\"640\" height=\"640\" src=\"https:\/\/unaymilletras.com\/wp-content\/uploads\/2023\/11\/AU-1024x1024.jpeg\" class=\"attachment-large size-large wp-image-1470\" alt=\"Alex Ubago\" srcset=\"https:\/\/unaymilletras.com\/wp-content\/uploads\/2023\/11\/AU-1024x1024.jpeg 1024w, https:\/\/unaymilletras.com\/wp-content\/uploads\/2023\/11\/AU-300x300.jpeg 300w, https:\/\/unaymilletras.com\/wp-content\/uploads\/2023\/11\/AU-150x150.jpeg 150w, https:\/\/unaymilletras.com\/wp-content\/uploads\/2023\/11\/AU-768x768.jpeg 768w, https:\/\/unaymilletras.com\/wp-content\/uploads\/2023\/11\/AU-e1699272625763.jpeg 600w\" sizes=\"(max-width: 640px) 100vw, 640px\" \/>\t\t\t\t\t\t\t\t\t\t\t\t\t\t\t<\/div>\n\t\t\t\t<\/div>\n\t\t\t\t\t<\/div>\n\t\t<\/div>\n\t\t\t\t\t<\/div>\n\t\t<\/section>\n\t\t\t\t<section class=\"elementor-section elementor-top-section elementor-element elementor-element-83d0ee4 elementor-section-boxed elementor-section-height-default elementor-section-height-default\" data-id=\"83d0ee4\" data-element_type=\"section\" data-e-type=\"section\">\n\t\t\t\t\t\t<div class=\"elementor-container elementor-column-gap-default\">\n\t\t\t\t\t<div class=\"elementor-column elementor-col-100 elementor-top-column elementor-element elementor-element-b891b12\" data-id=\"b891b12\" data-element_type=\"column\" data-e-type=\"column\">\n\t\t\t<div class=\"elementor-widget-wrap elementor-element-populated\">\n\t\t\t\t\t\t<div class=\"elementor-element elementor-element-68b41db elementor-widget elementor-widget-text-editor\" data-id=\"68b41db\" data-element_type=\"widget\" data-e-type=\"widget\" data-widget_type=\"text-editor.default\">\n\t\t\t\t<div class=\"elementor-widget-container\">\n\t\t\t\t\t\t\t\t\t<p>Recientemente, regres\u00f3 triunfante de M\u00e9xico, donde realiz\u00f3 un proyecto especial llamado <em><strong>Dos Orillas<\/strong><\/em>. En colaboraci\u00f3n con el joven artista mexicano <strong>Jose Maria<\/strong>, ofrecieron actuaciones memorables en Monterrey, Guadalajara y el Metrop\u00f3litan de Ciudad de M\u00e9xico. Este proyecto permiti\u00f3 a ambos artistas unir sus voces y presentar canciones de sus repertorios, lo que fue muy bien recibid<span style=\"color: #808080;\">o por los fan\u00e1ticos.<\/span><\/p><p><span style=\"color: #808080;\">La gira <em><a style=\"color: #808080;\" href=\"http:\/\/www.alexubago.com\">20 A\u00f1os<\/a><\/em> de \u00c1lex Ubago continuar\u00e1<\/span> en noviembre, y su \u00e9xito parece imparable. Las ciudades de <span style=\"color: #808080;\"><a style=\"color: #808080;\" href=\"https:\/\/unaymilletras.com\/en\/rei-demuestra-que-es-un-4x4\/\">Buenos Aires<\/a><\/span>, Montevideo y diversas localidades de Chile lo recibir\u00e1n con entradas agotadas. Buenos Aires (11 noviembre), Montevideo, Uruguay (13 nov), Valdivia (15\/11), Temuco (16\/11), Chill\u00e1n (21\/11) y un doblete en Santiago (18 y 19 de nov) en Chile<\/p>\t\t\t\t\t\t\t\t<\/div>\n\t\t\t\t<\/div>\n\t\t\t\t\t<\/div>\n\t\t<\/div>\n\t\t\t\t\t<\/div>\n\t\t<\/section>\n\t\t\t\t<section class=\"elementor-section elementor-top-section elementor-element elementor-element-fc54901 elementor-section-boxed elementor-section-height-default elementor-section-height-default\" data-id=\"fc54901\" data-element_type=\"section\" data-e-type=\"section\">\n\t\t\t\t\t\t<div class=\"elementor-container elementor-column-gap-default\">\n\t\t\t\t\t<div class=\"elementor-column elementor-col-100 elementor-top-column elementor-element elementor-element-4e1755b\" data-id=\"4e1755b\" data-element_type=\"column\" data-e-type=\"column\">\n\t\t\t<div class=\"elementor-widget-wrap elementor-element-populated\">\n\t\t\t\t\t\t<div class=\"elementor-element elementor-element-d84a9e5 elementor-widget elementor-widget-video\" data-id=\"d84a9e5\" data-element_type=\"widget\" data-e-type=\"widget\" data-settings=\"{&quot;youtube_url&quot;:&quot;https:\\\/\\\/www.youtube.com\\\/watch?v=jI9ZBg45G6w&amp;ab_channel=AlexUbago&quot;,&quot;video_type&quot;:&quot;youtube&quot;,&quot;controls&quot;:&quot;yes&quot;}\" data-widget_type=\"video.default\">\n\t\t\t\t<div class=\"elementor-widget-container\">\n\t\t\t\t\t\t\t<div class=\"elementor-wrapper elementor-open-inline\">\n\t\t\t<div class=\"elementor-video\"><\/div>\t\t<\/div>\n\t\t\t\t\t\t<\/div>\n\t\t\t\t<\/div>\n\t\t\t\t\t<\/div>\n\t\t<\/div>\n\t\t\t\t\t<\/div>\n\t\t<\/section>\n\t\t\t\t<section class=\"elementor-section elementor-top-section elementor-element elementor-element-df207ac elementor-section-boxed elementor-section-height-default elementor-section-height-default\" data-id=\"df207ac\" data-element_type=\"section\" data-e-type=\"section\">\n\t\t\t\t\t\t<div class=\"elementor-container elementor-column-gap-default\">\n\t\t\t\t\t<div class=\"elementor-column elementor-col-100 elementor-top-column elementor-element elementor-element-992d60f\" data-id=\"992d60f\" data-element_type=\"column\" data-e-type=\"column\">\n\t\t\t<div class=\"elementor-widget-wrap elementor-element-populated\">\n\t\t\t\t\t\t<div class=\"elementor-element elementor-element-b492937 elementor-widget elementor-widget-text-editor\" data-id=\"b492937\" data-element_type=\"widget\" data-e-type=\"widget\" data-widget_type=\"text-editor.default\">\n\t\t\t\t<div class=\"elementor-widget-container\">\n\t\t\t\t\t\t\t\t\t<p>El talento y carisma de \u00c1lex Ubago han quedado demostrados en su extensa carrera de 20 a\u00f1os. A trav\u00e9s de sus canciones, ha conectado con el p\u00fablico de Am\u00e9rica Latina de una manera especial. Su m\u00fasica trasciende fronteras y ha sido el v\u00ednculo entre miles de personas que encuentran en sus letras y melod\u00edas una fuente de inspiraci\u00f3n y emoci\u00f3n. Con cada actuaci\u00f3n, sigue fortaleciendo su legado y demostrando que su m\u00fasica es atemporal y universal.<\/p><p>La gira de \u00c1lex Ubago es un viaje musical que ha encendido la pasi\u00f3n de sus seguidores en Am\u00e9rica Latina, y no se detendr\u00e1 pronto. Las pr\u00f3ximas paradas incluyen Per\u00fa y Venezuela, con presentaciones en Arequipa, Lima, Caracas y San Jos\u00e9 de Costa Rica. Su m\u00fasica contin\u00faa tocando los corazones de todos los que tienen la suerte de presenciar su actuaci\u00f3n en vivo. El recorrido de \u00c1lex Ubago es un tributo a su talento y una celebraci\u00f3n de dos d\u00e9cadas de \u00e9xitos musicales.<\/p>\t\t\t\t\t\t\t\t<\/div>\n\t\t\t\t<\/div>\n\t\t\t\t\t<\/div>\n\t\t<\/div>\n\t\t\t\t\t<\/div>\n\t\t<\/section>\n\t\t\t\t<\/div>","protected":false},"excerpt":{"rendered":"<p>Argentina, Uruguay, Chile, Per\u00fa, Venezuela, Costa Rica esperan a Alex Ubago con las entradas pr\u00e1cticamente agotadas \u00c1lex Ubago, se encuentra inmerso en su gira 20 A\u00f1os&nbsp;por Latinoam\u00e9rica, un camino que est\u00e1 dejando un rastro de \u00e9xito y emoci\u00f3n a su paso. En casi cada ciudad que pisa, ha logrado colgar el cartel de \u00abEntradas agotadas\u00bb, [&hellip;]<\/p>\n","protected":false},"author":1,"featured_media":1470,"comment_status":"open","ping_status":"open","sticky":false,"template":"","format":"standard","meta":{"footnotes":""},"categories":[119,4],"tags":[],"class_list":["post-1468","post","type-post","status-publish","format-standard","has-post-thumbnail","hentry","category-eventos","category-musica"],"yoast_head":"<!-- This site is optimized with the Yoast SEO plugin v27.4 - https:\/\/yoast.com\/product\/yoast-seo-wordpress\/ -->\n<title>Alex Ubago lleva \u201c20 a\u00f1os\u201d a Latinoam\u00e9rica &#8902; Una y Mil Letras<\/title>\n<meta name=\"description\" content=\"Argentina, Uruguay, Chile, Per\u00fa, Venezuela, Costa Rica esperan a Alex Ubago con las entradas pr\u00e1cticamente agotadas\" \/>\n<meta name=\"robots\" content=\"index, follow, max-snippet:-1, max-image-preview:large, max-video-preview:-1\" \/>\n<link rel=\"canonical\" href=\"https:\/\/unaymilletras.com\/en\/alex-ubago-lleva-20-anos-a-latinoamerica\/\" \/>\n<meta property=\"og:locale\" content=\"en_GB\" \/>\n<meta property=\"og:type\" content=\"article\" \/>\n<meta property=\"og:title\" content=\"Alex Ubago lleva \u201c20 a\u00f1os\u201d a Latinoam\u00e9rica &#8902; Una y Mil Letras\" \/>\n<meta property=\"og:description\" content=\"Argentina, Uruguay, Chile, Per\u00fa, Venezuela, Costa Rica esperan a Alex Ubago con las entradas pr\u00e1cticamente agotadas\" \/>\n<meta property=\"og:url\" content=\"https:\/\/unaymilletras.com\/en\/alex-ubago-lleva-20-anos-a-latinoamerica\/\" \/>\n<meta property=\"og:site_name\" content=\"Una y Mil Letras\" \/>\n<meta property=\"article:published_time\" content=\"2023-11-06T12:22:21+00:00\" \/>\n<meta property=\"article:modified_time\" content=\"2023-11-06T12:25:26+00:00\" \/>\n<meta property=\"og:image\" content=\"http:\/\/unaymilletras.com\/wp-content\/uploads\/2023\/11\/AU-e1699272625763.jpeg\" \/>\n\t<meta property=\"og:image:width\" content=\"600\" \/>\n\t<meta property=\"og:image:height\" content=\"600\" \/>\n\t<meta property=\"og:image:type\" content=\"image\/jpeg\" \/>\n<meta name=\"author\" content=\"Maria Gil Robledo\" \/>\n<meta name=\"twitter:card\" content=\"summary_large_image\" \/>\n<meta name=\"twitter:creator\" content=\"@UnaYMilLetras\" \/>\n<meta name=\"twitter:site\" content=\"@UnaYMilLetras\" \/>\n<meta name=\"twitter:label1\" content=\"Written by\" \/>\n\t<meta name=\"twitter:data1\" content=\"Maria Gil Robledo\" \/>\n\t<meta name=\"twitter:label2\" content=\"Estimated reading time\" \/>\n\t<meta name=\"twitter:data2\" content=\"2 minutes\" \/>\n<script type=\"application\/ld+json\" class=\"yoast-schema-graph\">{\"@context\":\"https:\\\/\\\/schema.org\",\"@graph\":[{\"@type\":\"Article\",\"@id\":\"https:\\\/\\\/unaymilletras.com\\\/alex-ubago-lleva-20-anos-a-latinoamerica\\\/#article\",\"isPartOf\":{\"@id\":\"https:\\\/\\\/unaymilletras.com\\\/alex-ubago-lleva-20-anos-a-latinoamerica\\\/\"},\"author\":{\"name\":\"Maria Gil Robledo\",\"@id\":\"http:\\\/\\\/unaymilletras.com\\\/#\\\/schema\\\/person\\\/d55ba681b8a4e463d8982dbe36a5dc94\"},\"headline\":\"Alex Ubago lleva \u201c20 a\u00f1os\u201d a Latinoam\u00e9rica\",\"datePublished\":\"2023-11-06T12:22:21+00:00\",\"dateModified\":\"2023-11-06T12:25:26+00:00\",\"mainEntityOfPage\":{\"@id\":\"https:\\\/\\\/unaymilletras.com\\\/alex-ubago-lleva-20-anos-a-latinoamerica\\\/\"},\"wordCount\":391,\"commentCount\":0,\"publisher\":{\"@id\":\"http:\\\/\\\/unaymilletras.com\\\/#organization\"},\"image\":{\"@id\":\"https:\\\/\\\/unaymilletras.com\\\/alex-ubago-lleva-20-anos-a-latinoamerica\\\/#primaryimage\"},\"thumbnailUrl\":\"https:\\\/\\\/unaymilletras.com\\\/wp-content\\\/uploads\\\/2023\\\/11\\\/AU-e1699272625763.jpeg\",\"articleSection\":[\"Eventos\",\"M\u00fasica\"],\"inLanguage\":\"en-GB\",\"potentialAction\":[{\"@type\":\"CommentAction\",\"name\":\"Comment\",\"target\":[\"https:\\\/\\\/unaymilletras.com\\\/alex-ubago-lleva-20-anos-a-latinoamerica\\\/#respond\"]}]},{\"@type\":\"WebPage\",\"@id\":\"https:\\\/\\\/unaymilletras.com\\\/alex-ubago-lleva-20-anos-a-latinoamerica\\\/\",\"url\":\"https:\\\/\\\/unaymilletras.com\\\/alex-ubago-lleva-20-anos-a-latinoamerica\\\/\",\"name\":\"Alex Ubago lleva \u201c20 a\u00f1os\u201d a Latinoam\u00e9rica &#8902; Una y Mil Letras\",\"isPartOf\":{\"@id\":\"http:\\\/\\\/unaymilletras.com\\\/#website\"},\"primaryImageOfPage\":{\"@id\":\"https:\\\/\\\/unaymilletras.com\\\/alex-ubago-lleva-20-anos-a-latinoamerica\\\/#primaryimage\"},\"image\":{\"@id\":\"https:\\\/\\\/unaymilletras.com\\\/alex-ubago-lleva-20-anos-a-latinoamerica\\\/#primaryimage\"},\"thumbnailUrl\":\"https:\\\/\\\/unaymilletras.com\\\/wp-content\\\/uploads\\\/2023\\\/11\\\/AU-e1699272625763.jpeg\",\"datePublished\":\"2023-11-06T12:22:21+00:00\",\"dateModified\":\"2023-11-06T12:25:26+00:00\",\"description\":\"Argentina, Uruguay, Chile, Per\u00fa, Venezuela, Costa Rica esperan a Alex Ubago con las entradas pr\u00e1cticamente agotadas\",\"breadcrumb\":{\"@id\":\"https:\\\/\\\/unaymilletras.com\\\/alex-ubago-lleva-20-anos-a-latinoamerica\\\/#breadcrumb\"},\"inLanguage\":\"en-GB\",\"potentialAction\":[{\"@type\":\"ReadAction\",\"target\":[\"https:\\\/\\\/unaymilletras.com\\\/alex-ubago-lleva-20-anos-a-latinoamerica\\\/\"]}]},{\"@type\":\"ImageObject\",\"inLanguage\":\"en-GB\",\"@id\":\"https:\\\/\\\/unaymilletras.com\\\/alex-ubago-lleva-20-anos-a-latinoamerica\\\/#primaryimage\",\"url\":\"https:\\\/\\\/unaymilletras.com\\\/wp-content\\\/uploads\\\/2023\\\/11\\\/AU-e1699272625763.jpeg\",\"contentUrl\":\"https:\\\/\\\/unaymilletras.com\\\/wp-content\\\/uploads\\\/2023\\\/11\\\/AU-e1699272625763.jpeg\",\"width\":600,\"height\":600,\"caption\":\"Alex Ubago\"},{\"@type\":\"BreadcrumbList\",\"@id\":\"https:\\\/\\\/unaymilletras.com\\\/alex-ubago-lleva-20-anos-a-latinoamerica\\\/#breadcrumb\",\"itemListElement\":[{\"@type\":\"ListItem\",\"position\":1,\"name\":\"Home\",\"item\":\"http:\\\/\\\/unaymilletras.com\\\/\"},{\"@type\":\"ListItem\",\"position\":2,\"name\":\"Alex Ubago lleva \u201c20 a\u00f1os\u201d a Latinoam\u00e9rica\"}]},{\"@type\":\"WebSite\",\"@id\":\"http:\\\/\\\/unaymilletras.com\\\/#website\",\"url\":\"http:\\\/\\\/unaymilletras.com\\\/\",\"name\":\"Una y Mil Letras\",\"description\":\"\",\"publisher\":{\"@id\":\"http:\\\/\\\/unaymilletras.com\\\/#organization\"},\"potentialAction\":[{\"@type\":\"SearchAction\",\"target\":{\"@type\":\"EntryPoint\",\"urlTemplate\":\"http:\\\/\\\/unaymilletras.com\\\/?s={search_term_string}\"},\"query-input\":{\"@type\":\"PropertyValueSpecification\",\"valueRequired\":true,\"valueName\":\"search_term_string\"}}],\"inLanguage\":\"en-GB\"},{\"@type\":\"Organization\",\"@id\":\"http:\\\/\\\/unaymilletras.com\\\/#organization\",\"name\":\"Una y Mil Letras\",\"url\":\"http:\\\/\\\/unaymilletras.com\\\/\",\"logo\":{\"@type\":\"ImageObject\",\"inLanguage\":\"en-GB\",\"@id\":\"http:\\\/\\\/unaymilletras.com\\\/#\\\/schema\\\/logo\\\/image\\\/\",\"url\":\"https:\\\/\\\/unaymilletras.com\\\/wp-content\\\/uploads\\\/2024\\\/06\\\/cropped-Logo-removebg-preview.png\",\"contentUrl\":\"https:\\\/\\\/unaymilletras.com\\\/wp-content\\\/uploads\\\/2024\\\/06\\\/cropped-Logo-removebg-preview.png\",\"width\":512,\"height\":512,\"caption\":\"Una y Mil Letras\"},\"image\":{\"@id\":\"http:\\\/\\\/unaymilletras.com\\\/#\\\/schema\\\/logo\\\/image\\\/\"},\"sameAs\":[\"https:\\\/\\\/x.com\\\/UnaYMilLetras\",\"https:\\\/\\\/instagram.com\\\/UnaYMilLetras\"]},{\"@type\":\"Person\",\"@id\":\"http:\\\/\\\/unaymilletras.com\\\/#\\\/schema\\\/person\\\/d55ba681b8a4e463d8982dbe36a5dc94\",\"name\":\"Maria Gil Robledo\",\"image\":{\"@type\":\"ImageObject\",\"inLanguage\":\"en-GB\",\"@id\":\"https:\\\/\\\/secure.gravatar.com\\\/avatar\\\/4b8e5102e0015789407eb4870b12f0f2857952d83ca124058f92b764bd1840c3?s=96&d=mm&r=g\",\"url\":\"https:\\\/\\\/secure.gravatar.com\\\/avatar\\\/4b8e5102e0015789407eb4870b12f0f2857952d83ca124058f92b764bd1840c3?s=96&d=mm&r=g\",\"contentUrl\":\"https:\\\/\\\/secure.gravatar.com\\\/avatar\\\/4b8e5102e0015789407eb4870b12f0f2857952d83ca124058f92b764bd1840c3?s=96&d=mm&r=g\",\"caption\":\"Maria Gil Robledo\"},\"sameAs\":[\"http:\\\/\\\/unaymilletras.com\"],\"url\":\"https:\\\/\\\/unaymilletras.com\\\/en\\\/author\\\/mariiagiil02_\\\/\"}]}<\/script>\n<!-- \/ Yoast SEO plugin. -->","yoast_head_json":{"title":"Alex Ubago lleva \u201c20 a\u00f1os\u201d a Latinoam\u00e9rica &#8902; Una y Mil Letras","description":"Argentina, Uruguay, Chile, Per\u00fa, Venezuela, Costa Rica esperan a Alex Ubago con las entradas pr\u00e1cticamente agotadas","robots":{"index":"index","follow":"follow","max-snippet":"max-snippet:-1","max-image-preview":"max-image-preview:large","max-video-preview":"max-video-preview:-1"},"canonical":"https:\/\/unaymilletras.com\/en\/alex-ubago-lleva-20-anos-a-latinoamerica\/","og_locale":"en_GB","og_type":"article","og_title":"Alex Ubago lleva \u201c20 a\u00f1os\u201d a Latinoam\u00e9rica &#8902; Una y Mil Letras","og_description":"Argentina, Uruguay, Chile, Per\u00fa, Venezuela, Costa Rica esperan a Alex Ubago con las entradas pr\u00e1cticamente agotadas","og_url":"https:\/\/unaymilletras.com\/en\/alex-ubago-lleva-20-anos-a-latinoamerica\/","og_site_name":"Una y Mil Letras","article_published_time":"2023-11-06T12:22:21+00:00","article_modified_time":"2023-11-06T12:25:26+00:00","og_image":[{"width":600,"height":600,"url":"http:\/\/unaymilletras.com\/wp-content\/uploads\/2023\/11\/AU-e1699272625763.jpeg","type":"image\/jpeg"}],"author":"Maria Gil Robledo","twitter_card":"summary_large_image","twitter_creator":"@UnaYMilLetras","twitter_site":"@UnaYMilLetras","twitter_misc":{"Written by":"Maria Gil Robledo","Estimated reading time":"2 minutes"},"schema":{"@context":"https:\/\/schema.org","@graph":[{"@type":"Article","@id":"https:\/\/unaymilletras.com\/alex-ubago-lleva-20-anos-a-latinoamerica\/#article","isPartOf":{"@id":"https:\/\/unaymilletras.com\/alex-ubago-lleva-20-anos-a-latinoamerica\/"},"author":{"name":"Maria Gil Robledo","@id":"http:\/\/unaymilletras.com\/#\/schema\/person\/d55ba681b8a4e463d8982dbe36a5dc94"},"headline":"Alex Ubago lleva \u201c20 a\u00f1os\u201d a Latinoam\u00e9rica","datePublished":"2023-11-06T12:22:21+00:00","dateModified":"2023-11-06T12:25:26+00:00","mainEntityOfPage":{"@id":"https:\/\/unaymilletras.com\/alex-ubago-lleva-20-anos-a-latinoamerica\/"},"wordCount":391,"commentCount":0,"publisher":{"@id":"http:\/\/unaymilletras.com\/#organization"},"image":{"@id":"https:\/\/unaymilletras.com\/alex-ubago-lleva-20-anos-a-latinoamerica\/#primaryimage"},"thumbnailUrl":"https:\/\/unaymilletras.com\/wp-content\/uploads\/2023\/11\/AU-e1699272625763.jpeg","articleSection":["Eventos","M\u00fasica"],"inLanguage":"en-GB","potentialAction":[{"@type":"CommentAction","name":"Comment","target":["https:\/\/unaymilletras.com\/alex-ubago-lleva-20-anos-a-latinoamerica\/#respond"]}]},{"@type":"WebPage","@id":"https:\/\/unaymilletras.com\/alex-ubago-lleva-20-anos-a-latinoamerica\/","url":"https:\/\/unaymilletras.com\/alex-ubago-lleva-20-anos-a-latinoamerica\/","name":"Alex Ubago lleva \u201c20 a\u00f1os\u201d a Latinoam\u00e9rica &#8902; Una y Mil Letras","isPartOf":{"@id":"http:\/\/unaymilletras.com\/#website"},"primaryImageOfPage":{"@id":"https:\/\/unaymilletras.com\/alex-ubago-lleva-20-anos-a-latinoamerica\/#primaryimage"},"image":{"@id":"https:\/\/unaymilletras.com\/alex-ubago-lleva-20-anos-a-latinoamerica\/#primaryimage"},"thumbnailUrl":"https:\/\/unaymilletras.com\/wp-content\/uploads\/2023\/11\/AU-e1699272625763.jpeg","datePublished":"2023-11-06T12:22:21+00:00","dateModified":"2023-11-06T12:25:26+00:00","description":"Argentina, Uruguay, Chile, Per\u00fa, Venezuela, Costa Rica esperan a Alex Ubago con las entradas pr\u00e1cticamente agotadas","breadcrumb":{"@id":"https:\/\/unaymilletras.com\/alex-ubago-lleva-20-anos-a-latinoamerica\/#breadcrumb"},"inLanguage":"en-GB","potentialAction":[{"@type":"ReadAction","target":["https:\/\/unaymilletras.com\/alex-ubago-lleva-20-anos-a-latinoamerica\/"]}]},{"@type":"ImageObject","inLanguage":"en-GB","@id":"https:\/\/unaymilletras.com\/alex-ubago-lleva-20-anos-a-latinoamerica\/#primaryimage","url":"https:\/\/unaymilletras.com\/wp-content\/uploads\/2023\/11\/AU-e1699272625763.jpeg","contentUrl":"https:\/\/unaymilletras.com\/wp-content\/uploads\/2023\/11\/AU-e1699272625763.jpeg","width":600,"height":600,"caption":"Alex Ubago"},{"@type":"BreadcrumbList","@id":"https:\/\/unaymilletras.com\/alex-ubago-lleva-20-anos-a-latinoamerica\/#breadcrumb","itemListElement":[{"@type":"ListItem","position":1,"name":"Home","item":"http:\/\/unaymilletras.com\/"},{"@type":"ListItem","position":2,"name":"Alex Ubago lleva \u201c20 a\u00f1os\u201d a Latinoam\u00e9rica"}]},{"@type":"WebSite","@id":"http:\/\/unaymilletras.com\/#website","url":"http:\/\/unaymilletras.com\/","name":"Una y Mil Letras","description":"","publisher":{"@id":"http:\/\/unaymilletras.com\/#organization"},"potentialAction":[{"@type":"SearchAction","target":{"@type":"EntryPoint","urlTemplate":"http:\/\/unaymilletras.com\/?s={search_term_string}"},"query-input":{"@type":"PropertyValueSpecification","valueRequired":true,"valueName":"search_term_string"}}],"inLanguage":"en-GB"},{"@type":"Organization","@id":"http:\/\/unaymilletras.com\/#organization","name":"Una y Mil Letras","url":"http:\/\/unaymilletras.com\/","logo":{"@type":"ImageObject","inLanguage":"en-GB","@id":"http:\/\/unaymilletras.com\/#\/schema\/logo\/image\/","url":"https:\/\/unaymilletras.com\/wp-content\/uploads\/2024\/06\/cropped-Logo-removebg-preview.png","contentUrl":"https:\/\/unaymilletras.com\/wp-content\/uploads\/2024\/06\/cropped-Logo-removebg-preview.png","width":512,"height":512,"caption":"Una y Mil Letras"},"image":{"@id":"http:\/\/unaymilletras.com\/#\/schema\/logo\/image\/"},"sameAs":["https:\/\/x.com\/UnaYMilLetras","https:\/\/instagram.com\/UnaYMilLetras"]},{"@type":"Person","@id":"http:\/\/unaymilletras.com\/#\/schema\/person\/d55ba681b8a4e463d8982dbe36a5dc94","name":"Maria Gil Robledo","image":{"@type":"ImageObject","inLanguage":"en-GB","@id":"https:\/\/secure.gravatar.com\/avatar\/4b8e5102e0015789407eb4870b12f0f2857952d83ca124058f92b764bd1840c3?s=96&d=mm&r=g","url":"https:\/\/secure.gravatar.com\/avatar\/4b8e5102e0015789407eb4870b12f0f2857952d83ca124058f92b764bd1840c3?s=96&d=mm&r=g","contentUrl":"https:\/\/secure.gravatar.com\/avatar\/4b8e5102e0015789407eb4870b12f0f2857952d83ca124058f92b764bd1840c3?s=96&d=mm&r=g","caption":"Maria Gil Robledo"},"sameAs":["http:\/\/unaymilletras.com"],"url":"https:\/\/unaymilletras.com\/en\/author\/mariiagiil02_\/"}]}},"_links":{"self":[{"href":"https:\/\/unaymilletras.com\/en\/wp-json\/wp\/v2\/posts\/1468","targetHints":{"allow":["GET"]}}],"collection":[{"href":"https:\/\/unaymilletras.com\/en\/wp-json\/wp\/v2\/posts"}],"about":[{"href":"https:\/\/unaymilletras.com\/en\/wp-json\/wp\/v2\/types\/post"}],"author":[{"embeddable":true,"href":"https:\/\/unaymilletras.com\/en\/wp-json\/wp\/v2\/users\/1"}],"replies":[{"embeddable":true,"href":"https:\/\/unaymilletras.com\/en\/wp-json\/wp\/v2\/comments?post=1468"}],"version-history":[{"count":5,"href":"https:\/\/unaymilletras.com\/en\/wp-json\/wp\/v2\/posts\/1468\/revisions"}],"predecessor-version":[{"id":1474,"href":"https:\/\/unaymilletras.com\/en\/wp-json\/wp\/v2\/posts\/1468\/revisions\/1474"}],"wp:featuredmedia":[{"embeddable":true,"href":"https:\/\/unaymilletras.com\/en\/wp-json\/wp\/v2\/media\/1470"}],"wp:attachment":[{"href":"https:\/\/unaymilletras.com\/en\/wp-json\/wp\/v2\/media?parent=1468"}],"wp:term":[{"taxonomy":"category","embeddable":true,"href":"https:\/\/unaymilletras.com\/en\/wp-json\/wp\/v2\/categories?post=1468"},{"taxonomy":"post_tag","embeddable":true,"href":"https:\/\/unaymilletras.com\/en\/wp-json\/wp\/v2\/tags?post=1468"}],"curies":[{"name":"wp","href":"https:\/\/api.w.org\/{rel}","templated":true}]}}