{"id":1475,"date":"2023-11-08T12:55:45","date_gmt":"2023-11-08T11:55:45","guid":{"rendered":"https:\/\/unaymilletras.com\/?p=1475"},"modified":"2023-11-08T13:00:03","modified_gmt":"2023-11-08T12:00:03","slug":"ive-anuncia-su-primera-gira-mundial-show-what-i-have-con-parada-en-barcelona","status":"publish","type":"post","link":"https:\/\/unaymilletras.com\/en\/ive-anuncia-su-primera-gira-mundial-show-what-i-have-con-parada-en-barcelona\/","title":{"rendered":"IVE Anuncia su Primera Gira Mundial \u00abSHOW WHAT I HAVE\u00bb, con parada en Barcelona"},"content":{"rendered":"<div data-elementor-type=\"wp-post\" data-elementor-id=\"1475\" class=\"elementor elementor-1475\">\n\t\t\t\t\t\t<section class=\"elementor-section elementor-top-section elementor-element elementor-element-d0d8113 elementor-section-boxed elementor-section-height-default elementor-section-height-default\" data-id=\"d0d8113\" data-element_type=\"section\" data-e-type=\"section\">\n\t\t\t\t\t\t<div class=\"elementor-container elementor-column-gap-default\">\n\t\t\t\t\t<div class=\"elementor-column elementor-col-100 elementor-top-column elementor-element elementor-element-1f7be71\" data-id=\"1f7be71\" data-element_type=\"column\" data-e-type=\"column\">\n\t\t\t<div class=\"elementor-widget-wrap elementor-element-populated\">\n\t\t\t\t\t\t<div class=\"elementor-element elementor-element-dac7133 elementor-widget elementor-widget-text-editor\" data-id=\"dac7133\" data-element_type=\"widget\" data-e-type=\"widget\" data-widget_type=\"text-editor.default\">\n\t\t\t\t<div class=\"elementor-widget-container\">\n\t\t\t\t\t\t\t\t\t<h2><span style=\"color: #808080;\">El fen\u00f3meno del K-Pop, IVE, anuncia su gira mundial que contar\u00e1 con 24 paradas en todo el mundo<\/span><\/h2>\t\t\t\t\t\t\t\t<\/div>\n\t\t\t\t<\/div>\n\t\t\t\t\t<\/div>\n\t\t<\/div>\n\t\t\t\t\t<\/div>\n\t\t<\/section>\n\t\t\t\t<section class=\"elementor-section elementor-top-section elementor-element elementor-element-596867d elementor-section-boxed elementor-section-height-default elementor-section-height-default\" data-id=\"596867d\" data-element_type=\"section\" data-e-type=\"section\">\n\t\t\t\t\t\t<div class=\"elementor-container elementor-column-gap-default\">\n\t\t\t\t\t<div class=\"elementor-column elementor-col-100 elementor-top-column elementor-element elementor-element-ad9c985\" data-id=\"ad9c985\" data-element_type=\"column\" data-e-type=\"column\">\n\t\t\t<div class=\"elementor-widget-wrap elementor-element-populated\">\n\t\t\t\t\t\t<div class=\"elementor-element elementor-element-f005d24 elementor-widget elementor-widget-text-editor\" data-id=\"f005d24\" data-element_type=\"widget\" data-e-type=\"widget\" data-widget_type=\"text-editor.default\">\n\t\t\t\t<div class=\"elementor-widget-container\">\n\t\t\t\t\t\t\t\t\t<p><b>IVE<\/b>, uno de los grupos de K-Pop m\u00e1s prometedores de la actualidad, ha dado a conocer su primera gira mundial, <i><b>SHOW WHAT I HAVE<\/b><\/i>. Esta gira, con un total de 24 fechas, llevar\u00e1 a IVE a m\u00faltiples continentes, incluyendo el Sudeste Asi\u00e1tico, Norteam\u00e9rica, Europa, Reino Unido, Sudam\u00e9rica, Asia Oriental y Australia.<\/p><p>El grupo IVE se form\u00f3 en 2021 y ha disfrutado de un gran \u00e9xito, especialmente con el lanzamiento de su primer sencillo <b><i>&lt;IVE&gt;<\/i><\/b>. Recientemente, sorprendieron al mundo de la m\u00fasica con su \u00e1lbum de larga duraci\u00f3n <em><strong>&lt;I&#8217;ve IVE&gt;<\/strong><\/em>, que logr\u00f3 vender m\u00e1s de 1,1 millones de copias en su primera semana. La gira <em>SHOW WHAT I HAVE<\/em>\u00a0marc\u00f3 su debut internacional con dos exitosos conciertos agotados en Se\u00fal.<\/p>\t\t\t\t\t\t\t\t<\/div>\n\t\t\t\t<\/div>\n\t\t\t\t\t<\/div>\n\t\t<\/div>\n\t\t\t\t\t<\/div>\n\t\t<\/section>\n\t\t\t\t<section class=\"elementor-section elementor-top-section elementor-element elementor-element-7ba3254 elementor-section-boxed elementor-section-height-default elementor-section-height-default\" data-id=\"7ba3254\" data-element_type=\"section\" data-e-type=\"section\">\n\t\t\t\t\t\t<div class=\"elementor-container elementor-column-gap-default\">\n\t\t\t\t\t<div class=\"elementor-column elementor-col-100 elementor-top-column elementor-element elementor-element-a42f8fe\" data-id=\"a42f8fe\" data-element_type=\"column\" data-e-type=\"column\">\n\t\t\t<div class=\"elementor-widget-wrap elementor-element-populated\">\n\t\t\t\t\t\t<div class=\"elementor-element elementor-element-b08cb74 elementor-widget elementor-widget-image\" data-id=\"b08cb74\" data-element_type=\"widget\" data-e-type=\"widget\" data-widget_type=\"image.default\">\n\t\t\t\t<div class=\"elementor-widget-container\">\n\t\t\t\t\t\t\t\t\t\t\t\t\t\t\t<img fetchpriority=\"high\" decoding=\"async\" width=\"640\" height=\"640\" src=\"https:\/\/unaymilletras.com\/wp-content\/uploads\/2023\/11\/IVE-Post-1200x1200-1-1024x1024.jpg\" class=\"attachment-large size-large wp-image-1478\" alt=\"IVE\" srcset=\"https:\/\/unaymilletras.com\/wp-content\/uploads\/2023\/11\/IVE-Post-1200x1200-1-1024x1024.jpg 1024w, https:\/\/unaymilletras.com\/wp-content\/uploads\/2023\/11\/IVE-Post-1200x1200-1-300x300.jpg 300w, https:\/\/unaymilletras.com\/wp-content\/uploads\/2023\/11\/IVE-Post-1200x1200-1-150x150.jpg 150w, https:\/\/unaymilletras.com\/wp-content\/uploads\/2023\/11\/IVE-Post-1200x1200-1-768x768.jpg 768w, https:\/\/unaymilletras.com\/wp-content\/uploads\/2023\/11\/IVE-Post-1200x1200-1-e1699444158728.jpg 600w\" sizes=\"(max-width: 640px) 100vw, 640px\" \/>\t\t\t\t\t\t\t\t\t\t\t\t\t\t\t<\/div>\n\t\t\t\t<\/div>\n\t\t\t\t\t<\/div>\n\t\t<\/div>\n\t\t\t\t\t<\/div>\n\t\t<\/section>\n\t\t\t\t<section class=\"elementor-section elementor-top-section elementor-element elementor-element-b62711f elementor-section-boxed elementor-section-height-default elementor-section-height-default\" data-id=\"b62711f\" data-element_type=\"section\" data-e-type=\"section\">\n\t\t\t\t\t\t<div class=\"elementor-container elementor-column-gap-default\">\n\t\t\t\t\t<div class=\"elementor-column elementor-col-100 elementor-top-column elementor-element elementor-element-18ceee5\" data-id=\"18ceee5\" data-element_type=\"column\" data-e-type=\"column\">\n\t\t\t<div class=\"elementor-widget-wrap elementor-element-populated\">\n\t\t\t\t\t\t<div class=\"elementor-element elementor-element-ec72a80 elementor-widget elementor-widget-text-editor\" data-id=\"ec72a80\" data-element_type=\"widget\" data-e-type=\"widget\" data-widget_type=\"text-editor.default\">\n\t\t\t\t<div class=\"elementor-widget-container\">\n\t\t\t\t\t\t\t\t\t<p>Los fan\u00e1ticos de IVE en Espa\u00f1a tendr\u00e1n la oportunidad de ver al grupo en acci\u00f3n el <strong>7 de junio de 2024<\/strong>\u00a0en el <strong>Palau Sant Jordi<\/strong> de <strong>Barcelona<\/strong>. Las entradas para este tan esperado concierto estar\u00e1n disponibles a partir del 17 de noviembre en <strong>Livenation<\/strong> y <strong>Ticketmaster<\/strong>.<\/p><p>Para brindar acceso exclusivo a sus seguidores, habr\u00e1 dos preventas. Los titulares de tarjetas del banco Santander podr\u00e1n acceder a la preventa Santander SMusic el 15 de noviembre, mientras que los usuarios registrados en livenation.es podr\u00e1n disfrutar de la preventa de Live Nation el 16 de noviembre.<\/p><p>IVE ha estado en constante ascenso desde su debut en 2021, y su \u00e9xito se ha consolidado a\u00fan m\u00e1s con \u00e9xitos como <strong><em>ELEVEN<\/em><\/strong>, <em><strong>LOVE DIVE<\/strong><\/em> <span style=\"color: #808080;\">y <em><strong><a style=\"color: #808080;\" href=\"https:\/\/open.spotify.com\/intl-es\/track\/2gYj9lubBorOPIVWsTXugG?si=3208f38cf34f417b\">After LIKE<\/a><\/strong><\/em>. El grupo ha demostra<\/span>do ser un \u00abMillion Seller\u00bb en repetidas ocasiones, y su \u00e1lbum de larga duraci\u00f3n <strong><em>&lt;I&#8217;ve IVE&gt;<\/em><\/strong>\u00a0ha vendido m\u00e1s de 1,6 millones de copias.<\/p>\t\t\t\t\t\t\t\t<\/div>\n\t\t\t\t<\/div>\n\t\t\t\t\t<\/div>\n\t\t<\/div>\n\t\t\t\t\t<\/div>\n\t\t<\/section>\n\t\t\t\t<section class=\"elementor-section elementor-top-section elementor-element elementor-element-07ea1d3 elementor-section-boxed elementor-section-height-default elementor-section-height-default\" data-id=\"07ea1d3\" data-element_type=\"section\" data-e-type=\"section\">\n\t\t\t\t\t\t<div class=\"elementor-container elementor-column-gap-default\">\n\t\t\t\t\t<div class=\"elementor-column elementor-col-100 elementor-top-column elementor-element elementor-element-33c88ba\" data-id=\"33c88ba\" data-element_type=\"column\" data-e-type=\"column\">\n\t\t\t<div class=\"elementor-widget-wrap elementor-element-populated\">\n\t\t\t\t\t\t<div class=\"elementor-element elementor-element-30cc2f3 elementor-widget elementor-widget-text-editor\" data-id=\"30cc2f3\" data-element_type=\"widget\" data-e-type=\"widget\" data-widget_type=\"text-editor.default\">\n\t\t\t\t<div class=\"elementor-widget-container\">\n\t\t\t\t\t\t\t\t\t<p><strong>13 de enero: Jakarta, ICE BSD CITY HALL 5-6.<\/strong><\/p><p><strong>14 de enero: Jakarta, ICE BSD CITY HALL 5-6.<\/strong><\/p><p><strong>27 de enero: Bangkok, Impact Arena.<\/strong><\/p><p><strong>17 de febrero: Kuala Lumpur, Axiata Arena.<\/strong><\/p><p><strong>24 de febrero: Singapur, Singapore Indoor Stadium.<\/strong><\/p><p><strong>2 de marzo: Taipei, NTSU Arena (LINKOU Arena).<\/strong><\/p><p><strong>13 de marzo: Los \u00c1ngeles, The Kia Forum.<\/strong><\/p><p><strong>16 de marzo: Oakland, Oakland Arena.<\/strong><\/p><p><strong>20 de marzo: Fort Worth, Dickies Arena.<\/strong><\/p><p><strong>24 de marzo: Atlanta, State Farm Arena.<\/strong><\/p><p><strong>26 de marzo: Rosemont, Allstate Arena.<\/strong><\/p><p><strong>29 de marzo: Newark, Prudential Center.<\/strong><\/p><p><strong>4 de junio: Par\u00eds, Accor Arena.<\/strong><\/p><p><strong>7 de junio: Barcelona, Palau Sant Jordi.<\/strong><\/p><p><strong>10 de junio: Berl\u00edn, Mercedes-Benz Arena.<\/strong><\/p><p><strong>13 de junio: \u00c1msterdam, Ziggo Dome.<\/strong><\/p><p><strong>16 de junio: Londres, The O2.<\/strong><\/p><p><strong>23 de junio: Ciudad de M\u00e9xico, Palacio De Los Deportes.<\/strong><\/p><p><strong>26 de junio: S\u00e3o Paulo, Espa\u00e7o Unimed.<\/strong><\/p><p><strong>30 de junio: Santiago, Movistar Arena.<\/strong><\/p><p><strong>6 de julio: Hong Kong, AsiaWorld-Arena.<\/strong><\/p><p><strong>13 de julio: Manila, SM Mall of Asia Arena.<\/strong><\/p><p><strong>25 de julio: Melbourne, Rod Laver Arena.<\/strong><\/p><p><strong>28 de julio: S\u00eddney, Qudos Bank Arena.<\/strong><\/p>\t\t\t\t\t\t\t\t<\/div>\n\t\t\t\t<\/div>\n\t\t\t\t\t<\/div>\n\t\t<\/div>\n\t\t\t\t\t<\/div>\n\t\t<\/section>\n\t\t\t\t<\/div>","protected":false},"excerpt":{"rendered":"<p>El fen\u00f3meno del K-Pop, IVE, anuncia su gira mundial que contar\u00e1 con 24 paradas en todo el mundo IVE, uno de los grupos de K-Pop m\u00e1s prometedores de la actualidad, ha dado a conocer su primera gira mundial, SHOW WHAT I HAVE. Esta gira, con un total de 24 fechas, llevar\u00e1 a IVE a m\u00faltiples [&hellip;]<\/p>\n","protected":false},"author":1,"featured_media":1478,"comment_status":"open","ping_status":"open","sticky":false,"template":"","format":"standard","meta":{"footnotes":""},"categories":[119,4],"tags":[],"class_list":["post-1475","post","type-post","status-publish","format-standard","has-post-thumbnail","hentry","category-eventos","category-musica"],"yoast_head":"<!-- This site is optimized with the Yoast SEO plugin v27.4 - https:\/\/yoast.com\/product\/yoast-seo-wordpress\/ -->\n<title>IVE Anuncia su Primera Gira Mundial &quot;SHOW WHAT I HAVE&quot;, con parada en Barcelona &#8902; Una y Mil Letras<\/title>\n<meta name=\"description\" content=\"El fen\u00f3meno del K-Pop, IVE, anuncia su gira mundial que contar\u00e1 con 24 paradas en todo el mundo, una de ellas Barcelona, Espa\u00f1a\" \/>\n<meta name=\"robots\" content=\"index, follow, max-snippet:-1, max-image-preview:large, max-video-preview:-1\" \/>\n<link rel=\"canonical\" href=\"https:\/\/unaymilletras.com\/en\/ive-anuncia-su-primera-gira-mundial-show-what-i-have-con-parada-en-barcelona\/\" \/>\n<meta property=\"og:locale\" content=\"en_GB\" \/>\n<meta property=\"og:type\" content=\"article\" \/>\n<meta property=\"og:title\" content=\"IVE Anuncia su Primera Gira Mundial &quot;SHOW WHAT I HAVE&quot;, con parada en Barcelona &#8902; Una y Mil Letras\" \/>\n<meta property=\"og:description\" content=\"El fen\u00f3meno del K-Pop, IVE, anuncia su gira mundial que contar\u00e1 con 24 paradas en todo el mundo, una de ellas Barcelona, Espa\u00f1a\" \/>\n<meta property=\"og:url\" content=\"https:\/\/unaymilletras.com\/en\/ive-anuncia-su-primera-gira-mundial-show-what-i-have-con-parada-en-barcelona\/\" \/>\n<meta property=\"og:site_name\" content=\"Una y Mil Letras\" \/>\n<meta property=\"article:published_time\" content=\"2023-11-08T11:55:45+00:00\" \/>\n<meta property=\"article:modified_time\" content=\"2023-11-08T12:00:03+00:00\" \/>\n<meta property=\"og:image\" content=\"http:\/\/unaymilletras.com\/wp-content\/uploads\/2023\/11\/IVE-Post-1200x1200-1-e1699444158728.jpg\" \/>\n\t<meta property=\"og:image:width\" content=\"600\" \/>\n\t<meta property=\"og:image:height\" content=\"600\" \/>\n\t<meta property=\"og:image:type\" content=\"image\/jpeg\" \/>\n<meta name=\"author\" content=\"Maria Gil Robledo\" \/>\n<meta name=\"twitter:card\" content=\"summary_large_image\" \/>\n<meta name=\"twitter:creator\" content=\"@UnaYMilLetras\" \/>\n<meta name=\"twitter:site\" content=\"@UnaYMilLetras\" \/>\n<meta name=\"twitter:label1\" content=\"Written by\" \/>\n\t<meta name=\"twitter:data1\" content=\"Maria Gil Robledo\" \/>\n\t<meta name=\"twitter:label2\" content=\"Estimated reading time\" \/>\n\t<meta name=\"twitter:data2\" content=\"3 minutes\" \/>\n<script type=\"application\/ld+json\" class=\"yoast-schema-graph\">{\"@context\":\"https:\\\/\\\/schema.org\",\"@graph\":[{\"@type\":\"Article\",\"@id\":\"https:\\\/\\\/unaymilletras.com\\\/ive-anuncia-su-primera-gira-mundial-show-what-i-have-con-parada-en-barcelona\\\/#article\",\"isPartOf\":{\"@id\":\"https:\\\/\\\/unaymilletras.com\\\/ive-anuncia-su-primera-gira-mundial-show-what-i-have-con-parada-en-barcelona\\\/\"},\"author\":{\"name\":\"Maria Gil Robledo\",\"@id\":\"http:\\\/\\\/unaymilletras.com\\\/#\\\/schema\\\/person\\\/d55ba681b8a4e463d8982dbe36a5dc94\"},\"headline\":\"IVE Anuncia su Primera Gira Mundial \u00abSHOW WHAT I HAVE\u00bb, con parada en Barcelona\",\"datePublished\":\"2023-11-08T11:55:45+00:00\",\"dateModified\":\"2023-11-08T12:00:03+00:00\",\"mainEntityOfPage\":{\"@id\":\"https:\\\/\\\/unaymilletras.com\\\/ive-anuncia-su-primera-gira-mundial-show-what-i-have-con-parada-en-barcelona\\\/\"},\"wordCount\":470,\"commentCount\":0,\"publisher\":{\"@id\":\"http:\\\/\\\/unaymilletras.com\\\/#organization\"},\"image\":{\"@id\":\"https:\\\/\\\/unaymilletras.com\\\/ive-anuncia-su-primera-gira-mundial-show-what-i-have-con-parada-en-barcelona\\\/#primaryimage\"},\"thumbnailUrl\":\"https:\\\/\\\/unaymilletras.com\\\/wp-content\\\/uploads\\\/2023\\\/11\\\/IVE-Post-1200x1200-1-e1699444158728.jpg\",\"articleSection\":[\"Eventos\",\"M\u00fasica\"],\"inLanguage\":\"en-GB\",\"potentialAction\":[{\"@type\":\"CommentAction\",\"name\":\"Comment\",\"target\":[\"https:\\\/\\\/unaymilletras.com\\\/ive-anuncia-su-primera-gira-mundial-show-what-i-have-con-parada-en-barcelona\\\/#respond\"]}]},{\"@type\":\"WebPage\",\"@id\":\"https:\\\/\\\/unaymilletras.com\\\/ive-anuncia-su-primera-gira-mundial-show-what-i-have-con-parada-en-barcelona\\\/\",\"url\":\"https:\\\/\\\/unaymilletras.com\\\/ive-anuncia-su-primera-gira-mundial-show-what-i-have-con-parada-en-barcelona\\\/\",\"name\":\"IVE Anuncia su Primera Gira Mundial \\\"SHOW WHAT I HAVE\\\", con parada en Barcelona &#8902; Una y Mil Letras\",\"isPartOf\":{\"@id\":\"http:\\\/\\\/unaymilletras.com\\\/#website\"},\"primaryImageOfPage\":{\"@id\":\"https:\\\/\\\/unaymilletras.com\\\/ive-anuncia-su-primera-gira-mundial-show-what-i-have-con-parada-en-barcelona\\\/#primaryimage\"},\"image\":{\"@id\":\"https:\\\/\\\/unaymilletras.com\\\/ive-anuncia-su-primera-gira-mundial-show-what-i-have-con-parada-en-barcelona\\\/#primaryimage\"},\"thumbnailUrl\":\"https:\\\/\\\/unaymilletras.com\\\/wp-content\\\/uploads\\\/2023\\\/11\\\/IVE-Post-1200x1200-1-e1699444158728.jpg\",\"datePublished\":\"2023-11-08T11:55:45+00:00\",\"dateModified\":\"2023-11-08T12:00:03+00:00\",\"description\":\"El fen\u00f3meno del K-Pop, IVE, anuncia su gira mundial que contar\u00e1 con 24 paradas en todo el mundo, una de ellas Barcelona, Espa\u00f1a\",\"breadcrumb\":{\"@id\":\"https:\\\/\\\/unaymilletras.com\\\/ive-anuncia-su-primera-gira-mundial-show-what-i-have-con-parada-en-barcelona\\\/#breadcrumb\"},\"inLanguage\":\"en-GB\",\"potentialAction\":[{\"@type\":\"ReadAction\",\"target\":[\"https:\\\/\\\/unaymilletras.com\\\/ive-anuncia-su-primera-gira-mundial-show-what-i-have-con-parada-en-barcelona\\\/\"]}]},{\"@type\":\"ImageObject\",\"inLanguage\":\"en-GB\",\"@id\":\"https:\\\/\\\/unaymilletras.com\\\/ive-anuncia-su-primera-gira-mundial-show-what-i-have-con-parada-en-barcelona\\\/#primaryimage\",\"url\":\"https:\\\/\\\/unaymilletras.com\\\/wp-content\\\/uploads\\\/2023\\\/11\\\/IVE-Post-1200x1200-1-e1699444158728.jpg\",\"contentUrl\":\"https:\\\/\\\/unaymilletras.com\\\/wp-content\\\/uploads\\\/2023\\\/11\\\/IVE-Post-1200x1200-1-e1699444158728.jpg\",\"width\":600,\"height\":600,\"caption\":\"IVE\"},{\"@type\":\"BreadcrumbList\",\"@id\":\"https:\\\/\\\/unaymilletras.com\\\/ive-anuncia-su-primera-gira-mundial-show-what-i-have-con-parada-en-barcelona\\\/#breadcrumb\",\"itemListElement\":[{\"@type\":\"ListItem\",\"position\":1,\"name\":\"Home\",\"item\":\"http:\\\/\\\/unaymilletras.com\\\/\"},{\"@type\":\"ListItem\",\"position\":2,\"name\":\"IVE Anuncia su Primera Gira Mundial \u00abSHOW WHAT I HAVE\u00bb, con parada en Barcelona\"}]},{\"@type\":\"WebSite\",\"@id\":\"http:\\\/\\\/unaymilletras.com\\\/#website\",\"url\":\"http:\\\/\\\/unaymilletras.com\\\/\",\"name\":\"Una y Mil Letras\",\"description\":\"\",\"publisher\":{\"@id\":\"http:\\\/\\\/unaymilletras.com\\\/#organization\"},\"potentialAction\":[{\"@type\":\"SearchAction\",\"target\":{\"@type\":\"EntryPoint\",\"urlTemplate\":\"http:\\\/\\\/unaymilletras.com\\\/?s={search_term_string}\"},\"query-input\":{\"@type\":\"PropertyValueSpecification\",\"valueRequired\":true,\"valueName\":\"search_term_string\"}}],\"inLanguage\":\"en-GB\"},{\"@type\":\"Organization\",\"@id\":\"http:\\\/\\\/unaymilletras.com\\\/#organization\",\"name\":\"Una y Mil Letras\",\"url\":\"http:\\\/\\\/unaymilletras.com\\\/\",\"logo\":{\"@type\":\"ImageObject\",\"inLanguage\":\"en-GB\",\"@id\":\"http:\\\/\\\/unaymilletras.com\\\/#\\\/schema\\\/logo\\\/image\\\/\",\"url\":\"https:\\\/\\\/unaymilletras.com\\\/wp-content\\\/uploads\\\/2024\\\/06\\\/cropped-Logo-removebg-preview.png\",\"contentUrl\":\"https:\\\/\\\/unaymilletras.com\\\/wp-content\\\/uploads\\\/2024\\\/06\\\/cropped-Logo-removebg-preview.png\",\"width\":512,\"height\":512,\"caption\":\"Una y Mil Letras\"},\"image\":{\"@id\":\"http:\\\/\\\/unaymilletras.com\\\/#\\\/schema\\\/logo\\\/image\\\/\"},\"sameAs\":[\"https:\\\/\\\/x.com\\\/UnaYMilLetras\",\"https:\\\/\\\/instagram.com\\\/UnaYMilLetras\"]},{\"@type\":\"Person\",\"@id\":\"http:\\\/\\\/unaymilletras.com\\\/#\\\/schema\\\/person\\\/d55ba681b8a4e463d8982dbe36a5dc94\",\"name\":\"Maria Gil Robledo\",\"image\":{\"@type\":\"ImageObject\",\"inLanguage\":\"en-GB\",\"@id\":\"https:\\\/\\\/secure.gravatar.com\\\/avatar\\\/4b8e5102e0015789407eb4870b12f0f2857952d83ca124058f92b764bd1840c3?s=96&d=mm&r=g\",\"url\":\"https:\\\/\\\/secure.gravatar.com\\\/avatar\\\/4b8e5102e0015789407eb4870b12f0f2857952d83ca124058f92b764bd1840c3?s=96&d=mm&r=g\",\"contentUrl\":\"https:\\\/\\\/secure.gravatar.com\\\/avatar\\\/4b8e5102e0015789407eb4870b12f0f2857952d83ca124058f92b764bd1840c3?s=96&d=mm&r=g\",\"caption\":\"Maria Gil Robledo\"},\"sameAs\":[\"http:\\\/\\\/unaymilletras.com\"],\"url\":\"https:\\\/\\\/unaymilletras.com\\\/en\\\/author\\\/mariiagiil02_\\\/\"}]}<\/script>\n<!-- \/ Yoast SEO plugin. -->","yoast_head_json":{"title":"IVE Anuncia su Primera Gira Mundial \"SHOW WHAT I HAVE\", con parada en Barcelona &#8902; Una y Mil Letras","description":"El fen\u00f3meno del K-Pop, IVE, anuncia su gira mundial que contar\u00e1 con 24 paradas en todo el mundo, una de ellas Barcelona, Espa\u00f1a","robots":{"index":"index","follow":"follow","max-snippet":"max-snippet:-1","max-image-preview":"max-image-preview:large","max-video-preview":"max-video-preview:-1"},"canonical":"https:\/\/unaymilletras.com\/en\/ive-anuncia-su-primera-gira-mundial-show-what-i-have-con-parada-en-barcelona\/","og_locale":"en_GB","og_type":"article","og_title":"IVE Anuncia su Primera Gira Mundial \"SHOW WHAT I HAVE\", con parada en Barcelona &#8902; Una y Mil Letras","og_description":"El fen\u00f3meno del K-Pop, IVE, anuncia su gira mundial que contar\u00e1 con 24 paradas en todo el mundo, una de ellas Barcelona, Espa\u00f1a","og_url":"https:\/\/unaymilletras.com\/en\/ive-anuncia-su-primera-gira-mundial-show-what-i-have-con-parada-en-barcelona\/","og_site_name":"Una y Mil Letras","article_published_time":"2023-11-08T11:55:45+00:00","article_modified_time":"2023-11-08T12:00:03+00:00","og_image":[{"width":600,"height":600,"url":"http:\/\/unaymilletras.com\/wp-content\/uploads\/2023\/11\/IVE-Post-1200x1200-1-e1699444158728.jpg","type":"image\/jpeg"}],"author":"Maria Gil Robledo","twitter_card":"summary_large_image","twitter_creator":"@UnaYMilLetras","twitter_site":"@UnaYMilLetras","twitter_misc":{"Written by":"Maria Gil Robledo","Estimated reading time":"3 minutes"},"schema":{"@context":"https:\/\/schema.org","@graph":[{"@type":"Article","@id":"https:\/\/unaymilletras.com\/ive-anuncia-su-primera-gira-mundial-show-what-i-have-con-parada-en-barcelona\/#article","isPartOf":{"@id":"https:\/\/unaymilletras.com\/ive-anuncia-su-primera-gira-mundial-show-what-i-have-con-parada-en-barcelona\/"},"author":{"name":"Maria Gil Robledo","@id":"http:\/\/unaymilletras.com\/#\/schema\/person\/d55ba681b8a4e463d8982dbe36a5dc94"},"headline":"IVE Anuncia su Primera Gira Mundial \u00abSHOW WHAT I HAVE\u00bb, con parada en Barcelona","datePublished":"2023-11-08T11:55:45+00:00","dateModified":"2023-11-08T12:00:03+00:00","mainEntityOfPage":{"@id":"https:\/\/unaymilletras.com\/ive-anuncia-su-primera-gira-mundial-show-what-i-have-con-parada-en-barcelona\/"},"wordCount":470,"commentCount":0,"publisher":{"@id":"http:\/\/unaymilletras.com\/#organization"},"image":{"@id":"https:\/\/unaymilletras.com\/ive-anuncia-su-primera-gira-mundial-show-what-i-have-con-parada-en-barcelona\/#primaryimage"},"thumbnailUrl":"https:\/\/unaymilletras.com\/wp-content\/uploads\/2023\/11\/IVE-Post-1200x1200-1-e1699444158728.jpg","articleSection":["Eventos","M\u00fasica"],"inLanguage":"en-GB","potentialAction":[{"@type":"CommentAction","name":"Comment","target":["https:\/\/unaymilletras.com\/ive-anuncia-su-primera-gira-mundial-show-what-i-have-con-parada-en-barcelona\/#respond"]}]},{"@type":"WebPage","@id":"https:\/\/unaymilletras.com\/ive-anuncia-su-primera-gira-mundial-show-what-i-have-con-parada-en-barcelona\/","url":"https:\/\/unaymilletras.com\/ive-anuncia-su-primera-gira-mundial-show-what-i-have-con-parada-en-barcelona\/","name":"IVE Anuncia su Primera Gira Mundial \"SHOW WHAT I HAVE\", con parada en Barcelona &#8902; Una y Mil Letras","isPartOf":{"@id":"http:\/\/unaymilletras.com\/#website"},"primaryImageOfPage":{"@id":"https:\/\/unaymilletras.com\/ive-anuncia-su-primera-gira-mundial-show-what-i-have-con-parada-en-barcelona\/#primaryimage"},"image":{"@id":"https:\/\/unaymilletras.com\/ive-anuncia-su-primera-gira-mundial-show-what-i-have-con-parada-en-barcelona\/#primaryimage"},"thumbnailUrl":"https:\/\/unaymilletras.com\/wp-content\/uploads\/2023\/11\/IVE-Post-1200x1200-1-e1699444158728.jpg","datePublished":"2023-11-08T11:55:45+00:00","dateModified":"2023-11-08T12:00:03+00:00","description":"El fen\u00f3meno del K-Pop, IVE, anuncia su gira mundial que contar\u00e1 con 24 paradas en todo el mundo, una de ellas Barcelona, Espa\u00f1a","breadcrumb":{"@id":"https:\/\/unaymilletras.com\/ive-anuncia-su-primera-gira-mundial-show-what-i-have-con-parada-en-barcelona\/#breadcrumb"},"inLanguage":"en-GB","potentialAction":[{"@type":"ReadAction","target":["https:\/\/unaymilletras.com\/ive-anuncia-su-primera-gira-mundial-show-what-i-have-con-parada-en-barcelona\/"]}]},{"@type":"ImageObject","inLanguage":"en-GB","@id":"https:\/\/unaymilletras.com\/ive-anuncia-su-primera-gira-mundial-show-what-i-have-con-parada-en-barcelona\/#primaryimage","url":"https:\/\/unaymilletras.com\/wp-content\/uploads\/2023\/11\/IVE-Post-1200x1200-1-e1699444158728.jpg","contentUrl":"https:\/\/unaymilletras.com\/wp-content\/uploads\/2023\/11\/IVE-Post-1200x1200-1-e1699444158728.jpg","width":600,"height":600,"caption":"IVE"},{"@type":"BreadcrumbList","@id":"https:\/\/unaymilletras.com\/ive-anuncia-su-primera-gira-mundial-show-what-i-have-con-parada-en-barcelona\/#breadcrumb","itemListElement":[{"@type":"ListItem","position":1,"name":"Home","item":"http:\/\/unaymilletras.com\/"},{"@type":"ListItem","position":2,"name":"IVE Anuncia su Primera Gira Mundial \u00abSHOW WHAT I HAVE\u00bb, con parada en Barcelona"}]},{"@type":"WebSite","@id":"http:\/\/unaymilletras.com\/#website","url":"http:\/\/unaymilletras.com\/","name":"Una y Mil Letras","description":"","publisher":{"@id":"http:\/\/unaymilletras.com\/#organization"},"potentialAction":[{"@type":"SearchAction","target":{"@type":"EntryPoint","urlTemplate":"http:\/\/unaymilletras.com\/?s={search_term_string}"},"query-input":{"@type":"PropertyValueSpecification","valueRequired":true,"valueName":"search_term_string"}}],"inLanguage":"en-GB"},{"@type":"Organization","@id":"http:\/\/unaymilletras.com\/#organization","name":"Una y Mil Letras","url":"http:\/\/unaymilletras.com\/","logo":{"@type":"ImageObject","inLanguage":"en-GB","@id":"http:\/\/unaymilletras.com\/#\/schema\/logo\/image\/","url":"https:\/\/unaymilletras.com\/wp-content\/uploads\/2024\/06\/cropped-Logo-removebg-preview.png","contentUrl":"https:\/\/unaymilletras.com\/wp-content\/uploads\/2024\/06\/cropped-Logo-removebg-preview.png","width":512,"height":512,"caption":"Una y Mil Letras"},"image":{"@id":"http:\/\/unaymilletras.com\/#\/schema\/logo\/image\/"},"sameAs":["https:\/\/x.com\/UnaYMilLetras","https:\/\/instagram.com\/UnaYMilLetras"]},{"@type":"Person","@id":"http:\/\/unaymilletras.com\/#\/schema\/person\/d55ba681b8a4e463d8982dbe36a5dc94","name":"Maria Gil Robledo","image":{"@type":"ImageObject","inLanguage":"en-GB","@id":"https:\/\/secure.gravatar.com\/avatar\/4b8e5102e0015789407eb4870b12f0f2857952d83ca124058f92b764bd1840c3?s=96&d=mm&r=g","url":"https:\/\/secure.gravatar.com\/avatar\/4b8e5102e0015789407eb4870b12f0f2857952d83ca124058f92b764bd1840c3?s=96&d=mm&r=g","contentUrl":"https:\/\/secure.gravatar.com\/avatar\/4b8e5102e0015789407eb4870b12f0f2857952d83ca124058f92b764bd1840c3?s=96&d=mm&r=g","caption":"Maria Gil Robledo"},"sameAs":["http:\/\/unaymilletras.com"],"url":"https:\/\/unaymilletras.com\/en\/author\/mariiagiil02_\/"}]}},"_links":{"self":[{"href":"https:\/\/unaymilletras.com\/en\/wp-json\/wp\/v2\/posts\/1475","targetHints":{"allow":["GET"]}}],"collection":[{"href":"https:\/\/unaymilletras.com\/en\/wp-json\/wp\/v2\/posts"}],"about":[{"href":"https:\/\/unaymilletras.com\/en\/wp-json\/wp\/v2\/types\/post"}],"author":[{"embeddable":true,"href":"https:\/\/unaymilletras.com\/en\/wp-json\/wp\/v2\/users\/1"}],"replies":[{"embeddable":true,"href":"https:\/\/unaymilletras.com\/en\/wp-json\/wp\/v2\/comments?post=1475"}],"version-history":[{"count":5,"href":"https:\/\/unaymilletras.com\/en\/wp-json\/wp\/v2\/posts\/1475\/revisions"}],"predecessor-version":[{"id":1481,"href":"https:\/\/unaymilletras.com\/en\/wp-json\/wp\/v2\/posts\/1475\/revisions\/1481"}],"wp:featuredmedia":[{"embeddable":true,"href":"https:\/\/unaymilletras.com\/en\/wp-json\/wp\/v2\/media\/1478"}],"wp:attachment":[{"href":"https:\/\/unaymilletras.com\/en\/wp-json\/wp\/v2\/media?parent=1475"}],"wp:term":[{"taxonomy":"category","embeddable":true,"href":"https:\/\/unaymilletras.com\/en\/wp-json\/wp\/v2\/categories?post=1475"},{"taxonomy":"post_tag","embeddable":true,"href":"https:\/\/unaymilletras.com\/en\/wp-json\/wp\/v2\/tags?post=1475"}],"curies":[{"name":"wp","href":"https:\/\/api.w.org\/{rel}","templated":true}]}}