{"id":1482,"date":"2023-11-10T17:05:26","date_gmt":"2023-11-10T16:05:26","guid":{"rendered":"https:\/\/unaymilletras.com\/?p=1482"},"modified":"2023-11-10T17:09:14","modified_gmt":"2023-11-10T16:09:14","slug":"lit-killah-lleva-a-madrid-al-espacio","status":"publish","type":"post","link":"https:\/\/unaymilletras.com\/en\/lit-killah-lleva-a-madrid-al-espacio\/","title":{"rendered":"Lit Killah lleva a Madrid al espacio"},"content":{"rendered":"<div data-elementor-type=\"wp-post\" data-elementor-id=\"1482\" class=\"elementor elementor-1482\">\n\t\t\t\t\t\t<section class=\"elementor-section elementor-top-section elementor-element elementor-element-7738ba7 elementor-section-boxed elementor-section-height-default elementor-section-height-default\" data-id=\"7738ba7\" data-element_type=\"section\" data-e-type=\"section\">\n\t\t\t\t\t\t<div class=\"elementor-container elementor-column-gap-default\">\n\t\t\t\t\t<div class=\"elementor-column elementor-col-100 elementor-top-column elementor-element elementor-element-b3f5409\" data-id=\"b3f5409\" data-element_type=\"column\" data-e-type=\"column\">\n\t\t\t<div class=\"elementor-widget-wrap elementor-element-populated\">\n\t\t\t\t\t\t<div class=\"elementor-element elementor-element-0709101 elementor-widget elementor-widget-text-editor\" data-id=\"0709101\" data-element_type=\"widget\" data-e-type=\"widget\" data-widget_type=\"text-editor.default\">\n\t\t\t\t<div class=\"elementor-widget-container\">\n\t\t\t\t\t\t\t\t\t<h2><span style=\"color: #808080;\"><em>Dos noches seguidas de sold out en la sala Chang\u00f3 de Madrid donde el argentino Lit Killah ha dado un show inigualable<\/em><\/span><\/h2>\t\t\t\t\t\t\t\t<\/div>\n\t\t\t\t<\/div>\n\t\t\t\t\t<\/div>\n\t\t<\/div>\n\t\t\t\t\t<\/div>\n\t\t<\/section>\n\t\t\t\t<section class=\"elementor-section elementor-top-section elementor-element elementor-element-a189d3b elementor-section-boxed elementor-section-height-default elementor-section-height-default\" data-id=\"a189d3b\" data-element_type=\"section\" data-e-type=\"section\">\n\t\t\t\t\t\t<div class=\"elementor-container elementor-column-gap-default\">\n\t\t\t\t\t<div class=\"elementor-column elementor-col-100 elementor-top-column elementor-element elementor-element-e14bdbb\" data-id=\"e14bdbb\" data-element_type=\"column\" data-e-type=\"column\">\n\t\t\t<div class=\"elementor-widget-wrap elementor-element-populated\">\n\t\t\t\t\t\t<div class=\"elementor-element elementor-element-8ad8301 elementor-widget elementor-widget-text-editor\" data-id=\"8ad8301\" data-element_type=\"widget\" data-e-type=\"widget\" data-widget_type=\"text-editor.default\">\n\t\t\t\t<div class=\"elementor-widget-container\">\n\t\t\t\t\t\t\t\t\t<p>A las 20:00 la sala <strong>Chang\u00f3<\/strong> de <strong>Madrid <\/strong>comenzaba a llenarse de fans ansiosos por ver a <strong>Lit Killah<\/strong> sobre el escenario. Dos noches seguidas en las que el argentino ha arrasado en Madrid con un show en el que todos han disfrutado, bailado y cantado.<\/p>\t\t\t\t\t\t\t\t<\/div>\n\t\t\t\t<\/div>\n\t\t\t\t\t<\/div>\n\t\t<\/div>\n\t\t\t\t\t<\/div>\n\t\t<\/section>\n\t\t\t\t<section class=\"elementor-section elementor-top-section elementor-element elementor-element-a21641f elementor-section-boxed elementor-section-height-default elementor-section-height-default\" data-id=\"a21641f\" data-element_type=\"section\" data-e-type=\"section\">\n\t\t\t\t\t\t<div class=\"elementor-container elementor-column-gap-default\">\n\t\t\t\t\t<div class=\"elementor-column elementor-col-50 elementor-top-column elementor-element elementor-element-db38a28\" data-id=\"db38a28\" data-element_type=\"column\" data-e-type=\"column\">\n\t\t\t<div class=\"elementor-widget-wrap elementor-element-populated\">\n\t\t\t\t\t\t<div class=\"elementor-element elementor-element-808a135 elementor-widget elementor-widget-text-editor\" data-id=\"808a135\" data-element_type=\"widget\" data-e-type=\"widget\" data-widget_type=\"text-editor.default\">\n\t\t\t\t<div class=\"elementor-widget-container\">\n\t\t\t\t\t\t\t\t\t<p>Los primeros fans entraban para poder conocer a su artista favorito llenos de ilusi\u00f3n. Tan solo faltaban unos minutos para que Lit Killah saliese a romper el escenario. Comenzando con uno de sus temas m\u00e1s recientes, <strong><em>Mansion<\/em><\/strong>, el argentino ya activaba a los asistentes que empezaban a saltar y cantar. Tras ellas cant\u00f3 otro de sus temas m\u00e1s recientes pero que no pertenec\u00edan a su \u00e1lbum, <strong><em>LuxXx<\/em><\/strong>, junto a <strong>Tiago PZK<\/strong>.<\/p>\t\t\t\t\t\t\t\t<\/div>\n\t\t\t\t<\/div>\n\t\t\t\t\t<\/div>\n\t\t<\/div>\n\t\t\t\t<div class=\"elementor-column elementor-col-50 elementor-top-column elementor-element elementor-element-bdb896c\" data-id=\"bdb896c\" data-element_type=\"column\" data-e-type=\"column\">\n\t\t\t<div class=\"elementor-widget-wrap elementor-element-populated\">\n\t\t\t\t\t\t<div class=\"elementor-element elementor-element-ae053f8 elementor-widget elementor-widget-image\" data-id=\"ae053f8\" data-element_type=\"widget\" data-e-type=\"widget\" data-widget_type=\"image.default\">\n\t\t\t\t<div class=\"elementor-widget-container\">\n\t\t\t\t\t\t\t\t\t\t\t\t<figure class=\"wp-caption\">\n\t\t\t\t\t\t\t\t\t\t<img fetchpriority=\"high\" decoding=\"async\" width=\"640\" height=\"717\" src=\"https:\/\/unaymilletras.com\/wp-content\/uploads\/2023\/11\/DSC_0912-scaled-e1699632427712-914x1024.jpg\" class=\"attachment-large size-large wp-image-1491\" alt=\"Lit Killah\" srcset=\"https:\/\/unaymilletras.com\/wp-content\/uploads\/2023\/11\/DSC_0912-scaled-e1699632427712-914x1024.jpg 914w, https:\/\/unaymilletras.com\/wp-content\/uploads\/2023\/11\/DSC_0912-scaled-e1699632427712-268x300.jpg 268w, https:\/\/unaymilletras.com\/wp-content\/uploads\/2023\/11\/DSC_0912-scaled-e1699632427712-768x860.jpg 768w, https:\/\/unaymilletras.com\/wp-content\/uploads\/2023\/11\/DSC_0912-scaled-e1699632427712-1371x1536.jpg 1371w, https:\/\/unaymilletras.com\/wp-content\/uploads\/2023\/11\/DSC_0912-scaled-e1699632427712-1024x1147.jpg 1024w\" sizes=\"(max-width: 640px) 100vw, 640px\" \/>\t\t\t\t\t\t\t\t\t\t\t<figcaption class=\"widget-image-caption wp-caption-text\">Fotograf\u00eda: Maria Gil<\/figcaption>\n\t\t\t\t\t\t\t\t\t\t<\/figure>\n\t\t\t\t\t\t\t\t\t<\/div>\n\t\t\t\t<\/div>\n\t\t\t\t\t<\/div>\n\t\t<\/div>\n\t\t\t\t\t<\/div>\n\t\t<\/section>\n\t\t\t\t<section class=\"elementor-section elementor-top-section elementor-element elementor-element-98d1a8c elementor-section-boxed elementor-section-height-default elementor-section-height-default\" data-id=\"98d1a8c\" data-element_type=\"section\" data-e-type=\"section\">\n\t\t\t\t\t\t<div class=\"elementor-container elementor-column-gap-default\">\n\t\t\t\t\t<div class=\"elementor-column elementor-col-100 elementor-top-column elementor-element elementor-element-554bd1d\" data-id=\"554bd1d\" data-element_type=\"column\" data-e-type=\"column\">\n\t\t\t<div class=\"elementor-widget-wrap elementor-element-populated\">\n\t\t\t\t\t\t<div class=\"elementor-element elementor-element-b87a083 elementor-widget elementor-widget-text-editor\" data-id=\"b87a083\" data-element_type=\"widget\" data-e-type=\"widget\" data-widget_type=\"text-editor.default\">\n\t\t\t\t<div class=\"elementor-widget-container\">\n\t\t\t\t\t\t\t\t\t<p>Tras esto, todo fueron canciones con las que el p\u00fablico lo dio todo. El artista hizo un recorrido por toda su carrera, cantando primero dos de sus canciones m\u00e1s recientes y luego viajando a su primer \u00e1lbu<span style=\"color: #808080;\">m: <strong><em><a style=\"color: #808080;\" href=\"https:\/\/open.spotify.com\/intl-es\/album\/1SBHFu8QLBlhsqLL7WQtlR?si=-AbkhiStTZq6tiCmuDAoEg\">MAWZ<\/a><\/em><\/strong>. Con canciones com<\/span>o <strong><em>My Bag<\/em><\/strong>, <strong><em>Change<\/em><\/strong> o <strong><em>Hech\u00edzame<\/em><\/strong>, se gan\u00f3 a todo el p\u00fablico.<\/p>\t\t\t\t\t\t\t\t<\/div>\n\t\t\t\t<\/div>\n\t\t\t\t\t<\/div>\n\t\t<\/div>\n\t\t\t\t\t<\/div>\n\t\t<\/section>\n\t\t\t\t<section class=\"elementor-section elementor-top-section elementor-element elementor-element-b6aa8d0 elementor-section-boxed elementor-section-height-default elementor-section-height-default\" data-id=\"b6aa8d0\" data-element_type=\"section\" data-e-type=\"section\">\n\t\t\t\t\t\t<div class=\"elementor-container elementor-column-gap-default\">\n\t\t\t\t\t<div class=\"elementor-column elementor-col-100 elementor-top-column elementor-element elementor-element-1754f01\" data-id=\"1754f01\" data-element_type=\"column\" data-e-type=\"column\">\n\t\t\t<div class=\"elementor-widget-wrap elementor-element-populated\">\n\t\t\t\t\t\t<div class=\"elementor-element elementor-element-8f95a69 elementor-widget elementor-widget-image\" data-id=\"8f95a69\" data-element_type=\"widget\" data-e-type=\"widget\" data-widget_type=\"image.default\">\n\t\t\t\t<div class=\"elementor-widget-container\">\n\t\t\t\t\t\t\t\t\t\t\t\t<figure class=\"wp-caption\">\n\t\t\t\t\t\t\t\t\t\t<img decoding=\"async\" width=\"640\" height=\"427\" src=\"https:\/\/unaymilletras.com\/wp-content\/uploads\/2023\/11\/DSC_0745-1024x683.jpg\" class=\"attachment-large size-large wp-image-1486\" alt=\"Lit Killah\" srcset=\"https:\/\/unaymilletras.com\/wp-content\/uploads\/2023\/11\/DSC_0745-1024x683.jpg 1024w, https:\/\/unaymilletras.com\/wp-content\/uploads\/2023\/11\/DSC_0745-300x200.jpg 300w, https:\/\/unaymilletras.com\/wp-content\/uploads\/2023\/11\/DSC_0745-768x512.jpg 768w, https:\/\/unaymilletras.com\/wp-content\/uploads\/2023\/11\/DSC_0745-1536x1024.jpg 1536w, https:\/\/unaymilletras.com\/wp-content\/uploads\/2023\/11\/DSC_0745-2048x1365.jpg 2048w, https:\/\/unaymilletras.com\/wp-content\/uploads\/2023\/11\/DSC_0745-scaled-e1699632363637.jpg 600w\" sizes=\"(max-width: 640px) 100vw, 640px\" \/>\t\t\t\t\t\t\t\t\t\t\t<figcaption class=\"widget-image-caption wp-caption-text\">Fotograf\u00eda: Maria Gil<\/figcaption>\n\t\t\t\t\t\t\t\t\t\t<\/figure>\n\t\t\t\t\t\t\t\t\t<\/div>\n\t\t\t\t<\/div>\n\t\t\t\t\t<\/div>\n\t\t<\/div>\n\t\t\t\t\t<\/div>\n\t\t<\/section>\n\t\t\t\t<section class=\"elementor-section elementor-top-section elementor-element elementor-element-a41edc6 elementor-section-boxed elementor-section-height-default elementor-section-height-default\" data-id=\"a41edc6\" data-element_type=\"section\" data-e-type=\"section\">\n\t\t\t\t\t\t<div class=\"elementor-container elementor-column-gap-default\">\n\t\t\t\t\t<div class=\"elementor-column elementor-col-100 elementor-top-column elementor-element elementor-element-62b629b\" data-id=\"62b629b\" data-element_type=\"column\" data-e-type=\"column\">\n\t\t\t<div class=\"elementor-widget-wrap elementor-element-populated\">\n\t\t\t\t\t\t<div class=\"elementor-element elementor-element-fe13047 elementor-widget elementor-widget-text-editor\" data-id=\"fe13047\" data-element_type=\"widget\" data-e-type=\"widget\" data-widget_type=\"text-editor.default\">\n\t\t\t\t<div class=\"elementor-widget-container\">\n\t\t\t\t\t\t\t\t\t<p>Pero tambi\u00e9n viaj\u00f3 a sus inicios, cuando visit\u00f3 Espa\u00f1a por primera vez gracias al <strong>freestyle<\/strong>. Ahora, volv\u00eda al pa\u00eds con su propia gira cantando sus propias canciones, pero no quer\u00eda olvidar su pasado y asombr\u00f3 a los presentes con una improvisaci\u00f3n al ritmo del beat que tocaba su banda. Tras esto, ha recordado algunos de sus primeros temas, como <strong><em>Apaga el Celular<\/em><\/strong> y <strong><em>Buf\u00f3n<\/em><\/strong>.<\/p><p>Asimismo, tambi\u00e9n ha tenido muy presentes a todos sus compa\u00f1eros de la escena argentina. Interpretando temas como <strong><em>Mala M\u00eda<\/em><\/strong> o <strong><em>D\u00e9jame Tranki<\/em><\/strong> ha tenido presente a sus compa\u00f1eros de la escena, entre ellos <strong>Paulo Londra<\/strong>, <strong>Khea<\/strong> o a <strong>Los del Espacio<\/strong>. Demuestra as\u00ed el gran potencial y crecimiento que est\u00e1 teniendo la escena argentina.<\/p>\t\t\t\t\t\t\t\t<\/div>\n\t\t\t\t<\/div>\n\t\t\t\t\t<\/div>\n\t\t<\/div>\n\t\t\t\t\t<\/div>\n\t\t<\/section>\n\t\t\t\t<section class=\"elementor-section elementor-top-section elementor-element elementor-element-a2c71d1 elementor-section-boxed elementor-section-height-default elementor-section-height-default\" data-id=\"a2c71d1\" data-element_type=\"section\" data-e-type=\"section\">\n\t\t\t\t\t\t<div class=\"elementor-container elementor-column-gap-default\">\n\t\t\t\t\t<div class=\"elementor-column elementor-col-50 elementor-top-column elementor-element elementor-element-326b77d\" data-id=\"326b77d\" data-element_type=\"column\" data-e-type=\"column\">\n\t\t\t<div class=\"elementor-widget-wrap elementor-element-populated\">\n\t\t\t\t\t\t<div class=\"elementor-element elementor-element-4601ee3 elementor-widget elementor-widget-image\" data-id=\"4601ee3\" data-element_type=\"widget\" data-e-type=\"widget\" data-widget_type=\"image.default\">\n\t\t\t\t<div class=\"elementor-widget-container\">\n\t\t\t\t\t\t\t\t\t\t\t\t<figure class=\"wp-caption\">\n\t\t\t\t\t\t\t\t\t\t<img decoding=\"async\" width=\"640\" height=\"829\" src=\"https:\/\/unaymilletras.com\/wp-content\/uploads\/2023\/11\/IMG_8313-791x1024.jpg\" class=\"attachment-large size-large wp-image-1487\" alt=\"Lit Killah\" srcset=\"https:\/\/unaymilletras.com\/wp-content\/uploads\/2023\/11\/IMG_8313-791x1024.jpg 791w, https:\/\/unaymilletras.com\/wp-content\/uploads\/2023\/11\/IMG_8313-232x300.jpg 232w, https:\/\/unaymilletras.com\/wp-content\/uploads\/2023\/11\/IMG_8313-768x994.jpg 768w, https:\/\/unaymilletras.com\/wp-content\/uploads\/2023\/11\/IMG_8313-1187x1536.jpg 1187w, https:\/\/unaymilletras.com\/wp-content\/uploads\/2023\/11\/IMG_8313-1582x2048.jpg 1582w, https:\/\/unaymilletras.com\/wp-content\/uploads\/2023\/11\/IMG_8313-1024x1326.jpg 1024w, https:\/\/unaymilletras.com\/wp-content\/uploads\/2023\/11\/IMG_8313-e1699632388798.jpg 633w\" sizes=\"(max-width: 640px) 100vw, 640px\" \/>\t\t\t\t\t\t\t\t\t\t\t<figcaption class=\"widget-image-caption wp-caption-text\">Fotograf\u00eda: Maria Gil<\/figcaption>\n\t\t\t\t\t\t\t\t\t\t<\/figure>\n\t\t\t\t\t\t\t\t\t<\/div>\n\t\t\t\t<\/div>\n\t\t\t\t\t<\/div>\n\t\t<\/div>\n\t\t\t\t<div class=\"elementor-column elementor-col-50 elementor-top-column elementor-element elementor-element-5fde851\" data-id=\"5fde851\" data-element_type=\"column\" data-e-type=\"column\">\n\t\t\t<div class=\"elementor-widget-wrap elementor-element-populated\">\n\t\t\t\t\t\t<div class=\"elementor-element elementor-element-d90905c elementor-widget elementor-widget-text-editor\" data-id=\"d90905c\" data-element_type=\"widget\" data-e-type=\"widget\" data-widget_type=\"text-editor.default\">\n\t\t\t\t<div class=\"elementor-widget-container\">\n\t\t\t\t\t\t\t\t\t<p>Dejaba para el final algunos de sus temas m\u00e1s conocidos: <strong><em>Entre nosotros<\/em><\/strong>, <strong><em>Adem\u00e1s de<\/em><\/strong><em> <strong>m\u00ed<\/strong><\/em> (momento en el que ambos d\u00edas subi\u00f3 a fans al escenario) y <strong><em>Los del Espacio<\/em><\/strong>, con los que el p\u00fablico lo dio todo. Consegu\u00eda as\u00ed ganarse a todo el p\u00fablico que iba dispuesto a disfrutar de un concierto y termin\u00f3 viviendo una maravillosa e inolvidable experiencia que seguro que repetir\u00e1n.<\/p>\t\t\t\t\t\t\t\t<\/div>\n\t\t\t\t<\/div>\n\t\t\t\t\t<\/div>\n\t\t<\/div>\n\t\t\t\t\t<\/div>\n\t\t<\/section>\n\t\t\t\t<section class=\"elementor-section elementor-top-section elementor-element elementor-element-1e1f38e elementor-section-boxed elementor-section-height-default elementor-section-height-default\" data-id=\"1e1f38e\" data-element_type=\"section\" data-e-type=\"section\">\n\t\t\t\t\t\t<div class=\"elementor-container elementor-column-gap-default\">\n\t\t\t\t\t<div class=\"elementor-column elementor-col-100 elementor-top-column elementor-element elementor-element-be4b5f6\" data-id=\"be4b5f6\" data-element_type=\"column\" data-e-type=\"column\">\n\t\t\t<div class=\"elementor-widget-wrap elementor-element-populated\">\n\t\t\t\t\t\t<div class=\"elementor-element elementor-element-dbfe4de elementor-widget elementor-widget-text-editor\" data-id=\"dbfe4de\" data-element_type=\"widget\" data-e-type=\"widget\" data-widget_type=\"text-editor.default\">\n\t\t\t\t<div class=\"elementor-widget-container\">\n\t\t\t\t\t\t\t\t\t<p>Finalmente, el show llegaba a su fin tras una falsa salida del artista del escenario y una vuelta con un explosivo tema de tecno. <strong><em>Neon<\/em><\/strong> pon\u00eda el punto final a un evento inigualable. Un tema que cerraba el concierto por todo lo alto con toda la gente saltando y d\u00e1ndolo todo durante los m\u00e1s de tres minutos que duraba la canci\u00f3n.<\/p>\n<p>Tras esto, a\u00fan le quedan dos shows al argentino: <b>10 de noviembre<\/b> en <strong>Barcelona<\/strong> y <b>11 de noviembre<\/b> en <strong>Mallorca<\/strong>. Adem\u00e1s, Lit Killah ya est\u00e1 deseando volver a un posible <strong>WiZink Center<\/strong> en el que, cuando le preguntaban por \u00e9l, el argentino respond\u00eda preguntando que si todos los asistentes de ese d\u00eda ir\u00edan.<\/p>\t\t\t\t\t\t\t\t<\/div>\n\t\t\t\t<\/div>\n\t\t\t\t\t<\/div>\n\t\t<\/div>\n\t\t\t\t\t<\/div>\n\t\t<\/section>\n\t\t\t\t<\/div>","protected":false},"excerpt":{"rendered":"<p>Dos noches seguidas de sold out en la sala Chang\u00f3 de Madrid donde el argentino Lit Killah ha dado un show inigualable A las 20:00 la sala Chang\u00f3 de Madrid comenzaba a llenarse de fans ansiosos por ver a Lit Killah sobre el escenario. Dos noches seguidas en las que el argentino ha arrasado en [&hellip;]<\/p>\n","protected":false},"author":1,"featured_media":1486,"comment_status":"open","ping_status":"open","sticky":false,"template":"","format":"standard","meta":{"footnotes":""},"categories":[4],"tags":[],"class_list":["post-1482","post","type-post","status-publish","format-standard","has-post-thumbnail","hentry","category-musica"],"yoast_head":"<!-- This site is optimized with the Yoast SEO plugin v27.4 - https:\/\/yoast.com\/product\/yoast-seo-wordpress\/ -->\n<title>Lit Killah lleva a Madrid al espacio &#8902; Una y Mil Letras<\/title>\n<meta name=\"description\" content=\"Dos noches seguidas de sold out en la sala Chang\u00f3 de Madrid donde el argentino Lit Killah ha dado un show inigualable\" \/>\n<meta name=\"robots\" content=\"index, follow, max-snippet:-1, max-image-preview:large, max-video-preview:-1\" \/>\n<link rel=\"canonical\" href=\"https:\/\/unaymilletras.com\/en\/lit-killah-lleva-a-madrid-al-espacio\/\" \/>\n<meta property=\"og:locale\" content=\"en_GB\" \/>\n<meta property=\"og:type\" content=\"article\" \/>\n<meta property=\"og:title\" content=\"Lit Killah lleva a Madrid al espacio &#8902; Una y Mil Letras\" \/>\n<meta property=\"og:description\" content=\"Dos noches seguidas de sold out en la sala Chang\u00f3 de Madrid donde el argentino Lit Killah ha dado un show inigualable\" \/>\n<meta property=\"og:url\" content=\"https:\/\/unaymilletras.com\/en\/lit-killah-lleva-a-madrid-al-espacio\/\" \/>\n<meta property=\"og:site_name\" content=\"Una y Mil Letras\" \/>\n<meta property=\"article:published_time\" content=\"2023-11-10T16:05:26+00:00\" \/>\n<meta property=\"article:modified_time\" content=\"2023-11-10T16:09:14+00:00\" \/>\n<meta property=\"og:image\" content=\"http:\/\/unaymilletras.com\/wp-content\/uploads\/2023\/11\/DSC_0745-scaled-e1699632363637.jpg\" \/>\n\t<meta property=\"og:image:width\" content=\"600\" \/>\n\t<meta property=\"og:image:height\" content=\"400\" \/>\n\t<meta property=\"og:image:type\" content=\"image\/jpeg\" \/>\n<meta name=\"author\" content=\"Maria Gil Robledo\" \/>\n<meta name=\"twitter:card\" content=\"summary_large_image\" \/>\n<meta name=\"twitter:creator\" content=\"@UnaYMilLetras\" \/>\n<meta name=\"twitter:site\" content=\"@UnaYMilLetras\" \/>\n<meta name=\"twitter:label1\" content=\"Written by\" \/>\n\t<meta name=\"twitter:data1\" content=\"Maria Gil Robledo\" \/>\n\t<meta name=\"twitter:label2\" content=\"Estimated reading time\" \/>\n\t<meta name=\"twitter:data2\" content=\"3 minutes\" \/>\n<script type=\"application\/ld+json\" class=\"yoast-schema-graph\">{\"@context\":\"https:\\\/\\\/schema.org\",\"@graph\":[{\"@type\":\"Article\",\"@id\":\"https:\\\/\\\/unaymilletras.com\\\/lit-killah-lleva-a-madrid-al-espacio\\\/#article\",\"isPartOf\":{\"@id\":\"https:\\\/\\\/unaymilletras.com\\\/lit-killah-lleva-a-madrid-al-espacio\\\/\"},\"author\":{\"name\":\"Maria Gil Robledo\",\"@id\":\"http:\\\/\\\/unaymilletras.com\\\/#\\\/schema\\\/person\\\/d55ba681b8a4e463d8982dbe36a5dc94\"},\"headline\":\"Lit Killah lleva a Madrid al espacio\",\"datePublished\":\"2023-11-10T16:05:26+00:00\",\"dateModified\":\"2023-11-10T16:09:14+00:00\",\"mainEntityOfPage\":{\"@id\":\"https:\\\/\\\/unaymilletras.com\\\/lit-killah-lleva-a-madrid-al-espacio\\\/\"},\"wordCount\":540,\"commentCount\":0,\"publisher\":{\"@id\":\"http:\\\/\\\/unaymilletras.com\\\/#organization\"},\"image\":{\"@id\":\"https:\\\/\\\/unaymilletras.com\\\/lit-killah-lleva-a-madrid-al-espacio\\\/#primaryimage\"},\"thumbnailUrl\":\"https:\\\/\\\/unaymilletras.com\\\/wp-content\\\/uploads\\\/2023\\\/11\\\/DSC_0745-scaled-e1699632363637.jpg\",\"articleSection\":[\"M\u00fasica\"],\"inLanguage\":\"en-GB\",\"potentialAction\":[{\"@type\":\"CommentAction\",\"name\":\"Comment\",\"target\":[\"https:\\\/\\\/unaymilletras.com\\\/lit-killah-lleva-a-madrid-al-espacio\\\/#respond\"]}]},{\"@type\":\"WebPage\",\"@id\":\"https:\\\/\\\/unaymilletras.com\\\/lit-killah-lleva-a-madrid-al-espacio\\\/\",\"url\":\"https:\\\/\\\/unaymilletras.com\\\/lit-killah-lleva-a-madrid-al-espacio\\\/\",\"name\":\"Lit Killah lleva a Madrid al espacio &#8902; Una y Mil Letras\",\"isPartOf\":{\"@id\":\"http:\\\/\\\/unaymilletras.com\\\/#website\"},\"primaryImageOfPage\":{\"@id\":\"https:\\\/\\\/unaymilletras.com\\\/lit-killah-lleva-a-madrid-al-espacio\\\/#primaryimage\"},\"image\":{\"@id\":\"https:\\\/\\\/unaymilletras.com\\\/lit-killah-lleva-a-madrid-al-espacio\\\/#primaryimage\"},\"thumbnailUrl\":\"https:\\\/\\\/unaymilletras.com\\\/wp-content\\\/uploads\\\/2023\\\/11\\\/DSC_0745-scaled-e1699632363637.jpg\",\"datePublished\":\"2023-11-10T16:05:26+00:00\",\"dateModified\":\"2023-11-10T16:09:14+00:00\",\"description\":\"Dos noches seguidas de sold out en la sala Chang\u00f3 de Madrid donde el argentino Lit Killah ha dado un show inigualable\",\"breadcrumb\":{\"@id\":\"https:\\\/\\\/unaymilletras.com\\\/lit-killah-lleva-a-madrid-al-espacio\\\/#breadcrumb\"},\"inLanguage\":\"en-GB\",\"potentialAction\":[{\"@type\":\"ReadAction\",\"target\":[\"https:\\\/\\\/unaymilletras.com\\\/lit-killah-lleva-a-madrid-al-espacio\\\/\"]}]},{\"@type\":\"ImageObject\",\"inLanguage\":\"en-GB\",\"@id\":\"https:\\\/\\\/unaymilletras.com\\\/lit-killah-lleva-a-madrid-al-espacio\\\/#primaryimage\",\"url\":\"https:\\\/\\\/unaymilletras.com\\\/wp-content\\\/uploads\\\/2023\\\/11\\\/DSC_0745-scaled-e1699632363637.jpg\",\"contentUrl\":\"https:\\\/\\\/unaymilletras.com\\\/wp-content\\\/uploads\\\/2023\\\/11\\\/DSC_0745-scaled-e1699632363637.jpg\",\"width\":600,\"height\":400,\"caption\":\"Lit Killah\"},{\"@type\":\"BreadcrumbList\",\"@id\":\"https:\\\/\\\/unaymilletras.com\\\/lit-killah-lleva-a-madrid-al-espacio\\\/#breadcrumb\",\"itemListElement\":[{\"@type\":\"ListItem\",\"position\":1,\"name\":\"Home\",\"item\":\"http:\\\/\\\/unaymilletras.com\\\/\"},{\"@type\":\"ListItem\",\"position\":2,\"name\":\"Lit Killah lleva a Madrid al espacio\"}]},{\"@type\":\"WebSite\",\"@id\":\"http:\\\/\\\/unaymilletras.com\\\/#website\",\"url\":\"http:\\\/\\\/unaymilletras.com\\\/\",\"name\":\"Una y Mil Letras\",\"description\":\"\",\"publisher\":{\"@id\":\"http:\\\/\\\/unaymilletras.com\\\/#organization\"},\"potentialAction\":[{\"@type\":\"SearchAction\",\"target\":{\"@type\":\"EntryPoint\",\"urlTemplate\":\"http:\\\/\\\/unaymilletras.com\\\/?s={search_term_string}\"},\"query-input\":{\"@type\":\"PropertyValueSpecification\",\"valueRequired\":true,\"valueName\":\"search_term_string\"}}],\"inLanguage\":\"en-GB\"},{\"@type\":\"Organization\",\"@id\":\"http:\\\/\\\/unaymilletras.com\\\/#organization\",\"name\":\"Una y Mil Letras\",\"url\":\"http:\\\/\\\/unaymilletras.com\\\/\",\"logo\":{\"@type\":\"ImageObject\",\"inLanguage\":\"en-GB\",\"@id\":\"http:\\\/\\\/unaymilletras.com\\\/#\\\/schema\\\/logo\\\/image\\\/\",\"url\":\"https:\\\/\\\/unaymilletras.com\\\/wp-content\\\/uploads\\\/2024\\\/06\\\/cropped-Logo-removebg-preview.png\",\"contentUrl\":\"https:\\\/\\\/unaymilletras.com\\\/wp-content\\\/uploads\\\/2024\\\/06\\\/cropped-Logo-removebg-preview.png\",\"width\":512,\"height\":512,\"caption\":\"Una y Mil Letras\"},\"image\":{\"@id\":\"http:\\\/\\\/unaymilletras.com\\\/#\\\/schema\\\/logo\\\/image\\\/\"},\"sameAs\":[\"https:\\\/\\\/x.com\\\/UnaYMilLetras\",\"https:\\\/\\\/instagram.com\\\/UnaYMilLetras\"]},{\"@type\":\"Person\",\"@id\":\"http:\\\/\\\/unaymilletras.com\\\/#\\\/schema\\\/person\\\/d55ba681b8a4e463d8982dbe36a5dc94\",\"name\":\"Maria Gil Robledo\",\"image\":{\"@type\":\"ImageObject\",\"inLanguage\":\"en-GB\",\"@id\":\"https:\\\/\\\/secure.gravatar.com\\\/avatar\\\/4b8e5102e0015789407eb4870b12f0f2857952d83ca124058f92b764bd1840c3?s=96&d=mm&r=g\",\"url\":\"https:\\\/\\\/secure.gravatar.com\\\/avatar\\\/4b8e5102e0015789407eb4870b12f0f2857952d83ca124058f92b764bd1840c3?s=96&d=mm&r=g\",\"contentUrl\":\"https:\\\/\\\/secure.gravatar.com\\\/avatar\\\/4b8e5102e0015789407eb4870b12f0f2857952d83ca124058f92b764bd1840c3?s=96&d=mm&r=g\",\"caption\":\"Maria Gil Robledo\"},\"sameAs\":[\"http:\\\/\\\/unaymilletras.com\"],\"url\":\"https:\\\/\\\/unaymilletras.com\\\/en\\\/author\\\/mariiagiil02_\\\/\"}]}<\/script>\n<!-- \/ Yoast SEO plugin. -->","yoast_head_json":{"title":"Lit Killah lleva a Madrid al espacio &#8902; Una y Mil Letras","description":"Dos noches seguidas de sold out en la sala Chang\u00f3 de Madrid donde el argentino Lit Killah ha dado un show inigualable","robots":{"index":"index","follow":"follow","max-snippet":"max-snippet:-1","max-image-preview":"max-image-preview:large","max-video-preview":"max-video-preview:-1"},"canonical":"https:\/\/unaymilletras.com\/en\/lit-killah-lleva-a-madrid-al-espacio\/","og_locale":"en_GB","og_type":"article","og_title":"Lit Killah lleva a Madrid al espacio &#8902; Una y Mil Letras","og_description":"Dos noches seguidas de sold out en la sala Chang\u00f3 de Madrid donde el argentino Lit Killah ha dado un show inigualable","og_url":"https:\/\/unaymilletras.com\/en\/lit-killah-lleva-a-madrid-al-espacio\/","og_site_name":"Una y Mil Letras","article_published_time":"2023-11-10T16:05:26+00:00","article_modified_time":"2023-11-10T16:09:14+00:00","og_image":[{"width":600,"height":400,"url":"http:\/\/unaymilletras.com\/wp-content\/uploads\/2023\/11\/DSC_0745-scaled-e1699632363637.jpg","type":"image\/jpeg"}],"author":"Maria Gil Robledo","twitter_card":"summary_large_image","twitter_creator":"@UnaYMilLetras","twitter_site":"@UnaYMilLetras","twitter_misc":{"Written by":"Maria Gil Robledo","Estimated reading time":"3 minutes"},"schema":{"@context":"https:\/\/schema.org","@graph":[{"@type":"Article","@id":"https:\/\/unaymilletras.com\/lit-killah-lleva-a-madrid-al-espacio\/#article","isPartOf":{"@id":"https:\/\/unaymilletras.com\/lit-killah-lleva-a-madrid-al-espacio\/"},"author":{"name":"Maria Gil Robledo","@id":"http:\/\/unaymilletras.com\/#\/schema\/person\/d55ba681b8a4e463d8982dbe36a5dc94"},"headline":"Lit Killah lleva a Madrid al espacio","datePublished":"2023-11-10T16:05:26+00:00","dateModified":"2023-11-10T16:09:14+00:00","mainEntityOfPage":{"@id":"https:\/\/unaymilletras.com\/lit-killah-lleva-a-madrid-al-espacio\/"},"wordCount":540,"commentCount":0,"publisher":{"@id":"http:\/\/unaymilletras.com\/#organization"},"image":{"@id":"https:\/\/unaymilletras.com\/lit-killah-lleva-a-madrid-al-espacio\/#primaryimage"},"thumbnailUrl":"https:\/\/unaymilletras.com\/wp-content\/uploads\/2023\/11\/DSC_0745-scaled-e1699632363637.jpg","articleSection":["M\u00fasica"],"inLanguage":"en-GB","potentialAction":[{"@type":"CommentAction","name":"Comment","target":["https:\/\/unaymilletras.com\/lit-killah-lleva-a-madrid-al-espacio\/#respond"]}]},{"@type":"WebPage","@id":"https:\/\/unaymilletras.com\/lit-killah-lleva-a-madrid-al-espacio\/","url":"https:\/\/unaymilletras.com\/lit-killah-lleva-a-madrid-al-espacio\/","name":"Lit Killah lleva a Madrid al espacio &#8902; Una y Mil Letras","isPartOf":{"@id":"http:\/\/unaymilletras.com\/#website"},"primaryImageOfPage":{"@id":"https:\/\/unaymilletras.com\/lit-killah-lleva-a-madrid-al-espacio\/#primaryimage"},"image":{"@id":"https:\/\/unaymilletras.com\/lit-killah-lleva-a-madrid-al-espacio\/#primaryimage"},"thumbnailUrl":"https:\/\/unaymilletras.com\/wp-content\/uploads\/2023\/11\/DSC_0745-scaled-e1699632363637.jpg","datePublished":"2023-11-10T16:05:26+00:00","dateModified":"2023-11-10T16:09:14+00:00","description":"Dos noches seguidas de sold out en la sala Chang\u00f3 de Madrid donde el argentino Lit Killah ha dado un show inigualable","breadcrumb":{"@id":"https:\/\/unaymilletras.com\/lit-killah-lleva-a-madrid-al-espacio\/#breadcrumb"},"inLanguage":"en-GB","potentialAction":[{"@type":"ReadAction","target":["https:\/\/unaymilletras.com\/lit-killah-lleva-a-madrid-al-espacio\/"]}]},{"@type":"ImageObject","inLanguage":"en-GB","@id":"https:\/\/unaymilletras.com\/lit-killah-lleva-a-madrid-al-espacio\/#primaryimage","url":"https:\/\/unaymilletras.com\/wp-content\/uploads\/2023\/11\/DSC_0745-scaled-e1699632363637.jpg","contentUrl":"https:\/\/unaymilletras.com\/wp-content\/uploads\/2023\/11\/DSC_0745-scaled-e1699632363637.jpg","width":600,"height":400,"caption":"Lit Killah"},{"@type":"BreadcrumbList","@id":"https:\/\/unaymilletras.com\/lit-killah-lleva-a-madrid-al-espacio\/#breadcrumb","itemListElement":[{"@type":"ListItem","position":1,"name":"Home","item":"http:\/\/unaymilletras.com\/"},{"@type":"ListItem","position":2,"name":"Lit Killah lleva a Madrid al espacio"}]},{"@type":"WebSite","@id":"http:\/\/unaymilletras.com\/#website","url":"http:\/\/unaymilletras.com\/","name":"Una y Mil Letras","description":"","publisher":{"@id":"http:\/\/unaymilletras.com\/#organization"},"potentialAction":[{"@type":"SearchAction","target":{"@type":"EntryPoint","urlTemplate":"http:\/\/unaymilletras.com\/?s={search_term_string}"},"query-input":{"@type":"PropertyValueSpecification","valueRequired":true,"valueName":"search_term_string"}}],"inLanguage":"en-GB"},{"@type":"Organization","@id":"http:\/\/unaymilletras.com\/#organization","name":"Una y Mil Letras","url":"http:\/\/unaymilletras.com\/","logo":{"@type":"ImageObject","inLanguage":"en-GB","@id":"http:\/\/unaymilletras.com\/#\/schema\/logo\/image\/","url":"https:\/\/unaymilletras.com\/wp-content\/uploads\/2024\/06\/cropped-Logo-removebg-preview.png","contentUrl":"https:\/\/unaymilletras.com\/wp-content\/uploads\/2024\/06\/cropped-Logo-removebg-preview.png","width":512,"height":512,"caption":"Una y Mil Letras"},"image":{"@id":"http:\/\/unaymilletras.com\/#\/schema\/logo\/image\/"},"sameAs":["https:\/\/x.com\/UnaYMilLetras","https:\/\/instagram.com\/UnaYMilLetras"]},{"@type":"Person","@id":"http:\/\/unaymilletras.com\/#\/schema\/person\/d55ba681b8a4e463d8982dbe36a5dc94","name":"Maria Gil Robledo","image":{"@type":"ImageObject","inLanguage":"en-GB","@id":"https:\/\/secure.gravatar.com\/avatar\/4b8e5102e0015789407eb4870b12f0f2857952d83ca124058f92b764bd1840c3?s=96&d=mm&r=g","url":"https:\/\/secure.gravatar.com\/avatar\/4b8e5102e0015789407eb4870b12f0f2857952d83ca124058f92b764bd1840c3?s=96&d=mm&r=g","contentUrl":"https:\/\/secure.gravatar.com\/avatar\/4b8e5102e0015789407eb4870b12f0f2857952d83ca124058f92b764bd1840c3?s=96&d=mm&r=g","caption":"Maria Gil Robledo"},"sameAs":["http:\/\/unaymilletras.com"],"url":"https:\/\/unaymilletras.com\/en\/author\/mariiagiil02_\/"}]}},"_links":{"self":[{"href":"https:\/\/unaymilletras.com\/en\/wp-json\/wp\/v2\/posts\/1482","targetHints":{"allow":["GET"]}}],"collection":[{"href":"https:\/\/unaymilletras.com\/en\/wp-json\/wp\/v2\/posts"}],"about":[{"href":"https:\/\/unaymilletras.com\/en\/wp-json\/wp\/v2\/types\/post"}],"author":[{"embeddable":true,"href":"https:\/\/unaymilletras.com\/en\/wp-json\/wp\/v2\/users\/1"}],"replies":[{"embeddable":true,"href":"https:\/\/unaymilletras.com\/en\/wp-json\/wp\/v2\/comments?post=1482"}],"version-history":[{"count":8,"href":"https:\/\/unaymilletras.com\/en\/wp-json\/wp\/v2\/posts\/1482\/revisions"}],"predecessor-version":[{"id":1494,"href":"https:\/\/unaymilletras.com\/en\/wp-json\/wp\/v2\/posts\/1482\/revisions\/1494"}],"wp:featuredmedia":[{"embeddable":true,"href":"https:\/\/unaymilletras.com\/en\/wp-json\/wp\/v2\/media\/1486"}],"wp:attachment":[{"href":"https:\/\/unaymilletras.com\/en\/wp-json\/wp\/v2\/media?parent=1482"}],"wp:term":[{"taxonomy":"category","embeddable":true,"href":"https:\/\/unaymilletras.com\/en\/wp-json\/wp\/v2\/categories?post=1482"},{"taxonomy":"post_tag","embeddable":true,"href":"https:\/\/unaymilletras.com\/en\/wp-json\/wp\/v2\/tags?post=1482"}],"curies":[{"name":"wp","href":"https:\/\/api.w.org\/{rel}","templated":true}]}}