{"id":1495,"date":"2023-11-13T12:28:31","date_gmt":"2023-11-13T11:28:31","guid":{"rendered":"https:\/\/unaymilletras.com\/?p=1495"},"modified":"2023-11-13T12:54:20","modified_gmt":"2023-11-13T11:54:20","slug":"nicki-nicole-traera-su-alma-hasta-espana","status":"publish","type":"post","link":"https:\/\/unaymilletras.com\/en\/nicki-nicole-traera-su-alma-hasta-espana\/","title":{"rendered":"Nicki Nicole traer\u00e1 su Alma hasta Espa\u00f1a"},"content":{"rendered":"<div data-elementor-type=\"wp-post\" data-elementor-id=\"1495\" class=\"elementor elementor-1495\">\n\t\t\t\t\t\t<section class=\"elementor-section elementor-top-section elementor-element elementor-element-929c508 elementor-section-boxed elementor-section-height-default elementor-section-height-default\" data-id=\"929c508\" data-element_type=\"section\" data-e-type=\"section\">\n\t\t\t\t\t\t<div class=\"elementor-container elementor-column-gap-default\">\n\t\t\t\t\t<div class=\"elementor-column elementor-col-100 elementor-top-column elementor-element elementor-element-b4983c1\" data-id=\"b4983c1\" data-element_type=\"column\" data-e-type=\"column\">\n\t\t\t<div class=\"elementor-widget-wrap elementor-element-populated\">\n\t\t\t\t\t\t<div class=\"elementor-element elementor-element-0862eb4 elementor-widget elementor-widget-text-editor\" data-id=\"0862eb4\" data-element_type=\"widget\" data-e-type=\"widget\" data-widget_type=\"text-editor.default\">\n\t\t\t\t<div class=\"elementor-widget-container\">\n\t\t\t\t\t\t\t\t\t<h2><span style=\"color: #808080;\"><em>Madrid y Barcelona acoger\u00e1n los dos shows en los que Nicki Nicole presentar\u00e1 su nuevo \u00e1lbum: \u201cAlma\u201d<\/em><\/span><\/h2>\t\t\t\t\t\t\t\t<\/div>\n\t\t\t\t<\/div>\n\t\t\t\t\t<\/div>\n\t\t<\/div>\n\t\t\t\t\t<\/div>\n\t\t<\/section>\n\t\t\t\t<section class=\"elementor-section elementor-top-section elementor-element elementor-element-60420f5 elementor-section-boxed elementor-section-height-default elementor-section-height-default\" data-id=\"60420f5\" data-element_type=\"section\" data-e-type=\"section\">\n\t\t\t\t\t\t<div class=\"elementor-container elementor-column-gap-default\">\n\t\t\t\t\t<div class=\"elementor-column elementor-col-100 elementor-top-column elementor-element elementor-element-d765dbe\" data-id=\"d765dbe\" data-element_type=\"column\" data-e-type=\"column\">\n\t\t\t<div class=\"elementor-widget-wrap elementor-element-populated\">\n\t\t\t\t\t\t<div class=\"elementor-element elementor-element-2da00cb elementor-widget elementor-widget-text-editor\" data-id=\"2da00cb\" data-element_type=\"widget\" data-e-type=\"widget\" data-widget_type=\"text-editor.default\">\n\t\t\t\t<div class=\"elementor-widget-container\">\n\t\t\t\t\t\t\t\t\t<p>Despu\u00e9s de reunir a m\u00e1s de 70.000 personas en los distintos shows de Latinoam\u00e9rica, <b>Nicki Nicole<\/b> trae su Alma a Espa\u00f1a. La argentina ha anunciado dos conciertos en el pa\u00eds. El <b>21 de marzo<\/b> estar\u00e1 actuando en el<b> WiZink Center<\/b> de <b>Madrid<\/b> y al d\u00eda siguiente, <b>22 de marzo<\/b> en el <b>Sant Jordi Club<\/b> de <b>Barcelona<\/b>. Las entradas ya est\u00e1n a la venta <a href=\"https:\/\/www.ticketmaster.es\/artist\/nicki-nicole-entradas\/1188204\"><b>aqu\u00ed<\/b><\/a>.&nbsp;<\/p>\t\t\t\t\t\t\t\t<\/div>\n\t\t\t\t<\/div>\n\t\t\t\t\t<\/div>\n\t\t<\/div>\n\t\t\t\t\t<\/div>\n\t\t<\/section>\n\t\t\t\t<section class=\"elementor-section elementor-top-section elementor-element elementor-element-939b03c elementor-section-boxed elementor-section-height-default elementor-section-height-default\" data-id=\"939b03c\" data-element_type=\"section\" data-e-type=\"section\">\n\t\t\t\t\t\t<div class=\"elementor-container elementor-column-gap-default\">\n\t\t\t\t\t<div class=\"elementor-column elementor-col-100 elementor-top-column elementor-element elementor-element-cf4edd8\" data-id=\"cf4edd8\" data-element_type=\"column\" data-e-type=\"column\">\n\t\t\t<div class=\"elementor-widget-wrap elementor-element-populated\">\n\t\t\t\t\t\t<div class=\"elementor-element elementor-element-322f720 elementor-widget elementor-widget-image\" data-id=\"322f720\" data-element_type=\"widget\" data-e-type=\"widget\" data-widget_type=\"image.default\">\n\t\t\t\t<div class=\"elementor-widget-container\">\n\t\t\t\t\t\t\t\t\t\t\t\t\t\t\t<img fetchpriority=\"high\" decoding=\"async\" width=\"640\" height=\"456\" src=\"https:\/\/unaymilletras.com\/wp-content\/uploads\/2023\/11\/Captura-de-pantalla-2023-11-11-a-las-0.08.22-1024x730.png\" class=\"attachment-large size-large wp-image-1497\" alt=\"Nicki Nicole\" srcset=\"https:\/\/unaymilletras.com\/wp-content\/uploads\/2023\/11\/Captura-de-pantalla-2023-11-11-a-las-0.08.22-1024x730.png 1024w, https:\/\/unaymilletras.com\/wp-content\/uploads\/2023\/11\/Captura-de-pantalla-2023-11-11-a-las-0.08.22-300x214.png 300w, https:\/\/unaymilletras.com\/wp-content\/uploads\/2023\/11\/Captura-de-pantalla-2023-11-11-a-las-0.08.22-768x547.png 768w, https:\/\/unaymilletras.com\/wp-content\/uploads\/2023\/11\/Captura-de-pantalla-2023-11-11-a-las-0.08.22-1536x1094.png 1536w, https:\/\/unaymilletras.com\/wp-content\/uploads\/2023\/11\/Captura-de-pantalla-2023-11-11-a-las-0.08.22-2048x1459.png 2048w, https:\/\/unaymilletras.com\/wp-content\/uploads\/2023\/11\/Captura-de-pantalla-2023-11-11-a-las-0.08.22-e1699874244305.png 600w\" sizes=\"(max-width: 640px) 100vw, 640px\" \/>\t\t\t\t\t\t\t\t\t\t\t\t\t\t\t<\/div>\n\t\t\t\t<\/div>\n\t\t\t\t\t<\/div>\n\t\t<\/div>\n\t\t\t\t\t<\/div>\n\t\t<\/section>\n\t\t\t\t<section class=\"elementor-section elementor-top-section elementor-element elementor-element-0c38ad5 elementor-section-boxed elementor-section-height-default elementor-section-height-default\" data-id=\"0c38ad5\" data-element_type=\"section\" data-e-type=\"section\">\n\t\t\t\t\t\t<div class=\"elementor-container elementor-column-gap-default\">\n\t\t\t\t\t<div class=\"elementor-column elementor-col-100 elementor-top-column elementor-element elementor-element-ad34b63\" data-id=\"ad34b63\" data-element_type=\"column\" data-e-type=\"column\">\n\t\t\t<div class=\"elementor-widget-wrap elementor-element-populated\">\n\t\t\t\t\t\t<div class=\"elementor-element elementor-element-b87f80b elementor-widget elementor-widget-text-editor\" data-id=\"b87f80b\" data-element_type=\"widget\" data-e-type=\"widget\" data-widget_type=\"text-editor.default\">\n\t\t\t\t<div class=\"elementor-widget-container\">\n\t\t\t\t\t\t\t\t\t<p>Esta noticia llega poco despu\u00e9s de Nicki Nicole haya anunciado su s\u00e9ptimo <b>Movistar Arena<\/b> tras agotar los seis anteriores. Asimismo, recientemente hab\u00eda estado en Montevideo, Ciudad de M\u00e9xico y Monterey, juntando a m\u00e1s de 90.000 personas. Consigue mantenerse as\u00ed como una de las artistas m\u00e1s influyentes de la m\u00fasica urbana actual. Su talento esc\u00e9nico y su habilidad para componer le han ayudado a cautivar a todo su p\u00fablico.<\/p><p>Desde que naci\u00f3 <em><b>Alma<\/b><\/em>, no ha dejado de cosechar \u00e9xitos, escalando en todos los rankings musicales. Poco tiempo atr\u00e1s, ha sido seleccionado como uno de los mejores \u00e1lbumes de este a\u00f1o por <b>Rolling Stone<\/b>. Asimismo, varios de los temas que lo componen, han sido nominados en algunos de los premios m\u00e1s importantes del mundo, como en los <span style=\"color: #808080;\"><b><a style=\"color: #808080;\" href=\"https:\/\/unaymilletras.com\/en\/primeras-actuaciones-de-los-latin-grammys-2023-confirmadas\/\">Latin Grammys<\/a><\/b>.<\/span><\/p><p>Adem\u00e1s, recientemente Nicki Nicole estuvo presente en la entrega de los premios Billboard de la m\u00fasica latina. Pero no solo estuvo en la gala, sino que tambi\u00e9n estuvo presente sobre el escenario, primero interpretando el remix de <em><b>Por las<\/b> <b>noches<\/b><\/em>, junto a <b>Peso Pluma<\/b>\u00a0y, despu\u00e9s, en <em><b>Otra noche<\/b><\/em>, con <b>Los \u00e1ngeles Azules<\/b>.<\/p>\t\t\t\t\t\t\t\t<\/div>\n\t\t\t\t<\/div>\n\t\t\t\t\t<\/div>\n\t\t<\/div>\n\t\t\t\t\t<\/div>\n\t\t<\/section>\n\t\t\t\t<\/div>","protected":false},"excerpt":{"rendered":"<p>Madrid y Barcelona acoger\u00e1n los dos shows en los que Nicki Nicole presentar\u00e1 su nuevo \u00e1lbum: \u201cAlma\u201d Despu\u00e9s de reunir a m\u00e1s de 70.000 personas en los distintos shows de Latinoam\u00e9rica, Nicki Nicole trae su Alma a Espa\u00f1a. La argentina ha anunciado dos conciertos en el pa\u00eds. El 21 de marzo estar\u00e1 actuando en el [&hellip;]<\/p>\n","protected":false},"author":1,"featured_media":1497,"comment_status":"open","ping_status":"open","sticky":false,"template":"","format":"standard","meta":{"footnotes":""},"categories":[4,1],"tags":[],"class_list":["post-1495","post","type-post","status-publish","format-standard","has-post-thumbnail","hentry","category-musica","category-uncategorized"],"yoast_head":"<!-- This site is optimized with the Yoast SEO plugin v27.4 - https:\/\/yoast.com\/product\/yoast-seo-wordpress\/ -->\n<title>Nicki Nicole traer\u00e1 su Alma hasta Espa\u00f1a &#8902; Una y Mil Letras<\/title>\n<meta name=\"description\" content=\"Madrid y Barcelona acoger\u00e1n los dos shows consecutivos en los que Nicki Nicole presentar\u00e1 su nuevo \u00e1lbum: \u201cAlma\u201d\" \/>\n<meta name=\"robots\" content=\"index, follow, max-snippet:-1, max-image-preview:large, max-video-preview:-1\" \/>\n<link rel=\"canonical\" href=\"https:\/\/unaymilletras.com\/en\/nicki-nicole-traera-su-alma-hasta-espana\/\" \/>\n<meta property=\"og:locale\" content=\"en_GB\" \/>\n<meta property=\"og:type\" content=\"article\" \/>\n<meta property=\"og:title\" content=\"Nicki Nicole traer\u00e1 su Alma hasta Espa\u00f1a &#8902; Una y Mil Letras\" \/>\n<meta property=\"og:description\" content=\"Madrid y Barcelona acoger\u00e1n los dos shows consecutivos en los que Nicki Nicole presentar\u00e1 su nuevo \u00e1lbum: \u201cAlma\u201d\" \/>\n<meta property=\"og:url\" content=\"https:\/\/unaymilletras.com\/en\/nicki-nicole-traera-su-alma-hasta-espana\/\" \/>\n<meta property=\"og:site_name\" content=\"Una y Mil Letras\" \/>\n<meta property=\"article:published_time\" content=\"2023-11-13T11:28:31+00:00\" \/>\n<meta property=\"article:modified_time\" content=\"2023-11-13T11:54:20+00:00\" \/>\n<meta property=\"og:image\" content=\"http:\/\/unaymilletras.com\/wp-content\/uploads\/2023\/11\/Captura-de-pantalla-2023-11-11-a-las-0.08.22-1024x730.png\" \/>\n\t<meta property=\"og:image:width\" content=\"1024\" \/>\n\t<meta property=\"og:image:height\" content=\"730\" \/>\n\t<meta property=\"og:image:type\" content=\"image\/png\" \/>\n<meta name=\"author\" content=\"Maria Gil Robledo\" \/>\n<meta name=\"twitter:card\" content=\"summary_large_image\" \/>\n<meta name=\"twitter:creator\" content=\"@UnaYMilLetras\" \/>\n<meta name=\"twitter:site\" content=\"@UnaYMilLetras\" \/>\n<meta name=\"twitter:label1\" content=\"Written by\" \/>\n\t<meta name=\"twitter:data1\" content=\"Maria Gil Robledo\" \/>\n\t<meta name=\"twitter:label2\" content=\"Estimated reading time\" \/>\n\t<meta name=\"twitter:data2\" content=\"2 minutes\" \/>\n<script type=\"application\/ld+json\" class=\"yoast-schema-graph\">{\"@context\":\"https:\\\/\\\/schema.org\",\"@graph\":[{\"@type\":\"Article\",\"@id\":\"https:\\\/\\\/unaymilletras.com\\\/nicki-nicole-traera-su-alma-hasta-espana\\\/#article\",\"isPartOf\":{\"@id\":\"https:\\\/\\\/unaymilletras.com\\\/nicki-nicole-traera-su-alma-hasta-espana\\\/\"},\"author\":{\"name\":\"Maria Gil Robledo\",\"@id\":\"http:\\\/\\\/unaymilletras.com\\\/#\\\/schema\\\/person\\\/d55ba681b8a4e463d8982dbe36a5dc94\"},\"headline\":\"Nicki Nicole traer\u00e1 su Alma hasta Espa\u00f1a\",\"datePublished\":\"2023-11-13T11:28:31+00:00\",\"dateModified\":\"2023-11-13T11:54:20+00:00\",\"mainEntityOfPage\":{\"@id\":\"https:\\\/\\\/unaymilletras.com\\\/nicki-nicole-traera-su-alma-hasta-espana\\\/\"},\"wordCount\":290,\"commentCount\":0,\"publisher\":{\"@id\":\"http:\\\/\\\/unaymilletras.com\\\/#organization\"},\"image\":{\"@id\":\"https:\\\/\\\/unaymilletras.com\\\/nicki-nicole-traera-su-alma-hasta-espana\\\/#primaryimage\"},\"thumbnailUrl\":\"https:\\\/\\\/unaymilletras.com\\\/wp-content\\\/uploads\\\/2023\\\/11\\\/Captura-de-pantalla-2023-11-11-a-las-0.08.22-e1699874244305.png\",\"articleSection\":[\"M\u00fasica\",\"Uncategorized\"],\"inLanguage\":\"en-GB\",\"potentialAction\":[{\"@type\":\"CommentAction\",\"name\":\"Comment\",\"target\":[\"https:\\\/\\\/unaymilletras.com\\\/nicki-nicole-traera-su-alma-hasta-espana\\\/#respond\"]}]},{\"@type\":\"WebPage\",\"@id\":\"https:\\\/\\\/unaymilletras.com\\\/nicki-nicole-traera-su-alma-hasta-espana\\\/\",\"url\":\"https:\\\/\\\/unaymilletras.com\\\/nicki-nicole-traera-su-alma-hasta-espana\\\/\",\"name\":\"Nicki Nicole traer\u00e1 su Alma hasta Espa\u00f1a &#8902; Una y Mil Letras\",\"isPartOf\":{\"@id\":\"http:\\\/\\\/unaymilletras.com\\\/#website\"},\"primaryImageOfPage\":{\"@id\":\"https:\\\/\\\/unaymilletras.com\\\/nicki-nicole-traera-su-alma-hasta-espana\\\/#primaryimage\"},\"image\":{\"@id\":\"https:\\\/\\\/unaymilletras.com\\\/nicki-nicole-traera-su-alma-hasta-espana\\\/#primaryimage\"},\"thumbnailUrl\":\"https:\\\/\\\/unaymilletras.com\\\/wp-content\\\/uploads\\\/2023\\\/11\\\/Captura-de-pantalla-2023-11-11-a-las-0.08.22-e1699874244305.png\",\"datePublished\":\"2023-11-13T11:28:31+00:00\",\"dateModified\":\"2023-11-13T11:54:20+00:00\",\"description\":\"Madrid y Barcelona acoger\u00e1n los dos shows consecutivos en los que Nicki Nicole presentar\u00e1 su nuevo \u00e1lbum: \u201cAlma\u201d\",\"breadcrumb\":{\"@id\":\"https:\\\/\\\/unaymilletras.com\\\/nicki-nicole-traera-su-alma-hasta-espana\\\/#breadcrumb\"},\"inLanguage\":\"en-GB\",\"potentialAction\":[{\"@type\":\"ReadAction\",\"target\":[\"https:\\\/\\\/unaymilletras.com\\\/nicki-nicole-traera-su-alma-hasta-espana\\\/\"]}]},{\"@type\":\"ImageObject\",\"inLanguage\":\"en-GB\",\"@id\":\"https:\\\/\\\/unaymilletras.com\\\/nicki-nicole-traera-su-alma-hasta-espana\\\/#primaryimage\",\"url\":\"https:\\\/\\\/unaymilletras.com\\\/wp-content\\\/uploads\\\/2023\\\/11\\\/Captura-de-pantalla-2023-11-11-a-las-0.08.22-e1699874244305.png\",\"contentUrl\":\"https:\\\/\\\/unaymilletras.com\\\/wp-content\\\/uploads\\\/2023\\\/11\\\/Captura-de-pantalla-2023-11-11-a-las-0.08.22-e1699874244305.png\",\"width\":600,\"height\":427,\"caption\":\"Nicki Nicole\"},{\"@type\":\"BreadcrumbList\",\"@id\":\"https:\\\/\\\/unaymilletras.com\\\/nicki-nicole-traera-su-alma-hasta-espana\\\/#breadcrumb\",\"itemListElement\":[{\"@type\":\"ListItem\",\"position\":1,\"name\":\"Home\",\"item\":\"http:\\\/\\\/unaymilletras.com\\\/\"},{\"@type\":\"ListItem\",\"position\":2,\"name\":\"Nicki Nicole traer\u00e1 su Alma hasta Espa\u00f1a\"}]},{\"@type\":\"WebSite\",\"@id\":\"http:\\\/\\\/unaymilletras.com\\\/#website\",\"url\":\"http:\\\/\\\/unaymilletras.com\\\/\",\"name\":\"Una y Mil Letras\",\"description\":\"\",\"publisher\":{\"@id\":\"http:\\\/\\\/unaymilletras.com\\\/#organization\"},\"potentialAction\":[{\"@type\":\"SearchAction\",\"target\":{\"@type\":\"EntryPoint\",\"urlTemplate\":\"http:\\\/\\\/unaymilletras.com\\\/?s={search_term_string}\"},\"query-input\":{\"@type\":\"PropertyValueSpecification\",\"valueRequired\":true,\"valueName\":\"search_term_string\"}}],\"inLanguage\":\"en-GB\"},{\"@type\":\"Organization\",\"@id\":\"http:\\\/\\\/unaymilletras.com\\\/#organization\",\"name\":\"Una y Mil Letras\",\"url\":\"http:\\\/\\\/unaymilletras.com\\\/\",\"logo\":{\"@type\":\"ImageObject\",\"inLanguage\":\"en-GB\",\"@id\":\"http:\\\/\\\/unaymilletras.com\\\/#\\\/schema\\\/logo\\\/image\\\/\",\"url\":\"https:\\\/\\\/unaymilletras.com\\\/wp-content\\\/uploads\\\/2024\\\/06\\\/cropped-Logo-removebg-preview.png\",\"contentUrl\":\"https:\\\/\\\/unaymilletras.com\\\/wp-content\\\/uploads\\\/2024\\\/06\\\/cropped-Logo-removebg-preview.png\",\"width\":512,\"height\":512,\"caption\":\"Una y Mil Letras\"},\"image\":{\"@id\":\"http:\\\/\\\/unaymilletras.com\\\/#\\\/schema\\\/logo\\\/image\\\/\"},\"sameAs\":[\"https:\\\/\\\/x.com\\\/UnaYMilLetras\",\"https:\\\/\\\/instagram.com\\\/UnaYMilLetras\"]},{\"@type\":\"Person\",\"@id\":\"http:\\\/\\\/unaymilletras.com\\\/#\\\/schema\\\/person\\\/d55ba681b8a4e463d8982dbe36a5dc94\",\"name\":\"Maria Gil Robledo\",\"image\":{\"@type\":\"ImageObject\",\"inLanguage\":\"en-GB\",\"@id\":\"https:\\\/\\\/secure.gravatar.com\\\/avatar\\\/4b8e5102e0015789407eb4870b12f0f2857952d83ca124058f92b764bd1840c3?s=96&d=mm&r=g\",\"url\":\"https:\\\/\\\/secure.gravatar.com\\\/avatar\\\/4b8e5102e0015789407eb4870b12f0f2857952d83ca124058f92b764bd1840c3?s=96&d=mm&r=g\",\"contentUrl\":\"https:\\\/\\\/secure.gravatar.com\\\/avatar\\\/4b8e5102e0015789407eb4870b12f0f2857952d83ca124058f92b764bd1840c3?s=96&d=mm&r=g\",\"caption\":\"Maria Gil Robledo\"},\"sameAs\":[\"http:\\\/\\\/unaymilletras.com\"],\"url\":\"https:\\\/\\\/unaymilletras.com\\\/en\\\/author\\\/mariiagiil02_\\\/\"}]}<\/script>\n<!-- \/ Yoast SEO plugin. -->","yoast_head_json":{"title":"Nicki Nicole traer\u00e1 su Alma hasta Espa\u00f1a &#8902; Una y Mil Letras","description":"Madrid y Barcelona acoger\u00e1n los dos shows consecutivos en los que Nicki Nicole presentar\u00e1 su nuevo \u00e1lbum: \u201cAlma\u201d","robots":{"index":"index","follow":"follow","max-snippet":"max-snippet:-1","max-image-preview":"max-image-preview:large","max-video-preview":"max-video-preview:-1"},"canonical":"https:\/\/unaymilletras.com\/en\/nicki-nicole-traera-su-alma-hasta-espana\/","og_locale":"en_GB","og_type":"article","og_title":"Nicki Nicole traer\u00e1 su Alma hasta Espa\u00f1a &#8902; Una y Mil Letras","og_description":"Madrid y Barcelona acoger\u00e1n los dos shows consecutivos en los que Nicki Nicole presentar\u00e1 su nuevo \u00e1lbum: \u201cAlma\u201d","og_url":"https:\/\/unaymilletras.com\/en\/nicki-nicole-traera-su-alma-hasta-espana\/","og_site_name":"Una y Mil Letras","article_published_time":"2023-11-13T11:28:31+00:00","article_modified_time":"2023-11-13T11:54:20+00:00","og_image":[{"width":1024,"height":730,"url":"http:\/\/unaymilletras.com\/wp-content\/uploads\/2023\/11\/Captura-de-pantalla-2023-11-11-a-las-0.08.22-1024x730.png","type":"image\/png"}],"author":"Maria Gil Robledo","twitter_card":"summary_large_image","twitter_creator":"@UnaYMilLetras","twitter_site":"@UnaYMilLetras","twitter_misc":{"Written by":"Maria Gil Robledo","Estimated reading time":"2 minutes"},"schema":{"@context":"https:\/\/schema.org","@graph":[{"@type":"Article","@id":"https:\/\/unaymilletras.com\/nicki-nicole-traera-su-alma-hasta-espana\/#article","isPartOf":{"@id":"https:\/\/unaymilletras.com\/nicki-nicole-traera-su-alma-hasta-espana\/"},"author":{"name":"Maria Gil Robledo","@id":"http:\/\/unaymilletras.com\/#\/schema\/person\/d55ba681b8a4e463d8982dbe36a5dc94"},"headline":"Nicki Nicole traer\u00e1 su Alma hasta Espa\u00f1a","datePublished":"2023-11-13T11:28:31+00:00","dateModified":"2023-11-13T11:54:20+00:00","mainEntityOfPage":{"@id":"https:\/\/unaymilletras.com\/nicki-nicole-traera-su-alma-hasta-espana\/"},"wordCount":290,"commentCount":0,"publisher":{"@id":"http:\/\/unaymilletras.com\/#organization"},"image":{"@id":"https:\/\/unaymilletras.com\/nicki-nicole-traera-su-alma-hasta-espana\/#primaryimage"},"thumbnailUrl":"https:\/\/unaymilletras.com\/wp-content\/uploads\/2023\/11\/Captura-de-pantalla-2023-11-11-a-las-0.08.22-e1699874244305.png","articleSection":["M\u00fasica","Uncategorized"],"inLanguage":"en-GB","potentialAction":[{"@type":"CommentAction","name":"Comment","target":["https:\/\/unaymilletras.com\/nicki-nicole-traera-su-alma-hasta-espana\/#respond"]}]},{"@type":"WebPage","@id":"https:\/\/unaymilletras.com\/nicki-nicole-traera-su-alma-hasta-espana\/","url":"https:\/\/unaymilletras.com\/nicki-nicole-traera-su-alma-hasta-espana\/","name":"Nicki Nicole traer\u00e1 su Alma hasta Espa\u00f1a &#8902; Una y Mil Letras","isPartOf":{"@id":"http:\/\/unaymilletras.com\/#website"},"primaryImageOfPage":{"@id":"https:\/\/unaymilletras.com\/nicki-nicole-traera-su-alma-hasta-espana\/#primaryimage"},"image":{"@id":"https:\/\/unaymilletras.com\/nicki-nicole-traera-su-alma-hasta-espana\/#primaryimage"},"thumbnailUrl":"https:\/\/unaymilletras.com\/wp-content\/uploads\/2023\/11\/Captura-de-pantalla-2023-11-11-a-las-0.08.22-e1699874244305.png","datePublished":"2023-11-13T11:28:31+00:00","dateModified":"2023-11-13T11:54:20+00:00","description":"Madrid y Barcelona acoger\u00e1n los dos shows consecutivos en los que Nicki Nicole presentar\u00e1 su nuevo \u00e1lbum: \u201cAlma\u201d","breadcrumb":{"@id":"https:\/\/unaymilletras.com\/nicki-nicole-traera-su-alma-hasta-espana\/#breadcrumb"},"inLanguage":"en-GB","potentialAction":[{"@type":"ReadAction","target":["https:\/\/unaymilletras.com\/nicki-nicole-traera-su-alma-hasta-espana\/"]}]},{"@type":"ImageObject","inLanguage":"en-GB","@id":"https:\/\/unaymilletras.com\/nicki-nicole-traera-su-alma-hasta-espana\/#primaryimage","url":"https:\/\/unaymilletras.com\/wp-content\/uploads\/2023\/11\/Captura-de-pantalla-2023-11-11-a-las-0.08.22-e1699874244305.png","contentUrl":"https:\/\/unaymilletras.com\/wp-content\/uploads\/2023\/11\/Captura-de-pantalla-2023-11-11-a-las-0.08.22-e1699874244305.png","width":600,"height":427,"caption":"Nicki Nicole"},{"@type":"BreadcrumbList","@id":"https:\/\/unaymilletras.com\/nicki-nicole-traera-su-alma-hasta-espana\/#breadcrumb","itemListElement":[{"@type":"ListItem","position":1,"name":"Home","item":"http:\/\/unaymilletras.com\/"},{"@type":"ListItem","position":2,"name":"Nicki Nicole traer\u00e1 su Alma hasta Espa\u00f1a"}]},{"@type":"WebSite","@id":"http:\/\/unaymilletras.com\/#website","url":"http:\/\/unaymilletras.com\/","name":"Una y Mil Letras","description":"","publisher":{"@id":"http:\/\/unaymilletras.com\/#organization"},"potentialAction":[{"@type":"SearchAction","target":{"@type":"EntryPoint","urlTemplate":"http:\/\/unaymilletras.com\/?s={search_term_string}"},"query-input":{"@type":"PropertyValueSpecification","valueRequired":true,"valueName":"search_term_string"}}],"inLanguage":"en-GB"},{"@type":"Organization","@id":"http:\/\/unaymilletras.com\/#organization","name":"Una y Mil Letras","url":"http:\/\/unaymilletras.com\/","logo":{"@type":"ImageObject","inLanguage":"en-GB","@id":"http:\/\/unaymilletras.com\/#\/schema\/logo\/image\/","url":"https:\/\/unaymilletras.com\/wp-content\/uploads\/2024\/06\/cropped-Logo-removebg-preview.png","contentUrl":"https:\/\/unaymilletras.com\/wp-content\/uploads\/2024\/06\/cropped-Logo-removebg-preview.png","width":512,"height":512,"caption":"Una y Mil Letras"},"image":{"@id":"http:\/\/unaymilletras.com\/#\/schema\/logo\/image\/"},"sameAs":["https:\/\/x.com\/UnaYMilLetras","https:\/\/instagram.com\/UnaYMilLetras"]},{"@type":"Person","@id":"http:\/\/unaymilletras.com\/#\/schema\/person\/d55ba681b8a4e463d8982dbe36a5dc94","name":"Maria Gil Robledo","image":{"@type":"ImageObject","inLanguage":"en-GB","@id":"https:\/\/secure.gravatar.com\/avatar\/4b8e5102e0015789407eb4870b12f0f2857952d83ca124058f92b764bd1840c3?s=96&d=mm&r=g","url":"https:\/\/secure.gravatar.com\/avatar\/4b8e5102e0015789407eb4870b12f0f2857952d83ca124058f92b764bd1840c3?s=96&d=mm&r=g","contentUrl":"https:\/\/secure.gravatar.com\/avatar\/4b8e5102e0015789407eb4870b12f0f2857952d83ca124058f92b764bd1840c3?s=96&d=mm&r=g","caption":"Maria Gil Robledo"},"sameAs":["http:\/\/unaymilletras.com"],"url":"https:\/\/unaymilletras.com\/en\/author\/mariiagiil02_\/"}]}},"_links":{"self":[{"href":"https:\/\/unaymilletras.com\/en\/wp-json\/wp\/v2\/posts\/1495","targetHints":{"allow":["GET"]}}],"collection":[{"href":"https:\/\/unaymilletras.com\/en\/wp-json\/wp\/v2\/posts"}],"about":[{"href":"https:\/\/unaymilletras.com\/en\/wp-json\/wp\/v2\/types\/post"}],"author":[{"embeddable":true,"href":"https:\/\/unaymilletras.com\/en\/wp-json\/wp\/v2\/users\/1"}],"replies":[{"embeddable":true,"href":"https:\/\/unaymilletras.com\/en\/wp-json\/wp\/v2\/comments?post=1495"}],"version-history":[{"count":8,"href":"https:\/\/unaymilletras.com\/en\/wp-json\/wp\/v2\/posts\/1495\/revisions"}],"predecessor-version":[{"id":1512,"href":"https:\/\/unaymilletras.com\/en\/wp-json\/wp\/v2\/posts\/1495\/revisions\/1512"}],"wp:featuredmedia":[{"embeddable":true,"href":"https:\/\/unaymilletras.com\/en\/wp-json\/wp\/v2\/media\/1497"}],"wp:attachment":[{"href":"https:\/\/unaymilletras.com\/en\/wp-json\/wp\/v2\/media?parent=1495"}],"wp:term":[{"taxonomy":"category","embeddable":true,"href":"https:\/\/unaymilletras.com\/en\/wp-json\/wp\/v2\/categories?post=1495"},{"taxonomy":"post_tag","embeddable":true,"href":"https:\/\/unaymilletras.com\/en\/wp-json\/wp\/v2\/tags?post=1495"}],"curies":[{"name":"wp","href":"https:\/\/api.w.org\/{rel}","templated":true}]}}