{"id":150,"date":"2023-02-27T22:41:41","date_gmt":"2023-02-27T22:41:41","guid":{"rendered":"https:\/\/unaymilletras.wordpress.com\/?p=150"},"modified":"2023-05-06T14:08:46","modified_gmt":"2023-05-06T14:08:46","slug":"duko-esta-en-la-casa-argentina-esta-en-la-casa","status":"publish","type":"post","link":"https:\/\/unaymilletras.com\/en\/duko-esta-en-la-casa-argentina-esta-en-la-casa\/","title":{"rendered":"Duko est\u00e1 en la casa, Argentina est\u00e1 en la casa"},"content":{"rendered":"<p class=\"has-text-align-center has-huge-font-size\"><em>Dos noches inolvidables para Duki, el cantante que consigui\u00f3 llenar dos Wizink Center seguidos<\/em><\/p>\n\n\n\n<figure class=\"wp-block-image size-large\"><img decoding=\"async\" src=\"http:\/\/unaymilletras.com\/wp-content\/uploads\/2023\/02\/duki-wizink.jpeg?w=1024\" alt=\"\" class=\"wp-image-152\" \/><figcaption class=\"wp-element-caption\">Fotograf\u00eda: Shotbyfrankito<\/figcaption><\/figure>\n\n\n\n<p class=\"has-text-align-left has-small-font-size\">El pasado fin de semana, Duki, el joven trapero argentino de tan solo 26 a\u00f1os ha conseguido llenar dos veces el WiZink Center en un solo fin de semana. 15.000 personas de toda Espa\u00f1a acudieron los pasados pasados 24 y 25 de febrero al Palacio de los Deportes en Madrid. Despu\u00e9s de que los seguidores del artista agotasen las entradas tan solo una semana tanto en la capital (24 de febrero) como en Barcelona (3 de marzo), Duki decidi\u00f3 ofrecer un segundo show en ambas ciudades el d\u00eda de despu\u00e9s. <\/p>\n\n\n\n<p class=\"has-small-font-size\">Duki, <em>el milagro de Sandra y de Gille nacido el 24 de julio<\/em> de 1996, comenz\u00f3 en la m\u00fasica con las batallas de gallos. En 2016 gan\u00f3 El Quinto Escal\u00f3n, una competici\u00f3n de freestyle que cobr\u00f3 una gran importancia en Argentina gracias a su difusi\u00f3n por YouTube. Esto le dio la oportunidad de poder lanzar su primera canci\u00f3n y trabajar junto al productor Omar Varella. En 2017 sac\u00f3 <em>She Don&#8217;t Give a Fo<\/em>, canci\u00f3n que a d\u00eda de hoy sigue siendo un himno mundial. Posteriormente se juntaron Modo Diablo, el tr\u00edo formado por Duki, YSY A y Neo Pistea.<\/p>\n\n\n\n<p class=\"has-small-font-size\">El trapero ha conseguido traer a Espa\u00f1a el nombre de Argentina por todo lo alto. A pesar del retraso con el que comenz\u00f3 el primero de los conciertos, en cuanto sonaron los primeros acordes de <em>Givenchy<\/em> en el WizinkCenter los fans enloquecieron. <\/p>\n\n\n\n<figure class=\"wp-block-image size-large\"><img fetchpriority=\"high\" decoding=\"async\" width=\"990\" height=\"671\" src=\"http:\/\/unaymilletras.com\/wp-content\/uploads\/2023\/02\/wizink-publico.jpeg?w=990\" alt=\"\" class=\"wp-image-154\" srcset=\"https:\/\/unaymilletras.com\/wp-content\/uploads\/2023\/02\/wizink-publico.jpeg 990w, https:\/\/unaymilletras.com\/wp-content\/uploads\/2023\/02\/wizink-publico-300x203.jpeg 300w, https:\/\/unaymilletras.com\/wp-content\/uploads\/2023\/02\/wizink-publico-768x521.jpeg 768w\" sizes=\"(max-width: 990px) 100vw, 990px\" \/><\/figure>\n\n\n\n<p class=\"has-small-font-size\">Un concierto que no llevaba el nombre de ning\u00fan disco, hecho para los fans. Durante la hora y media de show, Duki hizo un recorrido por toda su carrera musical, comenzando por sus canciones m\u00e1s conocidas, como <em>Rockstar<\/em>. Sigui\u00f3 por algunas m\u00e1s dedicadas a aquellas personas que llevan m\u00e1s de cinco a\u00f1os apoy\u00e1ndole y que el hecho de que muchos asistentes no las cantasen ha sido el punto de mira para algunas cr\u00edticas de los seguidores m\u00e1s antiguos. En su tracklist tambi\u00e9n incluy\u00f3 colaboraciones con YSY A o KHEA.<\/p>\n\n\n\n<p class=\"has-small-font-size\">Asimismo, cant\u00f3 su reciente sesi\u00f3n de Bizarrap, la cu\u00e1l consigui\u00f3 que el estadio temblase. Tambi\u00e9n rindi\u00f3 homenaje a sus compa\u00f1eros argentinos al cantar <em>Adem\u00e1s de m\u00ed (Remix)<\/em>, canci\u00f3n de Tiago PZK con Rusherking, en cuyo remix participa junto a otras de las figuras m\u00e1s importantes de la escena argentina, como son Lit Killah, Khea y Mar\u00eda Becerra. <\/p>\n\n\n\n<p class=\"has-small-font-size\">Duki complet\u00f3 su show con canciones como <em>Top 5<\/em>, de su disco <em>Temporada de Reggaet\u00f3n<\/em>; <em>Unfollow<\/em> y <em>Antes de Perderte<\/em>, canci\u00f3n que sus fans no paraban de pedir en su versi\u00f3n trap; <em>Sin Frenos<\/em>, tema perteneciente al disco <em>Sauce Boyz 2<\/em>, de Eladio Carri\u00f3n; y <em>Yo Hago Lo Que Me Da La Gana<\/em>, la canci\u00f3n en la que colabor\u00f3 con el artista puertorrique\u00f1o Bad Bunny, para el \u00e1lbum con el que comparte nombre. <\/p>\n\n\n\n<figure class=\"wp-block-embed is-type-rich is-provider-twitter wp-block-embed-twitter\"><div class=\"wp-block-embed__wrapper\">\n<blockquote class=\"twitter-tweet\" data-width=\"550\" data-dnt=\"true\"><p lang=\"en\" dir=\"ltr\">. <a href=\"https:\/\/twitter.com\/DukiSSJ?ref_src=twsrc%5Etfw\">@DukiSSJ<\/a> ayer en el wizink center \ud83c\uddea\ud83c\uddf8 <a href=\"https:\/\/t.co\/Jn5a5s82o8\">pic.twitter.com\/Jn5a5s82o8<\/a><\/p>&mdash; archive duki (@archiveduko) <a href=\"https:\/\/twitter.com\/archiveduko\/status\/1629540387307044867?ref_src=twsrc%5Etfw\">February 25, 2023<\/a><\/blockquote><script async src=\"https:\/\/platform.twitter.com\/widgets.js\" charset=\"utf-8\"><\/script>\n<\/div><\/figure>\n\n\n\n<p class=\"has-small-font-size\">El pr\u00f3ximo fin de semana ser\u00e1 el turno de conquistar Barcelona. Al igual que en Madrid, Duki consigui\u00f3 agotar las entradas del 3 de marzo poco tiempo despu\u00e9s de haber sido puestas a la venta. Para el d\u00eda 4, su segunda fecha, quedan pocas entradas. Tan solo quedan cinco d\u00edas para que el Palau Sant Jordi reciba a Duki y el estadio se caiga y disfrute con el show que el argentino dar\u00e1. <\/p>","protected":false},"excerpt":{"rendered":"<p>El pasado fin de semana, Duki, el joven trapero argentino de tan solo 26 a\u00f1os ha conseguido llenar dos veces el WizinkCenter en un solo fin de semana. 15.000 personas de toda Espa\u00f1a acudieron los pasados pasados 24 y 25 de febrero al Palacio de los Deportes en Madrid<\/p>","protected":false},"author":1,"featured_media":156,"comment_status":"open","ping_status":"open","sticky":false,"template":"","format":"standard","meta":{"footnotes":""},"categories":[4],"tags":[],"class_list":["post-150","post","type-post","status-publish","format-standard","has-post-thumbnail","hentry","category-musica"],"yoast_head":"<!-- This site is optimized with the Yoast SEO plugin v27.4 - https:\/\/yoast.com\/product\/yoast-seo-wordpress\/ -->\n<title>Duko est\u00e1 en la casa, Argentina est\u00e1 en la casa &#8902; Una y Mil Letras<\/title>\n<meta name=\"robots\" content=\"index, follow, max-snippet:-1, max-image-preview:large, max-video-preview:-1\" \/>\n<link rel=\"canonical\" href=\"https:\/\/unaymilletras.com\/en\/duko-esta-en-la-casa-argentina-esta-en-la-casa\/\" \/>\n<meta property=\"og:locale\" content=\"en_GB\" \/>\n<meta property=\"og:type\" content=\"article\" \/>\n<meta property=\"og:title\" content=\"Duko est\u00e1 en la casa, Argentina est\u00e1 en la casa &#8902; Una y Mil Letras\" \/>\n<meta property=\"og:description\" content=\"El pasado fin de semana, Duki, el joven trapero argentino de tan solo 26 a\u00f1os ha conseguido llenar dos veces el WizinkCenter en un solo fin de semana. 15.000 personas de toda Espa\u00f1a acudieron los pasados pasados 24 y 25 de febrero al Palacio de los Deportes en Madrid\" \/>\n<meta property=\"og:url\" content=\"https:\/\/unaymilletras.com\/en\/duko-esta-en-la-casa-argentina-esta-en-la-casa\/\" \/>\n<meta property=\"og:site_name\" content=\"Una y Mil Letras\" \/>\n<meta property=\"article:published_time\" content=\"2023-02-27T22:41:41+00:00\" \/>\n<meta property=\"article:modified_time\" content=\"2023-05-06T14:08:46+00:00\" \/>\n<meta property=\"og:image\" content=\"https:\/\/unaymilletras.com\/wp-content\/uploads\/2023\/02\/fp1kwabxgaichrw.jpeg\" \/>\n\t<meta property=\"og:image:width\" content=\"827\" \/>\n\t<meta property=\"og:image:height\" content=\"1024\" \/>\n\t<meta property=\"og:image:type\" content=\"image\/jpeg\" \/>\n<meta name=\"author\" content=\"Maria Gil Robledo\" \/>\n<meta name=\"twitter:card\" content=\"summary_large_image\" \/>\n<meta name=\"twitter:creator\" content=\"@UnaYMilLetras\" \/>\n<meta name=\"twitter:site\" content=\"@UnaYMilLetras\" \/>\n<meta name=\"twitter:label1\" content=\"Written by\" \/>\n\t<meta name=\"twitter:data1\" content=\"Maria Gil Robledo\" \/>\n\t<meta name=\"twitter:label2\" content=\"Estimated reading time\" \/>\n\t<meta name=\"twitter:data2\" content=\"3 minutes\" \/>\n<script type=\"application\/ld+json\" class=\"yoast-schema-graph\">{\"@context\":\"https:\\\/\\\/schema.org\",\"@graph\":[{\"@type\":\"Article\",\"@id\":\"https:\\\/\\\/unaymilletras.com\\\/duko-esta-en-la-casa-argentina-esta-en-la-casa\\\/#article\",\"isPartOf\":{\"@id\":\"https:\\\/\\\/unaymilletras.com\\\/duko-esta-en-la-casa-argentina-esta-en-la-casa\\\/\"},\"author\":{\"name\":\"Maria Gil Robledo\",\"@id\":\"http:\\\/\\\/unaymilletras.com\\\/#\\\/schema\\\/person\\\/d55ba681b8a4e463d8982dbe36a5dc94\"},\"headline\":\"Duko est\u00e1 en la casa, Argentina est\u00e1 en la casa\",\"datePublished\":\"2023-02-27T22:41:41+00:00\",\"dateModified\":\"2023-05-06T14:08:46+00:00\",\"mainEntityOfPage\":{\"@id\":\"https:\\\/\\\/unaymilletras.com\\\/duko-esta-en-la-casa-argentina-esta-en-la-casa\\\/\"},\"wordCount\":584,\"commentCount\":0,\"publisher\":{\"@id\":\"http:\\\/\\\/unaymilletras.com\\\/#organization\"},\"image\":{\"@id\":\"https:\\\/\\\/unaymilletras.com\\\/duko-esta-en-la-casa-argentina-esta-en-la-casa\\\/#primaryimage\"},\"thumbnailUrl\":\"https:\\\/\\\/unaymilletras.com\\\/wp-content\\\/uploads\\\/2023\\\/02\\\/fp1kwabxgaichrw.jpeg\",\"articleSection\":[\"M\u00fasica\"],\"inLanguage\":\"en-GB\",\"potentialAction\":[{\"@type\":\"CommentAction\",\"name\":\"Comment\",\"target\":[\"https:\\\/\\\/unaymilletras.com\\\/duko-esta-en-la-casa-argentina-esta-en-la-casa\\\/#respond\"]}]},{\"@type\":\"WebPage\",\"@id\":\"https:\\\/\\\/unaymilletras.com\\\/duko-esta-en-la-casa-argentina-esta-en-la-casa\\\/\",\"url\":\"https:\\\/\\\/unaymilletras.com\\\/duko-esta-en-la-casa-argentina-esta-en-la-casa\\\/\",\"name\":\"Duko est\u00e1 en la casa, Argentina est\u00e1 en la casa &#8902; Una y Mil Letras\",\"isPartOf\":{\"@id\":\"http:\\\/\\\/unaymilletras.com\\\/#website\"},\"primaryImageOfPage\":{\"@id\":\"https:\\\/\\\/unaymilletras.com\\\/duko-esta-en-la-casa-argentina-esta-en-la-casa\\\/#primaryimage\"},\"image\":{\"@id\":\"https:\\\/\\\/unaymilletras.com\\\/duko-esta-en-la-casa-argentina-esta-en-la-casa\\\/#primaryimage\"},\"thumbnailUrl\":\"https:\\\/\\\/unaymilletras.com\\\/wp-content\\\/uploads\\\/2023\\\/02\\\/fp1kwabxgaichrw.jpeg\",\"datePublished\":\"2023-02-27T22:41:41+00:00\",\"dateModified\":\"2023-05-06T14:08:46+00:00\",\"breadcrumb\":{\"@id\":\"https:\\\/\\\/unaymilletras.com\\\/duko-esta-en-la-casa-argentina-esta-en-la-casa\\\/#breadcrumb\"},\"inLanguage\":\"en-GB\",\"potentialAction\":[{\"@type\":\"ReadAction\",\"target\":[\"https:\\\/\\\/unaymilletras.com\\\/duko-esta-en-la-casa-argentina-esta-en-la-casa\\\/\"]}]},{\"@type\":\"ImageObject\",\"inLanguage\":\"en-GB\",\"@id\":\"https:\\\/\\\/unaymilletras.com\\\/duko-esta-en-la-casa-argentina-esta-en-la-casa\\\/#primaryimage\",\"url\":\"https:\\\/\\\/unaymilletras.com\\\/wp-content\\\/uploads\\\/2023\\\/02\\\/fp1kwabxgaichrw.jpeg\",\"contentUrl\":\"https:\\\/\\\/unaymilletras.com\\\/wp-content\\\/uploads\\\/2023\\\/02\\\/fp1kwabxgaichrw.jpeg\",\"width\":827,\"height\":1024},{\"@type\":\"BreadcrumbList\",\"@id\":\"https:\\\/\\\/unaymilletras.com\\\/duko-esta-en-la-casa-argentina-esta-en-la-casa\\\/#breadcrumb\",\"itemListElement\":[{\"@type\":\"ListItem\",\"position\":1,\"name\":\"Home\",\"item\":\"http:\\\/\\\/unaymilletras.com\\\/\"},{\"@type\":\"ListItem\",\"position\":2,\"name\":\"Duko est\u00e1 en la casa, Argentina est\u00e1 en la casa\"}]},{\"@type\":\"WebSite\",\"@id\":\"http:\\\/\\\/unaymilletras.com\\\/#website\",\"url\":\"http:\\\/\\\/unaymilletras.com\\\/\",\"name\":\"Una y Mil Letras\",\"description\":\"\",\"publisher\":{\"@id\":\"http:\\\/\\\/unaymilletras.com\\\/#organization\"},\"potentialAction\":[{\"@type\":\"SearchAction\",\"target\":{\"@type\":\"EntryPoint\",\"urlTemplate\":\"http:\\\/\\\/unaymilletras.com\\\/?s={search_term_string}\"},\"query-input\":{\"@type\":\"PropertyValueSpecification\",\"valueRequired\":true,\"valueName\":\"search_term_string\"}}],\"inLanguage\":\"en-GB\"},{\"@type\":\"Organization\",\"@id\":\"http:\\\/\\\/unaymilletras.com\\\/#organization\",\"name\":\"Una y Mil Letras\",\"url\":\"http:\\\/\\\/unaymilletras.com\\\/\",\"logo\":{\"@type\":\"ImageObject\",\"inLanguage\":\"en-GB\",\"@id\":\"http:\\\/\\\/unaymilletras.com\\\/#\\\/schema\\\/logo\\\/image\\\/\",\"url\":\"https:\\\/\\\/unaymilletras.com\\\/wp-content\\\/uploads\\\/2024\\\/06\\\/cropped-Logo-removebg-preview.png\",\"contentUrl\":\"https:\\\/\\\/unaymilletras.com\\\/wp-content\\\/uploads\\\/2024\\\/06\\\/cropped-Logo-removebg-preview.png\",\"width\":512,\"height\":512,\"caption\":\"Una y Mil Letras\"},\"image\":{\"@id\":\"http:\\\/\\\/unaymilletras.com\\\/#\\\/schema\\\/logo\\\/image\\\/\"},\"sameAs\":[\"https:\\\/\\\/x.com\\\/UnaYMilLetras\",\"https:\\\/\\\/instagram.com\\\/UnaYMilLetras\"]},{\"@type\":\"Person\",\"@id\":\"http:\\\/\\\/unaymilletras.com\\\/#\\\/schema\\\/person\\\/d55ba681b8a4e463d8982dbe36a5dc94\",\"name\":\"Maria Gil Robledo\",\"image\":{\"@type\":\"ImageObject\",\"inLanguage\":\"en-GB\",\"@id\":\"https:\\\/\\\/secure.gravatar.com\\\/avatar\\\/4b8e5102e0015789407eb4870b12f0f2857952d83ca124058f92b764bd1840c3?s=96&d=mm&r=g\",\"url\":\"https:\\\/\\\/secure.gravatar.com\\\/avatar\\\/4b8e5102e0015789407eb4870b12f0f2857952d83ca124058f92b764bd1840c3?s=96&d=mm&r=g\",\"contentUrl\":\"https:\\\/\\\/secure.gravatar.com\\\/avatar\\\/4b8e5102e0015789407eb4870b12f0f2857952d83ca124058f92b764bd1840c3?s=96&d=mm&r=g\",\"caption\":\"Maria Gil Robledo\"},\"sameAs\":[\"http:\\\/\\\/unaymilletras.com\"],\"url\":\"https:\\\/\\\/unaymilletras.com\\\/en\\\/author\\\/mariiagiil02_\\\/\"}]}<\/script>\n<!-- \/ Yoast SEO plugin. -->","yoast_head_json":{"title":"Duko est\u00e1 en la casa, Argentina est\u00e1 en la casa &#8902; Una y Mil Letras","robots":{"index":"index","follow":"follow","max-snippet":"max-snippet:-1","max-image-preview":"max-image-preview:large","max-video-preview":"max-video-preview:-1"},"canonical":"https:\/\/unaymilletras.com\/en\/duko-esta-en-la-casa-argentina-esta-en-la-casa\/","og_locale":"en_GB","og_type":"article","og_title":"Duko est\u00e1 en la casa, Argentina est\u00e1 en la casa &#8902; Una y Mil Letras","og_description":"El pasado fin de semana, Duki, el joven trapero argentino de tan solo 26 a\u00f1os ha conseguido llenar dos veces el WizinkCenter en un solo fin de semana. 15.000 personas de toda Espa\u00f1a acudieron los pasados pasados 24 y 25 de febrero al Palacio de los Deportes en Madrid","og_url":"https:\/\/unaymilletras.com\/en\/duko-esta-en-la-casa-argentina-esta-en-la-casa\/","og_site_name":"Una y Mil Letras","article_published_time":"2023-02-27T22:41:41+00:00","article_modified_time":"2023-05-06T14:08:46+00:00","og_image":[{"width":827,"height":1024,"url":"https:\/\/unaymilletras.com\/wp-content\/uploads\/2023\/02\/fp1kwabxgaichrw.jpeg","type":"image\/jpeg"}],"author":"Maria Gil Robledo","twitter_card":"summary_large_image","twitter_creator":"@UnaYMilLetras","twitter_site":"@UnaYMilLetras","twitter_misc":{"Written by":"Maria Gil Robledo","Estimated reading time":"3 minutes"},"schema":{"@context":"https:\/\/schema.org","@graph":[{"@type":"Article","@id":"https:\/\/unaymilletras.com\/duko-esta-en-la-casa-argentina-esta-en-la-casa\/#article","isPartOf":{"@id":"https:\/\/unaymilletras.com\/duko-esta-en-la-casa-argentina-esta-en-la-casa\/"},"author":{"name":"Maria Gil Robledo","@id":"http:\/\/unaymilletras.com\/#\/schema\/person\/d55ba681b8a4e463d8982dbe36a5dc94"},"headline":"Duko est\u00e1 en la casa, Argentina est\u00e1 en la casa","datePublished":"2023-02-27T22:41:41+00:00","dateModified":"2023-05-06T14:08:46+00:00","mainEntityOfPage":{"@id":"https:\/\/unaymilletras.com\/duko-esta-en-la-casa-argentina-esta-en-la-casa\/"},"wordCount":584,"commentCount":0,"publisher":{"@id":"http:\/\/unaymilletras.com\/#organization"},"image":{"@id":"https:\/\/unaymilletras.com\/duko-esta-en-la-casa-argentina-esta-en-la-casa\/#primaryimage"},"thumbnailUrl":"https:\/\/unaymilletras.com\/wp-content\/uploads\/2023\/02\/fp1kwabxgaichrw.jpeg","articleSection":["M\u00fasica"],"inLanguage":"en-GB","potentialAction":[{"@type":"CommentAction","name":"Comment","target":["https:\/\/unaymilletras.com\/duko-esta-en-la-casa-argentina-esta-en-la-casa\/#respond"]}]},{"@type":"WebPage","@id":"https:\/\/unaymilletras.com\/duko-esta-en-la-casa-argentina-esta-en-la-casa\/","url":"https:\/\/unaymilletras.com\/duko-esta-en-la-casa-argentina-esta-en-la-casa\/","name":"Duko est\u00e1 en la casa, Argentina est\u00e1 en la casa &#8902; Una y Mil Letras","isPartOf":{"@id":"http:\/\/unaymilletras.com\/#website"},"primaryImageOfPage":{"@id":"https:\/\/unaymilletras.com\/duko-esta-en-la-casa-argentina-esta-en-la-casa\/#primaryimage"},"image":{"@id":"https:\/\/unaymilletras.com\/duko-esta-en-la-casa-argentina-esta-en-la-casa\/#primaryimage"},"thumbnailUrl":"https:\/\/unaymilletras.com\/wp-content\/uploads\/2023\/02\/fp1kwabxgaichrw.jpeg","datePublished":"2023-02-27T22:41:41+00:00","dateModified":"2023-05-06T14:08:46+00:00","breadcrumb":{"@id":"https:\/\/unaymilletras.com\/duko-esta-en-la-casa-argentina-esta-en-la-casa\/#breadcrumb"},"inLanguage":"en-GB","potentialAction":[{"@type":"ReadAction","target":["https:\/\/unaymilletras.com\/duko-esta-en-la-casa-argentina-esta-en-la-casa\/"]}]},{"@type":"ImageObject","inLanguage":"en-GB","@id":"https:\/\/unaymilletras.com\/duko-esta-en-la-casa-argentina-esta-en-la-casa\/#primaryimage","url":"https:\/\/unaymilletras.com\/wp-content\/uploads\/2023\/02\/fp1kwabxgaichrw.jpeg","contentUrl":"https:\/\/unaymilletras.com\/wp-content\/uploads\/2023\/02\/fp1kwabxgaichrw.jpeg","width":827,"height":1024},{"@type":"BreadcrumbList","@id":"https:\/\/unaymilletras.com\/duko-esta-en-la-casa-argentina-esta-en-la-casa\/#breadcrumb","itemListElement":[{"@type":"ListItem","position":1,"name":"Home","item":"http:\/\/unaymilletras.com\/"},{"@type":"ListItem","position":2,"name":"Duko est\u00e1 en la casa, Argentina est\u00e1 en la casa"}]},{"@type":"WebSite","@id":"http:\/\/unaymilletras.com\/#website","url":"http:\/\/unaymilletras.com\/","name":"Una y Mil Letras","description":"","publisher":{"@id":"http:\/\/unaymilletras.com\/#organization"},"potentialAction":[{"@type":"SearchAction","target":{"@type":"EntryPoint","urlTemplate":"http:\/\/unaymilletras.com\/?s={search_term_string}"},"query-input":{"@type":"PropertyValueSpecification","valueRequired":true,"valueName":"search_term_string"}}],"inLanguage":"en-GB"},{"@type":"Organization","@id":"http:\/\/unaymilletras.com\/#organization","name":"Una y Mil Letras","url":"http:\/\/unaymilletras.com\/","logo":{"@type":"ImageObject","inLanguage":"en-GB","@id":"http:\/\/unaymilletras.com\/#\/schema\/logo\/image\/","url":"https:\/\/unaymilletras.com\/wp-content\/uploads\/2024\/06\/cropped-Logo-removebg-preview.png","contentUrl":"https:\/\/unaymilletras.com\/wp-content\/uploads\/2024\/06\/cropped-Logo-removebg-preview.png","width":512,"height":512,"caption":"Una y Mil Letras"},"image":{"@id":"http:\/\/unaymilletras.com\/#\/schema\/logo\/image\/"},"sameAs":["https:\/\/x.com\/UnaYMilLetras","https:\/\/instagram.com\/UnaYMilLetras"]},{"@type":"Person","@id":"http:\/\/unaymilletras.com\/#\/schema\/person\/d55ba681b8a4e463d8982dbe36a5dc94","name":"Maria Gil Robledo","image":{"@type":"ImageObject","inLanguage":"en-GB","@id":"https:\/\/secure.gravatar.com\/avatar\/4b8e5102e0015789407eb4870b12f0f2857952d83ca124058f92b764bd1840c3?s=96&d=mm&r=g","url":"https:\/\/secure.gravatar.com\/avatar\/4b8e5102e0015789407eb4870b12f0f2857952d83ca124058f92b764bd1840c3?s=96&d=mm&r=g","contentUrl":"https:\/\/secure.gravatar.com\/avatar\/4b8e5102e0015789407eb4870b12f0f2857952d83ca124058f92b764bd1840c3?s=96&d=mm&r=g","caption":"Maria Gil Robledo"},"sameAs":["http:\/\/unaymilletras.com"],"url":"https:\/\/unaymilletras.com\/en\/author\/mariiagiil02_\/"}]}},"_links":{"self":[{"href":"https:\/\/unaymilletras.com\/en\/wp-json\/wp\/v2\/posts\/150","targetHints":{"allow":["GET"]}}],"collection":[{"href":"https:\/\/unaymilletras.com\/en\/wp-json\/wp\/v2\/posts"}],"about":[{"href":"https:\/\/unaymilletras.com\/en\/wp-json\/wp\/v2\/types\/post"}],"author":[{"embeddable":true,"href":"https:\/\/unaymilletras.com\/en\/wp-json\/wp\/v2\/users\/1"}],"replies":[{"embeddable":true,"href":"https:\/\/unaymilletras.com\/en\/wp-json\/wp\/v2\/comments?post=150"}],"version-history":[{"count":1,"href":"https:\/\/unaymilletras.com\/en\/wp-json\/wp\/v2\/posts\/150\/revisions"}],"predecessor-version":[{"id":554,"href":"https:\/\/unaymilletras.com\/en\/wp-json\/wp\/v2\/posts\/150\/revisions\/554"}],"wp:featuredmedia":[{"embeddable":true,"href":"https:\/\/unaymilletras.com\/en\/wp-json\/wp\/v2\/media\/156"}],"wp:attachment":[{"href":"https:\/\/unaymilletras.com\/en\/wp-json\/wp\/v2\/media?parent=150"}],"wp:term":[{"taxonomy":"category","embeddable":true,"href":"https:\/\/unaymilletras.com\/en\/wp-json\/wp\/v2\/categories?post=150"},{"taxonomy":"post_tag","embeddable":true,"href":"https:\/\/unaymilletras.com\/en\/wp-json\/wp\/v2\/tags?post=150"}],"curies":[{"name":"wp","href":"https:\/\/api.w.org\/{rel}","templated":true}]}}