{"id":1502,"date":"2023-11-13T15:27:13","date_gmt":"2023-11-13T14:27:13","guid":{"rendered":"https:\/\/unaymilletras.com\/?p=1502"},"modified":"2023-11-13T15:27:16","modified_gmt":"2023-11-13T14:27:16","slug":"lola-indigo-brilla-en-la-inauguracion-de-la-santalucia-universal-music-week-en-sevilla","status":"publish","type":"post","link":"https:\/\/unaymilletras.com\/en\/lola-indigo-brilla-en-la-inauguracion-de-la-santalucia-universal-music-week-en-sevilla\/","title":{"rendered":"Lola \u00edndigo brilla en la inauguraci\u00f3n de la Santaluc\u00eda Universal Music Week en Sevilla"},"content":{"rendered":"<div data-elementor-type=\"wp-post\" data-elementor-id=\"1502\" class=\"elementor elementor-1502\">\n\t\t\t\t\t\t<section class=\"elementor-section elementor-top-section elementor-element elementor-element-5ea4401 elementor-section-boxed elementor-section-height-default elementor-section-height-default\" data-id=\"5ea4401\" data-element_type=\"section\" data-e-type=\"section\">\n\t\t\t\t\t\t<div class=\"elementor-container elementor-column-gap-default\">\n\t\t\t\t\t<div class=\"elementor-column elementor-col-100 elementor-top-column elementor-element elementor-element-add4ad7\" data-id=\"add4ad7\" data-element_type=\"column\" data-e-type=\"column\">\n\t\t\t<div class=\"elementor-widget-wrap elementor-element-populated\">\n\t\t\t\t\t\t<div class=\"elementor-element elementor-element-2e3179e elementor-widget elementor-widget-text-editor\" data-id=\"2e3179e\" data-element_type=\"widget\" data-e-type=\"widget\" data-widget_type=\"text-editor.default\">\n\t\t\t\t<div class=\"elementor-widget-container\">\n\t\t\t\t\t\t\t\t\t<h2><span style=\"color: #808080;\">La Plaza de Espa\u00f1a se ilumina con la actuaci\u00f3n de Lola Indigo, cautivando a 5,000 asistentes en un escenario \u00fanico<\/span><\/h2>\t\t\t\t\t\t\t\t<\/div>\n\t\t\t\t<\/div>\n\t\t\t\t\t<\/div>\n\t\t<\/div>\n\t\t\t\t\t<\/div>\n\t\t<\/section>\n\t\t\t\t<section class=\"elementor-section elementor-top-section elementor-element elementor-element-71b0ca7 elementor-section-boxed elementor-section-height-default elementor-section-height-default\" data-id=\"71b0ca7\" data-element_type=\"section\" data-e-type=\"section\">\n\t\t\t\t\t\t<div class=\"elementor-container elementor-column-gap-default\">\n\t\t\t\t\t<div class=\"elementor-column elementor-col-100 elementor-top-column elementor-element elementor-element-2fdb098\" data-id=\"2fdb098\" data-element_type=\"column\" data-e-type=\"column\">\n\t\t\t<div class=\"elementor-widget-wrap elementor-element-populated\">\n\t\t\t\t\t\t<div class=\"elementor-element elementor-element-a165b75 elementor-widget elementor-widget-text-editor\" data-id=\"a165b75\" data-element_type=\"widget\" data-e-type=\"widget\" data-widget_type=\"text-editor.default\">\n\t\t\t\t<div class=\"elementor-widget-container\">\n\t\t\t\t\t\t\t\t\t<p>La <b>Plaza de Espa\u00f1a<\/b> de <b>Sevilla<\/b> se llen\u00f3 de luz y m\u00fasica la noche del s\u00e1bado 11, marcando el inicio de la <b><a href=\"https:\/\/santaluciauniversalmusicweek.com\/\">Santalucia Universal Music Week<\/a><\/b>. El evento, excepcional por su ubicaci\u00f3n y por inaugurar los eventos que rodean la entrega de los <b>Grammy Latinos<\/b>, cont\u00f3 con la deslumbrante actuaci\u00f3n de Lola Indigo. Ante la expectaci\u00f3n de miles de espectadores, la artista granadina hizo su entrada rompiendo un cascar\u00f3n blanco gigante y liderando su talentoso cuerpo de baile con su famoso <b><i>AN1MAL<\/i><\/b>.<\/p>\t\t\t\t\t\t\t\t<\/div>\n\t\t\t\t<\/div>\n\t\t\t\t\t<\/div>\n\t\t<\/div>\n\t\t\t\t\t<\/div>\n\t\t<\/section>\n\t\t\t\t<section class=\"elementor-section elementor-top-section elementor-element elementor-element-3e08a67 elementor-section-boxed elementor-section-height-default elementor-section-height-default\" data-id=\"3e08a67\" data-element_type=\"section\" data-e-type=\"section\">\n\t\t\t\t\t\t<div class=\"elementor-container elementor-column-gap-default\">\n\t\t\t\t\t<div class=\"elementor-column elementor-col-100 elementor-top-column elementor-element elementor-element-3d4492d\" data-id=\"3d4492d\" data-element_type=\"column\" data-e-type=\"column\">\n\t\t\t<div class=\"elementor-widget-wrap elementor-element-populated\">\n\t\t\t\t\t\t<div class=\"elementor-element elementor-element-dc58cc9 elementor-widget elementor-widget-image\" data-id=\"dc58cc9\" data-element_type=\"widget\" data-e-type=\"widget\" data-widget_type=\"image.default\">\n\t\t\t\t<div class=\"elementor-widget-container\">\n\t\t\t\t\t\t\t\t\t\t\t\t<figure class=\"wp-caption\">\n\t\t\t\t\t\t\t\t\t\t<img fetchpriority=\"high\" decoding=\"async\" width=\"640\" height=\"452\" src=\"https:\/\/unaymilletras.com\/wp-content\/uploads\/2023\/11\/lola-.jpeg\" class=\"attachment-large size-large wp-image-1504\" alt=\"Lola \u00edndigo\" srcset=\"https:\/\/unaymilletras.com\/wp-content\/uploads\/2023\/11\/lola-.jpeg 660w, https:\/\/unaymilletras.com\/wp-content\/uploads\/2023\/11\/lola--300x212.jpeg 300w\" sizes=\"(max-width: 640px) 100vw, 640px\" \/>\t\t\t\t\t\t\t\t\t\t\t<figcaption class=\"widget-image-caption wp-caption-text\">Fotografia: Kreativa Visual<\/figcaption>\n\t\t\t\t\t\t\t\t\t\t<\/figure>\n\t\t\t\t\t\t\t\t\t<\/div>\n\t\t\t\t<\/div>\n\t\t\t\t\t<\/div>\n\t\t<\/div>\n\t\t\t\t\t<\/div>\n\t\t<\/section>\n\t\t\t\t<section class=\"elementor-section elementor-top-section elementor-element elementor-element-9a4e156 elementor-section-boxed elementor-section-height-default elementor-section-height-default\" data-id=\"9a4e156\" data-element_type=\"section\" data-e-type=\"section\">\n\t\t\t\t\t\t<div class=\"elementor-container elementor-column-gap-default\">\n\t\t\t\t\t<div class=\"elementor-column elementor-col-100 elementor-top-column elementor-element elementor-element-9109459\" data-id=\"9109459\" data-element_type=\"column\" data-e-type=\"column\">\n\t\t\t<div class=\"elementor-widget-wrap elementor-element-populated\">\n\t\t\t\t\t\t<div class=\"elementor-element elementor-element-b6a8f15 elementor-widget elementor-widget-text-editor\" data-id=\"b6a8f15\" data-element_type=\"widget\" data-e-type=\"widget\" data-widget_type=\"text-editor.default\">\n\t\t\t\t<div class=\"elementor-widget-container\">\n\t\t\t\t\t\t\t\t\t<p>El lugar, transformado en un recinto transparente, ofreci\u00f3 un escenario \u00fanico con m\u00e1ximas comodidades, proximidad y calidad audiovisual. Tanto los espectadores como la propia artista quedaron impresionados por la belleza del enclave, la construcci\u00f3n m\u00e1s grande del siglo XX en la ciudad, dise\u00f1ada por An\u00edbal Gonz\u00e1lez, con vistas al r\u00edo Guadalquivir.<\/p><p>En el centro del espect\u00e1culo, Lola Indigo, una artista en constante crecimiento, ofreci\u00f3 un show impecable, demostrando por qu\u00e9 es una de las artistas m\u00e1s exitosas del pop espa\u00f1ol. A medida que avanzaba el concierto, la energ\u00eda no decay\u00f3. Canciones como <em>Para olvidarme de ti<\/em>, <i>Discoteka<\/i> y <em>Toy Story<\/em>\u00a0deleitaron a los espectadores con ritmos diversos.<\/p>\t\t\t\t\t\t\t\t<\/div>\n\t\t\t\t<\/div>\n\t\t\t\t\t<\/div>\n\t\t<\/div>\n\t\t\t\t\t<\/div>\n\t\t<\/section>\n\t\t\t\t<section class=\"elementor-section elementor-top-section elementor-element elementor-element-2759dd0 elementor-section-boxed elementor-section-height-default elementor-section-height-default\" data-id=\"2759dd0\" data-element_type=\"section\" data-e-type=\"section\">\n\t\t\t\t\t\t<div class=\"elementor-container elementor-column-gap-default\">\n\t\t\t\t\t<div class=\"elementor-column elementor-col-50 elementor-top-column elementor-element elementor-element-b5e0350\" data-id=\"b5e0350\" data-element_type=\"column\" data-e-type=\"column\">\n\t\t\t<div class=\"elementor-widget-wrap elementor-element-populated\">\n\t\t\t\t\t\t<div class=\"elementor-element elementor-element-7b63957 elementor-widget elementor-widget-text-editor\" data-id=\"7b63957\" data-element_type=\"widget\" data-e-type=\"widget\" data-widget_type=\"text-editor.default\">\n\t\t\t\t<div class=\"elementor-widget-container\">\n\t\t\t\t\t\t\t\t\t<p>Con su caracter\u00edstica sonrisa y visiblemente emocionada, Lola Indigo interpret\u00f3 \u00e9xitos como <em>La ni\u00f1a de la escuela<\/em>, un estallido de ritmo dancehall. El repertorio incluy\u00f3 un set de aire flamenco que resalt\u00f3 sus ra\u00edces sure\u00f1as, culminando con <em>De plastilina<\/em>.<\/p>\t\t\t\t\t\t\t\t<\/div>\n\t\t\t\t<\/div>\n\t\t\t\t\t<\/div>\n\t\t<\/div>\n\t\t\t\t<div class=\"elementor-column elementor-col-50 elementor-top-column elementor-element elementor-element-9c4c332\" data-id=\"9c4c332\" data-element_type=\"column\" data-e-type=\"column\">\n\t\t\t<div class=\"elementor-widget-wrap elementor-element-populated\">\n\t\t\t\t\t\t<div class=\"elementor-element elementor-element-908e7ab elementor-widget elementor-widget-image\" data-id=\"908e7ab\" data-element_type=\"widget\" data-e-type=\"widget\" data-widget_type=\"image.default\">\n\t\t\t\t<div class=\"elementor-widget-container\">\n\t\t\t\t\t\t\t\t\t\t\t\t<figure class=\"wp-caption\">\n\t\t\t\t\t\t\t\t\t\t<img decoding=\"async\" width=\"640\" height=\"812\" src=\"https:\/\/unaymilletras.com\/wp-content\/uploads\/2023\/11\/lola-2.jpeg\" class=\"attachment-large size-large wp-image-1505\" alt=\"Lola \u00edndigo\" srcset=\"https:\/\/unaymilletras.com\/wp-content\/uploads\/2023\/11\/lola-2.jpeg 660w, https:\/\/unaymilletras.com\/wp-content\/uploads\/2023\/11\/lola-2-237x300.jpeg 237w\" sizes=\"(max-width: 640px) 100vw, 640px\" \/>\t\t\t\t\t\t\t\t\t\t\t<figcaption class=\"widget-image-caption wp-caption-text\">Fotografia: Kreativa Visual<\/figcaption>\n\t\t\t\t\t\t\t\t\t\t<\/figure>\n\t\t\t\t\t\t\t\t\t<\/div>\n\t\t\t\t<\/div>\n\t\t\t\t\t<\/div>\n\t\t<\/div>\n\t\t\t\t\t<\/div>\n\t\t<\/section>\n\t\t\t\t<section class=\"elementor-section elementor-top-section elementor-element elementor-element-1206a93 elementor-section-boxed elementor-section-height-default elementor-section-height-default\" data-id=\"1206a93\" data-element_type=\"section\" data-e-type=\"section\">\n\t\t\t\t\t\t<div class=\"elementor-container elementor-column-gap-default\">\n\t\t\t\t\t<div class=\"elementor-column elementor-col-100 elementor-top-column elementor-element elementor-element-9e76d33\" data-id=\"9e76d33\" data-element_type=\"column\" data-e-type=\"column\">\n\t\t\t<div class=\"elementor-widget-wrap elementor-element-populated\">\n\t\t\t\t\t\t<div class=\"elementor-element elementor-element-98f1069 elementor-widget elementor-widget-text-editor\" data-id=\"98f1069\" data-element_type=\"widget\" data-e-type=\"widget\" data-widget_type=\"text-editor.default\">\n\t\t\t\t<div class=\"elementor-widget-container\">\n\t\t\t\t\t\t\t\t\t<p>Durante m\u00e1s de hora y media, Lola Indigo mantuvo un ritmo envolvente hasta el momento de la despedida con su reciente \u00e9xit<span style=\"color: #808080;\">o <em><a style=\"color: #808080;\" href=\"https:\/\/unaymilletras.com\/en\/el-dragon-de-lola-indigo-ya-tiene-fecha-de-salida\/\">El tonto<\/a><\/em> y el cl\u00e1sico<\/span><em><span style=\"color: #808080;\"> Ya no quiero n<\/span>\u00e1<\/em>. Este impresionante inicio de la Santalucia Universal Music Week promete m\u00e1s emociones con futuras actuaciones de destacados artistas.<\/p>\t\t\t\t\t\t\t\t<\/div>\n\t\t\t\t<\/div>\n\t\t\t\t\t<\/div>\n\t\t<\/div>\n\t\t\t\t\t<\/div>\n\t\t<\/section>\n\t\t\t\t<\/div>","protected":false},"excerpt":{"rendered":"<p>La Plaza de Espa\u00f1a se ilumina con la actuaci\u00f3n de Lola Indigo, cautivando a 5,000 asistentes en un escenario \u00fanico La Plaza de Espa\u00f1a de Sevilla se llen\u00f3 de luz y m\u00fasica la noche del s\u00e1bado 11, marcando el inicio de la Santalucia Universal Music Week. El evento, excepcional por su ubicaci\u00f3n y por inaugurar [&hellip;]<\/p>\n","protected":false},"author":1,"featured_media":1504,"comment_status":"open","ping_status":"open","sticky":false,"template":"","format":"standard","meta":{"footnotes":""},"categories":[4],"tags":[],"class_list":["post-1502","post","type-post","status-publish","format-standard","has-post-thumbnail","hentry","category-musica"],"yoast_head":"<!-- This site is optimized with the Yoast SEO plugin v27.4 - https:\/\/yoast.com\/product\/yoast-seo-wordpress\/ -->\n<title>Lola \u00edndigo brilla en la inauguraci\u00f3n de la Santaluc\u00eda Universal Music Week en Sevilla &#8902; Una y Mil Letras<\/title>\n<meta name=\"description\" content=\"La Plaza de Espa\u00f1a se ilumina con la actuaci\u00f3n de Lola Indigo, cautivando a 5,000 asistentes en un escenario \u00fanico\" \/>\n<meta name=\"robots\" content=\"index, follow, max-snippet:-1, max-image-preview:large, max-video-preview:-1\" \/>\n<link rel=\"canonical\" href=\"https:\/\/unaymilletras.com\/en\/lola-indigo-brilla-en-la-inauguracion-de-la-santalucia-universal-music-week-en-sevilla\/\" \/>\n<meta property=\"og:locale\" content=\"en_GB\" \/>\n<meta property=\"og:type\" content=\"article\" \/>\n<meta property=\"og:title\" content=\"Lola \u00edndigo brilla en la inauguraci\u00f3n de la Santaluc\u00eda Universal Music Week en Sevilla &#8902; Una y Mil Letras\" \/>\n<meta property=\"og:description\" content=\"La Plaza de Espa\u00f1a se ilumina con la actuaci\u00f3n de Lola Indigo, cautivando a 5,000 asistentes en un escenario \u00fanico\" \/>\n<meta property=\"og:url\" content=\"https:\/\/unaymilletras.com\/en\/lola-indigo-brilla-en-la-inauguracion-de-la-santalucia-universal-music-week-en-sevilla\/\" \/>\n<meta property=\"og:site_name\" content=\"Una y Mil Letras\" \/>\n<meta property=\"article:published_time\" content=\"2023-11-13T14:27:13+00:00\" \/>\n<meta property=\"article:modified_time\" content=\"2023-11-13T14:27:16+00:00\" \/>\n<meta property=\"og:image\" content=\"http:\/\/unaymilletras.com\/wp-content\/uploads\/2023\/11\/lola-.jpeg\" \/>\n\t<meta property=\"og:image:width\" content=\"660\" \/>\n\t<meta property=\"og:image:height\" content=\"466\" \/>\n\t<meta property=\"og:image:type\" content=\"image\/jpeg\" \/>\n<meta name=\"author\" content=\"Maria Gil Robledo\" \/>\n<meta name=\"twitter:card\" content=\"summary_large_image\" \/>\n<meta name=\"twitter:creator\" content=\"@UnaYMilLetras\" \/>\n<meta name=\"twitter:site\" content=\"@UnaYMilLetras\" \/>\n<meta name=\"twitter:label1\" content=\"Written by\" \/>\n\t<meta name=\"twitter:data1\" content=\"Maria Gil Robledo\" \/>\n\t<meta name=\"twitter:label2\" content=\"Estimated reading time\" \/>\n\t<meta name=\"twitter:data2\" content=\"2 minutes\" \/>\n<script type=\"application\/ld+json\" class=\"yoast-schema-graph\">{\"@context\":\"https:\\\/\\\/schema.org\",\"@graph\":[{\"@type\":\"Article\",\"@id\":\"https:\\\/\\\/unaymilletras.com\\\/lola-indigo-brilla-en-la-inauguracion-de-la-santalucia-universal-music-week-en-sevilla\\\/#article\",\"isPartOf\":{\"@id\":\"https:\\\/\\\/unaymilletras.com\\\/lola-indigo-brilla-en-la-inauguracion-de-la-santalucia-universal-music-week-en-sevilla\\\/\"},\"author\":{\"name\":\"Maria Gil Robledo\",\"@id\":\"http:\\\/\\\/unaymilletras.com\\\/#\\\/schema\\\/person\\\/d55ba681b8a4e463d8982dbe36a5dc94\"},\"headline\":\"Lola \u00edndigo brilla en la inauguraci\u00f3n de la Santaluc\u00eda Universal Music Week en Sevilla\",\"datePublished\":\"2023-11-13T14:27:13+00:00\",\"dateModified\":\"2023-11-13T14:27:16+00:00\",\"mainEntityOfPage\":{\"@id\":\"https:\\\/\\\/unaymilletras.com\\\/lola-indigo-brilla-en-la-inauguracion-de-la-santalucia-universal-music-week-en-sevilla\\\/\"},\"wordCount\":345,\"commentCount\":0,\"publisher\":{\"@id\":\"http:\\\/\\\/unaymilletras.com\\\/#organization\"},\"image\":{\"@id\":\"https:\\\/\\\/unaymilletras.com\\\/lola-indigo-brilla-en-la-inauguracion-de-la-santalucia-universal-music-week-en-sevilla\\\/#primaryimage\"},\"thumbnailUrl\":\"https:\\\/\\\/unaymilletras.com\\\/wp-content\\\/uploads\\\/2023\\\/11\\\/lola-.jpeg\",\"articleSection\":[\"M\u00fasica\"],\"inLanguage\":\"en-GB\",\"potentialAction\":[{\"@type\":\"CommentAction\",\"name\":\"Comment\",\"target\":[\"https:\\\/\\\/unaymilletras.com\\\/lola-indigo-brilla-en-la-inauguracion-de-la-santalucia-universal-music-week-en-sevilla\\\/#respond\"]}]},{\"@type\":\"WebPage\",\"@id\":\"https:\\\/\\\/unaymilletras.com\\\/lola-indigo-brilla-en-la-inauguracion-de-la-santalucia-universal-music-week-en-sevilla\\\/\",\"url\":\"https:\\\/\\\/unaymilletras.com\\\/lola-indigo-brilla-en-la-inauguracion-de-la-santalucia-universal-music-week-en-sevilla\\\/\",\"name\":\"Lola \u00edndigo brilla en la inauguraci\u00f3n de la Santaluc\u00eda Universal Music Week en Sevilla &#8902; Una y Mil Letras\",\"isPartOf\":{\"@id\":\"http:\\\/\\\/unaymilletras.com\\\/#website\"},\"primaryImageOfPage\":{\"@id\":\"https:\\\/\\\/unaymilletras.com\\\/lola-indigo-brilla-en-la-inauguracion-de-la-santalucia-universal-music-week-en-sevilla\\\/#primaryimage\"},\"image\":{\"@id\":\"https:\\\/\\\/unaymilletras.com\\\/lola-indigo-brilla-en-la-inauguracion-de-la-santalucia-universal-music-week-en-sevilla\\\/#primaryimage\"},\"thumbnailUrl\":\"https:\\\/\\\/unaymilletras.com\\\/wp-content\\\/uploads\\\/2023\\\/11\\\/lola-.jpeg\",\"datePublished\":\"2023-11-13T14:27:13+00:00\",\"dateModified\":\"2023-11-13T14:27:16+00:00\",\"description\":\"La Plaza de Espa\u00f1a se ilumina con la actuaci\u00f3n de Lola Indigo, cautivando a 5,000 asistentes en un escenario \u00fanico\",\"breadcrumb\":{\"@id\":\"https:\\\/\\\/unaymilletras.com\\\/lola-indigo-brilla-en-la-inauguracion-de-la-santalucia-universal-music-week-en-sevilla\\\/#breadcrumb\"},\"inLanguage\":\"en-GB\",\"potentialAction\":[{\"@type\":\"ReadAction\",\"target\":[\"https:\\\/\\\/unaymilletras.com\\\/lola-indigo-brilla-en-la-inauguracion-de-la-santalucia-universal-music-week-en-sevilla\\\/\"]}]},{\"@type\":\"ImageObject\",\"inLanguage\":\"en-GB\",\"@id\":\"https:\\\/\\\/unaymilletras.com\\\/lola-indigo-brilla-en-la-inauguracion-de-la-santalucia-universal-music-week-en-sevilla\\\/#primaryimage\",\"url\":\"https:\\\/\\\/unaymilletras.com\\\/wp-content\\\/uploads\\\/2023\\\/11\\\/lola-.jpeg\",\"contentUrl\":\"https:\\\/\\\/unaymilletras.com\\\/wp-content\\\/uploads\\\/2023\\\/11\\\/lola-.jpeg\",\"width\":660,\"height\":466,\"caption\":\"Fotografia: Kreativa Visual\"},{\"@type\":\"BreadcrumbList\",\"@id\":\"https:\\\/\\\/unaymilletras.com\\\/lola-indigo-brilla-en-la-inauguracion-de-la-santalucia-universal-music-week-en-sevilla\\\/#breadcrumb\",\"itemListElement\":[{\"@type\":\"ListItem\",\"position\":1,\"name\":\"Home\",\"item\":\"http:\\\/\\\/unaymilletras.com\\\/\"},{\"@type\":\"ListItem\",\"position\":2,\"name\":\"Lola \u00edndigo brilla en la inauguraci\u00f3n de la Santaluc\u00eda Universal Music Week en Sevilla\"}]},{\"@type\":\"WebSite\",\"@id\":\"http:\\\/\\\/unaymilletras.com\\\/#website\",\"url\":\"http:\\\/\\\/unaymilletras.com\\\/\",\"name\":\"Una y Mil Letras\",\"description\":\"\",\"publisher\":{\"@id\":\"http:\\\/\\\/unaymilletras.com\\\/#organization\"},\"potentialAction\":[{\"@type\":\"SearchAction\",\"target\":{\"@type\":\"EntryPoint\",\"urlTemplate\":\"http:\\\/\\\/unaymilletras.com\\\/?s={search_term_string}\"},\"query-input\":{\"@type\":\"PropertyValueSpecification\",\"valueRequired\":true,\"valueName\":\"search_term_string\"}}],\"inLanguage\":\"en-GB\"},{\"@type\":\"Organization\",\"@id\":\"http:\\\/\\\/unaymilletras.com\\\/#organization\",\"name\":\"Una y Mil Letras\",\"url\":\"http:\\\/\\\/unaymilletras.com\\\/\",\"logo\":{\"@type\":\"ImageObject\",\"inLanguage\":\"en-GB\",\"@id\":\"http:\\\/\\\/unaymilletras.com\\\/#\\\/schema\\\/logo\\\/image\\\/\",\"url\":\"https:\\\/\\\/unaymilletras.com\\\/wp-content\\\/uploads\\\/2024\\\/06\\\/cropped-Logo-removebg-preview.png\",\"contentUrl\":\"https:\\\/\\\/unaymilletras.com\\\/wp-content\\\/uploads\\\/2024\\\/06\\\/cropped-Logo-removebg-preview.png\",\"width\":512,\"height\":512,\"caption\":\"Una y Mil Letras\"},\"image\":{\"@id\":\"http:\\\/\\\/unaymilletras.com\\\/#\\\/schema\\\/logo\\\/image\\\/\"},\"sameAs\":[\"https:\\\/\\\/x.com\\\/UnaYMilLetras\",\"https:\\\/\\\/instagram.com\\\/UnaYMilLetras\"]},{\"@type\":\"Person\",\"@id\":\"http:\\\/\\\/unaymilletras.com\\\/#\\\/schema\\\/person\\\/d55ba681b8a4e463d8982dbe36a5dc94\",\"name\":\"Maria Gil Robledo\",\"image\":{\"@type\":\"ImageObject\",\"inLanguage\":\"en-GB\",\"@id\":\"https:\\\/\\\/secure.gravatar.com\\\/avatar\\\/4b8e5102e0015789407eb4870b12f0f2857952d83ca124058f92b764bd1840c3?s=96&d=mm&r=g\",\"url\":\"https:\\\/\\\/secure.gravatar.com\\\/avatar\\\/4b8e5102e0015789407eb4870b12f0f2857952d83ca124058f92b764bd1840c3?s=96&d=mm&r=g\",\"contentUrl\":\"https:\\\/\\\/secure.gravatar.com\\\/avatar\\\/4b8e5102e0015789407eb4870b12f0f2857952d83ca124058f92b764bd1840c3?s=96&d=mm&r=g\",\"caption\":\"Maria Gil Robledo\"},\"sameAs\":[\"http:\\\/\\\/unaymilletras.com\"],\"url\":\"https:\\\/\\\/unaymilletras.com\\\/en\\\/author\\\/mariiagiil02_\\\/\"}]}<\/script>\n<!-- \/ Yoast SEO plugin. -->","yoast_head_json":{"title":"Lola \u00edndigo brilla en la inauguraci\u00f3n de la Santaluc\u00eda Universal Music Week en Sevilla &#8902; Una y Mil Letras","description":"La Plaza de Espa\u00f1a se ilumina con la actuaci\u00f3n de Lola Indigo, cautivando a 5,000 asistentes en un escenario \u00fanico","robots":{"index":"index","follow":"follow","max-snippet":"max-snippet:-1","max-image-preview":"max-image-preview:large","max-video-preview":"max-video-preview:-1"},"canonical":"https:\/\/unaymilletras.com\/en\/lola-indigo-brilla-en-la-inauguracion-de-la-santalucia-universal-music-week-en-sevilla\/","og_locale":"en_GB","og_type":"article","og_title":"Lola \u00edndigo brilla en la inauguraci\u00f3n de la Santaluc\u00eda Universal Music Week en Sevilla &#8902; Una y Mil Letras","og_description":"La Plaza de Espa\u00f1a se ilumina con la actuaci\u00f3n de Lola Indigo, cautivando a 5,000 asistentes en un escenario \u00fanico","og_url":"https:\/\/unaymilletras.com\/en\/lola-indigo-brilla-en-la-inauguracion-de-la-santalucia-universal-music-week-en-sevilla\/","og_site_name":"Una y Mil Letras","article_published_time":"2023-11-13T14:27:13+00:00","article_modified_time":"2023-11-13T14:27:16+00:00","og_image":[{"width":660,"height":466,"url":"http:\/\/unaymilletras.com\/wp-content\/uploads\/2023\/11\/lola-.jpeg","type":"image\/jpeg"}],"author":"Maria Gil Robledo","twitter_card":"summary_large_image","twitter_creator":"@UnaYMilLetras","twitter_site":"@UnaYMilLetras","twitter_misc":{"Written by":"Maria Gil Robledo","Estimated reading time":"2 minutes"},"schema":{"@context":"https:\/\/schema.org","@graph":[{"@type":"Article","@id":"https:\/\/unaymilletras.com\/lola-indigo-brilla-en-la-inauguracion-de-la-santalucia-universal-music-week-en-sevilla\/#article","isPartOf":{"@id":"https:\/\/unaymilletras.com\/lola-indigo-brilla-en-la-inauguracion-de-la-santalucia-universal-music-week-en-sevilla\/"},"author":{"name":"Maria Gil Robledo","@id":"http:\/\/unaymilletras.com\/#\/schema\/person\/d55ba681b8a4e463d8982dbe36a5dc94"},"headline":"Lola \u00edndigo brilla en la inauguraci\u00f3n de la Santaluc\u00eda Universal Music Week en Sevilla","datePublished":"2023-11-13T14:27:13+00:00","dateModified":"2023-11-13T14:27:16+00:00","mainEntityOfPage":{"@id":"https:\/\/unaymilletras.com\/lola-indigo-brilla-en-la-inauguracion-de-la-santalucia-universal-music-week-en-sevilla\/"},"wordCount":345,"commentCount":0,"publisher":{"@id":"http:\/\/unaymilletras.com\/#organization"},"image":{"@id":"https:\/\/unaymilletras.com\/lola-indigo-brilla-en-la-inauguracion-de-la-santalucia-universal-music-week-en-sevilla\/#primaryimage"},"thumbnailUrl":"https:\/\/unaymilletras.com\/wp-content\/uploads\/2023\/11\/lola-.jpeg","articleSection":["M\u00fasica"],"inLanguage":"en-GB","potentialAction":[{"@type":"CommentAction","name":"Comment","target":["https:\/\/unaymilletras.com\/lola-indigo-brilla-en-la-inauguracion-de-la-santalucia-universal-music-week-en-sevilla\/#respond"]}]},{"@type":"WebPage","@id":"https:\/\/unaymilletras.com\/lola-indigo-brilla-en-la-inauguracion-de-la-santalucia-universal-music-week-en-sevilla\/","url":"https:\/\/unaymilletras.com\/lola-indigo-brilla-en-la-inauguracion-de-la-santalucia-universal-music-week-en-sevilla\/","name":"Lola \u00edndigo brilla en la inauguraci\u00f3n de la Santaluc\u00eda Universal Music Week en Sevilla &#8902; Una y Mil Letras","isPartOf":{"@id":"http:\/\/unaymilletras.com\/#website"},"primaryImageOfPage":{"@id":"https:\/\/unaymilletras.com\/lola-indigo-brilla-en-la-inauguracion-de-la-santalucia-universal-music-week-en-sevilla\/#primaryimage"},"image":{"@id":"https:\/\/unaymilletras.com\/lola-indigo-brilla-en-la-inauguracion-de-la-santalucia-universal-music-week-en-sevilla\/#primaryimage"},"thumbnailUrl":"https:\/\/unaymilletras.com\/wp-content\/uploads\/2023\/11\/lola-.jpeg","datePublished":"2023-11-13T14:27:13+00:00","dateModified":"2023-11-13T14:27:16+00:00","description":"La Plaza de Espa\u00f1a se ilumina con la actuaci\u00f3n de Lola Indigo, cautivando a 5,000 asistentes en un escenario \u00fanico","breadcrumb":{"@id":"https:\/\/unaymilletras.com\/lola-indigo-brilla-en-la-inauguracion-de-la-santalucia-universal-music-week-en-sevilla\/#breadcrumb"},"inLanguage":"en-GB","potentialAction":[{"@type":"ReadAction","target":["https:\/\/unaymilletras.com\/lola-indigo-brilla-en-la-inauguracion-de-la-santalucia-universal-music-week-en-sevilla\/"]}]},{"@type":"ImageObject","inLanguage":"en-GB","@id":"https:\/\/unaymilletras.com\/lola-indigo-brilla-en-la-inauguracion-de-la-santalucia-universal-music-week-en-sevilla\/#primaryimage","url":"https:\/\/unaymilletras.com\/wp-content\/uploads\/2023\/11\/lola-.jpeg","contentUrl":"https:\/\/unaymilletras.com\/wp-content\/uploads\/2023\/11\/lola-.jpeg","width":660,"height":466,"caption":"Fotografia: Kreativa Visual"},{"@type":"BreadcrumbList","@id":"https:\/\/unaymilletras.com\/lola-indigo-brilla-en-la-inauguracion-de-la-santalucia-universal-music-week-en-sevilla\/#breadcrumb","itemListElement":[{"@type":"ListItem","position":1,"name":"Home","item":"http:\/\/unaymilletras.com\/"},{"@type":"ListItem","position":2,"name":"Lola \u00edndigo brilla en la inauguraci\u00f3n de la Santaluc\u00eda Universal Music Week en Sevilla"}]},{"@type":"WebSite","@id":"http:\/\/unaymilletras.com\/#website","url":"http:\/\/unaymilletras.com\/","name":"Una y Mil Letras","description":"","publisher":{"@id":"http:\/\/unaymilletras.com\/#organization"},"potentialAction":[{"@type":"SearchAction","target":{"@type":"EntryPoint","urlTemplate":"http:\/\/unaymilletras.com\/?s={search_term_string}"},"query-input":{"@type":"PropertyValueSpecification","valueRequired":true,"valueName":"search_term_string"}}],"inLanguage":"en-GB"},{"@type":"Organization","@id":"http:\/\/unaymilletras.com\/#organization","name":"Una y Mil Letras","url":"http:\/\/unaymilletras.com\/","logo":{"@type":"ImageObject","inLanguage":"en-GB","@id":"http:\/\/unaymilletras.com\/#\/schema\/logo\/image\/","url":"https:\/\/unaymilletras.com\/wp-content\/uploads\/2024\/06\/cropped-Logo-removebg-preview.png","contentUrl":"https:\/\/unaymilletras.com\/wp-content\/uploads\/2024\/06\/cropped-Logo-removebg-preview.png","width":512,"height":512,"caption":"Una y Mil Letras"},"image":{"@id":"http:\/\/unaymilletras.com\/#\/schema\/logo\/image\/"},"sameAs":["https:\/\/x.com\/UnaYMilLetras","https:\/\/instagram.com\/UnaYMilLetras"]},{"@type":"Person","@id":"http:\/\/unaymilletras.com\/#\/schema\/person\/d55ba681b8a4e463d8982dbe36a5dc94","name":"Maria Gil Robledo","image":{"@type":"ImageObject","inLanguage":"en-GB","@id":"https:\/\/secure.gravatar.com\/avatar\/4b8e5102e0015789407eb4870b12f0f2857952d83ca124058f92b764bd1840c3?s=96&d=mm&r=g","url":"https:\/\/secure.gravatar.com\/avatar\/4b8e5102e0015789407eb4870b12f0f2857952d83ca124058f92b764bd1840c3?s=96&d=mm&r=g","contentUrl":"https:\/\/secure.gravatar.com\/avatar\/4b8e5102e0015789407eb4870b12f0f2857952d83ca124058f92b764bd1840c3?s=96&d=mm&r=g","caption":"Maria Gil Robledo"},"sameAs":["http:\/\/unaymilletras.com"],"url":"https:\/\/unaymilletras.com\/en\/author\/mariiagiil02_\/"}]}},"_links":{"self":[{"href":"https:\/\/unaymilletras.com\/en\/wp-json\/wp\/v2\/posts\/1502","targetHints":{"allow":["GET"]}}],"collection":[{"href":"https:\/\/unaymilletras.com\/en\/wp-json\/wp\/v2\/posts"}],"about":[{"href":"https:\/\/unaymilletras.com\/en\/wp-json\/wp\/v2\/types\/post"}],"author":[{"embeddable":true,"href":"https:\/\/unaymilletras.com\/en\/wp-json\/wp\/v2\/users\/1"}],"replies":[{"embeddable":true,"href":"https:\/\/unaymilletras.com\/en\/wp-json\/wp\/v2\/comments?post=1502"}],"version-history":[{"count":5,"href":"https:\/\/unaymilletras.com\/en\/wp-json\/wp\/v2\/posts\/1502\/revisions"}],"predecessor-version":[{"id":1509,"href":"https:\/\/unaymilletras.com\/en\/wp-json\/wp\/v2\/posts\/1502\/revisions\/1509"}],"wp:featuredmedia":[{"embeddable":true,"href":"https:\/\/unaymilletras.com\/en\/wp-json\/wp\/v2\/media\/1504"}],"wp:attachment":[{"href":"https:\/\/unaymilletras.com\/en\/wp-json\/wp\/v2\/media?parent=1502"}],"wp:term":[{"taxonomy":"category","embeddable":true,"href":"https:\/\/unaymilletras.com\/en\/wp-json\/wp\/v2\/categories?post=1502"},{"taxonomy":"post_tag","embeddable":true,"href":"https:\/\/unaymilletras.com\/en\/wp-json\/wp\/v2\/tags?post=1502"}],"curies":[{"name":"wp","href":"https:\/\/api.w.org\/{rel}","templated":true}]}}