{"id":1534,"date":"2023-11-14T16:30:37","date_gmt":"2023-11-14T15:30:37","guid":{"rendered":"https:\/\/unaymilletras.com\/?p=1534"},"modified":"2023-11-15T23:45:19","modified_gmt":"2023-11-15T22:45:19","slug":"bryan-behr-y-lauana-prado-en-el-happy-hour-de-youtube-durante-la-semana-de-los-latin-grammy-en-sevilla","status":"publish","type":"post","link":"https:\/\/unaymilletras.com\/en\/bryan-behr-y-lauana-prado-en-el-happy-hour-de-youtube-durante-la-semana-de-los-latin-grammy-en-sevilla\/","title":{"rendered":"Bryan Behr y Lauana Prado en el Happy Hour en la semana de los Latin Grammy"},"content":{"rendered":"<div data-elementor-type=\"wp-post\" data-elementor-id=\"1534\" class=\"elementor elementor-1534\">\n\t\t\t\t\t\t<section class=\"elementor-section elementor-top-section elementor-element elementor-element-b19c02c elementor-section-boxed elementor-section-height-default elementor-section-height-default\" data-id=\"b19c02c\" data-element_type=\"section\" data-e-type=\"section\">\n\t\t\t\t\t\t<div class=\"elementor-container elementor-column-gap-default\">\n\t\t\t\t\t<div class=\"elementor-column elementor-col-100 elementor-top-column elementor-element elementor-element-2a101e2\" data-id=\"2a101e2\" data-element_type=\"column\" data-e-type=\"column\">\n\t\t\t<div class=\"elementor-widget-wrap elementor-element-populated\">\n\t\t\t\t\t\t<div class=\"elementor-element elementor-element-5707141 elementor-widget elementor-widget-text-editor\" data-id=\"5707141\" data-element_type=\"widget\" data-e-type=\"widget\" data-widget_type=\"text-editor.default\">\n\t\t\t\t<div class=\"elementor-widget-container\">\n\t\t\t\t\t\t\t\t\t<h2><span style=\"color: #808080;\"><em>Los artistas brasile\u00f1os, nominados al Latin Grammy, disfrutan de actividades y producciones en Sevilla<\/em><\/span><\/h2>\t\t\t\t\t\t\t\t<\/div>\n\t\t\t\t<\/div>\n\t\t\t\t\t<\/div>\n\t\t<\/div>\n\t\t\t\t\t<\/div>\n\t\t<\/section>\n\t\t\t\t<section class=\"elementor-section elementor-top-section elementor-element elementor-element-65ccaf8 elementor-section-boxed elementor-section-height-default elementor-section-height-default\" data-id=\"65ccaf8\" data-element_type=\"section\" data-e-type=\"section\">\n\t\t\t\t\t\t<div class=\"elementor-container elementor-column-gap-default\">\n\t\t\t\t\t<div class=\"elementor-column elementor-col-100 elementor-top-column elementor-element elementor-element-c291374\" data-id=\"c291374\" data-element_type=\"column\" data-e-type=\"column\">\n\t\t\t<div class=\"elementor-widget-wrap elementor-element-populated\">\n\t\t\t\t\t\t<div class=\"elementor-element elementor-element-6482db6 elementor-widget elementor-widget-text-editor\" data-id=\"6482db6\" data-element_type=\"widget\" data-e-type=\"widget\" data-widget_type=\"text-editor.default\">\n\t\t\t\t<div class=\"elementor-widget-container\">\n\t\t\t\t\t\t\t\t\t<p><b>Bryan Behr<\/b> y <b>Lauana<\/b> <b>Prado<\/b>, representantes de la escena musical brasile\u00f1a y nominados al <b>Latin Grammy<\/b>, participaron en el exclusivo <b>Happy Hour<\/b> organizado por <span style=\"color: #808080;\"><b><a style=\"color: #808080;\" href=\"https:\/\/www.youtube.com\/\">YouTube<\/a><\/b><\/span> en <b>Sevilla<\/b>. La velada, celebrada en Villa Luisa, brind\u00f3 a los artistas la oportunidad de conectar con colegas latinos, disfrutar de<span style=\"color: #808080;\">l evento y explorar <a style=\"color: #808080;\" href=\"https:\/\/unaymilletras.com\/en\/lola-indigo-brilla-en-la-inauguracion-de-la-santalucia-universal-music-week-en-sevilla\/\">Sevilla<\/a>.<\/span><\/p>\t\t\t\t\t\t\t\t<\/div>\n\t\t\t\t<\/div>\n\t\t\t\t\t<\/div>\n\t\t<\/div>\n\t\t\t\t\t<\/div>\n\t\t<\/section>\n\t\t\t\t<section class=\"elementor-section elementor-top-section elementor-element elementor-element-3863704 elementor-section-boxed elementor-section-height-default elementor-section-height-default\" data-id=\"3863704\" data-element_type=\"section\" data-e-type=\"section\">\n\t\t\t\t\t\t<div class=\"elementor-container elementor-column-gap-default\">\n\t\t\t\t\t<div class=\"elementor-column elementor-col-50 elementor-top-column elementor-element elementor-element-9dbfb91\" data-id=\"9dbfb91\" data-element_type=\"column\" data-e-type=\"column\">\n\t\t\t<div class=\"elementor-widget-wrap elementor-element-populated\">\n\t\t\t\t\t\t<div class=\"elementor-element elementor-element-145af94 elementor-widget elementor-widget-image\" data-id=\"145af94\" data-element_type=\"widget\" data-e-type=\"widget\" data-widget_type=\"image.default\">\n\t\t\t\t<div class=\"elementor-widget-container\">\n\t\t\t\t\t\t\t\t\t\t\t\t\t\t\t<img fetchpriority=\"high\" decoding=\"async\" width=\"422\" height=\"748\" src=\"https:\/\/unaymilletras.com\/wp-content\/uploads\/2023\/11\/Imagen-1.jpg\" class=\"attachment-large size-large wp-image-1537\" alt=\"Latin Grammy\" srcset=\"https:\/\/unaymilletras.com\/wp-content\/uploads\/2023\/11\/Imagen-1.jpg 422w, https:\/\/unaymilletras.com\/wp-content\/uploads\/2023\/11\/Imagen-1-169x300.jpg 169w\" sizes=\"(max-width: 422px) 100vw, 422px\" \/>\t\t\t\t\t\t\t\t\t\t\t\t\t\t\t<\/div>\n\t\t\t\t<\/div>\n\t\t\t\t\t<\/div>\n\t\t<\/div>\n\t\t\t\t<div class=\"elementor-column elementor-col-50 elementor-top-column elementor-element elementor-element-78623c0\" data-id=\"78623c0\" data-element_type=\"column\" data-e-type=\"column\">\n\t\t\t<div class=\"elementor-widget-wrap elementor-element-populated\">\n\t\t\t\t\t\t<div class=\"elementor-element elementor-element-160a46c elementor-widget elementor-widget-image\" data-id=\"160a46c\" data-element_type=\"widget\" data-e-type=\"widget\" data-widget_type=\"image.default\">\n\t\t\t\t<div class=\"elementor-widget-container\">\n\t\t\t\t\t\t\t\t\t\t\t\t\t\t\t<img decoding=\"async\" width=\"420\" height=\"746\" src=\"https:\/\/unaymilletras.com\/wp-content\/uploads\/2023\/11\/Imagen-2.jpg\" class=\"attachment-large size-large wp-image-1538\" alt=\"Latin Grammy\" srcset=\"https:\/\/unaymilletras.com\/wp-content\/uploads\/2023\/11\/Imagen-2.jpg 420w, https:\/\/unaymilletras.com\/wp-content\/uploads\/2023\/11\/Imagen-2-169x300.jpg 169w\" sizes=\"(max-width: 420px) 100vw, 420px\" \/>\t\t\t\t\t\t\t\t\t\t\t\t\t\t\t<\/div>\n\t\t\t\t<\/div>\n\t\t\t\t\t<\/div>\n\t\t<\/div>\n\t\t\t\t\t<\/div>\n\t\t<\/section>\n\t\t\t\t<section class=\"elementor-section elementor-top-section elementor-element elementor-element-cd46401 elementor-section-boxed elementor-section-height-default elementor-section-height-default\" data-id=\"cd46401\" data-element_type=\"section\" data-e-type=\"section\">\n\t\t\t\t\t\t<div class=\"elementor-container elementor-column-gap-default\">\n\t\t\t\t\t<div class=\"elementor-column elementor-col-100 elementor-top-column elementor-element elementor-element-ff666db\" data-id=\"ff666db\" data-element_type=\"column\" data-e-type=\"column\">\n\t\t\t<div class=\"elementor-widget-wrap elementor-element-populated\">\n\t\t\t\t\t\t<div class=\"elementor-element elementor-element-5400547 elementor-widget elementor-widget-text-editor\" data-id=\"5400547\" data-element_type=\"widget\" data-e-type=\"widget\" data-widget_type=\"text-editor.default\">\n\t\t\t\t<div class=\"elementor-widget-container\">\n\t\t\t\t\t\t\t\t\t<p>Ambos artistas forman parte de una variada agenda de actividades y contenidos en Sevilla durante la semana del Latin Grammy. Esta serie de eventos incluye experiencias digitales y producciones auspiciadas por destacadas marcas como Apple, META, TBC, TikTok y VEVO. Adem\u00e1s, los Happy Hours, patrocinados por Spotify, YouTube y Amazon, ofrecen momentos de encuentro y distensi\u00f3n.<\/p>\n<p>La ceremonia oficial de los Grammy Latino est\u00e1 programada para el <b>16 de noviembre<\/b> en el <b>Palacio de Congresos y Exposiciones de Sevilla<\/b>, transmitida por Univision. El evento contar\u00e1 con la destacada presencia de artistas brasile\u00f1os y latinos, prometiendo ser una noche inolvidable para la m\u00fasica.<\/p>\t\t\t\t\t\t\t\t<\/div>\n\t\t\t\t<\/div>\n\t\t\t\t\t<\/div>\n\t\t<\/div>\n\t\t\t\t\t<\/div>\n\t\t<\/section>\n\t\t\t\t<\/div>","protected":false},"excerpt":{"rendered":"<p>Los artistas brasile\u00f1os, nominados al Latin Grammy, disfrutan de actividades y producciones en Sevilla Bryan Behr y Lauana Prado, representantes de la escena musical brasile\u00f1a y nominados al Latin Grammy, participaron en el exclusivo Happy Hour organizado por YouTube en Sevilla. La velada, celebrada en Villa Luisa, brind\u00f3 a los artistas la oportunidad de conectar [&hellip;]<\/p>\n","protected":false},"author":1,"featured_media":1537,"comment_status":"open","ping_status":"open","sticky":false,"template":"","format":"standard","meta":{"footnotes":""},"categories":[4],"tags":[],"class_list":["post-1534","post","type-post","status-publish","format-standard","has-post-thumbnail","hentry","category-musica"],"yoast_head":"<!-- This site is optimized with the Yoast SEO plugin v27.4 - https:\/\/yoast.com\/product\/yoast-seo-wordpress\/ -->\n<title>Bryan Behr y Lauana Prado en el Happy Hour en la semana de los Latin Grammy &#8902; Una y Mil Letras<\/title>\n<meta name=\"description\" content=\"Los artistas brasile\u00f1os, nominados al Latin Grammy, disfrutan de actividades y producciones en Sevilla, Espa\u00f1a.\" \/>\n<meta name=\"robots\" content=\"index, follow, max-snippet:-1, max-image-preview:large, max-video-preview:-1\" \/>\n<link rel=\"canonical\" href=\"https:\/\/unaymilletras.com\/en\/bryan-behr-y-lauana-prado-en-el-happy-hour-de-youtube-durante-la-semana-de-los-latin-grammy-en-sevilla\/\" \/>\n<meta property=\"og:locale\" content=\"en_GB\" \/>\n<meta property=\"og:type\" content=\"article\" \/>\n<meta property=\"og:title\" content=\"Bryan Behr y Lauana Prado en el Happy Hour en la semana de los Latin Grammy &#8902; Una y Mil Letras\" \/>\n<meta property=\"og:description\" content=\"Los artistas brasile\u00f1os, nominados al Latin Grammy, disfrutan de actividades y producciones en Sevilla, Espa\u00f1a.\" \/>\n<meta property=\"og:url\" content=\"https:\/\/unaymilletras.com\/en\/bryan-behr-y-lauana-prado-en-el-happy-hour-de-youtube-durante-la-semana-de-los-latin-grammy-en-sevilla\/\" \/>\n<meta property=\"og:site_name\" content=\"Una y Mil Letras\" \/>\n<meta property=\"article:published_time\" content=\"2023-11-14T15:30:37+00:00\" \/>\n<meta property=\"article:modified_time\" content=\"2023-11-15T22:45:19+00:00\" \/>\n<meta property=\"og:image\" content=\"http:\/\/unaymilletras.com\/wp-content\/uploads\/2023\/11\/Imagen-1.jpg\" \/>\n\t<meta property=\"og:image:width\" content=\"422\" \/>\n\t<meta property=\"og:image:height\" content=\"748\" \/>\n\t<meta property=\"og:image:type\" content=\"image\/jpeg\" \/>\n<meta name=\"author\" content=\"Maria Gil Robledo\" \/>\n<meta name=\"twitter:card\" content=\"summary_large_image\" \/>\n<meta name=\"twitter:creator\" content=\"@UnaYMilLetras\" \/>\n<meta name=\"twitter:site\" content=\"@UnaYMilLetras\" \/>\n<meta name=\"twitter:label1\" content=\"Written by\" \/>\n\t<meta name=\"twitter:data1\" content=\"Maria Gil Robledo\" \/>\n\t<meta name=\"twitter:label2\" content=\"Estimated reading time\" \/>\n\t<meta name=\"twitter:data2\" content=\"2 minutes\" \/>\n<script type=\"application\/ld+json\" class=\"yoast-schema-graph\">{\"@context\":\"https:\\\/\\\/schema.org\",\"@graph\":[{\"@type\":\"Article\",\"@id\":\"https:\\\/\\\/unaymilletras.com\\\/bryan-behr-y-lauana-prado-en-el-happy-hour-de-youtube-durante-la-semana-de-los-latin-grammy-en-sevilla\\\/#article\",\"isPartOf\":{\"@id\":\"https:\\\/\\\/unaymilletras.com\\\/bryan-behr-y-lauana-prado-en-el-happy-hour-de-youtube-durante-la-semana-de-los-latin-grammy-en-sevilla\\\/\"},\"author\":{\"name\":\"Maria Gil Robledo\",\"@id\":\"http:\\\/\\\/unaymilletras.com\\\/#\\\/schema\\\/person\\\/d55ba681b8a4e463d8982dbe36a5dc94\"},\"headline\":\"Bryan Behr y Lauana Prado en el Happy Hour en la semana de los Latin Grammy\",\"datePublished\":\"2023-11-14T15:30:37+00:00\",\"dateModified\":\"2023-11-15T22:45:19+00:00\",\"mainEntityOfPage\":{\"@id\":\"https:\\\/\\\/unaymilletras.com\\\/bryan-behr-y-lauana-prado-en-el-happy-hour-de-youtube-durante-la-semana-de-los-latin-grammy-en-sevilla\\\/\"},\"wordCount\":187,\"commentCount\":0,\"publisher\":{\"@id\":\"http:\\\/\\\/unaymilletras.com\\\/#organization\"},\"image\":{\"@id\":\"https:\\\/\\\/unaymilletras.com\\\/bryan-behr-y-lauana-prado-en-el-happy-hour-de-youtube-durante-la-semana-de-los-latin-grammy-en-sevilla\\\/#primaryimage\"},\"thumbnailUrl\":\"https:\\\/\\\/unaymilletras.com\\\/wp-content\\\/uploads\\\/2023\\\/11\\\/Imagen-1.jpg\",\"articleSection\":[\"M\u00fasica\"],\"inLanguage\":\"en-GB\",\"potentialAction\":[{\"@type\":\"CommentAction\",\"name\":\"Comment\",\"target\":[\"https:\\\/\\\/unaymilletras.com\\\/bryan-behr-y-lauana-prado-en-el-happy-hour-de-youtube-durante-la-semana-de-los-latin-grammy-en-sevilla\\\/#respond\"]}]},{\"@type\":\"WebPage\",\"@id\":\"https:\\\/\\\/unaymilletras.com\\\/bryan-behr-y-lauana-prado-en-el-happy-hour-de-youtube-durante-la-semana-de-los-latin-grammy-en-sevilla\\\/\",\"url\":\"https:\\\/\\\/unaymilletras.com\\\/bryan-behr-y-lauana-prado-en-el-happy-hour-de-youtube-durante-la-semana-de-los-latin-grammy-en-sevilla\\\/\",\"name\":\"Bryan Behr y Lauana Prado en el Happy Hour en la semana de los Latin Grammy &#8902; Una y Mil Letras\",\"isPartOf\":{\"@id\":\"http:\\\/\\\/unaymilletras.com\\\/#website\"},\"primaryImageOfPage\":{\"@id\":\"https:\\\/\\\/unaymilletras.com\\\/bryan-behr-y-lauana-prado-en-el-happy-hour-de-youtube-durante-la-semana-de-los-latin-grammy-en-sevilla\\\/#primaryimage\"},\"image\":{\"@id\":\"https:\\\/\\\/unaymilletras.com\\\/bryan-behr-y-lauana-prado-en-el-happy-hour-de-youtube-durante-la-semana-de-los-latin-grammy-en-sevilla\\\/#primaryimage\"},\"thumbnailUrl\":\"https:\\\/\\\/unaymilletras.com\\\/wp-content\\\/uploads\\\/2023\\\/11\\\/Imagen-1.jpg\",\"datePublished\":\"2023-11-14T15:30:37+00:00\",\"dateModified\":\"2023-11-15T22:45:19+00:00\",\"description\":\"Los artistas brasile\u00f1os, nominados al Latin Grammy, disfrutan de actividades y producciones en Sevilla, Espa\u00f1a.\",\"breadcrumb\":{\"@id\":\"https:\\\/\\\/unaymilletras.com\\\/bryan-behr-y-lauana-prado-en-el-happy-hour-de-youtube-durante-la-semana-de-los-latin-grammy-en-sevilla\\\/#breadcrumb\"},\"inLanguage\":\"en-GB\",\"potentialAction\":[{\"@type\":\"ReadAction\",\"target\":[\"https:\\\/\\\/unaymilletras.com\\\/bryan-behr-y-lauana-prado-en-el-happy-hour-de-youtube-durante-la-semana-de-los-latin-grammy-en-sevilla\\\/\"]}]},{\"@type\":\"ImageObject\",\"inLanguage\":\"en-GB\",\"@id\":\"https:\\\/\\\/unaymilletras.com\\\/bryan-behr-y-lauana-prado-en-el-happy-hour-de-youtube-durante-la-semana-de-los-latin-grammy-en-sevilla\\\/#primaryimage\",\"url\":\"https:\\\/\\\/unaymilletras.com\\\/wp-content\\\/uploads\\\/2023\\\/11\\\/Imagen-1.jpg\",\"contentUrl\":\"https:\\\/\\\/unaymilletras.com\\\/wp-content\\\/uploads\\\/2023\\\/11\\\/Imagen-1.jpg\",\"width\":422,\"height\":748,\"caption\":\"Latin Grammy\"},{\"@type\":\"BreadcrumbList\",\"@id\":\"https:\\\/\\\/unaymilletras.com\\\/bryan-behr-y-lauana-prado-en-el-happy-hour-de-youtube-durante-la-semana-de-los-latin-grammy-en-sevilla\\\/#breadcrumb\",\"itemListElement\":[{\"@type\":\"ListItem\",\"position\":1,\"name\":\"Home\",\"item\":\"http:\\\/\\\/unaymilletras.com\\\/\"},{\"@type\":\"ListItem\",\"position\":2,\"name\":\"Bryan Behr y Lauana Prado en el Happy Hour en la semana de los Latin Grammy\"}]},{\"@type\":\"WebSite\",\"@id\":\"http:\\\/\\\/unaymilletras.com\\\/#website\",\"url\":\"http:\\\/\\\/unaymilletras.com\\\/\",\"name\":\"Una y Mil Letras\",\"description\":\"\",\"publisher\":{\"@id\":\"http:\\\/\\\/unaymilletras.com\\\/#organization\"},\"potentialAction\":[{\"@type\":\"SearchAction\",\"target\":{\"@type\":\"EntryPoint\",\"urlTemplate\":\"http:\\\/\\\/unaymilletras.com\\\/?s={search_term_string}\"},\"query-input\":{\"@type\":\"PropertyValueSpecification\",\"valueRequired\":true,\"valueName\":\"search_term_string\"}}],\"inLanguage\":\"en-GB\"},{\"@type\":\"Organization\",\"@id\":\"http:\\\/\\\/unaymilletras.com\\\/#organization\",\"name\":\"Una y Mil Letras\",\"url\":\"http:\\\/\\\/unaymilletras.com\\\/\",\"logo\":{\"@type\":\"ImageObject\",\"inLanguage\":\"en-GB\",\"@id\":\"http:\\\/\\\/unaymilletras.com\\\/#\\\/schema\\\/logo\\\/image\\\/\",\"url\":\"https:\\\/\\\/unaymilletras.com\\\/wp-content\\\/uploads\\\/2024\\\/06\\\/cropped-Logo-removebg-preview.png\",\"contentUrl\":\"https:\\\/\\\/unaymilletras.com\\\/wp-content\\\/uploads\\\/2024\\\/06\\\/cropped-Logo-removebg-preview.png\",\"width\":512,\"height\":512,\"caption\":\"Una y Mil Letras\"},\"image\":{\"@id\":\"http:\\\/\\\/unaymilletras.com\\\/#\\\/schema\\\/logo\\\/image\\\/\"},\"sameAs\":[\"https:\\\/\\\/x.com\\\/UnaYMilLetras\",\"https:\\\/\\\/instagram.com\\\/UnaYMilLetras\"]},{\"@type\":\"Person\",\"@id\":\"http:\\\/\\\/unaymilletras.com\\\/#\\\/schema\\\/person\\\/d55ba681b8a4e463d8982dbe36a5dc94\",\"name\":\"Maria Gil Robledo\",\"image\":{\"@type\":\"ImageObject\",\"inLanguage\":\"en-GB\",\"@id\":\"https:\\\/\\\/secure.gravatar.com\\\/avatar\\\/4b8e5102e0015789407eb4870b12f0f2857952d83ca124058f92b764bd1840c3?s=96&d=mm&r=g\",\"url\":\"https:\\\/\\\/secure.gravatar.com\\\/avatar\\\/4b8e5102e0015789407eb4870b12f0f2857952d83ca124058f92b764bd1840c3?s=96&d=mm&r=g\",\"contentUrl\":\"https:\\\/\\\/secure.gravatar.com\\\/avatar\\\/4b8e5102e0015789407eb4870b12f0f2857952d83ca124058f92b764bd1840c3?s=96&d=mm&r=g\",\"caption\":\"Maria Gil Robledo\"},\"sameAs\":[\"http:\\\/\\\/unaymilletras.com\"],\"url\":\"https:\\\/\\\/unaymilletras.com\\\/en\\\/author\\\/mariiagiil02_\\\/\"}]}<\/script>\n<!-- \/ Yoast SEO plugin. -->","yoast_head_json":{"title":"Bryan Behr y Lauana Prado en el Happy Hour en la semana de los Latin Grammy &#8902; Una y Mil Letras","description":"Los artistas brasile\u00f1os, nominados al Latin Grammy, disfrutan de actividades y producciones en Sevilla, Espa\u00f1a.","robots":{"index":"index","follow":"follow","max-snippet":"max-snippet:-1","max-image-preview":"max-image-preview:large","max-video-preview":"max-video-preview:-1"},"canonical":"https:\/\/unaymilletras.com\/en\/bryan-behr-y-lauana-prado-en-el-happy-hour-de-youtube-durante-la-semana-de-los-latin-grammy-en-sevilla\/","og_locale":"en_GB","og_type":"article","og_title":"Bryan Behr y Lauana Prado en el Happy Hour en la semana de los Latin Grammy &#8902; Una y Mil Letras","og_description":"Los artistas brasile\u00f1os, nominados al Latin Grammy, disfrutan de actividades y producciones en Sevilla, Espa\u00f1a.","og_url":"https:\/\/unaymilletras.com\/en\/bryan-behr-y-lauana-prado-en-el-happy-hour-de-youtube-durante-la-semana-de-los-latin-grammy-en-sevilla\/","og_site_name":"Una y Mil Letras","article_published_time":"2023-11-14T15:30:37+00:00","article_modified_time":"2023-11-15T22:45:19+00:00","og_image":[{"width":422,"height":748,"url":"http:\/\/unaymilletras.com\/wp-content\/uploads\/2023\/11\/Imagen-1.jpg","type":"image\/jpeg"}],"author":"Maria Gil Robledo","twitter_card":"summary_large_image","twitter_creator":"@UnaYMilLetras","twitter_site":"@UnaYMilLetras","twitter_misc":{"Written by":"Maria Gil Robledo","Estimated reading time":"2 minutes"},"schema":{"@context":"https:\/\/schema.org","@graph":[{"@type":"Article","@id":"https:\/\/unaymilletras.com\/bryan-behr-y-lauana-prado-en-el-happy-hour-de-youtube-durante-la-semana-de-los-latin-grammy-en-sevilla\/#article","isPartOf":{"@id":"https:\/\/unaymilletras.com\/bryan-behr-y-lauana-prado-en-el-happy-hour-de-youtube-durante-la-semana-de-los-latin-grammy-en-sevilla\/"},"author":{"name":"Maria Gil Robledo","@id":"http:\/\/unaymilletras.com\/#\/schema\/person\/d55ba681b8a4e463d8982dbe36a5dc94"},"headline":"Bryan Behr y Lauana Prado en el Happy Hour en la semana de los Latin Grammy","datePublished":"2023-11-14T15:30:37+00:00","dateModified":"2023-11-15T22:45:19+00:00","mainEntityOfPage":{"@id":"https:\/\/unaymilletras.com\/bryan-behr-y-lauana-prado-en-el-happy-hour-de-youtube-durante-la-semana-de-los-latin-grammy-en-sevilla\/"},"wordCount":187,"commentCount":0,"publisher":{"@id":"http:\/\/unaymilletras.com\/#organization"},"image":{"@id":"https:\/\/unaymilletras.com\/bryan-behr-y-lauana-prado-en-el-happy-hour-de-youtube-durante-la-semana-de-los-latin-grammy-en-sevilla\/#primaryimage"},"thumbnailUrl":"https:\/\/unaymilletras.com\/wp-content\/uploads\/2023\/11\/Imagen-1.jpg","articleSection":["M\u00fasica"],"inLanguage":"en-GB","potentialAction":[{"@type":"CommentAction","name":"Comment","target":["https:\/\/unaymilletras.com\/bryan-behr-y-lauana-prado-en-el-happy-hour-de-youtube-durante-la-semana-de-los-latin-grammy-en-sevilla\/#respond"]}]},{"@type":"WebPage","@id":"https:\/\/unaymilletras.com\/bryan-behr-y-lauana-prado-en-el-happy-hour-de-youtube-durante-la-semana-de-los-latin-grammy-en-sevilla\/","url":"https:\/\/unaymilletras.com\/bryan-behr-y-lauana-prado-en-el-happy-hour-de-youtube-durante-la-semana-de-los-latin-grammy-en-sevilla\/","name":"Bryan Behr y Lauana Prado en el Happy Hour en la semana de los Latin Grammy &#8902; Una y Mil Letras","isPartOf":{"@id":"http:\/\/unaymilletras.com\/#website"},"primaryImageOfPage":{"@id":"https:\/\/unaymilletras.com\/bryan-behr-y-lauana-prado-en-el-happy-hour-de-youtube-durante-la-semana-de-los-latin-grammy-en-sevilla\/#primaryimage"},"image":{"@id":"https:\/\/unaymilletras.com\/bryan-behr-y-lauana-prado-en-el-happy-hour-de-youtube-durante-la-semana-de-los-latin-grammy-en-sevilla\/#primaryimage"},"thumbnailUrl":"https:\/\/unaymilletras.com\/wp-content\/uploads\/2023\/11\/Imagen-1.jpg","datePublished":"2023-11-14T15:30:37+00:00","dateModified":"2023-11-15T22:45:19+00:00","description":"Los artistas brasile\u00f1os, nominados al Latin Grammy, disfrutan de actividades y producciones en Sevilla, Espa\u00f1a.","breadcrumb":{"@id":"https:\/\/unaymilletras.com\/bryan-behr-y-lauana-prado-en-el-happy-hour-de-youtube-durante-la-semana-de-los-latin-grammy-en-sevilla\/#breadcrumb"},"inLanguage":"en-GB","potentialAction":[{"@type":"ReadAction","target":["https:\/\/unaymilletras.com\/bryan-behr-y-lauana-prado-en-el-happy-hour-de-youtube-durante-la-semana-de-los-latin-grammy-en-sevilla\/"]}]},{"@type":"ImageObject","inLanguage":"en-GB","@id":"https:\/\/unaymilletras.com\/bryan-behr-y-lauana-prado-en-el-happy-hour-de-youtube-durante-la-semana-de-los-latin-grammy-en-sevilla\/#primaryimage","url":"https:\/\/unaymilletras.com\/wp-content\/uploads\/2023\/11\/Imagen-1.jpg","contentUrl":"https:\/\/unaymilletras.com\/wp-content\/uploads\/2023\/11\/Imagen-1.jpg","width":422,"height":748,"caption":"Latin Grammy"},{"@type":"BreadcrumbList","@id":"https:\/\/unaymilletras.com\/bryan-behr-y-lauana-prado-en-el-happy-hour-de-youtube-durante-la-semana-de-los-latin-grammy-en-sevilla\/#breadcrumb","itemListElement":[{"@type":"ListItem","position":1,"name":"Home","item":"http:\/\/unaymilletras.com\/"},{"@type":"ListItem","position":2,"name":"Bryan Behr y Lauana Prado en el Happy Hour en la semana de los Latin Grammy"}]},{"@type":"WebSite","@id":"http:\/\/unaymilletras.com\/#website","url":"http:\/\/unaymilletras.com\/","name":"Una y Mil Letras","description":"","publisher":{"@id":"http:\/\/unaymilletras.com\/#organization"},"potentialAction":[{"@type":"SearchAction","target":{"@type":"EntryPoint","urlTemplate":"http:\/\/unaymilletras.com\/?s={search_term_string}"},"query-input":{"@type":"PropertyValueSpecification","valueRequired":true,"valueName":"search_term_string"}}],"inLanguage":"en-GB"},{"@type":"Organization","@id":"http:\/\/unaymilletras.com\/#organization","name":"Una y Mil Letras","url":"http:\/\/unaymilletras.com\/","logo":{"@type":"ImageObject","inLanguage":"en-GB","@id":"http:\/\/unaymilletras.com\/#\/schema\/logo\/image\/","url":"https:\/\/unaymilletras.com\/wp-content\/uploads\/2024\/06\/cropped-Logo-removebg-preview.png","contentUrl":"https:\/\/unaymilletras.com\/wp-content\/uploads\/2024\/06\/cropped-Logo-removebg-preview.png","width":512,"height":512,"caption":"Una y Mil Letras"},"image":{"@id":"http:\/\/unaymilletras.com\/#\/schema\/logo\/image\/"},"sameAs":["https:\/\/x.com\/UnaYMilLetras","https:\/\/instagram.com\/UnaYMilLetras"]},{"@type":"Person","@id":"http:\/\/unaymilletras.com\/#\/schema\/person\/d55ba681b8a4e463d8982dbe36a5dc94","name":"Maria Gil Robledo","image":{"@type":"ImageObject","inLanguage":"en-GB","@id":"https:\/\/secure.gravatar.com\/avatar\/4b8e5102e0015789407eb4870b12f0f2857952d83ca124058f92b764bd1840c3?s=96&d=mm&r=g","url":"https:\/\/secure.gravatar.com\/avatar\/4b8e5102e0015789407eb4870b12f0f2857952d83ca124058f92b764bd1840c3?s=96&d=mm&r=g","contentUrl":"https:\/\/secure.gravatar.com\/avatar\/4b8e5102e0015789407eb4870b12f0f2857952d83ca124058f92b764bd1840c3?s=96&d=mm&r=g","caption":"Maria Gil Robledo"},"sameAs":["http:\/\/unaymilletras.com"],"url":"https:\/\/unaymilletras.com\/en\/author\/mariiagiil02_\/"}]}},"_links":{"self":[{"href":"https:\/\/unaymilletras.com\/en\/wp-json\/wp\/v2\/posts\/1534","targetHints":{"allow":["GET"]}}],"collection":[{"href":"https:\/\/unaymilletras.com\/en\/wp-json\/wp\/v2\/posts"}],"about":[{"href":"https:\/\/unaymilletras.com\/en\/wp-json\/wp\/v2\/types\/post"}],"author":[{"embeddable":true,"href":"https:\/\/unaymilletras.com\/en\/wp-json\/wp\/v2\/users\/1"}],"replies":[{"embeddable":true,"href":"https:\/\/unaymilletras.com\/en\/wp-json\/wp\/v2\/comments?post=1534"}],"version-history":[{"count":9,"href":"https:\/\/unaymilletras.com\/en\/wp-json\/wp\/v2\/posts\/1534\/revisions"}],"predecessor-version":[{"id":1545,"href":"https:\/\/unaymilletras.com\/en\/wp-json\/wp\/v2\/posts\/1534\/revisions\/1545"}],"wp:featuredmedia":[{"embeddable":true,"href":"https:\/\/unaymilletras.com\/en\/wp-json\/wp\/v2\/media\/1537"}],"wp:attachment":[{"href":"https:\/\/unaymilletras.com\/en\/wp-json\/wp\/v2\/media?parent=1534"}],"wp:term":[{"taxonomy":"category","embeddable":true,"href":"https:\/\/unaymilletras.com\/en\/wp-json\/wp\/v2\/categories?post=1534"},{"taxonomy":"post_tag","embeddable":true,"href":"https:\/\/unaymilletras.com\/en\/wp-json\/wp\/v2\/tags?post=1534"}],"curies":[{"name":"wp","href":"https:\/\/api.w.org\/{rel}","templated":true}]}}