{"id":1546,"date":"2023-11-15T16:49:32","date_gmt":"2023-11-15T15:49:32","guid":{"rendered":"https:\/\/unaymilletras.com\/?p=1546"},"modified":"2023-11-15T16:57:16","modified_gmt":"2023-11-15T15:57:16","slug":"morat-marca-un-hito-en-sevilla-durante-la-santalucia-universal-music-week","status":"publish","type":"post","link":"https:\/\/unaymilletras.com\/en\/morat-marca-un-hito-en-sevilla-durante-la-santalucia-universal-music-week\/","title":{"rendered":"Morat marca un hito en Sevilla durante la Santaluc\u00eda Universal Music Week"},"content":{"rendered":"<div data-elementor-type=\"wp-post\" data-elementor-id=\"1546\" class=\"elementor elementor-1546\">\n\t\t\t\t\t\t<section class=\"elementor-section elementor-top-section elementor-element elementor-element-eb4894a elementor-section-boxed elementor-section-height-default elementor-section-height-default\" data-id=\"eb4894a\" data-element_type=\"section\" data-e-type=\"section\">\n\t\t\t\t\t\t<div class=\"elementor-container elementor-column-gap-default\">\n\t\t\t\t\t<div class=\"elementor-column elementor-col-100 elementor-top-column elementor-element elementor-element-0a639e3\" data-id=\"0a639e3\" data-element_type=\"column\" data-e-type=\"column\">\n\t\t\t<div class=\"elementor-widget-wrap elementor-element-populated\">\n\t\t\t\t\t\t<div class=\"elementor-element elementor-element-b0b6d83 elementor-widget elementor-widget-text-editor\" data-id=\"b0b6d83\" data-element_type=\"widget\" data-e-type=\"widget\" data-widget_type=\"text-editor.default\">\n\t\t\t\t<div class=\"elementor-widget-container\">\n\t\t\t\t\t\t\t\t\t<h2><span style=\"color: #808080;\"><em>Plaza de Espa\u00f1a se envuelve con la vibrante actuaci\u00f3n de Morat, consolid\u00e1ndolos como la banda l\u00edder de pop rock en Am\u00e9rica Latina y Espa\u00f1a<\/em><\/span><\/h2>\t\t\t\t\t\t\t\t<\/div>\n\t\t\t\t<\/div>\n\t\t\t\t\t<\/div>\n\t\t<\/div>\n\t\t\t\t\t<\/div>\n\t\t<\/section>\n\t\t\t\t<section class=\"elementor-section elementor-top-section elementor-element elementor-element-2918d28 elementor-section-boxed elementor-section-height-default elementor-section-height-default\" data-id=\"2918d28\" data-element_type=\"section\" data-e-type=\"section\">\n\t\t\t\t\t\t<div class=\"elementor-container elementor-column-gap-default\">\n\t\t\t\t\t<div class=\"elementor-column elementor-col-100 elementor-top-column elementor-element elementor-element-09edc9b\" data-id=\"09edc9b\" data-element_type=\"column\" data-e-type=\"column\">\n\t\t\t<div class=\"elementor-widget-wrap elementor-element-populated\">\n\t\t\t\t\t\t<div class=\"elementor-element elementor-element-11ae3be elementor-widget elementor-widget-text-editor\" data-id=\"11ae3be\" data-element_type=\"widget\" data-e-type=\"widget\" data-widget_type=\"text-editor.default\">\n\t\t\t\t<div class=\"elementor-widget-container\">\n\t\t\t\t\t\t\t\t\t<p><b>Morat<\/b>, la influyente banda de pop rock colombiana, domin\u00f3 la <b>Plaza de Espa\u00f1a<\/b> de <b>Sevilla<\/b> en un concierto \u00e9pico durante <span style=\"color: #808080;\">la <b><a style=\"color: #808080;\" href=\"http:\/\/santaluciauniversalmusicweek.com\">Santaluc\u00eda Universal Music Week<\/a><\/b>. Desde el<\/span> primer acorde de <i><b>Besos en guerra<\/b><\/i>, la banda, compuesta por Juan Pablo Isaza, Juan Pablo Villamil, Mart\u00edn Vargas y Sim\u00f3n Vargas, demostr\u00f3 por qu\u00e9 son un fen\u00f3meno en la escena musical.<\/p>\t\t\t\t\t\t\t\t<\/div>\n\t\t\t\t<\/div>\n\t\t\t\t\t<\/div>\n\t\t<\/div>\n\t\t\t\t\t<\/div>\n\t\t<\/section>\n\t\t\t\t<section class=\"elementor-section elementor-top-section elementor-element elementor-element-914b9f9 elementor-section-boxed elementor-section-height-default elementor-section-height-default\" data-id=\"914b9f9\" data-element_type=\"section\" data-e-type=\"section\">\n\t\t\t\t\t\t<div class=\"elementor-container elementor-column-gap-default\">\n\t\t\t\t\t<div class=\"elementor-column elementor-col-100 elementor-top-column elementor-element elementor-element-51ccbf7\" data-id=\"51ccbf7\" data-element_type=\"column\" data-e-type=\"column\">\n\t\t\t<div class=\"elementor-widget-wrap elementor-element-populated\">\n\t\t\t\t\t\t<div class=\"elementor-element elementor-element-22bf254 elementor-widget elementor-widget-image\" data-id=\"22bf254\" data-element_type=\"widget\" data-e-type=\"widget\" data-widget_type=\"image.default\">\n\t\t\t\t<div class=\"elementor-widget-container\">\n\t\t\t\t\t\t\t\t\t\t\t\t\t\t\t<img fetchpriority=\"high\" decoding=\"async\" width=\"640\" height=\"427\" src=\"https:\/\/unaymilletras.com\/wp-content\/uploads\/2023\/11\/image-1-1-1024x683.jpg\" class=\"attachment-large size-large wp-image-1549\" alt=\"Morat\" srcset=\"https:\/\/unaymilletras.com\/wp-content\/uploads\/2023\/11\/image-1-1-1024x683.jpg 1024w, https:\/\/unaymilletras.com\/wp-content\/uploads\/2023\/11\/image-1-1-300x200.jpg 300w, https:\/\/unaymilletras.com\/wp-content\/uploads\/2023\/11\/image-1-1-768x512.jpg 768w, https:\/\/unaymilletras.com\/wp-content\/uploads\/2023\/11\/image-1-1-e1700063487250.jpg 600w\" sizes=\"(max-width: 640px) 100vw, 640px\" \/>\t\t\t\t\t\t\t\t\t\t\t\t\t\t\t<\/div>\n\t\t\t\t<\/div>\n\t\t\t\t\t<\/div>\n\t\t<\/div>\n\t\t\t\t\t<\/div>\n\t\t<\/section>\n\t\t\t\t<section class=\"elementor-section elementor-top-section elementor-element elementor-element-9c8f8db elementor-section-boxed elementor-section-height-default elementor-section-height-default\" data-id=\"9c8f8db\" data-element_type=\"section\" data-e-type=\"section\">\n\t\t\t\t\t\t<div class=\"elementor-container elementor-column-gap-default\">\n\t\t\t\t\t<div class=\"elementor-column elementor-col-100 elementor-top-column elementor-element elementor-element-367353d\" data-id=\"367353d\" data-element_type=\"column\" data-e-type=\"column\">\n\t\t\t<div class=\"elementor-widget-wrap elementor-element-populated\">\n\t\t\t\t\t\t<div class=\"elementor-element elementor-element-c4e8860 elementor-widget elementor-widget-text-editor\" data-id=\"c4e8860\" data-element_type=\"widget\" data-e-type=\"widget\" data-widget_type=\"text-editor.default\">\n\t\t\t\t<div class=\"elementor-widget-container\">\n\t\t\t\t\t\t\t\t\t<p>Con su energ\u00eda contagiosa y una conexi\u00f3n \u00fanica, Morat cautiv\u00f3 a los casi 6,000 asistentes que llenaron la plaza, agotando las entradas en pocos d\u00edas. El grupo, cuya juventud contrasta con su maestr\u00eda musical, ofreci\u00f3 m\u00e1s de dos horas de puro espect\u00e1culo, sin descanso ni respiro.<\/p><p>El p\u00fablico sevillano core\u00f3 cada canci\u00f3n, creando un ambiente m\u00e1gico. Morat sorprendi\u00f3 al invitar a <b>Antonio<\/b> <b>Carmona<\/b> al escenario para interpretar <i><b>El embrujo<\/b><\/i>, una colaboraci\u00f3n que se ha convertido en un cl\u00e1sico. La elegancia de Marina Carmona tambi\u00e9n se uni\u00f3 a la fiesta.<\/p><p>La noche culmin\u00f3 con el cl\u00e1sico <b><i>Como te atreves<\/i><\/b>, consolidando el \u00e9xito de Morat. Con una trayectoria imparable, el grupo deja una marca imborrable en Sevilla y la Santaluc\u00eda Universal Music Week. \u00a1Otra noche para la historia!<\/p>\t\t\t\t\t\t\t\t<\/div>\n\t\t\t\t<\/div>\n\t\t\t\t\t<\/div>\n\t\t<\/div>\n\t\t\t\t\t<\/div>\n\t\t<\/section>\n\t\t\t\t<\/div>","protected":false},"excerpt":{"rendered":"<p>Plaza de Espa\u00f1a se envuelve con la vibrante actuaci\u00f3n de Morat, consolid\u00e1ndolos como la banda l\u00edder de pop rock en Am\u00e9rica Latina y Espa\u00f1a Morat, la influyente banda de pop rock colombiana, domin\u00f3 la Plaza de Espa\u00f1a de Sevilla en un concierto \u00e9pico durante la Santaluc\u00eda Universal Music Week. Desde el primer acorde de Besos [&hellip;]<\/p>\n","protected":false},"author":1,"featured_media":1549,"comment_status":"open","ping_status":"open","sticky":false,"template":"","format":"standard","meta":{"footnotes":""},"categories":[4],"tags":[],"class_list":["post-1546","post","type-post","status-publish","format-standard","has-post-thumbnail","hentry","category-musica"],"yoast_head":"<!-- This site is optimized with the Yoast SEO plugin v27.4 - https:\/\/yoast.com\/product\/yoast-seo-wordpress\/ -->\n<title>Morat marca un hito en Sevilla durante la Santaluc\u00eda Universal Music Week &#8902; Una y Mil Letras<\/title>\n<meta name=\"description\" content=\"Plaza de Espa\u00f1a se envuelve con la vibrante actuaci\u00f3n de Morat, consolid\u00e1ndolos como la banda l\u00edder de pop rock en Am\u00e9rica Latina y Espa\u00f1a\" \/>\n<meta name=\"robots\" content=\"index, follow, max-snippet:-1, max-image-preview:large, max-video-preview:-1\" \/>\n<link rel=\"canonical\" href=\"https:\/\/unaymilletras.com\/en\/morat-marca-un-hito-en-sevilla-durante-la-santalucia-universal-music-week\/\" \/>\n<meta property=\"og:locale\" content=\"en_GB\" \/>\n<meta property=\"og:type\" content=\"article\" \/>\n<meta property=\"og:title\" content=\"Morat marca un hito en Sevilla durante la Santaluc\u00eda Universal Music Week &#8902; Una y Mil Letras\" \/>\n<meta property=\"og:description\" content=\"Plaza de Espa\u00f1a se envuelve con la vibrante actuaci\u00f3n de Morat, consolid\u00e1ndolos como la banda l\u00edder de pop rock en Am\u00e9rica Latina y Espa\u00f1a\" \/>\n<meta property=\"og:url\" content=\"https:\/\/unaymilletras.com\/en\/morat-marca-un-hito-en-sevilla-durante-la-santalucia-universal-music-week\/\" \/>\n<meta property=\"og:site_name\" content=\"Una y Mil Letras\" \/>\n<meta property=\"article:published_time\" content=\"2023-11-15T15:49:32+00:00\" \/>\n<meta property=\"article:modified_time\" content=\"2023-11-15T15:57:16+00:00\" \/>\n<meta property=\"og:image\" content=\"http:\/\/unaymilletras.com\/wp-content\/uploads\/2023\/11\/image-1-1-e1700063487250.jpg\" \/>\n\t<meta property=\"og:image:width\" content=\"600\" \/>\n\t<meta property=\"og:image:height\" content=\"400\" \/>\n\t<meta property=\"og:image:type\" content=\"image\/jpeg\" \/>\n<meta name=\"author\" content=\"Maria Gil Robledo\" \/>\n<meta name=\"twitter:card\" content=\"summary_large_image\" \/>\n<meta name=\"twitter:creator\" content=\"@UnaYMilLetras\" \/>\n<meta name=\"twitter:site\" content=\"@UnaYMilLetras\" \/>\n<meta name=\"twitter:label1\" content=\"Written by\" \/>\n\t<meta name=\"twitter:data1\" content=\"Maria Gil Robledo\" \/>\n\t<meta name=\"twitter:label2\" content=\"Estimated reading time\" \/>\n\t<meta name=\"twitter:data2\" content=\"2 minutes\" \/>\n<script type=\"application\/ld+json\" class=\"yoast-schema-graph\">{\"@context\":\"https:\\\/\\\/schema.org\",\"@graph\":[{\"@type\":\"Article\",\"@id\":\"https:\\\/\\\/unaymilletras.com\\\/morat-marca-un-hito-en-sevilla-durante-la-santalucia-universal-music-week\\\/#article\",\"isPartOf\":{\"@id\":\"https:\\\/\\\/unaymilletras.com\\\/morat-marca-un-hito-en-sevilla-durante-la-santalucia-universal-music-week\\\/\"},\"author\":{\"name\":\"Maria Gil Robledo\",\"@id\":\"http:\\\/\\\/unaymilletras.com\\\/#\\\/schema\\\/person\\\/d55ba681b8a4e463d8982dbe36a5dc94\"},\"headline\":\"Morat marca un hito en Sevilla durante la Santaluc\u00eda Universal Music Week\",\"datePublished\":\"2023-11-15T15:49:32+00:00\",\"dateModified\":\"2023-11-15T15:57:16+00:00\",\"mainEntityOfPage\":{\"@id\":\"https:\\\/\\\/unaymilletras.com\\\/morat-marca-un-hito-en-sevilla-durante-la-santalucia-universal-music-week\\\/\"},\"wordCount\":245,\"commentCount\":0,\"publisher\":{\"@id\":\"http:\\\/\\\/unaymilletras.com\\\/#organization\"},\"image\":{\"@id\":\"https:\\\/\\\/unaymilletras.com\\\/morat-marca-un-hito-en-sevilla-durante-la-santalucia-universal-music-week\\\/#primaryimage\"},\"thumbnailUrl\":\"https:\\\/\\\/unaymilletras.com\\\/wp-content\\\/uploads\\\/2023\\\/11\\\/image-1-1-e1700063487250.jpg\",\"articleSection\":[\"M\u00fasica\"],\"inLanguage\":\"en-GB\",\"potentialAction\":[{\"@type\":\"CommentAction\",\"name\":\"Comment\",\"target\":[\"https:\\\/\\\/unaymilletras.com\\\/morat-marca-un-hito-en-sevilla-durante-la-santalucia-universal-music-week\\\/#respond\"]}]},{\"@type\":\"WebPage\",\"@id\":\"https:\\\/\\\/unaymilletras.com\\\/morat-marca-un-hito-en-sevilla-durante-la-santalucia-universal-music-week\\\/\",\"url\":\"https:\\\/\\\/unaymilletras.com\\\/morat-marca-un-hito-en-sevilla-durante-la-santalucia-universal-music-week\\\/\",\"name\":\"Morat marca un hito en Sevilla durante la Santaluc\u00eda Universal Music Week &#8902; Una y Mil Letras\",\"isPartOf\":{\"@id\":\"http:\\\/\\\/unaymilletras.com\\\/#website\"},\"primaryImageOfPage\":{\"@id\":\"https:\\\/\\\/unaymilletras.com\\\/morat-marca-un-hito-en-sevilla-durante-la-santalucia-universal-music-week\\\/#primaryimage\"},\"image\":{\"@id\":\"https:\\\/\\\/unaymilletras.com\\\/morat-marca-un-hito-en-sevilla-durante-la-santalucia-universal-music-week\\\/#primaryimage\"},\"thumbnailUrl\":\"https:\\\/\\\/unaymilletras.com\\\/wp-content\\\/uploads\\\/2023\\\/11\\\/image-1-1-e1700063487250.jpg\",\"datePublished\":\"2023-11-15T15:49:32+00:00\",\"dateModified\":\"2023-11-15T15:57:16+00:00\",\"description\":\"Plaza de Espa\u00f1a se envuelve con la vibrante actuaci\u00f3n de Morat, consolid\u00e1ndolos como la banda l\u00edder de pop rock en Am\u00e9rica Latina y Espa\u00f1a\",\"breadcrumb\":{\"@id\":\"https:\\\/\\\/unaymilletras.com\\\/morat-marca-un-hito-en-sevilla-durante-la-santalucia-universal-music-week\\\/#breadcrumb\"},\"inLanguage\":\"en-GB\",\"potentialAction\":[{\"@type\":\"ReadAction\",\"target\":[\"https:\\\/\\\/unaymilletras.com\\\/morat-marca-un-hito-en-sevilla-durante-la-santalucia-universal-music-week\\\/\"]}]},{\"@type\":\"ImageObject\",\"inLanguage\":\"en-GB\",\"@id\":\"https:\\\/\\\/unaymilletras.com\\\/morat-marca-un-hito-en-sevilla-durante-la-santalucia-universal-music-week\\\/#primaryimage\",\"url\":\"https:\\\/\\\/unaymilletras.com\\\/wp-content\\\/uploads\\\/2023\\\/11\\\/image-1-1-e1700063487250.jpg\",\"contentUrl\":\"https:\\\/\\\/unaymilletras.com\\\/wp-content\\\/uploads\\\/2023\\\/11\\\/image-1-1-e1700063487250.jpg\",\"width\":600,\"height\":400,\"caption\":\"Morat\"},{\"@type\":\"BreadcrumbList\",\"@id\":\"https:\\\/\\\/unaymilletras.com\\\/morat-marca-un-hito-en-sevilla-durante-la-santalucia-universal-music-week\\\/#breadcrumb\",\"itemListElement\":[{\"@type\":\"ListItem\",\"position\":1,\"name\":\"Home\",\"item\":\"http:\\\/\\\/unaymilletras.com\\\/\"},{\"@type\":\"ListItem\",\"position\":2,\"name\":\"Morat marca un hito en Sevilla durante la Santaluc\u00eda Universal Music Week\"}]},{\"@type\":\"WebSite\",\"@id\":\"http:\\\/\\\/unaymilletras.com\\\/#website\",\"url\":\"http:\\\/\\\/unaymilletras.com\\\/\",\"name\":\"Una y Mil Letras\",\"description\":\"\",\"publisher\":{\"@id\":\"http:\\\/\\\/unaymilletras.com\\\/#organization\"},\"potentialAction\":[{\"@type\":\"SearchAction\",\"target\":{\"@type\":\"EntryPoint\",\"urlTemplate\":\"http:\\\/\\\/unaymilletras.com\\\/?s={search_term_string}\"},\"query-input\":{\"@type\":\"PropertyValueSpecification\",\"valueRequired\":true,\"valueName\":\"search_term_string\"}}],\"inLanguage\":\"en-GB\"},{\"@type\":\"Organization\",\"@id\":\"http:\\\/\\\/unaymilletras.com\\\/#organization\",\"name\":\"Una y Mil Letras\",\"url\":\"http:\\\/\\\/unaymilletras.com\\\/\",\"logo\":{\"@type\":\"ImageObject\",\"inLanguage\":\"en-GB\",\"@id\":\"http:\\\/\\\/unaymilletras.com\\\/#\\\/schema\\\/logo\\\/image\\\/\",\"url\":\"https:\\\/\\\/unaymilletras.com\\\/wp-content\\\/uploads\\\/2024\\\/06\\\/cropped-Logo-removebg-preview.png\",\"contentUrl\":\"https:\\\/\\\/unaymilletras.com\\\/wp-content\\\/uploads\\\/2024\\\/06\\\/cropped-Logo-removebg-preview.png\",\"width\":512,\"height\":512,\"caption\":\"Una y Mil Letras\"},\"image\":{\"@id\":\"http:\\\/\\\/unaymilletras.com\\\/#\\\/schema\\\/logo\\\/image\\\/\"},\"sameAs\":[\"https:\\\/\\\/x.com\\\/UnaYMilLetras\",\"https:\\\/\\\/instagram.com\\\/UnaYMilLetras\"]},{\"@type\":\"Person\",\"@id\":\"http:\\\/\\\/unaymilletras.com\\\/#\\\/schema\\\/person\\\/d55ba681b8a4e463d8982dbe36a5dc94\",\"name\":\"Maria Gil Robledo\",\"image\":{\"@type\":\"ImageObject\",\"inLanguage\":\"en-GB\",\"@id\":\"https:\\\/\\\/secure.gravatar.com\\\/avatar\\\/4b8e5102e0015789407eb4870b12f0f2857952d83ca124058f92b764bd1840c3?s=96&d=mm&r=g\",\"url\":\"https:\\\/\\\/secure.gravatar.com\\\/avatar\\\/4b8e5102e0015789407eb4870b12f0f2857952d83ca124058f92b764bd1840c3?s=96&d=mm&r=g\",\"contentUrl\":\"https:\\\/\\\/secure.gravatar.com\\\/avatar\\\/4b8e5102e0015789407eb4870b12f0f2857952d83ca124058f92b764bd1840c3?s=96&d=mm&r=g\",\"caption\":\"Maria Gil Robledo\"},\"sameAs\":[\"http:\\\/\\\/unaymilletras.com\"],\"url\":\"https:\\\/\\\/unaymilletras.com\\\/en\\\/author\\\/mariiagiil02_\\\/\"}]}<\/script>\n<!-- \/ Yoast SEO plugin. -->","yoast_head_json":{"title":"Morat marca un hito en Sevilla durante la Santaluc\u00eda Universal Music Week &#8902; Una y Mil Letras","description":"Plaza de Espa\u00f1a se envuelve con la vibrante actuaci\u00f3n de Morat, consolid\u00e1ndolos como la banda l\u00edder de pop rock en Am\u00e9rica Latina y Espa\u00f1a","robots":{"index":"index","follow":"follow","max-snippet":"max-snippet:-1","max-image-preview":"max-image-preview:large","max-video-preview":"max-video-preview:-1"},"canonical":"https:\/\/unaymilletras.com\/en\/morat-marca-un-hito-en-sevilla-durante-la-santalucia-universal-music-week\/","og_locale":"en_GB","og_type":"article","og_title":"Morat marca un hito en Sevilla durante la Santaluc\u00eda Universal Music Week &#8902; Una y Mil Letras","og_description":"Plaza de Espa\u00f1a se envuelve con la vibrante actuaci\u00f3n de Morat, consolid\u00e1ndolos como la banda l\u00edder de pop rock en Am\u00e9rica Latina y Espa\u00f1a","og_url":"https:\/\/unaymilletras.com\/en\/morat-marca-un-hito-en-sevilla-durante-la-santalucia-universal-music-week\/","og_site_name":"Una y Mil Letras","article_published_time":"2023-11-15T15:49:32+00:00","article_modified_time":"2023-11-15T15:57:16+00:00","og_image":[{"width":600,"height":400,"url":"http:\/\/unaymilletras.com\/wp-content\/uploads\/2023\/11\/image-1-1-e1700063487250.jpg","type":"image\/jpeg"}],"author":"Maria Gil Robledo","twitter_card":"summary_large_image","twitter_creator":"@UnaYMilLetras","twitter_site":"@UnaYMilLetras","twitter_misc":{"Written by":"Maria Gil Robledo","Estimated reading time":"2 minutes"},"schema":{"@context":"https:\/\/schema.org","@graph":[{"@type":"Article","@id":"https:\/\/unaymilletras.com\/morat-marca-un-hito-en-sevilla-durante-la-santalucia-universal-music-week\/#article","isPartOf":{"@id":"https:\/\/unaymilletras.com\/morat-marca-un-hito-en-sevilla-durante-la-santalucia-universal-music-week\/"},"author":{"name":"Maria Gil Robledo","@id":"http:\/\/unaymilletras.com\/#\/schema\/person\/d55ba681b8a4e463d8982dbe36a5dc94"},"headline":"Morat marca un hito en Sevilla durante la Santaluc\u00eda Universal Music Week","datePublished":"2023-11-15T15:49:32+00:00","dateModified":"2023-11-15T15:57:16+00:00","mainEntityOfPage":{"@id":"https:\/\/unaymilletras.com\/morat-marca-un-hito-en-sevilla-durante-la-santalucia-universal-music-week\/"},"wordCount":245,"commentCount":0,"publisher":{"@id":"http:\/\/unaymilletras.com\/#organization"},"image":{"@id":"https:\/\/unaymilletras.com\/morat-marca-un-hito-en-sevilla-durante-la-santalucia-universal-music-week\/#primaryimage"},"thumbnailUrl":"https:\/\/unaymilletras.com\/wp-content\/uploads\/2023\/11\/image-1-1-e1700063487250.jpg","articleSection":["M\u00fasica"],"inLanguage":"en-GB","potentialAction":[{"@type":"CommentAction","name":"Comment","target":["https:\/\/unaymilletras.com\/morat-marca-un-hito-en-sevilla-durante-la-santalucia-universal-music-week\/#respond"]}]},{"@type":"WebPage","@id":"https:\/\/unaymilletras.com\/morat-marca-un-hito-en-sevilla-durante-la-santalucia-universal-music-week\/","url":"https:\/\/unaymilletras.com\/morat-marca-un-hito-en-sevilla-durante-la-santalucia-universal-music-week\/","name":"Morat marca un hito en Sevilla durante la Santaluc\u00eda Universal Music Week &#8902; Una y Mil Letras","isPartOf":{"@id":"http:\/\/unaymilletras.com\/#website"},"primaryImageOfPage":{"@id":"https:\/\/unaymilletras.com\/morat-marca-un-hito-en-sevilla-durante-la-santalucia-universal-music-week\/#primaryimage"},"image":{"@id":"https:\/\/unaymilletras.com\/morat-marca-un-hito-en-sevilla-durante-la-santalucia-universal-music-week\/#primaryimage"},"thumbnailUrl":"https:\/\/unaymilletras.com\/wp-content\/uploads\/2023\/11\/image-1-1-e1700063487250.jpg","datePublished":"2023-11-15T15:49:32+00:00","dateModified":"2023-11-15T15:57:16+00:00","description":"Plaza de Espa\u00f1a se envuelve con la vibrante actuaci\u00f3n de Morat, consolid\u00e1ndolos como la banda l\u00edder de pop rock en Am\u00e9rica Latina y Espa\u00f1a","breadcrumb":{"@id":"https:\/\/unaymilletras.com\/morat-marca-un-hito-en-sevilla-durante-la-santalucia-universal-music-week\/#breadcrumb"},"inLanguage":"en-GB","potentialAction":[{"@type":"ReadAction","target":["https:\/\/unaymilletras.com\/morat-marca-un-hito-en-sevilla-durante-la-santalucia-universal-music-week\/"]}]},{"@type":"ImageObject","inLanguage":"en-GB","@id":"https:\/\/unaymilletras.com\/morat-marca-un-hito-en-sevilla-durante-la-santalucia-universal-music-week\/#primaryimage","url":"https:\/\/unaymilletras.com\/wp-content\/uploads\/2023\/11\/image-1-1-e1700063487250.jpg","contentUrl":"https:\/\/unaymilletras.com\/wp-content\/uploads\/2023\/11\/image-1-1-e1700063487250.jpg","width":600,"height":400,"caption":"Morat"},{"@type":"BreadcrumbList","@id":"https:\/\/unaymilletras.com\/morat-marca-un-hito-en-sevilla-durante-la-santalucia-universal-music-week\/#breadcrumb","itemListElement":[{"@type":"ListItem","position":1,"name":"Home","item":"http:\/\/unaymilletras.com\/"},{"@type":"ListItem","position":2,"name":"Morat marca un hito en Sevilla durante la Santaluc\u00eda Universal Music Week"}]},{"@type":"WebSite","@id":"http:\/\/unaymilletras.com\/#website","url":"http:\/\/unaymilletras.com\/","name":"Una y Mil Letras","description":"","publisher":{"@id":"http:\/\/unaymilletras.com\/#organization"},"potentialAction":[{"@type":"SearchAction","target":{"@type":"EntryPoint","urlTemplate":"http:\/\/unaymilletras.com\/?s={search_term_string}"},"query-input":{"@type":"PropertyValueSpecification","valueRequired":true,"valueName":"search_term_string"}}],"inLanguage":"en-GB"},{"@type":"Organization","@id":"http:\/\/unaymilletras.com\/#organization","name":"Una y Mil Letras","url":"http:\/\/unaymilletras.com\/","logo":{"@type":"ImageObject","inLanguage":"en-GB","@id":"http:\/\/unaymilletras.com\/#\/schema\/logo\/image\/","url":"https:\/\/unaymilletras.com\/wp-content\/uploads\/2024\/06\/cropped-Logo-removebg-preview.png","contentUrl":"https:\/\/unaymilletras.com\/wp-content\/uploads\/2024\/06\/cropped-Logo-removebg-preview.png","width":512,"height":512,"caption":"Una y Mil Letras"},"image":{"@id":"http:\/\/unaymilletras.com\/#\/schema\/logo\/image\/"},"sameAs":["https:\/\/x.com\/UnaYMilLetras","https:\/\/instagram.com\/UnaYMilLetras"]},{"@type":"Person","@id":"http:\/\/unaymilletras.com\/#\/schema\/person\/d55ba681b8a4e463d8982dbe36a5dc94","name":"Maria Gil Robledo","image":{"@type":"ImageObject","inLanguage":"en-GB","@id":"https:\/\/secure.gravatar.com\/avatar\/4b8e5102e0015789407eb4870b12f0f2857952d83ca124058f92b764bd1840c3?s=96&d=mm&r=g","url":"https:\/\/secure.gravatar.com\/avatar\/4b8e5102e0015789407eb4870b12f0f2857952d83ca124058f92b764bd1840c3?s=96&d=mm&r=g","contentUrl":"https:\/\/secure.gravatar.com\/avatar\/4b8e5102e0015789407eb4870b12f0f2857952d83ca124058f92b764bd1840c3?s=96&d=mm&r=g","caption":"Maria Gil Robledo"},"sameAs":["http:\/\/unaymilletras.com"],"url":"https:\/\/unaymilletras.com\/en\/author\/mariiagiil02_\/"}]}},"_links":{"self":[{"href":"https:\/\/unaymilletras.com\/en\/wp-json\/wp\/v2\/posts\/1546","targetHints":{"allow":["GET"]}}],"collection":[{"href":"https:\/\/unaymilletras.com\/en\/wp-json\/wp\/v2\/posts"}],"about":[{"href":"https:\/\/unaymilletras.com\/en\/wp-json\/wp\/v2\/types\/post"}],"author":[{"embeddable":true,"href":"https:\/\/unaymilletras.com\/en\/wp-json\/wp\/v2\/users\/1"}],"replies":[{"embeddable":true,"href":"https:\/\/unaymilletras.com\/en\/wp-json\/wp\/v2\/comments?post=1546"}],"version-history":[{"count":5,"href":"https:\/\/unaymilletras.com\/en\/wp-json\/wp\/v2\/posts\/1546\/revisions"}],"predecessor-version":[{"id":1552,"href":"https:\/\/unaymilletras.com\/en\/wp-json\/wp\/v2\/posts\/1546\/revisions\/1552"}],"wp:featuredmedia":[{"embeddable":true,"href":"https:\/\/unaymilletras.com\/en\/wp-json\/wp\/v2\/media\/1549"}],"wp:attachment":[{"href":"https:\/\/unaymilletras.com\/en\/wp-json\/wp\/v2\/media?parent=1546"}],"wp:term":[{"taxonomy":"category","embeddable":true,"href":"https:\/\/unaymilletras.com\/en\/wp-json\/wp\/v2\/categories?post=1546"},{"taxonomy":"post_tag","embeddable":true,"href":"https:\/\/unaymilletras.com\/en\/wp-json\/wp\/v2\/tags?post=1546"}],"curies":[{"name":"wp","href":"https:\/\/api.w.org\/{rel}","templated":true}]}}