{"id":1553,"date":"2023-11-15T23:30:00","date_gmt":"2023-11-15T22:30:00","guid":{"rendered":"https:\/\/unaymilletras.com\/?p=1553"},"modified":"2023-11-15T23:44:02","modified_gmt":"2023-11-15T22:44:02","slug":"melim-bryan-behr-y-mumuzinho-se-sumergen-en-la-cultura-sevillana-rumbo-a-los-latin-grammy-2023","status":"publish","type":"post","link":"https:\/\/unaymilletras.com\/en\/melim-bryan-behr-y-mumuzinho-se-sumergen-en-la-cultura-sevillana-rumbo-a-los-latin-grammy-2023\/","title":{"rendered":"Melim, Bryan Behr y Mumuzinho se sumergen en la cultura sevillana rumbo a los Latin Grammy 2023"},"content":{"rendered":"<div data-elementor-type=\"wp-post\" data-elementor-id=\"1553\" class=\"elementor elementor-1553\">\n\t\t\t\t\t\t<section class=\"elementor-section elementor-top-section elementor-element elementor-element-255bfa2 elementor-section-boxed elementor-section-height-default elementor-section-height-default\" data-id=\"255bfa2\" data-element_type=\"section\" data-e-type=\"section\">\n\t\t\t\t\t\t<div class=\"elementor-container elementor-column-gap-default\">\n\t\t\t\t\t<div class=\"elementor-column elementor-col-100 elementor-top-column elementor-element elementor-element-2451434\" data-id=\"2451434\" data-element_type=\"column\" data-e-type=\"column\">\n\t\t\t<div class=\"elementor-widget-wrap elementor-element-populated\">\n\t\t\t\t\t\t<div class=\"elementor-element elementor-element-f28e04a elementor-widget elementor-widget-text-editor\" data-id=\"f28e04a\" data-element_type=\"widget\" data-e-type=\"widget\" data-widget_type=\"text-editor.default\">\n\t\t\t\t<div class=\"elementor-widget-container\">\n\t\t\t\t\t\t\t\t\t<h2><span style=\"color: #808080;\"><em>Los artistas brasile\u00f1os\u00a0 exploran las calles de Sevilla, inmersos en la cultura local mientras se preparan para los Latin Grammy 2023<\/em><\/span><\/h2>\t\t\t\t\t\t\t\t<\/div>\n\t\t\t\t<\/div>\n\t\t\t\t\t<\/div>\n\t\t<\/div>\n\t\t\t\t\t<\/div>\n\t\t<\/section>\n\t\t\t\t<section class=\"elementor-section elementor-top-section elementor-element elementor-element-99510d5 elementor-section-boxed elementor-section-height-default elementor-section-height-default\" data-id=\"99510d5\" data-element_type=\"section\" data-e-type=\"section\">\n\t\t\t\t\t\t<div class=\"elementor-container elementor-column-gap-default\">\n\t\t\t\t\t<div class=\"elementor-column elementor-col-100 elementor-top-column elementor-element elementor-element-57dfb1b\" data-id=\"57dfb1b\" data-element_type=\"column\" data-e-type=\"column\">\n\t\t\t<div class=\"elementor-widget-wrap elementor-element-populated\">\n\t\t\t\t\t\t<div class=\"elementor-element elementor-element-8bf62b0 elementor-widget elementor-widget-text-editor\" data-id=\"8bf62b0\" data-element_type=\"widget\" data-e-type=\"widget\" data-widget_type=\"text-editor.default\">\n\t\t\t\t<div class=\"elementor-widget-container\">\n\t\t\t\t\t\t\t\t\t<p>En una semana llena de experiencias enriquecedoras, los artistas brasile\u00f1os nominados a los <b>Latin<\/b> <b>Grammy 2023<\/b>, <b>Melim<\/b>, <b>Bryan<\/b> <b>Behr<\/b> y <b>Mumuzinho<\/b>, se adentran en la riqueza cultural de <b>Sevilla<\/b>. Hoy, mi\u00e9rcoles, exploraron juntos los encantadores rincones de la ciudad, generando valioso contenido en cada rinc\u00f3n.<\/p><p><span style=\"color: #808080;\"><a style=\"color: #808080;\" href=\"https:\/\/unaymilletras.com\/en\/bryan-behr-y-lauana-prado-en-el-happy-hour-de-youtube-durante-la-semana-de-los-latin-grammy-en-sevilla\/\">Melim<\/a><\/span> y Bryan Behr se encontraron en ic\u00f3nicos lugares de Sevilla, capturando momentos para <b>Meta<\/b>. Compartieron experiencias sobre sus nominaciones al Latin Grammy, inspiraciones y curiosidades sobre la cultura brasile\u00f1a.<\/p><p>Mumuzinho acompa\u00f1\u00f3 a Melim en una experiencia \u00fanica con <b>Dolby<\/b> <b>Atmos<\/b> en <b>Apple<\/b> <b>Music<\/b>, celebrada en la impresionante <b>Fundaci\u00f3n Valent\u00edn de Madariaga y Oya<\/b>, una galer\u00eda de arte destacada en Sevilla.<\/p>\t\t\t\t\t\t\t\t<\/div>\n\t\t\t\t<\/div>\n\t\t\t\t\t<\/div>\n\t\t<\/div>\n\t\t\t\t\t<\/div>\n\t\t<\/section>\n\t\t\t\t<section class=\"elementor-section elementor-top-section elementor-element elementor-element-f2ff007 elementor-section-boxed elementor-section-height-default elementor-section-height-default\" data-id=\"f2ff007\" data-element_type=\"section\" data-e-type=\"section\">\n\t\t\t\t\t\t<div class=\"elementor-container elementor-column-gap-default\">\n\t\t\t\t\t<div class=\"elementor-column elementor-col-50 elementor-top-column elementor-element elementor-element-8a456a7\" data-id=\"8a456a7\" data-element_type=\"column\" data-e-type=\"column\">\n\t\t\t<div class=\"elementor-widget-wrap elementor-element-populated\">\n\t\t\t\t\t\t<div class=\"elementor-element elementor-element-8665594 elementor-widget elementor-widget-image\" data-id=\"8665594\" data-element_type=\"widget\" data-e-type=\"widget\" data-widget_type=\"image.default\">\n\t\t\t\t<div class=\"elementor-widget-container\">\n\t\t\t\t\t\t\t\t\t\t\t\t\t\t\t<img fetchpriority=\"high\" decoding=\"async\" width=\"640\" height=\"853\" src=\"https:\/\/unaymilletras.com\/wp-content\/uploads\/2023\/11\/Bryan-Behr3.jpg\" class=\"attachment-large size-large wp-image-1557\" alt=\"\" srcset=\"https:\/\/unaymilletras.com\/wp-content\/uploads\/2023\/11\/Bryan-Behr3.jpg 768w, https:\/\/unaymilletras.com\/wp-content\/uploads\/2023\/11\/Bryan-Behr3-225x300.jpg 225w\" sizes=\"(max-width: 640px) 100vw, 640px\" \/>\t\t\t\t\t\t\t\t\t\t\t\t\t\t\t<\/div>\n\t\t\t\t<\/div>\n\t\t\t\t\t<\/div>\n\t\t<\/div>\n\t\t\t\t<div class=\"elementor-column elementor-col-50 elementor-top-column elementor-element elementor-element-695d1b3\" data-id=\"695d1b3\" data-element_type=\"column\" data-e-type=\"column\">\n\t\t\t<div class=\"elementor-widget-wrap elementor-element-populated\">\n\t\t\t\t\t\t<div class=\"elementor-element elementor-element-309ab79 elementor-widget elementor-widget-image\" data-id=\"309ab79\" data-element_type=\"widget\" data-e-type=\"widget\" data-widget_type=\"image.default\">\n\t\t\t\t<div class=\"elementor-widget-container\">\n\t\t\t\t\t\t\t\t\t\t\t\t\t\t\t<img decoding=\"async\" width=\"576\" height=\"1024\" src=\"https:\/\/unaymilletras.com\/wp-content\/uploads\/2023\/11\/Melim2-576x1024.jpg\" class=\"attachment-large size-large wp-image-1558\" alt=\"Latin Grammy\" srcset=\"https:\/\/unaymilletras.com\/wp-content\/uploads\/2023\/11\/Melim2-576x1024.jpg 576w, https:\/\/unaymilletras.com\/wp-content\/uploads\/2023\/11\/Melim2-169x300.jpg 169w, https:\/\/unaymilletras.com\/wp-content\/uploads\/2023\/11\/Melim2-768x1365.jpg 768w, https:\/\/unaymilletras.com\/wp-content\/uploads\/2023\/11\/Melim2-864x1536.jpg 864w, https:\/\/unaymilletras.com\/wp-content\/uploads\/2023\/11\/Melim2-1152x2048.jpg 1152w, https:\/\/unaymilletras.com\/wp-content\/uploads\/2023\/11\/Melim2-1024x1820.jpg 1024w, https:\/\/unaymilletras.com\/wp-content\/uploads\/2023\/11\/Melim2-scaled-e1700088059909.jpg 600w\" sizes=\"(max-width: 576px) 100vw, 576px\" \/>\t\t\t\t\t\t\t\t\t\t\t\t\t\t\t<\/div>\n\t\t\t\t<\/div>\n\t\t\t\t\t<\/div>\n\t\t<\/div>\n\t\t\t\t\t<\/div>\n\t\t<\/section>\n\t\t\t\t<section class=\"elementor-section elementor-top-section elementor-element elementor-element-faded8a elementor-section-boxed elementor-section-height-default elementor-section-height-default\" data-id=\"faded8a\" data-element_type=\"section\" data-e-type=\"section\">\n\t\t\t\t\t\t<div class=\"elementor-container elementor-column-gap-default\">\n\t\t\t\t\t<div class=\"elementor-column elementor-col-100 elementor-top-column elementor-element elementor-element-b04e351\" data-id=\"b04e351\" data-element_type=\"column\" data-e-type=\"column\">\n\t\t\t<div class=\"elementor-widget-wrap elementor-element-populated\">\n\t\t\t\t\t\t<div class=\"elementor-element elementor-element-2c5a882 elementor-widget elementor-widget-text-editor\" data-id=\"2c5a882\" data-element_type=\"widget\" data-e-type=\"widget\" data-widget_type=\"text-editor.default\">\n\t\t\t\t<div class=\"elementor-widget-container\">\n\t\t\t\t\t\t\t\t\t<p>Mientras tanto, Bryan Behr explor\u00f3 las \u00faltimas novedades de las redes sociales y produjo contenido en el estudio META, sumergi\u00e9ndose en el panorama digital de Sevilla.<\/p><p>Estas actividades forman parte de una serie programada para la semana del Latin Grammy, ofreciendo experiencias digitales y producci\u00f3n de contenido respaldadas por marcas prominentes como Apple, META, <span style=\"color: #808080;\"><a style=\"color: #808080;\" href=\"http:\/\/tiktok.com\">TikTok<\/a><\/span> y VEVO. Adem\u00e1s, los Happy Hours, patrocinados por Spotify, YouTube y Amazon, a\u00f1aden un toque adicional a esta semana llena de emociones.<\/p><p>La anticipaci\u00f3n crece mientras estos artistas se preparan para la ceremonia oficial de los Grammy el 16 de noviembre en el Palacio de Congresos y Exposiciones de Sevilla, que ser\u00e1 transmitida en directo por Univision. Grandes nombres de la m\u00fasica brasile\u00f1a y latina iluminar\u00e1n la noche a partir de las 20:00 horas.<\/p>\t\t\t\t\t\t\t\t<\/div>\n\t\t\t\t<\/div>\n\t\t\t\t\t<\/div>\n\t\t<\/div>\n\t\t\t\t\t<\/div>\n\t\t<\/section>\n\t\t\t\t<\/div>","protected":false},"excerpt":{"rendered":"<p>Los artistas brasile\u00f1os\u00a0 exploran las calles de Sevilla, inmersos en la cultura local mientras se preparan para los Latin Grammy 2023 En una semana llena de experiencias enriquecedoras, los artistas brasile\u00f1os nominados a los Latin Grammy 2023, Melim, Bryan Behr y Mumuzinho, se adentran en la riqueza cultural de Sevilla. Hoy, mi\u00e9rcoles, exploraron juntos los [&hellip;]<\/p>\n","protected":false},"author":1,"featured_media":1557,"comment_status":"open","ping_status":"open","sticky":false,"template":"","format":"standard","meta":{"footnotes":""},"categories":[4],"tags":[],"class_list":["post-1553","post","type-post","status-publish","format-standard","has-post-thumbnail","hentry","category-musica"],"yoast_head":"<!-- This site is optimized with the Yoast SEO plugin v27.4 - https:\/\/yoast.com\/product\/yoast-seo-wordpress\/ -->\n<title>Melim, Bryan Behr y Mumuzinho se sumergen en la cultura sevillana rumbo a los Latin Grammy 2023 &#8902; Una y Mil Letras<\/title>\n<meta name=\"description\" content=\"Los artistas brasile\u00f1os exploran las calles de Sevilla, inmersos en la cultura local mientras se preparan para los Latin Grammy 2023\" \/>\n<meta name=\"robots\" content=\"index, follow, max-snippet:-1, max-image-preview:large, max-video-preview:-1\" \/>\n<link rel=\"canonical\" href=\"https:\/\/unaymilletras.com\/en\/melim-bryan-behr-y-mumuzinho-se-sumergen-en-la-cultura-sevillana-rumbo-a-los-latin-grammy-2023\/\" \/>\n<meta property=\"og:locale\" content=\"en_GB\" \/>\n<meta property=\"og:type\" content=\"article\" \/>\n<meta property=\"og:title\" content=\"Melim, Bryan Behr y Mumuzinho se sumergen en la cultura sevillana rumbo a los Latin Grammy 2023 &#8902; Una y Mil Letras\" \/>\n<meta property=\"og:description\" content=\"Los artistas brasile\u00f1os exploran las calles de Sevilla, inmersos en la cultura local mientras se preparan para los Latin Grammy 2023\" \/>\n<meta property=\"og:url\" content=\"https:\/\/unaymilletras.com\/en\/melim-bryan-behr-y-mumuzinho-se-sumergen-en-la-cultura-sevillana-rumbo-a-los-latin-grammy-2023\/\" \/>\n<meta property=\"og:site_name\" content=\"Una y Mil Letras\" \/>\n<meta property=\"article:published_time\" content=\"2023-11-15T22:30:00+00:00\" \/>\n<meta property=\"article:modified_time\" content=\"2023-11-15T22:44:02+00:00\" \/>\n<meta property=\"og:image\" content=\"http:\/\/unaymilletras.com\/wp-content\/uploads\/2023\/11\/Bryan-Behr3.jpg\" \/>\n\t<meta property=\"og:image:width\" content=\"768\" \/>\n\t<meta property=\"og:image:height\" content=\"1024\" \/>\n\t<meta property=\"og:image:type\" content=\"image\/jpeg\" \/>\n<meta name=\"author\" content=\"Maria Gil Robledo\" \/>\n<meta name=\"twitter:card\" content=\"summary_large_image\" \/>\n<meta name=\"twitter:creator\" content=\"@UnaYMilLetras\" \/>\n<meta name=\"twitter:site\" content=\"@UnaYMilLetras\" \/>\n<meta name=\"twitter:label1\" content=\"Written by\" \/>\n\t<meta name=\"twitter:data1\" content=\"Maria Gil Robledo\" \/>\n\t<meta name=\"twitter:label2\" content=\"Estimated reading time\" \/>\n\t<meta name=\"twitter:data2\" content=\"2 minutes\" \/>\n<script type=\"application\/ld+json\" class=\"yoast-schema-graph\">{\"@context\":\"https:\\\/\\\/schema.org\",\"@graph\":[{\"@type\":\"Article\",\"@id\":\"https:\\\/\\\/unaymilletras.com\\\/melim-bryan-behr-y-mumuzinho-se-sumergen-en-la-cultura-sevillana-rumbo-a-los-latin-grammy-2023\\\/#article\",\"isPartOf\":{\"@id\":\"https:\\\/\\\/unaymilletras.com\\\/melim-bryan-behr-y-mumuzinho-se-sumergen-en-la-cultura-sevillana-rumbo-a-los-latin-grammy-2023\\\/\"},\"author\":{\"name\":\"Maria Gil Robledo\",\"@id\":\"http:\\\/\\\/unaymilletras.com\\\/#\\\/schema\\\/person\\\/d55ba681b8a4e463d8982dbe36a5dc94\"},\"headline\":\"Melim, Bryan Behr y Mumuzinho se sumergen en la cultura sevillana rumbo a los Latin Grammy 2023\",\"datePublished\":\"2023-11-15T22:30:00+00:00\",\"dateModified\":\"2023-11-15T22:44:02+00:00\",\"mainEntityOfPage\":{\"@id\":\"https:\\\/\\\/unaymilletras.com\\\/melim-bryan-behr-y-mumuzinho-se-sumergen-en-la-cultura-sevillana-rumbo-a-los-latin-grammy-2023\\\/\"},\"wordCount\":285,\"commentCount\":0,\"publisher\":{\"@id\":\"http:\\\/\\\/unaymilletras.com\\\/#organization\"},\"image\":{\"@id\":\"https:\\\/\\\/unaymilletras.com\\\/melim-bryan-behr-y-mumuzinho-se-sumergen-en-la-cultura-sevillana-rumbo-a-los-latin-grammy-2023\\\/#primaryimage\"},\"thumbnailUrl\":\"https:\\\/\\\/unaymilletras.com\\\/wp-content\\\/uploads\\\/2023\\\/11\\\/Bryan-Behr3.jpg\",\"articleSection\":[\"M\u00fasica\"],\"inLanguage\":\"en-GB\",\"potentialAction\":[{\"@type\":\"CommentAction\",\"name\":\"Comment\",\"target\":[\"https:\\\/\\\/unaymilletras.com\\\/melim-bryan-behr-y-mumuzinho-se-sumergen-en-la-cultura-sevillana-rumbo-a-los-latin-grammy-2023\\\/#respond\"]}]},{\"@type\":\"WebPage\",\"@id\":\"https:\\\/\\\/unaymilletras.com\\\/melim-bryan-behr-y-mumuzinho-se-sumergen-en-la-cultura-sevillana-rumbo-a-los-latin-grammy-2023\\\/\",\"url\":\"https:\\\/\\\/unaymilletras.com\\\/melim-bryan-behr-y-mumuzinho-se-sumergen-en-la-cultura-sevillana-rumbo-a-los-latin-grammy-2023\\\/\",\"name\":\"Melim, Bryan Behr y Mumuzinho se sumergen en la cultura sevillana rumbo a los Latin Grammy 2023 &#8902; Una y Mil Letras\",\"isPartOf\":{\"@id\":\"http:\\\/\\\/unaymilletras.com\\\/#website\"},\"primaryImageOfPage\":{\"@id\":\"https:\\\/\\\/unaymilletras.com\\\/melim-bryan-behr-y-mumuzinho-se-sumergen-en-la-cultura-sevillana-rumbo-a-los-latin-grammy-2023\\\/#primaryimage\"},\"image\":{\"@id\":\"https:\\\/\\\/unaymilletras.com\\\/melim-bryan-behr-y-mumuzinho-se-sumergen-en-la-cultura-sevillana-rumbo-a-los-latin-grammy-2023\\\/#primaryimage\"},\"thumbnailUrl\":\"https:\\\/\\\/unaymilletras.com\\\/wp-content\\\/uploads\\\/2023\\\/11\\\/Bryan-Behr3.jpg\",\"datePublished\":\"2023-11-15T22:30:00+00:00\",\"dateModified\":\"2023-11-15T22:44:02+00:00\",\"description\":\"Los artistas brasile\u00f1os exploran las calles de Sevilla, inmersos en la cultura local mientras se preparan para los Latin Grammy 2023\",\"breadcrumb\":{\"@id\":\"https:\\\/\\\/unaymilletras.com\\\/melim-bryan-behr-y-mumuzinho-se-sumergen-en-la-cultura-sevillana-rumbo-a-los-latin-grammy-2023\\\/#breadcrumb\"},\"inLanguage\":\"en-GB\",\"potentialAction\":[{\"@type\":\"ReadAction\",\"target\":[\"https:\\\/\\\/unaymilletras.com\\\/melim-bryan-behr-y-mumuzinho-se-sumergen-en-la-cultura-sevillana-rumbo-a-los-latin-grammy-2023\\\/\"]}]},{\"@type\":\"ImageObject\",\"inLanguage\":\"en-GB\",\"@id\":\"https:\\\/\\\/unaymilletras.com\\\/melim-bryan-behr-y-mumuzinho-se-sumergen-en-la-cultura-sevillana-rumbo-a-los-latin-grammy-2023\\\/#primaryimage\",\"url\":\"https:\\\/\\\/unaymilletras.com\\\/wp-content\\\/uploads\\\/2023\\\/11\\\/Bryan-Behr3.jpg\",\"contentUrl\":\"https:\\\/\\\/unaymilletras.com\\\/wp-content\\\/uploads\\\/2023\\\/11\\\/Bryan-Behr3.jpg\",\"width\":768,\"height\":1024},{\"@type\":\"BreadcrumbList\",\"@id\":\"https:\\\/\\\/unaymilletras.com\\\/melim-bryan-behr-y-mumuzinho-se-sumergen-en-la-cultura-sevillana-rumbo-a-los-latin-grammy-2023\\\/#breadcrumb\",\"itemListElement\":[{\"@type\":\"ListItem\",\"position\":1,\"name\":\"Home\",\"item\":\"http:\\\/\\\/unaymilletras.com\\\/\"},{\"@type\":\"ListItem\",\"position\":2,\"name\":\"Melim, Bryan Behr y Mumuzinho se sumergen en la cultura sevillana rumbo a los Latin Grammy 2023\"}]},{\"@type\":\"WebSite\",\"@id\":\"http:\\\/\\\/unaymilletras.com\\\/#website\",\"url\":\"http:\\\/\\\/unaymilletras.com\\\/\",\"name\":\"Una y Mil Letras\",\"description\":\"\",\"publisher\":{\"@id\":\"http:\\\/\\\/unaymilletras.com\\\/#organization\"},\"potentialAction\":[{\"@type\":\"SearchAction\",\"target\":{\"@type\":\"EntryPoint\",\"urlTemplate\":\"http:\\\/\\\/unaymilletras.com\\\/?s={search_term_string}\"},\"query-input\":{\"@type\":\"PropertyValueSpecification\",\"valueRequired\":true,\"valueName\":\"search_term_string\"}}],\"inLanguage\":\"en-GB\"},{\"@type\":\"Organization\",\"@id\":\"http:\\\/\\\/unaymilletras.com\\\/#organization\",\"name\":\"Una y Mil Letras\",\"url\":\"http:\\\/\\\/unaymilletras.com\\\/\",\"logo\":{\"@type\":\"ImageObject\",\"inLanguage\":\"en-GB\",\"@id\":\"http:\\\/\\\/unaymilletras.com\\\/#\\\/schema\\\/logo\\\/image\\\/\",\"url\":\"https:\\\/\\\/unaymilletras.com\\\/wp-content\\\/uploads\\\/2024\\\/06\\\/cropped-Logo-removebg-preview.png\",\"contentUrl\":\"https:\\\/\\\/unaymilletras.com\\\/wp-content\\\/uploads\\\/2024\\\/06\\\/cropped-Logo-removebg-preview.png\",\"width\":512,\"height\":512,\"caption\":\"Una y Mil Letras\"},\"image\":{\"@id\":\"http:\\\/\\\/unaymilletras.com\\\/#\\\/schema\\\/logo\\\/image\\\/\"},\"sameAs\":[\"https:\\\/\\\/x.com\\\/UnaYMilLetras\",\"https:\\\/\\\/instagram.com\\\/UnaYMilLetras\"]},{\"@type\":\"Person\",\"@id\":\"http:\\\/\\\/unaymilletras.com\\\/#\\\/schema\\\/person\\\/d55ba681b8a4e463d8982dbe36a5dc94\",\"name\":\"Maria Gil Robledo\",\"image\":{\"@type\":\"ImageObject\",\"inLanguage\":\"en-GB\",\"@id\":\"https:\\\/\\\/secure.gravatar.com\\\/avatar\\\/4b8e5102e0015789407eb4870b12f0f2857952d83ca124058f92b764bd1840c3?s=96&d=mm&r=g\",\"url\":\"https:\\\/\\\/secure.gravatar.com\\\/avatar\\\/4b8e5102e0015789407eb4870b12f0f2857952d83ca124058f92b764bd1840c3?s=96&d=mm&r=g\",\"contentUrl\":\"https:\\\/\\\/secure.gravatar.com\\\/avatar\\\/4b8e5102e0015789407eb4870b12f0f2857952d83ca124058f92b764bd1840c3?s=96&d=mm&r=g\",\"caption\":\"Maria Gil Robledo\"},\"sameAs\":[\"http:\\\/\\\/unaymilletras.com\"],\"url\":\"https:\\\/\\\/unaymilletras.com\\\/en\\\/author\\\/mariiagiil02_\\\/\"}]}<\/script>\n<!-- \/ Yoast SEO plugin. -->","yoast_head_json":{"title":"Melim, Bryan Behr y Mumuzinho se sumergen en la cultura sevillana rumbo a los Latin Grammy 2023 &#8902; Una y Mil Letras","description":"Los artistas brasile\u00f1os exploran las calles de Sevilla, inmersos en la cultura local mientras se preparan para los Latin Grammy 2023","robots":{"index":"index","follow":"follow","max-snippet":"max-snippet:-1","max-image-preview":"max-image-preview:large","max-video-preview":"max-video-preview:-1"},"canonical":"https:\/\/unaymilletras.com\/en\/melim-bryan-behr-y-mumuzinho-se-sumergen-en-la-cultura-sevillana-rumbo-a-los-latin-grammy-2023\/","og_locale":"en_GB","og_type":"article","og_title":"Melim, Bryan Behr y Mumuzinho se sumergen en la cultura sevillana rumbo a los Latin Grammy 2023 &#8902; Una y Mil Letras","og_description":"Los artistas brasile\u00f1os exploran las calles de Sevilla, inmersos en la cultura local mientras se preparan para los Latin Grammy 2023","og_url":"https:\/\/unaymilletras.com\/en\/melim-bryan-behr-y-mumuzinho-se-sumergen-en-la-cultura-sevillana-rumbo-a-los-latin-grammy-2023\/","og_site_name":"Una y Mil Letras","article_published_time":"2023-11-15T22:30:00+00:00","article_modified_time":"2023-11-15T22:44:02+00:00","og_image":[{"width":768,"height":1024,"url":"http:\/\/unaymilletras.com\/wp-content\/uploads\/2023\/11\/Bryan-Behr3.jpg","type":"image\/jpeg"}],"author":"Maria Gil Robledo","twitter_card":"summary_large_image","twitter_creator":"@UnaYMilLetras","twitter_site":"@UnaYMilLetras","twitter_misc":{"Written by":"Maria Gil Robledo","Estimated reading time":"2 minutes"},"schema":{"@context":"https:\/\/schema.org","@graph":[{"@type":"Article","@id":"https:\/\/unaymilletras.com\/melim-bryan-behr-y-mumuzinho-se-sumergen-en-la-cultura-sevillana-rumbo-a-los-latin-grammy-2023\/#article","isPartOf":{"@id":"https:\/\/unaymilletras.com\/melim-bryan-behr-y-mumuzinho-se-sumergen-en-la-cultura-sevillana-rumbo-a-los-latin-grammy-2023\/"},"author":{"name":"Maria Gil Robledo","@id":"http:\/\/unaymilletras.com\/#\/schema\/person\/d55ba681b8a4e463d8982dbe36a5dc94"},"headline":"Melim, Bryan Behr y Mumuzinho se sumergen en la cultura sevillana rumbo a los Latin Grammy 2023","datePublished":"2023-11-15T22:30:00+00:00","dateModified":"2023-11-15T22:44:02+00:00","mainEntityOfPage":{"@id":"https:\/\/unaymilletras.com\/melim-bryan-behr-y-mumuzinho-se-sumergen-en-la-cultura-sevillana-rumbo-a-los-latin-grammy-2023\/"},"wordCount":285,"commentCount":0,"publisher":{"@id":"http:\/\/unaymilletras.com\/#organization"},"image":{"@id":"https:\/\/unaymilletras.com\/melim-bryan-behr-y-mumuzinho-se-sumergen-en-la-cultura-sevillana-rumbo-a-los-latin-grammy-2023\/#primaryimage"},"thumbnailUrl":"https:\/\/unaymilletras.com\/wp-content\/uploads\/2023\/11\/Bryan-Behr3.jpg","articleSection":["M\u00fasica"],"inLanguage":"en-GB","potentialAction":[{"@type":"CommentAction","name":"Comment","target":["https:\/\/unaymilletras.com\/melim-bryan-behr-y-mumuzinho-se-sumergen-en-la-cultura-sevillana-rumbo-a-los-latin-grammy-2023\/#respond"]}]},{"@type":"WebPage","@id":"https:\/\/unaymilletras.com\/melim-bryan-behr-y-mumuzinho-se-sumergen-en-la-cultura-sevillana-rumbo-a-los-latin-grammy-2023\/","url":"https:\/\/unaymilletras.com\/melim-bryan-behr-y-mumuzinho-se-sumergen-en-la-cultura-sevillana-rumbo-a-los-latin-grammy-2023\/","name":"Melim, Bryan Behr y Mumuzinho se sumergen en la cultura sevillana rumbo a los Latin Grammy 2023 &#8902; Una y Mil Letras","isPartOf":{"@id":"http:\/\/unaymilletras.com\/#website"},"primaryImageOfPage":{"@id":"https:\/\/unaymilletras.com\/melim-bryan-behr-y-mumuzinho-se-sumergen-en-la-cultura-sevillana-rumbo-a-los-latin-grammy-2023\/#primaryimage"},"image":{"@id":"https:\/\/unaymilletras.com\/melim-bryan-behr-y-mumuzinho-se-sumergen-en-la-cultura-sevillana-rumbo-a-los-latin-grammy-2023\/#primaryimage"},"thumbnailUrl":"https:\/\/unaymilletras.com\/wp-content\/uploads\/2023\/11\/Bryan-Behr3.jpg","datePublished":"2023-11-15T22:30:00+00:00","dateModified":"2023-11-15T22:44:02+00:00","description":"Los artistas brasile\u00f1os exploran las calles de Sevilla, inmersos en la cultura local mientras se preparan para los Latin Grammy 2023","breadcrumb":{"@id":"https:\/\/unaymilletras.com\/melim-bryan-behr-y-mumuzinho-se-sumergen-en-la-cultura-sevillana-rumbo-a-los-latin-grammy-2023\/#breadcrumb"},"inLanguage":"en-GB","potentialAction":[{"@type":"ReadAction","target":["https:\/\/unaymilletras.com\/melim-bryan-behr-y-mumuzinho-se-sumergen-en-la-cultura-sevillana-rumbo-a-los-latin-grammy-2023\/"]}]},{"@type":"ImageObject","inLanguage":"en-GB","@id":"https:\/\/unaymilletras.com\/melim-bryan-behr-y-mumuzinho-se-sumergen-en-la-cultura-sevillana-rumbo-a-los-latin-grammy-2023\/#primaryimage","url":"https:\/\/unaymilletras.com\/wp-content\/uploads\/2023\/11\/Bryan-Behr3.jpg","contentUrl":"https:\/\/unaymilletras.com\/wp-content\/uploads\/2023\/11\/Bryan-Behr3.jpg","width":768,"height":1024},{"@type":"BreadcrumbList","@id":"https:\/\/unaymilletras.com\/melim-bryan-behr-y-mumuzinho-se-sumergen-en-la-cultura-sevillana-rumbo-a-los-latin-grammy-2023\/#breadcrumb","itemListElement":[{"@type":"ListItem","position":1,"name":"Home","item":"http:\/\/unaymilletras.com\/"},{"@type":"ListItem","position":2,"name":"Melim, Bryan Behr y Mumuzinho se sumergen en la cultura sevillana rumbo a los Latin Grammy 2023"}]},{"@type":"WebSite","@id":"http:\/\/unaymilletras.com\/#website","url":"http:\/\/unaymilletras.com\/","name":"Una y Mil Letras","description":"","publisher":{"@id":"http:\/\/unaymilletras.com\/#organization"},"potentialAction":[{"@type":"SearchAction","target":{"@type":"EntryPoint","urlTemplate":"http:\/\/unaymilletras.com\/?s={search_term_string}"},"query-input":{"@type":"PropertyValueSpecification","valueRequired":true,"valueName":"search_term_string"}}],"inLanguage":"en-GB"},{"@type":"Organization","@id":"http:\/\/unaymilletras.com\/#organization","name":"Una y Mil Letras","url":"http:\/\/unaymilletras.com\/","logo":{"@type":"ImageObject","inLanguage":"en-GB","@id":"http:\/\/unaymilletras.com\/#\/schema\/logo\/image\/","url":"https:\/\/unaymilletras.com\/wp-content\/uploads\/2024\/06\/cropped-Logo-removebg-preview.png","contentUrl":"https:\/\/unaymilletras.com\/wp-content\/uploads\/2024\/06\/cropped-Logo-removebg-preview.png","width":512,"height":512,"caption":"Una y Mil Letras"},"image":{"@id":"http:\/\/unaymilletras.com\/#\/schema\/logo\/image\/"},"sameAs":["https:\/\/x.com\/UnaYMilLetras","https:\/\/instagram.com\/UnaYMilLetras"]},{"@type":"Person","@id":"http:\/\/unaymilletras.com\/#\/schema\/person\/d55ba681b8a4e463d8982dbe36a5dc94","name":"Maria Gil Robledo","image":{"@type":"ImageObject","inLanguage":"en-GB","@id":"https:\/\/secure.gravatar.com\/avatar\/4b8e5102e0015789407eb4870b12f0f2857952d83ca124058f92b764bd1840c3?s=96&d=mm&r=g","url":"https:\/\/secure.gravatar.com\/avatar\/4b8e5102e0015789407eb4870b12f0f2857952d83ca124058f92b764bd1840c3?s=96&d=mm&r=g","contentUrl":"https:\/\/secure.gravatar.com\/avatar\/4b8e5102e0015789407eb4870b12f0f2857952d83ca124058f92b764bd1840c3?s=96&d=mm&r=g","caption":"Maria Gil Robledo"},"sameAs":["http:\/\/unaymilletras.com"],"url":"https:\/\/unaymilletras.com\/en\/author\/mariiagiil02_\/"}]}},"_links":{"self":[{"href":"https:\/\/unaymilletras.com\/en\/wp-json\/wp\/v2\/posts\/1553","targetHints":{"allow":["GET"]}}],"collection":[{"href":"https:\/\/unaymilletras.com\/en\/wp-json\/wp\/v2\/posts"}],"about":[{"href":"https:\/\/unaymilletras.com\/en\/wp-json\/wp\/v2\/types\/post"}],"author":[{"embeddable":true,"href":"https:\/\/unaymilletras.com\/en\/wp-json\/wp\/v2\/users\/1"}],"replies":[{"embeddable":true,"href":"https:\/\/unaymilletras.com\/en\/wp-json\/wp\/v2\/comments?post=1553"}],"version-history":[{"count":5,"href":"https:\/\/unaymilletras.com\/en\/wp-json\/wp\/v2\/posts\/1553\/revisions"}],"predecessor-version":[{"id":1561,"href":"https:\/\/unaymilletras.com\/en\/wp-json\/wp\/v2\/posts\/1553\/revisions\/1561"}],"wp:featuredmedia":[{"embeddable":true,"href":"https:\/\/unaymilletras.com\/en\/wp-json\/wp\/v2\/media\/1557"}],"wp:attachment":[{"href":"https:\/\/unaymilletras.com\/en\/wp-json\/wp\/v2\/media?parent=1553"}],"wp:term":[{"taxonomy":"category","embeddable":true,"href":"https:\/\/unaymilletras.com\/en\/wp-json\/wp\/v2\/categories?post=1553"},{"taxonomy":"post_tag","embeddable":true,"href":"https:\/\/unaymilletras.com\/en\/wp-json\/wp\/v2\/tags?post=1553"}],"curies":[{"name":"wp","href":"https:\/\/api.w.org\/{rel}","templated":true}]}}