{"id":1562,"date":"2023-11-17T00:16:20","date_gmt":"2023-11-16T23:16:20","guid":{"rendered":"https:\/\/unaymilletras.com\/?p=1562"},"modified":"2023-11-17T00:19:05","modified_gmt":"2023-11-16T23:19:05","slug":"aitana-alpha-house-la-fiesta-que-lleno-de-energia-a-sevilla-dentro-de-la-santalucia-universal-music-week","status":"publish","type":"post","link":"https:\/\/unaymilletras.com\/en\/aitana-alpha-house-la-fiesta-que-lleno-de-energia-a-sevilla-dentro-de-la-santalucia-universal-music-week\/","title":{"rendered":"Aitana Alpha House: la fiesta que llen\u00f3 de energ\u00eda a Sevilla dentro de la Santaluc\u00eda Universal Music Week"},"content":{"rendered":"<div data-elementor-type=\"wp-post\" data-elementor-id=\"1562\" class=\"elementor elementor-1562\">\n\t\t\t\t\t\t<section class=\"elementor-section elementor-top-section elementor-element elementor-element-9c29894 elementor-section-boxed elementor-section-height-default elementor-section-height-default\" data-id=\"9c29894\" data-element_type=\"section\" data-e-type=\"section\">\n\t\t\t\t\t\t<div class=\"elementor-container elementor-column-gap-default\">\n\t\t\t\t\t<div class=\"elementor-column elementor-col-100 elementor-top-column elementor-element elementor-element-b8ef14e\" data-id=\"b8ef14e\" data-element_type=\"column\" data-e-type=\"column\">\n\t\t\t<div class=\"elementor-widget-wrap elementor-element-populated\">\n\t\t\t\t\t\t<div class=\"elementor-element elementor-element-689332f elementor-widget elementor-widget-text-editor\" data-id=\"689332f\" data-element_type=\"widget\" data-e-type=\"widget\" data-widget_type=\"text-editor.default\">\n\t\t\t\t<div class=\"elementor-widget-container\">\n\t\t\t\t\t\t\t\t\t<h2><span style=\"color: #808080;\"><em>La DJ session de Aitana se convierte en un evento sin igual consolid\u00e1ndose&nbsp; como la princesa del pop espa\u00f1ol<\/em><\/span><\/h2>\t\t\t\t\t\t\t\t<\/div>\n\t\t\t\t<\/div>\n\t\t\t\t\t<\/div>\n\t\t<\/div>\n\t\t\t\t\t<\/div>\n\t\t<\/section>\n\t\t\t\t<section class=\"elementor-section elementor-top-section elementor-element elementor-element-7bc2305 elementor-section-boxed elementor-section-height-default elementor-section-height-default\" data-id=\"7bc2305\" data-element_type=\"section\" data-e-type=\"section\">\n\t\t\t\t\t\t<div class=\"elementor-container elementor-column-gap-default\">\n\t\t\t\t\t<div class=\"elementor-column elementor-col-100 elementor-top-column elementor-element elementor-element-a88e4b2\" data-id=\"a88e4b2\" data-element_type=\"column\" data-e-type=\"column\">\n\t\t\t<div class=\"elementor-widget-wrap elementor-element-populated\">\n\t\t\t\t\t\t<div class=\"elementor-element elementor-element-6c8400b elementor-widget elementor-widget-text-editor\" data-id=\"6c8400b\" data-element_type=\"widget\" data-e-type=\"widget\" data-widget_type=\"text-editor.default\">\n\t\t\t\t<div class=\"elementor-widget-container\">\n\t\t\t\t\t\t\t\t\t<p>En el coraz\u00f3n de<span style=\"color: #808080;\"> la\u00a0<b><a style=\"color: #808080;\" href=\"http:\/\/santaluciauniversalmusicweek.com\">Santaluc\u00eda Universal Music Week<\/a><\/b>, la<\/span> sala <b>Antique Theatro<\/b> de <b>Sevilla<\/b> fue el epicentro de un evento sin precedentes: <strong>Aitana<\/strong> en <b>Alpha House<\/b>. Esta DJ session exclusiva se erigi\u00f3 como el acontecimiento m\u00e1s codiciado antes de la entrega de los Latin Grammy, agotando sus entradas en tiempo r\u00e9cord y reafirmando la influencia de la nueva princesa del pop espa\u00f1ol.<\/p>\t\t\t\t\t\t\t\t<\/div>\n\t\t\t\t<\/div>\n\t\t\t\t\t<\/div>\n\t\t<\/div>\n\t\t\t\t\t<\/div>\n\t\t<\/section>\n\t\t\t\t<section class=\"elementor-section elementor-top-section elementor-element elementor-element-08d32a9 elementor-section-boxed elementor-section-height-default elementor-section-height-default\" data-id=\"08d32a9\" data-element_type=\"section\" data-e-type=\"section\">\n\t\t\t\t\t\t<div class=\"elementor-container elementor-column-gap-default\">\n\t\t\t\t\t<div class=\"elementor-column elementor-col-100 elementor-top-column elementor-element elementor-element-6cd5adf\" data-id=\"6cd5adf\" data-element_type=\"column\" data-e-type=\"column\">\n\t\t\t<div class=\"elementor-widget-wrap elementor-element-populated\">\n\t\t\t\t\t\t<div class=\"elementor-element elementor-element-59c69d8 elementor-widget elementor-widget-image\" data-id=\"59c69d8\" data-element_type=\"widget\" data-e-type=\"widget\" data-widget_type=\"image.default\">\n\t\t\t\t<div class=\"elementor-widget-container\">\n\t\t\t\t\t\t\t\t\t\t\t\t\t\t\t<img fetchpriority=\"high\" decoding=\"async\" width=\"640\" height=\"644\" src=\"https:\/\/unaymilletras.com\/wp-content\/uploads\/2023\/11\/image-2.jpg\" class=\"attachment-large size-large wp-image-1565\" alt=\"Aitana\" srcset=\"https:\/\/unaymilletras.com\/wp-content\/uploads\/2023\/11\/image-2.jpg 792w, https:\/\/unaymilletras.com\/wp-content\/uploads\/2023\/11\/image-2-298x300.jpg 298w, https:\/\/unaymilletras.com\/wp-content\/uploads\/2023\/11\/image-2-150x150.jpg 150w, https:\/\/unaymilletras.com\/wp-content\/uploads\/2023\/11\/image-2-768x773.jpg 768w\" sizes=\"(max-width: 640px) 100vw, 640px\" \/>\t\t\t\t\t\t\t\t\t\t\t\t\t\t\t<\/div>\n\t\t\t\t<\/div>\n\t\t\t\t\t<\/div>\n\t\t<\/div>\n\t\t\t\t\t<\/div>\n\t\t<\/section>\n\t\t\t\t<section class=\"elementor-section elementor-top-section elementor-element elementor-element-0195b4f elementor-section-boxed elementor-section-height-default elementor-section-height-default\" data-id=\"0195b4f\" data-element_type=\"section\" data-e-type=\"section\">\n\t\t\t\t\t\t<div class=\"elementor-container elementor-column-gap-default\">\n\t\t\t\t\t<div class=\"elementor-column elementor-col-100 elementor-top-column elementor-element elementor-element-ddf11cc\" data-id=\"ddf11cc\" data-element_type=\"column\" data-e-type=\"column\">\n\t\t\t<div class=\"elementor-widget-wrap elementor-element-populated\">\n\t\t\t\t\t\t<div class=\"elementor-element elementor-element-0a17d93 elementor-widget elementor-widget-text-editor\" data-id=\"0a17d93\" data-element_type=\"widget\" data-e-type=\"widget\" data-widget_type=\"text-editor.default\">\n\t\t\t\t<div class=\"elementor-widget-container\">\n\t\t\t\t\t\t\t\t\t<p>La <b>#alphacommunity<\/b>, la comunidad de seguidores de Aitana, se congreg\u00f3 para disfrutar de una noche \u00fanica. La artista, en el pin\u00e1culo de su carrera a nivel nacional e internacional, comparti\u00f3 su \u00fanica regla para la velada: <i>Dancing is Mandatory<\/i>&nbsp;(El baile es obligatorio) y <i>Remember to be wild<\/i>&nbsp;(Recuerda ser salvaje). Aitana logr\u00f3, con maestr\u00eda, lo m\u00e1s importante: eliminar la barrera que a veces separa al artista de su p\u00fablico, fusionando a todos en una experiencia inolvidable.<\/p>\n<p>M\u00e1s de 800 personas respondieron al llamado de Aitana, creando un ambiente de fiesta que super\u00f3 todas las expectativas. En Sevilla, la m\u00fasica, el baile y la conexi\u00f3n con la audiencia fueron los protagonistas, consolidando a\u00fan m\u00e1s la posici\u00f3n de Aitana como una figura destacada en el panorama musical.<\/p>\n<p>Con la Gala de los Grammy Latinos a la vuelta de la esquina, Sevilla se prepara para m\u00e1s emociones en el Santaluc\u00eda Universal Music Week. La Plaza de Espa\u00f1a cerrar\u00e1 esta semana de eventos con el esperado concierto de <strong>Antonio Orozco<\/strong>, prometiendo una culminaci\u00f3n \u00e9pica para los amantes de la m\u00fasica en directo.<\/p>\t\t\t\t\t\t\t\t<\/div>\n\t\t\t\t<\/div>\n\t\t\t\t\t<\/div>\n\t\t<\/div>\n\t\t\t\t\t<\/div>\n\t\t<\/section>\n\t\t\t\t<\/div>","protected":false},"excerpt":{"rendered":"<p>La DJ session de Aitana se convierte en un evento sin igual consolid\u00e1ndose&nbsp; como la princesa del pop espa\u00f1ol En el coraz\u00f3n de la&nbsp;Santaluc\u00eda Universal Music Week, la sala Antique Theatro de Sevilla fue el epicentro de un evento sin precedentes: Aitana en Alpha House. Esta DJ session exclusiva se erigi\u00f3 como el acontecimiento m\u00e1s [&hellip;]<\/p>\n","protected":false},"author":1,"featured_media":1565,"comment_status":"open","ping_status":"open","sticky":false,"template":"","format":"standard","meta":{"footnotes":""},"categories":[4],"tags":[],"class_list":["post-1562","post","type-post","status-publish","format-standard","has-post-thumbnail","hentry","category-musica"],"yoast_head":"<!-- This site is optimized with the Yoast SEO plugin v27.4 - https:\/\/yoast.com\/product\/yoast-seo-wordpress\/ -->\n<title>Aitana Alpha House: la fiesta que llen\u00f3 de energ\u00eda a Sevilla dentro de la Santaluc\u00eda Universal Music Week &#8902; Una y Mil Letras<\/title>\n<meta name=\"description\" content=\"La DJ session de Aitana se convierte en un evento sin igual consolid\u00e1ndose como la princesa del pop espa\u00f1ol\" \/>\n<meta name=\"robots\" content=\"index, follow, max-snippet:-1, max-image-preview:large, max-video-preview:-1\" \/>\n<link rel=\"canonical\" href=\"https:\/\/unaymilletras.com\/en\/aitana-alpha-house-la-fiesta-que-lleno-de-energia-a-sevilla-dentro-de-la-santalucia-universal-music-week\/\" \/>\n<meta property=\"og:locale\" content=\"en_GB\" \/>\n<meta property=\"og:type\" content=\"article\" \/>\n<meta property=\"og:title\" content=\"Aitana Alpha House: la fiesta que llen\u00f3 de energ\u00eda a Sevilla dentro de la Santaluc\u00eda Universal Music Week &#8902; Una y Mil Letras\" \/>\n<meta property=\"og:description\" content=\"La DJ session de Aitana se convierte en un evento sin igual consolid\u00e1ndose como la princesa del pop espa\u00f1ol\" \/>\n<meta property=\"og:url\" content=\"https:\/\/unaymilletras.com\/en\/aitana-alpha-house-la-fiesta-que-lleno-de-energia-a-sevilla-dentro-de-la-santalucia-universal-music-week\/\" \/>\n<meta property=\"og:site_name\" content=\"Una y Mil Letras\" \/>\n<meta property=\"article:published_time\" content=\"2023-11-16T23:16:20+00:00\" \/>\n<meta property=\"article:modified_time\" content=\"2023-11-16T23:19:05+00:00\" \/>\n<meta property=\"og:image\" content=\"http:\/\/unaymilletras.com\/wp-content\/uploads\/2023\/11\/image-2.jpg\" \/>\n\t<meta property=\"og:image:width\" content=\"792\" \/>\n\t<meta property=\"og:image:height\" content=\"797\" \/>\n\t<meta property=\"og:image:type\" content=\"image\/jpeg\" \/>\n<meta name=\"author\" content=\"Maria Gil Robledo\" \/>\n<meta name=\"twitter:card\" content=\"summary_large_image\" \/>\n<meta name=\"twitter:creator\" content=\"@UnaYMilLetras\" \/>\n<meta name=\"twitter:site\" content=\"@UnaYMilLetras\" \/>\n<meta name=\"twitter:label1\" content=\"Written by\" \/>\n\t<meta name=\"twitter:data1\" content=\"Maria Gil Robledo\" \/>\n\t<meta name=\"twitter:label2\" content=\"Estimated reading time\" \/>\n\t<meta name=\"twitter:data2\" content=\"2 minutes\" \/>\n<script type=\"application\/ld+json\" class=\"yoast-schema-graph\">{\"@context\":\"https:\\\/\\\/schema.org\",\"@graph\":[{\"@type\":\"Article\",\"@id\":\"https:\\\/\\\/unaymilletras.com\\\/aitana-alpha-house-la-fiesta-que-lleno-de-energia-a-sevilla-dentro-de-la-santalucia-universal-music-week\\\/#article\",\"isPartOf\":{\"@id\":\"https:\\\/\\\/unaymilletras.com\\\/aitana-alpha-house-la-fiesta-que-lleno-de-energia-a-sevilla-dentro-de-la-santalucia-universal-music-week\\\/\"},\"author\":{\"name\":\"Maria Gil Robledo\",\"@id\":\"http:\\\/\\\/unaymilletras.com\\\/#\\\/schema\\\/person\\\/d55ba681b8a4e463d8982dbe36a5dc94\"},\"headline\":\"Aitana Alpha House: la fiesta que llen\u00f3 de energ\u00eda a Sevilla dentro de la Santaluc\u00eda Universal Music Week\",\"datePublished\":\"2023-11-16T23:16:20+00:00\",\"dateModified\":\"2023-11-16T23:19:05+00:00\",\"mainEntityOfPage\":{\"@id\":\"https:\\\/\\\/unaymilletras.com\\\/aitana-alpha-house-la-fiesta-que-lleno-de-energia-a-sevilla-dentro-de-la-santalucia-universal-music-week\\\/\"},\"wordCount\":304,\"commentCount\":0,\"publisher\":{\"@id\":\"http:\\\/\\\/unaymilletras.com\\\/#organization\"},\"image\":{\"@id\":\"https:\\\/\\\/unaymilletras.com\\\/aitana-alpha-house-la-fiesta-que-lleno-de-energia-a-sevilla-dentro-de-la-santalucia-universal-music-week\\\/#primaryimage\"},\"thumbnailUrl\":\"https:\\\/\\\/unaymilletras.com\\\/wp-content\\\/uploads\\\/2023\\\/11\\\/image-2.jpg\",\"articleSection\":[\"M\u00fasica\"],\"inLanguage\":\"en-GB\",\"potentialAction\":[{\"@type\":\"CommentAction\",\"name\":\"Comment\",\"target\":[\"https:\\\/\\\/unaymilletras.com\\\/aitana-alpha-house-la-fiesta-que-lleno-de-energia-a-sevilla-dentro-de-la-santalucia-universal-music-week\\\/#respond\"]}]},{\"@type\":\"WebPage\",\"@id\":\"https:\\\/\\\/unaymilletras.com\\\/aitana-alpha-house-la-fiesta-que-lleno-de-energia-a-sevilla-dentro-de-la-santalucia-universal-music-week\\\/\",\"url\":\"https:\\\/\\\/unaymilletras.com\\\/aitana-alpha-house-la-fiesta-que-lleno-de-energia-a-sevilla-dentro-de-la-santalucia-universal-music-week\\\/\",\"name\":\"Aitana Alpha House: la fiesta que llen\u00f3 de energ\u00eda a Sevilla dentro de la Santaluc\u00eda Universal Music Week &#8902; Una y Mil Letras\",\"isPartOf\":{\"@id\":\"http:\\\/\\\/unaymilletras.com\\\/#website\"},\"primaryImageOfPage\":{\"@id\":\"https:\\\/\\\/unaymilletras.com\\\/aitana-alpha-house-la-fiesta-que-lleno-de-energia-a-sevilla-dentro-de-la-santalucia-universal-music-week\\\/#primaryimage\"},\"image\":{\"@id\":\"https:\\\/\\\/unaymilletras.com\\\/aitana-alpha-house-la-fiesta-que-lleno-de-energia-a-sevilla-dentro-de-la-santalucia-universal-music-week\\\/#primaryimage\"},\"thumbnailUrl\":\"https:\\\/\\\/unaymilletras.com\\\/wp-content\\\/uploads\\\/2023\\\/11\\\/image-2.jpg\",\"datePublished\":\"2023-11-16T23:16:20+00:00\",\"dateModified\":\"2023-11-16T23:19:05+00:00\",\"description\":\"La DJ session de Aitana se convierte en un evento sin igual consolid\u00e1ndose como la princesa del pop espa\u00f1ol\",\"breadcrumb\":{\"@id\":\"https:\\\/\\\/unaymilletras.com\\\/aitana-alpha-house-la-fiesta-que-lleno-de-energia-a-sevilla-dentro-de-la-santalucia-universal-music-week\\\/#breadcrumb\"},\"inLanguage\":\"en-GB\",\"potentialAction\":[{\"@type\":\"ReadAction\",\"target\":[\"https:\\\/\\\/unaymilletras.com\\\/aitana-alpha-house-la-fiesta-que-lleno-de-energia-a-sevilla-dentro-de-la-santalucia-universal-music-week\\\/\"]}]},{\"@type\":\"ImageObject\",\"inLanguage\":\"en-GB\",\"@id\":\"https:\\\/\\\/unaymilletras.com\\\/aitana-alpha-house-la-fiesta-que-lleno-de-energia-a-sevilla-dentro-de-la-santalucia-universal-music-week\\\/#primaryimage\",\"url\":\"https:\\\/\\\/unaymilletras.com\\\/wp-content\\\/uploads\\\/2023\\\/11\\\/image-2.jpg\",\"contentUrl\":\"https:\\\/\\\/unaymilletras.com\\\/wp-content\\\/uploads\\\/2023\\\/11\\\/image-2.jpg\",\"width\":792,\"height\":797,\"caption\":\"Aitana\"},{\"@type\":\"BreadcrumbList\",\"@id\":\"https:\\\/\\\/unaymilletras.com\\\/aitana-alpha-house-la-fiesta-que-lleno-de-energia-a-sevilla-dentro-de-la-santalucia-universal-music-week\\\/#breadcrumb\",\"itemListElement\":[{\"@type\":\"ListItem\",\"position\":1,\"name\":\"Home\",\"item\":\"http:\\\/\\\/unaymilletras.com\\\/\"},{\"@type\":\"ListItem\",\"position\":2,\"name\":\"Aitana Alpha House: la fiesta que llen\u00f3 de energ\u00eda a Sevilla dentro de la Santaluc\u00eda Universal Music Week\"}]},{\"@type\":\"WebSite\",\"@id\":\"http:\\\/\\\/unaymilletras.com\\\/#website\",\"url\":\"http:\\\/\\\/unaymilletras.com\\\/\",\"name\":\"Una y Mil Letras\",\"description\":\"\",\"publisher\":{\"@id\":\"http:\\\/\\\/unaymilletras.com\\\/#organization\"},\"potentialAction\":[{\"@type\":\"SearchAction\",\"target\":{\"@type\":\"EntryPoint\",\"urlTemplate\":\"http:\\\/\\\/unaymilletras.com\\\/?s={search_term_string}\"},\"query-input\":{\"@type\":\"PropertyValueSpecification\",\"valueRequired\":true,\"valueName\":\"search_term_string\"}}],\"inLanguage\":\"en-GB\"},{\"@type\":\"Organization\",\"@id\":\"http:\\\/\\\/unaymilletras.com\\\/#organization\",\"name\":\"Una y Mil Letras\",\"url\":\"http:\\\/\\\/unaymilletras.com\\\/\",\"logo\":{\"@type\":\"ImageObject\",\"inLanguage\":\"en-GB\",\"@id\":\"http:\\\/\\\/unaymilletras.com\\\/#\\\/schema\\\/logo\\\/image\\\/\",\"url\":\"https:\\\/\\\/unaymilletras.com\\\/wp-content\\\/uploads\\\/2024\\\/06\\\/cropped-Logo-removebg-preview.png\",\"contentUrl\":\"https:\\\/\\\/unaymilletras.com\\\/wp-content\\\/uploads\\\/2024\\\/06\\\/cropped-Logo-removebg-preview.png\",\"width\":512,\"height\":512,\"caption\":\"Una y Mil Letras\"},\"image\":{\"@id\":\"http:\\\/\\\/unaymilletras.com\\\/#\\\/schema\\\/logo\\\/image\\\/\"},\"sameAs\":[\"https:\\\/\\\/x.com\\\/UnaYMilLetras\",\"https:\\\/\\\/instagram.com\\\/UnaYMilLetras\"]},{\"@type\":\"Person\",\"@id\":\"http:\\\/\\\/unaymilletras.com\\\/#\\\/schema\\\/person\\\/d55ba681b8a4e463d8982dbe36a5dc94\",\"name\":\"Maria Gil Robledo\",\"image\":{\"@type\":\"ImageObject\",\"inLanguage\":\"en-GB\",\"@id\":\"https:\\\/\\\/secure.gravatar.com\\\/avatar\\\/4b8e5102e0015789407eb4870b12f0f2857952d83ca124058f92b764bd1840c3?s=96&d=mm&r=g\",\"url\":\"https:\\\/\\\/secure.gravatar.com\\\/avatar\\\/4b8e5102e0015789407eb4870b12f0f2857952d83ca124058f92b764bd1840c3?s=96&d=mm&r=g\",\"contentUrl\":\"https:\\\/\\\/secure.gravatar.com\\\/avatar\\\/4b8e5102e0015789407eb4870b12f0f2857952d83ca124058f92b764bd1840c3?s=96&d=mm&r=g\",\"caption\":\"Maria Gil Robledo\"},\"sameAs\":[\"http:\\\/\\\/unaymilletras.com\"],\"url\":\"https:\\\/\\\/unaymilletras.com\\\/en\\\/author\\\/mariiagiil02_\\\/\"}]}<\/script>\n<!-- \/ Yoast SEO plugin. -->","yoast_head_json":{"title":"Aitana Alpha House: la fiesta que llen\u00f3 de energ\u00eda a Sevilla dentro de la Santaluc\u00eda Universal Music Week &#8902; Una y Mil Letras","description":"La DJ session de Aitana se convierte en un evento sin igual consolid\u00e1ndose como la princesa del pop espa\u00f1ol","robots":{"index":"index","follow":"follow","max-snippet":"max-snippet:-1","max-image-preview":"max-image-preview:large","max-video-preview":"max-video-preview:-1"},"canonical":"https:\/\/unaymilletras.com\/en\/aitana-alpha-house-la-fiesta-que-lleno-de-energia-a-sevilla-dentro-de-la-santalucia-universal-music-week\/","og_locale":"en_GB","og_type":"article","og_title":"Aitana Alpha House: la fiesta que llen\u00f3 de energ\u00eda a Sevilla dentro de la Santaluc\u00eda Universal Music Week &#8902; Una y Mil Letras","og_description":"La DJ session de Aitana se convierte en un evento sin igual consolid\u00e1ndose como la princesa del pop espa\u00f1ol","og_url":"https:\/\/unaymilletras.com\/en\/aitana-alpha-house-la-fiesta-que-lleno-de-energia-a-sevilla-dentro-de-la-santalucia-universal-music-week\/","og_site_name":"Una y Mil Letras","article_published_time":"2023-11-16T23:16:20+00:00","article_modified_time":"2023-11-16T23:19:05+00:00","og_image":[{"width":792,"height":797,"url":"http:\/\/unaymilletras.com\/wp-content\/uploads\/2023\/11\/image-2.jpg","type":"image\/jpeg"}],"author":"Maria Gil Robledo","twitter_card":"summary_large_image","twitter_creator":"@UnaYMilLetras","twitter_site":"@UnaYMilLetras","twitter_misc":{"Written by":"Maria Gil Robledo","Estimated reading time":"2 minutes"},"schema":{"@context":"https:\/\/schema.org","@graph":[{"@type":"Article","@id":"https:\/\/unaymilletras.com\/aitana-alpha-house-la-fiesta-que-lleno-de-energia-a-sevilla-dentro-de-la-santalucia-universal-music-week\/#article","isPartOf":{"@id":"https:\/\/unaymilletras.com\/aitana-alpha-house-la-fiesta-que-lleno-de-energia-a-sevilla-dentro-de-la-santalucia-universal-music-week\/"},"author":{"name":"Maria Gil Robledo","@id":"http:\/\/unaymilletras.com\/#\/schema\/person\/d55ba681b8a4e463d8982dbe36a5dc94"},"headline":"Aitana Alpha House: la fiesta que llen\u00f3 de energ\u00eda a Sevilla dentro de la Santaluc\u00eda Universal Music Week","datePublished":"2023-11-16T23:16:20+00:00","dateModified":"2023-11-16T23:19:05+00:00","mainEntityOfPage":{"@id":"https:\/\/unaymilletras.com\/aitana-alpha-house-la-fiesta-que-lleno-de-energia-a-sevilla-dentro-de-la-santalucia-universal-music-week\/"},"wordCount":304,"commentCount":0,"publisher":{"@id":"http:\/\/unaymilletras.com\/#organization"},"image":{"@id":"https:\/\/unaymilletras.com\/aitana-alpha-house-la-fiesta-que-lleno-de-energia-a-sevilla-dentro-de-la-santalucia-universal-music-week\/#primaryimage"},"thumbnailUrl":"https:\/\/unaymilletras.com\/wp-content\/uploads\/2023\/11\/image-2.jpg","articleSection":["M\u00fasica"],"inLanguage":"en-GB","potentialAction":[{"@type":"CommentAction","name":"Comment","target":["https:\/\/unaymilletras.com\/aitana-alpha-house-la-fiesta-que-lleno-de-energia-a-sevilla-dentro-de-la-santalucia-universal-music-week\/#respond"]}]},{"@type":"WebPage","@id":"https:\/\/unaymilletras.com\/aitana-alpha-house-la-fiesta-que-lleno-de-energia-a-sevilla-dentro-de-la-santalucia-universal-music-week\/","url":"https:\/\/unaymilletras.com\/aitana-alpha-house-la-fiesta-que-lleno-de-energia-a-sevilla-dentro-de-la-santalucia-universal-music-week\/","name":"Aitana Alpha House: la fiesta que llen\u00f3 de energ\u00eda a Sevilla dentro de la Santaluc\u00eda Universal Music Week &#8902; Una y Mil Letras","isPartOf":{"@id":"http:\/\/unaymilletras.com\/#website"},"primaryImageOfPage":{"@id":"https:\/\/unaymilletras.com\/aitana-alpha-house-la-fiesta-que-lleno-de-energia-a-sevilla-dentro-de-la-santalucia-universal-music-week\/#primaryimage"},"image":{"@id":"https:\/\/unaymilletras.com\/aitana-alpha-house-la-fiesta-que-lleno-de-energia-a-sevilla-dentro-de-la-santalucia-universal-music-week\/#primaryimage"},"thumbnailUrl":"https:\/\/unaymilletras.com\/wp-content\/uploads\/2023\/11\/image-2.jpg","datePublished":"2023-11-16T23:16:20+00:00","dateModified":"2023-11-16T23:19:05+00:00","description":"La DJ session de Aitana se convierte en un evento sin igual consolid\u00e1ndose como la princesa del pop espa\u00f1ol","breadcrumb":{"@id":"https:\/\/unaymilletras.com\/aitana-alpha-house-la-fiesta-que-lleno-de-energia-a-sevilla-dentro-de-la-santalucia-universal-music-week\/#breadcrumb"},"inLanguage":"en-GB","potentialAction":[{"@type":"ReadAction","target":["https:\/\/unaymilletras.com\/aitana-alpha-house-la-fiesta-que-lleno-de-energia-a-sevilla-dentro-de-la-santalucia-universal-music-week\/"]}]},{"@type":"ImageObject","inLanguage":"en-GB","@id":"https:\/\/unaymilletras.com\/aitana-alpha-house-la-fiesta-que-lleno-de-energia-a-sevilla-dentro-de-la-santalucia-universal-music-week\/#primaryimage","url":"https:\/\/unaymilletras.com\/wp-content\/uploads\/2023\/11\/image-2.jpg","contentUrl":"https:\/\/unaymilletras.com\/wp-content\/uploads\/2023\/11\/image-2.jpg","width":792,"height":797,"caption":"Aitana"},{"@type":"BreadcrumbList","@id":"https:\/\/unaymilletras.com\/aitana-alpha-house-la-fiesta-que-lleno-de-energia-a-sevilla-dentro-de-la-santalucia-universal-music-week\/#breadcrumb","itemListElement":[{"@type":"ListItem","position":1,"name":"Home","item":"http:\/\/unaymilletras.com\/"},{"@type":"ListItem","position":2,"name":"Aitana Alpha House: la fiesta que llen\u00f3 de energ\u00eda a Sevilla dentro de la Santaluc\u00eda Universal Music Week"}]},{"@type":"WebSite","@id":"http:\/\/unaymilletras.com\/#website","url":"http:\/\/unaymilletras.com\/","name":"Una y Mil Letras","description":"","publisher":{"@id":"http:\/\/unaymilletras.com\/#organization"},"potentialAction":[{"@type":"SearchAction","target":{"@type":"EntryPoint","urlTemplate":"http:\/\/unaymilletras.com\/?s={search_term_string}"},"query-input":{"@type":"PropertyValueSpecification","valueRequired":true,"valueName":"search_term_string"}}],"inLanguage":"en-GB"},{"@type":"Organization","@id":"http:\/\/unaymilletras.com\/#organization","name":"Una y Mil Letras","url":"http:\/\/unaymilletras.com\/","logo":{"@type":"ImageObject","inLanguage":"en-GB","@id":"http:\/\/unaymilletras.com\/#\/schema\/logo\/image\/","url":"https:\/\/unaymilletras.com\/wp-content\/uploads\/2024\/06\/cropped-Logo-removebg-preview.png","contentUrl":"https:\/\/unaymilletras.com\/wp-content\/uploads\/2024\/06\/cropped-Logo-removebg-preview.png","width":512,"height":512,"caption":"Una y Mil Letras"},"image":{"@id":"http:\/\/unaymilletras.com\/#\/schema\/logo\/image\/"},"sameAs":["https:\/\/x.com\/UnaYMilLetras","https:\/\/instagram.com\/UnaYMilLetras"]},{"@type":"Person","@id":"http:\/\/unaymilletras.com\/#\/schema\/person\/d55ba681b8a4e463d8982dbe36a5dc94","name":"Maria Gil Robledo","image":{"@type":"ImageObject","inLanguage":"en-GB","@id":"https:\/\/secure.gravatar.com\/avatar\/4b8e5102e0015789407eb4870b12f0f2857952d83ca124058f92b764bd1840c3?s=96&d=mm&r=g","url":"https:\/\/secure.gravatar.com\/avatar\/4b8e5102e0015789407eb4870b12f0f2857952d83ca124058f92b764bd1840c3?s=96&d=mm&r=g","contentUrl":"https:\/\/secure.gravatar.com\/avatar\/4b8e5102e0015789407eb4870b12f0f2857952d83ca124058f92b764bd1840c3?s=96&d=mm&r=g","caption":"Maria Gil Robledo"},"sameAs":["http:\/\/unaymilletras.com"],"url":"https:\/\/unaymilletras.com\/en\/author\/mariiagiil02_\/"}]}},"_links":{"self":[{"href":"https:\/\/unaymilletras.com\/en\/wp-json\/wp\/v2\/posts\/1562","targetHints":{"allow":["GET"]}}],"collection":[{"href":"https:\/\/unaymilletras.com\/en\/wp-json\/wp\/v2\/posts"}],"about":[{"href":"https:\/\/unaymilletras.com\/en\/wp-json\/wp\/v2\/types\/post"}],"author":[{"embeddable":true,"href":"https:\/\/unaymilletras.com\/en\/wp-json\/wp\/v2\/users\/1"}],"replies":[{"embeddable":true,"href":"https:\/\/unaymilletras.com\/en\/wp-json\/wp\/v2\/comments?post=1562"}],"version-history":[{"count":5,"href":"https:\/\/unaymilletras.com\/en\/wp-json\/wp\/v2\/posts\/1562\/revisions"}],"predecessor-version":[{"id":1568,"href":"https:\/\/unaymilletras.com\/en\/wp-json\/wp\/v2\/posts\/1562\/revisions\/1568"}],"wp:featuredmedia":[{"embeddable":true,"href":"https:\/\/unaymilletras.com\/en\/wp-json\/wp\/v2\/media\/1565"}],"wp:attachment":[{"href":"https:\/\/unaymilletras.com\/en\/wp-json\/wp\/v2\/media?parent=1562"}],"wp:term":[{"taxonomy":"category","embeddable":true,"href":"https:\/\/unaymilletras.com\/en\/wp-json\/wp\/v2\/categories?post=1562"},{"taxonomy":"post_tag","embeddable":true,"href":"https:\/\/unaymilletras.com\/en\/wp-json\/wp\/v2\/tags?post=1562"}],"curies":[{"name":"wp","href":"https:\/\/api.w.org\/{rel}","templated":true}]}}