{"id":1569,"date":"2023-11-17T20:47:54","date_gmt":"2023-11-17T19:47:54","guid":{"rendered":"https:\/\/unaymilletras.com\/?p=1569"},"modified":"2023-11-17T22:00:54","modified_gmt":"2023-11-17T21:00:54","slug":"ozuna-estrena-su-esperado-cosmo","status":"publish","type":"post","link":"https:\/\/unaymilletras.com\/en\/ozuna-estrena-su-esperado-cosmo\/","title":{"rendered":"Ozuna estrena su esperado COSMO"},"content":{"rendered":"<div data-elementor-type=\"wp-post\" data-elementor-id=\"1569\" class=\"elementor elementor-1569\">\n\t\t\t\t\t\t<section class=\"elementor-section elementor-top-section elementor-element elementor-element-f7e38bc elementor-section-boxed elementor-section-height-default elementor-section-height-default\" data-id=\"f7e38bc\" data-element_type=\"section\" data-e-type=\"section\">\n\t\t\t\t\t\t<div class=\"elementor-container elementor-column-gap-default\">\n\t\t\t\t\t<div class=\"elementor-column elementor-col-100 elementor-top-column elementor-element elementor-element-4795d3b\" data-id=\"4795d3b\" data-element_type=\"column\" data-e-type=\"column\">\n\t\t\t<div class=\"elementor-widget-wrap elementor-element-populated\">\n\t\t\t\t\t\t<div class=\"elementor-element elementor-element-256e83d elementor-widget elementor-widget-text-editor\" data-id=\"256e83d\" data-element_type=\"widget\" data-e-type=\"widget\" data-widget_type=\"text-editor.default\">\n\t\t\t\t<div class=\"elementor-widget-container\">\n\t\t\t\t\t\t\t\t\t<h2><span style=\"color: #808080;\"><em>\u201cVocation\u201d el sencillo principal del disco fue interpretado ayer por Ozuna y David Getta en los Latin Grammy <\/em><\/span><\/h2>\t\t\t\t\t\t\t\t<\/div>\n\t\t\t\t<\/div>\n\t\t\t\t\t<\/div>\n\t\t<\/div>\n\t\t\t\t\t<\/div>\n\t\t<\/section>\n\t\t\t\t<section class=\"elementor-section elementor-top-section elementor-element elementor-element-6133807 elementor-section-boxed elementor-section-height-default elementor-section-height-default\" data-id=\"6133807\" data-element_type=\"section\" data-e-type=\"section\">\n\t\t\t\t\t\t<div class=\"elementor-container elementor-column-gap-default\">\n\t\t\t\t\t<div class=\"elementor-column elementor-col-100 elementor-top-column elementor-element elementor-element-f85d25a\" data-id=\"f85d25a\" data-element_type=\"column\" data-e-type=\"column\">\n\t\t\t<div class=\"elementor-widget-wrap elementor-element-populated\">\n\t\t\t\t\t\t<div class=\"elementor-element elementor-element-7ca15c3 elementor-widget elementor-widget-text-editor\" data-id=\"7ca15c3\" data-element_type=\"widget\" data-e-type=\"widget\" data-widget_type=\"text-editor.default\">\n\t\t\t\t<div class=\"elementor-widget-container\">\n\t\t\t\t\t\t\t\t\t<p><span style=\"color: #808080;\"><strong><em><a style=\"color: #808080;\" href=\"https:\/\/open.spotify.com\/intl-es\/album\/3nEa7WJXcruywRIZXu6qRE?si=nhyIm3tDTfOlC_AyYs1v1w\">COSMO<\/a><\/em><\/strong><\/span>, el nuevo \u00e1lbum de <strong>Ozuna<\/strong> ya est\u00e1 disponible en todas las plataformas. Dentro de este nuevo proyecto de El negrito de ojos claros se encuentra <strong><em>Vocation<\/em><\/strong>, una canci\u00f3n que comparte con el productor franc\u00e9s <strong>David Getta<\/strong>. El tema fue interpretado en exclusiva durante la gala de los <strong>Latin Grammy<\/strong> por ambos. Una actuaci\u00f3n electrizante en la que, como ya es costumbre, deslumbr\u00f3 sobre el escenario sevillano durante la ceremonia, gan\u00e1ndose a los presentes y espectadores.<\/p>\t\t\t\t\t\t\t\t<\/div>\n\t\t\t\t<\/div>\n\t\t\t\t\t<\/div>\n\t\t<\/div>\n\t\t\t\t\t<\/div>\n\t\t<\/section>\n\t\t\t\t<section class=\"elementor-section elementor-top-section elementor-element elementor-element-cb93f29 elementor-section-boxed elementor-section-height-default elementor-section-height-default\" data-id=\"cb93f29\" data-element_type=\"section\" data-e-type=\"section\">\n\t\t\t\t\t\t<div class=\"elementor-container elementor-column-gap-default\">\n\t\t\t\t\t<div class=\"elementor-column elementor-col-100 elementor-top-column elementor-element elementor-element-392557c\" data-id=\"392557c\" data-element_type=\"column\" data-e-type=\"column\">\n\t\t\t<div class=\"elementor-widget-wrap elementor-element-populated\">\n\t\t\t\t\t\t<div class=\"elementor-element elementor-element-8f1f412 elementor-widget elementor-widget-image\" data-id=\"8f1f412\" data-element_type=\"widget\" data-e-type=\"widget\" data-widget_type=\"image.default\">\n\t\t\t\t<div class=\"elementor-widget-container\">\n\t\t\t\t\t\t\t\t\t\t\t\t<figure class=\"wp-caption\">\n\t\t\t\t\t\t\t\t\t\t<img fetchpriority=\"high\" decoding=\"async\" width=\"640\" height=\"464\" src=\"https:\/\/unaymilletras.com\/wp-content\/uploads\/2023\/11\/Photo-Oct-27-2023-9-13-15-PM-1024x743.jpg\" class=\"attachment-large size-large wp-image-1572\" alt=\"Ozuna\" srcset=\"https:\/\/unaymilletras.com\/wp-content\/uploads\/2023\/11\/Photo-Oct-27-2023-9-13-15-PM-1024x743.jpg 1024w, https:\/\/unaymilletras.com\/wp-content\/uploads\/2023\/11\/Photo-Oct-27-2023-9-13-15-PM-300x218.jpg 300w, https:\/\/unaymilletras.com\/wp-content\/uploads\/2023\/11\/Photo-Oct-27-2023-9-13-15-PM-768x557.jpg 768w, https:\/\/unaymilletras.com\/wp-content\/uploads\/2023\/11\/Photo-Oct-27-2023-9-13-15-PM-1536x1115.jpg 1536w, https:\/\/unaymilletras.com\/wp-content\/uploads\/2023\/11\/Photo-Oct-27-2023-9-13-15-PM-2048x1486.jpg 2048w, https:\/\/unaymilletras.com\/wp-content\/uploads\/2023\/11\/Photo-Oct-27-2023-9-13-15-PM-scaled-e1700250278352.jpg 600w\" sizes=\"(max-width: 640px) 100vw, 640px\" \/>\t\t\t\t\t\t\t\t\t\t\t<figcaption class=\"widget-image-caption wp-caption-text\">Fotograf\u00eda: Reggie V\u00e1zquez<\/figcaption>\n\t\t\t\t\t\t\t\t\t\t<\/figure>\n\t\t\t\t\t\t\t\t\t<\/div>\n\t\t\t\t<\/div>\n\t\t\t\t\t<\/div>\n\t\t<\/div>\n\t\t\t\t\t<\/div>\n\t\t<\/section>\n\t\t\t\t<section class=\"elementor-section elementor-top-section elementor-element elementor-element-b969dd2 elementor-section-boxed elementor-section-height-default elementor-section-height-default\" data-id=\"b969dd2\" data-element_type=\"section\" data-e-type=\"section\">\n\t\t\t\t\t\t<div class=\"elementor-container elementor-column-gap-default\">\n\t\t\t\t\t<div class=\"elementor-column elementor-col-100 elementor-top-column elementor-element elementor-element-ef2f6bd\" data-id=\"ef2f6bd\" data-element_type=\"column\" data-e-type=\"column\">\n\t\t\t<div class=\"elementor-widget-wrap elementor-element-populated\">\n\t\t\t\t\t\t<div class=\"elementor-element elementor-element-67b06bb elementor-widget elementor-widget-text-editor\" data-id=\"67b06bb\" data-element_type=\"widget\" data-e-type=\"widget\" data-widget_type=\"text-editor.default\">\n\t\t\t\t<div class=\"elementor-widget-container\">\n\t\t\t\t\t\t\t\t\t<p>Este es el sexto \u00e1lbum de Ozuna en solitario. En \u00e9l, el puertorrique\u00f1o refleja un viaje creativo y un profundo nivel de conexi\u00f3n con el mundo musical. En este nuevo disco, los oyentes pueden disfrutar de una nueva dimensi\u00f3n de sonidos y entrar as\u00ed en las fusiones de ritmos, melod\u00edas y letras.<\/p>\t\t\t\t\t\t\t\t<\/div>\n\t\t\t\t<\/div>\n\t\t\t\t\t<\/div>\n\t\t<\/div>\n\t\t\t\t\t<\/div>\n\t\t<\/section>\n\t\t\t\t<section class=\"elementor-section elementor-top-section elementor-element elementor-element-b90b981 elementor-section-boxed elementor-section-height-default elementor-section-height-default\" data-id=\"b90b981\" data-element_type=\"section\" data-e-type=\"section\">\n\t\t\t\t\t\t<div class=\"elementor-container elementor-column-gap-default\">\n\t\t\t\t\t<div class=\"elementor-column elementor-col-66 elementor-top-column elementor-element elementor-element-90bf0e5\" data-id=\"90bf0e5\" data-element_type=\"column\" data-e-type=\"column\">\n\t\t\t<div class=\"elementor-widget-wrap elementor-element-populated\">\n\t\t\t\t\t\t<div class=\"elementor-element elementor-element-5f57640 elementor-widget elementor-widget-image\" data-id=\"5f57640\" data-element_type=\"widget\" data-e-type=\"widget\" data-widget_type=\"image.default\">\n\t\t\t\t<div class=\"elementor-widget-container\">\n\t\t\t\t\t\t\t\t\t\t\t\t<figure class=\"wp-caption\">\n\t\t\t\t\t\t\t\t\t\t<img decoding=\"async\" width=\"640\" height=\"958\" src=\"https:\/\/unaymilletras.com\/wp-content\/uploads\/2023\/11\/Photo-Aug-18-2023-10-42-08-PM-684x1024.jpg\" class=\"attachment-large size-large wp-image-1571\" alt=\"Ozuna\" srcset=\"https:\/\/unaymilletras.com\/wp-content\/uploads\/2023\/11\/Photo-Aug-18-2023-10-42-08-PM-684x1024.jpg 684w, https:\/\/unaymilletras.com\/wp-content\/uploads\/2023\/11\/Photo-Aug-18-2023-10-42-08-PM-200x300.jpg 200w, https:\/\/unaymilletras.com\/wp-content\/uploads\/2023\/11\/Photo-Aug-18-2023-10-42-08-PM-768x1149.jpg 768w, https:\/\/unaymilletras.com\/wp-content\/uploads\/2023\/11\/Photo-Aug-18-2023-10-42-08-PM-1027x1536.jpg 1027w, https:\/\/unaymilletras.com\/wp-content\/uploads\/2023\/11\/Photo-Aug-18-2023-10-42-08-PM-1024x1532.jpg 1024w, https:\/\/unaymilletras.com\/wp-content\/uploads\/2023\/11\/Photo-Aug-18-2023-10-42-08-PM-e1700250166401.jpg 600w\" sizes=\"(max-width: 640px) 100vw, 640px\" \/>\t\t\t\t\t\t\t\t\t\t\t<figcaption class=\"widget-image-caption wp-caption-text\">Fotograf\u00eda: Reggie V\u00e1zquez<\/figcaption>\n\t\t\t\t\t\t\t\t\t\t<\/figure>\n\t\t\t\t\t\t\t\t\t<\/div>\n\t\t\t\t<\/div>\n\t\t\t\t\t<\/div>\n\t\t<\/div>\n\t\t\t\t<div class=\"elementor-column elementor-col-33 elementor-top-column elementor-element elementor-element-7533805\" data-id=\"7533805\" data-element_type=\"column\" data-e-type=\"column\">\n\t\t\t<div class=\"elementor-widget-wrap elementor-element-populated\">\n\t\t\t\t\t\t<div class=\"elementor-element elementor-element-708c6bc elementor-widget elementor-widget-text-editor\" data-id=\"708c6bc\" data-element_type=\"widget\" data-e-type=\"widget\" data-widget_type=\"text-editor.default\">\n\t\t\t\t<div class=\"elementor-widget-container\">\n\t\t\t\t\t\t\t\t\t<p>Dentro de COSMO hay 15 canciones. Entre todas ellas, los fans van a encontrar colaboraciones con todo tipo de artistas: desde productores hasta cantantes. <strong>Anuel<\/strong>\u00a0<strong>AA<\/strong>, <strong>Chencho<\/strong>\u00a0<strong>Corleone<\/strong>, <strong>De La Ghetto<\/strong>,\u00a0<strong>Jhayco<\/strong>\u00a0o\u00a0<strong>Sky<\/strong> entre otros muchos.<\/p><p>Despu\u00e9s de a\u00f1os de carrera y del \u00e9xito recogido en su <strong>Afro Euro Tour<\/strong>, el puertorrique\u00f1o estrena \u00e1lbum. Aqu\u00ed, combina sus influencias y muestra su visible evoluci\u00f3n. Con todo ello, ha querido hacer un sonido nuevo con el que hacer a sus fans disfrutar.<\/p>\t\t\t\t\t\t\t\t<\/div>\n\t\t\t\t<\/div>\n\t\t\t\t\t<\/div>\n\t\t<\/div>\n\t\t\t\t\t<\/div>\n\t\t<\/section>\n\t\t\t\t<section class=\"elementor-section elementor-top-section elementor-element elementor-element-485d957 elementor-section-boxed elementor-section-height-default elementor-section-height-default\" data-id=\"485d957\" data-element_type=\"section\" data-e-type=\"section\">\n\t\t\t\t\t\t<div class=\"elementor-container elementor-column-gap-default\">\n\t\t\t\t\t<div class=\"elementor-column elementor-col-100 elementor-top-column elementor-element elementor-element-2c1c4e5\" data-id=\"2c1c4e5\" data-element_type=\"column\" data-e-type=\"column\">\n\t\t\t<div class=\"elementor-widget-wrap elementor-element-populated\">\n\t\t\t\t\t\t<div class=\"elementor-element elementor-element-459ccbb elementor-widget elementor-widget-text-editor\" data-id=\"459ccbb\" data-element_type=\"widget\" data-e-type=\"widget\" data-widget_type=\"text-editor.default\">\n\t\t\t\t<div class=\"elementor-widget-container\">\n\t\t\t\t\t\t\t\t\t<p>Despu\u00e9s de a\u00f1os de carrera y del \u00e9xito recogido en su <strong>Afro Euro Tour<\/strong>, Ozuna estrena \u00e1lbum. Aqu\u00ed, combina sus influencias y muestra su visible evoluci\u00f3n. Con todo ello, ha querido hacer un sonido nuevo con el que hacer a sus fans disfrutar.<\/p>\t\t\t\t\t\t\t\t<\/div>\n\t\t\t\t<\/div>\n\t\t\t\t\t<\/div>\n\t\t<\/div>\n\t\t\t\t\t<\/div>\n\t\t<\/section>\n\t\t\t\t<section class=\"elementor-section elementor-top-section elementor-element elementor-element-2ee9f83 elementor-section-boxed elementor-section-height-default elementor-section-height-default\" data-id=\"2ee9f83\" data-element_type=\"section\" data-e-type=\"section\">\n\t\t\t\t\t\t<div class=\"elementor-container elementor-column-gap-default\">\n\t\t\t\t\t<div class=\"elementor-column elementor-col-100 elementor-top-column elementor-element elementor-element-9e05efe\" data-id=\"9e05efe\" data-element_type=\"column\" data-e-type=\"column\">\n\t\t\t<div class=\"elementor-widget-wrap elementor-element-populated\">\n\t\t\t\t\t\t<div class=\"elementor-element elementor-element-49804c7 elementor-widget elementor-widget-text-editor\" data-id=\"49804c7\" data-element_type=\"widget\" data-e-type=\"widget\" data-widget_type=\"text-editor.default\">\n\t\t\t\t<div class=\"elementor-widget-container\">\n\t\t\t\t\t\t\t\t\t<p><strong>TRACKLIST <br \/><\/strong><em>Made in Qatar<br \/><\/em><em>Baccarat<br \/><\/em><em>El Plan ft. Chencho Corleone &amp; Sky Rompiendo<br \/><\/em><em>Brabus ft. Maldy<br \/><\/em><em>Clase Azul<br \/><\/em><em>Mar De L\u00e1grimas<br \/><\/em><em>ABC<br \/><\/em><em>La Chulita ft. De La Ghetto<br \/><\/em><em>Pa Ti Estoy ft. Anuel AA<br \/><\/em><em>Vocation ft. David Guetta<br \/><\/em><em>La 65<br \/><\/em><em>Fenti ft. Jhayco<br \/><\/em><em>El Pin<br \/><\/em><em>100 Squats<br \/><\/em><em>SM ft. Lito MC Cassidy<\/em><\/p>\t\t\t\t\t\t\t\t<\/div>\n\t\t\t\t<\/div>\n\t\t\t\t\t<\/div>\n\t\t<\/div>\n\t\t\t\t\t<\/div>\n\t\t<\/section>\n\t\t\t\t<\/div>","protected":false},"excerpt":{"rendered":"<p>\u201cVocation\u201d el sencillo principal del disco fue interpretado ayer por Ozuna y David Getta en los Latin Grammy COSMO, el nuevo \u00e1lbum de Ozuna ya est\u00e1 disponible en todas las plataformas. Dentro de este nuevo proyecto de El negrito de ojos claros se encuentra Vocation, una canci\u00f3n que comparte con el productor franc\u00e9s David Getta. [&hellip;]<\/p>\n","protected":false},"author":1,"featured_media":1571,"comment_status":"open","ping_status":"open","sticky":false,"template":"","format":"standard","meta":{"footnotes":""},"categories":[4],"tags":[],"class_list":["post-1569","post","type-post","status-publish","format-standard","has-post-thumbnail","hentry","category-musica"],"yoast_head":"<!-- This site is optimized with the Yoast SEO plugin v27.4 - https:\/\/yoast.com\/product\/yoast-seo-wordpress\/ -->\n<title>Ozuna estrena su esperado COSMO &#8902; Una y Mil Letras<\/title>\n<meta name=\"description\" content=\"\u201cVocation\u201d el sencillo principal del disco fue interpretado ayer por Ozuna y David Getta en los Latin Grammy\" \/>\n<meta name=\"robots\" content=\"index, follow, max-snippet:-1, max-image-preview:large, max-video-preview:-1\" \/>\n<link rel=\"canonical\" href=\"https:\/\/unaymilletras.com\/en\/ozuna-estrena-su-esperado-cosmo\/\" \/>\n<meta property=\"og:locale\" content=\"en_GB\" \/>\n<meta property=\"og:type\" content=\"article\" \/>\n<meta property=\"og:title\" content=\"Ozuna estrena su esperado COSMO &#8902; Una y Mil Letras\" \/>\n<meta property=\"og:description\" content=\"\u201cVocation\u201d el sencillo principal del disco fue interpretado ayer por Ozuna y David Getta en los Latin Grammy\" \/>\n<meta property=\"og:url\" content=\"https:\/\/unaymilletras.com\/en\/ozuna-estrena-su-esperado-cosmo\/\" \/>\n<meta property=\"og:site_name\" content=\"Una y Mil Letras\" \/>\n<meta property=\"article:published_time\" content=\"2023-11-17T19:47:54+00:00\" \/>\n<meta property=\"article:modified_time\" content=\"2023-11-17T21:00:54+00:00\" \/>\n<meta property=\"og:image\" content=\"http:\/\/unaymilletras.com\/wp-content\/uploads\/2023\/11\/Photo-Aug-18-2023-10-42-08-PM-e1700250166401.jpg\" \/>\n\t<meta property=\"og:image:width\" content=\"600\" \/>\n\t<meta property=\"og:image:height\" content=\"898\" \/>\n\t<meta property=\"og:image:type\" content=\"image\/jpeg\" \/>\n<meta name=\"author\" content=\"Maria Gil Robledo\" \/>\n<meta name=\"twitter:card\" content=\"summary_large_image\" \/>\n<meta name=\"twitter:creator\" content=\"@UnaYMilLetras\" \/>\n<meta name=\"twitter:site\" content=\"@UnaYMilLetras\" \/>\n<meta name=\"twitter:label1\" content=\"Written by\" \/>\n\t<meta name=\"twitter:data1\" content=\"Maria Gil Robledo\" \/>\n\t<meta name=\"twitter:label2\" content=\"Estimated reading time\" \/>\n\t<meta name=\"twitter:data2\" content=\"2 minutes\" \/>\n<script type=\"application\/ld+json\" class=\"yoast-schema-graph\">{\"@context\":\"https:\\\/\\\/schema.org\",\"@graph\":[{\"@type\":\"Article\",\"@id\":\"https:\\\/\\\/unaymilletras.com\\\/ozuna-estrena-su-esperado-cosmo\\\/#article\",\"isPartOf\":{\"@id\":\"https:\\\/\\\/unaymilletras.com\\\/ozuna-estrena-su-esperado-cosmo\\\/\"},\"author\":{\"name\":\"Maria Gil Robledo\",\"@id\":\"http:\\\/\\\/unaymilletras.com\\\/#\\\/schema\\\/person\\\/d55ba681b8a4e463d8982dbe36a5dc94\"},\"headline\":\"Ozuna estrena su esperado COSMO\",\"datePublished\":\"2023-11-17T19:47:54+00:00\",\"dateModified\":\"2023-11-17T21:00:54+00:00\",\"mainEntityOfPage\":{\"@id\":\"https:\\\/\\\/unaymilletras.com\\\/ozuna-estrena-su-esperado-cosmo\\\/\"},\"wordCount\":350,\"commentCount\":0,\"publisher\":{\"@id\":\"http:\\\/\\\/unaymilletras.com\\\/#organization\"},\"image\":{\"@id\":\"https:\\\/\\\/unaymilletras.com\\\/ozuna-estrena-su-esperado-cosmo\\\/#primaryimage\"},\"thumbnailUrl\":\"https:\\\/\\\/unaymilletras.com\\\/wp-content\\\/uploads\\\/2023\\\/11\\\/Photo-Aug-18-2023-10-42-08-PM-e1700250166401.jpg\",\"articleSection\":[\"M\u00fasica\"],\"inLanguage\":\"en-GB\",\"potentialAction\":[{\"@type\":\"CommentAction\",\"name\":\"Comment\",\"target\":[\"https:\\\/\\\/unaymilletras.com\\\/ozuna-estrena-su-esperado-cosmo\\\/#respond\"]}]},{\"@type\":\"WebPage\",\"@id\":\"https:\\\/\\\/unaymilletras.com\\\/ozuna-estrena-su-esperado-cosmo\\\/\",\"url\":\"https:\\\/\\\/unaymilletras.com\\\/ozuna-estrena-su-esperado-cosmo\\\/\",\"name\":\"Ozuna estrena su esperado COSMO &#8902; Una y Mil Letras\",\"isPartOf\":{\"@id\":\"http:\\\/\\\/unaymilletras.com\\\/#website\"},\"primaryImageOfPage\":{\"@id\":\"https:\\\/\\\/unaymilletras.com\\\/ozuna-estrena-su-esperado-cosmo\\\/#primaryimage\"},\"image\":{\"@id\":\"https:\\\/\\\/unaymilletras.com\\\/ozuna-estrena-su-esperado-cosmo\\\/#primaryimage\"},\"thumbnailUrl\":\"https:\\\/\\\/unaymilletras.com\\\/wp-content\\\/uploads\\\/2023\\\/11\\\/Photo-Aug-18-2023-10-42-08-PM-e1700250166401.jpg\",\"datePublished\":\"2023-11-17T19:47:54+00:00\",\"dateModified\":\"2023-11-17T21:00:54+00:00\",\"description\":\"\u201cVocation\u201d el sencillo principal del disco fue interpretado ayer por Ozuna y David Getta en los Latin Grammy\",\"breadcrumb\":{\"@id\":\"https:\\\/\\\/unaymilletras.com\\\/ozuna-estrena-su-esperado-cosmo\\\/#breadcrumb\"},\"inLanguage\":\"en-GB\",\"potentialAction\":[{\"@type\":\"ReadAction\",\"target\":[\"https:\\\/\\\/unaymilletras.com\\\/ozuna-estrena-su-esperado-cosmo\\\/\"]}]},{\"@type\":\"ImageObject\",\"inLanguage\":\"en-GB\",\"@id\":\"https:\\\/\\\/unaymilletras.com\\\/ozuna-estrena-su-esperado-cosmo\\\/#primaryimage\",\"url\":\"https:\\\/\\\/unaymilletras.com\\\/wp-content\\\/uploads\\\/2023\\\/11\\\/Photo-Aug-18-2023-10-42-08-PM-e1700250166401.jpg\",\"contentUrl\":\"https:\\\/\\\/unaymilletras.com\\\/wp-content\\\/uploads\\\/2023\\\/11\\\/Photo-Aug-18-2023-10-42-08-PM-e1700250166401.jpg\",\"width\":600,\"height\":898,\"caption\":\"Fotograf\u00eda: Reggie V\u00e1zquez\"},{\"@type\":\"BreadcrumbList\",\"@id\":\"https:\\\/\\\/unaymilletras.com\\\/ozuna-estrena-su-esperado-cosmo\\\/#breadcrumb\",\"itemListElement\":[{\"@type\":\"ListItem\",\"position\":1,\"name\":\"Home\",\"item\":\"http:\\\/\\\/unaymilletras.com\\\/\"},{\"@type\":\"ListItem\",\"position\":2,\"name\":\"Ozuna estrena su esperado COSMO\"}]},{\"@type\":\"WebSite\",\"@id\":\"http:\\\/\\\/unaymilletras.com\\\/#website\",\"url\":\"http:\\\/\\\/unaymilletras.com\\\/\",\"name\":\"Una y Mil Letras\",\"description\":\"\",\"publisher\":{\"@id\":\"http:\\\/\\\/unaymilletras.com\\\/#organization\"},\"potentialAction\":[{\"@type\":\"SearchAction\",\"target\":{\"@type\":\"EntryPoint\",\"urlTemplate\":\"http:\\\/\\\/unaymilletras.com\\\/?s={search_term_string}\"},\"query-input\":{\"@type\":\"PropertyValueSpecification\",\"valueRequired\":true,\"valueName\":\"search_term_string\"}}],\"inLanguage\":\"en-GB\"},{\"@type\":\"Organization\",\"@id\":\"http:\\\/\\\/unaymilletras.com\\\/#organization\",\"name\":\"Una y Mil Letras\",\"url\":\"http:\\\/\\\/unaymilletras.com\\\/\",\"logo\":{\"@type\":\"ImageObject\",\"inLanguage\":\"en-GB\",\"@id\":\"http:\\\/\\\/unaymilletras.com\\\/#\\\/schema\\\/logo\\\/image\\\/\",\"url\":\"https:\\\/\\\/unaymilletras.com\\\/wp-content\\\/uploads\\\/2024\\\/06\\\/cropped-Logo-removebg-preview.png\",\"contentUrl\":\"https:\\\/\\\/unaymilletras.com\\\/wp-content\\\/uploads\\\/2024\\\/06\\\/cropped-Logo-removebg-preview.png\",\"width\":512,\"height\":512,\"caption\":\"Una y Mil Letras\"},\"image\":{\"@id\":\"http:\\\/\\\/unaymilletras.com\\\/#\\\/schema\\\/logo\\\/image\\\/\"},\"sameAs\":[\"https:\\\/\\\/x.com\\\/UnaYMilLetras\",\"https:\\\/\\\/instagram.com\\\/UnaYMilLetras\"]},{\"@type\":\"Person\",\"@id\":\"http:\\\/\\\/unaymilletras.com\\\/#\\\/schema\\\/person\\\/d55ba681b8a4e463d8982dbe36a5dc94\",\"name\":\"Maria Gil Robledo\",\"image\":{\"@type\":\"ImageObject\",\"inLanguage\":\"en-GB\",\"@id\":\"https:\\\/\\\/secure.gravatar.com\\\/avatar\\\/4b8e5102e0015789407eb4870b12f0f2857952d83ca124058f92b764bd1840c3?s=96&d=mm&r=g\",\"url\":\"https:\\\/\\\/secure.gravatar.com\\\/avatar\\\/4b8e5102e0015789407eb4870b12f0f2857952d83ca124058f92b764bd1840c3?s=96&d=mm&r=g\",\"contentUrl\":\"https:\\\/\\\/secure.gravatar.com\\\/avatar\\\/4b8e5102e0015789407eb4870b12f0f2857952d83ca124058f92b764bd1840c3?s=96&d=mm&r=g\",\"caption\":\"Maria Gil Robledo\"},\"sameAs\":[\"http:\\\/\\\/unaymilletras.com\"],\"url\":\"https:\\\/\\\/unaymilletras.com\\\/en\\\/author\\\/mariiagiil02_\\\/\"}]}<\/script>\n<!-- \/ Yoast SEO plugin. -->","yoast_head_json":{"title":"Ozuna estrena su esperado COSMO &#8902; Una y Mil Letras","description":"\u201cVocation\u201d el sencillo principal del disco fue interpretado ayer por Ozuna y David Getta en los Latin Grammy","robots":{"index":"index","follow":"follow","max-snippet":"max-snippet:-1","max-image-preview":"max-image-preview:large","max-video-preview":"max-video-preview:-1"},"canonical":"https:\/\/unaymilletras.com\/en\/ozuna-estrena-su-esperado-cosmo\/","og_locale":"en_GB","og_type":"article","og_title":"Ozuna estrena su esperado COSMO &#8902; Una y Mil Letras","og_description":"\u201cVocation\u201d el sencillo principal del disco fue interpretado ayer por Ozuna y David Getta en los Latin Grammy","og_url":"https:\/\/unaymilletras.com\/en\/ozuna-estrena-su-esperado-cosmo\/","og_site_name":"Una y Mil Letras","article_published_time":"2023-11-17T19:47:54+00:00","article_modified_time":"2023-11-17T21:00:54+00:00","og_image":[{"width":600,"height":898,"url":"http:\/\/unaymilletras.com\/wp-content\/uploads\/2023\/11\/Photo-Aug-18-2023-10-42-08-PM-e1700250166401.jpg","type":"image\/jpeg"}],"author":"Maria Gil Robledo","twitter_card":"summary_large_image","twitter_creator":"@UnaYMilLetras","twitter_site":"@UnaYMilLetras","twitter_misc":{"Written by":"Maria Gil Robledo","Estimated reading time":"2 minutes"},"schema":{"@context":"https:\/\/schema.org","@graph":[{"@type":"Article","@id":"https:\/\/unaymilletras.com\/ozuna-estrena-su-esperado-cosmo\/#article","isPartOf":{"@id":"https:\/\/unaymilletras.com\/ozuna-estrena-su-esperado-cosmo\/"},"author":{"name":"Maria Gil Robledo","@id":"http:\/\/unaymilletras.com\/#\/schema\/person\/d55ba681b8a4e463d8982dbe36a5dc94"},"headline":"Ozuna estrena su esperado COSMO","datePublished":"2023-11-17T19:47:54+00:00","dateModified":"2023-11-17T21:00:54+00:00","mainEntityOfPage":{"@id":"https:\/\/unaymilletras.com\/ozuna-estrena-su-esperado-cosmo\/"},"wordCount":350,"commentCount":0,"publisher":{"@id":"http:\/\/unaymilletras.com\/#organization"},"image":{"@id":"https:\/\/unaymilletras.com\/ozuna-estrena-su-esperado-cosmo\/#primaryimage"},"thumbnailUrl":"https:\/\/unaymilletras.com\/wp-content\/uploads\/2023\/11\/Photo-Aug-18-2023-10-42-08-PM-e1700250166401.jpg","articleSection":["M\u00fasica"],"inLanguage":"en-GB","potentialAction":[{"@type":"CommentAction","name":"Comment","target":["https:\/\/unaymilletras.com\/ozuna-estrena-su-esperado-cosmo\/#respond"]}]},{"@type":"WebPage","@id":"https:\/\/unaymilletras.com\/ozuna-estrena-su-esperado-cosmo\/","url":"https:\/\/unaymilletras.com\/ozuna-estrena-su-esperado-cosmo\/","name":"Ozuna estrena su esperado COSMO &#8902; Una y Mil Letras","isPartOf":{"@id":"http:\/\/unaymilletras.com\/#website"},"primaryImageOfPage":{"@id":"https:\/\/unaymilletras.com\/ozuna-estrena-su-esperado-cosmo\/#primaryimage"},"image":{"@id":"https:\/\/unaymilletras.com\/ozuna-estrena-su-esperado-cosmo\/#primaryimage"},"thumbnailUrl":"https:\/\/unaymilletras.com\/wp-content\/uploads\/2023\/11\/Photo-Aug-18-2023-10-42-08-PM-e1700250166401.jpg","datePublished":"2023-11-17T19:47:54+00:00","dateModified":"2023-11-17T21:00:54+00:00","description":"\u201cVocation\u201d el sencillo principal del disco fue interpretado ayer por Ozuna y David Getta en los Latin Grammy","breadcrumb":{"@id":"https:\/\/unaymilletras.com\/ozuna-estrena-su-esperado-cosmo\/#breadcrumb"},"inLanguage":"en-GB","potentialAction":[{"@type":"ReadAction","target":["https:\/\/unaymilletras.com\/ozuna-estrena-su-esperado-cosmo\/"]}]},{"@type":"ImageObject","inLanguage":"en-GB","@id":"https:\/\/unaymilletras.com\/ozuna-estrena-su-esperado-cosmo\/#primaryimage","url":"https:\/\/unaymilletras.com\/wp-content\/uploads\/2023\/11\/Photo-Aug-18-2023-10-42-08-PM-e1700250166401.jpg","contentUrl":"https:\/\/unaymilletras.com\/wp-content\/uploads\/2023\/11\/Photo-Aug-18-2023-10-42-08-PM-e1700250166401.jpg","width":600,"height":898,"caption":"Fotograf\u00eda: Reggie V\u00e1zquez"},{"@type":"BreadcrumbList","@id":"https:\/\/unaymilletras.com\/ozuna-estrena-su-esperado-cosmo\/#breadcrumb","itemListElement":[{"@type":"ListItem","position":1,"name":"Home","item":"http:\/\/unaymilletras.com\/"},{"@type":"ListItem","position":2,"name":"Ozuna estrena su esperado COSMO"}]},{"@type":"WebSite","@id":"http:\/\/unaymilletras.com\/#website","url":"http:\/\/unaymilletras.com\/","name":"Una y Mil Letras","description":"","publisher":{"@id":"http:\/\/unaymilletras.com\/#organization"},"potentialAction":[{"@type":"SearchAction","target":{"@type":"EntryPoint","urlTemplate":"http:\/\/unaymilletras.com\/?s={search_term_string}"},"query-input":{"@type":"PropertyValueSpecification","valueRequired":true,"valueName":"search_term_string"}}],"inLanguage":"en-GB"},{"@type":"Organization","@id":"http:\/\/unaymilletras.com\/#organization","name":"Una y Mil Letras","url":"http:\/\/unaymilletras.com\/","logo":{"@type":"ImageObject","inLanguage":"en-GB","@id":"http:\/\/unaymilletras.com\/#\/schema\/logo\/image\/","url":"https:\/\/unaymilletras.com\/wp-content\/uploads\/2024\/06\/cropped-Logo-removebg-preview.png","contentUrl":"https:\/\/unaymilletras.com\/wp-content\/uploads\/2024\/06\/cropped-Logo-removebg-preview.png","width":512,"height":512,"caption":"Una y Mil Letras"},"image":{"@id":"http:\/\/unaymilletras.com\/#\/schema\/logo\/image\/"},"sameAs":["https:\/\/x.com\/UnaYMilLetras","https:\/\/instagram.com\/UnaYMilLetras"]},{"@type":"Person","@id":"http:\/\/unaymilletras.com\/#\/schema\/person\/d55ba681b8a4e463d8982dbe36a5dc94","name":"Maria Gil Robledo","image":{"@type":"ImageObject","inLanguage":"en-GB","@id":"https:\/\/secure.gravatar.com\/avatar\/4b8e5102e0015789407eb4870b12f0f2857952d83ca124058f92b764bd1840c3?s=96&d=mm&r=g","url":"https:\/\/secure.gravatar.com\/avatar\/4b8e5102e0015789407eb4870b12f0f2857952d83ca124058f92b764bd1840c3?s=96&d=mm&r=g","contentUrl":"https:\/\/secure.gravatar.com\/avatar\/4b8e5102e0015789407eb4870b12f0f2857952d83ca124058f92b764bd1840c3?s=96&d=mm&r=g","caption":"Maria Gil Robledo"},"sameAs":["http:\/\/unaymilletras.com"],"url":"https:\/\/unaymilletras.com\/en\/author\/mariiagiil02_\/"}]}},"_links":{"self":[{"href":"https:\/\/unaymilletras.com\/en\/wp-json\/wp\/v2\/posts\/1569","targetHints":{"allow":["GET"]}}],"collection":[{"href":"https:\/\/unaymilletras.com\/en\/wp-json\/wp\/v2\/posts"}],"about":[{"href":"https:\/\/unaymilletras.com\/en\/wp-json\/wp\/v2\/types\/post"}],"author":[{"embeddable":true,"href":"https:\/\/unaymilletras.com\/en\/wp-json\/wp\/v2\/users\/1"}],"replies":[{"embeddable":true,"href":"https:\/\/unaymilletras.com\/en\/wp-json\/wp\/v2\/comments?post=1569"}],"version-history":[{"count":8,"href":"https:\/\/unaymilletras.com\/en\/wp-json\/wp\/v2\/posts\/1569\/revisions"}],"predecessor-version":[{"id":1580,"href":"https:\/\/unaymilletras.com\/en\/wp-json\/wp\/v2\/posts\/1569\/revisions\/1580"}],"wp:featuredmedia":[{"embeddable":true,"href":"https:\/\/unaymilletras.com\/en\/wp-json\/wp\/v2\/media\/1571"}],"wp:attachment":[{"href":"https:\/\/unaymilletras.com\/en\/wp-json\/wp\/v2\/media?parent=1569"}],"wp:term":[{"taxonomy":"category","embeddable":true,"href":"https:\/\/unaymilletras.com\/en\/wp-json\/wp\/v2\/categories?post=1569"},{"taxonomy":"post_tag","embeddable":true,"href":"https:\/\/unaymilletras.com\/en\/wp-json\/wp\/v2\/tags?post=1569"}],"curies":[{"name":"wp","href":"https:\/\/api.w.org\/{rel}","templated":true}]}}