{"id":1581,"date":"2023-11-18T13:19:08","date_gmt":"2023-11-18T12:19:08","guid":{"rendered":"https:\/\/unaymilletras.com\/?p=1581"},"modified":"2023-11-18T13:19:14","modified_gmt":"2023-11-18T12:19:14","slug":"juan-magan-transforma-sevilla-en-la-capital-del-house-y-el-electrolatino","status":"publish","type":"post","link":"https:\/\/unaymilletras.com\/en\/juan-magan-transforma-sevilla-en-la-capital-del-house-y-el-electrolatino\/","title":{"rendered":"Juan Mag\u00e1n transforma Sevilla en la Capital del House y el Electrolatino"},"content":{"rendered":"<div data-elementor-type=\"wp-post\" data-elementor-id=\"1581\" class=\"elementor elementor-1581\">\n\t\t\t\t\t\t<section class=\"elementor-section elementor-top-section elementor-element elementor-element-40f724b elementor-section-boxed elementor-section-height-default elementor-section-height-default\" data-id=\"40f724b\" data-element_type=\"section\" data-e-type=\"section\">\n\t\t\t\t\t\t<div class=\"elementor-container elementor-column-gap-default\">\n\t\t\t\t\t<div class=\"elementor-column elementor-col-100 elementor-top-column elementor-element elementor-element-f46baeb\" data-id=\"f46baeb\" data-element_type=\"column\" data-e-type=\"column\">\n\t\t\t<div class=\"elementor-widget-wrap elementor-element-populated\">\n\t\t\t\t\t\t<div class=\"elementor-element elementor-element-3361c48 elementor-widget elementor-widget-text-editor\" data-id=\"3361c48\" data-element_type=\"widget\" data-e-type=\"widget\" data-widget_type=\"text-editor.default\">\n\t\t\t\t<div class=\"elementor-widget-container\">\n\t\t\t\t\t\t\t\t\t<h2><span style=\"color: #808080;\"><em>El show de Juan Mag\u00e1n en la Plaza de Espa\u00f1a de la capital andaluza ha puesto a la ciudad a bailar<\/em><\/span><\/h2>\t\t\t\t\t\t\t\t<\/div>\n\t\t\t\t<\/div>\n\t\t\t\t\t<\/div>\n\t\t<\/div>\n\t\t\t\t\t<\/div>\n\t\t<\/section>\n\t\t\t\t<section class=\"elementor-section elementor-top-section elementor-element elementor-element-44a7767 elementor-section-boxed elementor-section-height-default elementor-section-height-default\" data-id=\"44a7767\" data-element_type=\"section\" data-e-type=\"section\">\n\t\t\t\t\t\t<div class=\"elementor-container elementor-column-gap-default\">\n\t\t\t\t\t<div class=\"elementor-column elementor-col-100 elementor-top-column elementor-element elementor-element-e6bafd2\" data-id=\"e6bafd2\" data-element_type=\"column\" data-e-type=\"column\">\n\t\t\t<div class=\"elementor-widget-wrap elementor-element-populated\">\n\t\t\t\t\t\t<div class=\"elementor-element elementor-element-bb8842d elementor-widget elementor-widget-text-editor\" data-id=\"bb8842d\" data-element_type=\"widget\" data-e-type=\"widget\" data-widget_type=\"text-editor.default\">\n\t\t\t\t<div class=\"elementor-widget-container\">\n\t\t\t\t\t\t\t\t\t<p>El <b>Santaluc\u00eda Universal Music Week<\/b> sigue inundando las noches sevillanas con la mejor m\u00fasica. Anoche fue el turno del house y el electrolatino gracias a <b>Juan Mag\u00e1n<\/b>. Ante m\u00e1s de 3.000 personas y en el inigualable escenario de la Plaza de Espa\u00f1a, el maestro del electrolatino convirti\u00f3 la carpa transparente en una fiesta inolvidable. Con m\u00e1s de 7.5 millones de seguidores en <span style=\"color: #808080;\"><a style=\"color: #808080;\" href=\"https:\/\/open.spotify.com\/intl-es\/artist\/1ackd5XprZEkH3McKbQD51?si=z_kKfiLESfa5WE1ibSZaYA\">Spotify<\/a><\/span>, Juan Mag\u00e1n ofreci\u00f3 un repertorio con todos sus grandes \u00e9xitos, haciendo que la noche fuera un recorrido por su destacada carrera profesional.<\/p>\t\t\t\t\t\t\t\t<\/div>\n\t\t\t\t<\/div>\n\t\t\t\t\t<\/div>\n\t\t<\/div>\n\t\t\t\t\t<\/div>\n\t\t<\/section>\n\t\t\t\t<section class=\"elementor-section elementor-top-section elementor-element elementor-element-925eadb elementor-section-boxed elementor-section-height-default elementor-section-height-default\" data-id=\"925eadb\" data-element_type=\"section\" data-e-type=\"section\">\n\t\t\t\t\t\t<div class=\"elementor-container elementor-column-gap-default\">\n\t\t\t\t\t<div class=\"elementor-column elementor-col-100 elementor-top-column elementor-element elementor-element-1ad5898\" data-id=\"1ad5898\" data-element_type=\"column\" data-e-type=\"column\">\n\t\t\t<div class=\"elementor-widget-wrap elementor-element-populated\">\n\t\t\t\t\t\t<div class=\"elementor-element elementor-element-019636b elementor-widget elementor-widget-image\" data-id=\"019636b\" data-element_type=\"widget\" data-e-type=\"widget\" data-widget_type=\"image.default\">\n\t\t\t\t<div class=\"elementor-widget-container\">\n\t\t\t\t\t\t\t\t\t\t\t\t\t\t\t<img fetchpriority=\"high\" decoding=\"async\" width=\"640\" height=\"427\" src=\"https:\/\/unaymilletras.com\/wp-content\/uploads\/2023\/11\/image-1-2-1024x683.jpg\" class=\"attachment-large size-large wp-image-1583\" alt=\"Juan Mag\u00e1n\" srcset=\"https:\/\/unaymilletras.com\/wp-content\/uploads\/2023\/11\/image-1-2-1024x683.jpg 1024w, https:\/\/unaymilletras.com\/wp-content\/uploads\/2023\/11\/image-1-2-300x200.jpg 300w, https:\/\/unaymilletras.com\/wp-content\/uploads\/2023\/11\/image-1-2-768x512.jpg 768w, https:\/\/unaymilletras.com\/wp-content\/uploads\/2023\/11\/image-1-2-1536x1024.jpg 1536w, https:\/\/unaymilletras.com\/wp-content\/uploads\/2023\/11\/image-1-2-2048x1366.jpg 2048w, https:\/\/unaymilletras.com\/wp-content\/uploads\/2023\/11\/image-1-2-scaled-e1700309739516.jpg 600w\" sizes=\"(max-width: 640px) 100vw, 640px\" \/>\t\t\t\t\t\t\t\t\t\t\t\t\t\t\t<\/div>\n\t\t\t\t<\/div>\n\t\t\t\t\t<\/div>\n\t\t<\/div>\n\t\t\t\t\t<\/div>\n\t\t<\/section>\n\t\t\t\t<section class=\"elementor-section elementor-top-section elementor-element elementor-element-440fb45 elementor-section-boxed elementor-section-height-default elementor-section-height-default\" data-id=\"440fb45\" data-element_type=\"section\" data-e-type=\"section\">\n\t\t\t\t\t\t<div class=\"elementor-container elementor-column-gap-default\">\n\t\t\t\t\t<div class=\"elementor-column elementor-col-100 elementor-top-column elementor-element elementor-element-8cae806\" data-id=\"8cae806\" data-element_type=\"column\" data-e-type=\"column\">\n\t\t\t<div class=\"elementor-widget-wrap elementor-element-populated\">\n\t\t\t\t\t\t<div class=\"elementor-element elementor-element-f2803c1 elementor-widget elementor-widget-text-editor\" data-id=\"f2803c1\" data-element_type=\"widget\" data-e-type=\"widget\" data-widget_type=\"text-editor.default\">\n\t\t\t\t<div class=\"elementor-widget-container\">\n\t\t\t\t\t\t\t\t\t<p>El artista, cuya m\u00fasica trasciende generaciones, expres\u00f3 su entusiasmo por actuar en un ambiente tan especial, y con cada canci\u00f3n, hizo resonar sus \u00e9xitos atemporales. Ante un p\u00fablico entregado, sonaron hits que forman parte de la banda sonora de la juventud de muchos, como <i>Bailando por ah\u00ed<\/i>, <em>Verano<\/em> <em>Azul<\/em>, <em>Mariah<\/em>, <em>No sigues modas<\/em> y <em>Te voy a esperar<\/em>. El espect\u00e1culo tambi\u00e9n incluy\u00f3 la participaci\u00f3n de <strong>Malinche<\/strong>, de <strong>Nacho<\/strong> <strong>Cano<\/strong>, que aport\u00f3 una perspectiva \u00fanica, culminando con la interpretaci\u00f3n de la canci\u00f3n <em>Hijo de la Guerra<\/em>, fusionando m\u00fasica y danza simult\u00e1neamente.<\/p><p>A lo largo del evento, se unieron al escenario varios amigos destacados del artista, cada uno aportando su visi\u00f3n \u00fanica del house y lo latino, como Dj Alex Avi\u00f1o, Alberto Toral, Dj Quino Garc\u00eda, Envi, Soqe, Sj Fresh Kid Cue, Kiko Rivera, Mar Lucas y Kid Keo. Juan Mag\u00e1n, en su caracter\u00edstico estilo, hizo vibrar a la multitud cada vez que tom\u00f3 el micr\u00f3fono para dar voz a sus \u00e9xitos.<\/p><p>Con este concierto en Sevilla, Juan Mag\u00e1n reafirm\u00f3 su posici\u00f3n como uno de los principales impulsores de la m\u00fasica urbana y latina a nivel mundial. El p\u00fablico, que solicit\u00f3 intensamente la continuaci\u00f3n del espect\u00e1culo, reconoci\u00f3 la magnitud de la actuaci\u00f3n, que se extendi\u00f3 hasta las tres horas.<\/p>\t\t\t\t\t\t\t\t<\/div>\n\t\t\t\t<\/div>\n\t\t\t\t\t<\/div>\n\t\t<\/div>\n\t\t\t\t\t<\/div>\n\t\t<\/section>\n\t\t\t\t<\/div>","protected":false},"excerpt":{"rendered":"<p>El show de Juan Mag\u00e1n en la Plaza de Espa\u00f1a de la capital andaluza ha puesto a la ciudad a bailar El Santaluc\u00eda Universal Music Week sigue inundando las noches sevillanas con la mejor m\u00fasica. Anoche fue el turno del house y el electrolatino gracias a Juan Mag\u00e1n. Ante m\u00e1s de 3.000 personas y en [&hellip;]<\/p>\n","protected":false},"author":1,"featured_media":1583,"comment_status":"open","ping_status":"open","sticky":false,"template":"","format":"standard","meta":{"footnotes":""},"categories":[4],"tags":[],"class_list":["post-1581","post","type-post","status-publish","format-standard","has-post-thumbnail","hentry","category-musica"],"yoast_head":"<!-- This site is optimized with the Yoast SEO plugin v27.4 - https:\/\/yoast.com\/product\/yoast-seo-wordpress\/ -->\n<title>Juan Mag\u00e1n transforma Sevilla en la Capital del House y el Electrolatino &#8902; Una y Mil Letras<\/title>\n<meta name=\"description\" content=\"El show de Juan Mag\u00e1n en la Plaza de Espa\u00f1a de la capital andaluza ha puesto a la ciudad a bailar todas sus canciones\" \/>\n<meta name=\"robots\" content=\"index, follow, max-snippet:-1, max-image-preview:large, max-video-preview:-1\" \/>\n<link rel=\"canonical\" href=\"https:\/\/unaymilletras.com\/en\/juan-magan-transforma-sevilla-en-la-capital-del-house-y-el-electrolatino\/\" \/>\n<meta property=\"og:locale\" content=\"en_GB\" \/>\n<meta property=\"og:type\" content=\"article\" \/>\n<meta property=\"og:title\" content=\"Juan Mag\u00e1n transforma Sevilla en la Capital del House y el Electrolatino &#8902; Una y Mil Letras\" \/>\n<meta property=\"og:description\" content=\"El show de Juan Mag\u00e1n en la Plaza de Espa\u00f1a de la capital andaluza ha puesto a la ciudad a bailar todas sus canciones\" \/>\n<meta property=\"og:url\" content=\"https:\/\/unaymilletras.com\/en\/juan-magan-transforma-sevilla-en-la-capital-del-house-y-el-electrolatino\/\" \/>\n<meta property=\"og:site_name\" content=\"Una y Mil Letras\" \/>\n<meta property=\"article:published_time\" content=\"2023-11-18T12:19:08+00:00\" \/>\n<meta property=\"article:modified_time\" content=\"2023-11-18T12:19:14+00:00\" \/>\n<meta property=\"og:image\" content=\"http:\/\/unaymilletras.com\/wp-content\/uploads\/2023\/11\/image-1-2-scaled-e1700309739516.jpg\" \/>\n\t<meta property=\"og:image:width\" content=\"600\" \/>\n\t<meta property=\"og:image:height\" content=\"400\" \/>\n\t<meta property=\"og:image:type\" content=\"image\/jpeg\" \/>\n<meta name=\"author\" content=\"Maria Gil Robledo\" \/>\n<meta name=\"twitter:card\" content=\"summary_large_image\" \/>\n<meta name=\"twitter:creator\" content=\"@UnaYMilLetras\" \/>\n<meta name=\"twitter:site\" content=\"@UnaYMilLetras\" \/>\n<meta name=\"twitter:label1\" content=\"Written by\" \/>\n\t<meta name=\"twitter:data1\" content=\"Maria Gil Robledo\" \/>\n\t<meta name=\"twitter:label2\" content=\"Estimated reading time\" \/>\n\t<meta name=\"twitter:data2\" content=\"2 minutes\" \/>\n<script type=\"application\/ld+json\" class=\"yoast-schema-graph\">{\"@context\":\"https:\\\/\\\/schema.org\",\"@graph\":[{\"@type\":\"Article\",\"@id\":\"https:\\\/\\\/unaymilletras.com\\\/juan-magan-transforma-sevilla-en-la-capital-del-house-y-el-electrolatino\\\/#article\",\"isPartOf\":{\"@id\":\"https:\\\/\\\/unaymilletras.com\\\/juan-magan-transforma-sevilla-en-la-capital-del-house-y-el-electrolatino\\\/\"},\"author\":{\"name\":\"Maria Gil Robledo\",\"@id\":\"http:\\\/\\\/unaymilletras.com\\\/#\\\/schema\\\/person\\\/d55ba681b8a4e463d8982dbe36a5dc94\"},\"headline\":\"Juan Mag\u00e1n transforma Sevilla en la Capital del House y el Electrolatino\",\"datePublished\":\"2023-11-18T12:19:08+00:00\",\"dateModified\":\"2023-11-18T12:19:14+00:00\",\"mainEntityOfPage\":{\"@id\":\"https:\\\/\\\/unaymilletras.com\\\/juan-magan-transforma-sevilla-en-la-capital-del-house-y-el-electrolatino\\\/\"},\"wordCount\":356,\"commentCount\":0,\"publisher\":{\"@id\":\"http:\\\/\\\/unaymilletras.com\\\/#organization\"},\"image\":{\"@id\":\"https:\\\/\\\/unaymilletras.com\\\/juan-magan-transforma-sevilla-en-la-capital-del-house-y-el-electrolatino\\\/#primaryimage\"},\"thumbnailUrl\":\"https:\\\/\\\/unaymilletras.com\\\/wp-content\\\/uploads\\\/2023\\\/11\\\/image-1-2-scaled-e1700309739516.jpg\",\"articleSection\":[\"M\u00fasica\"],\"inLanguage\":\"en-GB\",\"potentialAction\":[{\"@type\":\"CommentAction\",\"name\":\"Comment\",\"target\":[\"https:\\\/\\\/unaymilletras.com\\\/juan-magan-transforma-sevilla-en-la-capital-del-house-y-el-electrolatino\\\/#respond\"]}]},{\"@type\":\"WebPage\",\"@id\":\"https:\\\/\\\/unaymilletras.com\\\/juan-magan-transforma-sevilla-en-la-capital-del-house-y-el-electrolatino\\\/\",\"url\":\"https:\\\/\\\/unaymilletras.com\\\/juan-magan-transforma-sevilla-en-la-capital-del-house-y-el-electrolatino\\\/\",\"name\":\"Juan Mag\u00e1n transforma Sevilla en la Capital del House y el Electrolatino &#8902; Una y Mil Letras\",\"isPartOf\":{\"@id\":\"http:\\\/\\\/unaymilletras.com\\\/#website\"},\"primaryImageOfPage\":{\"@id\":\"https:\\\/\\\/unaymilletras.com\\\/juan-magan-transforma-sevilla-en-la-capital-del-house-y-el-electrolatino\\\/#primaryimage\"},\"image\":{\"@id\":\"https:\\\/\\\/unaymilletras.com\\\/juan-magan-transforma-sevilla-en-la-capital-del-house-y-el-electrolatino\\\/#primaryimage\"},\"thumbnailUrl\":\"https:\\\/\\\/unaymilletras.com\\\/wp-content\\\/uploads\\\/2023\\\/11\\\/image-1-2-scaled-e1700309739516.jpg\",\"datePublished\":\"2023-11-18T12:19:08+00:00\",\"dateModified\":\"2023-11-18T12:19:14+00:00\",\"description\":\"El show de Juan Mag\u00e1n en la Plaza de Espa\u00f1a de la capital andaluza ha puesto a la ciudad a bailar todas sus canciones\",\"breadcrumb\":{\"@id\":\"https:\\\/\\\/unaymilletras.com\\\/juan-magan-transforma-sevilla-en-la-capital-del-house-y-el-electrolatino\\\/#breadcrumb\"},\"inLanguage\":\"en-GB\",\"potentialAction\":[{\"@type\":\"ReadAction\",\"target\":[\"https:\\\/\\\/unaymilletras.com\\\/juan-magan-transforma-sevilla-en-la-capital-del-house-y-el-electrolatino\\\/\"]}]},{\"@type\":\"ImageObject\",\"inLanguage\":\"en-GB\",\"@id\":\"https:\\\/\\\/unaymilletras.com\\\/juan-magan-transforma-sevilla-en-la-capital-del-house-y-el-electrolatino\\\/#primaryimage\",\"url\":\"https:\\\/\\\/unaymilletras.com\\\/wp-content\\\/uploads\\\/2023\\\/11\\\/image-1-2-scaled-e1700309739516.jpg\",\"contentUrl\":\"https:\\\/\\\/unaymilletras.com\\\/wp-content\\\/uploads\\\/2023\\\/11\\\/image-1-2-scaled-e1700309739516.jpg\",\"width\":600,\"height\":400,\"caption\":\"Juan Mag\u00e1n\"},{\"@type\":\"BreadcrumbList\",\"@id\":\"https:\\\/\\\/unaymilletras.com\\\/juan-magan-transforma-sevilla-en-la-capital-del-house-y-el-electrolatino\\\/#breadcrumb\",\"itemListElement\":[{\"@type\":\"ListItem\",\"position\":1,\"name\":\"Home\",\"item\":\"http:\\\/\\\/unaymilletras.com\\\/\"},{\"@type\":\"ListItem\",\"position\":2,\"name\":\"Juan Mag\u00e1n transforma Sevilla en la Capital del House y el Electrolatino\"}]},{\"@type\":\"WebSite\",\"@id\":\"http:\\\/\\\/unaymilletras.com\\\/#website\",\"url\":\"http:\\\/\\\/unaymilletras.com\\\/\",\"name\":\"Una y Mil Letras\",\"description\":\"\",\"publisher\":{\"@id\":\"http:\\\/\\\/unaymilletras.com\\\/#organization\"},\"potentialAction\":[{\"@type\":\"SearchAction\",\"target\":{\"@type\":\"EntryPoint\",\"urlTemplate\":\"http:\\\/\\\/unaymilletras.com\\\/?s={search_term_string}\"},\"query-input\":{\"@type\":\"PropertyValueSpecification\",\"valueRequired\":true,\"valueName\":\"search_term_string\"}}],\"inLanguage\":\"en-GB\"},{\"@type\":\"Organization\",\"@id\":\"http:\\\/\\\/unaymilletras.com\\\/#organization\",\"name\":\"Una y Mil Letras\",\"url\":\"http:\\\/\\\/unaymilletras.com\\\/\",\"logo\":{\"@type\":\"ImageObject\",\"inLanguage\":\"en-GB\",\"@id\":\"http:\\\/\\\/unaymilletras.com\\\/#\\\/schema\\\/logo\\\/image\\\/\",\"url\":\"https:\\\/\\\/unaymilletras.com\\\/wp-content\\\/uploads\\\/2024\\\/06\\\/cropped-Logo-removebg-preview.png\",\"contentUrl\":\"https:\\\/\\\/unaymilletras.com\\\/wp-content\\\/uploads\\\/2024\\\/06\\\/cropped-Logo-removebg-preview.png\",\"width\":512,\"height\":512,\"caption\":\"Una y Mil Letras\"},\"image\":{\"@id\":\"http:\\\/\\\/unaymilletras.com\\\/#\\\/schema\\\/logo\\\/image\\\/\"},\"sameAs\":[\"https:\\\/\\\/x.com\\\/UnaYMilLetras\",\"https:\\\/\\\/instagram.com\\\/UnaYMilLetras\"]},{\"@type\":\"Person\",\"@id\":\"http:\\\/\\\/unaymilletras.com\\\/#\\\/schema\\\/person\\\/d55ba681b8a4e463d8982dbe36a5dc94\",\"name\":\"Maria Gil Robledo\",\"image\":{\"@type\":\"ImageObject\",\"inLanguage\":\"en-GB\",\"@id\":\"https:\\\/\\\/secure.gravatar.com\\\/avatar\\\/4b8e5102e0015789407eb4870b12f0f2857952d83ca124058f92b764bd1840c3?s=96&d=mm&r=g\",\"url\":\"https:\\\/\\\/secure.gravatar.com\\\/avatar\\\/4b8e5102e0015789407eb4870b12f0f2857952d83ca124058f92b764bd1840c3?s=96&d=mm&r=g\",\"contentUrl\":\"https:\\\/\\\/secure.gravatar.com\\\/avatar\\\/4b8e5102e0015789407eb4870b12f0f2857952d83ca124058f92b764bd1840c3?s=96&d=mm&r=g\",\"caption\":\"Maria Gil Robledo\"},\"sameAs\":[\"http:\\\/\\\/unaymilletras.com\"],\"url\":\"https:\\\/\\\/unaymilletras.com\\\/en\\\/author\\\/mariiagiil02_\\\/\"}]}<\/script>\n<!-- \/ Yoast SEO plugin. -->","yoast_head_json":{"title":"Juan Mag\u00e1n transforma Sevilla en la Capital del House y el Electrolatino &#8902; Una y Mil Letras","description":"El show de Juan Mag\u00e1n en la Plaza de Espa\u00f1a de la capital andaluza ha puesto a la ciudad a bailar todas sus canciones","robots":{"index":"index","follow":"follow","max-snippet":"max-snippet:-1","max-image-preview":"max-image-preview:large","max-video-preview":"max-video-preview:-1"},"canonical":"https:\/\/unaymilletras.com\/en\/juan-magan-transforma-sevilla-en-la-capital-del-house-y-el-electrolatino\/","og_locale":"en_GB","og_type":"article","og_title":"Juan Mag\u00e1n transforma Sevilla en la Capital del House y el Electrolatino &#8902; Una y Mil Letras","og_description":"El show de Juan Mag\u00e1n en la Plaza de Espa\u00f1a de la capital andaluza ha puesto a la ciudad a bailar todas sus canciones","og_url":"https:\/\/unaymilletras.com\/en\/juan-magan-transforma-sevilla-en-la-capital-del-house-y-el-electrolatino\/","og_site_name":"Una y Mil Letras","article_published_time":"2023-11-18T12:19:08+00:00","article_modified_time":"2023-11-18T12:19:14+00:00","og_image":[{"width":600,"height":400,"url":"http:\/\/unaymilletras.com\/wp-content\/uploads\/2023\/11\/image-1-2-scaled-e1700309739516.jpg","type":"image\/jpeg"}],"author":"Maria Gil Robledo","twitter_card":"summary_large_image","twitter_creator":"@UnaYMilLetras","twitter_site":"@UnaYMilLetras","twitter_misc":{"Written by":"Maria Gil Robledo","Estimated reading time":"2 minutes"},"schema":{"@context":"https:\/\/schema.org","@graph":[{"@type":"Article","@id":"https:\/\/unaymilletras.com\/juan-magan-transforma-sevilla-en-la-capital-del-house-y-el-electrolatino\/#article","isPartOf":{"@id":"https:\/\/unaymilletras.com\/juan-magan-transforma-sevilla-en-la-capital-del-house-y-el-electrolatino\/"},"author":{"name":"Maria Gil Robledo","@id":"http:\/\/unaymilletras.com\/#\/schema\/person\/d55ba681b8a4e463d8982dbe36a5dc94"},"headline":"Juan Mag\u00e1n transforma Sevilla en la Capital del House y el Electrolatino","datePublished":"2023-11-18T12:19:08+00:00","dateModified":"2023-11-18T12:19:14+00:00","mainEntityOfPage":{"@id":"https:\/\/unaymilletras.com\/juan-magan-transforma-sevilla-en-la-capital-del-house-y-el-electrolatino\/"},"wordCount":356,"commentCount":0,"publisher":{"@id":"http:\/\/unaymilletras.com\/#organization"},"image":{"@id":"https:\/\/unaymilletras.com\/juan-magan-transforma-sevilla-en-la-capital-del-house-y-el-electrolatino\/#primaryimage"},"thumbnailUrl":"https:\/\/unaymilletras.com\/wp-content\/uploads\/2023\/11\/image-1-2-scaled-e1700309739516.jpg","articleSection":["M\u00fasica"],"inLanguage":"en-GB","potentialAction":[{"@type":"CommentAction","name":"Comment","target":["https:\/\/unaymilletras.com\/juan-magan-transforma-sevilla-en-la-capital-del-house-y-el-electrolatino\/#respond"]}]},{"@type":"WebPage","@id":"https:\/\/unaymilletras.com\/juan-magan-transforma-sevilla-en-la-capital-del-house-y-el-electrolatino\/","url":"https:\/\/unaymilletras.com\/juan-magan-transforma-sevilla-en-la-capital-del-house-y-el-electrolatino\/","name":"Juan Mag\u00e1n transforma Sevilla en la Capital del House y el Electrolatino &#8902; Una y Mil Letras","isPartOf":{"@id":"http:\/\/unaymilletras.com\/#website"},"primaryImageOfPage":{"@id":"https:\/\/unaymilletras.com\/juan-magan-transforma-sevilla-en-la-capital-del-house-y-el-electrolatino\/#primaryimage"},"image":{"@id":"https:\/\/unaymilletras.com\/juan-magan-transforma-sevilla-en-la-capital-del-house-y-el-electrolatino\/#primaryimage"},"thumbnailUrl":"https:\/\/unaymilletras.com\/wp-content\/uploads\/2023\/11\/image-1-2-scaled-e1700309739516.jpg","datePublished":"2023-11-18T12:19:08+00:00","dateModified":"2023-11-18T12:19:14+00:00","description":"El show de Juan Mag\u00e1n en la Plaza de Espa\u00f1a de la capital andaluza ha puesto a la ciudad a bailar todas sus canciones","breadcrumb":{"@id":"https:\/\/unaymilletras.com\/juan-magan-transforma-sevilla-en-la-capital-del-house-y-el-electrolatino\/#breadcrumb"},"inLanguage":"en-GB","potentialAction":[{"@type":"ReadAction","target":["https:\/\/unaymilletras.com\/juan-magan-transforma-sevilla-en-la-capital-del-house-y-el-electrolatino\/"]}]},{"@type":"ImageObject","inLanguage":"en-GB","@id":"https:\/\/unaymilletras.com\/juan-magan-transforma-sevilla-en-la-capital-del-house-y-el-electrolatino\/#primaryimage","url":"https:\/\/unaymilletras.com\/wp-content\/uploads\/2023\/11\/image-1-2-scaled-e1700309739516.jpg","contentUrl":"https:\/\/unaymilletras.com\/wp-content\/uploads\/2023\/11\/image-1-2-scaled-e1700309739516.jpg","width":600,"height":400,"caption":"Juan Mag\u00e1n"},{"@type":"BreadcrumbList","@id":"https:\/\/unaymilletras.com\/juan-magan-transforma-sevilla-en-la-capital-del-house-y-el-electrolatino\/#breadcrumb","itemListElement":[{"@type":"ListItem","position":1,"name":"Home","item":"http:\/\/unaymilletras.com\/"},{"@type":"ListItem","position":2,"name":"Juan Mag\u00e1n transforma Sevilla en la Capital del House y el Electrolatino"}]},{"@type":"WebSite","@id":"http:\/\/unaymilletras.com\/#website","url":"http:\/\/unaymilletras.com\/","name":"Una y Mil Letras","description":"","publisher":{"@id":"http:\/\/unaymilletras.com\/#organization"},"potentialAction":[{"@type":"SearchAction","target":{"@type":"EntryPoint","urlTemplate":"http:\/\/unaymilletras.com\/?s={search_term_string}"},"query-input":{"@type":"PropertyValueSpecification","valueRequired":true,"valueName":"search_term_string"}}],"inLanguage":"en-GB"},{"@type":"Organization","@id":"http:\/\/unaymilletras.com\/#organization","name":"Una y Mil Letras","url":"http:\/\/unaymilletras.com\/","logo":{"@type":"ImageObject","inLanguage":"en-GB","@id":"http:\/\/unaymilletras.com\/#\/schema\/logo\/image\/","url":"https:\/\/unaymilletras.com\/wp-content\/uploads\/2024\/06\/cropped-Logo-removebg-preview.png","contentUrl":"https:\/\/unaymilletras.com\/wp-content\/uploads\/2024\/06\/cropped-Logo-removebg-preview.png","width":512,"height":512,"caption":"Una y Mil Letras"},"image":{"@id":"http:\/\/unaymilletras.com\/#\/schema\/logo\/image\/"},"sameAs":["https:\/\/x.com\/UnaYMilLetras","https:\/\/instagram.com\/UnaYMilLetras"]},{"@type":"Person","@id":"http:\/\/unaymilletras.com\/#\/schema\/person\/d55ba681b8a4e463d8982dbe36a5dc94","name":"Maria Gil Robledo","image":{"@type":"ImageObject","inLanguage":"en-GB","@id":"https:\/\/secure.gravatar.com\/avatar\/4b8e5102e0015789407eb4870b12f0f2857952d83ca124058f92b764bd1840c3?s=96&d=mm&r=g","url":"https:\/\/secure.gravatar.com\/avatar\/4b8e5102e0015789407eb4870b12f0f2857952d83ca124058f92b764bd1840c3?s=96&d=mm&r=g","contentUrl":"https:\/\/secure.gravatar.com\/avatar\/4b8e5102e0015789407eb4870b12f0f2857952d83ca124058f92b764bd1840c3?s=96&d=mm&r=g","caption":"Maria Gil Robledo"},"sameAs":["http:\/\/unaymilletras.com"],"url":"https:\/\/unaymilletras.com\/en\/author\/mariiagiil02_\/"}]}},"_links":{"self":[{"href":"https:\/\/unaymilletras.com\/en\/wp-json\/wp\/v2\/posts\/1581","targetHints":{"allow":["GET"]}}],"collection":[{"href":"https:\/\/unaymilletras.com\/en\/wp-json\/wp\/v2\/posts"}],"about":[{"href":"https:\/\/unaymilletras.com\/en\/wp-json\/wp\/v2\/types\/post"}],"author":[{"embeddable":true,"href":"https:\/\/unaymilletras.com\/en\/wp-json\/wp\/v2\/users\/1"}],"replies":[{"embeddable":true,"href":"https:\/\/unaymilletras.com\/en\/wp-json\/wp\/v2\/comments?post=1581"}],"version-history":[{"count":7,"href":"https:\/\/unaymilletras.com\/en\/wp-json\/wp\/v2\/posts\/1581\/revisions"}],"predecessor-version":[{"id":1589,"href":"https:\/\/unaymilletras.com\/en\/wp-json\/wp\/v2\/posts\/1581\/revisions\/1589"}],"wp:featuredmedia":[{"embeddable":true,"href":"https:\/\/unaymilletras.com\/en\/wp-json\/wp\/v2\/media\/1583"}],"wp:attachment":[{"href":"https:\/\/unaymilletras.com\/en\/wp-json\/wp\/v2\/media?parent=1581"}],"wp:term":[{"taxonomy":"category","embeddable":true,"href":"https:\/\/unaymilletras.com\/en\/wp-json\/wp\/v2\/categories?post=1581"},{"taxonomy":"post_tag","embeddable":true,"href":"https:\/\/unaymilletras.com\/en\/wp-json\/wp\/v2\/tags?post=1581"}],"curies":[{"name":"wp","href":"https:\/\/api.w.org\/{rel}","templated":true}]}}