{"id":1590,"date":"2023-11-19T11:51:25","date_gmt":"2023-11-19T10:51:25","guid":{"rendered":"https:\/\/unaymilletras.com\/?p=1590"},"modified":"2023-11-19T12:02:39","modified_gmt":"2023-11-19T11:02:39","slug":"antonio-orozco-enciende-la-noche-en-el-cierre-de-santalucia-universal-music-week","status":"publish","type":"post","link":"https:\/\/unaymilletras.com\/en\/antonio-orozco-enciende-la-noche-en-el-cierre-de-santalucia-universal-music-week\/","title":{"rendered":"Antonio Orozco enciende la noche en el cierre de Santaluc\u00eda Universal Music Week"},"content":{"rendered":"<div data-elementor-type=\"wp-post\" data-elementor-id=\"1590\" class=\"elementor elementor-1590\">\n\t\t\t\t\t\t<section class=\"elementor-section elementor-top-section elementor-element elementor-element-b4e14a9 elementor-section-boxed elementor-section-height-default elementor-section-height-default\" data-id=\"b4e14a9\" data-element_type=\"section\" data-e-type=\"section\">\n\t\t\t\t\t\t<div class=\"elementor-container elementor-column-gap-default\">\n\t\t\t\t\t<div class=\"elementor-column elementor-col-100 elementor-top-column elementor-element elementor-element-5ae72a9\" data-id=\"5ae72a9\" data-element_type=\"column\" data-e-type=\"column\">\n\t\t\t<div class=\"elementor-widget-wrap elementor-element-populated\">\n\t\t\t\t\t\t<div class=\"elementor-element elementor-element-25cbb0d elementor-widget elementor-widget-text-editor\" data-id=\"25cbb0d\" data-element_type=\"widget\" data-e-type=\"widget\" data-widget_type=\"text-editor.default\">\n\t\t\t\t<div class=\"elementor-widget-container\">\n\t\t\t\t\t\t\t\t\t<h2><span style=\"color: #808080;\"><em>El festival se despide con Antonio Orozco ante m\u00e1s de 5,000 fans, terminando la semana de los Latin Grammy<\/em><\/span><\/h2>\t\t\t\t\t\t\t\t<\/div>\n\t\t\t\t<\/div>\n\t\t\t\t\t<\/div>\n\t\t<\/div>\n\t\t\t\t\t<\/div>\n\t\t<\/section>\n\t\t\t\t<section class=\"elementor-section elementor-top-section elementor-element elementor-element-8381e8d elementor-section-boxed elementor-section-height-default elementor-section-height-default\" data-id=\"8381e8d\" data-element_type=\"section\" data-e-type=\"section\">\n\t\t\t\t\t\t<div class=\"elementor-container elementor-column-gap-default\">\n\t\t\t\t\t<div class=\"elementor-column elementor-col-100 elementor-top-column elementor-element elementor-element-8547e08\" data-id=\"8547e08\" data-element_type=\"column\" data-e-type=\"column\">\n\t\t\t<div class=\"elementor-widget-wrap elementor-element-populated\">\n\t\t\t\t\t\t<div class=\"elementor-element elementor-element-9ae142d elementor-widget elementor-widget-text-editor\" data-id=\"9ae142d\" data-element_type=\"widget\" data-e-type=\"widget\" data-widget_type=\"text-editor.default\">\n\t\t\t\t<div class=\"elementor-widget-container\">\n\t\t\t\t\t\t\t\t\t<p><strong>Antonio Oro<span style=\"color: #808080;\">zco<\/span><\/strong><span style=\"color: #808080;\">, el tit\u00e1n de los escenarios, ha concluido de manera deslumbrante el <strong><a style=\"color: #808080;\" href=\"https:\/\/unaymilletras.com\/en\/juan-magan-transforma-sevilla-en-la-capital-del-house-y-el-electrolatino\/\">Santaluc\u00eda Universal Music Week<\/a><\/strong> de S<\/span>evilla. Ante una multitud de m\u00e1s de 5.000 personas, ofreci\u00f3 un concierto que fue un \u00edntimo repaso a las canciones que han dado forma a su vida art\u00edstica.<\/p>\t\t\t\t\t\t\t\t<\/div>\n\t\t\t\t<\/div>\n\t\t\t\t\t<\/div>\n\t\t<\/div>\n\t\t\t\t\t<\/div>\n\t\t<\/section>\n\t\t\t\t<section class=\"elementor-section elementor-top-section elementor-element elementor-element-9a9256e elementor-section-boxed elementor-section-height-default elementor-section-height-default\" data-id=\"9a9256e\" data-element_type=\"section\" data-e-type=\"section\">\n\t\t\t\t\t\t<div class=\"elementor-container elementor-column-gap-default\">\n\t\t\t\t\t<div class=\"elementor-column elementor-col-100 elementor-top-column elementor-element elementor-element-23f658e\" data-id=\"23f658e\" data-element_type=\"column\" data-e-type=\"column\">\n\t\t\t<div class=\"elementor-widget-wrap elementor-element-populated\">\n\t\t\t\t\t\t<div class=\"elementor-element elementor-element-f58075d elementor-widget elementor-widget-image\" data-id=\"f58075d\" data-element_type=\"widget\" data-e-type=\"widget\" data-widget_type=\"image.default\">\n\t\t\t\t<div class=\"elementor-widget-container\">\n\t\t\t\t\t\t\t\t\t\t\t\t\t\t\t<img fetchpriority=\"high\" decoding=\"async\" width=\"640\" height=\"427\" src=\"https:\/\/unaymilletras.com\/wp-content\/uploads\/2023\/11\/AO-1024x683.jpeg\" class=\"attachment-large size-large wp-image-1592\" alt=\"Antonio Orozco\" srcset=\"https:\/\/unaymilletras.com\/wp-content\/uploads\/2023\/11\/AO-1024x683.jpeg 1024w, https:\/\/unaymilletras.com\/wp-content\/uploads\/2023\/11\/AO-300x200.jpeg 300w, https:\/\/unaymilletras.com\/wp-content\/uploads\/2023\/11\/AO-768x512.jpeg 768w, https:\/\/unaymilletras.com\/wp-content\/uploads\/2023\/11\/AO-1536x1024.jpeg 1536w, https:\/\/unaymilletras.com\/wp-content\/uploads\/2023\/11\/AO-2048x1365.jpeg 2048w, https:\/\/unaymilletras.com\/wp-content\/uploads\/2023\/11\/AO-scaled-e1700391583908.jpeg 600w\" sizes=\"(max-width: 640px) 100vw, 640px\" \/>\t\t\t\t\t\t\t\t\t\t\t\t\t\t\t<\/div>\n\t\t\t\t<\/div>\n\t\t\t\t\t<\/div>\n\t\t<\/div>\n\t\t\t\t\t<\/div>\n\t\t<\/section>\n\t\t\t\t<section class=\"elementor-section elementor-top-section elementor-element elementor-element-900b644 elementor-section-boxed elementor-section-height-default elementor-section-height-default\" data-id=\"900b644\" data-element_type=\"section\" data-e-type=\"section\">\n\t\t\t\t\t\t<div class=\"elementor-container elementor-column-gap-default\">\n\t\t\t\t\t<div class=\"elementor-column elementor-col-100 elementor-top-column elementor-element elementor-element-b60ddad\" data-id=\"b60ddad\" data-element_type=\"column\" data-e-type=\"column\">\n\t\t\t<div class=\"elementor-widget-wrap elementor-element-populated\">\n\t\t\t\t\t\t<div class=\"elementor-element elementor-element-1dc090b elementor-widget elementor-widget-text-editor\" data-id=\"1dc090b\" data-element_type=\"widget\" data-e-type=\"widget\" data-widget_type=\"text-editor.default\">\n\t\t\t\t<div class=\"elementor-widget-container\">\n\t\t\t\t\t\t\t\t\t<p>Orozco, un verdadero maestro del directo, deslumbr\u00f3 al p\u00fablico desde el principio con su nuevo sencillo, <em>La Revoluci\u00f3n<\/em>. Este concierto, parte de una gira que abarc\u00f3 quince grandes recintos en toda Espa\u00f1a, fue un regalo a la capital andaluza en la semana de los eventos previos a los<strong>\u00a0Latin Grammy<\/strong>.<\/p><p>El artista catal\u00e1n cre\u00f3 una experiencia \u00fanica, mezclando energ\u00eda y emotividad. Canciones emblem\u00e1ticas, convertidas en himnos a lo largo de los a\u00f1os, resonaron en la Plaza de Espa\u00f1a. \u00c9xitos como <em>Devu\u00e9lveme la vida<\/em>, <em>El viaje<\/em>, <em>Lo que quieras soy<\/em>, <em>Una y otra vez<\/em>, <em>Llegar\u00e1<\/em>, <em>Estoy hecho de pedacitos de ti<\/em>, <em>Hoy ser\u00e1<\/em>, y <em>Mi h\u00e9roe<\/em>, fueron entonados a d\u00fao por Orozco y el p\u00fablico.<\/p><p>El repertorio incluy\u00f3 tambi\u00e9n temas de su d\u00e9cimo \u00e1lbum, <em>Avi\u00f3nica<\/em>, como la ic\u00f3nica <em>Entre sobras y sobras me faltas<\/em>. Con m\u00e1s de 1.5 millones de discos vendidos y un historial impresionante, Orozco se erige como uno de los artistas m\u00e1s queridos de la escena musical espa\u00f1ola. Su actuaci\u00f3n fue el ep\u00edlogo perfecto para el Santaluc\u00eda Universal Music Week, el evento m\u00e1s destacado en torno a los Latin Grammy\u00a0en Sevilla<\/p>\t\t\t\t\t\t\t\t<\/div>\n\t\t\t\t<\/div>\n\t\t\t\t\t<\/div>\n\t\t<\/div>\n\t\t\t\t\t<\/div>\n\t\t<\/section>\n\t\t\t\t<\/div>","protected":false},"excerpt":{"rendered":"<p>El festival se despide con Antonio Orozco ante m\u00e1s de 5,000 fans, terminando la semana de los Latin Grammy Antonio Orozco, el tit\u00e1n de los escenarios, ha concluido de manera deslumbrante el Santaluc\u00eda Universal Music Week de Sevilla. Ante una multitud de m\u00e1s de 5.000 personas, ofreci\u00f3 un concierto que fue un \u00edntimo repaso a [&hellip;]<\/p>\n","protected":false},"author":1,"featured_media":1592,"comment_status":"open","ping_status":"open","sticky":false,"template":"","format":"standard","meta":{"footnotes":""},"categories":[4],"tags":[],"class_list":["post-1590","post","type-post","status-publish","format-standard","has-post-thumbnail","hentry","category-musica"],"yoast_head":"<!-- This site is optimized with the Yoast SEO plugin v27.4 - https:\/\/yoast.com\/product\/yoast-seo-wordpress\/ -->\n<title>Antonio Orozco enciende la noche en el cierre de Santaluc\u00eda Universal Music Week &#8902; Una y Mil Letras<\/title>\n<meta name=\"description\" content=\"El festival se despide con Antonio Orozco ante m\u00e1s de 5,000 fans, terminando la semana de los Grammy Latinos\" \/>\n<meta name=\"robots\" content=\"index, follow, max-snippet:-1, max-image-preview:large, max-video-preview:-1\" \/>\n<link rel=\"canonical\" href=\"https:\/\/unaymilletras.com\/en\/antonio-orozco-enciende-la-noche-en-el-cierre-de-santalucia-universal-music-week\/\" \/>\n<meta property=\"og:locale\" content=\"en_GB\" \/>\n<meta property=\"og:type\" content=\"article\" \/>\n<meta property=\"og:title\" content=\"Antonio Orozco enciende la noche en el cierre de Santaluc\u00eda Universal Music Week &#8902; Una y Mil Letras\" \/>\n<meta property=\"og:description\" content=\"El festival se despide con Antonio Orozco ante m\u00e1s de 5,000 fans, terminando la semana de los Grammy Latinos\" \/>\n<meta property=\"og:url\" content=\"https:\/\/unaymilletras.com\/en\/antonio-orozco-enciende-la-noche-en-el-cierre-de-santalucia-universal-music-week\/\" \/>\n<meta property=\"og:site_name\" content=\"Una y Mil Letras\" \/>\n<meta property=\"article:published_time\" content=\"2023-11-19T10:51:25+00:00\" \/>\n<meta property=\"article:modified_time\" content=\"2023-11-19T11:02:39+00:00\" \/>\n<meta property=\"og:image\" content=\"http:\/\/unaymilletras.com\/wp-content\/uploads\/2023\/11\/AO-scaled-e1700391583908.jpeg\" \/>\n\t<meta property=\"og:image:width\" content=\"600\" \/>\n\t<meta property=\"og:image:height\" content=\"400\" \/>\n\t<meta property=\"og:image:type\" content=\"image\/jpeg\" \/>\n<meta name=\"author\" content=\"Maria Gil Robledo\" \/>\n<meta name=\"twitter:card\" content=\"summary_large_image\" \/>\n<meta name=\"twitter:creator\" content=\"@UnaYMilLetras\" \/>\n<meta name=\"twitter:site\" content=\"@UnaYMilLetras\" \/>\n<meta name=\"twitter:label1\" content=\"Written by\" \/>\n\t<meta name=\"twitter:data1\" content=\"Maria Gil Robledo\" \/>\n\t<meta name=\"twitter:label2\" content=\"Estimated reading time\" \/>\n\t<meta name=\"twitter:data2\" content=\"2 minutes\" \/>\n<script type=\"application\/ld+json\" class=\"yoast-schema-graph\">{\"@context\":\"https:\\\/\\\/schema.org\",\"@graph\":[{\"@type\":\"Article\",\"@id\":\"https:\\\/\\\/unaymilletras.com\\\/antonio-orozco-enciende-la-noche-en-el-cierre-de-santalucia-universal-music-week\\\/#article\",\"isPartOf\":{\"@id\":\"https:\\\/\\\/unaymilletras.com\\\/antonio-orozco-enciende-la-noche-en-el-cierre-de-santalucia-universal-music-week\\\/\"},\"author\":{\"name\":\"Maria Gil Robledo\",\"@id\":\"http:\\\/\\\/unaymilletras.com\\\/#\\\/schema\\\/person\\\/d55ba681b8a4e463d8982dbe36a5dc94\"},\"headline\":\"Antonio Orozco enciende la noche en el cierre de Santaluc\u00eda Universal Music Week\",\"datePublished\":\"2023-11-19T10:51:25+00:00\",\"dateModified\":\"2023-11-19T11:02:39+00:00\",\"mainEntityOfPage\":{\"@id\":\"https:\\\/\\\/unaymilletras.com\\\/antonio-orozco-enciende-la-noche-en-el-cierre-de-santalucia-universal-music-week\\\/\"},\"wordCount\":288,\"commentCount\":0,\"publisher\":{\"@id\":\"http:\\\/\\\/unaymilletras.com\\\/#organization\"},\"image\":{\"@id\":\"https:\\\/\\\/unaymilletras.com\\\/antonio-orozco-enciende-la-noche-en-el-cierre-de-santalucia-universal-music-week\\\/#primaryimage\"},\"thumbnailUrl\":\"https:\\\/\\\/unaymilletras.com\\\/wp-content\\\/uploads\\\/2023\\\/11\\\/AO-scaled-e1700391583908.jpeg\",\"articleSection\":[\"M\u00fasica\"],\"inLanguage\":\"en-GB\",\"potentialAction\":[{\"@type\":\"CommentAction\",\"name\":\"Comment\",\"target\":[\"https:\\\/\\\/unaymilletras.com\\\/antonio-orozco-enciende-la-noche-en-el-cierre-de-santalucia-universal-music-week\\\/#respond\"]}]},{\"@type\":\"WebPage\",\"@id\":\"https:\\\/\\\/unaymilletras.com\\\/antonio-orozco-enciende-la-noche-en-el-cierre-de-santalucia-universal-music-week\\\/\",\"url\":\"https:\\\/\\\/unaymilletras.com\\\/antonio-orozco-enciende-la-noche-en-el-cierre-de-santalucia-universal-music-week\\\/\",\"name\":\"Antonio Orozco enciende la noche en el cierre de Santaluc\u00eda Universal Music Week &#8902; Una y Mil Letras\",\"isPartOf\":{\"@id\":\"http:\\\/\\\/unaymilletras.com\\\/#website\"},\"primaryImageOfPage\":{\"@id\":\"https:\\\/\\\/unaymilletras.com\\\/antonio-orozco-enciende-la-noche-en-el-cierre-de-santalucia-universal-music-week\\\/#primaryimage\"},\"image\":{\"@id\":\"https:\\\/\\\/unaymilletras.com\\\/antonio-orozco-enciende-la-noche-en-el-cierre-de-santalucia-universal-music-week\\\/#primaryimage\"},\"thumbnailUrl\":\"https:\\\/\\\/unaymilletras.com\\\/wp-content\\\/uploads\\\/2023\\\/11\\\/AO-scaled-e1700391583908.jpeg\",\"datePublished\":\"2023-11-19T10:51:25+00:00\",\"dateModified\":\"2023-11-19T11:02:39+00:00\",\"description\":\"El festival se despide con Antonio Orozco ante m\u00e1s de 5,000 fans, terminando la semana de los Grammy Latinos\",\"breadcrumb\":{\"@id\":\"https:\\\/\\\/unaymilletras.com\\\/antonio-orozco-enciende-la-noche-en-el-cierre-de-santalucia-universal-music-week\\\/#breadcrumb\"},\"inLanguage\":\"en-GB\",\"potentialAction\":[{\"@type\":\"ReadAction\",\"target\":[\"https:\\\/\\\/unaymilletras.com\\\/antonio-orozco-enciende-la-noche-en-el-cierre-de-santalucia-universal-music-week\\\/\"]}]},{\"@type\":\"ImageObject\",\"inLanguage\":\"en-GB\",\"@id\":\"https:\\\/\\\/unaymilletras.com\\\/antonio-orozco-enciende-la-noche-en-el-cierre-de-santalucia-universal-music-week\\\/#primaryimage\",\"url\":\"https:\\\/\\\/unaymilletras.com\\\/wp-content\\\/uploads\\\/2023\\\/11\\\/AO-scaled-e1700391583908.jpeg\",\"contentUrl\":\"https:\\\/\\\/unaymilletras.com\\\/wp-content\\\/uploads\\\/2023\\\/11\\\/AO-scaled-e1700391583908.jpeg\",\"width\":600,\"height\":400,\"caption\":\"Antonio Orozco\"},{\"@type\":\"BreadcrumbList\",\"@id\":\"https:\\\/\\\/unaymilletras.com\\\/antonio-orozco-enciende-la-noche-en-el-cierre-de-santalucia-universal-music-week\\\/#breadcrumb\",\"itemListElement\":[{\"@type\":\"ListItem\",\"position\":1,\"name\":\"Home\",\"item\":\"http:\\\/\\\/unaymilletras.com\\\/\"},{\"@type\":\"ListItem\",\"position\":2,\"name\":\"Antonio Orozco enciende la noche en el cierre de Santaluc\u00eda Universal Music Week\"}]},{\"@type\":\"WebSite\",\"@id\":\"http:\\\/\\\/unaymilletras.com\\\/#website\",\"url\":\"http:\\\/\\\/unaymilletras.com\\\/\",\"name\":\"Una y Mil Letras\",\"description\":\"\",\"publisher\":{\"@id\":\"http:\\\/\\\/unaymilletras.com\\\/#organization\"},\"potentialAction\":[{\"@type\":\"SearchAction\",\"target\":{\"@type\":\"EntryPoint\",\"urlTemplate\":\"http:\\\/\\\/unaymilletras.com\\\/?s={search_term_string}\"},\"query-input\":{\"@type\":\"PropertyValueSpecification\",\"valueRequired\":true,\"valueName\":\"search_term_string\"}}],\"inLanguage\":\"en-GB\"},{\"@type\":\"Organization\",\"@id\":\"http:\\\/\\\/unaymilletras.com\\\/#organization\",\"name\":\"Una y Mil Letras\",\"url\":\"http:\\\/\\\/unaymilletras.com\\\/\",\"logo\":{\"@type\":\"ImageObject\",\"inLanguage\":\"en-GB\",\"@id\":\"http:\\\/\\\/unaymilletras.com\\\/#\\\/schema\\\/logo\\\/image\\\/\",\"url\":\"https:\\\/\\\/unaymilletras.com\\\/wp-content\\\/uploads\\\/2024\\\/06\\\/cropped-Logo-removebg-preview.png\",\"contentUrl\":\"https:\\\/\\\/unaymilletras.com\\\/wp-content\\\/uploads\\\/2024\\\/06\\\/cropped-Logo-removebg-preview.png\",\"width\":512,\"height\":512,\"caption\":\"Una y Mil Letras\"},\"image\":{\"@id\":\"http:\\\/\\\/unaymilletras.com\\\/#\\\/schema\\\/logo\\\/image\\\/\"},\"sameAs\":[\"https:\\\/\\\/x.com\\\/UnaYMilLetras\",\"https:\\\/\\\/instagram.com\\\/UnaYMilLetras\"]},{\"@type\":\"Person\",\"@id\":\"http:\\\/\\\/unaymilletras.com\\\/#\\\/schema\\\/person\\\/d55ba681b8a4e463d8982dbe36a5dc94\",\"name\":\"Maria Gil Robledo\",\"image\":{\"@type\":\"ImageObject\",\"inLanguage\":\"en-GB\",\"@id\":\"https:\\\/\\\/secure.gravatar.com\\\/avatar\\\/4b8e5102e0015789407eb4870b12f0f2857952d83ca124058f92b764bd1840c3?s=96&d=mm&r=g\",\"url\":\"https:\\\/\\\/secure.gravatar.com\\\/avatar\\\/4b8e5102e0015789407eb4870b12f0f2857952d83ca124058f92b764bd1840c3?s=96&d=mm&r=g\",\"contentUrl\":\"https:\\\/\\\/secure.gravatar.com\\\/avatar\\\/4b8e5102e0015789407eb4870b12f0f2857952d83ca124058f92b764bd1840c3?s=96&d=mm&r=g\",\"caption\":\"Maria Gil Robledo\"},\"sameAs\":[\"http:\\\/\\\/unaymilletras.com\"],\"url\":\"https:\\\/\\\/unaymilletras.com\\\/en\\\/author\\\/mariiagiil02_\\\/\"}]}<\/script>\n<!-- \/ Yoast SEO plugin. -->","yoast_head_json":{"title":"Antonio Orozco enciende la noche en el cierre de Santaluc\u00eda Universal Music Week &#8902; Una y Mil Letras","description":"El festival se despide con Antonio Orozco ante m\u00e1s de 5,000 fans, terminando la semana de los Grammy Latinos","robots":{"index":"index","follow":"follow","max-snippet":"max-snippet:-1","max-image-preview":"max-image-preview:large","max-video-preview":"max-video-preview:-1"},"canonical":"https:\/\/unaymilletras.com\/en\/antonio-orozco-enciende-la-noche-en-el-cierre-de-santalucia-universal-music-week\/","og_locale":"en_GB","og_type":"article","og_title":"Antonio Orozco enciende la noche en el cierre de Santaluc\u00eda Universal Music Week &#8902; Una y Mil Letras","og_description":"El festival se despide con Antonio Orozco ante m\u00e1s de 5,000 fans, terminando la semana de los Grammy Latinos","og_url":"https:\/\/unaymilletras.com\/en\/antonio-orozco-enciende-la-noche-en-el-cierre-de-santalucia-universal-music-week\/","og_site_name":"Una y Mil Letras","article_published_time":"2023-11-19T10:51:25+00:00","article_modified_time":"2023-11-19T11:02:39+00:00","og_image":[{"width":600,"height":400,"url":"http:\/\/unaymilletras.com\/wp-content\/uploads\/2023\/11\/AO-scaled-e1700391583908.jpeg","type":"image\/jpeg"}],"author":"Maria Gil Robledo","twitter_card":"summary_large_image","twitter_creator":"@UnaYMilLetras","twitter_site":"@UnaYMilLetras","twitter_misc":{"Written by":"Maria Gil Robledo","Estimated reading time":"2 minutes"},"schema":{"@context":"https:\/\/schema.org","@graph":[{"@type":"Article","@id":"https:\/\/unaymilletras.com\/antonio-orozco-enciende-la-noche-en-el-cierre-de-santalucia-universal-music-week\/#article","isPartOf":{"@id":"https:\/\/unaymilletras.com\/antonio-orozco-enciende-la-noche-en-el-cierre-de-santalucia-universal-music-week\/"},"author":{"name":"Maria Gil Robledo","@id":"http:\/\/unaymilletras.com\/#\/schema\/person\/d55ba681b8a4e463d8982dbe36a5dc94"},"headline":"Antonio Orozco enciende la noche en el cierre de Santaluc\u00eda Universal Music Week","datePublished":"2023-11-19T10:51:25+00:00","dateModified":"2023-11-19T11:02:39+00:00","mainEntityOfPage":{"@id":"https:\/\/unaymilletras.com\/antonio-orozco-enciende-la-noche-en-el-cierre-de-santalucia-universal-music-week\/"},"wordCount":288,"commentCount":0,"publisher":{"@id":"http:\/\/unaymilletras.com\/#organization"},"image":{"@id":"https:\/\/unaymilletras.com\/antonio-orozco-enciende-la-noche-en-el-cierre-de-santalucia-universal-music-week\/#primaryimage"},"thumbnailUrl":"https:\/\/unaymilletras.com\/wp-content\/uploads\/2023\/11\/AO-scaled-e1700391583908.jpeg","articleSection":["M\u00fasica"],"inLanguage":"en-GB","potentialAction":[{"@type":"CommentAction","name":"Comment","target":["https:\/\/unaymilletras.com\/antonio-orozco-enciende-la-noche-en-el-cierre-de-santalucia-universal-music-week\/#respond"]}]},{"@type":"WebPage","@id":"https:\/\/unaymilletras.com\/antonio-orozco-enciende-la-noche-en-el-cierre-de-santalucia-universal-music-week\/","url":"https:\/\/unaymilletras.com\/antonio-orozco-enciende-la-noche-en-el-cierre-de-santalucia-universal-music-week\/","name":"Antonio Orozco enciende la noche en el cierre de Santaluc\u00eda Universal Music Week &#8902; Una y Mil Letras","isPartOf":{"@id":"http:\/\/unaymilletras.com\/#website"},"primaryImageOfPage":{"@id":"https:\/\/unaymilletras.com\/antonio-orozco-enciende-la-noche-en-el-cierre-de-santalucia-universal-music-week\/#primaryimage"},"image":{"@id":"https:\/\/unaymilletras.com\/antonio-orozco-enciende-la-noche-en-el-cierre-de-santalucia-universal-music-week\/#primaryimage"},"thumbnailUrl":"https:\/\/unaymilletras.com\/wp-content\/uploads\/2023\/11\/AO-scaled-e1700391583908.jpeg","datePublished":"2023-11-19T10:51:25+00:00","dateModified":"2023-11-19T11:02:39+00:00","description":"El festival se despide con Antonio Orozco ante m\u00e1s de 5,000 fans, terminando la semana de los Grammy Latinos","breadcrumb":{"@id":"https:\/\/unaymilletras.com\/antonio-orozco-enciende-la-noche-en-el-cierre-de-santalucia-universal-music-week\/#breadcrumb"},"inLanguage":"en-GB","potentialAction":[{"@type":"ReadAction","target":["https:\/\/unaymilletras.com\/antonio-orozco-enciende-la-noche-en-el-cierre-de-santalucia-universal-music-week\/"]}]},{"@type":"ImageObject","inLanguage":"en-GB","@id":"https:\/\/unaymilletras.com\/antonio-orozco-enciende-la-noche-en-el-cierre-de-santalucia-universal-music-week\/#primaryimage","url":"https:\/\/unaymilletras.com\/wp-content\/uploads\/2023\/11\/AO-scaled-e1700391583908.jpeg","contentUrl":"https:\/\/unaymilletras.com\/wp-content\/uploads\/2023\/11\/AO-scaled-e1700391583908.jpeg","width":600,"height":400,"caption":"Antonio Orozco"},{"@type":"BreadcrumbList","@id":"https:\/\/unaymilletras.com\/antonio-orozco-enciende-la-noche-en-el-cierre-de-santalucia-universal-music-week\/#breadcrumb","itemListElement":[{"@type":"ListItem","position":1,"name":"Home","item":"http:\/\/unaymilletras.com\/"},{"@type":"ListItem","position":2,"name":"Antonio Orozco enciende la noche en el cierre de Santaluc\u00eda Universal Music Week"}]},{"@type":"WebSite","@id":"http:\/\/unaymilletras.com\/#website","url":"http:\/\/unaymilletras.com\/","name":"Una y Mil Letras","description":"","publisher":{"@id":"http:\/\/unaymilletras.com\/#organization"},"potentialAction":[{"@type":"SearchAction","target":{"@type":"EntryPoint","urlTemplate":"http:\/\/unaymilletras.com\/?s={search_term_string}"},"query-input":{"@type":"PropertyValueSpecification","valueRequired":true,"valueName":"search_term_string"}}],"inLanguage":"en-GB"},{"@type":"Organization","@id":"http:\/\/unaymilletras.com\/#organization","name":"Una y Mil Letras","url":"http:\/\/unaymilletras.com\/","logo":{"@type":"ImageObject","inLanguage":"en-GB","@id":"http:\/\/unaymilletras.com\/#\/schema\/logo\/image\/","url":"https:\/\/unaymilletras.com\/wp-content\/uploads\/2024\/06\/cropped-Logo-removebg-preview.png","contentUrl":"https:\/\/unaymilletras.com\/wp-content\/uploads\/2024\/06\/cropped-Logo-removebg-preview.png","width":512,"height":512,"caption":"Una y Mil Letras"},"image":{"@id":"http:\/\/unaymilletras.com\/#\/schema\/logo\/image\/"},"sameAs":["https:\/\/x.com\/UnaYMilLetras","https:\/\/instagram.com\/UnaYMilLetras"]},{"@type":"Person","@id":"http:\/\/unaymilletras.com\/#\/schema\/person\/d55ba681b8a4e463d8982dbe36a5dc94","name":"Maria Gil Robledo","image":{"@type":"ImageObject","inLanguage":"en-GB","@id":"https:\/\/secure.gravatar.com\/avatar\/4b8e5102e0015789407eb4870b12f0f2857952d83ca124058f92b764bd1840c3?s=96&d=mm&r=g","url":"https:\/\/secure.gravatar.com\/avatar\/4b8e5102e0015789407eb4870b12f0f2857952d83ca124058f92b764bd1840c3?s=96&d=mm&r=g","contentUrl":"https:\/\/secure.gravatar.com\/avatar\/4b8e5102e0015789407eb4870b12f0f2857952d83ca124058f92b764bd1840c3?s=96&d=mm&r=g","caption":"Maria Gil Robledo"},"sameAs":["http:\/\/unaymilletras.com"],"url":"https:\/\/unaymilletras.com\/en\/author\/mariiagiil02_\/"}]}},"_links":{"self":[{"href":"https:\/\/unaymilletras.com\/en\/wp-json\/wp\/v2\/posts\/1590","targetHints":{"allow":["GET"]}}],"collection":[{"href":"https:\/\/unaymilletras.com\/en\/wp-json\/wp\/v2\/posts"}],"about":[{"href":"https:\/\/unaymilletras.com\/en\/wp-json\/wp\/v2\/types\/post"}],"author":[{"embeddable":true,"href":"https:\/\/unaymilletras.com\/en\/wp-json\/wp\/v2\/users\/1"}],"replies":[{"embeddable":true,"href":"https:\/\/unaymilletras.com\/en\/wp-json\/wp\/v2\/comments?post=1590"}],"version-history":[{"count":4,"href":"https:\/\/unaymilletras.com\/en\/wp-json\/wp\/v2\/posts\/1590\/revisions"}],"predecessor-version":[{"id":1595,"href":"https:\/\/unaymilletras.com\/en\/wp-json\/wp\/v2\/posts\/1590\/revisions\/1595"}],"wp:featuredmedia":[{"embeddable":true,"href":"https:\/\/unaymilletras.com\/en\/wp-json\/wp\/v2\/media\/1592"}],"wp:attachment":[{"href":"https:\/\/unaymilletras.com\/en\/wp-json\/wp\/v2\/media?parent=1590"}],"wp:term":[{"taxonomy":"category","embeddable":true,"href":"https:\/\/unaymilletras.com\/en\/wp-json\/wp\/v2\/categories?post=1590"},{"taxonomy":"post_tag","embeddable":true,"href":"https:\/\/unaymilletras.com\/en\/wp-json\/wp\/v2\/tags?post=1590"}],"curies":[{"name":"wp","href":"https:\/\/api.w.org\/{rel}","templated":true}]}}