{"id":1596,"date":"2023-11-21T12:55:59","date_gmt":"2023-11-21T11:55:59","guid":{"rendered":"https:\/\/unaymilletras.com\/?p=1596"},"modified":"2023-11-21T12:56:47","modified_gmt":"2023-11-21T11:56:47","slug":"pombo-ya-tiene-su-primer-adelanto","status":"publish","type":"post","link":"https:\/\/unaymilletras.com\/en\/pombo-ya-tiene-su-primer-adelanto\/","title":{"rendered":"\u201cPombo\u201d ya tiene su primer adelanto"},"content":{"rendered":"<div data-elementor-type=\"wp-post\" data-elementor-id=\"1596\" class=\"elementor elementor-1596\">\n\t\t\t\t\t\t<section class=\"elementor-section elementor-top-section elementor-element elementor-element-2a1859b elementor-section-boxed elementor-section-height-default elementor-section-height-default\" data-id=\"2a1859b\" data-element_type=\"section\" data-e-type=\"section\">\n\t\t\t\t\t\t<div class=\"elementor-container elementor-column-gap-default\">\n\t\t\t\t\t<div class=\"elementor-column elementor-col-100 elementor-top-column elementor-element elementor-element-e3810d6\" data-id=\"e3810d6\" data-element_type=\"column\" data-e-type=\"column\">\n\t\t\t<div class=\"elementor-widget-wrap elementor-element-populated\">\n\t\t\t\t\t\t<div class=\"elementor-element elementor-element-1d77d04 elementor-widget elementor-widget-text-editor\" data-id=\"1d77d04\" data-element_type=\"widget\" data-e-type=\"widget\" data-widget_type=\"text-editor.default\">\n\t\t\t\t<div class=\"elementor-widget-container\">\n\t\t\t\t\t\t\t\t\t<h2><span style=\"color: #808080;\"><em>El pr\u00f3ximo 29 de noviembre llegar\u00e1 la docuserie de los Pombo y ya se puede ver el tr\u00e1iler de este nuevo proyecto<\/em><\/span><\/h2>\t\t\t\t\t\t\t\t<\/div>\n\t\t\t\t<\/div>\n\t\t\t\t\t<\/div>\n\t\t<\/div>\n\t\t\t\t\t<\/div>\n\t\t<\/section>\n\t\t\t\t<section class=\"elementor-section elementor-top-section elementor-element elementor-element-08d8bb8 elementor-section-boxed elementor-section-height-default elementor-section-height-default\" data-id=\"08d8bb8\" data-element_type=\"section\" data-e-type=\"section\">\n\t\t\t\t\t\t<div class=\"elementor-container elementor-column-gap-default\">\n\t\t\t\t\t<div class=\"elementor-column elementor-col-100 elementor-top-column elementor-element elementor-element-d712e77\" data-id=\"d712e77\" data-element_type=\"column\" data-e-type=\"column\">\n\t\t\t<div class=\"elementor-widget-wrap elementor-element-populated\">\n\t\t\t\t\t\t<div class=\"elementor-element elementor-element-ad5f60b elementor-widget elementor-widget-text-editor\" data-id=\"ad5f60b\" data-element_type=\"widget\" data-e-type=\"widget\" data-widget_type=\"text-editor.default\">\n\t\t\t\t<div class=\"elementor-widget-container\">\n\t\t\t\t\t\t\t\t\t<p>A partir del 29 de noviembre se podr\u00e1 ver en <b>Amazon Prime<\/b> un lado desconocido de <b>los Pombo<\/b>. Una familia unida e imparable, repleta de creadores de contenido y emprendedores, van a mostrar su lado desconocido en la nueva docuserie: <em><b>Pombo<\/b><\/em>.<\/p>\t\t\t\t\t\t\t\t<\/div>\n\t\t\t\t<\/div>\n\t\t\t\t\t<\/div>\n\t\t<\/div>\n\t\t\t\t\t<\/div>\n\t\t<\/section>\n\t\t\t\t<section class=\"elementor-section elementor-top-section elementor-element elementor-element-a543867 elementor-section-boxed elementor-section-height-default elementor-section-height-default\" data-id=\"a543867\" data-element_type=\"section\" data-e-type=\"section\">\n\t\t\t\t\t\t<div class=\"elementor-container elementor-column-gap-default\">\n\t\t\t\t\t<div class=\"elementor-column elementor-col-33 elementor-top-column elementor-element elementor-element-a50606f\" data-id=\"a50606f\" data-element_type=\"column\" data-e-type=\"column\">\n\t\t\t<div class=\"elementor-widget-wrap elementor-element-populated\">\n\t\t\t\t\t\t<div class=\"elementor-element elementor-element-4139b26 elementor-widget elementor-widget-image\" data-id=\"4139b26\" data-element_type=\"widget\" data-e-type=\"widget\" data-widget_type=\"image.default\">\n\t\t\t\t<div class=\"elementor-widget-container\">\n\t\t\t\t\t\t\t\t\t\t\t\t\t\t\t<img fetchpriority=\"high\" decoding=\"async\" width=\"640\" height=\"800\" src=\"https:\/\/unaymilletras.com\/wp-content\/uploads\/2023\/11\/Pombo_KA-819x1024.jpg\" class=\"attachment-large size-large wp-image-1598\" alt=\"Pombo\" srcset=\"https:\/\/unaymilletras.com\/wp-content\/uploads\/2023\/11\/Pombo_KA-819x1024.jpg 819w, https:\/\/unaymilletras.com\/wp-content\/uploads\/2023\/11\/Pombo_KA-240x300.jpg 240w, https:\/\/unaymilletras.com\/wp-content\/uploads\/2023\/11\/Pombo_KA-768x960.jpg 768w, https:\/\/unaymilletras.com\/wp-content\/uploads\/2023\/11\/Pombo_KA-1024x1280.jpg 1024w, https:\/\/unaymilletras.com\/wp-content\/uploads\/2023\/11\/Pombo_KA-e1700567422293.jpg 600w\" sizes=\"(max-width: 640px) 100vw, 640px\" \/>\t\t\t\t\t\t\t\t\t\t\t\t\t\t\t<\/div>\n\t\t\t\t<\/div>\n\t\t\t\t\t<\/div>\n\t\t<\/div>\n\t\t\t\t<div class=\"elementor-column elementor-col-66 elementor-top-column elementor-element elementor-element-324e794\" data-id=\"324e794\" data-element_type=\"column\" data-e-type=\"column\">\n\t\t\t<div class=\"elementor-widget-wrap elementor-element-populated\">\n\t\t\t\t\t\t<div class=\"elementor-element elementor-element-c7df97a elementor-widget__width-initial elementor-widget elementor-widget-text-editor\" data-id=\"c7df97a\" data-element_type=\"widget\" data-e-type=\"widget\" data-widget_type=\"text-editor.default\">\n\t\t\t\t<div class=\"elementor-widget-container\">\n\t\t\t\t\t\t\t\t\t<p><span style=\"color: #808080;\"><b><a style=\"color: #808080;\" href=\"https:\/\/www.youtube.com\/channel\/UCaDN7dP7zCWMD8gtlEffvMQ\">Mar\u00eda Pombo<\/a><\/b>,<\/span> una de las pioneras en la creaci\u00f3n de contenido en Instagram, que tambi\u00e9n ha creado su propio emprendimiento digital y es una empresaria exitosa. <b>Marta<\/b>, que, al igual que su hermana, no solo es influencer sino que tambi\u00e9n es una emprendedora y aventurera. <b>Luc\u00eda<\/b>, por su parte, es piloto comercial. Finalmente, <b>Gabi<\/b>, la peque\u00f1a, sue\u00f1a con llegar a ser una exitosa cantante. Si nos vamos a los m\u00e1s adultos, <b>Vituco<\/b>, el padre, entr\u00f3 en el mundo de la publicidad y ahora dirige su propio negocio mientras de dedica tambi\u00e9n a su familia.<\/p>\t\t\t\t\t\t\t\t<\/div>\n\t\t\t\t<\/div>\n\t\t\t\t\t<\/div>\n\t\t<\/div>\n\t\t\t\t\t<\/div>\n\t\t<\/section>\n\t\t\t\t<section class=\"elementor-section elementor-top-section elementor-element elementor-element-5558ff5 elementor-section-boxed elementor-section-height-default elementor-section-height-default\" data-id=\"5558ff5\" data-element_type=\"section\" data-e-type=\"section\">\n\t\t\t\t\t\t<div class=\"elementor-container elementor-column-gap-default\">\n\t\t\t\t\t<div class=\"elementor-column elementor-col-100 elementor-top-column elementor-element elementor-element-9752c98\" data-id=\"9752c98\" data-element_type=\"column\" data-e-type=\"column\">\n\t\t\t<div class=\"elementor-widget-wrap elementor-element-populated\">\n\t\t\t\t\t\t<div class=\"elementor-element elementor-element-f6e3c88 elementor-widget elementor-widget-text-editor\" data-id=\"f6e3c88\" data-element_type=\"widget\" data-e-type=\"widget\" data-widget_type=\"text-editor.default\">\n\t\t\t\t<div class=\"elementor-widget-container\">\n\t\t\t\t\t\t\t\t\t<p>Cuatro episodios de 45 minutos cada uno compondr\u00e1n <em>Pombo<\/em>, la serie <span style=\"color: #808080;\"><a style=\"color: #808080;\" href=\"https:\/\/unaymilletras.com\/en\/rubius-next-level-japon\/\">documental<\/a><\/span>. En ellos, se podr\u00e1 seguir de cerca al n\u00facleo familiar, conociendo lo que hay detr\u00e1s de las redes sociales.<\/p><p>Veremos a una Mar\u00eda embarazada de su segundo hijo, uno de sus momentos m\u00e1s bonitos, y junto a su hijo <b>Martin<\/b> y su marido <b>Pablo<\/b>. Mientras, Marta Pombo ha encontrado al hombre de su vida y lucha porque todo salga bien mientras deja a un lado su ilusi\u00f3n por ser madre. Gabi tambi\u00e9n vive una lucha, en este caso con sus inseguridades y miedos que impiden que cumpla su sue\u00f1o. Y Vituco, o \u201c<b>Pap\u00edn<\/b>\u201d, saca adelante el restaurante familiar y a su vez supervisa el trabajo que hacen sus hijas para mantener a todos unidos.<\/p>\t\t\t\t\t\t\t\t<\/div>\n\t\t\t\t<\/div>\n\t\t\t\t\t<\/div>\n\t\t<\/div>\n\t\t\t\t\t<\/div>\n\t\t<\/section>\n\t\t\t\t<section class=\"elementor-section elementor-top-section elementor-element elementor-element-13cf59b elementor-section-boxed elementor-section-height-default elementor-section-height-default\" data-id=\"13cf59b\" data-element_type=\"section\" data-e-type=\"section\">\n\t\t\t\t\t\t<div class=\"elementor-container elementor-column-gap-default\">\n\t\t\t\t\t<div class=\"elementor-column elementor-col-100 elementor-top-column elementor-element elementor-element-6b1f334\" data-id=\"6b1f334\" data-element_type=\"column\" data-e-type=\"column\">\n\t\t\t<div class=\"elementor-widget-wrap elementor-element-populated\">\n\t\t\t\t\t\t<div class=\"elementor-element elementor-element-ab32f95 elementor-widget elementor-widget-video\" data-id=\"ab32f95\" data-element_type=\"widget\" data-e-type=\"widget\" data-settings=\"{&quot;youtube_url&quot;:&quot;https:\\\/\\\/www.youtube.com\\\/watch?v=qBQ9VwBAad0&quot;,&quot;video_type&quot;:&quot;youtube&quot;,&quot;controls&quot;:&quot;yes&quot;}\" data-widget_type=\"video.default\">\n\t\t\t\t<div class=\"elementor-widget-container\">\n\t\t\t\t\t\t\t<div class=\"elementor-wrapper elementor-open-inline\">\n\t\t\t<div class=\"elementor-video\"><\/div>\t\t<\/div>\n\t\t\t\t\t\t<\/div>\n\t\t\t\t<\/div>\n\t\t\t\t\t<\/div>\n\t\t<\/div>\n\t\t\t\t\t<\/div>\n\t\t<\/section>\n\t\t\t\t<section class=\"elementor-section elementor-top-section elementor-element elementor-element-503b231 elementor-section-boxed elementor-section-height-default elementor-section-height-default\" data-id=\"503b231\" data-element_type=\"section\" data-e-type=\"section\">\n\t\t\t\t\t\t<div class=\"elementor-container elementor-column-gap-default\">\n\t\t\t\t\t<div class=\"elementor-column elementor-col-100 elementor-top-column elementor-element elementor-element-c6e6123\" data-id=\"c6e6123\" data-element_type=\"column\" data-e-type=\"column\">\n\t\t\t<div class=\"elementor-widget-wrap elementor-element-populated\">\n\t\t\t\t\t\t<div class=\"elementor-element elementor-element-454dcd2 elementor-widget elementor-widget-text-editor\" data-id=\"454dcd2\" data-element_type=\"widget\" data-e-type=\"widget\" data-widget_type=\"text-editor.default\">\n\t\t\t\t<div class=\"elementor-widget-container\">\n\t\t\t\t\t\t\t\t\t<p>La docuserie, producida por <b>Komodo<\/b> <b>Studio<\/b> en colaboraci\u00f3n con Mediaset Espa\u00f1a y distribuida por <b>Mediterr\u00e1neo Mediaset Espa\u00f1a Group<\/b>, podr\u00e1 verse en exclusiva en Prime Video el 29 de noviembre como parte de la suscripci\u00f3n Prime.<\/p>\t\t\t\t\t\t\t\t<\/div>\n\t\t\t\t<\/div>\n\t\t\t\t\t<\/div>\n\t\t<\/div>\n\t\t\t\t\t<\/div>\n\t\t<\/section>\n\t\t\t\t<\/div>","protected":false},"excerpt":{"rendered":"<p>El pr\u00f3ximo 29 de noviembre llegar\u00e1 la docuserie de los Pombo y ya se puede ver el tr\u00e1iler de este nuevo proyecto A partir del 29 de noviembre se podr\u00e1 ver en Amazon Prime un lado desconocido de los Pombo. Una familia unida e imparable, repleta de creadores de contenido y emprendedores, van a mostrar [&hellip;]<\/p>\n","protected":false},"author":1,"featured_media":1598,"comment_status":"open","ping_status":"open","sticky":false,"template":"","format":"standard","meta":{"footnotes":""},"categories":[2,117],"tags":[],"class_list":["post-1596","post","type-post","status-publish","format-standard","has-post-thumbnail","hentry","category-celebrities","category-peliculas-y-series"],"yoast_head":"<!-- This site is optimized with the Yoast SEO plugin v27.4 - https:\/\/yoast.com\/product\/yoast-seo-wordpress\/ -->\n<title>\u201cPombo\u201d ya tiene su primer adelanto &#8902; Una y Mil Letras<\/title>\n<meta name=\"description\" content=\"El pr\u00f3ximo 29 de noviembre llegar\u00e1 la docuserie de los Pombo y ya se puede ver el tr\u00e1iler de este nuevo proyecto\" \/>\n<meta name=\"robots\" content=\"index, follow, max-snippet:-1, max-image-preview:large, max-video-preview:-1\" \/>\n<link rel=\"canonical\" href=\"https:\/\/unaymilletras.com\/en\/pombo-ya-tiene-su-primer-adelanto\/\" \/>\n<meta property=\"og:locale\" content=\"en_GB\" \/>\n<meta property=\"og:type\" content=\"article\" \/>\n<meta property=\"og:title\" content=\"\u201cPombo\u201d ya tiene su primer adelanto &#8902; Una y Mil Letras\" \/>\n<meta property=\"og:description\" content=\"El pr\u00f3ximo 29 de noviembre llegar\u00e1 la docuserie de los Pombo y ya se puede ver el tr\u00e1iler de este nuevo proyecto\" \/>\n<meta property=\"og:url\" content=\"https:\/\/unaymilletras.com\/en\/pombo-ya-tiene-su-primer-adelanto\/\" \/>\n<meta property=\"og:site_name\" content=\"Una y Mil Letras\" \/>\n<meta property=\"article:published_time\" content=\"2023-11-21T11:55:59+00:00\" \/>\n<meta property=\"article:modified_time\" content=\"2023-11-21T11:56:47+00:00\" \/>\n<meta property=\"og:image\" content=\"http:\/\/unaymilletras.com\/wp-content\/uploads\/2023\/11\/Pombo_KA-e1700567422293.jpg\" \/>\n\t<meta property=\"og:image:width\" content=\"600\" \/>\n\t<meta property=\"og:image:height\" content=\"750\" \/>\n\t<meta property=\"og:image:type\" content=\"image\/jpeg\" \/>\n<meta name=\"author\" content=\"Maria Gil Robledo\" \/>\n<meta name=\"twitter:card\" content=\"summary_large_image\" \/>\n<meta name=\"twitter:creator\" content=\"@UnaYMilLetras\" \/>\n<meta name=\"twitter:site\" content=\"@UnaYMilLetras\" \/>\n<meta name=\"twitter:label1\" content=\"Written by\" \/>\n\t<meta name=\"twitter:data1\" content=\"Maria Gil Robledo\" \/>\n\t<meta name=\"twitter:label2\" content=\"Estimated reading time\" \/>\n\t<meta name=\"twitter:data2\" content=\"2 minutes\" \/>\n<script type=\"application\/ld+json\" class=\"yoast-schema-graph\">{\"@context\":\"https:\\\/\\\/schema.org\",\"@graph\":[{\"@type\":\"Article\",\"@id\":\"https:\\\/\\\/unaymilletras.com\\\/pombo-ya-tiene-su-primer-adelanto\\\/#article\",\"isPartOf\":{\"@id\":\"https:\\\/\\\/unaymilletras.com\\\/pombo-ya-tiene-su-primer-adelanto\\\/\"},\"author\":{\"name\":\"Maria Gil Robledo\",\"@id\":\"http:\\\/\\\/unaymilletras.com\\\/#\\\/schema\\\/person\\\/d55ba681b8a4e463d8982dbe36a5dc94\"},\"headline\":\"\u201cPombo\u201d ya tiene su primer adelanto\",\"datePublished\":\"2023-11-21T11:55:59+00:00\",\"dateModified\":\"2023-11-21T11:56:47+00:00\",\"mainEntityOfPage\":{\"@id\":\"https:\\\/\\\/unaymilletras.com\\\/pombo-ya-tiene-su-primer-adelanto\\\/\"},\"wordCount\":353,\"commentCount\":0,\"publisher\":{\"@id\":\"http:\\\/\\\/unaymilletras.com\\\/#organization\"},\"image\":{\"@id\":\"https:\\\/\\\/unaymilletras.com\\\/pombo-ya-tiene-su-primer-adelanto\\\/#primaryimage\"},\"thumbnailUrl\":\"https:\\\/\\\/unaymilletras.com\\\/wp-content\\\/uploads\\\/2023\\\/11\\\/Pombo_KA-e1700567422293.jpg\",\"articleSection\":[\"Celebrities\",\"Pel\u00edculas y Series\"],\"inLanguage\":\"en-GB\",\"potentialAction\":[{\"@type\":\"CommentAction\",\"name\":\"Comment\",\"target\":[\"https:\\\/\\\/unaymilletras.com\\\/pombo-ya-tiene-su-primer-adelanto\\\/#respond\"]}]},{\"@type\":\"WebPage\",\"@id\":\"https:\\\/\\\/unaymilletras.com\\\/pombo-ya-tiene-su-primer-adelanto\\\/\",\"url\":\"https:\\\/\\\/unaymilletras.com\\\/pombo-ya-tiene-su-primer-adelanto\\\/\",\"name\":\"\u201cPombo\u201d ya tiene su primer adelanto &#8902; Una y Mil Letras\",\"isPartOf\":{\"@id\":\"http:\\\/\\\/unaymilletras.com\\\/#website\"},\"primaryImageOfPage\":{\"@id\":\"https:\\\/\\\/unaymilletras.com\\\/pombo-ya-tiene-su-primer-adelanto\\\/#primaryimage\"},\"image\":{\"@id\":\"https:\\\/\\\/unaymilletras.com\\\/pombo-ya-tiene-su-primer-adelanto\\\/#primaryimage\"},\"thumbnailUrl\":\"https:\\\/\\\/unaymilletras.com\\\/wp-content\\\/uploads\\\/2023\\\/11\\\/Pombo_KA-e1700567422293.jpg\",\"datePublished\":\"2023-11-21T11:55:59+00:00\",\"dateModified\":\"2023-11-21T11:56:47+00:00\",\"description\":\"El pr\u00f3ximo 29 de noviembre llegar\u00e1 la docuserie de los Pombo y ya se puede ver el tr\u00e1iler de este nuevo proyecto\",\"breadcrumb\":{\"@id\":\"https:\\\/\\\/unaymilletras.com\\\/pombo-ya-tiene-su-primer-adelanto\\\/#breadcrumb\"},\"inLanguage\":\"en-GB\",\"potentialAction\":[{\"@type\":\"ReadAction\",\"target\":[\"https:\\\/\\\/unaymilletras.com\\\/pombo-ya-tiene-su-primer-adelanto\\\/\"]}]},{\"@type\":\"ImageObject\",\"inLanguage\":\"en-GB\",\"@id\":\"https:\\\/\\\/unaymilletras.com\\\/pombo-ya-tiene-su-primer-adelanto\\\/#primaryimage\",\"url\":\"https:\\\/\\\/unaymilletras.com\\\/wp-content\\\/uploads\\\/2023\\\/11\\\/Pombo_KA-e1700567422293.jpg\",\"contentUrl\":\"https:\\\/\\\/unaymilletras.com\\\/wp-content\\\/uploads\\\/2023\\\/11\\\/Pombo_KA-e1700567422293.jpg\",\"width\":600,\"height\":750,\"caption\":\"Pombo\"},{\"@type\":\"BreadcrumbList\",\"@id\":\"https:\\\/\\\/unaymilletras.com\\\/pombo-ya-tiene-su-primer-adelanto\\\/#breadcrumb\",\"itemListElement\":[{\"@type\":\"ListItem\",\"position\":1,\"name\":\"Home\",\"item\":\"http:\\\/\\\/unaymilletras.com\\\/\"},{\"@type\":\"ListItem\",\"position\":2,\"name\":\"\u201cPombo\u201d ya tiene su primer adelanto\"}]},{\"@type\":\"WebSite\",\"@id\":\"http:\\\/\\\/unaymilletras.com\\\/#website\",\"url\":\"http:\\\/\\\/unaymilletras.com\\\/\",\"name\":\"Una y Mil Letras\",\"description\":\"\",\"publisher\":{\"@id\":\"http:\\\/\\\/unaymilletras.com\\\/#organization\"},\"potentialAction\":[{\"@type\":\"SearchAction\",\"target\":{\"@type\":\"EntryPoint\",\"urlTemplate\":\"http:\\\/\\\/unaymilletras.com\\\/?s={search_term_string}\"},\"query-input\":{\"@type\":\"PropertyValueSpecification\",\"valueRequired\":true,\"valueName\":\"search_term_string\"}}],\"inLanguage\":\"en-GB\"},{\"@type\":\"Organization\",\"@id\":\"http:\\\/\\\/unaymilletras.com\\\/#organization\",\"name\":\"Una y Mil Letras\",\"url\":\"http:\\\/\\\/unaymilletras.com\\\/\",\"logo\":{\"@type\":\"ImageObject\",\"inLanguage\":\"en-GB\",\"@id\":\"http:\\\/\\\/unaymilletras.com\\\/#\\\/schema\\\/logo\\\/image\\\/\",\"url\":\"https:\\\/\\\/unaymilletras.com\\\/wp-content\\\/uploads\\\/2024\\\/06\\\/cropped-Logo-removebg-preview.png\",\"contentUrl\":\"https:\\\/\\\/unaymilletras.com\\\/wp-content\\\/uploads\\\/2024\\\/06\\\/cropped-Logo-removebg-preview.png\",\"width\":512,\"height\":512,\"caption\":\"Una y Mil Letras\"},\"image\":{\"@id\":\"http:\\\/\\\/unaymilletras.com\\\/#\\\/schema\\\/logo\\\/image\\\/\"},\"sameAs\":[\"https:\\\/\\\/x.com\\\/UnaYMilLetras\",\"https:\\\/\\\/instagram.com\\\/UnaYMilLetras\"]},{\"@type\":\"Person\",\"@id\":\"http:\\\/\\\/unaymilletras.com\\\/#\\\/schema\\\/person\\\/d55ba681b8a4e463d8982dbe36a5dc94\",\"name\":\"Maria Gil Robledo\",\"image\":{\"@type\":\"ImageObject\",\"inLanguage\":\"en-GB\",\"@id\":\"https:\\\/\\\/secure.gravatar.com\\\/avatar\\\/4b8e5102e0015789407eb4870b12f0f2857952d83ca124058f92b764bd1840c3?s=96&d=mm&r=g\",\"url\":\"https:\\\/\\\/secure.gravatar.com\\\/avatar\\\/4b8e5102e0015789407eb4870b12f0f2857952d83ca124058f92b764bd1840c3?s=96&d=mm&r=g\",\"contentUrl\":\"https:\\\/\\\/secure.gravatar.com\\\/avatar\\\/4b8e5102e0015789407eb4870b12f0f2857952d83ca124058f92b764bd1840c3?s=96&d=mm&r=g\",\"caption\":\"Maria Gil Robledo\"},\"sameAs\":[\"http:\\\/\\\/unaymilletras.com\"],\"url\":\"https:\\\/\\\/unaymilletras.com\\\/en\\\/author\\\/mariiagiil02_\\\/\"}]}<\/script>\n<!-- \/ Yoast SEO plugin. -->","yoast_head_json":{"title":"\u201cPombo\u201d ya tiene su primer adelanto &#8902; Una y Mil Letras","description":"El pr\u00f3ximo 29 de noviembre llegar\u00e1 la docuserie de los Pombo y ya se puede ver el tr\u00e1iler de este nuevo proyecto","robots":{"index":"index","follow":"follow","max-snippet":"max-snippet:-1","max-image-preview":"max-image-preview:large","max-video-preview":"max-video-preview:-1"},"canonical":"https:\/\/unaymilletras.com\/en\/pombo-ya-tiene-su-primer-adelanto\/","og_locale":"en_GB","og_type":"article","og_title":"\u201cPombo\u201d ya tiene su primer adelanto &#8902; Una y Mil Letras","og_description":"El pr\u00f3ximo 29 de noviembre llegar\u00e1 la docuserie de los Pombo y ya se puede ver el tr\u00e1iler de este nuevo proyecto","og_url":"https:\/\/unaymilletras.com\/en\/pombo-ya-tiene-su-primer-adelanto\/","og_site_name":"Una y Mil Letras","article_published_time":"2023-11-21T11:55:59+00:00","article_modified_time":"2023-11-21T11:56:47+00:00","og_image":[{"width":600,"height":750,"url":"http:\/\/unaymilletras.com\/wp-content\/uploads\/2023\/11\/Pombo_KA-e1700567422293.jpg","type":"image\/jpeg"}],"author":"Maria Gil Robledo","twitter_card":"summary_large_image","twitter_creator":"@UnaYMilLetras","twitter_site":"@UnaYMilLetras","twitter_misc":{"Written by":"Maria Gil Robledo","Estimated reading time":"2 minutes"},"schema":{"@context":"https:\/\/schema.org","@graph":[{"@type":"Article","@id":"https:\/\/unaymilletras.com\/pombo-ya-tiene-su-primer-adelanto\/#article","isPartOf":{"@id":"https:\/\/unaymilletras.com\/pombo-ya-tiene-su-primer-adelanto\/"},"author":{"name":"Maria Gil Robledo","@id":"http:\/\/unaymilletras.com\/#\/schema\/person\/d55ba681b8a4e463d8982dbe36a5dc94"},"headline":"\u201cPombo\u201d ya tiene su primer adelanto","datePublished":"2023-11-21T11:55:59+00:00","dateModified":"2023-11-21T11:56:47+00:00","mainEntityOfPage":{"@id":"https:\/\/unaymilletras.com\/pombo-ya-tiene-su-primer-adelanto\/"},"wordCount":353,"commentCount":0,"publisher":{"@id":"http:\/\/unaymilletras.com\/#organization"},"image":{"@id":"https:\/\/unaymilletras.com\/pombo-ya-tiene-su-primer-adelanto\/#primaryimage"},"thumbnailUrl":"https:\/\/unaymilletras.com\/wp-content\/uploads\/2023\/11\/Pombo_KA-e1700567422293.jpg","articleSection":["Celebrities","Pel\u00edculas y Series"],"inLanguage":"en-GB","potentialAction":[{"@type":"CommentAction","name":"Comment","target":["https:\/\/unaymilletras.com\/pombo-ya-tiene-su-primer-adelanto\/#respond"]}]},{"@type":"WebPage","@id":"https:\/\/unaymilletras.com\/pombo-ya-tiene-su-primer-adelanto\/","url":"https:\/\/unaymilletras.com\/pombo-ya-tiene-su-primer-adelanto\/","name":"\u201cPombo\u201d ya tiene su primer adelanto &#8902; Una y Mil Letras","isPartOf":{"@id":"http:\/\/unaymilletras.com\/#website"},"primaryImageOfPage":{"@id":"https:\/\/unaymilletras.com\/pombo-ya-tiene-su-primer-adelanto\/#primaryimage"},"image":{"@id":"https:\/\/unaymilletras.com\/pombo-ya-tiene-su-primer-adelanto\/#primaryimage"},"thumbnailUrl":"https:\/\/unaymilletras.com\/wp-content\/uploads\/2023\/11\/Pombo_KA-e1700567422293.jpg","datePublished":"2023-11-21T11:55:59+00:00","dateModified":"2023-11-21T11:56:47+00:00","description":"El pr\u00f3ximo 29 de noviembre llegar\u00e1 la docuserie de los Pombo y ya se puede ver el tr\u00e1iler de este nuevo proyecto","breadcrumb":{"@id":"https:\/\/unaymilletras.com\/pombo-ya-tiene-su-primer-adelanto\/#breadcrumb"},"inLanguage":"en-GB","potentialAction":[{"@type":"ReadAction","target":["https:\/\/unaymilletras.com\/pombo-ya-tiene-su-primer-adelanto\/"]}]},{"@type":"ImageObject","inLanguage":"en-GB","@id":"https:\/\/unaymilletras.com\/pombo-ya-tiene-su-primer-adelanto\/#primaryimage","url":"https:\/\/unaymilletras.com\/wp-content\/uploads\/2023\/11\/Pombo_KA-e1700567422293.jpg","contentUrl":"https:\/\/unaymilletras.com\/wp-content\/uploads\/2023\/11\/Pombo_KA-e1700567422293.jpg","width":600,"height":750,"caption":"Pombo"},{"@type":"BreadcrumbList","@id":"https:\/\/unaymilletras.com\/pombo-ya-tiene-su-primer-adelanto\/#breadcrumb","itemListElement":[{"@type":"ListItem","position":1,"name":"Home","item":"http:\/\/unaymilletras.com\/"},{"@type":"ListItem","position":2,"name":"\u201cPombo\u201d ya tiene su primer adelanto"}]},{"@type":"WebSite","@id":"http:\/\/unaymilletras.com\/#website","url":"http:\/\/unaymilletras.com\/","name":"Una y Mil Letras","description":"","publisher":{"@id":"http:\/\/unaymilletras.com\/#organization"},"potentialAction":[{"@type":"SearchAction","target":{"@type":"EntryPoint","urlTemplate":"http:\/\/unaymilletras.com\/?s={search_term_string}"},"query-input":{"@type":"PropertyValueSpecification","valueRequired":true,"valueName":"search_term_string"}}],"inLanguage":"en-GB"},{"@type":"Organization","@id":"http:\/\/unaymilletras.com\/#organization","name":"Una y Mil Letras","url":"http:\/\/unaymilletras.com\/","logo":{"@type":"ImageObject","inLanguage":"en-GB","@id":"http:\/\/unaymilletras.com\/#\/schema\/logo\/image\/","url":"https:\/\/unaymilletras.com\/wp-content\/uploads\/2024\/06\/cropped-Logo-removebg-preview.png","contentUrl":"https:\/\/unaymilletras.com\/wp-content\/uploads\/2024\/06\/cropped-Logo-removebg-preview.png","width":512,"height":512,"caption":"Una y Mil Letras"},"image":{"@id":"http:\/\/unaymilletras.com\/#\/schema\/logo\/image\/"},"sameAs":["https:\/\/x.com\/UnaYMilLetras","https:\/\/instagram.com\/UnaYMilLetras"]},{"@type":"Person","@id":"http:\/\/unaymilletras.com\/#\/schema\/person\/d55ba681b8a4e463d8982dbe36a5dc94","name":"Maria Gil Robledo","image":{"@type":"ImageObject","inLanguage":"en-GB","@id":"https:\/\/secure.gravatar.com\/avatar\/4b8e5102e0015789407eb4870b12f0f2857952d83ca124058f92b764bd1840c3?s=96&d=mm&r=g","url":"https:\/\/secure.gravatar.com\/avatar\/4b8e5102e0015789407eb4870b12f0f2857952d83ca124058f92b764bd1840c3?s=96&d=mm&r=g","contentUrl":"https:\/\/secure.gravatar.com\/avatar\/4b8e5102e0015789407eb4870b12f0f2857952d83ca124058f92b764bd1840c3?s=96&d=mm&r=g","caption":"Maria Gil Robledo"},"sameAs":["http:\/\/unaymilletras.com"],"url":"https:\/\/unaymilletras.com\/en\/author\/mariiagiil02_\/"}]}},"_links":{"self":[{"href":"https:\/\/unaymilletras.com\/en\/wp-json\/wp\/v2\/posts\/1596","targetHints":{"allow":["GET"]}}],"collection":[{"href":"https:\/\/unaymilletras.com\/en\/wp-json\/wp\/v2\/posts"}],"about":[{"href":"https:\/\/unaymilletras.com\/en\/wp-json\/wp\/v2\/types\/post"}],"author":[{"embeddable":true,"href":"https:\/\/unaymilletras.com\/en\/wp-json\/wp\/v2\/users\/1"}],"replies":[{"embeddable":true,"href":"https:\/\/unaymilletras.com\/en\/wp-json\/wp\/v2\/comments?post=1596"}],"version-history":[{"count":5,"href":"https:\/\/unaymilletras.com\/en\/wp-json\/wp\/v2\/posts\/1596\/revisions"}],"predecessor-version":[{"id":1602,"href":"https:\/\/unaymilletras.com\/en\/wp-json\/wp\/v2\/posts\/1596\/revisions\/1602"}],"wp:featuredmedia":[{"embeddable":true,"href":"https:\/\/unaymilletras.com\/en\/wp-json\/wp\/v2\/media\/1598"}],"wp:attachment":[{"href":"https:\/\/unaymilletras.com\/en\/wp-json\/wp\/v2\/media?parent=1596"}],"wp:term":[{"taxonomy":"category","embeddable":true,"href":"https:\/\/unaymilletras.com\/en\/wp-json\/wp\/v2\/categories?post=1596"},{"taxonomy":"post_tag","embeddable":true,"href":"https:\/\/unaymilletras.com\/en\/wp-json\/wp\/v2\/tags?post=1596"}],"curies":[{"name":"wp","href":"https:\/\/api.w.org\/{rel}","templated":true}]}}