{"id":162,"date":"2023-02-28T21:02:54","date_gmt":"2023-02-28T20:02:54","guid":{"rendered":"https:\/\/unaymilletras.wordpress.com\/?p=162"},"modified":"2023-02-28T21:02:54","modified_gmt":"2023-02-28T20:02:54","slug":"la-velada-del-ano-iii-ya-esta-aqui","status":"publish","type":"post","link":"https:\/\/unaymilletras.com\/en\/la-velada-del-ano-iii-ya-esta-aqui\/","title":{"rendered":"La Velada del A\u00f1o III ya est\u00e1 aqu\u00ed"},"content":{"rendered":"<p class=\"has-text-align-center has-large-font-size\"><em>Ayer Ibai dio a conocer los seis combates, la fecha y el lugar en el que se celebrar\u00e1 la tercera edici\u00f3n del evento<\/em><\/p>\n\n\n\n<p class=\"has-text-align-justify has-small-font-size\">1 de julio, Wanda Metropolitano, Madrid. M\u00e1s de 700.000 personas se reunieron ayer en el directo de <a href=\"https:\/\/www.twitch.tv\/ibai\" target=\"_blank\" rel=\"noreferrer noopener\">Ibai<\/a> para conocer cu\u00e1les ser\u00edan las personas que pelear\u00e1n en La Velada del A\u00f1o III. A pesar de que el stream comenz\u00f3 con alg\u00fan fallo, esto no evit\u00f3 que cientos de miles de usuarios abriesen su p\u00e1gina de Twitch para ver el anuncio. Estas fueron las presentaciones:<\/p>\n\n\n\n<p class=\"has-text-align-justify has-small-font-size\"><strong><a href=\"https:\/\/www.twitch.tv\/papigavitv\" target=\"_blank\" rel=\"noreferrer noopener\">Papi Gavi<\/a> VS <a href=\"https:\/\/www.twitch.tv\/ampeterby7\" target=\"_blank\" rel=\"noreferrer noopener\">Ampeter<\/a><\/strong><br>Ser\u00e1n los encargados de abrir La Velada del A\u00f1o III. Ambos entraron sonrientes al directo dispuestos a estrenar el cartel. El momento \u201ccara a cara\u201d termin\u00f3 con un baile de ambos participantes, demostrando su buena relaci\u00f3n. Para Ibai, promete ser el mejor combate.<\/p>\n\n\n\n<figure class=\"wp-block-image size-large\"><img fetchpriority=\"high\" decoding=\"async\" width=\"1600\" height=\"900\" src=\"http:\/\/unaymilletras.com\/wp-content\/uploads\/2023\/02\/image-1.png?w=1024\" alt=\"\" class=\"wp-image-170\" srcset=\"https:\/\/unaymilletras.com\/wp-content\/uploads\/2023\/02\/image-1.png 1600w, https:\/\/unaymilletras.com\/wp-content\/uploads\/2023\/02\/image-1-300x169.png 300w, https:\/\/unaymilletras.com\/wp-content\/uploads\/2023\/02\/image-1-1024x576.png 1024w, https:\/\/unaymilletras.com\/wp-content\/uploads\/2023\/02\/image-1-768x432.png 768w, https:\/\/unaymilletras.com\/wp-content\/uploads\/2023\/02\/image-1-1536x864.png 1536w, https:\/\/unaymilletras.com\/wp-content\/uploads\/2023\/02\/image-1-1280x720.png 1280w\" sizes=\"(max-width: 1600px) 100vw, 1600px\" \/><\/figure>\n\n\n\n<p class=\"has-text-align-justify has-small-font-size\"><strong><a rel=\"noreferrer noopener\" href=\"https:\/\/www.twitch.tv\/rivers_gg\" target=\"_blank\">RiversGG<\/a> VS <a href=\"http:\/\/tiktok.com\/@_riverss_\" target=\"_blank\" rel=\"noreferrer noopener\">La Rivers<\/a><br><\/strong>Dos personas que comparten nombre pero que cada una vive en lugares completamente distintos. Ambas sab\u00edan de la existencia de la otra, pero nunca hab\u00edan hablado. Seg\u00fan asegura la tiktoker, la cu\u00e1l fue avisada de que iba a participar en el evento tan solo tres d\u00edas antes, esta es una oportunidad para \u00abunir los dos mundos\u00bb. <\/p>\n\n\n\n<figure class=\"wp-block-image size-large\"><img decoding=\"async\" width=\"1600\" height=\"900\" src=\"http:\/\/unaymilletras.com\/wp-content\/uploads\/2023\/02\/image-2.png?w=1024\" alt=\"\" class=\"wp-image-172\" srcset=\"https:\/\/unaymilletras.com\/wp-content\/uploads\/2023\/02\/image-2.png 1600w, https:\/\/unaymilletras.com\/wp-content\/uploads\/2023\/02\/image-2-300x169.png 300w, https:\/\/unaymilletras.com\/wp-content\/uploads\/2023\/02\/image-2-1024x576.png 1024w, https:\/\/unaymilletras.com\/wp-content\/uploads\/2023\/02\/image-2-768x432.png 768w, https:\/\/unaymilletras.com\/wp-content\/uploads\/2023\/02\/image-2-1536x864.png 1536w, https:\/\/unaymilletras.com\/wp-content\/uploads\/2023\/02\/image-2-1280x720.png 1280w\" sizes=\"(max-width: 1600px) 100vw, 1600px\" \/><\/figure>\n\n\n\n<p class=\"has-text-align-justify has-small-font-size\"><strong><a href=\"https:\/\/www.twitch.tv\/luzu\" target=\"_blank\" rel=\"noreferrer noopener\">Luzu<\/a> VS <a href=\"https:\/\/www.youtube.com\/channel\/UCV4xOVpbcV8SdueDCOxLXtQ\" target=\"_blank\" rel=\"noreferrer noopener\">Fernanfloo<\/a><br><\/strong>Dos referentes del mundo de YouTube, dos de las figuras m\u00e1s relevantes del mundo del Internet hispanohablante. Ambos, al igual que en el primer combate, mantienen una muy buena amistad. Seg\u00fan el propio latino ha dicho, le hace \u00abgracia\u00bb pelear contra el espa\u00f1ol, si no no ser\u00eda igual. Se lo toman con humor, pero tambi\u00e9n aseguran que se esforzar\u00e1n para dar lo mejor de s\u00ed mismos.<\/p>\n\n\n\n<figure class=\"wp-block-image size-large\"><img decoding=\"async\" width=\"1600\" height=\"900\" src=\"http:\/\/unaymilletras.com\/wp-content\/uploads\/2023\/02\/image-3.png?w=1024\" alt=\"\" class=\"wp-image-174\" srcset=\"https:\/\/unaymilletras.com\/wp-content\/uploads\/2023\/02\/image-3.png 1600w, https:\/\/unaymilletras.com\/wp-content\/uploads\/2023\/02\/image-3-300x169.png 300w, https:\/\/unaymilletras.com\/wp-content\/uploads\/2023\/02\/image-3-1024x576.png 1024w, https:\/\/unaymilletras.com\/wp-content\/uploads\/2023\/02\/image-3-768x432.png 768w, https:\/\/unaymilletras.com\/wp-content\/uploads\/2023\/02\/image-3-1536x864.png 1536w, https:\/\/unaymilletras.com\/wp-content\/uploads\/2023\/02\/image-3-1280x720.png 1280w\" sizes=\"(max-width: 1600px) 100vw, 1600px\" \/><\/figure>\n\n\n\n<p class=\"has-text-align-justify has-small-font-size\"><strong><a href=\"http:\/\/twitch.tv\/shelao\" target=\"_blank\" rel=\"noreferrer noopener\">Shelao<\/a> VS <a href=\"http:\/\/twitch.tv\/byviruzz\" target=\"_blank\" rel=\"noreferrer noopener\">Viruzz<\/a><br><\/strong>Sin duda, el encuentro m\u00e1s tenso. Desde el momento en el que ambos luchadores se sentaron en la mesa comenzaron a volar cuchillos. \u00abLo primero que quer\u00eda decir es darle una calurosa bienvenida a Shelao porque, desp\u00faes de tres a\u00f1os llorando en redes para estar en La Velada, por fin es tu a\u00f1o\u00bb. Asimis, por su parte, el streamer chileno asegura que no le molesta ser el comod\u00edn puesto que no era la primera opci\u00f3n para ese combate. Pero, cuando lleg\u00f3 el \u00abcara a cara\u00bb, todos los comentarios se resum\u00edan en una cosa: parece que se van a besar. Definitivamente, fue el encuentro m\u00e1s llamativo en gran parte de los sentidos. Seg\u00fan asegura Ibai, ser\u00e1 el combate \u00abm\u00e1s duro y el m\u00e1s sangriento\u00bb.<\/p>\n\n\n\n<figure class=\"wp-block-image size-large\"><img loading=\"lazy\" decoding=\"async\" width=\"1600\" height=\"900\" src=\"http:\/\/unaymilletras.com\/wp-content\/uploads\/2023\/02\/image-5.png?w=1024\" alt=\"\" class=\"wp-image-177\" srcset=\"https:\/\/unaymilletras.com\/wp-content\/uploads\/2023\/02\/image-5.png 1600w, https:\/\/unaymilletras.com\/wp-content\/uploads\/2023\/02\/image-5-300x169.png 300w, https:\/\/unaymilletras.com\/wp-content\/uploads\/2023\/02\/image-5-1024x576.png 1024w, https:\/\/unaymilletras.com\/wp-content\/uploads\/2023\/02\/image-5-768x432.png 768w, https:\/\/unaymilletras.com\/wp-content\/uploads\/2023\/02\/image-5-1536x864.png 1536w, https:\/\/unaymilletras.com\/wp-content\/uploads\/2023\/02\/image-5-1280x720.png 1280w\" sizes=\"(max-width: 1600px) 100vw, 1600px\" \/><\/figure>\n\n\n\n<p class=\"has-text-align-justify has-small-font-size\"><strong><a href=\"http:\/\/twitch.tv\/mayichi\" target=\"_blank\" rel=\"noreferrer noopener\">Mayichi<\/a> VS <a href=\"https:\/\/www.twitch.tv\/amouranth\" target=\"_blank\" rel=\"noreferrer noopener\">Amouranth<\/a><br><\/strong>El combate en el que se encuentra la primera participante internacional. Este d\u00fao tampoco se conoc\u00eda con anterioridad, pero ambas tienen muchas ganas del enfrentamiento. Amouranth ha sido la \u00fanica participante que no pudo estar de forma presencial en la presentaci\u00f3n de los combates, pero se conect\u00f3 de forma telem\u00e1tica, usando ya con su vestimenta de boxeo, homenajeando a Estados Unidos.<\/p>\n\n\n\n<figure class=\"wp-block-image size-large\"><img loading=\"lazy\" decoding=\"async\" width=\"1600\" height=\"900\" src=\"http:\/\/unaymilletras.com\/wp-content\/uploads\/2023\/02\/image-4.png?w=1024\" alt=\"\" class=\"wp-image-176\" srcset=\"https:\/\/unaymilletras.com\/wp-content\/uploads\/2023\/02\/image-4.png 1600w, https:\/\/unaymilletras.com\/wp-content\/uploads\/2023\/02\/image-4-300x169.png 300w, https:\/\/unaymilletras.com\/wp-content\/uploads\/2023\/02\/image-4-1024x576.png 1024w, https:\/\/unaymilletras.com\/wp-content\/uploads\/2023\/02\/image-4-768x432.png 768w, https:\/\/unaymilletras.com\/wp-content\/uploads\/2023\/02\/image-4-1536x864.png 1536w, https:\/\/unaymilletras.com\/wp-content\/uploads\/2023\/02\/image-4-1280x720.png 1280w\" sizes=\"(max-width: 1600px) 100vw, 1600px\" \/><\/figure>\n\n\n\n<p class=\"has-text-align-justify has-small-font-size\"><strong><a href=\"http:\/\/twitch.tv\/coscu\" target=\"_blank\" rel=\"noreferrer noopener\">Coscu<\/a> VS <a href=\"https:\/\/www.youtube.com\/channel\/UCZJ7m7EnCNodqnu5SAtg8eQ\" target=\"_blank\" rel=\"noreferrer noopener\">Germ\u00e1n Garmendia<\/a><br><\/strong>Dos latinos. Un amigo de Momo, participante de La Velada del A\u00f1o II; y el galardonado con el Esland de Mejor Trayectoria. Coscu ha asegurado que siente una completa admiraci\u00f3n por su contrincante ya que es una leyenda de Internet y tambi\u00e9n ha afirmado que se ir\u00e1 a Tailandia a entrenar junto a Shelao.<\/p>\n\n\n\n<figure class=\"wp-block-image size-large\"><img loading=\"lazy\" decoding=\"async\" width=\"1600\" height=\"900\" src=\"http:\/\/unaymilletras.com\/wp-content\/uploads\/2023\/02\/image-6.png?w=1024\" alt=\"\" class=\"wp-image-179\" srcset=\"https:\/\/unaymilletras.com\/wp-content\/uploads\/2023\/02\/image-6.png 1600w, https:\/\/unaymilletras.com\/wp-content\/uploads\/2023\/02\/image-6-300x169.png 300w, https:\/\/unaymilletras.com\/wp-content\/uploads\/2023\/02\/image-6-1024x576.png 1024w, https:\/\/unaymilletras.com\/wp-content\/uploads\/2023\/02\/image-6-768x432.png 768w, https:\/\/unaymilletras.com\/wp-content\/uploads\/2023\/02\/image-6-1536x864.png 1536w, https:\/\/unaymilletras.com\/wp-content\/uploads\/2023\/02\/image-6-1280x720.png 1280w\" sizes=\"(max-width: 1600px) 100vw, 1600px\" \/><\/figure>","protected":false},"excerpt":{"rendered":"<p>Ayer Ibai dio a conocer los seis combates, la fecha y el lugar en el que se celebrar\u00e1 la tercera edici\u00f3n del evento 1 de julio, Wanda Metropolitano, Madrid. M\u00e1s de 700.000 personas se reunieron ayer en el directo de Ibai para conocer cu\u00e1les ser\u00edan las personas que pelear\u00e1n en La Velada del A\u00f1o III. [&hellip;]<\/p>\n","protected":false},"author":1,"featured_media":167,"comment_status":"open","ping_status":"open","sticky":false,"template":"","format":"standard","meta":{"footnotes":""},"categories":[7],"tags":[],"class_list":["post-162","post","type-post","status-publish","format-standard","has-post-thumbnail","hentry","category-streamers"],"yoast_head":"<!-- This site is optimized with the Yoast SEO plugin v27.4 - https:\/\/yoast.com\/product\/yoast-seo-wordpress\/ -->\n<title>La Velada del A\u00f1o III ya est\u00e1 aqu\u00ed &#8902; Una y Mil Letras<\/title>\n<meta name=\"robots\" content=\"index, follow, max-snippet:-1, max-image-preview:large, max-video-preview:-1\" \/>\n<link rel=\"canonical\" href=\"https:\/\/unaymilletras.com\/en\/la-velada-del-ano-iii-ya-esta-aqui\/\" \/>\n<meta property=\"og:locale\" content=\"en_GB\" \/>\n<meta property=\"og:type\" content=\"article\" \/>\n<meta property=\"og:title\" content=\"La Velada del A\u00f1o III ya est\u00e1 aqu\u00ed &#8902; Una y Mil Letras\" \/>\n<meta property=\"og:description\" content=\"Ayer Ibai dio a conocer los seis combates, la fecha y el lugar en el que se celebrar\u00e1 la tercera edici\u00f3n del evento 1 de julio, Wanda Metropolitano, Madrid. M\u00e1s de 700.000 personas se reunieron ayer en el directo de Ibai para conocer cu\u00e1les ser\u00edan las personas que pelear\u00e1n en La Velada del A\u00f1o III. [&hellip;]\" \/>\n<meta property=\"og:url\" content=\"https:\/\/unaymilletras.com\/en\/la-velada-del-ano-iii-ya-esta-aqui\/\" \/>\n<meta property=\"og:site_name\" content=\"Una y Mil Letras\" \/>\n<meta property=\"article:published_time\" content=\"2023-02-28T20:02:54+00:00\" \/>\n<meta property=\"og:image\" content=\"https:\/\/unaymilletras.com\/wp-content\/uploads\/2023\/02\/image.png\" \/>\n\t<meta property=\"og:image:width\" content=\"1536\" \/>\n\t<meta property=\"og:image:height\" content=\"1437\" \/>\n\t<meta property=\"og:image:type\" content=\"image\/png\" \/>\n<meta name=\"author\" content=\"Maria Gil Robledo\" \/>\n<meta name=\"twitter:card\" content=\"summary_large_image\" \/>\n<meta name=\"twitter:creator\" content=\"@UnaYMilLetras\" \/>\n<meta name=\"twitter:site\" content=\"@UnaYMilLetras\" \/>\n<meta name=\"twitter:label1\" content=\"Written by\" \/>\n\t<meta name=\"twitter:data1\" content=\"Maria Gil Robledo\" \/>\n\t<meta name=\"twitter:label2\" content=\"Estimated reading time\" \/>\n\t<meta name=\"twitter:data2\" content=\"3 minutes\" \/>\n<script type=\"application\/ld+json\" class=\"yoast-schema-graph\">{\"@context\":\"https:\\\/\\\/schema.org\",\"@graph\":[{\"@type\":\"Article\",\"@id\":\"https:\\\/\\\/unaymilletras.com\\\/la-velada-del-ano-iii-ya-esta-aqui\\\/#article\",\"isPartOf\":{\"@id\":\"https:\\\/\\\/unaymilletras.com\\\/la-velada-del-ano-iii-ya-esta-aqui\\\/\"},\"author\":{\"name\":\"Maria Gil Robledo\",\"@id\":\"http:\\\/\\\/unaymilletras.com\\\/#\\\/schema\\\/person\\\/d55ba681b8a4e463d8982dbe36a5dc94\"},\"headline\":\"La Velada del A\u00f1o III ya est\u00e1 aqu\u00ed\",\"datePublished\":\"2023-02-28T20:02:54+00:00\",\"mainEntityOfPage\":{\"@id\":\"https:\\\/\\\/unaymilletras.com\\\/la-velada-del-ano-iii-ya-esta-aqui\\\/\"},\"wordCount\":560,\"commentCount\":0,\"publisher\":{\"@id\":\"http:\\\/\\\/unaymilletras.com\\\/#organization\"},\"image\":{\"@id\":\"https:\\\/\\\/unaymilletras.com\\\/la-velada-del-ano-iii-ya-esta-aqui\\\/#primaryimage\"},\"thumbnailUrl\":\"https:\\\/\\\/unaymilletras.com\\\/wp-content\\\/uploads\\\/2023\\\/02\\\/image.png\",\"articleSection\":[\"Streamers\"],\"inLanguage\":\"en-GB\",\"potentialAction\":[{\"@type\":\"CommentAction\",\"name\":\"Comment\",\"target\":[\"https:\\\/\\\/unaymilletras.com\\\/la-velada-del-ano-iii-ya-esta-aqui\\\/#respond\"]}]},{\"@type\":\"WebPage\",\"@id\":\"https:\\\/\\\/unaymilletras.com\\\/la-velada-del-ano-iii-ya-esta-aqui\\\/\",\"url\":\"https:\\\/\\\/unaymilletras.com\\\/la-velada-del-ano-iii-ya-esta-aqui\\\/\",\"name\":\"La Velada del A\u00f1o III ya est\u00e1 aqu\u00ed &#8902; Una y Mil Letras\",\"isPartOf\":{\"@id\":\"http:\\\/\\\/unaymilletras.com\\\/#website\"},\"primaryImageOfPage\":{\"@id\":\"https:\\\/\\\/unaymilletras.com\\\/la-velada-del-ano-iii-ya-esta-aqui\\\/#primaryimage\"},\"image\":{\"@id\":\"https:\\\/\\\/unaymilletras.com\\\/la-velada-del-ano-iii-ya-esta-aqui\\\/#primaryimage\"},\"thumbnailUrl\":\"https:\\\/\\\/unaymilletras.com\\\/wp-content\\\/uploads\\\/2023\\\/02\\\/image.png\",\"datePublished\":\"2023-02-28T20:02:54+00:00\",\"breadcrumb\":{\"@id\":\"https:\\\/\\\/unaymilletras.com\\\/la-velada-del-ano-iii-ya-esta-aqui\\\/#breadcrumb\"},\"inLanguage\":\"en-GB\",\"potentialAction\":[{\"@type\":\"ReadAction\",\"target\":[\"https:\\\/\\\/unaymilletras.com\\\/la-velada-del-ano-iii-ya-esta-aqui\\\/\"]}]},{\"@type\":\"ImageObject\",\"inLanguage\":\"en-GB\",\"@id\":\"https:\\\/\\\/unaymilletras.com\\\/la-velada-del-ano-iii-ya-esta-aqui\\\/#primaryimage\",\"url\":\"https:\\\/\\\/unaymilletras.com\\\/wp-content\\\/uploads\\\/2023\\\/02\\\/image.png\",\"contentUrl\":\"https:\\\/\\\/unaymilletras.com\\\/wp-content\\\/uploads\\\/2023\\\/02\\\/image.png\",\"width\":1536,\"height\":1437},{\"@type\":\"BreadcrumbList\",\"@id\":\"https:\\\/\\\/unaymilletras.com\\\/la-velada-del-ano-iii-ya-esta-aqui\\\/#breadcrumb\",\"itemListElement\":[{\"@type\":\"ListItem\",\"position\":1,\"name\":\"Home\",\"item\":\"http:\\\/\\\/unaymilletras.com\\\/\"},{\"@type\":\"ListItem\",\"position\":2,\"name\":\"La Velada del A\u00f1o III ya est\u00e1 aqu\u00ed\"}]},{\"@type\":\"WebSite\",\"@id\":\"http:\\\/\\\/unaymilletras.com\\\/#website\",\"url\":\"http:\\\/\\\/unaymilletras.com\\\/\",\"name\":\"Una y Mil Letras\",\"description\":\"\",\"publisher\":{\"@id\":\"http:\\\/\\\/unaymilletras.com\\\/#organization\"},\"potentialAction\":[{\"@type\":\"SearchAction\",\"target\":{\"@type\":\"EntryPoint\",\"urlTemplate\":\"http:\\\/\\\/unaymilletras.com\\\/?s={search_term_string}\"},\"query-input\":{\"@type\":\"PropertyValueSpecification\",\"valueRequired\":true,\"valueName\":\"search_term_string\"}}],\"inLanguage\":\"en-GB\"},{\"@type\":\"Organization\",\"@id\":\"http:\\\/\\\/unaymilletras.com\\\/#organization\",\"name\":\"Una y Mil Letras\",\"url\":\"http:\\\/\\\/unaymilletras.com\\\/\",\"logo\":{\"@type\":\"ImageObject\",\"inLanguage\":\"en-GB\",\"@id\":\"http:\\\/\\\/unaymilletras.com\\\/#\\\/schema\\\/logo\\\/image\\\/\",\"url\":\"https:\\\/\\\/unaymilletras.com\\\/wp-content\\\/uploads\\\/2024\\\/06\\\/cropped-Logo-removebg-preview.png\",\"contentUrl\":\"https:\\\/\\\/unaymilletras.com\\\/wp-content\\\/uploads\\\/2024\\\/06\\\/cropped-Logo-removebg-preview.png\",\"width\":512,\"height\":512,\"caption\":\"Una y Mil Letras\"},\"image\":{\"@id\":\"http:\\\/\\\/unaymilletras.com\\\/#\\\/schema\\\/logo\\\/image\\\/\"},\"sameAs\":[\"https:\\\/\\\/x.com\\\/UnaYMilLetras\",\"https:\\\/\\\/instagram.com\\\/UnaYMilLetras\"]},{\"@type\":\"Person\",\"@id\":\"http:\\\/\\\/unaymilletras.com\\\/#\\\/schema\\\/person\\\/d55ba681b8a4e463d8982dbe36a5dc94\",\"name\":\"Maria Gil Robledo\",\"image\":{\"@type\":\"ImageObject\",\"inLanguage\":\"en-GB\",\"@id\":\"https:\\\/\\\/secure.gravatar.com\\\/avatar\\\/4b8e5102e0015789407eb4870b12f0f2857952d83ca124058f92b764bd1840c3?s=96&d=mm&r=g\",\"url\":\"https:\\\/\\\/secure.gravatar.com\\\/avatar\\\/4b8e5102e0015789407eb4870b12f0f2857952d83ca124058f92b764bd1840c3?s=96&d=mm&r=g\",\"contentUrl\":\"https:\\\/\\\/secure.gravatar.com\\\/avatar\\\/4b8e5102e0015789407eb4870b12f0f2857952d83ca124058f92b764bd1840c3?s=96&d=mm&r=g\",\"caption\":\"Maria Gil Robledo\"},\"sameAs\":[\"http:\\\/\\\/unaymilletras.com\"],\"url\":\"https:\\\/\\\/unaymilletras.com\\\/en\\\/author\\\/mariiagiil02_\\\/\"}]}<\/script>\n<!-- \/ Yoast SEO plugin. -->","yoast_head_json":{"title":"La Velada del A\u00f1o III ya est\u00e1 aqu\u00ed &#8902; Una y Mil Letras","robots":{"index":"index","follow":"follow","max-snippet":"max-snippet:-1","max-image-preview":"max-image-preview:large","max-video-preview":"max-video-preview:-1"},"canonical":"https:\/\/unaymilletras.com\/en\/la-velada-del-ano-iii-ya-esta-aqui\/","og_locale":"en_GB","og_type":"article","og_title":"La Velada del A\u00f1o III ya est\u00e1 aqu\u00ed &#8902; Una y Mil Letras","og_description":"Ayer Ibai dio a conocer los seis combates, la fecha y el lugar en el que se celebrar\u00e1 la tercera edici\u00f3n del evento 1 de julio, Wanda Metropolitano, Madrid. M\u00e1s de 700.000 personas se reunieron ayer en el directo de Ibai para conocer cu\u00e1les ser\u00edan las personas que pelear\u00e1n en La Velada del A\u00f1o III. [&hellip;]","og_url":"https:\/\/unaymilletras.com\/en\/la-velada-del-ano-iii-ya-esta-aqui\/","og_site_name":"Una y Mil Letras","article_published_time":"2023-02-28T20:02:54+00:00","og_image":[{"width":1536,"height":1437,"url":"https:\/\/unaymilletras.com\/wp-content\/uploads\/2023\/02\/image.png","type":"image\/png"}],"author":"Maria Gil Robledo","twitter_card":"summary_large_image","twitter_creator":"@UnaYMilLetras","twitter_site":"@UnaYMilLetras","twitter_misc":{"Written by":"Maria Gil Robledo","Estimated reading time":"3 minutes"},"schema":{"@context":"https:\/\/schema.org","@graph":[{"@type":"Article","@id":"https:\/\/unaymilletras.com\/la-velada-del-ano-iii-ya-esta-aqui\/#article","isPartOf":{"@id":"https:\/\/unaymilletras.com\/la-velada-del-ano-iii-ya-esta-aqui\/"},"author":{"name":"Maria Gil Robledo","@id":"http:\/\/unaymilletras.com\/#\/schema\/person\/d55ba681b8a4e463d8982dbe36a5dc94"},"headline":"La Velada del A\u00f1o III ya est\u00e1 aqu\u00ed","datePublished":"2023-02-28T20:02:54+00:00","mainEntityOfPage":{"@id":"https:\/\/unaymilletras.com\/la-velada-del-ano-iii-ya-esta-aqui\/"},"wordCount":560,"commentCount":0,"publisher":{"@id":"http:\/\/unaymilletras.com\/#organization"},"image":{"@id":"https:\/\/unaymilletras.com\/la-velada-del-ano-iii-ya-esta-aqui\/#primaryimage"},"thumbnailUrl":"https:\/\/unaymilletras.com\/wp-content\/uploads\/2023\/02\/image.png","articleSection":["Streamers"],"inLanguage":"en-GB","potentialAction":[{"@type":"CommentAction","name":"Comment","target":["https:\/\/unaymilletras.com\/la-velada-del-ano-iii-ya-esta-aqui\/#respond"]}]},{"@type":"WebPage","@id":"https:\/\/unaymilletras.com\/la-velada-del-ano-iii-ya-esta-aqui\/","url":"https:\/\/unaymilletras.com\/la-velada-del-ano-iii-ya-esta-aqui\/","name":"La Velada del A\u00f1o III ya est\u00e1 aqu\u00ed &#8902; Una y Mil Letras","isPartOf":{"@id":"http:\/\/unaymilletras.com\/#website"},"primaryImageOfPage":{"@id":"https:\/\/unaymilletras.com\/la-velada-del-ano-iii-ya-esta-aqui\/#primaryimage"},"image":{"@id":"https:\/\/unaymilletras.com\/la-velada-del-ano-iii-ya-esta-aqui\/#primaryimage"},"thumbnailUrl":"https:\/\/unaymilletras.com\/wp-content\/uploads\/2023\/02\/image.png","datePublished":"2023-02-28T20:02:54+00:00","breadcrumb":{"@id":"https:\/\/unaymilletras.com\/la-velada-del-ano-iii-ya-esta-aqui\/#breadcrumb"},"inLanguage":"en-GB","potentialAction":[{"@type":"ReadAction","target":["https:\/\/unaymilletras.com\/la-velada-del-ano-iii-ya-esta-aqui\/"]}]},{"@type":"ImageObject","inLanguage":"en-GB","@id":"https:\/\/unaymilletras.com\/la-velada-del-ano-iii-ya-esta-aqui\/#primaryimage","url":"https:\/\/unaymilletras.com\/wp-content\/uploads\/2023\/02\/image.png","contentUrl":"https:\/\/unaymilletras.com\/wp-content\/uploads\/2023\/02\/image.png","width":1536,"height":1437},{"@type":"BreadcrumbList","@id":"https:\/\/unaymilletras.com\/la-velada-del-ano-iii-ya-esta-aqui\/#breadcrumb","itemListElement":[{"@type":"ListItem","position":1,"name":"Home","item":"http:\/\/unaymilletras.com\/"},{"@type":"ListItem","position":2,"name":"La Velada del A\u00f1o III ya est\u00e1 aqu\u00ed"}]},{"@type":"WebSite","@id":"http:\/\/unaymilletras.com\/#website","url":"http:\/\/unaymilletras.com\/","name":"Una y Mil Letras","description":"","publisher":{"@id":"http:\/\/unaymilletras.com\/#organization"},"potentialAction":[{"@type":"SearchAction","target":{"@type":"EntryPoint","urlTemplate":"http:\/\/unaymilletras.com\/?s={search_term_string}"},"query-input":{"@type":"PropertyValueSpecification","valueRequired":true,"valueName":"search_term_string"}}],"inLanguage":"en-GB"},{"@type":"Organization","@id":"http:\/\/unaymilletras.com\/#organization","name":"Una y Mil Letras","url":"http:\/\/unaymilletras.com\/","logo":{"@type":"ImageObject","inLanguage":"en-GB","@id":"http:\/\/unaymilletras.com\/#\/schema\/logo\/image\/","url":"https:\/\/unaymilletras.com\/wp-content\/uploads\/2024\/06\/cropped-Logo-removebg-preview.png","contentUrl":"https:\/\/unaymilletras.com\/wp-content\/uploads\/2024\/06\/cropped-Logo-removebg-preview.png","width":512,"height":512,"caption":"Una y Mil Letras"},"image":{"@id":"http:\/\/unaymilletras.com\/#\/schema\/logo\/image\/"},"sameAs":["https:\/\/x.com\/UnaYMilLetras","https:\/\/instagram.com\/UnaYMilLetras"]},{"@type":"Person","@id":"http:\/\/unaymilletras.com\/#\/schema\/person\/d55ba681b8a4e463d8982dbe36a5dc94","name":"Maria Gil Robledo","image":{"@type":"ImageObject","inLanguage":"en-GB","@id":"https:\/\/secure.gravatar.com\/avatar\/4b8e5102e0015789407eb4870b12f0f2857952d83ca124058f92b764bd1840c3?s=96&d=mm&r=g","url":"https:\/\/secure.gravatar.com\/avatar\/4b8e5102e0015789407eb4870b12f0f2857952d83ca124058f92b764bd1840c3?s=96&d=mm&r=g","contentUrl":"https:\/\/secure.gravatar.com\/avatar\/4b8e5102e0015789407eb4870b12f0f2857952d83ca124058f92b764bd1840c3?s=96&d=mm&r=g","caption":"Maria Gil Robledo"},"sameAs":["http:\/\/unaymilletras.com"],"url":"https:\/\/unaymilletras.com\/en\/author\/mariiagiil02_\/"}]}},"_links":{"self":[{"href":"https:\/\/unaymilletras.com\/en\/wp-json\/wp\/v2\/posts\/162","targetHints":{"allow":["GET"]}}],"collection":[{"href":"https:\/\/unaymilletras.com\/en\/wp-json\/wp\/v2\/posts"}],"about":[{"href":"https:\/\/unaymilletras.com\/en\/wp-json\/wp\/v2\/types\/post"}],"author":[{"embeddable":true,"href":"https:\/\/unaymilletras.com\/en\/wp-json\/wp\/v2\/users\/1"}],"replies":[{"embeddable":true,"href":"https:\/\/unaymilletras.com\/en\/wp-json\/wp\/v2\/comments?post=162"}],"version-history":[{"count":0,"href":"https:\/\/unaymilletras.com\/en\/wp-json\/wp\/v2\/posts\/162\/revisions"}],"wp:featuredmedia":[{"embeddable":true,"href":"https:\/\/unaymilletras.com\/en\/wp-json\/wp\/v2\/media\/167"}],"wp:attachment":[{"href":"https:\/\/unaymilletras.com\/en\/wp-json\/wp\/v2\/media?parent=162"}],"wp:term":[{"taxonomy":"category","embeddable":true,"href":"https:\/\/unaymilletras.com\/en\/wp-json\/wp\/v2\/categories?post=162"},{"taxonomy":"post_tag","embeddable":true,"href":"https:\/\/unaymilletras.com\/en\/wp-json\/wp\/v2\/tags?post=162"}],"curies":[{"name":"wp","href":"https:\/\/api.w.org\/{rel}","templated":true}]}}