{"id":1634,"date":"2023-11-25T10:58:41","date_gmt":"2023-11-25T09:58:41","guid":{"rendered":"https:\/\/unaymilletras.com\/?p=1634"},"modified":"2023-11-25T11:03:37","modified_gmt":"2023-11-25T10:03:37","slug":"quevedo-y-alvaro-diaz-la-colaboracion-que-todos-esperaban","status":"publish","type":"post","link":"https:\/\/unaymilletras.com\/en\/quevedo-y-alvaro-diaz-la-colaboracion-que-todos-esperaban\/","title":{"rendered":"Quevedo y \u00c1lvaro D\u00edaz la colaboraci\u00f3n que todos esperaban"},"content":{"rendered":"<div data-elementor-type=\"wp-post\" data-elementor-id=\"1634\" class=\"elementor elementor-1634\">\n\t\t\t\t\t\t<section class=\"elementor-section elementor-top-section elementor-element elementor-element-a0078ff elementor-section-boxed elementor-section-height-default elementor-section-height-default\" data-id=\"a0078ff\" data-element_type=\"section\" data-e-type=\"section\">\n\t\t\t\t\t\t<div class=\"elementor-container elementor-column-gap-default\">\n\t\t\t\t\t<div class=\"elementor-column elementor-col-100 elementor-top-column elementor-element elementor-element-d293219\" data-id=\"d293219\" data-element_type=\"column\" data-e-type=\"column\">\n\t\t\t<div class=\"elementor-widget-wrap elementor-element-populated\">\n\t\t\t\t\t\t<div class=\"elementor-element elementor-element-ae6cdb8 elementor-widget elementor-widget-text-editor\" data-id=\"ae6cdb8\" data-element_type=\"widget\" data-e-type=\"widget\" data-widget_type=\"text-editor.default\">\n\t\t\t\t<div class=\"elementor-widget-container\">\n\t\t\t\t\t\t\t\t\t<h2><span style=\"color: #808080;\"><em>\u00c1lvaro D\u00edaz da a conocer una parte de su nuevo proyecto \u201cSayonara\u201d con esta pegajosa colaboraci\u00f3n<\/em><\/span><\/h2>\t\t\t\t\t\t\t\t<\/div>\n\t\t\t\t<\/div>\n\t\t\t\t\t<\/div>\n\t\t<\/div>\n\t\t\t\t\t<\/div>\n\t\t<\/section>\n\t\t\t\t<section class=\"elementor-section elementor-top-section elementor-element elementor-element-4d1ed34 elementor-section-boxed elementor-section-height-default elementor-section-height-default\" data-id=\"4d1ed34\" data-element_type=\"section\" data-e-type=\"section\">\n\t\t\t\t\t\t<div class=\"elementor-container elementor-column-gap-default\">\n\t\t\t\t\t<div class=\"elementor-column elementor-col-100 elementor-top-column elementor-element elementor-element-11ef684\" data-id=\"11ef684\" data-element_type=\"column\" data-e-type=\"column\">\n\t\t\t<div class=\"elementor-widget-wrap elementor-element-populated\">\n\t\t\t\t\t\t<div class=\"elementor-element elementor-element-5f7bd9b elementor-widget elementor-widget-text-editor\" data-id=\"5f7bd9b\" data-element_type=\"widget\" data-e-type=\"widget\" data-widget_type=\"text-editor.default\">\n\t\t\t\t<div class=\"elementor-widget-container\">\n\t\t\t\t\t\t\t\t\t<p>Tras un a\u00f1o en el que <b>\u00c1lvaro D\u00edaz<\/b> ha definido su carrera, estren<span style=\"color: #808080;\">a <em><b><a style=\"color: #808080;\" href=\"https:\/\/open.spotify.com\/intl-es\/track\/3WQhuJnlOTV9RiDZx2tDFF?si=acb56a4dfdbf4052\">Quiz\u00e1s s\u00ed, quiz\u00e1s no<\/a><\/b><\/em>, ju<\/span>nto a <b>Quevedo<\/b>. Esta nueva canci\u00f3n es un pegajoso reggaet\u00f3n que estar\u00e1 incluido en <em><b>Sayonara<\/b><\/em>, el pr\u00f3ximo \u00e1lbum del artista. Se trata de una colaboraci\u00f3n entre dos de los artistas m\u00e1s populares del momento. Los fans de ambos llevaban meses pidiendo este junte y, tras mucho tiempo, por fin ha llegado el momento en el que la canci\u00f3n ha salido a la luz.<\/p>\t\t\t\t\t\t\t\t<\/div>\n\t\t\t\t<\/div>\n\t\t\t\t\t<\/div>\n\t\t<\/div>\n\t\t\t\t\t<\/div>\n\t\t<\/section>\n\t\t\t\t<section class=\"elementor-section elementor-top-section elementor-element elementor-element-e5b1221 elementor-section-boxed elementor-section-height-default elementor-section-height-default\" data-id=\"e5b1221\" data-element_type=\"section\" data-e-type=\"section\">\n\t\t\t\t\t\t<div class=\"elementor-container elementor-column-gap-default\">\n\t\t\t\t\t<div class=\"elementor-column elementor-col-100 elementor-top-column elementor-element elementor-element-47ac53a\" data-id=\"47ac53a\" data-element_type=\"column\" data-e-type=\"column\">\n\t\t\t<div class=\"elementor-widget-wrap elementor-element-populated\">\n\t\t\t\t\t\t<div class=\"elementor-element elementor-element-9db9937 elementor-widget elementor-widget-image\" data-id=\"9db9937\" data-element_type=\"widget\" data-e-type=\"widget\" data-widget_type=\"image.default\">\n\t\t\t\t<div class=\"elementor-widget-container\">\n\t\t\t\t\t\t\t\t\t\t\t\t\t\t\t<img fetchpriority=\"high\" decoding=\"async\" width=\"640\" height=\"482\" src=\"https:\/\/unaymilletras.com\/wp-content\/uploads\/2023\/11\/w660_882169_1alvarodiazyquevedo.jpg\" class=\"attachment-large size-large wp-image-1638\" alt=\"\u00c1lvaro D\u00edaz\" srcset=\"https:\/\/unaymilletras.com\/wp-content\/uploads\/2023\/11\/w660_882169_1alvarodiazyquevedo.jpg 660w, https:\/\/unaymilletras.com\/wp-content\/uploads\/2023\/11\/w660_882169_1alvarodiazyquevedo-300x226.jpg 300w\" sizes=\"(max-width: 640px) 100vw, 640px\" \/>\t\t\t\t\t\t\t\t\t\t\t\t\t\t\t<\/div>\n\t\t\t\t<\/div>\n\t\t\t\t\t<\/div>\n\t\t<\/div>\n\t\t\t\t\t<\/div>\n\t\t<\/section>\n\t\t\t\t<section class=\"elementor-section elementor-top-section elementor-element elementor-element-222a8ba elementor-section-boxed elementor-section-height-default elementor-section-height-default\" data-id=\"222a8ba\" data-element_type=\"section\" data-e-type=\"section\">\n\t\t\t\t\t\t<div class=\"elementor-container elementor-column-gap-default\">\n\t\t\t\t\t<div class=\"elementor-column elementor-col-100 elementor-top-column elementor-element elementor-element-7aca8b5\" data-id=\"7aca8b5\" data-element_type=\"column\" data-e-type=\"column\">\n\t\t\t<div class=\"elementor-widget-wrap elementor-element-populated\">\n\t\t\t\t\t\t<div class=\"elementor-element elementor-element-9bd6cc0 elementor-widget elementor-widget-text-editor\" data-id=\"9bd6cc0\" data-element_type=\"widget\" data-e-type=\"widget\" data-widget_type=\"text-editor.default\">\n\t\t\t\t<div class=\"elementor-widget-container\">\n\t\t\t\t\t\t\t\t\t<p>2023 ha sido el a\u00f1o en el que \u00c1lvaro D\u00edaz ha sumado numerosos logros. Certificados de diamante, platino y oro en varios pa\u00edses gracias a sus exitosas canciones; ha recorrido arenas de todo el mundo agotando sus entradas; y ha formado parte algunos carteles de los festivales m\u00e1s prestigiosos, acompa\u00f1ando a artistas top.<\/p>\n<p>Adem\u00e1s, recibi\u00f3 varias nominaciones de varios premios prestigiosos como Premio Lo Nuestro, Premios Juventud y Rolling Stone en espa\u00f1ol, y reuni\u00f3 a miles de fan\u00e1ticos en sus eventos en Am\u00e9rica Latina y Espa\u00f1a. Adem\u00e1s, D\u00edaz consolid\u00f3 su carrera como compositor al escribir las canciones <i>Gucci Los Pa\u00f1os<\/i>, parte del \u00e1lbum ganador del Latin Grammy de Karol G, y <i>Panties y Brasieres<\/i>&nbsp;para Daddy Yankee y Rauw Alejandro.<\/p>\t\t\t\t\t\t\t\t<\/div>\n\t\t\t\t<\/div>\n\t\t\t\t\t<\/div>\n\t\t<\/div>\n\t\t\t\t\t<\/div>\n\t\t<\/section>\n\t\t\t\t<section class=\"elementor-section elementor-top-section elementor-element elementor-element-0014392 elementor-section-boxed elementor-section-height-default elementor-section-height-default\" data-id=\"0014392\" data-element_type=\"section\" data-e-type=\"section\">\n\t\t\t\t\t\t<div class=\"elementor-container elementor-column-gap-default\">\n\t\t\t\t\t<div class=\"elementor-column elementor-col-100 elementor-top-column elementor-element elementor-element-8678526\" data-id=\"8678526\" data-element_type=\"column\" data-e-type=\"column\">\n\t\t\t<div class=\"elementor-widget-wrap elementor-element-populated\">\n\t\t\t\t\t\t<div class=\"elementor-element elementor-element-f2cd120 elementor-widget elementor-widget-image\" data-id=\"f2cd120\" data-element_type=\"widget\" data-e-type=\"widget\" data-widget_type=\"image.default\">\n\t\t\t\t<div class=\"elementor-widget-container\">\n\t\t\t\t\t\t\t\t\t\t\t\t\t\t\t<img decoding=\"async\" width=\"640\" height=\"640\" src=\"https:\/\/unaymilletras.com\/wp-content\/uploads\/2023\/11\/Quevedo-Alvaro-Diaz.jpeg\" class=\"attachment-large size-large wp-image-1639\" alt=\"\" srcset=\"https:\/\/unaymilletras.com\/wp-content\/uploads\/2023\/11\/Quevedo-Alvaro-Diaz.jpeg 660w, https:\/\/unaymilletras.com\/wp-content\/uploads\/2023\/11\/Quevedo-Alvaro-Diaz-300x300.jpeg 300w, https:\/\/unaymilletras.com\/wp-content\/uploads\/2023\/11\/Quevedo-Alvaro-Diaz-150x150.jpeg 150w\" sizes=\"(max-width: 640px) 100vw, 640px\" \/>\t\t\t\t\t\t\t\t\t\t\t\t\t\t\t<\/div>\n\t\t\t\t<\/div>\n\t\t\t\t\t<\/div>\n\t\t<\/div>\n\t\t\t\t\t<\/div>\n\t\t<\/section>\n\t\t\t\t<section class=\"elementor-section elementor-top-section elementor-element elementor-element-3e20642 elementor-section-boxed elementor-section-height-default elementor-section-height-default\" data-id=\"3e20642\" data-element_type=\"section\" data-e-type=\"section\">\n\t\t\t\t\t\t<div class=\"elementor-container elementor-column-gap-default\">\n\t\t\t\t\t<div class=\"elementor-column elementor-col-100 elementor-top-column elementor-element elementor-element-1ca1583\" data-id=\"1ca1583\" data-element_type=\"column\" data-e-type=\"column\">\n\t\t\t<div class=\"elementor-widget-wrap elementor-element-populated\">\n\t\t\t\t\t\t<div class=\"elementor-element elementor-element-8a67b56 elementor-widget elementor-widget-text-editor\" data-id=\"8a67b56\" data-element_type=\"widget\" data-e-type=\"widget\" data-widget_type=\"text-editor.default\">\n\t\t\t\t<div class=\"elementor-widget-container\">\n\t\t\t\t\t\t\t\t\t<p>El 2024 ya parece prometedor para D\u00edaz, quien comenzar\u00e1 el a\u00f1o con un nuevo \u00e1lbum que incluir\u00e1 colaboraciones con estrellas destacadas y actuaciones en festivales importantes, como Tecate Pa&#8217;l Norte (M\u00e9xico), La Solar (Colombia) y Ceremonia (M\u00e9xico).<\/p><p>El tema de reguet\u00f3n fue producido por Caleb Calloway, Cashmere Cat, Slow Jamz y Elijah Fox, y es el m\u00e1s reciente sencillo de su esperado \u00e1lbum <em>Sayonara<\/em>. Los visuales fueron dirigidos por Dink Films y WAIV y narran una historia de amor, p\u00e9rdida e indecisi\u00f3n mientras D\u00edaz y Quevedo navegan a trav\u00e9s de un entorno psicod\u00e9lico.<\/p>\t\t\t\t\t\t\t\t<\/div>\n\t\t\t\t<\/div>\n\t\t\t\t\t<\/div>\n\t\t<\/div>\n\t\t\t\t\t<\/div>\n\t\t<\/section>\n\t\t\t\t<\/div>","protected":false},"excerpt":{"rendered":"<p>\u00c1lvaro D\u00edaz da a conocer una parte de su nuevo proyecto \u201cSayonara\u201d con esta pegajosa colaboraci\u00f3n Tras un a\u00f1o en el que \u00c1lvaro D\u00edaz ha definido su carrera, estrena Quiz\u00e1s s\u00ed, quiz\u00e1s no, junto a Quevedo. Esta nueva canci\u00f3n es un pegajoso reggaet\u00f3n que estar\u00e1 incluido en Sayonara, el pr\u00f3ximo \u00e1lbum del artista. Se trata [&hellip;]<\/p>\n","protected":false},"author":1,"featured_media":1639,"comment_status":"open","ping_status":"open","sticky":false,"template":"","format":"standard","meta":{"footnotes":""},"categories":[4],"tags":[],"class_list":["post-1634","post","type-post","status-publish","format-standard","has-post-thumbnail","hentry","category-musica"],"yoast_head":"<!-- This site is optimized with the Yoast SEO plugin v27.4 - https:\/\/yoast.com\/product\/yoast-seo-wordpress\/ -->\n<title>Quevedo y \u00c1lvaro D\u00edaz la colaboraci\u00f3n que todos esperaban &#8902; Una y Mil Letras<\/title>\n<meta name=\"description\" content=\"\u00c1lvaro D\u00edaz da a conocer una parte de su nuevo proyecto \u201cSayonara\u201d con esta pegajosa colaboraci\u00f3n junto a Quevedo\" \/>\n<meta name=\"robots\" content=\"index, follow, max-snippet:-1, max-image-preview:large, max-video-preview:-1\" \/>\n<link rel=\"canonical\" href=\"https:\/\/unaymilletras.com\/en\/quevedo-y-alvaro-diaz-la-colaboracion-que-todos-esperaban\/\" \/>\n<meta property=\"og:locale\" content=\"en_GB\" \/>\n<meta property=\"og:type\" content=\"article\" \/>\n<meta property=\"og:title\" content=\"Quevedo y \u00c1lvaro D\u00edaz la colaboraci\u00f3n que todos esperaban &#8902; Una y Mil Letras\" \/>\n<meta property=\"og:description\" content=\"\u00c1lvaro D\u00edaz da a conocer una parte de su nuevo proyecto \u201cSayonara\u201d con esta pegajosa colaboraci\u00f3n junto a Quevedo\" \/>\n<meta property=\"og:url\" content=\"https:\/\/unaymilletras.com\/en\/quevedo-y-alvaro-diaz-la-colaboracion-que-todos-esperaban\/\" \/>\n<meta property=\"og:site_name\" content=\"Una y Mil Letras\" \/>\n<meta property=\"article:published_time\" content=\"2023-11-25T09:58:41+00:00\" \/>\n<meta property=\"article:modified_time\" content=\"2023-11-25T10:03:37+00:00\" \/>\n<meta property=\"og:image\" content=\"http:\/\/unaymilletras.com\/wp-content\/uploads\/2023\/11\/Quevedo-Alvaro-Diaz.jpeg\" \/>\n\t<meta property=\"og:image:width\" content=\"660\" \/>\n\t<meta property=\"og:image:height\" content=\"660\" \/>\n\t<meta property=\"og:image:type\" content=\"image\/jpeg\" \/>\n<meta name=\"author\" content=\"Maria Gil Robledo\" \/>\n<meta name=\"twitter:card\" content=\"summary_large_image\" \/>\n<meta name=\"twitter:creator\" content=\"@UnaYMilLetras\" \/>\n<meta name=\"twitter:site\" content=\"@UnaYMilLetras\" \/>\n<meta name=\"twitter:label1\" content=\"Written by\" \/>\n\t<meta name=\"twitter:data1\" content=\"Maria Gil Robledo\" \/>\n\t<meta name=\"twitter:label2\" content=\"Estimated reading time\" \/>\n\t<meta name=\"twitter:data2\" content=\"2 minutes\" \/>\n<script type=\"application\/ld+json\" class=\"yoast-schema-graph\">{\"@context\":\"https:\\\/\\\/schema.org\",\"@graph\":[{\"@type\":\"Article\",\"@id\":\"https:\\\/\\\/unaymilletras.com\\\/quevedo-y-alvaro-diaz-la-colaboracion-que-todos-esperaban\\\/#article\",\"isPartOf\":{\"@id\":\"https:\\\/\\\/unaymilletras.com\\\/quevedo-y-alvaro-diaz-la-colaboracion-que-todos-esperaban\\\/\"},\"author\":{\"name\":\"Maria Gil Robledo\",\"@id\":\"http:\\\/\\\/unaymilletras.com\\\/#\\\/schema\\\/person\\\/d55ba681b8a4e463d8982dbe36a5dc94\"},\"headline\":\"Quevedo y \u00c1lvaro D\u00edaz la colaboraci\u00f3n que todos esperaban\",\"datePublished\":\"2023-11-25T09:58:41+00:00\",\"dateModified\":\"2023-11-25T10:03:37+00:00\",\"mainEntityOfPage\":{\"@id\":\"https:\\\/\\\/unaymilletras.com\\\/quevedo-y-alvaro-diaz-la-colaboracion-que-todos-esperaban\\\/\"},\"wordCount\":356,\"commentCount\":0,\"publisher\":{\"@id\":\"http:\\\/\\\/unaymilletras.com\\\/#organization\"},\"image\":{\"@id\":\"https:\\\/\\\/unaymilletras.com\\\/quevedo-y-alvaro-diaz-la-colaboracion-que-todos-esperaban\\\/#primaryimage\"},\"thumbnailUrl\":\"https:\\\/\\\/unaymilletras.com\\\/wp-content\\\/uploads\\\/2023\\\/11\\\/Quevedo-Alvaro-Diaz.jpeg\",\"articleSection\":[\"M\u00fasica\"],\"inLanguage\":\"en-GB\",\"potentialAction\":[{\"@type\":\"CommentAction\",\"name\":\"Comment\",\"target\":[\"https:\\\/\\\/unaymilletras.com\\\/quevedo-y-alvaro-diaz-la-colaboracion-que-todos-esperaban\\\/#respond\"]}]},{\"@type\":\"WebPage\",\"@id\":\"https:\\\/\\\/unaymilletras.com\\\/quevedo-y-alvaro-diaz-la-colaboracion-que-todos-esperaban\\\/\",\"url\":\"https:\\\/\\\/unaymilletras.com\\\/quevedo-y-alvaro-diaz-la-colaboracion-que-todos-esperaban\\\/\",\"name\":\"Quevedo y \u00c1lvaro D\u00edaz la colaboraci\u00f3n que todos esperaban &#8902; Una y Mil Letras\",\"isPartOf\":{\"@id\":\"http:\\\/\\\/unaymilletras.com\\\/#website\"},\"primaryImageOfPage\":{\"@id\":\"https:\\\/\\\/unaymilletras.com\\\/quevedo-y-alvaro-diaz-la-colaboracion-que-todos-esperaban\\\/#primaryimage\"},\"image\":{\"@id\":\"https:\\\/\\\/unaymilletras.com\\\/quevedo-y-alvaro-diaz-la-colaboracion-que-todos-esperaban\\\/#primaryimage\"},\"thumbnailUrl\":\"https:\\\/\\\/unaymilletras.com\\\/wp-content\\\/uploads\\\/2023\\\/11\\\/Quevedo-Alvaro-Diaz.jpeg\",\"datePublished\":\"2023-11-25T09:58:41+00:00\",\"dateModified\":\"2023-11-25T10:03:37+00:00\",\"description\":\"\u00c1lvaro D\u00edaz da a conocer una parte de su nuevo proyecto \u201cSayonara\u201d con esta pegajosa colaboraci\u00f3n junto a Quevedo\",\"breadcrumb\":{\"@id\":\"https:\\\/\\\/unaymilletras.com\\\/quevedo-y-alvaro-diaz-la-colaboracion-que-todos-esperaban\\\/#breadcrumb\"},\"inLanguage\":\"en-GB\",\"potentialAction\":[{\"@type\":\"ReadAction\",\"target\":[\"https:\\\/\\\/unaymilletras.com\\\/quevedo-y-alvaro-diaz-la-colaboracion-que-todos-esperaban\\\/\"]}]},{\"@type\":\"ImageObject\",\"inLanguage\":\"en-GB\",\"@id\":\"https:\\\/\\\/unaymilletras.com\\\/quevedo-y-alvaro-diaz-la-colaboracion-que-todos-esperaban\\\/#primaryimage\",\"url\":\"https:\\\/\\\/unaymilletras.com\\\/wp-content\\\/uploads\\\/2023\\\/11\\\/Quevedo-Alvaro-Diaz.jpeg\",\"contentUrl\":\"https:\\\/\\\/unaymilletras.com\\\/wp-content\\\/uploads\\\/2023\\\/11\\\/Quevedo-Alvaro-Diaz.jpeg\",\"width\":660,\"height\":660},{\"@type\":\"BreadcrumbList\",\"@id\":\"https:\\\/\\\/unaymilletras.com\\\/quevedo-y-alvaro-diaz-la-colaboracion-que-todos-esperaban\\\/#breadcrumb\",\"itemListElement\":[{\"@type\":\"ListItem\",\"position\":1,\"name\":\"Home\",\"item\":\"http:\\\/\\\/unaymilletras.com\\\/\"},{\"@type\":\"ListItem\",\"position\":2,\"name\":\"Quevedo y \u00c1lvaro D\u00edaz la colaboraci\u00f3n que todos esperaban\"}]},{\"@type\":\"WebSite\",\"@id\":\"http:\\\/\\\/unaymilletras.com\\\/#website\",\"url\":\"http:\\\/\\\/unaymilletras.com\\\/\",\"name\":\"Una y Mil Letras\",\"description\":\"\",\"publisher\":{\"@id\":\"http:\\\/\\\/unaymilletras.com\\\/#organization\"},\"potentialAction\":[{\"@type\":\"SearchAction\",\"target\":{\"@type\":\"EntryPoint\",\"urlTemplate\":\"http:\\\/\\\/unaymilletras.com\\\/?s={search_term_string}\"},\"query-input\":{\"@type\":\"PropertyValueSpecification\",\"valueRequired\":true,\"valueName\":\"search_term_string\"}}],\"inLanguage\":\"en-GB\"},{\"@type\":\"Organization\",\"@id\":\"http:\\\/\\\/unaymilletras.com\\\/#organization\",\"name\":\"Una y Mil Letras\",\"url\":\"http:\\\/\\\/unaymilletras.com\\\/\",\"logo\":{\"@type\":\"ImageObject\",\"inLanguage\":\"en-GB\",\"@id\":\"http:\\\/\\\/unaymilletras.com\\\/#\\\/schema\\\/logo\\\/image\\\/\",\"url\":\"https:\\\/\\\/unaymilletras.com\\\/wp-content\\\/uploads\\\/2024\\\/06\\\/cropped-Logo-removebg-preview.png\",\"contentUrl\":\"https:\\\/\\\/unaymilletras.com\\\/wp-content\\\/uploads\\\/2024\\\/06\\\/cropped-Logo-removebg-preview.png\",\"width\":512,\"height\":512,\"caption\":\"Una y Mil Letras\"},\"image\":{\"@id\":\"http:\\\/\\\/unaymilletras.com\\\/#\\\/schema\\\/logo\\\/image\\\/\"},\"sameAs\":[\"https:\\\/\\\/x.com\\\/UnaYMilLetras\",\"https:\\\/\\\/instagram.com\\\/UnaYMilLetras\"]},{\"@type\":\"Person\",\"@id\":\"http:\\\/\\\/unaymilletras.com\\\/#\\\/schema\\\/person\\\/d55ba681b8a4e463d8982dbe36a5dc94\",\"name\":\"Maria Gil Robledo\",\"image\":{\"@type\":\"ImageObject\",\"inLanguage\":\"en-GB\",\"@id\":\"https:\\\/\\\/secure.gravatar.com\\\/avatar\\\/4b8e5102e0015789407eb4870b12f0f2857952d83ca124058f92b764bd1840c3?s=96&d=mm&r=g\",\"url\":\"https:\\\/\\\/secure.gravatar.com\\\/avatar\\\/4b8e5102e0015789407eb4870b12f0f2857952d83ca124058f92b764bd1840c3?s=96&d=mm&r=g\",\"contentUrl\":\"https:\\\/\\\/secure.gravatar.com\\\/avatar\\\/4b8e5102e0015789407eb4870b12f0f2857952d83ca124058f92b764bd1840c3?s=96&d=mm&r=g\",\"caption\":\"Maria Gil Robledo\"},\"sameAs\":[\"http:\\\/\\\/unaymilletras.com\"],\"url\":\"https:\\\/\\\/unaymilletras.com\\\/en\\\/author\\\/mariiagiil02_\\\/\"}]}<\/script>\n<!-- \/ Yoast SEO plugin. -->","yoast_head_json":{"title":"Quevedo y \u00c1lvaro D\u00edaz la colaboraci\u00f3n que todos esperaban &#8902; Una y Mil Letras","description":"\u00c1lvaro D\u00edaz da a conocer una parte de su nuevo proyecto \u201cSayonara\u201d con esta pegajosa colaboraci\u00f3n junto a Quevedo","robots":{"index":"index","follow":"follow","max-snippet":"max-snippet:-1","max-image-preview":"max-image-preview:large","max-video-preview":"max-video-preview:-1"},"canonical":"https:\/\/unaymilletras.com\/en\/quevedo-y-alvaro-diaz-la-colaboracion-que-todos-esperaban\/","og_locale":"en_GB","og_type":"article","og_title":"Quevedo y \u00c1lvaro D\u00edaz la colaboraci\u00f3n que todos esperaban &#8902; Una y Mil Letras","og_description":"\u00c1lvaro D\u00edaz da a conocer una parte de su nuevo proyecto \u201cSayonara\u201d con esta pegajosa colaboraci\u00f3n junto a Quevedo","og_url":"https:\/\/unaymilletras.com\/en\/quevedo-y-alvaro-diaz-la-colaboracion-que-todos-esperaban\/","og_site_name":"Una y Mil Letras","article_published_time":"2023-11-25T09:58:41+00:00","article_modified_time":"2023-11-25T10:03:37+00:00","og_image":[{"width":660,"height":660,"url":"http:\/\/unaymilletras.com\/wp-content\/uploads\/2023\/11\/Quevedo-Alvaro-Diaz.jpeg","type":"image\/jpeg"}],"author":"Maria Gil Robledo","twitter_card":"summary_large_image","twitter_creator":"@UnaYMilLetras","twitter_site":"@UnaYMilLetras","twitter_misc":{"Written by":"Maria Gil Robledo","Estimated reading time":"2 minutes"},"schema":{"@context":"https:\/\/schema.org","@graph":[{"@type":"Article","@id":"https:\/\/unaymilletras.com\/quevedo-y-alvaro-diaz-la-colaboracion-que-todos-esperaban\/#article","isPartOf":{"@id":"https:\/\/unaymilletras.com\/quevedo-y-alvaro-diaz-la-colaboracion-que-todos-esperaban\/"},"author":{"name":"Maria Gil Robledo","@id":"http:\/\/unaymilletras.com\/#\/schema\/person\/d55ba681b8a4e463d8982dbe36a5dc94"},"headline":"Quevedo y \u00c1lvaro D\u00edaz la colaboraci\u00f3n que todos esperaban","datePublished":"2023-11-25T09:58:41+00:00","dateModified":"2023-11-25T10:03:37+00:00","mainEntityOfPage":{"@id":"https:\/\/unaymilletras.com\/quevedo-y-alvaro-diaz-la-colaboracion-que-todos-esperaban\/"},"wordCount":356,"commentCount":0,"publisher":{"@id":"http:\/\/unaymilletras.com\/#organization"},"image":{"@id":"https:\/\/unaymilletras.com\/quevedo-y-alvaro-diaz-la-colaboracion-que-todos-esperaban\/#primaryimage"},"thumbnailUrl":"https:\/\/unaymilletras.com\/wp-content\/uploads\/2023\/11\/Quevedo-Alvaro-Diaz.jpeg","articleSection":["M\u00fasica"],"inLanguage":"en-GB","potentialAction":[{"@type":"CommentAction","name":"Comment","target":["https:\/\/unaymilletras.com\/quevedo-y-alvaro-diaz-la-colaboracion-que-todos-esperaban\/#respond"]}]},{"@type":"WebPage","@id":"https:\/\/unaymilletras.com\/quevedo-y-alvaro-diaz-la-colaboracion-que-todos-esperaban\/","url":"https:\/\/unaymilletras.com\/quevedo-y-alvaro-diaz-la-colaboracion-que-todos-esperaban\/","name":"Quevedo y \u00c1lvaro D\u00edaz la colaboraci\u00f3n que todos esperaban &#8902; Una y Mil Letras","isPartOf":{"@id":"http:\/\/unaymilletras.com\/#website"},"primaryImageOfPage":{"@id":"https:\/\/unaymilletras.com\/quevedo-y-alvaro-diaz-la-colaboracion-que-todos-esperaban\/#primaryimage"},"image":{"@id":"https:\/\/unaymilletras.com\/quevedo-y-alvaro-diaz-la-colaboracion-que-todos-esperaban\/#primaryimage"},"thumbnailUrl":"https:\/\/unaymilletras.com\/wp-content\/uploads\/2023\/11\/Quevedo-Alvaro-Diaz.jpeg","datePublished":"2023-11-25T09:58:41+00:00","dateModified":"2023-11-25T10:03:37+00:00","description":"\u00c1lvaro D\u00edaz da a conocer una parte de su nuevo proyecto \u201cSayonara\u201d con esta pegajosa colaboraci\u00f3n junto a Quevedo","breadcrumb":{"@id":"https:\/\/unaymilletras.com\/quevedo-y-alvaro-diaz-la-colaboracion-que-todos-esperaban\/#breadcrumb"},"inLanguage":"en-GB","potentialAction":[{"@type":"ReadAction","target":["https:\/\/unaymilletras.com\/quevedo-y-alvaro-diaz-la-colaboracion-que-todos-esperaban\/"]}]},{"@type":"ImageObject","inLanguage":"en-GB","@id":"https:\/\/unaymilletras.com\/quevedo-y-alvaro-diaz-la-colaboracion-que-todos-esperaban\/#primaryimage","url":"https:\/\/unaymilletras.com\/wp-content\/uploads\/2023\/11\/Quevedo-Alvaro-Diaz.jpeg","contentUrl":"https:\/\/unaymilletras.com\/wp-content\/uploads\/2023\/11\/Quevedo-Alvaro-Diaz.jpeg","width":660,"height":660},{"@type":"BreadcrumbList","@id":"https:\/\/unaymilletras.com\/quevedo-y-alvaro-diaz-la-colaboracion-que-todos-esperaban\/#breadcrumb","itemListElement":[{"@type":"ListItem","position":1,"name":"Home","item":"http:\/\/unaymilletras.com\/"},{"@type":"ListItem","position":2,"name":"Quevedo y \u00c1lvaro D\u00edaz la colaboraci\u00f3n que todos esperaban"}]},{"@type":"WebSite","@id":"http:\/\/unaymilletras.com\/#website","url":"http:\/\/unaymilletras.com\/","name":"Una y Mil Letras","description":"","publisher":{"@id":"http:\/\/unaymilletras.com\/#organization"},"potentialAction":[{"@type":"SearchAction","target":{"@type":"EntryPoint","urlTemplate":"http:\/\/unaymilletras.com\/?s={search_term_string}"},"query-input":{"@type":"PropertyValueSpecification","valueRequired":true,"valueName":"search_term_string"}}],"inLanguage":"en-GB"},{"@type":"Organization","@id":"http:\/\/unaymilletras.com\/#organization","name":"Una y Mil Letras","url":"http:\/\/unaymilletras.com\/","logo":{"@type":"ImageObject","inLanguage":"en-GB","@id":"http:\/\/unaymilletras.com\/#\/schema\/logo\/image\/","url":"https:\/\/unaymilletras.com\/wp-content\/uploads\/2024\/06\/cropped-Logo-removebg-preview.png","contentUrl":"https:\/\/unaymilletras.com\/wp-content\/uploads\/2024\/06\/cropped-Logo-removebg-preview.png","width":512,"height":512,"caption":"Una y Mil Letras"},"image":{"@id":"http:\/\/unaymilletras.com\/#\/schema\/logo\/image\/"},"sameAs":["https:\/\/x.com\/UnaYMilLetras","https:\/\/instagram.com\/UnaYMilLetras"]},{"@type":"Person","@id":"http:\/\/unaymilletras.com\/#\/schema\/person\/d55ba681b8a4e463d8982dbe36a5dc94","name":"Maria Gil Robledo","image":{"@type":"ImageObject","inLanguage":"en-GB","@id":"https:\/\/secure.gravatar.com\/avatar\/4b8e5102e0015789407eb4870b12f0f2857952d83ca124058f92b764bd1840c3?s=96&d=mm&r=g","url":"https:\/\/secure.gravatar.com\/avatar\/4b8e5102e0015789407eb4870b12f0f2857952d83ca124058f92b764bd1840c3?s=96&d=mm&r=g","contentUrl":"https:\/\/secure.gravatar.com\/avatar\/4b8e5102e0015789407eb4870b12f0f2857952d83ca124058f92b764bd1840c3?s=96&d=mm&r=g","caption":"Maria Gil Robledo"},"sameAs":["http:\/\/unaymilletras.com"],"url":"https:\/\/unaymilletras.com\/en\/author\/mariiagiil02_\/"}]}},"_links":{"self":[{"href":"https:\/\/unaymilletras.com\/en\/wp-json\/wp\/v2\/posts\/1634","targetHints":{"allow":["GET"]}}],"collection":[{"href":"https:\/\/unaymilletras.com\/en\/wp-json\/wp\/v2\/posts"}],"about":[{"href":"https:\/\/unaymilletras.com\/en\/wp-json\/wp\/v2\/types\/post"}],"author":[{"embeddable":true,"href":"https:\/\/unaymilletras.com\/en\/wp-json\/wp\/v2\/users\/1"}],"replies":[{"embeddable":true,"href":"https:\/\/unaymilletras.com\/en\/wp-json\/wp\/v2\/comments?post=1634"}],"version-history":[{"count":5,"href":"https:\/\/unaymilletras.com\/en\/wp-json\/wp\/v2\/posts\/1634\/revisions"}],"predecessor-version":[{"id":1642,"href":"https:\/\/unaymilletras.com\/en\/wp-json\/wp\/v2\/posts\/1634\/revisions\/1642"}],"wp:featuredmedia":[{"embeddable":true,"href":"https:\/\/unaymilletras.com\/en\/wp-json\/wp\/v2\/media\/1639"}],"wp:attachment":[{"href":"https:\/\/unaymilletras.com\/en\/wp-json\/wp\/v2\/media?parent=1634"}],"wp:term":[{"taxonomy":"category","embeddable":true,"href":"https:\/\/unaymilletras.com\/en\/wp-json\/wp\/v2\/categories?post=1634"},{"taxonomy":"post_tag","embeddable":true,"href":"https:\/\/unaymilletras.com\/en\/wp-json\/wp\/v2\/tags?post=1634"}],"curies":[{"name":"wp","href":"https:\/\/api.w.org\/{rel}","templated":true}]}}