{"id":1651,"date":"2023-11-28T15:10:51","date_gmt":"2023-11-28T14:10:51","guid":{"rendered":"https:\/\/unaymilletras.com\/?p=1651"},"modified":"2023-11-28T15:10:55","modified_gmt":"2023-11-28T14:10:55","slug":"miranda-anuncia-nuevas-fechas-de-conciertos-tras-colgar-los-sold-out","status":"publish","type":"post","link":"https:\/\/unaymilletras.com\/en\/miranda-anuncia-nuevas-fechas-de-conciertos-tras-colgar-los-sold-out\/","title":{"rendered":"Miranda anuncia nuevas fechas de conciertos tras colgar los sold out"},"content":{"rendered":"<div data-elementor-type=\"wp-post\" data-elementor-id=\"1651\" class=\"elementor elementor-1651\">\n\t\t\t\t\t\t<section class=\"elementor-section elementor-top-section elementor-element elementor-element-dbab872 elementor-section-boxed elementor-section-height-default elementor-section-height-default\" data-id=\"dbab872\" data-element_type=\"section\" data-e-type=\"section\">\n\t\t\t\t\t\t<div class=\"elementor-container elementor-column-gap-default\">\n\t\t\t\t\t<div class=\"elementor-column elementor-col-100 elementor-top-column elementor-element elementor-element-092e6c2\" data-id=\"092e6c2\" data-element_type=\"column\" data-e-type=\"column\">\n\t\t\t<div class=\"elementor-widget-wrap elementor-element-populated\">\n\t\t\t\t\t\t<div class=\"elementor-element elementor-element-21a57f5 elementor-widget elementor-widget-text-editor\" data-id=\"21a57f5\" data-element_type=\"widget\" data-e-type=\"widget\" data-widget_type=\"text-editor.default\">\n\t\t\t\t<div class=\"elementor-widget-container\">\n\t\t\t\t\t\t\t\t\t<h2><span style=\"color: #808080;\"><em>La primera gira en solitario de Miranda genera un fen\u00f3meno &#8216;Sold Out&#8217; en m\u00e1s de la mitad de las ciudades programadas.<\/em><\/span><\/h2>\t\t\t\t\t\t\t\t<\/div>\n\t\t\t\t<\/div>\n\t\t\t\t\t<\/div>\n\t\t<\/div>\n\t\t\t\t\t<\/div>\n\t\t<\/section>\n\t\t\t\t<section class=\"elementor-section elementor-top-section elementor-element elementor-element-31e006a elementor-section-boxed elementor-section-height-default elementor-section-height-default\" data-id=\"31e006a\" data-element_type=\"section\" data-e-type=\"section\">\n\t\t\t\t\t\t<div class=\"elementor-container elementor-column-gap-default\">\n\t\t\t\t\t<div class=\"elementor-column elementor-col-100 elementor-top-column elementor-element elementor-element-ebc581b\" data-id=\"ebc581b\" data-element_type=\"column\" data-e-type=\"column\">\n\t\t\t<div class=\"elementor-widget-wrap elementor-element-populated\">\n\t\t\t\t\t\t<div class=\"elementor-element elementor-element-e6dc95b elementor-widget elementor-widget-text-editor\" data-id=\"e6dc95b\" data-element_type=\"widget\" data-e-type=\"widget\" data-widget_type=\"text-editor.default\">\n\t\t\t\t<div class=\"elementor-widget-container\">\n\t\t\t\t\t\t\t\t\t<p>La expectaci\u00f3n y el entusiasmo por la primera gira en solitario de <b>Miranda<\/b> han superado todas las expectativas. Ha marcado un hito impresionante en tan solo 24 horas. La respuesta abrumadora del p\u00fablico ha llevado al rapero a agotar m\u00e1s del 50% de los conciertos anunciados. Demuestra as\u00ed la conexi\u00f3n \u00fanica que tiene con sus seguidores.<\/p>\t\t\t\t\t\t\t\t<\/div>\n\t\t\t\t<\/div>\n\t\t\t\t\t<\/div>\n\t\t<\/div>\n\t\t\t\t\t<\/div>\n\t\t<\/section>\n\t\t\t\t<section class=\"elementor-section elementor-top-section elementor-element elementor-element-7e76dbe elementor-section-boxed elementor-section-height-default elementor-section-height-default\" data-id=\"7e76dbe\" data-element_type=\"section\" data-e-type=\"section\">\n\t\t\t\t\t\t<div class=\"elementor-container elementor-column-gap-default\">\n\t\t\t\t\t<div class=\"elementor-column elementor-col-33 elementor-top-column elementor-element elementor-element-97e4afd\" data-id=\"97e4afd\" data-element_type=\"column\" data-e-type=\"column\">\n\t\t\t<div class=\"elementor-widget-wrap elementor-element-populated\">\n\t\t\t\t\t\t<div class=\"elementor-element elementor-element-cfee30f elementor-widget elementor-widget-text-editor\" data-id=\"cfee30f\" data-element_type=\"widget\" data-e-type=\"widget\" data-widget_type=\"text-editor.default\">\n\t\t\t\t<div class=\"elementor-widget-container\">\n\t\t\t\t\t\t\t\t\t<p>La fiebre &#8216;Sold Out&#8217; ha conquistado las principales ciudades de Espa\u00f1a, comenzando con <span style=\"color: #808080;\"><a style=\"color: #808080;\" href=\"https:\/\/unaymilletras.com\/en\/walls-actuara-en-madrid-con-todo-agotado\/\">Madrid<\/a><\/span>, donde las entradas desaparecieron en apenas dos horas. Barcelona, Valencia, Zaragoza, Bilbao, Donostia, Salamanca y Le\u00f3n se suman a la lista de ciudades que disfrutar\u00e1n del fen\u00f3meno musical de Miranda.<\/p>\t\t\t\t\t\t\t\t<\/div>\n\t\t\t\t<\/div>\n\t\t\t\t\t<\/div>\n\t\t<\/div>\n\t\t\t\t<div class=\"elementor-column elementor-col-66 elementor-top-column elementor-element elementor-element-c44febf\" data-id=\"c44febf\" data-element_type=\"column\" data-e-type=\"column\">\n\t\t\t<div class=\"elementor-widget-wrap elementor-element-populated\">\n\t\t\t\t\t\t<div class=\"elementor-element elementor-element-088d789 elementor-widget elementor-widget-image\" data-id=\"088d789\" data-element_type=\"widget\" data-e-type=\"widget\" data-widget_type=\"image.default\">\n\t\t\t\t<div class=\"elementor-widget-container\">\n\t\t\t\t\t\t\t\t\t\t\t\t\t\t\t<img fetchpriority=\"high\" decoding=\"async\" width=\"600\" height=\"750\" src=\"https:\/\/unaymilletras.com\/wp-content\/uploads\/2023\/11\/miranda-e1701108814198.jpeg\" class=\"attachment-large size-large wp-image-1654\" alt=\"Miranda\" \/>\t\t\t\t\t\t\t\t\t\t\t\t\t\t\t<\/div>\n\t\t\t\t<\/div>\n\t\t\t\t\t<\/div>\n\t\t<\/div>\n\t\t\t\t\t<\/div>\n\t\t<\/section>\n\t\t\t\t<section class=\"elementor-section elementor-top-section elementor-element elementor-element-f3d91a7 elementor-section-boxed elementor-section-height-default elementor-section-height-default\" data-id=\"f3d91a7\" data-element_type=\"section\" data-e-type=\"section\">\n\t\t\t\t\t\t<div class=\"elementor-container elementor-column-gap-default\">\n\t\t\t\t\t<div class=\"elementor-column elementor-col-100 elementor-top-column elementor-element elementor-element-a2fc5d0\" data-id=\"a2fc5d0\" data-element_type=\"column\" data-e-type=\"column\">\n\t\t\t<div class=\"elementor-widget-wrap elementor-element-populated\">\n\t\t\t\t\t\t<div class=\"elementor-element elementor-element-dceaa44 elementor-widget elementor-widget-text-editor\" data-id=\"dceaa44\" data-element_type=\"widget\" data-e-type=\"widget\" data-widget_type=\"text-editor.default\">\n\t\t\t\t<div class=\"elementor-widget-container\">\n\t\t\t\t\t\t\t\t\t<p>Ante la extraordinaria demanda, el artista ha querido satisfacer a sus fans. Por ello, ha anunciando segundas fechas en <b>Barcelona<\/b> y <b>Madrid<\/b>. Adem\u00e1s, se han realizado cambios de salas en algunas ciudades para acomodar a un mayor p\u00fablico y se han agregado cuatro nuevas ciudades a la gira: <b>Gij\u00f3n<\/b>, <b>Murcia<\/b>, <b>Toledo<\/b> y <b>Pamplona<\/b>.<\/p>\t\t\t\t\t\t\t\t<\/div>\n\t\t\t\t<\/div>\n\t\t\t\t\t<\/div>\n\t\t<\/div>\n\t\t\t\t\t<\/div>\n\t\t<\/section>\n\t\t\t\t<section class=\"elementor-section elementor-top-section elementor-element elementor-element-9cfb160 elementor-section-boxed elementor-section-height-default elementor-section-height-default\" data-id=\"9cfb160\" data-element_type=\"section\" data-e-type=\"section\">\n\t\t\t\t\t\t<div class=\"elementor-container elementor-column-gap-default\">\n\t\t\t\t\t<div class=\"elementor-column elementor-col-50 elementor-top-column elementor-element elementor-element-13d07cb\" data-id=\"13d07cb\" data-element_type=\"column\" data-e-type=\"column\">\n\t\t\t<div class=\"elementor-widget-wrap elementor-element-populated\">\n\t\t\t\t\t\t<div class=\"elementor-element elementor-element-b1252f2 elementor-widget elementor-widget-image\" data-id=\"b1252f2\" data-element_type=\"widget\" data-e-type=\"widget\" data-widget_type=\"image.default\">\n\t\t\t\t<div class=\"elementor-widget-container\">\n\t\t\t\t\t\t\t\t\t\t\t\t\t\t\t<img decoding=\"async\" width=\"640\" height=\"790\" src=\"https:\/\/unaymilletras.com\/wp-content\/uploads\/2023\/11\/mirandaa-830x1024.jpeg\" class=\"attachment-large size-large wp-image-1655\" alt=\"Miranda\" srcset=\"https:\/\/unaymilletras.com\/wp-content\/uploads\/2023\/11\/mirandaa-830x1024.jpeg 830w, https:\/\/unaymilletras.com\/wp-content\/uploads\/2023\/11\/mirandaa-243x300.jpeg 243w, https:\/\/unaymilletras.com\/wp-content\/uploads\/2023\/11\/mirandaa-768x947.jpeg 768w, https:\/\/unaymilletras.com\/wp-content\/uploads\/2023\/11\/mirandaa-e1701108951721.jpeg 600w\" sizes=\"(max-width: 640px) 100vw, 640px\" \/>\t\t\t\t\t\t\t\t\t\t\t\t\t\t\t<\/div>\n\t\t\t\t<\/div>\n\t\t\t\t\t<\/div>\n\t\t<\/div>\n\t\t\t\t<div class=\"elementor-column elementor-col-50 elementor-top-column elementor-element elementor-element-025ebcc\" data-id=\"025ebcc\" data-element_type=\"column\" data-e-type=\"column\">\n\t\t\t<div class=\"elementor-widget-wrap elementor-element-populated\">\n\t\t\t\t\t\t<div class=\"elementor-element elementor-element-2587f78 elementor-widget elementor-widget-text-editor\" data-id=\"2587f78\" data-element_type=\"widget\" data-e-type=\"widget\" data-widget_type=\"text-editor.default\">\n\t\t\t\t<div class=\"elementor-widget-container\">\n\t\t\t\t\t\t\t\t\t<p>La Gira 2024 de Miranda, que dar\u00e1 inicio el 2 de febrero en Vigo, promete ser m\u00e1s que una serie de conciertos; ser\u00e1 una experiencia \u00fanica. Con quince ciudades en el <span style=\"color: #808080;\"><a style=\"color: #808080;\" href=\"https:\/\/www.wegow.com\/es\/artistas\/mirandamdz\">cartel<\/a>,<\/span> esta gira representa una nueva etapa para el artista de Tetu\u00e1n. A pesar de su juventud, Miranda ha dejado una marca indeleble en la escena del rap urbano underground, siendo reconocido como una de las voces m\u00e1s influyentes.<\/p>\t\t\t\t\t\t\t\t<\/div>\n\t\t\t\t<\/div>\n\t\t\t\t\t<\/div>\n\t\t<\/div>\n\t\t\t\t\t<\/div>\n\t\t<\/section>\n\t\t\t\t<section class=\"elementor-section elementor-top-section elementor-element elementor-element-834d70a elementor-section-boxed elementor-section-height-default elementor-section-height-default\" data-id=\"834d70a\" data-element_type=\"section\" data-e-type=\"section\">\n\t\t\t\t\t\t<div class=\"elementor-container elementor-column-gap-default\">\n\t\t\t\t\t<div class=\"elementor-column elementor-col-100 elementor-top-column elementor-element elementor-element-9e1eca8\" data-id=\"9e1eca8\" data-element_type=\"column\" data-e-type=\"column\">\n\t\t\t<div class=\"elementor-widget-wrap elementor-element-populated\">\n\t\t\t\t\t\t<div class=\"elementor-element elementor-element-490489f elementor-widget elementor-widget-text-editor\" data-id=\"490489f\" data-element_type=\"widget\" data-e-type=\"widget\" data-widget_type=\"text-editor.default\">\n\t\t\t\t<div class=\"elementor-widget-container\">\n\t\t\t\t\t\t\t\t\t<p>La m\u00fasica de Miranda trasciende etiquetas, y su capacidad para conectar emocionalmente con su audiencia es evidente en la abrumadora respuesta a la venta de entradas. El rapero no solo ofrece un espect\u00e1culo, sino una experiencia inolvidable. La incorporaci\u00f3n de nuevas fechas en ciudades como Gij\u00f3n, Murcia, Toledo y Pamplona refleja el impacto significativo que Miranda ha logrado en la escena musical y la demanda sostenida de sus seguidores.<\/p>\t\t\t\t\t\t\t\t<\/div>\n\t\t\t\t<\/div>\n\t\t\t\t\t<\/div>\n\t\t<\/div>\n\t\t\t\t\t<\/div>\n\t\t<\/section>\n\t\t\t\t<\/div>","protected":false},"excerpt":{"rendered":"<p>La primera gira en solitario de Miranda genera un fen\u00f3meno &#8216;Sold Out&#8217; en m\u00e1s de la mitad de las ciudades programadas. La expectaci\u00f3n y el entusiasmo por la primera gira en solitario de Miranda han superado todas las expectativas. Ha marcado un hito impresionante en tan solo 24 horas. La respuesta abrumadora del p\u00fablico ha [&hellip;]<\/p>\n","protected":false},"author":1,"featured_media":1654,"comment_status":"open","ping_status":"open","sticky":false,"template":"","format":"standard","meta":{"footnotes":""},"categories":[119,4],"tags":[],"class_list":["post-1651","post","type-post","status-publish","format-standard","has-post-thumbnail","hentry","category-eventos","category-musica"],"yoast_head":"<!-- This site is optimized with the Yoast SEO plugin v27.4 - https:\/\/yoast.com\/product\/yoast-seo-wordpress\/ -->\n<title>Miranda anuncia nuevas fechas de conciertos tras colgar los sold out<\/title>\n<meta name=\"description\" content=\"La primera gira en solitario de Miranda genera un fen\u00f3meno &#039;Sold Out&#039; en m\u00e1s de la mitad de las ciudades programadas.\" \/>\n<meta name=\"robots\" content=\"index, follow, max-snippet:-1, max-image-preview:large, max-video-preview:-1\" \/>\n<link rel=\"canonical\" href=\"https:\/\/unaymilletras.com\/en\/miranda-anuncia-nuevas-fechas-de-conciertos-tras-colgar-los-sold-out\/\" \/>\n<meta property=\"og:locale\" content=\"en_GB\" \/>\n<meta property=\"og:type\" content=\"article\" \/>\n<meta property=\"og:title\" content=\"Miranda anuncia nuevas fechas de conciertos tras colgar los sold out\" \/>\n<meta property=\"og:description\" content=\"La primera gira en solitario de Miranda genera un fen\u00f3meno &#039;Sold Out&#039; en m\u00e1s de la mitad de las ciudades programadas.\" \/>\n<meta property=\"og:url\" content=\"https:\/\/unaymilletras.com\/en\/miranda-anuncia-nuevas-fechas-de-conciertos-tras-colgar-los-sold-out\/\" \/>\n<meta property=\"og:site_name\" content=\"Una y Mil Letras\" \/>\n<meta property=\"article:published_time\" content=\"2023-11-28T14:10:51+00:00\" \/>\n<meta property=\"article:modified_time\" content=\"2023-11-28T14:10:55+00:00\" \/>\n<meta property=\"og:image\" content=\"http:\/\/unaymilletras.com\/wp-content\/uploads\/2023\/11\/miranda-e1701108814198.jpeg\" \/>\n\t<meta property=\"og:image:width\" content=\"600\" \/>\n\t<meta property=\"og:image:height\" content=\"750\" \/>\n\t<meta property=\"og:image:type\" content=\"image\/jpeg\" \/>\n<meta name=\"author\" content=\"Maria Gil Robledo\" \/>\n<meta name=\"twitter:card\" content=\"summary_large_image\" \/>\n<meta name=\"twitter:creator\" content=\"@UnaYMilLetras\" \/>\n<meta name=\"twitter:site\" content=\"@UnaYMilLetras\" \/>\n<meta name=\"twitter:label1\" content=\"Written by\" \/>\n\t<meta name=\"twitter:data1\" content=\"Maria Gil Robledo\" \/>\n\t<meta name=\"twitter:label2\" content=\"Estimated reading time\" \/>\n\t<meta name=\"twitter:data2\" content=\"2 minutes\" \/>\n<script type=\"application\/ld+json\" class=\"yoast-schema-graph\">{\"@context\":\"https:\\\/\\\/schema.org\",\"@graph\":[{\"@type\":\"Article\",\"@id\":\"https:\\\/\\\/unaymilletras.com\\\/miranda-anuncia-nuevas-fechas-de-conciertos-tras-colgar-los-sold-out\\\/#article\",\"isPartOf\":{\"@id\":\"https:\\\/\\\/unaymilletras.com\\\/miranda-anuncia-nuevas-fechas-de-conciertos-tras-colgar-los-sold-out\\\/\"},\"author\":{\"name\":\"Maria Gil Robledo\",\"@id\":\"http:\\\/\\\/unaymilletras.com\\\/#\\\/schema\\\/person\\\/d55ba681b8a4e463d8982dbe36a5dc94\"},\"headline\":\"Miranda anuncia nuevas fechas de conciertos tras colgar los sold out\",\"datePublished\":\"2023-11-28T14:10:51+00:00\",\"dateModified\":\"2023-11-28T14:10:55+00:00\",\"mainEntityOfPage\":{\"@id\":\"https:\\\/\\\/unaymilletras.com\\\/miranda-anuncia-nuevas-fechas-de-conciertos-tras-colgar-los-sold-out\\\/\"},\"wordCount\":340,\"commentCount\":0,\"publisher\":{\"@id\":\"http:\\\/\\\/unaymilletras.com\\\/#organization\"},\"image\":{\"@id\":\"https:\\\/\\\/unaymilletras.com\\\/miranda-anuncia-nuevas-fechas-de-conciertos-tras-colgar-los-sold-out\\\/#primaryimage\"},\"thumbnailUrl\":\"https:\\\/\\\/unaymilletras.com\\\/wp-content\\\/uploads\\\/2023\\\/11\\\/miranda-e1701108814198.jpeg\",\"articleSection\":[\"Eventos\",\"M\u00fasica\"],\"inLanguage\":\"en-GB\",\"potentialAction\":[{\"@type\":\"CommentAction\",\"name\":\"Comment\",\"target\":[\"https:\\\/\\\/unaymilletras.com\\\/miranda-anuncia-nuevas-fechas-de-conciertos-tras-colgar-los-sold-out\\\/#respond\"]}]},{\"@type\":\"WebPage\",\"@id\":\"https:\\\/\\\/unaymilletras.com\\\/miranda-anuncia-nuevas-fechas-de-conciertos-tras-colgar-los-sold-out\\\/\",\"url\":\"https:\\\/\\\/unaymilletras.com\\\/miranda-anuncia-nuevas-fechas-de-conciertos-tras-colgar-los-sold-out\\\/\",\"name\":\"Miranda anuncia nuevas fechas de conciertos tras colgar los sold out\",\"isPartOf\":{\"@id\":\"http:\\\/\\\/unaymilletras.com\\\/#website\"},\"primaryImageOfPage\":{\"@id\":\"https:\\\/\\\/unaymilletras.com\\\/miranda-anuncia-nuevas-fechas-de-conciertos-tras-colgar-los-sold-out\\\/#primaryimage\"},\"image\":{\"@id\":\"https:\\\/\\\/unaymilletras.com\\\/miranda-anuncia-nuevas-fechas-de-conciertos-tras-colgar-los-sold-out\\\/#primaryimage\"},\"thumbnailUrl\":\"https:\\\/\\\/unaymilletras.com\\\/wp-content\\\/uploads\\\/2023\\\/11\\\/miranda-e1701108814198.jpeg\",\"datePublished\":\"2023-11-28T14:10:51+00:00\",\"dateModified\":\"2023-11-28T14:10:55+00:00\",\"description\":\"La primera gira en solitario de Miranda genera un fen\u00f3meno 'Sold Out' en m\u00e1s de la mitad de las ciudades programadas.\",\"breadcrumb\":{\"@id\":\"https:\\\/\\\/unaymilletras.com\\\/miranda-anuncia-nuevas-fechas-de-conciertos-tras-colgar-los-sold-out\\\/#breadcrumb\"},\"inLanguage\":\"en-GB\",\"potentialAction\":[{\"@type\":\"ReadAction\",\"target\":[\"https:\\\/\\\/unaymilletras.com\\\/miranda-anuncia-nuevas-fechas-de-conciertos-tras-colgar-los-sold-out\\\/\"]}]},{\"@type\":\"ImageObject\",\"inLanguage\":\"en-GB\",\"@id\":\"https:\\\/\\\/unaymilletras.com\\\/miranda-anuncia-nuevas-fechas-de-conciertos-tras-colgar-los-sold-out\\\/#primaryimage\",\"url\":\"https:\\\/\\\/unaymilletras.com\\\/wp-content\\\/uploads\\\/2023\\\/11\\\/miranda-e1701108814198.jpeg\",\"contentUrl\":\"https:\\\/\\\/unaymilletras.com\\\/wp-content\\\/uploads\\\/2023\\\/11\\\/miranda-e1701108814198.jpeg\",\"width\":600,\"height\":750,\"caption\":\"Miranda\"},{\"@type\":\"BreadcrumbList\",\"@id\":\"https:\\\/\\\/unaymilletras.com\\\/miranda-anuncia-nuevas-fechas-de-conciertos-tras-colgar-los-sold-out\\\/#breadcrumb\",\"itemListElement\":[{\"@type\":\"ListItem\",\"position\":1,\"name\":\"Home\",\"item\":\"http:\\\/\\\/unaymilletras.com\\\/\"},{\"@type\":\"ListItem\",\"position\":2,\"name\":\"Miranda anuncia nuevas fechas de conciertos tras colgar los sold out\"}]},{\"@type\":\"WebSite\",\"@id\":\"http:\\\/\\\/unaymilletras.com\\\/#website\",\"url\":\"http:\\\/\\\/unaymilletras.com\\\/\",\"name\":\"Una y Mil Letras\",\"description\":\"\",\"publisher\":{\"@id\":\"http:\\\/\\\/unaymilletras.com\\\/#organization\"},\"potentialAction\":[{\"@type\":\"SearchAction\",\"target\":{\"@type\":\"EntryPoint\",\"urlTemplate\":\"http:\\\/\\\/unaymilletras.com\\\/?s={search_term_string}\"},\"query-input\":{\"@type\":\"PropertyValueSpecification\",\"valueRequired\":true,\"valueName\":\"search_term_string\"}}],\"inLanguage\":\"en-GB\"},{\"@type\":\"Organization\",\"@id\":\"http:\\\/\\\/unaymilletras.com\\\/#organization\",\"name\":\"Una y Mil Letras\",\"url\":\"http:\\\/\\\/unaymilletras.com\\\/\",\"logo\":{\"@type\":\"ImageObject\",\"inLanguage\":\"en-GB\",\"@id\":\"http:\\\/\\\/unaymilletras.com\\\/#\\\/schema\\\/logo\\\/image\\\/\",\"url\":\"https:\\\/\\\/unaymilletras.com\\\/wp-content\\\/uploads\\\/2024\\\/06\\\/cropped-Logo-removebg-preview.png\",\"contentUrl\":\"https:\\\/\\\/unaymilletras.com\\\/wp-content\\\/uploads\\\/2024\\\/06\\\/cropped-Logo-removebg-preview.png\",\"width\":512,\"height\":512,\"caption\":\"Una y Mil Letras\"},\"image\":{\"@id\":\"http:\\\/\\\/unaymilletras.com\\\/#\\\/schema\\\/logo\\\/image\\\/\"},\"sameAs\":[\"https:\\\/\\\/x.com\\\/UnaYMilLetras\",\"https:\\\/\\\/instagram.com\\\/UnaYMilLetras\"]},{\"@type\":\"Person\",\"@id\":\"http:\\\/\\\/unaymilletras.com\\\/#\\\/schema\\\/person\\\/d55ba681b8a4e463d8982dbe36a5dc94\",\"name\":\"Maria Gil Robledo\",\"image\":{\"@type\":\"ImageObject\",\"inLanguage\":\"en-GB\",\"@id\":\"https:\\\/\\\/secure.gravatar.com\\\/avatar\\\/4b8e5102e0015789407eb4870b12f0f2857952d83ca124058f92b764bd1840c3?s=96&d=mm&r=g\",\"url\":\"https:\\\/\\\/secure.gravatar.com\\\/avatar\\\/4b8e5102e0015789407eb4870b12f0f2857952d83ca124058f92b764bd1840c3?s=96&d=mm&r=g\",\"contentUrl\":\"https:\\\/\\\/secure.gravatar.com\\\/avatar\\\/4b8e5102e0015789407eb4870b12f0f2857952d83ca124058f92b764bd1840c3?s=96&d=mm&r=g\",\"caption\":\"Maria Gil Robledo\"},\"sameAs\":[\"http:\\\/\\\/unaymilletras.com\"],\"url\":\"https:\\\/\\\/unaymilletras.com\\\/en\\\/author\\\/mariiagiil02_\\\/\"}]}<\/script>\n<!-- \/ Yoast SEO plugin. -->","yoast_head_json":{"title":"Miranda anuncia nuevas fechas de conciertos tras colgar los sold out","description":"La primera gira en solitario de Miranda genera un fen\u00f3meno 'Sold Out' en m\u00e1s de la mitad de las ciudades programadas.","robots":{"index":"index","follow":"follow","max-snippet":"max-snippet:-1","max-image-preview":"max-image-preview:large","max-video-preview":"max-video-preview:-1"},"canonical":"https:\/\/unaymilletras.com\/en\/miranda-anuncia-nuevas-fechas-de-conciertos-tras-colgar-los-sold-out\/","og_locale":"en_GB","og_type":"article","og_title":"Miranda anuncia nuevas fechas de conciertos tras colgar los sold out","og_description":"La primera gira en solitario de Miranda genera un fen\u00f3meno 'Sold Out' en m\u00e1s de la mitad de las ciudades programadas.","og_url":"https:\/\/unaymilletras.com\/en\/miranda-anuncia-nuevas-fechas-de-conciertos-tras-colgar-los-sold-out\/","og_site_name":"Una y Mil Letras","article_published_time":"2023-11-28T14:10:51+00:00","article_modified_time":"2023-11-28T14:10:55+00:00","og_image":[{"width":600,"height":750,"url":"http:\/\/unaymilletras.com\/wp-content\/uploads\/2023\/11\/miranda-e1701108814198.jpeg","type":"image\/jpeg"}],"author":"Maria Gil Robledo","twitter_card":"summary_large_image","twitter_creator":"@UnaYMilLetras","twitter_site":"@UnaYMilLetras","twitter_misc":{"Written by":"Maria Gil Robledo","Estimated reading time":"2 minutes"},"schema":{"@context":"https:\/\/schema.org","@graph":[{"@type":"Article","@id":"https:\/\/unaymilletras.com\/miranda-anuncia-nuevas-fechas-de-conciertos-tras-colgar-los-sold-out\/#article","isPartOf":{"@id":"https:\/\/unaymilletras.com\/miranda-anuncia-nuevas-fechas-de-conciertos-tras-colgar-los-sold-out\/"},"author":{"name":"Maria Gil Robledo","@id":"http:\/\/unaymilletras.com\/#\/schema\/person\/d55ba681b8a4e463d8982dbe36a5dc94"},"headline":"Miranda anuncia nuevas fechas de conciertos tras colgar los sold out","datePublished":"2023-11-28T14:10:51+00:00","dateModified":"2023-11-28T14:10:55+00:00","mainEntityOfPage":{"@id":"https:\/\/unaymilletras.com\/miranda-anuncia-nuevas-fechas-de-conciertos-tras-colgar-los-sold-out\/"},"wordCount":340,"commentCount":0,"publisher":{"@id":"http:\/\/unaymilletras.com\/#organization"},"image":{"@id":"https:\/\/unaymilletras.com\/miranda-anuncia-nuevas-fechas-de-conciertos-tras-colgar-los-sold-out\/#primaryimage"},"thumbnailUrl":"https:\/\/unaymilletras.com\/wp-content\/uploads\/2023\/11\/miranda-e1701108814198.jpeg","articleSection":["Eventos","M\u00fasica"],"inLanguage":"en-GB","potentialAction":[{"@type":"CommentAction","name":"Comment","target":["https:\/\/unaymilletras.com\/miranda-anuncia-nuevas-fechas-de-conciertos-tras-colgar-los-sold-out\/#respond"]}]},{"@type":"WebPage","@id":"https:\/\/unaymilletras.com\/miranda-anuncia-nuevas-fechas-de-conciertos-tras-colgar-los-sold-out\/","url":"https:\/\/unaymilletras.com\/miranda-anuncia-nuevas-fechas-de-conciertos-tras-colgar-los-sold-out\/","name":"Miranda anuncia nuevas fechas de conciertos tras colgar los sold out","isPartOf":{"@id":"http:\/\/unaymilletras.com\/#website"},"primaryImageOfPage":{"@id":"https:\/\/unaymilletras.com\/miranda-anuncia-nuevas-fechas-de-conciertos-tras-colgar-los-sold-out\/#primaryimage"},"image":{"@id":"https:\/\/unaymilletras.com\/miranda-anuncia-nuevas-fechas-de-conciertos-tras-colgar-los-sold-out\/#primaryimage"},"thumbnailUrl":"https:\/\/unaymilletras.com\/wp-content\/uploads\/2023\/11\/miranda-e1701108814198.jpeg","datePublished":"2023-11-28T14:10:51+00:00","dateModified":"2023-11-28T14:10:55+00:00","description":"La primera gira en solitario de Miranda genera un fen\u00f3meno 'Sold Out' en m\u00e1s de la mitad de las ciudades programadas.","breadcrumb":{"@id":"https:\/\/unaymilletras.com\/miranda-anuncia-nuevas-fechas-de-conciertos-tras-colgar-los-sold-out\/#breadcrumb"},"inLanguage":"en-GB","potentialAction":[{"@type":"ReadAction","target":["https:\/\/unaymilletras.com\/miranda-anuncia-nuevas-fechas-de-conciertos-tras-colgar-los-sold-out\/"]}]},{"@type":"ImageObject","inLanguage":"en-GB","@id":"https:\/\/unaymilletras.com\/miranda-anuncia-nuevas-fechas-de-conciertos-tras-colgar-los-sold-out\/#primaryimage","url":"https:\/\/unaymilletras.com\/wp-content\/uploads\/2023\/11\/miranda-e1701108814198.jpeg","contentUrl":"https:\/\/unaymilletras.com\/wp-content\/uploads\/2023\/11\/miranda-e1701108814198.jpeg","width":600,"height":750,"caption":"Miranda"},{"@type":"BreadcrumbList","@id":"https:\/\/unaymilletras.com\/miranda-anuncia-nuevas-fechas-de-conciertos-tras-colgar-los-sold-out\/#breadcrumb","itemListElement":[{"@type":"ListItem","position":1,"name":"Home","item":"http:\/\/unaymilletras.com\/"},{"@type":"ListItem","position":2,"name":"Miranda anuncia nuevas fechas de conciertos tras colgar los sold out"}]},{"@type":"WebSite","@id":"http:\/\/unaymilletras.com\/#website","url":"http:\/\/unaymilletras.com\/","name":"Una y Mil Letras","description":"","publisher":{"@id":"http:\/\/unaymilletras.com\/#organization"},"potentialAction":[{"@type":"SearchAction","target":{"@type":"EntryPoint","urlTemplate":"http:\/\/unaymilletras.com\/?s={search_term_string}"},"query-input":{"@type":"PropertyValueSpecification","valueRequired":true,"valueName":"search_term_string"}}],"inLanguage":"en-GB"},{"@type":"Organization","@id":"http:\/\/unaymilletras.com\/#organization","name":"Una y Mil Letras","url":"http:\/\/unaymilletras.com\/","logo":{"@type":"ImageObject","inLanguage":"en-GB","@id":"http:\/\/unaymilletras.com\/#\/schema\/logo\/image\/","url":"https:\/\/unaymilletras.com\/wp-content\/uploads\/2024\/06\/cropped-Logo-removebg-preview.png","contentUrl":"https:\/\/unaymilletras.com\/wp-content\/uploads\/2024\/06\/cropped-Logo-removebg-preview.png","width":512,"height":512,"caption":"Una y Mil Letras"},"image":{"@id":"http:\/\/unaymilletras.com\/#\/schema\/logo\/image\/"},"sameAs":["https:\/\/x.com\/UnaYMilLetras","https:\/\/instagram.com\/UnaYMilLetras"]},{"@type":"Person","@id":"http:\/\/unaymilletras.com\/#\/schema\/person\/d55ba681b8a4e463d8982dbe36a5dc94","name":"Maria Gil Robledo","image":{"@type":"ImageObject","inLanguage":"en-GB","@id":"https:\/\/secure.gravatar.com\/avatar\/4b8e5102e0015789407eb4870b12f0f2857952d83ca124058f92b764bd1840c3?s=96&d=mm&r=g","url":"https:\/\/secure.gravatar.com\/avatar\/4b8e5102e0015789407eb4870b12f0f2857952d83ca124058f92b764bd1840c3?s=96&d=mm&r=g","contentUrl":"https:\/\/secure.gravatar.com\/avatar\/4b8e5102e0015789407eb4870b12f0f2857952d83ca124058f92b764bd1840c3?s=96&d=mm&r=g","caption":"Maria Gil Robledo"},"sameAs":["http:\/\/unaymilletras.com"],"url":"https:\/\/unaymilletras.com\/en\/author\/mariiagiil02_\/"}]}},"_links":{"self":[{"href":"https:\/\/unaymilletras.com\/en\/wp-json\/wp\/v2\/posts\/1651","targetHints":{"allow":["GET"]}}],"collection":[{"href":"https:\/\/unaymilletras.com\/en\/wp-json\/wp\/v2\/posts"}],"about":[{"href":"https:\/\/unaymilletras.com\/en\/wp-json\/wp\/v2\/types\/post"}],"author":[{"embeddable":true,"href":"https:\/\/unaymilletras.com\/en\/wp-json\/wp\/v2\/users\/1"}],"replies":[{"embeddable":true,"href":"https:\/\/unaymilletras.com\/en\/wp-json\/wp\/v2\/comments?post=1651"}],"version-history":[{"count":17,"href":"https:\/\/unaymilletras.com\/en\/wp-json\/wp\/v2\/posts\/1651\/revisions"}],"predecessor-version":[{"id":1670,"href":"https:\/\/unaymilletras.com\/en\/wp-json\/wp\/v2\/posts\/1651\/revisions\/1670"}],"wp:featuredmedia":[{"embeddable":true,"href":"https:\/\/unaymilletras.com\/en\/wp-json\/wp\/v2\/media\/1654"}],"wp:attachment":[{"href":"https:\/\/unaymilletras.com\/en\/wp-json\/wp\/v2\/media?parent=1651"}],"wp:term":[{"taxonomy":"category","embeddable":true,"href":"https:\/\/unaymilletras.com\/en\/wp-json\/wp\/v2\/categories?post=1651"},{"taxonomy":"post_tag","embeddable":true,"href":"https:\/\/unaymilletras.com\/en\/wp-json\/wp\/v2\/tags?post=1651"}],"curies":[{"name":"wp","href":"https:\/\/api.w.org\/{rel}","templated":true}]}}