{"id":1671,"date":"2023-11-28T19:38:17","date_gmt":"2023-11-28T18:38:17","guid":{"rendered":"https:\/\/unaymilletras.com\/?p=1671"},"modified":"2023-11-28T19:39:55","modified_gmt":"2023-11-28T18:39:55","slug":"j-balvin-anuncia-su-que-bueno-volver-a-verte-tour-con-dos-fechas-en-espana","status":"publish","type":"post","link":"https:\/\/unaymilletras.com\/en\/j-balvin-anuncia-su-que-bueno-volver-a-verte-tour-con-dos-fechas-en-espana\/","title":{"rendered":"J Balvin anuncia su \u00abQue Bueno Volver a Verte Tour\u00bb, con dos fechas en Espa\u00f1a"},"content":{"rendered":"<div data-elementor-type=\"wp-post\" data-elementor-id=\"1671\" class=\"elementor elementor-1671\">\n\t\t\t\t\t\t<section class=\"elementor-section elementor-top-section elementor-element elementor-element-c4f9187 elementor-section-boxed elementor-section-height-default elementor-section-height-default\" data-id=\"c4f9187\" data-element_type=\"section\" data-e-type=\"section\">\n\t\t\t\t\t\t<div class=\"elementor-container elementor-column-gap-default\">\n\t\t\t\t\t<div class=\"elementor-column elementor-col-100 elementor-top-column elementor-element elementor-element-65f3596\" data-id=\"65f3596\" data-element_type=\"column\" data-e-type=\"column\">\n\t\t\t<div class=\"elementor-widget-wrap elementor-element-populated\">\n\t\t\t\t\t\t<div class=\"elementor-element elementor-element-2f67c32 elementor-widget elementor-widget-text-editor\" data-id=\"2f67c32\" data-element_type=\"widget\" data-e-type=\"widget\" data-widget_type=\"text-editor.default\">\n\t\t\t\t<div class=\"elementor-widget-container\">\n\t\t\t\t\t\t\t\t\t<h2><span style=\"color: #808080;\"><em>Tras un exitoso recorrido por festivales de verano, J Balvin\u00a0 se embarcar\u00e1 en un tour que pasar\u00e1 por 20 ciudades europeas<\/em><\/span><\/h2>\t\t\t\t\t\t\t\t<\/div>\n\t\t\t\t<\/div>\n\t\t\t\t\t<\/div>\n\t\t<\/div>\n\t\t\t\t\t<\/div>\n\t\t<\/section>\n\t\t\t\t<section class=\"elementor-section elementor-top-section elementor-element elementor-element-99038ef elementor-section-boxed elementor-section-height-default elementor-section-height-default\" data-id=\"99038ef\" data-element_type=\"section\" data-e-type=\"section\">\n\t\t\t\t\t\t<div class=\"elementor-container elementor-column-gap-default\">\n\t\t\t\t\t<div class=\"elementor-column elementor-col-100 elementor-top-column elementor-element elementor-element-5adf6b2\" data-id=\"5adf6b2\" data-element_type=\"column\" data-e-type=\"column\">\n\t\t\t<div class=\"elementor-widget-wrap elementor-element-populated\">\n\t\t\t\t\t\t<div class=\"elementor-element elementor-element-c6c67a0 elementor-widget elementor-widget-text-editor\" data-id=\"c6c67a0\" data-element_type=\"widget\" data-e-type=\"widget\" data-widget_type=\"text-editor.default\">\n\t\t\t\t<div class=\"elementor-widget-container\">\n\t\t\t\t\t\t\t\t\t<p>La estrella global <b>J Balvin<\/b> emociona a sus fan\u00e1ticos con el anuncio de su anticipada gira internacional para 2024, el <i><b>Que Bueno Volver a Verte Tour<\/b><\/i>. Despu\u00e9s de triunfar en festivales de todo el mundo, el tour abarcar\u00e1 20 ciudades europeas, con paradas destacadas en <b>Barcelona<\/b> y <b>Madrid<\/b>.<\/p>\t\t\t\t\t\t\t\t<\/div>\n\t\t\t\t<\/div>\n\t\t\t\t\t<\/div>\n\t\t<\/div>\n\t\t\t\t\t<\/div>\n\t\t<\/section>\n\t\t\t\t<section class=\"elementor-section elementor-top-section elementor-element elementor-element-eb9d807 elementor-section-boxed elementor-section-height-default elementor-section-height-default\" data-id=\"eb9d807\" data-element_type=\"section\" data-e-type=\"section\">\n\t\t\t\t\t\t<div class=\"elementor-container elementor-column-gap-default\">\n\t\t\t\t\t<div class=\"elementor-column elementor-col-50 elementor-top-column elementor-element elementor-element-1f4bb85\" data-id=\"1f4bb85\" data-element_type=\"column\" data-e-type=\"column\">\n\t\t\t<div class=\"elementor-widget-wrap elementor-element-populated\">\n\t\t\t\t\t\t<div class=\"elementor-element elementor-element-3bb36a1 elementor-widget elementor-widget-image\" data-id=\"3bb36a1\" data-element_type=\"widget\" data-e-type=\"widget\" data-widget_type=\"image.default\">\n\t\t\t\t<div class=\"elementor-widget-container\">\n\t\t\t\t\t\t\t\t\t\t\t\t\t\t\t<img fetchpriority=\"high\" decoding=\"async\" width=\"625\" height=\"625\" src=\"https:\/\/unaymilletras.com\/wp-content\/uploads\/2023\/11\/tour-balvin.jpeg\" class=\"attachment-large size-large wp-image-1675\" alt=\"J Balvin\" srcset=\"https:\/\/unaymilletras.com\/wp-content\/uploads\/2023\/11\/tour-balvin.jpeg 625w, https:\/\/unaymilletras.com\/wp-content\/uploads\/2023\/11\/tour-balvin-300x300.jpeg 300w, https:\/\/unaymilletras.com\/wp-content\/uploads\/2023\/11\/tour-balvin-150x150.jpeg 150w\" sizes=\"(max-width: 625px) 100vw, 625px\" \/>\t\t\t\t\t\t\t\t\t\t\t\t\t\t\t<\/div>\n\t\t\t\t<\/div>\n\t\t\t\t\t<\/div>\n\t\t<\/div>\n\t\t\t\t<div class=\"elementor-column elementor-col-50 elementor-top-column elementor-element elementor-element-b503ba3\" data-id=\"b503ba3\" data-element_type=\"column\" data-e-type=\"column\">\n\t\t\t<div class=\"elementor-widget-wrap elementor-element-populated\">\n\t\t\t\t\t\t<div class=\"elementor-element elementor-element-a6b181c elementor-widget elementor-widget-text-editor\" data-id=\"a6b181c\" data-element_type=\"widget\" data-e-type=\"widget\" data-widget_type=\"text-editor.default\">\n\t\t\t\t<div class=\"elementor-widget-container\">\n\t\t\t\t\t\t\t\t\t<p>Las vibraciones latinas de J Balvin resonar\u00e1n en Barcelona el 28 de mayo de 2024, en el Palau Ol\u00edmpic de Badalona, y el 31 de mayo en el Palacio Vistalegre de Madrid. Las entradas estar\u00e1n disponibles en preventa el 30 de noviembre, seguida de la venta general el 1 d<span style=\"color: #808080;\">e diciembre en J<a style=\"color: #808080;\" href=\"https:\/\/jbalvin.com\/\">Balvin.com<\/a>.<\/span> Para Barcelona y Madrid, tambi\u00e9n se podr\u00e1n adquirir a trav\u00e9s de doctormusic.com y entradas.com.<\/p>\t\t\t\t\t\t\t\t<\/div>\n\t\t\t\t<\/div>\n\t\t\t\t\t<\/div>\n\t\t<\/div>\n\t\t\t\t\t<\/div>\n\t\t<\/section>\n\t\t\t\t<section class=\"elementor-section elementor-top-section elementor-element elementor-element-28b6c98 elementor-section-boxed elementor-section-height-default elementor-section-height-default\" data-id=\"28b6c98\" data-element_type=\"section\" data-e-type=\"section\">\n\t\t\t\t\t\t<div class=\"elementor-container elementor-column-gap-default\">\n\t\t\t\t\t<div class=\"elementor-column elementor-col-100 elementor-top-column elementor-element elementor-element-152effb\" data-id=\"152effb\" data-element_type=\"column\" data-e-type=\"column\">\n\t\t\t<div class=\"elementor-widget-wrap elementor-element-populated\">\n\t\t\t\t\t\t<div class=\"elementor-element elementor-element-88605be elementor-widget elementor-widget-text-editor\" data-id=\"88605be\" data-element_type=\"widget\" data-e-type=\"widget\" data-widget_type=\"text-editor.default\">\n\t\t\t\t<div class=\"elementor-widget-container\">\n\t\t\t\t\t\t\t\t\t<p>\u00abLatino Gang, no puedo esperar a veros. Estoy emocionado de llevar nuestro nuevo espect\u00e1culo y m\u00fasica a las ciudades que amo\u00bb, expres\u00f3 el cantante. Las entradas tendr\u00e1n precios desde 60\u20ac a 74\u20acapara asientos reservados y 84\u20ac para Front Stage, ofreciendo a los fans una experiencia \u00fanica con el ic\u00f3nico artista latino.<\/p>\n<p>La gira <i>Que Bueno Volver a Verte<\/i>&nbsp;promete ser un cap\u00edtulo inolvidable en la carrera de J Balvin. Para mantenerse informados y recibir actualizaciones exclusivas, los seguidores pueden contactar a J Balvin a trav\u00e9s de WhatsApp y SMS en el +1 917 920 5445.<\/p>\t\t\t\t\t\t\t\t<\/div>\n\t\t\t\t<\/div>\n\t\t\t\t\t<\/div>\n\t\t<\/div>\n\t\t\t\t\t<\/div>\n\t\t<\/section>\n\t\t\t\t<\/div>","protected":false},"excerpt":{"rendered":"<p>Tras un exitoso recorrido por festivales de verano, J Balvin\u00a0 se embarcar\u00e1 en un tour que pasar\u00e1 por 20 ciudades europeas La estrella global J Balvin emociona a sus fan\u00e1ticos con el anuncio de su anticipada gira internacional para 2024, el Que Bueno Volver a Verte Tour. Despu\u00e9s de triunfar en festivales de todo el [&hellip;]<\/p>\n","protected":false},"author":1,"featured_media":1675,"comment_status":"open","ping_status":"open","sticky":false,"template":"","format":"standard","meta":{"footnotes":""},"categories":[119,4],"tags":[],"class_list":["post-1671","post","type-post","status-publish","format-standard","has-post-thumbnail","hentry","category-eventos","category-musica"],"yoast_head":"<!-- This site is optimized with the Yoast SEO plugin v27.4 - https:\/\/yoast.com\/product\/yoast-seo-wordpress\/ -->\n<title>J Balvin anuncia su &quot;Que Bueno Volver a Verte Tour&quot;, con dos fechas en Espa\u00f1a<\/title>\n<meta name=\"description\" content=\"Tras un exitoso recorrido por festivales de verano, J Balvin se embarcar\u00e1 en un tour que pasar\u00e1 por 20 ciudades europeas\" \/>\n<meta name=\"robots\" content=\"index, follow, max-snippet:-1, max-image-preview:large, max-video-preview:-1\" \/>\n<link rel=\"canonical\" href=\"https:\/\/unaymilletras.com\/en\/j-balvin-anuncia-su-que-bueno-volver-a-verte-tour-con-dos-fechas-en-espana\/\" \/>\n<meta property=\"og:locale\" content=\"en_GB\" \/>\n<meta property=\"og:type\" content=\"article\" \/>\n<meta property=\"og:title\" content=\"J Balvin anuncia su &quot;Que Bueno Volver a Verte Tour&quot;, con dos fechas en Espa\u00f1a\" \/>\n<meta property=\"og:description\" content=\"Tras un exitoso recorrido por festivales de verano, J Balvin se embarcar\u00e1 en un tour que pasar\u00e1 por 20 ciudades europeas\" \/>\n<meta property=\"og:url\" content=\"https:\/\/unaymilletras.com\/en\/j-balvin-anuncia-su-que-bueno-volver-a-verte-tour-con-dos-fechas-en-espana\/\" \/>\n<meta property=\"og:site_name\" content=\"Una y Mil Letras\" \/>\n<meta property=\"article:published_time\" content=\"2023-11-28T18:38:17+00:00\" \/>\n<meta property=\"article:modified_time\" content=\"2023-11-28T18:39:55+00:00\" \/>\n<meta property=\"og:image\" content=\"http:\/\/unaymilletras.com\/wp-content\/uploads\/2023\/11\/tour-balvin.jpeg\" \/>\n\t<meta property=\"og:image:width\" content=\"625\" \/>\n\t<meta property=\"og:image:height\" content=\"625\" \/>\n\t<meta property=\"og:image:type\" content=\"image\/jpeg\" \/>\n<meta name=\"author\" content=\"Maria Gil Robledo\" \/>\n<meta name=\"twitter:card\" content=\"summary_large_image\" \/>\n<meta name=\"twitter:creator\" content=\"@UnaYMilLetras\" \/>\n<meta name=\"twitter:site\" content=\"@UnaYMilLetras\" \/>\n<meta name=\"twitter:label1\" content=\"Written by\" \/>\n\t<meta name=\"twitter:data1\" content=\"Maria Gil Robledo\" \/>\n\t<meta name=\"twitter:label2\" content=\"Estimated reading time\" \/>\n\t<meta name=\"twitter:data2\" content=\"2 minutes\" \/>\n<script type=\"application\/ld+json\" class=\"yoast-schema-graph\">{\"@context\":\"https:\\\/\\\/schema.org\",\"@graph\":[{\"@type\":\"Article\",\"@id\":\"https:\\\/\\\/unaymilletras.com\\\/j-balvin-anuncia-su-que-bueno-volver-a-verte-tour-con-dos-fechas-en-espana\\\/#article\",\"isPartOf\":{\"@id\":\"https:\\\/\\\/unaymilletras.com\\\/j-balvin-anuncia-su-que-bueno-volver-a-verte-tour-con-dos-fechas-en-espana\\\/\"},\"author\":{\"name\":\"Maria Gil Robledo\",\"@id\":\"http:\\\/\\\/unaymilletras.com\\\/#\\\/schema\\\/person\\\/d55ba681b8a4e463d8982dbe36a5dc94\"},\"headline\":\"J Balvin anuncia su \u00abQue Bueno Volver a Verte Tour\u00bb, con dos fechas en Espa\u00f1a\",\"datePublished\":\"2023-11-28T18:38:17+00:00\",\"dateModified\":\"2023-11-28T18:39:55+00:00\",\"mainEntityOfPage\":{\"@id\":\"https:\\\/\\\/unaymilletras.com\\\/j-balvin-anuncia-su-que-bueno-volver-a-verte-tour-con-dos-fechas-en-espana\\\/\"},\"wordCount\":251,\"commentCount\":0,\"publisher\":{\"@id\":\"http:\\\/\\\/unaymilletras.com\\\/#organization\"},\"image\":{\"@id\":\"https:\\\/\\\/unaymilletras.com\\\/j-balvin-anuncia-su-que-bueno-volver-a-verte-tour-con-dos-fechas-en-espana\\\/#primaryimage\"},\"thumbnailUrl\":\"https:\\\/\\\/unaymilletras.com\\\/wp-content\\\/uploads\\\/2023\\\/11\\\/tour-balvin.jpeg\",\"articleSection\":[\"Eventos\",\"M\u00fasica\"],\"inLanguage\":\"en-GB\",\"potentialAction\":[{\"@type\":\"CommentAction\",\"name\":\"Comment\",\"target\":[\"https:\\\/\\\/unaymilletras.com\\\/j-balvin-anuncia-su-que-bueno-volver-a-verte-tour-con-dos-fechas-en-espana\\\/#respond\"]}]},{\"@type\":\"WebPage\",\"@id\":\"https:\\\/\\\/unaymilletras.com\\\/j-balvin-anuncia-su-que-bueno-volver-a-verte-tour-con-dos-fechas-en-espana\\\/\",\"url\":\"https:\\\/\\\/unaymilletras.com\\\/j-balvin-anuncia-su-que-bueno-volver-a-verte-tour-con-dos-fechas-en-espana\\\/\",\"name\":\"J Balvin anuncia su \\\"Que Bueno Volver a Verte Tour\\\", con dos fechas en Espa\u00f1a\",\"isPartOf\":{\"@id\":\"http:\\\/\\\/unaymilletras.com\\\/#website\"},\"primaryImageOfPage\":{\"@id\":\"https:\\\/\\\/unaymilletras.com\\\/j-balvin-anuncia-su-que-bueno-volver-a-verte-tour-con-dos-fechas-en-espana\\\/#primaryimage\"},\"image\":{\"@id\":\"https:\\\/\\\/unaymilletras.com\\\/j-balvin-anuncia-su-que-bueno-volver-a-verte-tour-con-dos-fechas-en-espana\\\/#primaryimage\"},\"thumbnailUrl\":\"https:\\\/\\\/unaymilletras.com\\\/wp-content\\\/uploads\\\/2023\\\/11\\\/tour-balvin.jpeg\",\"datePublished\":\"2023-11-28T18:38:17+00:00\",\"dateModified\":\"2023-11-28T18:39:55+00:00\",\"description\":\"Tras un exitoso recorrido por festivales de verano, J Balvin se embarcar\u00e1 en un tour que pasar\u00e1 por 20 ciudades europeas\",\"breadcrumb\":{\"@id\":\"https:\\\/\\\/unaymilletras.com\\\/j-balvin-anuncia-su-que-bueno-volver-a-verte-tour-con-dos-fechas-en-espana\\\/#breadcrumb\"},\"inLanguage\":\"en-GB\",\"potentialAction\":[{\"@type\":\"ReadAction\",\"target\":[\"https:\\\/\\\/unaymilletras.com\\\/j-balvin-anuncia-su-que-bueno-volver-a-verte-tour-con-dos-fechas-en-espana\\\/\"]}]},{\"@type\":\"ImageObject\",\"inLanguage\":\"en-GB\",\"@id\":\"https:\\\/\\\/unaymilletras.com\\\/j-balvin-anuncia-su-que-bueno-volver-a-verte-tour-con-dos-fechas-en-espana\\\/#primaryimage\",\"url\":\"https:\\\/\\\/unaymilletras.com\\\/wp-content\\\/uploads\\\/2023\\\/11\\\/tour-balvin.jpeg\",\"contentUrl\":\"https:\\\/\\\/unaymilletras.com\\\/wp-content\\\/uploads\\\/2023\\\/11\\\/tour-balvin.jpeg\",\"width\":625,\"height\":625,\"caption\":\"J Balvin\"},{\"@type\":\"BreadcrumbList\",\"@id\":\"https:\\\/\\\/unaymilletras.com\\\/j-balvin-anuncia-su-que-bueno-volver-a-verte-tour-con-dos-fechas-en-espana\\\/#breadcrumb\",\"itemListElement\":[{\"@type\":\"ListItem\",\"position\":1,\"name\":\"Home\",\"item\":\"http:\\\/\\\/unaymilletras.com\\\/\"},{\"@type\":\"ListItem\",\"position\":2,\"name\":\"J Balvin anuncia su \u00abQue Bueno Volver a Verte Tour\u00bb, con dos fechas en Espa\u00f1a\"}]},{\"@type\":\"WebSite\",\"@id\":\"http:\\\/\\\/unaymilletras.com\\\/#website\",\"url\":\"http:\\\/\\\/unaymilletras.com\\\/\",\"name\":\"Una y Mil Letras\",\"description\":\"\",\"publisher\":{\"@id\":\"http:\\\/\\\/unaymilletras.com\\\/#organization\"},\"potentialAction\":[{\"@type\":\"SearchAction\",\"target\":{\"@type\":\"EntryPoint\",\"urlTemplate\":\"http:\\\/\\\/unaymilletras.com\\\/?s={search_term_string}\"},\"query-input\":{\"@type\":\"PropertyValueSpecification\",\"valueRequired\":true,\"valueName\":\"search_term_string\"}}],\"inLanguage\":\"en-GB\"},{\"@type\":\"Organization\",\"@id\":\"http:\\\/\\\/unaymilletras.com\\\/#organization\",\"name\":\"Una y Mil Letras\",\"url\":\"http:\\\/\\\/unaymilletras.com\\\/\",\"logo\":{\"@type\":\"ImageObject\",\"inLanguage\":\"en-GB\",\"@id\":\"http:\\\/\\\/unaymilletras.com\\\/#\\\/schema\\\/logo\\\/image\\\/\",\"url\":\"https:\\\/\\\/unaymilletras.com\\\/wp-content\\\/uploads\\\/2024\\\/06\\\/cropped-Logo-removebg-preview.png\",\"contentUrl\":\"https:\\\/\\\/unaymilletras.com\\\/wp-content\\\/uploads\\\/2024\\\/06\\\/cropped-Logo-removebg-preview.png\",\"width\":512,\"height\":512,\"caption\":\"Una y Mil Letras\"},\"image\":{\"@id\":\"http:\\\/\\\/unaymilletras.com\\\/#\\\/schema\\\/logo\\\/image\\\/\"},\"sameAs\":[\"https:\\\/\\\/x.com\\\/UnaYMilLetras\",\"https:\\\/\\\/instagram.com\\\/UnaYMilLetras\"]},{\"@type\":\"Person\",\"@id\":\"http:\\\/\\\/unaymilletras.com\\\/#\\\/schema\\\/person\\\/d55ba681b8a4e463d8982dbe36a5dc94\",\"name\":\"Maria Gil Robledo\",\"image\":{\"@type\":\"ImageObject\",\"inLanguage\":\"en-GB\",\"@id\":\"https:\\\/\\\/secure.gravatar.com\\\/avatar\\\/4b8e5102e0015789407eb4870b12f0f2857952d83ca124058f92b764bd1840c3?s=96&d=mm&r=g\",\"url\":\"https:\\\/\\\/secure.gravatar.com\\\/avatar\\\/4b8e5102e0015789407eb4870b12f0f2857952d83ca124058f92b764bd1840c3?s=96&d=mm&r=g\",\"contentUrl\":\"https:\\\/\\\/secure.gravatar.com\\\/avatar\\\/4b8e5102e0015789407eb4870b12f0f2857952d83ca124058f92b764bd1840c3?s=96&d=mm&r=g\",\"caption\":\"Maria Gil Robledo\"},\"sameAs\":[\"http:\\\/\\\/unaymilletras.com\"],\"url\":\"https:\\\/\\\/unaymilletras.com\\\/en\\\/author\\\/mariiagiil02_\\\/\"}]}<\/script>\n<!-- \/ Yoast SEO plugin. -->","yoast_head_json":{"title":"J Balvin anuncia su \"Que Bueno Volver a Verte Tour\", con dos fechas en Espa\u00f1a","description":"Tras un exitoso recorrido por festivales de verano, J Balvin se embarcar\u00e1 en un tour que pasar\u00e1 por 20 ciudades europeas","robots":{"index":"index","follow":"follow","max-snippet":"max-snippet:-1","max-image-preview":"max-image-preview:large","max-video-preview":"max-video-preview:-1"},"canonical":"https:\/\/unaymilletras.com\/en\/j-balvin-anuncia-su-que-bueno-volver-a-verte-tour-con-dos-fechas-en-espana\/","og_locale":"en_GB","og_type":"article","og_title":"J Balvin anuncia su \"Que Bueno Volver a Verte Tour\", con dos fechas en Espa\u00f1a","og_description":"Tras un exitoso recorrido por festivales de verano, J Balvin se embarcar\u00e1 en un tour que pasar\u00e1 por 20 ciudades europeas","og_url":"https:\/\/unaymilletras.com\/en\/j-balvin-anuncia-su-que-bueno-volver-a-verte-tour-con-dos-fechas-en-espana\/","og_site_name":"Una y Mil Letras","article_published_time":"2023-11-28T18:38:17+00:00","article_modified_time":"2023-11-28T18:39:55+00:00","og_image":[{"width":625,"height":625,"url":"http:\/\/unaymilletras.com\/wp-content\/uploads\/2023\/11\/tour-balvin.jpeg","type":"image\/jpeg"}],"author":"Maria Gil Robledo","twitter_card":"summary_large_image","twitter_creator":"@UnaYMilLetras","twitter_site":"@UnaYMilLetras","twitter_misc":{"Written by":"Maria Gil Robledo","Estimated reading time":"2 minutes"},"schema":{"@context":"https:\/\/schema.org","@graph":[{"@type":"Article","@id":"https:\/\/unaymilletras.com\/j-balvin-anuncia-su-que-bueno-volver-a-verte-tour-con-dos-fechas-en-espana\/#article","isPartOf":{"@id":"https:\/\/unaymilletras.com\/j-balvin-anuncia-su-que-bueno-volver-a-verte-tour-con-dos-fechas-en-espana\/"},"author":{"name":"Maria Gil Robledo","@id":"http:\/\/unaymilletras.com\/#\/schema\/person\/d55ba681b8a4e463d8982dbe36a5dc94"},"headline":"J Balvin anuncia su \u00abQue Bueno Volver a Verte Tour\u00bb, con dos fechas en Espa\u00f1a","datePublished":"2023-11-28T18:38:17+00:00","dateModified":"2023-11-28T18:39:55+00:00","mainEntityOfPage":{"@id":"https:\/\/unaymilletras.com\/j-balvin-anuncia-su-que-bueno-volver-a-verte-tour-con-dos-fechas-en-espana\/"},"wordCount":251,"commentCount":0,"publisher":{"@id":"http:\/\/unaymilletras.com\/#organization"},"image":{"@id":"https:\/\/unaymilletras.com\/j-balvin-anuncia-su-que-bueno-volver-a-verte-tour-con-dos-fechas-en-espana\/#primaryimage"},"thumbnailUrl":"https:\/\/unaymilletras.com\/wp-content\/uploads\/2023\/11\/tour-balvin.jpeg","articleSection":["Eventos","M\u00fasica"],"inLanguage":"en-GB","potentialAction":[{"@type":"CommentAction","name":"Comment","target":["https:\/\/unaymilletras.com\/j-balvin-anuncia-su-que-bueno-volver-a-verte-tour-con-dos-fechas-en-espana\/#respond"]}]},{"@type":"WebPage","@id":"https:\/\/unaymilletras.com\/j-balvin-anuncia-su-que-bueno-volver-a-verte-tour-con-dos-fechas-en-espana\/","url":"https:\/\/unaymilletras.com\/j-balvin-anuncia-su-que-bueno-volver-a-verte-tour-con-dos-fechas-en-espana\/","name":"J Balvin anuncia su \"Que Bueno Volver a Verte Tour\", con dos fechas en Espa\u00f1a","isPartOf":{"@id":"http:\/\/unaymilletras.com\/#website"},"primaryImageOfPage":{"@id":"https:\/\/unaymilletras.com\/j-balvin-anuncia-su-que-bueno-volver-a-verte-tour-con-dos-fechas-en-espana\/#primaryimage"},"image":{"@id":"https:\/\/unaymilletras.com\/j-balvin-anuncia-su-que-bueno-volver-a-verte-tour-con-dos-fechas-en-espana\/#primaryimage"},"thumbnailUrl":"https:\/\/unaymilletras.com\/wp-content\/uploads\/2023\/11\/tour-balvin.jpeg","datePublished":"2023-11-28T18:38:17+00:00","dateModified":"2023-11-28T18:39:55+00:00","description":"Tras un exitoso recorrido por festivales de verano, J Balvin se embarcar\u00e1 en un tour que pasar\u00e1 por 20 ciudades europeas","breadcrumb":{"@id":"https:\/\/unaymilletras.com\/j-balvin-anuncia-su-que-bueno-volver-a-verte-tour-con-dos-fechas-en-espana\/#breadcrumb"},"inLanguage":"en-GB","potentialAction":[{"@type":"ReadAction","target":["https:\/\/unaymilletras.com\/j-balvin-anuncia-su-que-bueno-volver-a-verte-tour-con-dos-fechas-en-espana\/"]}]},{"@type":"ImageObject","inLanguage":"en-GB","@id":"https:\/\/unaymilletras.com\/j-balvin-anuncia-su-que-bueno-volver-a-verte-tour-con-dos-fechas-en-espana\/#primaryimage","url":"https:\/\/unaymilletras.com\/wp-content\/uploads\/2023\/11\/tour-balvin.jpeg","contentUrl":"https:\/\/unaymilletras.com\/wp-content\/uploads\/2023\/11\/tour-balvin.jpeg","width":625,"height":625,"caption":"J Balvin"},{"@type":"BreadcrumbList","@id":"https:\/\/unaymilletras.com\/j-balvin-anuncia-su-que-bueno-volver-a-verte-tour-con-dos-fechas-en-espana\/#breadcrumb","itemListElement":[{"@type":"ListItem","position":1,"name":"Home","item":"http:\/\/unaymilletras.com\/"},{"@type":"ListItem","position":2,"name":"J Balvin anuncia su \u00abQue Bueno Volver a Verte Tour\u00bb, con dos fechas en Espa\u00f1a"}]},{"@type":"WebSite","@id":"http:\/\/unaymilletras.com\/#website","url":"http:\/\/unaymilletras.com\/","name":"Una y Mil Letras","description":"","publisher":{"@id":"http:\/\/unaymilletras.com\/#organization"},"potentialAction":[{"@type":"SearchAction","target":{"@type":"EntryPoint","urlTemplate":"http:\/\/unaymilletras.com\/?s={search_term_string}"},"query-input":{"@type":"PropertyValueSpecification","valueRequired":true,"valueName":"search_term_string"}}],"inLanguage":"en-GB"},{"@type":"Organization","@id":"http:\/\/unaymilletras.com\/#organization","name":"Una y Mil Letras","url":"http:\/\/unaymilletras.com\/","logo":{"@type":"ImageObject","inLanguage":"en-GB","@id":"http:\/\/unaymilletras.com\/#\/schema\/logo\/image\/","url":"https:\/\/unaymilletras.com\/wp-content\/uploads\/2024\/06\/cropped-Logo-removebg-preview.png","contentUrl":"https:\/\/unaymilletras.com\/wp-content\/uploads\/2024\/06\/cropped-Logo-removebg-preview.png","width":512,"height":512,"caption":"Una y Mil Letras"},"image":{"@id":"http:\/\/unaymilletras.com\/#\/schema\/logo\/image\/"},"sameAs":["https:\/\/x.com\/UnaYMilLetras","https:\/\/instagram.com\/UnaYMilLetras"]},{"@type":"Person","@id":"http:\/\/unaymilletras.com\/#\/schema\/person\/d55ba681b8a4e463d8982dbe36a5dc94","name":"Maria Gil Robledo","image":{"@type":"ImageObject","inLanguage":"en-GB","@id":"https:\/\/secure.gravatar.com\/avatar\/4b8e5102e0015789407eb4870b12f0f2857952d83ca124058f92b764bd1840c3?s=96&d=mm&r=g","url":"https:\/\/secure.gravatar.com\/avatar\/4b8e5102e0015789407eb4870b12f0f2857952d83ca124058f92b764bd1840c3?s=96&d=mm&r=g","contentUrl":"https:\/\/secure.gravatar.com\/avatar\/4b8e5102e0015789407eb4870b12f0f2857952d83ca124058f92b764bd1840c3?s=96&d=mm&r=g","caption":"Maria Gil Robledo"},"sameAs":["http:\/\/unaymilletras.com"],"url":"https:\/\/unaymilletras.com\/en\/author\/mariiagiil02_\/"}]}},"_links":{"self":[{"href":"https:\/\/unaymilletras.com\/en\/wp-json\/wp\/v2\/posts\/1671","targetHints":{"allow":["GET"]}}],"collection":[{"href":"https:\/\/unaymilletras.com\/en\/wp-json\/wp\/v2\/posts"}],"about":[{"href":"https:\/\/unaymilletras.com\/en\/wp-json\/wp\/v2\/types\/post"}],"author":[{"embeddable":true,"href":"https:\/\/unaymilletras.com\/en\/wp-json\/wp\/v2\/users\/1"}],"replies":[{"embeddable":true,"href":"https:\/\/unaymilletras.com\/en\/wp-json\/wp\/v2\/comments?post=1671"}],"version-history":[{"count":8,"href":"https:\/\/unaymilletras.com\/en\/wp-json\/wp\/v2\/posts\/1671\/revisions"}],"predecessor-version":[{"id":1681,"href":"https:\/\/unaymilletras.com\/en\/wp-json\/wp\/v2\/posts\/1671\/revisions\/1681"}],"wp:featuredmedia":[{"embeddable":true,"href":"https:\/\/unaymilletras.com\/en\/wp-json\/wp\/v2\/media\/1675"}],"wp:attachment":[{"href":"https:\/\/unaymilletras.com\/en\/wp-json\/wp\/v2\/media?parent=1671"}],"wp:term":[{"taxonomy":"category","embeddable":true,"href":"https:\/\/unaymilletras.com\/en\/wp-json\/wp\/v2\/categories?post=1671"},{"taxonomy":"post_tag","embeddable":true,"href":"https:\/\/unaymilletras.com\/en\/wp-json\/wp\/v2\/tags?post=1671"}],"curies":[{"name":"wp","href":"https:\/\/api.w.org\/{rel}","templated":true}]}}