{"id":1689,"date":"2023-12-01T22:10:48","date_gmt":"2023-12-01T21:10:48","guid":{"rendered":"https:\/\/unaymilletras.com\/?p=1689"},"modified":"2023-12-01T22:19:26","modified_gmt":"2023-12-01T21:19:26","slug":"aitana-triunfa-en-su-primera-mitad-del-tour-por-latinoamerica","status":"publish","type":"post","link":"https:\/\/unaymilletras.com\/en\/aitana-triunfa-en-su-primera-mitad-del-tour-por-latinoamerica\/","title":{"rendered":"Aitana triunfa en su primera mitad del tour por Latinoam\u00e9rica"},"content":{"rendered":"<div data-elementor-type=\"wp-post\" data-elementor-id=\"1689\" class=\"elementor elementor-1689\">\n\t\t\t\t\t\t<section class=\"elementor-section elementor-top-section elementor-element elementor-element-9f3ae81 elementor-section-boxed elementor-section-height-default elementor-section-height-default\" data-id=\"9f3ae81\" data-element_type=\"section\" data-e-type=\"section\">\n\t\t\t\t\t\t<div class=\"elementor-container elementor-column-gap-default\">\n\t\t\t\t\t<div class=\"elementor-column elementor-col-100 elementor-top-column elementor-element elementor-element-f6a713e\" data-id=\"f6a713e\" data-element_type=\"column\" data-e-type=\"column\">\n\t\t\t<div class=\"elementor-widget-wrap elementor-element-populated\">\n\t\t\t\t\t\t<div class=\"elementor-element elementor-element-8213f7e elementor-widget elementor-widget-text-editor\" data-id=\"8213f7e\" data-element_type=\"widget\" data-e-type=\"widget\" data-widget_type=\"text-editor.default\">\n\t\t\t\t<div class=\"elementor-widget-container\">\n\t\t\t\t\t\t\t\t\t<h2><span style=\"color: #808080;\"><em>M\u00e9xico, Bogot\u00e1 y Lima ya han vivido el Alpha tour de Aitana presenciando momentos inolvidables<\/em><\/span><\/h2>\t\t\t\t\t\t\t\t<\/div>\n\t\t\t\t<\/div>\n\t\t\t\t\t<\/div>\n\t\t<\/div>\n\t\t\t\t\t<\/div>\n\t\t<\/section>\n\t\t\t\t<section class=\"elementor-section elementor-top-section elementor-element elementor-element-248572a elementor-section-boxed elementor-section-height-default elementor-section-height-default\" data-id=\"248572a\" data-element_type=\"section\" data-e-type=\"section\">\n\t\t\t\t\t\t<div class=\"elementor-container elementor-column-gap-default\">\n\t\t\t\t\t<div class=\"elementor-column elementor-col-100 elementor-top-column elementor-element elementor-element-86d2ac8\" data-id=\"86d2ac8\" data-element_type=\"column\" data-e-type=\"column\">\n\t\t\t<div class=\"elementor-widget-wrap elementor-element-populated\">\n\t\t\t\t\t\t<div class=\"elementor-element elementor-element-e0d5e65 elementor-widget elementor-widget-text-editor\" data-id=\"e0d5e65\" data-element_type=\"widget\" data-e-type=\"widget\" data-widget_type=\"text-editor.default\">\n\t\t\t\t<div class=\"elementor-widget-container\">\n\t\t\t\t\t\t\t\t\t<p>Tan solo han sido necesarias tres fechas en Latinoam\u00e9rica para saber que el <strong>Alpha Tour<\/strong> de <strong>Aitana<\/strong> al otro lado del charco es un \u00e9xito. La catalana est\u00e1 en e<span style=\"color: #808080;\">l ecuador de su tour, pero ha tenido que volver a Espa\u00f1a para su tercer <strong>WiZink Center<\/strong> el <a style=\"color: #808080;\" href=\"https:\/\/www.wizinkcenter.es\/informacion?evento=aitana-alphatour-3\"><strong>5 de diciembre<\/strong>. El resto de los conciertos tendr\u00e1n<\/a> que esperar hasta 2024.<\/span><\/p>\t\t\t\t\t\t\t\t<\/div>\n\t\t\t\t<\/div>\n\t\t\t\t\t<\/div>\n\t\t<\/div>\n\t\t\t\t\t<\/div>\n\t\t<\/section>\n\t\t\t\t<section class=\"elementor-section elementor-top-section elementor-element elementor-element-5d4cab4 elementor-section-boxed elementor-section-height-default elementor-section-height-default\" data-id=\"5d4cab4\" data-element_type=\"section\" data-e-type=\"section\">\n\t\t\t\t\t\t<div class=\"elementor-container elementor-column-gap-default\">\n\t\t\t\t\t<div class=\"elementor-column elementor-col-50 elementor-top-column elementor-element elementor-element-be91211\" data-id=\"be91211\" data-element_type=\"column\" data-e-type=\"column\">\n\t\t\t<div class=\"elementor-widget-wrap elementor-element-populated\">\n\t\t\t\t\t\t<div class=\"elementor-element elementor-element-b6a1f07 elementor-widget elementor-widget-image\" data-id=\"b6a1f07\" data-element_type=\"widget\" data-e-type=\"widget\" data-widget_type=\"image.default\">\n\t\t\t\t<div class=\"elementor-widget-container\">\n\t\t\t\t\t\t\t\t\t\t\t\t\t\t\t<img fetchpriority=\"high\" decoding=\"async\" width=\"640\" height=\"853\" src=\"https:\/\/unaymilletras.com\/wp-content\/uploads\/2023\/12\/aitana-y-danna.jpeg\" class=\"attachment-large size-large wp-image-1692\" alt=\"Aitana\" srcset=\"https:\/\/unaymilletras.com\/wp-content\/uploads\/2023\/12\/aitana-y-danna.jpeg 660w, https:\/\/unaymilletras.com\/wp-content\/uploads\/2023\/12\/aitana-y-danna-225x300.jpeg 225w\" sizes=\"(max-width: 640px) 100vw, 640px\" \/>\t\t\t\t\t\t\t\t\t\t\t\t\t\t\t<\/div>\n\t\t\t\t<\/div>\n\t\t\t\t\t<\/div>\n\t\t<\/div>\n\t\t\t\t<div class=\"elementor-column elementor-col-50 elementor-top-column elementor-element elementor-element-747dcc8\" data-id=\"747dcc8\" data-element_type=\"column\" data-e-type=\"column\">\n\t\t\t<div class=\"elementor-widget-wrap elementor-element-populated\">\n\t\t\t\t\t\t<div class=\"elementor-element elementor-element-72adfb1 elementor-widget elementor-widget-text-editor\" data-id=\"72adfb1\" data-element_type=\"widget\" data-e-type=\"widget\" data-widget_type=\"text-editor.default\">\n\t\t\t\t<div class=\"elementor-widget-container\">\n\t\t\t\t\t\t\t\t\t<p>Aitana llegaba al <strong>Auditorio Nacional de Ciudad de M\u00e9xico<\/strong> dispuesta a dar su primer concierto de su <span style=\"color: #808080;\"><a style=\"color: #808080;\" href=\"https:\/\/unaymilletras.com\/en\/aitana-anuncia-su-nuevo-disco-alpha\/\">Alpha<\/a><\/span> Tour en Latinoam\u00e9rica. En esta primera fecha, casi <strong>9.000 <\/strong>fan\u00e1ticos acudieron al recinto para poder ver a la referente del pop espa\u00f1ol. Esta por su parte sorprendi\u00f3 con una invitada muy querida en el pa\u00eds: <strong>Danna Paola<\/strong>. Juntas interpretaron <strong><em>AQYNE<\/em><\/strong> por primera vez en directo. Ambas ofrecieron un espect\u00e1culo inolvidable dentro del propio show.<\/p>\t\t\t\t\t\t\t\t<\/div>\n\t\t\t\t<\/div>\n\t\t\t\t\t<\/div>\n\t\t<\/div>\n\t\t\t\t\t<\/div>\n\t\t<\/section>\n\t\t\t\t<section class=\"elementor-section elementor-top-section elementor-element elementor-element-fa3fab0 elementor-section-boxed elementor-section-height-default elementor-section-height-default\" data-id=\"fa3fab0\" data-element_type=\"section\" data-e-type=\"section\">\n\t\t\t\t\t\t<div class=\"elementor-container elementor-column-gap-default\">\n\t\t\t\t\t<div class=\"elementor-column elementor-col-100 elementor-top-column elementor-element elementor-element-e838640\" data-id=\"e838640\" data-element_type=\"column\" data-e-type=\"column\">\n\t\t\t<div class=\"elementor-widget-wrap elementor-element-populated\">\n\t\t\t\t\t\t<div class=\"elementor-element elementor-element-30947c2 elementor-widget elementor-widget-text-editor\" data-id=\"30947c2\" data-element_type=\"widget\" data-e-type=\"widget\" data-widget_type=\"text-editor.default\">\n\t\t\t\t<div class=\"elementor-widget-container\">\n\t\t\t\t\t\t\t\t\t<p>Bogot\u00e1 fue la segunda parada, donde Aitana arras\u00f3 en el<b> Movistar Arena.<\/b> Finalmente lleg\u00f3 hasta el <b>Anfiteatro del Parque de la Exposici\u00f3n de Lima<\/b>. Todos estos conciertos han dejado marca tanto en la artista como en los fans que han podido disfrutar del vivo. Tres noches donde la energ\u00eda, el carisma y el talento han reinado sin lugar a duda. Todo ello, junto a miles de fans que coreaban euf\u00f3ricamente todas sus canciones.<\/p>\n<p>En todos los conciertos, Aitana ha tenido un momento para agradecer de forma especial a cada uno de los pa\u00edses que ha visitado. Entre canci\u00f3n y canci\u00f3n, la artista expres\u00f3 su gratitud, emocionando a\u00fan m\u00e1s a un p\u00fablico entregado que la recibi\u00f3 con los brazos abiertos desde el arranque triunfal del espect\u00e1culo.<\/p>\t\t\t\t\t\t\t\t<\/div>\n\t\t\t\t<\/div>\n\t\t\t\t\t<\/div>\n\t\t<\/div>\n\t\t\t\t\t<\/div>\n\t\t<\/section>\n\t\t\t\t<section class=\"elementor-section elementor-top-section elementor-element elementor-element-a9f3dbd elementor-section-boxed elementor-section-height-default elementor-section-height-default\" data-id=\"a9f3dbd\" data-element_type=\"section\" data-e-type=\"section\">\n\t\t\t\t\t\t<div class=\"elementor-container elementor-column-gap-default\">\n\t\t\t\t\t<div class=\"elementor-column elementor-col-33 elementor-top-column elementor-element elementor-element-571ffe5\" data-id=\"571ffe5\" data-element_type=\"column\" data-e-type=\"column\">\n\t\t\t<div class=\"elementor-widget-wrap elementor-element-populated\">\n\t\t\t\t\t\t<div class=\"elementor-element elementor-element-1b4b0eb elementor-widget elementor-widget-image\" data-id=\"1b4b0eb\" data-element_type=\"widget\" data-e-type=\"widget\" data-widget_type=\"image.default\">\n\t\t\t\t<div class=\"elementor-widget-container\">\n\t\t\t\t\t\t\t\t\t\t\t\t\t\t\t<img decoding=\"async\" width=\"640\" height=\"853\" src=\"https:\/\/unaymilletras.com\/wp-content\/uploads\/2023\/12\/fans-3.jpeg\" class=\"attachment-large size-large wp-image-1695\" alt=\"Aitana\" srcset=\"https:\/\/unaymilletras.com\/wp-content\/uploads\/2023\/12\/fans-3.jpeg 660w, https:\/\/unaymilletras.com\/wp-content\/uploads\/2023\/12\/fans-3-225x300.jpeg 225w\" sizes=\"(max-width: 640px) 100vw, 640px\" \/>\t\t\t\t\t\t\t\t\t\t\t\t\t\t\t<\/div>\n\t\t\t\t<\/div>\n\t\t\t\t\t<\/div>\n\t\t<\/div>\n\t\t\t\t<div class=\"elementor-column elementor-col-33 elementor-top-column elementor-element elementor-element-925fade\" data-id=\"925fade\" data-element_type=\"column\" data-e-type=\"column\">\n\t\t\t<div class=\"elementor-widget-wrap elementor-element-populated\">\n\t\t\t\t\t\t<div class=\"elementor-element elementor-element-8387a0b elementor-widget__width-initial elementor-widget elementor-widget-image\" data-id=\"8387a0b\" data-element_type=\"widget\" data-e-type=\"widget\" data-widget_type=\"image.default\">\n\t\t\t\t<div class=\"elementor-widget-container\">\n\t\t\t\t\t\t\t\t\t\t\t\t\t\t\t<img decoding=\"async\" width=\"640\" height=\"800\" src=\"https:\/\/unaymilletras.com\/wp-content\/uploads\/2023\/12\/fans-2.jpeg\" class=\"attachment-large size-large wp-image-1694\" alt=\"\" srcset=\"https:\/\/unaymilletras.com\/wp-content\/uploads\/2023\/12\/fans-2.jpeg 660w, https:\/\/unaymilletras.com\/wp-content\/uploads\/2023\/12\/fans-2-240x300.jpeg 240w\" sizes=\"(max-width: 640px) 100vw, 640px\" \/>\t\t\t\t\t\t\t\t\t\t\t\t\t\t\t<\/div>\n\t\t\t\t<\/div>\n\t\t\t\t\t<\/div>\n\t\t<\/div>\n\t\t\t\t<div class=\"elementor-column elementor-col-33 elementor-top-column elementor-element elementor-element-c4c4630\" data-id=\"c4c4630\" data-element_type=\"column\" data-e-type=\"column\">\n\t\t\t<div class=\"elementor-widget-wrap elementor-element-populated\">\n\t\t\t\t\t\t<div class=\"elementor-element elementor-element-02191c7 elementor-widget elementor-widget-image\" data-id=\"02191c7\" data-element_type=\"widget\" data-e-type=\"widget\" data-widget_type=\"image.default\">\n\t\t\t\t<div class=\"elementor-widget-container\">\n\t\t\t\t\t\t\t\t\t\t\t\t\t\t\t<img loading=\"lazy\" decoding=\"async\" width=\"640\" height=\"853\" src=\"https:\/\/unaymilletras.com\/wp-content\/uploads\/2023\/12\/fans-1.jpeg\" class=\"attachment-large size-large wp-image-1693\" alt=\"Aitana\" srcset=\"https:\/\/unaymilletras.com\/wp-content\/uploads\/2023\/12\/fans-1.jpeg 660w, https:\/\/unaymilletras.com\/wp-content\/uploads\/2023\/12\/fans-1-225x300.jpeg 225w\" sizes=\"(max-width: 640px) 100vw, 640px\" \/>\t\t\t\t\t\t\t\t\t\t\t\t\t\t\t<\/div>\n\t\t\t\t<\/div>\n\t\t\t\t\t<\/div>\n\t\t<\/div>\n\t\t\t\t\t<\/div>\n\t\t<\/section>\n\t\t\t\t<section class=\"elementor-section elementor-top-section elementor-element elementor-element-830c30e elementor-section-boxed elementor-section-height-default elementor-section-height-default\" data-id=\"830c30e\" data-element_type=\"section\" data-e-type=\"section\">\n\t\t\t\t\t\t<div class=\"elementor-container elementor-column-gap-default\">\n\t\t\t\t\t<div class=\"elementor-column elementor-col-100 elementor-top-column elementor-element elementor-element-f41c6c3\" data-id=\"f41c6c3\" data-element_type=\"column\" data-e-type=\"column\">\n\t\t\t<div class=\"elementor-widget-wrap elementor-element-populated\">\n\t\t\t\t\t\t<div class=\"elementor-element elementor-element-ab224c3 elementor-widget elementor-widget-text-editor\" data-id=\"ab224c3\" data-element_type=\"widget\" data-e-type=\"widget\" data-widget_type=\"text-editor.default\">\n\t\t\t\t<div class=\"elementor-widget-container\">\n\t\t\t\t\t\t\t\t\t<p>En el Alpha Tour de Latam se han podido escuchar canciones del nuevo disco, como <strong><em>Las<\/em><\/strong><em> <strong>Babys<\/strong> <\/em>o <strong><em>Los \u00c1ngeles<\/em><\/strong>; pero tambi\u00e9n ha habido hueco para cl\u00e1sicos como <strong><em>Vas a Quedarte<\/em><\/strong> o <strong><em>Con la miel en los labios<\/em><\/strong>. Con este set list y su voz \u00fanica, Aitana ha conquistado a todos sus fans latinos. El a\u00f1o que viene le toca el turno al resto de pa\u00edses: <strong>Chile<\/strong>, <strong>Argentina<\/strong> y <strong>Uruguay<\/strong>.<\/p>\t\t\t\t\t\t\t\t<\/div>\n\t\t\t\t<\/div>\n\t\t\t\t\t<\/div>\n\t\t<\/div>\n\t\t\t\t\t<\/div>\n\t\t<\/section>\n\t\t\t\t<\/div>","protected":false},"excerpt":{"rendered":"<p>M\u00e9xico, Bogot\u00e1 y Lima ya han vivido el Alpha tour de Aitana presenciando momentos inolvidables Tan solo han sido necesarias tres fechas en Latinoam\u00e9rica para saber que el Alpha Tour de Aitana al otro lado del charco es un \u00e9xito. La catalana est\u00e1 en el ecuador de su tour, pero ha tenido que volver a [&hellip;]<\/p>\n","protected":false},"author":1,"featured_media":1693,"comment_status":"open","ping_status":"open","sticky":false,"template":"","format":"standard","meta":{"footnotes":""},"categories":[4],"tags":[],"class_list":["post-1689","post","type-post","status-publish","format-standard","has-post-thumbnail","hentry","category-musica"],"yoast_head":"<!-- This site is optimized with the Yoast SEO plugin v27.4 - https:\/\/yoast.com\/product\/yoast-seo-wordpress\/ -->\n<title>Aitana triunfa en su primera mitad del tour por Latinoam\u00e9rica<\/title>\n<meta name=\"description\" content=\"M\u00e9xico, Bogot\u00e1 y Lima ya han vivido el Alpha tour de Aitana presenciando momentos inolvidables en cada concierto\" \/>\n<meta name=\"robots\" content=\"index, follow, max-snippet:-1, max-image-preview:large, max-video-preview:-1\" \/>\n<link rel=\"canonical\" href=\"https:\/\/unaymilletras.com\/en\/aitana-triunfa-en-su-primera-mitad-del-tour-por-latinoamerica\/\" \/>\n<meta property=\"og:locale\" content=\"en_GB\" \/>\n<meta property=\"og:type\" content=\"article\" \/>\n<meta property=\"og:title\" content=\"Aitana triunfa en su primera mitad del tour por Latinoam\u00e9rica\" \/>\n<meta property=\"og:description\" content=\"M\u00e9xico, Bogot\u00e1 y Lima ya han vivido el Alpha tour de Aitana presenciando momentos inolvidables en cada concierto\" \/>\n<meta property=\"og:url\" content=\"https:\/\/unaymilletras.com\/en\/aitana-triunfa-en-su-primera-mitad-del-tour-por-latinoamerica\/\" \/>\n<meta property=\"og:site_name\" content=\"Una y Mil Letras\" \/>\n<meta property=\"article:published_time\" content=\"2023-12-01T21:10:48+00:00\" \/>\n<meta property=\"article:modified_time\" content=\"2023-12-01T21:19:26+00:00\" \/>\n<meta property=\"og:image\" content=\"http:\/\/unaymilletras.com\/wp-content\/uploads\/2023\/12\/fans-1.jpeg\" \/>\n\t<meta property=\"og:image:width\" content=\"660\" \/>\n\t<meta property=\"og:image:height\" content=\"880\" \/>\n\t<meta property=\"og:image:type\" content=\"image\/jpeg\" \/>\n<meta name=\"author\" content=\"Maria Gil Robledo\" \/>\n<meta name=\"twitter:card\" content=\"summary_large_image\" \/>\n<meta name=\"twitter:creator\" content=\"@UnaYMilLetras\" \/>\n<meta name=\"twitter:site\" content=\"@UnaYMilLetras\" \/>\n<meta name=\"twitter:label1\" content=\"Written by\" \/>\n\t<meta name=\"twitter:data1\" content=\"Maria Gil Robledo\" \/>\n\t<meta name=\"twitter:label2\" content=\"Estimated reading time\" \/>\n\t<meta name=\"twitter:data2\" content=\"3 minutes\" \/>\n<script type=\"application\/ld+json\" class=\"yoast-schema-graph\">{\"@context\":\"https:\\\/\\\/schema.org\",\"@graph\":[{\"@type\":\"Article\",\"@id\":\"https:\\\/\\\/unaymilletras.com\\\/aitana-triunfa-en-su-primera-mitad-del-tour-por-latinoamerica\\\/#article\",\"isPartOf\":{\"@id\":\"https:\\\/\\\/unaymilletras.com\\\/aitana-triunfa-en-su-primera-mitad-del-tour-por-latinoamerica\\\/\"},\"author\":{\"name\":\"Maria Gil Robledo\",\"@id\":\"http:\\\/\\\/unaymilletras.com\\\/#\\\/schema\\\/person\\\/d55ba681b8a4e463d8982dbe36a5dc94\"},\"headline\":\"Aitana triunfa en su primera mitad del tour por Latinoam\u00e9rica\",\"datePublished\":\"2023-12-01T21:10:48+00:00\",\"dateModified\":\"2023-12-01T21:19:26+00:00\",\"mainEntityOfPage\":{\"@id\":\"https:\\\/\\\/unaymilletras.com\\\/aitana-triunfa-en-su-primera-mitad-del-tour-por-latinoamerica\\\/\"},\"wordCount\":300,\"commentCount\":0,\"publisher\":{\"@id\":\"http:\\\/\\\/unaymilletras.com\\\/#organization\"},\"image\":{\"@id\":\"https:\\\/\\\/unaymilletras.com\\\/aitana-triunfa-en-su-primera-mitad-del-tour-por-latinoamerica\\\/#primaryimage\"},\"thumbnailUrl\":\"https:\\\/\\\/unaymilletras.com\\\/wp-content\\\/uploads\\\/2023\\\/12\\\/fans-1.jpeg\",\"articleSection\":[\"M\u00fasica\"],\"inLanguage\":\"en-GB\",\"potentialAction\":[{\"@type\":\"CommentAction\",\"name\":\"Comment\",\"target\":[\"https:\\\/\\\/unaymilletras.com\\\/aitana-triunfa-en-su-primera-mitad-del-tour-por-latinoamerica\\\/#respond\"]}]},{\"@type\":\"WebPage\",\"@id\":\"https:\\\/\\\/unaymilletras.com\\\/aitana-triunfa-en-su-primera-mitad-del-tour-por-latinoamerica\\\/\",\"url\":\"https:\\\/\\\/unaymilletras.com\\\/aitana-triunfa-en-su-primera-mitad-del-tour-por-latinoamerica\\\/\",\"name\":\"Aitana triunfa en su primera mitad del tour por Latinoam\u00e9rica\",\"isPartOf\":{\"@id\":\"http:\\\/\\\/unaymilletras.com\\\/#website\"},\"primaryImageOfPage\":{\"@id\":\"https:\\\/\\\/unaymilletras.com\\\/aitana-triunfa-en-su-primera-mitad-del-tour-por-latinoamerica\\\/#primaryimage\"},\"image\":{\"@id\":\"https:\\\/\\\/unaymilletras.com\\\/aitana-triunfa-en-su-primera-mitad-del-tour-por-latinoamerica\\\/#primaryimage\"},\"thumbnailUrl\":\"https:\\\/\\\/unaymilletras.com\\\/wp-content\\\/uploads\\\/2023\\\/12\\\/fans-1.jpeg\",\"datePublished\":\"2023-12-01T21:10:48+00:00\",\"dateModified\":\"2023-12-01T21:19:26+00:00\",\"description\":\"M\u00e9xico, Bogot\u00e1 y Lima ya han vivido el Alpha tour de Aitana presenciando momentos inolvidables en cada concierto\",\"breadcrumb\":{\"@id\":\"https:\\\/\\\/unaymilletras.com\\\/aitana-triunfa-en-su-primera-mitad-del-tour-por-latinoamerica\\\/#breadcrumb\"},\"inLanguage\":\"en-GB\",\"potentialAction\":[{\"@type\":\"ReadAction\",\"target\":[\"https:\\\/\\\/unaymilletras.com\\\/aitana-triunfa-en-su-primera-mitad-del-tour-por-latinoamerica\\\/\"]}]},{\"@type\":\"ImageObject\",\"inLanguage\":\"en-GB\",\"@id\":\"https:\\\/\\\/unaymilletras.com\\\/aitana-triunfa-en-su-primera-mitad-del-tour-por-latinoamerica\\\/#primaryimage\",\"url\":\"https:\\\/\\\/unaymilletras.com\\\/wp-content\\\/uploads\\\/2023\\\/12\\\/fans-1.jpeg\",\"contentUrl\":\"https:\\\/\\\/unaymilletras.com\\\/wp-content\\\/uploads\\\/2023\\\/12\\\/fans-1.jpeg\",\"width\":660,\"height\":880,\"caption\":\"Aitana\"},{\"@type\":\"BreadcrumbList\",\"@id\":\"https:\\\/\\\/unaymilletras.com\\\/aitana-triunfa-en-su-primera-mitad-del-tour-por-latinoamerica\\\/#breadcrumb\",\"itemListElement\":[{\"@type\":\"ListItem\",\"position\":1,\"name\":\"Home\",\"item\":\"http:\\\/\\\/unaymilletras.com\\\/\"},{\"@type\":\"ListItem\",\"position\":2,\"name\":\"Aitana triunfa en su primera mitad del tour por Latinoam\u00e9rica\"}]},{\"@type\":\"WebSite\",\"@id\":\"http:\\\/\\\/unaymilletras.com\\\/#website\",\"url\":\"http:\\\/\\\/unaymilletras.com\\\/\",\"name\":\"Una y Mil Letras\",\"description\":\"\",\"publisher\":{\"@id\":\"http:\\\/\\\/unaymilletras.com\\\/#organization\"},\"potentialAction\":[{\"@type\":\"SearchAction\",\"target\":{\"@type\":\"EntryPoint\",\"urlTemplate\":\"http:\\\/\\\/unaymilletras.com\\\/?s={search_term_string}\"},\"query-input\":{\"@type\":\"PropertyValueSpecification\",\"valueRequired\":true,\"valueName\":\"search_term_string\"}}],\"inLanguage\":\"en-GB\"},{\"@type\":\"Organization\",\"@id\":\"http:\\\/\\\/unaymilletras.com\\\/#organization\",\"name\":\"Una y Mil Letras\",\"url\":\"http:\\\/\\\/unaymilletras.com\\\/\",\"logo\":{\"@type\":\"ImageObject\",\"inLanguage\":\"en-GB\",\"@id\":\"http:\\\/\\\/unaymilletras.com\\\/#\\\/schema\\\/logo\\\/image\\\/\",\"url\":\"https:\\\/\\\/unaymilletras.com\\\/wp-content\\\/uploads\\\/2024\\\/06\\\/cropped-Logo-removebg-preview.png\",\"contentUrl\":\"https:\\\/\\\/unaymilletras.com\\\/wp-content\\\/uploads\\\/2024\\\/06\\\/cropped-Logo-removebg-preview.png\",\"width\":512,\"height\":512,\"caption\":\"Una y Mil Letras\"},\"image\":{\"@id\":\"http:\\\/\\\/unaymilletras.com\\\/#\\\/schema\\\/logo\\\/image\\\/\"},\"sameAs\":[\"https:\\\/\\\/x.com\\\/UnaYMilLetras\",\"https:\\\/\\\/instagram.com\\\/UnaYMilLetras\"]},{\"@type\":\"Person\",\"@id\":\"http:\\\/\\\/unaymilletras.com\\\/#\\\/schema\\\/person\\\/d55ba681b8a4e463d8982dbe36a5dc94\",\"name\":\"Maria Gil Robledo\",\"image\":{\"@type\":\"ImageObject\",\"inLanguage\":\"en-GB\",\"@id\":\"https:\\\/\\\/secure.gravatar.com\\\/avatar\\\/4b8e5102e0015789407eb4870b12f0f2857952d83ca124058f92b764bd1840c3?s=96&d=mm&r=g\",\"url\":\"https:\\\/\\\/secure.gravatar.com\\\/avatar\\\/4b8e5102e0015789407eb4870b12f0f2857952d83ca124058f92b764bd1840c3?s=96&d=mm&r=g\",\"contentUrl\":\"https:\\\/\\\/secure.gravatar.com\\\/avatar\\\/4b8e5102e0015789407eb4870b12f0f2857952d83ca124058f92b764bd1840c3?s=96&d=mm&r=g\",\"caption\":\"Maria Gil Robledo\"},\"sameAs\":[\"http:\\\/\\\/unaymilletras.com\"],\"url\":\"https:\\\/\\\/unaymilletras.com\\\/en\\\/author\\\/mariiagiil02_\\\/\"}]}<\/script>\n<!-- \/ Yoast SEO plugin. -->","yoast_head_json":{"title":"Aitana triunfa en su primera mitad del tour por Latinoam\u00e9rica","description":"M\u00e9xico, Bogot\u00e1 y Lima ya han vivido el Alpha tour de Aitana presenciando momentos inolvidables en cada concierto","robots":{"index":"index","follow":"follow","max-snippet":"max-snippet:-1","max-image-preview":"max-image-preview:large","max-video-preview":"max-video-preview:-1"},"canonical":"https:\/\/unaymilletras.com\/en\/aitana-triunfa-en-su-primera-mitad-del-tour-por-latinoamerica\/","og_locale":"en_GB","og_type":"article","og_title":"Aitana triunfa en su primera mitad del tour por Latinoam\u00e9rica","og_description":"M\u00e9xico, Bogot\u00e1 y Lima ya han vivido el Alpha tour de Aitana presenciando momentos inolvidables en cada concierto","og_url":"https:\/\/unaymilletras.com\/en\/aitana-triunfa-en-su-primera-mitad-del-tour-por-latinoamerica\/","og_site_name":"Una y Mil Letras","article_published_time":"2023-12-01T21:10:48+00:00","article_modified_time":"2023-12-01T21:19:26+00:00","og_image":[{"width":660,"height":880,"url":"http:\/\/unaymilletras.com\/wp-content\/uploads\/2023\/12\/fans-1.jpeg","type":"image\/jpeg"}],"author":"Maria Gil Robledo","twitter_card":"summary_large_image","twitter_creator":"@UnaYMilLetras","twitter_site":"@UnaYMilLetras","twitter_misc":{"Written by":"Maria Gil Robledo","Estimated reading time":"3 minutes"},"schema":{"@context":"https:\/\/schema.org","@graph":[{"@type":"Article","@id":"https:\/\/unaymilletras.com\/aitana-triunfa-en-su-primera-mitad-del-tour-por-latinoamerica\/#article","isPartOf":{"@id":"https:\/\/unaymilletras.com\/aitana-triunfa-en-su-primera-mitad-del-tour-por-latinoamerica\/"},"author":{"name":"Maria Gil Robledo","@id":"http:\/\/unaymilletras.com\/#\/schema\/person\/d55ba681b8a4e463d8982dbe36a5dc94"},"headline":"Aitana triunfa en su primera mitad del tour por Latinoam\u00e9rica","datePublished":"2023-12-01T21:10:48+00:00","dateModified":"2023-12-01T21:19:26+00:00","mainEntityOfPage":{"@id":"https:\/\/unaymilletras.com\/aitana-triunfa-en-su-primera-mitad-del-tour-por-latinoamerica\/"},"wordCount":300,"commentCount":0,"publisher":{"@id":"http:\/\/unaymilletras.com\/#organization"},"image":{"@id":"https:\/\/unaymilletras.com\/aitana-triunfa-en-su-primera-mitad-del-tour-por-latinoamerica\/#primaryimage"},"thumbnailUrl":"https:\/\/unaymilletras.com\/wp-content\/uploads\/2023\/12\/fans-1.jpeg","articleSection":["M\u00fasica"],"inLanguage":"en-GB","potentialAction":[{"@type":"CommentAction","name":"Comment","target":["https:\/\/unaymilletras.com\/aitana-triunfa-en-su-primera-mitad-del-tour-por-latinoamerica\/#respond"]}]},{"@type":"WebPage","@id":"https:\/\/unaymilletras.com\/aitana-triunfa-en-su-primera-mitad-del-tour-por-latinoamerica\/","url":"https:\/\/unaymilletras.com\/aitana-triunfa-en-su-primera-mitad-del-tour-por-latinoamerica\/","name":"Aitana triunfa en su primera mitad del tour por Latinoam\u00e9rica","isPartOf":{"@id":"http:\/\/unaymilletras.com\/#website"},"primaryImageOfPage":{"@id":"https:\/\/unaymilletras.com\/aitana-triunfa-en-su-primera-mitad-del-tour-por-latinoamerica\/#primaryimage"},"image":{"@id":"https:\/\/unaymilletras.com\/aitana-triunfa-en-su-primera-mitad-del-tour-por-latinoamerica\/#primaryimage"},"thumbnailUrl":"https:\/\/unaymilletras.com\/wp-content\/uploads\/2023\/12\/fans-1.jpeg","datePublished":"2023-12-01T21:10:48+00:00","dateModified":"2023-12-01T21:19:26+00:00","description":"M\u00e9xico, Bogot\u00e1 y Lima ya han vivido el Alpha tour de Aitana presenciando momentos inolvidables en cada concierto","breadcrumb":{"@id":"https:\/\/unaymilletras.com\/aitana-triunfa-en-su-primera-mitad-del-tour-por-latinoamerica\/#breadcrumb"},"inLanguage":"en-GB","potentialAction":[{"@type":"ReadAction","target":["https:\/\/unaymilletras.com\/aitana-triunfa-en-su-primera-mitad-del-tour-por-latinoamerica\/"]}]},{"@type":"ImageObject","inLanguage":"en-GB","@id":"https:\/\/unaymilletras.com\/aitana-triunfa-en-su-primera-mitad-del-tour-por-latinoamerica\/#primaryimage","url":"https:\/\/unaymilletras.com\/wp-content\/uploads\/2023\/12\/fans-1.jpeg","contentUrl":"https:\/\/unaymilletras.com\/wp-content\/uploads\/2023\/12\/fans-1.jpeg","width":660,"height":880,"caption":"Aitana"},{"@type":"BreadcrumbList","@id":"https:\/\/unaymilletras.com\/aitana-triunfa-en-su-primera-mitad-del-tour-por-latinoamerica\/#breadcrumb","itemListElement":[{"@type":"ListItem","position":1,"name":"Home","item":"http:\/\/unaymilletras.com\/"},{"@type":"ListItem","position":2,"name":"Aitana triunfa en su primera mitad del tour por Latinoam\u00e9rica"}]},{"@type":"WebSite","@id":"http:\/\/unaymilletras.com\/#website","url":"http:\/\/unaymilletras.com\/","name":"Una y Mil Letras","description":"","publisher":{"@id":"http:\/\/unaymilletras.com\/#organization"},"potentialAction":[{"@type":"SearchAction","target":{"@type":"EntryPoint","urlTemplate":"http:\/\/unaymilletras.com\/?s={search_term_string}"},"query-input":{"@type":"PropertyValueSpecification","valueRequired":true,"valueName":"search_term_string"}}],"inLanguage":"en-GB"},{"@type":"Organization","@id":"http:\/\/unaymilletras.com\/#organization","name":"Una y Mil Letras","url":"http:\/\/unaymilletras.com\/","logo":{"@type":"ImageObject","inLanguage":"en-GB","@id":"http:\/\/unaymilletras.com\/#\/schema\/logo\/image\/","url":"https:\/\/unaymilletras.com\/wp-content\/uploads\/2024\/06\/cropped-Logo-removebg-preview.png","contentUrl":"https:\/\/unaymilletras.com\/wp-content\/uploads\/2024\/06\/cropped-Logo-removebg-preview.png","width":512,"height":512,"caption":"Una y Mil Letras"},"image":{"@id":"http:\/\/unaymilletras.com\/#\/schema\/logo\/image\/"},"sameAs":["https:\/\/x.com\/UnaYMilLetras","https:\/\/instagram.com\/UnaYMilLetras"]},{"@type":"Person","@id":"http:\/\/unaymilletras.com\/#\/schema\/person\/d55ba681b8a4e463d8982dbe36a5dc94","name":"Maria Gil Robledo","image":{"@type":"ImageObject","inLanguage":"en-GB","@id":"https:\/\/secure.gravatar.com\/avatar\/4b8e5102e0015789407eb4870b12f0f2857952d83ca124058f92b764bd1840c3?s=96&d=mm&r=g","url":"https:\/\/secure.gravatar.com\/avatar\/4b8e5102e0015789407eb4870b12f0f2857952d83ca124058f92b764bd1840c3?s=96&d=mm&r=g","contentUrl":"https:\/\/secure.gravatar.com\/avatar\/4b8e5102e0015789407eb4870b12f0f2857952d83ca124058f92b764bd1840c3?s=96&d=mm&r=g","caption":"Maria Gil Robledo"},"sameAs":["http:\/\/unaymilletras.com"],"url":"https:\/\/unaymilletras.com\/en\/author\/mariiagiil02_\/"}]}},"_links":{"self":[{"href":"https:\/\/unaymilletras.com\/en\/wp-json\/wp\/v2\/posts\/1689","targetHints":{"allow":["GET"]}}],"collection":[{"href":"https:\/\/unaymilletras.com\/en\/wp-json\/wp\/v2\/posts"}],"about":[{"href":"https:\/\/unaymilletras.com\/en\/wp-json\/wp\/v2\/types\/post"}],"author":[{"embeddable":true,"href":"https:\/\/unaymilletras.com\/en\/wp-json\/wp\/v2\/users\/1"}],"replies":[{"embeddable":true,"href":"https:\/\/unaymilletras.com\/en\/wp-json\/wp\/v2\/comments?post=1689"}],"version-history":[{"count":5,"href":"https:\/\/unaymilletras.com\/en\/wp-json\/wp\/v2\/posts\/1689\/revisions"}],"predecessor-version":[{"id":1698,"href":"https:\/\/unaymilletras.com\/en\/wp-json\/wp\/v2\/posts\/1689\/revisions\/1698"}],"wp:featuredmedia":[{"embeddable":true,"href":"https:\/\/unaymilletras.com\/en\/wp-json\/wp\/v2\/media\/1693"}],"wp:attachment":[{"href":"https:\/\/unaymilletras.com\/en\/wp-json\/wp\/v2\/media?parent=1689"}],"wp:term":[{"taxonomy":"category","embeddable":true,"href":"https:\/\/unaymilletras.com\/en\/wp-json\/wp\/v2\/categories?post=1689"},{"taxonomy":"post_tag","embeddable":true,"href":"https:\/\/unaymilletras.com\/en\/wp-json\/wp\/v2\/tags?post=1689"}],"curies":[{"name":"wp","href":"https:\/\/api.w.org\/{rel}","templated":true}]}}