{"id":1706,"date":"2023-12-03T15:00:00","date_gmt":"2023-12-03T14:00:00","guid":{"rendered":"https:\/\/unaymilletras.com\/?p=1706"},"modified":"2023-12-02T15:12:40","modified_gmt":"2023-12-02T14:12:40","slug":"el-dragon-de-lola-indigo-vuelve-a-madrid","status":"publish","type":"post","link":"https:\/\/unaymilletras.com\/en\/el-dragon-de-lola-indigo-vuelve-a-madrid\/","title":{"rendered":"El Drag\u00f3n de Lola \u00cdndigo vuelve a Madrid"},"content":{"rendered":"<div data-elementor-type=\"wp-post\" data-elementor-id=\"1706\" class=\"elementor elementor-1706\">\n\t\t\t\t\t\t<section class=\"elementor-section elementor-top-section elementor-element elementor-element-4f823f4 elementor-section-boxed elementor-section-height-default elementor-section-height-default\" data-id=\"4f823f4\" data-element_type=\"section\" data-e-type=\"section\">\n\t\t\t\t\t\t<div class=\"elementor-container elementor-column-gap-default\">\n\t\t\t\t\t<div class=\"elementor-column elementor-col-100 elementor-top-column elementor-element elementor-element-2afb3cc\" data-id=\"2afb3cc\" data-element_type=\"column\" data-e-type=\"column\">\n\t\t\t<div class=\"elementor-widget-wrap elementor-element-populated\">\n\t\t\t\t\t\t<div class=\"elementor-element elementor-element-1a9ec18 elementor-widget elementor-widget-text-editor\" data-id=\"1a9ec18\" data-element_type=\"widget\" data-e-type=\"widget\" data-widget_type=\"text-editor.default\">\n\t\t\t\t<div class=\"elementor-widget-container\">\n\t\t\t\t\t\t\t\t\t<h2><span style=\"color: #808080;\"><em>Lola \u00cdndigo formar\u00e1 parte del festival Christmas by Starlite actuando el 18 de diciembre en IFEMA<\/em><\/span><\/h2>\t\t\t\t\t\t\t\t<\/div>\n\t\t\t\t<\/div>\n\t\t\t\t\t<\/div>\n\t\t<\/div>\n\t\t\t\t\t<\/div>\n\t\t<\/section>\n\t\t\t\t<section class=\"elementor-section elementor-top-section elementor-element elementor-element-a5df698 elementor-section-boxed elementor-section-height-default elementor-section-height-default\" data-id=\"a5df698\" data-element_type=\"section\" data-e-type=\"section\">\n\t\t\t\t\t\t<div class=\"elementor-container elementor-column-gap-default\">\n\t\t\t\t\t<div class=\"elementor-column elementor-col-100 elementor-top-column elementor-element elementor-element-d7544e6\" data-id=\"d7544e6\" data-element_type=\"column\" data-e-type=\"column\">\n\t\t\t<div class=\"elementor-widget-wrap elementor-element-populated\">\n\t\t\t\t\t\t<div class=\"elementor-element elementor-element-5fcdc64 elementor-widget elementor-widget-text-editor\" data-id=\"5fcdc64\" data-element_type=\"widget\" data-e-type=\"widget\" data-widget_type=\"text-editor.default\">\n\t\t\t\t<div class=\"elementor-widget-container\">\n\t\t\t\t\t\t\t\t\t<p><span style=\"color: #808080;\"><strong>Lola \u00cdndigo<\/strong> se suma a los grandes artistas que actuar\u00e1n en diciembre en <strong>Madrid<\/strong> durante el <strong><a href=\"https:\/\/www.ifema.es\/en\/christmas-by-starlite\">Christmas by Starlite<\/a><\/strong>. El <strong>18 de diciembre<\/strong>, la artista grana\u00edna llevar\u00e1 su <a style=\"color: #808080;\" href=\"https:\/\/unaymilletras.com\/en\/el-dragon-de-lola-indigo-ya-tiene-fecha-de-salida\/\">Drag\u00f3n<\/a> hasta <strong>IFEMA<\/strong>. Durante esta noche, se podr\u00e1 ver el show completo de la cantante y bailarina, un espect\u00e1culo aclamado por muchos. Esta es su segunda fecha en la capital tras haber agotado las entradas para su pasado show en el WiZink Center.<\/span><\/p>\t\t\t\t\t\t\t\t<\/div>\n\t\t\t\t<\/div>\n\t\t\t\t\t<\/div>\n\t\t<\/div>\n\t\t\t\t\t<\/div>\n\t\t<\/section>\n\t\t\t\t<section class=\"elementor-section elementor-top-section elementor-element elementor-element-4b1c97d elementor-section-boxed elementor-section-height-default elementor-section-height-default\" data-id=\"4b1c97d\" data-element_type=\"section\" data-e-type=\"section\">\n\t\t\t\t\t\t<div class=\"elementor-container elementor-column-gap-default\">\n\t\t\t\t\t<div class=\"elementor-column elementor-col-100 elementor-top-column elementor-element elementor-element-0a40a16\" data-id=\"0a40a16\" data-element_type=\"column\" data-e-type=\"column\">\n\t\t\t<div class=\"elementor-widget-wrap elementor-element-populated\">\n\t\t\t\t\t\t<div class=\"elementor-element elementor-element-05895de elementor-widget elementor-widget-image\" data-id=\"05895de\" data-element_type=\"widget\" data-e-type=\"widget\" data-widget_type=\"image.default\">\n\t\t\t\t<div class=\"elementor-widget-container\">\n\t\t\t\t\t\t\t\t\t\t\t\t\t\t\t<img fetchpriority=\"high\" decoding=\"async\" width=\"640\" height=\"427\" src=\"https:\/\/unaymilletras.com\/wp-content\/uploads\/2023\/12\/LOLA-INDIGO-EN-STARLITE-OCCIDENT-25.08.23-1-1024x683.jpg\" class=\"attachment-large size-large wp-image-1708\" alt=\"Lola \u00cdndigo\" srcset=\"https:\/\/unaymilletras.com\/wp-content\/uploads\/2023\/12\/LOLA-INDIGO-EN-STARLITE-OCCIDENT-25.08.23-1-1024x683.jpg 1024w, https:\/\/unaymilletras.com\/wp-content\/uploads\/2023\/12\/LOLA-INDIGO-EN-STARLITE-OCCIDENT-25.08.23-1-300x200.jpg 300w, https:\/\/unaymilletras.com\/wp-content\/uploads\/2023\/12\/LOLA-INDIGO-EN-STARLITE-OCCIDENT-25.08.23-1-768x512.jpg 768w, https:\/\/unaymilletras.com\/wp-content\/uploads\/2023\/12\/LOLA-INDIGO-EN-STARLITE-OCCIDENT-25.08.23-1-1536x1024.jpg 1536w, https:\/\/unaymilletras.com\/wp-content\/uploads\/2023\/12\/LOLA-INDIGO-EN-STARLITE-OCCIDENT-25.08.23-1-2048x1365.jpg 2048w, https:\/\/unaymilletras.com\/wp-content\/uploads\/2023\/12\/LOLA-INDIGO-EN-STARLITE-OCCIDENT-25.08.23-1-scaled-e1701525942620.jpg 600w\" sizes=\"(max-width: 640px) 100vw, 640px\" \/>\t\t\t\t\t\t\t\t\t\t\t\t\t\t\t<\/div>\n\t\t\t\t<\/div>\n\t\t\t\t\t<\/div>\n\t\t<\/div>\n\t\t\t\t\t<\/div>\n\t\t<\/section>\n\t\t\t\t<section class=\"elementor-section elementor-top-section elementor-element elementor-element-8188247 elementor-section-boxed elementor-section-height-default elementor-section-height-default\" data-id=\"8188247\" data-element_type=\"section\" data-e-type=\"section\">\n\t\t\t\t\t\t<div class=\"elementor-container elementor-column-gap-default\">\n\t\t\t\t\t<div class=\"elementor-column elementor-col-100 elementor-top-column elementor-element elementor-element-8b02c66\" data-id=\"8b02c66\" data-element_type=\"column\" data-e-type=\"column\">\n\t\t\t<div class=\"elementor-widget-wrap elementor-element-populated\">\n\t\t\t\t\t\t<div class=\"elementor-element elementor-element-41a5afb elementor-widget elementor-widget-text-editor\" data-id=\"41a5afb\" data-element_type=\"widget\" data-e-type=\"widget\" data-widget_type=\"text-editor.default\">\n\t\t\t\t<div class=\"elementor-widget-container\">\n\t\t\t\t\t\t\t\t\t<p>Con numerosos temas que han batido r\u00e9cords, Lola \u00cdndigo ha entrado en la industria musical. <strong><em>La ni\u00f1a de la escuela<\/em><\/strong>, <strong><em>Ya no quiero n\u00e1<\/em><\/strong> o <strong><em>Mujer Bruja<\/em><\/strong> se han convertido ya en canciones ic\u00f3nicas de la cantante. Asimismo, su gran talento le ha llevado a colaborar con otros grandes de la industria, como <strong>Mar\u00eda Becerra<\/strong> en <strong><em>Discoteka<\/em><\/strong> o <strong>Lalo Ebrat<\/strong> y <strong>Rauw Alejandro<\/strong> con <strong><em>4 besos<\/em><\/strong>.<\/p><p>La creatividad es algo que no tiene l\u00edmite si hablamos de Lola \u00cdndigo. La artista ha conseguido colocarse como una de las figuras femeninas m\u00e1s grandes y relevantes dentro de la m\u00fasica en espa\u00f1ol. Ahora, los asistentes del festival podr\u00e1n disfrutar de todo su talento en directo. M\u00fasica, mucho baile y un show lleno de fuerza convertir\u00e1n el evento en una experiencia \u00fanica.<\/p>\t\t\t\t\t\t\t\t<\/div>\n\t\t\t\t<\/div>\n\t\t\t\t\t<\/div>\n\t\t<\/div>\n\t\t\t\t\t<\/div>\n\t\t<\/section>\n\t\t\t\t<section class=\"elementor-section elementor-top-section elementor-element elementor-element-f738420 elementor-section-boxed elementor-section-height-default elementor-section-height-default\" data-id=\"f738420\" data-element_type=\"section\" data-e-type=\"section\">\n\t\t\t\t\t\t<div class=\"elementor-container elementor-column-gap-default\">\n\t\t\t\t\t<div class=\"elementor-column elementor-col-50 elementor-top-column elementor-element elementor-element-756ed77\" data-id=\"756ed77\" data-element_type=\"column\" data-e-type=\"column\">\n\t\t\t<div class=\"elementor-widget-wrap elementor-element-populated\">\n\t\t\t\t\t\t<div class=\"elementor-element elementor-element-cd64687 elementor-widget elementor-widget-image\" data-id=\"cd64687\" data-element_type=\"widget\" data-e-type=\"widget\" data-widget_type=\"image.default\">\n\t\t\t\t<div class=\"elementor-widget-container\">\n\t\t\t\t\t\t\t\t\t\t\t\t\t\t\t<img decoding=\"async\" width=\"640\" height=\"427\" src=\"https:\/\/unaymilletras.com\/wp-content\/uploads\/2023\/12\/LOLA-INDIGO-EN-STARLITE-OCCIDENT-25.08.23-4-1024x683.jpg\" class=\"attachment-large size-large wp-image-1710\" alt=\"\" srcset=\"https:\/\/unaymilletras.com\/wp-content\/uploads\/2023\/12\/LOLA-INDIGO-EN-STARLITE-OCCIDENT-25.08.23-4-1024x683.jpg 1024w, https:\/\/unaymilletras.com\/wp-content\/uploads\/2023\/12\/LOLA-INDIGO-EN-STARLITE-OCCIDENT-25.08.23-4-300x200.jpg 300w, https:\/\/unaymilletras.com\/wp-content\/uploads\/2023\/12\/LOLA-INDIGO-EN-STARLITE-OCCIDENT-25.08.23-4-768x512.jpg 768w, https:\/\/unaymilletras.com\/wp-content\/uploads\/2023\/12\/LOLA-INDIGO-EN-STARLITE-OCCIDENT-25.08.23-4-1536x1024.jpg 1536w, https:\/\/unaymilletras.com\/wp-content\/uploads\/2023\/12\/LOLA-INDIGO-EN-STARLITE-OCCIDENT-25.08.23-4-2048x1365.jpg 2048w, https:\/\/unaymilletras.com\/wp-content\/uploads\/2023\/12\/LOLA-INDIGO-EN-STARLITE-OCCIDENT-25.08.23-4-scaled-e1701526039892.jpg 600w\" sizes=\"(max-width: 640px) 100vw, 640px\" \/>\t\t\t\t\t\t\t\t\t\t\t\t\t\t\t<\/div>\n\t\t\t\t<\/div>\n\t\t\t\t\t<\/div>\n\t\t<\/div>\n\t\t\t\t<div class=\"elementor-column elementor-col-50 elementor-top-column elementor-element elementor-element-52eb9ee\" data-id=\"52eb9ee\" data-element_type=\"column\" data-e-type=\"column\">\n\t\t\t<div class=\"elementor-widget-wrap elementor-element-populated\">\n\t\t\t\t\t\t<div class=\"elementor-element elementor-element-fb00b54 elementor-widget elementor-widget-image\" data-id=\"fb00b54\" data-element_type=\"widget\" data-e-type=\"widget\" data-widget_type=\"image.default\">\n\t\t\t\t<div class=\"elementor-widget-container\">\n\t\t\t\t\t\t\t\t\t\t\t\t\t\t\t<img decoding=\"async\" width=\"640\" height=\"427\" src=\"https:\/\/unaymilletras.com\/wp-content\/uploads\/2023\/12\/LOLA-INDIGO-EN-STARLITE-OCCIDENT-25.08.23-9-1024x683.jpg\" class=\"attachment-large size-large wp-image-1709\" alt=\"Lola \u00edndigo\" srcset=\"https:\/\/unaymilletras.com\/wp-content\/uploads\/2023\/12\/LOLA-INDIGO-EN-STARLITE-OCCIDENT-25.08.23-9-1024x683.jpg 1024w, https:\/\/unaymilletras.com\/wp-content\/uploads\/2023\/12\/LOLA-INDIGO-EN-STARLITE-OCCIDENT-25.08.23-9-300x200.jpg 300w, https:\/\/unaymilletras.com\/wp-content\/uploads\/2023\/12\/LOLA-INDIGO-EN-STARLITE-OCCIDENT-25.08.23-9-768x512.jpg 768w, https:\/\/unaymilletras.com\/wp-content\/uploads\/2023\/12\/LOLA-INDIGO-EN-STARLITE-OCCIDENT-25.08.23-9-1536x1024.jpg 1536w, https:\/\/unaymilletras.com\/wp-content\/uploads\/2023\/12\/LOLA-INDIGO-EN-STARLITE-OCCIDENT-25.08.23-9-2048x1365.jpg 2048w, https:\/\/unaymilletras.com\/wp-content\/uploads\/2023\/12\/LOLA-INDIGO-EN-STARLITE-OCCIDENT-25.08.23-9-scaled-e1701526023846.jpg 600w\" sizes=\"(max-width: 640px) 100vw, 640px\" \/>\t\t\t\t\t\t\t\t\t\t\t\t\t\t\t<\/div>\n\t\t\t\t<\/div>\n\t\t\t\t\t<\/div>\n\t\t<\/div>\n\t\t\t\t\t<\/div>\n\t\t<\/section>\n\t\t\t\t<section class=\"elementor-section elementor-top-section elementor-element elementor-element-1e9ba1e elementor-section-boxed elementor-section-height-default elementor-section-height-default\" data-id=\"1e9ba1e\" data-element_type=\"section\" data-e-type=\"section\">\n\t\t\t\t\t\t<div class=\"elementor-container elementor-column-gap-default\">\n\t\t\t\t\t<div class=\"elementor-column elementor-col-100 elementor-top-column elementor-element elementor-element-485b23d\" data-id=\"485b23d\" data-element_type=\"column\" data-e-type=\"column\">\n\t\t\t<div class=\"elementor-widget-wrap elementor-element-populated\">\n\t\t\t\t\t\t<div class=\"elementor-element elementor-element-3aca2e9 elementor-widget elementor-widget-text-editor\" data-id=\"3aca2e9\" data-element_type=\"widget\" data-e-type=\"widget\" data-widget_type=\"text-editor.default\">\n\t\t\t\t<div class=\"elementor-widget-container\">\n\t\t\t\t\t\t\t\t\t<p>Del 14 al 20 de diciembre la m\u00fasica inundar\u00e1 <strong>IFEMA<\/strong> con 6 conciertos con mucho nivel. Por el escenario de Christmas by Starlite pasar\u00e1n artistas del nivel de <strong>Manuel Turizo<\/strong>, <strong>Sting<\/strong> o <strong>Ricky Martin<\/strong> entre otros.<\/p><p>Adem\u00e1s, no solo se podr\u00e1n disfrutar de los conciertos, sino que cuando los shows acaben tendr\u00e1n lugar las fiestas posteriores. DJs y artistas como <strong>Juan Mag\u00e1n<\/strong> ofrecer\u00e1n un espect\u00e1culo posterior para rematar la noche.<\/p><p>Christmas by Starlite tambi\u00e9n es una experiencia para degustar. Contar\u00e1 con una amplia variedad de irresistibles paradas gastron\u00f3micas, foodtrucks y el restaurante \u00c1nima: la propuesta m\u00e1s divertida y chingona de una de las mejores cocinas del mundo. Adem\u00e1s, con la experiencia de palcos, los paladares m\u00e1s sibaritas podr\u00e1n disfrutar en la zona VIP de exclusivas propuestas dise\u00f1adas por maestros de la alta cocina. La fusi\u00f3n perfecta entre gastronom\u00eda y m\u00fasica en directo ser\u00e1 uno de los platos fuertes de esta sublime experiencia navide\u00f1a.<\/p>\t\t\t\t\t\t\t\t<\/div>\n\t\t\t\t<\/div>\n\t\t\t\t\t<\/div>\n\t\t<\/div>\n\t\t\t\t\t<\/div>\n\t\t<\/section>\n\t\t\t\t<\/div>","protected":false},"excerpt":{"rendered":"<p>Lola \u00cdndigo formar\u00e1 parte del festival Christmas by Starlite actuando el 18 de diciembre en IFEMA Lola \u00cdndigo se suma a los grandes artistas que actuar\u00e1n en diciembre en Madrid durante el Christmas by Starlite. El 18 de diciembre, la artista grana\u00edna llevar\u00e1 su Drag\u00f3n hasta IFEMA. Durante esta noche, se podr\u00e1 ver el show [&hellip;]<\/p>\n","protected":false},"author":1,"featured_media":1716,"comment_status":"open","ping_status":"open","sticky":false,"template":"","format":"standard","meta":{"footnotes":""},"categories":[119,4,1],"tags":[],"class_list":["post-1706","post","type-post","status-publish","format-standard","has-post-thumbnail","hentry","category-eventos","category-musica","category-uncategorized"],"yoast_head":"<!-- This site is optimized with the Yoast SEO plugin v27.4 - https:\/\/yoast.com\/product\/yoast-seo-wordpress\/ -->\n<title>El Drag\u00f3n de Lola \u00cdndigo vuelve a Madrid<\/title>\n<meta name=\"description\" content=\"Lola \u00cdndigo formar\u00e1 parte del Christmas by Starlite llevando su drag\u00f3n el 18 de diciembre hasta IFEMA, Madrid\" \/>\n<meta name=\"robots\" content=\"index, follow, max-snippet:-1, max-image-preview:large, max-video-preview:-1\" \/>\n<link rel=\"canonical\" href=\"https:\/\/unaymilletras.com\/en\/el-dragon-de-lola-indigo-vuelve-a-madrid\/\" \/>\n<meta property=\"og:locale\" content=\"en_GB\" \/>\n<meta property=\"og:type\" content=\"article\" \/>\n<meta property=\"og:title\" content=\"El Drag\u00f3n de Lola \u00cdndigo vuelve a Madrid\" \/>\n<meta property=\"og:description\" content=\"Lola \u00cdndigo formar\u00e1 parte del Christmas by Starlite llevando su drag\u00f3n el 18 de diciembre hasta IFEMA, Madrid\" \/>\n<meta property=\"og:url\" content=\"https:\/\/unaymilletras.com\/en\/el-dragon-de-lola-indigo-vuelve-a-madrid\/\" \/>\n<meta property=\"og:site_name\" content=\"Una y Mil Letras\" \/>\n<meta property=\"article:published_time\" content=\"2023-12-03T14:00:00+00:00\" \/>\n<meta property=\"og:image\" content=\"https:\/\/unaymilletras.com\/wp-content\/uploads\/2023\/12\/LOLA-INDIGO-Christmas-by-Starlite-1-1-e1701526233824.jpg\" \/>\n\t<meta property=\"og:image:width\" content=\"600\" \/>\n\t<meta property=\"og:image:height\" content=\"314\" \/>\n\t<meta property=\"og:image:type\" content=\"image\/jpeg\" \/>\n<meta name=\"author\" content=\"Maria Gil Robledo\" \/>\n<meta name=\"twitter:card\" content=\"summary_large_image\" \/>\n<meta name=\"twitter:creator\" content=\"@UnaYMilLetras\" \/>\n<meta name=\"twitter:site\" content=\"@UnaYMilLetras\" \/>\n<meta name=\"twitter:label1\" content=\"Written by\" \/>\n\t<meta name=\"twitter:data1\" content=\"Maria Gil Robledo\" \/>\n\t<meta name=\"twitter:label2\" content=\"Estimated reading time\" \/>\n\t<meta name=\"twitter:data2\" content=\"3 minutes\" \/>\n<script type=\"application\/ld+json\" class=\"yoast-schema-graph\">{\"@context\":\"https:\\\/\\\/schema.org\",\"@graph\":[{\"@type\":\"Article\",\"@id\":\"https:\\\/\\\/unaymilletras.com\\\/el-dragon-de-lola-indigo-vuelve-a-madrid\\\/#article\",\"isPartOf\":{\"@id\":\"https:\\\/\\\/unaymilletras.com\\\/el-dragon-de-lola-indigo-vuelve-a-madrid\\\/\"},\"author\":{\"name\":\"Maria Gil Robledo\",\"@id\":\"http:\\\/\\\/unaymilletras.com\\\/#\\\/schema\\\/person\\\/d55ba681b8a4e463d8982dbe36a5dc94\"},\"headline\":\"El Drag\u00f3n de Lola \u00cdndigo vuelve a Madrid\",\"datePublished\":\"2023-12-03T14:00:00+00:00\",\"mainEntityOfPage\":{\"@id\":\"https:\\\/\\\/unaymilletras.com\\\/el-dragon-de-lola-indigo-vuelve-a-madrid\\\/\"},\"wordCount\":406,\"commentCount\":0,\"publisher\":{\"@id\":\"http:\\\/\\\/unaymilletras.com\\\/#organization\"},\"image\":{\"@id\":\"https:\\\/\\\/unaymilletras.com\\\/el-dragon-de-lola-indigo-vuelve-a-madrid\\\/#primaryimage\"},\"thumbnailUrl\":\"https:\\\/\\\/unaymilletras.com\\\/wp-content\\\/uploads\\\/2023\\\/12\\\/LOLA-INDIGO-Christmas-by-Starlite-1-1-e1701526233824.jpg\",\"articleSection\":[\"Eventos\",\"M\u00fasica\",\"Uncategorized\"],\"inLanguage\":\"en-GB\",\"potentialAction\":[{\"@type\":\"CommentAction\",\"name\":\"Comment\",\"target\":[\"https:\\\/\\\/unaymilletras.com\\\/el-dragon-de-lola-indigo-vuelve-a-madrid\\\/#respond\"]}]},{\"@type\":\"WebPage\",\"@id\":\"https:\\\/\\\/unaymilletras.com\\\/el-dragon-de-lola-indigo-vuelve-a-madrid\\\/\",\"url\":\"https:\\\/\\\/unaymilletras.com\\\/el-dragon-de-lola-indigo-vuelve-a-madrid\\\/\",\"name\":\"El Drag\u00f3n de Lola \u00cdndigo vuelve a Madrid\",\"isPartOf\":{\"@id\":\"http:\\\/\\\/unaymilletras.com\\\/#website\"},\"primaryImageOfPage\":{\"@id\":\"https:\\\/\\\/unaymilletras.com\\\/el-dragon-de-lola-indigo-vuelve-a-madrid\\\/#primaryimage\"},\"image\":{\"@id\":\"https:\\\/\\\/unaymilletras.com\\\/el-dragon-de-lola-indigo-vuelve-a-madrid\\\/#primaryimage\"},\"thumbnailUrl\":\"https:\\\/\\\/unaymilletras.com\\\/wp-content\\\/uploads\\\/2023\\\/12\\\/LOLA-INDIGO-Christmas-by-Starlite-1-1-e1701526233824.jpg\",\"datePublished\":\"2023-12-03T14:00:00+00:00\",\"description\":\"Lola \u00cdndigo formar\u00e1 parte del Christmas by Starlite llevando su drag\u00f3n el 18 de diciembre hasta IFEMA, Madrid\",\"breadcrumb\":{\"@id\":\"https:\\\/\\\/unaymilletras.com\\\/el-dragon-de-lola-indigo-vuelve-a-madrid\\\/#breadcrumb\"},\"inLanguage\":\"en-GB\",\"potentialAction\":[{\"@type\":\"ReadAction\",\"target\":[\"https:\\\/\\\/unaymilletras.com\\\/el-dragon-de-lola-indigo-vuelve-a-madrid\\\/\"]}]},{\"@type\":\"ImageObject\",\"inLanguage\":\"en-GB\",\"@id\":\"https:\\\/\\\/unaymilletras.com\\\/el-dragon-de-lola-indigo-vuelve-a-madrid\\\/#primaryimage\",\"url\":\"https:\\\/\\\/unaymilletras.com\\\/wp-content\\\/uploads\\\/2023\\\/12\\\/LOLA-INDIGO-Christmas-by-Starlite-1-1-e1701526233824.jpg\",\"contentUrl\":\"https:\\\/\\\/unaymilletras.com\\\/wp-content\\\/uploads\\\/2023\\\/12\\\/LOLA-INDIGO-Christmas-by-Starlite-1-1-e1701526233824.jpg\",\"width\":600,\"height\":314},{\"@type\":\"BreadcrumbList\",\"@id\":\"https:\\\/\\\/unaymilletras.com\\\/el-dragon-de-lola-indigo-vuelve-a-madrid\\\/#breadcrumb\",\"itemListElement\":[{\"@type\":\"ListItem\",\"position\":1,\"name\":\"Home\",\"item\":\"http:\\\/\\\/unaymilletras.com\\\/\"},{\"@type\":\"ListItem\",\"position\":2,\"name\":\"El Drag\u00f3n de Lola \u00cdndigo vuelve a Madrid\"}]},{\"@type\":\"WebSite\",\"@id\":\"http:\\\/\\\/unaymilletras.com\\\/#website\",\"url\":\"http:\\\/\\\/unaymilletras.com\\\/\",\"name\":\"Una y Mil Letras\",\"description\":\"\",\"publisher\":{\"@id\":\"http:\\\/\\\/unaymilletras.com\\\/#organization\"},\"potentialAction\":[{\"@type\":\"SearchAction\",\"target\":{\"@type\":\"EntryPoint\",\"urlTemplate\":\"http:\\\/\\\/unaymilletras.com\\\/?s={search_term_string}\"},\"query-input\":{\"@type\":\"PropertyValueSpecification\",\"valueRequired\":true,\"valueName\":\"search_term_string\"}}],\"inLanguage\":\"en-GB\"},{\"@type\":\"Organization\",\"@id\":\"http:\\\/\\\/unaymilletras.com\\\/#organization\",\"name\":\"Una y Mil Letras\",\"url\":\"http:\\\/\\\/unaymilletras.com\\\/\",\"logo\":{\"@type\":\"ImageObject\",\"inLanguage\":\"en-GB\",\"@id\":\"http:\\\/\\\/unaymilletras.com\\\/#\\\/schema\\\/logo\\\/image\\\/\",\"url\":\"https:\\\/\\\/unaymilletras.com\\\/wp-content\\\/uploads\\\/2024\\\/06\\\/cropped-Logo-removebg-preview.png\",\"contentUrl\":\"https:\\\/\\\/unaymilletras.com\\\/wp-content\\\/uploads\\\/2024\\\/06\\\/cropped-Logo-removebg-preview.png\",\"width\":512,\"height\":512,\"caption\":\"Una y Mil Letras\"},\"image\":{\"@id\":\"http:\\\/\\\/unaymilletras.com\\\/#\\\/schema\\\/logo\\\/image\\\/\"},\"sameAs\":[\"https:\\\/\\\/x.com\\\/UnaYMilLetras\",\"https:\\\/\\\/instagram.com\\\/UnaYMilLetras\"]},{\"@type\":\"Person\",\"@id\":\"http:\\\/\\\/unaymilletras.com\\\/#\\\/schema\\\/person\\\/d55ba681b8a4e463d8982dbe36a5dc94\",\"name\":\"Maria Gil Robledo\",\"image\":{\"@type\":\"ImageObject\",\"inLanguage\":\"en-GB\",\"@id\":\"https:\\\/\\\/secure.gravatar.com\\\/avatar\\\/4b8e5102e0015789407eb4870b12f0f2857952d83ca124058f92b764bd1840c3?s=96&d=mm&r=g\",\"url\":\"https:\\\/\\\/secure.gravatar.com\\\/avatar\\\/4b8e5102e0015789407eb4870b12f0f2857952d83ca124058f92b764bd1840c3?s=96&d=mm&r=g\",\"contentUrl\":\"https:\\\/\\\/secure.gravatar.com\\\/avatar\\\/4b8e5102e0015789407eb4870b12f0f2857952d83ca124058f92b764bd1840c3?s=96&d=mm&r=g\",\"caption\":\"Maria Gil Robledo\"},\"sameAs\":[\"http:\\\/\\\/unaymilletras.com\"],\"url\":\"https:\\\/\\\/unaymilletras.com\\\/en\\\/author\\\/mariiagiil02_\\\/\"}]}<\/script>\n<!-- \/ Yoast SEO plugin. -->","yoast_head_json":{"title":"El Drag\u00f3n de Lola \u00cdndigo vuelve a Madrid","description":"Lola \u00cdndigo formar\u00e1 parte del Christmas by Starlite llevando su drag\u00f3n el 18 de diciembre hasta IFEMA, Madrid","robots":{"index":"index","follow":"follow","max-snippet":"max-snippet:-1","max-image-preview":"max-image-preview:large","max-video-preview":"max-video-preview:-1"},"canonical":"https:\/\/unaymilletras.com\/en\/el-dragon-de-lola-indigo-vuelve-a-madrid\/","og_locale":"en_GB","og_type":"article","og_title":"El Drag\u00f3n de Lola \u00cdndigo vuelve a Madrid","og_description":"Lola \u00cdndigo formar\u00e1 parte del Christmas by Starlite llevando su drag\u00f3n el 18 de diciembre hasta IFEMA, Madrid","og_url":"https:\/\/unaymilletras.com\/en\/el-dragon-de-lola-indigo-vuelve-a-madrid\/","og_site_name":"Una y Mil Letras","article_published_time":"2023-12-03T14:00:00+00:00","og_image":[{"width":600,"height":314,"url":"https:\/\/unaymilletras.com\/wp-content\/uploads\/2023\/12\/LOLA-INDIGO-Christmas-by-Starlite-1-1-e1701526233824.jpg","type":"image\/jpeg"}],"author":"Maria Gil Robledo","twitter_card":"summary_large_image","twitter_creator":"@UnaYMilLetras","twitter_site":"@UnaYMilLetras","twitter_misc":{"Written by":"Maria Gil Robledo","Estimated reading time":"3 minutes"},"schema":{"@context":"https:\/\/schema.org","@graph":[{"@type":"Article","@id":"https:\/\/unaymilletras.com\/el-dragon-de-lola-indigo-vuelve-a-madrid\/#article","isPartOf":{"@id":"https:\/\/unaymilletras.com\/el-dragon-de-lola-indigo-vuelve-a-madrid\/"},"author":{"name":"Maria Gil Robledo","@id":"http:\/\/unaymilletras.com\/#\/schema\/person\/d55ba681b8a4e463d8982dbe36a5dc94"},"headline":"El Drag\u00f3n de Lola \u00cdndigo vuelve a Madrid","datePublished":"2023-12-03T14:00:00+00:00","mainEntityOfPage":{"@id":"https:\/\/unaymilletras.com\/el-dragon-de-lola-indigo-vuelve-a-madrid\/"},"wordCount":406,"commentCount":0,"publisher":{"@id":"http:\/\/unaymilletras.com\/#organization"},"image":{"@id":"https:\/\/unaymilletras.com\/el-dragon-de-lola-indigo-vuelve-a-madrid\/#primaryimage"},"thumbnailUrl":"https:\/\/unaymilletras.com\/wp-content\/uploads\/2023\/12\/LOLA-INDIGO-Christmas-by-Starlite-1-1-e1701526233824.jpg","articleSection":["Eventos","M\u00fasica","Uncategorized"],"inLanguage":"en-GB","potentialAction":[{"@type":"CommentAction","name":"Comment","target":["https:\/\/unaymilletras.com\/el-dragon-de-lola-indigo-vuelve-a-madrid\/#respond"]}]},{"@type":"WebPage","@id":"https:\/\/unaymilletras.com\/el-dragon-de-lola-indigo-vuelve-a-madrid\/","url":"https:\/\/unaymilletras.com\/el-dragon-de-lola-indigo-vuelve-a-madrid\/","name":"El Drag\u00f3n de Lola \u00cdndigo vuelve a Madrid","isPartOf":{"@id":"http:\/\/unaymilletras.com\/#website"},"primaryImageOfPage":{"@id":"https:\/\/unaymilletras.com\/el-dragon-de-lola-indigo-vuelve-a-madrid\/#primaryimage"},"image":{"@id":"https:\/\/unaymilletras.com\/el-dragon-de-lola-indigo-vuelve-a-madrid\/#primaryimage"},"thumbnailUrl":"https:\/\/unaymilletras.com\/wp-content\/uploads\/2023\/12\/LOLA-INDIGO-Christmas-by-Starlite-1-1-e1701526233824.jpg","datePublished":"2023-12-03T14:00:00+00:00","description":"Lola \u00cdndigo formar\u00e1 parte del Christmas by Starlite llevando su drag\u00f3n el 18 de diciembre hasta IFEMA, Madrid","breadcrumb":{"@id":"https:\/\/unaymilletras.com\/el-dragon-de-lola-indigo-vuelve-a-madrid\/#breadcrumb"},"inLanguage":"en-GB","potentialAction":[{"@type":"ReadAction","target":["https:\/\/unaymilletras.com\/el-dragon-de-lola-indigo-vuelve-a-madrid\/"]}]},{"@type":"ImageObject","inLanguage":"en-GB","@id":"https:\/\/unaymilletras.com\/el-dragon-de-lola-indigo-vuelve-a-madrid\/#primaryimage","url":"https:\/\/unaymilletras.com\/wp-content\/uploads\/2023\/12\/LOLA-INDIGO-Christmas-by-Starlite-1-1-e1701526233824.jpg","contentUrl":"https:\/\/unaymilletras.com\/wp-content\/uploads\/2023\/12\/LOLA-INDIGO-Christmas-by-Starlite-1-1-e1701526233824.jpg","width":600,"height":314},{"@type":"BreadcrumbList","@id":"https:\/\/unaymilletras.com\/el-dragon-de-lola-indigo-vuelve-a-madrid\/#breadcrumb","itemListElement":[{"@type":"ListItem","position":1,"name":"Home","item":"http:\/\/unaymilletras.com\/"},{"@type":"ListItem","position":2,"name":"El Drag\u00f3n de Lola \u00cdndigo vuelve a Madrid"}]},{"@type":"WebSite","@id":"http:\/\/unaymilletras.com\/#website","url":"http:\/\/unaymilletras.com\/","name":"Una y Mil Letras","description":"","publisher":{"@id":"http:\/\/unaymilletras.com\/#organization"},"potentialAction":[{"@type":"SearchAction","target":{"@type":"EntryPoint","urlTemplate":"http:\/\/unaymilletras.com\/?s={search_term_string}"},"query-input":{"@type":"PropertyValueSpecification","valueRequired":true,"valueName":"search_term_string"}}],"inLanguage":"en-GB"},{"@type":"Organization","@id":"http:\/\/unaymilletras.com\/#organization","name":"Una y Mil Letras","url":"http:\/\/unaymilletras.com\/","logo":{"@type":"ImageObject","inLanguage":"en-GB","@id":"http:\/\/unaymilletras.com\/#\/schema\/logo\/image\/","url":"https:\/\/unaymilletras.com\/wp-content\/uploads\/2024\/06\/cropped-Logo-removebg-preview.png","contentUrl":"https:\/\/unaymilletras.com\/wp-content\/uploads\/2024\/06\/cropped-Logo-removebg-preview.png","width":512,"height":512,"caption":"Una y Mil Letras"},"image":{"@id":"http:\/\/unaymilletras.com\/#\/schema\/logo\/image\/"},"sameAs":["https:\/\/x.com\/UnaYMilLetras","https:\/\/instagram.com\/UnaYMilLetras"]},{"@type":"Person","@id":"http:\/\/unaymilletras.com\/#\/schema\/person\/d55ba681b8a4e463d8982dbe36a5dc94","name":"Maria Gil Robledo","image":{"@type":"ImageObject","inLanguage":"en-GB","@id":"https:\/\/secure.gravatar.com\/avatar\/4b8e5102e0015789407eb4870b12f0f2857952d83ca124058f92b764bd1840c3?s=96&d=mm&r=g","url":"https:\/\/secure.gravatar.com\/avatar\/4b8e5102e0015789407eb4870b12f0f2857952d83ca124058f92b764bd1840c3?s=96&d=mm&r=g","contentUrl":"https:\/\/secure.gravatar.com\/avatar\/4b8e5102e0015789407eb4870b12f0f2857952d83ca124058f92b764bd1840c3?s=96&d=mm&r=g","caption":"Maria Gil Robledo"},"sameAs":["http:\/\/unaymilletras.com"],"url":"https:\/\/unaymilletras.com\/en\/author\/mariiagiil02_\/"}]}},"_links":{"self":[{"href":"https:\/\/unaymilletras.com\/en\/wp-json\/wp\/v2\/posts\/1706","targetHints":{"allow":["GET"]}}],"collection":[{"href":"https:\/\/unaymilletras.com\/en\/wp-json\/wp\/v2\/posts"}],"about":[{"href":"https:\/\/unaymilletras.com\/en\/wp-json\/wp\/v2\/types\/post"}],"author":[{"embeddable":true,"href":"https:\/\/unaymilletras.com\/en\/wp-json\/wp\/v2\/users\/1"}],"replies":[{"embeddable":true,"href":"https:\/\/unaymilletras.com\/en\/wp-json\/wp\/v2\/comments?post=1706"}],"version-history":[{"count":8,"href":"https:\/\/unaymilletras.com\/en\/wp-json\/wp\/v2\/posts\/1706\/revisions"}],"predecessor-version":[{"id":1719,"href":"https:\/\/unaymilletras.com\/en\/wp-json\/wp\/v2\/posts\/1706\/revisions\/1719"}],"wp:featuredmedia":[{"embeddable":true,"href":"https:\/\/unaymilletras.com\/en\/wp-json\/wp\/v2\/media\/1716"}],"wp:attachment":[{"href":"https:\/\/unaymilletras.com\/en\/wp-json\/wp\/v2\/media?parent=1706"}],"wp:term":[{"taxonomy":"category","embeddable":true,"href":"https:\/\/unaymilletras.com\/en\/wp-json\/wp\/v2\/categories?post=1706"},{"taxonomy":"post_tag","embeddable":true,"href":"https:\/\/unaymilletras.com\/en\/wp-json\/wp\/v2\/tags?post=1706"}],"curies":[{"name":"wp","href":"https:\/\/api.w.org\/{rel}","templated":true}]}}