{"id":1720,"date":"2023-12-05T01:30:58","date_gmt":"2023-12-05T00:30:58","guid":{"rendered":"https:\/\/unaymilletras.com\/?p=1720"},"modified":"2023-12-05T01:33:02","modified_gmt":"2023-12-05T00:33:02","slug":"gala-2-ot-despedida-a-suzete-y-omar-y-alex-marquez-nominados","status":"publish","type":"post","link":"https:\/\/unaymilletras.com\/en\/gala-2-ot-despedida-a-suzete-y-omar-y-alex-marquez-nominados\/","title":{"rendered":"Gala 2 OT: despedida a Suzete y Omar y Alex M\u00e1rquez nominados"},"content":{"rendered":"<div data-elementor-type=\"wp-post\" data-elementor-id=\"1720\" class=\"elementor elementor-1720\">\n\t\t\t\t\t\t<section class=\"elementor-section elementor-top-section elementor-element elementor-element-1c2a102 elementor-section-boxed elementor-section-height-default elementor-section-height-default\" data-id=\"1c2a102\" data-element_type=\"section\" data-e-type=\"section\">\n\t\t\t\t\t\t<div class=\"elementor-container elementor-column-gap-default\">\n\t\t\t\t\t<div class=\"elementor-column elementor-col-100 elementor-top-column elementor-element elementor-element-48fbd1d\" data-id=\"48fbd1d\" data-element_type=\"column\" data-e-type=\"column\">\n\t\t\t<div class=\"elementor-widget-wrap elementor-element-populated\">\n\t\t\t\t\t\t<div class=\"elementor-element elementor-element-9056a99 elementor-widget elementor-widget-text-editor\" data-id=\"9056a99\" data-element_type=\"widget\" data-e-type=\"widget\" data-widget_type=\"text-editor.default\">\n\t\t\t\t<div class=\"elementor-widget-container\">\n\t\t\t\t\t\t\t\t\t<h2><span style=\"color: #808080;\"><em>Despedidas emotivas, sorpresas y Naiara votada como n\u00f3mada favorita en la Gala 2 de Operaci\u00f3n Triunfo<\/em><\/span><\/h2>\t\t\t\t\t\t\t\t<\/div>\n\t\t\t\t<\/div>\n\t\t\t\t\t<\/div>\n\t\t<\/div>\n\t\t\t\t\t<\/div>\n\t\t<\/section>\n\t\t\t\t<section class=\"elementor-section elementor-top-section elementor-element elementor-element-8405978 elementor-section-boxed elementor-section-height-default elementor-section-height-default\" data-id=\"8405978\" data-element_type=\"section\" data-e-type=\"section\">\n\t\t\t\t\t\t<div class=\"elementor-container elementor-column-gap-default\">\n\t\t\t\t\t<div class=\"elementor-column elementor-col-100 elementor-top-column elementor-element elementor-element-50ec8fb\" data-id=\"50ec8fb\" data-element_type=\"column\" data-e-type=\"column\">\n\t\t\t<div class=\"elementor-widget-wrap elementor-element-populated\">\n\t\t\t\t\t\t<div class=\"elementor-element elementor-element-8a7b2e1 elementor-widget elementor-widget-text-editor\" data-id=\"8a7b2e1\" data-element_type=\"widget\" data-e-type=\"widget\" data-widget_type=\"text-editor.default\">\n\t\t\t\t<div class=\"elementor-widget-container\">\n\t\t\t\t\t\t\t\t\t<p>La Gala 2 de Operaci\u00f3n Triunfo dej\u00f3 un sabor agridulce con la despedida de la primera concursante de la edici\u00f3n, <strong>Suzete<\/strong>, y la revelaci\u00f3n de los nuevos nominados, <strong>Omar<\/strong> y <strong>Alex M\u00e1rquez<\/strong>. Con <b>Vanesa Mart\u00edn <\/b>como jurado invitada y actuaciones especiales de <b>Vicco<\/b> y <b>Abraham Mateo<\/b>, la velada se destac\u00f3 por su intensidad y momentos inolvidables.<\/p>\t\t\t\t\t\t\t\t<\/div>\n\t\t\t\t<\/div>\n\t\t\t\t\t<\/div>\n\t\t<\/div>\n\t\t\t\t\t<\/div>\n\t\t<\/section>\n\t\t\t\t<section class=\"elementor-section elementor-top-section elementor-element elementor-element-c2be2f4 elementor-section-boxed elementor-section-height-default elementor-section-height-default\" data-id=\"c2be2f4\" data-element_type=\"section\" data-e-type=\"section\">\n\t\t\t\t\t\t<div class=\"elementor-container elementor-column-gap-default\">\n\t\t\t\t\t<div class=\"elementor-column elementor-col-100 elementor-top-column elementor-element elementor-element-7ce75ca\" data-id=\"7ce75ca\" data-element_type=\"column\" data-e-type=\"column\">\n\t\t\t<div class=\"elementor-widget-wrap elementor-element-populated\">\n\t\t\t\t\t\t<div class=\"elementor-element elementor-element-754d345 elementor-widget elementor-widget-image\" data-id=\"754d345\" data-element_type=\"widget\" data-e-type=\"widget\" data-widget_type=\"image.default\">\n\t\t\t\t<div class=\"elementor-widget-container\">\n\t\t\t\t\t\t\t\t\t\t\t\t\t\t\t<img fetchpriority=\"high\" decoding=\"async\" width=\"640\" height=\"427\" src=\"https:\/\/unaymilletras.com\/wp-content\/uploads\/2023\/12\/Operacion-Triunfo_Gala-2_Vicco-y-Abraham-Mateo-1024x683.jpg\" class=\"attachment-large size-large wp-image-1722\" alt=\"Gala 2\" srcset=\"https:\/\/unaymilletras.com\/wp-content\/uploads\/2023\/12\/Operacion-Triunfo_Gala-2_Vicco-y-Abraham-Mateo-1024x683.jpg 1024w, https:\/\/unaymilletras.com\/wp-content\/uploads\/2023\/12\/Operacion-Triunfo_Gala-2_Vicco-y-Abraham-Mateo-300x200.jpg 300w, https:\/\/unaymilletras.com\/wp-content\/uploads\/2023\/12\/Operacion-Triunfo_Gala-2_Vicco-y-Abraham-Mateo-768x512.jpg 768w, https:\/\/unaymilletras.com\/wp-content\/uploads\/2023\/12\/Operacion-Triunfo_Gala-2_Vicco-y-Abraham-Mateo-1536x1024.jpg 1536w, https:\/\/unaymilletras.com\/wp-content\/uploads\/2023\/12\/Operacion-Triunfo_Gala-2_Vicco-y-Abraham-Mateo-2048x1365.jpg 2048w, https:\/\/unaymilletras.com\/wp-content\/uploads\/2023\/12\/Operacion-Triunfo_Gala-2_Vicco-y-Abraham-Mateo-scaled-e1701735710546.jpg 600w\" sizes=\"(max-width: 640px) 100vw, 640px\" \/>\t\t\t\t\t\t\t\t\t\t\t\t\t\t\t<\/div>\n\t\t\t\t<\/div>\n\t\t\t\t\t<\/div>\n\t\t<\/div>\n\t\t\t\t\t<\/div>\n\t\t<\/section>\n\t\t\t\t<section class=\"elementor-section elementor-top-section elementor-element elementor-element-71d8054 elementor-section-boxed elementor-section-height-default elementor-section-height-default\" data-id=\"71d8054\" data-element_type=\"section\" data-e-type=\"section\">\n\t\t\t\t\t\t<div class=\"elementor-container elementor-column-gap-default\">\n\t\t\t\t\t<div class=\"elementor-column elementor-col-100 elementor-top-column elementor-element elementor-element-a872a65\" data-id=\"a872a65\" data-element_type=\"column\" data-e-type=\"column\">\n\t\t\t<div class=\"elementor-widget-wrap elementor-element-populated\">\n\t\t\t\t\t\t<div class=\"elementor-element elementor-element-54e3da8 elementor-widget elementor-widget-text-editor\" data-id=\"54e3da8\" data-element_type=\"widget\" data-e-type=\"widget\" data-widget_type=\"text-editor.default\">\n\t\t\t\t<div class=\"elementor-widget-container\">\n\t\t\t\t\t\t\t\t\t<p>La noche se inaugur\u00f3 con las actuaciones de los dos <span style=\"color: #808080;\"><a style=\"color: #808080;\" href=\"https:\/\/unaymilletras.com\/en\/operacion-triunfo-ya-tiene-a-sus-16-concursantes\/\">nominados<\/a><\/span>, Suzete y Lucas, quienes buscaban impresionar tanto a la audiencia como al jurado en su \u00faltima oportunidad. Seguidamente, los dem\u00e1s concursantes ofrecieron interpretaciones en d\u00faos y tr\u00edos, mostrando su versatilidad art\u00edstica.<\/p>\t\t\t\t\t\t\t\t<\/div>\n\t\t\t\t<\/div>\n\t\t\t\t\t<\/div>\n\t\t<\/div>\n\t\t\t\t\t<\/div>\n\t\t<\/section>\n\t\t\t\t<section class=\"elementor-section elementor-top-section elementor-element elementor-element-e4f514c elementor-section-boxed elementor-section-height-default elementor-section-height-default\" data-id=\"e4f514c\" data-element_type=\"section\" data-e-type=\"section\">\n\t\t\t\t\t\t<div class=\"elementor-container elementor-column-gap-default\">\n\t\t\t\t\t<div class=\"elementor-column elementor-col-50 elementor-top-column elementor-element elementor-element-f673572\" data-id=\"f673572\" data-element_type=\"column\" data-e-type=\"column\">\n\t\t\t<div class=\"elementor-widget-wrap elementor-element-populated\">\n\t\t\t\t\t\t<div class=\"elementor-element elementor-element-e982469 elementor-widget elementor-widget-image\" data-id=\"e982469\" data-element_type=\"widget\" data-e-type=\"widget\" data-widget_type=\"image.default\">\n\t\t\t\t<div class=\"elementor-widget-container\">\n\t\t\t\t\t\t\t\t\t\t\t\t\t\t\t<img decoding=\"async\" width=\"640\" height=\"427\" src=\"https:\/\/unaymilletras.com\/wp-content\/uploads\/2023\/12\/Operacion-Triunfo_Gala-2_Suzete-1024x683.jpg\" class=\"attachment-large size-large wp-image-1724\" alt=\"Gala 2\" srcset=\"https:\/\/unaymilletras.com\/wp-content\/uploads\/2023\/12\/Operacion-Triunfo_Gala-2_Suzete-1024x683.jpg 1024w, https:\/\/unaymilletras.com\/wp-content\/uploads\/2023\/12\/Operacion-Triunfo_Gala-2_Suzete-300x200.jpg 300w, https:\/\/unaymilletras.com\/wp-content\/uploads\/2023\/12\/Operacion-Triunfo_Gala-2_Suzete-768x512.jpg 768w, https:\/\/unaymilletras.com\/wp-content\/uploads\/2023\/12\/Operacion-Triunfo_Gala-2_Suzete-1536x1024.jpg 1536w, https:\/\/unaymilletras.com\/wp-content\/uploads\/2023\/12\/Operacion-Triunfo_Gala-2_Suzete-2048x1365.jpg 2048w, https:\/\/unaymilletras.com\/wp-content\/uploads\/2023\/12\/Operacion-Triunfo_Gala-2_Suzete-scaled-e1701735818590.jpg 600w\" sizes=\"(max-width: 640px) 100vw, 640px\" \/>\t\t\t\t\t\t\t\t\t\t\t\t\t\t\t<\/div>\n\t\t\t\t<\/div>\n\t\t\t\t\t<\/div>\n\t\t<\/div>\n\t\t\t\t<div class=\"elementor-column elementor-col-50 elementor-top-column elementor-element elementor-element-2531702\" data-id=\"2531702\" data-element_type=\"column\" data-e-type=\"column\">\n\t\t\t<div class=\"elementor-widget-wrap elementor-element-populated\">\n\t\t\t\t\t\t<div class=\"elementor-element elementor-element-7bf0fdc elementor-widget elementor-widget-image\" data-id=\"7bf0fdc\" data-element_type=\"widget\" data-e-type=\"widget\" data-widget_type=\"image.default\">\n\t\t\t\t<div class=\"elementor-widget-container\">\n\t\t\t\t\t\t\t\t\t\t\t\t\t\t\t<img decoding=\"async\" width=\"640\" height=\"427\" src=\"https:\/\/unaymilletras.com\/wp-content\/uploads\/2023\/12\/Operacion-Triunfo_Gala-2_Lucas-1024x683.jpg\" class=\"attachment-large size-large wp-image-1725\" alt=\"\" srcset=\"https:\/\/unaymilletras.com\/wp-content\/uploads\/2023\/12\/Operacion-Triunfo_Gala-2_Lucas-1024x683.jpg 1024w, https:\/\/unaymilletras.com\/wp-content\/uploads\/2023\/12\/Operacion-Triunfo_Gala-2_Lucas-300x200.jpg 300w, https:\/\/unaymilletras.com\/wp-content\/uploads\/2023\/12\/Operacion-Triunfo_Gala-2_Lucas-768x512.jpg 768w, https:\/\/unaymilletras.com\/wp-content\/uploads\/2023\/12\/Operacion-Triunfo_Gala-2_Lucas-1536x1024.jpg 1536w, https:\/\/unaymilletras.com\/wp-content\/uploads\/2023\/12\/Operacion-Triunfo_Gala-2_Lucas-2048x1365.jpg 2048w, https:\/\/unaymilletras.com\/wp-content\/uploads\/2023\/12\/Operacion-Triunfo_Gala-2_Lucas-scaled-e1701735833987.jpg 600w\" sizes=\"(max-width: 640px) 100vw, 640px\" \/>\t\t\t\t\t\t\t\t\t\t\t\t\t\t\t<\/div>\n\t\t\t\t<\/div>\n\t\t\t\t\t<\/div>\n\t\t<\/div>\n\t\t\t\t\t<\/div>\n\t\t<\/section>\n\t\t\t\t<section class=\"elementor-section elementor-top-section elementor-element elementor-element-8cd65a2 elementor-section-boxed elementor-section-height-default elementor-section-height-default\" data-id=\"8cd65a2\" data-element_type=\"section\" data-e-type=\"section\">\n\t\t\t\t\t\t<div class=\"elementor-container elementor-column-gap-default\">\n\t\t\t\t\t<div class=\"elementor-column elementor-col-100 elementor-top-column elementor-element elementor-element-22a1842\" data-id=\"22a1842\" data-element_type=\"column\" data-e-type=\"column\">\n\t\t\t<div class=\"elementor-widget-wrap elementor-element-populated\">\n\t\t\t\t\t\t<div class=\"elementor-element elementor-element-44224d3 elementor-widget elementor-widget-text-editor\" data-id=\"44224d3\" data-element_type=\"widget\" data-e-type=\"widget\" data-widget_type=\"text-editor.default\">\n\t\t\t\t<div class=\"elementor-widget-container\">\n\t\t\t\t\t\t\t\t\t<p>En un giro emotivo, se anunci\u00f3 la expulsi\u00f3n de Suzete, con el p\u00fablico salvando a Lucas con un 54,1% de los votos. La Academia se llen\u00f3 de emociones y despedidas mientras los compa\u00f1eros de Suzete le dedicaban cari\u00f1osas despedidas.<\/p>\t\t\t\t\t\t\t\t<\/div>\n\t\t\t\t<\/div>\n\t\t\t\t\t<\/div>\n\t\t<\/div>\n\t\t\t\t\t<\/div>\n\t\t<\/section>\n\t\t\t\t<section class=\"elementor-section elementor-top-section elementor-element elementor-element-52e72fa elementor-section-boxed elementor-section-height-default elementor-section-height-default\" data-id=\"52e72fa\" data-element_type=\"section\" data-e-type=\"section\">\n\t\t\t\t\t\t<div class=\"elementor-container elementor-column-gap-default\">\n\t\t\t\t\t<div class=\"elementor-column elementor-col-50 elementor-top-column elementor-element elementor-element-2d62bf1\" data-id=\"2d62bf1\" data-element_type=\"column\" data-e-type=\"column\">\n\t\t\t<div class=\"elementor-widget-wrap elementor-element-populated\">\n\t\t\t\t\t\t<div class=\"elementor-element elementor-element-3bcdf91 elementor-widget elementor-widget-text-editor\" data-id=\"3bcdf91\" data-element_type=\"widget\" data-e-type=\"widget\" data-widget_type=\"text-editor.default\">\n\t\t\t\t<div class=\"elementor-widget-container\">\n\t\t\t\t\t\t\t\t\t<p>Las actuaciones especiales de Vicco y Abraham Mateo a\u00f1adieron un toque extra de magia a la noche. Adem\u00e1s, se revel\u00f3 a <strong>Naiara<\/strong> como la N\u00f3mada Favorita de la gala, con un s\u00f3lido respaldo del 26,7% de la audiencia.<\/p>\t\t\t\t\t\t\t\t<\/div>\n\t\t\t\t<\/div>\n\t\t\t\t\t<\/div>\n\t\t<\/div>\n\t\t\t\t<div class=\"elementor-column elementor-col-50 elementor-top-column elementor-element elementor-element-42f443c\" data-id=\"42f443c\" data-element_type=\"column\" data-e-type=\"column\">\n\t\t\t<div class=\"elementor-widget-wrap elementor-element-populated\">\n\t\t\t\t\t\t<div class=\"elementor-element elementor-element-0781a53 elementor-widget elementor-widget-image\" data-id=\"0781a53\" data-element_type=\"widget\" data-e-type=\"widget\" data-widget_type=\"image.default\">\n\t\t\t\t<div class=\"elementor-widget-container\">\n\t\t\t\t\t\t\t\t\t\t\t\t\t\t\t<img loading=\"lazy\" decoding=\"async\" width=\"640\" height=\"427\" src=\"https:\/\/unaymilletras.com\/wp-content\/uploads\/2023\/12\/Operacion-Triunfo_Gala-2_Favorito-Naiara-1024x683.jpg\" class=\"attachment-large size-large wp-image-1726\" alt=\"\" srcset=\"https:\/\/unaymilletras.com\/wp-content\/uploads\/2023\/12\/Operacion-Triunfo_Gala-2_Favorito-Naiara-1024x683.jpg 1024w, https:\/\/unaymilletras.com\/wp-content\/uploads\/2023\/12\/Operacion-Triunfo_Gala-2_Favorito-Naiara-300x200.jpg 300w, https:\/\/unaymilletras.com\/wp-content\/uploads\/2023\/12\/Operacion-Triunfo_Gala-2_Favorito-Naiara-768x512.jpg 768w, https:\/\/unaymilletras.com\/wp-content\/uploads\/2023\/12\/Operacion-Triunfo_Gala-2_Favorito-Naiara-1536x1024.jpg 1536w, https:\/\/unaymilletras.com\/wp-content\/uploads\/2023\/12\/Operacion-Triunfo_Gala-2_Favorito-Naiara-2048x1365.jpg 2048w, https:\/\/unaymilletras.com\/wp-content\/uploads\/2023\/12\/Operacion-Triunfo_Gala-2_Favorito-Naiara-scaled-e1701735942551.jpg 600w\" sizes=\"(max-width: 640px) 100vw, 640px\" \/>\t\t\t\t\t\t\t\t\t\t\t\t\t\t\t<\/div>\n\t\t\t\t<\/div>\n\t\t\t\t\t<\/div>\n\t\t<\/div>\n\t\t\t\t\t<\/div>\n\t\t<\/section>\n\t\t\t\t<section class=\"elementor-section elementor-top-section elementor-element elementor-element-e23656d elementor-section-boxed elementor-section-height-default elementor-section-height-default\" data-id=\"e23656d\" data-element_type=\"section\" data-e-type=\"section\">\n\t\t\t\t\t\t<div class=\"elementor-container elementor-column-gap-default\">\n\t\t\t\t\t<div class=\"elementor-column elementor-col-100 elementor-top-column elementor-element elementor-element-c8b017b\" data-id=\"c8b017b\" data-element_type=\"column\" data-e-type=\"column\">\n\t\t\t<div class=\"elementor-widget-wrap elementor-element-populated\">\n\t\t\t\t\t\t<div class=\"elementor-element elementor-element-76df8c3 elementor-widget elementor-widget-text-editor\" data-id=\"76df8c3\" data-element_type=\"widget\" data-e-type=\"widget\" data-widget_type=\"text-editor.default\">\n\t\t\t\t<div class=\"elementor-widget-container\">\n\t\t\t\t\t\t\t\t\t<p>El jurado, liderado por la invitada especial Vanesa Mart\u00edn, deliber\u00f3 y nomin\u00f3 a <strong>Alex M\u00e1rquez, Denna, Violeta y Omar<\/strong>. En una votaci\u00f3n decisiva, Denna fue salvada por los profesores y Violeta por sus compa\u00f1eros, dejando a Alex M\u00e1rquez y Omar como los nominados finales de la Gala 2.<\/p><p><span style=\"color: #808080;\"><a style=\"color: #808080;\" href=\"https:\/\/www.primevideo.com\/storefront\/?contentType=tournament&amp;contentId=amzn1.dv.icid.3a1e30f1-c804-43d7-9c5d-7392119d88c2&amp;ref_=dvm_pds_tit_ES_lb_s_g_mkw_syfPpNwU6-dc_pcrid_680821225372&amp;mrntrk=slid__pgrid_155661398116_pgeo_1005546_x__adext__ptid_kwd-1981851741960&amp;gclid=CjwKCAiAjrarBhAWEiwA2qWdCAdn7S72PJk08v6h_eWQFFNDlW0QzF9SbIOhNSB_RJGMaKwWP47vCxoCIWwQAvD_BwE\">Operaci\u00f3n Triunfo 2023<\/a>,<\/span> producido por Gestmusic (Banijay Iberia), contin\u00faa cautivando a la audiencia con su emocionante competici\u00f3n musical. Cada semana, los concursantes se enfrentan en el escenario en vivo, demostrando su talento y evoluci\u00f3n en la Academia. Con m\u00e1s sorpresas por venir, la Gala 2 ha dejado una huella imborrable en la historia del programa.<\/p>\t\t\t\t\t\t\t\t<\/div>\n\t\t\t\t<\/div>\n\t\t\t\t\t<\/div>\n\t\t<\/div>\n\t\t\t\t\t<\/div>\n\t\t<\/section>\n\t\t\t\t<\/div>","protected":false},"excerpt":{"rendered":"<p>Despedidas emotivas, sorpresas y Naiara votada como n\u00f3mada favorita en la Gala 2 de Operaci\u00f3n Triunfo La Gala 2 de Operaci\u00f3n Triunfo dej\u00f3 un sabor agridulce con la despedida de la primera concursante de la edici\u00f3n, Suzete, y la revelaci\u00f3n de los nuevos nominados, Omar y Alex M\u00e1rquez. Con Vanesa Mart\u00edn como jurado invitada y [&hellip;]<\/p>\n","protected":false},"author":1,"featured_media":1725,"comment_status":"open","ping_status":"open","sticky":false,"template":"","format":"standard","meta":{"footnotes":""},"categories":[4,117],"tags":[],"class_list":["post-1720","post","type-post","status-publish","format-standard","has-post-thumbnail","hentry","category-musica","category-peliculas-y-series"],"yoast_head":"<!-- This site is optimized with the Yoast SEO plugin v27.4 - https:\/\/yoast.com\/product\/yoast-seo-wordpress\/ -->\n<title>Gala 2 OT: despedida a Suzete y Omar y Alex M\u00e1rquez nominados<\/title>\n<meta name=\"description\" content=\"Despedidas emotivas, sorpresas, nuevos nominados y Naiara votada como n\u00f3mada favorita en la Gala 2 de Operaci\u00f3n Triunfo\" \/>\n<meta name=\"robots\" content=\"index, follow, max-snippet:-1, max-image-preview:large, max-video-preview:-1\" \/>\n<link rel=\"canonical\" href=\"https:\/\/unaymilletras.com\/en\/gala-2-ot-despedida-a-suzete-y-omar-y-alex-marquez-nominados\/\" \/>\n<meta property=\"og:locale\" content=\"en_GB\" \/>\n<meta property=\"og:type\" content=\"article\" \/>\n<meta property=\"og:title\" content=\"Gala 2 OT: despedida a Suzete y Omar y Alex M\u00e1rquez nominados\" \/>\n<meta property=\"og:description\" content=\"Despedidas emotivas, sorpresas, nuevos nominados y Naiara votada como n\u00f3mada favorita en la Gala 2 de Operaci\u00f3n Triunfo\" \/>\n<meta property=\"og:url\" content=\"https:\/\/unaymilletras.com\/en\/gala-2-ot-despedida-a-suzete-y-omar-y-alex-marquez-nominados\/\" \/>\n<meta property=\"og:site_name\" content=\"Una y Mil Letras\" \/>\n<meta property=\"article:published_time\" content=\"2023-12-05T00:30:58+00:00\" \/>\n<meta property=\"article:modified_time\" content=\"2023-12-05T00:33:02+00:00\" \/>\n<meta property=\"og:image\" content=\"http:\/\/unaymilletras.com\/wp-content\/uploads\/2023\/12\/Operacion-Triunfo_Gala-2_Lucas-scaled-e1701735833987.jpg\" \/>\n\t<meta property=\"og:image:width\" content=\"600\" \/>\n\t<meta property=\"og:image:height\" content=\"400\" \/>\n\t<meta property=\"og:image:type\" content=\"image\/jpeg\" \/>\n<meta name=\"author\" content=\"Maria Gil Robledo\" \/>\n<meta name=\"twitter:card\" content=\"summary_large_image\" \/>\n<meta name=\"twitter:creator\" content=\"@UnaYMilLetras\" \/>\n<meta name=\"twitter:site\" content=\"@UnaYMilLetras\" \/>\n<meta name=\"twitter:label1\" content=\"Written by\" \/>\n\t<meta name=\"twitter:data1\" content=\"Maria Gil Robledo\" \/>\n\t<meta name=\"twitter:label2\" content=\"Estimated reading time\" \/>\n\t<meta name=\"twitter:data2\" content=\"3 minutes\" \/>\n<script type=\"application\/ld+json\" class=\"yoast-schema-graph\">{\"@context\":\"https:\\\/\\\/schema.org\",\"@graph\":[{\"@type\":\"Article\",\"@id\":\"https:\\\/\\\/unaymilletras.com\\\/gala-2-ot-despedida-a-suzete-y-omar-y-alex-marquez-nominados\\\/#article\",\"isPartOf\":{\"@id\":\"https:\\\/\\\/unaymilletras.com\\\/gala-2-ot-despedida-a-suzete-y-omar-y-alex-marquez-nominados\\\/\"},\"author\":{\"name\":\"Maria Gil Robledo\",\"@id\":\"http:\\\/\\\/unaymilletras.com\\\/#\\\/schema\\\/person\\\/d55ba681b8a4e463d8982dbe36a5dc94\"},\"headline\":\"Gala 2 OT: despedida a Suzete y Omar y Alex M\u00e1rquez nominados\",\"datePublished\":\"2023-12-05T00:30:58+00:00\",\"dateModified\":\"2023-12-05T00:33:02+00:00\",\"mainEntityOfPage\":{\"@id\":\"https:\\\/\\\/unaymilletras.com\\\/gala-2-ot-despedida-a-suzete-y-omar-y-alex-marquez-nominados\\\/\"},\"wordCount\":328,\"commentCount\":0,\"publisher\":{\"@id\":\"http:\\\/\\\/unaymilletras.com\\\/#organization\"},\"image\":{\"@id\":\"https:\\\/\\\/unaymilletras.com\\\/gala-2-ot-despedida-a-suzete-y-omar-y-alex-marquez-nominados\\\/#primaryimage\"},\"thumbnailUrl\":\"https:\\\/\\\/unaymilletras.com\\\/wp-content\\\/uploads\\\/2023\\\/12\\\/Operacion-Triunfo_Gala-2_Lucas-scaled-e1701735833987.jpg\",\"articleSection\":[\"M\u00fasica\",\"Pel\u00edculas y Series\"],\"inLanguage\":\"en-GB\",\"potentialAction\":[{\"@type\":\"CommentAction\",\"name\":\"Comment\",\"target\":[\"https:\\\/\\\/unaymilletras.com\\\/gala-2-ot-despedida-a-suzete-y-omar-y-alex-marquez-nominados\\\/#respond\"]}]},{\"@type\":\"WebPage\",\"@id\":\"https:\\\/\\\/unaymilletras.com\\\/gala-2-ot-despedida-a-suzete-y-omar-y-alex-marquez-nominados\\\/\",\"url\":\"https:\\\/\\\/unaymilletras.com\\\/gala-2-ot-despedida-a-suzete-y-omar-y-alex-marquez-nominados\\\/\",\"name\":\"Gala 2 OT: despedida a Suzete y Omar y Alex M\u00e1rquez nominados\",\"isPartOf\":{\"@id\":\"http:\\\/\\\/unaymilletras.com\\\/#website\"},\"primaryImageOfPage\":{\"@id\":\"https:\\\/\\\/unaymilletras.com\\\/gala-2-ot-despedida-a-suzete-y-omar-y-alex-marquez-nominados\\\/#primaryimage\"},\"image\":{\"@id\":\"https:\\\/\\\/unaymilletras.com\\\/gala-2-ot-despedida-a-suzete-y-omar-y-alex-marquez-nominados\\\/#primaryimage\"},\"thumbnailUrl\":\"https:\\\/\\\/unaymilletras.com\\\/wp-content\\\/uploads\\\/2023\\\/12\\\/Operacion-Triunfo_Gala-2_Lucas-scaled-e1701735833987.jpg\",\"datePublished\":\"2023-12-05T00:30:58+00:00\",\"dateModified\":\"2023-12-05T00:33:02+00:00\",\"description\":\"Despedidas emotivas, sorpresas, nuevos nominados y Naiara votada como n\u00f3mada favorita en la Gala 2 de Operaci\u00f3n Triunfo\",\"breadcrumb\":{\"@id\":\"https:\\\/\\\/unaymilletras.com\\\/gala-2-ot-despedida-a-suzete-y-omar-y-alex-marquez-nominados\\\/#breadcrumb\"},\"inLanguage\":\"en-GB\",\"potentialAction\":[{\"@type\":\"ReadAction\",\"target\":[\"https:\\\/\\\/unaymilletras.com\\\/gala-2-ot-despedida-a-suzete-y-omar-y-alex-marquez-nominados\\\/\"]}]},{\"@type\":\"ImageObject\",\"inLanguage\":\"en-GB\",\"@id\":\"https:\\\/\\\/unaymilletras.com\\\/gala-2-ot-despedida-a-suzete-y-omar-y-alex-marquez-nominados\\\/#primaryimage\",\"url\":\"https:\\\/\\\/unaymilletras.com\\\/wp-content\\\/uploads\\\/2023\\\/12\\\/Operacion-Triunfo_Gala-2_Lucas-scaled-e1701735833987.jpg\",\"contentUrl\":\"https:\\\/\\\/unaymilletras.com\\\/wp-content\\\/uploads\\\/2023\\\/12\\\/Operacion-Triunfo_Gala-2_Lucas-scaled-e1701735833987.jpg\",\"width\":600,\"height\":400},{\"@type\":\"BreadcrumbList\",\"@id\":\"https:\\\/\\\/unaymilletras.com\\\/gala-2-ot-despedida-a-suzete-y-omar-y-alex-marquez-nominados\\\/#breadcrumb\",\"itemListElement\":[{\"@type\":\"ListItem\",\"position\":1,\"name\":\"Home\",\"item\":\"http:\\\/\\\/unaymilletras.com\\\/\"},{\"@type\":\"ListItem\",\"position\":2,\"name\":\"Gala 2 OT: despedida a Suzete y Omar y Alex M\u00e1rquez nominados\"}]},{\"@type\":\"WebSite\",\"@id\":\"http:\\\/\\\/unaymilletras.com\\\/#website\",\"url\":\"http:\\\/\\\/unaymilletras.com\\\/\",\"name\":\"Una y Mil Letras\",\"description\":\"\",\"publisher\":{\"@id\":\"http:\\\/\\\/unaymilletras.com\\\/#organization\"},\"potentialAction\":[{\"@type\":\"SearchAction\",\"target\":{\"@type\":\"EntryPoint\",\"urlTemplate\":\"http:\\\/\\\/unaymilletras.com\\\/?s={search_term_string}\"},\"query-input\":{\"@type\":\"PropertyValueSpecification\",\"valueRequired\":true,\"valueName\":\"search_term_string\"}}],\"inLanguage\":\"en-GB\"},{\"@type\":\"Organization\",\"@id\":\"http:\\\/\\\/unaymilletras.com\\\/#organization\",\"name\":\"Una y Mil Letras\",\"url\":\"http:\\\/\\\/unaymilletras.com\\\/\",\"logo\":{\"@type\":\"ImageObject\",\"inLanguage\":\"en-GB\",\"@id\":\"http:\\\/\\\/unaymilletras.com\\\/#\\\/schema\\\/logo\\\/image\\\/\",\"url\":\"https:\\\/\\\/unaymilletras.com\\\/wp-content\\\/uploads\\\/2024\\\/06\\\/cropped-Logo-removebg-preview.png\",\"contentUrl\":\"https:\\\/\\\/unaymilletras.com\\\/wp-content\\\/uploads\\\/2024\\\/06\\\/cropped-Logo-removebg-preview.png\",\"width\":512,\"height\":512,\"caption\":\"Una y Mil Letras\"},\"image\":{\"@id\":\"http:\\\/\\\/unaymilletras.com\\\/#\\\/schema\\\/logo\\\/image\\\/\"},\"sameAs\":[\"https:\\\/\\\/x.com\\\/UnaYMilLetras\",\"https:\\\/\\\/instagram.com\\\/UnaYMilLetras\"]},{\"@type\":\"Person\",\"@id\":\"http:\\\/\\\/unaymilletras.com\\\/#\\\/schema\\\/person\\\/d55ba681b8a4e463d8982dbe36a5dc94\",\"name\":\"Maria Gil Robledo\",\"image\":{\"@type\":\"ImageObject\",\"inLanguage\":\"en-GB\",\"@id\":\"https:\\\/\\\/secure.gravatar.com\\\/avatar\\\/4b8e5102e0015789407eb4870b12f0f2857952d83ca124058f92b764bd1840c3?s=96&d=mm&r=g\",\"url\":\"https:\\\/\\\/secure.gravatar.com\\\/avatar\\\/4b8e5102e0015789407eb4870b12f0f2857952d83ca124058f92b764bd1840c3?s=96&d=mm&r=g\",\"contentUrl\":\"https:\\\/\\\/secure.gravatar.com\\\/avatar\\\/4b8e5102e0015789407eb4870b12f0f2857952d83ca124058f92b764bd1840c3?s=96&d=mm&r=g\",\"caption\":\"Maria Gil Robledo\"},\"sameAs\":[\"http:\\\/\\\/unaymilletras.com\"],\"url\":\"https:\\\/\\\/unaymilletras.com\\\/en\\\/author\\\/mariiagiil02_\\\/\"}]}<\/script>\n<!-- \/ Yoast SEO plugin. -->","yoast_head_json":{"title":"Gala 2 OT: despedida a Suzete y Omar y Alex M\u00e1rquez nominados","description":"Despedidas emotivas, sorpresas, nuevos nominados y Naiara votada como n\u00f3mada favorita en la Gala 2 de Operaci\u00f3n Triunfo","robots":{"index":"index","follow":"follow","max-snippet":"max-snippet:-1","max-image-preview":"max-image-preview:large","max-video-preview":"max-video-preview:-1"},"canonical":"https:\/\/unaymilletras.com\/en\/gala-2-ot-despedida-a-suzete-y-omar-y-alex-marquez-nominados\/","og_locale":"en_GB","og_type":"article","og_title":"Gala 2 OT: despedida a Suzete y Omar y Alex M\u00e1rquez nominados","og_description":"Despedidas emotivas, sorpresas, nuevos nominados y Naiara votada como n\u00f3mada favorita en la Gala 2 de Operaci\u00f3n Triunfo","og_url":"https:\/\/unaymilletras.com\/en\/gala-2-ot-despedida-a-suzete-y-omar-y-alex-marquez-nominados\/","og_site_name":"Una y Mil Letras","article_published_time":"2023-12-05T00:30:58+00:00","article_modified_time":"2023-12-05T00:33:02+00:00","og_image":[{"width":600,"height":400,"url":"http:\/\/unaymilletras.com\/wp-content\/uploads\/2023\/12\/Operacion-Triunfo_Gala-2_Lucas-scaled-e1701735833987.jpg","type":"image\/jpeg"}],"author":"Maria Gil Robledo","twitter_card":"summary_large_image","twitter_creator":"@UnaYMilLetras","twitter_site":"@UnaYMilLetras","twitter_misc":{"Written by":"Maria Gil Robledo","Estimated reading time":"3 minutes"},"schema":{"@context":"https:\/\/schema.org","@graph":[{"@type":"Article","@id":"https:\/\/unaymilletras.com\/gala-2-ot-despedida-a-suzete-y-omar-y-alex-marquez-nominados\/#article","isPartOf":{"@id":"https:\/\/unaymilletras.com\/gala-2-ot-despedida-a-suzete-y-omar-y-alex-marquez-nominados\/"},"author":{"name":"Maria Gil Robledo","@id":"http:\/\/unaymilletras.com\/#\/schema\/person\/d55ba681b8a4e463d8982dbe36a5dc94"},"headline":"Gala 2 OT: despedida a Suzete y Omar y Alex M\u00e1rquez nominados","datePublished":"2023-12-05T00:30:58+00:00","dateModified":"2023-12-05T00:33:02+00:00","mainEntityOfPage":{"@id":"https:\/\/unaymilletras.com\/gala-2-ot-despedida-a-suzete-y-omar-y-alex-marquez-nominados\/"},"wordCount":328,"commentCount":0,"publisher":{"@id":"http:\/\/unaymilletras.com\/#organization"},"image":{"@id":"https:\/\/unaymilletras.com\/gala-2-ot-despedida-a-suzete-y-omar-y-alex-marquez-nominados\/#primaryimage"},"thumbnailUrl":"https:\/\/unaymilletras.com\/wp-content\/uploads\/2023\/12\/Operacion-Triunfo_Gala-2_Lucas-scaled-e1701735833987.jpg","articleSection":["M\u00fasica","Pel\u00edculas y Series"],"inLanguage":"en-GB","potentialAction":[{"@type":"CommentAction","name":"Comment","target":["https:\/\/unaymilletras.com\/gala-2-ot-despedida-a-suzete-y-omar-y-alex-marquez-nominados\/#respond"]}]},{"@type":"WebPage","@id":"https:\/\/unaymilletras.com\/gala-2-ot-despedida-a-suzete-y-omar-y-alex-marquez-nominados\/","url":"https:\/\/unaymilletras.com\/gala-2-ot-despedida-a-suzete-y-omar-y-alex-marquez-nominados\/","name":"Gala 2 OT: despedida a Suzete y Omar y Alex M\u00e1rquez nominados","isPartOf":{"@id":"http:\/\/unaymilletras.com\/#website"},"primaryImageOfPage":{"@id":"https:\/\/unaymilletras.com\/gala-2-ot-despedida-a-suzete-y-omar-y-alex-marquez-nominados\/#primaryimage"},"image":{"@id":"https:\/\/unaymilletras.com\/gala-2-ot-despedida-a-suzete-y-omar-y-alex-marquez-nominados\/#primaryimage"},"thumbnailUrl":"https:\/\/unaymilletras.com\/wp-content\/uploads\/2023\/12\/Operacion-Triunfo_Gala-2_Lucas-scaled-e1701735833987.jpg","datePublished":"2023-12-05T00:30:58+00:00","dateModified":"2023-12-05T00:33:02+00:00","description":"Despedidas emotivas, sorpresas, nuevos nominados y Naiara votada como n\u00f3mada favorita en la Gala 2 de Operaci\u00f3n Triunfo","breadcrumb":{"@id":"https:\/\/unaymilletras.com\/gala-2-ot-despedida-a-suzete-y-omar-y-alex-marquez-nominados\/#breadcrumb"},"inLanguage":"en-GB","potentialAction":[{"@type":"ReadAction","target":["https:\/\/unaymilletras.com\/gala-2-ot-despedida-a-suzete-y-omar-y-alex-marquez-nominados\/"]}]},{"@type":"ImageObject","inLanguage":"en-GB","@id":"https:\/\/unaymilletras.com\/gala-2-ot-despedida-a-suzete-y-omar-y-alex-marquez-nominados\/#primaryimage","url":"https:\/\/unaymilletras.com\/wp-content\/uploads\/2023\/12\/Operacion-Triunfo_Gala-2_Lucas-scaled-e1701735833987.jpg","contentUrl":"https:\/\/unaymilletras.com\/wp-content\/uploads\/2023\/12\/Operacion-Triunfo_Gala-2_Lucas-scaled-e1701735833987.jpg","width":600,"height":400},{"@type":"BreadcrumbList","@id":"https:\/\/unaymilletras.com\/gala-2-ot-despedida-a-suzete-y-omar-y-alex-marquez-nominados\/#breadcrumb","itemListElement":[{"@type":"ListItem","position":1,"name":"Home","item":"http:\/\/unaymilletras.com\/"},{"@type":"ListItem","position":2,"name":"Gala 2 OT: despedida a Suzete y Omar y Alex M\u00e1rquez nominados"}]},{"@type":"WebSite","@id":"http:\/\/unaymilletras.com\/#website","url":"http:\/\/unaymilletras.com\/","name":"Una y Mil Letras","description":"","publisher":{"@id":"http:\/\/unaymilletras.com\/#organization"},"potentialAction":[{"@type":"SearchAction","target":{"@type":"EntryPoint","urlTemplate":"http:\/\/unaymilletras.com\/?s={search_term_string}"},"query-input":{"@type":"PropertyValueSpecification","valueRequired":true,"valueName":"search_term_string"}}],"inLanguage":"en-GB"},{"@type":"Organization","@id":"http:\/\/unaymilletras.com\/#organization","name":"Una y Mil Letras","url":"http:\/\/unaymilletras.com\/","logo":{"@type":"ImageObject","inLanguage":"en-GB","@id":"http:\/\/unaymilletras.com\/#\/schema\/logo\/image\/","url":"https:\/\/unaymilletras.com\/wp-content\/uploads\/2024\/06\/cropped-Logo-removebg-preview.png","contentUrl":"https:\/\/unaymilletras.com\/wp-content\/uploads\/2024\/06\/cropped-Logo-removebg-preview.png","width":512,"height":512,"caption":"Una y Mil Letras"},"image":{"@id":"http:\/\/unaymilletras.com\/#\/schema\/logo\/image\/"},"sameAs":["https:\/\/x.com\/UnaYMilLetras","https:\/\/instagram.com\/UnaYMilLetras"]},{"@type":"Person","@id":"http:\/\/unaymilletras.com\/#\/schema\/person\/d55ba681b8a4e463d8982dbe36a5dc94","name":"Maria Gil Robledo","image":{"@type":"ImageObject","inLanguage":"en-GB","@id":"https:\/\/secure.gravatar.com\/avatar\/4b8e5102e0015789407eb4870b12f0f2857952d83ca124058f92b764bd1840c3?s=96&d=mm&r=g","url":"https:\/\/secure.gravatar.com\/avatar\/4b8e5102e0015789407eb4870b12f0f2857952d83ca124058f92b764bd1840c3?s=96&d=mm&r=g","contentUrl":"https:\/\/secure.gravatar.com\/avatar\/4b8e5102e0015789407eb4870b12f0f2857952d83ca124058f92b764bd1840c3?s=96&d=mm&r=g","caption":"Maria Gil Robledo"},"sameAs":["http:\/\/unaymilletras.com"],"url":"https:\/\/unaymilletras.com\/en\/author\/mariiagiil02_\/"}]}},"_links":{"self":[{"href":"https:\/\/unaymilletras.com\/en\/wp-json\/wp\/v2\/posts\/1720","targetHints":{"allow":["GET"]}}],"collection":[{"href":"https:\/\/unaymilletras.com\/en\/wp-json\/wp\/v2\/posts"}],"about":[{"href":"https:\/\/unaymilletras.com\/en\/wp-json\/wp\/v2\/types\/post"}],"author":[{"embeddable":true,"href":"https:\/\/unaymilletras.com\/en\/wp-json\/wp\/v2\/users\/1"}],"replies":[{"embeddable":true,"href":"https:\/\/unaymilletras.com\/en\/wp-json\/wp\/v2\/comments?post=1720"}],"version-history":[{"count":8,"href":"https:\/\/unaymilletras.com\/en\/wp-json\/wp\/v2\/posts\/1720\/revisions"}],"predecessor-version":[{"id":1732,"href":"https:\/\/unaymilletras.com\/en\/wp-json\/wp\/v2\/posts\/1720\/revisions\/1732"}],"wp:featuredmedia":[{"embeddable":true,"href":"https:\/\/unaymilletras.com\/en\/wp-json\/wp\/v2\/media\/1725"}],"wp:attachment":[{"href":"https:\/\/unaymilletras.com\/en\/wp-json\/wp\/v2\/media?parent=1720"}],"wp:term":[{"taxonomy":"category","embeddable":true,"href":"https:\/\/unaymilletras.com\/en\/wp-json\/wp\/v2\/categories?post=1720"},{"taxonomy":"post_tag","embeddable":true,"href":"https:\/\/unaymilletras.com\/en\/wp-json\/wp\/v2\/tags?post=1720"}],"curies":[{"name":"wp","href":"https:\/\/api.w.org\/{rel}","templated":true}]}}