{"id":1733,"date":"2023-12-05T16:32:18","date_gmt":"2023-12-05T15:32:18","guid":{"rendered":"https:\/\/unaymilletras.com\/?p=1733"},"modified":"2023-12-05T16:32:21","modified_gmt":"2023-12-05T15:32:21","slug":"chuty-se-corona-en-la-final-internacional-de-red-bull-batalla-2023","status":"publish","type":"post","link":"https:\/\/unaymilletras.com\/en\/chuty-se-corona-en-la-final-internacional-de-red-bull-batalla-2023\/","title":{"rendered":"Chuty se corona en la Final Internacional de Red Bull Batalla 2023"},"content":{"rendered":"<div data-elementor-type=\"wp-post\" data-elementor-id=\"1733\" class=\"elementor elementor-1733\">\n\t\t\t\t\t\t<section class=\"elementor-section elementor-top-section elementor-element elementor-element-f0447b3 elementor-section-boxed elementor-section-height-default elementor-section-height-default\" data-id=\"f0447b3\" data-element_type=\"section\" data-e-type=\"section\">\n\t\t\t\t\t\t<div class=\"elementor-container elementor-column-gap-default\">\n\t\t\t\t\t<div class=\"elementor-column elementor-col-100 elementor-top-column elementor-element elementor-element-6f72d1e\" data-id=\"6f72d1e\" data-element_type=\"column\" data-e-type=\"column\">\n\t\t\t<div class=\"elementor-widget-wrap elementor-element-populated\">\n\t\t\t\t\t\t<div class=\"elementor-element elementor-element-7941c88 elementor-widget elementor-widget-text-editor\" data-id=\"7941c88\" data-element_type=\"widget\" data-e-type=\"widget\" data-widget_type=\"text-editor.default\">\n\t\t\t\t<div class=\"elementor-widget-container\">\n\t\t\t\t\t\t\t\t\t<h2><span style=\"color: #808080;\"><em>El madrile\u00f1o Chuty viaj\u00f3 hasta Bogot\u00e1 para hacerse con el t\u00edtulo de mejor freestyler del a\u00f1o y poner fin a su carrera<\/em><\/span><\/h2>\t\t\t\t\t\t\t\t<\/div>\n\t\t\t\t<\/div>\n\t\t\t\t\t<\/div>\n\t\t<\/div>\n\t\t\t\t\t<\/div>\n\t\t<\/section>\n\t\t\t\t<section class=\"elementor-section elementor-top-section elementor-element elementor-element-6975632 elementor-section-boxed elementor-section-height-default elementor-section-height-default\" data-id=\"6975632\" data-element_type=\"section\" data-e-type=\"section\">\n\t\t\t\t\t\t<div class=\"elementor-container elementor-column-gap-default\">\n\t\t\t\t\t<div class=\"elementor-column elementor-col-100 elementor-top-column elementor-element elementor-element-389e415\" data-id=\"389e415\" data-element_type=\"column\" data-e-type=\"column\">\n\t\t\t<div class=\"elementor-widget-wrap elementor-element-populated\">\n\t\t\t\t\t\t<div class=\"elementor-element elementor-element-d3accee elementor-widget elementor-widget-text-editor\" data-id=\"d3accee\" data-element_type=\"widget\" data-e-type=\"widget\" data-widget_type=\"text-editor.default\">\n\t\t\t\t<div class=\"elementor-widget-container\">\n\t\t\t\t\t\t\t\t\t<p>El d\u00eda esperado para el freestyle en espa\u00f1ol ha llegado a su punto culminante con un resultado extraordinario. <b>Chuty<\/b>\u00a0ha dejado su huella en la historia del rap improvisado al ganar el Cintur\u00f3n de <span style=\"color: #808080;\">Campe\u00f3n Internacional en la <b><a style=\"color: #808080;\" href=\"https:\/\/www.redbull.com\/es-es\/events\/final-internacional-red-bull-batalla-2024\">Final Internacional de Red Bull Batalla 2023<\/a><\/b>. Este t\u00edtulo<\/span> lo corona como el mejor freestyler hispanohablante del mundo este a\u00f1o, quit\u00e1ndole el trono al anterior campe\u00f3n, Aczino.<\/p>\t\t\t\t\t\t\t\t<\/div>\n\t\t\t\t<\/div>\n\t\t\t\t\t<\/div>\n\t\t<\/div>\n\t\t\t\t\t<\/div>\n\t\t<\/section>\n\t\t\t\t<section class=\"elementor-section elementor-top-section elementor-element elementor-element-93723dc elementor-section-boxed elementor-section-height-default elementor-section-height-default\" data-id=\"93723dc\" data-element_type=\"section\" data-e-type=\"section\">\n\t\t\t\t\t\t<div class=\"elementor-container elementor-column-gap-default\">\n\t\t\t\t\t<div class=\"elementor-column elementor-col-33 elementor-top-column elementor-element elementor-element-083a1c9\" data-id=\"083a1c9\" data-element_type=\"column\" data-e-type=\"column\">\n\t\t\t<div class=\"elementor-widget-wrap elementor-element-populated\">\n\t\t\t\t\t\t<div class=\"elementor-element elementor-element-bf1ef7d elementor-widget elementor-widget-image\" data-id=\"bf1ef7d\" data-element_type=\"widget\" data-e-type=\"widget\" data-widget_type=\"image.default\">\n\t\t\t\t<div class=\"elementor-widget-container\">\n\t\t\t\t\t\t\t\t\t\t\t\t\t\t\t<img fetchpriority=\"high\" decoding=\"async\" width=\"640\" height=\"659\" src=\"https:\/\/unaymilletras.com\/wp-content\/uploads\/2023\/12\/Chuty.jpeg\" class=\"attachment-large size-large wp-image-1736\" alt=\"Chuty\" srcset=\"https:\/\/unaymilletras.com\/wp-content\/uploads\/2023\/12\/Chuty.jpeg 694w, https:\/\/unaymilletras.com\/wp-content\/uploads\/2023\/12\/Chuty-291x300.jpeg 291w\" sizes=\"(max-width: 640px) 100vw, 640px\" \/>\t\t\t\t\t\t\t\t\t\t\t\t\t\t\t<\/div>\n\t\t\t\t<\/div>\n\t\t\t\t\t<\/div>\n\t\t<\/div>\n\t\t\t\t<div class=\"elementor-column elementor-col-66 elementor-top-column elementor-element elementor-element-3102b28\" data-id=\"3102b28\" data-element_type=\"column\" data-e-type=\"column\">\n\t\t\t<div class=\"elementor-widget-wrap elementor-element-populated\">\n\t\t\t\t\t\t<div class=\"elementor-element elementor-element-d22e5f3 elementor-widget elementor-widget-text-editor\" data-id=\"d22e5f3\" data-element_type=\"widget\" data-e-type=\"widget\" data-widget_type=\"text-editor.default\">\n\t\t\t\t<div class=\"elementor-widget-container\">\n\t\t\t\t\t\t\t\t\t<p>La destreza \u00fanica y el estilo inigualable de Chuty, lo han establecido como el mejor freestyler espa\u00f1ol de la historia. Despu\u00e9s de enfrentarse a 16 talentosos MCs que aspiraban a la corona, Chuty se erige como el campe\u00f3n internacional de Red Bull Batalla, la competici\u00f3n m\u00e1s prestigiosa del freestyle a nivel mundial.<\/p>\t\t\t\t\t\t\t\t<\/div>\n\t\t\t\t<\/div>\n\t\t\t\t\t<\/div>\n\t\t<\/div>\n\t\t\t\t\t<\/div>\n\t\t<\/section>\n\t\t\t\t<section class=\"elementor-section elementor-top-section elementor-element elementor-element-896be91 elementor-section-boxed elementor-section-height-default elementor-section-height-default\" data-id=\"896be91\" data-element_type=\"section\" data-e-type=\"section\">\n\t\t\t\t\t\t<div class=\"elementor-container elementor-column-gap-default\">\n\t\t\t\t\t<div class=\"elementor-column elementor-col-66 elementor-top-column elementor-element elementor-element-3b2a20f\" data-id=\"3b2a20f\" data-element_type=\"column\" data-e-type=\"column\">\n\t\t\t<div class=\"elementor-widget-wrap elementor-element-populated\">\n\t\t\t\t\t\t<div class=\"elementor-element elementor-element-0804ffd elementor-widget elementor-widget-text-editor\" data-id=\"0804ffd\" data-element_type=\"widget\" data-e-type=\"widget\" data-widget_type=\"text-editor.default\">\n\t\t\t\t<div class=\"elementor-widget-container\">\n\t\t\t\t\t\t\t\t\t<p>Desde los octavos de final hasta lo m\u00e1s alto del podio, Chuty tuvo que superar desaf\u00edos colosales, enfrent\u00e1ndose a figuras destacadas como Spektro, el tit\u00e1n Aczino en cuartos de final, Mecha en semifinales y FaT N en la ronda final, quien obtuvo el segundo lugar en el podio. Una jornada impecable para Chuty.<\/p>\t\t\t\t\t\t\t\t<\/div>\n\t\t\t\t<\/div>\n\t\t\t\t\t<\/div>\n\t\t<\/div>\n\t\t\t\t<div class=\"elementor-column elementor-col-33 elementor-top-column elementor-element elementor-element-6730ff0\" data-id=\"6730ff0\" data-element_type=\"column\" data-e-type=\"column\">\n\t\t\t<div class=\"elementor-widget-wrap elementor-element-populated\">\n\t\t\t\t\t\t<div class=\"elementor-element elementor-element-ab11d68 elementor-widget elementor-widget-image\" data-id=\"ab11d68\" data-element_type=\"widget\" data-e-type=\"widget\" data-widget_type=\"image.default\">\n\t\t\t\t<div class=\"elementor-widget-container\">\n\t\t\t\t\t\t\t\t\t\t\t\t\t\t\t<img decoding=\"async\" width=\"596\" height=\"605\" src=\"https:\/\/unaymilletras.com\/wp-content\/uploads\/2023\/12\/chuty-2.jpeg\" class=\"attachment-large size-large wp-image-1737\" alt=\"\" srcset=\"https:\/\/unaymilletras.com\/wp-content\/uploads\/2023\/12\/chuty-2.jpeg 596w, https:\/\/unaymilletras.com\/wp-content\/uploads\/2023\/12\/chuty-2-296x300.jpeg 296w\" sizes=\"(max-width: 596px) 100vw, 596px\" \/>\t\t\t\t\t\t\t\t\t\t\t\t\t\t\t<\/div>\n\t\t\t\t<\/div>\n\t\t\t\t\t<\/div>\n\t\t<\/div>\n\t\t\t\t\t<\/div>\n\t\t<\/section>\n\t\t\t\t<section class=\"elementor-section elementor-top-section elementor-element elementor-element-c29e542 elementor-section-boxed elementor-section-height-default elementor-section-height-default\" data-id=\"c29e542\" data-element_type=\"section\" data-e-type=\"section\">\n\t\t\t\t\t\t<div class=\"elementor-container elementor-column-gap-default\">\n\t\t\t\t\t<div class=\"elementor-column elementor-col-100 elementor-top-column elementor-element elementor-element-185ce11\" data-id=\"185ce11\" data-element_type=\"column\" data-e-type=\"column\">\n\t\t\t<div class=\"elementor-widget-wrap elementor-element-populated\">\n\t\t\t\t\t\t<div class=\"elementor-element elementor-element-221d4e4 elementor-widget elementor-widget-text-editor\" data-id=\"221d4e4\" data-element_type=\"widget\" data-e-type=\"widget\" data-widget_type=\"text-editor.default\">\n\t\t\t\t<div class=\"elementor-widget-container\">\n\t\t\t\t\t\t\t\t\t<p>El <b>Estadio Movistar Arena de Bogot\u00e1<\/b>, Colombia, vibr\u00f3 con los versos y la l\u00edrica apasionada del mejor freestyler hispanohablante, ante la mirada de 12,000 fan\u00e1ticos del freestyle. La leyenda de Chuty se consagr\u00f3 con un jurado de lujo, incluyendo a Arc\u00e1ngel, Dtoke, Skone, Basek y Joro, y la musicalizaci\u00f3n a cargo del talentoso DJ Sonicko de M\u00e9xico. La transmisi\u00f3n en vivo a trav\u00e9s de Twitch, Facebook, TikTok y YouTube de Red Bull Batalla conect\u00f3 con una audiencia global.<\/p>\t\t\t\t\t\t\t\t<\/div>\n\t\t\t\t<\/div>\n\t\t\t\t\t<\/div>\n\t\t<\/div>\n\t\t\t\t\t<\/div>\n\t\t<\/section>\n\t\t\t\t<\/div>","protected":false},"excerpt":{"rendered":"<p>El madrile\u00f1o Chuty viaj\u00f3 hasta Bogot\u00e1 para hacerse con el t\u00edtulo de mejor freestyler del a\u00f1o y poner fin a su carrera El d\u00eda esperado para el freestyle en espa\u00f1ol ha llegado a su punto culminante con un resultado extraordinario. Chuty\u00a0ha dejado su huella en la historia del rap improvisado al ganar el Cintur\u00f3n de [&hellip;]<\/p>\n","protected":false},"author":1,"featured_media":1737,"comment_status":"open","ping_status":"open","sticky":false,"template":"","format":"standard","meta":{"footnotes":""},"categories":[4],"tags":[],"class_list":["post-1733","post","type-post","status-publish","format-standard","has-post-thumbnail","hentry","category-musica"],"yoast_head":"<!-- This site is optimized with the Yoast SEO plugin v27.4 - https:\/\/yoast.com\/product\/yoast-seo-wordpress\/ -->\n<title>Chuty se corona en la Final Internacional de Red Bull Batalla 2023<\/title>\n<meta name=\"robots\" content=\"index, follow, max-snippet:-1, max-image-preview:large, max-video-preview:-1\" \/>\n<link rel=\"canonical\" href=\"https:\/\/unaymilletras.com\/en\/chuty-se-corona-en-la-final-internacional-de-red-bull-batalla-2023\/\" \/>\n<meta property=\"og:locale\" content=\"en_GB\" \/>\n<meta property=\"og:type\" content=\"article\" \/>\n<meta property=\"og:title\" content=\"Chuty se corona en la Final Internacional de Red Bull Batalla 2023\" \/>\n<meta property=\"og:description\" content=\"El madrile\u00f1o Chuty viaj\u00f3 hasta Bogot\u00e1 para hacerse con el t\u00edtulo de mejor freestyler del a\u00f1o y poner fin a su carrera El d\u00eda esperado para el freestyle en espa\u00f1ol ha llegado a su punto culminante con un resultado extraordinario. Chuty\u00a0ha dejado su huella en la historia del rap improvisado al ganar el Cintur\u00f3n de [&hellip;]\" \/>\n<meta property=\"og:url\" content=\"https:\/\/unaymilletras.com\/en\/chuty-se-corona-en-la-final-internacional-de-red-bull-batalla-2023\/\" \/>\n<meta property=\"og:site_name\" content=\"Una y Mil Letras\" \/>\n<meta property=\"article:published_time\" content=\"2023-12-05T15:32:18+00:00\" \/>\n<meta property=\"article:modified_time\" content=\"2023-12-05T15:32:21+00:00\" \/>\n<meta property=\"og:image\" content=\"http:\/\/unaymilletras.com\/wp-content\/uploads\/2023\/12\/chuty-2.jpeg\" \/>\n\t<meta property=\"og:image:width\" content=\"596\" \/>\n\t<meta property=\"og:image:height\" content=\"605\" \/>\n\t<meta property=\"og:image:type\" content=\"image\/jpeg\" \/>\n<meta name=\"author\" content=\"Maria Gil Robledo\" \/>\n<meta name=\"twitter:card\" content=\"summary_large_image\" \/>\n<meta name=\"twitter:creator\" content=\"@UnaYMilLetras\" \/>\n<meta name=\"twitter:site\" content=\"@UnaYMilLetras\" \/>\n<meta name=\"twitter:label1\" content=\"Written by\" \/>\n\t<meta name=\"twitter:data1\" content=\"Maria Gil Robledo\" \/>\n\t<meta name=\"twitter:label2\" content=\"Estimated reading time\" \/>\n\t<meta name=\"twitter:data2\" content=\"2 minutes\" \/>\n<script type=\"application\/ld+json\" class=\"yoast-schema-graph\">{\"@context\":\"https:\\\/\\\/schema.org\",\"@graph\":[{\"@type\":\"Article\",\"@id\":\"https:\\\/\\\/unaymilletras.com\\\/chuty-se-corona-en-la-final-internacional-de-red-bull-batalla-2023\\\/#article\",\"isPartOf\":{\"@id\":\"https:\\\/\\\/unaymilletras.com\\\/chuty-se-corona-en-la-final-internacional-de-red-bull-batalla-2023\\\/\"},\"author\":{\"name\":\"Maria Gil Robledo\",\"@id\":\"http:\\\/\\\/unaymilletras.com\\\/#\\\/schema\\\/person\\\/d55ba681b8a4e463d8982dbe36a5dc94\"},\"headline\":\"Chuty se corona en la Final Internacional de Red Bull Batalla 2023\",\"datePublished\":\"2023-12-05T15:32:18+00:00\",\"dateModified\":\"2023-12-05T15:32:21+00:00\",\"mainEntityOfPage\":{\"@id\":\"https:\\\/\\\/unaymilletras.com\\\/chuty-se-corona-en-la-final-internacional-de-red-bull-batalla-2023\\\/\"},\"wordCount\":305,\"commentCount\":0,\"publisher\":{\"@id\":\"http:\\\/\\\/unaymilletras.com\\\/#organization\"},\"image\":{\"@id\":\"https:\\\/\\\/unaymilletras.com\\\/chuty-se-corona-en-la-final-internacional-de-red-bull-batalla-2023\\\/#primaryimage\"},\"thumbnailUrl\":\"https:\\\/\\\/unaymilletras.com\\\/wp-content\\\/uploads\\\/2023\\\/12\\\/chuty-2.jpeg\",\"articleSection\":[\"M\u00fasica\"],\"inLanguage\":\"en-GB\",\"potentialAction\":[{\"@type\":\"CommentAction\",\"name\":\"Comment\",\"target\":[\"https:\\\/\\\/unaymilletras.com\\\/chuty-se-corona-en-la-final-internacional-de-red-bull-batalla-2023\\\/#respond\"]}]},{\"@type\":\"WebPage\",\"@id\":\"https:\\\/\\\/unaymilletras.com\\\/chuty-se-corona-en-la-final-internacional-de-red-bull-batalla-2023\\\/\",\"url\":\"https:\\\/\\\/unaymilletras.com\\\/chuty-se-corona-en-la-final-internacional-de-red-bull-batalla-2023\\\/\",\"name\":\"Chuty se corona en la Final Internacional de Red Bull Batalla 2023\",\"isPartOf\":{\"@id\":\"http:\\\/\\\/unaymilletras.com\\\/#website\"},\"primaryImageOfPage\":{\"@id\":\"https:\\\/\\\/unaymilletras.com\\\/chuty-se-corona-en-la-final-internacional-de-red-bull-batalla-2023\\\/#primaryimage\"},\"image\":{\"@id\":\"https:\\\/\\\/unaymilletras.com\\\/chuty-se-corona-en-la-final-internacional-de-red-bull-batalla-2023\\\/#primaryimage\"},\"thumbnailUrl\":\"https:\\\/\\\/unaymilletras.com\\\/wp-content\\\/uploads\\\/2023\\\/12\\\/chuty-2.jpeg\",\"datePublished\":\"2023-12-05T15:32:18+00:00\",\"dateModified\":\"2023-12-05T15:32:21+00:00\",\"breadcrumb\":{\"@id\":\"https:\\\/\\\/unaymilletras.com\\\/chuty-se-corona-en-la-final-internacional-de-red-bull-batalla-2023\\\/#breadcrumb\"},\"inLanguage\":\"en-GB\",\"potentialAction\":[{\"@type\":\"ReadAction\",\"target\":[\"https:\\\/\\\/unaymilletras.com\\\/chuty-se-corona-en-la-final-internacional-de-red-bull-batalla-2023\\\/\"]}]},{\"@type\":\"ImageObject\",\"inLanguage\":\"en-GB\",\"@id\":\"https:\\\/\\\/unaymilletras.com\\\/chuty-se-corona-en-la-final-internacional-de-red-bull-batalla-2023\\\/#primaryimage\",\"url\":\"https:\\\/\\\/unaymilletras.com\\\/wp-content\\\/uploads\\\/2023\\\/12\\\/chuty-2.jpeg\",\"contentUrl\":\"https:\\\/\\\/unaymilletras.com\\\/wp-content\\\/uploads\\\/2023\\\/12\\\/chuty-2.jpeg\",\"width\":596,\"height\":605},{\"@type\":\"BreadcrumbList\",\"@id\":\"https:\\\/\\\/unaymilletras.com\\\/chuty-se-corona-en-la-final-internacional-de-red-bull-batalla-2023\\\/#breadcrumb\",\"itemListElement\":[{\"@type\":\"ListItem\",\"position\":1,\"name\":\"Home\",\"item\":\"http:\\\/\\\/unaymilletras.com\\\/\"},{\"@type\":\"ListItem\",\"position\":2,\"name\":\"Chuty se corona en la Final Internacional de Red Bull Batalla 2023\"}]},{\"@type\":\"WebSite\",\"@id\":\"http:\\\/\\\/unaymilletras.com\\\/#website\",\"url\":\"http:\\\/\\\/unaymilletras.com\\\/\",\"name\":\"Una y Mil Letras\",\"description\":\"\",\"publisher\":{\"@id\":\"http:\\\/\\\/unaymilletras.com\\\/#organization\"},\"potentialAction\":[{\"@type\":\"SearchAction\",\"target\":{\"@type\":\"EntryPoint\",\"urlTemplate\":\"http:\\\/\\\/unaymilletras.com\\\/?s={search_term_string}\"},\"query-input\":{\"@type\":\"PropertyValueSpecification\",\"valueRequired\":true,\"valueName\":\"search_term_string\"}}],\"inLanguage\":\"en-GB\"},{\"@type\":\"Organization\",\"@id\":\"http:\\\/\\\/unaymilletras.com\\\/#organization\",\"name\":\"Una y Mil Letras\",\"url\":\"http:\\\/\\\/unaymilletras.com\\\/\",\"logo\":{\"@type\":\"ImageObject\",\"inLanguage\":\"en-GB\",\"@id\":\"http:\\\/\\\/unaymilletras.com\\\/#\\\/schema\\\/logo\\\/image\\\/\",\"url\":\"https:\\\/\\\/unaymilletras.com\\\/wp-content\\\/uploads\\\/2024\\\/06\\\/cropped-Logo-removebg-preview.png\",\"contentUrl\":\"https:\\\/\\\/unaymilletras.com\\\/wp-content\\\/uploads\\\/2024\\\/06\\\/cropped-Logo-removebg-preview.png\",\"width\":512,\"height\":512,\"caption\":\"Una y Mil Letras\"},\"image\":{\"@id\":\"http:\\\/\\\/unaymilletras.com\\\/#\\\/schema\\\/logo\\\/image\\\/\"},\"sameAs\":[\"https:\\\/\\\/x.com\\\/UnaYMilLetras\",\"https:\\\/\\\/instagram.com\\\/UnaYMilLetras\"]},{\"@type\":\"Person\",\"@id\":\"http:\\\/\\\/unaymilletras.com\\\/#\\\/schema\\\/person\\\/d55ba681b8a4e463d8982dbe36a5dc94\",\"name\":\"Maria Gil Robledo\",\"image\":{\"@type\":\"ImageObject\",\"inLanguage\":\"en-GB\",\"@id\":\"https:\\\/\\\/secure.gravatar.com\\\/avatar\\\/4b8e5102e0015789407eb4870b12f0f2857952d83ca124058f92b764bd1840c3?s=96&d=mm&r=g\",\"url\":\"https:\\\/\\\/secure.gravatar.com\\\/avatar\\\/4b8e5102e0015789407eb4870b12f0f2857952d83ca124058f92b764bd1840c3?s=96&d=mm&r=g\",\"contentUrl\":\"https:\\\/\\\/secure.gravatar.com\\\/avatar\\\/4b8e5102e0015789407eb4870b12f0f2857952d83ca124058f92b764bd1840c3?s=96&d=mm&r=g\",\"caption\":\"Maria Gil Robledo\"},\"sameAs\":[\"http:\\\/\\\/unaymilletras.com\"],\"url\":\"https:\\\/\\\/unaymilletras.com\\\/en\\\/author\\\/mariiagiil02_\\\/\"}]}<\/script>\n<!-- \/ Yoast SEO plugin. -->","yoast_head_json":{"title":"Chuty se corona en la Final Internacional de Red Bull Batalla 2023","robots":{"index":"index","follow":"follow","max-snippet":"max-snippet:-1","max-image-preview":"max-image-preview:large","max-video-preview":"max-video-preview:-1"},"canonical":"https:\/\/unaymilletras.com\/en\/chuty-se-corona-en-la-final-internacional-de-red-bull-batalla-2023\/","og_locale":"en_GB","og_type":"article","og_title":"Chuty se corona en la Final Internacional de Red Bull Batalla 2023","og_description":"El madrile\u00f1o Chuty viaj\u00f3 hasta Bogot\u00e1 para hacerse con el t\u00edtulo de mejor freestyler del a\u00f1o y poner fin a su carrera El d\u00eda esperado para el freestyle en espa\u00f1ol ha llegado a su punto culminante con un resultado extraordinario. Chuty\u00a0ha dejado su huella en la historia del rap improvisado al ganar el Cintur\u00f3n de [&hellip;]","og_url":"https:\/\/unaymilletras.com\/en\/chuty-se-corona-en-la-final-internacional-de-red-bull-batalla-2023\/","og_site_name":"Una y Mil Letras","article_published_time":"2023-12-05T15:32:18+00:00","article_modified_time":"2023-12-05T15:32:21+00:00","og_image":[{"width":596,"height":605,"url":"http:\/\/unaymilletras.com\/wp-content\/uploads\/2023\/12\/chuty-2.jpeg","type":"image\/jpeg"}],"author":"Maria Gil Robledo","twitter_card":"summary_large_image","twitter_creator":"@UnaYMilLetras","twitter_site":"@UnaYMilLetras","twitter_misc":{"Written by":"Maria Gil Robledo","Estimated reading time":"2 minutes"},"schema":{"@context":"https:\/\/schema.org","@graph":[{"@type":"Article","@id":"https:\/\/unaymilletras.com\/chuty-se-corona-en-la-final-internacional-de-red-bull-batalla-2023\/#article","isPartOf":{"@id":"https:\/\/unaymilletras.com\/chuty-se-corona-en-la-final-internacional-de-red-bull-batalla-2023\/"},"author":{"name":"Maria Gil Robledo","@id":"http:\/\/unaymilletras.com\/#\/schema\/person\/d55ba681b8a4e463d8982dbe36a5dc94"},"headline":"Chuty se corona en la Final Internacional de Red Bull Batalla 2023","datePublished":"2023-12-05T15:32:18+00:00","dateModified":"2023-12-05T15:32:21+00:00","mainEntityOfPage":{"@id":"https:\/\/unaymilletras.com\/chuty-se-corona-en-la-final-internacional-de-red-bull-batalla-2023\/"},"wordCount":305,"commentCount":0,"publisher":{"@id":"http:\/\/unaymilletras.com\/#organization"},"image":{"@id":"https:\/\/unaymilletras.com\/chuty-se-corona-en-la-final-internacional-de-red-bull-batalla-2023\/#primaryimage"},"thumbnailUrl":"https:\/\/unaymilletras.com\/wp-content\/uploads\/2023\/12\/chuty-2.jpeg","articleSection":["M\u00fasica"],"inLanguage":"en-GB","potentialAction":[{"@type":"CommentAction","name":"Comment","target":["https:\/\/unaymilletras.com\/chuty-se-corona-en-la-final-internacional-de-red-bull-batalla-2023\/#respond"]}]},{"@type":"WebPage","@id":"https:\/\/unaymilletras.com\/chuty-se-corona-en-la-final-internacional-de-red-bull-batalla-2023\/","url":"https:\/\/unaymilletras.com\/chuty-se-corona-en-la-final-internacional-de-red-bull-batalla-2023\/","name":"Chuty se corona en la Final Internacional de Red Bull Batalla 2023","isPartOf":{"@id":"http:\/\/unaymilletras.com\/#website"},"primaryImageOfPage":{"@id":"https:\/\/unaymilletras.com\/chuty-se-corona-en-la-final-internacional-de-red-bull-batalla-2023\/#primaryimage"},"image":{"@id":"https:\/\/unaymilletras.com\/chuty-se-corona-en-la-final-internacional-de-red-bull-batalla-2023\/#primaryimage"},"thumbnailUrl":"https:\/\/unaymilletras.com\/wp-content\/uploads\/2023\/12\/chuty-2.jpeg","datePublished":"2023-12-05T15:32:18+00:00","dateModified":"2023-12-05T15:32:21+00:00","breadcrumb":{"@id":"https:\/\/unaymilletras.com\/chuty-se-corona-en-la-final-internacional-de-red-bull-batalla-2023\/#breadcrumb"},"inLanguage":"en-GB","potentialAction":[{"@type":"ReadAction","target":["https:\/\/unaymilletras.com\/chuty-se-corona-en-la-final-internacional-de-red-bull-batalla-2023\/"]}]},{"@type":"ImageObject","inLanguage":"en-GB","@id":"https:\/\/unaymilletras.com\/chuty-se-corona-en-la-final-internacional-de-red-bull-batalla-2023\/#primaryimage","url":"https:\/\/unaymilletras.com\/wp-content\/uploads\/2023\/12\/chuty-2.jpeg","contentUrl":"https:\/\/unaymilletras.com\/wp-content\/uploads\/2023\/12\/chuty-2.jpeg","width":596,"height":605},{"@type":"BreadcrumbList","@id":"https:\/\/unaymilletras.com\/chuty-se-corona-en-la-final-internacional-de-red-bull-batalla-2023\/#breadcrumb","itemListElement":[{"@type":"ListItem","position":1,"name":"Home","item":"http:\/\/unaymilletras.com\/"},{"@type":"ListItem","position":2,"name":"Chuty se corona en la Final Internacional de Red Bull Batalla 2023"}]},{"@type":"WebSite","@id":"http:\/\/unaymilletras.com\/#website","url":"http:\/\/unaymilletras.com\/","name":"Una y Mil Letras","description":"","publisher":{"@id":"http:\/\/unaymilletras.com\/#organization"},"potentialAction":[{"@type":"SearchAction","target":{"@type":"EntryPoint","urlTemplate":"http:\/\/unaymilletras.com\/?s={search_term_string}"},"query-input":{"@type":"PropertyValueSpecification","valueRequired":true,"valueName":"search_term_string"}}],"inLanguage":"en-GB"},{"@type":"Organization","@id":"http:\/\/unaymilletras.com\/#organization","name":"Una y Mil Letras","url":"http:\/\/unaymilletras.com\/","logo":{"@type":"ImageObject","inLanguage":"en-GB","@id":"http:\/\/unaymilletras.com\/#\/schema\/logo\/image\/","url":"https:\/\/unaymilletras.com\/wp-content\/uploads\/2024\/06\/cropped-Logo-removebg-preview.png","contentUrl":"https:\/\/unaymilletras.com\/wp-content\/uploads\/2024\/06\/cropped-Logo-removebg-preview.png","width":512,"height":512,"caption":"Una y Mil Letras"},"image":{"@id":"http:\/\/unaymilletras.com\/#\/schema\/logo\/image\/"},"sameAs":["https:\/\/x.com\/UnaYMilLetras","https:\/\/instagram.com\/UnaYMilLetras"]},{"@type":"Person","@id":"http:\/\/unaymilletras.com\/#\/schema\/person\/d55ba681b8a4e463d8982dbe36a5dc94","name":"Maria Gil Robledo","image":{"@type":"ImageObject","inLanguage":"en-GB","@id":"https:\/\/secure.gravatar.com\/avatar\/4b8e5102e0015789407eb4870b12f0f2857952d83ca124058f92b764bd1840c3?s=96&d=mm&r=g","url":"https:\/\/secure.gravatar.com\/avatar\/4b8e5102e0015789407eb4870b12f0f2857952d83ca124058f92b764bd1840c3?s=96&d=mm&r=g","contentUrl":"https:\/\/secure.gravatar.com\/avatar\/4b8e5102e0015789407eb4870b12f0f2857952d83ca124058f92b764bd1840c3?s=96&d=mm&r=g","caption":"Maria Gil Robledo"},"sameAs":["http:\/\/unaymilletras.com"],"url":"https:\/\/unaymilletras.com\/en\/author\/mariiagiil02_\/"}]}},"_links":{"self":[{"href":"https:\/\/unaymilletras.com\/en\/wp-json\/wp\/v2\/posts\/1733","targetHints":{"allow":["GET"]}}],"collection":[{"href":"https:\/\/unaymilletras.com\/en\/wp-json\/wp\/v2\/posts"}],"about":[{"href":"https:\/\/unaymilletras.com\/en\/wp-json\/wp\/v2\/types\/post"}],"author":[{"embeddable":true,"href":"https:\/\/unaymilletras.com\/en\/wp-json\/wp\/v2\/users\/1"}],"replies":[{"embeddable":true,"href":"https:\/\/unaymilletras.com\/en\/wp-json\/wp\/v2\/comments?post=1733"}],"version-history":[{"count":5,"href":"https:\/\/unaymilletras.com\/en\/wp-json\/wp\/v2\/posts\/1733\/revisions"}],"predecessor-version":[{"id":1740,"href":"https:\/\/unaymilletras.com\/en\/wp-json\/wp\/v2\/posts\/1733\/revisions\/1740"}],"wp:featuredmedia":[{"embeddable":true,"href":"https:\/\/unaymilletras.com\/en\/wp-json\/wp\/v2\/media\/1737"}],"wp:attachment":[{"href":"https:\/\/unaymilletras.com\/en\/wp-json\/wp\/v2\/media?parent=1733"}],"wp:term":[{"taxonomy":"category","embeddable":true,"href":"https:\/\/unaymilletras.com\/en\/wp-json\/wp\/v2\/categories?post=1733"},{"taxonomy":"post_tag","embeddable":true,"href":"https:\/\/unaymilletras.com\/en\/wp-json\/wp\/v2\/tags?post=1733"}],"curies":[{"name":"wp","href":"https:\/\/api.w.org\/{rel}","templated":true}]}}