{"id":1763,"date":"2023-12-11T20:02:11","date_gmt":"2023-12-11T19:02:11","guid":{"rendered":"https:\/\/unaymilletras.com\/?p=1763"},"modified":"2023-12-12T12:10:58","modified_gmt":"2023-12-12T11:10:58","slug":"karol-g-anuncia-su-gira-manana-sera-bonito-debutando-por-europa-a-lo-grande","status":"publish","type":"post","link":"https:\/\/unaymilletras.com\/en\/karol-g-anuncia-su-gira-manana-sera-bonito-debutando-por-europa-a-lo-grande\/","title":{"rendered":"KAROL G anuncia su gira \u00abMA\u00d1ANA SER\u00c1 BONITO\u00bb que pasar\u00e1 por el Santiago Bernab\u00e9u"},"content":{"rendered":"<div data-elementor-type=\"wp-post\" data-elementor-id=\"1763\" class=\"elementor elementor-1763\">\n\t\t\t\t\t\t<section class=\"elementor-section elementor-top-section elementor-element elementor-element-36816dd elementor-section-boxed elementor-section-height-default elementor-section-height-default\" data-id=\"36816dd\" data-element_type=\"section\" data-e-type=\"section\">\n\t\t\t\t\t\t<div class=\"elementor-container elementor-column-gap-default\">\n\t\t\t\t\t<div class=\"elementor-column elementor-col-100 elementor-top-column elementor-element elementor-element-2b6dad0\" data-id=\"2b6dad0\" data-element_type=\"column\" data-e-type=\"column\">\n\t\t\t<div class=\"elementor-widget-wrap elementor-element-populated\">\n\t\t\t\t\t\t<div class=\"elementor-element elementor-element-39fbd9c elementor-widget elementor-widget-text-editor\" data-id=\"39fbd9c\" data-element_type=\"widget\" data-e-type=\"widget\" data-widget_type=\"text-editor.default\">\n\t\t\t\t<div class=\"elementor-widget-container\">\n\t\t\t\t\t\t\t\t\t<h2><span style=\"color: #808080;\"><em>La colombiana Karol G llegar\u00e1 a Europa con su \u00abMa\u00f1ana Ser\u00e1 Bonito Tour\u00bb, actuando en estadios y recintos ic\u00f3nicos entre junio y julio\u00a0<\/em><\/span><\/h2>\t\t\t\t\t\t\t\t<\/div>\n\t\t\t\t<\/div>\n\t\t\t\t\t<\/div>\n\t\t<\/div>\n\t\t\t\t\t<\/div>\n\t\t<\/section>\n\t\t\t\t<section class=\"elementor-section elementor-top-section elementor-element elementor-element-5355a2c elementor-section-boxed elementor-section-height-default elementor-section-height-default\" data-id=\"5355a2c\" data-element_type=\"section\" data-e-type=\"section\">\n\t\t\t\t\t\t<div class=\"elementor-container elementor-column-gap-default\">\n\t\t\t\t\t<div class=\"elementor-column elementor-col-100 elementor-top-column elementor-element elementor-element-cf2ddd0\" data-id=\"cf2ddd0\" data-element_type=\"column\" data-e-type=\"column\">\n\t\t\t<div class=\"elementor-widget-wrap elementor-element-populated\">\n\t\t\t\t\t\t<div class=\"elementor-element elementor-element-a96a4ed elementor-widget elementor-widget-text-editor\" data-id=\"a96a4ed\" data-element_type=\"widget\" data-e-type=\"widget\" data-widget_type=\"text-editor.default\">\n\t\t\t\t<div class=\"elementor-widget-container\">\n\t\t\t\t\t\t\t\t\t<p><span style=\"color: #808080;\"><b>Karol G<\/b>, la galardonada artista global, ha revelado emocionantes planes para su <i>Ma\u00f1ana Ser\u00e1 Bonito Tour<\/i>, una gira que abarcar\u00e1 10 ciudades en nueve pa\u00edses europeos. La gira comenzar\u00e1 el 8 de junio en <b>Z\u00farich<\/b>, <b>Suiza<\/b>, y contar\u00e1 con paradas en ciudades como <b>Colonia<\/b>, <b>\u00c1msterdam<\/b>, <b>Londres<\/b>, <b>Par\u00eds<\/b>, <b>Mil\u00e1n<\/b>, <b>Amberes<\/b>, <b>Berl\u00edn<\/b> y <b>Lisboa<\/b>. La gira terminar\u00e1 en el <b><a style=\"color: #808080;\" href=\"https:\/\/unaymilletras.com\/en\/aitana-hace-historia-anunciando-su-concierto-en-el-santiago-bernabeu\/\">Estadio Santiago Bernab\u00e9u <\/a>de Madrid el 20 de julio.<\/b><\/span><\/p>\t\t\t\t\t\t\t\t<\/div>\n\t\t\t\t<\/div>\n\t\t\t\t\t<\/div>\n\t\t<\/div>\n\t\t\t\t\t<\/div>\n\t\t<\/section>\n\t\t\t\t<section class=\"elementor-section elementor-top-section elementor-element elementor-element-38dd3f3 elementor-section-boxed elementor-section-height-default elementor-section-height-default\" data-id=\"38dd3f3\" data-element_type=\"section\" data-e-type=\"section\">\n\t\t\t\t\t\t<div class=\"elementor-container elementor-column-gap-default\">\n\t\t\t\t\t<div class=\"elementor-column elementor-col-100 elementor-top-column elementor-element elementor-element-14d6d7f\" data-id=\"14d6d7f\" data-element_type=\"column\" data-e-type=\"column\">\n\t\t\t<div class=\"elementor-widget-wrap elementor-element-populated\">\n\t\t\t\t\t\t<div class=\"elementor-element elementor-element-6ac2962 elementor-widget elementor-widget-image\" data-id=\"6ac2962\" data-element_type=\"widget\" data-e-type=\"widget\" data-widget_type=\"image.default\">\n\t\t\t\t<div class=\"elementor-widget-container\">\n\t\t\t\t\t\t\t\t\t\t\t\t\t\t\t<img fetchpriority=\"high\" decoding=\"async\" width=\"640\" height=\"640\" src=\"https:\/\/unaymilletras.com\/wp-content\/uploads\/2023\/12\/karol-G-1024x1024.jpeg\" class=\"attachment-large size-large wp-image-1769\" alt=\"Karol G\" srcset=\"https:\/\/unaymilletras.com\/wp-content\/uploads\/2023\/12\/karol-G-1024x1024.jpeg 1024w, https:\/\/unaymilletras.com\/wp-content\/uploads\/2023\/12\/karol-G-300x300.jpeg 300w, https:\/\/unaymilletras.com\/wp-content\/uploads\/2023\/12\/karol-G-150x150.jpeg 150w, https:\/\/unaymilletras.com\/wp-content\/uploads\/2023\/12\/karol-G-768x768.jpeg 768w, https:\/\/unaymilletras.com\/wp-content\/uploads\/2023\/12\/karol-G-e1702320975816.jpeg 600w\" sizes=\"(max-width: 640px) 100vw, 640px\" \/>\t\t\t\t\t\t\t\t\t\t\t\t\t\t\t<\/div>\n\t\t\t\t<\/div>\n\t\t\t\t\t<\/div>\n\t\t<\/div>\n\t\t\t\t\t<\/div>\n\t\t<\/section>\n\t\t\t\t<section class=\"elementor-section elementor-top-section elementor-element elementor-element-e4e55ba elementor-section-boxed elementor-section-height-default elementor-section-height-default\" data-id=\"e4e55ba\" data-element_type=\"section\" data-e-type=\"section\">\n\t\t\t\t\t\t<div class=\"elementor-container elementor-column-gap-default\">\n\t\t\t\t\t<div class=\"elementor-column elementor-col-100 elementor-top-column elementor-element elementor-element-7714716\" data-id=\"7714716\" data-element_type=\"column\" data-e-type=\"column\">\n\t\t\t<div class=\"elementor-widget-wrap elementor-element-populated\">\n\t\t\t\t\t\t<div class=\"elementor-element elementor-element-1c24131 elementor-widget elementor-widget-text-editor\" data-id=\"1c24131\" data-element_type=\"widget\" data-e-type=\"widget\" data-widget_type=\"text-editor.default\">\n\t\t\t\t<div class=\"elementor-widget-container\">\n\t\t\t\t\t\t\t\t\t<p>Este anuncio llega despu\u00e9s de un a\u00f1o hist\u00f3rico para Karol G, quien se ha destacado como la primera artista femenina en alcanzar el <b>n\u00famero 1 del Billboard<\/b> Top 200 con un \u00e1lbum en espa\u00f1ol. La estrella ha recaudado casi 135 millones de euros con 843.000 entradas vendidas en solo 18 conciertos y ha sido honrada con m\u00faltiples premios, incluidos <b>Latin GRAMMY<\/b> y reconocimientos en festivales y galas internacionales.<\/p><p>Las entradas estar\u00e1n disponibles en una preventa exclusiva para <b>clientes Santander SMusic el 13 de diciembre<\/b>, seguida de una <b>preventa exclusiva de Live Nation el 14 de diciembre<\/b>. La <b>venta general<\/b> abrir\u00e1 el <b>15 de diciembre a las 10:00h<\/b> en <b>livenation.es<\/b>, <span style=\"color: #808080;\"><a style=\"color: #808080;\" href=\"https:\/\/www.ticketmaster.es\/\"><b>Ticketmaster<\/b><\/a><\/span> y <b>El Corte Ingl\u00e9s<\/b>.<\/p>\t\t\t\t\t\t\t\t<\/div>\n\t\t\t\t<\/div>\n\t\t\t\t\t<\/div>\n\t\t<\/div>\n\t\t\t\t\t<\/div>\n\t\t<\/section>\n\t\t\t\t<section class=\"elementor-section elementor-top-section elementor-element elementor-element-692ddbe elementor-section-boxed elementor-section-height-default elementor-section-height-default\" data-id=\"692ddbe\" data-element_type=\"section\" data-e-type=\"section\">\n\t\t\t\t\t\t<div class=\"elementor-container elementor-column-gap-default\">\n\t\t\t\t\t<div class=\"elementor-column elementor-col-100 elementor-top-column elementor-element elementor-element-ada5885\" data-id=\"ada5885\" data-element_type=\"column\" data-e-type=\"column\">\n\t\t\t<div class=\"elementor-widget-wrap elementor-element-populated\">\n\t\t\t\t\t\t<div class=\"elementor-element elementor-element-7aafeed elementor-widget elementor-widget-text-editor\" data-id=\"7aafeed\" data-element_type=\"widget\" data-e-type=\"widget\" data-widget_type=\"text-editor.default\">\n\t\t\t\t<div class=\"elementor-widget-container\">\n\t\t\t\t\t\t\t\t\t<p><strong>Ma\u00f1ana Ser\u00e1 Bonito 2024 &#8211; Fechas:<\/strong><\/p><p>08 Junio 2024: Z\u00farich, Suiza &#8211; Hallenstadion<br \/>11 Junio 2024: Colonia, Alemania &#8211; Lanxess Arena<br \/>14 Junio 2024: \u00c1msterdam, Pa\u00edses Bajos &#8211; Ziggo Dome<br \/>18 Junio 2024: Londres, Reino Unido &#8211; The O2<br \/>22 Junio 2024: Par\u00eds, Francia &#8211; Accor Arena<br \/>25 Junio 2024: Mil\u00e1n, Italia &#8211; Mediolanum Forum<br \/>29 Junio 2024: Amberes, B\u00e9lgica &#8211; Sportpaleis<br \/>02 Julio 2024: Berl\u00edn, Alemania &#8211; Mercedes-Benz Arena<br \/>07 Julio 2024: Lisboa, Portugal &#8211; Altice Arena<br \/>20 Julio 2024: Madrid, Espa\u00f1a &#8211; Estadio Santiago Bernab\u00e9u<\/p>\t\t\t\t\t\t\t\t<\/div>\n\t\t\t\t<\/div>\n\t\t\t\t\t<\/div>\n\t\t<\/div>\n\t\t\t\t\t<\/div>\n\t\t<\/section>\n\t\t\t\t<section class=\"elementor-section elementor-top-section elementor-element elementor-element-92445b9 elementor-section-boxed elementor-section-height-default elementor-section-height-default\" data-id=\"92445b9\" data-element_type=\"section\" data-e-type=\"section\">\n\t\t\t\t\t\t<div class=\"elementor-container elementor-column-gap-default\">\n\t\t\t\t\t<div class=\"elementor-column elementor-col-100 elementor-top-column elementor-element elementor-element-ef314fe\" data-id=\"ef314fe\" data-element_type=\"column\" data-e-type=\"column\">\n\t\t\t<div class=\"elementor-widget-wrap elementor-element-populated\">\n\t\t\t\t\t\t<div class=\"elementor-element elementor-element-15b56fa elementor-widget elementor-widget-text-editor\" data-id=\"15b56fa\" data-element_type=\"widget\" data-e-type=\"widget\" data-widget_type=\"text-editor.default\">\n\t\t\t\t<div class=\"elementor-widget-container\">\n\t\t\t\t\t\t\t\t\t<p>Karol G, con <b>77 mil millones de streams combinados<\/b> y una exitosa carrera, contin\u00faa siendo una fuerza l\u00edder en la m\u00fasica latina, prometiendo llevar su inigualable show a los escenarios europeos con una experiencia \u00fanica para sus fans.<\/p>\t\t\t\t\t\t\t\t<\/div>\n\t\t\t\t<\/div>\n\t\t\t\t\t<\/div>\n\t\t<\/div>\n\t\t\t\t\t<\/div>\n\t\t<\/section>\n\t\t\t\t<\/div>","protected":false},"excerpt":{"rendered":"<p>La colombiana Karol G llegar\u00e1 a Europa con su \u00abMa\u00f1ana Ser\u00e1 Bonito Tour\u00bb, actuando en estadios y recintos ic\u00f3nicos entre junio y julio\u00a0 Karol G, la galardonada artista global, ha revelado emocionantes planes para su Ma\u00f1ana Ser\u00e1 Bonito Tour, una gira que abarcar\u00e1 10 ciudades en nueve pa\u00edses europeos. La gira comenzar\u00e1 el 8 de [&hellip;]<\/p>\n","protected":false},"author":1,"featured_media":1769,"comment_status":"open","ping_status":"open","sticky":false,"template":"","format":"standard","meta":{"footnotes":""},"categories":[119,4],"tags":[],"class_list":["post-1763","post","type-post","status-publish","format-standard","has-post-thumbnail","hentry","category-eventos","category-musica"],"yoast_head":"<!-- This site is optimized with the Yoast SEO plugin v27.4 - https:\/\/yoast.com\/product\/yoast-seo-wordpress\/ -->\n<title>KAROL G anuncia su gira &quot;MA\u00d1ANA SER\u00c1 BONITO&quot; que pasar\u00e1 por el Santiago Bernab\u00e9u<\/title>\n<meta name=\"description\" content=\"La colombiana Karol G llegar\u00e1 a Europa con su &quot;Ma\u00f1ana Ser\u00e1 Bonito Tour&quot;, actuando en estadios y recintos ic\u00f3nicos entre junio y julio\" \/>\n<meta name=\"robots\" content=\"index, follow, max-snippet:-1, max-image-preview:large, max-video-preview:-1\" \/>\n<link rel=\"canonical\" href=\"https:\/\/unaymilletras.com\/en\/karol-g-anuncia-su-gira-manana-sera-bonito-debutando-por-europa-a-lo-grande\/\" \/>\n<meta property=\"og:locale\" content=\"en_GB\" \/>\n<meta property=\"og:type\" content=\"article\" \/>\n<meta property=\"og:title\" content=\"KAROL G anuncia su gira &quot;MA\u00d1ANA SER\u00c1 BONITO&quot; que pasar\u00e1 por el Santiago Bernab\u00e9u\" \/>\n<meta property=\"og:description\" content=\"La colombiana Karol G llegar\u00e1 a Europa con su &quot;Ma\u00f1ana Ser\u00e1 Bonito Tour&quot;, actuando en estadios y recintos ic\u00f3nicos entre junio y julio\" \/>\n<meta property=\"og:url\" content=\"https:\/\/unaymilletras.com\/en\/karol-g-anuncia-su-gira-manana-sera-bonito-debutando-por-europa-a-lo-grande\/\" \/>\n<meta property=\"og:site_name\" content=\"Una y Mil Letras\" \/>\n<meta property=\"article:published_time\" content=\"2023-12-11T19:02:11+00:00\" \/>\n<meta property=\"article:modified_time\" content=\"2023-12-12T11:10:58+00:00\" \/>\n<meta property=\"og:image\" content=\"http:\/\/unaymilletras.com\/wp-content\/uploads\/2023\/12\/karol-G-e1702320975816.jpeg\" \/>\n\t<meta property=\"og:image:width\" content=\"600\" \/>\n\t<meta property=\"og:image:height\" content=\"600\" \/>\n\t<meta property=\"og:image:type\" content=\"image\/jpeg\" \/>\n<meta name=\"author\" content=\"Maria Gil Robledo\" \/>\n<meta name=\"twitter:card\" content=\"summary_large_image\" \/>\n<meta name=\"twitter:creator\" content=\"@UnaYMilLetras\" \/>\n<meta name=\"twitter:site\" content=\"@UnaYMilLetras\" \/>\n<meta name=\"twitter:label1\" content=\"Written by\" \/>\n\t<meta name=\"twitter:data1\" content=\"Maria Gil Robledo\" \/>\n\t<meta name=\"twitter:label2\" content=\"Estimated reading time\" \/>\n\t<meta name=\"twitter:data2\" content=\"2 minutes\" \/>\n<script type=\"application\/ld+json\" class=\"yoast-schema-graph\">{\"@context\":\"https:\\\/\\\/schema.org\",\"@graph\":[{\"@type\":\"Article\",\"@id\":\"https:\\\/\\\/unaymilletras.com\\\/karol-g-anuncia-su-gira-manana-sera-bonito-debutando-por-europa-a-lo-grande\\\/#article\",\"isPartOf\":{\"@id\":\"https:\\\/\\\/unaymilletras.com\\\/karol-g-anuncia-su-gira-manana-sera-bonito-debutando-por-europa-a-lo-grande\\\/\"},\"author\":{\"name\":\"Maria Gil Robledo\",\"@id\":\"http:\\\/\\\/unaymilletras.com\\\/#\\\/schema\\\/person\\\/d55ba681b8a4e463d8982dbe36a5dc94\"},\"headline\":\"KAROL G anuncia su gira \u00abMA\u00d1ANA SER\u00c1 BONITO\u00bb que pasar\u00e1 por el Santiago Bernab\u00e9u\",\"datePublished\":\"2023-12-11T19:02:11+00:00\",\"dateModified\":\"2023-12-12T11:10:58+00:00\",\"mainEntityOfPage\":{\"@id\":\"https:\\\/\\\/unaymilletras.com\\\/karol-g-anuncia-su-gira-manana-sera-bonito-debutando-por-europa-a-lo-grande\\\/\"},\"wordCount\":341,\"commentCount\":0,\"publisher\":{\"@id\":\"http:\\\/\\\/unaymilletras.com\\\/#organization\"},\"image\":{\"@id\":\"https:\\\/\\\/unaymilletras.com\\\/karol-g-anuncia-su-gira-manana-sera-bonito-debutando-por-europa-a-lo-grande\\\/#primaryimage\"},\"thumbnailUrl\":\"https:\\\/\\\/unaymilletras.com\\\/wp-content\\\/uploads\\\/2023\\\/12\\\/karol-G-e1702320975816.jpeg\",\"articleSection\":[\"Eventos\",\"M\u00fasica\"],\"inLanguage\":\"en-GB\",\"potentialAction\":[{\"@type\":\"CommentAction\",\"name\":\"Comment\",\"target\":[\"https:\\\/\\\/unaymilletras.com\\\/karol-g-anuncia-su-gira-manana-sera-bonito-debutando-por-europa-a-lo-grande\\\/#respond\"]}]},{\"@type\":\"WebPage\",\"@id\":\"https:\\\/\\\/unaymilletras.com\\\/karol-g-anuncia-su-gira-manana-sera-bonito-debutando-por-europa-a-lo-grande\\\/\",\"url\":\"https:\\\/\\\/unaymilletras.com\\\/karol-g-anuncia-su-gira-manana-sera-bonito-debutando-por-europa-a-lo-grande\\\/\",\"name\":\"KAROL G anuncia su gira \\\"MA\u00d1ANA SER\u00c1 BONITO\\\" que pasar\u00e1 por el Santiago Bernab\u00e9u\",\"isPartOf\":{\"@id\":\"http:\\\/\\\/unaymilletras.com\\\/#website\"},\"primaryImageOfPage\":{\"@id\":\"https:\\\/\\\/unaymilletras.com\\\/karol-g-anuncia-su-gira-manana-sera-bonito-debutando-por-europa-a-lo-grande\\\/#primaryimage\"},\"image\":{\"@id\":\"https:\\\/\\\/unaymilletras.com\\\/karol-g-anuncia-su-gira-manana-sera-bonito-debutando-por-europa-a-lo-grande\\\/#primaryimage\"},\"thumbnailUrl\":\"https:\\\/\\\/unaymilletras.com\\\/wp-content\\\/uploads\\\/2023\\\/12\\\/karol-G-e1702320975816.jpeg\",\"datePublished\":\"2023-12-11T19:02:11+00:00\",\"dateModified\":\"2023-12-12T11:10:58+00:00\",\"description\":\"La colombiana Karol G llegar\u00e1 a Europa con su \\\"Ma\u00f1ana Ser\u00e1 Bonito Tour\\\", actuando en estadios y recintos ic\u00f3nicos entre junio y julio\",\"breadcrumb\":{\"@id\":\"https:\\\/\\\/unaymilletras.com\\\/karol-g-anuncia-su-gira-manana-sera-bonito-debutando-por-europa-a-lo-grande\\\/#breadcrumb\"},\"inLanguage\":\"en-GB\",\"potentialAction\":[{\"@type\":\"ReadAction\",\"target\":[\"https:\\\/\\\/unaymilletras.com\\\/karol-g-anuncia-su-gira-manana-sera-bonito-debutando-por-europa-a-lo-grande\\\/\"]}]},{\"@type\":\"ImageObject\",\"inLanguage\":\"en-GB\",\"@id\":\"https:\\\/\\\/unaymilletras.com\\\/karol-g-anuncia-su-gira-manana-sera-bonito-debutando-por-europa-a-lo-grande\\\/#primaryimage\",\"url\":\"https:\\\/\\\/unaymilletras.com\\\/wp-content\\\/uploads\\\/2023\\\/12\\\/karol-G-e1702320975816.jpeg\",\"contentUrl\":\"https:\\\/\\\/unaymilletras.com\\\/wp-content\\\/uploads\\\/2023\\\/12\\\/karol-G-e1702320975816.jpeg\",\"width\":600,\"height\":600,\"caption\":\"Karol G\"},{\"@type\":\"BreadcrumbList\",\"@id\":\"https:\\\/\\\/unaymilletras.com\\\/karol-g-anuncia-su-gira-manana-sera-bonito-debutando-por-europa-a-lo-grande\\\/#breadcrumb\",\"itemListElement\":[{\"@type\":\"ListItem\",\"position\":1,\"name\":\"Home\",\"item\":\"http:\\\/\\\/unaymilletras.com\\\/\"},{\"@type\":\"ListItem\",\"position\":2,\"name\":\"KAROL G anuncia su gira \u00abMA\u00d1ANA SER\u00c1 BONITO\u00bb que pasar\u00e1 por el Santiago Bernab\u00e9u\"}]},{\"@type\":\"WebSite\",\"@id\":\"http:\\\/\\\/unaymilletras.com\\\/#website\",\"url\":\"http:\\\/\\\/unaymilletras.com\\\/\",\"name\":\"Una y Mil Letras\",\"description\":\"\",\"publisher\":{\"@id\":\"http:\\\/\\\/unaymilletras.com\\\/#organization\"},\"potentialAction\":[{\"@type\":\"SearchAction\",\"target\":{\"@type\":\"EntryPoint\",\"urlTemplate\":\"http:\\\/\\\/unaymilletras.com\\\/?s={search_term_string}\"},\"query-input\":{\"@type\":\"PropertyValueSpecification\",\"valueRequired\":true,\"valueName\":\"search_term_string\"}}],\"inLanguage\":\"en-GB\"},{\"@type\":\"Organization\",\"@id\":\"http:\\\/\\\/unaymilletras.com\\\/#organization\",\"name\":\"Una y Mil Letras\",\"url\":\"http:\\\/\\\/unaymilletras.com\\\/\",\"logo\":{\"@type\":\"ImageObject\",\"inLanguage\":\"en-GB\",\"@id\":\"http:\\\/\\\/unaymilletras.com\\\/#\\\/schema\\\/logo\\\/image\\\/\",\"url\":\"https:\\\/\\\/unaymilletras.com\\\/wp-content\\\/uploads\\\/2024\\\/06\\\/cropped-Logo-removebg-preview.png\",\"contentUrl\":\"https:\\\/\\\/unaymilletras.com\\\/wp-content\\\/uploads\\\/2024\\\/06\\\/cropped-Logo-removebg-preview.png\",\"width\":512,\"height\":512,\"caption\":\"Una y Mil Letras\"},\"image\":{\"@id\":\"http:\\\/\\\/unaymilletras.com\\\/#\\\/schema\\\/logo\\\/image\\\/\"},\"sameAs\":[\"https:\\\/\\\/x.com\\\/UnaYMilLetras\",\"https:\\\/\\\/instagram.com\\\/UnaYMilLetras\"]},{\"@type\":\"Person\",\"@id\":\"http:\\\/\\\/unaymilletras.com\\\/#\\\/schema\\\/person\\\/d55ba681b8a4e463d8982dbe36a5dc94\",\"name\":\"Maria Gil Robledo\",\"image\":{\"@type\":\"ImageObject\",\"inLanguage\":\"en-GB\",\"@id\":\"https:\\\/\\\/secure.gravatar.com\\\/avatar\\\/4b8e5102e0015789407eb4870b12f0f2857952d83ca124058f92b764bd1840c3?s=96&d=mm&r=g\",\"url\":\"https:\\\/\\\/secure.gravatar.com\\\/avatar\\\/4b8e5102e0015789407eb4870b12f0f2857952d83ca124058f92b764bd1840c3?s=96&d=mm&r=g\",\"contentUrl\":\"https:\\\/\\\/secure.gravatar.com\\\/avatar\\\/4b8e5102e0015789407eb4870b12f0f2857952d83ca124058f92b764bd1840c3?s=96&d=mm&r=g\",\"caption\":\"Maria Gil Robledo\"},\"sameAs\":[\"http:\\\/\\\/unaymilletras.com\"],\"url\":\"https:\\\/\\\/unaymilletras.com\\\/en\\\/author\\\/mariiagiil02_\\\/\"}]}<\/script>\n<!-- \/ Yoast SEO plugin. -->","yoast_head_json":{"title":"KAROL G anuncia su gira \"MA\u00d1ANA SER\u00c1 BONITO\" que pasar\u00e1 por el Santiago Bernab\u00e9u","description":"La colombiana Karol G llegar\u00e1 a Europa con su \"Ma\u00f1ana Ser\u00e1 Bonito Tour\", actuando en estadios y recintos ic\u00f3nicos entre junio y julio","robots":{"index":"index","follow":"follow","max-snippet":"max-snippet:-1","max-image-preview":"max-image-preview:large","max-video-preview":"max-video-preview:-1"},"canonical":"https:\/\/unaymilletras.com\/en\/karol-g-anuncia-su-gira-manana-sera-bonito-debutando-por-europa-a-lo-grande\/","og_locale":"en_GB","og_type":"article","og_title":"KAROL G anuncia su gira \"MA\u00d1ANA SER\u00c1 BONITO\" que pasar\u00e1 por el Santiago Bernab\u00e9u","og_description":"La colombiana Karol G llegar\u00e1 a Europa con su \"Ma\u00f1ana Ser\u00e1 Bonito Tour\", actuando en estadios y recintos ic\u00f3nicos entre junio y julio","og_url":"https:\/\/unaymilletras.com\/en\/karol-g-anuncia-su-gira-manana-sera-bonito-debutando-por-europa-a-lo-grande\/","og_site_name":"Una y Mil Letras","article_published_time":"2023-12-11T19:02:11+00:00","article_modified_time":"2023-12-12T11:10:58+00:00","og_image":[{"width":600,"height":600,"url":"http:\/\/unaymilletras.com\/wp-content\/uploads\/2023\/12\/karol-G-e1702320975816.jpeg","type":"image\/jpeg"}],"author":"Maria Gil Robledo","twitter_card":"summary_large_image","twitter_creator":"@UnaYMilLetras","twitter_site":"@UnaYMilLetras","twitter_misc":{"Written by":"Maria Gil Robledo","Estimated reading time":"2 minutes"},"schema":{"@context":"https:\/\/schema.org","@graph":[{"@type":"Article","@id":"https:\/\/unaymilletras.com\/karol-g-anuncia-su-gira-manana-sera-bonito-debutando-por-europa-a-lo-grande\/#article","isPartOf":{"@id":"https:\/\/unaymilletras.com\/karol-g-anuncia-su-gira-manana-sera-bonito-debutando-por-europa-a-lo-grande\/"},"author":{"name":"Maria Gil Robledo","@id":"http:\/\/unaymilletras.com\/#\/schema\/person\/d55ba681b8a4e463d8982dbe36a5dc94"},"headline":"KAROL G anuncia su gira \u00abMA\u00d1ANA SER\u00c1 BONITO\u00bb que pasar\u00e1 por el Santiago Bernab\u00e9u","datePublished":"2023-12-11T19:02:11+00:00","dateModified":"2023-12-12T11:10:58+00:00","mainEntityOfPage":{"@id":"https:\/\/unaymilletras.com\/karol-g-anuncia-su-gira-manana-sera-bonito-debutando-por-europa-a-lo-grande\/"},"wordCount":341,"commentCount":0,"publisher":{"@id":"http:\/\/unaymilletras.com\/#organization"},"image":{"@id":"https:\/\/unaymilletras.com\/karol-g-anuncia-su-gira-manana-sera-bonito-debutando-por-europa-a-lo-grande\/#primaryimage"},"thumbnailUrl":"https:\/\/unaymilletras.com\/wp-content\/uploads\/2023\/12\/karol-G-e1702320975816.jpeg","articleSection":["Eventos","M\u00fasica"],"inLanguage":"en-GB","potentialAction":[{"@type":"CommentAction","name":"Comment","target":["https:\/\/unaymilletras.com\/karol-g-anuncia-su-gira-manana-sera-bonito-debutando-por-europa-a-lo-grande\/#respond"]}]},{"@type":"WebPage","@id":"https:\/\/unaymilletras.com\/karol-g-anuncia-su-gira-manana-sera-bonito-debutando-por-europa-a-lo-grande\/","url":"https:\/\/unaymilletras.com\/karol-g-anuncia-su-gira-manana-sera-bonito-debutando-por-europa-a-lo-grande\/","name":"KAROL G anuncia su gira \"MA\u00d1ANA SER\u00c1 BONITO\" que pasar\u00e1 por el Santiago Bernab\u00e9u","isPartOf":{"@id":"http:\/\/unaymilletras.com\/#website"},"primaryImageOfPage":{"@id":"https:\/\/unaymilletras.com\/karol-g-anuncia-su-gira-manana-sera-bonito-debutando-por-europa-a-lo-grande\/#primaryimage"},"image":{"@id":"https:\/\/unaymilletras.com\/karol-g-anuncia-su-gira-manana-sera-bonito-debutando-por-europa-a-lo-grande\/#primaryimage"},"thumbnailUrl":"https:\/\/unaymilletras.com\/wp-content\/uploads\/2023\/12\/karol-G-e1702320975816.jpeg","datePublished":"2023-12-11T19:02:11+00:00","dateModified":"2023-12-12T11:10:58+00:00","description":"La colombiana Karol G llegar\u00e1 a Europa con su \"Ma\u00f1ana Ser\u00e1 Bonito Tour\", actuando en estadios y recintos ic\u00f3nicos entre junio y julio","breadcrumb":{"@id":"https:\/\/unaymilletras.com\/karol-g-anuncia-su-gira-manana-sera-bonito-debutando-por-europa-a-lo-grande\/#breadcrumb"},"inLanguage":"en-GB","potentialAction":[{"@type":"ReadAction","target":["https:\/\/unaymilletras.com\/karol-g-anuncia-su-gira-manana-sera-bonito-debutando-por-europa-a-lo-grande\/"]}]},{"@type":"ImageObject","inLanguage":"en-GB","@id":"https:\/\/unaymilletras.com\/karol-g-anuncia-su-gira-manana-sera-bonito-debutando-por-europa-a-lo-grande\/#primaryimage","url":"https:\/\/unaymilletras.com\/wp-content\/uploads\/2023\/12\/karol-G-e1702320975816.jpeg","contentUrl":"https:\/\/unaymilletras.com\/wp-content\/uploads\/2023\/12\/karol-G-e1702320975816.jpeg","width":600,"height":600,"caption":"Karol G"},{"@type":"BreadcrumbList","@id":"https:\/\/unaymilletras.com\/karol-g-anuncia-su-gira-manana-sera-bonito-debutando-por-europa-a-lo-grande\/#breadcrumb","itemListElement":[{"@type":"ListItem","position":1,"name":"Home","item":"http:\/\/unaymilletras.com\/"},{"@type":"ListItem","position":2,"name":"KAROL G anuncia su gira \u00abMA\u00d1ANA SER\u00c1 BONITO\u00bb que pasar\u00e1 por el Santiago Bernab\u00e9u"}]},{"@type":"WebSite","@id":"http:\/\/unaymilletras.com\/#website","url":"http:\/\/unaymilletras.com\/","name":"Una y Mil Letras","description":"","publisher":{"@id":"http:\/\/unaymilletras.com\/#organization"},"potentialAction":[{"@type":"SearchAction","target":{"@type":"EntryPoint","urlTemplate":"http:\/\/unaymilletras.com\/?s={search_term_string}"},"query-input":{"@type":"PropertyValueSpecification","valueRequired":true,"valueName":"search_term_string"}}],"inLanguage":"en-GB"},{"@type":"Organization","@id":"http:\/\/unaymilletras.com\/#organization","name":"Una y Mil Letras","url":"http:\/\/unaymilletras.com\/","logo":{"@type":"ImageObject","inLanguage":"en-GB","@id":"http:\/\/unaymilletras.com\/#\/schema\/logo\/image\/","url":"https:\/\/unaymilletras.com\/wp-content\/uploads\/2024\/06\/cropped-Logo-removebg-preview.png","contentUrl":"https:\/\/unaymilletras.com\/wp-content\/uploads\/2024\/06\/cropped-Logo-removebg-preview.png","width":512,"height":512,"caption":"Una y Mil Letras"},"image":{"@id":"http:\/\/unaymilletras.com\/#\/schema\/logo\/image\/"},"sameAs":["https:\/\/x.com\/UnaYMilLetras","https:\/\/instagram.com\/UnaYMilLetras"]},{"@type":"Person","@id":"http:\/\/unaymilletras.com\/#\/schema\/person\/d55ba681b8a4e463d8982dbe36a5dc94","name":"Maria Gil Robledo","image":{"@type":"ImageObject","inLanguage":"en-GB","@id":"https:\/\/secure.gravatar.com\/avatar\/4b8e5102e0015789407eb4870b12f0f2857952d83ca124058f92b764bd1840c3?s=96&d=mm&r=g","url":"https:\/\/secure.gravatar.com\/avatar\/4b8e5102e0015789407eb4870b12f0f2857952d83ca124058f92b764bd1840c3?s=96&d=mm&r=g","contentUrl":"https:\/\/secure.gravatar.com\/avatar\/4b8e5102e0015789407eb4870b12f0f2857952d83ca124058f92b764bd1840c3?s=96&d=mm&r=g","caption":"Maria Gil Robledo"},"sameAs":["http:\/\/unaymilletras.com"],"url":"https:\/\/unaymilletras.com\/en\/author\/mariiagiil02_\/"}]}},"_links":{"self":[{"href":"https:\/\/unaymilletras.com\/en\/wp-json\/wp\/v2\/posts\/1763","targetHints":{"allow":["GET"]}}],"collection":[{"href":"https:\/\/unaymilletras.com\/en\/wp-json\/wp\/v2\/posts"}],"about":[{"href":"https:\/\/unaymilletras.com\/en\/wp-json\/wp\/v2\/types\/post"}],"author":[{"embeddable":true,"href":"https:\/\/unaymilletras.com\/en\/wp-json\/wp\/v2\/users\/1"}],"replies":[{"embeddable":true,"href":"https:\/\/unaymilletras.com\/en\/wp-json\/wp\/v2\/comments?post=1763"}],"version-history":[{"count":14,"href":"https:\/\/unaymilletras.com\/en\/wp-json\/wp\/v2\/posts\/1763\/revisions"}],"predecessor-version":[{"id":1778,"href":"https:\/\/unaymilletras.com\/en\/wp-json\/wp\/v2\/posts\/1763\/revisions\/1778"}],"wp:featuredmedia":[{"embeddable":true,"href":"https:\/\/unaymilletras.com\/en\/wp-json\/wp\/v2\/media\/1769"}],"wp:attachment":[{"href":"https:\/\/unaymilletras.com\/en\/wp-json\/wp\/v2\/media?parent=1763"}],"wp:term":[{"taxonomy":"category","embeddable":true,"href":"https:\/\/unaymilletras.com\/en\/wp-json\/wp\/v2\/categories?post=1763"},{"taxonomy":"post_tag","embeddable":true,"href":"https:\/\/unaymilletras.com\/en\/wp-json\/wp\/v2\/tags?post=1763"}],"curies":[{"name":"wp","href":"https:\/\/api.w.org\/{rel}","templated":true}]}}