{"id":1779,"date":"2023-12-12T00:36:03","date_gmt":"2023-12-11T23:36:03","guid":{"rendered":"https:\/\/unaymilletras.com\/?p=1779"},"modified":"2023-12-12T12:10:35","modified_gmt":"2023-12-12T11:10:35","slug":"gala-3-de-operacion-triunfo-omar-se-despide-y-violeta-y-denna-nominadas","status":"publish","type":"post","link":"https:\/\/unaymilletras.com\/en\/gala-3-de-operacion-triunfo-omar-se-despide-y-violeta-y-denna-nominadas\/","title":{"rendered":"Gala 3 de Operaci\u00f3n Triunfo: Omar se despide y Violeta y Denna nominadas"},"content":{"rendered":"<div data-elementor-type=\"wp-post\" data-elementor-id=\"1779\" class=\"elementor elementor-1779\">\n\t\t\t\t\t\t<section class=\"elementor-section elementor-top-section elementor-element elementor-element-411c1bd elementor-section-boxed elementor-section-height-default elementor-section-height-default\" data-id=\"411c1bd\" data-element_type=\"section\" data-e-type=\"section\">\n\t\t\t\t\t\t<div class=\"elementor-container elementor-column-gap-default\">\n\t\t\t\t\t<div class=\"elementor-column elementor-col-100 elementor-top-column elementor-element elementor-element-474e373\" data-id=\"474e373\" data-element_type=\"column\" data-e-type=\"column\">\n\t\t\t<div class=\"elementor-widget-wrap elementor-element-populated\">\n\t\t\t\t\t\t<div class=\"elementor-element elementor-element-405c55e elementor-widget elementor-widget-text-editor\" data-id=\"405c55e\" data-element_type=\"widget\" data-e-type=\"widget\" data-widget_type=\"text-editor.default\">\n\t\t\t\t<div class=\"elementor-widget-container\">\n\t\t\t\t\t\t\t\t\t<h2><em><span style=\"color: #808080;\">Una expulsi\u00f3n, dos nuevas nominaciones, la chilena Cami como invitada al jurado y una actuaci\u00f3n m\u00e1gica de Morat en la Gala 3 de OT<\/span><\/em><\/h2>\t\t\t\t\t\t\t\t<\/div>\n\t\t\t\t<\/div>\n\t\t\t\t\t<\/div>\n\t\t<\/div>\n\t\t\t\t\t<\/div>\n\t\t<\/section>\n\t\t\t\t<section class=\"elementor-section elementor-top-section elementor-element elementor-element-9d9448a elementor-section-boxed elementor-section-height-default elementor-section-height-default\" data-id=\"9d9448a\" data-element_type=\"section\" data-e-type=\"section\">\n\t\t\t\t\t\t<div class=\"elementor-container elementor-column-gap-default\">\n\t\t\t\t\t<div class=\"elementor-column elementor-col-100 elementor-top-column elementor-element elementor-element-660fd0c\" data-id=\"660fd0c\" data-element_type=\"column\" data-e-type=\"column\">\n\t\t\t<div class=\"elementor-widget-wrap elementor-element-populated\">\n\t\t\t\t\t\t<div class=\"elementor-element elementor-element-ea4b931 elementor-widget elementor-widget-text-editor\" data-id=\"ea4b931\" data-element_type=\"widget\" data-e-type=\"widget\" data-widget_type=\"text-editor.default\">\n\t\t\t\t<div class=\"elementor-widget-container\">\n\t\t\t\t\t\t\t\t\t<p>En la <b>Gala 3 de Operaci\u00f3n Triunfo 2023<\/b>, <b>Omar <\/b>se convirti\u00f3 en el segundo <b>expulsado <\/b>de la temporada, mientras que<b> Violeta<\/b> y <b>Denna <\/b>fueron nominadas para la pr\u00f3xima eliminaci\u00f3n. El show cont\u00f3 con la participaci\u00f3n especial de la cantante chilena <b>Cami <\/b>como miembro del jurado y la actuaci\u00f3n estelar de <b>Morat<\/b>.<\/p>\t\t\t\t\t\t\t\t<\/div>\n\t\t\t\t<\/div>\n\t\t\t\t\t<\/div>\n\t\t<\/div>\n\t\t\t\t\t<\/div>\n\t\t<\/section>\n\t\t\t\t<section class=\"elementor-section elementor-top-section elementor-element elementor-element-2815e55 elementor-section-boxed elementor-section-height-default elementor-section-height-default\" data-id=\"2815e55\" data-element_type=\"section\" data-e-type=\"section\">\n\t\t\t\t\t\t<div class=\"elementor-container elementor-column-gap-default\">\n\t\t\t\t\t<div class=\"elementor-column elementor-col-50 elementor-top-column elementor-element elementor-element-7ea5a32\" data-id=\"7ea5a32\" data-element_type=\"column\" data-e-type=\"column\">\n\t\t\t<div class=\"elementor-widget-wrap elementor-element-populated\">\n\t\t\t\t\t\t<div class=\"elementor-element elementor-element-58fcd93 elementor-widget elementor-widget-image\" data-id=\"58fcd93\" data-element_type=\"widget\" data-e-type=\"widget\" data-widget_type=\"image.default\">\n\t\t\t\t<div class=\"elementor-widget-container\">\n\t\t\t\t\t\t\t\t\t\t\t\t\t\t\t<img fetchpriority=\"high\" decoding=\"async\" width=\"640\" height=\"427\" src=\"https:\/\/unaymilletras.com\/wp-content\/uploads\/2023\/12\/Operacion_Triunfo_Gala_3_Nominados_finales_3000-1024x683.jpg\" class=\"attachment-large size-large wp-image-1782\" alt=\"Gala 3\" srcset=\"https:\/\/unaymilletras.com\/wp-content\/uploads\/2023\/12\/Operacion_Triunfo_Gala_3_Nominados_finales_3000-1024x683.jpg 1024w, https:\/\/unaymilletras.com\/wp-content\/uploads\/2023\/12\/Operacion_Triunfo_Gala_3_Nominados_finales_3000-300x200.jpg 300w, https:\/\/unaymilletras.com\/wp-content\/uploads\/2023\/12\/Operacion_Triunfo_Gala_3_Nominados_finales_3000-768x512.jpg 768w, https:\/\/unaymilletras.com\/wp-content\/uploads\/2023\/12\/Operacion_Triunfo_Gala_3_Nominados_finales_3000-1536x1024.jpg 1536w, https:\/\/unaymilletras.com\/wp-content\/uploads\/2023\/12\/Operacion_Triunfo_Gala_3_Nominados_finales_3000-2048x1365.jpg 2048w, https:\/\/unaymilletras.com\/wp-content\/uploads\/2023\/12\/Operacion_Triunfo_Gala_3_Nominados_finales_3000-scaled-e1702337799104.jpg 600w\" sizes=\"(max-width: 640px) 100vw, 640px\" \/>\t\t\t\t\t\t\t\t\t\t\t\t\t\t\t<\/div>\n\t\t\t\t<\/div>\n\t\t\t\t\t<\/div>\n\t\t<\/div>\n\t\t\t\t<div class=\"elementor-column elementor-col-50 elementor-top-column elementor-element elementor-element-77ba6ed\" data-id=\"77ba6ed\" data-element_type=\"column\" data-e-type=\"column\">\n\t\t\t<div class=\"elementor-widget-wrap elementor-element-populated\">\n\t\t\t\t\t\t<div class=\"elementor-element elementor-element-23a107a elementor-widget elementor-widget-image\" data-id=\"23a107a\" data-element_type=\"widget\" data-e-type=\"widget\" data-widget_type=\"image.default\">\n\t\t\t\t<div class=\"elementor-widget-container\">\n\t\t\t\t\t\t\t\t\t\t\t\t\t\t\t<img decoding=\"async\" width=\"640\" height=\"427\" src=\"https:\/\/unaymilletras.com\/wp-content\/uploads\/2023\/12\/Operacion_Triunfo_Gala_3_Invitado_especial_Morat_3000-1024x683.jpg\" class=\"attachment-large size-large wp-image-1784\" alt=\"Gala 3\" srcset=\"https:\/\/unaymilletras.com\/wp-content\/uploads\/2023\/12\/Operacion_Triunfo_Gala_3_Invitado_especial_Morat_3000-1024x683.jpg 1024w, https:\/\/unaymilletras.com\/wp-content\/uploads\/2023\/12\/Operacion_Triunfo_Gala_3_Invitado_especial_Morat_3000-300x200.jpg 300w, https:\/\/unaymilletras.com\/wp-content\/uploads\/2023\/12\/Operacion_Triunfo_Gala_3_Invitado_especial_Morat_3000-768x512.jpg 768w, https:\/\/unaymilletras.com\/wp-content\/uploads\/2023\/12\/Operacion_Triunfo_Gala_3_Invitado_especial_Morat_3000-1536x1024.jpg 1536w, https:\/\/unaymilletras.com\/wp-content\/uploads\/2023\/12\/Operacion_Triunfo_Gala_3_Invitado_especial_Morat_3000-2048x1365.jpg 2048w, https:\/\/unaymilletras.com\/wp-content\/uploads\/2023\/12\/Operacion_Triunfo_Gala_3_Invitado_especial_Morat_3000-scaled-e1702337812133.jpg 600w\" sizes=\"(max-width: 640px) 100vw, 640px\" \/>\t\t\t\t\t\t\t\t\t\t\t\t\t\t\t<\/div>\n\t\t\t\t<\/div>\n\t\t\t\t\t<\/div>\n\t\t<\/div>\n\t\t\t\t\t<\/div>\n\t\t<\/section>\n\t\t\t\t<section class=\"elementor-section elementor-top-section elementor-element elementor-element-b210785 elementor-section-boxed elementor-section-height-default elementor-section-height-default\" data-id=\"b210785\" data-element_type=\"section\" data-e-type=\"section\">\n\t\t\t\t\t\t<div class=\"elementor-container elementor-column-gap-default\">\n\t\t\t\t\t<div class=\"elementor-column elementor-col-100 elementor-top-column elementor-element elementor-element-a7e2c53\" data-id=\"a7e2c53\" data-element_type=\"column\" data-e-type=\"column\">\n\t\t\t<div class=\"elementor-widget-wrap elementor-element-populated\">\n\t\t\t\t\t\t<div class=\"elementor-element elementor-element-dfb95c1 elementor-widget elementor-widget-text-editor\" data-id=\"dfb95c1\" data-element_type=\"widget\" data-e-type=\"widget\" data-widget_type=\"text-editor.default\">\n\t\t\t\t<div class=\"elementor-widget-container\">\n\t\t\t\t\t\t\t\t\t<p>La gala comenz\u00f3 con la interpretaci\u00f3n grupal de la canci\u00f3n <b><em>Dime<\/em> <\/b>de Beth. Las actuaciones individuales de los nominados Omar y Alex M\u00e1rquez mantuvieron la tensi\u00f3n, y el p\u00fablico salv\u00f3 a Alex M\u00e1rquez con un <b>72,4% de votos<\/b>, resultando en la despedida de Omar. El grupo Morat deleit\u00f3 a la audiencia con su actuaci\u00f3n antes de conocer a la N\u00f3mada Favorita, <b>Bea<\/b>, con el respaldo del<b> 22%<\/b> de la audiencia.<\/p>\n<p>La participaci\u00f3n de la jurado invitada, la cantante chilena Cami, marc\u00f3 la nominaci\u00f3n de <b>Salma<\/b>, <b>Violeta<\/b>, <b>Denna <\/b>y <b>Paul<\/b>. La intervenci\u00f3n de los profesores salv\u00f3 a Paul, mientras que Salma fue rescatada por sus compa\u00f1eros, dejando a Denna y Violeta como las nominadas de la Gala 3.<\/p>\t\t\t\t\t\t\t\t<\/div>\n\t\t\t\t<\/div>\n\t\t\t\t\t<\/div>\n\t\t<\/div>\n\t\t\t\t\t<\/div>\n\t\t<\/section>\n\t\t\t\t<section class=\"elementor-section elementor-top-section elementor-element elementor-element-efd93f0 elementor-section-boxed elementor-section-height-default elementor-section-height-default\" data-id=\"efd93f0\" data-element_type=\"section\" data-e-type=\"section\">\n\t\t\t\t\t\t<div class=\"elementor-container elementor-column-gap-default\">\n\t\t\t\t\t<div class=\"elementor-column elementor-col-50 elementor-top-column elementor-element elementor-element-21ac9a3\" data-id=\"21ac9a3\" data-element_type=\"column\" data-e-type=\"column\">\n\t\t\t<div class=\"elementor-widget-wrap elementor-element-populated\">\n\t\t\t\t\t\t<div class=\"elementor-element elementor-element-6b6b945 elementor-widget elementor-widget-image\" data-id=\"6b6b945\" data-element_type=\"widget\" data-e-type=\"widget\" data-widget_type=\"image.default\">\n\t\t\t\t<div class=\"elementor-widget-container\">\n\t\t\t\t\t\t\t\t\t\t\t\t\t\t\t<img decoding=\"async\" width=\"640\" height=\"427\" src=\"https:\/\/unaymilletras.com\/wp-content\/uploads\/2023\/12\/Operacion_Triunfo_Gala_3_Jurado_con_Cami_y_Chenoa_3000-1024x683.jpg\" class=\"attachment-large size-large wp-image-1785\" alt=\"\" srcset=\"https:\/\/unaymilletras.com\/wp-content\/uploads\/2023\/12\/Operacion_Triunfo_Gala_3_Jurado_con_Cami_y_Chenoa_3000-1024x683.jpg 1024w, https:\/\/unaymilletras.com\/wp-content\/uploads\/2023\/12\/Operacion_Triunfo_Gala_3_Jurado_con_Cami_y_Chenoa_3000-300x200.jpg 300w, https:\/\/unaymilletras.com\/wp-content\/uploads\/2023\/12\/Operacion_Triunfo_Gala_3_Jurado_con_Cami_y_Chenoa_3000-768x512.jpg 768w, https:\/\/unaymilletras.com\/wp-content\/uploads\/2023\/12\/Operacion_Triunfo_Gala_3_Jurado_con_Cami_y_Chenoa_3000-1536x1024.jpg 1536w, https:\/\/unaymilletras.com\/wp-content\/uploads\/2023\/12\/Operacion_Triunfo_Gala_3_Jurado_con_Cami_y_Chenoa_3000-2048x1365.jpg 2048w, https:\/\/unaymilletras.com\/wp-content\/uploads\/2023\/12\/Operacion_Triunfo_Gala_3_Jurado_con_Cami_y_Chenoa_3000-scaled-e1702337908519.jpg 600w\" sizes=\"(max-width: 640px) 100vw, 640px\" \/>\t\t\t\t\t\t\t\t\t\t\t\t\t\t\t<\/div>\n\t\t\t\t<\/div>\n\t\t\t\t\t<\/div>\n\t\t<\/div>\n\t\t\t\t<div class=\"elementor-column elementor-col-50 elementor-top-column elementor-element elementor-element-6067ff4\" data-id=\"6067ff4\" data-element_type=\"column\" data-e-type=\"column\">\n\t\t\t<div class=\"elementor-widget-wrap elementor-element-populated\">\n\t\t\t\t\t\t<div class=\"elementor-element elementor-element-9d284a2 elementor-widget elementor-widget-image\" data-id=\"9d284a2\" data-element_type=\"widget\" data-e-type=\"widget\" data-widget_type=\"image.default\">\n\t\t\t\t<div class=\"elementor-widget-container\">\n\t\t\t\t\t\t\t\t\t\t\t\t\t\t\t<img loading=\"lazy\" decoding=\"async\" width=\"640\" height=\"427\" src=\"https:\/\/unaymilletras.com\/wp-content\/uploads\/2023\/12\/Operacion_Triunfo_Gala_3_Nominados_Omar_y_Alex_Marquez_2_3000-1024x683.jpg\" class=\"attachment-large size-large wp-image-1783\" alt=\"\" srcset=\"https:\/\/unaymilletras.com\/wp-content\/uploads\/2023\/12\/Operacion_Triunfo_Gala_3_Nominados_Omar_y_Alex_Marquez_2_3000-1024x683.jpg 1024w, https:\/\/unaymilletras.com\/wp-content\/uploads\/2023\/12\/Operacion_Triunfo_Gala_3_Nominados_Omar_y_Alex_Marquez_2_3000-300x200.jpg 300w, https:\/\/unaymilletras.com\/wp-content\/uploads\/2023\/12\/Operacion_Triunfo_Gala_3_Nominados_Omar_y_Alex_Marquez_2_3000-768x512.jpg 768w, https:\/\/unaymilletras.com\/wp-content\/uploads\/2023\/12\/Operacion_Triunfo_Gala_3_Nominados_Omar_y_Alex_Marquez_2_3000-1536x1024.jpg 1536w, https:\/\/unaymilletras.com\/wp-content\/uploads\/2023\/12\/Operacion_Triunfo_Gala_3_Nominados_Omar_y_Alex_Marquez_2_3000-2048x1365.jpg 2048w, https:\/\/unaymilletras.com\/wp-content\/uploads\/2023\/12\/Operacion_Triunfo_Gala_3_Nominados_Omar_y_Alex_Marquez_2_3000-scaled-e1702337927932.jpg 600w\" sizes=\"(max-width: 640px) 100vw, 640px\" \/>\t\t\t\t\t\t\t\t\t\t\t\t\t\t\t<\/div>\n\t\t\t\t<\/div>\n\t\t\t\t\t<\/div>\n\t\t<\/div>\n\t\t\t\t\t<\/div>\n\t\t<\/section>\n\t\t\t\t<section class=\"elementor-section elementor-top-section elementor-element elementor-element-b401884 elementor-section-boxed elementor-section-height-default elementor-section-height-default\" data-id=\"b401884\" data-element_type=\"section\" data-e-type=\"section\">\n\t\t\t\t\t\t<div class=\"elementor-container elementor-column-gap-default\">\n\t\t\t\t\t<div class=\"elementor-column elementor-col-100 elementor-top-column elementor-element elementor-element-4bfcddd\" data-id=\"4bfcddd\" data-element_type=\"column\" data-e-type=\"column\">\n\t\t\t<div class=\"elementor-widget-wrap elementor-element-populated\">\n\t\t\t\t\t\t<div class=\"elementor-element elementor-element-44173ad elementor-widget elementor-widget-text-editor\" data-id=\"44173ad\" data-element_type=\"widget\" data-e-type=\"widget\" data-widget_type=\"text-editor.default\">\n\t\t\t\t<div class=\"elementor-widget-container\">\n\t\t\t\t\t\t\t\t\t<p><span style=\"color: #808080;\"><a style=\"color: #808080;\" href=\"https:\/\/unaymilletras.com\/en\/gala-2-ot-despedida-a-suzete-y-omar-y-alex-marquez-nominados\/\">Operaci\u00f3n Triunfo<\/a>, producido por Gestmusic (Banijay Iberia), sigue cautivando a la audiencia al ofrecer un espacio donde los concursantes demuestran su talento musical. Esta edici\u00f3n, disponible en <a style=\"color: #808080;\" href=\"https:\/\/primevideo.com\/\">Amazon Prime<\/a>, mantiene viva la tradici\u00f3n del fen\u00f3meno televisivo que comenz\u00f3 en 2001, consolid\u00e1ndose como un hito en la cultura televisiva espa\u00f1ola.<\/span><\/p>\t\t\t\t\t\t\t\t<\/div>\n\t\t\t\t<\/div>\n\t\t\t\t\t<\/div>\n\t\t<\/div>\n\t\t\t\t\t<\/div>\n\t\t<\/section>\n\t\t\t\t<\/div>","protected":false},"excerpt":{"rendered":"<p>Una expulsi\u00f3n, dos nuevas nominaciones, la chilena Cami como invitada al jurado y una actuaci\u00f3n m\u00e1gica de Morat en la Gala 3 de OT En la Gala 3 de Operaci\u00f3n Triunfo 2023, Omar se convirti\u00f3 en el segundo expulsado de la temporada, mientras que Violeta y Denna fueron nominadas para la pr\u00f3xima eliminaci\u00f3n. El show [&hellip;]<\/p>\n","protected":false},"author":1,"featured_media":1783,"comment_status":"open","ping_status":"open","sticky":false,"template":"","format":"standard","meta":{"footnotes":""},"categories":[4,117],"tags":[],"class_list":["post-1779","post","type-post","status-publish","format-standard","has-post-thumbnail","hentry","category-musica","category-peliculas-y-series"],"yoast_head":"<!-- This site is optimized with the Yoast SEO plugin v27.4 - https:\/\/yoast.com\/product\/yoast-seo-wordpress\/ -->\n<title>Gala 3 de Operaci\u00f3n Triunfo: Omar se despide y Violeta y Denna nominadas<\/title>\n<meta name=\"description\" content=\"Una expulsi\u00f3n, dos nuevas nominaciones, la chilena Cami como invitada al jurado y una actuaci\u00f3n m\u00e1gica de Morat en la Gala 3 de OT\" \/>\n<meta name=\"robots\" content=\"index, follow, max-snippet:-1, max-image-preview:large, max-video-preview:-1\" \/>\n<link rel=\"canonical\" href=\"https:\/\/unaymilletras.com\/en\/gala-3-de-operacion-triunfo-omar-se-despide-y-violeta-y-denna-nominadas\/\" \/>\n<meta property=\"og:locale\" content=\"en_GB\" \/>\n<meta property=\"og:type\" content=\"article\" \/>\n<meta property=\"og:title\" content=\"Gala 3 de Operaci\u00f3n Triunfo: Omar se despide y Violeta y Denna nominadas\" \/>\n<meta property=\"og:description\" content=\"Una expulsi\u00f3n, dos nuevas nominaciones, la chilena Cami como invitada al jurado y una actuaci\u00f3n m\u00e1gica de Morat en la Gala 3 de OT\" \/>\n<meta property=\"og:url\" content=\"https:\/\/unaymilletras.com\/en\/gala-3-de-operacion-triunfo-omar-se-despide-y-violeta-y-denna-nominadas\/\" \/>\n<meta property=\"og:site_name\" content=\"Una y Mil Letras\" \/>\n<meta property=\"article:published_time\" content=\"2023-12-11T23:36:03+00:00\" \/>\n<meta property=\"article:modified_time\" content=\"2023-12-12T11:10:35+00:00\" \/>\n<meta property=\"og:image\" content=\"http:\/\/unaymilletras.com\/wp-content\/uploads\/2023\/12\/Operacion_Triunfo_Gala_3_Nominados_Omar_y_Alex_Marquez_2_3000-scaled-e1702337927932.jpg\" \/>\n\t<meta property=\"og:image:width\" content=\"600\" \/>\n\t<meta property=\"og:image:height\" content=\"400\" \/>\n\t<meta property=\"og:image:type\" content=\"image\/jpeg\" \/>\n<meta name=\"author\" content=\"Maria Gil Robledo\" \/>\n<meta name=\"twitter:card\" content=\"summary_large_image\" \/>\n<meta name=\"twitter:creator\" content=\"@UnaYMilLetras\" \/>\n<meta name=\"twitter:site\" content=\"@UnaYMilLetras\" \/>\n<meta name=\"twitter:label1\" content=\"Written by\" \/>\n\t<meta name=\"twitter:data1\" content=\"Maria Gil Robledo\" \/>\n\t<meta name=\"twitter:label2\" content=\"Estimated reading time\" \/>\n\t<meta name=\"twitter:data2\" content=\"2 minutes\" \/>\n<script type=\"application\/ld+json\" class=\"yoast-schema-graph\">{\"@context\":\"https:\\\/\\\/schema.org\",\"@graph\":[{\"@type\":\"Article\",\"@id\":\"https:\\\/\\\/unaymilletras.com\\\/gala-3-de-operacion-triunfo-omar-se-despide-y-violeta-y-denna-nominadas\\\/#article\",\"isPartOf\":{\"@id\":\"https:\\\/\\\/unaymilletras.com\\\/gala-3-de-operacion-triunfo-omar-se-despide-y-violeta-y-denna-nominadas\\\/\"},\"author\":{\"name\":\"Maria Gil Robledo\",\"@id\":\"http:\\\/\\\/unaymilletras.com\\\/#\\\/schema\\\/person\\\/d55ba681b8a4e463d8982dbe36a5dc94\"},\"headline\":\"Gala 3 de Operaci\u00f3n Triunfo: Omar se despide y Violeta y Denna nominadas\",\"datePublished\":\"2023-12-11T23:36:03+00:00\",\"dateModified\":\"2023-12-12T11:10:35+00:00\",\"mainEntityOfPage\":{\"@id\":\"https:\\\/\\\/unaymilletras.com\\\/gala-3-de-operacion-triunfo-omar-se-despide-y-violeta-y-denna-nominadas\\\/\"},\"wordCount\":273,\"commentCount\":0,\"publisher\":{\"@id\":\"http:\\\/\\\/unaymilletras.com\\\/#organization\"},\"image\":{\"@id\":\"https:\\\/\\\/unaymilletras.com\\\/gala-3-de-operacion-triunfo-omar-se-despide-y-violeta-y-denna-nominadas\\\/#primaryimage\"},\"thumbnailUrl\":\"https:\\\/\\\/unaymilletras.com\\\/wp-content\\\/uploads\\\/2023\\\/12\\\/Operacion_Triunfo_Gala_3_Nominados_Omar_y_Alex_Marquez_2_3000-scaled-e1702337927932.jpg\",\"articleSection\":[\"M\u00fasica\",\"Pel\u00edculas y Series\"],\"inLanguage\":\"en-GB\",\"potentialAction\":[{\"@type\":\"CommentAction\",\"name\":\"Comment\",\"target\":[\"https:\\\/\\\/unaymilletras.com\\\/gala-3-de-operacion-triunfo-omar-se-despide-y-violeta-y-denna-nominadas\\\/#respond\"]}]},{\"@type\":\"WebPage\",\"@id\":\"https:\\\/\\\/unaymilletras.com\\\/gala-3-de-operacion-triunfo-omar-se-despide-y-violeta-y-denna-nominadas\\\/\",\"url\":\"https:\\\/\\\/unaymilletras.com\\\/gala-3-de-operacion-triunfo-omar-se-despide-y-violeta-y-denna-nominadas\\\/\",\"name\":\"Gala 3 de Operaci\u00f3n Triunfo: Omar se despide y Violeta y Denna nominadas\",\"isPartOf\":{\"@id\":\"http:\\\/\\\/unaymilletras.com\\\/#website\"},\"primaryImageOfPage\":{\"@id\":\"https:\\\/\\\/unaymilletras.com\\\/gala-3-de-operacion-triunfo-omar-se-despide-y-violeta-y-denna-nominadas\\\/#primaryimage\"},\"image\":{\"@id\":\"https:\\\/\\\/unaymilletras.com\\\/gala-3-de-operacion-triunfo-omar-se-despide-y-violeta-y-denna-nominadas\\\/#primaryimage\"},\"thumbnailUrl\":\"https:\\\/\\\/unaymilletras.com\\\/wp-content\\\/uploads\\\/2023\\\/12\\\/Operacion_Triunfo_Gala_3_Nominados_Omar_y_Alex_Marquez_2_3000-scaled-e1702337927932.jpg\",\"datePublished\":\"2023-12-11T23:36:03+00:00\",\"dateModified\":\"2023-12-12T11:10:35+00:00\",\"description\":\"Una expulsi\u00f3n, dos nuevas nominaciones, la chilena Cami como invitada al jurado y una actuaci\u00f3n m\u00e1gica de Morat en la Gala 3 de OT\",\"breadcrumb\":{\"@id\":\"https:\\\/\\\/unaymilletras.com\\\/gala-3-de-operacion-triunfo-omar-se-despide-y-violeta-y-denna-nominadas\\\/#breadcrumb\"},\"inLanguage\":\"en-GB\",\"potentialAction\":[{\"@type\":\"ReadAction\",\"target\":[\"https:\\\/\\\/unaymilletras.com\\\/gala-3-de-operacion-triunfo-omar-se-despide-y-violeta-y-denna-nominadas\\\/\"]}]},{\"@type\":\"ImageObject\",\"inLanguage\":\"en-GB\",\"@id\":\"https:\\\/\\\/unaymilletras.com\\\/gala-3-de-operacion-triunfo-omar-se-despide-y-violeta-y-denna-nominadas\\\/#primaryimage\",\"url\":\"https:\\\/\\\/unaymilletras.com\\\/wp-content\\\/uploads\\\/2023\\\/12\\\/Operacion_Triunfo_Gala_3_Nominados_Omar_y_Alex_Marquez_2_3000-scaled-e1702337927932.jpg\",\"contentUrl\":\"https:\\\/\\\/unaymilletras.com\\\/wp-content\\\/uploads\\\/2023\\\/12\\\/Operacion_Triunfo_Gala_3_Nominados_Omar_y_Alex_Marquez_2_3000-scaled-e1702337927932.jpg\",\"width\":600,\"height\":400},{\"@type\":\"BreadcrumbList\",\"@id\":\"https:\\\/\\\/unaymilletras.com\\\/gala-3-de-operacion-triunfo-omar-se-despide-y-violeta-y-denna-nominadas\\\/#breadcrumb\",\"itemListElement\":[{\"@type\":\"ListItem\",\"position\":1,\"name\":\"Home\",\"item\":\"http:\\\/\\\/unaymilletras.com\\\/\"},{\"@type\":\"ListItem\",\"position\":2,\"name\":\"Gala 3 de Operaci\u00f3n Triunfo: Omar se despide y Violeta y Denna nominadas\"}]},{\"@type\":\"WebSite\",\"@id\":\"http:\\\/\\\/unaymilletras.com\\\/#website\",\"url\":\"http:\\\/\\\/unaymilletras.com\\\/\",\"name\":\"Una y Mil Letras\",\"description\":\"\",\"publisher\":{\"@id\":\"http:\\\/\\\/unaymilletras.com\\\/#organization\"},\"potentialAction\":[{\"@type\":\"SearchAction\",\"target\":{\"@type\":\"EntryPoint\",\"urlTemplate\":\"http:\\\/\\\/unaymilletras.com\\\/?s={search_term_string}\"},\"query-input\":{\"@type\":\"PropertyValueSpecification\",\"valueRequired\":true,\"valueName\":\"search_term_string\"}}],\"inLanguage\":\"en-GB\"},{\"@type\":\"Organization\",\"@id\":\"http:\\\/\\\/unaymilletras.com\\\/#organization\",\"name\":\"Una y Mil Letras\",\"url\":\"http:\\\/\\\/unaymilletras.com\\\/\",\"logo\":{\"@type\":\"ImageObject\",\"inLanguage\":\"en-GB\",\"@id\":\"http:\\\/\\\/unaymilletras.com\\\/#\\\/schema\\\/logo\\\/image\\\/\",\"url\":\"https:\\\/\\\/unaymilletras.com\\\/wp-content\\\/uploads\\\/2024\\\/06\\\/cropped-Logo-removebg-preview.png\",\"contentUrl\":\"https:\\\/\\\/unaymilletras.com\\\/wp-content\\\/uploads\\\/2024\\\/06\\\/cropped-Logo-removebg-preview.png\",\"width\":512,\"height\":512,\"caption\":\"Una y Mil Letras\"},\"image\":{\"@id\":\"http:\\\/\\\/unaymilletras.com\\\/#\\\/schema\\\/logo\\\/image\\\/\"},\"sameAs\":[\"https:\\\/\\\/x.com\\\/UnaYMilLetras\",\"https:\\\/\\\/instagram.com\\\/UnaYMilLetras\"]},{\"@type\":\"Person\",\"@id\":\"http:\\\/\\\/unaymilletras.com\\\/#\\\/schema\\\/person\\\/d55ba681b8a4e463d8982dbe36a5dc94\",\"name\":\"Maria Gil Robledo\",\"image\":{\"@type\":\"ImageObject\",\"inLanguage\":\"en-GB\",\"@id\":\"https:\\\/\\\/secure.gravatar.com\\\/avatar\\\/4b8e5102e0015789407eb4870b12f0f2857952d83ca124058f92b764bd1840c3?s=96&d=mm&r=g\",\"url\":\"https:\\\/\\\/secure.gravatar.com\\\/avatar\\\/4b8e5102e0015789407eb4870b12f0f2857952d83ca124058f92b764bd1840c3?s=96&d=mm&r=g\",\"contentUrl\":\"https:\\\/\\\/secure.gravatar.com\\\/avatar\\\/4b8e5102e0015789407eb4870b12f0f2857952d83ca124058f92b764bd1840c3?s=96&d=mm&r=g\",\"caption\":\"Maria Gil Robledo\"},\"sameAs\":[\"http:\\\/\\\/unaymilletras.com\"],\"url\":\"https:\\\/\\\/unaymilletras.com\\\/en\\\/author\\\/mariiagiil02_\\\/\"}]}<\/script>\n<!-- \/ Yoast SEO plugin. -->","yoast_head_json":{"title":"Gala 3 de Operaci\u00f3n Triunfo: Omar se despide y Violeta y Denna nominadas","description":"Una expulsi\u00f3n, dos nuevas nominaciones, la chilena Cami como invitada al jurado y una actuaci\u00f3n m\u00e1gica de Morat en la Gala 3 de OT","robots":{"index":"index","follow":"follow","max-snippet":"max-snippet:-1","max-image-preview":"max-image-preview:large","max-video-preview":"max-video-preview:-1"},"canonical":"https:\/\/unaymilletras.com\/en\/gala-3-de-operacion-triunfo-omar-se-despide-y-violeta-y-denna-nominadas\/","og_locale":"en_GB","og_type":"article","og_title":"Gala 3 de Operaci\u00f3n Triunfo: Omar se despide y Violeta y Denna nominadas","og_description":"Una expulsi\u00f3n, dos nuevas nominaciones, la chilena Cami como invitada al jurado y una actuaci\u00f3n m\u00e1gica de Morat en la Gala 3 de OT","og_url":"https:\/\/unaymilletras.com\/en\/gala-3-de-operacion-triunfo-omar-se-despide-y-violeta-y-denna-nominadas\/","og_site_name":"Una y Mil Letras","article_published_time":"2023-12-11T23:36:03+00:00","article_modified_time":"2023-12-12T11:10:35+00:00","og_image":[{"width":600,"height":400,"url":"http:\/\/unaymilletras.com\/wp-content\/uploads\/2023\/12\/Operacion_Triunfo_Gala_3_Nominados_Omar_y_Alex_Marquez_2_3000-scaled-e1702337927932.jpg","type":"image\/jpeg"}],"author":"Maria Gil Robledo","twitter_card":"summary_large_image","twitter_creator":"@UnaYMilLetras","twitter_site":"@UnaYMilLetras","twitter_misc":{"Written by":"Maria Gil Robledo","Estimated reading time":"2 minutes"},"schema":{"@context":"https:\/\/schema.org","@graph":[{"@type":"Article","@id":"https:\/\/unaymilletras.com\/gala-3-de-operacion-triunfo-omar-se-despide-y-violeta-y-denna-nominadas\/#article","isPartOf":{"@id":"https:\/\/unaymilletras.com\/gala-3-de-operacion-triunfo-omar-se-despide-y-violeta-y-denna-nominadas\/"},"author":{"name":"Maria Gil Robledo","@id":"http:\/\/unaymilletras.com\/#\/schema\/person\/d55ba681b8a4e463d8982dbe36a5dc94"},"headline":"Gala 3 de Operaci\u00f3n Triunfo: Omar se despide y Violeta y Denna nominadas","datePublished":"2023-12-11T23:36:03+00:00","dateModified":"2023-12-12T11:10:35+00:00","mainEntityOfPage":{"@id":"https:\/\/unaymilletras.com\/gala-3-de-operacion-triunfo-omar-se-despide-y-violeta-y-denna-nominadas\/"},"wordCount":273,"commentCount":0,"publisher":{"@id":"http:\/\/unaymilletras.com\/#organization"},"image":{"@id":"https:\/\/unaymilletras.com\/gala-3-de-operacion-triunfo-omar-se-despide-y-violeta-y-denna-nominadas\/#primaryimage"},"thumbnailUrl":"https:\/\/unaymilletras.com\/wp-content\/uploads\/2023\/12\/Operacion_Triunfo_Gala_3_Nominados_Omar_y_Alex_Marquez_2_3000-scaled-e1702337927932.jpg","articleSection":["M\u00fasica","Pel\u00edculas y Series"],"inLanguage":"en-GB","potentialAction":[{"@type":"CommentAction","name":"Comment","target":["https:\/\/unaymilletras.com\/gala-3-de-operacion-triunfo-omar-se-despide-y-violeta-y-denna-nominadas\/#respond"]}]},{"@type":"WebPage","@id":"https:\/\/unaymilletras.com\/gala-3-de-operacion-triunfo-omar-se-despide-y-violeta-y-denna-nominadas\/","url":"https:\/\/unaymilletras.com\/gala-3-de-operacion-triunfo-omar-se-despide-y-violeta-y-denna-nominadas\/","name":"Gala 3 de Operaci\u00f3n Triunfo: Omar se despide y Violeta y Denna nominadas","isPartOf":{"@id":"http:\/\/unaymilletras.com\/#website"},"primaryImageOfPage":{"@id":"https:\/\/unaymilletras.com\/gala-3-de-operacion-triunfo-omar-se-despide-y-violeta-y-denna-nominadas\/#primaryimage"},"image":{"@id":"https:\/\/unaymilletras.com\/gala-3-de-operacion-triunfo-omar-se-despide-y-violeta-y-denna-nominadas\/#primaryimage"},"thumbnailUrl":"https:\/\/unaymilletras.com\/wp-content\/uploads\/2023\/12\/Operacion_Triunfo_Gala_3_Nominados_Omar_y_Alex_Marquez_2_3000-scaled-e1702337927932.jpg","datePublished":"2023-12-11T23:36:03+00:00","dateModified":"2023-12-12T11:10:35+00:00","description":"Una expulsi\u00f3n, dos nuevas nominaciones, la chilena Cami como invitada al jurado y una actuaci\u00f3n m\u00e1gica de Morat en la Gala 3 de OT","breadcrumb":{"@id":"https:\/\/unaymilletras.com\/gala-3-de-operacion-triunfo-omar-se-despide-y-violeta-y-denna-nominadas\/#breadcrumb"},"inLanguage":"en-GB","potentialAction":[{"@type":"ReadAction","target":["https:\/\/unaymilletras.com\/gala-3-de-operacion-triunfo-omar-se-despide-y-violeta-y-denna-nominadas\/"]}]},{"@type":"ImageObject","inLanguage":"en-GB","@id":"https:\/\/unaymilletras.com\/gala-3-de-operacion-triunfo-omar-se-despide-y-violeta-y-denna-nominadas\/#primaryimage","url":"https:\/\/unaymilletras.com\/wp-content\/uploads\/2023\/12\/Operacion_Triunfo_Gala_3_Nominados_Omar_y_Alex_Marquez_2_3000-scaled-e1702337927932.jpg","contentUrl":"https:\/\/unaymilletras.com\/wp-content\/uploads\/2023\/12\/Operacion_Triunfo_Gala_3_Nominados_Omar_y_Alex_Marquez_2_3000-scaled-e1702337927932.jpg","width":600,"height":400},{"@type":"BreadcrumbList","@id":"https:\/\/unaymilletras.com\/gala-3-de-operacion-triunfo-omar-se-despide-y-violeta-y-denna-nominadas\/#breadcrumb","itemListElement":[{"@type":"ListItem","position":1,"name":"Home","item":"http:\/\/unaymilletras.com\/"},{"@type":"ListItem","position":2,"name":"Gala 3 de Operaci\u00f3n Triunfo: Omar se despide y Violeta y Denna nominadas"}]},{"@type":"WebSite","@id":"http:\/\/unaymilletras.com\/#website","url":"http:\/\/unaymilletras.com\/","name":"Una y Mil Letras","description":"","publisher":{"@id":"http:\/\/unaymilletras.com\/#organization"},"potentialAction":[{"@type":"SearchAction","target":{"@type":"EntryPoint","urlTemplate":"http:\/\/unaymilletras.com\/?s={search_term_string}"},"query-input":{"@type":"PropertyValueSpecification","valueRequired":true,"valueName":"search_term_string"}}],"inLanguage":"en-GB"},{"@type":"Organization","@id":"http:\/\/unaymilletras.com\/#organization","name":"Una y Mil Letras","url":"http:\/\/unaymilletras.com\/","logo":{"@type":"ImageObject","inLanguage":"en-GB","@id":"http:\/\/unaymilletras.com\/#\/schema\/logo\/image\/","url":"https:\/\/unaymilletras.com\/wp-content\/uploads\/2024\/06\/cropped-Logo-removebg-preview.png","contentUrl":"https:\/\/unaymilletras.com\/wp-content\/uploads\/2024\/06\/cropped-Logo-removebg-preview.png","width":512,"height":512,"caption":"Una y Mil Letras"},"image":{"@id":"http:\/\/unaymilletras.com\/#\/schema\/logo\/image\/"},"sameAs":["https:\/\/x.com\/UnaYMilLetras","https:\/\/instagram.com\/UnaYMilLetras"]},{"@type":"Person","@id":"http:\/\/unaymilletras.com\/#\/schema\/person\/d55ba681b8a4e463d8982dbe36a5dc94","name":"Maria Gil Robledo","image":{"@type":"ImageObject","inLanguage":"en-GB","@id":"https:\/\/secure.gravatar.com\/avatar\/4b8e5102e0015789407eb4870b12f0f2857952d83ca124058f92b764bd1840c3?s=96&d=mm&r=g","url":"https:\/\/secure.gravatar.com\/avatar\/4b8e5102e0015789407eb4870b12f0f2857952d83ca124058f92b764bd1840c3?s=96&d=mm&r=g","contentUrl":"https:\/\/secure.gravatar.com\/avatar\/4b8e5102e0015789407eb4870b12f0f2857952d83ca124058f92b764bd1840c3?s=96&d=mm&r=g","caption":"Maria Gil Robledo"},"sameAs":["http:\/\/unaymilletras.com"],"url":"https:\/\/unaymilletras.com\/en\/author\/mariiagiil02_\/"}]}},"_links":{"self":[{"href":"https:\/\/unaymilletras.com\/en\/wp-json\/wp\/v2\/posts\/1779","targetHints":{"allow":["GET"]}}],"collection":[{"href":"https:\/\/unaymilletras.com\/en\/wp-json\/wp\/v2\/posts"}],"about":[{"href":"https:\/\/unaymilletras.com\/en\/wp-json\/wp\/v2\/types\/post"}],"author":[{"embeddable":true,"href":"https:\/\/unaymilletras.com\/en\/wp-json\/wp\/v2\/users\/1"}],"replies":[{"embeddable":true,"href":"https:\/\/unaymilletras.com\/en\/wp-json\/wp\/v2\/comments?post=1779"}],"version-history":[{"count":5,"href":"https:\/\/unaymilletras.com\/en\/wp-json\/wp\/v2\/posts\/1779\/revisions"}],"predecessor-version":[{"id":1788,"href":"https:\/\/unaymilletras.com\/en\/wp-json\/wp\/v2\/posts\/1779\/revisions\/1788"}],"wp:featuredmedia":[{"embeddable":true,"href":"https:\/\/unaymilletras.com\/en\/wp-json\/wp\/v2\/media\/1783"}],"wp:attachment":[{"href":"https:\/\/unaymilletras.com\/en\/wp-json\/wp\/v2\/media?parent=1779"}],"wp:term":[{"taxonomy":"category","embeddable":true,"href":"https:\/\/unaymilletras.com\/en\/wp-json\/wp\/v2\/categories?post=1779"},{"taxonomy":"post_tag","embeddable":true,"href":"https:\/\/unaymilletras.com\/en\/wp-json\/wp\/v2\/tags?post=1779"}],"curies":[{"name":"wp","href":"https:\/\/api.w.org\/{rel}","templated":true}]}}