{"id":1789,"date":"2023-12-12T12:10:08","date_gmt":"2023-12-12T11:10:08","guid":{"rendered":"https:\/\/unaymilletras.com\/?p=1789"},"modified":"2023-12-12T12:10:10","modified_gmt":"2023-12-12T11:10:10","slug":"funzo-y-baby-loud-anuncian-su-gira-de-despedida","status":"publish","type":"post","link":"https:\/\/unaymilletras.com\/en\/funzo-y-baby-loud-anuncian-su-gira-de-despedida\/","title":{"rendered":"Funzo y Baby Loud anuncian su gira de despedida"},"content":{"rendered":"<div data-elementor-type=\"wp-post\" data-elementor-id=\"1789\" class=\"elementor elementor-1789\">\n\t\t\t\t\t\t<section class=\"elementor-section elementor-top-section elementor-element elementor-element-bfadfc5 elementor-section-boxed elementor-section-height-default elementor-section-height-default\" data-id=\"bfadfc5\" data-element_type=\"section\" data-e-type=\"section\">\n\t\t\t\t\t\t<div class=\"elementor-container elementor-column-gap-default\">\n\t\t\t\t\t<div class=\"elementor-column elementor-col-100 elementor-top-column elementor-element elementor-element-df87345\" data-id=\"df87345\" data-element_type=\"column\" data-e-type=\"column\">\n\t\t\t<div class=\"elementor-widget-wrap elementor-element-populated\">\n\t\t\t\t\t\t<div class=\"elementor-element elementor-element-46437a6 elementor-widget elementor-widget-text-editor\" data-id=\"46437a6\" data-element_type=\"widget\" data-e-type=\"widget\" data-widget_type=\"text-editor.default\">\n\t\t\t\t<div class=\"elementor-widget-container\">\n\t\t\t\t\t\t\t\t\t<h2><span style=\"color: #808080;\"><em>2024 ser\u00e1 el \u00faltimo a\u00f1o en el que Funzo y Baby Loud publiquen disco y hagan una gira con todos sus himnos<\/em><\/span><\/h2>\t\t\t\t\t\t\t\t<\/div>\n\t\t\t\t<\/div>\n\t\t\t\t\t<\/div>\n\t\t<\/div>\n\t\t\t\t\t<\/div>\n\t\t<\/section>\n\t\t\t\t<section class=\"elementor-section elementor-top-section elementor-element elementor-element-19ea5e6 elementor-section-boxed elementor-section-height-default elementor-section-height-default\" data-id=\"19ea5e6\" data-element_type=\"section\" data-e-type=\"section\">\n\t\t\t\t\t\t<div class=\"elementor-container elementor-column-gap-default\">\n\t\t\t\t\t<div class=\"elementor-column elementor-col-100 elementor-top-column elementor-element elementor-element-d5a45d7\" data-id=\"d5a45d7\" data-element_type=\"column\" data-e-type=\"column\">\n\t\t\t<div class=\"elementor-widget-wrap elementor-element-populated\">\n\t\t\t\t\t\t<div class=\"elementor-element elementor-element-bb1cc11 elementor-widget elementor-widget-text-editor\" data-id=\"bb1cc11\" data-element_type=\"widget\" data-e-type=\"widget\" data-widget_type=\"text-editor.default\">\n\t\t\t\t<div class=\"elementor-widget-container\">\n\t\t\t\t\t\t\t\t\t<p>El d\u00fao alicantino se separa. <strong>Funzo y Baby Loud<\/strong> han tomado la decisi\u00f3n premeditada y de mutuo acuerdo de poner fin a su carrera. Despu\u00e9s de siete a\u00f1os creando \u00e9xitos, el 2024 despedir\u00e1 a los hermanos con un \u00faltimo disco conjunto y una gira de despedida. Ambos han decidido que lo mejor es continuar con caminos profesionales por separado.<\/p><p>La gira pasar\u00e1 por 17 ciudades, comenzando el 9 de marzo en Madrid. Las entradas se pondr\u00e1n a la venta este domingo, 17 de diciembre, a las 12 de la ma\u00f1ana.<\/p>\t\t\t\t\t\t\t\t<\/div>\n\t\t\t\t<\/div>\n\t\t\t\t\t<\/div>\n\t\t<\/div>\n\t\t\t\t\t<\/div>\n\t\t<\/section>\n\t\t\t\t<section class=\"elementor-section elementor-top-section elementor-element elementor-element-1791bc6 elementor-section-boxed elementor-section-height-default elementor-section-height-default\" data-id=\"1791bc6\" data-element_type=\"section\" data-e-type=\"section\">\n\t\t\t\t\t\t<div class=\"elementor-container elementor-column-gap-default\">\n\t\t\t\t\t<div class=\"elementor-column elementor-col-100 elementor-top-column elementor-element elementor-element-6a091be\" data-id=\"6a091be\" data-element_type=\"column\" data-e-type=\"column\">\n\t\t\t<div class=\"elementor-widget-wrap elementor-element-populated\">\n\t\t\t\t\t\t<div class=\"elementor-element elementor-element-05d3ecc elementor-widget elementor-widget-image\" data-id=\"05d3ecc\" data-element_type=\"widget\" data-e-type=\"widget\" data-widget_type=\"image.default\">\n\t\t\t\t<div class=\"elementor-widget-container\">\n\t\t\t\t\t\t\t\t\t\t\t\t\t\t\t<img fetchpriority=\"high\" decoding=\"async\" width=\"640\" height=\"799\" src=\"https:\/\/unaymilletras.com\/wp-content\/uploads\/2023\/12\/fbl-820x1024.jpeg\" class=\"attachment-large size-large wp-image-1791\" alt=\"Funzo y Baby Loud\" srcset=\"https:\/\/unaymilletras.com\/wp-content\/uploads\/2023\/12\/fbl-820x1024.jpeg 820w, https:\/\/unaymilletras.com\/wp-content\/uploads\/2023\/12\/fbl-240x300.jpeg 240w, https:\/\/unaymilletras.com\/wp-content\/uploads\/2023\/12\/fbl-768x959.jpeg 768w, https:\/\/unaymilletras.com\/wp-content\/uploads\/2023\/12\/fbl-1230x1536.jpeg 1230w, https:\/\/unaymilletras.com\/wp-content\/uploads\/2023\/12\/fbl-1024x1279.jpeg 1024w, https:\/\/unaymilletras.com\/wp-content\/uploads\/2023\/12\/fbl-e1702379214506.jpeg 600w\" sizes=\"(max-width: 640px) 100vw, 640px\" \/>\t\t\t\t\t\t\t\t\t\t\t\t\t\t\t<\/div>\n\t\t\t\t<\/div>\n\t\t\t\t\t<\/div>\n\t\t<\/div>\n\t\t\t\t\t<\/div>\n\t\t<\/section>\n\t\t\t\t<section class=\"elementor-section elementor-top-section elementor-element elementor-element-7e33da1 elementor-section-boxed elementor-section-height-default elementor-section-height-default\" data-id=\"7e33da1\" data-element_type=\"section\" data-e-type=\"section\">\n\t\t\t\t\t\t<div class=\"elementor-container elementor-column-gap-default\">\n\t\t\t\t\t<div class=\"elementor-column elementor-col-100 elementor-top-column elementor-element elementor-element-d2bf803\" data-id=\"d2bf803\" data-element_type=\"column\" data-e-type=\"column\">\n\t\t\t<div class=\"elementor-widget-wrap elementor-element-populated\">\n\t\t\t\t\t\t<div class=\"elementor-element elementor-element-8b0ef4f elementor-widget elementor-widget-text-editor\" data-id=\"8b0ef4f\" data-element_type=\"widget\" data-e-type=\"widget\" data-widget_type=\"text-editor.default\">\n\t\t\t\t<div class=\"elementor-widget-container\">\n\t\t\t\t\t\t\t\t\t<p><span style=\"color: #808080;\">El a\u00f1o que viene Adri\u00e1n y Juan Carlos Gomis, m\u00e1s conocidos como Funzo y Baby Loud, publicar\u00e1n <strong><em><span style=\"color: #808080;\"><a style=\"color: #808080;\" href=\"https:\/\/open.spotify.com\/intl-es\/track\/28cN5fxRkyri38B7vYA6rp?si=a8d66644b4c54fec\">Palante<\/a><\/span>\u2019<\/em><\/strong>, su nuevo y \u00faltimo \u00e1lbum. Asimismo, har\u00e1n una gira por todo el pa\u00eds con la que quieren agradecer todo el cari\u00f1o recibido. Sus fans les hicieron llegar sus mensajes de agradecimiento y tristeza ayer a trav\u00e9s de su publicaci\u00f3n en Instagram donde hac\u00edan p\u00fablica la noticia.<\/span><\/p><p><span style=\"color: #808080;\">El d\u00fao <a style=\"color: #808080;\" href=\"https:\/\/unaymilletras.com\/en\/funzo-y-baby-loud-agotan-barcelona\/\">alicantino<\/a> ha superado barreras, creando \u00e9xitos c\u00f3mo <strong><em>B\u00e1tmovil (Remix)<\/em><\/strong>, <strong><em>Inmortales<\/em><\/strong> o <strong><em>Malib\u00fa con pi\u00f1a<\/em><\/strong> entre otros muchos. M\u00e1s de 50 millones de escucho les han convertido en el grupo m\u00e1s importante de La Nueva Ola del pop, adem\u00e1s de los pioneros. As\u00ed han conquistado a millones de oyentes, dentro y fuera de Espa\u00f1a, adem\u00e1s de llenar grandes recintos para interpretar sus temas.<\/span><\/p>\t\t\t\t\t\t\t\t<\/div>\n\t\t\t\t<\/div>\n\t\t\t\t\t<\/div>\n\t\t<\/div>\n\t\t\t\t\t<\/div>\n\t\t<\/section>\n\t\t\t\t<section class=\"elementor-section elementor-top-section elementor-element elementor-element-7282bae elementor-section-boxed elementor-section-height-default elementor-section-height-default\" data-id=\"7282bae\" data-element_type=\"section\" data-e-type=\"section\">\n\t\t\t\t\t\t<div class=\"elementor-container elementor-column-gap-default\">\n\t\t\t\t\t<div class=\"elementor-column elementor-col-100 elementor-top-column elementor-element elementor-element-e465a7e\" data-id=\"e465a7e\" data-element_type=\"column\" data-e-type=\"column\">\n\t\t\t<div class=\"elementor-widget-wrap elementor-element-populated\">\n\t\t\t\t\t\t<div class=\"elementor-element elementor-element-48c4708 elementor-widget elementor-widget-text-editor\" data-id=\"48c4708\" data-element_type=\"widget\" data-e-type=\"widget\" data-widget_type=\"text-editor.default\">\n\t\t\t\t<div class=\"elementor-widget-container\">\n\t\t\t\t\t\t\t\t\t<h4><span style=\"color: #993366;\"><em>\u00abEl amor que nos tenemos como hermanos est\u00e1 por encima del dinero y la fama, pero no sab\u00e9is lo duro que resulta gestionar todo esto. Somos muy distintos y, tras llevar media vida con este proyecto, necesitamos seguir nuestro camino profesional por separado antes de que los a\u00f1os y todo lo que conlleva la m\u00fasica desgasten nuestra relaci\u00f3n\u00bb, aseguran Funzo &amp; Baby Loud<\/em><\/span><\/h4>\t\t\t\t\t\t\t\t<\/div>\n\t\t\t\t<\/div>\n\t\t\t\t\t<\/div>\n\t\t<\/div>\n\t\t\t\t\t<\/div>\n\t\t<\/section>\n\t\t\t\t<\/div>","protected":false},"excerpt":{"rendered":"<p>2024 ser\u00e1 el \u00faltimo a\u00f1o en el que Funzo y Baby Loud publiquen disco y hagan una gira con todos sus himnos El d\u00fao alicantino se separa. Funzo y Baby Loud han tomado la decisi\u00f3n premeditada y de mutuo acuerdo de poner fin a su carrera. Despu\u00e9s de siete a\u00f1os creando \u00e9xitos, el 2024 despedir\u00e1 [&hellip;]<\/p>\n","protected":false},"author":1,"featured_media":1791,"comment_status":"open","ping_status":"open","sticky":false,"template":"","format":"standard","meta":{"footnotes":""},"categories":[119,4],"tags":[],"class_list":["post-1789","post","type-post","status-publish","format-standard","has-post-thumbnail","hentry","category-eventos","category-musica"],"yoast_head":"<!-- This site is optimized with the Yoast SEO plugin v27.4 - https:\/\/yoast.com\/product\/yoast-seo-wordpress\/ -->\n<title>Funzo y Baby Loud anuncian su gira de despedida<\/title>\n<meta name=\"description\" content=\"2024 ser\u00e1 el \u00faltimo a\u00f1o en el que Funzo y Baby Loud publiquen disco y hagan una gira con todos sus himnos en directo\" \/>\n<meta name=\"robots\" content=\"index, follow, max-snippet:-1, max-image-preview:large, max-video-preview:-1\" \/>\n<link rel=\"canonical\" href=\"https:\/\/unaymilletras.com\/en\/funzo-y-baby-loud-anuncian-su-gira-de-despedida\/\" \/>\n<meta property=\"og:locale\" content=\"en_GB\" \/>\n<meta property=\"og:type\" content=\"article\" \/>\n<meta property=\"og:title\" content=\"Funzo y Baby Loud anuncian su gira de despedida\" \/>\n<meta property=\"og:description\" content=\"2024 ser\u00e1 el \u00faltimo a\u00f1o en el que Funzo y Baby Loud publiquen disco y hagan una gira con todos sus himnos en directo\" \/>\n<meta property=\"og:url\" content=\"https:\/\/unaymilletras.com\/en\/funzo-y-baby-loud-anuncian-su-gira-de-despedida\/\" \/>\n<meta property=\"og:site_name\" content=\"Una y Mil Letras\" \/>\n<meta property=\"article:published_time\" content=\"2023-12-12T11:10:08+00:00\" \/>\n<meta property=\"article:modified_time\" content=\"2023-12-12T11:10:10+00:00\" \/>\n<meta property=\"og:image\" content=\"http:\/\/unaymilletras.com\/wp-content\/uploads\/2023\/12\/fbl-e1702379214506.jpeg\" \/>\n\t<meta property=\"og:image:width\" content=\"600\" \/>\n\t<meta property=\"og:image:height\" content=\"749\" \/>\n\t<meta property=\"og:image:type\" content=\"image\/jpeg\" \/>\n<meta name=\"author\" content=\"Maria Gil Robledo\" \/>\n<meta name=\"twitter:card\" content=\"summary_large_image\" \/>\n<meta name=\"twitter:creator\" content=\"@UnaYMilLetras\" \/>\n<meta name=\"twitter:site\" content=\"@UnaYMilLetras\" \/>\n<meta name=\"twitter:label1\" content=\"Written by\" \/>\n\t<meta name=\"twitter:data1\" content=\"Maria Gil Robledo\" \/>\n\t<meta name=\"twitter:label2\" content=\"Estimated reading time\" \/>\n\t<meta name=\"twitter:data2\" content=\"2 minutes\" \/>\n<script type=\"application\/ld+json\" class=\"yoast-schema-graph\">{\"@context\":\"https:\\\/\\\/schema.org\",\"@graph\":[{\"@type\":\"Article\",\"@id\":\"https:\\\/\\\/unaymilletras.com\\\/funzo-y-baby-loud-anuncian-su-gira-de-despedida\\\/#article\",\"isPartOf\":{\"@id\":\"https:\\\/\\\/unaymilletras.com\\\/funzo-y-baby-loud-anuncian-su-gira-de-despedida\\\/\"},\"author\":{\"name\":\"Maria Gil Robledo\",\"@id\":\"http:\\\/\\\/unaymilletras.com\\\/#\\\/schema\\\/person\\\/d55ba681b8a4e463d8982dbe36a5dc94\"},\"headline\":\"Funzo y Baby Loud anuncian su gira de despedida\",\"datePublished\":\"2023-12-12T11:10:08+00:00\",\"dateModified\":\"2023-12-12T11:10:10+00:00\",\"mainEntityOfPage\":{\"@id\":\"https:\\\/\\\/unaymilletras.com\\\/funzo-y-baby-loud-anuncian-su-gira-de-despedida\\\/\"},\"wordCount\":336,\"commentCount\":0,\"publisher\":{\"@id\":\"http:\\\/\\\/unaymilletras.com\\\/#organization\"},\"image\":{\"@id\":\"https:\\\/\\\/unaymilletras.com\\\/funzo-y-baby-loud-anuncian-su-gira-de-despedida\\\/#primaryimage\"},\"thumbnailUrl\":\"https:\\\/\\\/unaymilletras.com\\\/wp-content\\\/uploads\\\/2023\\\/12\\\/fbl-e1702379214506.jpeg\",\"articleSection\":[\"Eventos\",\"M\u00fasica\"],\"inLanguage\":\"en-GB\",\"potentialAction\":[{\"@type\":\"CommentAction\",\"name\":\"Comment\",\"target\":[\"https:\\\/\\\/unaymilletras.com\\\/funzo-y-baby-loud-anuncian-su-gira-de-despedida\\\/#respond\"]}]},{\"@type\":\"WebPage\",\"@id\":\"https:\\\/\\\/unaymilletras.com\\\/funzo-y-baby-loud-anuncian-su-gira-de-despedida\\\/\",\"url\":\"https:\\\/\\\/unaymilletras.com\\\/funzo-y-baby-loud-anuncian-su-gira-de-despedida\\\/\",\"name\":\"Funzo y Baby Loud anuncian su gira de despedida\",\"isPartOf\":{\"@id\":\"http:\\\/\\\/unaymilletras.com\\\/#website\"},\"primaryImageOfPage\":{\"@id\":\"https:\\\/\\\/unaymilletras.com\\\/funzo-y-baby-loud-anuncian-su-gira-de-despedida\\\/#primaryimage\"},\"image\":{\"@id\":\"https:\\\/\\\/unaymilletras.com\\\/funzo-y-baby-loud-anuncian-su-gira-de-despedida\\\/#primaryimage\"},\"thumbnailUrl\":\"https:\\\/\\\/unaymilletras.com\\\/wp-content\\\/uploads\\\/2023\\\/12\\\/fbl-e1702379214506.jpeg\",\"datePublished\":\"2023-12-12T11:10:08+00:00\",\"dateModified\":\"2023-12-12T11:10:10+00:00\",\"description\":\"2024 ser\u00e1 el \u00faltimo a\u00f1o en el que Funzo y Baby Loud publiquen disco y hagan una gira con todos sus himnos en directo\",\"breadcrumb\":{\"@id\":\"https:\\\/\\\/unaymilletras.com\\\/funzo-y-baby-loud-anuncian-su-gira-de-despedida\\\/#breadcrumb\"},\"inLanguage\":\"en-GB\",\"potentialAction\":[{\"@type\":\"ReadAction\",\"target\":[\"https:\\\/\\\/unaymilletras.com\\\/funzo-y-baby-loud-anuncian-su-gira-de-despedida\\\/\"]}]},{\"@type\":\"ImageObject\",\"inLanguage\":\"en-GB\",\"@id\":\"https:\\\/\\\/unaymilletras.com\\\/funzo-y-baby-loud-anuncian-su-gira-de-despedida\\\/#primaryimage\",\"url\":\"https:\\\/\\\/unaymilletras.com\\\/wp-content\\\/uploads\\\/2023\\\/12\\\/fbl-e1702379214506.jpeg\",\"contentUrl\":\"https:\\\/\\\/unaymilletras.com\\\/wp-content\\\/uploads\\\/2023\\\/12\\\/fbl-e1702379214506.jpeg\",\"width\":600,\"height\":749,\"caption\":\"Funzo y Baby Loud\"},{\"@type\":\"BreadcrumbList\",\"@id\":\"https:\\\/\\\/unaymilletras.com\\\/funzo-y-baby-loud-anuncian-su-gira-de-despedida\\\/#breadcrumb\",\"itemListElement\":[{\"@type\":\"ListItem\",\"position\":1,\"name\":\"Home\",\"item\":\"http:\\\/\\\/unaymilletras.com\\\/\"},{\"@type\":\"ListItem\",\"position\":2,\"name\":\"Funzo y Baby Loud anuncian su gira de despedida\"}]},{\"@type\":\"WebSite\",\"@id\":\"http:\\\/\\\/unaymilletras.com\\\/#website\",\"url\":\"http:\\\/\\\/unaymilletras.com\\\/\",\"name\":\"Una y Mil Letras\",\"description\":\"\",\"publisher\":{\"@id\":\"http:\\\/\\\/unaymilletras.com\\\/#organization\"},\"potentialAction\":[{\"@type\":\"SearchAction\",\"target\":{\"@type\":\"EntryPoint\",\"urlTemplate\":\"http:\\\/\\\/unaymilletras.com\\\/?s={search_term_string}\"},\"query-input\":{\"@type\":\"PropertyValueSpecification\",\"valueRequired\":true,\"valueName\":\"search_term_string\"}}],\"inLanguage\":\"en-GB\"},{\"@type\":\"Organization\",\"@id\":\"http:\\\/\\\/unaymilletras.com\\\/#organization\",\"name\":\"Una y Mil Letras\",\"url\":\"http:\\\/\\\/unaymilletras.com\\\/\",\"logo\":{\"@type\":\"ImageObject\",\"inLanguage\":\"en-GB\",\"@id\":\"http:\\\/\\\/unaymilletras.com\\\/#\\\/schema\\\/logo\\\/image\\\/\",\"url\":\"https:\\\/\\\/unaymilletras.com\\\/wp-content\\\/uploads\\\/2024\\\/06\\\/cropped-Logo-removebg-preview.png\",\"contentUrl\":\"https:\\\/\\\/unaymilletras.com\\\/wp-content\\\/uploads\\\/2024\\\/06\\\/cropped-Logo-removebg-preview.png\",\"width\":512,\"height\":512,\"caption\":\"Una y Mil Letras\"},\"image\":{\"@id\":\"http:\\\/\\\/unaymilletras.com\\\/#\\\/schema\\\/logo\\\/image\\\/\"},\"sameAs\":[\"https:\\\/\\\/x.com\\\/UnaYMilLetras\",\"https:\\\/\\\/instagram.com\\\/UnaYMilLetras\"]},{\"@type\":\"Person\",\"@id\":\"http:\\\/\\\/unaymilletras.com\\\/#\\\/schema\\\/person\\\/d55ba681b8a4e463d8982dbe36a5dc94\",\"name\":\"Maria Gil Robledo\",\"image\":{\"@type\":\"ImageObject\",\"inLanguage\":\"en-GB\",\"@id\":\"https:\\\/\\\/secure.gravatar.com\\\/avatar\\\/4b8e5102e0015789407eb4870b12f0f2857952d83ca124058f92b764bd1840c3?s=96&d=mm&r=g\",\"url\":\"https:\\\/\\\/secure.gravatar.com\\\/avatar\\\/4b8e5102e0015789407eb4870b12f0f2857952d83ca124058f92b764bd1840c3?s=96&d=mm&r=g\",\"contentUrl\":\"https:\\\/\\\/secure.gravatar.com\\\/avatar\\\/4b8e5102e0015789407eb4870b12f0f2857952d83ca124058f92b764bd1840c3?s=96&d=mm&r=g\",\"caption\":\"Maria Gil Robledo\"},\"sameAs\":[\"http:\\\/\\\/unaymilletras.com\"],\"url\":\"https:\\\/\\\/unaymilletras.com\\\/en\\\/author\\\/mariiagiil02_\\\/\"}]}<\/script>\n<!-- \/ Yoast SEO plugin. -->","yoast_head_json":{"title":"Funzo y Baby Loud anuncian su gira de despedida","description":"2024 ser\u00e1 el \u00faltimo a\u00f1o en el que Funzo y Baby Loud publiquen disco y hagan una gira con todos sus himnos en directo","robots":{"index":"index","follow":"follow","max-snippet":"max-snippet:-1","max-image-preview":"max-image-preview:large","max-video-preview":"max-video-preview:-1"},"canonical":"https:\/\/unaymilletras.com\/en\/funzo-y-baby-loud-anuncian-su-gira-de-despedida\/","og_locale":"en_GB","og_type":"article","og_title":"Funzo y Baby Loud anuncian su gira de despedida","og_description":"2024 ser\u00e1 el \u00faltimo a\u00f1o en el que Funzo y Baby Loud publiquen disco y hagan una gira con todos sus himnos en directo","og_url":"https:\/\/unaymilletras.com\/en\/funzo-y-baby-loud-anuncian-su-gira-de-despedida\/","og_site_name":"Una y Mil Letras","article_published_time":"2023-12-12T11:10:08+00:00","article_modified_time":"2023-12-12T11:10:10+00:00","og_image":[{"width":600,"height":749,"url":"http:\/\/unaymilletras.com\/wp-content\/uploads\/2023\/12\/fbl-e1702379214506.jpeg","type":"image\/jpeg"}],"author":"Maria Gil Robledo","twitter_card":"summary_large_image","twitter_creator":"@UnaYMilLetras","twitter_site":"@UnaYMilLetras","twitter_misc":{"Written by":"Maria Gil Robledo","Estimated reading time":"2 minutes"},"schema":{"@context":"https:\/\/schema.org","@graph":[{"@type":"Article","@id":"https:\/\/unaymilletras.com\/funzo-y-baby-loud-anuncian-su-gira-de-despedida\/#article","isPartOf":{"@id":"https:\/\/unaymilletras.com\/funzo-y-baby-loud-anuncian-su-gira-de-despedida\/"},"author":{"name":"Maria Gil Robledo","@id":"http:\/\/unaymilletras.com\/#\/schema\/person\/d55ba681b8a4e463d8982dbe36a5dc94"},"headline":"Funzo y Baby Loud anuncian su gira de despedida","datePublished":"2023-12-12T11:10:08+00:00","dateModified":"2023-12-12T11:10:10+00:00","mainEntityOfPage":{"@id":"https:\/\/unaymilletras.com\/funzo-y-baby-loud-anuncian-su-gira-de-despedida\/"},"wordCount":336,"commentCount":0,"publisher":{"@id":"http:\/\/unaymilletras.com\/#organization"},"image":{"@id":"https:\/\/unaymilletras.com\/funzo-y-baby-loud-anuncian-su-gira-de-despedida\/#primaryimage"},"thumbnailUrl":"https:\/\/unaymilletras.com\/wp-content\/uploads\/2023\/12\/fbl-e1702379214506.jpeg","articleSection":["Eventos","M\u00fasica"],"inLanguage":"en-GB","potentialAction":[{"@type":"CommentAction","name":"Comment","target":["https:\/\/unaymilletras.com\/funzo-y-baby-loud-anuncian-su-gira-de-despedida\/#respond"]}]},{"@type":"WebPage","@id":"https:\/\/unaymilletras.com\/funzo-y-baby-loud-anuncian-su-gira-de-despedida\/","url":"https:\/\/unaymilletras.com\/funzo-y-baby-loud-anuncian-su-gira-de-despedida\/","name":"Funzo y Baby Loud anuncian su gira de despedida","isPartOf":{"@id":"http:\/\/unaymilletras.com\/#website"},"primaryImageOfPage":{"@id":"https:\/\/unaymilletras.com\/funzo-y-baby-loud-anuncian-su-gira-de-despedida\/#primaryimage"},"image":{"@id":"https:\/\/unaymilletras.com\/funzo-y-baby-loud-anuncian-su-gira-de-despedida\/#primaryimage"},"thumbnailUrl":"https:\/\/unaymilletras.com\/wp-content\/uploads\/2023\/12\/fbl-e1702379214506.jpeg","datePublished":"2023-12-12T11:10:08+00:00","dateModified":"2023-12-12T11:10:10+00:00","description":"2024 ser\u00e1 el \u00faltimo a\u00f1o en el que Funzo y Baby Loud publiquen disco y hagan una gira con todos sus himnos en directo","breadcrumb":{"@id":"https:\/\/unaymilletras.com\/funzo-y-baby-loud-anuncian-su-gira-de-despedida\/#breadcrumb"},"inLanguage":"en-GB","potentialAction":[{"@type":"ReadAction","target":["https:\/\/unaymilletras.com\/funzo-y-baby-loud-anuncian-su-gira-de-despedida\/"]}]},{"@type":"ImageObject","inLanguage":"en-GB","@id":"https:\/\/unaymilletras.com\/funzo-y-baby-loud-anuncian-su-gira-de-despedida\/#primaryimage","url":"https:\/\/unaymilletras.com\/wp-content\/uploads\/2023\/12\/fbl-e1702379214506.jpeg","contentUrl":"https:\/\/unaymilletras.com\/wp-content\/uploads\/2023\/12\/fbl-e1702379214506.jpeg","width":600,"height":749,"caption":"Funzo y Baby Loud"},{"@type":"BreadcrumbList","@id":"https:\/\/unaymilletras.com\/funzo-y-baby-loud-anuncian-su-gira-de-despedida\/#breadcrumb","itemListElement":[{"@type":"ListItem","position":1,"name":"Home","item":"http:\/\/unaymilletras.com\/"},{"@type":"ListItem","position":2,"name":"Funzo y Baby Loud anuncian su gira de despedida"}]},{"@type":"WebSite","@id":"http:\/\/unaymilletras.com\/#website","url":"http:\/\/unaymilletras.com\/","name":"Una y Mil Letras","description":"","publisher":{"@id":"http:\/\/unaymilletras.com\/#organization"},"potentialAction":[{"@type":"SearchAction","target":{"@type":"EntryPoint","urlTemplate":"http:\/\/unaymilletras.com\/?s={search_term_string}"},"query-input":{"@type":"PropertyValueSpecification","valueRequired":true,"valueName":"search_term_string"}}],"inLanguage":"en-GB"},{"@type":"Organization","@id":"http:\/\/unaymilletras.com\/#organization","name":"Una y Mil Letras","url":"http:\/\/unaymilletras.com\/","logo":{"@type":"ImageObject","inLanguage":"en-GB","@id":"http:\/\/unaymilletras.com\/#\/schema\/logo\/image\/","url":"https:\/\/unaymilletras.com\/wp-content\/uploads\/2024\/06\/cropped-Logo-removebg-preview.png","contentUrl":"https:\/\/unaymilletras.com\/wp-content\/uploads\/2024\/06\/cropped-Logo-removebg-preview.png","width":512,"height":512,"caption":"Una y Mil Letras"},"image":{"@id":"http:\/\/unaymilletras.com\/#\/schema\/logo\/image\/"},"sameAs":["https:\/\/x.com\/UnaYMilLetras","https:\/\/instagram.com\/UnaYMilLetras"]},{"@type":"Person","@id":"http:\/\/unaymilletras.com\/#\/schema\/person\/d55ba681b8a4e463d8982dbe36a5dc94","name":"Maria Gil Robledo","image":{"@type":"ImageObject","inLanguage":"en-GB","@id":"https:\/\/secure.gravatar.com\/avatar\/4b8e5102e0015789407eb4870b12f0f2857952d83ca124058f92b764bd1840c3?s=96&d=mm&r=g","url":"https:\/\/secure.gravatar.com\/avatar\/4b8e5102e0015789407eb4870b12f0f2857952d83ca124058f92b764bd1840c3?s=96&d=mm&r=g","contentUrl":"https:\/\/secure.gravatar.com\/avatar\/4b8e5102e0015789407eb4870b12f0f2857952d83ca124058f92b764bd1840c3?s=96&d=mm&r=g","caption":"Maria Gil Robledo"},"sameAs":["http:\/\/unaymilletras.com"],"url":"https:\/\/unaymilletras.com\/en\/author\/mariiagiil02_\/"}]}},"_links":{"self":[{"href":"https:\/\/unaymilletras.com\/en\/wp-json\/wp\/v2\/posts\/1789","targetHints":{"allow":["GET"]}}],"collection":[{"href":"https:\/\/unaymilletras.com\/en\/wp-json\/wp\/v2\/posts"}],"about":[{"href":"https:\/\/unaymilletras.com\/en\/wp-json\/wp\/v2\/types\/post"}],"author":[{"embeddable":true,"href":"https:\/\/unaymilletras.com\/en\/wp-json\/wp\/v2\/users\/1"}],"replies":[{"embeddable":true,"href":"https:\/\/unaymilletras.com\/en\/wp-json\/wp\/v2\/comments?post=1789"}],"version-history":[{"count":4,"href":"https:\/\/unaymilletras.com\/en\/wp-json\/wp\/v2\/posts\/1789\/revisions"}],"predecessor-version":[{"id":1794,"href":"https:\/\/unaymilletras.com\/en\/wp-json\/wp\/v2\/posts\/1789\/revisions\/1794"}],"wp:featuredmedia":[{"embeddable":true,"href":"https:\/\/unaymilletras.com\/en\/wp-json\/wp\/v2\/media\/1791"}],"wp:attachment":[{"href":"https:\/\/unaymilletras.com\/en\/wp-json\/wp\/v2\/media?parent=1789"}],"wp:term":[{"taxonomy":"category","embeddable":true,"href":"https:\/\/unaymilletras.com\/en\/wp-json\/wp\/v2\/categories?post=1789"},{"taxonomy":"post_tag","embeddable":true,"href":"https:\/\/unaymilletras.com\/en\/wp-json\/wp\/v2\/tags?post=1789"}],"curies":[{"name":"wp","href":"https:\/\/api.w.org\/{rel}","templated":true}]}}