{"id":1822,"date":"2023-12-20T00:42:51","date_gmt":"2023-12-19T23:42:51","guid":{"rendered":"https:\/\/unaymilletras.com\/?p=1822"},"modified":"2023-12-20T00:43:10","modified_gmt":"2023-12-19T23:43:10","slug":"lola-indigo-cierra-su-gira-con-un-concierto-inigualable","status":"publish","type":"post","link":"https:\/\/unaymilletras.com\/en\/lola-indigo-cierra-su-gira-con-un-concierto-inigualable\/","title":{"rendered":"Lola \u00cdndigo cierra su gira con un concierto inigualable"},"content":{"rendered":"<div data-elementor-type=\"wp-post\" data-elementor-id=\"1822\" class=\"elementor elementor-1822\">\n\t\t\t\t\t\t<section class=\"elementor-section elementor-top-section elementor-element elementor-element-aa25ac8 elementor-section-boxed elementor-section-height-default elementor-section-height-default\" data-id=\"aa25ac8\" data-element_type=\"section\" data-e-type=\"section\">\n\t\t\t\t\t\t<div class=\"elementor-container elementor-column-gap-default\">\n\t\t\t\t\t<div class=\"elementor-column elementor-col-100 elementor-top-column elementor-element elementor-element-b24ed7f\" data-id=\"b24ed7f\" data-element_type=\"column\" data-e-type=\"column\">\n\t\t\t<div class=\"elementor-widget-wrap elementor-element-populated\">\n\t\t\t\t\t\t<div class=\"elementor-element elementor-element-090b5f4 elementor-widget elementor-widget-text-editor\" data-id=\"090b5f4\" data-element_type=\"widget\" data-e-type=\"widget\" data-widget_type=\"text-editor.default\">\n\t\t\t\t<div class=\"elementor-widget-container\">\n\t\t\t\t\t\t\t\t\t<h2><span style=\"color: #808080;\"><em>M\u00e1s de dos horas de espect\u00e1culo lleno de baile en el que Lola \u00cdndigo no defraud\u00f3 en ning\u00fan momento<\/em><\/span><\/h2>\t\t\t\t\t\t\t\t<\/div>\n\t\t\t\t<\/div>\n\t\t\t\t\t<\/div>\n\t\t<\/div>\n\t\t\t\t\t<\/div>\n\t\t<\/section>\n\t\t\t\t<section class=\"elementor-section elementor-top-section elementor-element elementor-element-48fea8b elementor-section-boxed elementor-section-height-default elementor-section-height-default\" data-id=\"48fea8b\" data-element_type=\"section\" data-e-type=\"section\">\n\t\t\t\t\t\t<div class=\"elementor-container elementor-column-gap-default\">\n\t\t\t\t\t<div class=\"elementor-column elementor-col-100 elementor-top-column elementor-element elementor-element-1662afd\" data-id=\"1662afd\" data-element_type=\"column\" data-e-type=\"column\">\n\t\t\t<div class=\"elementor-widget-wrap elementor-element-populated\">\n\t\t\t\t\t\t<div class=\"elementor-element elementor-element-b9f81f9 elementor-widget elementor-widget-text-editor\" data-id=\"b9f81f9\" data-element_type=\"widget\" data-e-type=\"widget\" data-widget_type=\"text-editor.default\">\n\t\t\t\t<div class=\"elementor-widget-container\">\n\t\t\t\t\t\t\t\t\t<p><span style=\"color: #808080;\">A las 21:40 comenzaba a sonar m\u00fasica y <strong>Lola \u00cdndigo<\/strong> sale de su ya m\u00edtico huevo haciendo al p\u00fablico enloquecer. Los gritos entusiastas de los fans hac\u00edan un inmejorable inicio de <a style=\"color: #808080;\" href=\"https:\/\/unaymilletras.com\/en\/el-dragon-de-lola-indigo-vuelve-a-madrid\/\">show<\/a>. La grana\u00edna da comienzo con <strong><em>Animal<\/em><\/strong>, una de sus canciones m\u00e1s conocidas, y el recinto empieza a temblar. Dos canciones m\u00e1s tarde, <strong><em>Discoteka<\/em><\/strong>, la canci\u00f3n m\u00e1s reciente que tiene junto a <strong>Mar\u00eda Becerra<\/strong> convert\u00eda el pabell\u00f3n 12 de IFEMA en una fiesta.\u00a0Comenzaba con una intro de la m\u00edtica canci\u00f3n de <em>D\u00f3nde est\u00e1n las gatas<\/em> y una coreograf\u00eda acorde a ello.<\/span><\/p>\t\t\t\t\t\t\t\t<\/div>\n\t\t\t\t<\/div>\n\t\t\t\t\t<\/div>\n\t\t<\/div>\n\t\t\t\t\t<\/div>\n\t\t<\/section>\n\t\t\t\t<section class=\"elementor-section elementor-top-section elementor-element elementor-element-8cbe09b elementor-section-boxed elementor-section-height-default elementor-section-height-default\" data-id=\"8cbe09b\" data-element_type=\"section\" data-e-type=\"section\">\n\t\t\t\t\t\t<div class=\"elementor-container elementor-column-gap-default\">\n\t\t\t\t\t<div class=\"elementor-column elementor-col-100 elementor-top-column elementor-element elementor-element-8a810d6\" data-id=\"8a810d6\" data-element_type=\"column\" data-e-type=\"column\">\n\t\t\t<div class=\"elementor-widget-wrap elementor-element-populated\">\n\t\t\t\t\t\t<div class=\"elementor-element elementor-element-52217d2 elementor-widget elementor-widget-image\" data-id=\"52217d2\" data-element_type=\"widget\" data-e-type=\"widget\" data-widget_type=\"image.default\">\n\t\t\t\t<div class=\"elementor-widget-container\">\n\t\t\t\t\t\t\t\t\t\t\t\t<figure class=\"wp-caption\">\n\t\t\t\t\t\t\t\t\t\t<img fetchpriority=\"high\" decoding=\"async\" width=\"640\" height=\"427\" src=\"https:\/\/unaymilletras.com\/wp-content\/uploads\/2023\/12\/LOLA-INDIGO_CHRISTMAS-BY-STARLITE-18.12.23-6-1024x683.jpg\" class=\"attachment-large size-large wp-image-1824\" alt=\"Lola \u00cdndigo\" srcset=\"https:\/\/unaymilletras.com\/wp-content\/uploads\/2023\/12\/LOLA-INDIGO_CHRISTMAS-BY-STARLITE-18.12.23-6-1024x683.jpg 1024w, https:\/\/unaymilletras.com\/wp-content\/uploads\/2023\/12\/LOLA-INDIGO_CHRISTMAS-BY-STARLITE-18.12.23-6-300x200.jpg 300w, https:\/\/unaymilletras.com\/wp-content\/uploads\/2023\/12\/LOLA-INDIGO_CHRISTMAS-BY-STARLITE-18.12.23-6-768x512.jpg 768w, https:\/\/unaymilletras.com\/wp-content\/uploads\/2023\/12\/LOLA-INDIGO_CHRISTMAS-BY-STARLITE-18.12.23-6-1536x1024.jpg 1536w, https:\/\/unaymilletras.com\/wp-content\/uploads\/2023\/12\/LOLA-INDIGO_CHRISTMAS-BY-STARLITE-18.12.23-6-2048x1365.jpg 2048w, https:\/\/unaymilletras.com\/wp-content\/uploads\/2023\/12\/LOLA-INDIGO_CHRISTMAS-BY-STARLITE-18.12.23-6-scaled-e1703028596112.jpg 600w\" sizes=\"(max-width: 640px) 100vw, 640px\" \/>\t\t\t\t\t\t\t\t\t\t\t<figcaption class=\"widget-image-caption wp-caption-text\">Foto: Christmas by Starlite<\/figcaption>\n\t\t\t\t\t\t\t\t\t\t<\/figure>\n\t\t\t\t\t\t\t\t\t<\/div>\n\t\t\t\t<\/div>\n\t\t\t\t\t<\/div>\n\t\t<\/div>\n\t\t\t\t\t<\/div>\n\t\t<\/section>\n\t\t\t\t<section class=\"elementor-section elementor-top-section elementor-element elementor-element-ff07d80 elementor-section-boxed elementor-section-height-default elementor-section-height-default\" data-id=\"ff07d80\" data-element_type=\"section\" data-e-type=\"section\">\n\t\t\t\t\t\t<div class=\"elementor-container elementor-column-gap-default\">\n\t\t\t\t\t<div class=\"elementor-column elementor-col-100 elementor-top-column elementor-element elementor-element-ee2efb6\" data-id=\"ee2efb6\" data-element_type=\"column\" data-e-type=\"column\">\n\t\t\t<div class=\"elementor-widget-wrap elementor-element-populated\">\n\t\t\t\t\t\t<div class=\"elementor-element elementor-element-7c79108 elementor-widget elementor-widget-text-editor\" data-id=\"7c79108\" data-element_type=\"widget\" data-e-type=\"widget\" data-widget_type=\"text-editor.default\">\n\t\t\t\t<div class=\"elementor-widget-container\">\n\t\t\t\t\t\t\t\t\t<p>Palabras de agradecimiento al festival por permitirle hacer el \u00faltimo show del tour. Un espect\u00e1culo que cambia y evoluciona de forma constante. Las canciones que se han escuchado durante esta gira, puede que no se vuelvan a cantar en directo. A cambio, llegar\u00e1n otras nuevas que querr\u00e1n seguir conquistando el panorama musical. \u00a0Lola \u00cdndigo incita a cantar, bailar y disfrutar para crear un recuerdo imborrable y, tras este peque\u00f1o discurso, continu\u00f3 con el <strong><em>T<\/em><\/strong><strong><em>urismo<\/em><\/strong> por Argentina cantando su colaboraci\u00f3n con <strong>Sael<\/strong>. Para ello, al inicio de la canci\u00f3n dividi\u00f3 al p\u00fablico en dos, pidi\u00e9ndoles ayuda con los coros.<\/p>\t\t\t\t\t\t\t\t<\/div>\n\t\t\t\t<\/div>\n\t\t\t\t\t<\/div>\n\t\t<\/div>\n\t\t\t\t\t<\/div>\n\t\t<\/section>\n\t\t\t\t<section class=\"elementor-section elementor-top-section elementor-element elementor-element-ab68900 elementor-section-boxed elementor-section-height-default elementor-section-height-default\" data-id=\"ab68900\" data-element_type=\"section\" data-e-type=\"section\">\n\t\t\t\t\t\t<div class=\"elementor-container elementor-column-gap-default\">\n\t\t\t\t\t<div class=\"elementor-column elementor-col-50 elementor-top-column elementor-element elementor-element-7e065bd\" data-id=\"7e065bd\" data-element_type=\"column\" data-e-type=\"column\">\n\t\t\t<div class=\"elementor-widget-wrap elementor-element-populated\">\n\t\t\t\t\t\t<div class=\"elementor-element elementor-element-d8f8fca elementor-widget elementor-widget-image\" data-id=\"d8f8fca\" data-element_type=\"widget\" data-e-type=\"widget\" data-widget_type=\"image.default\">\n\t\t\t\t<div class=\"elementor-widget-container\">\n\t\t\t\t\t\t\t\t\t\t\t\t<figure class=\"wp-caption\">\n\t\t\t\t\t\t\t\t\t\t<img decoding=\"async\" width=\"640\" height=\"427\" src=\"https:\/\/unaymilletras.com\/wp-content\/uploads\/2023\/12\/LOLA-INDIGO_CHRISTMAS-BY-STARLITE-18.12.23-1--1024x683.jpg\" class=\"attachment-large size-large wp-image-1827\" alt=\"\" srcset=\"https:\/\/unaymilletras.com\/wp-content\/uploads\/2023\/12\/LOLA-INDIGO_CHRISTMAS-BY-STARLITE-18.12.23-1--1024x683.jpg 1024w, https:\/\/unaymilletras.com\/wp-content\/uploads\/2023\/12\/LOLA-INDIGO_CHRISTMAS-BY-STARLITE-18.12.23-1--300x200.jpg 300w, https:\/\/unaymilletras.com\/wp-content\/uploads\/2023\/12\/LOLA-INDIGO_CHRISTMAS-BY-STARLITE-18.12.23-1--768x512.jpg 768w, https:\/\/unaymilletras.com\/wp-content\/uploads\/2023\/12\/LOLA-INDIGO_CHRISTMAS-BY-STARLITE-18.12.23-1--1536x1024.jpg 1536w, https:\/\/unaymilletras.com\/wp-content\/uploads\/2023\/12\/LOLA-INDIGO_CHRISTMAS-BY-STARLITE-18.12.23-1--2048x1365.jpg 2048w, https:\/\/unaymilletras.com\/wp-content\/uploads\/2023\/12\/LOLA-INDIGO_CHRISTMAS-BY-STARLITE-18.12.23-1--scaled-e1703028736513.jpg 600w\" sizes=\"(max-width: 640px) 100vw, 640px\" \/>\t\t\t\t\t\t\t\t\t\t\t<figcaption class=\"widget-image-caption wp-caption-text\">Foto: Christmas by Starlite<\/figcaption>\n\t\t\t\t\t\t\t\t\t\t<\/figure>\n\t\t\t\t\t\t\t\t\t<\/div>\n\t\t\t\t<\/div>\n\t\t\t\t\t<\/div>\n\t\t<\/div>\n\t\t\t\t<div class=\"elementor-column elementor-col-50 elementor-top-column elementor-element elementor-element-b32e0c1\" data-id=\"b32e0c1\" data-element_type=\"column\" data-e-type=\"column\">\n\t\t\t<div class=\"elementor-widget-wrap elementor-element-populated\">\n\t\t\t\t\t\t<div class=\"elementor-element elementor-element-a6d37b5 elementor-widget elementor-widget-image\" data-id=\"a6d37b5\" data-element_type=\"widget\" data-e-type=\"widget\" data-widget_type=\"image.default\">\n\t\t\t\t<div class=\"elementor-widget-container\">\n\t\t\t\t\t\t\t\t\t\t\t\t<figure class=\"wp-caption\">\n\t\t\t\t\t\t\t\t\t\t<img decoding=\"async\" width=\"640\" height=\"427\" src=\"https:\/\/unaymilletras.com\/wp-content\/uploads\/2023\/12\/LOLA-INDIGO_CHRISTMAS-BY-STARLITE-18.12.23-7-1024x683.jpg\" class=\"attachment-large size-large wp-image-1826\" alt=\"Lola \u00cdndigo\" srcset=\"https:\/\/unaymilletras.com\/wp-content\/uploads\/2023\/12\/LOLA-INDIGO_CHRISTMAS-BY-STARLITE-18.12.23-7-1024x683.jpg 1024w, https:\/\/unaymilletras.com\/wp-content\/uploads\/2023\/12\/LOLA-INDIGO_CHRISTMAS-BY-STARLITE-18.12.23-7-300x200.jpg 300w, https:\/\/unaymilletras.com\/wp-content\/uploads\/2023\/12\/LOLA-INDIGO_CHRISTMAS-BY-STARLITE-18.12.23-7-768x512.jpg 768w, https:\/\/unaymilletras.com\/wp-content\/uploads\/2023\/12\/LOLA-INDIGO_CHRISTMAS-BY-STARLITE-18.12.23-7-1536x1024.jpg 1536w, https:\/\/unaymilletras.com\/wp-content\/uploads\/2023\/12\/LOLA-INDIGO_CHRISTMAS-BY-STARLITE-18.12.23-7-2048x1365.jpg 2048w, https:\/\/unaymilletras.com\/wp-content\/uploads\/2023\/12\/LOLA-INDIGO_CHRISTMAS-BY-STARLITE-18.12.23-7-scaled-e1703028724919.jpg 600w\" sizes=\"(max-width: 640px) 100vw, 640px\" \/>\t\t\t\t\t\t\t\t\t\t\t<figcaption class=\"widget-image-caption wp-caption-text\">Foto: Christmas by Starlite<\/figcaption>\n\t\t\t\t\t\t\t\t\t\t<\/figure>\n\t\t\t\t\t\t\t\t\t<\/div>\n\t\t\t\t<\/div>\n\t\t\t\t\t<\/div>\n\t\t<\/div>\n\t\t\t\t\t<\/div>\n\t\t<\/section>\n\t\t\t\t<section class=\"elementor-section elementor-top-section elementor-element elementor-element-6ec0683 elementor-section-boxed elementor-section-height-default elementor-section-height-default\" data-id=\"6ec0683\" data-element_type=\"section\" data-e-type=\"section\">\n\t\t\t\t\t\t<div class=\"elementor-container elementor-column-gap-default\">\n\t\t\t\t\t<div class=\"elementor-column elementor-col-100 elementor-top-column elementor-element elementor-element-777a8c4\" data-id=\"777a8c4\" data-element_type=\"column\" data-e-type=\"column\">\n\t\t\t<div class=\"elementor-widget-wrap elementor-element-populated\">\n\t\t\t\t\t\t<div class=\"elementor-element elementor-element-97b27cc elementor-widget elementor-widget-text-editor\" data-id=\"97b27cc\" data-element_type=\"widget\" data-e-type=\"widget\" data-widget_type=\"text-editor.default\">\n\t\t\t\t<div class=\"elementor-widget-container\">\n\t\t\t\t\t\t\t\t\t<p>Casi a capella comenzaba <strong><em>Toy Story<\/em><\/strong> pero no tardaba en romper para poner al p\u00fablico a bailar. Despu\u00e9s, Lola \u00edndigo quiso hacer un recorrido por algunas de sus canciones m\u00e1s ic\u00f3nicas como <strong><em>La Ni\u00f1a de la Escuela<\/em><\/strong>, junto a <strong>Tini<\/strong> y <strong>Belinda<\/strong>; <strong><em>4 Besos<\/em><\/strong>, con <strong>Rauw Alejandro<\/strong> y <strong>Lalo Ebratt<\/strong>; o <strong><em>Tiki Tiki<\/em><\/strong>, con <strong>Ptazeta<\/strong>. En esta \u00faltima performance, las bailarinas que le acompa\u00f1an tuvieron su propio momento para lucirse, donde demostraron, una vez m\u00e1s, su gran talento.\u00a0<\/p><p>Entre tanto movimiento, luz y bailes, lleg\u00f3 un momento de calma. Una cinem\u00e1tica de transformaci\u00f3n, como si de una Winx se tratase, daba paso al aut\u00e9ntico <strong><em>D<\/em><\/strong><strong><em>rag\u00f3n<\/em><\/strong>.\u00a0La grana\u00edna volv\u00eda al escenario tranquila, con una capa y dispuesta a emocionar a todos los presentes con su siguiente tema. Una canci\u00f3n personal con la que puso los pelos de punta al p\u00fablico.<\/p>\t\t\t\t\t\t\t\t<\/div>\n\t\t\t\t<\/div>\n\t\t\t\t\t<\/div>\n\t\t<\/div>\n\t\t\t\t\t<\/div>\n\t\t<\/section>\n\t\t\t\t<section class=\"elementor-section elementor-top-section elementor-element elementor-element-c9c4ad8 elementor-section-boxed elementor-section-height-default elementor-section-height-default\" data-id=\"c9c4ad8\" data-element_type=\"section\" data-e-type=\"section\">\n\t\t\t\t\t\t<div class=\"elementor-container elementor-column-gap-default\">\n\t\t\t\t\t<div class=\"elementor-column elementor-col-100 elementor-top-column elementor-element elementor-element-1c3c63e\" data-id=\"1c3c63e\" data-element_type=\"column\" data-e-type=\"column\">\n\t\t\t<div class=\"elementor-widget-wrap elementor-element-populated\">\n\t\t\t\t\t\t<div class=\"elementor-element elementor-element-7512d14 elementor-widget elementor-widget-image\" data-id=\"7512d14\" data-element_type=\"widget\" data-e-type=\"widget\" data-widget_type=\"image.default\">\n\t\t\t\t<div class=\"elementor-widget-container\">\n\t\t\t\t\t\t\t\t\t\t\t\t<figure class=\"wp-caption\">\n\t\t\t\t\t\t\t\t\t\t<img loading=\"lazy\" decoding=\"async\" width=\"640\" height=\"427\" src=\"https:\/\/unaymilletras.com\/wp-content\/uploads\/2023\/12\/LOLA-INDIGO_CHRISTMAS-BY-STARLITE-18.12.23-11-1024x683.jpg\" class=\"attachment-large size-large wp-image-1828\" alt=\"Lola \u00cdndigo\" srcset=\"https:\/\/unaymilletras.com\/wp-content\/uploads\/2023\/12\/LOLA-INDIGO_CHRISTMAS-BY-STARLITE-18.12.23-11-1024x683.jpg 1024w, https:\/\/unaymilletras.com\/wp-content\/uploads\/2023\/12\/LOLA-INDIGO_CHRISTMAS-BY-STARLITE-18.12.23-11-300x200.jpg 300w, https:\/\/unaymilletras.com\/wp-content\/uploads\/2023\/12\/LOLA-INDIGO_CHRISTMAS-BY-STARLITE-18.12.23-11-768x512.jpg 768w, https:\/\/unaymilletras.com\/wp-content\/uploads\/2023\/12\/LOLA-INDIGO_CHRISTMAS-BY-STARLITE-18.12.23-11-1536x1024.jpg 1536w, https:\/\/unaymilletras.com\/wp-content\/uploads\/2023\/12\/LOLA-INDIGO_CHRISTMAS-BY-STARLITE-18.12.23-11-2048x1365.jpg 2048w, https:\/\/unaymilletras.com\/wp-content\/uploads\/2023\/12\/LOLA-INDIGO_CHRISTMAS-BY-STARLITE-18.12.23-11-scaled-e1703028791248.jpg 600w\" sizes=\"(max-width: 640px) 100vw, 640px\" \/>\t\t\t\t\t\t\t\t\t\t\t<figcaption class=\"widget-image-caption wp-caption-text\">Foto: Christmas by Starlite<\/figcaption>\n\t\t\t\t\t\t\t\t\t\t<\/figure>\n\t\t\t\t\t\t\t\t\t<\/div>\n\t\t\t\t<\/div>\n\t\t\t\t\t<\/div>\n\t\t<\/div>\n\t\t\t\t\t<\/div>\n\t\t<\/section>\n\t\t\t\t<section class=\"elementor-section elementor-top-section elementor-element elementor-element-3895db2 elementor-section-boxed elementor-section-height-default elementor-section-height-default\" data-id=\"3895db2\" data-element_type=\"section\" data-e-type=\"section\">\n\t\t\t\t\t\t<div class=\"elementor-container elementor-column-gap-default\">\n\t\t\t\t\t<div class=\"elementor-column elementor-col-100 elementor-top-column elementor-element elementor-element-10fe5c0\" data-id=\"10fe5c0\" data-element_type=\"column\" data-e-type=\"column\">\n\t\t\t<div class=\"elementor-widget-wrap elementor-element-populated\">\n\t\t\t\t\t\t<div class=\"elementor-element elementor-element-6652dc0 elementor-widget elementor-widget-text-editor\" data-id=\"6652dc0\" data-element_type=\"widget\" data-e-type=\"widget\" data-widget_type=\"text-editor.default\">\n\t\t\t\t<div class=\"elementor-widget-container\">\n\t\t\t\t\t\t\t\t\t<p>Tras las l\u00e1grimas llegan los <strong><em>Corazones rotos<\/em><\/strong>, colaboraci\u00f3n con Luis Fonsi. Vuelve el movimiento al escenario con m\u00e1s canciones con las que los fans no pudieron evitar bailar. Hechiz\u00f3 al p\u00fablico con <strong><em>M<\/em><\/strong><strong><em>ujer <\/em><\/strong><strong><em>Br<\/em><\/strong><strong><em>uja<\/em><\/strong>, haciendo aut\u00e9ntica <strong><em>Santer\u00eda<\/em><\/strong>. Una uni\u00f3n entre canciones gal\u00e1ctica a juego con el vestuario, que caracteriz\u00f3 la primera mitad del show. Una combinaci\u00f3n de luces, colores y sonidos que creaban un show original.<\/p><p>Tras mucho baile una vez m\u00e1s, llega un momento m\u00e1s tranquilo y el flamenco inunda todo el recinto para dar paso a <strong><em>De Plastilina<\/em><\/strong>. Despu\u00e9s <strong><em>El Condenao<\/em><\/strong>, <strong><em>S<\/em><\/strong><strong><em>i te vas<\/em><\/strong> y <strong><em>La<\/em><\/strong> <strong><em>primavera<\/em><\/strong>. Entre todas estas interpretaciones de un EP reci\u00e9n estrenado. Lola \u00cdndigo aprovech\u00f3 para dar la noticia de que <strong>GRX<\/strong> no se quedar\u00eda ah\u00ed. Es un proyecto mucho m\u00e1s grande que eso y, entre todo lo que lo engloba, hay un <strong>documental<\/strong> que se estrenar\u00e1 pr\u00f3ximamente.<\/p>\t\t\t\t\t\t\t\t<\/div>\n\t\t\t\t<\/div>\n\t\t\t\t\t<\/div>\n\t\t<\/div>\n\t\t\t\t\t<\/div>\n\t\t<\/section>\n\t\t\t\t<section class=\"elementor-section elementor-top-section elementor-element elementor-element-f6317a7 elementor-section-boxed elementor-section-height-default elementor-section-height-default\" data-id=\"f6317a7\" data-element_type=\"section\" data-e-type=\"section\">\n\t\t\t\t\t\t<div class=\"elementor-container elementor-column-gap-default\">\n\t\t\t\t\t<div class=\"elementor-column elementor-col-50 elementor-top-column elementor-element elementor-element-7285746\" data-id=\"7285746\" data-element_type=\"column\" data-e-type=\"column\">\n\t\t\t<div class=\"elementor-widget-wrap elementor-element-populated\">\n\t\t\t\t\t\t<div class=\"elementor-element elementor-element-fa75a64 elementor-widget elementor-widget-image\" data-id=\"fa75a64\" data-element_type=\"widget\" data-e-type=\"widget\" data-widget_type=\"image.default\">\n\t\t\t\t<div class=\"elementor-widget-container\">\n\t\t\t\t\t\t\t\t\t\t\t\t<figure class=\"wp-caption\">\n\t\t\t\t\t\t\t\t\t\t<img loading=\"lazy\" decoding=\"async\" width=\"640\" height=\"427\" src=\"https:\/\/unaymilletras.com\/wp-content\/uploads\/2023\/12\/LOLA-INDIGO-EL-YIYO_CHRISTMAS-BY-STARLITE-18.12.23-3-1024x683.jpg\" class=\"attachment-large size-large wp-image-1830\" alt=\"Lola \u00cdndigo\" srcset=\"https:\/\/unaymilletras.com\/wp-content\/uploads\/2023\/12\/LOLA-INDIGO-EL-YIYO_CHRISTMAS-BY-STARLITE-18.12.23-3-1024x683.jpg 1024w, https:\/\/unaymilletras.com\/wp-content\/uploads\/2023\/12\/LOLA-INDIGO-EL-YIYO_CHRISTMAS-BY-STARLITE-18.12.23-3-300x200.jpg 300w, https:\/\/unaymilletras.com\/wp-content\/uploads\/2023\/12\/LOLA-INDIGO-EL-YIYO_CHRISTMAS-BY-STARLITE-18.12.23-3-768x512.jpg 768w, https:\/\/unaymilletras.com\/wp-content\/uploads\/2023\/12\/LOLA-INDIGO-EL-YIYO_CHRISTMAS-BY-STARLITE-18.12.23-3-1536x1024.jpg 1536w, https:\/\/unaymilletras.com\/wp-content\/uploads\/2023\/12\/LOLA-INDIGO-EL-YIYO_CHRISTMAS-BY-STARLITE-18.12.23-3-2048x1365.jpg 2048w, https:\/\/unaymilletras.com\/wp-content\/uploads\/2023\/12\/LOLA-INDIGO-EL-YIYO_CHRISTMAS-BY-STARLITE-18.12.23-3-scaled-e1703028880883.jpg 600w\" sizes=\"(max-width: 640px) 100vw, 640px\" \/>\t\t\t\t\t\t\t\t\t\t\t<figcaption class=\"widget-image-caption wp-caption-text\">Foto: Christmas by Starlite<\/figcaption>\n\t\t\t\t\t\t\t\t\t\t<\/figure>\n\t\t\t\t\t\t\t\t\t<\/div>\n\t\t\t\t<\/div>\n\t\t\t\t\t<\/div>\n\t\t<\/div>\n\t\t\t\t<div class=\"elementor-column elementor-col-50 elementor-top-column elementor-element elementor-element-6d23c65\" data-id=\"6d23c65\" data-element_type=\"column\" data-e-type=\"column\">\n\t\t\t<div class=\"elementor-widget-wrap elementor-element-populated\">\n\t\t\t\t\t\t<div class=\"elementor-element elementor-element-44cf4c9 elementor-widget elementor-widget-image\" data-id=\"44cf4c9\" data-element_type=\"widget\" data-e-type=\"widget\" data-widget_type=\"image.default\">\n\t\t\t\t<div class=\"elementor-widget-container\">\n\t\t\t\t\t\t\t\t\t\t\t\t<figure class=\"wp-caption\">\n\t\t\t\t\t\t\t\t\t\t<img loading=\"lazy\" decoding=\"async\" width=\"640\" height=\"427\" src=\"https:\/\/unaymilletras.com\/wp-content\/uploads\/2023\/12\/LOLA-INDIGO-EL-YIYO_CHRISTMAS-BY-STARLITE-18.12.23-2-1024x683.jpg\" class=\"attachment-large size-large wp-image-1829\" alt=\"\" srcset=\"https:\/\/unaymilletras.com\/wp-content\/uploads\/2023\/12\/LOLA-INDIGO-EL-YIYO_CHRISTMAS-BY-STARLITE-18.12.23-2-1024x683.jpg 1024w, https:\/\/unaymilletras.com\/wp-content\/uploads\/2023\/12\/LOLA-INDIGO-EL-YIYO_CHRISTMAS-BY-STARLITE-18.12.23-2-300x200.jpg 300w, https:\/\/unaymilletras.com\/wp-content\/uploads\/2023\/12\/LOLA-INDIGO-EL-YIYO_CHRISTMAS-BY-STARLITE-18.12.23-2-768x512.jpg 768w, https:\/\/unaymilletras.com\/wp-content\/uploads\/2023\/12\/LOLA-INDIGO-EL-YIYO_CHRISTMAS-BY-STARLITE-18.12.23-2-1536x1024.jpg 1536w, https:\/\/unaymilletras.com\/wp-content\/uploads\/2023\/12\/LOLA-INDIGO-EL-YIYO_CHRISTMAS-BY-STARLITE-18.12.23-2-2048x1365.jpg 2048w, https:\/\/unaymilletras.com\/wp-content\/uploads\/2023\/12\/LOLA-INDIGO-EL-YIYO_CHRISTMAS-BY-STARLITE-18.12.23-2-scaled-e1703028871816.jpg 600w\" sizes=\"(max-width: 640px) 100vw, 640px\" \/>\t\t\t\t\t\t\t\t\t\t\t<figcaption class=\"widget-image-caption wp-caption-text\">Foto: Christmas by Starlite<\/figcaption>\n\t\t\t\t\t\t\t\t\t\t<\/figure>\n\t\t\t\t\t\t\t\t\t<\/div>\n\t\t\t\t<\/div>\n\t\t\t\t\t<\/div>\n\t\t<\/div>\n\t\t\t\t\t<\/div>\n\t\t<\/section>\n\t\t\t\t<section class=\"elementor-section elementor-top-section elementor-element elementor-element-7af89f4 elementor-section-boxed elementor-section-height-default elementor-section-height-default\" data-id=\"7af89f4\" data-element_type=\"section\" data-e-type=\"section\">\n\t\t\t\t\t\t<div class=\"elementor-container elementor-column-gap-default\">\n\t\t\t\t\t<div class=\"elementor-column elementor-col-100 elementor-top-column elementor-element elementor-element-2c0e53c\" data-id=\"2c0e53c\" data-element_type=\"column\" data-e-type=\"column\">\n\t\t\t<div class=\"elementor-widget-wrap elementor-element-populated\">\n\t\t\t\t\t\t<div class=\"elementor-element elementor-element-cd7c288 elementor-widget elementor-widget-text-editor\" data-id=\"cd7c288\" data-element_type=\"widget\" data-e-type=\"widget\" data-widget_type=\"text-editor.default\">\n\t\t\t\t<div class=\"elementor-widget-container\">\n\t\t\t\t\t\t\t\t\t<p>Tras todas estas emociones y un momento m\u00e1s \u00edntimo, otro peque\u00f1o \u201cdescanso\u201d. Unos minutos en los que la m\u00fasica continu\u00f3 sonando, con un mix de canciones que ya son himnos en la industria musical. Mientras los bailarines sobre el escenario acompa\u00f1aban a los sonidos, esta vez con una est\u00e9tica distinta a la vista anteriormente en el concierto. Cuando la m\u00fasica par\u00f3, la estrella de la noche volv\u00eda al escenario con un look rojo nuevo y llev\u00e1ndonos de nuevo a Argentina para interpretar <strong><em>Ultravioleta<\/em><\/strong>.\u00a0<\/p><p>Despu\u00e9s, un momento de amor y cari\u00f1o para compartir entre aquellas personas que hab\u00edan ido acompa\u00f1adas al concierto, pero tambi\u00e9n para dedicar a un ser querido quienes hab\u00edan asistido solos. <strong><em>High<\/em><\/strong>, su primera canci\u00f3n junto a Mar\u00eda Becerra y Tini.<\/p>\t\t\t\t\t\t\t\t<\/div>\n\t\t\t\t<\/div>\n\t\t\t\t\t<\/div>\n\t\t<\/div>\n\t\t\t\t\t<\/div>\n\t\t<\/section>\n\t\t\t\t<section class=\"elementor-section elementor-top-section elementor-element elementor-element-4d12093 elementor-section-boxed elementor-section-height-default elementor-section-height-default\" data-id=\"4d12093\" data-element_type=\"section\" data-e-type=\"section\">\n\t\t\t\t\t\t<div class=\"elementor-container elementor-column-gap-default\">\n\t\t\t\t\t<div class=\"elementor-column elementor-col-50 elementor-top-column elementor-element elementor-element-045efac\" data-id=\"045efac\" data-element_type=\"column\" data-e-type=\"column\">\n\t\t\t<div class=\"elementor-widget-wrap elementor-element-populated\">\n\t\t\t\t\t\t<div class=\"elementor-element elementor-element-e3fd27e elementor-widget elementor-widget-text-editor\" data-id=\"e3fd27e\" data-element_type=\"widget\" data-e-type=\"widget\" data-widget_type=\"text-editor.default\">\n\t\t\t\t<div class=\"elementor-widget-container\">\n\t\t\t\t\t\t\t\t\t<h3>\u201cQuiero que os acord\u00e9is de esta noche y dig\u00e1is: <em>hoy he visto el show de mi vida<\/em>\u201d<\/h3>\t\t\t\t\t\t\t\t<\/div>\n\t\t\t\t<\/div>\n\t\t\t\t\t<\/div>\n\t\t<\/div>\n\t\t\t\t<div class=\"elementor-column elementor-col-50 elementor-top-column elementor-element elementor-element-09b4301\" data-id=\"09b4301\" data-element_type=\"column\" data-e-type=\"column\">\n\t\t\t<div class=\"elementor-widget-wrap elementor-element-populated\">\n\t\t\t\t\t\t<div class=\"elementor-element elementor-element-a9e1b0a elementor-widget elementor-widget-image\" data-id=\"a9e1b0a\" data-element_type=\"widget\" data-e-type=\"widget\" data-widget_type=\"image.default\">\n\t\t\t\t<div class=\"elementor-widget-container\">\n\t\t\t\t\t\t\t\t\t\t\t\t<figure class=\"wp-caption\">\n\t\t\t\t\t\t\t\t\t\t<img loading=\"lazy\" decoding=\"async\" width=\"640\" height=\"427\" src=\"https:\/\/unaymilletras.com\/wp-content\/uploads\/2023\/12\/LOLA-INDIGO_CHRISTMAS-BY-STARLITE-18.12.23-8-1024x683.jpg\" class=\"attachment-large size-large wp-image-1831\" alt=\"\" srcset=\"https:\/\/unaymilletras.com\/wp-content\/uploads\/2023\/12\/LOLA-INDIGO_CHRISTMAS-BY-STARLITE-18.12.23-8-1024x683.jpg 1024w, https:\/\/unaymilletras.com\/wp-content\/uploads\/2023\/12\/LOLA-INDIGO_CHRISTMAS-BY-STARLITE-18.12.23-8-300x200.jpg 300w, https:\/\/unaymilletras.com\/wp-content\/uploads\/2023\/12\/LOLA-INDIGO_CHRISTMAS-BY-STARLITE-18.12.23-8-768x512.jpg 768w, https:\/\/unaymilletras.com\/wp-content\/uploads\/2023\/12\/LOLA-INDIGO_CHRISTMAS-BY-STARLITE-18.12.23-8-1536x1024.jpg 1536w, https:\/\/unaymilletras.com\/wp-content\/uploads\/2023\/12\/LOLA-INDIGO_CHRISTMAS-BY-STARLITE-18.12.23-8-2048x1365.jpg 2048w, https:\/\/unaymilletras.com\/wp-content\/uploads\/2023\/12\/LOLA-INDIGO_CHRISTMAS-BY-STARLITE-18.12.23-8-scaled-e1703028977173.jpg 600w\" sizes=\"(max-width: 640px) 100vw, 640px\" \/>\t\t\t\t\t\t\t\t\t\t\t<figcaption class=\"widget-image-caption wp-caption-text\">Foto: Christmas by Starlite<\/figcaption>\n\t\t\t\t\t\t\t\t\t\t<\/figure>\n\t\t\t\t\t\t\t\t\t<\/div>\n\t\t\t\t<\/div>\n\t\t\t\t\t<\/div>\n\t\t<\/div>\n\t\t\t\t\t<\/div>\n\t\t<\/section>\n\t\t\t\t<section class=\"elementor-section elementor-top-section elementor-element elementor-element-b0ed853 elementor-section-boxed elementor-section-height-default elementor-section-height-default\" data-id=\"b0ed853\" data-element_type=\"section\" data-e-type=\"section\">\n\t\t\t\t\t\t<div class=\"elementor-container elementor-column-gap-default\">\n\t\t\t\t\t<div class=\"elementor-column elementor-col-100 elementor-top-column elementor-element elementor-element-ffebbba\" data-id=\"ffebbba\" data-element_type=\"column\" data-e-type=\"column\">\n\t\t\t<div class=\"elementor-widget-wrap elementor-element-populated\">\n\t\t\t\t\t\t<div class=\"elementor-element elementor-element-227d9fe elementor-widget elementor-widget-text-editor\" data-id=\"227d9fe\" data-element_type=\"widget\" data-e-type=\"widget\" data-widget_type=\"text-editor.default\">\n\t\t\t\t<div class=\"elementor-widget-container\">\n\t\t\t\t\t\t\t\t\t<p><span style=\"color: #808080;\">Durante la noche hubo dos invitados muy especiales. El primero fue <strong>\u00c1lvaro de Luna<\/strong>, junto al que interpret\u00f3 <strong><em><a style=\"color: #808080;\" href=\"https:\/\/open.spotify.com\/intl-es\/track\/0WiTdooUusNY56jyeToaVA?si=b14610eef3f0484e\">Ma\u00f1ana<\/a><\/em><\/strong>, canci\u00f3n que ambos comparten y que desde IFEMA se vivi\u00f3 de una forma especial. La segunda sorpresa vino cuando <strong>La Zowi<\/strong> apareci\u00f3 sobre el escenario para cantar <strong><em>Yo tengo un novio<\/em><\/strong>, canci\u00f3n que, en cuanto la ense\u00f1aron, el p\u00fablico no la par\u00f3 de pedir.<\/span><\/p>\t\t\t\t\t\t\t\t<\/div>\n\t\t\t\t<\/div>\n\t\t\t\t\t<\/div>\n\t\t<\/div>\n\t\t\t\t\t<\/div>\n\t\t<\/section>\n\t\t\t\t<section class=\"elementor-section elementor-top-section elementor-element elementor-element-ff00c88 elementor-section-boxed elementor-section-height-default elementor-section-height-default\" data-id=\"ff00c88\" data-element_type=\"section\" data-e-type=\"section\">\n\t\t\t\t\t\t<div class=\"elementor-container elementor-column-gap-default\">\n\t\t\t\t\t<div class=\"elementor-column elementor-col-50 elementor-top-column elementor-element elementor-element-689819f\" data-id=\"689819f\" data-element_type=\"column\" data-e-type=\"column\">\n\t\t\t<div class=\"elementor-widget-wrap elementor-element-populated\">\n\t\t\t\t\t\t<div class=\"elementor-element elementor-element-83b91d6 elementor-widget elementor-widget-image\" data-id=\"83b91d6\" data-element_type=\"widget\" data-e-type=\"widget\" data-widget_type=\"image.default\">\n\t\t\t\t<div class=\"elementor-widget-container\">\n\t\t\t\t\t\t\t\t\t\t\t\t<figure class=\"wp-caption\">\n\t\t\t\t\t\t\t\t\t\t<img loading=\"lazy\" decoding=\"async\" width=\"640\" height=\"427\" src=\"https:\/\/unaymilletras.com\/wp-content\/uploads\/2023\/12\/LOLA-INDIGO-ALVARO-DE-LUNA_CHRISTMAS-BY-STARLITE-18.12.23-3-1024x683.jpg\" class=\"attachment-large size-large wp-image-1833\" alt=\"\" srcset=\"https:\/\/unaymilletras.com\/wp-content\/uploads\/2023\/12\/LOLA-INDIGO-ALVARO-DE-LUNA_CHRISTMAS-BY-STARLITE-18.12.23-3-1024x683.jpg 1024w, https:\/\/unaymilletras.com\/wp-content\/uploads\/2023\/12\/LOLA-INDIGO-ALVARO-DE-LUNA_CHRISTMAS-BY-STARLITE-18.12.23-3-300x200.jpg 300w, https:\/\/unaymilletras.com\/wp-content\/uploads\/2023\/12\/LOLA-INDIGO-ALVARO-DE-LUNA_CHRISTMAS-BY-STARLITE-18.12.23-3-768x512.jpg 768w, https:\/\/unaymilletras.com\/wp-content\/uploads\/2023\/12\/LOLA-INDIGO-ALVARO-DE-LUNA_CHRISTMAS-BY-STARLITE-18.12.23-3-1536x1024.jpg 1536w, https:\/\/unaymilletras.com\/wp-content\/uploads\/2023\/12\/LOLA-INDIGO-ALVARO-DE-LUNA_CHRISTMAS-BY-STARLITE-18.12.23-3-2048x1365.jpg 2048w, https:\/\/unaymilletras.com\/wp-content\/uploads\/2023\/12\/LOLA-INDIGO-ALVARO-DE-LUNA_CHRISTMAS-BY-STARLITE-18.12.23-3-scaled-e1703029086200.jpg 600w\" sizes=\"(max-width: 640px) 100vw, 640px\" \/>\t\t\t\t\t\t\t\t\t\t\t<figcaption class=\"widget-image-caption wp-caption-text\">Foto: Christmas by Starlite<\/figcaption>\n\t\t\t\t\t\t\t\t\t\t<\/figure>\n\t\t\t\t\t\t\t\t\t<\/div>\n\t\t\t\t<\/div>\n\t\t\t\t\t<\/div>\n\t\t<\/div>\n\t\t\t\t<div class=\"elementor-column elementor-col-50 elementor-top-column elementor-element elementor-element-2f7bd13\" data-id=\"2f7bd13\" data-element_type=\"column\" data-e-type=\"column\">\n\t\t\t<div class=\"elementor-widget-wrap elementor-element-populated\">\n\t\t\t\t\t\t<div class=\"elementor-element elementor-element-8da5b2b elementor-widget elementor-widget-image\" data-id=\"8da5b2b\" data-element_type=\"widget\" data-e-type=\"widget\" data-widget_type=\"image.default\">\n\t\t\t\t<div class=\"elementor-widget-container\">\n\t\t\t\t\t\t\t\t\t\t\t\t<figure class=\"wp-caption\">\n\t\t\t\t\t\t\t\t\t\t<img loading=\"lazy\" decoding=\"async\" width=\"640\" height=\"427\" src=\"https:\/\/unaymilletras.com\/wp-content\/uploads\/2023\/12\/LOLA-INDIGO-LOLA-INDIGO_CHRISTMAS-BY-STARLITE-18.12.23-3-1024x683.jpg\" class=\"attachment-large size-large wp-image-1832\" alt=\"Lola \u00cdndigo\" srcset=\"https:\/\/unaymilletras.com\/wp-content\/uploads\/2023\/12\/LOLA-INDIGO-LOLA-INDIGO_CHRISTMAS-BY-STARLITE-18.12.23-3-1024x683.jpg 1024w, https:\/\/unaymilletras.com\/wp-content\/uploads\/2023\/12\/LOLA-INDIGO-LOLA-INDIGO_CHRISTMAS-BY-STARLITE-18.12.23-3-300x200.jpg 300w, https:\/\/unaymilletras.com\/wp-content\/uploads\/2023\/12\/LOLA-INDIGO-LOLA-INDIGO_CHRISTMAS-BY-STARLITE-18.12.23-3-768x512.jpg 768w, https:\/\/unaymilletras.com\/wp-content\/uploads\/2023\/12\/LOLA-INDIGO-LOLA-INDIGO_CHRISTMAS-BY-STARLITE-18.12.23-3-1536x1024.jpg 1536w, https:\/\/unaymilletras.com\/wp-content\/uploads\/2023\/12\/LOLA-INDIGO-LOLA-INDIGO_CHRISTMAS-BY-STARLITE-18.12.23-3-2048x1365.jpg 2048w, https:\/\/unaymilletras.com\/wp-content\/uploads\/2023\/12\/LOLA-INDIGO-LOLA-INDIGO_CHRISTMAS-BY-STARLITE-18.12.23-3-scaled-e1703029075276.jpg 600w\" sizes=\"(max-width: 640px) 100vw, 640px\" \/>\t\t\t\t\t\t\t\t\t\t\t<figcaption class=\"widget-image-caption wp-caption-text\">Foto: Christmas by Starlite<\/figcaption>\n\t\t\t\t\t\t\t\t\t\t<\/figure>\n\t\t\t\t\t\t\t\t\t<\/div>\n\t\t\t\t<\/div>\n\t\t\t\t\t<\/div>\n\t\t<\/div>\n\t\t\t\t\t<\/div>\n\t\t<\/section>\n\t\t\t\t<section class=\"elementor-section elementor-top-section elementor-element elementor-element-ba698b7 elementor-section-boxed elementor-section-height-default elementor-section-height-default\" data-id=\"ba698b7\" data-element_type=\"section\" data-e-type=\"section\">\n\t\t\t\t\t\t<div class=\"elementor-container elementor-column-gap-default\">\n\t\t\t\t\t<div class=\"elementor-column elementor-col-100 elementor-top-column elementor-element elementor-element-e4c652e\" data-id=\"e4c652e\" data-element_type=\"column\" data-e-type=\"column\">\n\t\t\t<div class=\"elementor-widget-wrap elementor-element-populated\">\n\t\t\t\t\t\t<div class=\"elementor-element elementor-element-adbb239 elementor-widget elementor-widget-text-editor\" data-id=\"adbb239\" data-element_type=\"widget\" data-e-type=\"widget\" data-widget_type=\"text-editor.default\">\n\t\t\t\t<div class=\"elementor-widget-container\">\n\t\t\t\t\t\t\t\t\t<p>Tambi\u00e9n hubo hueco para lanzar mensajes m\u00e1s serios, aunque con el toque de Lola \u00cdndigo: \u201cHarta de las canciones que hacen apolog\u00eda a las drogas o a la violencia. Menos drogas y m\u00e1s hacer el amor\u201d\u00a0<\/p><p>Finalmente, tras un momento de agradecimiento a todo su equipo y elenco de bailarines vuelve a sus or\u00edgenes con <strong><em>Yo ya no quiero na\u2019<\/em><\/strong>. Pone q bailar de nuevo a todos los asistentes. Despu\u00e9s de todo ello, las luces volv\u00edan a encenderse confirmando que el show hab\u00eda acabado y los asistentes acababan de ver el mejor espect\u00e1culo de su vida.<\/p>\t\t\t\t\t\t\t\t<\/div>\n\t\t\t\t<\/div>\n\t\t\t\t\t<\/div>\n\t\t<\/div>\n\t\t\t\t\t<\/div>\n\t\t<\/section>\n\t\t\t\t<\/div>","protected":false},"excerpt":{"rendered":"<p>M\u00e1s de dos horas de espect\u00e1culo lleno de baile en el que Lola \u00cdndigo no defraud\u00f3 en ning\u00fan momento A las 21:40 comenzaba a sonar m\u00fasica y Lola \u00cdndigo sale de su ya m\u00edtico huevo haciendo al p\u00fablico enloquecer. Los gritos entusiastas de los fans hac\u00edan un inmejorable inicio de show. La grana\u00edna da comienzo [&hellip;]<\/p>\n","protected":false},"author":1,"featured_media":1828,"comment_status":"open","ping_status":"open","sticky":false,"template":"","format":"standard","meta":{"footnotes":""},"categories":[4],"tags":[],"class_list":["post-1822","post","type-post","status-publish","format-standard","has-post-thumbnail","hentry","category-musica"],"yoast_head":"<!-- This site is optimized with the Yoast SEO plugin v27.4 - https:\/\/yoast.com\/product\/yoast-seo-wordpress\/ -->\n<title>Lola \u00cdndigo cierra su gira con un concierto inigualable<\/title>\n<meta name=\"description\" content=\"M\u00e1s de dos horas de espect\u00e1culo lleno de baile en el que Lola \u00cdndigo no defraud\u00f3 en ning\u00fan momento y conquist\u00f3 Madrid\" \/>\n<meta name=\"robots\" content=\"index, follow, max-snippet:-1, max-image-preview:large, max-video-preview:-1\" \/>\n<link rel=\"canonical\" href=\"https:\/\/unaymilletras.com\/en\/lola-indigo-cierra-su-gira-con-un-concierto-inigualable\/\" \/>\n<meta property=\"og:locale\" content=\"en_GB\" \/>\n<meta property=\"og:type\" content=\"article\" \/>\n<meta property=\"og:title\" content=\"Lola \u00cdndigo cierra su gira con un concierto inigualable\" \/>\n<meta property=\"og:description\" content=\"M\u00e1s de dos horas de espect\u00e1culo lleno de baile en el que Lola \u00cdndigo no defraud\u00f3 en ning\u00fan momento y conquist\u00f3 Madrid\" \/>\n<meta property=\"og:url\" content=\"https:\/\/unaymilletras.com\/en\/lola-indigo-cierra-su-gira-con-un-concierto-inigualable\/\" \/>\n<meta property=\"og:site_name\" content=\"Una y Mil Letras\" \/>\n<meta property=\"article:published_time\" content=\"2023-12-19T23:42:51+00:00\" \/>\n<meta property=\"article:modified_time\" content=\"2023-12-19T23:43:10+00:00\" \/>\n<meta property=\"og:image\" content=\"http:\/\/unaymilletras.com\/wp-content\/uploads\/2023\/12\/LOLA-INDIGO_CHRISTMAS-BY-STARLITE-18.12.23-11-scaled-e1703028791248.jpg\" \/>\n\t<meta property=\"og:image:width\" content=\"600\" \/>\n\t<meta property=\"og:image:height\" content=\"400\" \/>\n\t<meta property=\"og:image:type\" content=\"image\/jpeg\" \/>\n<meta name=\"author\" content=\"Maria Gil Robledo\" \/>\n<meta name=\"twitter:card\" content=\"summary_large_image\" \/>\n<meta name=\"twitter:creator\" content=\"@UnaYMilLetras\" \/>\n<meta name=\"twitter:site\" content=\"@UnaYMilLetras\" \/>\n<meta name=\"twitter:label1\" content=\"Written by\" \/>\n\t<meta name=\"twitter:data1\" content=\"Maria Gil Robledo\" \/>\n\t<meta name=\"twitter:label2\" content=\"Estimated reading time\" \/>\n\t<meta name=\"twitter:data2\" content=\"6 minutes\" \/>\n<script type=\"application\/ld+json\" class=\"yoast-schema-graph\">{\"@context\":\"https:\\\/\\\/schema.org\",\"@graph\":[{\"@type\":\"Article\",\"@id\":\"https:\\\/\\\/unaymilletras.com\\\/lola-indigo-cierra-su-gira-con-un-concierto-inigualable\\\/#article\",\"isPartOf\":{\"@id\":\"https:\\\/\\\/unaymilletras.com\\\/lola-indigo-cierra-su-gira-con-un-concierto-inigualable\\\/\"},\"author\":{\"name\":\"Maria Gil Robledo\",\"@id\":\"http:\\\/\\\/unaymilletras.com\\\/#\\\/schema\\\/person\\\/d55ba681b8a4e463d8982dbe36a5dc94\"},\"headline\":\"Lola \u00cdndigo cierra su gira con un concierto inigualable\",\"datePublished\":\"2023-12-19T23:42:51+00:00\",\"dateModified\":\"2023-12-19T23:43:10+00:00\",\"mainEntityOfPage\":{\"@id\":\"https:\\\/\\\/unaymilletras.com\\\/lola-indigo-cierra-su-gira-con-un-concierto-inigualable\\\/\"},\"wordCount\":930,\"commentCount\":0,\"publisher\":{\"@id\":\"http:\\\/\\\/unaymilletras.com\\\/#organization\"},\"image\":{\"@id\":\"https:\\\/\\\/unaymilletras.com\\\/lola-indigo-cierra-su-gira-con-un-concierto-inigualable\\\/#primaryimage\"},\"thumbnailUrl\":\"https:\\\/\\\/unaymilletras.com\\\/wp-content\\\/uploads\\\/2023\\\/12\\\/LOLA-INDIGO_CHRISTMAS-BY-STARLITE-18.12.23-11-scaled-e1703028791248.jpg\",\"articleSection\":[\"M\u00fasica\"],\"inLanguage\":\"en-GB\",\"potentialAction\":[{\"@type\":\"CommentAction\",\"name\":\"Comment\",\"target\":[\"https:\\\/\\\/unaymilletras.com\\\/lola-indigo-cierra-su-gira-con-un-concierto-inigualable\\\/#respond\"]}]},{\"@type\":\"WebPage\",\"@id\":\"https:\\\/\\\/unaymilletras.com\\\/lola-indigo-cierra-su-gira-con-un-concierto-inigualable\\\/\",\"url\":\"https:\\\/\\\/unaymilletras.com\\\/lola-indigo-cierra-su-gira-con-un-concierto-inigualable\\\/\",\"name\":\"Lola \u00cdndigo cierra su gira con un concierto inigualable\",\"isPartOf\":{\"@id\":\"http:\\\/\\\/unaymilletras.com\\\/#website\"},\"primaryImageOfPage\":{\"@id\":\"https:\\\/\\\/unaymilletras.com\\\/lola-indigo-cierra-su-gira-con-un-concierto-inigualable\\\/#primaryimage\"},\"image\":{\"@id\":\"https:\\\/\\\/unaymilletras.com\\\/lola-indigo-cierra-su-gira-con-un-concierto-inigualable\\\/#primaryimage\"},\"thumbnailUrl\":\"https:\\\/\\\/unaymilletras.com\\\/wp-content\\\/uploads\\\/2023\\\/12\\\/LOLA-INDIGO_CHRISTMAS-BY-STARLITE-18.12.23-11-scaled-e1703028791248.jpg\",\"datePublished\":\"2023-12-19T23:42:51+00:00\",\"dateModified\":\"2023-12-19T23:43:10+00:00\",\"description\":\"M\u00e1s de dos horas de espect\u00e1culo lleno de baile en el que Lola \u00cdndigo no defraud\u00f3 en ning\u00fan momento y conquist\u00f3 Madrid\",\"breadcrumb\":{\"@id\":\"https:\\\/\\\/unaymilletras.com\\\/lola-indigo-cierra-su-gira-con-un-concierto-inigualable\\\/#breadcrumb\"},\"inLanguage\":\"en-GB\",\"potentialAction\":[{\"@type\":\"ReadAction\",\"target\":[\"https:\\\/\\\/unaymilletras.com\\\/lola-indigo-cierra-su-gira-con-un-concierto-inigualable\\\/\"]}]},{\"@type\":\"ImageObject\",\"inLanguage\":\"en-GB\",\"@id\":\"https:\\\/\\\/unaymilletras.com\\\/lola-indigo-cierra-su-gira-con-un-concierto-inigualable\\\/#primaryimage\",\"url\":\"https:\\\/\\\/unaymilletras.com\\\/wp-content\\\/uploads\\\/2023\\\/12\\\/LOLA-INDIGO_CHRISTMAS-BY-STARLITE-18.12.23-11-scaled-e1703028791248.jpg\",\"contentUrl\":\"https:\\\/\\\/unaymilletras.com\\\/wp-content\\\/uploads\\\/2023\\\/12\\\/LOLA-INDIGO_CHRISTMAS-BY-STARLITE-18.12.23-11-scaled-e1703028791248.jpg\",\"width\":600,\"height\":400,\"caption\":\"Foto: Christmas by Starlite\"},{\"@type\":\"BreadcrumbList\",\"@id\":\"https:\\\/\\\/unaymilletras.com\\\/lola-indigo-cierra-su-gira-con-un-concierto-inigualable\\\/#breadcrumb\",\"itemListElement\":[{\"@type\":\"ListItem\",\"position\":1,\"name\":\"Home\",\"item\":\"http:\\\/\\\/unaymilletras.com\\\/\"},{\"@type\":\"ListItem\",\"position\":2,\"name\":\"Lola \u00cdndigo cierra su gira con un concierto inigualable\"}]},{\"@type\":\"WebSite\",\"@id\":\"http:\\\/\\\/unaymilletras.com\\\/#website\",\"url\":\"http:\\\/\\\/unaymilletras.com\\\/\",\"name\":\"Una y Mil Letras\",\"description\":\"\",\"publisher\":{\"@id\":\"http:\\\/\\\/unaymilletras.com\\\/#organization\"},\"potentialAction\":[{\"@type\":\"SearchAction\",\"target\":{\"@type\":\"EntryPoint\",\"urlTemplate\":\"http:\\\/\\\/unaymilletras.com\\\/?s={search_term_string}\"},\"query-input\":{\"@type\":\"PropertyValueSpecification\",\"valueRequired\":true,\"valueName\":\"search_term_string\"}}],\"inLanguage\":\"en-GB\"},{\"@type\":\"Organization\",\"@id\":\"http:\\\/\\\/unaymilletras.com\\\/#organization\",\"name\":\"Una y Mil Letras\",\"url\":\"http:\\\/\\\/unaymilletras.com\\\/\",\"logo\":{\"@type\":\"ImageObject\",\"inLanguage\":\"en-GB\",\"@id\":\"http:\\\/\\\/unaymilletras.com\\\/#\\\/schema\\\/logo\\\/image\\\/\",\"url\":\"https:\\\/\\\/unaymilletras.com\\\/wp-content\\\/uploads\\\/2024\\\/06\\\/cropped-Logo-removebg-preview.png\",\"contentUrl\":\"https:\\\/\\\/unaymilletras.com\\\/wp-content\\\/uploads\\\/2024\\\/06\\\/cropped-Logo-removebg-preview.png\",\"width\":512,\"height\":512,\"caption\":\"Una y Mil Letras\"},\"image\":{\"@id\":\"http:\\\/\\\/unaymilletras.com\\\/#\\\/schema\\\/logo\\\/image\\\/\"},\"sameAs\":[\"https:\\\/\\\/x.com\\\/UnaYMilLetras\",\"https:\\\/\\\/instagram.com\\\/UnaYMilLetras\"]},{\"@type\":\"Person\",\"@id\":\"http:\\\/\\\/unaymilletras.com\\\/#\\\/schema\\\/person\\\/d55ba681b8a4e463d8982dbe36a5dc94\",\"name\":\"Maria Gil Robledo\",\"image\":{\"@type\":\"ImageObject\",\"inLanguage\":\"en-GB\",\"@id\":\"https:\\\/\\\/secure.gravatar.com\\\/avatar\\\/4b8e5102e0015789407eb4870b12f0f2857952d83ca124058f92b764bd1840c3?s=96&d=mm&r=g\",\"url\":\"https:\\\/\\\/secure.gravatar.com\\\/avatar\\\/4b8e5102e0015789407eb4870b12f0f2857952d83ca124058f92b764bd1840c3?s=96&d=mm&r=g\",\"contentUrl\":\"https:\\\/\\\/secure.gravatar.com\\\/avatar\\\/4b8e5102e0015789407eb4870b12f0f2857952d83ca124058f92b764bd1840c3?s=96&d=mm&r=g\",\"caption\":\"Maria Gil Robledo\"},\"sameAs\":[\"http:\\\/\\\/unaymilletras.com\"],\"url\":\"https:\\\/\\\/unaymilletras.com\\\/en\\\/author\\\/mariiagiil02_\\\/\"}]}<\/script>\n<!-- \/ Yoast SEO plugin. -->","yoast_head_json":{"title":"Lola \u00cdndigo cierra su gira con un concierto inigualable","description":"M\u00e1s de dos horas de espect\u00e1culo lleno de baile en el que Lola \u00cdndigo no defraud\u00f3 en ning\u00fan momento y conquist\u00f3 Madrid","robots":{"index":"index","follow":"follow","max-snippet":"max-snippet:-1","max-image-preview":"max-image-preview:large","max-video-preview":"max-video-preview:-1"},"canonical":"https:\/\/unaymilletras.com\/en\/lola-indigo-cierra-su-gira-con-un-concierto-inigualable\/","og_locale":"en_GB","og_type":"article","og_title":"Lola \u00cdndigo cierra su gira con un concierto inigualable","og_description":"M\u00e1s de dos horas de espect\u00e1culo lleno de baile en el que Lola \u00cdndigo no defraud\u00f3 en ning\u00fan momento y conquist\u00f3 Madrid","og_url":"https:\/\/unaymilletras.com\/en\/lola-indigo-cierra-su-gira-con-un-concierto-inigualable\/","og_site_name":"Una y Mil Letras","article_published_time":"2023-12-19T23:42:51+00:00","article_modified_time":"2023-12-19T23:43:10+00:00","og_image":[{"width":600,"height":400,"url":"http:\/\/unaymilletras.com\/wp-content\/uploads\/2023\/12\/LOLA-INDIGO_CHRISTMAS-BY-STARLITE-18.12.23-11-scaled-e1703028791248.jpg","type":"image\/jpeg"}],"author":"Maria Gil Robledo","twitter_card":"summary_large_image","twitter_creator":"@UnaYMilLetras","twitter_site":"@UnaYMilLetras","twitter_misc":{"Written by":"Maria Gil Robledo","Estimated reading time":"6 minutes"},"schema":{"@context":"https:\/\/schema.org","@graph":[{"@type":"Article","@id":"https:\/\/unaymilletras.com\/lola-indigo-cierra-su-gira-con-un-concierto-inigualable\/#article","isPartOf":{"@id":"https:\/\/unaymilletras.com\/lola-indigo-cierra-su-gira-con-un-concierto-inigualable\/"},"author":{"name":"Maria Gil Robledo","@id":"http:\/\/unaymilletras.com\/#\/schema\/person\/d55ba681b8a4e463d8982dbe36a5dc94"},"headline":"Lola \u00cdndigo cierra su gira con un concierto inigualable","datePublished":"2023-12-19T23:42:51+00:00","dateModified":"2023-12-19T23:43:10+00:00","mainEntityOfPage":{"@id":"https:\/\/unaymilletras.com\/lola-indigo-cierra-su-gira-con-un-concierto-inigualable\/"},"wordCount":930,"commentCount":0,"publisher":{"@id":"http:\/\/unaymilletras.com\/#organization"},"image":{"@id":"https:\/\/unaymilletras.com\/lola-indigo-cierra-su-gira-con-un-concierto-inigualable\/#primaryimage"},"thumbnailUrl":"https:\/\/unaymilletras.com\/wp-content\/uploads\/2023\/12\/LOLA-INDIGO_CHRISTMAS-BY-STARLITE-18.12.23-11-scaled-e1703028791248.jpg","articleSection":["M\u00fasica"],"inLanguage":"en-GB","potentialAction":[{"@type":"CommentAction","name":"Comment","target":["https:\/\/unaymilletras.com\/lola-indigo-cierra-su-gira-con-un-concierto-inigualable\/#respond"]}]},{"@type":"WebPage","@id":"https:\/\/unaymilletras.com\/lola-indigo-cierra-su-gira-con-un-concierto-inigualable\/","url":"https:\/\/unaymilletras.com\/lola-indigo-cierra-su-gira-con-un-concierto-inigualable\/","name":"Lola \u00cdndigo cierra su gira con un concierto inigualable","isPartOf":{"@id":"http:\/\/unaymilletras.com\/#website"},"primaryImageOfPage":{"@id":"https:\/\/unaymilletras.com\/lola-indigo-cierra-su-gira-con-un-concierto-inigualable\/#primaryimage"},"image":{"@id":"https:\/\/unaymilletras.com\/lola-indigo-cierra-su-gira-con-un-concierto-inigualable\/#primaryimage"},"thumbnailUrl":"https:\/\/unaymilletras.com\/wp-content\/uploads\/2023\/12\/LOLA-INDIGO_CHRISTMAS-BY-STARLITE-18.12.23-11-scaled-e1703028791248.jpg","datePublished":"2023-12-19T23:42:51+00:00","dateModified":"2023-12-19T23:43:10+00:00","description":"M\u00e1s de dos horas de espect\u00e1culo lleno de baile en el que Lola \u00cdndigo no defraud\u00f3 en ning\u00fan momento y conquist\u00f3 Madrid","breadcrumb":{"@id":"https:\/\/unaymilletras.com\/lola-indigo-cierra-su-gira-con-un-concierto-inigualable\/#breadcrumb"},"inLanguage":"en-GB","potentialAction":[{"@type":"ReadAction","target":["https:\/\/unaymilletras.com\/lola-indigo-cierra-su-gira-con-un-concierto-inigualable\/"]}]},{"@type":"ImageObject","inLanguage":"en-GB","@id":"https:\/\/unaymilletras.com\/lola-indigo-cierra-su-gira-con-un-concierto-inigualable\/#primaryimage","url":"https:\/\/unaymilletras.com\/wp-content\/uploads\/2023\/12\/LOLA-INDIGO_CHRISTMAS-BY-STARLITE-18.12.23-11-scaled-e1703028791248.jpg","contentUrl":"https:\/\/unaymilletras.com\/wp-content\/uploads\/2023\/12\/LOLA-INDIGO_CHRISTMAS-BY-STARLITE-18.12.23-11-scaled-e1703028791248.jpg","width":600,"height":400,"caption":"Foto: Christmas by Starlite"},{"@type":"BreadcrumbList","@id":"https:\/\/unaymilletras.com\/lola-indigo-cierra-su-gira-con-un-concierto-inigualable\/#breadcrumb","itemListElement":[{"@type":"ListItem","position":1,"name":"Home","item":"http:\/\/unaymilletras.com\/"},{"@type":"ListItem","position":2,"name":"Lola \u00cdndigo cierra su gira con un concierto inigualable"}]},{"@type":"WebSite","@id":"http:\/\/unaymilletras.com\/#website","url":"http:\/\/unaymilletras.com\/","name":"Una y Mil Letras","description":"","publisher":{"@id":"http:\/\/unaymilletras.com\/#organization"},"potentialAction":[{"@type":"SearchAction","target":{"@type":"EntryPoint","urlTemplate":"http:\/\/unaymilletras.com\/?s={search_term_string}"},"query-input":{"@type":"PropertyValueSpecification","valueRequired":true,"valueName":"search_term_string"}}],"inLanguage":"en-GB"},{"@type":"Organization","@id":"http:\/\/unaymilletras.com\/#organization","name":"Una y Mil Letras","url":"http:\/\/unaymilletras.com\/","logo":{"@type":"ImageObject","inLanguage":"en-GB","@id":"http:\/\/unaymilletras.com\/#\/schema\/logo\/image\/","url":"https:\/\/unaymilletras.com\/wp-content\/uploads\/2024\/06\/cropped-Logo-removebg-preview.png","contentUrl":"https:\/\/unaymilletras.com\/wp-content\/uploads\/2024\/06\/cropped-Logo-removebg-preview.png","width":512,"height":512,"caption":"Una y Mil Letras"},"image":{"@id":"http:\/\/unaymilletras.com\/#\/schema\/logo\/image\/"},"sameAs":["https:\/\/x.com\/UnaYMilLetras","https:\/\/instagram.com\/UnaYMilLetras"]},{"@type":"Person","@id":"http:\/\/unaymilletras.com\/#\/schema\/person\/d55ba681b8a4e463d8982dbe36a5dc94","name":"Maria Gil Robledo","image":{"@type":"ImageObject","inLanguage":"en-GB","@id":"https:\/\/secure.gravatar.com\/avatar\/4b8e5102e0015789407eb4870b12f0f2857952d83ca124058f92b764bd1840c3?s=96&d=mm&r=g","url":"https:\/\/secure.gravatar.com\/avatar\/4b8e5102e0015789407eb4870b12f0f2857952d83ca124058f92b764bd1840c3?s=96&d=mm&r=g","contentUrl":"https:\/\/secure.gravatar.com\/avatar\/4b8e5102e0015789407eb4870b12f0f2857952d83ca124058f92b764bd1840c3?s=96&d=mm&r=g","caption":"Maria Gil Robledo"},"sameAs":["http:\/\/unaymilletras.com"],"url":"https:\/\/unaymilletras.com\/en\/author\/mariiagiil02_\/"}]}},"_links":{"self":[{"href":"https:\/\/unaymilletras.com\/en\/wp-json\/wp\/v2\/posts\/1822","targetHints":{"allow":["GET"]}}],"collection":[{"href":"https:\/\/unaymilletras.com\/en\/wp-json\/wp\/v2\/posts"}],"about":[{"href":"https:\/\/unaymilletras.com\/en\/wp-json\/wp\/v2\/types\/post"}],"author":[{"embeddable":true,"href":"https:\/\/unaymilletras.com\/en\/wp-json\/wp\/v2\/users\/1"}],"replies":[{"embeddable":true,"href":"https:\/\/unaymilletras.com\/en\/wp-json\/wp\/v2\/comments?post=1822"}],"version-history":[{"count":8,"href":"https:\/\/unaymilletras.com\/en\/wp-json\/wp\/v2\/posts\/1822\/revisions"}],"predecessor-version":[{"id":1839,"href":"https:\/\/unaymilletras.com\/en\/wp-json\/wp\/v2\/posts\/1822\/revisions\/1839"}],"wp:featuredmedia":[{"embeddable":true,"href":"https:\/\/unaymilletras.com\/en\/wp-json\/wp\/v2\/media\/1828"}],"wp:attachment":[{"href":"https:\/\/unaymilletras.com\/en\/wp-json\/wp\/v2\/media?parent=1822"}],"wp:term":[{"taxonomy":"category","embeddable":true,"href":"https:\/\/unaymilletras.com\/en\/wp-json\/wp\/v2\/categories?post=1822"},{"taxonomy":"post_tag","embeddable":true,"href":"https:\/\/unaymilletras.com\/en\/wp-json\/wp\/v2\/tags?post=1822"}],"curies":[{"name":"wp","href":"https:\/\/api.w.org\/{rel}","templated":true}]}}