{"id":185,"date":"2023-03-01T16:33:27","date_gmt":"2023-03-01T16:33:27","guid":{"rendered":"https:\/\/unaymilletras.wordpress.com\/?p=185"},"modified":"2023-05-06T14:08:50","modified_gmt":"2023-05-06T14:08:50","slug":"duki-anuncia-su-gira-por-estados-unidos-este-2023","status":"publish","type":"post","link":"https:\/\/unaymilletras.com\/en\/duki-anuncia-su-gira-por-estados-unidos-este-2023\/","title":{"rendered":"Duki anuncia su gira por Estados Unidos este 2023"},"content":{"rendered":"<p class=\"has-text-align-center has-large-font-size\"><em>En mayo el argentino llevar\u00e1 hasta EEUU su m\u00fasica en directo<\/em><\/p>\n\n\n\n<p class=\"has-text-align-justify has-small-font-size\">Tras arrasar en <strong>Madrid<\/strong> con dos Sold Out en el <strong>WiZink Center<\/strong> y a tan solo tres d\u00edas de su primer concierto en el <strong>Palau Sant Jordi<\/strong> (<strong>Barcelona<\/strong>) con las entradas agotadas, Duki anuncia su tour por <strong>Estados Unidos<\/strong>. Hoy, 1 de marzo ser\u00e1 la preventa de las entradas y el jueves comenzar\u00e1 la venta general. Esta ser\u00e1 la primera vez que hace un tour estadounidense.<\/p>\n\n\n\n<p class=\"has-small-font-size\">Las fechas de los conciertos que se incluyen en esta gira son: <br>&#8211; 17 de Mayo, Palladium Times Square, New York<br>&#8211; 19 de Mayo, Oasis Wynwood, Miami<br>&#8211; 25 de Mayo, House of Blues, Chicago<br>&#8211; 28 de Mayo, The Wiltern, Los \u00c1ngeles<br>&#8211; 29 de Mayo, House of Blues, San Diego<\/p>\n\n\n\n<figure class=\"wp-block-image size-large is-resized\"><img fetchpriority=\"high\" decoding=\"async\" src=\"http:\/\/unaymilletras.com\/wp-content\/uploads\/2023\/03\/image.png?w=1024\" alt=\"\" class=\"wp-image-192\" width=\"780\" height=\"520\" srcset=\"https:\/\/unaymilletras.com\/wp-content\/uploads\/2023\/03\/image.png 2048w, https:\/\/unaymilletras.com\/wp-content\/uploads\/2023\/03\/image-300x200.png 300w, https:\/\/unaymilletras.com\/wp-content\/uploads\/2023\/03\/image-1024x683.png 1024w, https:\/\/unaymilletras.com\/wp-content\/uploads\/2023\/03\/image-768x512.png 768w, https:\/\/unaymilletras.com\/wp-content\/uploads\/2023\/03\/image-1536x1025.png 1536w\" sizes=\"(max-width: 780px) 100vw, 780px\" \/><figcaption class=\"wp-element-caption\">Fotograf\u00eda: @santidelape<\/figcaption><\/figure>\n\n\n\n<p class=\"has-foreground-dark-color has-text-color has-small-font-size\">El artista argentino tambi\u00e9n tiene conciertos ya anunciados por M\u00e9xico y Espa\u00f1a. Comenzando con los <a rel=\"noreferrer noopener\" href=\"https:\/\/www.ticketmaster.es\/event\/32623\" target=\"_blank\">conciertos<\/a> que tendr\u00e1n lugar en Barcelona los pr\u00f3ximos 3 y 4 de marzo en el <strong>Palau Sant Jordi<\/strong>, para el primero de los cuales ya no quedan entradas disponibles. Continuar\u00e1 con su participaci\u00f3n en los festivales <em>Vive Latino<\/em> (<strong>M\u00e9xico<\/strong>), el 19 de marzo y el <em>Festival Pal Norte<\/em> (<strong>Monterrey<\/strong>), el 2 de abril. Por \u00faltimo, en Espa\u00f1a contaremos con su presencia en el <em>Bilbao BBK Live<\/em> el 7 de julio y en el <strong><a href=\"https:\/\/boombasticfestival.com\/\" target=\"_blank\" rel=\"noreferrer noopener\">Boombastic<\/a><\/strong> tanto de <strong>Canarias<\/strong> el 23 de junio, <strong>Asturias<\/strong> el 20 de julio y <strong>Alicante<\/strong> el 17 de agosto<\/p>","protected":false},"excerpt":{"rendered":"<p>En mayo el argentino llevar\u00e1 hasta EEUU su m\u00fasica en directo Tras arrasar en Madrid con dos Sold Out en el WiZink Center y a tan solo tres d\u00edas de su primer concierto en el Palau Sant Jordi (Barcelona) con las entradas agotadas, Duki anuncia su tour por Estados Unidos. Hoy, 1 de marzo ser\u00e1 [&hellip;]<\/p>\n","protected":false},"author":1,"featured_media":188,"comment_status":"open","ping_status":"open","sticky":false,"template":"","format":"standard","meta":{"footnotes":""},"categories":[4],"tags":[],"class_list":["post-185","post","type-post","status-publish","format-standard","has-post-thumbnail","hentry","category-musica"],"yoast_head":"<!-- This site is optimized with the Yoast SEO plugin v27.4 - https:\/\/yoast.com\/product\/yoast-seo-wordpress\/ -->\n<title>Duki anuncia su gira por Estados Unidos este 2023 &#8902; Una y Mil Letras<\/title>\n<meta name=\"robots\" content=\"index, follow, max-snippet:-1, max-image-preview:large, max-video-preview:-1\" \/>\n<link rel=\"canonical\" href=\"https:\/\/unaymilletras.com\/en\/duki-anuncia-su-gira-por-estados-unidos-este-2023\/\" \/>\n<meta property=\"og:locale\" content=\"en_GB\" \/>\n<meta property=\"og:type\" content=\"article\" \/>\n<meta property=\"og:title\" content=\"Duki anuncia su gira por Estados Unidos este 2023 &#8902; Una y Mil Letras\" \/>\n<meta property=\"og:description\" content=\"En mayo el argentino llevar\u00e1 hasta EEUU su m\u00fasica en directo Tras arrasar en Madrid con dos Sold Out en el WiZink Center y a tan solo tres d\u00edas de su primer concierto en el Palau Sant Jordi (Barcelona) con las entradas agotadas, Duki anuncia su tour por Estados Unidos. Hoy, 1 de marzo ser\u00e1 [&hellip;]\" \/>\n<meta property=\"og:url\" content=\"https:\/\/unaymilletras.com\/en\/duki-anuncia-su-gira-por-estados-unidos-este-2023\/\" \/>\n<meta property=\"og:site_name\" content=\"Una y Mil Letras\" \/>\n<meta property=\"article:published_time\" content=\"2023-03-01T16:33:27+00:00\" \/>\n<meta property=\"article:modified_time\" content=\"2023-05-06T14:08:50+00:00\" \/>\n<meta property=\"og:image\" content=\"https:\/\/unaymilletras.com\/wp-content\/uploads\/2023\/03\/screenshot-2023-03-01-at-15.51.35.jpeg\" \/>\n\t<meta property=\"og:image:width\" content=\"828\" \/>\n\t<meta property=\"og:image:height\" content=\"457\" \/>\n\t<meta property=\"og:image:type\" content=\"image\/jpeg\" \/>\n<meta name=\"author\" content=\"Maria Gil Robledo\" \/>\n<meta name=\"twitter:card\" content=\"summary_large_image\" \/>\n<meta name=\"twitter:creator\" content=\"@UnaYMilLetras\" \/>\n<meta name=\"twitter:site\" content=\"@UnaYMilLetras\" \/>\n<meta name=\"twitter:label1\" content=\"Written by\" \/>\n\t<meta name=\"twitter:data1\" content=\"Maria Gil Robledo\" \/>\n\t<meta name=\"twitter:label2\" content=\"Estimated reading time\" \/>\n\t<meta name=\"twitter:data2\" content=\"1 minute\" \/>\n<script type=\"application\/ld+json\" class=\"yoast-schema-graph\">{\"@context\":\"https:\\\/\\\/schema.org\",\"@graph\":[{\"@type\":\"Article\",\"@id\":\"https:\\\/\\\/unaymilletras.com\\\/duki-anuncia-su-gira-por-estados-unidos-este-2023\\\/#article\",\"isPartOf\":{\"@id\":\"https:\\\/\\\/unaymilletras.com\\\/duki-anuncia-su-gira-por-estados-unidos-este-2023\\\/\"},\"author\":{\"name\":\"Maria Gil Robledo\",\"@id\":\"http:\\\/\\\/unaymilletras.com\\\/#\\\/schema\\\/person\\\/d55ba681b8a4e463d8982dbe36a5dc94\"},\"headline\":\"Duki anuncia su gira por Estados Unidos este 2023\",\"datePublished\":\"2023-03-01T16:33:27+00:00\",\"dateModified\":\"2023-05-06T14:08:50+00:00\",\"mainEntityOfPage\":{\"@id\":\"https:\\\/\\\/unaymilletras.com\\\/duki-anuncia-su-gira-por-estados-unidos-este-2023\\\/\"},\"wordCount\":240,\"commentCount\":1,\"publisher\":{\"@id\":\"http:\\\/\\\/unaymilletras.com\\\/#organization\"},\"image\":{\"@id\":\"https:\\\/\\\/unaymilletras.com\\\/duki-anuncia-su-gira-por-estados-unidos-este-2023\\\/#primaryimage\"},\"thumbnailUrl\":\"https:\\\/\\\/unaymilletras.com\\\/wp-content\\\/uploads\\\/2023\\\/03\\\/screenshot-2023-03-01-at-15.51.35.jpeg\",\"articleSection\":[\"M\u00fasica\"],\"inLanguage\":\"en-GB\",\"potentialAction\":[{\"@type\":\"CommentAction\",\"name\":\"Comment\",\"target\":[\"https:\\\/\\\/unaymilletras.com\\\/duki-anuncia-su-gira-por-estados-unidos-este-2023\\\/#respond\"]}]},{\"@type\":\"WebPage\",\"@id\":\"https:\\\/\\\/unaymilletras.com\\\/duki-anuncia-su-gira-por-estados-unidos-este-2023\\\/\",\"url\":\"https:\\\/\\\/unaymilletras.com\\\/duki-anuncia-su-gira-por-estados-unidos-este-2023\\\/\",\"name\":\"Duki anuncia su gira por Estados Unidos este 2023 &#8902; Una y Mil Letras\",\"isPartOf\":{\"@id\":\"http:\\\/\\\/unaymilletras.com\\\/#website\"},\"primaryImageOfPage\":{\"@id\":\"https:\\\/\\\/unaymilletras.com\\\/duki-anuncia-su-gira-por-estados-unidos-este-2023\\\/#primaryimage\"},\"image\":{\"@id\":\"https:\\\/\\\/unaymilletras.com\\\/duki-anuncia-su-gira-por-estados-unidos-este-2023\\\/#primaryimage\"},\"thumbnailUrl\":\"https:\\\/\\\/unaymilletras.com\\\/wp-content\\\/uploads\\\/2023\\\/03\\\/screenshot-2023-03-01-at-15.51.35.jpeg\",\"datePublished\":\"2023-03-01T16:33:27+00:00\",\"dateModified\":\"2023-05-06T14:08:50+00:00\",\"breadcrumb\":{\"@id\":\"https:\\\/\\\/unaymilletras.com\\\/duki-anuncia-su-gira-por-estados-unidos-este-2023\\\/#breadcrumb\"},\"inLanguage\":\"en-GB\",\"potentialAction\":[{\"@type\":\"ReadAction\",\"target\":[\"https:\\\/\\\/unaymilletras.com\\\/duki-anuncia-su-gira-por-estados-unidos-este-2023\\\/\"]}]},{\"@type\":\"ImageObject\",\"inLanguage\":\"en-GB\",\"@id\":\"https:\\\/\\\/unaymilletras.com\\\/duki-anuncia-su-gira-por-estados-unidos-este-2023\\\/#primaryimage\",\"url\":\"https:\\\/\\\/unaymilletras.com\\\/wp-content\\\/uploads\\\/2023\\\/03\\\/screenshot-2023-03-01-at-15.51.35.jpeg\",\"contentUrl\":\"https:\\\/\\\/unaymilletras.com\\\/wp-content\\\/uploads\\\/2023\\\/03\\\/screenshot-2023-03-01-at-15.51.35.jpeg\",\"width\":828,\"height\":457},{\"@type\":\"BreadcrumbList\",\"@id\":\"https:\\\/\\\/unaymilletras.com\\\/duki-anuncia-su-gira-por-estados-unidos-este-2023\\\/#breadcrumb\",\"itemListElement\":[{\"@type\":\"ListItem\",\"position\":1,\"name\":\"Home\",\"item\":\"http:\\\/\\\/unaymilletras.com\\\/\"},{\"@type\":\"ListItem\",\"position\":2,\"name\":\"Duki anuncia su gira por Estados Unidos este 2023\"}]},{\"@type\":\"WebSite\",\"@id\":\"http:\\\/\\\/unaymilletras.com\\\/#website\",\"url\":\"http:\\\/\\\/unaymilletras.com\\\/\",\"name\":\"Una y Mil Letras\",\"description\":\"\",\"publisher\":{\"@id\":\"http:\\\/\\\/unaymilletras.com\\\/#organization\"},\"potentialAction\":[{\"@type\":\"SearchAction\",\"target\":{\"@type\":\"EntryPoint\",\"urlTemplate\":\"http:\\\/\\\/unaymilletras.com\\\/?s={search_term_string}\"},\"query-input\":{\"@type\":\"PropertyValueSpecification\",\"valueRequired\":true,\"valueName\":\"search_term_string\"}}],\"inLanguage\":\"en-GB\"},{\"@type\":\"Organization\",\"@id\":\"http:\\\/\\\/unaymilletras.com\\\/#organization\",\"name\":\"Una y Mil Letras\",\"url\":\"http:\\\/\\\/unaymilletras.com\\\/\",\"logo\":{\"@type\":\"ImageObject\",\"inLanguage\":\"en-GB\",\"@id\":\"http:\\\/\\\/unaymilletras.com\\\/#\\\/schema\\\/logo\\\/image\\\/\",\"url\":\"https:\\\/\\\/unaymilletras.com\\\/wp-content\\\/uploads\\\/2024\\\/06\\\/cropped-Logo-removebg-preview.png\",\"contentUrl\":\"https:\\\/\\\/unaymilletras.com\\\/wp-content\\\/uploads\\\/2024\\\/06\\\/cropped-Logo-removebg-preview.png\",\"width\":512,\"height\":512,\"caption\":\"Una y Mil Letras\"},\"image\":{\"@id\":\"http:\\\/\\\/unaymilletras.com\\\/#\\\/schema\\\/logo\\\/image\\\/\"},\"sameAs\":[\"https:\\\/\\\/x.com\\\/UnaYMilLetras\",\"https:\\\/\\\/instagram.com\\\/UnaYMilLetras\"]},{\"@type\":\"Person\",\"@id\":\"http:\\\/\\\/unaymilletras.com\\\/#\\\/schema\\\/person\\\/d55ba681b8a4e463d8982dbe36a5dc94\",\"name\":\"Maria Gil Robledo\",\"image\":{\"@type\":\"ImageObject\",\"inLanguage\":\"en-GB\",\"@id\":\"https:\\\/\\\/secure.gravatar.com\\\/avatar\\\/4b8e5102e0015789407eb4870b12f0f2857952d83ca124058f92b764bd1840c3?s=96&d=mm&r=g\",\"url\":\"https:\\\/\\\/secure.gravatar.com\\\/avatar\\\/4b8e5102e0015789407eb4870b12f0f2857952d83ca124058f92b764bd1840c3?s=96&d=mm&r=g\",\"contentUrl\":\"https:\\\/\\\/secure.gravatar.com\\\/avatar\\\/4b8e5102e0015789407eb4870b12f0f2857952d83ca124058f92b764bd1840c3?s=96&d=mm&r=g\",\"caption\":\"Maria Gil Robledo\"},\"sameAs\":[\"http:\\\/\\\/unaymilletras.com\"],\"url\":\"https:\\\/\\\/unaymilletras.com\\\/en\\\/author\\\/mariiagiil02_\\\/\"}]}<\/script>\n<!-- \/ Yoast SEO plugin. -->","yoast_head_json":{"title":"Duki anuncia su gira por Estados Unidos este 2023 &#8902; Una y Mil Letras","robots":{"index":"index","follow":"follow","max-snippet":"max-snippet:-1","max-image-preview":"max-image-preview:large","max-video-preview":"max-video-preview:-1"},"canonical":"https:\/\/unaymilletras.com\/en\/duki-anuncia-su-gira-por-estados-unidos-este-2023\/","og_locale":"en_GB","og_type":"article","og_title":"Duki anuncia su gira por Estados Unidos este 2023 &#8902; Una y Mil Letras","og_description":"En mayo el argentino llevar\u00e1 hasta EEUU su m\u00fasica en directo Tras arrasar en Madrid con dos Sold Out en el WiZink Center y a tan solo tres d\u00edas de su primer concierto en el Palau Sant Jordi (Barcelona) con las entradas agotadas, Duki anuncia su tour por Estados Unidos. Hoy, 1 de marzo ser\u00e1 [&hellip;]","og_url":"https:\/\/unaymilletras.com\/en\/duki-anuncia-su-gira-por-estados-unidos-este-2023\/","og_site_name":"Una y Mil Letras","article_published_time":"2023-03-01T16:33:27+00:00","article_modified_time":"2023-05-06T14:08:50+00:00","og_image":[{"width":828,"height":457,"url":"https:\/\/unaymilletras.com\/wp-content\/uploads\/2023\/03\/screenshot-2023-03-01-at-15.51.35.jpeg","type":"image\/jpeg"}],"author":"Maria Gil Robledo","twitter_card":"summary_large_image","twitter_creator":"@UnaYMilLetras","twitter_site":"@UnaYMilLetras","twitter_misc":{"Written by":"Maria Gil Robledo","Estimated reading time":"1 minute"},"schema":{"@context":"https:\/\/schema.org","@graph":[{"@type":"Article","@id":"https:\/\/unaymilletras.com\/duki-anuncia-su-gira-por-estados-unidos-este-2023\/#article","isPartOf":{"@id":"https:\/\/unaymilletras.com\/duki-anuncia-su-gira-por-estados-unidos-este-2023\/"},"author":{"name":"Maria Gil Robledo","@id":"http:\/\/unaymilletras.com\/#\/schema\/person\/d55ba681b8a4e463d8982dbe36a5dc94"},"headline":"Duki anuncia su gira por Estados Unidos este 2023","datePublished":"2023-03-01T16:33:27+00:00","dateModified":"2023-05-06T14:08:50+00:00","mainEntityOfPage":{"@id":"https:\/\/unaymilletras.com\/duki-anuncia-su-gira-por-estados-unidos-este-2023\/"},"wordCount":240,"commentCount":1,"publisher":{"@id":"http:\/\/unaymilletras.com\/#organization"},"image":{"@id":"https:\/\/unaymilletras.com\/duki-anuncia-su-gira-por-estados-unidos-este-2023\/#primaryimage"},"thumbnailUrl":"https:\/\/unaymilletras.com\/wp-content\/uploads\/2023\/03\/screenshot-2023-03-01-at-15.51.35.jpeg","articleSection":["M\u00fasica"],"inLanguage":"en-GB","potentialAction":[{"@type":"CommentAction","name":"Comment","target":["https:\/\/unaymilletras.com\/duki-anuncia-su-gira-por-estados-unidos-este-2023\/#respond"]}]},{"@type":"WebPage","@id":"https:\/\/unaymilletras.com\/duki-anuncia-su-gira-por-estados-unidos-este-2023\/","url":"https:\/\/unaymilletras.com\/duki-anuncia-su-gira-por-estados-unidos-este-2023\/","name":"Duki anuncia su gira por Estados Unidos este 2023 &#8902; Una y Mil Letras","isPartOf":{"@id":"http:\/\/unaymilletras.com\/#website"},"primaryImageOfPage":{"@id":"https:\/\/unaymilletras.com\/duki-anuncia-su-gira-por-estados-unidos-este-2023\/#primaryimage"},"image":{"@id":"https:\/\/unaymilletras.com\/duki-anuncia-su-gira-por-estados-unidos-este-2023\/#primaryimage"},"thumbnailUrl":"https:\/\/unaymilletras.com\/wp-content\/uploads\/2023\/03\/screenshot-2023-03-01-at-15.51.35.jpeg","datePublished":"2023-03-01T16:33:27+00:00","dateModified":"2023-05-06T14:08:50+00:00","breadcrumb":{"@id":"https:\/\/unaymilletras.com\/duki-anuncia-su-gira-por-estados-unidos-este-2023\/#breadcrumb"},"inLanguage":"en-GB","potentialAction":[{"@type":"ReadAction","target":["https:\/\/unaymilletras.com\/duki-anuncia-su-gira-por-estados-unidos-este-2023\/"]}]},{"@type":"ImageObject","inLanguage":"en-GB","@id":"https:\/\/unaymilletras.com\/duki-anuncia-su-gira-por-estados-unidos-este-2023\/#primaryimage","url":"https:\/\/unaymilletras.com\/wp-content\/uploads\/2023\/03\/screenshot-2023-03-01-at-15.51.35.jpeg","contentUrl":"https:\/\/unaymilletras.com\/wp-content\/uploads\/2023\/03\/screenshot-2023-03-01-at-15.51.35.jpeg","width":828,"height":457},{"@type":"BreadcrumbList","@id":"https:\/\/unaymilletras.com\/duki-anuncia-su-gira-por-estados-unidos-este-2023\/#breadcrumb","itemListElement":[{"@type":"ListItem","position":1,"name":"Home","item":"http:\/\/unaymilletras.com\/"},{"@type":"ListItem","position":2,"name":"Duki anuncia su gira por Estados Unidos este 2023"}]},{"@type":"WebSite","@id":"http:\/\/unaymilletras.com\/#website","url":"http:\/\/unaymilletras.com\/","name":"Una y Mil Letras","description":"","publisher":{"@id":"http:\/\/unaymilletras.com\/#organization"},"potentialAction":[{"@type":"SearchAction","target":{"@type":"EntryPoint","urlTemplate":"http:\/\/unaymilletras.com\/?s={search_term_string}"},"query-input":{"@type":"PropertyValueSpecification","valueRequired":true,"valueName":"search_term_string"}}],"inLanguage":"en-GB"},{"@type":"Organization","@id":"http:\/\/unaymilletras.com\/#organization","name":"Una y Mil Letras","url":"http:\/\/unaymilletras.com\/","logo":{"@type":"ImageObject","inLanguage":"en-GB","@id":"http:\/\/unaymilletras.com\/#\/schema\/logo\/image\/","url":"https:\/\/unaymilletras.com\/wp-content\/uploads\/2024\/06\/cropped-Logo-removebg-preview.png","contentUrl":"https:\/\/unaymilletras.com\/wp-content\/uploads\/2024\/06\/cropped-Logo-removebg-preview.png","width":512,"height":512,"caption":"Una y Mil Letras"},"image":{"@id":"http:\/\/unaymilletras.com\/#\/schema\/logo\/image\/"},"sameAs":["https:\/\/x.com\/UnaYMilLetras","https:\/\/instagram.com\/UnaYMilLetras"]},{"@type":"Person","@id":"http:\/\/unaymilletras.com\/#\/schema\/person\/d55ba681b8a4e463d8982dbe36a5dc94","name":"Maria Gil Robledo","image":{"@type":"ImageObject","inLanguage":"en-GB","@id":"https:\/\/secure.gravatar.com\/avatar\/4b8e5102e0015789407eb4870b12f0f2857952d83ca124058f92b764bd1840c3?s=96&d=mm&r=g","url":"https:\/\/secure.gravatar.com\/avatar\/4b8e5102e0015789407eb4870b12f0f2857952d83ca124058f92b764bd1840c3?s=96&d=mm&r=g","contentUrl":"https:\/\/secure.gravatar.com\/avatar\/4b8e5102e0015789407eb4870b12f0f2857952d83ca124058f92b764bd1840c3?s=96&d=mm&r=g","caption":"Maria Gil Robledo"},"sameAs":["http:\/\/unaymilletras.com"],"url":"https:\/\/unaymilletras.com\/en\/author\/mariiagiil02_\/"}]}},"_links":{"self":[{"href":"https:\/\/unaymilletras.com\/en\/wp-json\/wp\/v2\/posts\/185","targetHints":{"allow":["GET"]}}],"collection":[{"href":"https:\/\/unaymilletras.com\/en\/wp-json\/wp\/v2\/posts"}],"about":[{"href":"https:\/\/unaymilletras.com\/en\/wp-json\/wp\/v2\/types\/post"}],"author":[{"embeddable":true,"href":"https:\/\/unaymilletras.com\/en\/wp-json\/wp\/v2\/users\/1"}],"replies":[{"embeddable":true,"href":"https:\/\/unaymilletras.com\/en\/wp-json\/wp\/v2\/comments?post=185"}],"version-history":[{"count":1,"href":"https:\/\/unaymilletras.com\/en\/wp-json\/wp\/v2\/posts\/185\/revisions"}],"predecessor-version":[{"id":555,"href":"https:\/\/unaymilletras.com\/en\/wp-json\/wp\/v2\/posts\/185\/revisions\/555"}],"wp:featuredmedia":[{"embeddable":true,"href":"https:\/\/unaymilletras.com\/en\/wp-json\/wp\/v2\/media\/188"}],"wp:attachment":[{"href":"https:\/\/unaymilletras.com\/en\/wp-json\/wp\/v2\/media?parent=185"}],"wp:term":[{"taxonomy":"category","embeddable":true,"href":"https:\/\/unaymilletras.com\/en\/wp-json\/wp\/v2\/categories?post=185"},{"taxonomy":"post_tag","embeddable":true,"href":"https:\/\/unaymilletras.com\/en\/wp-json\/wp\/v2\/tags?post=185"}],"curies":[{"name":"wp","href":"https:\/\/api.w.org\/{rel}","templated":true}]}}