{"id":1866,"date":"2024-01-12T19:37:22","date_gmt":"2024-01-12T18:37:22","guid":{"rendered":"https:\/\/unaymilletras.com\/?p=1866"},"modified":"2024-01-12T19:38:06","modified_gmt":"2024-01-12T18:38:06","slug":"g-face-presenta-negro-y-azul-su-nuevo-viaje-musical","status":"publish","type":"post","link":"https:\/\/unaymilletras.com\/en\/g-face-presenta-negro-y-azul-su-nuevo-viaje-musical\/","title":{"rendered":"G Face presenta \u00abNegro y Azul\u00bb: su nuevo viaje musical"},"content":{"rendered":"<div data-elementor-type=\"wp-post\" data-elementor-id=\"1866\" class=\"elementor elementor-1866\">\n\t\t\t\t\t\t<section class=\"elementor-section elementor-top-section elementor-element elementor-element-12d3403 elementor-section-boxed elementor-section-height-default elementor-section-height-default\" data-id=\"12d3403\" data-element_type=\"section\" data-e-type=\"section\">\n\t\t\t\t\t\t<div class=\"elementor-container elementor-column-gap-default\">\n\t\t\t\t\t<div class=\"elementor-column elementor-col-100 elementor-top-column elementor-element elementor-element-430df24\" data-id=\"430df24\" data-element_type=\"column\" data-e-type=\"column\">\n\t\t\t<div class=\"elementor-widget-wrap elementor-element-populated\">\n\t\t\t\t\t\t<div class=\"elementor-element elementor-element-9eb0c2d elementor-widget elementor-widget-text-editor\" data-id=\"9eb0c2d\" data-element_type=\"widget\" data-e-type=\"widget\" data-widget_type=\"text-editor.default\">\n\t\t\t\t<div class=\"elementor-widget-container\">\n\t\t\t\t\t\t\t\t\t<h2 style=\"text-align: center;\"><span style=\"color: #808080;\"><em>El joven talento gallego, G Face, presenta una propuesta musical vibrante acompa\u00f1ada de un videoclip lleno de intensidad<\/em><\/span><\/h2>\t\t\t\t\t\t\t\t<\/div>\n\t\t\t\t<\/div>\n\t\t\t\t\t<\/div>\n\t\t<\/div>\n\t\t\t\t\t<\/div>\n\t\t<\/section>\n\t\t\t\t<section class=\"elementor-section elementor-top-section elementor-element elementor-element-3c94f13 elementor-section-boxed elementor-section-height-default elementor-section-height-default\" data-id=\"3c94f13\" data-element_type=\"section\" data-e-type=\"section\">\n\t\t\t\t\t\t<div class=\"elementor-container elementor-column-gap-default\">\n\t\t\t\t\t<div class=\"elementor-column elementor-col-100 elementor-top-column elementor-element elementor-element-c600de1\" data-id=\"c600de1\" data-element_type=\"column\" data-e-type=\"column\">\n\t\t\t<div class=\"elementor-widget-wrap elementor-element-populated\">\n\t\t\t\t\t\t<div class=\"elementor-element elementor-element-7f31c73 elementor-widget elementor-widget-text-editor\" data-id=\"7f31c73\" data-element_type=\"widget\" data-e-type=\"widget\" data-widget_type=\"text-editor.default\">\n\t\t\t\t<div class=\"elementor-widget-container\">\n\t\t\t\t\t\t\t\t\t<p><span style=\"color: #808080;\"><b>G Face<\/b>, el ascendente artista <a style=\"color: #808080;\" href=\"https:\/\/unaymilletras.com\/en\/ed-sheeran-primer-confirmado-de-o-gozo-festival-2024\/\">gallego<\/a> de tan solo 21 a\u00f1os, sorprende con su m\u00e1s reciente sencillo, <em><b><a style=\"color: #808080;\" href=\"https:\/\/open.spotify.com\/intl-es\/track\/5tFUXRrEKjqAPNegPlf0QY?si=574799f079374f7c\">Negro y Azul<\/a><\/b><\/em>, una envolvente combinaci\u00f3n de desamor y ritmos disco-funk que promete conquistar los o\u00eddos de su creciente audiencia.<\/span><\/p>\t\t\t\t\t\t\t\t<\/div>\n\t\t\t\t<\/div>\n\t\t\t\t\t<\/div>\n\t\t<\/div>\n\t\t\t\t\t<\/div>\n\t\t<\/section>\n\t\t\t\t<section class=\"elementor-section elementor-top-section elementor-element elementor-element-39abdd3 elementor-section-boxed elementor-section-height-default elementor-section-height-default\" data-id=\"39abdd3\" data-element_type=\"section\" data-e-type=\"section\">\n\t\t\t\t\t\t<div class=\"elementor-container elementor-column-gap-default\">\n\t\t\t\t\t<div class=\"elementor-column elementor-col-100 elementor-top-column elementor-element elementor-element-4c7b66e\" data-id=\"4c7b66e\" data-element_type=\"column\" data-e-type=\"column\">\n\t\t\t<div class=\"elementor-widget-wrap elementor-element-populated\">\n\t\t\t\t\t\t<div class=\"elementor-element elementor-element-fda9f7f elementor-widget elementor-widget-image\" data-id=\"fda9f7f\" data-element_type=\"widget\" data-e-type=\"widget\" data-widget_type=\"image.default\">\n\t\t\t\t<div class=\"elementor-widget-container\">\n\t\t\t\t\t\t\t\t\t\t\t\t\t\t\t<img fetchpriority=\"high\" decoding=\"async\" width=\"640\" height=\"360\" src=\"https:\/\/unaymilletras.com\/wp-content\/uploads\/2024\/01\/908412_gfacenegroyazul-1-1024x576.jpg\" class=\"attachment-large size-large wp-image-1869\" alt=\"G Face\" srcset=\"https:\/\/unaymilletras.com\/wp-content\/uploads\/2024\/01\/908412_gfacenegroyazul-1-1024x576.jpg 1024w, https:\/\/unaymilletras.com\/wp-content\/uploads\/2024\/01\/908412_gfacenegroyazul-1-300x169.jpg 300w, https:\/\/unaymilletras.com\/wp-content\/uploads\/2024\/01\/908412_gfacenegroyazul-1-768x432.jpg 768w, https:\/\/unaymilletras.com\/wp-content\/uploads\/2024\/01\/908412_gfacenegroyazul-1-1536x864.jpg 1536w, https:\/\/unaymilletras.com\/wp-content\/uploads\/2024\/01\/908412_gfacenegroyazul-1-2048x1152.jpg 2048w, https:\/\/unaymilletras.com\/wp-content\/uploads\/2024\/01\/908412_gfacenegroyazul-1-1280x720.jpg 1280w, https:\/\/unaymilletras.com\/wp-content\/uploads\/2024\/01\/908412_gfacenegroyazul-1-scaled-e1705059322839.jpg 600w\" sizes=\"(max-width: 640px) 100vw, 640px\" \/>\t\t\t\t\t\t\t\t\t\t\t\t\t\t\t<\/div>\n\t\t\t\t<\/div>\n\t\t\t\t\t<\/div>\n\t\t<\/div>\n\t\t\t\t\t<\/div>\n\t\t<\/section>\n\t\t\t\t<section class=\"elementor-section elementor-top-section elementor-element elementor-element-3a927a7 elementor-section-boxed elementor-section-height-default elementor-section-height-default\" data-id=\"3a927a7\" data-element_type=\"section\" data-e-type=\"section\">\n\t\t\t\t\t\t<div class=\"elementor-container elementor-column-gap-default\">\n\t\t\t\t\t<div class=\"elementor-column elementor-col-100 elementor-top-column elementor-element elementor-element-cb780f2\" data-id=\"cb780f2\" data-element_type=\"column\" data-e-type=\"column\">\n\t\t\t<div class=\"elementor-widget-wrap elementor-element-populated\">\n\t\t\t\t\t\t<div class=\"elementor-element elementor-element-4727936 elementor-widget elementor-widget-text-editor\" data-id=\"4727936\" data-element_type=\"widget\" data-e-type=\"widget\" data-widget_type=\"text-editor.default\">\n\t\t\t\t<div class=\"elementor-widget-container\">\n\t\t\t\t\t\t\t\t\t<p>Este nuevo tema, que fusiona elementos de la electr\u00f3nica francesa al estilo <b>Daft<\/b> <b>Punk<\/b>, transporta a los oyentes a trav\u00e9s de una experiencia sonora \u00fanica. Con guitarras funky, bajos que no cesan y un ritmo constante, <i>Negro y Azul<\/i>&nbsp;invita al movimiento y crea la atm\u00f3sfera perfecta para un \u00faltimo baile lleno de energ\u00eda.<\/p>\n<p>La letra de la canci\u00f3n explora el encuentro con una antigua pareja, donde los recuerdos dolorosos de la relaci\u00f3n se entrelazan con la nostalgia. G Face utiliza la met\u00e1fora del <i>Negro y Azul<\/i> para pintar un retrato de desencuentros y conflictos en este momento de reencuentro.<\/p>\t\t\t\t\t\t\t\t<\/div>\n\t\t\t\t<\/div>\n\t\t\t\t\t<\/div>\n\t\t<\/div>\n\t\t\t\t\t<\/div>\n\t\t<\/section>\n\t\t\t\t<section class=\"elementor-section elementor-top-section elementor-element elementor-element-64fe8de elementor-section-boxed elementor-section-height-default elementor-section-height-default\" data-id=\"64fe8de\" data-element_type=\"section\" data-e-type=\"section\">\n\t\t\t\t\t\t<div class=\"elementor-container elementor-column-gap-default\">\n\t\t\t\t\t<div class=\"elementor-column elementor-col-50 elementor-top-column elementor-element elementor-element-55c4f0d\" data-id=\"55c4f0d\" data-element_type=\"column\" data-e-type=\"column\">\n\t\t\t<div class=\"elementor-widget-wrap elementor-element-populated\">\n\t\t\t\t\t\t<div class=\"elementor-element elementor-element-32dc574 elementor-widget elementor-widget-image\" data-id=\"32dc574\" data-element_type=\"widget\" data-e-type=\"widget\" data-widget_type=\"image.default\">\n\t\t\t\t<div class=\"elementor-widget-container\">\n\t\t\t\t\t\t\t\t\t\t\t\t\t\t\t<img decoding=\"async\" width=\"640\" height=\"640\" src=\"https:\/\/unaymilletras.com\/wp-content\/uploads\/2024\/01\/portada.jpeg\" class=\"attachment-large size-large wp-image-1871\" alt=\"G Face\" srcset=\"https:\/\/unaymilletras.com\/wp-content\/uploads\/2024\/01\/portada.jpeg 660w, https:\/\/unaymilletras.com\/wp-content\/uploads\/2024\/01\/portada-300x300.jpeg 300w, https:\/\/unaymilletras.com\/wp-content\/uploads\/2024\/01\/portada-150x150.jpeg 150w\" sizes=\"(max-width: 640px) 100vw, 640px\" \/>\t\t\t\t\t\t\t\t\t\t\t\t\t\t\t<\/div>\n\t\t\t\t<\/div>\n\t\t\t\t\t<\/div>\n\t\t<\/div>\n\t\t\t\t<div class=\"elementor-column elementor-col-50 elementor-top-column elementor-element elementor-element-b7f035c\" data-id=\"b7f035c\" data-element_type=\"column\" data-e-type=\"column\">\n\t\t\t<div class=\"elementor-widget-wrap elementor-element-populated\">\n\t\t\t\t\t\t<div class=\"elementor-element elementor-element-09b2886 elementor-widget elementor-widget-text-editor\" data-id=\"09b2886\" data-element_type=\"widget\" data-e-type=\"widget\" data-widget_type=\"text-editor.default\">\n\t\t\t\t<div class=\"elementor-widget-container\">\n\t\t\t\t\t\t\t\t\t<p>Acompa\u00f1ando la envolvente m\u00fasica, G Face presenta un videoclip que no pasa desapercibido. Entre bolas de discoteca y rodeado de bailarinas, el joven artista interpreta la canci\u00f3n con intensidad, transmitiendo la emotividad de la letra con su caracter\u00edstica camisa de tirantes y una boina que a\u00f1ade un toque distintivo.<\/p>\t\t\t\t\t\t\t\t<\/div>\n\t\t\t\t<\/div>\n\t\t\t\t\t<\/div>\n\t\t<\/div>\n\t\t\t\t\t<\/div>\n\t\t<\/section>\n\t\t\t\t<section class=\"elementor-section elementor-top-section elementor-element elementor-element-84c0453 elementor-section-boxed elementor-section-height-default elementor-section-height-default\" data-id=\"84c0453\" data-element_type=\"section\" data-e-type=\"section\">\n\t\t\t\t\t\t<div class=\"elementor-container elementor-column-gap-default\">\n\t\t\t\t\t<div class=\"elementor-column elementor-col-100 elementor-top-column elementor-element elementor-element-1a515c3\" data-id=\"1a515c3\" data-element_type=\"column\" data-e-type=\"column\">\n\t\t\t<div class=\"elementor-widget-wrap elementor-element-populated\">\n\t\t\t\t\t\t<div class=\"elementor-element elementor-element-15c1c8c elementor-widget elementor-widget-text-editor\" data-id=\"15c1c8c\" data-element_type=\"widget\" data-e-type=\"widget\" data-widget_type=\"text-editor.default\">\n\t\t\t\t<div class=\"elementor-widget-container\">\n\t\t\t\t\t\t\t\t\t<p><span style=\"color: var( --e-global-color-text ); font-family: var( --e-global-typography-text-font-family ), Sans-serif; font-weight: var( --e-global-typography-text-font-weight );\">La propuesta art\u00edstica de G Face se destaca por su sensualidad vocal, versatilidad interpretativa y una personalidad aut\u00e9ntica. <\/span><i style=\"color: var( --e-global-color-text ); font-family: var( --e-global-typography-text-font-family ), Sans-serif; font-weight: var( --e-global-typography-text-font-weight );\">Negro y Azul<\/i><span style=\"color: var( --e-global-color-text ); font-family: var( --e-global-typography-text-font-family ), Sans-serif; font-weight: var( --e-global-typography-text-font-weight );\"> se suma a la lista de \u00e9xitos del joven talento, consolid\u00e1ndolo como un artista a tener en cuenta. Con influencias que abarcan desde el pop hasta el r&amp;b, G Face contin\u00faa innovando y cautivando con sonidos llamativos que dejan una marca \u00fanica en la escena musical actual.<\/span><br><\/p>\t\t\t\t\t\t\t\t<\/div>\n\t\t\t\t<\/div>\n\t\t\t\t\t<\/div>\n\t\t<\/div>\n\t\t\t\t\t<\/div>\n\t\t<\/section>\n\t\t\t\t<\/div>","protected":false},"excerpt":{"rendered":"<p>El joven talento gallego, G Face, presenta una propuesta musical vibrante acompa\u00f1ada de un videoclip lleno de intensidad G Face, el ascendente artista gallego de tan solo 21 a\u00f1os, sorprende con su m\u00e1s reciente sencillo, Negro y Azul, una envolvente combinaci\u00f3n de desamor y ritmos disco-funk que promete conquistar los o\u00eddos de su creciente audiencia. [&hellip;]<\/p>\n","protected":false},"author":1,"featured_media":1869,"comment_status":"open","ping_status":"open","sticky":false,"template":"","format":"standard","meta":{"footnotes":""},"categories":[4],"tags":[],"class_list":["post-1866","post","type-post","status-publish","format-standard","has-post-thumbnail","hentry","category-musica"],"yoast_head":"<!-- This site is optimized with the Yoast SEO plugin v27.4 - https:\/\/yoast.com\/product\/yoast-seo-wordpress\/ -->\n<title>G Face presenta &quot;Negro y Azul&quot;: su nuevo viaje musical<\/title>\n<meta name=\"description\" content=\"El joven talento gallego, G Face, presenta una propuesta musical vibrante acompa\u00f1ada de un videoclip lleno de intensidad\" \/>\n<meta name=\"robots\" content=\"index, follow, max-snippet:-1, max-image-preview:large, max-video-preview:-1\" \/>\n<link rel=\"canonical\" href=\"https:\/\/unaymilletras.com\/en\/g-face-presenta-negro-y-azul-su-nuevo-viaje-musical\/\" \/>\n<meta property=\"og:locale\" content=\"en_GB\" \/>\n<meta property=\"og:type\" content=\"article\" \/>\n<meta property=\"og:title\" content=\"G Face presenta &quot;Negro y Azul&quot;: su nuevo viaje musical\" \/>\n<meta property=\"og:description\" content=\"El joven talento gallego, G Face, presenta una propuesta musical vibrante acompa\u00f1ada de un videoclip lleno de intensidad\" \/>\n<meta property=\"og:url\" content=\"https:\/\/unaymilletras.com\/en\/g-face-presenta-negro-y-azul-su-nuevo-viaje-musical\/\" \/>\n<meta property=\"og:site_name\" content=\"Una y Mil Letras\" \/>\n<meta property=\"article:published_time\" content=\"2024-01-12T18:37:22+00:00\" \/>\n<meta property=\"article:modified_time\" content=\"2024-01-12T18:38:06+00:00\" \/>\n<meta property=\"og:image\" content=\"http:\/\/unaymilletras.com\/wp-content\/uploads\/2024\/01\/908412_gfacenegroyazul-1-scaled-e1705059322839.jpg\" \/>\n\t<meta property=\"og:image:width\" content=\"600\" \/>\n\t<meta property=\"og:image:height\" content=\"338\" \/>\n\t<meta property=\"og:image:type\" content=\"image\/jpeg\" \/>\n<meta name=\"author\" content=\"Maria Gil Robledo\" \/>\n<meta name=\"twitter:card\" content=\"summary_large_image\" \/>\n<meta name=\"twitter:creator\" content=\"@UnaYMilLetras\" \/>\n<meta name=\"twitter:site\" content=\"@UnaYMilLetras\" \/>\n<meta name=\"twitter:label1\" content=\"Written by\" \/>\n\t<meta name=\"twitter:data1\" content=\"Maria Gil Robledo\" \/>\n\t<meta name=\"twitter:label2\" content=\"Estimated reading time\" \/>\n\t<meta name=\"twitter:data2\" content=\"2 minutes\" \/>\n<script type=\"application\/ld+json\" class=\"yoast-schema-graph\">{\"@context\":\"https:\\\/\\\/schema.org\",\"@graph\":[{\"@type\":\"Article\",\"@id\":\"https:\\\/\\\/unaymilletras.com\\\/g-face-presenta-negro-y-azul-su-nuevo-viaje-musical\\\/#article\",\"isPartOf\":{\"@id\":\"https:\\\/\\\/unaymilletras.com\\\/g-face-presenta-negro-y-azul-su-nuevo-viaje-musical\\\/\"},\"author\":{\"name\":\"Maria Gil Robledo\",\"@id\":\"http:\\\/\\\/unaymilletras.com\\\/#\\\/schema\\\/person\\\/d55ba681b8a4e463d8982dbe36a5dc94\"},\"headline\":\"G Face presenta \u00abNegro y Azul\u00bb: su nuevo viaje musical\",\"datePublished\":\"2024-01-12T18:37:22+00:00\",\"dateModified\":\"2024-01-12T18:38:06+00:00\",\"mainEntityOfPage\":{\"@id\":\"https:\\\/\\\/unaymilletras.com\\\/g-face-presenta-negro-y-azul-su-nuevo-viaje-musical\\\/\"},\"wordCount\":305,\"commentCount\":0,\"publisher\":{\"@id\":\"http:\\\/\\\/unaymilletras.com\\\/#organization\"},\"image\":{\"@id\":\"https:\\\/\\\/unaymilletras.com\\\/g-face-presenta-negro-y-azul-su-nuevo-viaje-musical\\\/#primaryimage\"},\"thumbnailUrl\":\"https:\\\/\\\/unaymilletras.com\\\/wp-content\\\/uploads\\\/2024\\\/01\\\/908412_gfacenegroyazul-1-scaled-e1705059322839.jpg\",\"articleSection\":[\"M\u00fasica\"],\"inLanguage\":\"en-GB\",\"potentialAction\":[{\"@type\":\"CommentAction\",\"name\":\"Comment\",\"target\":[\"https:\\\/\\\/unaymilletras.com\\\/g-face-presenta-negro-y-azul-su-nuevo-viaje-musical\\\/#respond\"]}]},{\"@type\":\"WebPage\",\"@id\":\"https:\\\/\\\/unaymilletras.com\\\/g-face-presenta-negro-y-azul-su-nuevo-viaje-musical\\\/\",\"url\":\"https:\\\/\\\/unaymilletras.com\\\/g-face-presenta-negro-y-azul-su-nuevo-viaje-musical\\\/\",\"name\":\"G Face presenta \\\"Negro y Azul\\\": su nuevo viaje musical\",\"isPartOf\":{\"@id\":\"http:\\\/\\\/unaymilletras.com\\\/#website\"},\"primaryImageOfPage\":{\"@id\":\"https:\\\/\\\/unaymilletras.com\\\/g-face-presenta-negro-y-azul-su-nuevo-viaje-musical\\\/#primaryimage\"},\"image\":{\"@id\":\"https:\\\/\\\/unaymilletras.com\\\/g-face-presenta-negro-y-azul-su-nuevo-viaje-musical\\\/#primaryimage\"},\"thumbnailUrl\":\"https:\\\/\\\/unaymilletras.com\\\/wp-content\\\/uploads\\\/2024\\\/01\\\/908412_gfacenegroyazul-1-scaled-e1705059322839.jpg\",\"datePublished\":\"2024-01-12T18:37:22+00:00\",\"dateModified\":\"2024-01-12T18:38:06+00:00\",\"description\":\"El joven talento gallego, G Face, presenta una propuesta musical vibrante acompa\u00f1ada de un videoclip lleno de intensidad\",\"breadcrumb\":{\"@id\":\"https:\\\/\\\/unaymilletras.com\\\/g-face-presenta-negro-y-azul-su-nuevo-viaje-musical\\\/#breadcrumb\"},\"inLanguage\":\"en-GB\",\"potentialAction\":[{\"@type\":\"ReadAction\",\"target\":[\"https:\\\/\\\/unaymilletras.com\\\/g-face-presenta-negro-y-azul-su-nuevo-viaje-musical\\\/\"]}]},{\"@type\":\"ImageObject\",\"inLanguage\":\"en-GB\",\"@id\":\"https:\\\/\\\/unaymilletras.com\\\/g-face-presenta-negro-y-azul-su-nuevo-viaje-musical\\\/#primaryimage\",\"url\":\"https:\\\/\\\/unaymilletras.com\\\/wp-content\\\/uploads\\\/2024\\\/01\\\/908412_gfacenegroyazul-1-scaled-e1705059322839.jpg\",\"contentUrl\":\"https:\\\/\\\/unaymilletras.com\\\/wp-content\\\/uploads\\\/2024\\\/01\\\/908412_gfacenegroyazul-1-scaled-e1705059322839.jpg\",\"width\":600,\"height\":338,\"caption\":\"G Face\"},{\"@type\":\"BreadcrumbList\",\"@id\":\"https:\\\/\\\/unaymilletras.com\\\/g-face-presenta-negro-y-azul-su-nuevo-viaje-musical\\\/#breadcrumb\",\"itemListElement\":[{\"@type\":\"ListItem\",\"position\":1,\"name\":\"Home\",\"item\":\"http:\\\/\\\/unaymilletras.com\\\/\"},{\"@type\":\"ListItem\",\"position\":2,\"name\":\"G Face presenta \u00abNegro y Azul\u00bb: su nuevo viaje musical\"}]},{\"@type\":\"WebSite\",\"@id\":\"http:\\\/\\\/unaymilletras.com\\\/#website\",\"url\":\"http:\\\/\\\/unaymilletras.com\\\/\",\"name\":\"Una y Mil Letras\",\"description\":\"\",\"publisher\":{\"@id\":\"http:\\\/\\\/unaymilletras.com\\\/#organization\"},\"potentialAction\":[{\"@type\":\"SearchAction\",\"target\":{\"@type\":\"EntryPoint\",\"urlTemplate\":\"http:\\\/\\\/unaymilletras.com\\\/?s={search_term_string}\"},\"query-input\":{\"@type\":\"PropertyValueSpecification\",\"valueRequired\":true,\"valueName\":\"search_term_string\"}}],\"inLanguage\":\"en-GB\"},{\"@type\":\"Organization\",\"@id\":\"http:\\\/\\\/unaymilletras.com\\\/#organization\",\"name\":\"Una y Mil Letras\",\"url\":\"http:\\\/\\\/unaymilletras.com\\\/\",\"logo\":{\"@type\":\"ImageObject\",\"inLanguage\":\"en-GB\",\"@id\":\"http:\\\/\\\/unaymilletras.com\\\/#\\\/schema\\\/logo\\\/image\\\/\",\"url\":\"https:\\\/\\\/unaymilletras.com\\\/wp-content\\\/uploads\\\/2024\\\/06\\\/cropped-Logo-removebg-preview.png\",\"contentUrl\":\"https:\\\/\\\/unaymilletras.com\\\/wp-content\\\/uploads\\\/2024\\\/06\\\/cropped-Logo-removebg-preview.png\",\"width\":512,\"height\":512,\"caption\":\"Una y Mil Letras\"},\"image\":{\"@id\":\"http:\\\/\\\/unaymilletras.com\\\/#\\\/schema\\\/logo\\\/image\\\/\"},\"sameAs\":[\"https:\\\/\\\/x.com\\\/UnaYMilLetras\",\"https:\\\/\\\/instagram.com\\\/UnaYMilLetras\"]},{\"@type\":\"Person\",\"@id\":\"http:\\\/\\\/unaymilletras.com\\\/#\\\/schema\\\/person\\\/d55ba681b8a4e463d8982dbe36a5dc94\",\"name\":\"Maria Gil Robledo\",\"image\":{\"@type\":\"ImageObject\",\"inLanguage\":\"en-GB\",\"@id\":\"https:\\\/\\\/secure.gravatar.com\\\/avatar\\\/4b8e5102e0015789407eb4870b12f0f2857952d83ca124058f92b764bd1840c3?s=96&d=mm&r=g\",\"url\":\"https:\\\/\\\/secure.gravatar.com\\\/avatar\\\/4b8e5102e0015789407eb4870b12f0f2857952d83ca124058f92b764bd1840c3?s=96&d=mm&r=g\",\"contentUrl\":\"https:\\\/\\\/secure.gravatar.com\\\/avatar\\\/4b8e5102e0015789407eb4870b12f0f2857952d83ca124058f92b764bd1840c3?s=96&d=mm&r=g\",\"caption\":\"Maria Gil Robledo\"},\"sameAs\":[\"http:\\\/\\\/unaymilletras.com\"],\"url\":\"https:\\\/\\\/unaymilletras.com\\\/en\\\/author\\\/mariiagiil02_\\\/\"}]}<\/script>\n<!-- \/ Yoast SEO plugin. -->","yoast_head_json":{"title":"G Face presenta \"Negro y Azul\": su nuevo viaje musical","description":"El joven talento gallego, G Face, presenta una propuesta musical vibrante acompa\u00f1ada de un videoclip lleno de intensidad","robots":{"index":"index","follow":"follow","max-snippet":"max-snippet:-1","max-image-preview":"max-image-preview:large","max-video-preview":"max-video-preview:-1"},"canonical":"https:\/\/unaymilletras.com\/en\/g-face-presenta-negro-y-azul-su-nuevo-viaje-musical\/","og_locale":"en_GB","og_type":"article","og_title":"G Face presenta \"Negro y Azul\": su nuevo viaje musical","og_description":"El joven talento gallego, G Face, presenta una propuesta musical vibrante acompa\u00f1ada de un videoclip lleno de intensidad","og_url":"https:\/\/unaymilletras.com\/en\/g-face-presenta-negro-y-azul-su-nuevo-viaje-musical\/","og_site_name":"Una y Mil Letras","article_published_time":"2024-01-12T18:37:22+00:00","article_modified_time":"2024-01-12T18:38:06+00:00","og_image":[{"width":600,"height":338,"url":"http:\/\/unaymilletras.com\/wp-content\/uploads\/2024\/01\/908412_gfacenegroyazul-1-scaled-e1705059322839.jpg","type":"image\/jpeg"}],"author":"Maria Gil Robledo","twitter_card":"summary_large_image","twitter_creator":"@UnaYMilLetras","twitter_site":"@UnaYMilLetras","twitter_misc":{"Written by":"Maria Gil Robledo","Estimated reading time":"2 minutes"},"schema":{"@context":"https:\/\/schema.org","@graph":[{"@type":"Article","@id":"https:\/\/unaymilletras.com\/g-face-presenta-negro-y-azul-su-nuevo-viaje-musical\/#article","isPartOf":{"@id":"https:\/\/unaymilletras.com\/g-face-presenta-negro-y-azul-su-nuevo-viaje-musical\/"},"author":{"name":"Maria Gil Robledo","@id":"http:\/\/unaymilletras.com\/#\/schema\/person\/d55ba681b8a4e463d8982dbe36a5dc94"},"headline":"G Face presenta \u00abNegro y Azul\u00bb: su nuevo viaje musical","datePublished":"2024-01-12T18:37:22+00:00","dateModified":"2024-01-12T18:38:06+00:00","mainEntityOfPage":{"@id":"https:\/\/unaymilletras.com\/g-face-presenta-negro-y-azul-su-nuevo-viaje-musical\/"},"wordCount":305,"commentCount":0,"publisher":{"@id":"http:\/\/unaymilletras.com\/#organization"},"image":{"@id":"https:\/\/unaymilletras.com\/g-face-presenta-negro-y-azul-su-nuevo-viaje-musical\/#primaryimage"},"thumbnailUrl":"https:\/\/unaymilletras.com\/wp-content\/uploads\/2024\/01\/908412_gfacenegroyazul-1-scaled-e1705059322839.jpg","articleSection":["M\u00fasica"],"inLanguage":"en-GB","potentialAction":[{"@type":"CommentAction","name":"Comment","target":["https:\/\/unaymilletras.com\/g-face-presenta-negro-y-azul-su-nuevo-viaje-musical\/#respond"]}]},{"@type":"WebPage","@id":"https:\/\/unaymilletras.com\/g-face-presenta-negro-y-azul-su-nuevo-viaje-musical\/","url":"https:\/\/unaymilletras.com\/g-face-presenta-negro-y-azul-su-nuevo-viaje-musical\/","name":"G Face presenta \"Negro y Azul\": su nuevo viaje musical","isPartOf":{"@id":"http:\/\/unaymilletras.com\/#website"},"primaryImageOfPage":{"@id":"https:\/\/unaymilletras.com\/g-face-presenta-negro-y-azul-su-nuevo-viaje-musical\/#primaryimage"},"image":{"@id":"https:\/\/unaymilletras.com\/g-face-presenta-negro-y-azul-su-nuevo-viaje-musical\/#primaryimage"},"thumbnailUrl":"https:\/\/unaymilletras.com\/wp-content\/uploads\/2024\/01\/908412_gfacenegroyazul-1-scaled-e1705059322839.jpg","datePublished":"2024-01-12T18:37:22+00:00","dateModified":"2024-01-12T18:38:06+00:00","description":"El joven talento gallego, G Face, presenta una propuesta musical vibrante acompa\u00f1ada de un videoclip lleno de intensidad","breadcrumb":{"@id":"https:\/\/unaymilletras.com\/g-face-presenta-negro-y-azul-su-nuevo-viaje-musical\/#breadcrumb"},"inLanguage":"en-GB","potentialAction":[{"@type":"ReadAction","target":["https:\/\/unaymilletras.com\/g-face-presenta-negro-y-azul-su-nuevo-viaje-musical\/"]}]},{"@type":"ImageObject","inLanguage":"en-GB","@id":"https:\/\/unaymilletras.com\/g-face-presenta-negro-y-azul-su-nuevo-viaje-musical\/#primaryimage","url":"https:\/\/unaymilletras.com\/wp-content\/uploads\/2024\/01\/908412_gfacenegroyazul-1-scaled-e1705059322839.jpg","contentUrl":"https:\/\/unaymilletras.com\/wp-content\/uploads\/2024\/01\/908412_gfacenegroyazul-1-scaled-e1705059322839.jpg","width":600,"height":338,"caption":"G Face"},{"@type":"BreadcrumbList","@id":"https:\/\/unaymilletras.com\/g-face-presenta-negro-y-azul-su-nuevo-viaje-musical\/#breadcrumb","itemListElement":[{"@type":"ListItem","position":1,"name":"Home","item":"http:\/\/unaymilletras.com\/"},{"@type":"ListItem","position":2,"name":"G Face presenta \u00abNegro y Azul\u00bb: su nuevo viaje musical"}]},{"@type":"WebSite","@id":"http:\/\/unaymilletras.com\/#website","url":"http:\/\/unaymilletras.com\/","name":"Una y Mil Letras","description":"","publisher":{"@id":"http:\/\/unaymilletras.com\/#organization"},"potentialAction":[{"@type":"SearchAction","target":{"@type":"EntryPoint","urlTemplate":"http:\/\/unaymilletras.com\/?s={search_term_string}"},"query-input":{"@type":"PropertyValueSpecification","valueRequired":true,"valueName":"search_term_string"}}],"inLanguage":"en-GB"},{"@type":"Organization","@id":"http:\/\/unaymilletras.com\/#organization","name":"Una y Mil Letras","url":"http:\/\/unaymilletras.com\/","logo":{"@type":"ImageObject","inLanguage":"en-GB","@id":"http:\/\/unaymilletras.com\/#\/schema\/logo\/image\/","url":"https:\/\/unaymilletras.com\/wp-content\/uploads\/2024\/06\/cropped-Logo-removebg-preview.png","contentUrl":"https:\/\/unaymilletras.com\/wp-content\/uploads\/2024\/06\/cropped-Logo-removebg-preview.png","width":512,"height":512,"caption":"Una y Mil Letras"},"image":{"@id":"http:\/\/unaymilletras.com\/#\/schema\/logo\/image\/"},"sameAs":["https:\/\/x.com\/UnaYMilLetras","https:\/\/instagram.com\/UnaYMilLetras"]},{"@type":"Person","@id":"http:\/\/unaymilletras.com\/#\/schema\/person\/d55ba681b8a4e463d8982dbe36a5dc94","name":"Maria Gil Robledo","image":{"@type":"ImageObject","inLanguage":"en-GB","@id":"https:\/\/secure.gravatar.com\/avatar\/4b8e5102e0015789407eb4870b12f0f2857952d83ca124058f92b764bd1840c3?s=96&d=mm&r=g","url":"https:\/\/secure.gravatar.com\/avatar\/4b8e5102e0015789407eb4870b12f0f2857952d83ca124058f92b764bd1840c3?s=96&d=mm&r=g","contentUrl":"https:\/\/secure.gravatar.com\/avatar\/4b8e5102e0015789407eb4870b12f0f2857952d83ca124058f92b764bd1840c3?s=96&d=mm&r=g","caption":"Maria Gil Robledo"},"sameAs":["http:\/\/unaymilletras.com"],"url":"https:\/\/unaymilletras.com\/en\/author\/mariiagiil02_\/"}]}},"_links":{"self":[{"href":"https:\/\/unaymilletras.com\/en\/wp-json\/wp\/v2\/posts\/1866","targetHints":{"allow":["GET"]}}],"collection":[{"href":"https:\/\/unaymilletras.com\/en\/wp-json\/wp\/v2\/posts"}],"about":[{"href":"https:\/\/unaymilletras.com\/en\/wp-json\/wp\/v2\/types\/post"}],"author":[{"embeddable":true,"href":"https:\/\/unaymilletras.com\/en\/wp-json\/wp\/v2\/users\/1"}],"replies":[{"embeddable":true,"href":"https:\/\/unaymilletras.com\/en\/wp-json\/wp\/v2\/comments?post=1866"}],"version-history":[{"count":5,"href":"https:\/\/unaymilletras.com\/en\/wp-json\/wp\/v2\/posts\/1866\/revisions"}],"predecessor-version":[{"id":1874,"href":"https:\/\/unaymilletras.com\/en\/wp-json\/wp\/v2\/posts\/1866\/revisions\/1874"}],"wp:featuredmedia":[{"embeddable":true,"href":"https:\/\/unaymilletras.com\/en\/wp-json\/wp\/v2\/media\/1869"}],"wp:attachment":[{"href":"https:\/\/unaymilletras.com\/en\/wp-json\/wp\/v2\/media?parent=1866"}],"wp:term":[{"taxonomy":"category","embeddable":true,"href":"https:\/\/unaymilletras.com\/en\/wp-json\/wp\/v2\/categories?post=1866"},{"taxonomy":"post_tag","embeddable":true,"href":"https:\/\/unaymilletras.com\/en\/wp-json\/wp\/v2\/tags?post=1866"}],"curies":[{"name":"wp","href":"https:\/\/api.w.org\/{rel}","templated":true}]}}