{"id":1884,"date":"2024-01-13T17:45:53","date_gmt":"2024-01-13T16:45:53","guid":{"rendered":"https:\/\/unaymilletras.com\/?p=1884"},"modified":"2024-01-13T17:55:15","modified_gmt":"2024-01-13T16:55:15","slug":"marlena-proxima-parada-agotada-la-riviera","status":"publish","type":"post","link":"https:\/\/unaymilletras.com\/en\/marlena-proxima-parada-agotada-la-riviera\/","title":{"rendered":"Marlena, pr\u00f3xima parada agotada: La Riviera"},"content":{"rendered":"<div data-elementor-type=\"wp-post\" data-elementor-id=\"1884\" class=\"elementor elementor-1884\">\n\t\t\t\t\t\t<section class=\"elementor-section elementor-top-section elementor-element elementor-element-f398df3 elementor-section-boxed elementor-section-height-default elementor-section-height-default\" data-id=\"f398df3\" data-element_type=\"section\" data-e-type=\"section\">\n\t\t\t\t\t\t<div class=\"elementor-container elementor-column-gap-default\">\n\t\t\t\t\t<div class=\"elementor-column elementor-col-100 elementor-top-column elementor-element elementor-element-59a73c6\" data-id=\"59a73c6\" data-element_type=\"column\" data-e-type=\"column\">\n\t\t\t<div class=\"elementor-widget-wrap elementor-element-populated\">\n\t\t\t\t\t\t<div class=\"elementor-element elementor-element-336327b elementor-widget elementor-widget-text-editor\" data-id=\"336327b\" data-element_type=\"widget\" data-e-type=\"widget\" data-widget_type=\"text-editor.default\">\n\t\t\t\t<div class=\"elementor-widget-container\">\n\t\t\t\t\t\t\t\t\t<h2 style=\"text-align: center;\"><span style=\"color: #808080;\"><em>El d\u00fao Marlena cuelga el cartel de \u201centradas agotadas\u201d en Madrid y estrenan su videoclip para el Benidorm Fest<\/em><\/span><\/h2>\t\t\t\t\t\t\t\t<\/div>\n\t\t\t\t<\/div>\n\t\t\t\t\t<\/div>\n\t\t<\/div>\n\t\t\t\t\t<\/div>\n\t\t<\/section>\n\t\t\t\t<section class=\"elementor-section elementor-top-section elementor-element elementor-element-1f8da5d elementor-section-boxed elementor-section-height-default elementor-section-height-default\" data-id=\"1f8da5d\" data-element_type=\"section\" data-e-type=\"section\">\n\t\t\t\t\t\t<div class=\"elementor-container elementor-column-gap-default\">\n\t\t\t\t\t<div class=\"elementor-column elementor-col-100 elementor-top-column elementor-element elementor-element-9600baf\" data-id=\"9600baf\" data-element_type=\"column\" data-e-type=\"column\">\n\t\t\t<div class=\"elementor-widget-wrap elementor-element-populated\">\n\t\t\t\t\t\t<div class=\"elementor-element elementor-element-15853de elementor-widget elementor-widget-text-editor\" data-id=\"15853de\" data-element_type=\"widget\" data-e-type=\"widget\" data-widget_type=\"text-editor.default\">\n\t\t\t\t<div class=\"elementor-widget-container\">\n\t\t\t\t\t\t\t\t\t<p><span style=\"color: #808080;\">El pr\u00f3ximo 15 de febrero <strong>Marlena<\/strong> estar\u00e1n actuando en <strong><a style=\"color: #808080;\" href=\"https:\/\/www.google.com\/search?q=la+riviera+madrid&amp;oq=la+riviera&amp;gs_lcrp=EgZjaHJvbWUqEAgAEAAYgwEY4wIYsQMYgAQyEAgAEAAYgwEY4wIYsQMYgAQyFggBEC4YgwEYrwEYxwEYsQMYgAQYjgUyBggCEEUYOTINCAMQLhiDARixAxiABDIHCAQQLhiABDIHCAUQABiABDIHCAYQABiABDIGCAcQRRg90gEIMjAxNGowajeoAgCwAgA&amp;sourceid=chrome&amp;ie=UTF-8#:~:text=Inicio%20%2D%20Sala%20La,https%3A\/\/salariviera.com\">La Riviera<\/a><\/strong> de <strong>Madrid<\/strong> con todas las entradas vendidas. M\u00e1s de 2.000 personas acudir\u00e1n a ver al <a style=\"color: #808080;\" href=\"https:\/\/open.spotify.com\/intl-es\/artist\/1IAwO3v7hVP9ryTQtlzc9y?si=7YYOFQYUT6af-vCvbPIVBA\">d\u00fao<\/a> de pop interpretar sus canciones m\u00e1s ic\u00f3nicas y las no tan conocidas. Con este <strong>Tour 2024<\/strong> est\u00e1n preparando un show renovado que contar\u00e1 con la compa\u00f1\u00eda de su banda. En los conciertos se podr\u00e1n disfrutar \u00e9xitos como <strong><em>Me sabe mal<\/em><\/strong>, <strong><em>Gitana<\/em><\/strong> o <strong><em>\u00daltimo Baile<\/em><\/strong>.<\/span><\/p>\t\t\t\t\t\t\t\t<\/div>\n\t\t\t\t<\/div>\n\t\t\t\t\t<\/div>\n\t\t<\/div>\n\t\t\t\t\t<\/div>\n\t\t<\/section>\n\t\t\t\t<section class=\"elementor-section elementor-top-section elementor-element elementor-element-2eef6a1 elementor-section-boxed elementor-section-height-default elementor-section-height-default\" data-id=\"2eef6a1\" data-element_type=\"section\" data-e-type=\"section\">\n\t\t\t\t\t\t<div class=\"elementor-container elementor-column-gap-default\">\n\t\t\t\t\t<div class=\"elementor-column elementor-col-50 elementor-top-column elementor-element elementor-element-08dbf7b\" data-id=\"08dbf7b\" data-element_type=\"column\" data-e-type=\"column\">\n\t\t\t<div class=\"elementor-widget-wrap elementor-element-populated\">\n\t\t\t\t\t\t<div class=\"elementor-element elementor-element-4ca1260 elementor-widget elementor-widget-text-editor\" data-id=\"4ca1260\" data-element_type=\"widget\" data-e-type=\"widget\" data-widget_type=\"text-editor.default\">\n\t\t\t\t<div class=\"elementor-widget-container\">\n\t\t\t\t\t\t\t\t\t<p>Asimismo, Marlena tambi\u00e9n interpretar\u00e1 <strong><em>amor de verano<\/em><\/strong>, el tema con el que se presentan al <strong>Benidorm Fest 2024<\/strong>. Adem\u00e1s, la noticia de este <em>sold out<\/em> en Madrid llegaba con el estreno del videoclip de esta candidatura. A todo ello, hay que a\u00f1adir que se ha coronado como la canci\u00f3n m\u00e1s escuchada del festival.<\/p>\t\t\t\t\t\t\t\t<\/div>\n\t\t\t\t<\/div>\n\t\t\t\t\t<\/div>\n\t\t<\/div>\n\t\t\t\t<div class=\"elementor-column elementor-col-50 elementor-top-column elementor-element elementor-element-02d594b\" data-id=\"02d594b\" data-element_type=\"column\" data-e-type=\"column\">\n\t\t\t<div class=\"elementor-widget-wrap elementor-element-populated\">\n\t\t\t\t\t\t<div class=\"elementor-element elementor-element-d82137d elementor-widget elementor-widget-image\" data-id=\"d82137d\" data-element_type=\"widget\" data-e-type=\"widget\" data-widget_type=\"image.default\">\n\t\t\t\t<div class=\"elementor-widget-container\">\n\t\t\t\t\t\t\t\t\t\t\t\t\t\t\t<img fetchpriority=\"high\" decoding=\"async\" width=\"640\" height=\"796\" src=\"https:\/\/unaymilletras.com\/wp-content\/uploads\/2024\/01\/marlena-sold-out.jpeg\" class=\"attachment-large size-large wp-image-1886\" alt=\"Marlena\" srcset=\"https:\/\/unaymilletras.com\/wp-content\/uploads\/2024\/01\/marlena-sold-out.jpeg 769w, https:\/\/unaymilletras.com\/wp-content\/uploads\/2024\/01\/marlena-sold-out-241x300.jpeg 241w\" sizes=\"(max-width: 640px) 100vw, 640px\" \/>\t\t\t\t\t\t\t\t\t\t\t\t\t\t\t<\/div>\n\t\t\t\t<\/div>\n\t\t\t\t\t<\/div>\n\t\t<\/div>\n\t\t\t\t\t<\/div>\n\t\t<\/section>\n\t\t\t\t<section class=\"elementor-section elementor-top-section elementor-element elementor-element-1ddeb10 elementor-section-boxed elementor-section-height-default elementor-section-height-default\" data-id=\"1ddeb10\" data-element_type=\"section\" data-e-type=\"section\">\n\t\t\t\t\t\t<div class=\"elementor-container elementor-column-gap-default\">\n\t\t\t\t\t<div class=\"elementor-column elementor-col-100 elementor-top-column elementor-element elementor-element-6b7542d\" data-id=\"6b7542d\" data-element_type=\"column\" data-e-type=\"column\">\n\t\t\t<div class=\"elementor-widget-wrap elementor-element-populated\">\n\t\t\t\t\t\t<div class=\"elementor-element elementor-element-5980bfb elementor-widget elementor-widget-text-editor\" data-id=\"5980bfb\" data-element_type=\"widget\" data-e-type=\"widget\" data-widget_type=\"text-editor.default\">\n\t\t\t\t<div class=\"elementor-widget-container\">\n\t\t\t\t\t\t\t\t\t<p>El d\u00fao acaba de cerrar un a\u00f1o en el que han actuado en m\u00e1s de 30 conciertos. En 2024 comenzar\u00e1n una gran gira gracias a la cual estar\u00e1n presentes en los principales festivales y ciudades de Espa\u00f1a. Adem\u00e1s de su visita a La Riviera el 15 de febrero, tambi\u00e9n estar\u00e1n en la sala Apolo de Barcelona el 23 de febrero. Tambi\u00e9n actuar\u00e1n en Sevilla (22 marzo, Sala Malandar), Santiago de Compostela (17 mayo, Sala Malatesta) y Leturalma, entre otras muchas fechas aun por anunciar.<\/p><p>Malena suma cada semana m\u00e1s de tres millones de escuchas y cuenta con 1.3 millones de oyentes mensuales. El d\u00fao pop contin\u00faa imparable en un prometedor 2024.<\/p>\t\t\t\t\t\t\t\t<\/div>\n\t\t\t\t<\/div>\n\t\t\t\t\t<\/div>\n\t\t<\/div>\n\t\t\t\t\t<\/div>\n\t\t<\/section>\n\t\t\t\t<\/div>","protected":false},"excerpt":{"rendered":"<p>El d\u00fao Marlena cuelga el cartel de \u201centradas agotadas\u201d en Madrid y estrenan su videoclip para el Benidorm Fest El pr\u00f3ximo 15 de febrero Marlena estar\u00e1n actuando en La Riviera de Madrid con todas las entradas vendidas. M\u00e1s de 2.000 personas acudir\u00e1n a ver al d\u00fao de pop interpretar sus canciones m\u00e1s ic\u00f3nicas y las [&hellip;]<\/p>\n","protected":false},"author":1,"featured_media":1886,"comment_status":"open","ping_status":"open","sticky":false,"template":"","format":"standard","meta":{"footnotes":""},"categories":[119,4],"tags":[],"class_list":["post-1884","post","type-post","status-publish","format-standard","has-post-thumbnail","hentry","category-eventos","category-musica"],"yoast_head":"<!-- This site is optimized with the Yoast SEO plugin v27.4 - https:\/\/yoast.com\/product\/yoast-seo-wordpress\/ -->\n<title>Marlena, pr\u00f3xima parada agotada: La Riviera<\/title>\n<meta name=\"description\" content=\"El d\u00fao Marlena cuelga el cartel de \u201centradas agotadas\u201d en Madrid y estrenan su videoclip para el Benidorm Fest\" \/>\n<meta name=\"robots\" content=\"index, follow, max-snippet:-1, max-image-preview:large, max-video-preview:-1\" \/>\n<link rel=\"canonical\" href=\"https:\/\/unaymilletras.com\/en\/marlena-proxima-parada-agotada-la-riviera\/\" \/>\n<meta property=\"og:locale\" content=\"en_GB\" \/>\n<meta property=\"og:type\" content=\"article\" \/>\n<meta property=\"og:title\" content=\"Marlena, pr\u00f3xima parada agotada: La Riviera\" \/>\n<meta property=\"og:description\" content=\"El d\u00fao Marlena cuelga el cartel de \u201centradas agotadas\u201d en Madrid y estrenan su videoclip para el Benidorm Fest\" \/>\n<meta property=\"og:url\" content=\"https:\/\/unaymilletras.com\/en\/marlena-proxima-parada-agotada-la-riviera\/\" \/>\n<meta property=\"og:site_name\" content=\"Una y Mil Letras\" \/>\n<meta property=\"article:published_time\" content=\"2024-01-13T16:45:53+00:00\" \/>\n<meta property=\"article:modified_time\" content=\"2024-01-13T16:55:15+00:00\" \/>\n<meta property=\"og:image\" content=\"http:\/\/unaymilletras.com\/wp-content\/uploads\/2024\/01\/marlena-sold-out.jpeg\" \/>\n\t<meta property=\"og:image:width\" content=\"769\" \/>\n\t<meta property=\"og:image:height\" content=\"957\" \/>\n\t<meta property=\"og:image:type\" content=\"image\/jpeg\" \/>\n<meta name=\"author\" content=\"Maria Gil Robledo\" \/>\n<meta name=\"twitter:card\" content=\"summary_large_image\" \/>\n<meta name=\"twitter:creator\" content=\"@UnaYMilLetras\" \/>\n<meta name=\"twitter:site\" content=\"@UnaYMilLetras\" \/>\n<meta name=\"twitter:label1\" content=\"Written by\" \/>\n\t<meta name=\"twitter:data1\" content=\"Maria Gil Robledo\" \/>\n\t<meta name=\"twitter:label2\" content=\"Estimated reading time\" \/>\n\t<meta name=\"twitter:data2\" content=\"2 minutes\" \/>\n<script type=\"application\/ld+json\" class=\"yoast-schema-graph\">{\"@context\":\"https:\\\/\\\/schema.org\",\"@graph\":[{\"@type\":\"Article\",\"@id\":\"https:\\\/\\\/unaymilletras.com\\\/marlena-proxima-parada-agotada-la-riviera\\\/#article\",\"isPartOf\":{\"@id\":\"https:\\\/\\\/unaymilletras.com\\\/marlena-proxima-parada-agotada-la-riviera\\\/\"},\"author\":{\"name\":\"Maria Gil Robledo\",\"@id\":\"http:\\\/\\\/unaymilletras.com\\\/#\\\/schema\\\/person\\\/d55ba681b8a4e463d8982dbe36a5dc94\"},\"headline\":\"Marlena, pr\u00f3xima parada agotada: La Riviera\",\"datePublished\":\"2024-01-13T16:45:53+00:00\",\"dateModified\":\"2024-01-13T16:55:15+00:00\",\"mainEntityOfPage\":{\"@id\":\"https:\\\/\\\/unaymilletras.com\\\/marlena-proxima-parada-agotada-la-riviera\\\/\"},\"wordCount\":279,\"commentCount\":0,\"publisher\":{\"@id\":\"http:\\\/\\\/unaymilletras.com\\\/#organization\"},\"image\":{\"@id\":\"https:\\\/\\\/unaymilletras.com\\\/marlena-proxima-parada-agotada-la-riviera\\\/#primaryimage\"},\"thumbnailUrl\":\"https:\\\/\\\/unaymilletras.com\\\/wp-content\\\/uploads\\\/2024\\\/01\\\/marlena-sold-out.jpeg\",\"articleSection\":[\"Eventos\",\"M\u00fasica\"],\"inLanguage\":\"en-GB\",\"potentialAction\":[{\"@type\":\"CommentAction\",\"name\":\"Comment\",\"target\":[\"https:\\\/\\\/unaymilletras.com\\\/marlena-proxima-parada-agotada-la-riviera\\\/#respond\"]}]},{\"@type\":\"WebPage\",\"@id\":\"https:\\\/\\\/unaymilletras.com\\\/marlena-proxima-parada-agotada-la-riviera\\\/\",\"url\":\"https:\\\/\\\/unaymilletras.com\\\/marlena-proxima-parada-agotada-la-riviera\\\/\",\"name\":\"Marlena, pr\u00f3xima parada agotada: La Riviera\",\"isPartOf\":{\"@id\":\"http:\\\/\\\/unaymilletras.com\\\/#website\"},\"primaryImageOfPage\":{\"@id\":\"https:\\\/\\\/unaymilletras.com\\\/marlena-proxima-parada-agotada-la-riviera\\\/#primaryimage\"},\"image\":{\"@id\":\"https:\\\/\\\/unaymilletras.com\\\/marlena-proxima-parada-agotada-la-riviera\\\/#primaryimage\"},\"thumbnailUrl\":\"https:\\\/\\\/unaymilletras.com\\\/wp-content\\\/uploads\\\/2024\\\/01\\\/marlena-sold-out.jpeg\",\"datePublished\":\"2024-01-13T16:45:53+00:00\",\"dateModified\":\"2024-01-13T16:55:15+00:00\",\"description\":\"El d\u00fao Marlena cuelga el cartel de \u201centradas agotadas\u201d en Madrid y estrenan su videoclip para el Benidorm Fest\",\"breadcrumb\":{\"@id\":\"https:\\\/\\\/unaymilletras.com\\\/marlena-proxima-parada-agotada-la-riviera\\\/#breadcrumb\"},\"inLanguage\":\"en-GB\",\"potentialAction\":[{\"@type\":\"ReadAction\",\"target\":[\"https:\\\/\\\/unaymilletras.com\\\/marlena-proxima-parada-agotada-la-riviera\\\/\"]}]},{\"@type\":\"ImageObject\",\"inLanguage\":\"en-GB\",\"@id\":\"https:\\\/\\\/unaymilletras.com\\\/marlena-proxima-parada-agotada-la-riviera\\\/#primaryimage\",\"url\":\"https:\\\/\\\/unaymilletras.com\\\/wp-content\\\/uploads\\\/2024\\\/01\\\/marlena-sold-out.jpeg\",\"contentUrl\":\"https:\\\/\\\/unaymilletras.com\\\/wp-content\\\/uploads\\\/2024\\\/01\\\/marlena-sold-out.jpeg\",\"width\":769,\"height\":957,\"caption\":\"Marlena\"},{\"@type\":\"BreadcrumbList\",\"@id\":\"https:\\\/\\\/unaymilletras.com\\\/marlena-proxima-parada-agotada-la-riviera\\\/#breadcrumb\",\"itemListElement\":[{\"@type\":\"ListItem\",\"position\":1,\"name\":\"Home\",\"item\":\"http:\\\/\\\/unaymilletras.com\\\/\"},{\"@type\":\"ListItem\",\"position\":2,\"name\":\"Marlena, pr\u00f3xima parada agotada: La Riviera\"}]},{\"@type\":\"WebSite\",\"@id\":\"http:\\\/\\\/unaymilletras.com\\\/#website\",\"url\":\"http:\\\/\\\/unaymilletras.com\\\/\",\"name\":\"Una y Mil Letras\",\"description\":\"\",\"publisher\":{\"@id\":\"http:\\\/\\\/unaymilletras.com\\\/#organization\"},\"potentialAction\":[{\"@type\":\"SearchAction\",\"target\":{\"@type\":\"EntryPoint\",\"urlTemplate\":\"http:\\\/\\\/unaymilletras.com\\\/?s={search_term_string}\"},\"query-input\":{\"@type\":\"PropertyValueSpecification\",\"valueRequired\":true,\"valueName\":\"search_term_string\"}}],\"inLanguage\":\"en-GB\"},{\"@type\":\"Organization\",\"@id\":\"http:\\\/\\\/unaymilletras.com\\\/#organization\",\"name\":\"Una y Mil Letras\",\"url\":\"http:\\\/\\\/unaymilletras.com\\\/\",\"logo\":{\"@type\":\"ImageObject\",\"inLanguage\":\"en-GB\",\"@id\":\"http:\\\/\\\/unaymilletras.com\\\/#\\\/schema\\\/logo\\\/image\\\/\",\"url\":\"https:\\\/\\\/unaymilletras.com\\\/wp-content\\\/uploads\\\/2024\\\/06\\\/cropped-Logo-removebg-preview.png\",\"contentUrl\":\"https:\\\/\\\/unaymilletras.com\\\/wp-content\\\/uploads\\\/2024\\\/06\\\/cropped-Logo-removebg-preview.png\",\"width\":512,\"height\":512,\"caption\":\"Una y Mil Letras\"},\"image\":{\"@id\":\"http:\\\/\\\/unaymilletras.com\\\/#\\\/schema\\\/logo\\\/image\\\/\"},\"sameAs\":[\"https:\\\/\\\/x.com\\\/UnaYMilLetras\",\"https:\\\/\\\/instagram.com\\\/UnaYMilLetras\"]},{\"@type\":\"Person\",\"@id\":\"http:\\\/\\\/unaymilletras.com\\\/#\\\/schema\\\/person\\\/d55ba681b8a4e463d8982dbe36a5dc94\",\"name\":\"Maria Gil Robledo\",\"image\":{\"@type\":\"ImageObject\",\"inLanguage\":\"en-GB\",\"@id\":\"https:\\\/\\\/secure.gravatar.com\\\/avatar\\\/4b8e5102e0015789407eb4870b12f0f2857952d83ca124058f92b764bd1840c3?s=96&d=mm&r=g\",\"url\":\"https:\\\/\\\/secure.gravatar.com\\\/avatar\\\/4b8e5102e0015789407eb4870b12f0f2857952d83ca124058f92b764bd1840c3?s=96&d=mm&r=g\",\"contentUrl\":\"https:\\\/\\\/secure.gravatar.com\\\/avatar\\\/4b8e5102e0015789407eb4870b12f0f2857952d83ca124058f92b764bd1840c3?s=96&d=mm&r=g\",\"caption\":\"Maria Gil Robledo\"},\"sameAs\":[\"http:\\\/\\\/unaymilletras.com\"],\"url\":\"https:\\\/\\\/unaymilletras.com\\\/en\\\/author\\\/mariiagiil02_\\\/\"}]}<\/script>\n<!-- \/ Yoast SEO plugin. -->","yoast_head_json":{"title":"Marlena, pr\u00f3xima parada agotada: La Riviera","description":"El d\u00fao Marlena cuelga el cartel de \u201centradas agotadas\u201d en Madrid y estrenan su videoclip para el Benidorm Fest","robots":{"index":"index","follow":"follow","max-snippet":"max-snippet:-1","max-image-preview":"max-image-preview:large","max-video-preview":"max-video-preview:-1"},"canonical":"https:\/\/unaymilletras.com\/en\/marlena-proxima-parada-agotada-la-riviera\/","og_locale":"en_GB","og_type":"article","og_title":"Marlena, pr\u00f3xima parada agotada: La Riviera","og_description":"El d\u00fao Marlena cuelga el cartel de \u201centradas agotadas\u201d en Madrid y estrenan su videoclip para el Benidorm Fest","og_url":"https:\/\/unaymilletras.com\/en\/marlena-proxima-parada-agotada-la-riviera\/","og_site_name":"Una y Mil Letras","article_published_time":"2024-01-13T16:45:53+00:00","article_modified_time":"2024-01-13T16:55:15+00:00","og_image":[{"width":769,"height":957,"url":"http:\/\/unaymilletras.com\/wp-content\/uploads\/2024\/01\/marlena-sold-out.jpeg","type":"image\/jpeg"}],"author":"Maria Gil Robledo","twitter_card":"summary_large_image","twitter_creator":"@UnaYMilLetras","twitter_site":"@UnaYMilLetras","twitter_misc":{"Written by":"Maria Gil Robledo","Estimated reading time":"2 minutes"},"schema":{"@context":"https:\/\/schema.org","@graph":[{"@type":"Article","@id":"https:\/\/unaymilletras.com\/marlena-proxima-parada-agotada-la-riviera\/#article","isPartOf":{"@id":"https:\/\/unaymilletras.com\/marlena-proxima-parada-agotada-la-riviera\/"},"author":{"name":"Maria Gil Robledo","@id":"http:\/\/unaymilletras.com\/#\/schema\/person\/d55ba681b8a4e463d8982dbe36a5dc94"},"headline":"Marlena, pr\u00f3xima parada agotada: La Riviera","datePublished":"2024-01-13T16:45:53+00:00","dateModified":"2024-01-13T16:55:15+00:00","mainEntityOfPage":{"@id":"https:\/\/unaymilletras.com\/marlena-proxima-parada-agotada-la-riviera\/"},"wordCount":279,"commentCount":0,"publisher":{"@id":"http:\/\/unaymilletras.com\/#organization"},"image":{"@id":"https:\/\/unaymilletras.com\/marlena-proxima-parada-agotada-la-riviera\/#primaryimage"},"thumbnailUrl":"https:\/\/unaymilletras.com\/wp-content\/uploads\/2024\/01\/marlena-sold-out.jpeg","articleSection":["Eventos","M\u00fasica"],"inLanguage":"en-GB","potentialAction":[{"@type":"CommentAction","name":"Comment","target":["https:\/\/unaymilletras.com\/marlena-proxima-parada-agotada-la-riviera\/#respond"]}]},{"@type":"WebPage","@id":"https:\/\/unaymilletras.com\/marlena-proxima-parada-agotada-la-riviera\/","url":"https:\/\/unaymilletras.com\/marlena-proxima-parada-agotada-la-riviera\/","name":"Marlena, pr\u00f3xima parada agotada: La Riviera","isPartOf":{"@id":"http:\/\/unaymilletras.com\/#website"},"primaryImageOfPage":{"@id":"https:\/\/unaymilletras.com\/marlena-proxima-parada-agotada-la-riviera\/#primaryimage"},"image":{"@id":"https:\/\/unaymilletras.com\/marlena-proxima-parada-agotada-la-riviera\/#primaryimage"},"thumbnailUrl":"https:\/\/unaymilletras.com\/wp-content\/uploads\/2024\/01\/marlena-sold-out.jpeg","datePublished":"2024-01-13T16:45:53+00:00","dateModified":"2024-01-13T16:55:15+00:00","description":"El d\u00fao Marlena cuelga el cartel de \u201centradas agotadas\u201d en Madrid y estrenan su videoclip para el Benidorm Fest","breadcrumb":{"@id":"https:\/\/unaymilletras.com\/marlena-proxima-parada-agotada-la-riviera\/#breadcrumb"},"inLanguage":"en-GB","potentialAction":[{"@type":"ReadAction","target":["https:\/\/unaymilletras.com\/marlena-proxima-parada-agotada-la-riviera\/"]}]},{"@type":"ImageObject","inLanguage":"en-GB","@id":"https:\/\/unaymilletras.com\/marlena-proxima-parada-agotada-la-riviera\/#primaryimage","url":"https:\/\/unaymilletras.com\/wp-content\/uploads\/2024\/01\/marlena-sold-out.jpeg","contentUrl":"https:\/\/unaymilletras.com\/wp-content\/uploads\/2024\/01\/marlena-sold-out.jpeg","width":769,"height":957,"caption":"Marlena"},{"@type":"BreadcrumbList","@id":"https:\/\/unaymilletras.com\/marlena-proxima-parada-agotada-la-riviera\/#breadcrumb","itemListElement":[{"@type":"ListItem","position":1,"name":"Home","item":"http:\/\/unaymilletras.com\/"},{"@type":"ListItem","position":2,"name":"Marlena, pr\u00f3xima parada agotada: La Riviera"}]},{"@type":"WebSite","@id":"http:\/\/unaymilletras.com\/#website","url":"http:\/\/unaymilletras.com\/","name":"Una y Mil Letras","description":"","publisher":{"@id":"http:\/\/unaymilletras.com\/#organization"},"potentialAction":[{"@type":"SearchAction","target":{"@type":"EntryPoint","urlTemplate":"http:\/\/unaymilletras.com\/?s={search_term_string}"},"query-input":{"@type":"PropertyValueSpecification","valueRequired":true,"valueName":"search_term_string"}}],"inLanguage":"en-GB"},{"@type":"Organization","@id":"http:\/\/unaymilletras.com\/#organization","name":"Una y Mil Letras","url":"http:\/\/unaymilletras.com\/","logo":{"@type":"ImageObject","inLanguage":"en-GB","@id":"http:\/\/unaymilletras.com\/#\/schema\/logo\/image\/","url":"https:\/\/unaymilletras.com\/wp-content\/uploads\/2024\/06\/cropped-Logo-removebg-preview.png","contentUrl":"https:\/\/unaymilletras.com\/wp-content\/uploads\/2024\/06\/cropped-Logo-removebg-preview.png","width":512,"height":512,"caption":"Una y Mil Letras"},"image":{"@id":"http:\/\/unaymilletras.com\/#\/schema\/logo\/image\/"},"sameAs":["https:\/\/x.com\/UnaYMilLetras","https:\/\/instagram.com\/UnaYMilLetras"]},{"@type":"Person","@id":"http:\/\/unaymilletras.com\/#\/schema\/person\/d55ba681b8a4e463d8982dbe36a5dc94","name":"Maria Gil Robledo","image":{"@type":"ImageObject","inLanguage":"en-GB","@id":"https:\/\/secure.gravatar.com\/avatar\/4b8e5102e0015789407eb4870b12f0f2857952d83ca124058f92b764bd1840c3?s=96&d=mm&r=g","url":"https:\/\/secure.gravatar.com\/avatar\/4b8e5102e0015789407eb4870b12f0f2857952d83ca124058f92b764bd1840c3?s=96&d=mm&r=g","contentUrl":"https:\/\/secure.gravatar.com\/avatar\/4b8e5102e0015789407eb4870b12f0f2857952d83ca124058f92b764bd1840c3?s=96&d=mm&r=g","caption":"Maria Gil Robledo"},"sameAs":["http:\/\/unaymilletras.com"],"url":"https:\/\/unaymilletras.com\/en\/author\/mariiagiil02_\/"}]}},"_links":{"self":[{"href":"https:\/\/unaymilletras.com\/en\/wp-json\/wp\/v2\/posts\/1884","targetHints":{"allow":["GET"]}}],"collection":[{"href":"https:\/\/unaymilletras.com\/en\/wp-json\/wp\/v2\/posts"}],"about":[{"href":"https:\/\/unaymilletras.com\/en\/wp-json\/wp\/v2\/types\/post"}],"author":[{"embeddable":true,"href":"https:\/\/unaymilletras.com\/en\/wp-json\/wp\/v2\/users\/1"}],"replies":[{"embeddable":true,"href":"https:\/\/unaymilletras.com\/en\/wp-json\/wp\/v2\/comments?post=1884"}],"version-history":[{"count":5,"href":"https:\/\/unaymilletras.com\/en\/wp-json\/wp\/v2\/posts\/1884\/revisions"}],"predecessor-version":[{"id":1890,"href":"https:\/\/unaymilletras.com\/en\/wp-json\/wp\/v2\/posts\/1884\/revisions\/1890"}],"wp:featuredmedia":[{"embeddable":true,"href":"https:\/\/unaymilletras.com\/en\/wp-json\/wp\/v2\/media\/1886"}],"wp:attachment":[{"href":"https:\/\/unaymilletras.com\/en\/wp-json\/wp\/v2\/media?parent=1884"}],"wp:term":[{"taxonomy":"category","embeddable":true,"href":"https:\/\/unaymilletras.com\/en\/wp-json\/wp\/v2\/categories?post=1884"},{"taxonomy":"post_tag","embeddable":true,"href":"https:\/\/unaymilletras.com\/en\/wp-json\/wp\/v2\/tags?post=1884"}],"curies":[{"name":"wp","href":"https:\/\/api.w.org\/{rel}","templated":true}]}}