{"id":1891,"date":"2024-01-16T00:34:56","date_gmt":"2024-01-15T23:34:56","guid":{"rendered":"https:\/\/unaymilletras.com\/?p=1891"},"modified":"2024-01-16T00:47:53","modified_gmt":"2024-01-15T23:47:53","slug":"gala-7-de-operacion-triunfo-violeta-se-despide-y-bea-y-cris-enfrentan-la-nominacion","status":"publish","type":"post","link":"https:\/\/unaymilletras.com\/en\/gala-7-de-operacion-triunfo-violeta-se-despide-y-bea-y-cris-enfrentan-la-nominacion\/","title":{"rendered":"Gala 7 de Operaci\u00f3n Triunfo: Violeta se despide y Bea y Cris enfrentan la nominaci\u00f3n"},"content":{"rendered":"<div data-elementor-type=\"wp-post\" data-elementor-id=\"1891\" class=\"elementor elementor-1891\">\n\t\t\t\t\t\t<section class=\"elementor-section elementor-top-section elementor-element elementor-element-c20a509 elementor-section-boxed elementor-section-height-default elementor-section-height-default\" data-id=\"c20a509\" data-element_type=\"section\" data-e-type=\"section\">\n\t\t\t\t\t\t<div class=\"elementor-container elementor-column-gap-default\">\n\t\t\t\t\t<div class=\"elementor-column elementor-col-100 elementor-top-column elementor-element elementor-element-3151be7\" data-id=\"3151be7\" data-element_type=\"column\" data-e-type=\"column\">\n\t\t\t<div class=\"elementor-widget-wrap elementor-element-populated\">\n\t\t\t\t\t\t<div class=\"elementor-element elementor-element-30c4ae1 elementor-widget elementor-widget-text-editor\" data-id=\"30c4ae1\" data-element_type=\"widget\" data-e-type=\"widget\" data-widget_type=\"text-editor.default\">\n\t\t\t\t<div class=\"elementor-widget-container\">\n\t\t\t\t\t\t\t\t\t<h2 style=\"text-align: center;\"><span style=\"color: #808080;\">Rozal\u00e9n se une al jurado en una noche de emociones en Operaci\u00f3n Triunfo con la actuaci\u00f3n de Chanel\u00a0<\/span><\/h2>\t\t\t\t\t\t\t\t<\/div>\n\t\t\t\t<\/div>\n\t\t\t\t\t<\/div>\n\t\t<\/div>\n\t\t\t\t\t<\/div>\n\t\t<\/section>\n\t\t\t\t<section class=\"elementor-section elementor-top-section elementor-element elementor-element-15e52cf elementor-section-boxed elementor-section-height-default elementor-section-height-default\" data-id=\"15e52cf\" data-element_type=\"section\" data-e-type=\"section\">\n\t\t\t\t\t\t<div class=\"elementor-container elementor-column-gap-default\">\n\t\t\t\t\t<div class=\"elementor-column elementor-col-100 elementor-top-column elementor-element elementor-element-107785e\" data-id=\"107785e\" data-element_type=\"column\" data-e-type=\"column\">\n\t\t\t<div class=\"elementor-widget-wrap elementor-element-populated\">\n\t\t\t\t\t\t<div class=\"elementor-element elementor-element-e0d4d90 elementor-widget elementor-widget-text-editor\" data-id=\"e0d4d90\" data-element_type=\"widget\" data-e-type=\"widget\" data-widget_type=\"text-editor.default\">\n\t\t\t\t<div class=\"elementor-widget-container\">\n\t\t\t\t\t\t\t\t\t<p>La gala 7 de Operaci\u00f3n Triunfo ha estado marcada por la despedida de Violeta y la nominaci\u00f3n de Bea y Cris. Una dura despedida entre dos de las concursantes que m\u00e1s unidas estaban y unas valoraciones por parte del jurado cada vez m\u00e1s complicadas.\u00a0<\/p>\t\t\t\t\t\t\t\t<\/div>\n\t\t\t\t<\/div>\n\t\t\t\t\t<\/div>\n\t\t<\/div>\n\t\t\t\t\t<\/div>\n\t\t<\/section>\n\t\t\t\t<section class=\"elementor-section elementor-top-section elementor-element elementor-element-d1edcc8 elementor-section-boxed elementor-section-height-default elementor-section-height-default\" data-id=\"d1edcc8\" data-element_type=\"section\" data-e-type=\"section\">\n\t\t\t\t\t\t<div class=\"elementor-container elementor-column-gap-default\">\n\t\t\t\t\t<div class=\"elementor-column elementor-col-100 elementor-top-column elementor-element elementor-element-686037f\" data-id=\"686037f\" data-element_type=\"column\" data-e-type=\"column\">\n\t\t\t<div class=\"elementor-widget-wrap elementor-element-populated\">\n\t\t\t\t\t\t<div class=\"elementor-element elementor-element-918a007 elementor-widget elementor-widget-image\" data-id=\"918a007\" data-element_type=\"widget\" data-e-type=\"widget\" data-widget_type=\"image.default\">\n\t\t\t\t<div class=\"elementor-widget-container\">\n\t\t\t\t\t\t\t\t\t\t\t\t\t\t\t<img fetchpriority=\"high\" decoding=\"async\" width=\"640\" height=\"427\" src=\"https:\/\/unaymilletras.com\/wp-content\/uploads\/2024\/01\/Operacion_Triunfo_Gala_7_Expulsada_Violeta_3_3000-1024x683.jpg\" class=\"attachment-large size-large wp-image-1894\" alt=\"Operaci\u00f3n Triunfo\" srcset=\"https:\/\/unaymilletras.com\/wp-content\/uploads\/2024\/01\/Operacion_Triunfo_Gala_7_Expulsada_Violeta_3_3000-1024x683.jpg 1024w, https:\/\/unaymilletras.com\/wp-content\/uploads\/2024\/01\/Operacion_Triunfo_Gala_7_Expulsada_Violeta_3_3000-300x200.jpg 300w, https:\/\/unaymilletras.com\/wp-content\/uploads\/2024\/01\/Operacion_Triunfo_Gala_7_Expulsada_Violeta_3_3000-768x512.jpg 768w, https:\/\/unaymilletras.com\/wp-content\/uploads\/2024\/01\/Operacion_Triunfo_Gala_7_Expulsada_Violeta_3_3000-1536x1024.jpg 1536w, https:\/\/unaymilletras.com\/wp-content\/uploads\/2024\/01\/Operacion_Triunfo_Gala_7_Expulsada_Violeta_3_3000-2048x1365.jpg 2048w, https:\/\/unaymilletras.com\/wp-content\/uploads\/2024\/01\/Operacion_Triunfo_Gala_7_Expulsada_Violeta_3_3000-scaled-e1705361879182.jpg 600w\" sizes=\"(max-width: 640px) 100vw, 640px\" \/>\t\t\t\t\t\t\t\t\t\t\t\t\t\t\t<\/div>\n\t\t\t\t<\/div>\n\t\t\t\t\t<\/div>\n\t\t<\/div>\n\t\t\t\t\t<\/div>\n\t\t<\/section>\n\t\t\t\t<section class=\"elementor-section elementor-top-section elementor-element elementor-element-8526e91 elementor-section-boxed elementor-section-height-default elementor-section-height-default\" data-id=\"8526e91\" data-element_type=\"section\" data-e-type=\"section\">\n\t\t\t\t\t\t<div class=\"elementor-container elementor-column-gap-default\">\n\t\t\t\t\t<div class=\"elementor-column elementor-col-100 elementor-top-column elementor-element elementor-element-e87850e\" data-id=\"e87850e\" data-element_type=\"column\" data-e-type=\"column\">\n\t\t\t<div class=\"elementor-widget-wrap elementor-element-populated\">\n\t\t\t\t\t\t<div class=\"elementor-element elementor-element-dfff70f elementor-widget elementor-widget-text-editor\" data-id=\"dfff70f\" data-element_type=\"widget\" data-e-type=\"widget\" data-widget_type=\"text-editor.default\">\n\t\t\t\t<div class=\"elementor-widget-container\">\n\t\t\t\t\t\t\t\t\t<p>La noche empez\u00f3 con la canci\u00f3n grupal,<em> Just Can&#8217;t Get Enough<\/em>, protagonizada por todos los concursantes. Chiara y Violeta fueron las primeras en actuar, seguidas de sus compa\u00f1eros. Unos explosivos Paul y Ruslana se comieron el escenario sin dejar indiferente a nadie y conquistando tanto al p\u00fablico como al jurado. Por su parte, Juanjo continu\u00f3 luciendo su gran voz.\u00a0<\/p><p>Nahiara y Bea inundaron el plat\u00f3 de rosa, \u00c1lvaro deslumbr\u00f3 en su primera actuaci\u00f3n como solista. Martin nos llev\u00f3 a las estrellas y Cris y Lucas interpretaron un energ\u00e9tico\u00a0<em>Todo de ti<\/em>.\u00a0<\/p>\t\t\t\t\t\t\t\t<\/div>\n\t\t\t\t<\/div>\n\t\t\t\t\t<\/div>\n\t\t<\/div>\n\t\t\t\t\t<\/div>\n\t\t<\/section>\n\t\t\t\t<section class=\"elementor-section elementor-top-section elementor-element elementor-element-fe86ec7 elementor-section-boxed elementor-section-height-default elementor-section-height-default\" data-id=\"fe86ec7\" data-element_type=\"section\" data-e-type=\"section\">\n\t\t\t\t\t\t<div class=\"elementor-container elementor-column-gap-default\">\n\t\t\t\t\t<div class=\"elementor-column elementor-col-50 elementor-top-column elementor-element elementor-element-129bd94\" data-id=\"129bd94\" data-element_type=\"column\" data-e-type=\"column\">\n\t\t\t<div class=\"elementor-widget-wrap elementor-element-populated\">\n\t\t\t\t\t\t<div class=\"elementor-element elementor-element-4af813d elementor-widget elementor-widget-image\" data-id=\"4af813d\" data-element_type=\"widget\" data-e-type=\"widget\" data-widget_type=\"image.default\">\n\t\t\t\t<div class=\"elementor-widget-container\">\n\t\t\t\t\t\t\t\t\t\t\t\t\t\t\t<img decoding=\"async\" width=\"640\" height=\"427\" src=\"https:\/\/unaymilletras.com\/wp-content\/uploads\/2024\/01\/Operacion_Triunfo_Gala_7_Alvaro_1_3000-1024x683.jpg\" class=\"attachment-large size-large wp-image-1896\" alt=\"\" srcset=\"https:\/\/unaymilletras.com\/wp-content\/uploads\/2024\/01\/Operacion_Triunfo_Gala_7_Alvaro_1_3000-1024x683.jpg 1024w, https:\/\/unaymilletras.com\/wp-content\/uploads\/2024\/01\/Operacion_Triunfo_Gala_7_Alvaro_1_3000-300x200.jpg 300w, https:\/\/unaymilletras.com\/wp-content\/uploads\/2024\/01\/Operacion_Triunfo_Gala_7_Alvaro_1_3000-768x512.jpg 768w, https:\/\/unaymilletras.com\/wp-content\/uploads\/2024\/01\/Operacion_Triunfo_Gala_7_Alvaro_1_3000-1536x1024.jpg 1536w, https:\/\/unaymilletras.com\/wp-content\/uploads\/2024\/01\/Operacion_Triunfo_Gala_7_Alvaro_1_3000-2048x1365.jpg 2048w\" sizes=\"(max-width: 640px) 100vw, 640px\" \/>\t\t\t\t\t\t\t\t\t\t\t\t\t\t\t<\/div>\n\t\t\t\t<\/div>\n\t\t\t\t\t<\/div>\n\t\t<\/div>\n\t\t\t\t<div class=\"elementor-column elementor-col-50 elementor-top-column elementor-element elementor-element-69ca570\" data-id=\"69ca570\" data-element_type=\"column\" data-e-type=\"column\">\n\t\t\t<div class=\"elementor-widget-wrap elementor-element-populated\">\n\t\t\t\t\t\t<div class=\"elementor-element elementor-element-7dc55f6 elementor-widget elementor-widget-image\" data-id=\"7dc55f6\" data-element_type=\"widget\" data-e-type=\"widget\" data-widget_type=\"image.default\">\n\t\t\t\t<div class=\"elementor-widget-container\">\n\t\t\t\t\t\t\t\t\t\t\t\t\t\t\t<img decoding=\"async\" width=\"640\" height=\"427\" src=\"https:\/\/unaymilletras.com\/wp-content\/uploads\/2024\/01\/Operacion_Triunfo_Gala_7_Cris_y_Lucas_1_3000-1024x683.jpg\" class=\"attachment-large size-large wp-image-1895\" alt=\"\" srcset=\"https:\/\/unaymilletras.com\/wp-content\/uploads\/2024\/01\/Operacion_Triunfo_Gala_7_Cris_y_Lucas_1_3000-1024x683.jpg 1024w, https:\/\/unaymilletras.com\/wp-content\/uploads\/2024\/01\/Operacion_Triunfo_Gala_7_Cris_y_Lucas_1_3000-300x200.jpg 300w, https:\/\/unaymilletras.com\/wp-content\/uploads\/2024\/01\/Operacion_Triunfo_Gala_7_Cris_y_Lucas_1_3000-768x512.jpg 768w, https:\/\/unaymilletras.com\/wp-content\/uploads\/2024\/01\/Operacion_Triunfo_Gala_7_Cris_y_Lucas_1_3000-1536x1024.jpg 1536w, https:\/\/unaymilletras.com\/wp-content\/uploads\/2024\/01\/Operacion_Triunfo_Gala_7_Cris_y_Lucas_1_3000-2048x1365.jpg 2048w\" sizes=\"(max-width: 640px) 100vw, 640px\" \/>\t\t\t\t\t\t\t\t\t\t\t\t\t\t\t<\/div>\n\t\t\t\t<\/div>\n\t\t\t\t\t<\/div>\n\t\t<\/div>\n\t\t\t\t\t<\/div>\n\t\t<\/section>\n\t\t\t\t<section class=\"elementor-section elementor-top-section elementor-element elementor-element-d8d456f elementor-section-boxed elementor-section-height-default elementor-section-height-default\" data-id=\"d8d456f\" data-element_type=\"section\" data-e-type=\"section\">\n\t\t\t\t\t\t<div class=\"elementor-container elementor-column-gap-default\">\n\t\t\t\t\t<div class=\"elementor-column elementor-col-100 elementor-top-column elementor-element elementor-element-383b94c\" data-id=\"383b94c\" data-element_type=\"column\" data-e-type=\"column\">\n\t\t\t<div class=\"elementor-widget-wrap elementor-element-populated\">\n\t\t\t\t\t\t<div class=\"elementor-element elementor-element-f131308 elementor-widget elementor-widget-text-editor\" data-id=\"f131308\" data-element_type=\"widget\" data-e-type=\"widget\" data-widget_type=\"text-editor.default\">\n\t\t\t\t<div class=\"elementor-widget-container\">\n\t\t\t\t\t\t\t\t\t<p><span style=\"color: #808080;\">Tras terminar las actuaciones se cerraron votos para dar paso al momento m\u00e1s triste de la noche. Chiara obtuvo un 59,5%, asegurando su permanencia en el concurso y dejando fuera a Violeta.<\/span><\/p><p><span style=\"color: #808080;\">Asimismo, Chanel ilumin\u00f3 el escenario como invitada especial con su interpretaci\u00f3n de <em><a style=\"color: #808080;\" href=\"https:\/\/open.spotify.com\/intl-es\/album\/5MT5DsMcBEYyWbZGdSTUPE?si=ZcWbOOR1TomupL34sxMjOw\">Agua<\/a><\/em>. Juanjo se destac\u00f3 como el N\u00f3mada Favorito, con un s\u00f3lido 33,6% de los votos de la audiencia. Acto seguido, el jurado, con Rozal\u00e9n como integrante, nomin\u00f3 a Martin, Cris, Lucas y Bea. La tensi\u00f3n se mantuvo hasta el final con la salvaci\u00f3n de Lucas por los profesores y Martin por sus compa\u00f1eros, colocando a Bea y Cris como los nominados definitivos de la <a style=\"color: #808080;\" href=\"https:\/\/unaymilletras.com\/en\/gala-4-de-operacion-triunfo-emociones-expulsiones-y-nuevas-nominaciones\/\">Gala 7<\/a>.<\/span><\/p>\t\t\t\t\t\t\t\t<\/div>\n\t\t\t\t<\/div>\n\t\t\t\t\t<\/div>\n\t\t<\/div>\n\t\t\t\t\t<\/div>\n\t\t<\/section>\n\t\t\t\t<\/div>","protected":false},"excerpt":{"rendered":"<p>Rozal\u00e9n se une al jurado en una noche de emociones en Operaci\u00f3n Triunfo con la actuaci\u00f3n de Chanel\u00a0 La gala 7 de Operaci\u00f3n Triunfo ha estado marcada por la despedida de Violeta y la nominaci\u00f3n de Bea y Cris. Una dura despedida entre dos de las concursantes que m\u00e1s unidas estaban y unas valoraciones por [&hellip;]<\/p>\n","protected":false},"author":1,"featured_media":1895,"comment_status":"open","ping_status":"open","sticky":false,"template":"","format":"standard","meta":{"footnotes":""},"categories":[4],"tags":[],"class_list":["post-1891","post","type-post","status-publish","format-standard","has-post-thumbnail","hentry","category-musica"],"yoast_head":"<!-- This site is optimized with the Yoast SEO plugin v27.4 - https:\/\/yoast.com\/product\/yoast-seo-wordpress\/ -->\n<title>Gala 7 de Operaci\u00f3n Triunfo: Violeta se despide y Bea y Cris enfrentan la nominaci\u00f3n<\/title>\n<meta name=\"description\" content=\"Rozal\u00e9n se une al jurado en Operaci\u00f3n Triunfo y la actuaci\u00f3n de &quot;Agua&quot; una de las canciones del nuevo disco de Chanel\" \/>\n<meta name=\"robots\" content=\"index, follow, max-snippet:-1, max-image-preview:large, max-video-preview:-1\" \/>\n<link rel=\"canonical\" href=\"https:\/\/unaymilletras.com\/en\/gala-7-de-operacion-triunfo-violeta-se-despide-y-bea-y-cris-enfrentan-la-nominacion\/\" \/>\n<meta property=\"og:locale\" content=\"en_GB\" \/>\n<meta property=\"og:type\" content=\"article\" \/>\n<meta property=\"og:title\" content=\"Gala 7 de Operaci\u00f3n Triunfo: Violeta se despide y Bea y Cris enfrentan la nominaci\u00f3n\" \/>\n<meta property=\"og:description\" content=\"Rozal\u00e9n se une al jurado en Operaci\u00f3n Triunfo y la actuaci\u00f3n de &quot;Agua&quot; una de las canciones del nuevo disco de Chanel\" \/>\n<meta property=\"og:url\" content=\"https:\/\/unaymilletras.com\/en\/gala-7-de-operacion-triunfo-violeta-se-despide-y-bea-y-cris-enfrentan-la-nominacion\/\" \/>\n<meta property=\"og:site_name\" content=\"Una y Mil Letras\" \/>\n<meta property=\"article:published_time\" content=\"2024-01-15T23:34:56+00:00\" \/>\n<meta property=\"article:modified_time\" content=\"2024-01-15T23:47:53+00:00\" \/>\n<meta property=\"og:image\" content=\"http:\/\/unaymilletras.com\/wp-content\/uploads\/2024\/01\/Operacion_Triunfo_Gala_7_Cris_y_Lucas_1_3000-scaled.jpg\" \/>\n\t<meta property=\"og:image:width\" content=\"2560\" \/>\n\t<meta property=\"og:image:height\" content=\"1707\" \/>\n\t<meta property=\"og:image:type\" content=\"image\/jpeg\" \/>\n<meta name=\"author\" content=\"Maria Gil Robledo\" \/>\n<meta name=\"twitter:card\" content=\"summary_large_image\" \/>\n<meta name=\"twitter:creator\" content=\"@UnaYMilLetras\" \/>\n<meta name=\"twitter:site\" content=\"@UnaYMilLetras\" \/>\n<meta name=\"twitter:label1\" content=\"Written by\" \/>\n\t<meta name=\"twitter:data1\" content=\"Maria Gil Robledo\" \/>\n\t<meta name=\"twitter:label2\" content=\"Estimated reading time\" \/>\n\t<meta name=\"twitter:data2\" content=\"2 minutes\" \/>\n<script type=\"application\/ld+json\" class=\"yoast-schema-graph\">{\"@context\":\"https:\\\/\\\/schema.org\",\"@graph\":[{\"@type\":\"Article\",\"@id\":\"https:\\\/\\\/unaymilletras.com\\\/gala-7-de-operacion-triunfo-violeta-se-despide-y-bea-y-cris-enfrentan-la-nominacion\\\/#article\",\"isPartOf\":{\"@id\":\"https:\\\/\\\/unaymilletras.com\\\/gala-7-de-operacion-triunfo-violeta-se-despide-y-bea-y-cris-enfrentan-la-nominacion\\\/\"},\"author\":{\"name\":\"Maria Gil Robledo\",\"@id\":\"http:\\\/\\\/unaymilletras.com\\\/#\\\/schema\\\/person\\\/d55ba681b8a4e463d8982dbe36a5dc94\"},\"headline\":\"Gala 7 de Operaci\u00f3n Triunfo: Violeta se despide y Bea y Cris enfrentan la nominaci\u00f3n\",\"datePublished\":\"2024-01-15T23:34:56+00:00\",\"dateModified\":\"2024-01-15T23:47:53+00:00\",\"mainEntityOfPage\":{\"@id\":\"https:\\\/\\\/unaymilletras.com\\\/gala-7-de-operacion-triunfo-violeta-se-despide-y-bea-y-cris-enfrentan-la-nominacion\\\/\"},\"wordCount\":296,\"commentCount\":0,\"publisher\":{\"@id\":\"http:\\\/\\\/unaymilletras.com\\\/#organization\"},\"image\":{\"@id\":\"https:\\\/\\\/unaymilletras.com\\\/gala-7-de-operacion-triunfo-violeta-se-despide-y-bea-y-cris-enfrentan-la-nominacion\\\/#primaryimage\"},\"thumbnailUrl\":\"https:\\\/\\\/unaymilletras.com\\\/wp-content\\\/uploads\\\/2024\\\/01\\\/Operacion_Triunfo_Gala_7_Cris_y_Lucas_1_3000-scaled.jpg\",\"articleSection\":[\"M\u00fasica\"],\"inLanguage\":\"en-GB\",\"potentialAction\":[{\"@type\":\"CommentAction\",\"name\":\"Comment\",\"target\":[\"https:\\\/\\\/unaymilletras.com\\\/gala-7-de-operacion-triunfo-violeta-se-despide-y-bea-y-cris-enfrentan-la-nominacion\\\/#respond\"]}]},{\"@type\":\"WebPage\",\"@id\":\"https:\\\/\\\/unaymilletras.com\\\/gala-7-de-operacion-triunfo-violeta-se-despide-y-bea-y-cris-enfrentan-la-nominacion\\\/\",\"url\":\"https:\\\/\\\/unaymilletras.com\\\/gala-7-de-operacion-triunfo-violeta-se-despide-y-bea-y-cris-enfrentan-la-nominacion\\\/\",\"name\":\"Gala 7 de Operaci\u00f3n Triunfo: Violeta se despide y Bea y Cris enfrentan la nominaci\u00f3n\",\"isPartOf\":{\"@id\":\"http:\\\/\\\/unaymilletras.com\\\/#website\"},\"primaryImageOfPage\":{\"@id\":\"https:\\\/\\\/unaymilletras.com\\\/gala-7-de-operacion-triunfo-violeta-se-despide-y-bea-y-cris-enfrentan-la-nominacion\\\/#primaryimage\"},\"image\":{\"@id\":\"https:\\\/\\\/unaymilletras.com\\\/gala-7-de-operacion-triunfo-violeta-se-despide-y-bea-y-cris-enfrentan-la-nominacion\\\/#primaryimage\"},\"thumbnailUrl\":\"https:\\\/\\\/unaymilletras.com\\\/wp-content\\\/uploads\\\/2024\\\/01\\\/Operacion_Triunfo_Gala_7_Cris_y_Lucas_1_3000-scaled.jpg\",\"datePublished\":\"2024-01-15T23:34:56+00:00\",\"dateModified\":\"2024-01-15T23:47:53+00:00\",\"description\":\"Rozal\u00e9n se une al jurado en Operaci\u00f3n Triunfo y la actuaci\u00f3n de \\\"Agua\\\" una de las canciones del nuevo disco de Chanel\",\"breadcrumb\":{\"@id\":\"https:\\\/\\\/unaymilletras.com\\\/gala-7-de-operacion-triunfo-violeta-se-despide-y-bea-y-cris-enfrentan-la-nominacion\\\/#breadcrumb\"},\"inLanguage\":\"en-GB\",\"potentialAction\":[{\"@type\":\"ReadAction\",\"target\":[\"https:\\\/\\\/unaymilletras.com\\\/gala-7-de-operacion-triunfo-violeta-se-despide-y-bea-y-cris-enfrentan-la-nominacion\\\/\"]}]},{\"@type\":\"ImageObject\",\"inLanguage\":\"en-GB\",\"@id\":\"https:\\\/\\\/unaymilletras.com\\\/gala-7-de-operacion-triunfo-violeta-se-despide-y-bea-y-cris-enfrentan-la-nominacion\\\/#primaryimage\",\"url\":\"https:\\\/\\\/unaymilletras.com\\\/wp-content\\\/uploads\\\/2024\\\/01\\\/Operacion_Triunfo_Gala_7_Cris_y_Lucas_1_3000-scaled.jpg\",\"contentUrl\":\"https:\\\/\\\/unaymilletras.com\\\/wp-content\\\/uploads\\\/2024\\\/01\\\/Operacion_Triunfo_Gala_7_Cris_y_Lucas_1_3000-scaled.jpg\",\"width\":2560,\"height\":1707},{\"@type\":\"BreadcrumbList\",\"@id\":\"https:\\\/\\\/unaymilletras.com\\\/gala-7-de-operacion-triunfo-violeta-se-despide-y-bea-y-cris-enfrentan-la-nominacion\\\/#breadcrumb\",\"itemListElement\":[{\"@type\":\"ListItem\",\"position\":1,\"name\":\"Home\",\"item\":\"http:\\\/\\\/unaymilletras.com\\\/\"},{\"@type\":\"ListItem\",\"position\":2,\"name\":\"Gala 7 de Operaci\u00f3n Triunfo: Violeta se despide y Bea y Cris enfrentan la nominaci\u00f3n\"}]},{\"@type\":\"WebSite\",\"@id\":\"http:\\\/\\\/unaymilletras.com\\\/#website\",\"url\":\"http:\\\/\\\/unaymilletras.com\\\/\",\"name\":\"Una y Mil Letras\",\"description\":\"\",\"publisher\":{\"@id\":\"http:\\\/\\\/unaymilletras.com\\\/#organization\"},\"potentialAction\":[{\"@type\":\"SearchAction\",\"target\":{\"@type\":\"EntryPoint\",\"urlTemplate\":\"http:\\\/\\\/unaymilletras.com\\\/?s={search_term_string}\"},\"query-input\":{\"@type\":\"PropertyValueSpecification\",\"valueRequired\":true,\"valueName\":\"search_term_string\"}}],\"inLanguage\":\"en-GB\"},{\"@type\":\"Organization\",\"@id\":\"http:\\\/\\\/unaymilletras.com\\\/#organization\",\"name\":\"Una y Mil Letras\",\"url\":\"http:\\\/\\\/unaymilletras.com\\\/\",\"logo\":{\"@type\":\"ImageObject\",\"inLanguage\":\"en-GB\",\"@id\":\"http:\\\/\\\/unaymilletras.com\\\/#\\\/schema\\\/logo\\\/image\\\/\",\"url\":\"https:\\\/\\\/unaymilletras.com\\\/wp-content\\\/uploads\\\/2024\\\/06\\\/cropped-Logo-removebg-preview.png\",\"contentUrl\":\"https:\\\/\\\/unaymilletras.com\\\/wp-content\\\/uploads\\\/2024\\\/06\\\/cropped-Logo-removebg-preview.png\",\"width\":512,\"height\":512,\"caption\":\"Una y Mil Letras\"},\"image\":{\"@id\":\"http:\\\/\\\/unaymilletras.com\\\/#\\\/schema\\\/logo\\\/image\\\/\"},\"sameAs\":[\"https:\\\/\\\/x.com\\\/UnaYMilLetras\",\"https:\\\/\\\/instagram.com\\\/UnaYMilLetras\"]},{\"@type\":\"Person\",\"@id\":\"http:\\\/\\\/unaymilletras.com\\\/#\\\/schema\\\/person\\\/d55ba681b8a4e463d8982dbe36a5dc94\",\"name\":\"Maria Gil Robledo\",\"image\":{\"@type\":\"ImageObject\",\"inLanguage\":\"en-GB\",\"@id\":\"https:\\\/\\\/secure.gravatar.com\\\/avatar\\\/4b8e5102e0015789407eb4870b12f0f2857952d83ca124058f92b764bd1840c3?s=96&d=mm&r=g\",\"url\":\"https:\\\/\\\/secure.gravatar.com\\\/avatar\\\/4b8e5102e0015789407eb4870b12f0f2857952d83ca124058f92b764bd1840c3?s=96&d=mm&r=g\",\"contentUrl\":\"https:\\\/\\\/secure.gravatar.com\\\/avatar\\\/4b8e5102e0015789407eb4870b12f0f2857952d83ca124058f92b764bd1840c3?s=96&d=mm&r=g\",\"caption\":\"Maria Gil Robledo\"},\"sameAs\":[\"http:\\\/\\\/unaymilletras.com\"],\"url\":\"https:\\\/\\\/unaymilletras.com\\\/en\\\/author\\\/mariiagiil02_\\\/\"}]}<\/script>\n<!-- \/ Yoast SEO plugin. -->","yoast_head_json":{"title":"Gala 7 de Operaci\u00f3n Triunfo: Violeta se despide y Bea y Cris enfrentan la nominaci\u00f3n","description":"Rozal\u00e9n se une al jurado en Operaci\u00f3n Triunfo y la actuaci\u00f3n de \"Agua\" una de las canciones del nuevo disco de Chanel","robots":{"index":"index","follow":"follow","max-snippet":"max-snippet:-1","max-image-preview":"max-image-preview:large","max-video-preview":"max-video-preview:-1"},"canonical":"https:\/\/unaymilletras.com\/en\/gala-7-de-operacion-triunfo-violeta-se-despide-y-bea-y-cris-enfrentan-la-nominacion\/","og_locale":"en_GB","og_type":"article","og_title":"Gala 7 de Operaci\u00f3n Triunfo: Violeta se despide y Bea y Cris enfrentan la nominaci\u00f3n","og_description":"Rozal\u00e9n se une al jurado en Operaci\u00f3n Triunfo y la actuaci\u00f3n de \"Agua\" una de las canciones del nuevo disco de Chanel","og_url":"https:\/\/unaymilletras.com\/en\/gala-7-de-operacion-triunfo-violeta-se-despide-y-bea-y-cris-enfrentan-la-nominacion\/","og_site_name":"Una y Mil Letras","article_published_time":"2024-01-15T23:34:56+00:00","article_modified_time":"2024-01-15T23:47:53+00:00","og_image":[{"width":2560,"height":1707,"url":"http:\/\/unaymilletras.com\/wp-content\/uploads\/2024\/01\/Operacion_Triunfo_Gala_7_Cris_y_Lucas_1_3000-scaled.jpg","type":"image\/jpeg"}],"author":"Maria Gil Robledo","twitter_card":"summary_large_image","twitter_creator":"@UnaYMilLetras","twitter_site":"@UnaYMilLetras","twitter_misc":{"Written by":"Maria Gil Robledo","Estimated reading time":"2 minutes"},"schema":{"@context":"https:\/\/schema.org","@graph":[{"@type":"Article","@id":"https:\/\/unaymilletras.com\/gala-7-de-operacion-triunfo-violeta-se-despide-y-bea-y-cris-enfrentan-la-nominacion\/#article","isPartOf":{"@id":"https:\/\/unaymilletras.com\/gala-7-de-operacion-triunfo-violeta-se-despide-y-bea-y-cris-enfrentan-la-nominacion\/"},"author":{"name":"Maria Gil Robledo","@id":"http:\/\/unaymilletras.com\/#\/schema\/person\/d55ba681b8a4e463d8982dbe36a5dc94"},"headline":"Gala 7 de Operaci\u00f3n Triunfo: Violeta se despide y Bea y Cris enfrentan la nominaci\u00f3n","datePublished":"2024-01-15T23:34:56+00:00","dateModified":"2024-01-15T23:47:53+00:00","mainEntityOfPage":{"@id":"https:\/\/unaymilletras.com\/gala-7-de-operacion-triunfo-violeta-se-despide-y-bea-y-cris-enfrentan-la-nominacion\/"},"wordCount":296,"commentCount":0,"publisher":{"@id":"http:\/\/unaymilletras.com\/#organization"},"image":{"@id":"https:\/\/unaymilletras.com\/gala-7-de-operacion-triunfo-violeta-se-despide-y-bea-y-cris-enfrentan-la-nominacion\/#primaryimage"},"thumbnailUrl":"https:\/\/unaymilletras.com\/wp-content\/uploads\/2024\/01\/Operacion_Triunfo_Gala_7_Cris_y_Lucas_1_3000-scaled.jpg","articleSection":["M\u00fasica"],"inLanguage":"en-GB","potentialAction":[{"@type":"CommentAction","name":"Comment","target":["https:\/\/unaymilletras.com\/gala-7-de-operacion-triunfo-violeta-se-despide-y-bea-y-cris-enfrentan-la-nominacion\/#respond"]}]},{"@type":"WebPage","@id":"https:\/\/unaymilletras.com\/gala-7-de-operacion-triunfo-violeta-se-despide-y-bea-y-cris-enfrentan-la-nominacion\/","url":"https:\/\/unaymilletras.com\/gala-7-de-operacion-triunfo-violeta-se-despide-y-bea-y-cris-enfrentan-la-nominacion\/","name":"Gala 7 de Operaci\u00f3n Triunfo: Violeta se despide y Bea y Cris enfrentan la nominaci\u00f3n","isPartOf":{"@id":"http:\/\/unaymilletras.com\/#website"},"primaryImageOfPage":{"@id":"https:\/\/unaymilletras.com\/gala-7-de-operacion-triunfo-violeta-se-despide-y-bea-y-cris-enfrentan-la-nominacion\/#primaryimage"},"image":{"@id":"https:\/\/unaymilletras.com\/gala-7-de-operacion-triunfo-violeta-se-despide-y-bea-y-cris-enfrentan-la-nominacion\/#primaryimage"},"thumbnailUrl":"https:\/\/unaymilletras.com\/wp-content\/uploads\/2024\/01\/Operacion_Triunfo_Gala_7_Cris_y_Lucas_1_3000-scaled.jpg","datePublished":"2024-01-15T23:34:56+00:00","dateModified":"2024-01-15T23:47:53+00:00","description":"Rozal\u00e9n se une al jurado en Operaci\u00f3n Triunfo y la actuaci\u00f3n de \"Agua\" una de las canciones del nuevo disco de Chanel","breadcrumb":{"@id":"https:\/\/unaymilletras.com\/gala-7-de-operacion-triunfo-violeta-se-despide-y-bea-y-cris-enfrentan-la-nominacion\/#breadcrumb"},"inLanguage":"en-GB","potentialAction":[{"@type":"ReadAction","target":["https:\/\/unaymilletras.com\/gala-7-de-operacion-triunfo-violeta-se-despide-y-bea-y-cris-enfrentan-la-nominacion\/"]}]},{"@type":"ImageObject","inLanguage":"en-GB","@id":"https:\/\/unaymilletras.com\/gala-7-de-operacion-triunfo-violeta-se-despide-y-bea-y-cris-enfrentan-la-nominacion\/#primaryimage","url":"https:\/\/unaymilletras.com\/wp-content\/uploads\/2024\/01\/Operacion_Triunfo_Gala_7_Cris_y_Lucas_1_3000-scaled.jpg","contentUrl":"https:\/\/unaymilletras.com\/wp-content\/uploads\/2024\/01\/Operacion_Triunfo_Gala_7_Cris_y_Lucas_1_3000-scaled.jpg","width":2560,"height":1707},{"@type":"BreadcrumbList","@id":"https:\/\/unaymilletras.com\/gala-7-de-operacion-triunfo-violeta-se-despide-y-bea-y-cris-enfrentan-la-nominacion\/#breadcrumb","itemListElement":[{"@type":"ListItem","position":1,"name":"Home","item":"http:\/\/unaymilletras.com\/"},{"@type":"ListItem","position":2,"name":"Gala 7 de Operaci\u00f3n Triunfo: Violeta se despide y Bea y Cris enfrentan la nominaci\u00f3n"}]},{"@type":"WebSite","@id":"http:\/\/unaymilletras.com\/#website","url":"http:\/\/unaymilletras.com\/","name":"Una y Mil Letras","description":"","publisher":{"@id":"http:\/\/unaymilletras.com\/#organization"},"potentialAction":[{"@type":"SearchAction","target":{"@type":"EntryPoint","urlTemplate":"http:\/\/unaymilletras.com\/?s={search_term_string}"},"query-input":{"@type":"PropertyValueSpecification","valueRequired":true,"valueName":"search_term_string"}}],"inLanguage":"en-GB"},{"@type":"Organization","@id":"http:\/\/unaymilletras.com\/#organization","name":"Una y Mil Letras","url":"http:\/\/unaymilletras.com\/","logo":{"@type":"ImageObject","inLanguage":"en-GB","@id":"http:\/\/unaymilletras.com\/#\/schema\/logo\/image\/","url":"https:\/\/unaymilletras.com\/wp-content\/uploads\/2024\/06\/cropped-Logo-removebg-preview.png","contentUrl":"https:\/\/unaymilletras.com\/wp-content\/uploads\/2024\/06\/cropped-Logo-removebg-preview.png","width":512,"height":512,"caption":"Una y Mil Letras"},"image":{"@id":"http:\/\/unaymilletras.com\/#\/schema\/logo\/image\/"},"sameAs":["https:\/\/x.com\/UnaYMilLetras","https:\/\/instagram.com\/UnaYMilLetras"]},{"@type":"Person","@id":"http:\/\/unaymilletras.com\/#\/schema\/person\/d55ba681b8a4e463d8982dbe36a5dc94","name":"Maria Gil Robledo","image":{"@type":"ImageObject","inLanguage":"en-GB","@id":"https:\/\/secure.gravatar.com\/avatar\/4b8e5102e0015789407eb4870b12f0f2857952d83ca124058f92b764bd1840c3?s=96&d=mm&r=g","url":"https:\/\/secure.gravatar.com\/avatar\/4b8e5102e0015789407eb4870b12f0f2857952d83ca124058f92b764bd1840c3?s=96&d=mm&r=g","contentUrl":"https:\/\/secure.gravatar.com\/avatar\/4b8e5102e0015789407eb4870b12f0f2857952d83ca124058f92b764bd1840c3?s=96&d=mm&r=g","caption":"Maria Gil Robledo"},"sameAs":["http:\/\/unaymilletras.com"],"url":"https:\/\/unaymilletras.com\/en\/author\/mariiagiil02_\/"}]}},"_links":{"self":[{"href":"https:\/\/unaymilletras.com\/en\/wp-json\/wp\/v2\/posts\/1891","targetHints":{"allow":["GET"]}}],"collection":[{"href":"https:\/\/unaymilletras.com\/en\/wp-json\/wp\/v2\/posts"}],"about":[{"href":"https:\/\/unaymilletras.com\/en\/wp-json\/wp\/v2\/types\/post"}],"author":[{"embeddable":true,"href":"https:\/\/unaymilletras.com\/en\/wp-json\/wp\/v2\/users\/1"}],"replies":[{"embeddable":true,"href":"https:\/\/unaymilletras.com\/en\/wp-json\/wp\/v2\/comments?post=1891"}],"version-history":[{"count":5,"href":"https:\/\/unaymilletras.com\/en\/wp-json\/wp\/v2\/posts\/1891\/revisions"}],"predecessor-version":[{"id":1899,"href":"https:\/\/unaymilletras.com\/en\/wp-json\/wp\/v2\/posts\/1891\/revisions\/1899"}],"wp:featuredmedia":[{"embeddable":true,"href":"https:\/\/unaymilletras.com\/en\/wp-json\/wp\/v2\/media\/1895"}],"wp:attachment":[{"href":"https:\/\/unaymilletras.com\/en\/wp-json\/wp\/v2\/media?parent=1891"}],"wp:term":[{"taxonomy":"category","embeddable":true,"href":"https:\/\/unaymilletras.com\/en\/wp-json\/wp\/v2\/categories?post=1891"},{"taxonomy":"post_tag","embeddable":true,"href":"https:\/\/unaymilletras.com\/en\/wp-json\/wp\/v2\/tags?post=1891"}],"curies":[{"name":"wp","href":"https:\/\/api.w.org\/{rel}","templated":true}]}}